{"id":510771,"date":"2023-02-01T08:31:43","date_gmt":"2023-02-01T07:31:43","guid":{"rendered":"https:\/\/www.capgemini.com\/se-en\/?post_type=press-release&#038;p=510771"},"modified":"2025-03-13T10:43:33","modified_gmt":"2025-03-13T09:43:33","slug":"svensk-offentlig-sektor-samst-i-norden-pa-att-dela-oppna-data","status":"publish","type":"press-release","link":"https:\/\/www.capgemini.com\/se-en\/news\/press-releases\/svensk-offentlig-sektor-samst-i-norden-pa-att-dela-oppna-data\/","title":{"rendered":"Svensk offentlig sektor s\u00e4mst i Norden p\u00e5 att dela \u00f6ppna data"},"content":{"rendered":"\t\t<div class=\"wp-block-cg-blocks-hero-press-release\">\n\t\t\t<header class=\"header-hero-press-release\" role=\"main\" id=\"main-content-press-release\">\n\t\t\t\t<div class=\"container\">\n\t\t\t\t\t<div class=\"hero-press-release\">\n\t\t\t\t\t\t<div class=\"hero-press-release-content-wrapper\">\n\t\t\t\t\t\t\t<div class=\"row\">\n\t\t\t\t\t\t\t\t<div class=\"col-12\">\n\t\t\t\t\t\t\t\t\t<div class=\"header-title\">\n\t\t\t\t\t\t\t\t\t\t<h1>\n\t\t\t\t\t\t\t\t\t\t\tSvensk offentlig sektor s\u00e4mst i Norden p\u00e5 att dela \u00f6ppna data\t\t\t\t\t\t\t\t\t\t<\/h1>\n\t\t\t\t\t\t\t\t\t<\/div>\n\t\t\t\t\t\t\t\t\t<div class=\"header-description\">\n\t\t\t\t\t\t\t\t\t\t<p><\/p>\n\t\t\t\t\t\t\t\t\t<\/div>\n\t\t\t\t\t\t\t\t\t\t\t\t\t\t\t\t\t\t<div class=\"header-date\">\n\t\t\t\t\t\t\t\t\t\t<span>Feb 1, 2023<\/span>\n\t\t\t\t\t\t\t\t\t<\/div>\n\t\t\t\t\t\t\t\t<\/div>\n\t\t\t\t\t\t\t<\/div>\n\t\t\t\t\t\t<\/div>\n\t\t\t\t\t\t\t\t\t\t\t\t\t<div class=\"hero-press-release-downloads\">\n\t\t\t\t\t\t\t\t<div class=\"row\">\n\t\t\t\t\t\t\t\t\t\t\t\t\t\t\t\t\t\t\t<div class=\"col-12 col-md-6 col-lg-3\">\n\t\t\t\t\t\t\t\t\t\t\t<a class=\"download-item\" type=\"download\" href=\"https:\/\/www.capgemini.com\/se-en\/wp-content\/uploads\/sites\/20\/2023\/02\/Pressmeddelande-Svensk-offentlig-sektor-samst-i-Norden-pa-att-dela-oppna-data.pdf\" target=\"_blank\" rel=\"noopener noreferrer\" title=\"Opens in a new window\">\n\t\t\t\t\t\t\t\t\t\t\t\t<div class=\"download-icon\"><\/div>\n\t\t\t\t\t\t\t\t\t\t\t\t<div class=\"download-details\">\n\t\t\t\t\t\t\t\t\t\t\t\t\t<div class=\"download-title\">Download press release<\/div>\n\t\t\t\t\t\t\t\t\t\t\t\t\t<div class=\"download-props\">97 KB  pdf<\/div>\n\t\t\t\t\t\t\t\t\t\t\t\t<\/div>\n\t\t\t\t\t\t\t\t\t\t\t<\/a>\n\t\t\t\t\t\t\t\t\t\t<\/div>\n\t\t\t\t\t\t\t\t\t\t\t\t\t\t\t\t\t\t<\/div>\n\t\t\t\t\t\t\t<\/div>\n\t\t\t\t\t\t\t\t\t\t\t\t\t\t\t\t\t<\/div>\n\t\t\t\t<\/div>\n\t\t\t<\/header>\n\t\t<\/div>\n\t\t\n\n\n<section class=\"wp-block-cg-blocks-intro-para undefined section section--intro\"><div class=\"intro-para\"><div class=\"container\"><div class=\"row\"><div class=\"col-12 col-md-1\"><nav class=\"article-social\"><ul class=\"social-nav\"><li class=\"ip-order-fb\"><a href=\"https:\/\/www.facebook.com\/sharer\/sharer.php?u=https:\/\/www.capgemini.com\/se-en\/news\/press-releases\/svensk-offentlig-sektor-samst-i-norden-pa-att-dela-oppna-data\/\" target=\"_blank\" rel=\"noopener noreferrer\" title=\"opens in a new window\"><i aria-hidden=\"true\" class=\"icon-fb\"><\/i><span class=\"sr-only\">Facebook<\/span><\/a><\/li><li class=\"ip-order-li\"><a href=\"https:\/\/www.linkedin.com\/sharing\/share-offsite\/?url=https:\/\/www.capgemini.com\/se-en\/news\/press-releases\/svensk-offentlig-sektor-samst-i-norden-pa-att-dela-oppna-data\/\" target=\"_blank\" rel=\"noopener noreferrer\" title=\"opens in a new window\"><i aria-hidden=\"true\" class=\"icon-li\"><\/i><span class=\"sr-only\">Linkedin<\/span><\/a><\/li><\/ul><\/nav><\/div><div class=\"col-12 col-md-11 col-lg-10\"><h2 class=\"intro-para-title\"><strong>Bara en sj\u00e4ttedel (16 procent) av svensk offentlig sektor har b\u00f6rjat samverka genom delning av \u00f6ppna data. Det visar den nya rapporten <\/strong><a href=\"https:\/\/www.capgemini.com\/se-en\/insights\/research-library\/data-ecosystems-in-public-sector\/\"><strong>\u201dConnecting the dots: Data sharing in the public sector\u201d<\/strong><\/a><strong> fr\u00e5n Capgemini Research Institute. Sverige tillh\u00f6r de tre s\u00e4msta av tolv unders\u00f6kta l\u00e4nder och placerar sig sist i Norden. I topp ligger Australien d\u00e4r n\u00e4stan fyra av tio offentliga organisationer s\u00e4ger att de p\u00e5b\u00f6rjat eller slutf\u00f6rt utrullningen av dataekosystem. \u00a0<\/strong><\/h2><\/div><\/div><\/div><\/div><\/section>\n\n\n\n<section class=\"wp-block-cg-blocks-group undefined section section--article-content\"><div class=\"article-main-content\"><div class=\"container\"><div class=\"row\"><div class=\"col-12 col-md-11 col-lg-10 offset-md-1 offset-lg-1\"><div class=\"article-text article-quote-text\">\n<p>Rapporten lyfter fram behovet av datadelning som en enhetlig metod f\u00f6r offentliga organisationer att hantera komplexa samh\u00e4llsutmaningar. De flesta organisationer befinner sig dock i ett tidigt skede och f\u00e5 har driftsatt dataekosystem i stor skala. Utmaningarna f\u00f6r att kunna genomf\u00f6ra effektiv datadelning \u00e4r b\u00e5de tekniska och kulturella men de organisationer som p\u00e5b\u00f6rjat eller redan anv\u00e4nder sig av \u00f6ppna dataekosystem upplever att de redan sett stora f\u00f6rdelar b\u00e5de f\u00f6r medborgare och beslutsfattare.<\/p>\n\n\n\n<h3 class=\"wp-block-heading\" id=\"h-effektiv-datadelning-for-hantering-av-samhallsutmaningar\"><strong>Effektiv datadelning f\u00f6r hantering av samh\u00e4llsutmaningar<\/strong><strong><\/strong><\/h3>\n\n\n\n<p>\u00d6ppna dataekosystem \u00e4r en tillg\u00e5ng inom flera av den offentliga sektorns k\u00e4rnverksamheter som administration, s\u00e4kerhet och f\u00f6rsvar, skatt och tull samt v\u00e4lf\u00e4rd. Till exempel menar \u00e5tta av tio de tillfr\u00e5gade f\u00f6rvaltningarna att anv\u00e4ndandet av dataekosystem har lett till ett \u00f6kat engagemang hos medborgarna och sju av tio p\u00e5pekar \u00e4ven att h\u00e5llbarhetsplaneringen blivit b\u00e4ttre. Nio av tio lyfter ocks\u00e5 fram att transparensen \u00f6kat inom f\u00f6rvaltningarna.<\/p>\n\n\n\n<p>Medborgarna anses kunna dra nytta av f\u00f6rb\u00e4ttrade tj\u00e4nster inom v\u00e4lf\u00e4rden samtidigt som s\u00e4kerheten \u00f6kat genom b\u00e4ttre juridiska processer och snabbare svarstider hos polisen. Tv\u00e5 tredjedelar av organisationerna som anv\u00e4nder sig av eller h\u00e5ller p\u00e5 att drifts\u00e4tta dataekosystem anser ocks\u00e5 att deras motst\u00e5ndskraft mot cyberhot \u00f6kat.<\/p>\n\n\n\n<p><em>&#8220;Oavsett om det \u00e4r pandemier, samh\u00e4llsfr\u00e5gor som g\u00e4ngkriminalitet, ungdomsarbetsl\u00f6shet eller klimatkris, s\u00e5 beh\u00f6ver alltid sittande regering kunna ge svar. Det \u00e4r d\u00e4rf\u00f6r den offentliga sektorn m\u00e5ste dela data systematiskt och \u00f6ver tid, s\u00e4ger Lars Kullberg, ansvarig f\u00f6r offentlig sektor p\u00e5 Capgemini Sverige och forts\u00e4tter: &#8220;Att skapa en kultur d\u00e4r beslutsfattandet baseras p\u00e5 realtidsdata \u00e4r ett l\u00e5ngsiktigt arbete, men v\u00e5r studie visar att Sverige m\u00e5ste accelerera arbetet och det \u00e4r viktigt att alla akt\u00f6rer i ett dataekosystem k\u00e4nner f\u00f6rtroende och tillit till processen och varandra.<\/em><\/p>\n\n\n\n<h3 class=\"wp-block-heading\"><strong>Hinder f\u00f6r datadelning <\/strong><strong><\/strong><\/h3>\n\n\n\n<p>Av rapporten framg\u00e5r ocks\u00e5 att utvecklingen hindras av parametrar som kultur, teknik och brist p\u00e5 f\u00f6rtroende. Till exempel uppger 56 procent av de svarande att de har utmaningar i form av motst\u00e5nd fr\u00e5n medborgare att dela data samt bristande f\u00f6rtroende f\u00f6r kvaliteten p\u00e5 uppgifterna.<\/p>\n\n\n\n<p>Vikten av kompetens tas ocks\u00e5 upp av de intervjuade organisationer, som menar att de beh\u00f6ver f\u00e5 tillg\u00e5ng till r\u00e4tt typ av kompetens samtidigt som man efterlyser en datadriven kultur inom sina organisationer. Kompetensprogram inom datahantering, AI och hantering av datasekretess beh\u00f6vs. &nbsp;Endast 55 procent av organisationerna uppger att de anst\u00e4llda utbildats inom etisk anv\u00e4ndning av medborgarnas data.<\/p>\n\n\n\n<h3 class=\"wp-block-heading\"><strong>Bygg f\u00f6rtroende<\/strong><strong> genom teknik f\u00f6r integritetsskydd<\/strong><\/h3>\n\n\n\n<p>Inbyggd s\u00e4kerhet och sekretess \u00e4r avg\u00f6rande f\u00f6r att n\u00e5 framg\u00e5ng med \u00f6ppna dataekosystem, s\u00e5 att offentliga organisationer kan balansera f\u00f6rdelarna med datadelning med behovet av datasekretess. Detta kr\u00e4ver utveckling av starka styrningsstrukturer, datan\u00e4tarkitekturer samt anv\u00e4ndning av integritetsf\u00f6rb\u00e4ttrande tekniker (PETs) som differentiell sekretess, federerad maskininl\u00e4rning och homomorfisk kryptering.<\/p>\n\n\n\n<p><strong>F\u00f6r mer information, l\u00e4s hela rapporten: <a href=\"https:\/\/www.capgemini.com\/se-en\/insights\/research-library\/data-ecosystems-in-public-sector\/\">Connecting the dots: Data sharing in the public sector<\/a><\/strong><\/p>\n\n\n\n<h3 class=\"wp-block-heading\"><strong><br>Metod<\/strong><strong><\/strong><\/h3>\n\n\n\n<p>Capgemini Research Institutes (CRI) l\u00e4t 1000 h\u00f6gre tj\u00e4nstem\u00e4n som arbetar med, eller planerar att arbeta med, dataekosystem inom offentlig sektor i 12 l\u00e4nder i Europa, Nordamerika, Japan och Australien svara p\u00e5 en enk\u00e4t i juni 2022. CRI-teamet genomf\u00f6rde ocks\u00e5 djupintervjuer med fler \u00e4n 20 seniora ledare och akademiker inom offentlig sektor. Unders\u00f6kningen omfattade viktiga funktionella omr\u00e5den inklusive v\u00e4lf\u00e4rd, skatt och tull, s\u00e4kerhet och f\u00f6rsvar samt lokala, statliga och centrala f\u00f6rvaltningar.<\/p>\n\n\n\n<h3 class=\"wp-block-heading\"><strong>Om Capgemini Research Institute<\/strong><strong><\/strong><\/h3>\n\n\n\n<p>Capgemini Research Institute \u00e4r Capgeminis tankesmedja som publicerar forskning om den digitala teknikens inverkan p\u00e5 stora traditionella f\u00f6retag. Teamet anv\u00e4nder sig av Capgeminis experter runt om i v\u00e4rlden och arbetar n\u00e4ra akademin och tekniska partners. Institutet har forskningscentra i Indien, Singapore, Storbritannien och USA. Capgemini Research Institutet rankades nyligen som etta i v\u00e4rlden f\u00f6r kvaliteten p\u00e5 sin forskning av oberoende analytiker.<\/p>\n\n\n\n<p>Bes\u00f6k oss p\u00e5 <a href=\"https:\/\/www.capgemini.com\/se-en\/insights\/capgemini-research-institute\/\">https:\/\/www.capgemini.com\/se-en\/insights\/capgemini-research-institute\/<\/a><\/p>\n\n\n\n<h3 class=\"wp-block-heading\"><strong>Om Capgemini<\/strong><\/h3>\n\n\n\n<p>Capgemini \u00e4r v\u00e4rldsledande n\u00e4r det g\u00e4ller att hj\u00e4lpa kunder att driva och utveckla sina verksamheter genom den potential och de m\u00f6jligheter som skapas av teknik. Koncernen har som ledstj\u00e4rna att med teknikens hj\u00e4lp frig\u00f6ra m\u00e4nsklig energi som kan anv\u00e4ndas till att bygga en h\u00e5llbar och inkluderande framtid. Organisationen pr\u00e4glas av m\u00e5ngfald och ansvar och har 350 000 medarbetare i \u00f6ver 50 l\u00e4nder. Med 55 \u00e5rs erfarenhet och djup branschexpertis \u00e4r Capgemini en trygg partner som kan hantera hela bredden av kundernas aff\u00e4r, fr\u00e5n strategi till drift, och alltid i takt med den senaste utvecklingen f\u00f6r innovationsomr\u00e5den som molnet, data, AI, uppkopplade enheter, mjukvara, digital ingenj\u00f6rskonst och nya plattformar. Koncernen rapporterade globala int\u00e4kter p\u00e5 18 miljarder Euro f\u00f6r 2021.<strong><\/strong><\/p>\n\n\n\n<p><br>Get the Future You Want | <a href=\"http:\/\/www.capgemini.com\" target=\"_blank\" rel=\"noreferrer noopener\">www.capgemini.com<\/a><\/p>\n<\/div><\/div><\/div><\/div><\/div><\/section>\n","protected":false},"excerpt":{"rendered":"","protected":false},"author":324,"featured_media":0,"template":"","meta":{"cg_dt_proposed_to":[],"cg_seo_hreflang_relations":"[]","cg_seo_canonical_relation":"","cg_seo_hreflang_x_default_relation":"","cg_dt_approved_content":true,"cg_dt_mandatory_content":false,"cg_dt_notes":"","cg_dg_source_changed":false,"cg_dt_link_disabled":false,"footnotes":"","related_resource_url":"https:\/\/www.capgemini.com\/se-en\/wp-content\/uploads\/sites\/20\/2023\/02\/Pressmeddelande-Svensk-offentlig-sektor-samst-i-Norden-pa-att-dela-oppna-data.pdf","related_resource_id":510772,"related_resource_size":"97 KB","related_resource_type":"pdf","cg_author":0,"featured_focal_points":""},"tags":[],"press-release-type":[379],"brand":[],"class_list":["post-510771","press-release","type-press-release","status-publish","hentry","press-release-type-public-sector"],"yoast_head":"<!-- This site is optimized with the Yoast SEO Premium plugin v22.8 (Yoast SEO v22.8) - https:\/\/yoast.com\/wordpress\/plugins\/seo\/ -->\n<title>Svensk offentlig sektor s\u00e4mst i Norden p\u00e5 att dela \u00f6ppna data - Capgemini Sweden<\/title>\n<meta name=\"robots\" content=\"index, follow, max-snippet:-1, max-image-preview:large, max-video-preview:-1\" \/>\n<link rel=\"canonical\" href=\"https:\/\/www.capgemini.com\/se-en\/news\/press-releases\/svensk-offentlig-sektor-samst-i-norden-pa-att-dela-oppna-data\/\" \/>\n<meta property=\"og:locale\" content=\"en_US\" \/>\n<meta property=\"og:type\" content=\"article\" \/>\n<meta property=\"og:title\" content=\"Svensk offentlig sektor s\u00e4mst i Norden p\u00e5 att dela \u00f6ppna data\" \/>\n<meta property=\"og:url\" content=\"https:\/\/www.capgemini.com\/se-en\/news\/press-releases\/svensk-offentlig-sektor-samst-i-norden-pa-att-dela-oppna-data\/\" \/>\n<meta property=\"og:site_name\" content=\"Capgemini Sweden\" \/>\n<meta property=\"article:modified_time\" content=\"2025-03-13T09:43:33+00:00\" \/>\n<meta property=\"og:image\" content=\"https:\/\/www.capgemini.com\/se-en\/wp-content\/uploads\/sites\/20\/2025\/10\/New-Web-preview-global.jpg\" \/>\n\t<meta property=\"og:image:width\" content=\"1200\" \/>\n\t<meta property=\"og:image:height\" content=\"627\" \/>\n\t<meta property=\"og:image:type\" content=\"image\/jpeg\" \/>\n<meta name=\"twitter:card\" content=\"summary_large_image\" \/>\n<meta name=\"twitter:label1\" content=\"Est. reading time\" \/>\n\t<meta name=\"twitter:data1\" content=\"4 minutes\" \/>\n<script type=\"application\/ld+json\" class=\"yoast-schema-graph\">{\"@context\":\"https:\/\/schema.org\",\"@graph\":[{\"@type\":\"WebPage\",\"@id\":\"https:\/\/www.capgemini.com\/se-en\/news\/press-releases\/svensk-offentlig-sektor-samst-i-norden-pa-att-dela-oppna-data\/\",\"url\":\"https:\/\/www.capgemini.com\/se-en\/news\/press-releases\/svensk-offentlig-sektor-samst-i-norden-pa-att-dela-oppna-data\/\",\"name\":\"Svensk offentlig sektor s\u00e4mst i Norden p\u00e5 att dela \u00f6ppna data - Capgemini Sweden\",\"isPartOf\":{\"@id\":\"https:\/\/www.capgemini.com\/se-en\/#website\"},\"datePublished\":\"2023-02-01T07:31:43+00:00\",\"dateModified\":\"2025-03-13T09:43:33+00:00\",\"breadcrumb\":{\"@id\":\"https:\/\/www.capgemini.com\/se-en\/news\/press-releases\/svensk-offentlig-sektor-samst-i-norden-pa-att-dela-oppna-data\/#breadcrumb\"},\"inLanguage\":\"en-US\",\"potentialAction\":[{\"@type\":\"ReadAction\",\"target\":[\"https:\/\/www.capgemini.com\/se-en\/news\/press-releases\/svensk-offentlig-sektor-samst-i-norden-pa-att-dela-oppna-data\/\"]}]},{\"@type\":\"BreadcrumbList\",\"@id\":\"https:\/\/www.capgemini.com\/se-en\/news\/press-releases\/svensk-offentlig-sektor-samst-i-norden-pa-att-dela-oppna-data\/#breadcrumb\",\"itemListElement\":[{\"@type\":\"ListItem\",\"position\":1,\"name\":\"Home\",\"item\":\"https:\/\/www.capgemini.com\/se-en\/\"},{\"@type\":\"ListItem\",\"position\":2,\"name\":\"Press Releases\",\"item\":\"https:\/\/www.capgemini.com\/se-en\/news\/\"},{\"@type\":\"ListItem\",\"position\":3,\"name\":\"Svensk offentlig sektor s\u00e4mst i Norden p\u00e5 att dela \u00f6ppna data\"}]},{\"@type\":\"WebSite\",\"@id\":\"https:\/\/www.capgemini.com\/se-en\/#website\",\"url\":\"https:\/\/www.capgemini.com\/se-en\/\",\"name\":\"Capgemini Sweden\",\"description\":\"Capgemini\",\"potentialAction\":[{\"@type\":\"SearchAction\",\"target\":{\"@type\":\"EntryPoint\",\"urlTemplate\":\"https:\/\/www.capgemini.com\/se-en\/?s={search_term_string}\"},\"query-input\":\"required name=search_term_string\"}],\"inLanguage\":\"en-US\"}]}<\/script>\n<!-- \/ Yoast SEO Premium plugin. -->","yoast_head_json":{"title":"Svensk offentlig sektor s\u00e4mst i Norden p\u00e5 att dela \u00f6ppna data - Capgemini Sweden","robots":{"index":"index","follow":"follow","max-snippet":"max-snippet:-1","max-image-preview":"max-image-preview:large","max-video-preview":"max-video-preview:-1"},"canonical":"https:\/\/www.capgemini.com\/se-en\/news\/press-releases\/svensk-offentlig-sektor-samst-i-norden-pa-att-dela-oppna-data\/","og_locale":"en_US","og_type":"article","og_title":"Svensk offentlig sektor s\u00e4mst i Norden p\u00e5 att dela \u00f6ppna data","og_url":"https:\/\/www.capgemini.com\/se-en\/news\/press-releases\/svensk-offentlig-sektor-samst-i-norden-pa-att-dela-oppna-data\/","og_site_name":"Capgemini Sweden","article_modified_time":"2025-03-13T09:43:33+00:00","og_image":[{"width":1200,"height":627,"url":"https:\/\/www.capgemini.com\/se-en\/wp-content\/uploads\/sites\/20\/2025\/10\/New-Web-preview-global.jpg","type":"image\/jpeg"}],"twitter_card":"summary_large_image","twitter_misc":{"Est. reading time":"4 minutes"},"schema":{"@context":"https:\/\/schema.org","@graph":[{"@type":"WebPage","@id":"https:\/\/www.capgemini.com\/se-en\/news\/press-releases\/svensk-offentlig-sektor-samst-i-norden-pa-att-dela-oppna-data\/","url":"https:\/\/www.capgemini.com\/se-en\/news\/press-releases\/svensk-offentlig-sektor-samst-i-norden-pa-att-dela-oppna-data\/","name":"Svensk offentlig sektor s\u00e4mst i Norden p\u00e5 att dela \u00f6ppna data - Capgemini Sweden","isPartOf":{"@id":"https:\/\/www.capgemini.com\/se-en\/#website"},"datePublished":"2023-02-01T07:31:43+00:00","dateModified":"2025-03-13T09:43:33+00:00","breadcrumb":{"@id":"https:\/\/www.capgemini.com\/se-en\/news\/press-releases\/svensk-offentlig-sektor-samst-i-norden-pa-att-dela-oppna-data\/#breadcrumb"},"inLanguage":"en-US","potentialAction":[{"@type":"ReadAction","target":["https:\/\/www.capgemini.com\/se-en\/news\/press-releases\/svensk-offentlig-sektor-samst-i-norden-pa-att-dela-oppna-data\/"]}]},{"@type":"BreadcrumbList","@id":"https:\/\/www.capgemini.com\/se-en\/news\/press-releases\/svensk-offentlig-sektor-samst-i-norden-pa-att-dela-oppna-data\/#breadcrumb","itemListElement":[{"@type":"ListItem","position":1,"name":"Home","item":"https:\/\/www.capgemini.com\/se-en\/"},{"@type":"ListItem","position":2,"name":"Press Releases","item":"https:\/\/www.capgemini.com\/se-en\/news\/"},{"@type":"ListItem","position":3,"name":"Svensk offentlig sektor s\u00e4mst i Norden p\u00e5 att dela \u00f6ppna data"}]},{"@type":"WebSite","@id":"https:\/\/www.capgemini.com\/se-en\/#website","url":"https:\/\/www.capgemini.com\/se-en\/","name":"Capgemini Sweden","description":"Capgemini","potentialAction":[{"@type":"SearchAction","target":{"@type":"EntryPoint","urlTemplate":"https:\/\/www.capgemini.com\/se-en\/?s={search_term_string}"},"query-input":"required name=search_term_string"}],"inLanguage":"en-US"}]}},"parsely":{"version":"1.1.0","canonical_url":"https:\/\/capgemini.com\/se-en\/news\/press-releases\/svensk-offentlig-sektor-samst-i-norden-pa-att-dela-oppna-data\/","smart_links":{"inbound":0,"outbound":0},"traffic_boost_suggestions_count":0,"meta":{"@context":"https:\/\/schema.org","@type":"NewsArticle","headline":"Svensk offentlig sektor s\u00e4mst i Norden p\u00e5 att dela \u00f6ppna data","url":"https:\/\/www.capgemini.com\/se-en\/news\/press-releases\/svensk-offentlig-sektor-samst-i-norden-pa-att-dela-oppna-data\/","mainEntityOfPage":{"@type":"WebPage","@id":"https:\/\/www.capgemini.com\/se-en\/news\/press-releases\/svensk-offentlig-sektor-samst-i-norden-pa-att-dela-oppna-data\/"},"thumbnailUrl":"","image":{"@type":"ImageObject","url":""},"articleSection":"Uncategorized","author":[],"creator":[],"publisher":{"@type":"Organization","name":"Capgemini Sweden","logo":""},"keywords":[],"dateCreated":"2023-02-01T07:31:43Z","datePublished":"2023-02-01T07:31:43Z","dateModified":"2025-03-13T09:43:33Z"},"rendered":"<meta name=\"parsely-title\" content=\"Svensk offentlig sektor s\u00e4mst i Norden p\u00e5 att dela \u00f6ppna data\" \/>\n<meta name=\"parsely-link\" content=\"https:\/\/www.capgemini.com\/se-en\/news\/press-releases\/svensk-offentlig-sektor-samst-i-norden-pa-att-dela-oppna-data\/\" \/>\n<meta name=\"parsely-type\" content=\"post\" \/>\n<meta name=\"parsely-pub-date\" content=\"2023-02-01T07:31:43Z\" \/>\n<meta name=\"parsely-section\" content=\"Uncategorized\" \/>","tracker_url":"https:\/\/cdn.parsely.com\/keys\/capgemini.com\/p.js"},"archive_status":false,"featured_image_src":"https:\/\/www.capgemini.com\/se-en\/wp-content\/themes\/capgemini2025\/assets\/images\/mockup.png","featured_image_alt":false,"jetpack_sharing_enabled":true,"distributor_meta":false,"distributor_terms":false,"distributor_media":false,"distributor_original_site_name":"Capgemini Sweden","distributor_original_site_url":"https:\/\/www.capgemini.com\/se-en","push-errors":false,"tag_names":[],"_links":{"self":[{"href":"https:\/\/www.capgemini.com\/se-en\/wp-json\/wp\/v2\/press-release\/510771","targetHints":{"allow":["GET"]}}],"collection":[{"href":"https:\/\/www.capgemini.com\/se-en\/wp-json\/wp\/v2\/press-release"}],"about":[{"href":"https:\/\/www.capgemini.com\/se-en\/wp-json\/wp\/v2\/types\/press-release"}],"author":[{"embeddable":true,"href":"https:\/\/www.capgemini.com\/se-en\/wp-json\/wp\/v2\/users\/324"}],"version-history":[{"count":5,"href":"https:\/\/www.capgemini.com\/se-en\/wp-json\/wp\/v2\/press-release\/510771\/revisions"}],"predecessor-version":[{"id":549167,"href":"https:\/\/www.capgemini.com\/se-en\/wp-json\/wp\/v2\/press-release\/510771\/revisions\/549167"}],"wp:attachment":[{"href":"https:\/\/www.capgemini.com\/se-en\/wp-json\/wp\/v2\/media?parent=510771"}],"wp:term":[{"taxonomy":"post_tag","embeddable":true,"href":"https:\/\/www.capgemini.com\/se-en\/wp-json\/wp\/v2\/tags?post=510771"},{"taxonomy":"press-release-type","embeddable":true,"href":"https:\/\/www.capgemini.com\/se-en\/wp-json\/wp\/v2\/press-release-type?post=510771"},{"taxonomy":"brand","embeddable":true,"href":"https:\/\/www.capgemini.com\/se-en\/wp-json\/wp\/v2\/brand?post=510771"}],"curies":[{"name":"wp","href":"https:\/\/api.w.org\/{rel}","templated":true}]}}