{"id":143587,"date":"2022-09-26T10:05:00","date_gmt":"2022-09-26T10:05:00","guid":{"rendered":"https:\/\/www.capgemini.com\/se-en\/?post_type=press-release&#038;p=143587"},"modified":"2025-03-13T10:48:43","modified_gmt":"2025-03-13T09:48:43","slug":"nu-trader-capgeminis-avtal-it-konsulttjanster-2021-med-stockholm-uppsala-och-gotland-i-kraft","status":"publish","type":"press-release","link":"https:\/\/www.capgemini.com\/se-en\/news\/press-releases\/nu-trader-capgeminis-avtal-it-konsulttjanster-2021-med-stockholm-uppsala-och-gotland-i-kraft\/","title":{"rendered":"Nu tr\u00e4der Capgeminis avtal IT-konsulttj\u00e4nster 2021 med Stockholm, Uppsala och Gotland i kraft"},"content":{"rendered":"\t\t<div class=\"wp-block-cg-blocks-hero-press-release\">\n\t\t\t<header class=\"header-hero-press-release\" role=\"main\" id=\"main-content-press-release\">\n\t\t\t\t<div class=\"container\">\n\t\t\t\t\t<div class=\"hero-press-release\">\n\t\t\t\t\t\t<div class=\"hero-press-release-content-wrapper\">\n\t\t\t\t\t\t\t<div class=\"row\">\n\t\t\t\t\t\t\t\t<div class=\"col-12\">\n\t\t\t\t\t\t\t\t\t<div class=\"header-title\">\n\t\t\t\t\t\t\t\t\t\t<h1>\n\t\t\t\t\t\t\t\t\t\t\tNu tr\u00e4der Capgeminis avtal IT-konsulttj\u00e4nster 2021 med Stockholm, Uppsala och Gotland i kraft\t\t\t\t\t\t\t\t\t\t<\/h1>\n\t\t\t\t\t\t\t\t\t<\/div>\n\t\t\t\t\t\t\t\t\t<div class=\"header-description\">\n\t\t\t\t\t\t\t\t\t\t<p><\/p>\n\t\t\t\t\t\t\t\t\t<\/div>\n\t\t\t\t\t\t\t\t\t\t\t\t\t\t\t\t\t\t<div class=\"header-date\">\n\t\t\t\t\t\t\t\t\t\t<span>Sep 26, 2022<\/span>\n\t\t\t\t\t\t\t\t\t<\/div>\n\t\t\t\t\t\t\t\t<\/div>\n\t\t\t\t\t\t\t<\/div>\n\t\t\t\t\t\t<\/div>\n\t\t\t\t\t\t\t\t\t\t\t\t\t<div class=\"hero-press-release-downloads\">\n\t\t\t\t\t\t\t\t<div class=\"row\">\n\t\t\t\t\t\t\t\t\t\t\t\t\t\t\t\t\t\t\t<div class=\"col-12 col-md-6 col-lg-3\">\n\t\t\t\t\t\t\t\t\t\t\t<a class=\"download-item\" type=\"download\" href=\"https:\/\/www.capgemini.com\/se-en\/wp-content\/uploads\/sites\/20\/2022\/09\/IT-konsulttjanster-2021-Swedish.pdf\" target=\"_blank\" rel=\"noopener noreferrer\" title=\"Opens in a new window\">\n\t\t\t\t\t\t\t\t\t\t\t\t<div class=\"download-icon\"><\/div>\n\t\t\t\t\t\t\t\t\t\t\t\t<div class=\"download-details\">\n\t\t\t\t\t\t\t\t\t\t\t\t\t<div class=\"download-title\">Download press release<\/div>\n\t\t\t\t\t\t\t\t\t\t\t\t\t<div class=\"download-props\">258 KB  pdf<\/div>\n\t\t\t\t\t\t\t\t\t\t\t\t<\/div>\n\t\t\t\t\t\t\t\t\t\t\t<\/a>\n\t\t\t\t\t\t\t\t\t\t<\/div>\n\t\t\t\t\t\t\t\t\t\t\t\t\t\t\t\t\t\t<\/div>\n\t\t\t\t\t\t\t<\/div>\n\t\t\t\t\t\t\t\t\t\t\t\t\t\t\t\t\t<\/div>\n\t\t\t\t<\/div>\n\t\t\t<\/header>\n\t\t<\/div>\n\t\t\n\n\n<section class=\"wp-block-cg-blocks-group undefined section section--article-content\"><div class=\"article-main-content\"><div class=\"container\"><div class=\"row\"><div class=\"col-12 col-md-1\"><nav class=\"article-social\"><ul class=\"social-nav\"><li class=\"ip-order-fb\"><a href=\"https:\/\/www.facebook.com\/sharer\/sharer.php?u=https:\/\/www.capgemini.com\/se-en\/?post_type=press-release&amp;p=143587\" target=\"_blank\" rel=\"noopener noreferrer\" title=\"opens in a new window\"><i aria-hidden=\"true\" class=\"icon-fb\"><\/i><span class=\"sr-only\">Facebook<\/span><\/a><\/li><li class=\"ip-order-tw\"><a href=\"https:\/\/twitter.com\/intent\/tweet?url=https:\/\/www.capgemini.com\/se-en\/?post_type=press-release&amp;p=143587&amp;text=Nu%20tr%C3%A4der%20Capgeminis%20avtal%20IT-konsulttj%C3%A4nster%202021%20med%20Stockholm%2C%20Uppsala%20och%20Gotland%20i%20kraft\" target=\"_blank\" rel=\"noopener noreferrer\" title=\"opens in a new window\"><i aria-hidden=\"true\" class=\"icon-tw\"><\/i><span class=\"sr-only\">Twitter<\/span><\/a><\/li><li class=\"ip-order-li\"><a href=\"https:\/\/www.linkedin.com\/sharing\/share-offsite\/?url=https:\/\/www.capgemini.com\/se-en\/?post_type=press-release&amp;p=143587&amp;text=Nu%20tr%C3%A4der%20Capgeminis%20avtal%20IT-konsulttj%C3%A4nster%202021%20med%20Stockholm%2C%20Uppsala%20och%20Gotland%20i%20kraft\" target=\"_blank\" rel=\"noopener noreferrer\" title=\"opens in a new window\"><i aria-hidden=\"true\" class=\"icon-li\"><\/i><span class=\"sr-only\">Linkedin<\/span><\/a><\/li><\/ul><\/nav><\/div><div class=\"col-12 col-md-11 col-lg-10\"><div class=\"article-text article-quote-text\">\n<h4 class=\"wp-block-heading\" id=\"h-capgemini-har-i-adda-inkopscentrals-ramavtalsupphandling-tilldelats-ett-fyraarigt-ramavtal-avseende-it-konsulttjanster-for-det-geografiska-anbudsomradet-som-omfattar-stockholm-uppsala-och-gotlands-lan-avtalet-ersatter-det-tidigare-ramavtalet-it-konsulttjanster-2016-och-trader-i-kraft-idag-den-26-september-2022\">Capgemini har i Adda Ink\u00f6pscentrals ramavtalsupphandling tilldelats ett fyra\u00e5rigt ramavtal avseende IT-konsulttj\u00e4nster f\u00f6r det geografiska anbudsomr\u00e5det som omfattar Stockholm, Uppsala och Gotlands l\u00e4n. Avtalet ers\u00e4tter det tidigare ramavtalet \u201dIT-konsulttj\u00e4nster 2016\u201d och tr\u00e4der i kraft idag, den 26 september 2022.<\/h4>\n\n\n\n<p><em>Vi \u00e4r stolta \u00f6ver tilldelningen och ser stora m\u00f6jligheter att st\u00f6tta och st\u00e4rka kommuner och regioner att fullg\u00f6ra service och v\u00e4lf\u00e4rd till sina inv\u00e5nare. Vi ser fram emot att bidra med v\u00e5ra erfarenheter med s\u00e5v\u00e4l IT-resurser som kompletta projekt n\u00e4r dessa offentliga akt\u00f6rer v\u00e4ljer att ta n\u00e4sta steg mot digitalisering och effektivisering i verksamheterna\u201d,<\/em>&nbsp;s\u00e4ger Lars Kullberg, aff\u00e4rsomr\u00e5deschef f\u00f6r offentlig sektor p\u00e5 Capgemini.<\/p>\n\n\n\n<p>Ramavtalet ska vara ett st\u00f6d f\u00f6r kommuner och regioner p\u00e5 deras digitaliseringsresa och att uppn\u00e5 de nyttor som de efterstr\u00e4var, s\u00e5som \u00f6kad effektivitet, transparens, r\u00e4ttss\u00e4kerhet och inflytande f\u00f6r medborgarna.<\/p>\n\n\n\n<h4 class=\"wp-block-heading\"><strong>Ramavtalet ska tillgodose:<\/strong><\/h4>\n\n\n\n<ul class=\"wp-block-list\">\n<li>Tillf\u00e4lliga behov och behov \u00f6ver l\u00e4ngre tid<\/li>\n\n\n\n<li>Resursuppdrag och projektuppdrag<\/li>\n\n\n\n<li>Enkla och komplexa tj\u00e4nster<\/li>\n\n\n\n<li>Operativa och strategiska tj\u00e4nster<\/li>\n<\/ul>\n\n\n\n<h4 class=\"wp-block-heading\"><strong>L\u00e4s mer om ramavtalet:<\/strong><\/h4>\n\n\n\n<p><a href=\"https:\/\/www.adda.se\/upphandling-och-ramavtal\/vara-ramavtal-och-upphandlingar\/ramavtal-och-avtalskategorier\/it-produkter-och-tjanster\/it-konsulttjanster-2021\">https:\/\/www.adda.se\/upphandling-och-ramavtal\/vara-ramavtal-och-upphandlingar\/ramavtal-och-avtalskategorier\/it-produkter-och-tjanster\/it-konsulttjanster-2021<\/a><\/p>\n\n\n\n<p>Adda Ink\u00f6pscentral upphandlar nationella ramavtal \u00e5t kommuner och regioner f\u00f6r att underl\u00e4tta deras arbete med ink\u00f6p. Upphandlingsber\u00e4ttigade f\u00f6r detta ramavtal \u00e4r regionerna Stockholm, Uppsala och Gotland samt kommuner och deras kommunala bolag.<\/p>\n\n\n\n<h4 class=\"wp-block-heading\"><strong>Om Capgemini<\/strong><\/h4>\n\n\n\n<p>Capgemini \u00e4r v\u00e4rldsledande n\u00e4r det g\u00e4ller att hj\u00e4lpa kunder att driva och utveckla sina verksamheter genom den potential och de m\u00f6jligheter som skapas av teknik. Koncernen har som ledstj\u00e4rna att med teknikens hj\u00e4lp frig\u00f6ra m\u00e4nsklig energi som kan anv\u00e4ndas till att bygga en h\u00e5llbar och inkluderande framtid. Organisationen pr\u00e4glas av m\u00e5ngfald och ansvar och har 350 000 medarbetare i \u00f6ver 50 l\u00e4nder. Med 55 \u00e5rs erfarenhet och djup branschexpertis \u00e4r Capgemini en trygg partner som kan hantera hela bredden av kundernas aff\u00e4r, fr\u00e5n strategi till drift, och alltid i takt med den senaste utvecklingen f\u00f6r innovationsomr\u00e5den som molnet, data, AI, uppkopplade enheter, mjukvara, digital ingenj\u00f6rskonst och nya plattformar. Koncernen rapporterade globala int\u00e4kter p\u00e5 18 miljarder Euro f\u00f6r 2021.<\/p>\n\n\n\n<p>Get the Future You Want |&nbsp;<a href=\"http:\/\/www.capgemini.com\/\" target=\"_blank\" rel=\"noreferrer noopener\">www.capgemini.com<\/a><\/p>\n<\/div><\/div><\/div><\/div><\/div><\/section>\n","protected":false},"excerpt":{"rendered":"","protected":false},"author":324,"featured_media":0,"template":"","meta":{"cg_dt_proposed_to":[],"cg_seo_hreflang_relations":"[]","cg_seo_canonical_relation":"","cg_seo_hreflang_x_default_relation":"","cg_dt_approved_content":true,"cg_dt_mandatory_content":false,"cg_dt_notes":"","cg_dg_source_changed":false,"cg_dt_link_disabled":false,"footnotes":"","related_resource_url":"https:\/\/www.capgemini.com\/se-en\/wp-content\/uploads\/sites\/20\/2022\/09\/IT-konsulttjanster-2021-Swedish.pdf","related_resource_id":143593,"related_resource_size":"258 KB","related_resource_type":"pdf","cg_author":0,"featured_focal_points":""},"tags":[],"press-release-type":[],"brand":[],"class_list":["post-143587","press-release","type-press-release","status-publish","hentry"],"yoast_head":"<!-- This site is optimized with the Yoast SEO Premium plugin v22.8 (Yoast SEO v22.8) - https:\/\/yoast.com\/wordpress\/plugins\/seo\/ -->\n<title>Nu tr\u00e4der Capgeminis avtal IT-konsulttj\u00e4nster 2021 med Stockholm, Uppsala och Gotland i kraft - Capgemini Sweden<\/title>\n<meta name=\"robots\" content=\"index, follow, max-snippet:-1, max-image-preview:large, max-video-preview:-1\" \/>\n<link rel=\"canonical\" href=\"https:\/\/www.capgemini.com\/se-en\/news\/press-releases\/nu-trader-capgeminis-avtal-it-konsulttjanster-2021-med-stockholm-uppsala-och-gotland-i-kraft\/\" \/>\n<meta property=\"og:locale\" content=\"en_US\" \/>\n<meta property=\"og:type\" content=\"article\" \/>\n<meta property=\"og:title\" content=\"Nu tr\u00e4der Capgeminis avtal IT-konsulttj\u00e4nster 2021 med Stockholm, Uppsala och Gotland i kraft\" \/>\n<meta property=\"og:url\" content=\"https:\/\/www.capgemini.com\/se-en\/news\/press-releases\/nu-trader-capgeminis-avtal-it-konsulttjanster-2021-med-stockholm-uppsala-och-gotland-i-kraft\/\" \/>\n<meta property=\"og:site_name\" content=\"Capgemini Sweden\" \/>\n<meta property=\"article:modified_time\" content=\"2025-03-13T09:48:43+00:00\" \/>\n<meta property=\"og:image\" content=\"https:\/\/www.capgemini.com\/se-en\/wp-content\/uploads\/sites\/20\/2025\/10\/New-Web-preview-global.jpg\" \/>\n\t<meta property=\"og:image:width\" content=\"1200\" \/>\n\t<meta property=\"og:image:height\" content=\"627\" \/>\n\t<meta property=\"og:image:type\" content=\"image\/jpeg\" \/>\n<meta name=\"twitter:card\" content=\"summary_large_image\" \/>\n<script type=\"application\/ld+json\" class=\"yoast-schema-graph\">{\"@context\":\"https:\/\/schema.org\",\"@graph\":[{\"@type\":\"WebPage\",\"@id\":\"https:\/\/www.capgemini.com\/se-en\/news\/press-releases\/nu-trader-capgeminis-avtal-it-konsulttjanster-2021-med-stockholm-uppsala-och-gotland-i-kraft\/\",\"url\":\"https:\/\/www.capgemini.com\/se-en\/news\/press-releases\/nu-trader-capgeminis-avtal-it-konsulttjanster-2021-med-stockholm-uppsala-och-gotland-i-kraft\/\",\"name\":\"Nu tr\u00e4der Capgeminis avtal IT-konsulttj\u00e4nster 2021 med Stockholm, Uppsala och Gotland i kraft - Capgemini Sweden\",\"isPartOf\":{\"@id\":\"https:\/\/www.capgemini.com\/se-en\/#website\"},\"datePublished\":\"2022-09-26T10:05:00+00:00\",\"dateModified\":\"2025-03-13T09:48:43+00:00\",\"breadcrumb\":{\"@id\":\"https:\/\/www.capgemini.com\/se-en\/news\/press-releases\/nu-trader-capgeminis-avtal-it-konsulttjanster-2021-med-stockholm-uppsala-och-gotland-i-kraft\/#breadcrumb\"},\"inLanguage\":\"en-US\",\"potentialAction\":[{\"@type\":\"ReadAction\",\"target\":[\"https:\/\/www.capgemini.com\/se-en\/news\/press-releases\/nu-trader-capgeminis-avtal-it-konsulttjanster-2021-med-stockholm-uppsala-och-gotland-i-kraft\/\"]}]},{\"@type\":\"BreadcrumbList\",\"@id\":\"https:\/\/www.capgemini.com\/se-en\/news\/press-releases\/nu-trader-capgeminis-avtal-it-konsulttjanster-2021-med-stockholm-uppsala-och-gotland-i-kraft\/#breadcrumb\",\"itemListElement\":[{\"@type\":\"ListItem\",\"position\":1,\"name\":\"Home\",\"item\":\"https:\/\/www.capgemini.com\/se-en\/\"},{\"@type\":\"ListItem\",\"position\":2,\"name\":\"Press Releases\",\"item\":\"https:\/\/www.capgemini.com\/se-en\/news\/\"},{\"@type\":\"ListItem\",\"position\":3,\"name\":\"Nu tr\u00e4der Capgeminis avtal IT-konsulttj\u00e4nster 2021 med Stockholm, Uppsala och Gotland i kraft\"}]},{\"@type\":\"WebSite\",\"@id\":\"https:\/\/www.capgemini.com\/se-en\/#website\",\"url\":\"https:\/\/www.capgemini.com\/se-en\/\",\"name\":\"Capgemini Sweden\",\"description\":\"Capgemini\",\"potentialAction\":[{\"@type\":\"SearchAction\",\"target\":{\"@type\":\"EntryPoint\",\"urlTemplate\":\"https:\/\/www.capgemini.com\/se-en\/?s={search_term_string}\"},\"query-input\":\"required name=search_term_string\"}],\"inLanguage\":\"en-US\"}]}<\/script>\n<!-- \/ Yoast SEO Premium plugin. -->","yoast_head_json":{"title":"Nu tr\u00e4der Capgeminis avtal IT-konsulttj\u00e4nster 2021 med Stockholm, Uppsala och Gotland i kraft - Capgemini Sweden","robots":{"index":"index","follow":"follow","max-snippet":"max-snippet:-1","max-image-preview":"max-image-preview:large","max-video-preview":"max-video-preview:-1"},"canonical":"https:\/\/www.capgemini.com\/se-en\/news\/press-releases\/nu-trader-capgeminis-avtal-it-konsulttjanster-2021-med-stockholm-uppsala-och-gotland-i-kraft\/","og_locale":"en_US","og_type":"article","og_title":"Nu tr\u00e4der Capgeminis avtal IT-konsulttj\u00e4nster 2021 med Stockholm, Uppsala och Gotland i kraft","og_url":"https:\/\/www.capgemini.com\/se-en\/news\/press-releases\/nu-trader-capgeminis-avtal-it-konsulttjanster-2021-med-stockholm-uppsala-och-gotland-i-kraft\/","og_site_name":"Capgemini Sweden","article_modified_time":"2025-03-13T09:48:43+00:00","og_image":[{"width":1200,"height":627,"url":"https:\/\/www.capgemini.com\/se-en\/wp-content\/uploads\/sites\/20\/2025\/10\/New-Web-preview-global.jpg","type":"image\/jpeg"}],"twitter_card":"summary_large_image","schema":{"@context":"https:\/\/schema.org","@graph":[{"@type":"WebPage","@id":"https:\/\/www.capgemini.com\/se-en\/news\/press-releases\/nu-trader-capgeminis-avtal-it-konsulttjanster-2021-med-stockholm-uppsala-och-gotland-i-kraft\/","url":"https:\/\/www.capgemini.com\/se-en\/news\/press-releases\/nu-trader-capgeminis-avtal-it-konsulttjanster-2021-med-stockholm-uppsala-och-gotland-i-kraft\/","name":"Nu tr\u00e4der Capgeminis avtal IT-konsulttj\u00e4nster 2021 med Stockholm, Uppsala och Gotland i kraft - Capgemini Sweden","isPartOf":{"@id":"https:\/\/www.capgemini.com\/se-en\/#website"},"datePublished":"2022-09-26T10:05:00+00:00","dateModified":"2025-03-13T09:48:43+00:00","breadcrumb":{"@id":"https:\/\/www.capgemini.com\/se-en\/news\/press-releases\/nu-trader-capgeminis-avtal-it-konsulttjanster-2021-med-stockholm-uppsala-och-gotland-i-kraft\/#breadcrumb"},"inLanguage":"en-US","potentialAction":[{"@type":"ReadAction","target":["https:\/\/www.capgemini.com\/se-en\/news\/press-releases\/nu-trader-capgeminis-avtal-it-konsulttjanster-2021-med-stockholm-uppsala-och-gotland-i-kraft\/"]}]},{"@type":"BreadcrumbList","@id":"https:\/\/www.capgemini.com\/se-en\/news\/press-releases\/nu-trader-capgeminis-avtal-it-konsulttjanster-2021-med-stockholm-uppsala-och-gotland-i-kraft\/#breadcrumb","itemListElement":[{"@type":"ListItem","position":1,"name":"Home","item":"https:\/\/www.capgemini.com\/se-en\/"},{"@type":"ListItem","position":2,"name":"Press Releases","item":"https:\/\/www.capgemini.com\/se-en\/news\/"},{"@type":"ListItem","position":3,"name":"Nu tr\u00e4der Capgeminis avtal IT-konsulttj\u00e4nster 2021 med Stockholm, Uppsala och Gotland i kraft"}]},{"@type":"WebSite","@id":"https:\/\/www.capgemini.com\/se-en\/#website","url":"https:\/\/www.capgemini.com\/se-en\/","name":"Capgemini Sweden","description":"Capgemini","potentialAction":[{"@type":"SearchAction","target":{"@type":"EntryPoint","urlTemplate":"https:\/\/www.capgemini.com\/se-en\/?s={search_term_string}"},"query-input":"required name=search_term_string"}],"inLanguage":"en-US"}]}},"parsely":{"version":"1.1.0","canonical_url":"https:\/\/capgemini.com\/se-en\/news\/press-releases\/nu-trader-capgeminis-avtal-it-konsulttjanster-2021-med-stockholm-uppsala-och-gotland-i-kraft\/","smart_links":{"inbound":0,"outbound":0},"traffic_boost_suggestions_count":0,"meta":{"@context":"https:\/\/schema.org","@type":"NewsArticle","headline":"Nu tr\u00e4der Capgeminis avtal IT-konsulttj\u00e4nster 2021 med Stockholm, Uppsala och Gotland i kraft","url":"https:\/\/www.capgemini.com\/se-en\/news\/press-releases\/nu-trader-capgeminis-avtal-it-konsulttjanster-2021-med-stockholm-uppsala-och-gotland-i-kraft\/","mainEntityOfPage":{"@type":"WebPage","@id":"https:\/\/www.capgemini.com\/se-en\/news\/press-releases\/nu-trader-capgeminis-avtal-it-konsulttjanster-2021-med-stockholm-uppsala-och-gotland-i-kraft\/"},"thumbnailUrl":"","image":{"@type":"ImageObject","url":""},"articleSection":"Uncategorized","author":[],"creator":[],"publisher":{"@type":"Organization","name":"Capgemini Sweden","logo":""},"keywords":[],"dateCreated":"2022-09-26T10:05:00Z","datePublished":"2022-09-26T10:05:00Z","dateModified":"2025-03-13T09:48:43Z"},"rendered":"<meta name=\"parsely-title\" content=\"Nu tr\u00e4der Capgeminis avtal IT-konsulttj\u00e4nster 2021 med Stockholm, Uppsala och Gotland i kraft\" \/>\n<meta name=\"parsely-link\" content=\"https:\/\/www.capgemini.com\/se-en\/news\/press-releases\/nu-trader-capgeminis-avtal-it-konsulttjanster-2021-med-stockholm-uppsala-och-gotland-i-kraft\/\" \/>\n<meta name=\"parsely-type\" content=\"post\" \/>\n<meta name=\"parsely-pub-date\" content=\"2022-09-26T10:05:00Z\" \/>\n<meta name=\"parsely-section\" content=\"Uncategorized\" \/>","tracker_url":"https:\/\/cdn.parsely.com\/keys\/capgemini.com\/p.js"},"archive_status":false,"featured_image_src":"https:\/\/www.capgemini.com\/se-en\/wp-content\/themes\/capgemini2025\/assets\/images\/mockup.png","featured_image_alt":false,"jetpack_sharing_enabled":true,"distributor_meta":false,"distributor_terms":false,"distributor_media":false,"distributor_original_site_name":"Capgemini Sweden","distributor_original_site_url":"https:\/\/www.capgemini.com\/se-en","push-errors":false,"tag_names":[],"_links":{"self":[{"href":"https:\/\/www.capgemini.com\/se-en\/wp-json\/wp\/v2\/press-release\/143587","targetHints":{"allow":["GET"]}}],"collection":[{"href":"https:\/\/www.capgemini.com\/se-en\/wp-json\/wp\/v2\/press-release"}],"about":[{"href":"https:\/\/www.capgemini.com\/se-en\/wp-json\/wp\/v2\/types\/press-release"}],"author":[{"embeddable":true,"href":"https:\/\/www.capgemini.com\/se-en\/wp-json\/wp\/v2\/users\/324"}],"version-history":[{"count":3,"href":"https:\/\/www.capgemini.com\/se-en\/wp-json\/wp\/v2\/press-release\/143587\/revisions"}],"predecessor-version":[{"id":549197,"href":"https:\/\/www.capgemini.com\/se-en\/wp-json\/wp\/v2\/press-release\/143587\/revisions\/549197"}],"wp:attachment":[{"href":"https:\/\/www.capgemini.com\/se-en\/wp-json\/wp\/v2\/media?parent=143587"}],"wp:term":[{"taxonomy":"post_tag","embeddable":true,"href":"https:\/\/www.capgemini.com\/se-en\/wp-json\/wp\/v2\/tags?post=143587"},{"taxonomy":"press-release-type","embeddable":true,"href":"https:\/\/www.capgemini.com\/se-en\/wp-json\/wp\/v2\/press-release-type?post=143587"},{"taxonomy":"brand","embeddable":true,"href":"https:\/\/www.capgemini.com\/se-en\/wp-json\/wp\/v2\/brand?post=143587"}],"curies":[{"name":"wp","href":"https:\/\/api.w.org\/{rel}","templated":true}]}}