{"id":704128,"date":"2023-02-28T07:46:25","date_gmt":"2023-02-28T07:46:25","guid":{"rendered":"https:\/\/www.capgemini.com\/pl-pl\/?post_type=press-release&#038;p=704128"},"modified":"2025-03-12T04:20:25","modified_gmt":"2025-03-12T04:20:25","slug":"piotr-wierzbicki-dyrektorem-generalnym-capgemini-global-delivery-center-w-polsce","status":"publish","type":"press-release","link":"https:\/\/www.capgemini.com\/pl-pl\/news\/piotr-wierzbicki-dyrektorem-generalnym-capgemini-global-delivery-center-w-polsce\/","title":{"rendered":"Piotr wierzbicki dyrektorem generalnym capgemini global delivery center w polsce"},"content":{"rendered":"\t\t<div class=\"wp-block-cg-blocks-hero-press-release\">\n\t\t\t<header class=\"header-hero-press-release\" role=\"main\" id=\"main-content-press-release\">\n\t\t\t\t<div class=\"container\">\n\t\t\t\t\t<div class=\"hero-press-release\">\n\t\t\t\t\t\t<div class=\"hero-press-release-content-wrapper\">\n\t\t\t\t\t\t\t<div class=\"row\">\n\t\t\t\t\t\t\t\t<div class=\"col-12\">\n\t\t\t\t\t\t\t\t\t<div class=\"header-title\">\n\t\t\t\t\t\t\t\t\t\t<h1>\n\t\t\t\t\t\t\t\t\t\t\tPiotr wierzbicki dyrektorem generalnym capgemini global delivery center w polsce\t\t\t\t\t\t\t\t\t\t<\/h1>\n\t\t\t\t\t\t\t\t\t<\/div>\n\t\t\t\t\t\t\t\t\t<div class=\"header-description\">\n\t\t\t\t\t\t\t\t\t\t<p><\/p>\n\t\t\t\t\t\t\t\t\t<\/div>\n\t\t\t\t\t\t\t\t\t\t\t\t\t\t\t\t\t\t<div class=\"header-date\">\n\t\t\t\t\t\t\t\t\t\t<span>lut 28, 2023<\/span>\n\t\t\t\t\t\t\t\t\t<\/div>\n\t\t\t\t\t\t\t\t<\/div>\n\t\t\t\t\t\t\t<\/div>\n\t\t\t\t\t\t<\/div>\n\t\t\t\t\t\t\t\t\t\t\t\t\t<div class=\"hero-press-release-downloads\">\n\t\t\t\t\t\t\t\t<div class=\"row\">\n\t\t\t\t\t\t\t\t\t\t\t\t\t\t\t\t\t\t\t<div class=\"col-12 col-md-6 col-lg-3\">\n\t\t\t\t\t\t\t\t\t\t\t<a class=\"download-item\" type=\"download\" href=\"https:\/\/www.capgemini.com\/pl-pl\/wp-content\/uploads\/sites\/27\/2023\/02\/2023.02.28_Piotr-Wierzbicki-Dyrektorem-Generalnym-Capgemini-Global-Delivery-Center-w-Polsce.pdf\" target=\"_blank\" rel=\"noopener noreferrer\" title=\"Otwiera si\u0119 w nowym oknie\">\n\t\t\t\t\t\t\t\t\t\t\t\t<div class=\"download-icon\"><\/div>\n\t\t\t\t\t\t\t\t\t\t\t\t<div class=\"download-details\">\n\t\t\t\t\t\t\t\t\t\t\t\t\t<div class=\"download-title\">Download press release<\/div>\n\t\t\t\t\t\t\t\t\t\t\t\t\t<div class=\"download-props\">131 KB  pdf<\/div>\n\t\t\t\t\t\t\t\t\t\t\t\t<\/div>\n\t\t\t\t\t\t\t\t\t\t\t<\/a>\n\t\t\t\t\t\t\t\t\t\t<\/div>\n\t\t\t\t\t\t\t\t\t\t\t\t\t\t\t\t\t\t<\/div>\n\t\t\t\t\t\t\t<\/div>\n\t\t\t\t\t\t\t\t\t\t\t\t\t\t\t\t\t<\/div>\n\t\t\t\t<\/div>\n\t\t\t<\/header>\n\t\t<\/div>\n\t\t\n\n\n<section class=\"wp-block-cg-blocks-group undefined section section--article-content\"><div class=\"article-main-content\"><div class=\"container\"><div class=\"row\"><div class=\"col-12 col-md-11 col-lg-10 offset-md-1 offset-lg-1\"><div class=\"article-text article-quote-text\">\n<p><strong>Warszawa, 28.02.2023 &#8211; Piotr Wierzbicki zosta\u0142 powo\u0142any na stanowisko Dyrektora Generalnego Capgemini Global Delivery Center w<\/strong> <strong>Polsce. Dzi\u0119ki sieci tego typu centr\u00f3w zlokalizowanych na ca\u0142ym \u015bwiecie, Capgemini mo\u017ce \u015bwiadczy\u0107 us\u0142ugi biznesowe i transformacyjne dla mi\u0119dzynarodowych klient\u00f3w w wielu j\u0119zykach, przez ca\u0142\u0105 dob\u0119.<\/strong><\/p>\n\n\n\n<p>Global Delivery Center w Polsce ma za zadanie wspiera\u0107 i przyspiesza\u0107 skalowanie technologii oraz us\u0142ug biznesowych dla klient\u00f3w z Europy oraz obu Ameryk. Centrum zosta\u0142o utworzone w odpowiedzi na rosn\u0105ce zapotrzebowanie klient\u00f3w na ofert\u0119 Capgemini Polska, kt\u00f3re \u015bwiadczy us\u0142ugi w zakresie Cloud Infrastructure Services, Intelligent Operations, Engineering, Research and Development, Data and Artificial Intelligence, Cybersecurity, Business Transformation Services, Finance and Accounting oraz Financial Services.<\/p>\n\n\n\n<p>\u201e<em>Bardzo mi\u0142o mi powita\u0107 w Capgemini Piotra Wierzbickiego, kt\u00f3ry poprowadzi Global Delivery Center w Polsce. Nasza sie\u0107 centr\u00f3w ma kluczowe znaczenie dla wspierania procesu transformacji naszych klient\u00f3w w ka\u017cdym miejscu na \u015bwiecie. Piotr ma wszystkie atuty, aby z powodzeniem im towarzyszy\u0107 i realizowa\u0107 ambicje Capgemini w Polsce. Piotr jest znakomitym ekspertem i liderem biznesowym. Mo\u017ce pochwali\u0107 si\u0119 nie tylko 20-letnim do\u015bwiadczeniem, ale r\u00f3wnie\u017c poczuciem misji w dostarczaniu najwy\u017cszej jako\u015bci rezultat\u00f3w oraz rozleg\u0142\u0105 wiedz\u0105 bran\u017cow\u0105.<\/em>\u201d \u2013 komentuje <strong>Jean-Philippe Bol<\/strong>, Dyrektor ds. Transformacji i Industrializacji Operacyjnej Grupy, Cz\u0142onek Zarz\u0105du Capgemini.<\/p>\n\n\n\n<p>\u201e<em>Global Delivery Center, wraz ze swoimi wysokiej klasy ekspertami w szybko rozwijaj\u0105cych si\u0119 dziedzinach takich, jak technologie chmurowe, sztuczna inteligencja, cyberbezpiecze\u0144stwo, inteligentne operacje czy in\u017cynieria, kszta\u0142tuje przysz\u0142o\u015b\u0107 g\u0142\u00f3wnych ga\u0142\u0119zi przemys\u0142u. Wykorzystam wi\u0119c moje do\u015bwiadczenia zebrane przez lata, aby wspiera\u0107 wci\u0105\u017c rosn\u0105c\u0105 grup\u0119 mi\u0119dzynarodowych klient\u00f3w w procesach transformacyjnych. Codzienna wsp\u00f3\u0142praca z utalentowanym zespo\u0142em ekspert\u00f3w, kt\u00f3ry opiera swoje dzia\u0142ania na warto\u015bciach Capgemini i d\u0105\u017cy do biznesowej doskona\u0142o\u015bci jest dla mnie du\u017cym wyr\u00f3\u017cnieniem.\u201d<\/em> \u2013 m\u00f3wi <strong>Piotr Wierzbicki<\/strong>, Dyrektor Generalny Capgemini Global Delivery Center w Capgemini Polska.<\/p>\n\n\n\n<figure class=\"wp-block-image alignleft size-large is-resized\"><img loading=\"lazy\" decoding=\"async\" width=\"640\" height=\"640\" src=\"https:\/\/www.capgemini.com\/pl-pl\/wp-content\/uploads\/sites\/27\/2023\/02\/piotr_wierzbicki.jpg?w=640\" alt=\"\" class=\"wp-image-704133\" style=\"width:259px;height:259px\" srcset=\"https:\/\/www.capgemini.com\/pl-pl\/wp-content\/uploads\/sites\/27\/2023\/02\/piotr_wierzbicki.jpg 640w, https:\/\/www.capgemini.com\/pl-pl\/wp-content\/uploads\/sites\/27\/2023\/02\/piotr_wierzbicki.jpg?resize=150,150 150w, https:\/\/www.capgemini.com\/pl-pl\/wp-content\/uploads\/sites\/27\/2023\/02\/piotr_wierzbicki.jpg?resize=300,300 300w, https:\/\/www.capgemini.com\/pl-pl\/wp-content\/uploads\/sites\/27\/2023\/02\/piotr_wierzbicki.jpg?resize=400,400 400w\" sizes=\"auto, (max-width: 640px) 100vw, 640px\" \/><\/figure>\n\n\n\n<p><strong>Piotr Wierzbicki \u2013 biografia<\/strong><\/p>\n\n\n\n<p>Piotr Wierzbicki posiada ponad 20-letnie do\u015bwiadczenie w pracy na kluczowych stanowiskach najwy\u017cszego szczebla z zakresu sprzeda\u017cy, finans\u00f3w, kt\u00f3re zdoby\u0142 pracuj\u0105c jako CFO lub CEO w mi\u0119dzynarodowych firmach z bran\u017cy IT (takich jak m.in. Sun Microsystems czy Sygnity). W ostatnim czasie pe\u0142ni\u0142 funkcj\u0119 Prezesa Zarz\u0105du Atos Polska SA oraz Atos Global Delivery Center Polska sp. z o.o. Jest absolwentem wydzia\u0142u Handlu Zagranicznego Szko\u0142y G\u0142\u00f3wnej Handlowej (SGH) w Warszawie. Uko\u0144czy\u0142 r\u00f3wnie\u017c szereg szkole\u0144 z zakresu finans\u00f3w, zarz\u0105dzania, sprawozdawczo\u015bci finansowej i zarz\u0105dzania projektami, w tym Business Program&nbsp;for Top Executives w IMD Business School.<\/p>\n\n\n\n<div style=\"height:8px\" aria-hidden=\"true\" class=\"wp-block-spacer\"><\/div>\n\n\n\n<p><strong>O Capgemini<\/strong><\/p>\n\n\n\n<p>Capgemini to \u015bwiatowy lider w dziedzinie doradztwa w zakresie transformacji i zarz\u0105dzania biznesem poprzez wykorzystanie mocy technologii. Celem Grupy jest d\u0105\u017cenie do odpowiedzialnej spo\u0142ecznie, zintegrowanej i zr\u00f3wnowa\u017conej przysz\u0142o\u015bci, w kt\u00f3rej potencja\u0142 ludzki jest wspierany nowymi technologiami. Capgemini jest odpowiedzialn\u0105 i wielokulturow\u0105 organizacj\u0105, licz\u0105c\u0105 ponad 360 000 pracownik\u00f3w zatrudnionych w ponad 50 krajach. Dzi\u0119ki silnemu 55-letniemu dziedzictwu i szerokiej wiedzy bran\u017cowej cieszy si\u0119 zaufaniem swoich klient\u00f3w, a tak\u017ce jest zdolna kompleksowo zaspokoi\u0107 ich potrzeby biznesowe: od strategii i projektowania rozwi\u0105za\u0144 po dzia\u0142ania operacyjne nap\u0119dzane przez dynamicznie rozwijaj\u0105cy si\u0119 i innowacyjny \u015bwiat technologii chmury, danych, sztucznej inteligencji, \u0142\u0105czno\u015bci, oprogramowania, in\u017cynierii cyfrowej i platform. W 2022 roku Grupa odnotowa\u0142a globalne przychody w wysoko\u015bci 22 miliard\u00f3w euro.<\/p>\n\n\n\n<p>Get The Future You Want |&nbsp;<a href=\"http:\/\/www.capgemini.com%20%20%0d\">www.capgemini.com&nbsp;<\/a><\/p>\n<\/div><\/div><\/div><\/div><\/div><\/section>\n","protected":false},"excerpt":{"rendered":"","protected":false},"author":413,"featured_media":0,"template":"","meta":{"cg_dt_proposed_to":[],"cg_seo_hreflang_relations":"[]","cg_seo_canonical_relation":"","cg_seo_hreflang_x_default_relation":"{\"uuid\":\"a15899fe-d1d7-4798-b16b-f8e83b0a1388\",\"blogId\":\"\",\"domain\":\"\",\"sitePath\":\"\",\"postLink\":\"\",\"postId\":null,\"isSaved\":false,\"isCrossLink\":false,\"hasCrossLink\":false}","cg_dt_approved_content":true,"cg_dt_mandatory_content":false,"cg_dt_notes":"","cg_dg_source_changed":false,"cg_dt_link_disabled":false,"footnotes":"","related_resource_url":"https:\/\/www.capgemini.com\/pl-pl\/wp-content\/uploads\/sites\/27\/2023\/02\/2023.02.28_Piotr-Wierzbicki-Dyrektorem-Generalnym-Capgemini-Global-Delivery-Center-w-Polsce.pdf","related_resource_id":704124,"related_resource_size":"131 KB","related_resource_type":"pdf","cg_author":0,"featured_focal_points":""},"tags":[],"press-release-type":[],"brand":[],"class_list":["post-704128","press-release","type-press-release","status-publish","hentry"],"yoast_head":"<!-- This site is optimized with the Yoast SEO Premium plugin v22.8 (Yoast SEO v22.8) - https:\/\/yoast.com\/wordpress\/plugins\/seo\/ -->\n<title>Piotr wierzbicki dyrektorem generalnym capgemini global delivery center w polsce - Capgemini Poland<\/title>\n<meta name=\"robots\" content=\"index, follow, max-snippet:-1, max-image-preview:large, max-video-preview:-1\" \/>\n<link rel=\"canonical\" href=\"https:\/\/www.capgemini.com\/pl-pl\/news\/piotr-wierzbicki-dyrektorem-generalnym-capgemini-global-delivery-center-w-polsce\/\" \/>\n<meta property=\"og:locale\" content=\"pl_PL\" \/>\n<meta property=\"og:type\" content=\"article\" \/>\n<meta property=\"og:title\" content=\"Piotr wierzbicki dyrektorem generalnym capgemini global delivery center w polsce\" \/>\n<meta property=\"og:url\" content=\"https:\/\/www.capgemini.com\/pl-pl\/news\/piotr-wierzbicki-dyrektorem-generalnym-capgemini-global-delivery-center-w-polsce\/\" \/>\n<meta property=\"og:site_name\" content=\"Capgemini Poland\" \/>\n<meta property=\"article:modified_time\" content=\"2025-03-12T04:20:25+00:00\" \/>\n<meta property=\"og:image\" content=\"https:\/\/prod.ucwe.capgemini.com\/pl-pl\/wp-content\/uploads\/sites\/27\/2023\/02\/piotr_wierzbicki.jpg?w=640\" \/>\n<meta name=\"twitter:card\" content=\"summary_large_image\" \/>\n<meta name=\"twitter:label1\" content=\"Est. reading time\" \/>\n\t<meta name=\"twitter:data1\" content=\"4 minutes\" \/>\n<script type=\"application\/ld+json\" class=\"yoast-schema-graph\">{\"@context\":\"https:\/\/schema.org\",\"@graph\":[{\"@type\":\"WebPage\",\"@id\":\"https:\/\/www.capgemini.com\/pl-pl\/news\/piotr-wierzbicki-dyrektorem-generalnym-capgemini-global-delivery-center-w-polsce\/\",\"url\":\"https:\/\/www.capgemini.com\/pl-pl\/news\/piotr-wierzbicki-dyrektorem-generalnym-capgemini-global-delivery-center-w-polsce\/\",\"name\":\"Piotr wierzbicki dyrektorem generalnym capgemini global delivery center w polsce - Capgemini Poland\",\"isPartOf\":{\"@id\":\"https:\/\/www.capgemini.com\/pl-pl\/#website\"},\"primaryImageOfPage\":{\"@id\":\"https:\/\/www.capgemini.com\/pl-pl\/news\/piotr-wierzbicki-dyrektorem-generalnym-capgemini-global-delivery-center-w-polsce\/#primaryimage\"},\"image\":{\"@id\":\"https:\/\/www.capgemini.com\/pl-pl\/news\/piotr-wierzbicki-dyrektorem-generalnym-capgemini-global-delivery-center-w-polsce\/#primaryimage\"},\"thumbnailUrl\":\"https:\/\/www.capgemini.com\/pl-pl\/wp-content\/uploads\/sites\/27\/2023\/02\/piotr_wierzbicki.jpg?w=640\",\"datePublished\":\"2023-02-28T07:46:25+00:00\",\"dateModified\":\"2025-03-12T04:20:25+00:00\",\"breadcrumb\":{\"@id\":\"https:\/\/www.capgemini.com\/pl-pl\/news\/piotr-wierzbicki-dyrektorem-generalnym-capgemini-global-delivery-center-w-polsce\/#breadcrumb\"},\"inLanguage\":\"pl-PL\",\"potentialAction\":[{\"@type\":\"ReadAction\",\"target\":[\"https:\/\/www.capgemini.com\/pl-pl\/news\/piotr-wierzbicki-dyrektorem-generalnym-capgemini-global-delivery-center-w-polsce\/\"]}]},{\"@type\":\"ImageObject\",\"inLanguage\":\"pl-PL\",\"@id\":\"https:\/\/www.capgemini.com\/pl-pl\/news\/piotr-wierzbicki-dyrektorem-generalnym-capgemini-global-delivery-center-w-polsce\/#primaryimage\",\"url\":\"https:\/\/www.capgemini.com\/pl-pl\/wp-content\/uploads\/sites\/27\/2023\/02\/piotr_wierzbicki.jpg?w=640\",\"contentUrl\":\"https:\/\/www.capgemini.com\/pl-pl\/wp-content\/uploads\/sites\/27\/2023\/02\/piotr_wierzbicki.jpg?w=640\"},{\"@type\":\"BreadcrumbList\",\"@id\":\"https:\/\/www.capgemini.com\/pl-pl\/news\/piotr-wierzbicki-dyrektorem-generalnym-capgemini-global-delivery-center-w-polsce\/#breadcrumb\",\"itemListElement\":[{\"@type\":\"ListItem\",\"position\":1,\"name\":\"Home\",\"item\":\"https:\/\/www.capgemini.com\/pl-pl\/\"},{\"@type\":\"ListItem\",\"position\":2,\"name\":\"Press Releases\",\"item\":\"https:\/\/www.capgemini.com\/pl-pl\/news\/\"},{\"@type\":\"ListItem\",\"position\":3,\"name\":\"Piotr wierzbicki dyrektorem generalnym capgemini global delivery center w polsce\"}]},{\"@type\":\"WebSite\",\"@id\":\"https:\/\/www.capgemini.com\/pl-pl\/#website\",\"url\":\"https:\/\/www.capgemini.com\/pl-pl\/\",\"name\":\"Capgemini Polska\",\"description\":\"Capgemini\",\"potentialAction\":[{\"@type\":\"SearchAction\",\"target\":{\"@type\":\"EntryPoint\",\"urlTemplate\":\"https:\/\/www.capgemini.com\/pl-pl\/?s={search_term_string}\"},\"query-input\":\"required name=search_term_string\"}],\"inLanguage\":\"pl-PL\"}]}<\/script>\n<!-- \/ Yoast SEO Premium plugin. -->","yoast_head_json":{"title":"Piotr wierzbicki dyrektorem generalnym capgemini global delivery center w polsce - Capgemini Poland","robots":{"index":"index","follow":"follow","max-snippet":"max-snippet:-1","max-image-preview":"max-image-preview:large","max-video-preview":"max-video-preview:-1"},"canonical":"https:\/\/www.capgemini.com\/pl-pl\/news\/piotr-wierzbicki-dyrektorem-generalnym-capgemini-global-delivery-center-w-polsce\/","og_locale":"pl_PL","og_type":"article","og_title":"Piotr wierzbicki dyrektorem generalnym capgemini global delivery center w polsce","og_url":"https:\/\/www.capgemini.com\/pl-pl\/news\/piotr-wierzbicki-dyrektorem-generalnym-capgemini-global-delivery-center-w-polsce\/","og_site_name":"Capgemini Poland","article_modified_time":"2025-03-12T04:20:25+00:00","og_image":[{"url":"https:\/\/prod.ucwe.capgemini.com\/pl-pl\/wp-content\/uploads\/sites\/27\/2023\/02\/piotr_wierzbicki.jpg?w=640"}],"twitter_card":"summary_large_image","twitter_misc":{"Est. reading time":"4 minutes"},"schema":{"@context":"https:\/\/schema.org","@graph":[{"@type":"WebPage","@id":"https:\/\/www.capgemini.com\/pl-pl\/news\/piotr-wierzbicki-dyrektorem-generalnym-capgemini-global-delivery-center-w-polsce\/","url":"https:\/\/www.capgemini.com\/pl-pl\/news\/piotr-wierzbicki-dyrektorem-generalnym-capgemini-global-delivery-center-w-polsce\/","name":"Piotr wierzbicki dyrektorem generalnym capgemini global delivery center w polsce - Capgemini Poland","isPartOf":{"@id":"https:\/\/www.capgemini.com\/pl-pl\/#website"},"primaryImageOfPage":{"@id":"https:\/\/www.capgemini.com\/pl-pl\/news\/piotr-wierzbicki-dyrektorem-generalnym-capgemini-global-delivery-center-w-polsce\/#primaryimage"},"image":{"@id":"https:\/\/www.capgemini.com\/pl-pl\/news\/piotr-wierzbicki-dyrektorem-generalnym-capgemini-global-delivery-center-w-polsce\/#primaryimage"},"thumbnailUrl":"https:\/\/www.capgemini.com\/pl-pl\/wp-content\/uploads\/sites\/27\/2023\/02\/piotr_wierzbicki.jpg?w=640","datePublished":"2023-02-28T07:46:25+00:00","dateModified":"2025-03-12T04:20:25+00:00","breadcrumb":{"@id":"https:\/\/www.capgemini.com\/pl-pl\/news\/piotr-wierzbicki-dyrektorem-generalnym-capgemini-global-delivery-center-w-polsce\/#breadcrumb"},"inLanguage":"pl-PL","potentialAction":[{"@type":"ReadAction","target":["https:\/\/www.capgemini.com\/pl-pl\/news\/piotr-wierzbicki-dyrektorem-generalnym-capgemini-global-delivery-center-w-polsce\/"]}]},{"@type":"ImageObject","inLanguage":"pl-PL","@id":"https:\/\/www.capgemini.com\/pl-pl\/news\/piotr-wierzbicki-dyrektorem-generalnym-capgemini-global-delivery-center-w-polsce\/#primaryimage","url":"https:\/\/www.capgemini.com\/pl-pl\/wp-content\/uploads\/sites\/27\/2023\/02\/piotr_wierzbicki.jpg?w=640","contentUrl":"https:\/\/www.capgemini.com\/pl-pl\/wp-content\/uploads\/sites\/27\/2023\/02\/piotr_wierzbicki.jpg?w=640"},{"@type":"BreadcrumbList","@id":"https:\/\/www.capgemini.com\/pl-pl\/news\/piotr-wierzbicki-dyrektorem-generalnym-capgemini-global-delivery-center-w-polsce\/#breadcrumb","itemListElement":[{"@type":"ListItem","position":1,"name":"Home","item":"https:\/\/www.capgemini.com\/pl-pl\/"},{"@type":"ListItem","position":2,"name":"Press Releases","item":"https:\/\/www.capgemini.com\/pl-pl\/news\/"},{"@type":"ListItem","position":3,"name":"Piotr wierzbicki dyrektorem generalnym capgemini global delivery center w polsce"}]},{"@type":"WebSite","@id":"https:\/\/www.capgemini.com\/pl-pl\/#website","url":"https:\/\/www.capgemini.com\/pl-pl\/","name":"Capgemini Polska","description":"Capgemini","potentialAction":[{"@type":"SearchAction","target":{"@type":"EntryPoint","urlTemplate":"https:\/\/www.capgemini.com\/pl-pl\/?s={search_term_string}"},"query-input":"required name=search_term_string"}],"inLanguage":"pl-PL"}]}},"parsely":{"version":"1.1.0","canonical_url":"https:\/\/capgemini.com\/pl-pl\/news\/piotr-wierzbicki-dyrektorem-generalnym-capgemini-global-delivery-center-w-polsce\/","smart_links":{"inbound":0,"outbound":0},"traffic_boost_suggestions_count":0,"meta":{"@context":"https:\/\/schema.org","@type":"NewsArticle","headline":"Piotr wierzbicki dyrektorem generalnym capgemini global delivery center w polsce","url":"https:\/\/www.capgemini.com\/pl-pl\/news\/piotr-wierzbicki-dyrektorem-generalnym-capgemini-global-delivery-center-w-polsce\/","mainEntityOfPage":{"@type":"WebPage","@id":"https:\/\/www.capgemini.com\/pl-pl\/news\/piotr-wierzbicki-dyrektorem-generalnym-capgemini-global-delivery-center-w-polsce\/"},"thumbnailUrl":"","image":{"@type":"ImageObject","url":""},"articleSection":"Uncategorized","author":[],"creator":[],"publisher":{"@type":"Organization","name":"Capgemini Poland","logo":""},"keywords":[],"dateCreated":"2023-02-28T07:46:25Z","datePublished":"2023-02-28T07:46:25Z","dateModified":"2025-03-12T04:20:25Z"},"rendered":"<meta name=\"parsely-title\" content=\"Piotr wierzbicki dyrektorem generalnym capgemini global delivery center w polsce\" \/>\n<meta name=\"parsely-link\" content=\"https:\/\/www.capgemini.com\/pl-pl\/news\/piotr-wierzbicki-dyrektorem-generalnym-capgemini-global-delivery-center-w-polsce\/\" \/>\n<meta name=\"parsely-type\" content=\"post\" \/>\n<meta name=\"parsely-pub-date\" content=\"2023-02-28T07:46:25Z\" \/>\n<meta name=\"parsely-section\" content=\"Uncategorized\" \/>","tracker_url":"https:\/\/cdn.parsely.com\/keys\/capgemini.com\/p.js"},"archive_status":false,"featured_image_src":"https:\/\/www.capgemini.com\/pl-pl\/wp-content\/themes\/capgemini2025\/assets\/images\/mockup.png","featured_image_alt":false,"jetpack_sharing_enabled":true,"distributor_meta":false,"distributor_terms":false,"distributor_media":false,"distributor_original_site_name":"Capgemini Poland","distributor_original_site_url":"https:\/\/www.capgemini.com\/pl-pl","push-errors":false,"tag_names":[],"_links":{"self":[{"href":"https:\/\/www.capgemini.com\/pl-pl\/wp-json\/wp\/v2\/press-release\/704128","targetHints":{"allow":["GET"]}}],"collection":[{"href":"https:\/\/www.capgemini.com\/pl-pl\/wp-json\/wp\/v2\/press-release"}],"about":[{"href":"https:\/\/www.capgemini.com\/pl-pl\/wp-json\/wp\/v2\/types\/press-release"}],"author":[{"embeddable":true,"href":"https:\/\/www.capgemini.com\/pl-pl\/wp-json\/wp\/v2\/users\/413"}],"version-history":[{"count":10,"href":"https:\/\/www.capgemini.com\/pl-pl\/wp-json\/wp\/v2\/press-release\/704128\/revisions"}],"predecessor-version":[{"id":908925,"href":"https:\/\/www.capgemini.com\/pl-pl\/wp-json\/wp\/v2\/press-release\/704128\/revisions\/908925"}],"wp:attachment":[{"href":"https:\/\/www.capgemini.com\/pl-pl\/wp-json\/wp\/v2\/media?parent=704128"}],"wp:term":[{"taxonomy":"post_tag","embeddable":true,"href":"https:\/\/www.capgemini.com\/pl-pl\/wp-json\/wp\/v2\/tags?post=704128"},{"taxonomy":"press-release-type","embeddable":true,"href":"https:\/\/www.capgemini.com\/pl-pl\/wp-json\/wp\/v2\/press-release-type?post=704128"},{"taxonomy":"brand","embeddable":true,"href":"https:\/\/www.capgemini.com\/pl-pl\/wp-json\/wp\/v2\/brand?post=704128"}],"curies":[{"name":"wp","href":"https:\/\/api.w.org\/{rel}","templated":true}]}}