{"id":531041,"date":"2024-09-26T05:42:47","date_gmt":"2024-09-26T05:42:47","guid":{"rendered":"https:\/\/www.capgemini.com\/mx-es\/?post_type=press-release&#038;p=531041"},"modified":"2025-04-04T17:22:56","modified_gmt":"2025-04-04T17:22:56","slug":"capgemini-anuncia-dos-nombramientos-directivos","status":"publish","type":"press-release","link":"https:\/\/www.capgemini.com\/mx-es\/news\/press-releases\/capgemini-anuncia-dos-nombramientos-directivos\/","title":{"rendered":"Capgemini anuncia dos nombramientos directivos"},"content":{"rendered":"\t\t<div class=\"wp-block-cg-blocks-hero-press-release\">\n\t\t\t<header class=\"header-hero-press-release\" role=\"main\" id=\"main-content-press-release\">\n\t\t\t\t<div class=\"container\">\n\t\t\t\t\t<div class=\"hero-press-release\">\n\t\t\t\t\t\t<div class=\"hero-press-release-content-wrapper\">\n\t\t\t\t\t\t\t<div class=\"row\">\n\t\t\t\t\t\t\t\t<div class=\"col-12\">\n\t\t\t\t\t\t\t\t\t<div class=\"header-title\">\n\t\t\t\t\t\t\t\t\t\t<h1>\n\t\t\t\t\t\t\t\t\t\t\tCapgemini anuncia dos nombramientos directivos\t\t\t\t\t\t\t\t\t\t<\/h1>\n\t\t\t\t\t\t\t\t\t<\/div>\n\t\t\t\t\t\t\t\t\t<div class=\"header-description\">\n\t\t\t\t\t\t\t\t\t\t<p>Paul Margetts es designado director general de la Unidad de Negocio Estrat\u00e9gica de Asia-Pac\u00edfico (APAC). Rob Walker sustituye a Paul Margetts como director general de la Unidad de Negocio de Capgemini en Reino Unido.<\/p>\n\t\t\t\t\t\t\t\t\t<\/div>\n\t\t\t\t\t\t\t\t\t\t\t\t\t\t\t\t\t\t<div class=\"header-date\">\n\t\t\t\t\t\t\t\t\t\t<span>sep. 26, 2024<\/span>\n\t\t\t\t\t\t\t\t\t<\/div>\n\t\t\t\t\t\t\t\t<\/div>\n\t\t\t\t\t\t\t<\/div>\n\t\t\t\t\t\t<\/div>\n\t\t\t\t\t\t\t\t\t\t\t\t\t<div class=\"hero-press-release-downloads\">\n\t\t\t\t\t\t\t\t<div class=\"row\">\n\t\t\t\t\t\t\t\t\t\t\t\t\t\t\t\t\t\t\t<div class=\"col-12 col-md-6 col-lg-3\">\n\t\t\t\t\t\t\t\t\t\t\t<a class=\"download-item\" type=\"download\" href=\"https:\/\/www.capgemini.com\/wp-content\/uploads\/2024\/09\/09_06_Capgemini-leadership-appts_APAC_UK_September24.pdf\" target=\"_blank\" rel=\"noopener noreferrer\" title=\"abrir en una nueva ventana\">\n\t\t\t\t\t\t\t\t\t\t\t\t<div class=\"download-icon\"><\/div>\n\t\t\t\t\t\t\t\t\t\t\t\t<div class=\"download-details\">\n\t\t\t\t\t\t\t\t\t\t\t\t\t<div class=\"download-title\">Download press release<\/div>\n\t\t\t\t\t\t\t\t\t\t\t\t\t<div class=\"download-props\">145 KB  pdf<\/div>\n\t\t\t\t\t\t\t\t\t\t\t\t<\/div>\n\t\t\t\t\t\t\t\t\t\t\t<\/a>\n\t\t\t\t\t\t\t\t\t\t<\/div>\n\t\t\t\t\t\t\t\t\t\t\t\t\t\t\t\t\t\t<\/div>\n\t\t\t\t\t\t\t<\/div>\n\t\t\t\t\t\t\t\t\t\t\t\t\t\t\t\t\t<\/div>\n\t\t\t\t<\/div>\n\t\t\t<\/header>\n\t\t<\/div>\n\t\t\n\n\n<section class=\"wp-block-cg-blocks-group undefined section section--article-content\"><div class=\"article-main-content\"><div class=\"container\"><div class=\"row\"><div class=\"col-12 col-md-1\"><nav class=\"article-social\"><ul class=\"social-nav\"><li class=\"ip-order-fb\"><a href=\"https:\/\/www.facebook.com\/sharer\/sharer.php?=http:\/\/capgeminiucwe.develop\/?post_type=press-release&amp;p=179\" target=\"_blank\" rel=\"noopener noreferrer\" title=\"abrir en una nueva ventana\"><i aria-hidden=\"true\" class=\"icon-fb\"><\/i><span class=\"sr-only\">Facebook<\/span><\/a><\/li><li class=\"ip-order-tw\"><a href=\"https:\/\/twitter.com\/intent\/tweet?=http:\/\/capgeminiucwe.develop\/?post_type=press-release&amp;p=179\" target=\"_blank\" rel=\"noopener noreferrer\" title=\"abrir en una nueva ventana\"><i aria-hidden=\"true\" class=\"icon-tw\"><\/i><span class=\"sr-only\">Twitter<\/span><\/a><\/li><li class=\"ip-order-li\"><a href=\"https:\/\/www.linkedin.com\/shareArticle?=http:\/\/capgeminiucwe.develop\/?post_type=press-release&amp;p=179\" target=\"_blank\" rel=\"noopener noreferrer\" title=\"abrir en una nueva ventana\"><i aria-hidden=\"true\" class=\"icon-li\"><\/i><span class=\"sr-only\">Linkedin<\/span><\/a><\/li><\/ul><\/nav><\/div><div class=\"col-12 col-md-11 col-lg-10\"><div class=\"article-text article-quote-text\">\n<p><strong><strong>Par\u00eds, 24 de septiembre de 2024: <\/strong><a href=\"https:\/\/www.capgemini.com\/mx-es\/\"><strong>Capgemini<\/strong><\/a><strong> anunci\u00f3 dos nombramientos clave en APAC y Reino Unido, respectivamente. Paul Margetts, hasta ahora director general de la Unidad de Negocio en Reino Unido, se convierte en CEO de la Unidad Estrat\u00e9gica de Negocio de APAC de Capgemini a partir del 1 de octubre de 2024. Tomando el rol de Olaf Pietschner, quien asumir\u00e1 el nuevo cargo de director general de ingresos en APAC. Rob Walker sustituy\u00f3 a Paul, como director general de la Unidad de Negocio en el Reino Unido, a partir del 2 de septiembre de 2024.<\/strong><\/strong><\/p>\n\n\n\n<p><em>\u201cPaul Margetts ha dirigido con \u00e9xito una empresa brit\u00e1nica de gran capacidad de recuperaci\u00f3n que ha obtenido buenos resultados en los \u00faltimos a\u00f1os. Ha sido un defensor de nuestro camino hacia el Net Zero y un ejemplo de nuestro compromiso con la inclusi\u00f3n y el valor social. En su nuevo cargo, Paul aportar\u00e1 su s\u00f3lida trayectoria y visi\u00f3n de negocio a la regi\u00f3n de Asia-Pac\u00edfico, un \u00e1rea clave de crecimiento para el Grupo\u201d, <\/em>coment\u00f3 Aiman Ezzat, CEO del Grupo Capgemini<em>. \u201cTambi\u00e9n me complace dar la bienvenida a Rob Walker a Capgemini. Cuenta con una gran experiencia y un profundo conocimiento de la industria en sectores clave. Es un apasionado del apoyo a los clientes para impulsar el crecimiento a trav\u00e9s de la innovaci\u00f3n tecnol\u00f3gica y la creaci\u00f3n de equipos de alto rendimiento. S\u00e9 que aportar\u00e1 un valor a\u00f1adido al desarrollo de la Unidad de Negocio del Reino Unido. Deseo a Paul y Rob mucho \u00e9xito en sus nuevos puestos.\u201d<\/em><\/p>\n\n\n\n<p><strong>Biograf\u00eda:<\/strong> <strong>Paul Margetts<\/strong><\/p>\n\n\n\n<figure class=\"wp-block-image size-full is-resized\"><img decoding=\"async\" src=\"https:\/\/www.capgemini.com\/wp-content\/uploads\/2024\/09\/P-Margetts.jpg\" alt=\"\" class=\"wp-image-1053919\" style=\"width:149px;height:auto\"\/><\/figure>\n\n\n\n<p>Paul fue director general de la Unidad de Negocio del Reino Unido entre 2018 y 2024. Es miembro del Comit\u00e9 Ejecutivo del Grupo desde 2018.<\/p>\n\n\n\n<p>Desde 2015, se desempe\u00f1\u00f3 como CEO de la Aplicaci\u00f3n de Servicios de Reino Unido y miembro del Consejo del mismo pa\u00eds, as\u00ed como del Consejo de Capgemini para Arabia Saud\u00ed. <\/p>\n\n\n\n<p>Paul ha estado en el Grupo Capgemini desde 1992, tiempo durante el cual ha liderado y entregado compromisos complejos para clientes de m\u00faltiples sectores en el Reino Unido y Europa. Tambi\u00e9n ha sido responsable de dirigir importantes operaciones de entrega, ventas y tecnolog\u00eda, as\u00ed como de impulsar el cambio en toda la empresa.<\/p>\n\n\n\n<p><strong><strong>Biograf\u00eda<\/strong>: Rob Walker<\/strong><\/p>\n\n\n\n<figure class=\"wp-block-image size-full\"><img decoding=\"async\" src=\"https:\/\/www.capgemini.com\/wp-content\/uploads\/2024\/09\/R-Walker.jpg\" alt=\"\" class=\"wp-image-1053920\"\/><\/figure>\n\n\n\n<p>Rob dedic\u00f3 25 a\u00f1os en EY ayudando a los clientes a mejorar la eficiencia de sus negocios utilizando tecnolog\u00edas emergentes y capacidades digitales. En 2021, se incorpor\u00f3 a Cognizant como director general del negocio de Reino Unido e Irlanda. Tras pasar a ser presidente de Mercados de Crecimiento Global, desempe\u00f1\u00f3 un papel integral para ayudar a globalizar el negocio de Cognizant, aumentando los ingresos de la empresa en determinadas geograf\u00edas y acelerando el crecimiento en digital a nivel internacional.<\/p>\n\n\n\n<p><strong><u><strong>Acerca de Capgemini<\/strong><\/u><\/strong><\/p>\n\n\n\n<p>Capgemini es un socio global de transformaci\u00f3n empresarial y tecnol\u00f3gica, que ayuda a las organizaciones a acelerar su transici\u00f3n dual hacia un mundo digital y sostenible, a la vez que crea un impacto tangible para las empresas y la sociedad. Es un grupo responsable y diverso de 340,000 profesionales en m\u00e1s de 50 pa\u00edses. Con su s\u00f3lida herencia de m\u00e1s de 55 a\u00f1os, Capgemini cuenta con la confianza de sus clientes para liberar el valor de la tecnolog\u00eda para abordar toda la gama de sus necesidades empresariales. Ofrece servicios y soluciones integrales que aprovechan las fortalezas de la estrategia y el dise\u00f1o hasta la ingenier\u00eda, todo ello impulsado por sus capacidades l\u00edderes en el mercado en IA, nube y datos, combinadas con su profunda experiencia en el sector y su ecosistema de socios. En 2023, el Grupo report\u00f3 ingresos globales de 22,500 millones de euros.<\/p>\n\n\n\n<p><strong>Get The Future You Want<\/strong> | <a href=\"https:\/\/www.capgemini.com\/mx-es\" target=\"_blank\" rel=\"noreferrer noopener\">www.capgemini.com\/mx-es<\/a><\/p>\n<\/div><\/div><\/div><\/div><\/div><\/section>\n\n\n<div class=\"wp-block-cg-blocks-cg-block-related-content\"><section class=\"relatedContentBlock\"><div class=\"container\"><div class=\"row\"><div class=\"content-title col-12 col-md-8\"><h2 class=\"related-content-heading\">Related news<\/h2><\/div><\/div><div class=\"row relatedContent\"><div class=\"col-lg-4 col-md-6 col-xs-12\">\n\t\t\t\t\t\t\t<div class=\"box\">\n\t\t\t\t\t\t\t\t<a aria-label=\"Leer m\u00e1s sobre Capgemini adquirir\u00e1 Piterion, especialista independiente l\u00edder en gesti\u00f3n del ciclo de vida del producto y digitalizaci\u00f3n industrial\" href=\"https:\/\/www.capgemini.com\/mx-es\/news\/press-releases\/capgemini-adquirira-piterion-especialista-independiente-lider-en-gestion-del-ciclo-de-vida-del-producto-y-digitalizacion-industrial\/\" class=\"anchorWrapper\">\n\t\t\t\t\t\t\t\t\t<span class=\"box-tag\"><span>Corporate news<\/span><\/span>\n\t\t\t\t\t\t\t\t\t<div class=\"box-title\"><h3 class=\"box-subtitle\">Capgemini adquirir\u00e1 Piterion, especialista independiente l\u00edder en gesti\u00f3n del ciclo de vida del producto y digitalizaci\u00f3n industrial<\/h3><\/div>\n\t\t\t\t\t\t\t\t\t<div class=\"box-date\">\n\t\t\t\t\t\t\t\t\t\t<span>Mar 19, 2026<\/span>\n\t\t\t\t\t\t\t\t\t<\/div>\n\t\t\t\t\t\t\t\t\t<div class=\"box-bottom\">\n\t\t\t\t\t\t\t\t\t\t&lt;a class=&quot;link-download&quot; href=&quot;https:\/\/www.capgemini.com\/mx-es\/wp-content\/uploads\/sites\/28\/2026\/03\/Capgemini_Piterion_Press-Release.pdf&quot; aria-label=&quot;Descargar nota de prensa&quot; target=&quot;_blank&quot;  type=&quot;download&quot; title=&quot;Opens in a new window&quot;&gt;\n\t\t\t\t\t\t\t&lt;span&gt;Descargar nota de prensa&lt;\/span&gt;\n\t\t\t\t\t\t\t&lt;span&gt;116 KB PDF&lt;\/span&gt;\n\t\t\t\t\t\t&lt;\/a&gt;\n\t\t\t\t\t\t\t\t\t\t<a class=\"more\" aria-label=\"Leer m\u00e1s sobre Capgemini adquirir\u00e1 Piterion, especialista independiente l\u00edder en gesti\u00f3n del ciclo de vida del producto y digitalizaci\u00f3n industrial\" href=\"https:\/\/www.capgemini.com\/mx-es\/news\/press-releases\/capgemini-adquirira-piterion-especialista-independiente-lider-en-gestion-del-ciclo-de-vida-del-producto-y-digitalizacion-industrial\/\">Leer m\u00e1s sobre<\/a>\n\t\t\t\t\t\t\t\t\t<\/div>\n\t\t\t\t\t\t\t\t<\/a>\n\t\t\t\t\t\t\t<\/div>\n\t\t\t\t\t\t<\/div><div class=\"col-lg-4 col-md-6 col-xs-12\">\n\t\t\t\t\t\t\t<div class=\"box\">\n\t\t\t\t\t\t\t\t<a aria-label=\"Leer m\u00e1s sobre Capgemini desarrolla una soluci\u00f3n de IA ag\u00e9ntica para apoyar a UNICEF a mejorar el acceso de los j\u00f3venes a carreras relacionadas con la sostenibilidad\" href=\"https:\/\/www.capgemini.com\/mx-es\/news\/press-releases\/capgemini-desarrolla-una-solucion-de-ia-agentica-para-apoyar-a-unicef-a-mejorar-el-acceso-de-los-jovenes-a-carreras-relacionadas-con-la-sostenibilidad\/\" class=\"anchorWrapper\">\n\t\t\t\t\t\t\t\t\t<span class=\"box-tag\"><span>Corporate news<\/span><\/span>\n\t\t\t\t\t\t\t\t\t<div class=\"box-title\"><h3 class=\"box-subtitle\">Capgemini desarrolla una soluci\u00f3n de IA ag\u00e9ntica para apoyar a UNICEF a mejorar el acceso de los j\u00f3venes a carreras relacionadas con la sostenibilidad<\/h3><\/div>\n\t\t\t\t\t\t\t\t\t<div class=\"box-date\">\n\t\t\t\t\t\t\t\t\t\t<span>Dec 16, 2025<\/span>\n\t\t\t\t\t\t\t\t\t<\/div>\n\t\t\t\t\t\t\t\t\t<div class=\"box-bottom\">\n\t\t\t\t\t\t\t\t\t\t&lt;a class=&quot;link-download&quot; href=&quot;https:\/\/www.capgemini.com\/mx-es\/wp-content\/uploads\/sites\/28\/2025\/12\/ESP_12_02_Capgemini-News-Alert_GDSC-2025-challenge.pdf&quot; aria-label=&quot;Descargar nota de prensa&quot; target=&quot;_blank&quot;  type=&quot;download&quot; title=&quot;Opens in a new window&quot;&gt;\n\t\t\t\t\t\t\t&lt;span&gt;Descargar nota de prensa&lt;\/span&gt;\n\t\t\t\t\t\t\t&lt;span&gt;178 KB PDF&lt;\/span&gt;\n\t\t\t\t\t\t&lt;\/a&gt;\n\t\t\t\t\t\t\t\t\t\t<a class=\"more\" aria-label=\"Leer m\u00e1s sobre Capgemini desarrolla una soluci\u00f3n de IA ag\u00e9ntica para apoyar a UNICEF a mejorar el acceso de los j\u00f3venes a carreras relacionadas con la sostenibilidad\" href=\"https:\/\/www.capgemini.com\/mx-es\/news\/press-releases\/capgemini-desarrolla-una-solucion-de-ia-agentica-para-apoyar-a-unicef-a-mejorar-el-acceso-de-los-jovenes-a-carreras-relacionadas-con-la-sostenibilidad\/\">Leer m\u00e1s sobre<\/a>\n\t\t\t\t\t\t\t\t\t<\/div>\n\t\t\t\t\t\t\t\t<\/a>\n\t\t\t\t\t\t\t<\/div>\n\t\t\t\t\t\t<\/div><div class=\"col-lg-4 col-md-6 col-xs-12\">\n\t\t\t\t\t\t\t<div class=\"box\">\n\t\t\t\t\t\t\t\t<a aria-label=\"Leer m\u00e1s sobre Capgemini anuncia el cierre de la adquisici\u00f3n de Cloud4C\" href=\"https:\/\/www.capgemini.com\/mx-es\/news\/press-releases\/capgemini-anuncia-el-cierre-de-la-adquisicion-de-cloud4c\/\" class=\"anchorWrapper\">\n\t\t\t\t\t\t\t\t\t<span class=\"box-tag\"><span>Corporate news<\/span><\/span>\n\t\t\t\t\t\t\t\t\t<div class=\"box-title\"><h3 class=\"box-subtitle\">Capgemini anuncia el cierre de la adquisici\u00f3n de Cloud4C<\/h3><\/div>\n\t\t\t\t\t\t\t\t\t<div class=\"box-date\">\n\t\t\t\t\t\t\t\t\t\t<span>Nov 7, 2025<\/span>\n\t\t\t\t\t\t\t\t\t<\/div>\n\t\t\t\t\t\t\t\t\t<div class=\"box-bottom\">\n\t\t\t\t\t\t\t\t\t\t&lt;a class=&quot;link-download&quot; href=&quot;https:\/\/www.capgemini.com\/mx-es\/wp-content\/uploads\/sites\/28\/2025\/11\/ESP_11_03_Capgemini_Cloud4C_acquisition-closing_REV_JG.pdf&quot; aria-label=&quot;Descargar nota de prensa&quot; target=&quot;_blank&quot;  type=&quot;download&quot; title=&quot;Opens in a new window&quot;&gt;\n\t\t\t\t\t\t\t&lt;span&gt;Descargar nota de prensa&lt;\/span&gt;\n\t\t\t\t\t\t\t&lt;span&gt;156 KB PDF&lt;\/span&gt;\n\t\t\t\t\t\t&lt;\/a&gt;\n\t\t\t\t\t\t\t\t\t\t<a class=\"more\" aria-label=\"Leer m\u00e1s sobre Capgemini anuncia el cierre de la adquisici\u00f3n de Cloud4C\" href=\"https:\/\/www.capgemini.com\/mx-es\/news\/press-releases\/capgemini-anuncia-el-cierre-de-la-adquisicion-de-cloud4c\/\">Leer m\u00e1s sobre<\/a>\n\t\t\t\t\t\t\t\t\t<\/div>\n\t\t\t\t\t\t\t\t<\/a>\n\t\t\t\t\t\t\t<\/div>\n\t\t\t\t\t\t<\/div><\/div><\/div><\/section><\/div>","protected":false},"excerpt":{"rendered":"<p>Capgemini anunci\u00f3 dos nombramientos clave en APAC y Reino Unido, respectivamente. Paul Margetts, hasta ahora director general de la Unidad de Negocio en Reino Unido, se convierte en CEO de la Unidad Estrat\u00e9gica de Negocio de APAC de Capgemini a partir del 1 de octubre de 2024. Tomando el rol de Olaf Pietschner, quien asumir\u00e1 el nuevo cargo de director general de ingresos en APAC. Rob Walker sustituy\u00f3 a Paul, como director general de la Unidad de Negocio en el Reino Unido, a partir del 2 de septiembre de 2024.<\/p>\n","protected":false},"author":202,"featured_media":0,"template":"","meta":{"cg_dt_proposed_to":[9,25],"cg_seo_hreflang_relations":"[]","cg_seo_canonical_relation":"","cg_seo_hreflang_x_default_relation":"{\"uuid\":\"0befeaec-b343-49b3-b8b7-3533e6e8fc8b\",\"blogId\":\"\",\"domain\":\"\",\"sitePath\":\"\",\"postLink\":\"\",\"postId\":null,\"isSaved\":true,\"isCrossLink\":false,\"hasCrossLink\":false}","cg_dt_approved_content":true,"cg_dt_mandatory_content":false,"cg_dt_notes":"","cg_dg_source_changed":true,"cg_dt_link_disabled":true,"footnotes":"","related_resource_url":"https:\/\/www.capgemini.com\/wp-content\/uploads\/2024\/09\/09_06_Capgemini-leadership-appts_APAC_UK_September24.pdf","related_resource_id":1053917,"related_resource_size":"145 KB","related_resource_type":"pdf","cg_author":0,"featured_focal_points":""},"tags":[],"press-release-type":[126],"brand":[],"class_list":["post-531041","press-release","type-press-release","status-publish","hentry","press-release-type-corporate-news"],"yoast_head":"<!-- This site is optimized with the Yoast SEO Premium plugin v22.8 (Yoast SEO v22.8) - https:\/\/yoast.com\/wordpress\/plugins\/seo\/ -->\n<title>Capgemini anuncia dos nombramientos directivos | Capgemini<\/title>\n<meta name=\"description\" content=\"Capgemini anunci\u00f3 dos nombramientos clave en APAC y Reino Unido, respectivamente.\" \/>\n<meta name=\"robots\" content=\"index, follow, max-snippet:-1, max-image-preview:large, max-video-preview:-1\" \/>\n<link rel=\"canonical\" href=\"https:\/\/www.capgemini.com\/mx-es\/news\/press-releases\/capgemini-anuncia-dos-nombramientos-directivos\/\" \/>\n<meta property=\"og:locale\" content=\"es_MX\" \/>\n<meta property=\"og:type\" content=\"article\" \/>\n<meta property=\"og:title\" content=\"Capgemini anuncia dos nombramientos directivos\" \/>\n<meta property=\"og:description\" content=\"Capgemini anunci\u00f3 dos nombramientos clave en APAC y Reino Unido, respectivamente.\" \/>\n<meta property=\"og:url\" content=\"https:\/\/www.capgemini.com\/mx-es\/news\/press-releases\/capgemini-anuncia-dos-nombramientos-directivos\/\" \/>\n<meta property=\"og:site_name\" content=\"Capgemini Mexico\" \/>\n<meta property=\"article:modified_time\" content=\"2025-04-04T17:22:56+00:00\" \/>\n<meta property=\"og:image\" content=\"https:\/\/www.capgemini.com\/mx-es\/wp-content\/uploads\/sites\/28\/2025\/10\/New-Web-preview-global.jpg\" \/>\n\t<meta property=\"og:image:width\" content=\"1200\" \/>\n\t<meta property=\"og:image:height\" content=\"627\" \/>\n\t<meta property=\"og:image:type\" content=\"image\/jpeg\" \/>\n<meta name=\"twitter:card\" content=\"summary_large_image\" \/>\n<meta name=\"twitter:label1\" content=\"Est. reading time\" \/>\n\t<meta name=\"twitter:data1\" content=\"4 minutes\" \/>\n<script type=\"application\/ld+json\" class=\"yoast-schema-graph\">{\"@context\":\"https:\/\/schema.org\",\"@graph\":[{\"@type\":\"WebPage\",\"@id\":\"https:\/\/www.capgemini.com\/mx-es\/news\/press-releases\/capgemini-anuncia-dos-nombramientos-directivos\/\",\"url\":\"https:\/\/www.capgemini.com\/mx-es\/news\/press-releases\/capgemini-anuncia-dos-nombramientos-directivos\/\",\"name\":\"Capgemini anuncia dos nombramientos directivos | Capgemini\",\"isPartOf\":{\"@id\":\"https:\/\/www.capgemini.com\/mx-es\/#website\"},\"primaryImageOfPage\":{\"@id\":\"https:\/\/www.capgemini.com\/mx-es\/news\/press-releases\/capgemini-anuncia-dos-nombramientos-directivos\/#primaryimage\"},\"image\":{\"@id\":\"https:\/\/www.capgemini.com\/mx-es\/news\/press-releases\/capgemini-anuncia-dos-nombramientos-directivos\/#primaryimage\"},\"thumbnailUrl\":\"https:\/\/www.capgemini.com\/wp-content\/uploads\/2024\/09\/P-Margetts.jpg\",\"datePublished\":\"2024-09-26T05:42:47+00:00\",\"dateModified\":\"2025-04-04T17:22:56+00:00\",\"description\":\"Capgemini anunci\u00f3 dos nombramientos clave en APAC y Reino Unido, respectivamente.\",\"breadcrumb\":{\"@id\":\"https:\/\/www.capgemini.com\/mx-es\/news\/press-releases\/capgemini-anuncia-dos-nombramientos-directivos\/#breadcrumb\"},\"inLanguage\":\"es-MX\",\"potentialAction\":[{\"@type\":\"ReadAction\",\"target\":[\"https:\/\/www.capgemini.com\/mx-es\/news\/press-releases\/capgemini-anuncia-dos-nombramientos-directivos\/\"]}]},{\"@type\":\"ImageObject\",\"inLanguage\":\"es-MX\",\"@id\":\"https:\/\/www.capgemini.com\/mx-es\/news\/press-releases\/capgemini-anuncia-dos-nombramientos-directivos\/#primaryimage\",\"url\":\"https:\/\/www.capgemini.com\/wp-content\/uploads\/2024\/09\/P-Margetts.jpg\",\"contentUrl\":\"https:\/\/www.capgemini.com\/wp-content\/uploads\/2024\/09\/P-Margetts.jpg\"},{\"@type\":\"BreadcrumbList\",\"@id\":\"https:\/\/www.capgemini.com\/mx-es\/news\/press-releases\/capgemini-anuncia-dos-nombramientos-directivos\/#breadcrumb\",\"itemListElement\":[{\"@type\":\"ListItem\",\"position\":1,\"name\":\"Home\",\"item\":\"https:\/\/www.capgemini.com\/mx-es\/\"},{\"@type\":\"ListItem\",\"position\":2,\"name\":\"Press Releases\",\"item\":\"https:\/\/www.capgemini.com\/mx-es\/news\/\"},{\"@type\":\"ListItem\",\"position\":3,\"name\":\"Capgemini anuncia dos nombramientos directivos\"}]},{\"@type\":\"WebSite\",\"@id\":\"https:\/\/www.capgemini.com\/mx-es\/#website\",\"url\":\"https:\/\/www.capgemini.com\/mx-es\/\",\"name\":\"Capgemini Mexico\",\"description\":\"Capgemini\",\"publisher\":{\"@id\":\"https:\/\/www.capgemini.com\/mx-es\/#organization\"},\"potentialAction\":[{\"@type\":\"SearchAction\",\"target\":{\"@type\":\"EntryPoint\",\"urlTemplate\":\"https:\/\/www.capgemini.com\/mx-es\/?s={search_term_string}\"},\"query-input\":\"required name=search_term_string\"}],\"inLanguage\":\"es-MX\"},{\"@type\":\"Organization\",\"@id\":\"https:\/\/www.capgemini.com\/mx-es\/#organization\",\"name\":\"Capgemini Mexico\",\"url\":\"https:\/\/www.capgemini.com\/mx-es\/\",\"logo\":{\"@type\":\"ImageObject\",\"inLanguage\":\"es-MX\",\"@id\":\"https:\/\/www.capgemini.com\/mx-es\/#\/schema\/logo\/image\/\",\"url\":\"https:\/\/www.capgemini.com\/mx-es\/wp-content\/uploads\/sites\/28\/2025\/07\/linkedin_mwo0q6.png\",\"contentUrl\":\"https:\/\/www.capgemini.com\/mx-es\/wp-content\/uploads\/sites\/28\/2025\/07\/linkedin_mwo0q6.png\",\"width\":800,\"height\":800,\"caption\":\"Capgemini Mexico\"},\"image\":{\"@id\":\"https:\/\/www.capgemini.com\/mx-es\/#\/schema\/logo\/image\/\"}}]}<\/script>\n<!-- \/ Yoast SEO Premium plugin. -->","yoast_head_json":{"title":"Capgemini anuncia dos nombramientos directivos | Capgemini","description":"Capgemini anunci\u00f3 dos nombramientos clave en APAC y Reino Unido, respectivamente.","robots":{"index":"index","follow":"follow","max-snippet":"max-snippet:-1","max-image-preview":"max-image-preview:large","max-video-preview":"max-video-preview:-1"},"canonical":"https:\/\/www.capgemini.com\/mx-es\/news\/press-releases\/capgemini-anuncia-dos-nombramientos-directivos\/","og_locale":"es_MX","og_type":"article","og_title":"Capgemini anuncia dos nombramientos directivos","og_description":"Capgemini anunci\u00f3 dos nombramientos clave en APAC y Reino Unido, respectivamente.","og_url":"https:\/\/www.capgemini.com\/mx-es\/news\/press-releases\/capgemini-anuncia-dos-nombramientos-directivos\/","og_site_name":"Capgemini Mexico","article_modified_time":"2025-04-04T17:22:56+00:00","og_image":[{"width":1200,"height":627,"url":"https:\/\/www.capgemini.com\/mx-es\/wp-content\/uploads\/sites\/28\/2025\/10\/New-Web-preview-global.jpg","type":"image\/jpeg"}],"twitter_card":"summary_large_image","twitter_misc":{"Est. reading time":"4 minutes"},"schema":{"@context":"https:\/\/schema.org","@graph":[{"@type":"WebPage","@id":"https:\/\/www.capgemini.com\/mx-es\/news\/press-releases\/capgemini-anuncia-dos-nombramientos-directivos\/","url":"https:\/\/www.capgemini.com\/mx-es\/news\/press-releases\/capgemini-anuncia-dos-nombramientos-directivos\/","name":"Capgemini anuncia dos nombramientos directivos | Capgemini","isPartOf":{"@id":"https:\/\/www.capgemini.com\/mx-es\/#website"},"primaryImageOfPage":{"@id":"https:\/\/www.capgemini.com\/mx-es\/news\/press-releases\/capgemini-anuncia-dos-nombramientos-directivos\/#primaryimage"},"image":{"@id":"https:\/\/www.capgemini.com\/mx-es\/news\/press-releases\/capgemini-anuncia-dos-nombramientos-directivos\/#primaryimage"},"thumbnailUrl":"https:\/\/www.capgemini.com\/wp-content\/uploads\/2024\/09\/P-Margetts.jpg","datePublished":"2024-09-26T05:42:47+00:00","dateModified":"2025-04-04T17:22:56+00:00","description":"Capgemini anunci\u00f3 dos nombramientos clave en APAC y Reino Unido, respectivamente.","breadcrumb":{"@id":"https:\/\/www.capgemini.com\/mx-es\/news\/press-releases\/capgemini-anuncia-dos-nombramientos-directivos\/#breadcrumb"},"inLanguage":"es-MX","potentialAction":[{"@type":"ReadAction","target":["https:\/\/www.capgemini.com\/mx-es\/news\/press-releases\/capgemini-anuncia-dos-nombramientos-directivos\/"]}]},{"@type":"ImageObject","inLanguage":"es-MX","@id":"https:\/\/www.capgemini.com\/mx-es\/news\/press-releases\/capgemini-anuncia-dos-nombramientos-directivos\/#primaryimage","url":"https:\/\/www.capgemini.com\/wp-content\/uploads\/2024\/09\/P-Margetts.jpg","contentUrl":"https:\/\/www.capgemini.com\/wp-content\/uploads\/2024\/09\/P-Margetts.jpg"},{"@type":"BreadcrumbList","@id":"https:\/\/www.capgemini.com\/mx-es\/news\/press-releases\/capgemini-anuncia-dos-nombramientos-directivos\/#breadcrumb","itemListElement":[{"@type":"ListItem","position":1,"name":"Home","item":"https:\/\/www.capgemini.com\/mx-es\/"},{"@type":"ListItem","position":2,"name":"Press Releases","item":"https:\/\/www.capgemini.com\/mx-es\/news\/"},{"@type":"ListItem","position":3,"name":"Capgemini anuncia dos nombramientos directivos"}]},{"@type":"WebSite","@id":"https:\/\/www.capgemini.com\/mx-es\/#website","url":"https:\/\/www.capgemini.com\/mx-es\/","name":"Capgemini Mexico","description":"Capgemini","publisher":{"@id":"https:\/\/www.capgemini.com\/mx-es\/#organization"},"potentialAction":[{"@type":"SearchAction","target":{"@type":"EntryPoint","urlTemplate":"https:\/\/www.capgemini.com\/mx-es\/?s={search_term_string}"},"query-input":"required name=search_term_string"}],"inLanguage":"es-MX"},{"@type":"Organization","@id":"https:\/\/www.capgemini.com\/mx-es\/#organization","name":"Capgemini Mexico","url":"https:\/\/www.capgemini.com\/mx-es\/","logo":{"@type":"ImageObject","inLanguage":"es-MX","@id":"https:\/\/www.capgemini.com\/mx-es\/#\/schema\/logo\/image\/","url":"https:\/\/www.capgemini.com\/mx-es\/wp-content\/uploads\/sites\/28\/2025\/07\/linkedin_mwo0q6.png","contentUrl":"https:\/\/www.capgemini.com\/mx-es\/wp-content\/uploads\/sites\/28\/2025\/07\/linkedin_mwo0q6.png","width":800,"height":800,"caption":"Capgemini Mexico"},"image":{"@id":"https:\/\/www.capgemini.com\/mx-es\/#\/schema\/logo\/image\/"}}]}},"parsely":{"version":"1.1.0","canonical_url":"https:\/\/capgemini.com\/mx-es\/news\/press-releases\/capgemini-anuncia-dos-nombramientos-directivos\/","smart_links":{"inbound":0,"outbound":0},"traffic_boost_suggestions_count":0,"meta":{"@context":"https:\/\/schema.org","@type":"NewsArticle","headline":"Capgemini anuncia dos nombramientos directivos","url":"https:\/\/www.capgemini.com\/mx-es\/news\/press-releases\/capgemini-anuncia-dos-nombramientos-directivos\/","mainEntityOfPage":{"@type":"WebPage","@id":"https:\/\/www.capgemini.com\/mx-es\/news\/press-releases\/capgemini-anuncia-dos-nombramientos-directivos\/"},"thumbnailUrl":"","image":{"@type":"ImageObject","url":""},"articleSection":"Uncategorized","author":[],"creator":[],"publisher":{"@type":"Organization","name":"Capgemini Mexico","logo":""},"keywords":[],"dateCreated":"2024-09-26T05:42:47Z","datePublished":"2024-09-26T05:42:47Z","dateModified":"2025-04-04T17:22:56Z"},"rendered":"<meta name=\"parsely-title\" content=\"Capgemini anuncia dos nombramientos directivos\" \/>\n<meta name=\"parsely-link\" content=\"https:\/\/www.capgemini.com\/mx-es\/news\/press-releases\/capgemini-anuncia-dos-nombramientos-directivos\/\" \/>\n<meta name=\"parsely-type\" content=\"post\" \/>\n<meta name=\"parsely-pub-date\" content=\"2024-09-26T05:42:47Z\" \/>\n<meta name=\"parsely-section\" content=\"Uncategorized\" \/>","tracker_url":"https:\/\/cdn.parsely.com\/keys\/capgemini.com\/p.js"},"archive_status":false,"featured_image_src":"https:\/\/www.capgemini.com\/mx-es\/wp-content\/themes\/capgemini2025\/assets\/images\/mockup.png","featured_image_alt":false,"jetpack_sharing_enabled":true,"distributor_meta":false,"distributor_terms":false,"distributor_media":false,"distributor_original_site_name":"Capgemini Mexico","distributor_original_site_url":"https:\/\/www.capgemini.com\/mx-es","push-errors":false,"tag_names":[],"_links":{"self":[{"href":"https:\/\/www.capgemini.com\/mx-es\/wp-json\/wp\/v2\/press-release\/531041","targetHints":{"allow":["GET"]}}],"collection":[{"href":"https:\/\/www.capgemini.com\/mx-es\/wp-json\/wp\/v2\/press-release"}],"about":[{"href":"https:\/\/www.capgemini.com\/mx-es\/wp-json\/wp\/v2\/types\/press-release"}],"author":[{"embeddable":true,"href":"https:\/\/www.capgemini.com\/mx-es\/wp-json\/wp\/v2\/users\/202"}],"version-history":[{"count":12,"href":"https:\/\/www.capgemini.com\/mx-es\/wp-json\/wp\/v2\/press-release\/531041\/revisions"}],"predecessor-version":[{"id":541421,"href":"https:\/\/www.capgemini.com\/mx-es\/wp-json\/wp\/v2\/press-release\/531041\/revisions\/541421"}],"wp:attachment":[{"href":"https:\/\/www.capgemini.com\/mx-es\/wp-json\/wp\/v2\/media?parent=531041"}],"wp:term":[{"taxonomy":"post_tag","embeddable":true,"href":"https:\/\/www.capgemini.com\/mx-es\/wp-json\/wp\/v2\/tags?post=531041"},{"taxonomy":"press-release-type","embeddable":true,"href":"https:\/\/www.capgemini.com\/mx-es\/wp-json\/wp\/v2\/press-release-type?post=531041"},{"taxonomy":"brand","embeddable":true,"href":"https:\/\/www.capgemini.com\/mx-es\/wp-json\/wp\/v2\/brand?post=531041"}],"curies":[{"name":"wp","href":"https:\/\/api.w.org\/{rel}","templated":true}]}}