{"id":510638,"date":"2023-03-13T08:30:00","date_gmt":"2023-03-13T07:30:00","guid":{"rendered":"https:\/\/www.capgemini.com\/?post_type=press-release&#038;p=870512"},"modified":"2025-04-04T18:05:43","modified_gmt":"2025-04-04T18:05:43","slug":"capgemini-ayudara-a-eneco-a-reducir-su-huella-de-carbono-anual-en-un-megaton-para-2030","status":"publish","type":"press-release","link":"https:\/\/www.capgemini.com\/mx-es\/news\/press-releases\/capgemini-ayudara-a-eneco-a-reducir-su-huella-de-carbono-anual-en-un-megaton-para-2030\/","title":{"rendered":"Capgemini ayudar\u00e1 a Eneco a reducir su huella de carbono anual en un megat\u00f3n para 2030"},"content":{"rendered":"\n<p><\/p>\n\n\n\t\t<div class=\"wp-block-cg-blocks-hero-press-release\">\n\t\t\t<header class=\"header-hero-press-release\" role=\"main\" id=\"main-content-press-release\">\n\t\t\t\t<div class=\"container\">\n\t\t\t\t\t<div class=\"hero-press-release\">\n\t\t\t\t\t\t<div class=\"hero-press-release-content-wrapper\">\n\t\t\t\t\t\t\t<div class=\"row\">\n\t\t\t\t\t\t\t\t<div class=\"col-12\">\n\t\t\t\t\t\t\t\t\t<div class=\"header-title\">\n\t\t\t\t\t\t\t\t\t\t<h1>\n\t\t\t\t\t\t\t\t\t\t\tCapgemini ayudar\u00e1 a Eneco a reducir su huella de carbono anual en un megat\u00f3n para 2030\t\t\t\t\t\t\t\t\t\t<\/h1>\n\t\t\t\t\t\t\t\t\t<\/div>\n\t\t\t\t\t\t\t\t\t<div class=\"header-description\">\n\t\t\t\t\t\t\t\t\t\t<p><\/p>\n\t\t\t\t\t\t\t\t\t<\/div>\n\t\t\t\t\t\t\t\t\t\t\t\t\t\t\t\t\t\t<div class=\"header-date\">\n\t\t\t\t\t\t\t\t\t\t<span>mar. 13, 2023<\/span>\n\t\t\t\t\t\t\t\t\t<\/div>\n\t\t\t\t\t\t\t\t<\/div>\n\t\t\t\t\t\t\t<\/div>\n\t\t\t\t\t\t<\/div>\n\t\t\t\t\t\t\t\t\t\t\t\t\t<div class=\"hero-press-release-downloads\">\n\t\t\t\t\t\t\t\t<div class=\"row\">\n\t\t\t\t\t\t\t\t\t\t\t\t\t\t\t\t\t\t\t<div class=\"col-12 col-md-6 col-lg-3\">\n\t\t\t\t\t\t\t\t\t\t\t<a class=\"download-item\" type=\"download\" href=\"https:\/\/www.capgemini.com\/wp-content\/uploads\/2023\/03\/2022_03_13_Capgemini-Press-Release_Eneco_CO2reduction.pdf\" target=\"_blank\" rel=\"noopener noreferrer\" title=\"abrir en una nueva ventana\">\n\t\t\t\t\t\t\t\t\t\t\t\t<div class=\"download-icon\"><\/div>\n\t\t\t\t\t\t\t\t\t\t\t\t<div class=\"download-details\">\n\t\t\t\t\t\t\t\t\t\t\t\t\t<div class=\"download-title\">Download press release<\/div>\n\t\t\t\t\t\t\t\t\t\t\t\t\t<div class=\"download-props\">115 KB  pdf<\/div>\n\t\t\t\t\t\t\t\t\t\t\t\t<\/div>\n\t\t\t\t\t\t\t\t\t\t\t<\/a>\n\t\t\t\t\t\t\t\t\t\t<\/div>\n\t\t\t\t\t\t\t\t\t\t\t\t\t\t\t\t\t\t<\/div>\n\t\t\t\t\t\t\t<\/div>\n\t\t\t\t\t\t\t\t\t\t\t\t\t\t\t\t\t<\/div>\n\t\t\t\t<\/div>\n\t\t\t<\/header>\n\t\t<\/div>\n\t\t\n\n\n<section class=\"wp-block-cg-blocks-group undefined section section--article-content\"><div class=\"article-main-content\"><div class=\"container\"><div class=\"row\"><div class=\"col-12 col-md-1\"><nav class=\"article-social\"><ul class=\"social-nav\"><li class=\"ip-order-fb\"><a href=\"https:\/\/www.facebook.com\/sharer\/sharer.php?=http:\/\/capgeminiucwe.develop\/?post_type=press-release&amp;p=179\" target=\"_blank\" rel=\"noopener noreferrer\" title=\"abrir en una nueva ventana\"><i aria-hidden=\"true\" class=\"icon-fb\"><\/i><span class=\"sr-only\">Facebook<\/span><\/a><\/li><li class=\"ip-order-tw\"><a href=\"https:\/\/twitter.com\/intent\/tweet?=http:\/\/capgeminiucwe.develop\/?post_type=press-release&amp;p=179\" target=\"_blank\" rel=\"noopener noreferrer\" title=\"abrir en una nueva ventana\"><i aria-hidden=\"true\" class=\"icon-tw\"><\/i><span class=\"sr-only\">Twitter<\/span><\/a><\/li><li class=\"ip-order-li\"><a href=\"https:\/\/www.linkedin.com\/shareArticle?=http:\/\/capgeminiucwe.develop\/?post_type=press-release&amp;p=179\" target=\"_blank\" rel=\"noopener noreferrer\" title=\"abrir en una nueva ventana\"><i aria-hidden=\"true\" class=\"icon-li\"><\/i><span class=\"sr-only\">Linkedin<\/span><\/a><\/li><\/ul><\/nav><\/div><div class=\"col-12 col-md-11 col-lg-10\"><div class=\"article-text article-quote-text\">\n<p><strong>PAR\u00cdS, 10 de abril de 2023 \u2013 <\/strong><a href=\"http:\/\/www.capgemini.com\/mx-es\"><strong>Capgemini<\/strong><\/a><strong> y Eneco, un grupo de empresas que operan en el campo de las energ\u00edas renovables y la innovaci\u00f3n, el comercio de energ\u00eda y la venta al por menor, han anunciado un compromiso para reducir las emisiones de CO<sub>2<\/sub> de Eneco en un megat\u00f3n a trav\u00e9s de iniciativas conjuntas en los alcances 1, 2 y 3<\/strong><a id=\"_ftnref1\" href=\"#_ftn1\">[1]<\/a><strong> para 2030. Este compromiso forma parte de un <a href=\"https:\/\/www.capgemini.com\/news\/press-releases\/capgemini-to-support-enecos-sustainable-energy-transition-and-growth-strategy\/\">acuerdo m\u00e1s amplio a 10 a\u00f1os entre Capgemini y Eneco<\/a> para acelerar la transici\u00f3n de Eneco hacia la energ\u00eda sostenible, y ayudar a cumplir su ambici\u00f3n de alcanzar la neutralidad de carbono para 2035.<\/strong><\/p>\n\n\n\n<p>Ambas compa\u00f1\u00edas estudiar\u00e1n el impacto de la ingenier\u00eda, el entorno digital, los datos y la IA, la tecnolog\u00eda empresarial y las plataformas en la reducci\u00f3n de las emisiones de CO<sub>2<\/sub> de alcance 1, 2 y 3. Este objetivo para 2030 se basa en el compromiso que comparten Eneco y Capgemini de que un futuro sostenible solo puede alcanzarse a trav\u00e9s de la colaboraci\u00f3n intersectorial con todos los grupos de inter\u00e9s, incluyendo a clientes, socios estrat\u00e9gicos y proveedores. La colaboraci\u00f3n de Capgemini con Eneco se enfocar\u00e1 en la innovaci\u00f3n de modelos de negocio, procesos y tecnolog\u00eda, y se espera que contribuya en aproximadamente un 17% al objetivo de reducci\u00f3n de carbono de Eneco para 2030.<\/p>\n\n\n\n<p><em><em>\u201cNos esforzamos por trabajar activamente con todos los actores de la cadena de valor en su conjunto para alcanzar nuestros objetivos de transici\u00f3n energ\u00e9tica. Este compromiso con nuestro socio Capgemini es el primer ejemplo concreto de c\u00f3mo queremos hacerlo. Las capacidades tecnol\u00f3gicas y de innovaci\u00f3n de Capgemini, as\u00ed como su alcance global, nos permitir\u00e1n dar este paso positivo y significativo en nuestro camino hacia el cero neto\u201d, <\/em>declar\u00f3 Erwin Leeuwis, Director de Estrategia Corporativa de Eneco.<\/em><\/p>\n\n\n\n<p><em><em>\u201cEn Capgemini hemos establecido objetivos claros y medibles para acelerar nuestro camino hacia las cero emisiones netas, y estamos comprometidos a ayudar a nuestros clientes a alcanzar sus propios objetivos de sostenibilidad a trav\u00e9s de alianzas estrat\u00e9gicas a largo plazo centradas en limitar su impacto ambiental\u201d, <\/em>se\u00f1al\u00f3 Cyril Garcia, Director Global de Servicios de Sostenibilidad e integrante del Consejo Ejecutivo del Grupo Capgemini.<em> \u201cAl combinar nuestra experiencia en ingenier\u00eda, tecnolog\u00eda y datos e IA, y nuestros innovadores modelos de c\u00e1lculo de carbono, con las capacidades avanzadas de Eneco para acelerar la transici\u00f3n energ\u00e9tica sobre el terreno, juntos conseguiremos una reducci\u00f3n significativa de las emisiones de CO<sub>2<\/sub> y contribuiremos positivamente el trabajo pionero que realiza Eneco\u201d.<\/em><\/em><\/p>\n\n\n\n<p>Para demostrar c\u00f3mo la innovaci\u00f3n en modelos de negocio, procesos y tecnolog\u00eda puede ayudar a reducir las emisiones de CO<sub>2<\/sub>, Capgemini y Eneco evaluaron el potencial de una serie de innovaciones centradas principalmente en el Alcance 3, con un enfoque integral de c\u00e1lculo del carbono. Las emisiones de Alcance 3 de Eneco representan casi el 90% de su producci\u00f3n total y se generan a partir de fuentes indirectas dentro de su cadena de suministro, como la adquisici\u00f3n de bienes y servicios, la distribuci\u00f3n, el transporte, el uso de productos vendidos y el tratamiento al final de la vida \u00fatil de los productos vendidos. Por ello, es fundamental reducir la huella de carbono de los socios y clientes de Eneco, por ejemplo, mediante la electrificaci\u00f3n radical, la eliminaci\u00f3n progresiva del gas natural y la aceleraci\u00f3n de soluciones de calor sostenibles.<\/p>\n\n\n\n<p><strong>Capgemini y Eneco probar\u00e1n y evaluar\u00e1n conjuntamente las innovaciones<\/strong><\/p>\n\n\n\n<p>Para realizar un seguimiento preciso, informar y analizar los avances y permitir a Eneco tomar decisiones basadas en datos, se han creado modelos de c\u00e1lculo de CO<sub>2<\/sub> utilizando una Evaluaci\u00f3n del Ciclo de Vida<a id=\"_ftnref2\" href=\"#_ftn2\">[2]<\/a>, de principio a fin, y datos comerciales. Capgemini tambi\u00e9n ayudar\u00e1 a Eneco a reducir sus emisiones de Alcance 1 y 2 a trav\u00e9s de la reducci\u00f3n de su huella de TI, oficinas y edificios energ\u00e9ticamente m\u00e1s eficientes utilizados por Eneco, y una reducci\u00f3n de CO<sub>2<\/sub> en la propia cadena de suministro y producci\u00f3n de energ\u00eda de Eneco.<\/p>\n\n\n\n<p>Otras innovaciones que se evaluar\u00e1n son<\/p>\n\n\n\n<ul class=\"wp-block-list\">\n<li>Servicios de descarbonizaci\u00f3n B2B para ayudar a los clientes comerciales de Eneco a reducir a\u00fan m\u00e1s las emisiones de carbono con soluciones como bombas de calor, aislamiento, iluminaci\u00f3n inteligente de oficinas, calderas y paneles solares.<\/li>\n\n\n\n<li>Una central el\u00e9ctrica virtual: una plataforma digital para equilibrar la oferta y la demanda de energ\u00eda renovable con el sector de energ\u00eda.<\/li>\n\n\n\n<li>Gemelos digitales para reducir los costos de construcci\u00f3n y operaci\u00f3n de parques e\u00f3licos terrestres y marinos.<\/li>\n<\/ul>\n\n\n\n<p><strong>Acerca de Capgemini<\/strong><\/p>\n\n\n\n<p>Capgemini es un l\u00edder mundial que acompa\u00f1a a las empresas para transformar y gestionar su negocio aprovechando el poder de la tecnolog\u00eda. El Grupo se gu\u00eda cada d\u00eda por su prop\u00f3sito de liberar la energ\u00eda humana a trav\u00e9s de la tecnolog\u00eda para crear un futuro inclusivo y sostenible. Es una organizaci\u00f3n responsable y diversa que cuenta con 360,000 profesionales en m\u00e1s de 50 pa\u00edses. Con una s\u00f3lida herencia de 55 a\u00f1os y profunda experiencia en la industria, Capgemini cuenta con la confianza de sus clientes para abordar toda la gama de sus necesidades empresariales, desde la estrategia y el dise\u00f1o hasta las operaciones, todo ello impulsado por el mundo innovador y en r\u00e1pida evoluci\u00f3n de la nube, los datos, inteligencia artificial, conectividad, software, plataformas e ingenier\u00eda digital. En 2022, el Grupo report\u00f3 ingresos globales de 22,000 millones de euros.<\/p>\n\n\n\n<p>Get The Future You Want | <a href=\"http:\/\/www.capgemini.com\/mx-es\">www.capgemini.com\/mx-es<\/a><\/p>\n\n\n\n<hr class=\"wp-block-separator has-alpha-channel-opacity\"\/>\n\n\n\n<p><a id=\"_ftn1\" href=\"#_ftnref1\">[1]<\/a> Las emisiones de Alcance 1 se refieren a las emisiones directas de los edificios o los activos que son propiedad o est\u00e1n bajo el control de una empresa, como las emisiones relacionadas con el consumo de combustible y los gases refrigerantes. Las emisiones de Alcance 2 se refieren a las emisiones derivadas del consumo de electricidad, calor o vapor. Las emisiones de Alcance 3 son todas las dem\u00e1s emisiones generadas dentro de la cadena de valor de una organizaci\u00f3n, incluyendo las emisiones ascendentes y descendentes. Se producen como resultado de las actividades de una entidad, pero de fuentes que no son propiedad ni est\u00e1n controladas por las actividades que realiza esa entidad.<\/p>\n\n\n\n<p><a id=\"_ftn2\" href=\"#_ftnref2\">[2]<\/a> La \u201cevaluaci\u00f3n del ciclo de vida\u201d contempla tanto el impacto directo como el indirecto de un proceso o tecnolog\u00eda en la cadena de valor del proceso anterior<\/p>\n<\/div><\/div><\/div><\/div><\/div><\/section>\n\n\n<div class=\"wp-block-cg-blocks-cg-block-related-content\"><section class=\"relatedContentBlock\"><div class=\"container\"><div class=\"row\"><div class=\"content-title col-12 col-md-8\"><h2 class=\"related-content-heading\">Related news<\/h2><\/div><\/div><div class=\"row relatedContent\"><div class=\"col-lg-4 col-md-6 col-xs-12\">\n\t\t\t\t\t\t\t<div class=\"box\">\n\t\t\t\t\t\t\t\t<a aria-label=\"Leer m\u00e1s sobre Capgemini y Deutsche Telekom dise\u00f1an una plataforma abierta para la automatizaci\u00f3n inteligente de la RAN\" href=\"https:\/\/www.capgemini.com\/mx-es\/news\/press-releases\/capgemini-y-deutsche-telekom-disenan-una-plataforma-abierta-para-la-automatizacion-inteligente-de-la-ran\/\" class=\"anchorWrapper\">\n\t\t\t\t\t\t\t\t\t<span class=\"box-tag\"><span>Client news<\/span><\/span>\n\t\t\t\t\t\t\t\t\t<div class=\"box-title\"><h3 class=\"box-subtitle\">Capgemini y Deutsche Telekom dise\u00f1an una plataforma abierta para la automatizaci\u00f3n inteligente de la RAN<\/h3><\/div>\n\t\t\t\t\t\t\t\t\t<div class=\"box-date\">\n\t\t\t\t\t\t\t\t\t\t<span>Mar 9, 2026<\/span>\n\t\t\t\t\t\t\t\t\t<\/div>\n\t\t\t\t\t\t\t\t\t<div class=\"box-bottom\">\n\t\t\t\t\t\t\t\t\t\t&lt;a class=&quot;link-download&quot; href=&quot;https:\/\/www.capgemini.com\/mx-es\/wp-content\/uploads\/sites\/28\/2026\/03\/ESP-02_27_Capgemini_Deutsche-Telekom_Open-Platform-for-Intelligent-RAN-Automation.pdf&quot; aria-label=&quot;Descargar nota de prensa&quot; target=&quot;_blank&quot;  type=&quot;download&quot; title=&quot;Opens in a new window&quot;&gt;\n\t\t\t\t\t\t\t&lt;span&gt;Descargar nota de prensa&lt;\/span&gt;\n\t\t\t\t\t\t\t&lt;span&gt;136 KB PDF&lt;\/span&gt;\n\t\t\t\t\t\t&lt;\/a&gt;\n\t\t\t\t\t\t\t\t\t\t<a class=\"more\" aria-label=\"Leer m\u00e1s sobre Capgemini y Deutsche Telekom dise\u00f1an una plataforma abierta para la automatizaci\u00f3n inteligente de la RAN\" href=\"https:\/\/www.capgemini.com\/mx-es\/news\/press-releases\/capgemini-y-deutsche-telekom-disenan-una-plataforma-abierta-para-la-automatizacion-inteligente-de-la-ran\/\">Leer m\u00e1s sobre<\/a>\n\t\t\t\t\t\t\t\t\t<\/div>\n\t\t\t\t\t\t\t\t<\/a>\n\t\t\t\t\t\t\t<\/div>\n\t\t\t\t\t\t<\/div><div class=\"col-lg-4 col-md-6 col-xs-12\">\n\t\t\t\t\t\t\t<div class=\"box\">\n\t\t\t\t\t\t\t\t<a aria-label=\"Leer m\u00e1s sobre Capgemini y McDonald&#8217;s renuevan su alianza estrat\u00e9gica con un acuerdo global multianual enfocado en ofrecer plataformas modernas y escalables\" href=\"https:\/\/www.capgemini.com\/mx-es\/news\/press-releases\/capgemini-y-mcdonalds-renuevan-su-alianza-estrategica-con-un-acuerdo-global-multianual-enfocado-en-ofrecer-plataformas-modernas-y-escalables\/\" class=\"anchorWrapper\">\n\t\t\t\t\t\t\t\t\t<span class=\"box-tag\"><span>Client news<\/span><\/span>\n\t\t\t\t\t\t\t\t\t<div class=\"box-title\"><h3 class=\"box-subtitle\">Capgemini y McDonald&#8217;s renuevan su alianza estrat\u00e9gica con un acuerdo global multianual enfocado en ofrecer plataformas modernas y escalables<\/h3><\/div>\n\t\t\t\t\t\t\t\t\t<div class=\"box-date\">\n\t\t\t\t\t\t\t\t\t\t<span>Mar 9, 2026<\/span>\n\t\t\t\t\t\t\t\t\t<\/div>\n\t\t\t\t\t\t\t\t\t<div class=\"box-bottom\">\n\t\t\t\t\t\t\t\t\t\t&lt;a class=&quot;link-download&quot; href=&quot;https:\/\/www.capgemini.com\/mx-es\/wp-content\/uploads\/sites\/28\/2026\/03\/McDonalds_Capgemini_Press-Release.pdf&quot; aria-label=&quot;Descargar nota de prensa&quot; target=&quot;_blank&quot;  type=&quot;download&quot; title=&quot;Opens in a new window&quot;&gt;\n\t\t\t\t\t\t\t&lt;span&gt;Descargar nota de prensa&lt;\/span&gt;\n\t\t\t\t\t\t\t&lt;span&gt;120 KB PDF&lt;\/span&gt;\n\t\t\t\t\t\t&lt;\/a&gt;\n\t\t\t\t\t\t\t\t\t\t<a class=\"more\" aria-label=\"Leer m\u00e1s sobre Capgemini y McDonald&#8217;s renuevan su alianza estrat\u00e9gica con un acuerdo global multianual enfocado en ofrecer plataformas modernas y escalables\" href=\"https:\/\/www.capgemini.com\/mx-es\/news\/press-releases\/capgemini-y-mcdonalds-renuevan-su-alianza-estrategica-con-un-acuerdo-global-multianual-enfocado-en-ofrecer-plataformas-modernas-y-escalables\/\">Leer m\u00e1s sobre<\/a>\n\t\t\t\t\t\t\t\t\t<\/div>\n\t\t\t\t\t\t\t\t<\/a>\n\t\t\t\t\t\t\t<\/div>\n\t\t\t\t\t\t<\/div><div class=\"col-lg-4 col-md-6 col-xs-12\">\n\t\t\t\t\t\t\t<div class=\"box\">\n\t\t\t\t\t\t\t\t<a aria-label=\"Leer m\u00e1s sobre La Comisi\u00f3n Europea selecciona a Capgemini para su contrato marco de ciberseguridad de la UE\" href=\"https:\/\/www.capgemini.com\/mx-es\/news\/press-releases\/la-comision-europea-selecciona-a-capgemini-para-su-contrato-marco-de-ciberseguridad-de-la-ue\/\" class=\"anchorWrapper\">\n\t\t\t\t\t\t\t\t\t<span class=\"box-tag\"><span>Client news<\/span><\/span>\n\t\t\t\t\t\t\t\t\t<div class=\"box-title\"><h3 class=\"box-subtitle\">La Comisi\u00f3n Europea selecciona a Capgemini para su contrato marco de ciberseguridad de la UE<\/h3><\/div>\n\t\t\t\t\t\t\t\t\t<div class=\"box-date\">\n\t\t\t\t\t\t\t\t\t\t<span>Dec 19, 2025<\/span>\n\t\t\t\t\t\t\t\t\t<\/div>\n\t\t\t\t\t\t\t\t\t<div class=\"box-bottom\">\n\t\t\t\t\t\t\t\t\t\t&lt;a class=&quot;link-download&quot; href=&quot;https:\/\/www.capgemini.com\/mx-es\/wp-content\/uploads\/sites\/28\/2025\/12\/ES_12_08_Capgemini-news-alert_FREIA.pdf&quot; aria-label=&quot;Descargar nota de prensa&quot; target=&quot;_blank&quot;  type=&quot;download&quot; title=&quot;Opens in a new window&quot;&gt;\n\t\t\t\t\t\t\t&lt;span&gt;Descargar nota de prensa&lt;\/span&gt;\n\t\t\t\t\t\t\t&lt;span&gt;153 KB PDF&lt;\/span&gt;\n\t\t\t\t\t\t&lt;\/a&gt;\n\t\t\t\t\t\t\t\t\t\t<a class=\"more\" aria-label=\"Leer m\u00e1s sobre La Comisi\u00f3n Europea selecciona a Capgemini para su contrato marco de ciberseguridad de la UE\" href=\"https:\/\/www.capgemini.com\/mx-es\/news\/press-releases\/la-comision-europea-selecciona-a-capgemini-para-su-contrato-marco-de-ciberseguridad-de-la-ue\/\">Leer m\u00e1s sobre<\/a>\n\t\t\t\t\t\t\t\t\t<\/div>\n\t\t\t\t\t\t\t\t<\/a>\n\t\t\t\t\t\t\t<\/div>\n\t\t\t\t\t\t<\/div><\/div><\/div><\/section><\/div>","protected":false},"excerpt":{"rendered":"<p>Capgemini and Eneco, a group of companies active in the field of renewable energy and innovation, energy trade and retail, have announced a commitment to reduce Eneco\u2019s CO2 emissions by one megaton through joint initiatives across scopes 1, 2 and 3 by 2030.<\/p>\n","protected":false},"author":208,"featured_media":0,"template":"","meta":{"cg_dt_proposed_to":[],"cg_seo_hreflang_relations":"[]","cg_seo_canonical_relation":"","cg_seo_hreflang_x_default_relation":"{\"uuid\":\"a062669d-ccad-42cd-8cc3-6e87056cfd9d\",\"blogId\":\"\",\"domain\":\"\",\"sitePath\":\"\",\"postLink\":\"\",\"postId\":null,\"isSaved\":false,\"isCrossLink\":false,\"hasCrossLink\":false}","cg_dt_approved_content":true,"cg_dt_mandatory_content":false,"cg_dt_notes":"","cg_dg_source_changed":true,"cg_dt_link_disabled":false,"footnotes":"","related_resource_url":"https:\/\/www.capgemini.com\/wp-content\/uploads\/2023\/03\/2022_03_13_Capgemini-Press-Release_Eneco_CO2reduction.pdf","related_resource_id":870521,"related_resource_size":"115 KB","related_resource_type":"pdf","cg_author":0,"featured_focal_points":""},"tags":[],"press-release-type":[125],"brand":[],"class_list":["post-510638","press-release","type-press-release","status-publish","hentry","press-release-type-client-news"],"yoast_head":"<!-- This site is optimized with the Yoast SEO Premium plugin v22.8 (Yoast SEO v22.8) - https:\/\/yoast.com\/wordpress\/plugins\/seo\/ -->\n<title>Capgemini ayudar\u00e1 a Eneco a reducir su huella de carbono anual en un megat\u00f3n para 2030 | Capgemini<\/title>\n<meta name=\"description\" content=\"Capgemini y Eneco han anunciado un compromiso para reducir las emisiones de CO2 de Eneco en un megat\u00f3n a trav\u00e9s de iniciativas conjuntas en los alcances 1, 2 y 3 para 2030.\" \/>\n<meta name=\"robots\" content=\"index, follow, max-snippet:-1, max-image-preview:large, max-video-preview:-1\" \/>\n<link rel=\"canonical\" href=\"https:\/\/www.capgemini.com\/mx-es\/news\/press-releases\/capgemini-ayudara-a-eneco-a-reducir-su-huella-de-carbono-anual-en-un-megaton-para-2030\/\" \/>\n<meta property=\"og:locale\" content=\"es_MX\" \/>\n<meta property=\"og:type\" content=\"article\" \/>\n<meta property=\"og:title\" content=\"Capgemini ayudar\u00e1 a Eneco a reducir su huella de carbono anual en un megat\u00f3n para 2030\" \/>\n<meta property=\"og:description\" content=\"Capgemini y Eneco han anunciado un compromiso para reducir las emisiones de CO2 de Eneco en un megat\u00f3n a trav\u00e9s de iniciativas conjuntas en los alcances 1, 2 y 3 para 2030.\" \/>\n<meta property=\"og:url\" content=\"https:\/\/www.capgemini.com\/mx-es\/news\/press-releases\/capgemini-ayudara-a-eneco-a-reducir-su-huella-de-carbono-anual-en-un-megaton-para-2030\/\" \/>\n<meta property=\"og:site_name\" content=\"Capgemini Mexico\" \/>\n<meta property=\"article:modified_time\" content=\"2025-04-04T18:05:43+00:00\" \/>\n<meta property=\"og:image\" content=\"https:\/\/www.capgemini.com\/mx-es\/wp-content\/uploads\/sites\/28\/2025\/10\/New-Web-preview-global.jpg\" \/>\n\t<meta property=\"og:image:width\" content=\"1200\" \/>\n\t<meta property=\"og:image:height\" content=\"627\" \/>\n\t<meta property=\"og:image:type\" content=\"image\/jpeg\" \/>\n<meta name=\"twitter:card\" content=\"summary_large_image\" \/>\n<meta name=\"twitter:label1\" content=\"Est. reading time\" \/>\n\t<meta name=\"twitter:data1\" content=\"5 minutes\" \/>\n<script type=\"application\/ld+json\" class=\"yoast-schema-graph\">{\"@context\":\"https:\/\/schema.org\",\"@graph\":[{\"@type\":\"WebPage\",\"@id\":\"https:\/\/www.capgemini.com\/mx-es\/news\/press-releases\/capgemini-ayudara-a-eneco-a-reducir-su-huella-de-carbono-anual-en-un-megaton-para-2030\/\",\"url\":\"https:\/\/www.capgemini.com\/mx-es\/news\/press-releases\/capgemini-ayudara-a-eneco-a-reducir-su-huella-de-carbono-anual-en-un-megaton-para-2030\/\",\"name\":\"Capgemini ayudar\u00e1 a Eneco a reducir su huella de carbono anual en un megat\u00f3n para 2030 | Capgemini\",\"isPartOf\":{\"@id\":\"https:\/\/www.capgemini.com\/mx-es\/#website\"},\"datePublished\":\"2023-03-13T07:30:00+00:00\",\"dateModified\":\"2025-04-04T18:05:43+00:00\",\"description\":\"Capgemini y Eneco han anunciado un compromiso para reducir las emisiones de CO2 de Eneco en un megat\u00f3n a trav\u00e9s de iniciativas conjuntas en los alcances 1, 2 y 3 para 2030.\",\"breadcrumb\":{\"@id\":\"https:\/\/www.capgemini.com\/mx-es\/news\/press-releases\/capgemini-ayudara-a-eneco-a-reducir-su-huella-de-carbono-anual-en-un-megaton-para-2030\/#breadcrumb\"},\"inLanguage\":\"es-MX\",\"potentialAction\":[{\"@type\":\"ReadAction\",\"target\":[\"https:\/\/www.capgemini.com\/mx-es\/news\/press-releases\/capgemini-ayudara-a-eneco-a-reducir-su-huella-de-carbono-anual-en-un-megaton-para-2030\/\"]}]},{\"@type\":\"BreadcrumbList\",\"@id\":\"https:\/\/www.capgemini.com\/mx-es\/news\/press-releases\/capgemini-ayudara-a-eneco-a-reducir-su-huella-de-carbono-anual-en-un-megaton-para-2030\/#breadcrumb\",\"itemListElement\":[{\"@type\":\"ListItem\",\"position\":1,\"name\":\"Home\",\"item\":\"https:\/\/www.capgemini.com\/mx-es\/\"},{\"@type\":\"ListItem\",\"position\":2,\"name\":\"Press Releases\",\"item\":\"https:\/\/www.capgemini.com\/mx-es\/news\/\"},{\"@type\":\"ListItem\",\"position\":3,\"name\":\"Capgemini ayudar\u00e1 a Eneco a reducir su huella de carbono anual en un megat\u00f3n para 2030\"}]},{\"@type\":\"WebSite\",\"@id\":\"https:\/\/www.capgemini.com\/mx-es\/#website\",\"url\":\"https:\/\/www.capgemini.com\/mx-es\/\",\"name\":\"Capgemini Mexico\",\"description\":\"Capgemini\",\"publisher\":{\"@id\":\"https:\/\/www.capgemini.com\/mx-es\/#organization\"},\"potentialAction\":[{\"@type\":\"SearchAction\",\"target\":{\"@type\":\"EntryPoint\",\"urlTemplate\":\"https:\/\/www.capgemini.com\/mx-es\/?s={search_term_string}\"},\"query-input\":\"required name=search_term_string\"}],\"inLanguage\":\"es-MX\"},{\"@type\":\"Organization\",\"@id\":\"https:\/\/www.capgemini.com\/mx-es\/#organization\",\"name\":\"Capgemini Mexico\",\"url\":\"https:\/\/www.capgemini.com\/mx-es\/\",\"logo\":{\"@type\":\"ImageObject\",\"inLanguage\":\"es-MX\",\"@id\":\"https:\/\/www.capgemini.com\/mx-es\/#\/schema\/logo\/image\/\",\"url\":\"https:\/\/www.capgemini.com\/mx-es\/wp-content\/uploads\/sites\/28\/2025\/07\/linkedin_mwo0q6.png\",\"contentUrl\":\"https:\/\/www.capgemini.com\/mx-es\/wp-content\/uploads\/sites\/28\/2025\/07\/linkedin_mwo0q6.png\",\"width\":800,\"height\":800,\"caption\":\"Capgemini Mexico\"},\"image\":{\"@id\":\"https:\/\/www.capgemini.com\/mx-es\/#\/schema\/logo\/image\/\"}}]}<\/script>\n<!-- \/ Yoast SEO Premium plugin. -->","yoast_head_json":{"title":"Capgemini ayudar\u00e1 a Eneco a reducir su huella de carbono anual en un megat\u00f3n para 2030 | Capgemini","description":"Capgemini y Eneco han anunciado un compromiso para reducir las emisiones de CO2 de Eneco en un megat\u00f3n a trav\u00e9s de iniciativas conjuntas en los alcances 1, 2 y 3 para 2030.","robots":{"index":"index","follow":"follow","max-snippet":"max-snippet:-1","max-image-preview":"max-image-preview:large","max-video-preview":"max-video-preview:-1"},"canonical":"https:\/\/www.capgemini.com\/mx-es\/news\/press-releases\/capgemini-ayudara-a-eneco-a-reducir-su-huella-de-carbono-anual-en-un-megaton-para-2030\/","og_locale":"es_MX","og_type":"article","og_title":"Capgemini ayudar\u00e1 a Eneco a reducir su huella de carbono anual en un megat\u00f3n para 2030","og_description":"Capgemini y Eneco han anunciado un compromiso para reducir las emisiones de CO2 de Eneco en un megat\u00f3n a trav\u00e9s de iniciativas conjuntas en los alcances 1, 2 y 3 para 2030.","og_url":"https:\/\/www.capgemini.com\/mx-es\/news\/press-releases\/capgemini-ayudara-a-eneco-a-reducir-su-huella-de-carbono-anual-en-un-megaton-para-2030\/","og_site_name":"Capgemini Mexico","article_modified_time":"2025-04-04T18:05:43+00:00","og_image":[{"width":1200,"height":627,"url":"https:\/\/www.capgemini.com\/mx-es\/wp-content\/uploads\/sites\/28\/2025\/10\/New-Web-preview-global.jpg","type":"image\/jpeg"}],"twitter_card":"summary_large_image","twitter_misc":{"Est. reading time":"5 minutes"},"schema":{"@context":"https:\/\/schema.org","@graph":[{"@type":"WebPage","@id":"https:\/\/www.capgemini.com\/mx-es\/news\/press-releases\/capgemini-ayudara-a-eneco-a-reducir-su-huella-de-carbono-anual-en-un-megaton-para-2030\/","url":"https:\/\/www.capgemini.com\/mx-es\/news\/press-releases\/capgemini-ayudara-a-eneco-a-reducir-su-huella-de-carbono-anual-en-un-megaton-para-2030\/","name":"Capgemini ayudar\u00e1 a Eneco a reducir su huella de carbono anual en un megat\u00f3n para 2030 | Capgemini","isPartOf":{"@id":"https:\/\/www.capgemini.com\/mx-es\/#website"},"datePublished":"2023-03-13T07:30:00+00:00","dateModified":"2025-04-04T18:05:43+00:00","description":"Capgemini y Eneco han anunciado un compromiso para reducir las emisiones de CO2 de Eneco en un megat\u00f3n a trav\u00e9s de iniciativas conjuntas en los alcances 1, 2 y 3 para 2030.","breadcrumb":{"@id":"https:\/\/www.capgemini.com\/mx-es\/news\/press-releases\/capgemini-ayudara-a-eneco-a-reducir-su-huella-de-carbono-anual-en-un-megaton-para-2030\/#breadcrumb"},"inLanguage":"es-MX","potentialAction":[{"@type":"ReadAction","target":["https:\/\/www.capgemini.com\/mx-es\/news\/press-releases\/capgemini-ayudara-a-eneco-a-reducir-su-huella-de-carbono-anual-en-un-megaton-para-2030\/"]}]},{"@type":"BreadcrumbList","@id":"https:\/\/www.capgemini.com\/mx-es\/news\/press-releases\/capgemini-ayudara-a-eneco-a-reducir-su-huella-de-carbono-anual-en-un-megaton-para-2030\/#breadcrumb","itemListElement":[{"@type":"ListItem","position":1,"name":"Home","item":"https:\/\/www.capgemini.com\/mx-es\/"},{"@type":"ListItem","position":2,"name":"Press Releases","item":"https:\/\/www.capgemini.com\/mx-es\/news\/"},{"@type":"ListItem","position":3,"name":"Capgemini ayudar\u00e1 a Eneco a reducir su huella de carbono anual en un megat\u00f3n para 2030"}]},{"@type":"WebSite","@id":"https:\/\/www.capgemini.com\/mx-es\/#website","url":"https:\/\/www.capgemini.com\/mx-es\/","name":"Capgemini Mexico","description":"Capgemini","publisher":{"@id":"https:\/\/www.capgemini.com\/mx-es\/#organization"},"potentialAction":[{"@type":"SearchAction","target":{"@type":"EntryPoint","urlTemplate":"https:\/\/www.capgemini.com\/mx-es\/?s={search_term_string}"},"query-input":"required name=search_term_string"}],"inLanguage":"es-MX"},{"@type":"Organization","@id":"https:\/\/www.capgemini.com\/mx-es\/#organization","name":"Capgemini Mexico","url":"https:\/\/www.capgemini.com\/mx-es\/","logo":{"@type":"ImageObject","inLanguage":"es-MX","@id":"https:\/\/www.capgemini.com\/mx-es\/#\/schema\/logo\/image\/","url":"https:\/\/www.capgemini.com\/mx-es\/wp-content\/uploads\/sites\/28\/2025\/07\/linkedin_mwo0q6.png","contentUrl":"https:\/\/www.capgemini.com\/mx-es\/wp-content\/uploads\/sites\/28\/2025\/07\/linkedin_mwo0q6.png","width":800,"height":800,"caption":"Capgemini Mexico"},"image":{"@id":"https:\/\/www.capgemini.com\/mx-es\/#\/schema\/logo\/image\/"}}]}},"parsely":{"version":"1.1.0","canonical_url":"https:\/\/capgemini.com\/mx-es\/news\/press-releases\/capgemini-ayudara-a-eneco-a-reducir-su-huella-de-carbono-anual-en-un-megaton-para-2030\/","smart_links":{"inbound":0,"outbound":0},"traffic_boost_suggestions_count":0,"meta":{"@context":"https:\/\/schema.org","@type":"NewsArticle","headline":"Capgemini ayudar\u00e1 a Eneco a reducir su huella de carbono anual en un megat\u00f3n para 2030","url":"https:\/\/www.capgemini.com\/mx-es\/news\/press-releases\/capgemini-ayudara-a-eneco-a-reducir-su-huella-de-carbono-anual-en-un-megaton-para-2030\/","mainEntityOfPage":{"@type":"WebPage","@id":"https:\/\/www.capgemini.com\/mx-es\/news\/press-releases\/capgemini-ayudara-a-eneco-a-reducir-su-huella-de-carbono-anual-en-un-megaton-para-2030\/"},"thumbnailUrl":"","image":{"@type":"ImageObject","url":""},"articleSection":"Uncategorized","author":[],"creator":[],"publisher":{"@type":"Organization","name":"Capgemini Mexico","logo":""},"keywords":[],"dateCreated":"2023-03-13T07:30:00Z","datePublished":"2023-03-13T07:30:00Z","dateModified":"2025-04-04T18:05:43Z"},"rendered":"<meta name=\"parsely-title\" content=\"Capgemini ayudar\u00e1 a Eneco a reducir su huella de carbono anual en un megat\u00f3n para 2030\" \/>\n<meta name=\"parsely-link\" content=\"https:\/\/www.capgemini.com\/mx-es\/news\/press-releases\/capgemini-ayudara-a-eneco-a-reducir-su-huella-de-carbono-anual-en-un-megaton-para-2030\/\" \/>\n<meta name=\"parsely-type\" content=\"post\" \/>\n<meta name=\"parsely-pub-date\" content=\"2023-03-13T07:30:00Z\" \/>\n<meta name=\"parsely-section\" content=\"Uncategorized\" \/>","tracker_url":"https:\/\/cdn.parsely.com\/keys\/capgemini.com\/p.js"},"archive_status":false,"featured_image_src":"https:\/\/www.capgemini.com\/mx-es\/wp-content\/themes\/capgemini2025\/assets\/images\/mockup.png","featured_image_alt":false,"jetpack_sharing_enabled":true,"distributor_meta":false,"distributor_terms":false,"distributor_media":false,"distributor_original_site_name":"Capgemini Mexico","distributor_original_site_url":"https:\/\/www.capgemini.com\/mx-es","push-errors":false,"tag_names":[],"_links":{"self":[{"href":"https:\/\/www.capgemini.com\/mx-es\/wp-json\/wp\/v2\/press-release\/510638","targetHints":{"allow":["GET"]}}],"collection":[{"href":"https:\/\/www.capgemini.com\/mx-es\/wp-json\/wp\/v2\/press-release"}],"about":[{"href":"https:\/\/www.capgemini.com\/mx-es\/wp-json\/wp\/v2\/types\/press-release"}],"author":[{"embeddable":true,"href":"https:\/\/www.capgemini.com\/mx-es\/wp-json\/wp\/v2\/users\/208"}],"version-history":[{"count":3,"href":"https:\/\/www.capgemini.com\/mx-es\/wp-json\/wp\/v2\/press-release\/510638\/revisions"}],"predecessor-version":[{"id":541518,"href":"https:\/\/www.capgemini.com\/mx-es\/wp-json\/wp\/v2\/press-release\/510638\/revisions\/541518"}],"wp:attachment":[{"href":"https:\/\/www.capgemini.com\/mx-es\/wp-json\/wp\/v2\/media?parent=510638"}],"wp:term":[{"taxonomy":"post_tag","embeddable":true,"href":"https:\/\/www.capgemini.com\/mx-es\/wp-json\/wp\/v2\/tags?post=510638"},{"taxonomy":"press-release-type","embeddable":true,"href":"https:\/\/www.capgemini.com\/mx-es\/wp-json\/wp\/v2\/press-release-type?post=510638"},{"taxonomy":"brand","embeddable":true,"href":"https:\/\/www.capgemini.com\/mx-es\/wp-json\/wp\/v2\/brand?post=510638"}],"curies":[{"name":"wp","href":"https:\/\/api.w.org\/{rel}","templated":true}]}}