{"id":18129,"date":"2019-07-30T20:07:00","date_gmt":"2019-07-30T20:07:00","guid":{"rendered":"https:\/\/www.capgemini.com\/mx-es\/?post_type=press-release&#038;p=18129"},"modified":"2025-04-04T19:29:06","modified_gmt":"2025-04-04T19:29:06","slug":"capgemini-mantiene-el-impulso-de-crecimiento-con-un-fuerte-avance-en-los-resultados-del-primer-semestre-del-2019","status":"publish","type":"press-release","link":"https:\/\/www.capgemini.com\/mx-es\/news\/press-releases\/capgemini-mantiene-el-impulso-de-crecimiento-con-un-fuerte-avance-en-los-resultados-del-primer-semestre-del-2019\/","title":{"rendered":"Capgemini mantiene el impulso de crecimiento con un fuerte avance en los resultados del primer semestre del 2019"},"content":{"rendered":"\n<p><\/p>\n\n\n\t\t<div class=\"wp-block-cg-blocks-hero-press-release\">\n\t\t\t<header class=\"header-hero-press-release\" role=\"main\" id=\"main-content-press-release\">\n\t\t\t\t<div class=\"container\">\n\t\t\t\t\t<div class=\"hero-press-release\">\n\t\t\t\t\t\t<div class=\"hero-press-release-content-wrapper\">\n\t\t\t\t\t\t\t<div class=\"row\">\n\t\t\t\t\t\t\t\t<div class=\"col-12\">\n\t\t\t\t\t\t\t\t\t<div class=\"header-title\">\n\t\t\t\t\t\t\t\t\t\t<h1>\n\t\t\t\t\t\t\t\t\t\t\tCapgemini mantiene el impulso de crecimiento con un fuerte avance en los resultados del primer semestre del 2019\t\t\t\t\t\t\t\t\t\t<\/h1>\n\t\t\t\t\t\t\t\t\t<\/div>\n\t\t\t\t\t\t\t\t\t<div class=\"header-description\">\n\t\t\t\t\t\t\t\t\t\t<p><\/p>\n\t\t\t\t\t\t\t\t\t<\/div>\n\t\t\t\t\t\t\t\t\t\t\t\t\t\t\t\t\t\t<div class=\"header-date\">\n\t\t\t\t\t\t\t\t\t\t<span>jul. 30, 2019<\/span>\n\t\t\t\t\t\t\t\t\t<\/div>\n\t\t\t\t\t\t\t\t<\/div>\n\t\t\t\t\t\t\t<\/div>\n\t\t\t\t\t\t<\/div>\n\t\t\t\t\t\t\t\t\t\t\t\t\t<div class=\"hero-press-release-downloads\">\n\t\t\t\t\t\t\t\t<div class=\"row\">\n\t\t\t\t\t\t\t\t\t\t\t\t\t\t\t\t\t\t\t<div class=\"col-12 col-md-6 col-lg-3\">\n\t\t\t\t\t\t\t\t\t\t\t<a class=\"download-item\" type=\"download\" href=\"https:\/\/www.capgemini.com\/mx-es\/wp-content\/uploads\/sites\/28\/2022\/12\/Capgemini-mantiene-su-impulso-de-crecimiento-con-una-fuerte-progresion-de-sus-resultados-semestrales-2019.pdf\" target=\"_blank\" rel=\"noopener noreferrer\" title=\"abrir en una nueva ventana\">\n\t\t\t\t\t\t\t\t\t\t\t\t<div class=\"download-icon\"><\/div>\n\t\t\t\t\t\t\t\t\t\t\t\t<div class=\"download-details\">\n\t\t\t\t\t\t\t\t\t\t\t\t\t<div class=\"download-title\">Download press release<\/div>\n\t\t\t\t\t\t\t\t\t\t\t\t\t<div class=\"download-props\">296 KB  pdf<\/div>\n\t\t\t\t\t\t\t\t\t\t\t\t<\/div>\n\t\t\t\t\t\t\t\t\t\t\t<\/a>\n\t\t\t\t\t\t\t\t\t\t<\/div>\n\t\t\t\t\t\t\t\t\t\t\t\t\t\t\t\t\t\t\t\t<div class=\"col-12 col-md-6 col-lg-3\">\n\t\t\t\t\t\t\t\t\t\t\t<a class=\"download-item\" type=\"download\" href=\"https:\/\/www.capgemini.com\/mx-es\/wp-content\/uploads\/sites\/28\/2022\/12\/H1-2019-Performance.pdf\" target=\"_blank\" rel=\"noopener noreferrer\" title=\"abrir en una nueva ventana\">\n\t\t\t\t\t\t\t\t\t\t\t\t<div class=\"download-icon\"><\/div>\n\t\t\t\t\t\t\t\t\t\t\t\t<div class=\"download-details\">\n\t\t\t\t\t\t\t\t\t\t\t\t\t<div class=\"download-title\">Download press release<\/div>\n\t\t\t\t\t\t\t\t\t\t\t\t\t<div class=\"download-props\">132 KB  pdf<\/div>\n\t\t\t\t\t\t\t\t\t\t\t\t<\/div>\n\t\t\t\t\t\t\t\t\t\t\t<\/a>\n\t\t\t\t\t\t\t\t\t\t<\/div>\n\t\t\t\t\t\t\t\t\t\t\t\t\t\t\t\t\t\t<\/div>\n\t\t\t\t\t\t\t<\/div>\n\t\t\t\t\t\t\t\t\t\t\t\t\t\t\t\t\t<\/div>\n\t\t\t\t<\/div>\n\t\t\t<\/header>\n\t\t<\/div>\n\t\t\n\n\n<section class=\"wp-block-cg-blocks-group undefined section section--article-content\"><div class=\"article-main-content\"><div class=\"container\"><div class=\"row\"><div class=\"col-12 col-md-1\"><nav class=\"article-social\"><ul class=\"social-nav\"><li class=\"ip-order-fb\"><a href=\"https:\/\/www.facebook.com\/sharer\/sharer.php?u=https:\/\/www.capgemini.com\/mx-es\/?post_type=press-release&amp;p=18129\" target=\"_blank\" rel=\"noopener noreferrer\" title=\"abrir en una nueva ventana\"><i aria-hidden=\"true\" class=\"icon-fb\"><\/i><span class=\"sr-only\">Facebook<\/span><\/a><\/li><li class=\"ip-order-tw\"><a href=\"https:\/\/twitter.com\/intent\/tweet?url=https:\/\/www.capgemini.com\/mx-es\/?post_type=press-release&amp;p=18129&amp;text=\" target=\"_blank\" rel=\"noopener noreferrer\" title=\"abrir en una nueva ventana\"><i aria-hidden=\"true\" class=\"icon-tw\"><\/i><span class=\"sr-only\">Twitter<\/span><\/a><\/li><li class=\"ip-order-li\"><a href=\"https:\/\/www.linkedin.com\/sharing\/share-offsite\/?url=https:\/\/www.capgemini.com\/mx-es\/?post_type=press-release&amp;p=18129&amp;text=\" target=\"_blank\" rel=\"noopener noreferrer\" title=\"abrir en una nueva ventana\"><i aria-hidden=\"true\" class=\"icon-li\"><\/i><span class=\"sr-only\">Linkedin<\/span><\/a><\/li><\/ul><\/nav><\/div><div class=\"col-12 col-md-11 col-lg-10\"><div class=\"article-text article-quote-text\">\n<ul class=\"wp-block-list\">\n<li><ul><li><strong><em>Ingresos de \u20ac 7,007 millones, incremento del 8.4%.<\/em><\/strong><\/li><li><strong><em>Crecimiento semestral de 6.2% a tipos de cambio constante y del 5.7% en el segundo trimestre.<\/em><\/strong><\/li><li><strong><em>Margen operativo * de 0.5 puntos a 11.4%.<\/em><\/strong><\/li><li><strong><em>Las ganancias por acci\u00f3n aumentaron 24% y las ganancias normalizadas por acci\u00f3n * crecieron 12%.<\/em><\/strong><\/li><li><strong><em>Se gener\u00f3 un flujo de caja libre org\u00e1nico m\u00e1s fuerte *, de \u20ac 90 millones.<\/em><\/strong><\/li><\/ul><strong>Par\u00eds, 30 de julio de 2019.<\/strong> \u2013 La Mesa Directiva de Capgemini SE, presidida por Paul Hermelin, convocada el 29 de julio de 2019, se reuni\u00f3 para revisar y autorizar la emisi\u00f3n de las cuentas<a id=\"_ftnref1\" href=\"#_ftn1\">[1]<\/a> del Grupo Capgemini para la primera mitad de 2019. Paul Hermelin, Presidente y Director Ejecutivo de Capgemini Group, coment\u00f3: <em>\u201cEstamos demostrando nuestra habilidad para generar continuamente un fuerte aumento en las ganancias, con un crecimiento tanto en los ingresos como en la rentabilidad. El impulso sigue siendo fuerte en Europa, donde generamos el 60% de nuestros ingresos, con un desempe\u00f1o notable en Francia y el Reino Unido. Digital y Cloud contin\u00faan desarroll\u00e1ndose a un ritmo acelerado y, por primera vez, representan la mitad de nuestros ingresos. Estos excelentes resultados demuestran la relevancia y fortaleza de nuestra estrategia.<\/em> <em>Los primeros seis meses tambi\u00e9n vieron el anuncio de la adquisici\u00f3n amistosa de Altran, un movimiento estrat\u00e9gico importante para ambas compa\u00f1\u00edas. Nos complementamos y con la proximidad cultural, crearemos un l\u00edder mundial en transformaci\u00f3n digital para empresas industriales, lo que llamamos la \u201cindustria inteligente\u201d.<\/em> <a id=\"_ftn1\" href=\"#_ftnref1\"><\/a><\/li>\n<\/ul>\n\n\n\n<h2 class=\"wp-block-heading\" id=\"h-numeros-clave-del-semestre\"><strong>N\u00fameros Clave del semestre:<\/strong><\/h2>\n\n\n\n<figure class=\"wp-block-image\"><img decoding=\"async\" src=\"https:\/\/www.capgemini.com\/mx-es\/wp-content\/uploads\/sites\/24\/2019\/07\/figure1.jpg\" alt=\"1ST HALF KEY FIGURES\" class=\"wp-image-34620\"\/><\/figure>\n\n\n\n<p>El Grupo gener\u00f3 <strong>ingresos<\/strong> de m\u00e1s de \u20ac7,007 millones de euros en el primer semestre de 2019, 8.4% m\u00e1s que los ingresos informados en el primer semestre de 2018 y 6.2% a tipos de cambio constante*. El crecimiento org\u00e1nico* (es decir, excluyendo el impacto de las fluctuaciones monetarias y los cambios en el alcance del Grupo) fue de 4.9%.<\/p>\n\n\n\n<p>El impulso del Grupo contin\u00faa deriv\u00e1ndose de las actividades de Digital y Cloud, que crecieron alrededor del 20% a tipos de cambio constantes en la primera mitad del a\u00f1o. Ahora estos representan alrededor del 50% de los ingresos del Grupo.<\/p>\n\n\n\n<p>El crecimiento del Grupo alcanz\u00f3 5.7% a tipo de cambio constante y 4.7% org\u00e1nicamente en el segundo trimestre.<\/p>\n\n\n\n<p><strong>Las contratos <\/strong>totalizaron \u20ac7,101 millones de euros en los primeros seis meses de 2019, un aumento del 4.8% a tipos de cambio constantes interanuales.<\/p>\n\n\n\n<p>El <strong>margen operativo<\/strong> * es de \u20ac797 millones de euros, o el 11.4% de los ingresos, un aumento del 13% o 50 puntos base interanual. Este s\u00f3lido rendimiento refleja el mayor margen bruto, que ha aumentado al mismo ritmo, gracias al \u00e9xito de las ofertas de innovaci\u00f3n. Esto, ilustra la capacidad del Grupo para equilibrar el crecimiento y una mayor rentabilidad.<\/p>\n\n\n\n<p>Otros ingresos y gastos operativos representan un gasto neto de \u20ac139 millones de euros. El aumento interanual de \u20ac47 millones de euros se debe principalmente a una reducci\u00f3n en los costos de reestructuraci\u00f3n.<\/p>\n\n\n\n<p>La<strong> ganancia operativa<\/strong> aument\u00f3 un 26% a \u20ac658 millones de euros, o 9.4% de los ingresos.<\/p>\n\n\n\n<p>El gasto financiero interanual neto es estable, con \u20ac39 millones de euros. El gasto por impuesto sobre la renta es de \u20ac232 millones de euros e incluye \u20ac30 millones de euros debido al impacto transitorio de las reformas fiscales en los Estados Unidos, en comparaci\u00f3n con los \u20ac18 millones de euros del a\u00f1o pasado. Ajustado para estos gastos, la tasa impositiva efectiva es del 32.6%, en comparaci\u00f3n con el 31.4% que fue del primer semestre de 2018 y el 33.7% en el a\u00f1o fiscal de 2018.<\/p>\n\n\n\n<p><strong>El beneficio neto (participaci\u00f3n del Grupo)<\/strong> aument\u00f3 23% interanual a \u20ac388 millones de euros durante los primeros seis meses del a\u00f1o. El <strong>GPA b\u00e1sico<\/strong> (ganancias normalizadas por acci\u00f3n) ha aumentado un 24% interanual a \u20ac2.34. El GPA * normalizado subi\u00f3 un 10% a \u20ac 2,90 euros. El GPA normalizado ajustado por el gasto tributario de transici\u00f3n aument\u00f3 12% a \u20ac3.08.<\/p>\n\n\n\n<p>El Grupo gener\u00f3 un <strong>flujo de caja libre org\u00e1nico<\/strong> * de \u20ac90 millones de euros en el semestre, en comparaci\u00f3n con \u20ac11 millones de euros en el mismo per\u00edodo del a\u00f1o anterior.<\/p>\n\n\n\n<p>Los rendimientos a los accionistas ascendieron a \u20ac431 millones de euros en el primer semestre de 2019, con un pago de dividendos de \u20ac281 millones de euros y recompras de acciones por un total de \u20ac150 millones de euros (excluido el contrato de liquidez). Adem\u00e1s, las adquisiciones dieron como resultado una salida neta de efectivo de \u20ac152 millones durante el per\u00edodo.<\/p>\n\n\n\n<h2 class=\"wp-block-heading\" id=\"h-panorama-futuro\"><strong>Panorama futuro<\/strong><\/h2>\n\n\n\n<p>Para 2019, el Grupo tiene como objetivo tener crecimiento de ingresos a tipos de cambio constantes del 5.5% al \u200b\u200b8.0%, una rentabilidad mejorada con un margen operativo del 12.3% al 12.6% y un flujo de caja libre org\u00e1nico m\u00e1s s\u00f3lido, sobre una base comparable, de m\u00e1s de \u20ac .1 mil millones de euros.<\/p>\n\n\n\n<p>Este panorama tiene en cuenta el impacto de la aplicaci\u00f3n de la NIIF 16 del 1 de enero de 2019<a href=\"#_ftn1\" id=\"_ftnref1\">[1]<\/a> en el margen operativo (alrededor de +5 puntos b\u00e1sicos) y en la definici\u00f3n de flujo de efectivo libre org\u00e1nico (alrededor de \u2013 \u20ac50 millones de euros), como se detalla en el ap\u00e9ndice de este comunicado de prensa que publica este panorama, emitido el 14 de febrero de 2019.<\/p>\n\n\n\n<h2 class=\"wp-block-heading\" id=\"h-operaciones-por-region\"><strong>OPERACIONES POR REGI\u00d3N<\/strong><\/h2>\n\n\n\n<p>Los ingresos de <strong>Am\u00e9rica del Norte<\/strong> (32% de los ingresos del Grupo) crecieron un 3.8% a tipos de cambio constantes, sobre una base de comparaci\u00f3n particularmente alta, ya que el crecimiento de la regi\u00f3n alcanz\u00f3 el 17.2% en el primer semestre de 2018. TMT (Telecomunicaciones, Medios y Tecnolog\u00eda), sectores de Energ\u00eda y Servicios P\u00fablicos, as\u00ed como el Sector Servicios registraron los impulsos m\u00e1s fuertes. La tasa de margen operativo fue del 12.9%, en comparaci\u00f3n con el 13.2% en el mismo per\u00edodo del a\u00f1o anterior.<\/p>\n\n\n\n<p>La regi\u00f3n del <strong>Reino Unido e Irlanda<\/strong> (12% de los ingresos del Grupo) report\u00f3 un desempe\u00f1o notable, con un crecimiento del 8.0% a tipos de cambio constante. El crecimiento de los ingresos en los sectores de Servicios Financieros, Bienes de Consumo, Sector Detallista y TMT fue de un poco m\u00e1s del 10%, mientras que el Sector P\u00fablico continu\u00f3 con las tendencias positivas iniciadas hace un a\u00f1o. El margen operativo creci\u00f3 a 15.9% del 12.2% del a\u00f1o anterior.<\/p>\n\n\n\n<p>En <strong>Francia<\/strong> la actividad fue fuerte (22% de los ingresos del Grupo), con ingresos superiores al 6.9% interanual. El sector Manufacturero fue el m\u00e1s boyante durante el per\u00edodo, con un crecimiento superior al 10%. El crecimiento por negocio fue impulsado por los servicios de Aplicaciones y Tecnolog\u00eda as\u00ed como por la demanda de Digital y Cloud. El margen operativo mejor\u00f3 120 puntos base interanual a 9.6% de los ingresos.<\/p>\n\n\n\n<p>El impulso de crecimiento se mantuvo s\u00f3lido en el <strong>resto de Europa<\/strong> (27% de los ingresos del Grupo), con un aumento del 6.2% en los ingresos a tipos de cambio constante. Los sectores de Energ\u00eda y Servicios P\u00fablicos, Bienes de Consumo, Sector Detallista y Servicios fueron los m\u00e1s fuertes durante el per\u00edodo. La regi\u00f3n report\u00f3 un margen operativo levemente menor en 11.3%, del 12.0% del a\u00f1o anterior.<\/p>\n\n\n\n<p>Finalmente, la regi\u00f3n de <strong>Asia-Pac\u00edfico y Am\u00e9rica Latina <\/strong>(7% de los ingresos del Grupo) fue particularmente din\u00e1mica. Los ingresos crecieron 12.2%, con Servicios Financieros y Manufactura como los principales impulsores. En general, el margen operativo de la regi\u00f3n disminuy\u00f3 ligeramente a 11.4%, en comparaci\u00f3n con 11.7% en el primer semestre de 2018.<\/p>\n\n\n\n<h2 class=\"wp-block-heading\" id=\"h-operaciones-por-negocio\"><strong>OPERACIONES POR NEGOCIO<\/strong><\/h2>\n\n\n\n<p>Los servicios de consultor\u00eda de <strong>Estrategia y Transformaci\u00f3n<\/strong> (7% de los ingresos totales del Grupo *), ahora agrupados bajo <strong>Capgemini Invent<\/strong>, registraron un aumento del 19.4% a tipo de cambio constante en sus ingresos totales. El crecimiento fue impulsado principalmente por el sector TMT y, con la contribuci\u00f3n de las adquisiciones, por parte de Servicios Financieros.<\/p>\n\n\n\n<p>Los servicios de <strong>Aplicaciones y Tecnolog\u00eda<\/strong> (71% de los ingresos totales del Grupo), el negocio central del Grupo, reportaron un crecimiento total de los ingresos del 6.6% a tipo de cambio constante. Estos servicios est\u00e1n muy involucrados en proyectos de clientes para el despliegue a gran escala de su estrategia digital.<\/p>\n\n\n\n<p>Finalmente, los servicios de <strong>Operaciones e Ingenier\u00eda<\/strong> (22% de los ingresos totales del Grupo) crecieron 3.5% a tipos de cambio constante. Se confirm\u00f3 la estabilizaci\u00f3n de las actividades de Servicios de Infraestructura y Servicios Empresariales (Outsourcing y plataformas de procesos de negocios) observadas a principios de a\u00f1o, mientras que el negocio de Ingenier\u00eda y Manufactura Digital se encuentran en su mejor momento.<\/p>\n\n\n\n<h2 class=\"wp-block-heading\" id=\"h-tendencias-del-segundo-semestre\"><strong>TENDENCIAS DEL SEGUNDO SEMESTRE<\/strong><\/h2>\n\n\n\n<p>Los ingresos del segundo trimestre totalizaron \u20ac 3,566 millones de euros, 5.7% m\u00e1s a tipo de cambio constante y 4.7% a una visi\u00f3n a futuro constante y tipos de cambio constante del Grupo.<\/p>\n\n\n\n<p>La actividad se aceler\u00f3 ligeramente en Europa y especialmente en Francia (+ 8.9% interanual a tipo de cambio constante), as\u00ed como en la regi\u00f3n del Reino Unido e Irlanda (+ 9.5%), mientras que el impulso se mantuvo fuerte en el resto de Europa (+ 6.1%). La regi\u00f3n de Am\u00e9rica del Norte se desaceler\u00f3 (+ 0.8%), como se esperaba, debido a una base de comparaci\u00f3n que alcanz\u00f3 su punto m\u00e1ximo en el segundo trimestre, con un crecimiento del 19.4% reportado en el segundo trimestre de 2018. Por lo tanto, se espera que el crecimiento de esta regi\u00f3n se acelere a partir del tercer trimestre. Finalmente, el crecimiento de la regi\u00f3n de Asia-Pac\u00edfico y Am\u00e9rica Latina se mantuvo en dos d\u00edgitos durante el per\u00edodo, creciendo + 10.9%.<\/p>\n\n\n\n<p>Los contratos aumentaron un 6.7% a tipo de cambio constante a \u20ac3,734 millones de euros.<\/p>\n\n\n\n<h2 class=\"wp-block-heading\" id=\"h-empleados\"><strong>EMPLEADOS<\/strong><\/h2>\n\n\n\n<p>Al 30 de junio de 2019, la plantilla total del Grupo era de 216,800, un 5.5% m\u00e1s interanual, con un aumento de empleados en centros extraterritoriales a 125,100 (58% de la n\u00f3mina total).<\/p>\n\n\n\n<h2 class=\"wp-block-heading\" id=\"h-hoja-de-balance\"><strong>HOJA DE BALANCE<\/strong><\/h2>\n\n\n\n<p>El Grupo ten\u00eda \u20ac1,663 millones de euros en efectivo y equivalentes de efectivo (neto de sobregiros bancarios) al 30 de junio de 2019. Despu\u00e9s de contabilizar los pr\u00e9stamos (excluyendo pasivos por arrendamientos) de \u20ac3,491 millones de euros, activos de administraci\u00f3n de efectivo e instrumentos derivados, la deuda neta del Grupo * es \u20ac1,621 millones de euros al final del primer semestre de 2019, en comparaci\u00f3n con \u20ac1,104 millones de euros al 1 de enero de 2019 y \u20ac2,192 millones de euros al 30 de junio de 2018 (es decir, antes de la aplicaci\u00f3n de la NIIF 16<sup>2<\/sup> desde el 1 de enero de 2019).<\/p>\n\n\n\n<p>La adquisici\u00f3n propuesta de Altran no impact\u00f3 la estructura del balance del Grupo al 30 de junio de 2019.<\/p>\n\n\n\n<h2 class=\"wp-block-heading\" id=\"h-adquisicion-propuesta-de-tecnologias-altran\"><strong>ADQUISICI\u00d3N PROPUESTA DE TECNOLOG\u00cdAS ALTRAN<\/strong><\/h2>\n\n\n\n<p>El 24 de junio de 2019, Capgemini y Altran Technologies (Euronext Paris: ALT), el l\u00edder mundial en servicios de ingenier\u00eda e I+D, anunciaron conjuntamente la firma de un acuerdo para negociaciones exclusivas mediante el cual Capgemini adquirir\u00eda Altran, a trav\u00e9s de una oferta p\u00fablica amigable a \u20ac14.00 euros por acci\u00f3n de Altran, pagable en efectivo. Este proyecto busca crear un l\u00edder mundial de transformaci\u00f3n digital para empresas industriales y tecnol\u00f3gicas. El acuerdo fue aprobado por unanimidad por las Mesas Directivas de Capgemini y Altran.<\/p>\n\n\n\n<p>Capgemini ha asegurado un financiamiento puente de \u20ac5.4 mil millones de euros, que cubre la compra de valores (\u20ac3.6 mil millones de euros), as\u00ed como la deuda bruta (\u20ac1.8 mil millones de euros).<\/p>\n\n\n\n<p>Adem\u00e1s, el 2 de julio de 2019, Capgemini anunci\u00f3 que pose\u00eda 29,378,319 acciones de Altran luego de la liquidaci\u00f3n y entrega de la adquisici\u00f3n fuera del mercado de un bloque de acciones del concierto formado en torno a Apax Partners<a href=\"#_ftn2\" id=\"_ftnref2\">[2]<\/a>. Esta transacci\u00f3n sigue a la firma el 24 de junio de 2019 de un acuerdo definitivo para adquirir este bloque, que representa el 11.43% del capital social de Altran.<\/p>\n\n\n\n<h2 class=\"wp-block-heading\" id=\"h-conferencia-telefonica\"><strong>CONFERENCIA TELEF\u00d3NICA<\/strong><\/h2>\n\n\n\n<p>Paul Hermelin, Presidente y Director ejecutivo, Carole Ferrand, Directora Financiera y Rosemary Stark, Directora de Ventas, presentaron este comunicado de prensa durante una conferencia telef\u00f3nica en ingl\u00e9s que se realiz\u00f3 el d\u00eda 30 de julio de 2019 a las 8.00 a.m., hora de Par\u00eds (CET). Para tener acceso a la repetici\u00f3n de esta, por un per\u00edodo de un a\u00f1o, se podr\u00e1 ingresar al siguiente enlace.<\/p>\n\n\n\n<p>Todos los documentos relacionados con esta publicaci\u00f3n se colocar\u00e1n en l\u00ednea en el sitio web del inversor Capgemini en <a href=\"https:\/\/investors.capgemini.com\/en\/financial-results\/\">https:\/\/investors.capgemini.com\/en\/financial-results\/<\/a>.<\/p>\n\n\n\n<p><strong>CALENDARIO PROVISIONAL<\/strong><\/p>\n\n\n\n<p>24 de octubre de 2019&nbsp;&nbsp;&nbsp;&nbsp;&nbsp;&nbsp;&nbsp;&nbsp;&nbsp;&nbsp;&nbsp;&nbsp; Ingresos del tercer trimestre de 2019<\/p>\n\n\n\n<p>13 de febrero de 2020&nbsp;&nbsp;&nbsp;&nbsp;&nbsp;&nbsp;&nbsp;&nbsp;&nbsp;&nbsp;&nbsp;&nbsp;&nbsp; Resultados del A\u00f1o Fiscal 2019<\/p>\n\n\n\n<p>28 de abril de 2020 &nbsp;&nbsp;&nbsp;&nbsp;&nbsp;&nbsp;&nbsp;&nbsp;&nbsp;&nbsp;&nbsp;&nbsp;&nbsp;&nbsp;&nbsp;&nbsp; Ingresos del primer trimestre de 2020<\/p>\n\n\n\n<p><strong>DESCARGO DE RESPONSABILIDAD<\/strong><\/p>\n\n\n\n<p>Este comunicado de prensa puede contener pron\u00f3sticos a futuro. Dichos pron\u00f3sticos pueden incluir proyecciones, estimaciones, suposiciones, declaraciones sobre planes, objetivos, intenciones y \/ o expectativas con respecto a resultados financieros futuros, eventos, operaciones y servicios y desarrollo de productos, as\u00ed como declaraciones sobre el desempe\u00f1o o eventos futuros. Las declaraciones prospectivas generalmente se identifican por las palabras \u201cespera\u201d, \u201canticipa\u201d, \u201ccree\u201d, \u201cpretende\u201d, \u201cestima\u201d, \u201cplanea\u201d, \u201cproyectos\u201d, \u201cpuede\u201d, \u201char\u00eda\u201d, \u201cdeber\u00eda\u201d o el negativo de estos t\u00e9rminos y expresiones similares. Aunque la gerencia de Capgemini actualmente cree que las expectativas reflejadas en tales declaraciones prospectivas son razonables, se advierte a los inversionistas que las declaraciones prospectivas est\u00e1n sujetas a varios riesgos e incertidumbres (incluidos, entre otros, los riesgos identificados en el Documento de registro de Capgemini disponible en el sitio web de Capgemini), porque se relacionan con eventos futuros y dependen de circunstancias futuras que pueden o no ocurrir y pueden ser diferentes de las anticipadas, muchas de las cuales son dif\u00edciles de predecir y generalmente est\u00e1n fuera del control de Capgemini. Los resultados y desarrollos reales pueden diferir materialmente de los expresados, impl\u00edcitos o proyectados por declaraciones a futuro. Las declaraciones prospectivas no tienen la intenci\u00f3n y no brindan ninguna garant\u00eda o comodidad en cuanto a eventos o resultados futuros. Aparte de lo requerido por la ley aplicable, Capgemini no asume ninguna obligaci\u00f3n de actualizar o revisar ninguna declaraci\u00f3n prospectiva.<\/p>\n\n\n\n<p>Este comunicado de prensa no contiene ni constituye una oferta de valores para la venta o una invitaci\u00f3n o incentivo para invertir en valores en Francia, Estados Unidos o cualquier otra jurisdicci\u00f3n.<\/p>\n\n\n\n<p><strong>INFORMACI\u00d3N IMPORTANTE<\/strong><\/p>\n\n\n\n<p>Este comunicado de prensa se difunde solo con fines informativos y no constituye una oferta de compra ni una solicitud de una oferta de venta de ning\u00fan valor de Altran Technologies.<\/p>\n\n\n\n<p>La documentaci\u00f3n relacionada con la oferta p\u00fablica que, si se presenta, indicar\u00e1 los t\u00e9rminos y condiciones de la oferta p\u00fablica, se someter\u00e1 a la revisi\u00f3n de la Autorit\u00e9 des march\u00e9s financier. Se recomienda encarecidamente a los inversores y accionistas que lean la documentaci\u00f3n relacionada con la oferta p\u00fablica cuando est\u00e9 disponible, si la oferta se presenta, as\u00ed como cualquier modificaci\u00f3n y complemento de esos documentos, ya que contendr\u00e1n informaci\u00f3n importante sobre Capgemini, Altran Technologies y la transacci\u00f3n propuesta.<\/p>\n\n\n\n<p>La transacci\u00f3n est\u00e1 notablemente sujeta a la ejecuci\u00f3n de la documentaci\u00f3n definitiva y la obtenci\u00f3n de las autorizaciones regulatorias requeridas y otras condiciones habituales. La oferta p\u00fablica solo se presentar\u00eda ante la Autorit\u00e9 des march\u00e9s financiers despu\u00e9s de que se hayan cumplido dichas condiciones.<\/p>\n\n\n\n<p>Este comunicado de prensa no debe publicarse, transmitirse o distribuirse, directa o indirectamente, en ning\u00fan pa\u00eds en el que la distribuci\u00f3n de esta informaci\u00f3n est\u00e9 sujeta a restricciones legales. La oferta p\u00fablica no estar\u00e1 abierta al p\u00fablico en jurisdicciones en las que su lanzamiento est\u00e9 sujeto a restricciones legales. La publicaci\u00f3n, difusi\u00f3n o distribuci\u00f3n de este comunicado de prensa en ciertos pa\u00edses puede estar sujeta a restricciones legales o regulatorias. Por lo tanto, las personas ubicadas en los pa\u00edses donde se publica, difunde o distribuye este comunicado de prensa deben informarse y cumplir con dichas restricciones. Capgemini y Altran Technologies renuncian a cualquier responsabilidad por cualquier violaci\u00f3n de tales restricciones.<\/p>\n\n\n\n<p><strong>Acerca de Capgemini<\/strong><\/p>\n\n\n\n<p>L\u00edder global en consultor\u00eda, servicios de tecnolog\u00eda, y transformaci\u00f3n digital, Capgemini est\u00e1 a la cabeza de la innovaci\u00f3n para enfrentar las oportunidades de nuestros clientes en el cambiante mundo de la nube, digital y plataformas. Bas\u00e1ndose en su s\u00f3lida herencia de 50 a\u00f1os y profunda experiencia espec\u00edfica de las industrias, Capgemini habilita a las organizaciones a alcanzar sus ambiciones de negocio a trav\u00e9s de un conjunto de servicios que van desde la estrategia hasta las operaciones. Capgemini se impulsa por la convicci\u00f3n que el valor de negocio de la tecnolog\u00eda viene de y a trav\u00e9s de las personas. Es una compa\u00f1\u00eda multicultural con 200,000 miembros del equipo en m\u00e1s de 40 pa\u00edses. El Grupo report\u00f3 ingresos globales de 13.2 miles de millones de Euros en 2018.<\/p>\n\n\n\n<p>Vis\u00edtanos en <a href=\"\/mx-es\/\">www.capgemini.com\/mx-es\/<\/a>. <em>People matter, results count.<\/em><\/p>\n\n\n\n<p><strong>AP\u00c9NDICE<a href=\"#_ftn3\" id=\"_ftnref3\">[3]<\/a><\/strong><\/p>\n\n\n\n<p><strong>CLASIFICACI\u00d3N DE NEGOCIOS<\/strong><\/p>\n\n\n\n<p>Como se anunci\u00f3 anteriormente, la clasificaci\u00f3n de las l\u00edneas de negocio del Grupo se simplific\u00f3 y estandariz\u00f3 a partir del 1 de enero de 2019:<\/p>\n\n\n\n<ul class=\"wp-block-list\">\n<li><strong>Estrategia y Transformaci\u00f3n<\/strong> incluye todos los servicios de consultor\u00eda de estrategia y transformaci\u00f3n y corresponde al alcance de Capgemini Invent;<\/li>\n\n\n\n<li><strong>Aplicaciones y Tecnolog\u00eda<\/strong> re\u00fane \u201cServicios de aplicaciones\u201d y actividades relacionadas y, en particular, servicios tecnol\u00f3gicos locales previamente incluidos en \u201cServicios de Tecnolog\u00eda e Ingenier\u00eda\u201d;<\/li>\n\n\n\n<li><strong>Operaciones e Ingenier\u00eda<\/strong> abarca todos los dem\u00e1s negocios del Grupo. Estos comprenden actualmente: Servicios del Negocio (incluida la subcontrataci\u00f3n de procesos empresariales), todos los servicios de Infraestructura (incluidos los que anteriormente estaban en \u201cServicios de Tecnolog\u00eda e Ingenier\u00eda\u201d) y servicios de Ingenier\u00eda Digital y Fabricaci\u00f3n Digital (anteriormente en \u201cservicios de Tecnolog\u00eda e Ingenier\u00eda\u201d).<\/li>\n<\/ul>\n\n\n\n<h2 class=\"wp-block-heading\" id=\"h-aplicacion-de-la-niif-16-y-adaptacion-de-medidas-de-desempeno\"><strong>APLICACI\u00d3N DE LA NIIF 16 Y ADAPTACI\u00d3N DE MEDIDAS DE DESEMPE\u00d1O<\/strong><\/h2>\n\n\n\n<p>El Grupo expuso los impactos esperados de la aplicaci\u00f3n de la NIIF 16 desde el 1 de enero de 2019, al presentar sus objetivos para 2019 el 14 de febrero de 2019.<\/p>\n\n\n\n<p>Como resultado de la entrada en vigor de esta norma, el Grupo aplica un nuevo tratamiento contable a todos sus arrendamientos (principalmente arrendamientos inmobiliarios), similar en esencia al aplicado actualmente a los arrendamientos financieros.<\/p>\n\n\n\n<p>Esencialmente, el Grupo:<\/p>\n\n\n\n<ul class=\"wp-block-list\">\n<li>en su <strong>hoja de balance<\/strong>: reconoci\u00f3, al 1 de enero de 2019, todas las obligaciones de arrendamiento como deuda en pasivos por un monto de \u20ac 828 millones (incluyendo 80 millones de euros ya reconocidos con respecto a arrendamientos financieros), en l\u00ednea con los \u20ac 750 a 850 millones de euros, comunicada en febrero de 2019. El derecho de uso correspondiente se reconoci\u00f3 en activos por un importe de \u20ac 785 millones de euros;<\/li>\n\n\n\n<li>en su <strong>estado de resultados<\/strong>: reconoci\u00f3 la depreciaci\u00f3n del activo por derecho de uso durante el plazo del arrendamiento en gastos operativos y la correspondiente participaci\u00f3n en costos financieros, en lugar de un gasto por arrendamiento en gastos operativos;<\/li>\n\n\n\n<li>en <strong>flujos de efectivo<\/strong>: reconoci\u00f3 salidas de efectivo como pagos de la deuda de arrendamiento en lugar de un pago de alquiler.<\/li>\n<\/ul>\n\n\n\n<p>Como se anunci\u00f3, el Grupo no cree que este nuevo tratamiento contable modifique la naturaleza operativa de la mayor\u00eda de sus arrendamientos. En consecuencia, para garantizar que las medidas de desempe\u00f1o del Grupo sigan reflejando mejor su desempe\u00f1o operativo, ya que la distinci\u00f3n entre los diferentes tipos de arrendamiento desaparece con la introducci\u00f3n de la NIIF 16, el Grupo considera, a partir del <strong>1 de enero de 2019<\/strong>, todos los reembolsos de la deuda de arrendamiento como elementos operativos. En consecuencia:<\/p>\n\n\n\n<ul class=\"wp-block-list\">\n<li>E<strong>l flujo de caja libre org\u00e1nico<\/strong> incluye los reembolsos de la deuda del arrendamiento (incluidos los arrendamientos financieros, previamente excluidos como reconocidos en los reembolsos de pr\u00e9stamos, de aproximadamente \u20ac50 millones de euros en 2018);<\/li>\n\n\n\n<li>La <strong>deuda neta<\/strong> del grupo excluye toda deuda de arrendamiento (incluida la relacionada con arrendamientos financieros de aproximadamente \u20ac80 millones de euros a finales de 2018).<\/li>\n<\/ul>\n\n\n\n<p>En otros lugares, el impacto de la aplicaci\u00f3n de la NIIF 16 en el estado de resultados del Grupo es generalmente neutral para las principales medidas de desempe\u00f1o, cuyas definiciones permanecen sin cambios (estimaciones basadas en las cuentas de 2018):<\/p>\n\n\n\n<ul class=\"wp-block-list\">\n<li><strong>Margen operativo<\/strong>: impacto levemente positivo, en el rango de 5 puntos b\u00e1sicos;<\/li>\n\n\n\n<li><strong>Beneficio neto<\/strong> (participaci\u00f3n del Grupo): impacto ligeramente negativo, en el rango de \u20ac5 millones de euros; y<\/li>\n\n\n\n<li><strong>Ganancias normalizadas por acci\u00f3n:<\/strong> impacto ligeramente negativo, en el rango de \u20ac0.03 euros por acci\u00f3n.<\/li>\n<\/ul>\n\n\n\n<h2 class=\"wp-block-heading\" id=\"h-definiciones\"><strong>Definiciones<\/strong><\/h2>\n\n\n\n<p>El <strong>crecimiento org\u00e1nico<\/strong>, o un crecimiento similar en los ingresos, es la <strong>tasa de crecimiento calculada<\/strong> a un alcance y tipos de cambio constantes del Grupo. El alcance del Grupo y los tipos de cambio utilizados son los del per\u00edodo informado. Los tipos de cambio para el per\u00edodo informado tambi\u00e9n se utilizan para calcular el <strong>crecimiento a tipos de cambio constantes<\/strong>.<\/p>\n\n\n\n<p><a href=\"#_ftnref1\" id=\"_ftn1\"><\/a><\/p>\n\n\n\n<figure class=\"wp-block-image\"><img decoding=\"async\" src=\"https:\/\/www.capgemini.com\/mx-es\/wp-content\/uploads\/sites\/24\/2019\/07\/figure02.jpg\" alt=\"constant Group scope and exchange rates\" class=\"wp-image-34621\"\/><\/figure>\n\n\n\n<p>Los impactos monetarios del primer semestre de 2019 est\u00e1n principalmente relacionados con la apreciaci\u00f3n del d\u00f3lar estadounidense frente al euro.<\/p>\n\n\n\n<p>Al determinar las tendencias de actividad por negocio y de acuerdo con las medidas internas de rendimiento operativo, el crecimiento a tipos de cambio constantes se calcula en funci\u00f3n de los <strong>ingresos totales<\/strong>, es decir, antes de la eliminaci\u00f3n de la facturaci\u00f3n entre empresas. El Grupo considera que esto es m\u00e1s representativo de los niveles de actividad por negocio. A medida que cambian sus negocios, un n\u00famero cada vez mayor de contratos requiere una variedad de experiencia comercial para la entrega, lo que lleva a un aumento en los flujos entre negocios (para informaci\u00f3n, aproximadamente el 7% de los ingresos totales en 2018).<\/p>\n\n\n\n<p>El <strong>margen operativo<\/strong> es una de las principales medidas para medir el rendimiento del Grupo. Se define como la diferencia entre ingresos y costos operativos. Se calcula antes de \u201cOtros ingresos y gastos operativos\u201d que incluyen la amortizaci\u00f3n de activos intangibles reconocidos en combinaciones de negocios, el cargo resultante del reconocimiento diferido del valor razonable de las acciones otorgadas a los empleados (incluidas las contribuciones de seguridad social y las contribuciones del empleador), y no \u2013 ingresos y gastos recurrentes, en particular deterioro de la plusval\u00eda, plusval\u00eda negativa, ganancias o p\u00e9rdidas de capital por enajenaciones de empresas o negocios consolidados, costos de reestructuraci\u00f3n incurridos bajo un plan formal detallado aprobado por la administraci\u00f3n del Grupo, el costo de adquirir e integrar compa\u00f1\u00edas adquiridas por el Grupo, incluyendo ganancias que comprenden condiciones de presencia y los efectos de reducciones, liquidaciones y transferencias de planes de pensiones de beneficios definidos.<\/p>\n\n\n\n<p>La ganancia neta normalizada es igual a la ganancia del per\u00edodo (participaci\u00f3n del Grupo) ajustada por el impacto de las partidas reconocidas en \u201cOtros ingresos y gastos operativos\u201d, netos de impuestos calculados usando la tasa impositiva efectiva. Las <strong>ganancias normalizadas<\/strong> por acci\u00f3n se calculan como ganancias b\u00e1sicas por acci\u00f3n, es decir, excluyendo la diluci\u00f3n.<\/p>\n\n\n\n<p>El <strong>flujo de efectivo libre org\u00e1nico<\/strong> es igual al flujo de efectivo de las operaciones menos las adquisiciones de propiedades, planta, equipo y activos intangibles (netos de enajenaciones) y reembolsos de pasivos por arrendamiento, ajustados por retiro de efectivo relacionado con el costo neto de intereses. Los pagos por arrendamientos financieros se incluyeron en los reembolsos de pr\u00e9stamos hasta el 31 de diciembre de 2018. Desde el 1 de enero de 2019, con la adopci\u00f3n de la NIIF 16, estos pagos ahora se incluyen en la nueva definici\u00f3n de flujo de efectivo libre org\u00e1nico como pagos de pasivos por arrendamiento.<\/p>\n\n\n\n<h2 class=\"wp-block-heading\" id=\"h-resultados-por-region\"><strong>RESULTADOS POR REGI\u00d3N<\/strong><\/h2>\n\n\n\n<figure class=\"wp-block-image\"><img decoding=\"async\" src=\"https:\/\/www.capgemini.com\/mx-es\/wp-content\/uploads\/sites\/24\/2019\/07\/figure03.jpg\" alt=\"RESULTS BY REGION\" class=\"wp-image-34622\"\/><\/figure>\n\n\n\n<h2 class=\"wp-block-heading\" id=\"h-resultados-por-unidad-de-negocio\"><strong>RESULTADOS POR UNIDAD DE NEGOCIO<\/strong><\/h2>\n\n\n\n<figure class=\"wp-block-image\"><img decoding=\"async\" src=\"https:\/\/www.capgemini.com\/mx-es\/wp-content\/uploads\/sites\/24\/2019\/07\/figure04.jpg\" alt=\"RESULTS BY BUSINESS\" class=\"wp-image-34623\"\/><\/figure>\n\n\n\n<h2 class=\"wp-block-heading\" id=\"h-resumen-estado-de-resultados-y-margen-operativo\"><strong>RESUMEN ESTADO DE RESULTADOS Y MARGEN OPERATIVO<\/strong><\/h2>\n\n\n\n<figure class=\"wp-block-image\"><img decoding=\"async\" src=\"https:\/\/www.capgemini.com\/mx-es\/wp-content\/uploads\/sites\/24\/2019\/07\/figure05.jpg\" alt=\"SUMMARY INCOME STATEMENT AND OPERATING MARGIN\" class=\"wp-image-34624\"\/><\/figure>\n\n\n\n<h2 class=\"wp-block-heading\" id=\"h-ganancias-normalizadas-y-diluidas-por-accion\"><strong>GANANCIAS NORMALIZADAS Y DILUIDAS POR ACCI\u00d3N<\/strong><\/h2>\n\n\n\n<figure class=\"wp-block-image\"><img decoding=\"async\" src=\"https:\/\/www.capgemini.com\/mx-es\/wp-content\/uploads\/sites\/24\/2019\/07\/figure06.jpg\" alt=\"NORMALIZED AND DILUTED EARNINGS PER SHARE \" class=\"wp-image-34625\"\/><\/figure>\n\n\n\n<p>El Grupo reconoci\u00f3 un gasto por impuesto a las ganancias con respecto al impacto transitorio de la reforma fiscal en los EE. UU. De \u20ac18 millones de euros en el primer semestre de 2018 y \u20ac30 millones de euros en el primer semestre de 2019. Esto redujo las ganancias b\u00e1sicas, diluidas y normalizadas por acci\u00f3n en \u20ac0.18 en el primer semestre de 2019.<\/p>\n\n\n\n<p>Ajustado por este gasto fiscal, el beneficio normalizado por acci\u00f3n es de \u20ac3.08 de euros en el primer semestre de 2019:<\/p>\n\n\n\n<figure class=\"wp-block-image\"><img decoding=\"async\" src=\"https:\/\/www.capgemini.com\/mx-es\/wp-content\/uploads\/sites\/24\/2019\/07\/figure07.jpg\" alt=\"tax expense\" class=\"wp-image-34626\"\/><\/figure>\n\n\n\n<h2 class=\"wp-block-heading\" id=\"h-cambio-de-efectivo-y-equivalentes-de-efectivo-y-flujo-de-efectivo-organico-gratuito\"><strong>CAMBIO DE EFECTIVO Y EQUIVALENTES DE EFECTIVO Y FLUJO DE EFECTIVO ORG\u00c1NICO GRATUITO<\/strong><\/h2>\n\n\n\n<figure class=\"wp-block-image\"><img decoding=\"async\" src=\"https:\/\/www.capgemini.com\/mx-es\/wp-content\/uploads\/sites\/24\/2019\/07\/figure08.jpg\" alt=\"CHANGE IN CASH AND CASH EQUIVALENTS AND ORGANIC FREE CASH FLOW \" class=\"wp-image-34627\"\/><\/figure>\n\n\n\n<h2 class=\"wp-block-heading\" id=\"h-nbsp-deuda-neta\"><strong>&nbsp;DEUDA NETA<\/strong><\/h2>\n\n\n\n<figure class=\"wp-block-image\"><img decoding=\"async\" src=\"https:\/\/www.capgemini.com\/mx-es\/wp-content\/uploads\/sites\/24\/2019\/07\/figure09.jpg\" alt=\"NET DEBT \" class=\"wp-image-34628\"\/><\/figure>\n\n\n\n<p><em><a href=\"#_ftnref1\" id=\"_ftn1\">*<\/a> Los t\u00e9rminos y las medidas de rendimiento alternativas marcadas con un (*) se definen y \/ o concilian en el ap\u00e9ndice de este comunicado de prensa.<\/em><\/p>\n\n\n\n<p><a href=\"#_ftnref1\" id=\"_ftn1\">[1]<\/a> Se han completado procedimientos de revisi\u00f3n limitada en los estados financieros consolidados intermedios. Los auditores est\u00e1n en proceso de emitir su informe.<\/p>\n\n\n\n<p><a href=\"#_ftnref2\" id=\"_ftn2\">[2]<\/a> The impacts of the application of IFRS 16 at January 1, 2019 and the resulting change in the organic free cash flow and net debt definitions are presented in the appendix to this press release.<\/p>\n\n\n\n<p><a id=\"_ftn3\" href=\"#_ftnref3\">[3]<\/a> Los impactos de la aplicaci\u00f3n de la NIIF 16 al 1 de enero de 2019 y el cambio resultante en el flujo de efectivo libre org\u00e1nico y las definiciones de deuda neta se presentan en el ap\u00e9ndice de este comunicado de prensa.<\/p>\n\n\n<div class=\"wp-block-cg-blocks-cg-block-related-content\"><section class=\"relatedContentBlock\"><div class=\"container\"><div class=\"row\"><div class=\"content-title col-12 col-md-8\"><h2 class=\"related-content-heading\">Related News<\/h2><\/div><\/div><div class=\"row relatedContent\"><div class=\"col-lg-4 col-md-6 col-xs-12\">\n\t\t\t\t\t\t\t<div class=\"box\">\n\t\t\t\t\t\t\t\t<a aria-label=\"Leer m\u00e1s sobre Q1 2026 revenues\" href=\"https:\/\/www.capgemini.com\/mx-es\/news\/press-releases\/q1-2026-revenues\/\" class=\"anchorWrapper\">\n\t\t\t\t\t\t\t\t\t<span class=\"box-tag\"><span>Financial news<\/span><\/span>\n\t\t\t\t\t\t\t\t\t<div class=\"box-title\"><h3 class=\"box-subtitle\">Q1 2026 revenues<\/h3><\/div>\n\t\t\t\t\t\t\t\t\t<div class=\"box-date\">\n\t\t\t\t\t\t\t\t\t\t<span>Apr 30, 2026<\/span>\n\t\t\t\t\t\t\t\t\t<\/div>\n\t\t\t\t\t\t\t\t\t<div class=\"box-bottom\">\n\t\t\t\t\t\t\t\t\t\t&lt;a class=&quot;link-download&quot; href=&quot;https:\/\/www.capgemini.com\/wp-content\/uploads\/2026\/04\/Capgemini_-_2026-04-30-_-2026_Q1_Revenues.pdf&quot; aria-label=&quot;Descargar nota de prensa&quot; target=&quot;_blank&quot;  type=&quot;download&quot; title=&quot;Opens in a new window&quot;&gt;\n\t\t\t\t\t\t\t&lt;span&gt;Descargar nota de prensa&lt;\/span&gt;\n\t\t\t\t\t\t\t&lt;span&gt;209 KB PDF&lt;\/span&gt;\n\t\t\t\t\t\t&lt;\/a&gt;\n\t\t\t\t\t\t\t\t\t\t<a class=\"more\" aria-label=\"Leer m\u00e1s sobre Q1 2026 revenues\" href=\"https:\/\/www.capgemini.com\/mx-es\/news\/press-releases\/q1-2026-revenues\/\">Leer m\u00e1s sobre<\/a>\n\t\t\t\t\t\t\t\t\t<\/div>\n\t\t\t\t\t\t\t\t<\/a>\n\t\t\t\t\t\t\t<\/div>\n\t\t\t\t\t\t<\/div><div class=\"col-lg-4 col-md-6 col-xs-12\">\n\t\t\t\t\t\t\t<div class=\"box\">\n\t\t\t\t\t\t\t\t<a aria-label=\"Leer m\u00e1s sobre Full-year 2025 results\" href=\"https:\/\/www.capgemini.com\/mx-es\/news\/press-releases\/full-year-2025-results\/\" class=\"anchorWrapper\">\n\t\t\t\t\t\t\t\t\t<span class=\"box-tag\"><span>Financial news<\/span><\/span>\n\t\t\t\t\t\t\t\t\t<div class=\"box-title\"><h3 class=\"box-subtitle\">Full-year 2025 results<\/h3><\/div>\n\t\t\t\t\t\t\t\t\t<div class=\"box-date\">\n\t\t\t\t\t\t\t\t\t\t<span>Feb 13, 2026<\/span>\n\t\t\t\t\t\t\t\t\t<\/div>\n\t\t\t\t\t\t\t\t\t<div class=\"box-bottom\">\n\t\t\t\t\t\t\t\t\t\t&lt;a class=&quot;link-download&quot; href=&quot;https:\/\/www.capgemini.com\/wp-content\/uploads\/2026\/02\/Capgemini_-_2026-02-13-_-2025_Annual_Results.pdf&quot; aria-label=&quot;Descargar nota de prensa&quot; target=&quot;_blank&quot;  type=&quot;download&quot; title=&quot;Opens in a new window&quot;&gt;\n\t\t\t\t\t\t\t&lt;span&gt;Descargar nota de prensa&lt;\/span&gt;\n\t\t\t\t\t\t\t&lt;span&gt;309 KB PDF&lt;\/span&gt;\n\t\t\t\t\t\t&lt;\/a&gt;\n\t\t\t\t\t\t\t\t\t\t<a class=\"more\" aria-label=\"Leer m\u00e1s sobre Full-year 2025 results\" href=\"https:\/\/www.capgemini.com\/mx-es\/news\/press-releases\/full-year-2025-results\/\">Leer m\u00e1s sobre<\/a>\n\t\t\t\t\t\t\t\t\t<\/div>\n\t\t\t\t\t\t\t\t<\/a>\n\t\t\t\t\t\t\t<\/div>\n\t\t\t\t\t\t<\/div><div class=\"col-lg-4 col-md-6 col-xs-12\">\n\t\t\t\t\t\t\t<div class=\"box\">\n\t\t\t\t\t\t\t\t<a aria-label=\"Leer m\u00e1s sobre Capgemini Q3 2025 revenues\" href=\"https:\/\/www.capgemini.com\/mx-es\/news\/press-releases\/capgemini-q3-2025-revenues\/\" class=\"anchorWrapper\">\n\t\t\t\t\t\t\t\t\t<span class=\"box-tag\"><span>Financial news<\/span><\/span>\n\t\t\t\t\t\t\t\t\t<div class=\"box-title\"><h3 class=\"box-subtitle\">Capgemini Q3 2025 revenues<\/h3><\/div>\n\t\t\t\t\t\t\t\t\t<div class=\"box-date\">\n\t\t\t\t\t\t\t\t\t\t<span>Oct 28, 2025<\/span>\n\t\t\t\t\t\t\t\t\t<\/div>\n\t\t\t\t\t\t\t\t\t<div class=\"box-bottom\">\n\t\t\t\t\t\t\t\t\t\t&lt;a class=&quot;link-download&quot; href=&quot;https:\/\/www.capgemini.com\/wp-content\/uploads\/2025\/10\/Capgemini_-_2025-10-28_-_Q3_2025_Revenues.pdf&quot; aria-label=&quot;Descargar nota de prensa&quot; target=&quot;_blank&quot;  type=&quot;download&quot; title=&quot;Opens in a new window&quot;&gt;\n\t\t\t\t\t\t\t&lt;span&gt;Descargar nota de prensa&lt;\/span&gt;\n\t\t\t\t\t\t\t&lt;span&gt;284 KB PDF&lt;\/span&gt;\n\t\t\t\t\t\t&lt;\/a&gt;\n\t\t\t\t\t\t\t\t\t\t<a class=\"more\" aria-label=\"Leer m\u00e1s sobre Capgemini Q3 2025 revenues\" href=\"https:\/\/www.capgemini.com\/mx-es\/news\/press-releases\/capgemini-q3-2025-revenues\/\">Leer m\u00e1s sobre<\/a>\n\t\t\t\t\t\t\t\t\t<\/div>\n\t\t\t\t\t\t\t\t<\/a>\n\t\t\t\t\t\t\t<\/div>\n\t\t\t\t\t\t<\/div><\/div><\/div><\/section><\/div><\/div><\/div><\/div><\/div><\/div><\/section>\n","protected":false},"excerpt":{"rendered":"","protected":false},"author":336,"featured_media":0,"template":"","meta":{"cg_dt_proposed_to":[],"cg_seo_hreflang_relations":"[]","cg_seo_canonical_relation":"","cg_seo_hreflang_x_default_relation":"","cg_dt_approved_content":true,"cg_dt_mandatory_content":false,"cg_dt_notes":"","cg_dg_source_changed":false,"cg_dt_link_disabled":false,"footnotes":"","related_resource_url":"https:\/\/www.capgemini.com\/mx-es\/wp-content\/uploads\/sites\/28\/2022\/12\/Capgemini-mantiene-su-impulso-de-crecimiento-con-una-fuerte-progresion-de-sus-resultados-semestrales-2019.pdf","related_resource_id":18132,"related_resource_size":"296 KB","related_resource_type":"pdf","cg_author":0,"featured_focal_points":""},"tags":[],"press-release-type":[127],"brand":[],"class_list":["post-18129","press-release","type-press-release","status-publish","hentry","press-release-type-financial-news"],"yoast_head":"<!-- This site is optimized with the Yoast SEO Premium plugin v22.8 (Yoast SEO v22.8) - https:\/\/yoast.com\/wordpress\/plugins\/seo\/ -->\n<title>Capgemini mantiene el impulso de crecimiento con un fuerte avance en los resultados del primer semestre del 2019 | Capgemini<\/title>\n<meta name=\"description\" content=\"La Mesa Directiva de Capgemini SE, presidida por Paul Hermelin, convocada el 29 de julio de 2019, se reuni\u00f3 para revisar y autorizar la emisi\u00f3n de las cuentas[1] del Grupo Capgemini para la primera mitad de 2019.\" \/>\n<meta name=\"robots\" content=\"index, follow, max-snippet:-1, max-image-preview:large, max-video-preview:-1\" \/>\n<link rel=\"canonical\" href=\"https:\/\/www.capgemini.com\/mx-es\/news\/press-releases\/capgemini-mantiene-el-impulso-de-crecimiento-con-un-fuerte-avance-en-los-resultados-del-primer-semestre-del-2019\/\" \/>\n<meta property=\"og:locale\" content=\"es_MX\" \/>\n<meta property=\"og:type\" content=\"article\" \/>\n<meta property=\"og:title\" content=\"Capgemini mantiene el impulso de crecimiento con un fuerte avance en los resultados del primer semestre del 2019\" \/>\n<meta property=\"og:description\" content=\"La Mesa Directiva de Capgemini SE, presidida por Paul Hermelin, convocada el 29 de julio de 2019, se reuni\u00f3 para revisar y autorizar la emisi\u00f3n de las cuentas[1] del Grupo Capgemini para la primera mitad de 2019.\" \/>\n<meta property=\"og:url\" content=\"https:\/\/www.capgemini.com\/mx-es\/news\/press-releases\/capgemini-mantiene-el-impulso-de-crecimiento-con-un-fuerte-avance-en-los-resultados-del-primer-semestre-del-2019\/\" \/>\n<meta property=\"og:site_name\" content=\"Capgemini Mexico\" \/>\n<meta property=\"article:modified_time\" content=\"2025-04-04T19:29:06+00:00\" \/>\n<meta property=\"og:image\" content=\"https:\/\/www.capgemini.com\/mx-es\/wp-content\/uploads\/sites\/24\/2019\/07\/figure1.jpg\" \/>\n<meta name=\"twitter:card\" content=\"summary_large_image\" \/>\n<meta name=\"twitter:label1\" content=\"Est. reading time\" \/>\n\t<meta name=\"twitter:data1\" content=\"21 minutes\" \/>\n<script type=\"application\/ld+json\" class=\"yoast-schema-graph\">{\"@context\":\"https:\/\/schema.org\",\"@graph\":[{\"@type\":\"WebPage\",\"@id\":\"https:\/\/www.capgemini.com\/mx-es\/news\/press-releases\/capgemini-mantiene-el-impulso-de-crecimiento-con-un-fuerte-avance-en-los-resultados-del-primer-semestre-del-2019\/\",\"url\":\"https:\/\/www.capgemini.com\/mx-es\/news\/press-releases\/capgemini-mantiene-el-impulso-de-crecimiento-con-un-fuerte-avance-en-los-resultados-del-primer-semestre-del-2019\/\",\"name\":\"Capgemini mantiene el impulso de crecimiento con un fuerte avance en los resultados del primer semestre del 2019 | Capgemini\",\"isPartOf\":{\"@id\":\"https:\/\/www.capgemini.com\/mx-es\/#website\"},\"primaryImageOfPage\":{\"@id\":\"https:\/\/www.capgemini.com\/mx-es\/news\/press-releases\/capgemini-mantiene-el-impulso-de-crecimiento-con-un-fuerte-avance-en-los-resultados-del-primer-semestre-del-2019\/#primaryimage\"},\"image\":{\"@id\":\"https:\/\/www.capgemini.com\/mx-es\/news\/press-releases\/capgemini-mantiene-el-impulso-de-crecimiento-con-un-fuerte-avance-en-los-resultados-del-primer-semestre-del-2019\/#primaryimage\"},\"thumbnailUrl\":\"https:\/\/www.capgemini.com\/mx-es\/wp-content\/uploads\/sites\/24\/2019\/07\/figure1.jpg\",\"datePublished\":\"2019-07-30T20:07:00+00:00\",\"dateModified\":\"2025-04-04T19:29:06+00:00\",\"description\":\"La Mesa Directiva de Capgemini SE, presidida por Paul Hermelin, convocada el 29 de julio de 2019, se reuni\u00f3 para revisar y autorizar la emisi\u00f3n de las cuentas[1] del Grupo Capgemini para la primera mitad de 2019.\",\"breadcrumb\":{\"@id\":\"https:\/\/www.capgemini.com\/mx-es\/news\/press-releases\/capgemini-mantiene-el-impulso-de-crecimiento-con-un-fuerte-avance-en-los-resultados-del-primer-semestre-del-2019\/#breadcrumb\"},\"inLanguage\":\"es-MX\",\"potentialAction\":[{\"@type\":\"ReadAction\",\"target\":[\"https:\/\/www.capgemini.com\/mx-es\/news\/press-releases\/capgemini-mantiene-el-impulso-de-crecimiento-con-un-fuerte-avance-en-los-resultados-del-primer-semestre-del-2019\/\"]}]},{\"@type\":\"ImageObject\",\"inLanguage\":\"es-MX\",\"@id\":\"https:\/\/www.capgemini.com\/mx-es\/news\/press-releases\/capgemini-mantiene-el-impulso-de-crecimiento-con-un-fuerte-avance-en-los-resultados-del-primer-semestre-del-2019\/#primaryimage\",\"url\":\"https:\/\/www.capgemini.com\/mx-es\/wp-content\/uploads\/sites\/24\/2019\/07\/figure1.jpg\",\"contentUrl\":\"https:\/\/www.capgemini.com\/mx-es\/wp-content\/uploads\/sites\/24\/2019\/07\/figure1.jpg\"},{\"@type\":\"BreadcrumbList\",\"@id\":\"https:\/\/www.capgemini.com\/mx-es\/news\/press-releases\/capgemini-mantiene-el-impulso-de-crecimiento-con-un-fuerte-avance-en-los-resultados-del-primer-semestre-del-2019\/#breadcrumb\",\"itemListElement\":[{\"@type\":\"ListItem\",\"position\":1,\"name\":\"Home\",\"item\":\"https:\/\/www.capgemini.com\/mx-es\/\"},{\"@type\":\"ListItem\",\"position\":2,\"name\":\"Press Releases\",\"item\":\"https:\/\/www.capgemini.com\/mx-es\/news\/\"},{\"@type\":\"ListItem\",\"position\":3,\"name\":\"Capgemini mantiene el impulso de crecimiento con un fuerte avance en los resultados del primer semestre del 2019\"}]},{\"@type\":\"WebSite\",\"@id\":\"https:\/\/www.capgemini.com\/mx-es\/#website\",\"url\":\"https:\/\/www.capgemini.com\/mx-es\/\",\"name\":\"Capgemini Mexico\",\"description\":\"Capgemini\",\"publisher\":{\"@id\":\"https:\/\/www.capgemini.com\/mx-es\/#organization\"},\"potentialAction\":[{\"@type\":\"SearchAction\",\"target\":{\"@type\":\"EntryPoint\",\"urlTemplate\":\"https:\/\/www.capgemini.com\/mx-es\/?s={search_term_string}\"},\"query-input\":\"required name=search_term_string\"}],\"inLanguage\":\"es-MX\"},{\"@type\":\"Organization\",\"@id\":\"https:\/\/www.capgemini.com\/mx-es\/#organization\",\"name\":\"Capgemini Mexico\",\"url\":\"https:\/\/www.capgemini.com\/mx-es\/\",\"logo\":{\"@type\":\"ImageObject\",\"inLanguage\":\"es-MX\",\"@id\":\"https:\/\/www.capgemini.com\/mx-es\/#\/schema\/logo\/image\/\",\"url\":\"https:\/\/www.capgemini.com\/mx-es\/wp-content\/uploads\/sites\/28\/2025\/07\/linkedin_mwo0q6.png\",\"contentUrl\":\"https:\/\/www.capgemini.com\/mx-es\/wp-content\/uploads\/sites\/28\/2025\/07\/linkedin_mwo0q6.png\",\"width\":800,\"height\":800,\"caption\":\"Capgemini Mexico\"},\"image\":{\"@id\":\"https:\/\/www.capgemini.com\/mx-es\/#\/schema\/logo\/image\/\"}}]}<\/script>\n<!-- \/ Yoast SEO Premium plugin. -->","yoast_head_json":{"title":"Capgemini mantiene el impulso de crecimiento con un fuerte avance en los resultados del primer semestre del 2019 | Capgemini","description":"La Mesa Directiva de Capgemini SE, presidida por Paul Hermelin, convocada el 29 de julio de 2019, se reuni\u00f3 para revisar y autorizar la emisi\u00f3n de las cuentas[1] del Grupo Capgemini para la primera mitad de 2019.","robots":{"index":"index","follow":"follow","max-snippet":"max-snippet:-1","max-image-preview":"max-image-preview:large","max-video-preview":"max-video-preview:-1"},"canonical":"https:\/\/www.capgemini.com\/mx-es\/news\/press-releases\/capgemini-mantiene-el-impulso-de-crecimiento-con-un-fuerte-avance-en-los-resultados-del-primer-semestre-del-2019\/","og_locale":"es_MX","og_type":"article","og_title":"Capgemini mantiene el impulso de crecimiento con un fuerte avance en los resultados del primer semestre del 2019","og_description":"La Mesa Directiva de Capgemini SE, presidida por Paul Hermelin, convocada el 29 de julio de 2019, se reuni\u00f3 para revisar y autorizar la emisi\u00f3n de las cuentas[1] del Grupo Capgemini para la primera mitad de 2019.","og_url":"https:\/\/www.capgemini.com\/mx-es\/news\/press-releases\/capgemini-mantiene-el-impulso-de-crecimiento-con-un-fuerte-avance-en-los-resultados-del-primer-semestre-del-2019\/","og_site_name":"Capgemini Mexico","article_modified_time":"2025-04-04T19:29:06+00:00","og_image":[{"url":"https:\/\/www.capgemini.com\/mx-es\/wp-content\/uploads\/sites\/24\/2019\/07\/figure1.jpg"}],"twitter_card":"summary_large_image","twitter_misc":{"Est. reading time":"21 minutes"},"schema":{"@context":"https:\/\/schema.org","@graph":[{"@type":"WebPage","@id":"https:\/\/www.capgemini.com\/mx-es\/news\/press-releases\/capgemini-mantiene-el-impulso-de-crecimiento-con-un-fuerte-avance-en-los-resultados-del-primer-semestre-del-2019\/","url":"https:\/\/www.capgemini.com\/mx-es\/news\/press-releases\/capgemini-mantiene-el-impulso-de-crecimiento-con-un-fuerte-avance-en-los-resultados-del-primer-semestre-del-2019\/","name":"Capgemini mantiene el impulso de crecimiento con un fuerte avance en los resultados del primer semestre del 2019 | Capgemini","isPartOf":{"@id":"https:\/\/www.capgemini.com\/mx-es\/#website"},"primaryImageOfPage":{"@id":"https:\/\/www.capgemini.com\/mx-es\/news\/press-releases\/capgemini-mantiene-el-impulso-de-crecimiento-con-un-fuerte-avance-en-los-resultados-del-primer-semestre-del-2019\/#primaryimage"},"image":{"@id":"https:\/\/www.capgemini.com\/mx-es\/news\/press-releases\/capgemini-mantiene-el-impulso-de-crecimiento-con-un-fuerte-avance-en-los-resultados-del-primer-semestre-del-2019\/#primaryimage"},"thumbnailUrl":"https:\/\/www.capgemini.com\/mx-es\/wp-content\/uploads\/sites\/24\/2019\/07\/figure1.jpg","datePublished":"2019-07-30T20:07:00+00:00","dateModified":"2025-04-04T19:29:06+00:00","description":"La Mesa Directiva de Capgemini SE, presidida por Paul Hermelin, convocada el 29 de julio de 2019, se reuni\u00f3 para revisar y autorizar la emisi\u00f3n de las cuentas[1] del Grupo Capgemini para la primera mitad de 2019.","breadcrumb":{"@id":"https:\/\/www.capgemini.com\/mx-es\/news\/press-releases\/capgemini-mantiene-el-impulso-de-crecimiento-con-un-fuerte-avance-en-los-resultados-del-primer-semestre-del-2019\/#breadcrumb"},"inLanguage":"es-MX","potentialAction":[{"@type":"ReadAction","target":["https:\/\/www.capgemini.com\/mx-es\/news\/press-releases\/capgemini-mantiene-el-impulso-de-crecimiento-con-un-fuerte-avance-en-los-resultados-del-primer-semestre-del-2019\/"]}]},{"@type":"ImageObject","inLanguage":"es-MX","@id":"https:\/\/www.capgemini.com\/mx-es\/news\/press-releases\/capgemini-mantiene-el-impulso-de-crecimiento-con-un-fuerte-avance-en-los-resultados-del-primer-semestre-del-2019\/#primaryimage","url":"https:\/\/www.capgemini.com\/mx-es\/wp-content\/uploads\/sites\/24\/2019\/07\/figure1.jpg","contentUrl":"https:\/\/www.capgemini.com\/mx-es\/wp-content\/uploads\/sites\/24\/2019\/07\/figure1.jpg"},{"@type":"BreadcrumbList","@id":"https:\/\/www.capgemini.com\/mx-es\/news\/press-releases\/capgemini-mantiene-el-impulso-de-crecimiento-con-un-fuerte-avance-en-los-resultados-del-primer-semestre-del-2019\/#breadcrumb","itemListElement":[{"@type":"ListItem","position":1,"name":"Home","item":"https:\/\/www.capgemini.com\/mx-es\/"},{"@type":"ListItem","position":2,"name":"Press Releases","item":"https:\/\/www.capgemini.com\/mx-es\/news\/"},{"@type":"ListItem","position":3,"name":"Capgemini mantiene el impulso de crecimiento con un fuerte avance en los resultados del primer semestre del 2019"}]},{"@type":"WebSite","@id":"https:\/\/www.capgemini.com\/mx-es\/#website","url":"https:\/\/www.capgemini.com\/mx-es\/","name":"Capgemini Mexico","description":"Capgemini","publisher":{"@id":"https:\/\/www.capgemini.com\/mx-es\/#organization"},"potentialAction":[{"@type":"SearchAction","target":{"@type":"EntryPoint","urlTemplate":"https:\/\/www.capgemini.com\/mx-es\/?s={search_term_string}"},"query-input":"required name=search_term_string"}],"inLanguage":"es-MX"},{"@type":"Organization","@id":"https:\/\/www.capgemini.com\/mx-es\/#organization","name":"Capgemini Mexico","url":"https:\/\/www.capgemini.com\/mx-es\/","logo":{"@type":"ImageObject","inLanguage":"es-MX","@id":"https:\/\/www.capgemini.com\/mx-es\/#\/schema\/logo\/image\/","url":"https:\/\/www.capgemini.com\/mx-es\/wp-content\/uploads\/sites\/28\/2025\/07\/linkedin_mwo0q6.png","contentUrl":"https:\/\/www.capgemini.com\/mx-es\/wp-content\/uploads\/sites\/28\/2025\/07\/linkedin_mwo0q6.png","width":800,"height":800,"caption":"Capgemini Mexico"},"image":{"@id":"https:\/\/www.capgemini.com\/mx-es\/#\/schema\/logo\/image\/"}}]}},"parsely":{"version":"1.1.0","canonical_url":"https:\/\/capgemini.com\/mx-es\/news\/press-releases\/capgemini-mantiene-el-impulso-de-crecimiento-con-un-fuerte-avance-en-los-resultados-del-primer-semestre-del-2019\/","smart_links":{"inbound":0,"outbound":0},"traffic_boost_suggestions_count":0,"meta":{"@context":"https:\/\/schema.org","@type":"NewsArticle","headline":"Capgemini mantiene el impulso de crecimiento con un fuerte avance en los resultados del primer semestre del 2019","url":"https:\/\/www.capgemini.com\/mx-es\/news\/press-releases\/capgemini-mantiene-el-impulso-de-crecimiento-con-un-fuerte-avance-en-los-resultados-del-primer-semestre-del-2019\/","mainEntityOfPage":{"@type":"WebPage","@id":"https:\/\/www.capgemini.com\/mx-es\/news\/press-releases\/capgemini-mantiene-el-impulso-de-crecimiento-con-un-fuerte-avance-en-los-resultados-del-primer-semestre-del-2019\/"},"thumbnailUrl":"","image":{"@type":"ImageObject","url":""},"articleSection":"Uncategorized","author":[],"creator":[],"publisher":{"@type":"Organization","name":"Capgemini Mexico","logo":""},"keywords":[],"dateCreated":"2019-07-30T20:07:00Z","datePublished":"2019-07-30T20:07:00Z","dateModified":"2025-04-04T19:29:06Z"},"rendered":"<meta name=\"parsely-title\" content=\"Capgemini mantiene el impulso de crecimiento con un fuerte avance en los resultados del primer semestre del 2019\" \/>\n<meta name=\"parsely-link\" content=\"https:\/\/www.capgemini.com\/mx-es\/news\/press-releases\/capgemini-mantiene-el-impulso-de-crecimiento-con-un-fuerte-avance-en-los-resultados-del-primer-semestre-del-2019\/\" \/>\n<meta name=\"parsely-type\" content=\"post\" \/>\n<meta name=\"parsely-pub-date\" content=\"2019-07-30T20:07:00Z\" \/>\n<meta name=\"parsely-section\" content=\"Uncategorized\" \/>","tracker_url":"https:\/\/cdn.parsely.com\/keys\/capgemini.com\/p.js"},"archive_status":false,"featured_image_src":"https:\/\/www.capgemini.com\/mx-es\/wp-content\/themes\/capgemini2025\/assets\/images\/mockup.png","featured_image_alt":false,"jetpack_sharing_enabled":true,"distributor_meta":false,"distributor_terms":false,"distributor_media":false,"distributor_original_site_name":"Capgemini Mexico","distributor_original_site_url":"https:\/\/www.capgemini.com\/mx-es","push-errors":false,"tag_names":[],"_links":{"self":[{"href":"https:\/\/www.capgemini.com\/mx-es\/wp-json\/wp\/v2\/press-release\/18129","targetHints":{"allow":["GET"]}}],"collection":[{"href":"https:\/\/www.capgemini.com\/mx-es\/wp-json\/wp\/v2\/press-release"}],"about":[{"href":"https:\/\/www.capgemini.com\/mx-es\/wp-json\/wp\/v2\/types\/press-release"}],"author":[{"embeddable":true,"href":"https:\/\/www.capgemini.com\/mx-es\/wp-json\/wp\/v2\/users\/336"}],"version-history":[{"count":5,"href":"https:\/\/www.capgemini.com\/mx-es\/wp-json\/wp\/v2\/press-release\/18129\/revisions"}],"predecessor-version":[{"id":541759,"href":"https:\/\/www.capgemini.com\/mx-es\/wp-json\/wp\/v2\/press-release\/18129\/revisions\/541759"}],"wp:attachment":[{"href":"https:\/\/www.capgemini.com\/mx-es\/wp-json\/wp\/v2\/media?parent=18129"}],"wp:term":[{"taxonomy":"post_tag","embeddable":true,"href":"https:\/\/www.capgemini.com\/mx-es\/wp-json\/wp\/v2\/tags?post=18129"},{"taxonomy":"press-release-type","embeddable":true,"href":"https:\/\/www.capgemini.com\/mx-es\/wp-json\/wp\/v2\/press-release-type?post=18129"},{"taxonomy":"brand","embeddable":true,"href":"https:\/\/www.capgemini.com\/mx-es\/wp-json\/wp\/v2\/brand?post=18129"}],"curies":[{"name":"wp","href":"https:\/\/api.w.org\/{rel}","templated":true}]}}