{"id":17218,"date":"2021-08-16T14:45:00","date_gmt":"2021-08-16T14:45:00","guid":{"rendered":"https:\/\/www.capgemini.com\/mx-es\/?post_type=press-release&#038;p=17218"},"modified":"2025-04-04T18:37:34","modified_gmt":"2025-04-04T18:37:34","slug":"capgemini-es-seleccionado-por-un-fabricante-de-automoviles-lider-de-alemania-para-acelerar-el-desarrollo-de-software-para-su-transformacion-a-la-nube","status":"publish","type":"press-release","link":"https:\/\/www.capgemini.com\/mx-es\/news\/press-releases\/capgemini-es-seleccionado-por-un-fabricante-de-automoviles-lider-de-alemania-para-acelerar-el-desarrollo-de-software-para-su-transformacion-a-la-nube\/","title":{"rendered":"Capgemini es seleccionado por un fabricante de autom\u00f3viles l\u00edder de Alemania para acelerar el desarrollo de software para su transformaci\u00f3n a la nube"},"content":{"rendered":"\n<p><\/p>\n\n\n\t\t<div class=\"wp-block-cg-blocks-hero-press-release\">\n\t\t\t<header class=\"header-hero-press-release\" role=\"main\" id=\"main-content-press-release\">\n\t\t\t\t<div class=\"container\">\n\t\t\t\t\t<div class=\"hero-press-release\">\n\t\t\t\t\t\t<div class=\"hero-press-release-content-wrapper\">\n\t\t\t\t\t\t\t<div class=\"row\">\n\t\t\t\t\t\t\t\t<div class=\"col-12\">\n\t\t\t\t\t\t\t\t\t<div class=\"header-title\">\n\t\t\t\t\t\t\t\t\t\t<h1>\n\t\t\t\t\t\t\t\t\t\t\tCapgemini es seleccionado por un fabricante de autom\u00f3viles l\u00edder de Alemania para acelerar el desarrollo de software para su transformaci\u00f3n a la nube\t\t\t\t\t\t\t\t\t\t<\/h1>\n\t\t\t\t\t\t\t\t\t<\/div>\n\t\t\t\t\t\t\t\t\t<div class=\"header-description\">\n\t\t\t\t\t\t\t\t\t\t<p><\/p>\n\t\t\t\t\t\t\t\t\t<\/div>\n\t\t\t\t\t\t\t\t\t\t\t\t\t\t\t\t\t\t<div class=\"header-date\">\n\t\t\t\t\t\t\t\t\t\t<span>ago. 16, 2021<\/span>\n\t\t\t\t\t\t\t\t\t<\/div>\n\t\t\t\t\t\t\t\t<\/div>\n\t\t\t\t\t\t\t<\/div>\n\t\t\t\t\t\t<\/div>\n\t\t\t\t\t\t\t\t\t\t\t\t\t<div class=\"hero-press-release-downloads\">\n\t\t\t\t\t\t\t\t<div class=\"row\">\n\t\t\t\t\t\t\t\t\t\t\t\t\t\t\t\t\t\t\t<div class=\"col-12 col-md-6 col-lg-3\">\n\t\t\t\t\t\t\t\t\t\t\t<a class=\"download-item\" type=\"download\" href=\"https:\/\/www.capgemini.com\/mx-es\/wp-content\/uploads\/sites\/28\/2022\/12\/Capgemini-es-seleccionado-por-un-fabricante-de-automoviles-lider-de-Alemania-para-acelerar-el-desarrollo-de-software-para-su-transformacion-VF.pdf\" target=\"_blank\" rel=\"noopener noreferrer\" title=\"abrir en una nueva ventana\">\n\t\t\t\t\t\t\t\t\t\t\t\t<div class=\"download-icon\"><\/div>\n\t\t\t\t\t\t\t\t\t\t\t\t<div class=\"download-details\">\n\t\t\t\t\t\t\t\t\t\t\t\t\t<div class=\"download-title\">Download press release<\/div>\n\t\t\t\t\t\t\t\t\t\t\t\t\t<div class=\"download-props\">112 KB  pdf<\/div>\n\t\t\t\t\t\t\t\t\t\t\t\t<\/div>\n\t\t\t\t\t\t\t\t\t\t\t<\/a>\n\t\t\t\t\t\t\t\t\t\t<\/div>\n\t\t\t\t\t\t\t\t\t\t\t\t\t\t\t\t\t\t<\/div>\n\t\t\t\t\t\t\t<\/div>\n\t\t\t\t\t\t\t\t\t\t\t\t\t\t\t\t\t<\/div>\n\t\t\t\t<\/div>\n\t\t\t<\/header>\n\t\t<\/div>\n\t\t\n\n\n<section class=\"wp-block-cg-blocks-group undefined section section--article-content\"><div class=\"article-main-content\"><div class=\"container\"><div class=\"row\"><div class=\"col-12 col-md-1\"><nav class=\"article-social\"><ul class=\"social-nav\"><li class=\"ip-order-fb\"><a href=\"https:\/\/www.facebook.com\/sharer\/sharer.php?u=https:\/\/www.capgemini.com\/mx-es\/?post_type=press-release&amp;p=17218\" target=\"_blank\" rel=\"noopener noreferrer\" title=\"abrir en una nueva ventana\"><i aria-hidden=\"true\" class=\"icon-fb\"><\/i><span class=\"sr-only\">Facebook<\/span><\/a><\/li><li class=\"ip-order-tw\"><a href=\"https:\/\/twitter.com\/intent\/tweet?url=https:\/\/www.capgemini.com\/mx-es\/?post_type=press-release&amp;p=17218&amp;text=\" target=\"_blank\" rel=\"noopener noreferrer\" title=\"abrir en una nueva ventana\"><i aria-hidden=\"true\" class=\"icon-tw\"><\/i><span class=\"sr-only\">Twitter<\/span><\/a><\/li><li class=\"ip-order-li\"><a href=\"https:\/\/www.linkedin.com\/sharing\/share-offsite\/?url=https:\/\/www.capgemini.com\/mx-es\/?post_type=press-release&amp;p=17218&amp;text=\" target=\"_blank\" rel=\"noopener noreferrer\" title=\"abrir en una nueva ventana\"><i aria-hidden=\"true\" class=\"icon-li\"><\/i><span class=\"sr-only\">Linkedin<\/span><\/a><\/li><\/ul><\/nav><\/div><div class=\"col-12 col-md-11 col-lg-10\"><div class=\"article-text article-quote-text\">\n<p><strong>Par\u00eds, a 16 de agosto de 2021<\/strong><strong><em> \u2013 <\/em><\/strong><a href=\"https:\/\/www.capgemini.com\/mx-es\/\"><strong>Capgemini<\/strong><\/a><strong>, <\/strong><strong>socio estrat\u00e9gico de las principales empresas automotrices del mundo, anunci\u00f3 que Mercedes-Benz AG le otorg\u00f3 una extensi\u00f3n de contrato hasta 2024 para el desarrollo y mantenimiento de la aplicaci\u00f3n principal de gesti\u00f3n de datos de productos el\u00e9ctricos\/electr\u00f3nicos en un entorno de I+D. La aplicaci\u00f3n EE-PDM se utiliza para el desarrollo y documentaci\u00f3n de componentes electr\u00f3nicos de veh\u00edculos y fue implementada por un equipo internacional de expertos de Capgemini durante varios a\u00f1os. Al refrendar la extensi\u00f3n del contrato, Capgemini ahora apoyar\u00e1 al fabricante automotriz l\u00edder en la migraci\u00f3n de la aplicaci\u00f3n a la nube y su posterior transformaci\u00f3n en un entorno de microservicios con DevOps.<\/strong><\/p>\n\n\n\n<p>Tras la <a href=\"https:\/\/www.capgemini.com\/client-story\/software-development-in-the-fast-lane\/\">transformaci\u00f3n<\/a> exitosa de la aplicaci\u00f3n EE-PDM en un modelo de entrega \u00e1gil distribuido, Capgemini desarrollar\u00e1 a\u00fan m\u00e1s el sistema central EE-PDM. Esto mantendr\u00e1 el ritmo de los requisitos que cambian r\u00e1pidamente e incorporar\u00e1 m\u00faltiples \u00e1reas de negocio en varios flujos de trabajo que promueven la colaboraci\u00f3n. El principal fabricante de autom\u00f3viles tiene como objetivo establecer un proceso de implementaci\u00f3n m\u00e1s flexible y eficiente, el cual requiere mayor innovaci\u00f3n para garantizar un tiempo m\u00ednimo entre las actualizaciones de las aplicaciones y una comercializaci\u00f3n m\u00e1s r\u00e1pida de los componentes de productos electr\u00f3nicos. Para lograr este objetivo y sustentar la estrategia del cliente #TwiceAsFast destinada a optimizar sus procesos de TI, Capgemini aprovechar\u00e1 su vasta experiencia en tecnolog\u00eda de nube, arquitectura de microservicios y DevOps.<\/p>\n\n\n\n<p>Un total de cinco equipos \u00e1giles en Alemania e India suministrar\u00e1n los m\u00e1s recientes requisitos para la aplicaci\u00f3n. El contrato se extiende hasta 2024 con opci\u00f3n de pr\u00f3rroga en el futuro. Como proveedor clave para el fabricante de autom\u00f3viles premium, desde 2008 Capgemini ha estado desarrollando y manteniendo la aplicaci\u00f3n EE-PDM con un modelo probado.<\/p>\n\n\n\n<p><em>\u201cDesde que comenzamos nuestra colaboraci\u00f3n en la aplicaci\u00f3n EE-PDM, la digitalizaci\u00f3n ha evolucionado r\u00e1pidamente al igual que el desarrollo de los veh\u00edculos\u201d,<\/em> coment\u00f3 Michael Schulte, CEO de la Unidad de Negocios Estrat\u00e9gica de Europa del Norte de Capgemini y miembro del Consejo Ejecutivo del Grupo. <em>\u201cLa transformaci\u00f3n a la nube y la evoluci\u00f3n a los microservicios llevar\u00e1n la aplicaci\u00f3n al siguiente nivel para lograr una mayor velocidad y flexibilidad, siendo estos dos factores cruciales en la industria automotriz actual\u201d.<\/em><\/p>\n\n\n\n<p><strong>Acerca de Capgemini<\/strong><\/p>\n\n\n\n<p>Capgemini es un l\u00edder mundial en la asociaci\u00f3n con empresas para transformar y gestionar su negocio aprovechando el poder de la tecnolog\u00eda. El Grupo se gu\u00eda cada d\u00eda por su prop\u00f3sito de liberar la energ\u00eda humana a trav\u00e9s de la tecnolog\u00eda para un futuro inclusivo y sostenible. Es una organizaci\u00f3n responsable y diversa que cuenta con 290.000 miembros en casi 50 pa\u00edses. Con su s\u00f3lida herencia de 50 a\u00f1os y su profunda experiencia en la industria, Capgemini cuenta con la confianza de sus clientes para abordar toda la amplitud de sus necesidades empresariales, desde la estrategia y el dise\u00f1o hasta las operaciones, impulsadas por el mundo innovador y en r\u00e1pida evoluci\u00f3n de la nube, los datos, la IA, la conectividad, el software, la ingenier\u00eda digital y las plataformas. El Grupo registr\u00f3 en 2020 unos ingresos globales de 16.000 millones de euros.<\/p>\n\n\n\n<p>Get The Future You Want |&nbsp;<a href=\"http:\/\/www.capgemini.com#_blank\">www.capgemini.com<\/a><\/p>\n\n\n<div class=\"wp-block-cg-blocks-cg-block-related-content\"><section class=\"relatedContentBlock\"><div class=\"container\"><div class=\"row\"><div class=\"content-title col-12 col-md-8\"><h2 class=\"related-content-heading\">Related News<\/h2><\/div><\/div><div class=\"row relatedContent\"><div class=\"col-lg-4 col-md-6 col-xs-12\">\n\t\t\t\t\t\t\t<div class=\"box\">\n\t\t\t\t\t\t\t\t<a aria-label=\"Leer m\u00e1s sobre Q1 2026 revenues\" href=\"https:\/\/www.capgemini.com\/mx-es\/news\/press-releases\/q1-2026-revenues\/\" class=\"anchorWrapper\">\n\t\t\t\t\t\t\t\t\t<span class=\"box-tag\"><span>Financial news<\/span><\/span>\n\t\t\t\t\t\t\t\t\t<div class=\"box-title\"><h3 class=\"box-subtitle\">Q1 2026 revenues<\/h3><\/div>\n\t\t\t\t\t\t\t\t\t<div class=\"box-date\">\n\t\t\t\t\t\t\t\t\t\t<span>Apr 30, 2026<\/span>\n\t\t\t\t\t\t\t\t\t<\/div>\n\t\t\t\t\t\t\t\t\t<div class=\"box-bottom\">\n\t\t\t\t\t\t\t\t\t\t&lt;a class=&quot;link-download&quot; href=&quot;https:\/\/www.capgemini.com\/wp-content\/uploads\/2026\/04\/Capgemini_-_2026-04-30-_-2026_Q1_Revenues.pdf&quot; aria-label=&quot;Descargar nota de prensa&quot; target=&quot;_blank&quot;  type=&quot;download&quot; title=&quot;Opens in a new window&quot;&gt;\n\t\t\t\t\t\t\t&lt;span&gt;Descargar nota de prensa&lt;\/span&gt;\n\t\t\t\t\t\t\t&lt;span&gt;209 KB PDF&lt;\/span&gt;\n\t\t\t\t\t\t&lt;\/a&gt;\n\t\t\t\t\t\t\t\t\t\t<a class=\"more\" aria-label=\"Leer m\u00e1s sobre Q1 2026 revenues\" href=\"https:\/\/www.capgemini.com\/mx-es\/news\/press-releases\/q1-2026-revenues\/\">Leer m\u00e1s sobre<\/a>\n\t\t\t\t\t\t\t\t\t<\/div>\n\t\t\t\t\t\t\t\t<\/a>\n\t\t\t\t\t\t\t<\/div>\n\t\t\t\t\t\t<\/div><div class=\"col-lg-4 col-md-6 col-xs-12\">\n\t\t\t\t\t\t\t<div class=\"box\">\n\t\t\t\t\t\t\t\t<a aria-label=\"Leer m\u00e1s sobre La reindustrializaci\u00f3n entra en una fase m\u00e1s selectiva y estrat\u00e9gica en Europa y Estados Unidos\" href=\"https:\/\/www.capgemini.com\/mx-es\/news\/press-releases\/la-reindustrializacion-entra-en-una-fase-mas-selectiva-y-estrategica-en-europa-y-estados-unidos\/\" class=\"anchorWrapper\">\n\t\t\t\t\t\t\t\t\t<span class=\"box-tag\"><span>Reports<\/span><\/span>\n\t\t\t\t\t\t\t\t\t<div class=\"box-title\"><h3 class=\"box-subtitle\">La reindustrializaci\u00f3n entra en una fase m\u00e1s selectiva y estrat\u00e9gica en Europa y Estados Unidos<\/h3><\/div>\n\t\t\t\t\t\t\t\t\t<div class=\"box-date\">\n\t\t\t\t\t\t\t\t\t\t<span>Apr 25, 2026<\/span>\n\t\t\t\t\t\t\t\t\t<\/div>\n\t\t\t\t\t\t\t\t\t<div class=\"box-bottom\">\n\t\t\t\t\t\t\t\t\t\t&lt;a class=&quot;link-download&quot; href=&quot;https:\/\/www.capgemini.com\/mx-es\/wp-content\/uploads\/sites\/28\/2026\/04\/Capgemini_Reindustrializacion_comunicado-de-prensa.pdf&quot; aria-label=&quot;Descargar nota de prensa&quot; target=&quot;_blank&quot;  type=&quot;download&quot; title=&quot;Opens in a new window&quot;&gt;\n\t\t\t\t\t\t\t&lt;span&gt;Descargar nota de prensa&lt;\/span&gt;\n\t\t\t\t\t\t\t&lt;span&gt;169 KB PDF&lt;\/span&gt;\n\t\t\t\t\t\t&lt;\/a&gt;\n\t\t\t\t\t\t\t\t\t\t<a class=\"more\" aria-label=\"Leer m\u00e1s sobre La reindustrializaci\u00f3n entra en una fase m\u00e1s selectiva y estrat\u00e9gica en Europa y Estados Unidos\" href=\"https:\/\/www.capgemini.com\/mx-es\/news\/press-releases\/la-reindustrializacion-entra-en-una-fase-mas-selectiva-y-estrategica-en-europa-y-estados-unidos\/\">Leer m\u00e1s sobre<\/a>\n\t\t\t\t\t\t\t\t\t<\/div>\n\t\t\t\t\t\t\t\t<\/a>\n\t\t\t\t\t\t\t<\/div>\n\t\t\t\t\t\t<\/div><div class=\"col-lg-4 col-md-6 col-xs-12\">\n\t\t\t\t\t\t\t<div class=\"box\">\n\t\t\t\t\t\t\t\t<a aria-label=\"Leer m\u00e1s sobre Dos tercios de las organizaciones califican la IA f\u00edsica como una alta prioridad para los pr\u00f3ximos tres a cinco a\u00f1os\" href=\"https:\/\/www.capgemini.com\/mx-es\/news\/press-releases\/dos-tercios-de-las-organizaciones-califican-la-ia-fisica-como-una-alta-prioridad-para-los-proximos-tres-a-cinco-anos\/\" class=\"anchorWrapper\">\n\t\t\t\t\t\t\t\t\t<span class=\"box-tag\"><span>Reports<\/span><\/span>\n\t\t\t\t\t\t\t\t\t<div class=\"box-title\"><h3 class=\"box-subtitle\">Dos tercios de las organizaciones califican la IA f\u00edsica como una alta prioridad para los pr\u00f3ximos tres a cinco a\u00f1os<\/h3><\/div>\n\t\t\t\t\t\t\t\t\t<div class=\"box-date\">\n\t\t\t\t\t\t\t\t\t\t<span>Apr 21, 2026<\/span>\n\t\t\t\t\t\t\t\t\t<\/div>\n\t\t\t\t\t\t\t\t\t<div class=\"box-bottom\">\n\t\t\t\t\t\t\t\t\t\t&lt;a class=&quot;link-download&quot; href=&quot;https:\/\/www.capgemini.com\/mx-es\/wp-content\/uploads\/sites\/28\/2026\/04\/ESP_04_20_Capgemini_Physical_AI_Capgemini_comunicado-de-prensa.pdf&quot; aria-label=&quot;Descargar nota de prensa&quot; target=&quot;_blank&quot;  type=&quot;download&quot; title=&quot;Opens in a new window&quot;&gt;\n\t\t\t\t\t\t\t&lt;span&gt;Descargar nota de prensa&lt;\/span&gt;\n\t\t\t\t\t\t\t&lt;span&gt;163 KB PDF&lt;\/span&gt;\n\t\t\t\t\t\t&lt;\/a&gt;\n\t\t\t\t\t\t\t\t\t\t<a class=\"more\" aria-label=\"Leer m\u00e1s sobre Dos tercios de las organizaciones califican la IA f\u00edsica como una alta prioridad para los pr\u00f3ximos tres a cinco a\u00f1os\" href=\"https:\/\/www.capgemini.com\/mx-es\/news\/press-releases\/dos-tercios-de-las-organizaciones-califican-la-ia-fisica-como-una-alta-prioridad-para-los-proximos-tres-a-cinco-anos\/\">Leer m\u00e1s sobre<\/a>\n\t\t\t\t\t\t\t\t\t<\/div>\n\t\t\t\t\t\t\t\t<\/a>\n\t\t\t\t\t\t\t<\/div>\n\t\t\t\t\t\t<\/div><\/div><\/div><\/section><\/div><\/div><\/div><\/div><\/div><\/div><\/section>\n","protected":false},"excerpt":{"rendered":"","protected":false},"author":336,"featured_media":0,"template":"","meta":{"cg_dt_proposed_to":[],"cg_seo_hreflang_relations":"[]","cg_seo_canonical_relation":"","cg_seo_hreflang_x_default_relation":"{\"uuid\":\"92e599a7-0828-4e01-b7db-8e62dfb4edba\",\"blogId\":\"\",\"domain\":\"\",\"sitePath\":\"\",\"postLink\":\"\",\"postId\":null,\"isSaved\":false,\"isCrossLink\":false,\"hasCrossLink\":false}","cg_dt_approved_content":true,"cg_dt_mandatory_content":false,"cg_dt_notes":"","cg_dg_source_changed":false,"cg_dt_link_disabled":false,"footnotes":"","related_resource_url":"https:\/\/www.capgemini.com\/mx-es\/wp-content\/uploads\/sites\/28\/2022\/12\/Capgemini-es-seleccionado-por-un-fabricante-de-automoviles-lider-de-Alemania-para-acelerar-el-desarrollo-de-software-para-su-transformacion-VF.pdf","related_resource_id":17221,"related_resource_size":"112 KB","related_resource_type":"pdf","cg_author":0,"featured_focal_points":""},"tags":[],"press-release-type":[],"brand":[],"class_list":["post-17218","press-release","type-press-release","status-publish","hentry"],"yoast_head":"<!-- This site is optimized with the Yoast SEO Premium plugin v22.8 (Yoast SEO v22.8) - https:\/\/yoast.com\/wordpress\/plugins\/seo\/ -->\n<title>Capgemini es seleccionado por un fabricante de autom\u00f3viles l\u00edder de Alemania para acelerar el desarrollo de software para su transformaci\u00f3n a la nube - Capgemini Mexico<\/title>\n<meta name=\"robots\" content=\"index, follow, max-snippet:-1, max-image-preview:large, max-video-preview:-1\" \/>\n<link rel=\"canonical\" href=\"https:\/\/www.capgemini.com\/mx-es\/news\/press-releases\/capgemini-es-seleccionado-por-un-fabricante-de-automoviles-lider-de-alemania-para-acelerar-el-desarrollo-de-software-para-su-transformacion-a-la-nube\/\" \/>\n<meta property=\"og:locale\" content=\"es_MX\" \/>\n<meta property=\"og:type\" content=\"article\" \/>\n<meta property=\"og:title\" content=\"Capgemini es seleccionado por un fabricante de autom\u00f3viles l\u00edder de Alemania para acelerar el desarrollo de software para su transformaci\u00f3n a la nube\" \/>\n<meta property=\"og:url\" content=\"https:\/\/www.capgemini.com\/mx-es\/news\/press-releases\/capgemini-es-seleccionado-por-un-fabricante-de-automoviles-lider-de-alemania-para-acelerar-el-desarrollo-de-software-para-su-transformacion-a-la-nube\/\" \/>\n<meta property=\"og:site_name\" content=\"Capgemini Mexico\" \/>\n<meta property=\"article:modified_time\" content=\"2025-04-04T18:37:34+00:00\" \/>\n<meta property=\"og:image\" content=\"https:\/\/www.capgemini.com\/mx-es\/wp-content\/uploads\/sites\/28\/2025\/10\/New-Web-preview-global.jpg\" \/>\n\t<meta property=\"og:image:width\" content=\"1200\" \/>\n\t<meta property=\"og:image:height\" content=\"627\" \/>\n\t<meta property=\"og:image:type\" content=\"image\/jpeg\" \/>\n<meta name=\"twitter:card\" content=\"summary_large_image\" \/>\n<meta name=\"twitter:label1\" content=\"Est. reading time\" \/>\n\t<meta name=\"twitter:data1\" content=\"3 minutes\" \/>\n<script type=\"application\/ld+json\" class=\"yoast-schema-graph\">{\"@context\":\"https:\/\/schema.org\",\"@graph\":[{\"@type\":\"WebPage\",\"@id\":\"https:\/\/www.capgemini.com\/mx-es\/news\/press-releases\/capgemini-es-seleccionado-por-un-fabricante-de-automoviles-lider-de-alemania-para-acelerar-el-desarrollo-de-software-para-su-transformacion-a-la-nube\/\",\"url\":\"https:\/\/www.capgemini.com\/mx-es\/news\/press-releases\/capgemini-es-seleccionado-por-un-fabricante-de-automoviles-lider-de-alemania-para-acelerar-el-desarrollo-de-software-para-su-transformacion-a-la-nube\/\",\"name\":\"Capgemini es seleccionado por un fabricante de autom\u00f3viles l\u00edder de Alemania para acelerar el desarrollo de software para su transformaci\u00f3n a la nube - Capgemini Mexico\",\"isPartOf\":{\"@id\":\"https:\/\/www.capgemini.com\/mx-es\/#website\"},\"datePublished\":\"2021-08-16T14:45:00+00:00\",\"dateModified\":\"2025-04-04T18:37:34+00:00\",\"breadcrumb\":{\"@id\":\"https:\/\/www.capgemini.com\/mx-es\/news\/press-releases\/capgemini-es-seleccionado-por-un-fabricante-de-automoviles-lider-de-alemania-para-acelerar-el-desarrollo-de-software-para-su-transformacion-a-la-nube\/#breadcrumb\"},\"inLanguage\":\"es-MX\",\"potentialAction\":[{\"@type\":\"ReadAction\",\"target\":[\"https:\/\/www.capgemini.com\/mx-es\/news\/press-releases\/capgemini-es-seleccionado-por-un-fabricante-de-automoviles-lider-de-alemania-para-acelerar-el-desarrollo-de-software-para-su-transformacion-a-la-nube\/\"]}]},{\"@type\":\"BreadcrumbList\",\"@id\":\"https:\/\/www.capgemini.com\/mx-es\/news\/press-releases\/capgemini-es-seleccionado-por-un-fabricante-de-automoviles-lider-de-alemania-para-acelerar-el-desarrollo-de-software-para-su-transformacion-a-la-nube\/#breadcrumb\",\"itemListElement\":[{\"@type\":\"ListItem\",\"position\":1,\"name\":\"Home\",\"item\":\"https:\/\/www.capgemini.com\/mx-es\/\"},{\"@type\":\"ListItem\",\"position\":2,\"name\":\"Press Releases\",\"item\":\"https:\/\/www.capgemini.com\/mx-es\/news\/\"},{\"@type\":\"ListItem\",\"position\":3,\"name\":\"Capgemini es seleccionado por un fabricante de autom\u00f3viles l\u00edder de Alemania para acelerar el desarrollo de software para su transformaci\u00f3n a la nube\"}]},{\"@type\":\"WebSite\",\"@id\":\"https:\/\/www.capgemini.com\/mx-es\/#website\",\"url\":\"https:\/\/www.capgemini.com\/mx-es\/\",\"name\":\"Capgemini Mexico\",\"description\":\"Capgemini\",\"publisher\":{\"@id\":\"https:\/\/www.capgemini.com\/mx-es\/#organization\"},\"potentialAction\":[{\"@type\":\"SearchAction\",\"target\":{\"@type\":\"EntryPoint\",\"urlTemplate\":\"https:\/\/www.capgemini.com\/mx-es\/?s={search_term_string}\"},\"query-input\":\"required name=search_term_string\"}],\"inLanguage\":\"es-MX\"},{\"@type\":\"Organization\",\"@id\":\"https:\/\/www.capgemini.com\/mx-es\/#organization\",\"name\":\"Capgemini Mexico\",\"url\":\"https:\/\/www.capgemini.com\/mx-es\/\",\"logo\":{\"@type\":\"ImageObject\",\"inLanguage\":\"es-MX\",\"@id\":\"https:\/\/www.capgemini.com\/mx-es\/#\/schema\/logo\/image\/\",\"url\":\"https:\/\/www.capgemini.com\/mx-es\/wp-content\/uploads\/sites\/28\/2025\/07\/linkedin_mwo0q6.png\",\"contentUrl\":\"https:\/\/www.capgemini.com\/mx-es\/wp-content\/uploads\/sites\/28\/2025\/07\/linkedin_mwo0q6.png\",\"width\":800,\"height\":800,\"caption\":\"Capgemini Mexico\"},\"image\":{\"@id\":\"https:\/\/www.capgemini.com\/mx-es\/#\/schema\/logo\/image\/\"}}]}<\/script>\n<!-- \/ Yoast SEO Premium plugin. -->","yoast_head_json":{"title":"Capgemini es seleccionado por un fabricante de autom\u00f3viles l\u00edder de Alemania para acelerar el desarrollo de software para su transformaci\u00f3n a la nube - Capgemini Mexico","robots":{"index":"index","follow":"follow","max-snippet":"max-snippet:-1","max-image-preview":"max-image-preview:large","max-video-preview":"max-video-preview:-1"},"canonical":"https:\/\/www.capgemini.com\/mx-es\/news\/press-releases\/capgemini-es-seleccionado-por-un-fabricante-de-automoviles-lider-de-alemania-para-acelerar-el-desarrollo-de-software-para-su-transformacion-a-la-nube\/","og_locale":"es_MX","og_type":"article","og_title":"Capgemini es seleccionado por un fabricante de autom\u00f3viles l\u00edder de Alemania para acelerar el desarrollo de software para su transformaci\u00f3n a la nube","og_url":"https:\/\/www.capgemini.com\/mx-es\/news\/press-releases\/capgemini-es-seleccionado-por-un-fabricante-de-automoviles-lider-de-alemania-para-acelerar-el-desarrollo-de-software-para-su-transformacion-a-la-nube\/","og_site_name":"Capgemini Mexico","article_modified_time":"2025-04-04T18:37:34+00:00","og_image":[{"width":1200,"height":627,"url":"https:\/\/www.capgemini.com\/mx-es\/wp-content\/uploads\/sites\/28\/2025\/10\/New-Web-preview-global.jpg","type":"image\/jpeg"}],"twitter_card":"summary_large_image","twitter_misc":{"Est. reading time":"3 minutes"},"schema":{"@context":"https:\/\/schema.org","@graph":[{"@type":"WebPage","@id":"https:\/\/www.capgemini.com\/mx-es\/news\/press-releases\/capgemini-es-seleccionado-por-un-fabricante-de-automoviles-lider-de-alemania-para-acelerar-el-desarrollo-de-software-para-su-transformacion-a-la-nube\/","url":"https:\/\/www.capgemini.com\/mx-es\/news\/press-releases\/capgemini-es-seleccionado-por-un-fabricante-de-automoviles-lider-de-alemania-para-acelerar-el-desarrollo-de-software-para-su-transformacion-a-la-nube\/","name":"Capgemini es seleccionado por un fabricante de autom\u00f3viles l\u00edder de Alemania para acelerar el desarrollo de software para su transformaci\u00f3n a la nube - Capgemini Mexico","isPartOf":{"@id":"https:\/\/www.capgemini.com\/mx-es\/#website"},"datePublished":"2021-08-16T14:45:00+00:00","dateModified":"2025-04-04T18:37:34+00:00","breadcrumb":{"@id":"https:\/\/www.capgemini.com\/mx-es\/news\/press-releases\/capgemini-es-seleccionado-por-un-fabricante-de-automoviles-lider-de-alemania-para-acelerar-el-desarrollo-de-software-para-su-transformacion-a-la-nube\/#breadcrumb"},"inLanguage":"es-MX","potentialAction":[{"@type":"ReadAction","target":["https:\/\/www.capgemini.com\/mx-es\/news\/press-releases\/capgemini-es-seleccionado-por-un-fabricante-de-automoviles-lider-de-alemania-para-acelerar-el-desarrollo-de-software-para-su-transformacion-a-la-nube\/"]}]},{"@type":"BreadcrumbList","@id":"https:\/\/www.capgemini.com\/mx-es\/news\/press-releases\/capgemini-es-seleccionado-por-un-fabricante-de-automoviles-lider-de-alemania-para-acelerar-el-desarrollo-de-software-para-su-transformacion-a-la-nube\/#breadcrumb","itemListElement":[{"@type":"ListItem","position":1,"name":"Home","item":"https:\/\/www.capgemini.com\/mx-es\/"},{"@type":"ListItem","position":2,"name":"Press Releases","item":"https:\/\/www.capgemini.com\/mx-es\/news\/"},{"@type":"ListItem","position":3,"name":"Capgemini es seleccionado por un fabricante de autom\u00f3viles l\u00edder de Alemania para acelerar el desarrollo de software para su transformaci\u00f3n a la nube"}]},{"@type":"WebSite","@id":"https:\/\/www.capgemini.com\/mx-es\/#website","url":"https:\/\/www.capgemini.com\/mx-es\/","name":"Capgemini Mexico","description":"Capgemini","publisher":{"@id":"https:\/\/www.capgemini.com\/mx-es\/#organization"},"potentialAction":[{"@type":"SearchAction","target":{"@type":"EntryPoint","urlTemplate":"https:\/\/www.capgemini.com\/mx-es\/?s={search_term_string}"},"query-input":"required name=search_term_string"}],"inLanguage":"es-MX"},{"@type":"Organization","@id":"https:\/\/www.capgemini.com\/mx-es\/#organization","name":"Capgemini Mexico","url":"https:\/\/www.capgemini.com\/mx-es\/","logo":{"@type":"ImageObject","inLanguage":"es-MX","@id":"https:\/\/www.capgemini.com\/mx-es\/#\/schema\/logo\/image\/","url":"https:\/\/www.capgemini.com\/mx-es\/wp-content\/uploads\/sites\/28\/2025\/07\/linkedin_mwo0q6.png","contentUrl":"https:\/\/www.capgemini.com\/mx-es\/wp-content\/uploads\/sites\/28\/2025\/07\/linkedin_mwo0q6.png","width":800,"height":800,"caption":"Capgemini Mexico"},"image":{"@id":"https:\/\/www.capgemini.com\/mx-es\/#\/schema\/logo\/image\/"}}]}},"parsely":{"version":"1.1.0","canonical_url":"https:\/\/capgemini.com\/mx-es\/news\/press-releases\/capgemini-es-seleccionado-por-un-fabricante-de-automoviles-lider-de-alemania-para-acelerar-el-desarrollo-de-software-para-su-transformacion-a-la-nube\/","smart_links":{"inbound":0,"outbound":0},"traffic_boost_suggestions_count":0,"meta":{"@context":"https:\/\/schema.org","@type":"NewsArticle","headline":"Capgemini es seleccionado por un fabricante de autom\u00f3viles l\u00edder de Alemania para acelerar el desarrollo de software para su transformaci\u00f3n a la nube","url":"https:\/\/www.capgemini.com\/mx-es\/news\/press-releases\/capgemini-es-seleccionado-por-un-fabricante-de-automoviles-lider-de-alemania-para-acelerar-el-desarrollo-de-software-para-su-transformacion-a-la-nube\/","mainEntityOfPage":{"@type":"WebPage","@id":"https:\/\/www.capgemini.com\/mx-es\/news\/press-releases\/capgemini-es-seleccionado-por-un-fabricante-de-automoviles-lider-de-alemania-para-acelerar-el-desarrollo-de-software-para-su-transformacion-a-la-nube\/"},"thumbnailUrl":"","image":{"@type":"ImageObject","url":""},"articleSection":"Uncategorized","author":[],"creator":[],"publisher":{"@type":"Organization","name":"Capgemini Mexico","logo":""},"keywords":[],"dateCreated":"2021-08-16T14:45:00Z","datePublished":"2021-08-16T14:45:00Z","dateModified":"2025-04-04T18:37:34Z"},"rendered":"<meta name=\"parsely-title\" content=\"Capgemini es seleccionado por un fabricante de autom\u00f3viles l\u00edder de Alemania para acelerar el desarrollo de software para su transformaci\u00f3n a la nube\" \/>\n<meta name=\"parsely-link\" content=\"https:\/\/www.capgemini.com\/mx-es\/news\/press-releases\/capgemini-es-seleccionado-por-un-fabricante-de-automoviles-lider-de-alemania-para-acelerar-el-desarrollo-de-software-para-su-transformacion-a-la-nube\/\" \/>\n<meta name=\"parsely-type\" content=\"post\" \/>\n<meta name=\"parsely-pub-date\" content=\"2021-08-16T14:45:00Z\" \/>\n<meta name=\"parsely-section\" content=\"Uncategorized\" \/>","tracker_url":"https:\/\/cdn.parsely.com\/keys\/capgemini.com\/p.js"},"archive_status":false,"featured_image_src":"https:\/\/www.capgemini.com\/mx-es\/wp-content\/themes\/capgemini2025\/assets\/images\/mockup.png","featured_image_alt":false,"jetpack_sharing_enabled":true,"distributor_meta":false,"distributor_terms":false,"distributor_media":false,"distributor_original_site_name":"Capgemini Mexico","distributor_original_site_url":"https:\/\/www.capgemini.com\/mx-es","push-errors":false,"tag_names":[],"_links":{"self":[{"href":"https:\/\/www.capgemini.com\/mx-es\/wp-json\/wp\/v2\/press-release\/17218","targetHints":{"allow":["GET"]}}],"collection":[{"href":"https:\/\/www.capgemini.com\/mx-es\/wp-json\/wp\/v2\/press-release"}],"about":[{"href":"https:\/\/www.capgemini.com\/mx-es\/wp-json\/wp\/v2\/types\/press-release"}],"author":[{"embeddable":true,"href":"https:\/\/www.capgemini.com\/mx-es\/wp-json\/wp\/v2\/users\/336"}],"version-history":[{"count":3,"href":"https:\/\/www.capgemini.com\/mx-es\/wp-json\/wp\/v2\/press-release\/17218\/revisions"}],"predecessor-version":[{"id":541609,"href":"https:\/\/www.capgemini.com\/mx-es\/wp-json\/wp\/v2\/press-release\/17218\/revisions\/541609"}],"wp:attachment":[{"href":"https:\/\/www.capgemini.com\/mx-es\/wp-json\/wp\/v2\/media?parent=17218"}],"wp:term":[{"taxonomy":"post_tag","embeddable":true,"href":"https:\/\/www.capgemini.com\/mx-es\/wp-json\/wp\/v2\/tags?post=17218"},{"taxonomy":"press-release-type","embeddable":true,"href":"https:\/\/www.capgemini.com\/mx-es\/wp-json\/wp\/v2\/press-release-type?post=17218"},{"taxonomy":"brand","embeddable":true,"href":"https:\/\/www.capgemini.com\/mx-es\/wp-json\/wp\/v2\/brand?post=17218"}],"curies":[{"name":"wp","href":"https:\/\/api.w.org\/{rel}","templated":true}]}}