{"id":811150,"date":"2026-09-02T16:30:34","date_gmt":"2026-09-02T14:30:34","guid":{"rendered":"https:\/\/www.capgemini.com\/fr-fr\/?post_type=story&#038;p=811150"},"modified":"2026-09-02T16:58:35","modified_gmt":"2026-09-02T14:58:35","slug":"a-unique-vessel-to-track-climate-change","status":"publish","type":"story","link":"https:\/\/www.capgemini.com\/fr-fr\/grand-angle\/un-laboratoire-scientifique-unique-pour-mieux-comprendre-le-changement-climatique\/","title":{"rendered":"Un laboratoire scientifique unique pour mieux comprendre le changement climatique"},"content":{"rendered":"\n<div class=\"\"><div class=\"hero-bleed-mp-banner  no-overlay  is-image has-card\" data-nav-menu-position=\"no-overlay\" data-nav-menu-text-color=\"black\" data-fp-desktop-x=\"0.55\" data-fp-desktop-y=\"0.11\" data-fp-tablet-x=\"0.55\" data-fp-tablet-y=\"0.11\" data-fp-mobile-x=\"0.55\" data-fp-mobile-y=\"0.11\" data-hero-bleed-attributes=\"\"><div class=\"hero-image d-block\"><picture><source srcset=\"https:\/\/www.capgemini.com\/wp-content\/uploads\/2026\/06\/2025-07-18_Ocean-Arctique_faune_ours-polaires_DJI_20250718154358_0022_D\u00a9Maeva-Bardy-Fondation-Tara-Ocean.jpg?w=2880&amp;quality=70 1x, https:\/\/www.capgemini.com\/wp-content\/uploads\/2026\/06\/2025-07-18_Ocean-Arctique_faune_ours-polaires_DJI_20250718154358_0022_D\u00a9Maeva-Bardy-Fondation-Tara-Ocean.jpg?w=2880&amp;quality=70 2x\" media=\"(min-width: 1500px)\"\/><source srcset=\"https:\/\/www.capgemini.com\/wp-content\/uploads\/2026\/06\/2025-07-18_Ocean-Arctique_faune_ours-polaires_DJI_20250718154358_0022_D\u00a9Maeva-Bardy-Fondation-Tara-Ocean.jpg?w=1440&amp;quality=70 1x, https:\/\/www.capgemini.com\/wp-content\/uploads\/2026\/06\/2025-07-18_Ocean-Arctique_faune_ours-polaires_DJI_20250718154358_0022_D\u00a9Maeva-Bardy-Fondation-Tara-Ocean.jpg?w=2880&amp;quality=70 2x\" media=\"(min-width: 992px)\"\/><img decoding=\"async\" width=\"100%\" height=\"100%\" src=\"https:\/\/www.capgemini.com\/wp-content\/uploads\/2026\/06\/2025-07-18_Ocean-Arctique_faune_ours-polaires_DJI_20250718154358_0022_D\u00a9Maeva-Bardy-Fondation-Tara-Ocean.jpg\" alt=\"\"\/><\/picture><\/div><div class=\"header-line hero-bg-shape\"><\/div><div class=\"container\"><div class=\"row\"><div class=\"col-12 col-md-6 col-lg-6\"><div class=\"content-box-wrapper\"><div class=\"content-box is-short centralized\"><span class=\"title-tag story-title-tag\">Projet \u00e0 impact positif<\/span><h1 class=\"title\">Un laboratoire scientifique unique pour mieux comprendre le changement climatique<\/h1><p class=\"description\">Une station polaire d\u00e9rivante au c\u0153ur de l\u2019Arctique <\/p><\/div><\/div><\/div><\/div><\/div><\/div><\/div>\n\n\n\n<section class=\"wp-block-cg-blocks-group section section--article-content\"><div class=\"article-main-content\"><div class=\"container\"><div class=\"grid-container\"><div class=\"col-12 col-md-2\"><nav class=\"article-social\"><ul class=\"social-nav\"><li class=\"ip-order-fb\"><a href=\"https:\/\/www.facebook.com\/sharer\/sharer.php?u=https:\/\/www.capgemini.com\/?post_type=storyu0026p=1230148\" target=\"_blank\" rel=\"noopener noreferrer\" title=\"Ouvrir dans une nouvelle fen\u00eatre\"><i aria-hidden=\"true\" class=\"icon-fb\"><\/i><span class=\"sr-only\">Facebook<\/span><\/a><\/li><li class=\"ip-order-li\"><a href=\"https:\/\/www.linkedin.com\/shareArticle?url=https:\/\/www.capgemini.com\/?post_type=storyu0026p=1230148\" target=\"_blank\" rel=\"noopener noreferrer\" title=\"Ouvrir dans une nouvelle fen\u00eatre\"><i aria-hidden=\"true\" class=\"icon-li\"><\/i><span class=\"sr-only\">Linkedin<\/span><\/a><\/li><\/ul><\/nav><\/div><div><div class=\"article-text article-quote-text\">\n<h2 id=\"h-avec-le-soutien-de-capgemini-tara-polar-station-a-ete-concue-pour-resister-aux-hivers-polaires-les-plus-extremes\" class=\"wp-block-heading\">Avec le soutien de Capgemini, Tara Polar Station a \u00e9t\u00e9 con\u00e7ue pour r\u00e9sister aux hivers polaires les plus extr\u00eames.<\/h2>\n\n\n\n<p class=\"wp-block-paragraph\"><br>Pour comprendre \u00e0 quelle vitesse le climat de notre plan\u00e8te \u00e9volue, il faut se rendre au c\u0153ur de l\u2019oc\u00e9an Arctique central, l\u2019une des r\u00e9gions les plus isol\u00e9es et les moins explor\u00e9es de la plan\u00e8te. C\u2019est pr\u00e9cis\u00e9ment l\u00e0 que Tara Polar Station, station polaire d\u00e9rivante de la Fondation Tara Oc\u00e9an ayant b\u00e9n\u00e9fici\u00e9 de l\u2019expertise des \u00e9quipes Capgemini, m\u00e8nera sa mission.<\/p>\n\n\n\n<figure class=\"wp-block-image size-large\"><img loading=\"lazy\" decoding=\"async\" height=\"683\" width=\"1024\" src=\"https:\/\/www.capgemini.com\/fr-fr\/wp-content\/uploads\/sites\/6\/2026\/08\/2025-07-14_Ocean-Arctique_equipage-en-action_P1004284\u00a9Maeva-Bardy-Fondation-Tara-Ocean.jpg?w=960\" alt=\"\" class=\"wp-image-811151\" srcset=\"https:\/\/www.capgemini.com\/fr-fr\/wp-content\/uploads\/sites\/6\/2026\/08\/2025-07-14_Ocean-Arctique_equipage-en-action_P1004284\u00a9Maeva-Bardy-Fondation-Tara-Ocean.jpg 6000w, https:\/\/www.capgemini.com\/fr-fr\/wp-content\/uploads\/sites\/6\/2026\/08\/2025-07-14_Ocean-Arctique_equipage-en-action_P1004284\u00a9Maeva-Bardy-Fondation-Tara-Ocean.jpg?resize=300,200 300w, https:\/\/www.capgemini.com\/fr-fr\/wp-content\/uploads\/sites\/6\/2026\/08\/2025-07-14_Ocean-Arctique_equipage-en-action_P1004284\u00a9Maeva-Bardy-Fondation-Tara-Ocean.jpg?resize=768,512 768w, https:\/\/www.capgemini.com\/fr-fr\/wp-content\/uploads\/sites\/6\/2026\/08\/2025-07-14_Ocean-Arctique_equipage-en-action_P1004284\u00a9Maeva-Bardy-Fondation-Tara-Ocean.jpg?resize=1024,683 1024w, https:\/\/www.capgemini.com\/fr-fr\/wp-content\/uploads\/sites\/6\/2026\/08\/2025-07-14_Ocean-Arctique_equipage-en-action_P1004284\u00a9Maeva-Bardy-Fondation-Tara-Ocean.jpg?resize=1536,1024 1536w, https:\/\/www.capgemini.com\/fr-fr\/wp-content\/uploads\/sites\/6\/2026\/08\/2025-07-14_Ocean-Arctique_equipage-en-action_P1004284\u00a9Maeva-Bardy-Fondation-Tara-Ocean.jpg?resize=2048,1365 2048w\" sizes=\"auto, (max-width: 1024px) 100vw, 1024px\" \/><figcaption class=\"wp-element-caption\"><em>Ma\u00ebva Bardy &#8211; Tara Ocean Foundation<\/em><\/figcaption><\/figure>\n\n\n\n<p class=\"wp-block-paragraph\">L&#8217;oc\u00e9an Arctique se r\u00e9chauffe actuellement quatre fois plus vite que le reste de la plan\u00e8te. Les cons\u00e9quences de cette acc\u00e9l\u00e9ration sont d\u00e9j\u00e0 visibles : d&#8217;ici 2045, l&#8217;Arctique pourrait conna\u00eetre des \u00e9t\u00e9s sans glace de mer. Ces bouleversements affectent \u00e9galement l&#8217;ensemble de la biodiversit\u00e9 locale, du plancton jusqu&#8217;aux ours polaires.<\/p>\n\n\n\n<p class=\"wp-block-paragraph\">Pourtant, malgr\u00e9 son r\u00f4le essentiel dans l&#8217;\u00e9quilibre climatique mondial, cette r\u00e9gion extr\u00eamement fragile demeure encore largement m\u00e9connue. En cause : les conditions extr\u00eames qui r\u00e8gnent pendant les longs et rigoureux hivers polaires, rendant presque impossible la pr\u00e9sence prolong\u00e9e des navires de recherche traditionnels et la collecte continue de donn\u00e9es scientifiques.<\/p>\n\n\n\n<p class=\"wp-block-paragraph\">Avec Tara Polar Station, un observatoire et laboratoire d\u00e9rivant unique au monde, Capgemini contribue \u00e0 faire progresser la recherche en soutenant la mise en place d\u2019un programme scientifique continu dans la r\u00e9gion pour les vingt prochaines ann\u00e9es.<\/p>\n\n\n\n<p class=\"wp-block-paragraph\">En se laissant porter par la banquise tout au long de l\u2019hiver, la station offrira aux chercheurs une pr\u00e9sence permanente au c\u0153ur de l\u2019oc\u00e9an Arctique. Une opportunit\u00e9 sans pr\u00e9c\u00e9dent d\u2019observer, mesurer et comprendre l\u2019\u00e9volution de cet \u00e9cosyst\u00e8me cl\u00e9 face au changement climatique.<\/p>\n\n\n\n<figure class=\"wp-block-image size-full is-resized\"><img loading=\"lazy\" decoding=\"async\" width=\"1019\" height=\"1024\" src=\"https:\/\/www.capgemini.com\/fr-fr\/wp-content\/uploads\/sites\/6\/2026\/08\/Elise_977c10-edited.webp\" alt=\"\" class=\"wp-image-811441\" style=\"aspect-ratio:0.9951356288633515;width:846px;height:auto\" srcset=\"https:\/\/www.capgemini.com\/fr-fr\/wp-content\/uploads\/sites\/6\/2026\/08\/Elise_977c10-edited.webp 1019w, https:\/\/www.capgemini.com\/fr-fr\/wp-content\/uploads\/sites\/6\/2026\/08\/Elise_977c10-edited.webp?resize=150,150 150w, https:\/\/www.capgemini.com\/fr-fr\/wp-content\/uploads\/sites\/6\/2026\/08\/Elise_977c10-edited.webp?resize=300,300 300w, https:\/\/www.capgemini.com\/fr-fr\/wp-content\/uploads\/sites\/6\/2026\/08\/Elise_977c10-edited.webp?resize=768,772 768w\" sizes=\"auto, (max-width: 1019px) 100vw, 1019px\" \/><figcaption class=\"wp-element-caption\">\u00c9lise Gilbert au Forum de Davos 2026 aux c\u00f4t\u00e9s de Romain Troubl\u00e9, directeur de la Fondation Tara Oc\u00e9an.<\/figcaption><\/figure>\n\n\n\n<p class=\"wp-block-paragraph\">\u00c9lise Gilbert, Associate Design Director chez frog, soci\u00e9t\u00e9 du groupe Capgemini, fait partie des \u00e9quipes charg\u00e9es de partager avec le grand public les enseignements issus des exp\u00e9ditions.<\/p>\n\n\n\n<p class=\"wp-block-paragraph\">\u00ab Il s&#8217;agit d&#8217;une station scientifique unique \u00bb, explique-t-elle. \u00ab Je le d\u00e9cris souvent comme la Station spatiale internationale des oc\u00e9ans. \u00bb<\/p>\n\n\n\n<p class=\"wp-block-paragraph\">Ce laboratoire flottant est con\u00e7u pour accueillir un \u00e9quipage tournant de 12 \u00e0 18 personnes, r\u00e9unissant marins, scientifiques, m\u00e9decins, explorateurs polaires et artistes en r\u00e9sidence.<\/p>\n\n\n\n<p class=\"wp-block-paragraph\">\u00c0 chaque exp\u00e9dition de Tara Polar Station, les \u00e9quipes se relaieront \u00e0 bord par p\u00e9riodes de quatre \u00e0 huit mois. Cette organisation permettra d&#8217;assurer une pr\u00e9sence scientifique continue au c\u0153ur de l&#8217;oc\u00e9an Arctique central et de mener des observations sur le long terme pendant au moins les vingt prochaines ann\u00e9es<\/p>\n\n\n\n<h3 id=\"h-affiner-la-conception\" class=\"wp-block-heading\">Affiner la conception<\/h3>\n\n\n\n<p class=\"wp-block-paragraph\">Capgemini a accompagn\u00e9 ce projet de bout en bout, depuis les premi\u00e8res phases de conception jusqu\u2019\u00e0 la livraison de Tara Polar Station, afin&nbsp;de garantir sa capacit\u00e9 \u00e0 r\u00e9sister aux conditions extr\u00eames de l&#8217;environnement polaire.<\/p>\n\n\n\n<figure class=\"wp-block-image aligncenter size-full is-resized\"><img loading=\"lazy\" decoding=\"async\" width=\"768\" height=\"834\" src=\"https:\/\/www.capgemini.com\/fr-fr\/wp-content\/uploads\/sites\/6\/2026\/08\/Kevin.webp\" alt=\"\" class=\"wp-image-811442\" style=\"width:441px;height:auto\" srcset=\"https:\/\/www.capgemini.com\/fr-fr\/wp-content\/uploads\/sites\/6\/2026\/08\/Kevin.webp 768w, https:\/\/www.capgemini.com\/fr-fr\/wp-content\/uploads\/sites\/6\/2026\/08\/Kevin.webp?resize=276,300 276w\" sizes=\"auto, (max-width: 768px) 100vw, 768px\" \/><\/figure>\n\n\n\n<p class=\"wp-block-paragraph\">K\u00e9vin&nbsp;Nocentini,&nbsp;Technology&nbsp;&amp; Innovation Manager chez Capgemini Engineering, a contribu\u00e9 \u00e0 la conception et \u00e0 l\u2019ing\u00e9nierie de Tara Polar Station. Il a notamment travaill\u00e9 sur la mod\u00e9lisation thermique et \u00e9nerg\u00e9tique de la station afin de garantir sa capacit\u00e9 \u00e0 r\u00e9sister aux conditions climatiques arctiques. Son intervention illustre l\u2019expertise de Capgemini dans le d\u00e9veloppement de syst\u00e8mes complexes destin\u00e9s \u00e0 fonctionner dans certains des environnements les plus exigeants de la plan\u00e8te.<\/p>\n\n\n\n<p class=\"wp-block-paragraph\">\u00ab Mon parcours est issu du secteur spatial et j&#8217;ai davantage travaill\u00e9 sur des projets a\u00e9rospatiaux que maritimes. Dans le cadre de Tara Polar Station, il s&#8217;agissait d&#8217;appliquer mes comp\u00e9tences en mod\u00e9lisation \u00e9nerg\u00e9tique et thermique \u00e0 la conception des syst\u00e8mes CVC du navire, c&#8217;est-\u00e0-dire le chauffage, la ventilation et la climatisation, ainsi qu&#8217;\u00e0 l&#8217;int\u00e9gration des panneaux solaires.<\/p>\n\n\n\n<p class=\"wp-block-paragraph\">J\u2019ai \u00e9galement particip\u00e9 \u00e0 la conception du syst\u00e8me de verrouillage m\u00e9canique du \u201c<em>moonpool<\/em>.\u201d&nbsp;\u00bb<\/p>\n\n\n\n<p class=\"wp-block-paragraph\">Le&nbsp;moonpool&nbsp;est un puits central permettant un acc\u00e8s direct \u00e0 l\u2019oc\u00e9an depuis l\u2019int\u00e9rieur de la station. <\/p>\n\n\n\n<p class=\"wp-block-paragraph\">\u00ab Il permet aux plongeurs et aux \u00e9quipements scientifiques d&#8217;acc\u00e9der \u00e0 l&#8217;eau en toute s\u00e9curit\u00e9, m\u00eame lorsque la station est emprisonn\u00e9e dans la banquise hivernale \u00bb, explique-t-il.<\/p>\n\n\n\n<p class=\"wp-block-paragraph\"> \u00ab Tout ce que nous avons con\u00e7u a une utilit\u00e9 concr\u00e8te pour la recherche scientifique. L&#8217;innovation r\u00e9side dans l&#8217;int\u00e9gration de l&#8217;ensemble de ces technologies au sein d&#8217;un m\u00eame navire. C&#8217;\u00e9tait un d\u00e9fi technique complexe qui a n\u00e9cessit\u00e9 de croiser des comp\u00e9tences issues de diff\u00e9rents domaines. C&#8217;est une belle d\u00e9monstration de notre capacit\u00e9 \u00e0 piloter des projets d&#8217;envergure ayant un impact direct sur la soci\u00e9t\u00e9. \u00bb<\/p>\n\n\n\n<figure class=\"wp-block-image size-large\"><img loading=\"lazy\" decoding=\"async\" height=\"683\" width=\"1024\" src=\"https:\/\/www.capgemini.com\/fr-fr\/wp-content\/uploads\/sites\/6\/2026\/08\/2025-07-24_Ocean-Arctique_equipage-en-action_David-Monmarche_plongee-Moon-Pool_P1005493\u00a9Maeva-Bardy-Fondation-Tara-Ocean.jpg?w=960\" alt=\"\" class=\"wp-image-811154\" srcset=\"https:\/\/www.capgemini.com\/fr-fr\/wp-content\/uploads\/sites\/6\/2026\/08\/2025-07-24_Ocean-Arctique_equipage-en-action_David-Monmarche_plongee-Moon-Pool_P1005493\u00a9Maeva-Bardy-Fondation-Tara-Ocean.jpg 6000w, https:\/\/www.capgemini.com\/fr-fr\/wp-content\/uploads\/sites\/6\/2026\/08\/2025-07-24_Ocean-Arctique_equipage-en-action_David-Monmarche_plongee-Moon-Pool_P1005493\u00a9Maeva-Bardy-Fondation-Tara-Ocean.jpg?resize=300,200 300w, https:\/\/www.capgemini.com\/fr-fr\/wp-content\/uploads\/sites\/6\/2026\/08\/2025-07-24_Ocean-Arctique_equipage-en-action_David-Monmarche_plongee-Moon-Pool_P1005493\u00a9Maeva-Bardy-Fondation-Tara-Ocean.jpg?resize=768,512 768w, https:\/\/www.capgemini.com\/fr-fr\/wp-content\/uploads\/sites\/6\/2026\/08\/2025-07-24_Ocean-Arctique_equipage-en-action_David-Monmarche_plongee-Moon-Pool_P1005493\u00a9Maeva-Bardy-Fondation-Tara-Ocean.jpg?resize=1024,683 1024w, https:\/\/www.capgemini.com\/fr-fr\/wp-content\/uploads\/sites\/6\/2026\/08\/2025-07-24_Ocean-Arctique_equipage-en-action_David-Monmarche_plongee-Moon-Pool_P1005493\u00a9Maeva-Bardy-Fondation-Tara-Ocean.jpg?resize=1536,1024 1536w, https:\/\/www.capgemini.com\/fr-fr\/wp-content\/uploads\/sites\/6\/2026\/08\/2025-07-24_Ocean-Arctique_equipage-en-action_David-Monmarche_plongee-Moon-Pool_P1005493\u00a9Maeva-Bardy-Fondation-Tara-Ocean.jpg?resize=2048,1365 2048w\" sizes=\"auto, (max-width: 1024px) 100vw, 1024px\" \/><figcaption class=\"wp-element-caption\"><em>Ma\u00ebva Bardy &#8211; Fondation Tara Oc\u00e9an<\/em><\/figcaption><\/figure>\n\n\n\n<p class=\"wp-block-paragraph\">Une fois la phase d&#8217;ing\u00e9nierie achev\u00e9e, \u00c9lise a rejoint l&#8217;\u00e9quipe pour piloter les volets communication et design d&#8217;exp\u00e9rience de cette collaboration. Elle a mis \u00e0 profit son expertise en design num\u00e9rique afin de rendre les recherches men\u00e9es dans l&#8217;Arctique plus accessibles au grand public.<\/p>\n\n\n\n<p class=\"wp-block-paragraph\">\u00ab Les donn\u00e9es qui seront collect\u00e9es dans l&#8217;oc\u00e9an Arctique sont extr\u00eamement techniques et ne sont pas spontan\u00e9ment accessibles au plus grand nombre \u00bb, explique-t-elle. <\/p>\n\n\n\n<p class=\"wp-block-paragraph\">\u00ab Mon r\u00f4le s&#8217;inscrit dans ce que nous appelons le <em>data storytelling<\/em>. Il consiste \u00e0 transformer les donn\u00e9es li\u00e9es \u00e0 la position de la station, \u00e0 son environnement ou encore aux exp\u00e9riences scientifiques en r\u00e9cits captivants et compr\u00e9hensibles, permettant au public de mieux saisir les enjeux et les r\u00e9sultats de ces recherches.<\/p>\n\n\n\n<p class=\"wp-block-paragraph\">L&#8217;un des membres de l&#8217;\u00e9quipage sera par exemple charg\u00e9 de capturer des images et d&#8217;explorer de nouvelles fa\u00e7ons de donner vie aux d\u00e9couvertes r\u00e9alis\u00e9es \u00e0 bord. \u00bb<\/p>\n\n\n\n<h3 id=\"h-premier-voyage\" class=\"wp-block-heading\"><strong>Premier voyage<\/strong><\/h3>\n\n\n\n<p class=\"wp-block-paragraph\">Le v\u00e9ritable test pour Tara Polar Station d\u00e9butera \u00e0 la fin de l&#8217;\u00e9t\u00e9 2026, avec sa toute premi\u00e8re mission de d\u00e9rive polaire.<\/p>\n\n\n\n<figure class=\"wp-block-image size-full is-resized\"><img loading=\"lazy\" decoding=\"async\" width=\"300\" height=\"300\" src=\"https:\/\/www.capgemini.com\/fr-fr\/wp-content\/uploads\/sites\/6\/2026\/08\/2025-07-06_Ocean-Arctique_convoyage-Polarstern_navigation_DJI_20250706233903_0002_D\u00a9Maeva-Bardy-Fondation-Tara-Ocean-edited.webp\" alt=\"\" class=\"wp-image-811443\" style=\"width:454px;height:auto\" srcset=\"https:\/\/www.capgemini.com\/fr-fr\/wp-content\/uploads\/sites\/6\/2026\/08\/2025-07-06_Ocean-Arctique_convoyage-Polarstern_navigation_DJI_20250706233903_0002_D\u00a9Maeva-Bardy-Fondation-Tara-Ocean-edited.webp 300w, https:\/\/www.capgemini.com\/fr-fr\/wp-content\/uploads\/sites\/6\/2026\/08\/2025-07-06_Ocean-Arctique_convoyage-Polarstern_navigation_DJI_20250706233903_0002_D\u00a9Maeva-Bardy-Fondation-Tara-Ocean-edited.webp?resize=150,150 150w\" sizes=\"auto, (max-width: 300px) 100vw, 300px\" \/><figcaption class=\"wp-element-caption\"><em>Ma\u00ebva Bardy &#8211; Fondation Tara Oc\u00e9an<\/em><\/figcaption><\/figure>\n\n\n\n<p class=\"wp-block-paragraph\">\u00ab Bien que d&#8217;importantes campagnes d&#8217;essais aient d\u00e9j\u00e0 \u00e9t\u00e9 men\u00e9es dans les conditions r\u00e9elles de l&#8217;oc\u00e9an Arctique central, notamment sur la banquise et en toutes saisons, la premi\u00e8re mission de d\u00e9rive polaire nous permettra de franchir une nouvelle \u00e9tape \u00bb, explique K\u00e9vin. <\/p>\n\n\n\n<p class=\"wp-block-paragraph\">\u00ab Elle nous donnera l&#8217;occasion d&#8217;observer le comportement des syst\u00e8mes sur de longues p\u00e9riodes dans un environnement o\u00f9 l&#8217;instabilit\u00e9 est la norme. Notre \u00e9quipe d&#8217;ing\u00e9nierie restera mobilis\u00e9e pour ajuster et optimiser en permanence les performances de la station \u00e0 partir des donn\u00e9es collect\u00e9es en temps r\u00e9el. \u00bb<\/p>\n\n\n\n<p class=\"wp-block-paragraph\">La s\u00e9curit\u00e9 et le bien-\u00eatre de l&#8217;\u00e9quipage sont des \u00e9l\u00e9ments essentiels pour lui permettre de mener \u00e0 bien cette mission scientifique d&#8217;une importance capitale.<\/p>\n\n\n\n<p class=\"wp-block-paragraph\">Les donn\u00e9es recueillies par Tara Polar Station seront accessibles en open source, offrant aux scientifiques du monde entier un acc\u00e8s libre et illimit\u00e9 \u00e0 des informations pr\u00e9cieuses. Ces donn\u00e9es contribueront \u00e0 enrichir les connaissances sur de nombreux sujets, allant des micro-organismes aux diff\u00e9rentes couches de l&#8217;atmosph\u00e8re, en passant par l&#8217;ampleur de la pollution plastique dans les oc\u00e9ans.<\/p>\n\n\n\n<p class=\"wp-block-paragraph\">Ces travaux permettront de combler des lacunes majeures dans les donn\u00e9es scientifiques mondiales et de nourrir les r\u00e9flexions sur les politiques environnementales et climatiques \u00e0 l\u2019\u00e9chelle internationale.<\/p>\n\n\n\n<p class=\"wp-block-paragraph\">Le projet a d\u00e9j\u00e0 attir\u00e9 l&#8217;attention des dirigeants du monde entier.<\/p>\n\n\n\n<p class=\"wp-block-paragraph\">\u00ab J&#8217;ai eu l&#8217;incroyable opportunit\u00e9 de pr\u00e9senter le travail de Capgemini sur Tara Polar Station \u00e0 des dirigeants et responsables internationaux lors du Forum \u00e9conomique mondial de Davos \u00bb, raconte \u00c9lise. <\/p>\n\n\n\n<p class=\"wp-block-paragraph\">\u00ab Cela a \u00e9t\u00e9 extr\u00eamement gratifiant de constater l&#8217;int\u00e9r\u00eat et l&#8217;enthousiasme qu&#8217;a suscit\u00e9s le projet. C&#8217;est une d\u00e9monstration concr\u00e8te de notre raison d&#8217;\u00eatre chez Capgemini : mettre l&#8217;ing\u00e9nierie, l&#8217;innovation strat\u00e9gique et le design cr\u00e9atif au service de la r\u00e9solution des grands d\u00e9fis mondiaux. \u00bb<\/p>\n\n\n\n<p class=\"wp-block-paragraph\">Elle ajoute que cette collaboration a \u00e9galement \u00e9t\u00e9 une exp\u00e9rience particuli\u00e8rement enrichissante sur le plan personnel.<\/p>\n\n\n\n<figure class=\"wp-block-image size-large\"><img loading=\"lazy\" decoding=\"async\" height=\"683\" width=\"1024\" src=\"https:\/\/www.capgemini.com\/fr-fr\/wp-content\/uploads\/sites\/6\/2026\/08\/2024-10-01-_Test-mise-a-l-eauP1460434\u00a9Maeva-Bardy-Fondation-Tara-Ocean.jpg?w=960\" alt=\"\" class=\"wp-image-811156\" srcset=\"https:\/\/www.capgemini.com\/fr-fr\/wp-content\/uploads\/sites\/6\/2026\/08\/2024-10-01-_Test-mise-a-l-eauP1460434\u00a9Maeva-Bardy-Fondation-Tara-Ocean.jpg 5619w, https:\/\/www.capgemini.com\/fr-fr\/wp-content\/uploads\/sites\/6\/2026\/08\/2024-10-01-_Test-mise-a-l-eauP1460434\u00a9Maeva-Bardy-Fondation-Tara-Ocean.jpg?resize=300,200 300w, https:\/\/www.capgemini.com\/fr-fr\/wp-content\/uploads\/sites\/6\/2026\/08\/2024-10-01-_Test-mise-a-l-eauP1460434\u00a9Maeva-Bardy-Fondation-Tara-Ocean.jpg?resize=768,512 768w, https:\/\/www.capgemini.com\/fr-fr\/wp-content\/uploads\/sites\/6\/2026\/08\/2024-10-01-_Test-mise-a-l-eauP1460434\u00a9Maeva-Bardy-Fondation-Tara-Ocean.jpg?resize=1024,683 1024w, https:\/\/www.capgemini.com\/fr-fr\/wp-content\/uploads\/sites\/6\/2026\/08\/2024-10-01-_Test-mise-a-l-eauP1460434\u00a9Maeva-Bardy-Fondation-Tara-Ocean.jpg?resize=1536,1024 1536w, https:\/\/www.capgemini.com\/fr-fr\/wp-content\/uploads\/sites\/6\/2026\/08\/2024-10-01-_Test-mise-a-l-eauP1460434\u00a9Maeva-Bardy-Fondation-Tara-Ocean.jpg?resize=2048,1365 2048w\" sizes=\"auto, (max-width: 1024px) 100vw, 1024px\" \/><figcaption class=\"wp-element-caption\"><em>Ma\u00ebva Bardy &#8211; <\/em>Fondation Tara Oc\u00e9an<\/figcaption><\/figure>\n\n\n\n<p class=\"wp-block-paragraph\">\u00ab Le changement climatique est un sujet qui me pr\u00e9occupe profond\u00e9ment, comme c&#8217;est le cas pour beaucoup d&#8217;entre nous. Participer \u00e0 un projet qui contribue \u00e0 mieux le comprendre, et qui, je l&#8217;esp\u00e8re, aidera les scientifiques \u00e0 d\u00e9velopper de nouvelles solutions, est une immense source de fiert\u00e9. C&#8217;est particuli\u00e8rement gratifiant. \u00bb<\/p>\n\n\n\n<p class=\"wp-block-paragraph\">Gr\u00e2ce au m\u00e9c\u00e9nat de comp\u00e9tences, cette aventure illustre pleinement la capacit\u00e9 de Capgemini \u00e0 mettre l\u2019ing\u00e9nierie, l\u2019innovation et l\u2019engagement au service d\u2019une cause d\u2019int\u00e9r\u00eat g\u00e9n\u00e9ral.<\/p>\n\n\n\n<p class=\"wp-block-paragraph\">De la conception de Tara Polar Station \u00e0 son rayonnement sur la sc\u00e8ne internationale, le partenariat entre Capgemini et la Fondation Tara Oc\u00e9an contribue \u00e0 faire progresser les connaissances mondiales sur le changement climatique.<\/p>\n\n\n\n<p class=\"wp-block-paragraph\">Et pourtant, ce n\u2019est que le d\u00e9but du voyage.<\/p>\n<\/div><\/div><\/div><\/div><\/div><\/section>\n\n\n\n<section class=\"wp-block-cg-blocks-wrapper-card-text-pic wrapperCardTextPic hero-bg-shape\"><div class=\"container\"><div class=\"row\"><div class=\"content-title col-12 col-md-8\"><h2 class=\"card-text-pic-heading\">Pour aller plus loin<\/h2><\/div><\/div><div class=\"row\"><div class=\"col-md-12\">\n<div class=\"wp-block-cg-blocks-card-text-pic-left\"><div class=\"row card-text-pic leftCard\"><div class=\"col-md-12\"><div class=\"box--section\"><div class=\"box row-nobleed\"><div class=\"col-lg-5 col-md-12 box-img-wrapper \"><a href=\"https:\/\/www.capgemini.com\/fr-fr\/notre-groupe\/responsabilite-sociale-et-environnementale\/\" aria-label=\"Lire la suite Responsabilit\u00e9 sociale et environnementale\" tabindex=\"-1\" target=\"\" rel=\"noopener noreferrer\" title=\"\"><picture><source srcset=\"https:\/\/www.capgemini.com\/fr-fr\/wp-content\/uploads\/sites\/6\/2026\/08\/Capgemini_About-US_Corporate-responsibility.webp?w=1000&amp;quality=70 1x, https:\/\/www.capgemini.com\/fr-fr\/wp-content\/uploads\/sites\/6\/2026\/08\/Capgemini_About-US_Corporate-responsibility.webp?w=1000&amp;quality=70 2x\" media=\"(min-width: 1500px)\"\/><source srcset=\"https:\/\/www.capgemini.com\/fr-fr\/wp-content\/uploads\/sites\/6\/2026\/08\/Capgemini_About-US_Corporate-responsibility.webp?w=500&amp;quality=70 1x, https:\/\/www.capgemini.com\/fr-fr\/wp-content\/uploads\/sites\/6\/2026\/08\/Capgemini_About-US_Corporate-responsibility.webp?w=1000&amp;quality=70 2x\" media=\"(min-width: 992px)\"\/><source srcset=\"https:\/\/www.capgemini.com\/fr-fr\/wp-content\/uploads\/sites\/6\/2026\/08\/Capgemini_About-US_Corporate-responsibility.webp?w=768&amp;quality=70 1x, https:\/\/www.capgemini.com\/fr-fr\/wp-content\/uploads\/sites\/6\/2026\/08\/Capgemini_About-US_Corporate-responsibility.webp?w=768&amp;quality=70 2x\" media=\"(min-width: 768px)\"\/><source srcset=\"https:\/\/www.capgemini.com\/fr-fr\/wp-content\/uploads\/sites\/6\/2026\/08\/Capgemini_About-US_Corporate-responsibility.webp?w=556&amp;quality=70 1x, https:\/\/www.capgemini.com\/fr-fr\/wp-content\/uploads\/sites\/6\/2026\/08\/Capgemini_About-US_Corporate-responsibility.webp?w=556&amp;quality=70 2x\" media=\"(min-width: 0)\"\/><img decoding=\"async\" src=\"https:\/\/www.capgemini.com\/fr-fr\/wp-content\/uploads\/sites\/6\/2026\/08\/Capgemini_About-US_Corporate-responsibility.webp\" class=\"box-img\" alt=\"\" style=\"object-fit:cover;object-position:50% 50%\" loading=\"lazy\"\/><\/picture><\/a><\/div><div class=\"col-lg-8 col-md-12 box-inner \"><a href=\"https:\/\/www.capgemini.com\/fr-fr\/notre-groupe\/responsabilite-sociale-et-environnementale\/\" aria-label=\"Responsabilit\u00e9 sociale et environnementale\" target=\"\" rel=\"noopener noreferrer\" title=\"\"><h3 class=\"titlewithLink\" data-maxlength=\"144\">Responsabilit\u00e9 sociale et environnementale<\/h3><\/a><p class=\"box-text\" data-maxlength=\"\">Ensemble, nous construirons l\u2019avenir que nous souhaitons pour nos concitoyens, notre soci\u00e9t\u00e9 et notre plan\u00e8te.<\/p><div class=\"box-bottom\"><a aria-label=\"Lire la suite Responsabilit\u00e9 sociale et environnementale\" class=\"more2\" data-maxlength=\"24\" href=\"https:\/\/www.capgemini.com\/fr-fr\/notre-groupe\/responsabilite-sociale-et-environnementale\/\" target=\"\" rel=\"noopener noreferrer\" title=\"\">En savoir plus<\/a><\/div><\/div><\/div><\/div><\/div><\/div><\/div>\n\n\n\n<div class=\"wp-block-cg-blocks-card-text-pic-left\"><div class=\"row card-text-pic leftCard\"><div class=\"col-md-12\"><div class=\"box--section\"><div class=\"box row-nobleed\"><div class=\"col-lg-5 col-md-12 box-img-wrapper \"><a href=\"https:\/\/www.capgemini.com\/fr-fr\/solutions\/tara-ocean-etudier-et-proteger-locean\/\" aria-label=\"Lire la suite Tara Oc\u00e9an | Etudier et prot\u00e9ger l\u2019oc\u00e9an\" tabindex=\"-1\" target=\"\" rel=\"noopener noreferrer\" title=\"\"><picture><source srcset=\"https:\/\/www.capgemini.com\/fr-fr\/wp-content\/uploads\/sites\/6\/2026\/08\/Mecenat-Tara-Banner.webp?w=1000&amp;quality=70 1x, https:\/\/www.capgemini.com\/fr-fr\/wp-content\/uploads\/sites\/6\/2026\/08\/Mecenat-Tara-Banner.webp?w=1000&amp;quality=70 2x\" media=\"(min-width: 1500px)\"\/><source srcset=\"https:\/\/www.capgemini.com\/fr-fr\/wp-content\/uploads\/sites\/6\/2026\/08\/Mecenat-Tara-Banner.webp?w=500&amp;quality=70 1x, https:\/\/www.capgemini.com\/fr-fr\/wp-content\/uploads\/sites\/6\/2026\/08\/Mecenat-Tara-Banner.webp?w=1000&amp;quality=70 2x\" media=\"(min-width: 992px)\"\/><source srcset=\"https:\/\/www.capgemini.com\/fr-fr\/wp-content\/uploads\/sites\/6\/2026\/08\/Mecenat-Tara-Banner.webp?w=768&amp;quality=70 1x, https:\/\/www.capgemini.com\/fr-fr\/wp-content\/uploads\/sites\/6\/2026\/08\/Mecenat-Tara-Banner.webp?w=768&amp;quality=70 2x\" media=\"(min-width: 768px)\"\/><source srcset=\"https:\/\/www.capgemini.com\/fr-fr\/wp-content\/uploads\/sites\/6\/2026\/08\/Mecenat-Tara-Banner.webp?w=556&amp;quality=70 1x, https:\/\/www.capgemini.com\/fr-fr\/wp-content\/uploads\/sites\/6\/2026\/08\/Mecenat-Tara-Banner.webp?w=556&amp;quality=70 2x\" media=\"(min-width: 0)\"\/><img decoding=\"async\" src=\"https:\/\/www.capgemini.com\/fr-fr\/wp-content\/uploads\/sites\/6\/2026\/08\/Mecenat-Tara-Banner.webp\" class=\"box-img\" alt=\"\" style=\"object-fit:cover;object-position:50% 50%\" loading=\"lazy\"\/><\/picture><\/a><\/div><div class=\"col-lg-8 col-md-12 box-inner \"><a href=\"https:\/\/www.capgemini.com\/fr-fr\/solutions\/tara-ocean-etudier-et-proteger-locean\/\" aria-label=\"Tara Oc\u00e9an | Etudier et prot\u00e9ger l\u2019oc\u00e9an\" target=\"\" rel=\"noopener noreferrer\" title=\"\"><h3 class=\"titlewithLink\" data-maxlength=\"144\">Tara Oc\u00e9an | Etudier et prot\u00e9ger l\u2019oc\u00e9an<\/h3><\/a><p class=\"box-text\" data-maxlength=\"\">M\u00e9c\u00e8ne de projets environnementaux<\/p><div class=\"box-bottom\"><a aria-label=\"Lire la suite Tara Oc\u00e9an | Etudier et prot\u00e9ger l\u2019oc\u00e9an\" class=\"more2\" data-maxlength=\"24\" href=\"https:\/\/www.capgemini.com\/fr-fr\/solutions\/tara-ocean-etudier-et-proteger-locean\/\" target=\"\" rel=\"noopener noreferrer\" title=\"\">En savoir plus<\/a><\/div><\/div><\/div><\/div><\/div><\/div><\/div>\n<\/div><\/div><\/div><\/section>\n","protected":false},"excerpt":{"rendered":"<p>Un observatoire et laboratoire d\u00e9rivant pour \u00e9tudier l&#8217;environnement de l&#8217;oc\u00e9an Arctique <\/p>\n","protected":false},"author":262,"featured_media":811900,"template":"","meta":{"cg_dt_proposed_to":[],"cg_seo_hreflang_relations":"[]","cg_seo_canonical_relation":"","cg_seo_hreflang_x_default_relation":"","cg_dt_approved_content":true,"cg_dt_mandatory_content":false,"cg_dt_notes":"","cg_dg_source_changed":false,"cg_dt_link_disabled":false,"footnotes":"","featured_focal_points":"","gsap_animation":0},"tags":[],"story-theme":[693],"class_list":["post-811150","story","type-story","status-publish","has-post-thumbnail","hentry","story-theme-projet-a-impact-positif"],"yoast_head":"<!-- This site is optimized with the Yoast SEO Premium plugin v27.7 (Yoast SEO v27.8) - https:\/\/yoast.com\/product\/yoast-seo-premium-wordpress\/ -->\n<title>Un laboratoire scientifique unique pour mieux comprendre le changement climatique - Capgemini France<\/title>\n<meta name=\"robots\" content=\"index, follow, max-snippet:-1, max-image-preview:large, max-video-preview:-1\" \/>\n<link rel=\"canonical\" href=\"https:\/\/www.capgemini.com\/fr-fr\/grand-angle\/un-laboratoire-scientifique-unique-pour-mieux-comprendre-le-changement-climatique\/\" \/>\n<meta property=\"og:locale\" content=\"fr_FR\" \/>\n<meta property=\"og:type\" content=\"article\" \/>\n<meta property=\"og:title\" content=\"Un laboratoire scientifique unique pour mieux comprendre le changement climatique | Capgemini France\" \/>\n<meta property=\"og:description\" content=\"Explore how Tara Polar Station, engineered by Capgemini for the Tara Ocean Foundation, will support climate research in the remote Central Arctic Ocean.\" \/>\n<meta property=\"og:url\" content=\"https:\/\/www.capgemini.com\/fr-fr\/grand-angle\/un-laboratoire-scientifique-unique-pour-mieux-comprendre-le-changement-climatique\/\" \/>\n<meta property=\"og:site_name\" content=\"Capgemini France\" \/>\n<meta property=\"article:modified_time\" content=\"2026-09-02T14:58:35+00:00\" \/>\n<meta property=\"og:image\" content=\"https:\/\/www.capgemini.com\/fr-fr\/wp-content\/uploads\/sites\/6\/2026\/09\/2025-07-18_Ocean-Arctique_faune_ours-polaires_DJI_20250718154358_0022_D\u00a9Maeva-Bardy-Fondation-Tara-Ocean.webp\" \/>\n\t<meta property=\"og:image:width\" content=\"2880\" \/>\n\t<meta property=\"og:image:height\" content=\"2160\" \/>\n\t<meta property=\"og:image:type\" content=\"image\/webp\" \/>\n<meta name=\"twitter:card\" content=\"summary_large_image\" \/>\n<meta name=\"twitter:title\" content=\"Un laboratoire scientifique unique pour mieux comprendre le changement climatique\" \/>\n<meta name=\"twitter:label1\" content=\"Est. reading time\" \/>\n\t<meta name=\"twitter:data1\" content=\"9 minutes\" \/>\n<script type=\"application\/ld+json\" class=\"yoast-schema-graph\">{\"@context\":\"https:\\\/\\\/schema.org\",\"@graph\":[{\"@type\":\"WebPage\",\"@id\":\"https:\\\/\\\/www.capgemini.com\\\/fr-fr\\\/grand-angle\\\/un-laboratoire-scientifique-unique-pour-mieux-comprendre-le-changement-climatique\\\/\",\"url\":\"https:\\\/\\\/www.capgemini.com\\\/fr-fr\\\/grand-angle\\\/un-laboratoire-scientifique-unique-pour-mieux-comprendre-le-changement-climatique\\\/\",\"name\":\"Un laboratoire scientifique unique pour mieux comprendre le changement climatique - Capgemini France\",\"isPartOf\":{\"@id\":\"https:\\\/\\\/www.capgemini.com\\\/fr-fr\\\/#website\"},\"primaryImageOfPage\":{\"@id\":\"https:\\\/\\\/www.capgemini.com\\\/fr-fr\\\/grand-angle\\\/un-laboratoire-scientifique-unique-pour-mieux-comprendre-le-changement-climatique\\\/#primaryimage\"},\"image\":{\"@id\":\"https:\\\/\\\/www.capgemini.com\\\/fr-fr\\\/grand-angle\\\/un-laboratoire-scientifique-unique-pour-mieux-comprendre-le-changement-climatique\\\/#primaryimage\"},\"thumbnailUrl\":\"https:\\\/\\\/www.capgemini.com\\\/fr-fr\\\/wp-content\\\/uploads\\\/sites\\\/6\\\/2026\\\/09\\\/2025-07-18_Ocean-Arctique_faune_ours-polaires_DJI_20250718154358_0022_D\u00a9Maeva-Bardy-Fondation-Tara-Ocean.webp\",\"datePublished\":\"2026-09-02T14:30:34+00:00\",\"dateModified\":\"2026-09-02T14:58:35+00:00\",\"inLanguage\":\"fr-FR\",\"potentialAction\":[{\"@type\":\"ReadAction\",\"target\":[\"https:\\\/\\\/www.capgemini.com\\\/fr-fr\\\/grand-angle\\\/un-laboratoire-scientifique-unique-pour-mieux-comprendre-le-changement-climatique\\\/\"]}]},{\"@type\":\"ImageObject\",\"inLanguage\":\"fr-FR\",\"@id\":\"https:\\\/\\\/www.capgemini.com\\\/fr-fr\\\/grand-angle\\\/un-laboratoire-scientifique-unique-pour-mieux-comprendre-le-changement-climatique\\\/#primaryimage\",\"url\":\"https:\\\/\\\/www.capgemini.com\\\/fr-fr\\\/wp-content\\\/uploads\\\/sites\\\/6\\\/2026\\\/09\\\/2025-07-18_Ocean-Arctique_faune_ours-polaires_DJI_20250718154358_0022_D\u00a9Maeva-Bardy-Fondation-Tara-Ocean.webp\",\"contentUrl\":\"https:\\\/\\\/www.capgemini.com\\\/fr-fr\\\/wp-content\\\/uploads\\\/sites\\\/6\\\/2026\\\/09\\\/2025-07-18_Ocean-Arctique_faune_ours-polaires_DJI_20250718154358_0022_D\u00a9Maeva-Bardy-Fondation-Tara-Ocean.webp\",\"width\":2880,\"height\":2160},{\"@type\":\"WebSite\",\"@id\":\"https:\\\/\\\/www.capgemini.com\\\/fr-fr\\\/#website\",\"url\":\"https:\\\/\\\/www.capgemini.com\\\/fr-fr\\\/\",\"name\":\"Capgemini France\",\"description\":\"Just another www.capgemini.com site\",\"publisher\":{\"@id\":\"https:\\\/\\\/www.capgemini.com\\\/fr-fr\\\/#organization\"},\"potentialAction\":[{\"@type\":\"SearchAction\",\"target\":{\"@type\":\"EntryPoint\",\"urlTemplate\":\"https:\\\/\\\/www.capgemini.com\\\/fr-fr\\\/?s={search_term_string}\"},\"query-input\":{\"@type\":\"PropertyValueSpecification\",\"valueRequired\":true,\"valueName\":\"search_term_string\"}}],\"inLanguage\":\"fr-FR\"},{\"@type\":\"Organization\",\"@id\":\"https:\\\/\\\/www.capgemini.com\\\/fr-fr\\\/#organization\",\"name\":\"Capgemini France\",\"url\":\"https:\\\/\\\/www.capgemini.com\\\/fr-fr\\\/\",\"logo\":{\"@type\":\"ImageObject\",\"inLanguage\":\"fr-FR\",\"@id\":\"https:\\\/\\\/www.capgemini.com\\\/fr-fr\\\/#\\\/schema\\\/logo\\\/image\\\/\",\"url\":\"https:\\\/\\\/www.capgemini.com\\\/fr-fr\\\/wp-content\\\/uploads\\\/sites\\\/6\\\/2022\\\/08\\\/Logo-Capgemini.png\",\"contentUrl\":\"https:\\\/\\\/www.capgemini.com\\\/fr-fr\\\/wp-content\\\/uploads\\\/sites\\\/6\\\/2022\\\/08\\\/Logo-Capgemini.png\",\"width\":202,\"height\":60,\"caption\":\"Capgemini France\"},\"image\":{\"@id\":\"https:\\\/\\\/www.capgemini.com\\\/fr-fr\\\/#\\\/schema\\\/logo\\\/image\\\/\"}}]}<\/script>\n<!-- \/ Yoast SEO Premium plugin. -->","yoast_head_json":{"title":"Un laboratoire scientifique unique pour mieux comprendre le changement climatique - Capgemini France","robots":{"index":"index","follow":"follow","max-snippet":"max-snippet:-1","max-image-preview":"max-image-preview:large","max-video-preview":"max-video-preview:-1"},"canonical":"https:\/\/www.capgemini.com\/fr-fr\/grand-angle\/un-laboratoire-scientifique-unique-pour-mieux-comprendre-le-changement-climatique\/","og_locale":"fr_FR","og_type":"article","og_title":"Un laboratoire scientifique unique pour mieux comprendre le changement climatique | Capgemini France","og_description":"Explore how Tara Polar Station, engineered by Capgemini for the Tara Ocean Foundation, will support climate research in the remote Central Arctic Ocean.","og_url":"https:\/\/www.capgemini.com\/fr-fr\/grand-angle\/un-laboratoire-scientifique-unique-pour-mieux-comprendre-le-changement-climatique\/","og_site_name":"Capgemini France","article_modified_time":"2026-09-02T14:58:35+00:00","og_image":[{"width":2880,"height":2160,"url":"https:\/\/www.capgemini.com\/fr-fr\/wp-content\/uploads\/sites\/6\/2026\/09\/2025-07-18_Ocean-Arctique_faune_ours-polaires_DJI_20250718154358_0022_D\u00a9Maeva-Bardy-Fondation-Tara-Ocean.webp","type":"image\/webp"}],"twitter_card":"summary_large_image","twitter_title":"Un laboratoire scientifique unique pour mieux comprendre le changement climatique","twitter_misc":{"Est. reading time":"9 minutes"},"schema":{"@context":"https:\/\/schema.org","@graph":[{"@type":"WebPage","@id":"https:\/\/www.capgemini.com\/fr-fr\/grand-angle\/un-laboratoire-scientifique-unique-pour-mieux-comprendre-le-changement-climatique\/","url":"https:\/\/www.capgemini.com\/fr-fr\/grand-angle\/un-laboratoire-scientifique-unique-pour-mieux-comprendre-le-changement-climatique\/","name":"Un laboratoire scientifique unique pour mieux comprendre le changement climatique - Capgemini France","isPartOf":{"@id":"https:\/\/www.capgemini.com\/fr-fr\/#website"},"primaryImageOfPage":{"@id":"https:\/\/www.capgemini.com\/fr-fr\/grand-angle\/un-laboratoire-scientifique-unique-pour-mieux-comprendre-le-changement-climatique\/#primaryimage"},"image":{"@id":"https:\/\/www.capgemini.com\/fr-fr\/grand-angle\/un-laboratoire-scientifique-unique-pour-mieux-comprendre-le-changement-climatique\/#primaryimage"},"thumbnailUrl":"https:\/\/www.capgemini.com\/fr-fr\/wp-content\/uploads\/sites\/6\/2026\/09\/2025-07-18_Ocean-Arctique_faune_ours-polaires_DJI_20250718154358_0022_D\u00a9Maeva-Bardy-Fondation-Tara-Ocean.webp","datePublished":"2026-09-02T14:30:34+00:00","dateModified":"2026-09-02T14:58:35+00:00","inLanguage":"fr-FR","potentialAction":[{"@type":"ReadAction","target":["https:\/\/www.capgemini.com\/fr-fr\/grand-angle\/un-laboratoire-scientifique-unique-pour-mieux-comprendre-le-changement-climatique\/"]}]},{"@type":"ImageObject","inLanguage":"fr-FR","@id":"https:\/\/www.capgemini.com\/fr-fr\/grand-angle\/un-laboratoire-scientifique-unique-pour-mieux-comprendre-le-changement-climatique\/#primaryimage","url":"https:\/\/www.capgemini.com\/fr-fr\/wp-content\/uploads\/sites\/6\/2026\/09\/2025-07-18_Ocean-Arctique_faune_ours-polaires_DJI_20250718154358_0022_D\u00a9Maeva-Bardy-Fondation-Tara-Ocean.webp","contentUrl":"https:\/\/www.capgemini.com\/fr-fr\/wp-content\/uploads\/sites\/6\/2026\/09\/2025-07-18_Ocean-Arctique_faune_ours-polaires_DJI_20250718154358_0022_D\u00a9Maeva-Bardy-Fondation-Tara-Ocean.webp","width":2880,"height":2160},{"@type":"WebSite","@id":"https:\/\/www.capgemini.com\/fr-fr\/#website","url":"https:\/\/www.capgemini.com\/fr-fr\/","name":"Capgemini France","description":"Just another www.capgemini.com site","publisher":{"@id":"https:\/\/www.capgemini.com\/fr-fr\/#organization"},"potentialAction":[{"@type":"SearchAction","target":{"@type":"EntryPoint","urlTemplate":"https:\/\/www.capgemini.com\/fr-fr\/?s={search_term_string}"},"query-input":{"@type":"PropertyValueSpecification","valueRequired":true,"valueName":"search_term_string"}}],"inLanguage":"fr-FR"},{"@type":"Organization","@id":"https:\/\/www.capgemini.com\/fr-fr\/#organization","name":"Capgemini France","url":"https:\/\/www.capgemini.com\/fr-fr\/","logo":{"@type":"ImageObject","inLanguage":"fr-FR","@id":"https:\/\/www.capgemini.com\/fr-fr\/#\/schema\/logo\/image\/","url":"https:\/\/www.capgemini.com\/fr-fr\/wp-content\/uploads\/sites\/6\/2022\/08\/Logo-Capgemini.png","contentUrl":"https:\/\/www.capgemini.com\/fr-fr\/wp-content\/uploads\/sites\/6\/2022\/08\/Logo-Capgemini.png","width":202,"height":60,"caption":"Capgemini France"},"image":{"@id":"https:\/\/www.capgemini.com\/fr-fr\/#\/schema\/logo\/image\/"}}]}},"archive_status":false,"featured_image_src":"https:\/\/www.capgemini.com\/fr-fr\/wp-content\/uploads\/sites\/6\/2026\/09\/2025-07-18_Ocean-Arctique_faune_ours-polaires_DJI_20250718154358_0022_D\u00a9Maeva-Bardy-Fondation-Tara-Ocean.webp","featured_image_alt":"","jetpack_sharing_enabled":true,"distributor_meta":false,"distributor_terms":false,"distributor_media":false,"distributor_original_site_name":"Capgemini France","distributor_original_site_url":"https:\/\/www.capgemini.com\/fr-fr","push-errors":false,"tag_names":[],"_links":{"self":[{"href":"https:\/\/www.capgemini.com\/fr-fr\/wp-json\/wp\/v2\/story\/811150","targetHints":{"allow":["GET"]}}],"collection":[{"href":"https:\/\/www.capgemini.com\/fr-fr\/wp-json\/wp\/v2\/story"}],"about":[{"href":"https:\/\/www.capgemini.com\/fr-fr\/wp-json\/wp\/v2\/types\/story"}],"author":[{"embeddable":true,"href":"https:\/\/www.capgemini.com\/fr-fr\/wp-json\/wp\/v2\/users\/262"}],"version-history":[{"count":18,"href":"https:\/\/www.capgemini.com\/fr-fr\/wp-json\/wp\/v2\/story\/811150\/revisions"}],"predecessor-version":[{"id":811901,"href":"https:\/\/www.capgemini.com\/fr-fr\/wp-json\/wp\/v2\/story\/811150\/revisions\/811901"}],"wp:featuredmedia":[{"embeddable":true,"href":"https:\/\/www.capgemini.com\/fr-fr\/wp-json\/wp\/v2\/media\/811900"}],"wp:attachment":[{"href":"https:\/\/www.capgemini.com\/fr-fr\/wp-json\/wp\/v2\/media?parent=811150"}],"wp:term":[{"taxonomy":"post_tag","embeddable":true,"href":"https:\/\/www.capgemini.com\/fr-fr\/wp-json\/wp\/v2\/tags?post=811150"},{"taxonomy":"story-theme","embeddable":true,"href":"https:\/\/www.capgemini.com\/fr-fr\/wp-json\/wp\/v2\/story-theme?post=811150"}],"curies":[{"name":"wp","href":"https:\/\/api.w.org\/{rel}","templated":true}]}}