{"id":804903,"date":"2026-03-16T17:45:00","date_gmt":"2026-03-16T16:45:00","guid":{"rendered":"https:\/\/www.capgemini.com\/fr-fr\/?post_type=press-release&#038;p=804903"},"modified":"2026-03-17T15:51:31","modified_gmt":"2026-03-17T14:51:31","slug":"evolution-de-la-composition-du-conseil-dadministration-de-capgemini-proposee-a-lassemblee-generale-2026","status":"publish","type":"press-release","link":"https:\/\/www.capgemini.com\/fr-fr\/actualites\/communiques-de-presse\/evolution-de-la-composition-du-conseil-dadministration-de-capgemini-proposee-a-lassemblee-generale-2026\/","title":{"rendered":"\u00c9volution de la composition du Conseil d\u2019Administration de Capgemini propos\u00e9e \u00e0 l\u2019Assembl\u00e9e G\u00e9n\u00e9rale 2026"},"content":{"rendered":"\t\t<div class=\"wp-block-cg-blocks-hero-press-release\">\n\t\t\t<header class=\"header-hero-press-release\" role=\"main\" id=\"main-content-press-release\">\n\t\t\t\t<div class=\"container\">\n\t\t\t\t\t<div class=\"hero-press-release\">\n\t\t\t\t\t\t<div class=\"hero-press-release-content-wrapper\">\n\t\t\t\t\t\t\t<div class=\"row\">\n\t\t\t\t\t\t\t\t<div class=\"col-12\">\n\t\t\t\t\t\t\t\t\t<div class=\"header-title\">\n\t\t\t\t\t\t\t\t\t\t<h1>\n\t\t\t\t\t\t\t\t\t\t\t\u00c9volution de la composition du Conseil d\u2019Administration de Capgemini propos\u00e9e \u00e0 l\u2019Assembl\u00e9e G\u00e9n\u00e9rale 2026\t\t\t\t\t\t\t\t\t\t<\/h1>\n\t\t\t\t\t\t\t\t\t<\/div>\n\t\t\t\t\t\t\t\t\t<div class=\"header-description\">\n\t\t\t\t\t\t\t\t\t\t<p><\/p>\n\t\t\t\t\t\t\t\t\t<\/div>\n\t\t\t\t\t\t\t\t\t\t\t\t\t\t\t\t\t\t<div class=\"header-date\">\n\t\t\t\t\t\t\t\t\t\t<span>mars 16, 2026<\/span>\n\t\t\t\t\t\t\t\t\t<\/div>\n\t\t\t\t\t\t\t\t<\/div>\n\t\t\t\t\t\t\t<\/div>\n\t\t\t\t\t\t<\/div>\n\t\t\t\t\t\t\t\t\t\t\t\t\t<div class=\"hero-press-release-downloads\">\n\t\t\t\t\t\t\t\t<div class=\"row\">\n\t\t\t\t\t\t\t\t\t\t\t\t\t\t\t\t\t\t\t<div class=\"col-12 col-md-6 col-lg-3\">\n\t\t\t\t\t\t\t\t\t\t\t<a class=\"download-item\" type=\"download\" href=\"https:\/\/www.capgemini.com\/fr-fr\/wp-content\/uploads\/sites\/6\/2026\/03\/03_16_26-Composition-du-Conseil-dadministration-vfinale-post-CA-clean.pdf\" target=\"_blank\" rel=\"noopener noreferrer\" title=\"Ouvrir dans une nouvelle fen\u00eatre\">\n\t\t\t\t\t\t\t\t\t\t\t\t<div class=\"download-icon\"><\/div>\n\t\t\t\t\t\t\t\t\t\t\t\t<div class=\"download-details\">\n\t\t\t\t\t\t\t\t\t\t\t\t\t<div class=\"download-title\">T\u00e9l\u00e9charger le communiqu\u00e9 de presse<\/div>\n\t\t\t\t\t\t\t\t\t\t\t\t\t<div class=\"download-props\">171 KB  pdf<\/div>\n\t\t\t\t\t\t\t\t\t\t\t\t<\/div>\n\t\t\t\t\t\t\t\t\t\t\t<\/a>\n\t\t\t\t\t\t\t\t\t\t<\/div>\n\t\t\t\t\t\t\t\t\t\t\t\t\t\t\t\t\t\t<\/div>\n\t\t\t\t\t\t\t<\/div>\n\t\t\t\t\t\t\t\t\t\t\t\t\t\t\t\t\t<\/div>\n\t\t\t\t<\/div>\n\t\t\t<\/header>\n\t\t<\/div>\n\t\t\n\n\n<section class=\"wp-block-cg-blocks-group undefined section section--article-content\"><div class=\"article-main-content\"><div class=\"container\"><div class=\"grid-container\"><div class=\"col-12 col-md-2\"><nav class=\"article-social\"><ul class=\"social-nav\"><li class=\"ip-order-fb\"><a href=\"https:\/\/www.facebook.com\/sharer\/sharer.php?=http:\/\/capgeminiucwe.develop\/?post_type=press-release&amp;p=179\" target=\"_blank\" rel=\"noopener noreferrer\" title=\"Ouvrir dans une nouvelle fen\u00eatre\"><i aria-hidden=\"true\" class=\"icon-fb\"><\/i><span class=\"sr-only\">Facebook<\/span><\/a><\/li><li class=\"ip-order-tw\"><a href=\"https:\/\/twitter.com\/intent\/tweet?=http:\/\/capgeminiucwe.develop\/?post_type=press-release&amp;p=179\" target=\"_blank\" rel=\"noopener noreferrer\" title=\"Ouvrir dans une nouvelle fen\u00eatre\"><i aria-hidden=\"true\" class=\"icon-tw\"><\/i><span class=\"sr-only\">Twitter<\/span><\/a><\/li><li class=\"ip-order-li\"><a href=\"https:\/\/www.linkedin.com\/shareArticle?=http:\/\/capgeminiucwe.develop\/?post_type=press-release&amp;p=179\" target=\"_blank\" rel=\"noopener noreferrer\" title=\"Ouvrir dans une nouvelle fen\u00eatre\"><i aria-hidden=\"true\" class=\"icon-li\"><\/i><span class=\"sr-only\">Linkedin<\/span><\/a><\/li><\/ul><\/nav><\/div><div><div class=\"article-text article-quote-text\">\n<p><strong>Paris, le 16 mars 2026 \u2013 Le Conseil d\u2019Administration de Capgemini SE, r\u00e9uni le 16 mars 2026, a d\u00e9lib\u00e9r\u00e9 sur l\u2019\u00e9volution de sa composition qui sera propos\u00e9e \u00e0 la prochaine Assembl\u00e9e G\u00e9n\u00e9rale du 20 mai 2026.<\/strong><\/p>\n\n\n\n<p>MM. Xavier Musca et Fr\u00e9d\u00e9ric Oud\u00e9a ayant fait part de leur souhait de ne pas \u00eatre candidats au renouvellement de leurs mandats<a href=\"#_ftn1\" id=\"_ftnref1\">[1]<\/a>, le Conseil d\u2019Administration les remercie chaleureusement pour leur contribution respective aux travaux du Conseil et de ses Comit\u00e9s, notamment en tant que Pr\u00e9sident du Comit\u00e9 d\u2019Audit et des Risques pour le premier cit\u00e9 et en tant qu\u2019Administrateur R\u00e9f\u00e9rent et Pr\u00e9sident du Comit\u00e9 Ethique et Gouvernance pour le second.<\/p>\n\n\n\n<p>Le Conseil d\u2019Administration, sur le rapport du Comit\u00e9 Ethique et Gouvernance, a d\u00e9cid\u00e9 de proposer \u00e0 l\u2019Assembl\u00e9e G\u00e9n\u00e9rale 2026 d\u2019une part le renouvellement du mandat d\u2019administrateur de M. Paul Hermelin et de M<sup>me<\/sup> Maria Ferraro, et d\u2019autre part les nominations de M<sup>me<\/sup> V\u00e9ronique Weill<a href=\"#_ftn2\" id=\"_ftnref2\">[2]<\/a> et de M. Luc R\u00e9mont en qualit\u00e9 de membres du Conseil d\u2019Administration, pour une dur\u00e9e de quatre ans. Cette proposition r\u00e9pond \u00e0 l\u2019ambition du Conseil de maintenir la diversit\u00e9 de ses profils et de ses expertises sectorielles, tout en renfor\u00e7ant la parit\u00e9 de genres au sein du Conseil.<\/p>\n\n\n\n<p>Le Conseil d\u2019Administration propose de maintenir, \u00e0 l\u2019issue de la prochaine Assembl\u00e9e G\u00e9n\u00e9rale, une gouvernance dissociant les fonctions de Pr\u00e9sident et de Directeur g\u00e9n\u00e9ral et de reconduire M. Paul Hermelin en qualit\u00e9 de Pr\u00e9sident du Conseil pour un dernier mandat, sous r\u00e9serve du renouvellement de son mandat d\u2019administrateur par l\u2019Assembl\u00e9e G\u00e9n\u00e9rale. Le Conseil d\u2019Administration consid\u00e8re que le renouvellement de M. Hermelin en tant que Pr\u00e9sident du Conseil permettra ainsi d\u2019articuler au mieux les successions \u00e0 venir du Pr\u00e9sident du Conseil et du Directeur g\u00e9n\u00e9ral au cours de la p\u00e9riode 2026-2030.<\/p>\n\n\n\n<p>Le Conseil d\u2019Administration a par ailleurs l\u2019intention de nommer M. Patrick Pouyann\u00e9 en tant qu\u2019Administrateur R\u00e9f\u00e9rent \u00e0 l\u2019issue de l\u2019Assembl\u00e9e G\u00e9n\u00e9rale. Dirigeant exp\u00e9riment\u00e9, M. Patrick Pouyann\u00e9 a une tr\u00e8s bonne connaissance de l\u2019entreprise \u00e9tant membre ind\u00e9pendant du Conseil depuis 9 ans et ayant particip\u00e9 au pr\u00e9c\u00e9dent process de succession du Directeur G\u00e9n\u00e9ral. Il est Pr\u00e9sident du Comit\u00e9 des R\u00e9mun\u00e9rations et membre du Comit\u00e9 Ethique et Gouvernance.&nbsp;<\/p>\n\n\n\n<p>M. R\u00e9mont apportera au Conseil son exp\u00e9rience en tant que dirigeant de groupes internationaux leaders dans les secteurs de l\u2019\u00e9nergie et de la transition \u00e9nerg\u00e9tique, o\u00f9 les technologies jouent un r\u00f4le cl\u00e9. Il apportera \u00e9galement son expertise financi\u00e8re ainsi que des fusions-acquisitions et sa connaissance du secteur de la finance.<\/p>\n\n\n\n<p>M<sup>me<\/sup> V\u00e9ronique Weill a exerc\u00e9 de nombreuses responsabilit\u00e9s dans les secteurs de l\u2019assurance et de la banque dans le cadre de postes de direction au sein d\u2019entreprises internationales. Elle apportera au Conseil son expertise financi\u00e8re, sa solide exp\u00e9rience en mati\u00e8re de gouvernance d\u2019entreprise et de sujets RSE, ainsi que sa connaissance dans le domaine des nouvelles technologies et du digital appliqu\u00e9 au secteur des services financiers.<\/p>\n\n\n\n<p>Le Conseil d\u2019Administration consid\u00e8re M. Luc R\u00e9mont et M<sup>me<\/sup> V\u00e9ronique Weill comme ind\u00e9pendants au regard des crit\u00e8res du Code AFEP-MEDEF auquel la Soci\u00e9t\u00e9 se r\u00e9f\u00e8re.<\/p>\n\n\n\n<p>La cooptation de M<sup>me<\/sup> Lila Tretikov, d\u00e9cid\u00e9e par le Conseil d\u2019Administration le 5 janvier 2026 en remplacement de M<sup>me<\/sup> Megan Clarken, sera par ailleurs soumise pour ratification \u00e0 la prochaine Assembl\u00e9e G\u00e9n\u00e9rale<a id=\"_ftnref3\" href=\"#_ftn3\">[3]<\/a>.<\/p>\n\n\n\n<p>Mme Lila Tretikov apportera au Conseil ses comp\u00e9tences technologiques et son expertise reconnue en mati\u00e8re d\u2019IA et de transformation des entreprises par la technologie.<\/p>\n\n\n\n<p>Dans l\u2019hypoth\u00e8se de l\u2019approbation de ces r\u00e9solutions par l\u2019Assembl\u00e9e G\u00e9n\u00e9rale du 20 mai 2026, la composition du Conseil d\u2019Administration resterait stable avec 15 administrateurs, dont deux administrateurs repr\u00e9sentant les salari\u00e9s et un administrateur repr\u00e9sentant les salari\u00e9s actionnaires. Il compterait parmi ses membres 83 % d\u2019administrateurs ind\u00e9pendants<sup>4<\/sup>, 40 % d\u2019administrateurs ayant des profils internationaux et 50 % de femmes<a href=\"#_ftn4\" id=\"_ftnref4\">[4]<\/a>.<\/p>\n\n\n\n<p>Il est pr\u00e9cis\u00e9 que les dispositions de l\u2019ordonnance n\u00b0 2024-934 portant transposition de la directive \u00ab&nbsp;<em>Women on Boards<\/em>&nbsp;\u00bb en droit fran\u00e7ais publi\u00e9e le 15 octobre 2024 ne seront applicables \u00e0 Capgemini SE qu&#8217;\u00e0 compter du 1<sup>er<\/sup> janvier 2027. N\u00e9anmoins, la Soci\u00e9t\u00e9 se conformera d\u00e9j\u00e0 \u00e0 ses dispositions \u00e0 l\u2019issue de l\u2019Assembl\u00e9e G\u00e9n\u00e9rale du 20 mai 2026, sous r\u00e9serve de l\u2019approbation des r\u00e9solutions ci-dessus mentionn\u00e9es. Le taux de f\u00e9minisation calcul\u00e9 selon les nouvelles r\u00e8gles applicables, c&#8217;est \u00e0 dire en incluant l&#8217;administrateur repr\u00e9sentant les salari\u00e9s actionnaires, serait de 46 %.<\/p>\n\n\n\n<p><strong>BIOGRAPHIES<\/strong><\/p>\n\n\n\n<p><strong>M. Luc R\u00e9mont<\/strong><\/p>\n\n\n\n<p>De nationalit\u00e9 fran\u00e7aise, M. R\u00e9mont est dipl\u00f4m\u00e9 de l\u2019Ecole polytechnique, et de l\u2019Ecole nationale sup\u00e9rieure des techniques avanc\u00e9es (ENSTA Paris).<\/p>\n\n\n\n<p>M. R\u00e9mont a d\u00e9but\u00e9 sa carri\u00e8re en 1993 comme Ing\u00e9nieur \u00e0 la Direction G\u00e9n\u00e9rale de l\u2019Armement (DGA). De&nbsp;1996 \u00e0&nbsp;2007, il a occup\u00e9 diff\u00e9rents postes au minist\u00e8re de l\u2019Economie, des Finances et de l\u2019Industrie. Tout d\u2019abord \u00e0 la Direction du Tr\u00e9sor, il \u00e9tait charg\u00e9 des relations avec la Banque europ\u00e9enne pour la reconstruction et le d\u00e9veloppement (BERD) et la Banque mondiale, puis des participations de l\u2019Etat fran\u00e7ais dans les soci\u00e9t\u00e9s du secteur des transports. Il est ensuite devenu conseiller technique charg\u00e9 des participations, puis Directeur Adjoint au sein du cabinet des ministres des finances de&nbsp;2002 \u00e0&nbsp;2007.<\/p>\n\n\n\n<p>En&nbsp;2007, il rejoint la banque Merrill Lynch et devient en&nbsp;2009, Directeur g\u00e9n\u00e9ral de la banque de financement et d\u2019investissement Bank of America Merrill Lynch en France. Il rejoint ensuite le groupe Schneider Electric en avril&nbsp;2014, et devient Pr\u00e9sident de Schneider Electric France, puis est Directeur g\u00e9n\u00e9ral des Op\u00e9rations internationales de Schneider Electric en charge de l\u2019Am\u00e9rique du Sud, de l\u2019Afrique et du Moyen-Orient, de l\u2019Inde, de l\u2019Asie de l\u2019Est et du Pacifique d\u2019avril&nbsp;2017 \u00e0 novembre 2022.<\/p>\n\n\n\n<p>M. Luc R\u00e9mont \u00e9tait Pr\u00e9sident-directeur g\u00e9n\u00e9ral d\u2019EDF de novembre 2022 \u00e0 mai 2025.<\/p>\n\n\n\n<p>Depuis janvier 2026, il est Pr\u00e9sident du Conseil d&#8217;administration de&nbsp;Waga&nbsp;Energy. Il est \u00e9galement administrateur du Groupe R\u00e9el depuis d\u00e9cembre 2025 et censeur au sein du Conseil d\u2019Administration de Technip Energies depuis f\u00e9vrier 2026. Par ailleurs, il \u00e9tait membre du Conseil d\u2019administration de Naval Group de&nbsp;2014 \u00e0&nbsp;2020 et administrateur de Worldline de 2014 \u00e0 2023.<\/p>\n\n\n\n<p><strong>Mme Lila Tretikov<\/strong><\/p>\n\n\n\n<p>De nationalit\u00e9 franco-am\u00e9ricaine, Mme Lila Tretikov est une experte reconnue en intelligence artificielle et en transformation d\u2019entreprises ax\u00e9e sur l\u2019innovation. Depuis 2024, elle est associ\u00e9e et responsable de la strat\u00e9gie IA au sein de New Enterprise Associates Inc., un fonds de capital-risque international bas\u00e9 dans la Silicon Valley.<\/p>\n\n\n\n<p>Mme Lila Tretikov a fait des \u00e9tudes en informatique (sp\u00e9cialisation en IA) et en arts plastiques \u00e0 l\u2019Universit\u00e9 de Californie, Berkeley.<\/p>\n\n\n\n<p>Avant de rejoindre New Enterprise Associates Inc., Mme Tretikov a travaill\u00e9 chez Microsoft Corporation \u00e0 compter de 2018. Elle y a notamment occup\u00e9 le poste <em>de Corporate Vice-President<\/em> &amp; Directrice adjointe de la technologie d\u2019avril 2020 \u00e0 janvier 2024, pilotant la transformation \u00e0 grande \u00e9chelle de l\u2019entreprise vers l&#8217;IA.<\/p>\n\n\n\n<p>Auparavant, Mme Tretikov a \u00e9t\u00e9 <em>Senior<\/em> Vice-Pr\u00e9sidente chez Engie SA, une entreprise \u00e9nerg\u00e9tique internationale, ainsi que Directrice g\u00e9n\u00e9rale et Vice-Pr\u00e9sidente de l\u2019Initiative Terrawatt, une organisation \u00e0 but non lucratif lanc\u00e9e par Engie, Total, IBM et d\u2019autres multinationales pour acc\u00e9l\u00e9rer la d\u00e9carbonation des industries mondiales. Elle a \u00e9galement \u00e9t\u00e9 Directrice g\u00e9n\u00e9rale et Administratrice ex\u00e9cutive de la Wikimedia Foundation et de Wikipedia Endowment qui soutiennent Wikip\u00e9dia.<\/p>\n\n\n\n<p>Elle est membre du Conseil d\u2019Administration d\u2019UBS Group AG, de Volvo Car Corporation, et de Xylem Inc.<\/p>\n\n\n\n<p><strong>Mme Veronique Weill<\/strong><\/p>\n\n\n\n<p>De nationalit\u00e9 fran\u00e7aise, M<sup>me<\/sup> Weill a exerc\u00e9 de nombreuses responsabilit\u00e9s dans le secteur des services financiers avec un parcours de plus de 20 ans en banque d\u2019affaires aux \u00c9tats-Unis, au Royaume-Uni et en France, puis chez AXA pendant 10 ans, ainsi que dans le domaine des nouvelles technologies et du digital.<\/p>\n\n\n\n<p>Dipl\u00f4m\u00e9e de l\u2019Institut d\u2019Etudes Politiques (IEP) de Paris et titulaire d\u2019une Licence de Lettres de la Sorbonne, M<sup>me<\/sup> Weill a d\u00e9marr\u00e9 sa carri\u00e8re chez Arthur Andersen Audit \u00e0 Paris. De 1985 \u00e0 2006, elle a occup\u00e9 diff\u00e9rents postes \u00e0 responsabilit\u00e9s au sein de JP Morgan \u00e0 Paris, Londres et New York en qualit\u00e9 notamment de Responsable Europe, puis Monde des Op\u00e9rations et de la Technologie pour la gestion d\u2019actifs et la client\u00e8le priv\u00e9e, puis de Responsable Monde des Op\u00e9rations pour la banque d\u2019investissement et des Services Partag\u00e9s.<\/p>\n\n\n\n<p>De retour en France en 2006, M<sup>me<\/sup> Weill rejoint le groupe AXA comme Directrice G\u00e9n\u00e9rale d\u2019AXA Business Services et Directrice de l\u2019Excellence Op\u00e9rationnelle ; elle devient membre du Comit\u00e9 Ex\u00e9cutif en 2010 en tant que <em>Chief Operating Officer<\/em>, puis Group <em>Chief Customer<\/em> <em>Officer<\/em> en charge des clients, de la marque et du Digital du groupe AXA. Elle est \u00e9galement Pr\u00e9sidente du Conseil d\u2019Administration de diverses filiales en France, en Espagne et en Italie. Elle a si\u00e9g\u00e9 par ailleurs au Conseil Scientifique du Fonds AXA pour la Recherche.<\/p>\n\n\n\n<p>En ao\u00fbt 2017, M<sup>me<\/sup> Weill rejoint Publicis Groupe en tant que <em>General Manager<\/em>, en charge des fusions et acquisitions, des Op\u00e9rations, de l\u2019Informatique et de l\u2019Immobilier, et membre du <em>Management Committee<\/em> groupe.<\/p>\n\n\n\n<p>Depuis juillet 2020, M<sup>me<\/sup> V\u00e9ronique Weill est Pr\u00e9sidente du Conseil d\u2019Administration de CNP Assurances.<\/p>\n\n\n\n<p>M<sup>me<\/sup> Weill est actuellement Administratrice R\u00e9f\u00e9rente de Kering, administrateur de Valeo et de la Fondation Gustave Roussy, et membre du Conseil de Surveillance de Rothschild &amp; Co.<\/p>\n\n\n\n<hr class=\"wp-block-separator has-alpha-channel-opacity\"\/>\n\n\n\n<p><a href=\"#_ftnref1\" id=\"_ftn1\">[1]<\/a> En raison de la perte de sa qualit\u00e9 d\u2019administrateur ind\u00e9pendant pour M. Musca (dur\u00e9e du mandat sup\u00e9rieure \u00e0 12 ans \u00e0 l\u2019issue de l\u2019Assembl\u00e9e G\u00e9n\u00e9rale du 20 mai 2026) et pour des raisons personnelles concernant M. Oud\u00e9a.<\/p>\n\n\n\n<p><a href=\"#_ftnref2\" id=\"_ftn2\">[2]<\/a> Sous la r\u00e9serve de la confirmation r\u00e8glementaire de la possibilit\u00e9 pour cette derni\u00e8re d\u2019accepter ce mandat.<\/p>\n\n\n\n<p><a href=\"#_ftnref3\" id=\"_ftn3\">[3]<\/a> M<sup>me<\/sup> Lila Tretikov exercera son mandat pour la dur\u00e9e restant \u00e0 courir de son pr\u00e9d\u00e9cesseur, soit jusqu\u2019\u00e0 l&#8217;Assembl\u00e9e G\u00e9n\u00e9rale de 2027 appel\u00e9e \u00e0 statuer sur les comptes de l\u2019exercice clos le 31 d\u00e9cembre 2026.<\/p>\n\n\n\n<p><a href=\"#_ftnref4\" id=\"_ftn4\">[4]<\/a> Les administrateurs repr\u00e9sentant les salari\u00e9s et les salari\u00e9s actionnaires ne sont pas pris en compte pour le calcul de ce pourcentage, conform\u00e9ment aux dispositions du Code AFEP-MEDEF et du Code de commerce.<\/p>\n<\/div><\/div><\/div><\/div><\/div><\/section>\n\n\n<div class=\"wp-block-cg-blocks-cg-block-related-content\"><section class=\"relatedContentBlock\"><div class=\"container\"><div class=\"row\"><div class=\"content-title col-12 col-md-8\"><h2 class=\"related-content-heading\">Autres publications<\/h2><\/div><\/div><div class=\"row relatedContent\"><div class=\"col-lg-4 col-md-6 col-xs-12\">\n\t\t\t\t\t\t\t<div class=\"box\">\n\t\t\t\t\t\t\t\t<a aria-label=\"Lire la suite Capgemini va acqu\u00e9rir Piterion, leader ind\u00e9pendant en PLM et en digitalisation des op\u00e9rations industrielles\" href=\"https:\/\/www.capgemini.com\/fr-fr\/actualites\/communiques-de-presse\/capgemini-va-acquerir-piterion-leader-independant-en-plm-et-en-digitalisation-des-operations-industrielles\/\" class=\"anchorWrapper\">\n\t\t\t\t\t\t\t\t\t<span class=\"box-tag\"><span>Actualit\u00e9s du Groupe<\/span><\/span>\n\t\t\t\t\t\t\t\t\t<div class=\"box-title\"><h3 class=\"box-subtitle\">Capgemini va acqu\u00e9rir Piterion, leader ind\u00e9pendant en PLM et en digitalisation des op\u00e9rations industrielles<\/h3><\/div>\n\t\t\t\t\t\t\t\t\t<div class=\"box-date\">\n\t\t\t\t\t\t\t\t\t\t<span>Mar 9, 2026<\/span>\n\t\t\t\t\t\t\t\t\t<\/div>\n\t\t\t\t\t\t\t\t\t<div class=\"box-bottom\">\n\t\t\t\t\t\t\t\t\t\t&lt;a class=&quot;link-download&quot; href=&quot;https:\/\/www.capgemini.com\/fr-fr\/wp-content\/uploads\/sites\/6\/2026\/03\/03_09_Capgemini_Piterion_FR.pdf&quot; aria-label=&quot;T\u00e9l\u00e9charger le communiqu\u00e9 de presse&quot; target=&quot;_blank&quot;  type=&quot;download&quot; title=&quot;Opens in a new window&quot;&gt;\n\t\t\t\t\t\t\t&lt;span&gt;T\u00e9l\u00e9charger le communiqu\u00e9 de presse&lt;\/span&gt;\n\t\t\t\t\t\t\t&lt;span&gt;147 KB PDF&lt;\/span&gt;\n\t\t\t\t\t\t&lt;\/a&gt;\n\t\t\t\t\t\t\t\t\t\t<a class=\"more\" aria-label=\"Lire la suite Capgemini va acqu\u00e9rir Piterion, leader ind\u00e9pendant en PLM et en digitalisation des op\u00e9rations industrielles\" href=\"https:\/\/www.capgemini.com\/fr-fr\/actualites\/communiques-de-presse\/capgemini-va-acquerir-piterion-leader-independant-en-plm-et-en-digitalisation-des-operations-industrielles\/\">Lire la suite<\/a>\n\t\t\t\t\t\t\t\t\t<\/div>\n\t\t\t\t\t\t\t\t<\/a>\n\t\t\t\t\t\t\t<\/div>\n\t\t\t\t\t\t<\/div><div class=\"col-lg-4 col-md-6 col-xs-12\">\n\t\t\t\t\t\t\t<div class=\"box\">\n\t\t\t\t\t\t\t\t<a aria-label=\"Lire la suite Capgemini va mettre en vente sa filiale Capgemini Government Solutions\" href=\"https:\/\/www.capgemini.com\/fr-fr\/actualites\/communiques-de-presse\/capgemini-va-mettre-en-vente-sa-filiale-capgemini-government-solutions\/\" class=\"anchorWrapper\">\n\t\t\t\t\t\t\t\t\t<span class=\"box-tag\"><span>Actualit\u00e9s du Groupe<\/span><\/span>\n\t\t\t\t\t\t\t\t\t<div class=\"box-title\"><h3 class=\"box-subtitle\">Capgemini va mettre en vente sa filiale Capgemini Government Solutions<\/h3><\/div>\n\t\t\t\t\t\t\t\t\t<div class=\"box-date\">\n\t\t\t\t\t\t\t\t\t\t<span>Feb 1, 2026<\/span>\n\t\t\t\t\t\t\t\t\t<\/div>\n\t\t\t\t\t\t\t\t\t<div class=\"box-bottom\">\n\t\t\t\t\t\t\t\t\t\t\n\t\t\t\t\t\t\t\t\t\t<a class=\"more\" aria-label=\"Lire la suite Capgemini va mettre en vente sa filiale Capgemini Government Solutions\" href=\"https:\/\/www.capgemini.com\/fr-fr\/actualites\/communiques-de-presse\/capgemini-va-mettre-en-vente-sa-filiale-capgemini-government-solutions\/\">Lire la suite<\/a>\n\t\t\t\t\t\t\t\t\t<\/div>\n\t\t\t\t\t\t\t\t<\/a>\n\t\t\t\t\t\t\t<\/div>\n\t\t\t\t\t\t<\/div><div class=\"col-lg-4 col-md-6 col-xs-12\">\n\t\t\t\t\t\t\t<div class=\"box\">\n\t\t\t\t\t\t\t\t<a aria-label=\"Lire la suite Evolution de la composition du Conseil d\u2019Administration\" href=\"https:\/\/www.capgemini.com\/fr-fr\/actualites\/communiques-de-presse\/evolution-de-la-composition-du-conseil-dadministration-2\/\" class=\"anchorWrapper\">\n\t\t\t\t\t\t\t\t\t<span class=\"box-tag\"><span>Actualit\u00e9s du Groupe<\/span><\/span>\n\t\t\t\t\t\t\t\t\t<div class=\"box-title\"><h3 class=\"box-subtitle\">Evolution de la composition du Conseil d\u2019Administration<\/h3><\/div>\n\t\t\t\t\t\t\t\t\t<div class=\"box-date\">\n\t\t\t\t\t\t\t\t\t\t<span>Jan 5, 2026<\/span>\n\t\t\t\t\t\t\t\t\t<\/div>\n\t\t\t\t\t\t\t\t\t<div class=\"box-bottom\">\n\t\t\t\t\t\t\t\t\t\t&lt;a class=&quot;link-download&quot; href=&quot;https:\/\/www.capgemini.com\/fr-fr\/wp-content\/uploads\/sites\/6\/2026\/01\/01_05-Evolution_de_la_composition_du_Conseil_d_Administration.pdf&quot; aria-label=&quot;T\u00e9l\u00e9charger le communiqu\u00e9 de presse&quot; target=&quot;_blank&quot;  type=&quot;download&quot; title=&quot;Opens in a new window&quot;&gt;\n\t\t\t\t\t\t\t&lt;span&gt;T\u00e9l\u00e9charger le communiqu\u00e9 de presse&lt;\/span&gt;\n\t\t\t\t\t\t\t&lt;span&gt;111 KB PDF&lt;\/span&gt;\n\t\t\t\t\t\t&lt;\/a&gt;\n\t\t\t\t\t\t\t\t\t\t<a class=\"more\" aria-label=\"Lire la suite Evolution de la composition du Conseil d\u2019Administration\" href=\"https:\/\/www.capgemini.com\/fr-fr\/actualites\/communiques-de-presse\/evolution-de-la-composition-du-conseil-dadministration-2\/\">Lire la suite<\/a>\n\t\t\t\t\t\t\t\t\t<\/div>\n\t\t\t\t\t\t\t\t<\/a>\n\t\t\t\t\t\t\t<\/div>\n\t\t\t\t\t\t<\/div><\/div><\/div><\/section><\/div>","protected":false},"excerpt":{"rendered":"","protected":false},"author":701,"featured_media":0,"template":"","meta":{"cg_dt_proposed_to":[],"cg_seo_hreflang_relations":"[]","cg_seo_canonical_relation":"","cg_seo_hreflang_x_default_relation":"","cg_dt_approved_content":true,"cg_dt_mandatory_content":true,"cg_dt_notes":"","cg_dg_source_changed":false,"cg_dt_link_disabled":true,"footnotes":"","related_resource_url":"https:\/\/www.capgemini.com\/fr-fr\/wp-content\/uploads\/sites\/6\/2026\/03\/03_16_26-Composition-du-Conseil-dadministration-vfinale-post-CA-clean.pdf","related_resource_id":804904,"related_resource_size":"171 KB","related_resource_type":"pdf","cg_author":0,"featured_focal_points":""},"tags":[],"press-release-type":[39],"brand":[],"class_list":["post-804903","press-release","type-press-release","status-publish","hentry","press-release-type-actualites-groupe"],"yoast_head":"<!-- This site is optimized with the Yoast SEO Premium plugin v22.8 (Yoast SEO v22.8) - https:\/\/yoast.com\/wordpress\/plugins\/seo\/ -->\n<title>\u00c9volution de la composition du Conseil d\u2019Administration de Capgemini propos\u00e9e \u00e0 l\u2019Assembl\u00e9e G\u00e9n\u00e9rale 2026 - Capgemini France<\/title>\n<meta name=\"robots\" content=\"index, follow, max-snippet:-1, max-image-preview:large, max-video-preview:-1\" \/>\n<link rel=\"canonical\" href=\"https:\/\/www.capgemini.com\/fr-fr\/actualites\/communiques-de-presse\/evolution-de-la-composition-du-conseil-dadministration-de-capgemini-proposee-a-lassemblee-generale-2026\/\" \/>\n<meta property=\"og:locale\" content=\"fr_FR\" \/>\n<meta property=\"og:type\" content=\"article\" \/>\n<meta property=\"og:title\" content=\"\u00c9volution de la composition du Conseil d\u2019Administration de Capgemini propos\u00e9e \u00e0 l\u2019Assembl\u00e9e G\u00e9n\u00e9rale 2026\" \/>\n<meta property=\"og:url\" content=\"https:\/\/www.capgemini.com\/fr-fr\/actualites\/communiques-de-presse\/evolution-de-la-composition-du-conseil-dadministration-de-capgemini-proposee-a-lassemblee-generale-2026\/\" \/>\n<meta property=\"og:site_name\" content=\"Capgemini France\" \/>\n<meta property=\"article:modified_time\" content=\"2026-03-17T14:51:31+00:00\" \/>\n<meta property=\"og:image\" content=\"https:\/\/www.capgemini.com\/fr-fr\/wp-content\/uploads\/sites\/6\/2025\/10\/image-1.jpg\" \/>\n\t<meta property=\"og:image:width\" content=\"1200\" \/>\n\t<meta property=\"og:image:height\" content=\"627\" \/>\n\t<meta property=\"og:image:type\" content=\"image\/jpeg\" \/>\n<meta name=\"twitter:card\" content=\"summary_large_image\" \/>\n<meta name=\"twitter:label1\" content=\"Est. reading time\" \/>\n\t<meta name=\"twitter:data1\" content=\"9 minutes\" \/>\n<script type=\"application\/ld+json\" class=\"yoast-schema-graph\">{\"@context\":\"https:\/\/schema.org\",\"@graph\":[{\"@type\":\"WebPage\",\"@id\":\"https:\/\/www.capgemini.com\/fr-fr\/actualites\/communiques-de-presse\/evolution-de-la-composition-du-conseil-dadministration-de-capgemini-proposee-a-lassemblee-generale-2026\/\",\"url\":\"https:\/\/www.capgemini.com\/fr-fr\/actualites\/communiques-de-presse\/evolution-de-la-composition-du-conseil-dadministration-de-capgemini-proposee-a-lassemblee-generale-2026\/\",\"name\":\"\u00c9volution de la composition du Conseil d\u2019Administration de Capgemini propos\u00e9e \u00e0 l\u2019Assembl\u00e9e G\u00e9n\u00e9rale 2026 - Capgemini France\",\"isPartOf\":{\"@id\":\"https:\/\/www.capgemini.com\/fr-fr\/#website\"},\"datePublished\":\"2026-03-16T16:45:00+00:00\",\"dateModified\":\"2026-03-17T14:51:31+00:00\",\"breadcrumb\":{\"@id\":\"https:\/\/www.capgemini.com\/fr-fr\/actualites\/communiques-de-presse\/evolution-de-la-composition-du-conseil-dadministration-de-capgemini-proposee-a-lassemblee-generale-2026\/#breadcrumb\"},\"inLanguage\":\"fr-FR\",\"potentialAction\":[{\"@type\":\"ReadAction\",\"target\":[\"https:\/\/www.capgemini.com\/fr-fr\/actualites\/communiques-de-presse\/evolution-de-la-composition-du-conseil-dadministration-de-capgemini-proposee-a-lassemblee-generale-2026\/\"]}]},{\"@type\":\"BreadcrumbList\",\"@id\":\"https:\/\/www.capgemini.com\/fr-fr\/actualites\/communiques-de-presse\/evolution-de-la-composition-du-conseil-dadministration-de-capgemini-proposee-a-lassemblee-generale-2026\/#breadcrumb\",\"itemListElement\":[{\"@type\":\"ListItem\",\"position\":1,\"name\":\"Press Releases\",\"item\":\"https:\/\/www.capgemini.com\/fr-fr\/news\/\"},{\"@type\":\"ListItem\",\"position\":2,\"name\":\"\u00c9volution de la composition du Conseil d\u2019Administration de Capgemini propos\u00e9e \u00e0 l\u2019Assembl\u00e9e G\u00e9n\u00e9rale 2026\"}]},{\"@type\":\"WebSite\",\"@id\":\"https:\/\/www.capgemini.com\/fr-fr\/#website\",\"url\":\"https:\/\/www.capgemini.com\/fr-fr\/\",\"name\":\"Capgemini France\",\"description\":\"Just another www.capgemini.com site\",\"publisher\":{\"@id\":\"https:\/\/www.capgemini.com\/fr-fr\/#organization\"},\"potentialAction\":[{\"@type\":\"SearchAction\",\"target\":{\"@type\":\"EntryPoint\",\"urlTemplate\":\"https:\/\/www.capgemini.com\/fr-fr\/?s={search_term_string}\"},\"query-input\":\"required name=search_term_string\"}],\"inLanguage\":\"fr-FR\"},{\"@type\":\"Organization\",\"@id\":\"https:\/\/www.capgemini.com\/fr-fr\/#organization\",\"name\":\"Capgemini France\",\"url\":\"https:\/\/www.capgemini.com\/fr-fr\/\",\"logo\":{\"@type\":\"ImageObject\",\"inLanguage\":\"fr-FR\",\"@id\":\"https:\/\/www.capgemini.com\/fr-fr\/#\/schema\/logo\/image\/\",\"url\":\"https:\/\/www.capgemini.com\/fr-fr\/wp-content\/uploads\/sites\/6\/2022\/08\/Logo-Capgemini.png\",\"contentUrl\":\"https:\/\/www.capgemini.com\/fr-fr\/wp-content\/uploads\/sites\/6\/2022\/08\/Logo-Capgemini.png\",\"width\":202,\"height\":60,\"caption\":\"Capgemini France\"},\"image\":{\"@id\":\"https:\/\/www.capgemini.com\/fr-fr\/#\/schema\/logo\/image\/\"}}]}<\/script>\n<!-- \/ Yoast SEO Premium plugin. -->","yoast_head_json":{"title":"\u00c9volution de la composition du Conseil d\u2019Administration de Capgemini propos\u00e9e \u00e0 l\u2019Assembl\u00e9e G\u00e9n\u00e9rale 2026 - Capgemini France","robots":{"index":"index","follow":"follow","max-snippet":"max-snippet:-1","max-image-preview":"max-image-preview:large","max-video-preview":"max-video-preview:-1"},"canonical":"https:\/\/www.capgemini.com\/fr-fr\/actualites\/communiques-de-presse\/evolution-de-la-composition-du-conseil-dadministration-de-capgemini-proposee-a-lassemblee-generale-2026\/","og_locale":"fr_FR","og_type":"article","og_title":"\u00c9volution de la composition du Conseil d\u2019Administration de Capgemini propos\u00e9e \u00e0 l\u2019Assembl\u00e9e G\u00e9n\u00e9rale 2026","og_url":"https:\/\/www.capgemini.com\/fr-fr\/actualites\/communiques-de-presse\/evolution-de-la-composition-du-conseil-dadministration-de-capgemini-proposee-a-lassemblee-generale-2026\/","og_site_name":"Capgemini France","article_modified_time":"2026-03-17T14:51:31+00:00","og_image":[{"width":1200,"height":627,"url":"https:\/\/www.capgemini.com\/fr-fr\/wp-content\/uploads\/sites\/6\/2025\/10\/image-1.jpg","type":"image\/jpeg"}],"twitter_card":"summary_large_image","twitter_misc":{"Est. reading time":"9 minutes"},"schema":{"@context":"https:\/\/schema.org","@graph":[{"@type":"WebPage","@id":"https:\/\/www.capgemini.com\/fr-fr\/actualites\/communiques-de-presse\/evolution-de-la-composition-du-conseil-dadministration-de-capgemini-proposee-a-lassemblee-generale-2026\/","url":"https:\/\/www.capgemini.com\/fr-fr\/actualites\/communiques-de-presse\/evolution-de-la-composition-du-conseil-dadministration-de-capgemini-proposee-a-lassemblee-generale-2026\/","name":"\u00c9volution de la composition du Conseil d\u2019Administration de Capgemini propos\u00e9e \u00e0 l\u2019Assembl\u00e9e G\u00e9n\u00e9rale 2026 - Capgemini France","isPartOf":{"@id":"https:\/\/www.capgemini.com\/fr-fr\/#website"},"datePublished":"2026-03-16T16:45:00+00:00","dateModified":"2026-03-17T14:51:31+00:00","breadcrumb":{"@id":"https:\/\/www.capgemini.com\/fr-fr\/actualites\/communiques-de-presse\/evolution-de-la-composition-du-conseil-dadministration-de-capgemini-proposee-a-lassemblee-generale-2026\/#breadcrumb"},"inLanguage":"fr-FR","potentialAction":[{"@type":"ReadAction","target":["https:\/\/www.capgemini.com\/fr-fr\/actualites\/communiques-de-presse\/evolution-de-la-composition-du-conseil-dadministration-de-capgemini-proposee-a-lassemblee-generale-2026\/"]}]},{"@type":"BreadcrumbList","@id":"https:\/\/www.capgemini.com\/fr-fr\/actualites\/communiques-de-presse\/evolution-de-la-composition-du-conseil-dadministration-de-capgemini-proposee-a-lassemblee-generale-2026\/#breadcrumb","itemListElement":[{"@type":"ListItem","position":1,"name":"Press Releases","item":"https:\/\/www.capgemini.com\/fr-fr\/news\/"},{"@type":"ListItem","position":2,"name":"\u00c9volution de la composition du Conseil d\u2019Administration de Capgemini propos\u00e9e \u00e0 l\u2019Assembl\u00e9e G\u00e9n\u00e9rale 2026"}]},{"@type":"WebSite","@id":"https:\/\/www.capgemini.com\/fr-fr\/#website","url":"https:\/\/www.capgemini.com\/fr-fr\/","name":"Capgemini France","description":"Just another www.capgemini.com site","publisher":{"@id":"https:\/\/www.capgemini.com\/fr-fr\/#organization"},"potentialAction":[{"@type":"SearchAction","target":{"@type":"EntryPoint","urlTemplate":"https:\/\/www.capgemini.com\/fr-fr\/?s={search_term_string}"},"query-input":"required name=search_term_string"}],"inLanguage":"fr-FR"},{"@type":"Organization","@id":"https:\/\/www.capgemini.com\/fr-fr\/#organization","name":"Capgemini France","url":"https:\/\/www.capgemini.com\/fr-fr\/","logo":{"@type":"ImageObject","inLanguage":"fr-FR","@id":"https:\/\/www.capgemini.com\/fr-fr\/#\/schema\/logo\/image\/","url":"https:\/\/www.capgemini.com\/fr-fr\/wp-content\/uploads\/sites\/6\/2022\/08\/Logo-Capgemini.png","contentUrl":"https:\/\/www.capgemini.com\/fr-fr\/wp-content\/uploads\/sites\/6\/2022\/08\/Logo-Capgemini.png","width":202,"height":60,"caption":"Capgemini France"},"image":{"@id":"https:\/\/www.capgemini.com\/fr-fr\/#\/schema\/logo\/image\/"}}]}},"parsely":{"version":"1.1.0","canonical_url":"https:\/\/capgemini.com\/fr-fr\/actualites\/communiques-de-presse\/evolution-de-la-composition-du-conseil-dadministration-de-capgemini-proposee-a-lassemblee-generale-2026\/","smart_links":{"inbound":0,"outbound":0},"traffic_boost_suggestions_count":0,"meta":{"@context":"https:\/\/schema.org","@type":"NewsArticle","headline":"\u00c9volution de la composition du Conseil d\u2019Administration de Capgemini propos\u00e9e \u00e0 l\u2019Assembl\u00e9e G\u00e9n\u00e9rale 2026","url":"https:\/\/www.capgemini.com\/fr-fr\/actualites\/communiques-de-presse\/evolution-de-la-composition-du-conseil-dadministration-de-capgemini-proposee-a-lassemblee-generale-2026\/","mainEntityOfPage":{"@type":"WebPage","@id":"https:\/\/www.capgemini.com\/fr-fr\/actualites\/communiques-de-presse\/evolution-de-la-composition-du-conseil-dadministration-de-capgemini-proposee-a-lassemblee-generale-2026\/"},"thumbnailUrl":"","image":{"@type":"ImageObject","url":""},"articleSection":"Uncategorized","author":[],"creator":[],"publisher":{"@type":"Organization","name":"Capgemini France","logo":""},"keywords":[],"dateCreated":"2026-03-16T16:45:00Z","datePublished":"2026-03-16T16:45:00Z","dateModified":"2026-03-17T14:51:31Z"},"rendered":"<meta name=\"parsely-title\" content=\"\u00c9volution de la composition du Conseil d\u2019Administration de Capgemini propos\u00e9e \u00e0 l\u2019Assembl\u00e9e G\u00e9n\u00e9rale 2026\" \/>\n<meta name=\"parsely-link\" content=\"https:\/\/www.capgemini.com\/fr-fr\/actualites\/communiques-de-presse\/evolution-de-la-composition-du-conseil-dadministration-de-capgemini-proposee-a-lassemblee-generale-2026\/\" \/>\n<meta name=\"parsely-type\" content=\"post\" \/>\n<meta name=\"parsely-pub-date\" content=\"2026-03-16T16:45:00Z\" \/>\n<meta name=\"parsely-section\" content=\"Uncategorized\" \/>","tracker_url":"https:\/\/cdn.parsely.com\/keys\/capgemini.com\/p.js"},"archive_status":false,"featured_image_src":"https:\/\/www.capgemini.com\/fr-fr\/wp-content\/themes\/capgemini2025\/assets\/images\/mockup.png","featured_image_alt":false,"jetpack_sharing_enabled":true,"distributor_meta":false,"distributor_terms":false,"distributor_media":false,"distributor_original_site_name":"Capgemini France","distributor_original_site_url":"https:\/\/www.capgemini.com\/fr-fr","push-errors":false,"tag_names":[],"_links":{"self":[{"href":"https:\/\/www.capgemini.com\/fr-fr\/wp-json\/wp\/v2\/press-release\/804903","targetHints":{"allow":["GET"]}}],"collection":[{"href":"https:\/\/www.capgemini.com\/fr-fr\/wp-json\/wp\/v2\/press-release"}],"about":[{"href":"https:\/\/www.capgemini.com\/fr-fr\/wp-json\/wp\/v2\/types\/press-release"}],"author":[{"embeddable":true,"href":"https:\/\/www.capgemini.com\/fr-fr\/wp-json\/wp\/v2\/users\/701"}],"version-history":[{"count":3,"href":"https:\/\/www.capgemini.com\/fr-fr\/wp-json\/wp\/v2\/press-release\/804903\/revisions"}],"predecessor-version":[{"id":805013,"href":"https:\/\/www.capgemini.com\/fr-fr\/wp-json\/wp\/v2\/press-release\/804903\/revisions\/805013"}],"wp:attachment":[{"href":"https:\/\/www.capgemini.com\/fr-fr\/wp-json\/wp\/v2\/media?parent=804903"}],"wp:term":[{"taxonomy":"post_tag","embeddable":true,"href":"https:\/\/www.capgemini.com\/fr-fr\/wp-json\/wp\/v2\/tags?post=804903"},{"taxonomy":"press-release-type","embeddable":true,"href":"https:\/\/www.capgemini.com\/fr-fr\/wp-json\/wp\/v2\/press-release-type?post=804903"},{"taxonomy":"brand","embeddable":true,"href":"https:\/\/www.capgemini.com\/fr-fr\/wp-json\/wp\/v2\/brand?post=804903"}],"curies":[{"name":"wp","href":"https:\/\/api.w.org\/{rel}","templated":true}]}}