{"id":790930,"date":"2025-09-08T17:45:00","date_gmt":"2025-09-08T15:45:00","guid":{"rendered":"https:\/\/www.capgemini.com\/fr-fr\/?post_type=press-release&#038;p=790930"},"modified":"2025-09-09T12:04:13","modified_gmt":"2025-09-09T10:04:13","slug":"thales-alenia-space-pilote-la-demonstration-5g-directe-par-satellite-pour-le-cnes-aux-cotes-de-capgemini-et-de-thales","status":"publish","type":"press-release","link":"https:\/\/www.capgemini.com\/fr-fr\/actualites\/communiques-de-presse\/thales-alenia-space-pilote-la-demonstration-5g-directe-par-satellite-pour-le-cnes-aux-cotes-de-capgemini-et-de-thales\/","title":{"rendered":"Thales Alenia Space pilote la d\u00e9monstration \u00ab\u00a05G directe par satellite\u00a0\u00bb pour le CNES aux c\u00f4t\u00e9s de Capgemini et de Thales"},"content":{"rendered":"\t\t<div class=\"wp-block-cg-blocks-hero-press-release\">\n\t\t\t<header class=\"header-hero-press-release\" role=\"main\" id=\"main-content-press-release\">\n\t\t\t\t<div class=\"container\">\n\t\t\t\t\t<div class=\"hero-press-release\">\n\t\t\t\t\t\t<div class=\"hero-press-release-content-wrapper\">\n\t\t\t\t\t\t\t<div class=\"row\">\n\t\t\t\t\t\t\t\t<div class=\"col-12\">\n\t\t\t\t\t\t\t\t\t<div class=\"header-title\">\n\t\t\t\t\t\t\t\t\t\t<h1>\n\t\t\t\t\t\t\t\t\t\t\tThales Alenia Space pilote la d\u00e9monstration \u00ab\u00a05G directe par satellite\u00a0\u00bb pour le CNES aux c\u00f4t\u00e9s de Capgemini et de Thales\t\t\t\t\t\t\t\t\t\t<\/h1>\n\t\t\t\t\t\t\t\t\t<\/div>\n\t\t\t\t\t\t\t\t\t<div class=\"header-description\">\n\t\t\t\t\t\t\t\t\t\t<p><\/p>\n\t\t\t\t\t\t\t\t\t<\/div>\n\t\t\t\t\t\t\t\t\t\t\t\t\t\t\t\t\t\t<div class=\"header-date\">\n\t\t\t\t\t\t\t\t\t\t<span>sept. 8, 2025<\/span>\n\t\t\t\t\t\t\t\t\t<\/div>\n\t\t\t\t\t\t\t\t<\/div>\n\t\t\t\t\t\t\t<\/div>\n\t\t\t\t\t\t<\/div>\n\t\t\t\t\t\t\t\t\t\t\t\t\t<div class=\"hero-press-release-downloads\">\n\t\t\t\t\t\t\t\t<div class=\"row\">\n\t\t\t\t\t\t\t\t\t\t\t\t\t\t\t\t\t\t\t<div class=\"col-12 col-md-6 col-lg-3\">\n\t\t\t\t\t\t\t\t\t\t\t<a class=\"download-item\" type=\"download\" href=\"https:\/\/www.capgemini.com\/fr-fr\/wp-content\/uploads\/sites\/6\/2025\/09\/VF-CP-Capgemini-x-Thales-Alenia-Space-U-DESERVE-5G-France_FR.pdf\" target=\"_blank\" rel=\"noopener noreferrer\" title=\"Ouvrir dans une nouvelle fen\u00eatre\">\n\t\t\t\t\t\t\t\t\t\t\t\t<div class=\"download-icon\"><\/div>\n\t\t\t\t\t\t\t\t\t\t\t\t<div class=\"download-details\">\n\t\t\t\t\t\t\t\t\t\t\t\t\t<div class=\"download-title\">T\u00e9l\u00e9charger le communiqu\u00e9 de presse en fran\u00e7ais<\/div>\n\t\t\t\t\t\t\t\t\t\t\t\t\t<div class=\"download-props\">148 KB  pdf<\/div>\n\t\t\t\t\t\t\t\t\t\t\t\t<\/div>\n\t\t\t\t\t\t\t\t\t\t\t<\/a>\n\t\t\t\t\t\t\t\t\t\t<\/div>\n\t\t\t\t\t\t\t\t\t\t\t\t\t\t\t\t\t\t<\/div>\n\t\t\t\t\t\t\t<\/div>\n\t\t\t\t\t\t\t\t\t\t\t\t\t\t\t\t\t<\/div>\n\t\t\t\t<\/div>\n\t\t\t<\/header>\n\t\t<\/div>\n\t\t\n\n\n<section class=\"wp-block-cg-blocks-group undefined section section--article-content\"><div class=\"article-main-content\"><div class=\"container\"><div class=\"row\"><div class=\"col-12 col-md-1\"><nav class=\"article-social\"><ul class=\"social-nav\"><li class=\"ip-order-fb\"><a href=\"https:\/\/www.facebook.com\/sharer\/sharer.php?=http:\/\/capgeminiucwe.develop\/?post_type=press-release&amp;p=179\" target=\"_blank\" rel=\"noopener noreferrer\" title=\"Ouvrir dans une nouvelle fen\u00eatre\"><i aria-hidden=\"true\" class=\"icon-fb\"><\/i><span class=\"sr-only\">Facebook<\/span><\/a><\/li><li class=\"ip-order-tw\"><a href=\"https:\/\/twitter.com\/intent\/tweet?=http:\/\/capgeminiucwe.develop\/?post_type=press-release&amp;p=179\" target=\"_blank\" rel=\"noopener noreferrer\" title=\"Ouvrir dans une nouvelle fen\u00eatre\"><i aria-hidden=\"true\" class=\"icon-tw\"><\/i><span class=\"sr-only\">Twitter<\/span><\/a><\/li><li class=\"ip-order-li\"><a href=\"https:\/\/www.linkedin.com\/shareArticle?=http:\/\/capgeminiucwe.develop\/?post_type=press-release&amp;p=179\" target=\"_blank\" rel=\"noopener noreferrer\" title=\"Ouvrir dans une nouvelle fen\u00eatre\"><i aria-hidden=\"true\" class=\"icon-li\"><\/i><span class=\"sr-only\">Linkedin<\/span><\/a><\/li><\/ul><\/nav><\/div><div class=\"col-12 col-md-11 col-lg-10\"><div class=\"article-text article-quote-text\">\n<p><strong>Paris, le 08 septembre 2025<\/strong> \u2013 Capgemini, leader mondial de la transformation business et technologique, Thales, leader mondial des hautes technologies pour les secteurs de la D\u00e9fense, de l\u2019A\u00e9rospatial et de la Cybers\u00e9curit\u00e9 &amp; Digital, et Thales Alenia Space, co-entreprise entre Thales (67%) et Leonardo (33%), annoncent avoir \u00e9t\u00e9 s\u00e9lectionn\u00e9s par le CNES, dans le cadre d\u2019un appel \u00e0 projets lanc\u00e9 pour le compte de l\u2019\u00c9tat au titre du programme \u00ab&nbsp;France 2030&nbsp;\u00bb, afin de mettre en \u0153uvre une d\u00e9monstration innovante de service de t\u00e9l\u00e9communications par satellite selon le standard 5G.<\/p>\n\n\n\n<p>Le projet d\u00e9nomm\u00e9 \u00ab&nbsp;U DESERVE 5G&nbsp;\u00bb a pour objectif de d\u00e9montrer la faisabilit\u00e9 des communications directes entre satellites et terminaux mobiles ou fixes (5G Direct to Device ou D2D). Dans cette optique, un satellite de d\u00e9monstration en orbite basse sera d\u00e9ploy\u00e9 afin de tester l\u2019interop\u00e9rabilit\u00e9 entre les r\u00e9seaux 5G terrestres et non-terrestres, notamment \u00e0 travers des sc\u00e9narios de mobilit\u00e9 entre la couverture satellitaire et la couverture terrestre 5G, un enjeu cl\u00e9 dans la perspective d\u2019une connectivit\u00e9 mondiale fluide et sans interruption.<\/p>\n\n\n\n<p>Dans un contexte o\u00f9 la connectivit\u00e9 en tout temps et en tous lieux est devenue une priorit\u00e9 strat\u00e9gique, \u00e0 la fois pour r\u00e9pondre aux attentes du march\u00e9 et garantir la r\u00e9silience des infrastructures face aux crises, les technologies satellitaires apparaissent comme une solution compl\u00e9mentaire et essentielle aux r\u00e9seaux terrestres.<\/p>\n\n\n\n<p>Au c\u0153ur du projet, une charge utile 5G innovante dot\u00e9e d\u2019antennes actives sera embarqu\u00e9e sur le satellite. Elle permettra de passer des appels et d\u2019\u00e9changer des donn\u00e9es directement entre le terminal mobile de test et le satellite, et ce sans passer par une station sol. Le d\u00e9monstrateur comprendra l\u2019ensemble des \u00e9l\u00e9ments de la cha\u00eene&nbsp;: satellite de test, charge utile, segment sol NTN* et terminaux mobiles de tests. Il sera compatible avec la Release 17 du standard 5G 3GPP et fournira une plateforme d\u2019essai de bout en bout, destin\u00e9e \u00e0 \u00e9valuer les performances du syst\u00e8me 5G NTN\/TN et \u00e0 exp\u00e9rimenter des cas d\u2019usages, notamment autour de l\u2019Internet des objets (IoT).<\/p>\n\n\n\n<p>Fort de son expertise dans le domaine des t\u00e9l\u00e9communications et des actions men\u00e9es avec succ\u00e8s en faveur de la normalisation de la 5G par satellite, Thales Alenia Space dirigera le consortium rassemblant&nbsp;:<\/p>\n\n\n\n<ul class=\"wp-block-list\">\n<li>Capgemini, en charge des solutions d\u2019acc\u00e8s radio et des c\u0153urs de r\u00e9seau 4G\/5G,<\/li>\n\n\n\n<li>Thales, qui \u00e9tudiera la faisabilit\u00e9 d\u2019un terminal 5G D2D \u00e0 antenne directive fonctionnant dans la future bande C,<\/li>\n\n\n\n<li>Orange, dont l\u2019expertise d\u2019op\u00e9rateur est mise \u00e0 profit et qui accueillera la d\u00e9monstration sur son site de Bercenay,<\/li>\n\n\n\n<li>SES, pour l\u2019\u00e9tude de la mise en \u0153uvre des services D2D,<\/li>\n\n\n\n<li>Qualcomm, qui fournira un terminal de test mobile compatible 5G NTN,<\/li>\n\n\n\n<li>Loft Orbital, responsable de la plateforme, de l\u2019AIT (Assemblage, Int\u00e9gration et Test), de la r\u00e9servation de lancement et de l\u2019exploitation du satellite pendant la phase de d\u00e9monstration.<\/li>\n<\/ul>\n\n\n\n<p>\u00ab&nbsp;<em>Ce nouveau projet relatif \u00e0 la 5G directe par satellite ouvre \u00e0 Thales Alenia Space la voie \u00e0 une couverture haut d\u00e9bit \u00e9tendue aux zones non desservies par les r\u00e9seaux terrestres, mais aussi \u00e0 des services de secours ou bien de continuit\u00e9 en cas de crise<\/em> \u00bb a d\u00e9clar\u00e9 St\u00e9phane Anju\u00e8re, 5G Venture Leader de Thales Alenia Space. \u00ab&nbsp;<em>En capitalisant sur son expertise dans les domaines des t\u00e9l\u00e9communications g\u00e9ostationnaires et des constellations en orbites moyenne et basse, Thales Alenia Space a jou\u00e9 un r\u00f4le d\u00e9terminant dans la normalisation de la 5G par satellite et a de ce fait toutes les cartes en main pour accompagner des futurs projets de grande envergure li\u00e9s \u00e0 la 5G \u00ab&nbsp;Direct to Device&nbsp;\u00bb par satellite<\/em>&nbsp;\u00bb.<\/p>\n\n\n\n<p>\u00ab&nbsp;<em>Ce projet pionnier de 5G par satellite repr\u00e9sente une avanc\u00e9e majeure pour Thales et l\u2019industrie des t\u00e9l\u00e9communications. En d\u00e9veloppant des solutions modem 5G NTN D2D permettant une connectivit\u00e9 haut-d\u00e9bit, m\u00eame dans les zones les plus isol\u00e9es, nous posons les fondations pour l&#8217;avenir des communications mondiales et renfor\u00e7ons notre engagement pour un monde plus connect\u00e9 et r\u00e9silient.<\/em>&nbsp;\u00bb a d\u00e9clar\u00e9 Alexandre Bottero, VP R\u00e9seaux et Syst\u00e8mes d\u2019infrastructure, Thales.<\/p>\n\n\n\n<p><em>\u00ab Ce projet illustre parfaitement l\u2019engagement de Capgemini \u00e0 repousser les fronti\u00e8res de la connectivit\u00e9. Gr\u00e2ce \u00e0 notre expertise unique dans l\u2019int\u00e9gration des r\u00e9seaux terrestres et non terrestres, ainsi qu\u2019\u00e0 notre ma\u00eetrise des solutions d\u2019acc\u00e8s radio et des c\u0153urs de r\u00e9seau 4G\/5G, Capgemini joue un r\u00f4le cl\u00e9 dans la d\u00e9monstration de la 5G par satellite.<\/em> \u00bb a d\u00e9clar\u00e9 Ang\u00e9lique Lallouet, Directrice Ex\u00e9cutive de Capgemini Engineering en France \u00ab <em>Nous sommes particuli\u00e8rement fiers de contribuer \u00e0 cette initiative strat\u00e9gique aux c\u00f4t\u00e9s de Thales Alenia Space, Thales et de l\u2019ensemble des partenaires, et de collaborer \u00e0 nouveau avec le CNES pour faire avancer la souverainet\u00e9 technologique fran\u00e7aise et europ\u00e9enne. \u00bb<\/em><\/p>\n\n\n\n<p><strong><em>* <\/em><\/strong><em>Segment sol NTN&nbsp;(Non-Terrestrial Network) d\u00e9signe l\u2019ensemble des&nbsp;infrastructures terrestres&nbsp;qui permettent de&nbsp;communiquer avec les r\u00e9seaux non terrestres, comme les satellites, les drones \u00e0 haute altitude (HAPS), ou les ballons stratosph\u00e9riques.<\/em><\/p>\n\n\n\n<p><strong>A propos de France 2030&nbsp;:<\/strong><\/p>\n\n\n\n<p>France 2030, pens\u00e9 en concertation avec les acteurs \u00e9conomiques, acad\u00e9miques, locaux et europ\u00e9ens, offre \u00e0 la France des moyens exceptionnels pour r\u00e9pondre aux d\u00e9fis \u00e9cologiques, d\u00e9mographiques, \u00e9conomiques, industriels et sociaux d\u2019un monde en mutation permanente. Ce plan in\u00e9dit d\u2019innovation et d\u2019industrie traduit une double ambition. D\u2019une part, transformer durablement des secteurs cl\u00e9s de notre \u00e9conomie (\u00e9nergie, automobile, a\u00e9ronautique, num\u00e9rique ou encore espace) par l\u2019innovation et l\u2019investissement industriel. D\u2019autre part positionner la France non pas seulement en acteur, mais bien en leader de l\u2019\u00e9conomie de demain.<\/p>\n\n\n\n<p><strong>\u00c0 propos de THALES ALENIA SPACE<\/strong><\/p>\n\n\n\n<p>Combinant plus de quarante ans d\u2019exp\u00e9rience et une diversit\u00e9 unique en termes d\u2019expertise, de talents et de cultures, les architectes de Thales Alenia Space con\u00e7oivent et d\u00e9livrent des solutions innovantes pour les t\u00e9l\u00e9communications, la navigation, l\u2019observation de la Terre et la surveillance de l\u2019environnement, l\u2019exploration, les sciences et les infrastructures orbitales. Les institutions, gouvernements et entreprises comptent sur Thales Alenia Space afin de concevoir, r\u00e9aliser et livrer des syst\u00e8mes satellitaires : pour g\u00e9olocaliser et connecter les personnes et les objets partout dans le monde ; observer notre Plan\u00e8te ; optimiser l&#8217;utilisation des ressources de la Terre et celles de notre Syst\u00e8me solaire. Thales Alenia Space a la conviction que l\u2019espace apporte une nouvelle dimension \u00e0 l\u2019humanit\u00e9 pour b\u00e2tir une vie meilleure et durable sur Terre. Soci\u00e9t\u00e9 commune entre Thales (67&nbsp;%) et Leonardo (33&nbsp;%), Thales Alenia Space forme \u00e9galement la Space Alliance avec Telespazio pour proposer une offre compl\u00e8te de solutions incluant les services. Thales Alenia Space a r\u00e9alis\u00e9 un chiffre d&#8217;affaires de 2,23 milliards d\u2019euros en 2024 et emploie plus de 8100 personnes dans 7 pays, avec 14 sites en Europe. <a href=\"http:\/\/www.thalesaleniaspace.com\">www.thalesaleniaspace.com<\/a><\/p>\n\n\n\n<p><strong>THALES ALENIA SPACE<\/strong> &#8211; CONTACTS PRESSE<\/p>\n\n\n\n<p>Tarik Lahlou&nbsp;&nbsp;&nbsp;&nbsp;&nbsp;&nbsp;&nbsp;&nbsp;&nbsp;&nbsp;&nbsp;&nbsp;&nbsp;&nbsp;&nbsp;&nbsp; T\u00e9l.&nbsp;: +33 (0)6 87 95 89 56&nbsp;&nbsp;&nbsp;&nbsp;&nbsp;&nbsp;&nbsp;&nbsp;&nbsp;&nbsp;&nbsp; <a href=\"mailto:tarik.lahlou@thalesaleniaspace.com\">tarik.lahlou@thalesaleniaspace.com<\/a><\/p>\n\n\n\n<p>Catherine des Arcis&nbsp;&nbsp;&nbsp;&nbsp;&nbsp; T\u00e9l. : +33 (0)6 78 64 63 97 &nbsp;&nbsp;&nbsp;&nbsp;&nbsp;&nbsp; <a href=\"file:\/\/\/C:\/Users\/lahlout\/AppData\/Local\/Microsoft\/Windows\/INetCache\/Content.Outlook\/1UHVP3JJ\/catherine.des-arcis@thalesaleniaspace.com\">catherine.des-arcis@thalesaleniaspace.com<\/a><\/p>\n\n\n\n<p><strong>A propos de Thales<\/strong><\/p>\n\n\n\n<p>Thales (Euronext Paris: HO) est un leader mondial des hautes technologies pour les secteurs de la D\u00e9fense, de l\u2019A\u00e9rospatial et de la Cybers\u00e9curit\u00e9 &amp; Digital. Son portefeuille de produits et de services innovants contribue \u00e0 r\u00e9pondre \u00e0 plusieurs d\u00e9fis majeurs&nbsp;: souverainet\u00e9, s\u00e9curit\u00e9, durabilit\u00e9 et inclusion.<\/p>\n\n\n\n<p>Le Groupe investit plus de 4 milliards d\u2019euros par an en Recherche &amp; D\u00e9veloppement dans des domaines cl\u00e9s, en particulier pour les environnements critiques, tels que l\u2019Intelligence Artificielle, la cybers\u00e9curit\u00e9, le quantique et les technologies du cloud. Thales compte plus de 83&nbsp;000 collaborateurs dans 68 pays. En 2024, le Groupe a r\u00e9alis\u00e9 un chiffre d\u2019affaires de 20,6 milliards d\u2019euros.<\/p>\n\n\n\n<p><strong>Thales<\/strong> &#8211; CONTACT PRESSE<\/p>\n\n\n\n<p><a href=\"mailto:pressroom@thalesgroup.com\">pressroom@thalesgroup.com<\/a><\/p>\n\n\n\n<p><strong>A propos de Capgemini<\/strong><\/p>\n\n\n\n<p>Capgemini, partenaire de la transformation business et technologique de ses clients, les accompagne dans leur transition vers un monde plus digital et durable, tout en cr\u00e9ant un impact positif pour la soci\u00e9t\u00e9. Le Groupe, responsable et multiculturel, rassemble 350 000 collaborateurs dans plus de 50 pays. Depuis plus de 55 ans, ses clients lui font confiance pour r\u00e9pondre \u00e0 l\u2019ensemble de leurs besoins gr\u00e2ce \u00e0 la technologie. Capgemini propose des services et solutions de bout en bout, allant de la strat\u00e9gie et du design jusqu\u2019\u00e0 l\u2019ing\u00e9nierie, en tirant parti de ses comp\u00e9tences de pointe en intelligence artificielle et IA g\u00e9n\u00e9rative, en cloud, et en data, ainsi que de son expertise sectorielle et de son \u00e9cosyst\u00e8me de partenaires. Le Groupe a r\u00e9alis\u00e9 un chiffre d\u2019affaires de 22,1 milliards d\u2019euros en 2024. Get The Future You Want* | <a href=\"http:\/\/www.capgemini.com\">www.capgemini.com<\/a><\/p>\n\n\n\n<p>*Capgemini, le futur que vous voulez<\/p>\n\n\n\n<p><strong>Capgemini \u2013 Contact presse<\/strong><\/p>\n\n\n\n<p>Magali Rouault T\u00e9l.: +33 1 70 48 11 67 E-mail: magali.rouault@capgemini.com<\/p>\n<\/div><\/div><\/div><\/div><\/div><\/section>\n\n\n<div class=\"wp-block-cg-blocks-cg-block-related-content\"><section class=\"relatedContentBlock\"><div class=\"container\"><div class=\"row\"><div class=\"content-title col-12 col-md-8\"><h2 class=\"related-content-heading\">Autres publications<\/h2><\/div><\/div><div class=\"row relatedContent\"><div class=\"col-lg-4 col-md-6 col-xs-12\">\n\t\t\t\t\t\t\t<div class=\"box\">\n\t\t\t\t\t\t\t\t<a aria-label=\"Lire la suite Capgemini et McDonald\u2019s renouvellent leur partenariat strat\u00e9gique avec un accord mondial pluriannuel ax\u00e9 sur le d\u00e9ploiement de plateformes modernes et \u00e9volutives\" href=\"https:\/\/www.capgemini.com\/fr-fr\/actualites\/communiques-de-presse\/capgemini-et-mcdonalds-renouvellent-leur-partenariat-strategique-avec-un-accord-mondial-pluriannuel-axe-sur-le-deploiement-de-plateformes-modernes-et-evolutives\/\" class=\"anchorWrapper\">\n\t\t\t\t\t\t\t\t\t<span class=\"box-tag\"><span>Actualit\u00e9s client<\/span><\/span>\n\t\t\t\t\t\t\t\t\t<div class=\"box-title\"><h3 class=\"box-subtitle\">Capgemini et McDonald\u2019s renouvellent leur partenariat strat\u00e9gique avec un accord mondial pluriannuel ax\u00e9 sur le d\u00e9ploiement de plateformes modernes et \u00e9volutives<\/h3><\/div>\n\t\t\t\t\t\t\t\t\t<div class=\"box-date\">\n\t\t\t\t\t\t\t\t\t\t<span>Mar 5, 2026<\/span>\n\t\t\t\t\t\t\t\t\t<\/div>\n\t\t\t\t\t\t\t\t\t<div class=\"box-bottom\">\n\t\t\t\t\t\t\t\t\t\t&lt;a class=&quot;link-download&quot; href=&quot;https:\/\/www.capgemini.com\/fr-fr\/wp-content\/uploads\/sites\/6\/2026\/03\/2026_03_05_McDonalds_Capgemini_Press-Release_FR.pdf&quot; aria-label=&quot;T\u00e9l\u00e9charger le communiqu\u00e9 de presse&quot; target=&quot;_blank&quot;  type=&quot;download&quot; title=&quot;Opens in a new window&quot;&gt;\n\t\t\t\t\t\t\t&lt;span&gt;T\u00e9l\u00e9charger le communiqu\u00e9 de presse&lt;\/span&gt;\n\t\t\t\t\t\t\t&lt;span&gt;142 KB PDF&lt;\/span&gt;\n\t\t\t\t\t\t&lt;\/a&gt;\n\t\t\t\t\t\t\t\t\t\t<a class=\"more\" aria-label=\"Lire la suite Capgemini et McDonald\u2019s renouvellent leur partenariat strat\u00e9gique avec un accord mondial pluriannuel ax\u00e9 sur le d\u00e9ploiement de plateformes modernes et \u00e9volutives\" href=\"https:\/\/www.capgemini.com\/fr-fr\/actualites\/communiques-de-presse\/capgemini-et-mcdonalds-renouvellent-leur-partenariat-strategique-avec-un-accord-mondial-pluriannuel-axe-sur-le-deploiement-de-plateformes-modernes-et-evolutives\/\">Lire la suite<\/a>\n\t\t\t\t\t\t\t\t\t<\/div>\n\t\t\t\t\t\t\t\t<\/a>\n\t\t\t\t\t\t\t<\/div>\n\t\t\t\t\t\t<\/div><div class=\"col-lg-4 col-md-6 col-xs-12\">\n\t\t\t\t\t\t\t<div class=\"box\">\n\t\t\t\t\t\t\t\t<a aria-label=\"Lire la suite Capgemini et Deutsche Telekom con\u00e7oivent une plateforme ouverte pour l\u2019automatisation intelligente du RAN\" href=\"https:\/\/www.capgemini.com\/fr-fr\/actualites\/communiques-de-presse\/deutsch-telecom\/\" class=\"anchorWrapper\">\n\t\t\t\t\t\t\t\t\t<span class=\"box-tag\"><span>Actualit\u00e9s client<\/span><\/span>\n\t\t\t\t\t\t\t\t\t<div class=\"box-title\"><h3 class=\"box-subtitle\">Capgemini et Deutsche Telekom con\u00e7oivent une plateforme ouverte pour l\u2019automatisation intelligente du RAN<\/h3><\/div>\n\t\t\t\t\t\t\t\t\t<div class=\"box-date\">\n\t\t\t\t\t\t\t\t\t\t<span>Feb 27, 2026<\/span>\n\t\t\t\t\t\t\t\t\t<\/div>\n\t\t\t\t\t\t\t\t\t<div class=\"box-bottom\">\n\t\t\t\t\t\t\t\t\t\t&lt;a class=&quot;link-download&quot; href=&quot;https:\/\/www.capgemini.com\/wp-content\/uploads\/2026\/02\/2026_02_27_Capgemini_Deutsche-Telekom_Open-Platform-for-Intelligent-RAN-Automation-1.pdf&quot; aria-label=&quot;T\u00e9l\u00e9charger le communiqu\u00e9 de presse&quot; target=&quot;_blank&quot;  type=&quot;download&quot; title=&quot;Opens in a new window&quot;&gt;\n\t\t\t\t\t\t\t&lt;span&gt;T\u00e9l\u00e9charger le communiqu\u00e9 de presse&lt;\/span&gt;\n\t\t\t\t\t\t\t&lt;span&gt;112 KB PDF&lt;\/span&gt;\n\t\t\t\t\t\t&lt;\/a&gt;\n\t\t\t\t\t\t\t\t\t\t<a class=\"more\" aria-label=\"Lire la suite Capgemini et Deutsche Telekom con\u00e7oivent une plateforme ouverte pour l\u2019automatisation intelligente du RAN\" href=\"https:\/\/www.capgemini.com\/fr-fr\/actualites\/communiques-de-presse\/deutsch-telecom\/\">Lire la suite<\/a>\n\t\t\t\t\t\t\t\t\t<\/div>\n\t\t\t\t\t\t\t\t<\/a>\n\t\t\t\t\t\t\t<\/div>\n\t\t\t\t\t\t<\/div><div class=\"col-lg-4 col-md-6 col-xs-12\">\n\t\t\t\t\t\t\t<div class=\"box\">\n\t\t\t\t\t\t\t\t<a aria-label=\"Lire la suite La Commission europ\u00e9enne choisit Capgemini pour son contrat-cadre de cybers\u00e9curit\u00e9 de l&#8217;UE\" href=\"https:\/\/www.capgemini.com\/fr-fr\/actualites\/communiques-de-presse\/la-commission-europeenne-choisit-capgemini-pour-son-contrat-cadre-de-cybersecurite\/\" class=\"anchorWrapper\">\n\t\t\t\t\t\t\t\t\t<span class=\"box-tag\"><span>Actualit\u00e9s client<\/span><\/span>\n\t\t\t\t\t\t\t\t\t<div class=\"box-title\"><h3 class=\"box-subtitle\">La Commission europ\u00e9enne choisit Capgemini pour son contrat-cadre de cybers\u00e9curit\u00e9 de l&#8217;UE<\/h3><\/div>\n\t\t\t\t\t\t\t\t\t<div class=\"box-date\">\n\t\t\t\t\t\t\t\t\t\t<span>Dec 8, 2025<\/span>\n\t\t\t\t\t\t\t\t\t<\/div>\n\t\t\t\t\t\t\t\t\t<div class=\"box-bottom\">\n\t\t\t\t\t\t\t\t\t\t&lt;a class=&quot;link-download&quot; href=&quot;https:\/\/www.capgemini.com\/wp-content\/uploads\/2025\/12\/12_08_Capgemini-news-alert_FREIA.pdf&quot; aria-label=&quot;T\u00e9l\u00e9charger le communiqu\u00e9 de presse&quot; target=&quot;_blank&quot;  type=&quot;download&quot; title=&quot;Opens in a new window&quot;&gt;\n\t\t\t\t\t\t\t&lt;span&gt;T\u00e9l\u00e9charger le communiqu\u00e9 de presse&lt;\/span&gt;\n\t\t\t\t\t\t\t&lt;span&gt;127 KB PDF&lt;\/span&gt;\n\t\t\t\t\t\t&lt;\/a&gt;\n\t\t\t\t\t\t\t\t\t\t<a class=\"more\" aria-label=\"Lire la suite La Commission europ\u00e9enne choisit Capgemini pour son contrat-cadre de cybers\u00e9curit\u00e9 de l&#8217;UE\" href=\"https:\/\/www.capgemini.com\/fr-fr\/actualites\/communiques-de-presse\/la-commission-europeenne-choisit-capgemini-pour-son-contrat-cadre-de-cybersecurite\/\">Lire la suite<\/a>\n\t\t\t\t\t\t\t\t\t<\/div>\n\t\t\t\t\t\t\t\t<\/a>\n\t\t\t\t\t\t\t<\/div>\n\t\t\t\t\t\t<\/div><\/div><\/div><\/section><\/div>","protected":false},"excerpt":{"rendered":"","protected":false},"author":710,"featured_media":790932,"template":"","meta":{"cg_dt_proposed_to":[21,46,41],"cg_seo_hreflang_relations":"[]","cg_seo_canonical_relation":"","cg_seo_hreflang_x_default_relation":"","cg_dt_approved_content":true,"cg_dt_mandatory_content":false,"cg_dt_notes":"","cg_dg_source_changed":false,"cg_dt_link_disabled":true,"footnotes":"","related_resource_url":"https:\/\/www.capgemini.com\/fr-fr\/wp-content\/uploads\/sites\/6\/2025\/09\/VF-CP-Capgemini-x-Thales-Alenia-Space-U-DESERVE-5G-France_FR.pdf","related_resource_id":791063,"related_resource_size":"148 KB","related_resource_type":"pdf","cg_author":0,"featured_focal_points":""},"tags":[17,13],"press-release-type":[33],"brand":[],"class_list":["post-790930","press-release","type-press-release","status-publish","has-post-thumbnail","hentry","tag-innovation","tag-digital-transformation","press-release-type-actualites-client"],"yoast_head":"<!-- This site is optimized with the Yoast SEO Premium plugin v22.8 (Yoast SEO v22.8) - https:\/\/yoast.com\/wordpress\/plugins\/seo\/ -->\n<title>Thales Alenia Space pilote la d\u00e9monstration \u00ab\u00a05G directe par satellite\u00a0\u00bb pour le CNES aux c\u00f4t\u00e9s de Capgemini et de Thales - Capgemini France<\/title>\n<meta name=\"description\" content=\"Une d\u00e9monstration in\u00e9dite de 5G par satellite explore la connexion directe entre mobiles et orbite, port\u00e9e par Capgemini, Thales et Thales Alenia Space pour le CNES.\" \/>\n<meta name=\"robots\" content=\"index, follow, max-snippet:-1, max-image-preview:large, max-video-preview:-1\" \/>\n<link rel=\"canonical\" href=\"https:\/\/www.capgemini.com\/fr-fr\/actualites\/communiques-de-presse\/thales-alenia-space-pilote-la-demonstration-5g-directe-par-satellite-pour-le-cnes-aux-cotes-de-capgemini-et-de-thales\/\" \/>\n<meta property=\"og:locale\" content=\"fr_FR\" \/>\n<meta property=\"og:type\" content=\"article\" \/>\n<meta property=\"og:title\" content=\"Thales Alenia Space pilote la d\u00e9monstration \u00ab\u00a05G directe par satellite\u00a0\u00bb pour le CNES aux c\u00f4t\u00e9s de Capgemini et de Thales\" \/>\n<meta property=\"og:description\" content=\"Une d\u00e9monstration in\u00e9dite de 5G par satellite explore la connexion directe entre mobiles et orbite, port\u00e9e par Capgemini, Thales et Thales Alenia Space pour le CNES.\" \/>\n<meta property=\"og:url\" content=\"https:\/\/www.capgemini.com\/fr-fr\/actualites\/communiques-de-presse\/thales-alenia-space-pilote-la-demonstration-5g-directe-par-satellite-pour-le-cnes-aux-cotes-de-capgemini-et-de-thales\/\" \/>\n<meta property=\"og:site_name\" content=\"Capgemini France\" \/>\n<meta property=\"article:modified_time\" content=\"2025-09-09T10:04:13+00:00\" \/>\n<meta property=\"og:image\" content=\"https:\/\/www.capgemini.com\/fr-fr\/wp-content\/uploads\/sites\/6\/2025\/09\/webpreview_pr_5G_thales.png\" \/>\n\t<meta property=\"og:image:width\" content=\"640\" \/>\n\t<meta property=\"og:image:height\" content=\"360\" \/>\n\t<meta property=\"og:image:type\" content=\"image\/png\" \/>\n<meta name=\"twitter:card\" content=\"summary_large_image\" \/>\n<meta name=\"twitter:label1\" content=\"Est. reading time\" \/>\n\t<meta name=\"twitter:data1\" content=\"8 minutes\" \/>\n<script type=\"application\/ld+json\" class=\"yoast-schema-graph\">{\"@context\":\"https:\/\/schema.org\",\"@graph\":[{\"@type\":\"WebPage\",\"@id\":\"https:\/\/www.capgemini.com\/fr-fr\/actualites\/communiques-de-presse\/thales-alenia-space-pilote-la-demonstration-5g-directe-par-satellite-pour-le-cnes-aux-cotes-de-capgemini-et-de-thales\/\",\"url\":\"https:\/\/www.capgemini.com\/fr-fr\/actualites\/communiques-de-presse\/thales-alenia-space-pilote-la-demonstration-5g-directe-par-satellite-pour-le-cnes-aux-cotes-de-capgemini-et-de-thales\/\",\"name\":\"Thales Alenia Space pilote la d\u00e9monstration \u00ab\u00a05G directe par satellite\u00a0\u00bb pour le CNES aux c\u00f4t\u00e9s de Capgemini et de Thales - Capgemini France\",\"isPartOf\":{\"@id\":\"https:\/\/www.capgemini.com\/fr-fr\/#website\"},\"primaryImageOfPage\":{\"@id\":\"https:\/\/www.capgemini.com\/fr-fr\/actualites\/communiques-de-presse\/thales-alenia-space-pilote-la-demonstration-5g-directe-par-satellite-pour-le-cnes-aux-cotes-de-capgemini-et-de-thales\/#primaryimage\"},\"image\":{\"@id\":\"https:\/\/www.capgemini.com\/fr-fr\/actualites\/communiques-de-presse\/thales-alenia-space-pilote-la-demonstration-5g-directe-par-satellite-pour-le-cnes-aux-cotes-de-capgemini-et-de-thales\/#primaryimage\"},\"thumbnailUrl\":\"https:\/\/www.capgemini.com\/fr-fr\/wp-content\/uploads\/sites\/6\/2025\/09\/webpreview_pr_5G_thales.png\",\"datePublished\":\"2025-09-08T15:45:00+00:00\",\"dateModified\":\"2025-09-09T10:04:13+00:00\",\"description\":\"Une d\u00e9monstration in\u00e9dite de 5G par satellite explore la connexion directe entre mobiles et orbite, port\u00e9e par Capgemini, Thales et Thales Alenia Space pour le CNES.\",\"breadcrumb\":{\"@id\":\"https:\/\/www.capgemini.com\/fr-fr\/actualites\/communiques-de-presse\/thales-alenia-space-pilote-la-demonstration-5g-directe-par-satellite-pour-le-cnes-aux-cotes-de-capgemini-et-de-thales\/#breadcrumb\"},\"inLanguage\":\"fr-FR\",\"potentialAction\":[{\"@type\":\"ReadAction\",\"target\":[\"https:\/\/www.capgemini.com\/fr-fr\/actualites\/communiques-de-presse\/thales-alenia-space-pilote-la-demonstration-5g-directe-par-satellite-pour-le-cnes-aux-cotes-de-capgemini-et-de-thales\/\"]}]},{\"@type\":\"ImageObject\",\"inLanguage\":\"fr-FR\",\"@id\":\"https:\/\/www.capgemini.com\/fr-fr\/actualites\/communiques-de-presse\/thales-alenia-space-pilote-la-demonstration-5g-directe-par-satellite-pour-le-cnes-aux-cotes-de-capgemini-et-de-thales\/#primaryimage\",\"url\":\"https:\/\/www.capgemini.com\/fr-fr\/wp-content\/uploads\/sites\/6\/2025\/09\/webpreview_pr_5G_thales.png\",\"contentUrl\":\"https:\/\/www.capgemini.com\/fr-fr\/wp-content\/uploads\/sites\/6\/2025\/09\/webpreview_pr_5G_thales.png\",\"width\":640,\"height\":360},{\"@type\":\"BreadcrumbList\",\"@id\":\"https:\/\/www.capgemini.com\/fr-fr\/actualites\/communiques-de-presse\/thales-alenia-space-pilote-la-demonstration-5g-directe-par-satellite-pour-le-cnes-aux-cotes-de-capgemini-et-de-thales\/#breadcrumb\",\"itemListElement\":[{\"@type\":\"ListItem\",\"position\":1,\"name\":\"Press Releases\",\"item\":\"https:\/\/www.capgemini.com\/fr-fr\/news\/\"},{\"@type\":\"ListItem\",\"position\":2,\"name\":\"Thales Alenia Space pilote la d\u00e9monstration \u00ab\u00a05G directe par satellite\u00a0\u00bb pour le CNES aux c\u00f4t\u00e9s de Capgemini et de Thales\"}]},{\"@type\":\"WebSite\",\"@id\":\"https:\/\/www.capgemini.com\/fr-fr\/#website\",\"url\":\"https:\/\/www.capgemini.com\/fr-fr\/\",\"name\":\"Capgemini France\",\"description\":\"Just another www.capgemini.com site\",\"publisher\":{\"@id\":\"https:\/\/www.capgemini.com\/fr-fr\/#organization\"},\"potentialAction\":[{\"@type\":\"SearchAction\",\"target\":{\"@type\":\"EntryPoint\",\"urlTemplate\":\"https:\/\/www.capgemini.com\/fr-fr\/?s={search_term_string}\"},\"query-input\":\"required name=search_term_string\"}],\"inLanguage\":\"fr-FR\"},{\"@type\":\"Organization\",\"@id\":\"https:\/\/www.capgemini.com\/fr-fr\/#organization\",\"name\":\"Capgemini France\",\"url\":\"https:\/\/www.capgemini.com\/fr-fr\/\",\"logo\":{\"@type\":\"ImageObject\",\"inLanguage\":\"fr-FR\",\"@id\":\"https:\/\/www.capgemini.com\/fr-fr\/#\/schema\/logo\/image\/\",\"url\":\"https:\/\/www.capgemini.com\/fr-fr\/wp-content\/uploads\/sites\/6\/2022\/08\/Logo-Capgemini.png\",\"contentUrl\":\"https:\/\/www.capgemini.com\/fr-fr\/wp-content\/uploads\/sites\/6\/2022\/08\/Logo-Capgemini.png\",\"width\":202,\"height\":60,\"caption\":\"Capgemini France\"},\"image\":{\"@id\":\"https:\/\/www.capgemini.com\/fr-fr\/#\/schema\/logo\/image\/\"}}]}<\/script>\n<!-- \/ Yoast SEO Premium plugin. -->","yoast_head_json":{"title":"Thales Alenia Space pilote la d\u00e9monstration \u00ab\u00a05G directe par satellite\u00a0\u00bb pour le CNES aux c\u00f4t\u00e9s de Capgemini et de Thales - Capgemini France","description":"Une d\u00e9monstration in\u00e9dite de 5G par satellite explore la connexion directe entre mobiles et orbite, port\u00e9e par Capgemini, Thales et Thales Alenia Space pour le CNES.","robots":{"index":"index","follow":"follow","max-snippet":"max-snippet:-1","max-image-preview":"max-image-preview:large","max-video-preview":"max-video-preview:-1"},"canonical":"https:\/\/www.capgemini.com\/fr-fr\/actualites\/communiques-de-presse\/thales-alenia-space-pilote-la-demonstration-5g-directe-par-satellite-pour-le-cnes-aux-cotes-de-capgemini-et-de-thales\/","og_locale":"fr_FR","og_type":"article","og_title":"Thales Alenia Space pilote la d\u00e9monstration \u00ab\u00a05G directe par satellite\u00a0\u00bb pour le CNES aux c\u00f4t\u00e9s de Capgemini et de Thales","og_description":"Une d\u00e9monstration in\u00e9dite de 5G par satellite explore la connexion directe entre mobiles et orbite, port\u00e9e par Capgemini, Thales et Thales Alenia Space pour le CNES.","og_url":"https:\/\/www.capgemini.com\/fr-fr\/actualites\/communiques-de-presse\/thales-alenia-space-pilote-la-demonstration-5g-directe-par-satellite-pour-le-cnes-aux-cotes-de-capgemini-et-de-thales\/","og_site_name":"Capgemini France","article_modified_time":"2025-09-09T10:04:13+00:00","og_image":[{"width":640,"height":360,"url":"https:\/\/www.capgemini.com\/fr-fr\/wp-content\/uploads\/sites\/6\/2025\/09\/webpreview_pr_5G_thales.png","type":"image\/png"}],"twitter_card":"summary_large_image","twitter_misc":{"Est. reading time":"8 minutes"},"schema":{"@context":"https:\/\/schema.org","@graph":[{"@type":"WebPage","@id":"https:\/\/www.capgemini.com\/fr-fr\/actualites\/communiques-de-presse\/thales-alenia-space-pilote-la-demonstration-5g-directe-par-satellite-pour-le-cnes-aux-cotes-de-capgemini-et-de-thales\/","url":"https:\/\/www.capgemini.com\/fr-fr\/actualites\/communiques-de-presse\/thales-alenia-space-pilote-la-demonstration-5g-directe-par-satellite-pour-le-cnes-aux-cotes-de-capgemini-et-de-thales\/","name":"Thales Alenia Space pilote la d\u00e9monstration \u00ab\u00a05G directe par satellite\u00a0\u00bb pour le CNES aux c\u00f4t\u00e9s de Capgemini et de Thales - Capgemini France","isPartOf":{"@id":"https:\/\/www.capgemini.com\/fr-fr\/#website"},"primaryImageOfPage":{"@id":"https:\/\/www.capgemini.com\/fr-fr\/actualites\/communiques-de-presse\/thales-alenia-space-pilote-la-demonstration-5g-directe-par-satellite-pour-le-cnes-aux-cotes-de-capgemini-et-de-thales\/#primaryimage"},"image":{"@id":"https:\/\/www.capgemini.com\/fr-fr\/actualites\/communiques-de-presse\/thales-alenia-space-pilote-la-demonstration-5g-directe-par-satellite-pour-le-cnes-aux-cotes-de-capgemini-et-de-thales\/#primaryimage"},"thumbnailUrl":"https:\/\/www.capgemini.com\/fr-fr\/wp-content\/uploads\/sites\/6\/2025\/09\/webpreview_pr_5G_thales.png","datePublished":"2025-09-08T15:45:00+00:00","dateModified":"2025-09-09T10:04:13+00:00","description":"Une d\u00e9monstration in\u00e9dite de 5G par satellite explore la connexion directe entre mobiles et orbite, port\u00e9e par Capgemini, Thales et Thales Alenia Space pour le CNES.","breadcrumb":{"@id":"https:\/\/www.capgemini.com\/fr-fr\/actualites\/communiques-de-presse\/thales-alenia-space-pilote-la-demonstration-5g-directe-par-satellite-pour-le-cnes-aux-cotes-de-capgemini-et-de-thales\/#breadcrumb"},"inLanguage":"fr-FR","potentialAction":[{"@type":"ReadAction","target":["https:\/\/www.capgemini.com\/fr-fr\/actualites\/communiques-de-presse\/thales-alenia-space-pilote-la-demonstration-5g-directe-par-satellite-pour-le-cnes-aux-cotes-de-capgemini-et-de-thales\/"]}]},{"@type":"ImageObject","inLanguage":"fr-FR","@id":"https:\/\/www.capgemini.com\/fr-fr\/actualites\/communiques-de-presse\/thales-alenia-space-pilote-la-demonstration-5g-directe-par-satellite-pour-le-cnes-aux-cotes-de-capgemini-et-de-thales\/#primaryimage","url":"https:\/\/www.capgemini.com\/fr-fr\/wp-content\/uploads\/sites\/6\/2025\/09\/webpreview_pr_5G_thales.png","contentUrl":"https:\/\/www.capgemini.com\/fr-fr\/wp-content\/uploads\/sites\/6\/2025\/09\/webpreview_pr_5G_thales.png","width":640,"height":360},{"@type":"BreadcrumbList","@id":"https:\/\/www.capgemini.com\/fr-fr\/actualites\/communiques-de-presse\/thales-alenia-space-pilote-la-demonstration-5g-directe-par-satellite-pour-le-cnes-aux-cotes-de-capgemini-et-de-thales\/#breadcrumb","itemListElement":[{"@type":"ListItem","position":1,"name":"Press Releases","item":"https:\/\/www.capgemini.com\/fr-fr\/news\/"},{"@type":"ListItem","position":2,"name":"Thales Alenia Space pilote la d\u00e9monstration \u00ab\u00a05G directe par satellite\u00a0\u00bb pour le CNES aux c\u00f4t\u00e9s de Capgemini et de Thales"}]},{"@type":"WebSite","@id":"https:\/\/www.capgemini.com\/fr-fr\/#website","url":"https:\/\/www.capgemini.com\/fr-fr\/","name":"Capgemini France","description":"Just another www.capgemini.com site","publisher":{"@id":"https:\/\/www.capgemini.com\/fr-fr\/#organization"},"potentialAction":[{"@type":"SearchAction","target":{"@type":"EntryPoint","urlTemplate":"https:\/\/www.capgemini.com\/fr-fr\/?s={search_term_string}"},"query-input":"required name=search_term_string"}],"inLanguage":"fr-FR"},{"@type":"Organization","@id":"https:\/\/www.capgemini.com\/fr-fr\/#organization","name":"Capgemini France","url":"https:\/\/www.capgemini.com\/fr-fr\/","logo":{"@type":"ImageObject","inLanguage":"fr-FR","@id":"https:\/\/www.capgemini.com\/fr-fr\/#\/schema\/logo\/image\/","url":"https:\/\/www.capgemini.com\/fr-fr\/wp-content\/uploads\/sites\/6\/2022\/08\/Logo-Capgemini.png","contentUrl":"https:\/\/www.capgemini.com\/fr-fr\/wp-content\/uploads\/sites\/6\/2022\/08\/Logo-Capgemini.png","width":202,"height":60,"caption":"Capgemini France"},"image":{"@id":"https:\/\/www.capgemini.com\/fr-fr\/#\/schema\/logo\/image\/"}}]}},"parsely":{"version":"1.1.0","canonical_url":"https:\/\/capgemini.com\/fr-fr\/actualites\/communiques-de-presse\/thales-alenia-space-pilote-la-demonstration-5g-directe-par-satellite-pour-le-cnes-aux-cotes-de-capgemini-et-de-thales\/","smart_links":{"inbound":0,"outbound":0},"traffic_boost_suggestions_count":0,"meta":{"@context":"https:\/\/schema.org","@type":"NewsArticle","headline":"Thales Alenia Space pilote la d\u00e9monstration \u00ab\u00a05G directe par satellite\u00a0\u00bb pour le CNES aux c\u00f4t\u00e9s de Capgemini et de Thales","url":"https:\/\/www.capgemini.com\/fr-fr\/actualites\/communiques-de-presse\/thales-alenia-space-pilote-la-demonstration-5g-directe-par-satellite-pour-le-cnes-aux-cotes-de-capgemini-et-de-thales\/","mainEntityOfPage":{"@type":"WebPage","@id":"https:\/\/www.capgemini.com\/fr-fr\/actualites\/communiques-de-presse\/thales-alenia-space-pilote-la-demonstration-5g-directe-par-satellite-pour-le-cnes-aux-cotes-de-capgemini-et-de-thales\/"},"thumbnailUrl":"https:\/\/www.capgemini.com\/fr-fr\/wp-content\/uploads\/sites\/6\/2025\/09\/webpreview_pr_5G_thales.png?w=150&h=150&crop=1","image":{"@type":"ImageObject","url":"https:\/\/www.capgemini.com\/fr-fr\/wp-content\/uploads\/sites\/6\/2025\/09\/webpreview_pr_5G_thales.png"},"articleSection":"Uncategorized","author":[],"creator":[],"publisher":{"@type":"Organization","name":"Capgemini France","logo":""},"keywords":["innovation","transformation digitale"],"dateCreated":"2025-09-08T15:45:00Z","datePublished":"2025-09-08T15:45:00Z","dateModified":"2025-09-09T10:04:13Z"},"rendered":"<meta name=\"parsely-title\" content=\"Thales Alenia Space pilote la d\u00e9monstration \u00ab\u00a05G directe par satellite\u00a0\u00bb pour le CNES aux c\u00f4t\u00e9s de Capgemini et de Thales\" \/>\n<meta name=\"parsely-link\" content=\"https:\/\/www.capgemini.com\/fr-fr\/actualites\/communiques-de-presse\/thales-alenia-space-pilote-la-demonstration-5g-directe-par-satellite-pour-le-cnes-aux-cotes-de-capgemini-et-de-thales\/\" \/>\n<meta name=\"parsely-type\" content=\"post\" \/>\n<meta name=\"parsely-image-url\" content=\"https:\/\/www.capgemini.com\/fr-fr\/wp-content\/uploads\/sites\/6\/2025\/09\/webpreview_pr_5G_thales.png?w=150&amp;h=150&amp;crop=1\" \/>\n<meta name=\"parsely-pub-date\" content=\"2025-09-08T15:45:00Z\" \/>\n<meta name=\"parsely-section\" content=\"Uncategorized\" \/>\n<meta name=\"parsely-tags\" content=\"innovation,transformation digitale\" \/>","tracker_url":"https:\/\/cdn.parsely.com\/keys\/capgemini.com\/p.js"},"archive_status":false,"featured_image_src":"https:\/\/www.capgemini.com\/fr-fr\/wp-content\/uploads\/sites\/6\/2025\/09\/webpreview_pr_5G_thales.png","featured_image_alt":"","jetpack_sharing_enabled":true,"distributor_meta":false,"distributor_terms":false,"distributor_media":false,"distributor_original_site_name":"Capgemini France","distributor_original_site_url":"https:\/\/www.capgemini.com\/fr-fr","push-errors":false,"tag_names":["Innovation","Transformation Digitale"],"_links":{"self":[{"href":"https:\/\/www.capgemini.com\/fr-fr\/wp-json\/wp\/v2\/press-release\/790930","targetHints":{"allow":["GET"]}}],"collection":[{"href":"https:\/\/www.capgemini.com\/fr-fr\/wp-json\/wp\/v2\/press-release"}],"about":[{"href":"https:\/\/www.capgemini.com\/fr-fr\/wp-json\/wp\/v2\/types\/press-release"}],"author":[{"embeddable":true,"href":"https:\/\/www.capgemini.com\/fr-fr\/wp-json\/wp\/v2\/users\/710"}],"version-history":[{"count":8,"href":"https:\/\/www.capgemini.com\/fr-fr\/wp-json\/wp\/v2\/press-release\/790930\/revisions"}],"predecessor-version":[{"id":791090,"href":"https:\/\/www.capgemini.com\/fr-fr\/wp-json\/wp\/v2\/press-release\/790930\/revisions\/791090"}],"wp:featuredmedia":[{"embeddable":true,"href":"https:\/\/www.capgemini.com\/fr-fr\/wp-json\/wp\/v2\/media\/790932"}],"wp:attachment":[{"href":"https:\/\/www.capgemini.com\/fr-fr\/wp-json\/wp\/v2\/media?parent=790930"}],"wp:term":[{"taxonomy":"post_tag","embeddable":true,"href":"https:\/\/www.capgemini.com\/fr-fr\/wp-json\/wp\/v2\/tags?post=790930"},{"taxonomy":"press-release-type","embeddable":true,"href":"https:\/\/www.capgemini.com\/fr-fr\/wp-json\/wp\/v2\/press-release-type?post=790930"},{"taxonomy":"brand","embeddable":true,"href":"https:\/\/www.capgemini.com\/fr-fr\/wp-json\/wp\/v2\/brand?post=790930"}],"curies":[{"name":"wp","href":"https:\/\/api.w.org\/{rel}","templated":true}]}}