{"id":786869,"date":"2025-06-17T10:49:00","date_gmt":"2025-06-17T08:49:00","guid":{"rendered":"https:\/\/www.capgemini.com\/fr-fr\/?post_type=press-release&#038;p=786869"},"modified":"2025-06-17T15:06:36","modified_gmt":"2025-06-17T13:06:36","slug":"barometre-egovernment-ue-2025","status":"publish","type":"press-release","link":"https:\/\/www.capgemini.com\/fr-fr\/actualites\/communiques-de-presse\/barometre-egovernment-ue-2025\/","title":{"rendered":"Barom\u00e8tre de l\u2019e-Gouvernement 2025 : la num\u00e9risation des services publics dans l\u2019UE s\u2019acc\u00e9l\u00e8re, mais des d\u00e9fis subsistent en mati\u00e8re de cybers\u00e9curit\u00e9 et de coop\u00e9ration transfrontali\u00e8re"},"content":{"rendered":"\t\t<div class=\"wp-block-cg-blocks-hero-press-release\">\n\t\t\t<header class=\"header-hero-press-release\" role=\"main\" id=\"main-content-press-release\">\n\t\t\t\t<div class=\"container\">\n\t\t\t\t\t<div class=\"hero-press-release\">\n\t\t\t\t\t\t<div class=\"hero-press-release-content-wrapper\">\n\t\t\t\t\t\t\t<div class=\"row\">\n\t\t\t\t\t\t\t\t<div class=\"col-12\">\n\t\t\t\t\t\t\t\t\t<div class=\"header-title\">\n\t\t\t\t\t\t\t\t\t\t<h1>\n\t\t\t\t\t\t\t\t\t\t\tBarom\u00e8tre de l\u2019e-Gouvernement 2025 : la num\u00e9risation des services publics dans l\u2019UE s\u2019acc\u00e9l\u00e8re, mais des d\u00e9fis subsistent en mati\u00e8re de cybers\u00e9curit\u00e9 et de coop\u00e9ration transfrontali\u00e8re\t\t\t\t\t\t\t\t\t\t<\/h1>\n\t\t\t\t\t\t\t\t\t<\/div>\n\t\t\t\t\t\t\t\t\t<div class=\"header-description\">\n\t\t\t\t\t\t\t\t\t\t<p><\/p>\n\t\t\t\t\t\t\t\t\t<\/div>\n\t\t\t\t\t\t\t\t\t\t\t\t\t\t\t\t\t\t<div class=\"header-date\">\n\t\t\t\t\t\t\t\t\t\t<span>juin 17, 2025<\/span>\n\t\t\t\t\t\t\t\t\t<\/div>\n\t\t\t\t\t\t\t\t<\/div>\n\t\t\t\t\t\t\t<\/div>\n\t\t\t\t\t\t<\/div>\n\t\t\t\t\t\t\t\t\t\t\t\t\t<div class=\"hero-press-release-downloads\">\n\t\t\t\t\t\t\t\t<div class=\"row\">\n\t\t\t\t\t\t\t\t\t\t\t\t\t\t\t\t\t\t\t<div class=\"col-12 col-md-6 col-lg-3\">\n\t\t\t\t\t\t\t\t\t\t\t<a class=\"download-item\" type=\"download\" href=\"https:\/\/www.capgemini.com\/wp-content\/uploads\/2025\/06\/06_17_Capgemini-news-alert_e-Gov-Benchmark-1.pdf\" target=\"_blank\" rel=\"noopener noreferrer\" title=\"Ouvrir dans une nouvelle fen\u00eatre\">\n\t\t\t\t\t\t\t\t\t\t\t\t<div class=\"download-icon\"><\/div>\n\t\t\t\t\t\t\t\t\t\t\t\t<div class=\"download-details\">\n\t\t\t\t\t\t\t\t\t\t\t\t\t<div class=\"download-title\">T\u00e9l\u00e9charger le communiqu\u00e9 de presse en anglais <\/div>\n\t\t\t\t\t\t\t\t\t\t\t\t\t<div class=\"download-props\">133 KB  pdf<\/div>\n\t\t\t\t\t\t\t\t\t\t\t\t<\/div>\n\t\t\t\t\t\t\t\t\t\t\t<\/a>\n\t\t\t\t\t\t\t\t\t\t<\/div>\n\t\t\t\t\t\t\t\t\t\t\t\t\t\t\t\t\t\t<\/div>\n\t\t\t\t\t\t\t<\/div>\n\t\t\t\t\t\t\t\t\t\t\t\t\t\t\t\t\t<\/div>\n\t\t\t\t<\/div>\n\t\t\t<\/header>\n\t\t<\/div>\n\t\t\n\n\n<section class=\"wp-block-cg-blocks-group undefined section section--article-content\"><div class=\"article-main-content\"><div class=\"container\"><div class=\"row\"><div class=\"col-12 col-md-1\"><nav class=\"article-social\"><ul class=\"social-nav\"><li class=\"ip-order-fb\"><a href=\"https:\/\/www.facebook.com\/sharer\/sharer.php?=http:\/\/capgeminiucwe.develop\/?post_type=press-release&amp;p=179\" target=\"_blank\" rel=\"noopener noreferrer\" title=\"Ouvrir dans une nouvelle fen\u00eatre\"><i aria-hidden=\"true\" class=\"icon-fb\"><\/i><span class=\"sr-only\">Facebook<\/span><\/a><\/li><li class=\"ip-order-tw\"><a href=\"https:\/\/twitter.com\/intent\/tweet?=http:\/\/capgeminiucwe.develop\/?post_type=press-release&amp;p=179\" target=\"_blank\" rel=\"noopener noreferrer\" title=\"Ouvrir dans une nouvelle fen\u00eatre\"><i aria-hidden=\"true\" class=\"icon-tw\"><\/i><span class=\"sr-only\">Twitter<\/span><\/a><\/li><li class=\"ip-order-li\"><a href=\"https:\/\/www.linkedin.com\/shareArticle?=http:\/\/capgeminiucwe.develop\/?post_type=press-release&amp;p=179\" target=\"_blank\" rel=\"noopener noreferrer\" title=\"Ouvrir dans une nouvelle fen\u00eatre\"><i aria-hidden=\"true\" class=\"icon-li\"><\/i><span class=\"sr-only\">Linkedin<\/span><\/a><\/li><\/ul><\/nav><\/div><div class=\"col-12 col-md-11 col-lg-10\"><div class=\"article-text article-quote-text\">\n<p>La transformation num\u00e9rique des services publics s\u2019acc\u00e9l\u00e8re dans l\u2019Union europ\u00e9enne, avec plus de 90 % des d\u00e9marches administratives d\u00e9sormais disponibles en ligne. L\u2019intelligence artificielle joue un r\u00f4le croissant : 43 % des portails proposent une assistance automatis\u00e9e, souvent via des chatbots, facilitant l\u2019acc\u00e8s \u00e0 l\u2019information pour les citoyens et les entreprises.<\/p>\n\n\n\n<p>Malgr\u00e9 ces avanc\u00e9es, des d\u00e9fis persistent. Les utilisateurs transfrontaliers b\u00e9n\u00e9ficient encore d\u2019une exp\u00e9rience moins fluide, faute d\u2019interop\u00e9rabilit\u00e9 compl\u00e8te entre les \u00c9tats membres. L\u2019accessibilit\u00e9 reste \u00e9galement un enjeu majeur : plus de la moiti\u00e9 des sites gouvernementaux ne respectent pas les crit\u00e8res essentiels des normes WCAG. En parall\u00e8le, la cybers\u00e9curit\u00e9 progresse lentement, avec moins de 1 % des sites conformes \u00e0 l\u2019ensemble des standards de s\u00e9curit\u00e9.<\/p>\n\n\n\n<p>\u00c0 mi-parcours de la D\u00e9cennie num\u00e9rique 2030, l\u2019UE doit intensifier ses efforts pour garantir des services publics en ligne inclusifs, accessibles et s\u00e9curis\u00e9s pour tous, notamment dans des secteurs cl\u00e9s comme la sant\u00e9.<\/p>\n<\/div><\/div><\/div><\/div><\/div><\/section>\n\n\n<div class=\"wp-block-cg-blocks-cg-block-related-content\"><section class=\"relatedContentBlock\"><div class=\"container\"><div class=\"row\"><div class=\"content-title col-12 col-md-8\"><h2 class=\"related-content-heading\">Autres publications<\/h2><\/div><\/div><div class=\"row relatedContent\"><div class=\"col-lg-4 col-md-6 col-xs-12\">\n\t\t\t\t\t\t\t<div class=\"box\">\n\t\t\t\t\t\t\t\t<a aria-label=\"Lire la suite La r\u00e9industrialisation entre dans une phase plus s\u00e9lective et strat\u00e9gique en Europe et aux \u00c9tats Unis\" href=\"https:\/\/www.capgemini.com\/fr-fr\/actualites\/communiques-de-presse\/la-reindustrialisation-entre-dans-une-phase-plus-selective-et-strategique-en-europe-et-aux-etats-unis\/\" class=\"anchorWrapper\">\n\t\t\t\t\t\t\t\t\t<span class=\"box-tag\"><span>Publications<\/span><\/span>\n\t\t\t\t\t\t\t\t\t<div class=\"box-title\"><h3 class=\"box-subtitle\">La r\u00e9industrialisation entre dans une phase plus s\u00e9lective et strat\u00e9gique en Europe et aux \u00c9tats Unis<\/h3><\/div>\n\t\t\t\t\t\t\t\t\t<div class=\"box-date\">\n\t\t\t\t\t\t\t\t\t\t<span>Apr 20, 2026<\/span>\n\t\t\t\t\t\t\t\t\t<\/div>\n\t\t\t\t\t\t\t\t\t<div class=\"box-bottom\">\n\t\t\t\t\t\t\t\t\t\t&lt;a class=&quot;link-download&quot; href=&quot;https:\/\/www.capgemini.com\/fr-fr\/wp-content\/uploads\/sites\/6\/2026\/04\/2026_04_20_Capgemini_Reindustrialisation-of-Europe-and-the-US-report_3rd-edition_press-release_FR.pdf&quot; aria-label=&quot;T\u00e9l\u00e9charger le communiqu\u00e9 de presse&quot; target=&quot;_blank&quot;  type=&quot;download&quot; title=&quot;Opens in a new window&quot;&gt;\n\t\t\t\t\t\t\t&lt;span&gt;T\u00e9l\u00e9charger le communiqu\u00e9 de presse&lt;\/span&gt;\n\t\t\t\t\t\t\t&lt;span&gt;163 KB PDF&lt;\/span&gt;\n\t\t\t\t\t\t&lt;\/a&gt;\n\t\t\t\t\t\t\t\t\t\t<a class=\"more\" aria-label=\"Lire la suite La r\u00e9industrialisation entre dans une phase plus s\u00e9lective et strat\u00e9gique en Europe et aux \u00c9tats Unis\" href=\"https:\/\/www.capgemini.com\/fr-fr\/actualites\/communiques-de-presse\/la-reindustrialisation-entre-dans-une-phase-plus-selective-et-strategique-en-europe-et-aux-etats-unis\/\">Lire la suite<\/a>\n\t\t\t\t\t\t\t\t\t<\/div>\n\t\t\t\t\t\t\t\t<\/a>\n\t\t\t\t\t\t\t<\/div>\n\t\t\t\t\t\t<\/div><div class=\"col-lg-4 col-md-6 col-xs-12\">\n\t\t\t\t\t\t\t<div class=\"box\">\n\t\t\t\t\t\t\t\t<a aria-label=\"Lire la suite Deux tiers des organisations consid\u00e8rent l\u2019IA physique comme une priorit\u00e9 majeure pour les trois \u00e0 cinq prochaines ann\u00e9es\" href=\"https:\/\/www.capgemini.com\/fr-fr\/actualites\/communiques-de-presse\/deux-tiers-des-organisations-considerent-lia-physique-comme-une-priorite-majeure-pour-les-trois-a-cinq-prochaines-annees\/\" class=\"anchorWrapper\">\n\t\t\t\t\t\t\t\t\t<span class=\"box-tag\"><span>Publications<\/span><\/span>\n\t\t\t\t\t\t\t\t\t<div class=\"box-title\"><h3 class=\"box-subtitle\">Deux tiers des organisations consid\u00e8rent l\u2019IA physique comme une priorit\u00e9 majeure pour les trois \u00e0 cinq prochaines ann\u00e9es<\/h3><\/div>\n\t\t\t\t\t\t\t\t\t<div class=\"box-date\">\n\t\t\t\t\t\t\t\t\t\t<span>Apr 16, 2026<\/span>\n\t\t\t\t\t\t\t\t\t<\/div>\n\t\t\t\t\t\t\t\t\t<div class=\"box-bottom\">\n\t\t\t\t\t\t\t\t\t\t&lt;a class=&quot;link-download&quot; href=&quot;https:\/\/www.capgemini.com\/fr-fr\/wp-content\/uploads\/sites\/6\/2026\/04\/04_16_Physical-AI-CRI-report-press-release-FR.pdf&quot; aria-label=&quot;T\u00e9l\u00e9charger le communiqu\u00e9 de presse&quot; target=&quot;_blank&quot;  type=&quot;download&quot; title=&quot;Opens in a new window&quot;&gt;\n\t\t\t\t\t\t\t&lt;span&gt;T\u00e9l\u00e9charger le communiqu\u00e9 de presse&lt;\/span&gt;\n\t\t\t\t\t\t\t&lt;span&gt;196 KB PDF&lt;\/span&gt;\n\t\t\t\t\t\t&lt;\/a&gt;\n\t\t\t\t\t\t\t\t\t\t<a class=\"more\" aria-label=\"Lire la suite Deux tiers des organisations consid\u00e8rent l\u2019IA physique comme une priorit\u00e9 majeure pour les trois \u00e0 cinq prochaines ann\u00e9es\" href=\"https:\/\/www.capgemini.com\/fr-fr\/actualites\/communiques-de-presse\/deux-tiers-des-organisations-considerent-lia-physique-comme-une-priorite-majeure-pour-les-trois-a-cinq-prochaines-annees\/\">Lire la suite<\/a>\n\t\t\t\t\t\t\t\t\t<\/div>\n\t\t\t\t\t\t\t\t<\/a>\n\t\t\t\t\t\t\t<\/div>\n\t\t\t\t\t\t<\/div><div class=\"col-lg-4 col-md-6 col-xs-12\">\n\t\t\t\t\t\t\t<div class=\"box\">\n\t\t\t\t\t\t\t\t<a aria-label=\"Lire la suite 85 % des entreprises clientes de banques pr\u00e9voient de faire appel \u00e0 une institution financi\u00e8re non bancaire dans l\u2019ann\u00e9e \u00e0 venir, alors que la concurrence avec les capitaux priv\u00e9s s\u2019intensifie\" href=\"https:\/\/www.capgemini.com\/fr-fr\/actualites\/communiques-de-presse\/85-des-entreprises-clientes-de-banques-prevoient-de-faire-appel-a-une-institution-financiere-non-bancaire-dans-lannee-a-venir-alors-que-la-concurrence-avec-les-capitaux-prives-sint\/\" class=\"anchorWrapper\">\n\t\t\t\t\t\t\t\t\t<span class=\"box-tag\"><span>Publications<\/span><\/span>\n\t\t\t\t\t\t\t\t\t<div class=\"box-title\"><h3 class=\"box-subtitle\">85 % des entreprises clientes de banques pr\u00e9voient de faire appel \u00e0 une institution financi\u00e8re non bancaire dans l\u2019ann\u00e9e \u00e0 venir, alors que la concurrence avec les capitaux priv\u00e9s s\u2019intensifie<\/h3><\/div>\n\t\t\t\t\t\t\t\t\t<div class=\"box-date\">\n\t\t\t\t\t\t\t\t\t\t<span>Mar 16, 2026<\/span>\n\t\t\t\t\t\t\t\t\t<\/div>\n\t\t\t\t\t\t\t\t\t<div class=\"box-bottom\">\n\t\t\t\t\t\t\t\t\t\t&lt;a class=&quot;link-download&quot; href=&quot;https:\/\/www.capgemini.com\/fr-fr\/wp-content\/uploads\/sites\/6\/2026\/03\/03_16_WCIBR-Press-Release_FR.pdf&quot; aria-label=&quot;T\u00e9l\u00e9charger le communiqu\u00e9 de presse&quot; target=&quot;_blank&quot;  type=&quot;download&quot; title=&quot;Opens in a new window&quot;&gt;\n\t\t\t\t\t\t\t&lt;span&gt;T\u00e9l\u00e9charger le communiqu\u00e9 de presse&lt;\/span&gt;\n\t\t\t\t\t\t\t&lt;span&gt;142 KB PDF&lt;\/span&gt;\n\t\t\t\t\t\t&lt;\/a&gt;\n\t\t\t\t\t\t\t\t\t\t<a class=\"more\" aria-label=\"Lire la suite 85 % des entreprises clientes de banques pr\u00e9voient de faire appel \u00e0 une institution financi\u00e8re non bancaire dans l\u2019ann\u00e9e \u00e0 venir, alors que la concurrence avec les capitaux priv\u00e9s s\u2019intensifie\" href=\"https:\/\/www.capgemini.com\/fr-fr\/actualites\/communiques-de-presse\/85-des-entreprises-clientes-de-banques-prevoient-de-faire-appel-a-une-institution-financiere-non-bancaire-dans-lannee-a-venir-alors-que-la-concurrence-avec-les-capitaux-prives-sint\/\">Lire la suite<\/a>\n\t\t\t\t\t\t\t\t\t<\/div>\n\t\t\t\t\t\t\t\t<\/a>\n\t\t\t\t\t\t\t<\/div>\n\t\t\t\t\t\t<\/div><\/div><\/div><\/section><\/div>","protected":false},"excerpt":{"rendered":"<p>Cette 22\u00e8me \u00e9dition r\u00e9v\u00e8le des progr\u00e8s rapides dans les services publics num\u00e9riques \u00e0 travers l&#8217;Union europ\u00e9enne, la grande majorit\u00e9 des proc\u00e9dures administratives \u00e9tant d\u00e9sormais accessibles en ligne.<\/p>\n","protected":false},"author":208,"featured_media":0,"template":"","meta":{"cg_dt_proposed_to":[21,46,41],"cg_seo_hreflang_relations":"[]","cg_seo_canonical_relation":"","cg_seo_hreflang_x_default_relation":"","cg_dt_approved_content":true,"cg_dt_mandatory_content":false,"cg_dt_notes":"","cg_dg_source_changed":true,"cg_dt_link_disabled":true,"footnotes":"","related_resource_url":"https:\/\/www.capgemini.com\/wp-content\/uploads\/2025\/06\/06_17_Capgemini-news-alert_e-Gov-Benchmark-1.pdf","related_resource_id":1136650,"related_resource_size":"133 KB","related_resource_type":"pdf","cg_author":0,"featured_focal_points":""},"tags":[228,13],"press-release-type":[87],"brand":[],"class_list":["post-786869","press-release","type-press-release","status-publish","hentry","tag-secteur-public","tag-digital-transformation","press-release-type-publications"],"yoast_head":"<!-- This site is optimized with the Yoast SEO Premium plugin v22.8 (Yoast SEO v22.8) - https:\/\/yoast.com\/wordpress\/plugins\/seo\/ -->\n<title>Barom\u00e8tre de l\u2019e-Gouvernement 2025 : la num\u00e9risation des services publics dans l\u2019UE s\u2019acc\u00e9l\u00e8re, mais des d\u00e9fis subsistent en mati\u00e8re de cybers\u00e9curit\u00e9 et de coop\u00e9ration transfrontali\u00e8re - Capgemini France<\/title>\n<meta name=\"description\" content=\"Cette 22\u00e8me \u00e9dition met en lumi\u00e8re l&#039;acc\u00e9l\u00e9ration de la transformation num\u00e9rique des services publics dans l&#039;UE, avec une majorit\u00e9 de d\u00e9marches administratives d\u00e9sormais disponibles en ligne.\" \/>\n<meta name=\"robots\" content=\"index, follow, max-snippet:-1, max-image-preview:large, max-video-preview:-1\" \/>\n<link rel=\"canonical\" href=\"https:\/\/www.capgemini.com\/fr-fr\/actualites\/communiques-de-presse\/barometre-egovernment-ue-2025\/\" \/>\n<meta property=\"og:locale\" content=\"fr_FR\" \/>\n<meta property=\"og:type\" content=\"article\" \/>\n<meta property=\"og:title\" content=\"Barom\u00e8tre de l\u2019e-Gouvernement 2025 : la num\u00e9risation des services publics dans l\u2019UE s\u2019acc\u00e9l\u00e8re, mais des d\u00e9fis subsistent en mati\u00e8re de cybers\u00e9curit\u00e9 et de coop\u00e9ration transfrontali\u00e8re\" \/>\n<meta property=\"og:description\" content=\"Cette 22\u00e8me \u00e9dition met en lumi\u00e8re l&#039;acc\u00e9l\u00e9ration de la transformation num\u00e9rique des services publics dans l&#039;UE, avec une majorit\u00e9 de d\u00e9marches administratives d\u00e9sormais disponibles en ligne.\" \/>\n<meta property=\"og:url\" content=\"https:\/\/www.capgemini.com\/fr-fr\/actualites\/communiques-de-presse\/barometre-egovernment-ue-2025\/\" \/>\n<meta property=\"og:site_name\" content=\"Capgemini France\" \/>\n<meta property=\"article:modified_time\" content=\"2025-06-17T13:06:36+00:00\" \/>\n<meta property=\"og:image\" content=\"https:\/\/www.capgemini.com\/fr-fr\/wp-content\/uploads\/sites\/6\/2025\/10\/image-1.jpg\" \/>\n\t<meta property=\"og:image:width\" content=\"1200\" \/>\n\t<meta property=\"og:image:height\" content=\"627\" \/>\n\t<meta property=\"og:image:type\" content=\"image\/jpeg\" \/>\n<meta name=\"twitter:card\" content=\"summary_large_image\" \/>\n<meta name=\"twitter:label1\" content=\"Est. reading time\" \/>\n\t<meta name=\"twitter:data1\" content=\"1 minute\" \/>\n<script type=\"application\/ld+json\" class=\"yoast-schema-graph\">{\"@context\":\"https:\/\/schema.org\",\"@graph\":[{\"@type\":\"WebPage\",\"@id\":\"https:\/\/www.capgemini.com\/fr-fr\/actualites\/communiques-de-presse\/barometre-egovernment-ue-2025\/\",\"url\":\"https:\/\/www.capgemini.com\/fr-fr\/actualites\/communiques-de-presse\/barometre-egovernment-ue-2025\/\",\"name\":\"Barom\u00e8tre de l\u2019e-Gouvernement 2025 : la num\u00e9risation des services publics dans l\u2019UE s\u2019acc\u00e9l\u00e8re, mais des d\u00e9fis subsistent en mati\u00e8re de cybers\u00e9curit\u00e9 et de coop\u00e9ration transfrontali\u00e8re - Capgemini France\",\"isPartOf\":{\"@id\":\"https:\/\/www.capgemini.com\/fr-fr\/#website\"},\"datePublished\":\"2025-06-17T08:49:00+00:00\",\"dateModified\":\"2025-06-17T13:06:36+00:00\",\"description\":\"Cette 22\u00e8me \u00e9dition met en lumi\u00e8re l'acc\u00e9l\u00e9ration de la transformation num\u00e9rique des services publics dans l'UE, avec une majorit\u00e9 de d\u00e9marches administratives d\u00e9sormais disponibles en ligne.\",\"breadcrumb\":{\"@id\":\"https:\/\/www.capgemini.com\/fr-fr\/actualites\/communiques-de-presse\/barometre-egovernment-ue-2025\/#breadcrumb\"},\"inLanguage\":\"fr-FR\",\"potentialAction\":[{\"@type\":\"ReadAction\",\"target\":[\"https:\/\/www.capgemini.com\/fr-fr\/actualites\/communiques-de-presse\/barometre-egovernment-ue-2025\/\"]}]},{\"@type\":\"BreadcrumbList\",\"@id\":\"https:\/\/www.capgemini.com\/fr-fr\/actualites\/communiques-de-presse\/barometre-egovernment-ue-2025\/#breadcrumb\",\"itemListElement\":[{\"@type\":\"ListItem\",\"position\":1,\"name\":\"Press Releases\",\"item\":\"https:\/\/www.capgemini.com\/fr-fr\/news\/\"},{\"@type\":\"ListItem\",\"position\":2,\"name\":\"Barom\u00e8tre de l\u2019e-Gouvernement 2025 : la num\u00e9risation des services publics dans l\u2019UE s\u2019acc\u00e9l\u00e8re, mais des d\u00e9fis subsistent en mati\u00e8re de cybers\u00e9curit\u00e9 et de coop\u00e9ration transfrontali\u00e8re\"}]},{\"@type\":\"WebSite\",\"@id\":\"https:\/\/www.capgemini.com\/fr-fr\/#website\",\"url\":\"https:\/\/www.capgemini.com\/fr-fr\/\",\"name\":\"Capgemini France\",\"description\":\"Just another www.capgemini.com site\",\"publisher\":{\"@id\":\"https:\/\/www.capgemini.com\/fr-fr\/#organization\"},\"potentialAction\":[{\"@type\":\"SearchAction\",\"target\":{\"@type\":\"EntryPoint\",\"urlTemplate\":\"https:\/\/www.capgemini.com\/fr-fr\/?s={search_term_string}\"},\"query-input\":\"required name=search_term_string\"}],\"inLanguage\":\"fr-FR\"},{\"@type\":\"Organization\",\"@id\":\"https:\/\/www.capgemini.com\/fr-fr\/#organization\",\"name\":\"Capgemini France\",\"url\":\"https:\/\/www.capgemini.com\/fr-fr\/\",\"logo\":{\"@type\":\"ImageObject\",\"inLanguage\":\"fr-FR\",\"@id\":\"https:\/\/www.capgemini.com\/fr-fr\/#\/schema\/logo\/image\/\",\"url\":\"https:\/\/www.capgemini.com\/fr-fr\/wp-content\/uploads\/sites\/6\/2022\/08\/Logo-Capgemini.png\",\"contentUrl\":\"https:\/\/www.capgemini.com\/fr-fr\/wp-content\/uploads\/sites\/6\/2022\/08\/Logo-Capgemini.png\",\"width\":202,\"height\":60,\"caption\":\"Capgemini France\"},\"image\":{\"@id\":\"https:\/\/www.capgemini.com\/fr-fr\/#\/schema\/logo\/image\/\"}}]}<\/script>\n<!-- \/ Yoast SEO Premium plugin. -->","yoast_head_json":{"title":"Barom\u00e8tre de l\u2019e-Gouvernement 2025 : la num\u00e9risation des services publics dans l\u2019UE s\u2019acc\u00e9l\u00e8re, mais des d\u00e9fis subsistent en mati\u00e8re de cybers\u00e9curit\u00e9 et de coop\u00e9ration transfrontali\u00e8re - Capgemini France","description":"Cette 22\u00e8me \u00e9dition met en lumi\u00e8re l'acc\u00e9l\u00e9ration de la transformation num\u00e9rique des services publics dans l'UE, avec une majorit\u00e9 de d\u00e9marches administratives d\u00e9sormais disponibles en ligne.","robots":{"index":"index","follow":"follow","max-snippet":"max-snippet:-1","max-image-preview":"max-image-preview:large","max-video-preview":"max-video-preview:-1"},"canonical":"https:\/\/www.capgemini.com\/fr-fr\/actualites\/communiques-de-presse\/barometre-egovernment-ue-2025\/","og_locale":"fr_FR","og_type":"article","og_title":"Barom\u00e8tre de l\u2019e-Gouvernement 2025 : la num\u00e9risation des services publics dans l\u2019UE s\u2019acc\u00e9l\u00e8re, mais des d\u00e9fis subsistent en mati\u00e8re de cybers\u00e9curit\u00e9 et de coop\u00e9ration transfrontali\u00e8re","og_description":"Cette 22\u00e8me \u00e9dition met en lumi\u00e8re l'acc\u00e9l\u00e9ration de la transformation num\u00e9rique des services publics dans l'UE, avec une majorit\u00e9 de d\u00e9marches administratives d\u00e9sormais disponibles en ligne.","og_url":"https:\/\/www.capgemini.com\/fr-fr\/actualites\/communiques-de-presse\/barometre-egovernment-ue-2025\/","og_site_name":"Capgemini France","article_modified_time":"2025-06-17T13:06:36+00:00","og_image":[{"width":1200,"height":627,"url":"https:\/\/www.capgemini.com\/fr-fr\/wp-content\/uploads\/sites\/6\/2025\/10\/image-1.jpg","type":"image\/jpeg"}],"twitter_card":"summary_large_image","twitter_misc":{"Est. reading time":"1 minute"},"schema":{"@context":"https:\/\/schema.org","@graph":[{"@type":"WebPage","@id":"https:\/\/www.capgemini.com\/fr-fr\/actualites\/communiques-de-presse\/barometre-egovernment-ue-2025\/","url":"https:\/\/www.capgemini.com\/fr-fr\/actualites\/communiques-de-presse\/barometre-egovernment-ue-2025\/","name":"Barom\u00e8tre de l\u2019e-Gouvernement 2025 : la num\u00e9risation des services publics dans l\u2019UE s\u2019acc\u00e9l\u00e8re, mais des d\u00e9fis subsistent en mati\u00e8re de cybers\u00e9curit\u00e9 et de coop\u00e9ration transfrontali\u00e8re - Capgemini France","isPartOf":{"@id":"https:\/\/www.capgemini.com\/fr-fr\/#website"},"datePublished":"2025-06-17T08:49:00+00:00","dateModified":"2025-06-17T13:06:36+00:00","description":"Cette 22\u00e8me \u00e9dition met en lumi\u00e8re l'acc\u00e9l\u00e9ration de la transformation num\u00e9rique des services publics dans l'UE, avec une majorit\u00e9 de d\u00e9marches administratives d\u00e9sormais disponibles en ligne.","breadcrumb":{"@id":"https:\/\/www.capgemini.com\/fr-fr\/actualites\/communiques-de-presse\/barometre-egovernment-ue-2025\/#breadcrumb"},"inLanguage":"fr-FR","potentialAction":[{"@type":"ReadAction","target":["https:\/\/www.capgemini.com\/fr-fr\/actualites\/communiques-de-presse\/barometre-egovernment-ue-2025\/"]}]},{"@type":"BreadcrumbList","@id":"https:\/\/www.capgemini.com\/fr-fr\/actualites\/communiques-de-presse\/barometre-egovernment-ue-2025\/#breadcrumb","itemListElement":[{"@type":"ListItem","position":1,"name":"Press Releases","item":"https:\/\/www.capgemini.com\/fr-fr\/news\/"},{"@type":"ListItem","position":2,"name":"Barom\u00e8tre de l\u2019e-Gouvernement 2025 : la num\u00e9risation des services publics dans l\u2019UE s\u2019acc\u00e9l\u00e8re, mais des d\u00e9fis subsistent en mati\u00e8re de cybers\u00e9curit\u00e9 et de coop\u00e9ration transfrontali\u00e8re"}]},{"@type":"WebSite","@id":"https:\/\/www.capgemini.com\/fr-fr\/#website","url":"https:\/\/www.capgemini.com\/fr-fr\/","name":"Capgemini France","description":"Just another www.capgemini.com site","publisher":{"@id":"https:\/\/www.capgemini.com\/fr-fr\/#organization"},"potentialAction":[{"@type":"SearchAction","target":{"@type":"EntryPoint","urlTemplate":"https:\/\/www.capgemini.com\/fr-fr\/?s={search_term_string}"},"query-input":"required name=search_term_string"}],"inLanguage":"fr-FR"},{"@type":"Organization","@id":"https:\/\/www.capgemini.com\/fr-fr\/#organization","name":"Capgemini France","url":"https:\/\/www.capgemini.com\/fr-fr\/","logo":{"@type":"ImageObject","inLanguage":"fr-FR","@id":"https:\/\/www.capgemini.com\/fr-fr\/#\/schema\/logo\/image\/","url":"https:\/\/www.capgemini.com\/fr-fr\/wp-content\/uploads\/sites\/6\/2022\/08\/Logo-Capgemini.png","contentUrl":"https:\/\/www.capgemini.com\/fr-fr\/wp-content\/uploads\/sites\/6\/2022\/08\/Logo-Capgemini.png","width":202,"height":60,"caption":"Capgemini France"},"image":{"@id":"https:\/\/www.capgemini.com\/fr-fr\/#\/schema\/logo\/image\/"}}]}},"parsely":{"version":"1.1.0","canonical_url":"https:\/\/capgemini.com\/fr-fr\/actualites\/communiques-de-presse\/barometre-egovernment-ue-2025\/","smart_links":{"inbound":0,"outbound":0},"traffic_boost_suggestions_count":0,"meta":{"@context":"https:\/\/schema.org","@type":"NewsArticle","headline":"Barom\u00e8tre de l\u2019e-Gouvernement 2025 : la num\u00e9risation des services publics dans l\u2019UE s\u2019acc\u00e9l\u00e8re, mais des d\u00e9fis subsistent en mati\u00e8re de cybers\u00e9curit\u00e9 et de coop\u00e9ration transfrontali\u00e8re","url":"https:\/\/www.capgemini.com\/fr-fr\/actualites\/communiques-de-presse\/barometre-egovernment-ue-2025\/","mainEntityOfPage":{"@type":"WebPage","@id":"https:\/\/www.capgemini.com\/fr-fr\/actualites\/communiques-de-presse\/barometre-egovernment-ue-2025\/"},"thumbnailUrl":"","image":{"@type":"ImageObject","url":""},"articleSection":"Uncategorized","author":[],"creator":[],"publisher":{"@type":"Organization","name":"Capgemini France","logo":""},"keywords":["secteur public","transformation digitale"],"dateCreated":"2025-06-17T08:49:00Z","datePublished":"2025-06-17T08:49:00Z","dateModified":"2025-06-17T13:06:36Z"},"rendered":"<meta name=\"parsely-title\" content=\"Barom\u00e8tre de l\u2019e-Gouvernement 2025 : la num\u00e9risation des services publics dans l\u2019UE s\u2019acc\u00e9l\u00e8re, mais des d\u00e9fis subsistent en mati\u00e8re de cybers\u00e9curit\u00e9 et de coop\u00e9ration transfrontali\u00e8re\" \/>\n<meta name=\"parsely-link\" content=\"https:\/\/www.capgemini.com\/fr-fr\/actualites\/communiques-de-presse\/barometre-egovernment-ue-2025\/\" \/>\n<meta name=\"parsely-type\" content=\"post\" \/>\n<meta name=\"parsely-pub-date\" content=\"2025-06-17T08:49:00Z\" \/>\n<meta name=\"parsely-section\" content=\"Uncategorized\" \/>\n<meta name=\"parsely-tags\" content=\"secteur public,transformation digitale\" \/>","tracker_url":"https:\/\/cdn.parsely.com\/keys\/capgemini.com\/p.js"},"archive_status":false,"featured_image_src":"https:\/\/www.capgemini.com\/fr-fr\/wp-content\/themes\/capgemini2025\/assets\/images\/mockup.png","featured_image_alt":false,"jetpack_sharing_enabled":true,"distributor_meta":false,"distributor_terms":false,"distributor_media":false,"distributor_original_site_name":"Capgemini France","distributor_original_site_url":"https:\/\/www.capgemini.com\/fr-fr","push-errors":false,"tag_names":["Secteur public","Transformation Digitale"],"_links":{"self":[{"href":"https:\/\/www.capgemini.com\/fr-fr\/wp-json\/wp\/v2\/press-release\/786869","targetHints":{"allow":["GET"]}}],"collection":[{"href":"https:\/\/www.capgemini.com\/fr-fr\/wp-json\/wp\/v2\/press-release"}],"about":[{"href":"https:\/\/www.capgemini.com\/fr-fr\/wp-json\/wp\/v2\/types\/press-release"}],"author":[{"embeddable":true,"href":"https:\/\/www.capgemini.com\/fr-fr\/wp-json\/wp\/v2\/users\/208"}],"version-history":[{"count":6,"href":"https:\/\/www.capgemini.com\/fr-fr\/wp-json\/wp\/v2\/press-release\/786869\/revisions"}],"predecessor-version":[{"id":786921,"href":"https:\/\/www.capgemini.com\/fr-fr\/wp-json\/wp\/v2\/press-release\/786869\/revisions\/786921"}],"wp:attachment":[{"href":"https:\/\/www.capgemini.com\/fr-fr\/wp-json\/wp\/v2\/media?parent=786869"}],"wp:term":[{"taxonomy":"post_tag","embeddable":true,"href":"https:\/\/www.capgemini.com\/fr-fr\/wp-json\/wp\/v2\/tags?post=786869"},{"taxonomy":"press-release-type","embeddable":true,"href":"https:\/\/www.capgemini.com\/fr-fr\/wp-json\/wp\/v2\/press-release-type?post=786869"},{"taxonomy":"brand","embeddable":true,"href":"https:\/\/www.capgemini.com\/fr-fr\/wp-json\/wp\/v2\/brand?post=786869"}],"curies":[{"name":"wp","href":"https:\/\/api.w.org\/{rel}","templated":true}]}}