{"id":784371,"date":"2025-05-16T08:30:00","date_gmt":"2025-05-16T06:30:00","guid":{"rendered":"https:\/\/www.capgemini.com\/fr-fr\/?post_type=press-release&#038;p=784371"},"modified":"2025-05-20T16:30:33","modified_gmt":"2025-05-20T14:30:33","slug":"les-jeunes-sinquietent-de-ne-pas-avoir-les-competences-vertes-necessaires-pour-agir-efficacement-contre-le-changement-climatique","status":"publish","type":"press-release","link":"https:\/\/www.capgemini.com\/fr-fr\/actualites\/communiques-de-presse\/les-jeunes-sinquietent-de-ne-pas-avoir-les-competences-vertes-necessaires-pour-agir-efficacement-contre-le-changement-climatique\/","title":{"rendered":"Les jeunes s\u2019inqui\u00e8tent de ne pas avoir les comp\u00e9tences vertes n\u00e9cessaires pour agir efficacement contre le changement climatique"},"content":{"rendered":"\t\t<div class=\"wp-block-cg-blocks-hero-press-release\">\n\t\t\t<header class=\"header-hero-press-release\" role=\"main\" id=\"main-content-press-release\">\n\t\t\t\t<div class=\"container\">\n\t\t\t\t\t<div class=\"hero-press-release\">\n\t\t\t\t\t\t<div class=\"hero-press-release-content-wrapper\">\n\t\t\t\t\t\t\t<div class=\"row\">\n\t\t\t\t\t\t\t\t<div class=\"col-12\">\n\t\t\t\t\t\t\t\t\t<div class=\"header-title\">\n\t\t\t\t\t\t\t\t\t\t<h1>\n\t\t\t\t\t\t\t\t\t\t\tLes jeunes s\u2019inqui\u00e8tent de ne pas avoir les comp\u00e9tences vertes n\u00e9cessaires pour agir efficacement contre le changement climatique\t\t\t\t\t\t\t\t\t\t<\/h1>\n\t\t\t\t\t\t\t\t\t<\/div>\n\t\t\t\t\t\t\t\t\t<div class=\"header-description\">\n\t\t\t\t\t\t\t\t\t\t<p>Six jeunes de 16 \u00e0 24 ans sur dix dans le monde reconnaissent que le d\u00e9veloppement de comp\u00e9tences vertes pourrait leur ouvrir de nouvelles perspectives de carri\u00e8re, mais moins de la moiti\u00e9 (44\u00a0%) poss\u00e8dent aujourd\u2019hui les comp\u00e9tences requises<\/p>\n\t\t\t\t\t\t\t\t\t<\/div>\n\t\t\t\t\t\t\t\t\t\t\t\t\t\t\t\t\t\t<div class=\"header-date\">\n\t\t\t\t\t\t\t\t\t\t<span>mai 16, 2025<\/span>\n\t\t\t\t\t\t\t\t\t<\/div>\n\t\t\t\t\t\t\t\t<\/div>\n\t\t\t\t\t\t\t<\/div>\n\t\t\t\t\t\t<\/div>\n\t\t\t\t\t\t\t\t\t\t\t\t\t<div class=\"hero-press-release-downloads\">\n\t\t\t\t\t\t\t\t<div class=\"row\">\n\t\t\t\t\t\t\t\t\t\t\t\t\t\t\t\t\t\t\t<div class=\"col-12 col-md-6 col-lg-3\">\n\t\t\t\t\t\t\t\t\t\t\t<a class=\"download-item\" type=\"download\" href=\"https:\/\/www.capgemini.com\/fr-fr\/wp-content\/uploads\/sites\/6\/2025\/05\/2025_05_16_FR_Youth-perspectives-on-climate_PR-1.pdf\" target=\"_blank\" rel=\"noopener noreferrer\" title=\"Ouvrir dans une nouvelle fen\u00eatre\">\n\t\t\t\t\t\t\t\t\t\t\t\t<div class=\"download-icon\"><\/div>\n\t\t\t\t\t\t\t\t\t\t\t\t<div class=\"download-details\">\n\t\t\t\t\t\t\t\t\t\t\t\t\t<div class=\"download-title\">Download press release<\/div>\n\t\t\t\t\t\t\t\t\t\t\t\t\t<div class=\"download-props\">156 KB  pdf<\/div>\n\t\t\t\t\t\t\t\t\t\t\t\t<\/div>\n\t\t\t\t\t\t\t\t\t\t\t<\/a>\n\t\t\t\t\t\t\t\t\t\t<\/div>\n\t\t\t\t\t\t\t\t\t\t\t\t\t\t\t\t\t\t<\/div>\n\t\t\t\t\t\t\t<\/div>\n\t\t\t\t\t\t\t\t\t\t\t\t\t\t\t\t\t<\/div>\n\t\t\t\t<\/div>\n\t\t\t<\/header>\n\t\t<\/div>\n\t\t\n\n\n<section class=\"wp-block-cg-blocks-group undefined section section--article-content\"><div class=\"article-main-content\"><div class=\"container\"><div class=\"row\"><div class=\"col-12 col-md-1\"><nav class=\"article-social\"><ul class=\"social-nav\"><li class=\"ip-order-fb\"><a href=\"https:\/\/www.facebook.com\/sharer\/sharer.php?=http:\/\/capgeminiucwe.develop\/?post_type=press-release&amp;p=179\" target=\"_blank\" rel=\"noopener noreferrer\" title=\"Ouvrir dans une nouvelle fen\u00eatre\"><i aria-hidden=\"true\" class=\"icon-fb\"><\/i><span class=\"sr-only\">Facebook<\/span><\/a><\/li><li class=\"ip-order-tw\"><a href=\"https:\/\/twitter.com\/intent\/tweet?=http:\/\/capgeminiucwe.develop\/?post_type=press-release&amp;p=179\" target=\"_blank\" rel=\"noopener noreferrer\" title=\"Ouvrir dans une nouvelle fen\u00eatre\"><i aria-hidden=\"true\" class=\"icon-tw\"><\/i><span class=\"sr-only\">Twitter<\/span><\/a><\/li><li class=\"ip-order-li\"><a href=\"https:\/\/www.linkedin.com\/shareArticle?=http:\/\/capgeminiucwe.develop\/?post_type=press-release&amp;p=179\" target=\"_blank\" rel=\"noopener noreferrer\" title=\"Ouvrir dans une nouvelle fen\u00eatre\"><i aria-hidden=\"true\" class=\"icon-li\"><\/i><span class=\"sr-only\">Linkedin<\/span><\/a><\/li><\/ul><\/nav><\/div><div class=\"col-12 col-md-11 col-lg-10\"><div class=\"article-text article-quote-text\">\n<p><strong>Paris, 16 mai 2025 \u2013 Le rapport du <\/strong><a href=\"http:\/\/www.capgemini.com\"><strong><em>Capgemini<\/em><\/strong><\/a><strong><em> Research Institute<\/em> et de Generation Unlimited de l\u2019UNICEF*, \u00ab\u00a0<em><a href=\"https:\/\/www.capgemini.com\/fr-fr\/perspectives\/publications\/sustainability-jeunesse-mondiale-et-environnement\/\">Youth perspectives on climate : Preparing for a sustainable future<\/a><a href=\"https:\/\/www.capgemini.com\/insights\/research-library\/global-youth-and-sustainability\">\u00a0<\/a>\u00bb,<\/em> publi\u00e9 aujourd\u2019hui, explore le point de vue des jeunes sur la crise climatique, sur les \u00ab\u00a0comp\u00e9tences vertes\u00a0\u00bb<a id=\"_ftnref1\" href=\"#_ftn1\"><strong>[1]<\/strong><\/a> et l\u2019obtention d\u2019un dipl\u00f4me pour un emploi vert. Il analyse \u00e9galement sur la fa\u00e7on dont les entreprises et les gouvernements peuvent collaborer avec les jeunes pour les inciter \u00e0 s\u2019engager pour le climat. D\u2019apr\u00e8s le rapport, malgr\u00e9 la mont\u00e9e de l\u2019\u00e9co-anxi\u00e9t\u00e9, une majorit\u00e9 de jeunes garde l\u2019espoir qu\u2019il est encore temps d\u2019aborder et de r\u00e9soudre les probl\u00e8mes caus\u00e9s par le changement climatique. Les jeunes du \u00ab\u00a0Sud global\u00a0\u00bb comme du \u00ab\u00a0Nord global\u00a0\u00bb veulent faire partie de la solution, la plupart d\u2019entre eux \u00e9tant int\u00e9ress\u00e9s par l\u2019\u00e9laboration de politiques environnementales et beaucoup souhaitent poursuivre une carri\u00e8re dans ce domaine, mais le rapport met en \u00e9vidence un manque inqui\u00e9tant de comp\u00e9tences vertes.<\/strong><\/p>\n\n\n\n<p>La plupart des jeunes du monde entier s\u2019inqui\u00e8tent du changement climatique. Plus de deux tiers se disent pr\u00e9occup\u00e9s par la fa\u00e7on dont le changement climatique pourrait affecter leur avenir, en hausse par rapport \u00e0 une enqu\u00eate de l\u2019UNICEF USA datant de 2023, o\u00f9 57&nbsp;% des jeunes du monde entier souffraient d\u2019\u00ab&nbsp;\u00e9co-anxi\u00e9t\u00e9&nbsp;\u00bb.<a href=\"#_ftn2\" id=\"_ftnref2\">[2]<\/a> Les jeunes du Nord global d\u00e9clarent des niveaux plus \u00e9lev\u00e9s d\u2019anxi\u00e9t\u00e9 li\u00e9e au climat (76&nbsp;%) par rapport \u00e0 leurs pairs du Sud global (65&nbsp;%). On note \u00e9galement une fracture entre zones rurales et urbaines&nbsp;: 72&nbsp;% des jeunes vivant dans les zones urbaines et suburbaines se d\u00e9clarant pr\u00e9occup\u00e9s par les effets du changement climatique sur leur avenir, contre 58&nbsp;% dans les zones rurales.<\/p>\n\n\n\n<p><strong>Les jeunes pensent qu\u2019il est encore temps de r\u00e9soudre les probl\u00e8mes li\u00e9s au changement climatique<\/strong><\/p>\n\n\n\n<p>Malgr\u00e9 leur inqui\u00e9tude face au climat, la plupart des jeunes pensent que les comp\u00e9tences vertes sont la cl\u00e9 d\u2019un avenir meilleur&nbsp;: 61&nbsp;% d\u2019entre eux consid\u00e8rent que le d\u00e9veloppement de comp\u00e9tences vertes leur offrira de nouvelles opportunit\u00e9s de carri\u00e8re. Ils souhaitent aussi aligner leur profession avec leurs valeurs climatiques&nbsp;: un peu plus de la moiti\u00e9 d\u2019entre eux (53&nbsp;%) au niveau mondial et pr\u00e8s des deux tiers (64&nbsp;%) dans le Nord global sont int\u00e9ress\u00e9s par un emploi vert.<\/p>\n\n\n\n<p>\u00ab&nbsp;<em>Les jeunes du monde entier, et en particulier aux \u00c9tats-Unis, sont tr\u00e8s conscients de l\u2019urgence des d\u00e9fis pos\u00e9s par le changement climatique. Il est clair qu\u2019ils souhaitent \u00e9galement faire partie de la solution<\/em>, a d\u00e9clar\u00e9 Sarika Naik, Directrice RSE de Capgemini. <em>Nous devons aider les jeunes \u00e0 transformer leur passion en impact en investissant dans les comp\u00e9tences vertes. Ce rapport montre \u00e0 quel point il est essentiel que les entreprises, les gouvernements et les professionnels de l\u2019\u00e9ducation travaillent ensemble pour combler le d\u00e9ficit de comp\u00e9tences, donner la parole aux jeunes et cr\u00e9er des voies d\u2019acc\u00e8s \u00e0 des carri\u00e8res vertes qui aient du sens.<\/em>&nbsp;\u00bb<\/p>\n\n\n\n<p>\u00ab&nbsp;<em>Les jeunes sont les architectes des solutions climatiques. Ils con\u00e7oivent et d\u00e9ploient des solutions innovantes qui r\u00e9pondent aux r\u00e9alit\u00e9s climatiques auxquelles leurs communaut\u00e9s sont confront\u00e9es<\/em>, a d\u00e9clar\u00e9 le Dr Kevin Frey, directeur g\u00e9n\u00e9ral de Generation Unlimited \u00e0 l&#8217;UNICEF. <em>Green Rising, avec son \u00e9cosyst\u00e8me de partenaires des secteurs public et priv\u00e9, aide les jeunes \u00e0 acqu\u00e9rir les comp\u00e9tences et les opportunit\u00e9s dont ils ont besoin pour agir sur le climat, cr\u00e9er des entreprises vertes, acc\u00e9der \u00e0 des emplois verts et mettre en \u0153uvre des solutions vertes.<\/em>&nbsp;\u00bb<\/p>\n\n\n\n<p><strong>Les jeunes n\u2019ont pas les comp\u00e9tences vertes n\u00e9cessaires<\/strong><\/p>\n\n\n\n<p>Les jeunes constituent une r\u00e9serve de talents pour lutter contre le changement climatique, mais la transition verte n\u00e9cessite des travailleurs qualifi\u00e9s. Selon l\u2019Organisation de Coop\u00e9ration et de D\u00e9veloppement Economiques (OCDE), les comp\u00e9tences en mati\u00e8re de durabilit\u00e9 environnementale reposent sur des bases scientifiques solides, une compr\u00e9hension du changement climatique, un engagement \u00e0 prot\u00e9ger l\u2019environnement, la capacit\u00e9 \u00e0 expliquer les probl\u00e8mes environnementaux et la motivation d\u2019agir de mani\u00e8re durable.<a href=\"#_ftn3\" id=\"_ftnref3\">[3]<\/a><\/p>\n\n\n\n<p>Cependant, le rapport r\u00e9v\u00e8le que moins de la moiti\u00e9 des jeunes dans le monde (44&nbsp;%) pensent poss\u00e9der les comp\u00e9tences vertes n\u00e9cessaires pour r\u00e9ussir dans le monde du travail. En termes de comp\u00e9tences vertes, les jeunes des zones rurales sont encore plus en retard que les jeunes des zones urbaines et p\u00e9riurbaines. Ce pourcentage varie \u00e9galement d\u2019une r\u00e9gion \u00e0 l&#8217;autre. Dans les pays du Sud global, environ six jeunes Br\u00e9siliens sur dix d\u00e9clarent poss\u00e9der des comp\u00e9tences vertes, alors que seulement 5&nbsp;% des jeunes \u00c9thiopiens sont de cet avis.<\/p>\n\n\n\n<p>Depuis l\u2019\u00e9tude 2023 du <em>Capgemini Research Institute<\/em><a id=\"_ftnref4\" href=\"#_ftn4\">[4]<\/a>, les jeunes de plusieurs pays du Nord global ont r\u00e9gress\u00e9 dans leur ma\u00eetrise des comp\u00e9tences vertes. Parmi les jeunes \u00e2g\u00e9s de 16 \u00e0 18 ans en Australie, en France, en Allemagne, au Japon, au Royaume-Uni et aux \u00c9tats-Unis, le recyclage et la r\u00e9duction des d\u00e9chets restent les comp\u00e9tences vertes les plus r\u00e9pandues. En revanche, la proportion de jeunes ma\u00eetrisant la conception durable, l\u2019\u00e9nergie durable et le transport durable a consid\u00e9rablement diminu\u00e9 depuis 2023. Dans les pays du Sud global, les jeunes sont les plus comp\u00e9tents en mati\u00e8re de recyclage et de r\u00e9duction des d\u00e9chets, d\u2019\u00e9conomies d\u2019\u00e9nergie et d\u2019eau, mais les moins bien inform\u00e9s sur les technologies climatiques, l\u2019analyse des donn\u00e9es et la conception durable.<\/p>\n\n\n\n<p><strong>Le foss\u00e9 g\u00e9n\u00e9rationnel doit \u00eatre surmont\u00e9 pour trouver des solutions<\/strong><\/p>\n\n\n\n<p>La plupart des jeunes dans le monde (71&nbsp;%) consid\u00e8rent qu\u2019ils devraient exercer une forte influence sur les politiques et les l\u00e9gislations environnementales. Toutefois, la majorit\u00e9 d\u2019entre eux estiment que les dirigeants \u00e9conomiques et politiques ne jouent pas leur r\u00f4le et devraient contribuer davantage \u00e0 la lutte contre le changement climatique. Si pr\u00e8s de deux tiers des jeunes se sentent suffisamment engag\u00e9s pour vouloir parler de l\u2019action climatique avec les dirigeants locaux, moins de la moiti\u00e9 d\u2019entre eux pensent que leurs opinions sont r\u00e9ellement entendues.<\/p>\n\n\n\n<p>Le rapport incite les responsables locaux \u00e0 soutenir les jeunes dans la promotion des solutions climatiques et des comp\u00e9tences vertes. Selon le rapport, l\u2019int\u00e9gration de l\u2019\u00e9ducation \u00e9cologique, l\u2019\u00e9largissement de l\u2019acc\u00e8s \u00e0 la formation et l\u2019alignement des objectifs climatiques sur les strat\u00e9gies d\u2019emploi des jeunes devraient faire partie de la solution et \u00eatre mis en \u0153uvre par les d\u00e9cideurs politiques. Les dirigeants d\u2019entreprise pourraient \u00eatre encourag\u00e9s \u00e0 co-cr\u00e9er des parcours d\u2019emplois verts, \u00e0 investir dans des initiatives men\u00e9es par des jeunes et \u00e0 int\u00e9grer la voix des jeunes dans les strat\u00e9gies de RSE, d\u2019ESG et de lutte contre le changement climatique afin d\u2019instaurer la confiance et de favoriser l\u2019innovation durable.<\/p>\n\n\n\n<p>Alors que les jeunes cherchent \u00e0 se perfectionner, des mouvements mondiaux comme Green Rising visent \u00e0 aider 20 millions de jeunes d\u2019ici \u00e0 2026 \u00e0 agir au niveau local, en leur offrant des possibilit\u00e9s de volontariat, de plaidoyer, de travail r\u00e9mun\u00e9r\u00e9 et d\u2019entreprenariat. Cette initiative est men\u00e9e par <em>Generation Unlimited<\/em>, au sein de l\u2019UNICEF, et soutenue par les secteurs public et priv\u00e9, y compris Capgemini.<\/p>\n\n\n\n<p>Lire le rapport complet&nbsp;: <a href=\"https:\/\/www.capgemini.com\/insights\/research-library\/global-youth-and-sustainability\">https:\/\/www.capgemini.com\/insights\/research-library\/global-youth-and-sustainability<\/a><\/p>\n\n\n\n<hr class=\"wp-block-separator has-alpha-channel-opacity\"\/>\n\n\n\n<p><a href=\"#_ftnref1\" id=\"_ftn1\">[1]<\/a> Les comp\u00e9tences vertes d\u00e9signent les comp\u00e9tences techniques et comportementales qui permettent aux individus de pr\u00e9server la nature, de lutter contre la pollution et d&#8217;utiliser les ressources de mani\u00e8re responsable.<\/p>\n\n\n\n<p><a href=\"#_ftnref2\" id=\"_ftn2\">[2]<\/a> UNICEF USA, \u201cFrom eco-anxiety to eco-optimism, listening to a generation of resilient youth,\u201d Janvier 2023.<\/p>\n\n\n\n<p><a href=\"#_ftnref3\" id=\"_ftn3\">[3]<\/a> OECD, <em>Skills Outlook 2023: Skills for a resilient green and digital transition<\/em>, Novembre 6, 2023.<\/p>\n\n\n\n<p><a href=\"#_ftnref4\" id=\"_ftn4\">[4]<\/a> CRI, <em>Digital skills and technology in secondary education survey<\/em>, Mars 2023<\/p>\n<\/div><\/div><\/div><\/div><\/div><\/section>\n\n\n<div class=\"wp-block-cg-blocks-cg-block-related-content\"><section class=\"relatedContentBlock\"><div class=\"container\"><div class=\"row\"><div class=\"content-title col-12 col-md-8\"><h2 class=\"related-content-heading\">Related news<\/h2><\/div><\/div><div class=\"row relatedContent\"><div class=\"col-lg-4 col-md-6 col-xs-12\">\n\t\t\t\t\t\t\t<div class=\"box\">\n\t\t\t\t\t\t\t\t<a aria-label=\"Lire la suite La r\u00e9industrialisation entre dans une phase plus s\u00e9lective et strat\u00e9gique en Europe et aux \u00c9tats Unis\" href=\"https:\/\/www.capgemini.com\/fr-fr\/actualites\/communiques-de-presse\/la-reindustrialisation-entre-dans-une-phase-plus-selective-et-strategique-en-europe-et-aux-etats-unis\/\" class=\"anchorWrapper\">\n\t\t\t\t\t\t\t\t\t<span class=\"box-tag\"><span>Publications<\/span><\/span>\n\t\t\t\t\t\t\t\t\t<div class=\"box-title\"><h3 class=\"box-subtitle\">La r\u00e9industrialisation entre dans une phase plus s\u00e9lective et strat\u00e9gique en Europe et aux \u00c9tats Unis<\/h3><\/div>\n\t\t\t\t\t\t\t\t\t<div class=\"box-date\">\n\t\t\t\t\t\t\t\t\t\t<span>Apr 20, 2026<\/span>\n\t\t\t\t\t\t\t\t\t<\/div>\n\t\t\t\t\t\t\t\t\t<div class=\"box-bottom\">\n\t\t\t\t\t\t\t\t\t\t&lt;a class=&quot;link-download&quot; href=&quot;https:\/\/www.capgemini.com\/fr-fr\/wp-content\/uploads\/sites\/6\/2026\/04\/2026_04_20_Capgemini_Reindustrialisation-of-Europe-and-the-US-report_3rd-edition_press-release_FR.pdf&quot; aria-label=&quot;T\u00e9l\u00e9charger le communiqu\u00e9 de presse&quot; target=&quot;_blank&quot;  type=&quot;download&quot; title=&quot;Opens in a new window&quot;&gt;\n\t\t\t\t\t\t\t&lt;span&gt;T\u00e9l\u00e9charger le communiqu\u00e9 de presse&lt;\/span&gt;\n\t\t\t\t\t\t\t&lt;span&gt;163 KB PDF&lt;\/span&gt;\n\t\t\t\t\t\t&lt;\/a&gt;\n\t\t\t\t\t\t\t\t\t\t<a class=\"more\" aria-label=\"Lire la suite La r\u00e9industrialisation entre dans une phase plus s\u00e9lective et strat\u00e9gique en Europe et aux \u00c9tats Unis\" href=\"https:\/\/www.capgemini.com\/fr-fr\/actualites\/communiques-de-presse\/la-reindustrialisation-entre-dans-une-phase-plus-selective-et-strategique-en-europe-et-aux-etats-unis\/\">Lire la suite<\/a>\n\t\t\t\t\t\t\t\t\t<\/div>\n\t\t\t\t\t\t\t\t<\/a>\n\t\t\t\t\t\t\t<\/div>\n\t\t\t\t\t\t<\/div><div class=\"col-lg-4 col-md-6 col-xs-12\">\n\t\t\t\t\t\t\t<div class=\"box\">\n\t\t\t\t\t\t\t\t<a aria-label=\"Lire la suite Deux tiers des organisations consid\u00e8rent l\u2019IA physique comme une priorit\u00e9 majeure pour les trois \u00e0 cinq prochaines ann\u00e9es\" href=\"https:\/\/www.capgemini.com\/fr-fr\/actualites\/communiques-de-presse\/deux-tiers-des-organisations-considerent-lia-physique-comme-une-priorite-majeure-pour-les-trois-a-cinq-prochaines-annees\/\" class=\"anchorWrapper\">\n\t\t\t\t\t\t\t\t\t<span class=\"box-tag\"><span>Publications<\/span><\/span>\n\t\t\t\t\t\t\t\t\t<div class=\"box-title\"><h3 class=\"box-subtitle\">Deux tiers des organisations consid\u00e8rent l\u2019IA physique comme une priorit\u00e9 majeure pour les trois \u00e0 cinq prochaines ann\u00e9es<\/h3><\/div>\n\t\t\t\t\t\t\t\t\t<div class=\"box-date\">\n\t\t\t\t\t\t\t\t\t\t<span>Apr 16, 2026<\/span>\n\t\t\t\t\t\t\t\t\t<\/div>\n\t\t\t\t\t\t\t\t\t<div class=\"box-bottom\">\n\t\t\t\t\t\t\t\t\t\t&lt;a class=&quot;link-download&quot; href=&quot;https:\/\/www.capgemini.com\/fr-fr\/wp-content\/uploads\/sites\/6\/2026\/04\/04_16_Physical-AI-CRI-report-press-release-FR.pdf&quot; aria-label=&quot;T\u00e9l\u00e9charger le communiqu\u00e9 de presse&quot; target=&quot;_blank&quot;  type=&quot;download&quot; title=&quot;Opens in a new window&quot;&gt;\n\t\t\t\t\t\t\t&lt;span&gt;T\u00e9l\u00e9charger le communiqu\u00e9 de presse&lt;\/span&gt;\n\t\t\t\t\t\t\t&lt;span&gt;196 KB PDF&lt;\/span&gt;\n\t\t\t\t\t\t&lt;\/a&gt;\n\t\t\t\t\t\t\t\t\t\t<a class=\"more\" aria-label=\"Lire la suite Deux tiers des organisations consid\u00e8rent l\u2019IA physique comme une priorit\u00e9 majeure pour les trois \u00e0 cinq prochaines ann\u00e9es\" href=\"https:\/\/www.capgemini.com\/fr-fr\/actualites\/communiques-de-presse\/deux-tiers-des-organisations-considerent-lia-physique-comme-une-priorite-majeure-pour-les-trois-a-cinq-prochaines-annees\/\">Lire la suite<\/a>\n\t\t\t\t\t\t\t\t\t<\/div>\n\t\t\t\t\t\t\t\t<\/a>\n\t\t\t\t\t\t\t<\/div>\n\t\t\t\t\t\t<\/div><div class=\"col-lg-4 col-md-6 col-xs-12\">\n\t\t\t\t\t\t\t<div class=\"box\">\n\t\t\t\t\t\t\t\t<a aria-label=\"Lire la suite 85 % des entreprises clientes de banques pr\u00e9voient de faire appel \u00e0 une institution financi\u00e8re non bancaire dans l\u2019ann\u00e9e \u00e0 venir, alors que la concurrence avec les capitaux priv\u00e9s s\u2019intensifie\" href=\"https:\/\/www.capgemini.com\/fr-fr\/actualites\/communiques-de-presse\/85-des-entreprises-clientes-de-banques-prevoient-de-faire-appel-a-une-institution-financiere-non-bancaire-dans-lannee-a-venir-alors-que-la-concurrence-avec-les-capitaux-prives-sint\/\" class=\"anchorWrapper\">\n\t\t\t\t\t\t\t\t\t<span class=\"box-tag\"><span>Publications<\/span><\/span>\n\t\t\t\t\t\t\t\t\t<div class=\"box-title\"><h3 class=\"box-subtitle\">85 % des entreprises clientes de banques pr\u00e9voient de faire appel \u00e0 une institution financi\u00e8re non bancaire dans l\u2019ann\u00e9e \u00e0 venir, alors que la concurrence avec les capitaux priv\u00e9s s\u2019intensifie<\/h3><\/div>\n\t\t\t\t\t\t\t\t\t<div class=\"box-date\">\n\t\t\t\t\t\t\t\t\t\t<span>Mar 16, 2026<\/span>\n\t\t\t\t\t\t\t\t\t<\/div>\n\t\t\t\t\t\t\t\t\t<div class=\"box-bottom\">\n\t\t\t\t\t\t\t\t\t\t&lt;a class=&quot;link-download&quot; href=&quot;https:\/\/www.capgemini.com\/fr-fr\/wp-content\/uploads\/sites\/6\/2026\/03\/03_16_WCIBR-Press-Release_FR.pdf&quot; aria-label=&quot;T\u00e9l\u00e9charger le communiqu\u00e9 de presse&quot; target=&quot;_blank&quot;  type=&quot;download&quot; title=&quot;Opens in a new window&quot;&gt;\n\t\t\t\t\t\t\t&lt;span&gt;T\u00e9l\u00e9charger le communiqu\u00e9 de presse&lt;\/span&gt;\n\t\t\t\t\t\t\t&lt;span&gt;142 KB PDF&lt;\/span&gt;\n\t\t\t\t\t\t&lt;\/a&gt;\n\t\t\t\t\t\t\t\t\t\t<a class=\"more\" aria-label=\"Lire la suite 85 % des entreprises clientes de banques pr\u00e9voient de faire appel \u00e0 une institution financi\u00e8re non bancaire dans l\u2019ann\u00e9e \u00e0 venir, alors que la concurrence avec les capitaux priv\u00e9s s\u2019intensifie\" href=\"https:\/\/www.capgemini.com\/fr-fr\/actualites\/communiques-de-presse\/85-des-entreprises-clientes-de-banques-prevoient-de-faire-appel-a-une-institution-financiere-non-bancaire-dans-lannee-a-venir-alors-que-la-concurrence-avec-les-capitaux-prives-sint\/\">Lire la suite<\/a>\n\t\t\t\t\t\t\t\t\t<\/div>\n\t\t\t\t\t\t\t\t<\/a>\n\t\t\t\t\t\t\t<\/div>\n\t\t\t\t\t\t<\/div><\/div><\/div><\/section><\/div>","protected":false},"excerpt":{"rendered":"","protected":false},"author":757,"featured_media":0,"template":"","meta":{"cg_dt_proposed_to":[],"cg_seo_hreflang_relations":"[]","cg_seo_canonical_relation":"","cg_seo_hreflang_x_default_relation":"","cg_dt_approved_content":true,"cg_dt_mandatory_content":true,"cg_dt_notes":"","cg_dg_source_changed":false,"cg_dt_link_disabled":true,"footnotes":"","related_resource_url":"https:\/\/www.capgemini.com\/fr-fr\/wp-content\/uploads\/sites\/6\/2025\/05\/2025_05_16_FR_Youth-perspectives-on-climate_PR-1.pdf","related_resource_id":784381,"related_resource_size":"156 KB","related_resource_type":"pdf","cg_author":0,"featured_focal_points":""},"tags":[],"press-release-type":[87],"brand":[],"class_list":["post-784371","press-release","type-press-release","status-publish","hentry","press-release-type-publications"],"yoast_head":"<!-- This site is optimized with the Yoast SEO Premium plugin v22.8 (Yoast SEO v22.8) - https:\/\/yoast.com\/wordpress\/plugins\/seo\/ -->\n<title>Les jeunes s\u2019inqui\u00e8tent de ne pas avoir les comp\u00e9tences vertes n\u00e9cessaires pour agir efficacement contre le changement climatique - Capgemini France<\/title>\n<meta name=\"robots\" content=\"index, follow, max-snippet:-1, max-image-preview:large, max-video-preview:-1\" \/>\n<link rel=\"canonical\" href=\"https:\/\/www.capgemini.com\/fr-fr\/actualites\/communiques-de-presse\/les-jeunes-sinquietent-de-ne-pas-avoir-les-competences-vertes-necessaires-pour-agir-efficacement-contre-le-changement-climatique\/\" \/>\n<meta property=\"og:locale\" content=\"fr_FR\" \/>\n<meta property=\"og:type\" content=\"article\" \/>\n<meta property=\"og:title\" content=\"Les jeunes s\u2019inqui\u00e8tent de ne pas avoir les comp\u00e9tences vertes n\u00e9cessaires pour agir efficacement contre le changement climatique\" \/>\n<meta property=\"og:url\" content=\"https:\/\/www.capgemini.com\/fr-fr\/actualites\/communiques-de-presse\/les-jeunes-sinquietent-de-ne-pas-avoir-les-competences-vertes-necessaires-pour-agir-efficacement-contre-le-changement-climatique\/\" \/>\n<meta property=\"og:site_name\" content=\"Capgemini France\" \/>\n<meta property=\"article:modified_time\" content=\"2025-05-20T14:30:33+00:00\" \/>\n<meta property=\"og:image\" content=\"https:\/\/www.capgemini.com\/fr-fr\/wp-content\/uploads\/sites\/6\/2025\/05\/CRI_UNICEF-Green-Skills-report_web-preview.jpg\" \/>\n\t<meta property=\"og:image:width\" content=\"640\" \/>\n\t<meta property=\"og:image:height\" content=\"360\" \/>\n\t<meta property=\"og:image:type\" content=\"image\/jpeg\" \/>\n<meta name=\"twitter:card\" content=\"summary_large_image\" \/>\n<meta name=\"twitter:label1\" content=\"Est. reading time\" \/>\n\t<meta name=\"twitter:data1\" content=\"7 minutes\" \/>\n<script type=\"application\/ld+json\" class=\"yoast-schema-graph\">{\"@context\":\"https:\/\/schema.org\",\"@graph\":[{\"@type\":\"WebPage\",\"@id\":\"https:\/\/www.capgemini.com\/fr-fr\/actualites\/communiques-de-presse\/les-jeunes-sinquietent-de-ne-pas-avoir-les-competences-vertes-necessaires-pour-agir-efficacement-contre-le-changement-climatique\/\",\"url\":\"https:\/\/www.capgemini.com\/fr-fr\/actualites\/communiques-de-presse\/les-jeunes-sinquietent-de-ne-pas-avoir-les-competences-vertes-necessaires-pour-agir-efficacement-contre-le-changement-climatique\/\",\"name\":\"Les jeunes s\u2019inqui\u00e8tent de ne pas avoir les comp\u00e9tences vertes n\u00e9cessaires pour agir efficacement contre le changement climatique - Capgemini France\",\"isPartOf\":{\"@id\":\"https:\/\/www.capgemini.com\/fr-fr\/#website\"},\"datePublished\":\"2025-05-16T06:30:00+00:00\",\"dateModified\":\"2025-05-20T14:30:33+00:00\",\"breadcrumb\":{\"@id\":\"https:\/\/www.capgemini.com\/fr-fr\/actualites\/communiques-de-presse\/les-jeunes-sinquietent-de-ne-pas-avoir-les-competences-vertes-necessaires-pour-agir-efficacement-contre-le-changement-climatique\/#breadcrumb\"},\"inLanguage\":\"fr-FR\",\"potentialAction\":[{\"@type\":\"ReadAction\",\"target\":[\"https:\/\/www.capgemini.com\/fr-fr\/actualites\/communiques-de-presse\/les-jeunes-sinquietent-de-ne-pas-avoir-les-competences-vertes-necessaires-pour-agir-efficacement-contre-le-changement-climatique\/\"]}]},{\"@type\":\"BreadcrumbList\",\"@id\":\"https:\/\/www.capgemini.com\/fr-fr\/actualites\/communiques-de-presse\/les-jeunes-sinquietent-de-ne-pas-avoir-les-competences-vertes-necessaires-pour-agir-efficacement-contre-le-changement-climatique\/#breadcrumb\",\"itemListElement\":[{\"@type\":\"ListItem\",\"position\":1,\"name\":\"Press Releases\",\"item\":\"https:\/\/www.capgemini.com\/fr-fr\/news\/\"},{\"@type\":\"ListItem\",\"position\":2,\"name\":\"Les jeunes s\u2019inqui\u00e8tent de ne pas avoir les comp\u00e9tences vertes n\u00e9cessaires pour agir efficacement contre le changement climatique\"}]},{\"@type\":\"WebSite\",\"@id\":\"https:\/\/www.capgemini.com\/fr-fr\/#website\",\"url\":\"https:\/\/www.capgemini.com\/fr-fr\/\",\"name\":\"Capgemini France\",\"description\":\"Just another www.capgemini.com site\",\"publisher\":{\"@id\":\"https:\/\/www.capgemini.com\/fr-fr\/#organization\"},\"potentialAction\":[{\"@type\":\"SearchAction\",\"target\":{\"@type\":\"EntryPoint\",\"urlTemplate\":\"https:\/\/www.capgemini.com\/fr-fr\/?s={search_term_string}\"},\"query-input\":\"required name=search_term_string\"}],\"inLanguage\":\"fr-FR\"},{\"@type\":\"Organization\",\"@id\":\"https:\/\/www.capgemini.com\/fr-fr\/#organization\",\"name\":\"Capgemini France\",\"url\":\"https:\/\/www.capgemini.com\/fr-fr\/\",\"logo\":{\"@type\":\"ImageObject\",\"inLanguage\":\"fr-FR\",\"@id\":\"https:\/\/www.capgemini.com\/fr-fr\/#\/schema\/logo\/image\/\",\"url\":\"https:\/\/www.capgemini.com\/fr-fr\/wp-content\/uploads\/sites\/6\/2022\/08\/Logo-Capgemini.png\",\"contentUrl\":\"https:\/\/www.capgemini.com\/fr-fr\/wp-content\/uploads\/sites\/6\/2022\/08\/Logo-Capgemini.png\",\"width\":202,\"height\":60,\"caption\":\"Capgemini France\"},\"image\":{\"@id\":\"https:\/\/www.capgemini.com\/fr-fr\/#\/schema\/logo\/image\/\"}}]}<\/script>\n<!-- \/ Yoast SEO Premium plugin. -->","yoast_head_json":{"title":"Les jeunes s\u2019inqui\u00e8tent de ne pas avoir les comp\u00e9tences vertes n\u00e9cessaires pour agir efficacement contre le changement climatique - Capgemini France","robots":{"index":"index","follow":"follow","max-snippet":"max-snippet:-1","max-image-preview":"max-image-preview:large","max-video-preview":"max-video-preview:-1"},"canonical":"https:\/\/www.capgemini.com\/fr-fr\/actualites\/communiques-de-presse\/les-jeunes-sinquietent-de-ne-pas-avoir-les-competences-vertes-necessaires-pour-agir-efficacement-contre-le-changement-climatique\/","og_locale":"fr_FR","og_type":"article","og_title":"Les jeunes s\u2019inqui\u00e8tent de ne pas avoir les comp\u00e9tences vertes n\u00e9cessaires pour agir efficacement contre le changement climatique","og_url":"https:\/\/www.capgemini.com\/fr-fr\/actualites\/communiques-de-presse\/les-jeunes-sinquietent-de-ne-pas-avoir-les-competences-vertes-necessaires-pour-agir-efficacement-contre-le-changement-climatique\/","og_site_name":"Capgemini France","article_modified_time":"2025-05-20T14:30:33+00:00","og_image":[{"width":640,"height":360,"url":"https:\/\/www.capgemini.com\/fr-fr\/wp-content\/uploads\/sites\/6\/2025\/05\/CRI_UNICEF-Green-Skills-report_web-preview.jpg","type":"image\/jpeg"}],"twitter_card":"summary_large_image","twitter_misc":{"Est. reading time":"7 minutes"},"schema":{"@context":"https:\/\/schema.org","@graph":[{"@type":"WebPage","@id":"https:\/\/www.capgemini.com\/fr-fr\/actualites\/communiques-de-presse\/les-jeunes-sinquietent-de-ne-pas-avoir-les-competences-vertes-necessaires-pour-agir-efficacement-contre-le-changement-climatique\/","url":"https:\/\/www.capgemini.com\/fr-fr\/actualites\/communiques-de-presse\/les-jeunes-sinquietent-de-ne-pas-avoir-les-competences-vertes-necessaires-pour-agir-efficacement-contre-le-changement-climatique\/","name":"Les jeunes s\u2019inqui\u00e8tent de ne pas avoir les comp\u00e9tences vertes n\u00e9cessaires pour agir efficacement contre le changement climatique - Capgemini France","isPartOf":{"@id":"https:\/\/www.capgemini.com\/fr-fr\/#website"},"datePublished":"2025-05-16T06:30:00+00:00","dateModified":"2025-05-20T14:30:33+00:00","breadcrumb":{"@id":"https:\/\/www.capgemini.com\/fr-fr\/actualites\/communiques-de-presse\/les-jeunes-sinquietent-de-ne-pas-avoir-les-competences-vertes-necessaires-pour-agir-efficacement-contre-le-changement-climatique\/#breadcrumb"},"inLanguage":"fr-FR","potentialAction":[{"@type":"ReadAction","target":["https:\/\/www.capgemini.com\/fr-fr\/actualites\/communiques-de-presse\/les-jeunes-sinquietent-de-ne-pas-avoir-les-competences-vertes-necessaires-pour-agir-efficacement-contre-le-changement-climatique\/"]}]},{"@type":"BreadcrumbList","@id":"https:\/\/www.capgemini.com\/fr-fr\/actualites\/communiques-de-presse\/les-jeunes-sinquietent-de-ne-pas-avoir-les-competences-vertes-necessaires-pour-agir-efficacement-contre-le-changement-climatique\/#breadcrumb","itemListElement":[{"@type":"ListItem","position":1,"name":"Press Releases","item":"https:\/\/www.capgemini.com\/fr-fr\/news\/"},{"@type":"ListItem","position":2,"name":"Les jeunes s\u2019inqui\u00e8tent de ne pas avoir les comp\u00e9tences vertes n\u00e9cessaires pour agir efficacement contre le changement climatique"}]},{"@type":"WebSite","@id":"https:\/\/www.capgemini.com\/fr-fr\/#website","url":"https:\/\/www.capgemini.com\/fr-fr\/","name":"Capgemini France","description":"Just another www.capgemini.com site","publisher":{"@id":"https:\/\/www.capgemini.com\/fr-fr\/#organization"},"potentialAction":[{"@type":"SearchAction","target":{"@type":"EntryPoint","urlTemplate":"https:\/\/www.capgemini.com\/fr-fr\/?s={search_term_string}"},"query-input":"required name=search_term_string"}],"inLanguage":"fr-FR"},{"@type":"Organization","@id":"https:\/\/www.capgemini.com\/fr-fr\/#organization","name":"Capgemini France","url":"https:\/\/www.capgemini.com\/fr-fr\/","logo":{"@type":"ImageObject","inLanguage":"fr-FR","@id":"https:\/\/www.capgemini.com\/fr-fr\/#\/schema\/logo\/image\/","url":"https:\/\/www.capgemini.com\/fr-fr\/wp-content\/uploads\/sites\/6\/2022\/08\/Logo-Capgemini.png","contentUrl":"https:\/\/www.capgemini.com\/fr-fr\/wp-content\/uploads\/sites\/6\/2022\/08\/Logo-Capgemini.png","width":202,"height":60,"caption":"Capgemini France"},"image":{"@id":"https:\/\/www.capgemini.com\/fr-fr\/#\/schema\/logo\/image\/"}}]}},"parsely":{"version":"1.1.0","canonical_url":"https:\/\/capgemini.com\/fr-fr\/actualites\/communiques-de-presse\/les-jeunes-sinquietent-de-ne-pas-avoir-les-competences-vertes-necessaires-pour-agir-efficacement-contre-le-changement-climatique\/","smart_links":{"inbound":0,"outbound":0},"traffic_boost_suggestions_count":0,"meta":{"@context":"https:\/\/schema.org","@type":"NewsArticle","headline":"Les jeunes s\u2019inqui\u00e8tent de ne pas avoir les comp\u00e9tences vertes n\u00e9cessaires pour agir efficacement contre le changement climatique","url":"https:\/\/www.capgemini.com\/fr-fr\/actualites\/communiques-de-presse\/les-jeunes-sinquietent-de-ne-pas-avoir-les-competences-vertes-necessaires-pour-agir-efficacement-contre-le-changement-climatique\/","mainEntityOfPage":{"@type":"WebPage","@id":"https:\/\/www.capgemini.com\/fr-fr\/actualites\/communiques-de-presse\/les-jeunes-sinquietent-de-ne-pas-avoir-les-competences-vertes-necessaires-pour-agir-efficacement-contre-le-changement-climatique\/"},"thumbnailUrl":"","image":{"@type":"ImageObject","url":""},"articleSection":"Uncategorized","author":[],"creator":[],"publisher":{"@type":"Organization","name":"Capgemini France","logo":""},"keywords":[],"dateCreated":"2025-05-16T06:30:00Z","datePublished":"2025-05-16T06:30:00Z","dateModified":"2025-05-20T14:30:33Z"},"rendered":"<meta name=\"parsely-title\" content=\"Les jeunes s\u2019inqui\u00e8tent de ne pas avoir les comp\u00e9tences vertes n\u00e9cessaires pour agir efficacement contre le changement climatique\" \/>\n<meta name=\"parsely-link\" content=\"https:\/\/www.capgemini.com\/fr-fr\/actualites\/communiques-de-presse\/les-jeunes-sinquietent-de-ne-pas-avoir-les-competences-vertes-necessaires-pour-agir-efficacement-contre-le-changement-climatique\/\" \/>\n<meta name=\"parsely-type\" content=\"post\" \/>\n<meta name=\"parsely-pub-date\" content=\"2025-05-16T06:30:00Z\" \/>\n<meta name=\"parsely-section\" content=\"Uncategorized\" \/>","tracker_url":"https:\/\/cdn.parsely.com\/keys\/capgemini.com\/p.js"},"archive_status":false,"featured_image_src":"https:\/\/www.capgemini.com\/fr-fr\/wp-content\/themes\/capgemini2025\/assets\/images\/mockup.png","featured_image_alt":false,"jetpack_sharing_enabled":true,"distributor_meta":false,"distributor_terms":false,"distributor_media":false,"distributor_original_site_name":"Capgemini France","distributor_original_site_url":"https:\/\/www.capgemini.com\/fr-fr","push-errors":false,"tag_names":[],"_links":{"self":[{"href":"https:\/\/www.capgemini.com\/fr-fr\/wp-json\/wp\/v2\/press-release\/784371","targetHints":{"allow":["GET"]}}],"collection":[{"href":"https:\/\/www.capgemini.com\/fr-fr\/wp-json\/wp\/v2\/press-release"}],"about":[{"href":"https:\/\/www.capgemini.com\/fr-fr\/wp-json\/wp\/v2\/types\/press-release"}],"author":[{"embeddable":true,"href":"https:\/\/www.capgemini.com\/fr-fr\/wp-json\/wp\/v2\/users\/757"}],"version-history":[{"count":3,"href":"https:\/\/www.capgemini.com\/fr-fr\/wp-json\/wp\/v2\/press-release\/784371\/revisions"}],"predecessor-version":[{"id":784720,"href":"https:\/\/www.capgemini.com\/fr-fr\/wp-json\/wp\/v2\/press-release\/784371\/revisions\/784720"}],"wp:attachment":[{"href":"https:\/\/www.capgemini.com\/fr-fr\/wp-json\/wp\/v2\/media?parent=784371"}],"wp:term":[{"taxonomy":"post_tag","embeddable":true,"href":"https:\/\/www.capgemini.com\/fr-fr\/wp-json\/wp\/v2\/tags?post=784371"},{"taxonomy":"press-release-type","embeddable":true,"href":"https:\/\/www.capgemini.com\/fr-fr\/wp-json\/wp\/v2\/press-release-type?post=784371"},{"taxonomy":"brand","embeddable":true,"href":"https:\/\/www.capgemini.com\/fr-fr\/wp-json\/wp\/v2\/brand?post=784371"}],"curies":[{"name":"wp","href":"https:\/\/api.w.org\/{rel}","templated":true}]}}