{"id":781396,"date":"2025-04-02T17:00:49","date_gmt":"2025-04-02T15:00:49","guid":{"rendered":"https:\/\/www.capgemini.com\/fr-fr\/?post_type=press-release&#038;p=781396"},"modified":"2025-04-02T17:00:51","modified_gmt":"2025-04-02T15:00:51","slug":"capgemini-reconnu-leader-de-la-modernisation-des-applications-et-des-services-manages-multicloud-par-un-cabinet-d-etudes-independant","status":"publish","type":"press-release","link":"https:\/\/www.capgemini.com\/fr-fr\/actualites\/communiques-de-presse\/capgemini-reconnu-leader-de-la-modernisation-des-applications-et-des-services-manages-multicloud\/","title":{"rendered":"Capgemini reconnu \u00ab Leader \u00bb de la modernisation des applications et des services manag\u00e9s multicloud par un cabinet d&#8217;\u00e9tudes ind\u00e9pendant"},"content":{"rendered":"\t\t<div class=\"wp-block-cg-blocks-hero-press-release\">\n\t\t\t<header class=\"header-hero-press-release\" role=\"main\" id=\"main-content-press-release\">\n\t\t\t\t<div class=\"container\">\n\t\t\t\t\t<div class=\"hero-press-release\">\n\t\t\t\t\t\t<div class=\"hero-press-release-content-wrapper\">\n\t\t\t\t\t\t\t<div class=\"row\">\n\t\t\t\t\t\t\t\t<div class=\"col-12\">\n\t\t\t\t\t\t\t\t\t<div class=\"header-title\">\n\t\t\t\t\t\t\t\t\t\t<h1>\n\t\t\t\t\t\t\t\t\t\t\tCapgemini reconnu \u00ab Leader \u00bb de la modernisation des applications et des services manag\u00e9s multicloud par un cabinet d&#8217;\u00e9tudes ind\u00e9pendant\t\t\t\t\t\t\t\t\t\t<\/h1>\n\t\t\t\t\t\t\t\t\t<\/div>\n\t\t\t\t\t\t\t\t\t<div class=\"header-description\">\n\t\t\t\t\t\t\t\t\t\t<p><\/p>\n\t\t\t\t\t\t\t\t\t<\/div>\n\t\t\t\t\t\t\t\t\t\t\t\t\t\t\t\t\t\t<div class=\"header-date\">\n\t\t\t\t\t\t\t\t\t\t<span>avr. 2, 2025<\/span>\n\t\t\t\t\t\t\t\t\t<\/div>\n\t\t\t\t\t\t\t\t<\/div>\n\t\t\t\t\t\t\t<\/div>\n\t\t\t\t\t\t<\/div>\n\t\t\t\t\t\t\t\t\t\t\t\t\t<div class=\"hero-press-release-downloads\">\n\t\t\t\t\t\t\t\t<div class=\"row\">\n\t\t\t\t\t\t\t\t\t\t\t\t\t\t\t\t\t\t\t<div class=\"col-12 col-md-6 col-lg-3\">\n\t\t\t\t\t\t\t\t\t\t\t<a class=\"download-item\" type=\"download\" href=\"https:\/\/www.capgemini.com\/wp-content\/uploads\/2025\/04\/2025_04_02_Capgemini-News-Alert_-Forrester-Wave_Application-Modernization-and-Multicloud-Managed-Services-2.pdf\" target=\"_blank\" rel=\"noopener noreferrer\" title=\"Ouvrir dans une nouvelle fen\u00eatre\">\n\t\t\t\t\t\t\t\t\t\t\t\t<div class=\"download-icon\"><\/div>\n\t\t\t\t\t\t\t\t\t\t\t\t<div class=\"download-details\">\n\t\t\t\t\t\t\t\t\t\t\t\t\t<div class=\"download-title\">T\u00e9l\u00e9charger le communiqu\u00e9 de presse en anglais<\/div>\n\t\t\t\t\t\t\t\t\t\t\t\t\t<div class=\"download-props\">108 KB  pdf<\/div>\n\t\t\t\t\t\t\t\t\t\t\t\t<\/div>\n\t\t\t\t\t\t\t\t\t\t\t<\/a>\n\t\t\t\t\t\t\t\t\t\t<\/div>\n\t\t\t\t\t\t\t\t\t\t\t\t\t\t\t\t\t\t<\/div>\n\t\t\t\t\t\t\t<\/div>\n\t\t\t\t\t\t\t\t\t\t\t\t\t\t\t\t\t<\/div>\n\t\t\t\t<\/div>\n\t\t\t<\/header>\n\t\t<\/div>\n\t\t\n\n\n<section class=\"wp-block-cg-blocks-group undefined section section--article-content\"><div class=\"article-main-content\"><div class=\"container\"><div class=\"row\"><div class=\"col-12 col-md-1\"><nav class=\"article-social\"><ul class=\"social-nav\"><li class=\"ip-order-fb\"><a href=\"https:\/\/www.facebook.com\/sharer\/sharer.php?=http:\/\/capgeminiucwe.develop\/?post_type=press-release&amp;p=179\" target=\"_blank\" rel=\"noopener noreferrer\" title=\"Ouvrir dans une nouvelle fen\u00eatre\"><i aria-hidden=\"true\" class=\"icon-fb\"><\/i><span class=\"sr-only\">Facebook<\/span><\/a><\/li><li class=\"ip-order-tw\"><a href=\"https:\/\/twitter.com\/intent\/tweet?=http:\/\/capgeminiucwe.develop\/?post_type=press-release&amp;p=179\" target=\"_blank\" rel=\"noopener noreferrer\" title=\"Ouvrir dans une nouvelle fen\u00eatre\"><i aria-hidden=\"true\" class=\"icon-tw\"><\/i><span class=\"sr-only\">Twitter<\/span><\/a><\/li><li class=\"ip-order-li\"><a href=\"https:\/\/www.linkedin.com\/shareArticle?=http:\/\/capgeminiucwe.develop\/?post_type=press-release&amp;p=179\" target=\"_blank\" rel=\"noopener noreferrer\" title=\"Ouvrir dans une nouvelle fen\u00eatre\"><i aria-hidden=\"true\" class=\"icon-li\"><\/i><span class=\"sr-only\">Linkedin<\/span><\/a><\/li><\/ul><\/nav><\/div><div class=\"col-12 col-md-11 col-lg-10\"><div class=\"article-text article-quote-text\">\n<p>Le rapport &#8220;<em>The Forrester Wave\u2122 : Application Modernization and Multicloud Managed Services, Q1 2025<\/em>&#8221; du cabinet de recherche Forrester a reconnu Capgemini comme &#8220;Leader&#8221; dans la modernisation des applications et des services manag\u00e9s multicloud. L&#8217;entreprise a obtenu les meilleures notes dans plusieurs crit\u00e8res, tels que l&#8217;intelligence artificielle, la collaboration, et les services de modernisation et de migration des applications. <\/p>\n\n\n\n<p>Le rapport met en avant l&#8217;approche collaborative de Capgemini et son expertise en mati\u00e8re de services g\u00e9r\u00e9s d&#8217;applications et d&#8217;infrastructures, notamment dans le domaine du cloud. Il souligne \u00e9galement les efforts de l&#8217;entreprise en mati\u00e8re de durabilit\u00e9 et de talent, ainsi que son int\u00e9r\u00eat croissant pour l&#8217;intelligence artificielle g\u00e9n\u00e9rative.<\/p>\n<\/div><\/div><\/div><\/div><\/div><\/section>\n\n\n<div class=\"wp-block-cg-blocks-cg-block-related-content\"><section class=\"relatedContentBlock\"><div class=\"container\"><div class=\"row\"><div class=\"content-title col-12 col-md-8\"><h2 class=\"related-content-heading\">Autres publications<\/h2><\/div><\/div><div class=\"row relatedContent\"><div class=\"col-lg-4 col-md-6 col-xs-12\">\n\t\t\t\t\t\t\t<div class=\"box\">\n\t\t\t\t\t\t\t\t<a aria-label=\"Lire la suite Capgemini reconnu Leader du Gartner\u00ae Magic Quadrant\u2122 2025 pour les services de d\u00e9veloppement logiciel sur mesure\" href=\"https:\/\/www.capgemini.com\/fr-fr\/actualites\/communiques-de-presse\/leader-gartner-magic-quadrant-2025-custom-software-development-services\/\" class=\"anchorWrapper\">\n\t\t\t\t\t\t\t\t\t<span class=\"box-tag\"><span>Prix et reconnaissance<\/span><\/span>\n\t\t\t\t\t\t\t\t\t<div class=\"box-title\"><h3 class=\"box-subtitle\">Capgemini reconnu Leader du Gartner\u00ae Magic Quadrant\u2122 2025 pour les services de d\u00e9veloppement logiciel sur mesure<\/h3><\/div>\n\t\t\t\t\t\t\t\t\t<div class=\"box-date\">\n\t\t\t\t\t\t\t\t\t\t<span>Dec 8, 2025<\/span>\n\t\t\t\t\t\t\t\t\t<\/div>\n\t\t\t\t\t\t\t\t\t<div class=\"box-bottom\">\n\t\t\t\t\t\t\t\t\t\t&lt;a class=&quot;link-download&quot; href=&quot;https:\/\/www.capgemini.com\/wp-content\/uploads\/2025\/12\/2025_12_08_Capgemini-_Leader_in_Gartner_Custom-Software-Development-Services.pdf&quot; aria-label=&quot;T\u00e9l\u00e9charger le communiqu\u00e9 de presse&quot; target=&quot;_blank&quot;  type=&quot;download&quot; title=&quot;Opens in a new window&quot;&gt;\n\t\t\t\t\t\t\t&lt;span&gt;T\u00e9l\u00e9charger le communiqu\u00e9 de presse&lt;\/span&gt;\n\t\t\t\t\t\t\t&lt;span&gt;111 KB PDF&lt;\/span&gt;\n\t\t\t\t\t\t&lt;\/a&gt;\n\t\t\t\t\t\t\t\t\t\t<a class=\"more\" aria-label=\"Lire la suite Capgemini reconnu Leader du Gartner\u00ae Magic Quadrant\u2122 2025 pour les services de d\u00e9veloppement logiciel sur mesure\" href=\"https:\/\/www.capgemini.com\/fr-fr\/actualites\/communiques-de-presse\/leader-gartner-magic-quadrant-2025-custom-software-development-services\/\">Lire la suite<\/a>\n\t\t\t\t\t\t\t\t\t<\/div>\n\t\t\t\t\t\t\t\t<\/a>\n\t\t\t\t\t\t\t<\/div>\n\t\t\t\t\t\t<\/div><div class=\"col-lg-4 col-md-6 col-xs-12\">\n\t\t\t\t\t\t\t<div class=\"box\">\n\t\t\t\t\t\t\t\t<a aria-label=\"Lire la suite Capgemini reconnu comme un &#8216;Leader&#8217; en mati\u00e8re de services &#8216;Connected Product Engineering&#8217; par un cabinet de recherche ind\u00e9pendant\" href=\"https:\/\/www.capgemini.com\/fr-fr\/actualites\/communiques-de-presse\/capgemini-reconnu-leader-en-matiere-de-services-connected-product-engineering\/\" class=\"anchorWrapper\">\n\t\t\t\t\t\t\t\t\t<span class=\"box-tag\"><span>Prix et reconnaissance<\/span><\/span>\n\t\t\t\t\t\t\t\t\t<div class=\"box-title\"><h3 class=\"box-subtitle\">Capgemini reconnu comme un &#8216;Leader&#8217; en mati\u00e8re de services &#8216;Connected Product Engineering&#8217; par un cabinet de recherche ind\u00e9pendant<\/h3><\/div>\n\t\t\t\t\t\t\t\t\t<div class=\"box-date\">\n\t\t\t\t\t\t\t\t\t\t<span>Nov 6, 2025<\/span>\n\t\t\t\t\t\t\t\t\t<\/div>\n\t\t\t\t\t\t\t\t\t<div class=\"box-bottom\">\n\t\t\t\t\t\t\t\t\t\t&lt;a class=&quot;link-download&quot; href=&quot;https:\/\/www.capgemini.com\/wp-content\/uploads\/2025\/11\/2025_11_06_Capgemini-_Leader_in_Forrester_Connected-Product-Engineering-Services_.pdf&quot; aria-label=&quot;T\u00e9l\u00e9charger le communiqu\u00e9 de presse&quot; target=&quot;_blank&quot;  type=&quot;download&quot; title=&quot;Opens in a new window&quot;&gt;\n\t\t\t\t\t\t\t&lt;span&gt;T\u00e9l\u00e9charger le communiqu\u00e9 de presse&lt;\/span&gt;\n\t\t\t\t\t\t\t&lt;span&gt;145 KB PDF&lt;\/span&gt;\n\t\t\t\t\t\t&lt;\/a&gt;\n\t\t\t\t\t\t\t\t\t\t<a class=\"more\" aria-label=\"Lire la suite Capgemini reconnu comme un &#8216;Leader&#8217; en mati\u00e8re de services &#8216;Connected Product Engineering&#8217; par un cabinet de recherche ind\u00e9pendant\" href=\"https:\/\/www.capgemini.com\/fr-fr\/actualites\/communiques-de-presse\/capgemini-reconnu-leader-en-matiere-de-services-connected-product-engineering\/\">Lire la suite<\/a>\n\t\t\t\t\t\t\t\t\t<\/div>\n\t\t\t\t\t\t\t\t<\/a>\n\t\t\t\t\t\t\t<\/div>\n\t\t\t\t\t\t<\/div><div class=\"col-lg-4 col-md-6 col-xs-12\">\n\t\t\t\t\t\t\t<div class=\"box\">\n\t\t\t\t\t\t\t\t<a aria-label=\"Lire la suite Avec Outcome IQ, Capgemini propose des probabilit\u00e9s dynamiques et des enseignements de matchs fond\u00e9s sur l\u2019IA \u00e0 la Ryder Cup 2025\" href=\"https:\/\/www.capgemini.com\/fr-fr\/actualites\/communiques-de-presse\/avec-outcome-iq-capgemini-propose-des-probabilites-dynamiques-et-des-enseignements-de-matchs-fondes-sur-lia-a-la-ryder-cup-2025\/\" class=\"anchorWrapper\">\n\t\t\t\t\t\t\t\t\t<span class=\"box-tag\"><span>Prix et reconnaissance<\/span><\/span>\n\t\t\t\t\t\t\t\t\t<div class=\"box-title\"><h3 class=\"box-subtitle\">Avec Outcome IQ, Capgemini propose des probabilit\u00e9s dynamiques et des enseignements de matchs fond\u00e9s sur l\u2019IA \u00e0 la Ryder Cup 2025<\/h3><\/div>\n\t\t\t\t\t\t\t\t\t<div class=\"box-date\">\n\t\t\t\t\t\t\t\t\t\t<span>Sep 12, 2025<\/span>\n\t\t\t\t\t\t\t\t\t<\/div>\n\t\t\t\t\t\t\t\t\t<div class=\"box-bottom\">\n\t\t\t\t\t\t\t\t\t\t&lt;a class=&quot;link-download&quot; href=&quot;https:\/\/www.capgemini.com\/fr-fr\/wp-content\/uploads\/sites\/6\/2025\/09\/09_12_Capgemini-press-release_Ryder-Cup-2025_Outcome-IQ_FR.pdf&quot; aria-label=&quot;T\u00e9l\u00e9charger le communiqu\u00e9 de presse&quot; target=&quot;_blank&quot;  type=&quot;download&quot; title=&quot;Opens in a new window&quot;&gt;\n\t\t\t\t\t\t\t&lt;span&gt;T\u00e9l\u00e9charger le communiqu\u00e9 de presse&lt;\/span&gt;\n\t\t\t\t\t\t\t&lt;span&gt;180 KB PDF&lt;\/span&gt;\n\t\t\t\t\t\t&lt;\/a&gt;\n\t\t\t\t\t\t\t\t\t\t<a class=\"more\" aria-label=\"Lire la suite Avec Outcome IQ, Capgemini propose des probabilit\u00e9s dynamiques et des enseignements de matchs fond\u00e9s sur l\u2019IA \u00e0 la Ryder Cup 2025\" href=\"https:\/\/www.capgemini.com\/fr-fr\/actualites\/communiques-de-presse\/avec-outcome-iq-capgemini-propose-des-probabilites-dynamiques-et-des-enseignements-de-matchs-fondes-sur-lia-a-la-ryder-cup-2025\/\">Lire la suite<\/a>\n\t\t\t\t\t\t\t\t\t<\/div>\n\t\t\t\t\t\t\t\t<\/a>\n\t\t\t\t\t\t\t<\/div>\n\t\t\t\t\t\t<\/div><\/div><\/div><\/section><\/div>","protected":false},"excerpt":{"rendered":"<p>Capgemini est reconnu &#8220;Leader&#8221; de la modernisation des applications et des services manag\u00e9s multicloud par le cabinet d&#8217;\u00e9tudes ind\u00e9pendant Forrester. Cette expertise lui permet de guider les entreprises dans leur transformation digitale, en int\u00e9grant modernisation des applications, migration vers le cloud, durabilit\u00e9, innovation et performance.<\/p>\n","protected":false},"author":238,"featured_media":0,"template":"","meta":{"cg_dt_proposed_to":[21,46,41],"cg_seo_hreflang_relations":"[]","cg_seo_canonical_relation":"","cg_seo_hreflang_x_default_relation":"","cg_dt_approved_content":true,"cg_dt_mandatory_content":false,"cg_dt_notes":"Capgemini est reconnu \"Leader\" de la modernisation des applications et des services manag\u00e9s multicloud par le cabinet d'\u00e9tudes ind\u00e9pendant Forrester. Cette expertise lui permet de guider les entreprises dans leur transformation digitale, en int\u00e9grant modernisation des applications, migration vers le cloud, durabilit\u00e9, innovation et performance.","cg_dg_source_changed":true,"cg_dt_link_disabled":true,"footnotes":"","related_resource_url":"https:\/\/www.capgemini.com\/wp-content\/uploads\/2025\/04\/2025_04_02_Capgemini-News-Alert_-Forrester-Wave_Application-Modernization-and-Multicloud-Managed-Services-2.pdf","related_resource_id":1115250,"related_resource_size":"108 KB","related_resource_type":"pdf","cg_author":0,"featured_focal_points":""},"tags":[17,13],"press-release-type":[823],"brand":[],"class_list":["post-781396","press-release","type-press-release","status-publish","hentry","tag-innovation","tag-digital-transformation","press-release-type-prix-reconnaissance"],"yoast_head":"<!-- This site is optimized with the Yoast SEO Premium plugin v22.8 (Yoast SEO v22.8) - https:\/\/yoast.com\/wordpress\/plugins\/seo\/ -->\n<title>Capgemini reconnu \u00ab Leader \u00bb de la modernisation des applications et des services manag\u00e9s multicloud par un cabinet d&#039;\u00e9tudes ind\u00e9pendant - Capgemini France<\/title>\n<meta name=\"description\" content=\"Cette expertise permet de guider les entreprises dans leur transformation digitale, en int\u00e9grant modernisation des applications, migration vers le cloud, durabilit\u00e9, innovation et performance.\" \/>\n<meta name=\"robots\" content=\"index, follow, max-snippet:-1, max-image-preview:large, max-video-preview:-1\" \/>\n<link rel=\"canonical\" href=\"https:\/\/www.capgemini.com\/fr-fr\/actualites\/communiques-de-presse\/capgemini-reconnu-leader-de-la-modernisation-des-applications-et-des-services-manages-multicloud\/\" \/>\n<meta property=\"og:locale\" content=\"fr_FR\" \/>\n<meta property=\"og:type\" content=\"article\" \/>\n<meta property=\"og:title\" content=\"Capgemini reconnu \u00ab Leader \u00bb de la modernisation des applications et des services manag\u00e9s multicloud par un cabinet d&#039;\u00e9tudes ind\u00e9pendant\" \/>\n<meta property=\"og:description\" content=\"Cette expertise permet de guider les entreprises dans leur transformation digitale, en int\u00e9grant modernisation des applications, migration vers le cloud, durabilit\u00e9, innovation et performance.\" \/>\n<meta property=\"og:url\" content=\"https:\/\/www.capgemini.com\/fr-fr\/actualites\/communiques-de-presse\/capgemini-reconnu-leader-de-la-modernisation-des-applications-et-des-services-manages-multicloud\/\" \/>\n<meta property=\"og:site_name\" content=\"Capgemini France\" \/>\n<meta property=\"article:modified_time\" content=\"2025-04-02T15:00:51+00:00\" \/>\n<meta property=\"og:image\" content=\"https:\/\/www.capgemini.com\/fr-fr\/wp-content\/uploads\/sites\/6\/2025\/10\/image-1.jpg\" \/>\n\t<meta property=\"og:image:width\" content=\"1200\" \/>\n\t<meta property=\"og:image:height\" content=\"627\" \/>\n\t<meta property=\"og:image:type\" content=\"image\/jpeg\" \/>\n<meta name=\"twitter:card\" content=\"summary_large_image\" \/>\n<meta name=\"twitter:label1\" content=\"Est. reading time\" \/>\n\t<meta name=\"twitter:data1\" content=\"1 minute\" \/>\n<script type=\"application\/ld+json\" class=\"yoast-schema-graph\">{\"@context\":\"https:\/\/schema.org\",\"@graph\":[{\"@type\":\"WebPage\",\"@id\":\"https:\/\/www.capgemini.com\/fr-fr\/actualites\/communiques-de-presse\/capgemini-reconnu-leader-de-la-modernisation-des-applications-et-des-services-manages-multicloud\/\",\"url\":\"https:\/\/www.capgemini.com\/fr-fr\/actualites\/communiques-de-presse\/capgemini-reconnu-leader-de-la-modernisation-des-applications-et-des-services-manages-multicloud\/\",\"name\":\"Capgemini reconnu \u00ab Leader \u00bb de la modernisation des applications et des services manag\u00e9s multicloud par un cabinet d'\u00e9tudes ind\u00e9pendant - Capgemini France\",\"isPartOf\":{\"@id\":\"https:\/\/www.capgemini.com\/fr-fr\/#website\"},\"datePublished\":\"2025-04-02T15:00:49+00:00\",\"dateModified\":\"2025-04-02T15:00:51+00:00\",\"description\":\"Cette expertise permet de guider les entreprises dans leur transformation digitale, en int\u00e9grant modernisation des applications, migration vers le cloud, durabilit\u00e9, innovation et performance.\",\"breadcrumb\":{\"@id\":\"https:\/\/www.capgemini.com\/fr-fr\/actualites\/communiques-de-presse\/capgemini-reconnu-leader-de-la-modernisation-des-applications-et-des-services-manages-multicloud\/#breadcrumb\"},\"inLanguage\":\"fr-FR\",\"potentialAction\":[{\"@type\":\"ReadAction\",\"target\":[\"https:\/\/www.capgemini.com\/fr-fr\/actualites\/communiques-de-presse\/capgemini-reconnu-leader-de-la-modernisation-des-applications-et-des-services-manages-multicloud\/\"]}]},{\"@type\":\"BreadcrumbList\",\"@id\":\"https:\/\/www.capgemini.com\/fr-fr\/actualites\/communiques-de-presse\/capgemini-reconnu-leader-de-la-modernisation-des-applications-et-des-services-manages-multicloud\/#breadcrumb\",\"itemListElement\":[{\"@type\":\"ListItem\",\"position\":1,\"name\":\"Press Releases\",\"item\":\"https:\/\/www.capgemini.com\/fr-fr\/news\/\"},{\"@type\":\"ListItem\",\"position\":2,\"name\":\"Capgemini reconnu \u00ab Leader \u00bb de la modernisation des applications et des services manag\u00e9s multicloud par un cabinet d&#8217;\u00e9tudes ind\u00e9pendant\"}]},{\"@type\":\"WebSite\",\"@id\":\"https:\/\/www.capgemini.com\/fr-fr\/#website\",\"url\":\"https:\/\/www.capgemini.com\/fr-fr\/\",\"name\":\"Capgemini France\",\"description\":\"Just another www.capgemini.com site\",\"publisher\":{\"@id\":\"https:\/\/www.capgemini.com\/fr-fr\/#organization\"},\"potentialAction\":[{\"@type\":\"SearchAction\",\"target\":{\"@type\":\"EntryPoint\",\"urlTemplate\":\"https:\/\/www.capgemini.com\/fr-fr\/?s={search_term_string}\"},\"query-input\":\"required name=search_term_string\"}],\"inLanguage\":\"fr-FR\"},{\"@type\":\"Organization\",\"@id\":\"https:\/\/www.capgemini.com\/fr-fr\/#organization\",\"name\":\"Capgemini France\",\"url\":\"https:\/\/www.capgemini.com\/fr-fr\/\",\"logo\":{\"@type\":\"ImageObject\",\"inLanguage\":\"fr-FR\",\"@id\":\"https:\/\/www.capgemini.com\/fr-fr\/#\/schema\/logo\/image\/\",\"url\":\"https:\/\/www.capgemini.com\/fr-fr\/wp-content\/uploads\/sites\/6\/2022\/08\/Logo-Capgemini.png\",\"contentUrl\":\"https:\/\/www.capgemini.com\/fr-fr\/wp-content\/uploads\/sites\/6\/2022\/08\/Logo-Capgemini.png\",\"width\":202,\"height\":60,\"caption\":\"Capgemini France\"},\"image\":{\"@id\":\"https:\/\/www.capgemini.com\/fr-fr\/#\/schema\/logo\/image\/\"}}]}<\/script>\n<!-- \/ Yoast SEO Premium plugin. -->","yoast_head_json":{"title":"Capgemini reconnu \u00ab Leader \u00bb de la modernisation des applications et des services manag\u00e9s multicloud par un cabinet d'\u00e9tudes ind\u00e9pendant - Capgemini France","description":"Cette expertise permet de guider les entreprises dans leur transformation digitale, en int\u00e9grant modernisation des applications, migration vers le cloud, durabilit\u00e9, innovation et performance.","robots":{"index":"index","follow":"follow","max-snippet":"max-snippet:-1","max-image-preview":"max-image-preview:large","max-video-preview":"max-video-preview:-1"},"canonical":"https:\/\/www.capgemini.com\/fr-fr\/actualites\/communiques-de-presse\/capgemini-reconnu-leader-de-la-modernisation-des-applications-et-des-services-manages-multicloud\/","og_locale":"fr_FR","og_type":"article","og_title":"Capgemini reconnu \u00ab Leader \u00bb de la modernisation des applications et des services manag\u00e9s multicloud par un cabinet d'\u00e9tudes ind\u00e9pendant","og_description":"Cette expertise permet de guider les entreprises dans leur transformation digitale, en int\u00e9grant modernisation des applications, migration vers le cloud, durabilit\u00e9, innovation et performance.","og_url":"https:\/\/www.capgemini.com\/fr-fr\/actualites\/communiques-de-presse\/capgemini-reconnu-leader-de-la-modernisation-des-applications-et-des-services-manages-multicloud\/","og_site_name":"Capgemini France","article_modified_time":"2025-04-02T15:00:51+00:00","og_image":[{"width":1200,"height":627,"url":"https:\/\/www.capgemini.com\/fr-fr\/wp-content\/uploads\/sites\/6\/2025\/10\/image-1.jpg","type":"image\/jpeg"}],"twitter_card":"summary_large_image","twitter_misc":{"Est. reading time":"1 minute"},"schema":{"@context":"https:\/\/schema.org","@graph":[{"@type":"WebPage","@id":"https:\/\/www.capgemini.com\/fr-fr\/actualites\/communiques-de-presse\/capgemini-reconnu-leader-de-la-modernisation-des-applications-et-des-services-manages-multicloud\/","url":"https:\/\/www.capgemini.com\/fr-fr\/actualites\/communiques-de-presse\/capgemini-reconnu-leader-de-la-modernisation-des-applications-et-des-services-manages-multicloud\/","name":"Capgemini reconnu \u00ab Leader \u00bb de la modernisation des applications et des services manag\u00e9s multicloud par un cabinet d'\u00e9tudes ind\u00e9pendant - Capgemini France","isPartOf":{"@id":"https:\/\/www.capgemini.com\/fr-fr\/#website"},"datePublished":"2025-04-02T15:00:49+00:00","dateModified":"2025-04-02T15:00:51+00:00","description":"Cette expertise permet de guider les entreprises dans leur transformation digitale, en int\u00e9grant modernisation des applications, migration vers le cloud, durabilit\u00e9, innovation et performance.","breadcrumb":{"@id":"https:\/\/www.capgemini.com\/fr-fr\/actualites\/communiques-de-presse\/capgemini-reconnu-leader-de-la-modernisation-des-applications-et-des-services-manages-multicloud\/#breadcrumb"},"inLanguage":"fr-FR","potentialAction":[{"@type":"ReadAction","target":["https:\/\/www.capgemini.com\/fr-fr\/actualites\/communiques-de-presse\/capgemini-reconnu-leader-de-la-modernisation-des-applications-et-des-services-manages-multicloud\/"]}]},{"@type":"BreadcrumbList","@id":"https:\/\/www.capgemini.com\/fr-fr\/actualites\/communiques-de-presse\/capgemini-reconnu-leader-de-la-modernisation-des-applications-et-des-services-manages-multicloud\/#breadcrumb","itemListElement":[{"@type":"ListItem","position":1,"name":"Press Releases","item":"https:\/\/www.capgemini.com\/fr-fr\/news\/"},{"@type":"ListItem","position":2,"name":"Capgemini reconnu \u00ab Leader \u00bb de la modernisation des applications et des services manag\u00e9s multicloud par un cabinet d&#8217;\u00e9tudes ind\u00e9pendant"}]},{"@type":"WebSite","@id":"https:\/\/www.capgemini.com\/fr-fr\/#website","url":"https:\/\/www.capgemini.com\/fr-fr\/","name":"Capgemini France","description":"Just another www.capgemini.com site","publisher":{"@id":"https:\/\/www.capgemini.com\/fr-fr\/#organization"},"potentialAction":[{"@type":"SearchAction","target":{"@type":"EntryPoint","urlTemplate":"https:\/\/www.capgemini.com\/fr-fr\/?s={search_term_string}"},"query-input":"required name=search_term_string"}],"inLanguage":"fr-FR"},{"@type":"Organization","@id":"https:\/\/www.capgemini.com\/fr-fr\/#organization","name":"Capgemini France","url":"https:\/\/www.capgemini.com\/fr-fr\/","logo":{"@type":"ImageObject","inLanguage":"fr-FR","@id":"https:\/\/www.capgemini.com\/fr-fr\/#\/schema\/logo\/image\/","url":"https:\/\/www.capgemini.com\/fr-fr\/wp-content\/uploads\/sites\/6\/2022\/08\/Logo-Capgemini.png","contentUrl":"https:\/\/www.capgemini.com\/fr-fr\/wp-content\/uploads\/sites\/6\/2022\/08\/Logo-Capgemini.png","width":202,"height":60,"caption":"Capgemini France"},"image":{"@id":"https:\/\/www.capgemini.com\/fr-fr\/#\/schema\/logo\/image\/"}}]}},"parsely":{"version":"1.1.0","canonical_url":"https:\/\/capgemini.com\/fr-fr\/actualites\/communiques-de-presse\/capgemini-reconnu-leader-de-la-modernisation-des-applications-et-des-services-manages-multicloud\/","smart_links":{"inbound":0,"outbound":0},"traffic_boost_suggestions_count":0,"meta":{"@context":"https:\/\/schema.org","@type":"NewsArticle","headline":"Capgemini reconnu \u00ab Leader \u00bb de la modernisation des applications et des services manag\u00e9s multicloud par un cabinet d&#8217;\u00e9tudes ind\u00e9pendant","url":"https:\/\/www.capgemini.com\/fr-fr\/actualites\/communiques-de-presse\/capgemini-reconnu-leader-de-la-modernisation-des-applications-et-des-services-manages-multicloud\/","mainEntityOfPage":{"@type":"WebPage","@id":"https:\/\/www.capgemini.com\/fr-fr\/actualites\/communiques-de-presse\/capgemini-reconnu-leader-de-la-modernisation-des-applications-et-des-services-manages-multicloud\/"},"thumbnailUrl":"","image":{"@type":"ImageObject","url":""},"articleSection":"Uncategorized","author":[],"creator":[],"publisher":{"@type":"Organization","name":"Capgemini France","logo":""},"keywords":["innovation","transformation digitale"],"dateCreated":"2025-04-02T15:00:49Z","datePublished":"2025-04-02T15:00:49Z","dateModified":"2025-04-02T15:00:51Z"},"rendered":"<meta name=\"parsely-title\" content=\"Capgemini reconnu \u00ab Leader \u00bb de la modernisation des applications et des services manag\u00e9s multicloud par un cabinet d&#8217;\u00e9tudes ind\u00e9pendant\" \/>\n<meta name=\"parsely-link\" content=\"https:\/\/www.capgemini.com\/fr-fr\/actualites\/communiques-de-presse\/capgemini-reconnu-leader-de-la-modernisation-des-applications-et-des-services-manages-multicloud\/\" \/>\n<meta name=\"parsely-type\" content=\"post\" \/>\n<meta name=\"parsely-pub-date\" content=\"2025-04-02T15:00:49Z\" \/>\n<meta name=\"parsely-section\" content=\"Uncategorized\" \/>\n<meta name=\"parsely-tags\" content=\"innovation,transformation digitale\" \/>","tracker_url":"https:\/\/cdn.parsely.com\/keys\/capgemini.com\/p.js"},"archive_status":false,"featured_image_src":"https:\/\/www.capgemini.com\/fr-fr\/wp-content\/themes\/capgemini2025\/assets\/images\/mockup.png","featured_image_alt":false,"jetpack_sharing_enabled":true,"distributor_meta":false,"distributor_terms":false,"distributor_media":false,"distributor_original_site_name":"Capgemini France","distributor_original_site_url":"https:\/\/www.capgemini.com\/fr-fr","push-errors":false,"tag_names":["Innovation","Transformation Digitale"],"_links":{"self":[{"href":"https:\/\/www.capgemini.com\/fr-fr\/wp-json\/wp\/v2\/press-release\/781396","targetHints":{"allow":["GET"]}}],"collection":[{"href":"https:\/\/www.capgemini.com\/fr-fr\/wp-json\/wp\/v2\/press-release"}],"about":[{"href":"https:\/\/www.capgemini.com\/fr-fr\/wp-json\/wp\/v2\/types\/press-release"}],"author":[{"embeddable":true,"href":"https:\/\/www.capgemini.com\/fr-fr\/wp-json\/wp\/v2\/users\/238"}],"version-history":[{"count":7,"href":"https:\/\/www.capgemini.com\/fr-fr\/wp-json\/wp\/v2\/press-release\/781396\/revisions"}],"predecessor-version":[{"id":781447,"href":"https:\/\/www.capgemini.com\/fr-fr\/wp-json\/wp\/v2\/press-release\/781396\/revisions\/781447"}],"wp:attachment":[{"href":"https:\/\/www.capgemini.com\/fr-fr\/wp-json\/wp\/v2\/media?parent=781396"}],"wp:term":[{"taxonomy":"post_tag","embeddable":true,"href":"https:\/\/www.capgemini.com\/fr-fr\/wp-json\/wp\/v2\/tags?post=781396"},{"taxonomy":"press-release-type","embeddable":true,"href":"https:\/\/www.capgemini.com\/fr-fr\/wp-json\/wp\/v2\/press-release-type?post=781396"},{"taxonomy":"brand","embeddable":true,"href":"https:\/\/www.capgemini.com\/fr-fr\/wp-json\/wp\/v2\/brand?post=781396"}],"curies":[{"name":"wp","href":"https:\/\/api.w.org\/{rel}","templated":true}]}}