{"id":755478,"date":"2024-06-13T08:30:00","date_gmt":"2024-06-13T06:30:00","guid":{"rendered":"https:\/\/www.capgemini.com\/fr-fr\/?post_type=press-release&#038;p=755478"},"modified":"2025-03-04T08:38:45","modified_gmt":"2025-03-04T07:38:45","slug":"equigy-signe-un-accord-a-long-terme-avec-capgemini-pour-developper-un-systeme-energetique-plus-durable-et-plus-efficace-en-europe","status":"publish","type":"press-release","link":"https:\/\/www.capgemini.com\/fr-fr\/actualites\/communiques-de-presse\/equigy-signe-un-accord-a-long-terme-avec-capgemini-pour-developper-un-systeme-energetique-plus-durable-et-plus-efficace-en-europe\/","title":{"rendered":"Equigy signe un accord \u00e0 long terme avec Capgemini pour d\u00e9velopper un syst\u00e8me \u00e9nerg\u00e9tique plus durable et plus efficace en Europe"},"content":{"rendered":"\t\t<div class=\"wp-block-cg-blocks-hero-press-release\">\n\t\t\t<header class=\"header-hero-press-release\" role=\"main\" id=\"main-content-press-release\">\n\t\t\t\t<div class=\"container\">\n\t\t\t\t\t<div class=\"hero-press-release\">\n\t\t\t\t\t\t<div class=\"hero-press-release-content-wrapper\">\n\t\t\t\t\t\t\t<div class=\"row\">\n\t\t\t\t\t\t\t\t<div class=\"col-12\">\n\t\t\t\t\t\t\t\t\t<div class=\"header-title\">\n\t\t\t\t\t\t\t\t\t\t<h1>\n\t\t\t\t\t\t\t\t\t\t\tEquigy signe un accord \u00e0 long terme avec Capgemini pour d\u00e9velopper un syst\u00e8me \u00e9nerg\u00e9tique plus durable et plus efficace en Europe\t\t\t\t\t\t\t\t\t\t<\/h1>\n\t\t\t\t\t\t\t\t\t<\/div>\n\t\t\t\t\t\t\t\t\t<div class=\"header-description\">\n\t\t\t\t\t\t\t\t\t\t<p>La nouvelle plateforme optimisera la demande et la fourniture d\u2019\u00e9nergie en mettant \u00e0 contribution de plus petites sources d\u2019\u00e9nergie d\u00e9centralis\u00e9es.<\/p>\n\t\t\t\t\t\t\t\t\t<\/div>\n\t\t\t\t\t\t\t\t\t\t\t\t\t\t\t\t\t\t<div class=\"header-date\">\n\t\t\t\t\t\t\t\t\t\t<span>juin 13, 2024<\/span>\n\t\t\t\t\t\t\t\t\t<\/div>\n\t\t\t\t\t\t\t\t<\/div>\n\t\t\t\t\t\t\t<\/div>\n\t\t\t\t\t\t<\/div>\n\t\t\t\t\t\t\t\t\t\t\t\t\t<div class=\"hero-press-release-downloads\">\n\t\t\t\t\t\t\t\t<div class=\"row\">\n\t\t\t\t\t\t\t\t\t\t\t\t\t\t\t\t\t\t\t<div class=\"col-12 col-md-6 col-lg-3\">\n\t\t\t\t\t\t\t\t\t\t\t<a class=\"download-item\" type=\"download\" href=\"https:\/\/www.capgemini.com\/fr-fr\/wp-content\/uploads\/sites\/6\/2024\/06\/06_13_Capgemini-Press-Release_Equigy-client-win_FR.pdf\" target=\"_blank\" rel=\"noopener noreferrer\" title=\"Ouvrir dans une nouvelle fen\u00eatre\">\n\t\t\t\t\t\t\t\t\t\t\t\t<div class=\"download-icon\"><\/div>\n\t\t\t\t\t\t\t\t\t\t\t\t<div class=\"download-details\">\n\t\t\t\t\t\t\t\t\t\t\t\t\t<div class=\"download-title\">Download press release<\/div>\n\t\t\t\t\t\t\t\t\t\t\t\t\t<div class=\"download-props\">114 KB  pdf<\/div>\n\t\t\t\t\t\t\t\t\t\t\t\t<\/div>\n\t\t\t\t\t\t\t\t\t\t\t<\/a>\n\t\t\t\t\t\t\t\t\t\t<\/div>\n\t\t\t\t\t\t\t\t\t\t\t\t\t\t\t\t\t\t<\/div>\n\t\t\t\t\t\t\t<\/div>\n\t\t\t\t\t\t\t\t\t\t\t\t\t\t\t\t\t<\/div>\n\t\t\t\t<\/div>\n\t\t\t<\/header>\n\t\t<\/div>\n\t\t\n\n\n<section class=\"wp-block-cg-blocks-group undefined section section--article-content\"><div class=\"article-main-content\"><div class=\"container\"><div class=\"row\"><div class=\"col-12 col-md-1\"><nav class=\"article-social\"><ul class=\"social-nav\"><li class=\"ip-order-fb\"><a href=\"https:\/\/www.facebook.com\/sharer\/sharer.php?=http:\/\/capgeminiucwe.develop\/?post_type=press-release&amp;p=179\" target=\"_blank\" rel=\"noopener noreferrer\" title=\"Ouvrir dans une nouvelle fen\u00eatre\"><i aria-hidden=\"true\" class=\"icon-fb\"><\/i><span class=\"sr-only\">Facebook<\/span><\/a><\/li><li class=\"ip-order-tw\"><a href=\"https:\/\/twitter.com\/intent\/tweet?=http:\/\/capgeminiucwe.develop\/?post_type=press-release&amp;p=179\" target=\"_blank\" rel=\"noopener noreferrer\" title=\"Ouvrir dans une nouvelle fen\u00eatre\"><i aria-hidden=\"true\" class=\"icon-tw\"><\/i><span class=\"sr-only\">Twitter<\/span><\/a><\/li><li class=\"ip-order-li\"><a href=\"https:\/\/www.linkedin.com\/shareArticle?=http:\/\/capgeminiucwe.develop\/?post_type=press-release&amp;p=179\" target=\"_blank\" rel=\"noopener noreferrer\" title=\"Ouvrir dans une nouvelle fen\u00eatre\"><i aria-hidden=\"true\" class=\"icon-li\"><\/i><span class=\"sr-only\">Linkedin<\/span><\/a><\/li><\/ul><\/nav><\/div><div class=\"col-12 col-md-11 col-lg-10\"><div class=\"article-text article-quote-text\">\n<p><strong>Paris, 13 juin 2024 \u2013 <\/strong><a href=\"http:\/\/www.capgemini.com\"><strong>Capgemini<\/strong><\/a><strong> a annonc\u00e9 aujourd\u2019hui la signature d\u2019un accord \u00e0 long terme avec <\/strong><a href=\"https:\/\/equigy.com\/about\/#about-equigy\"><strong>Equigy<\/strong><\/a><strong> <\/strong><strong>pour d\u00e9velopper un nouveau syst\u00e8me \u00e9nerg\u00e9tique d\u00e9centralis\u00e9 permettant de g\u00e9rer plus efficacement l\u2019offre et la demande d\u2019\u00e9lectricit\u00e9 en Europe. La plateforme d\u2019\u00e9quilibrage de la demande<a href=\"#_ftn1\" id=\"_ftnref1\"><strong>[1]<\/strong><\/a> (<em>crowd balancing platform<\/em> ou CBP) est une interface standardis\u00e9e et fiable d\u2019agr\u00e9gation de donn\u00e9es pour des petites sources d\u2019\u00e9nergie<a href=\"#_ftn2\" id=\"_ftnref2\"><strong>[2]<\/strong><\/a> distribu\u00e9es, flexibles et plus efficaces, qui soutiennent la transition vers une \u00e9conomie bas-carbone.<\/strong><\/p>\n\n\n\n<p>Equigy est une plateforme paneurop\u00e9enne lanc\u00e9e par six grands gestionnaires europ\u00e9ens de r\u00e9seaux de transport d\u2019\u00e9lectricit\u00e9 (GRT) \u2014 <a href=\"http:\/\/www.apg.at\">Austrian Power Grid<\/a>, <a href=\"https:\/\/www.tennet.eu\/de\/home\">TenneT Germany<\/a>, <a href=\"http:\/\/www.tennet.eu\">TenneT Netherlands<\/a>, <a href=\"https:\/\/www.terna.it\/en\">Terna<\/a>, <a href=\"https:\/\/www.transnetbw.de\/en\">TransnetBW<\/a>, et <a href=\"https:\/\/www.swissgrid.ch\/en\/home.html\">Swissgrid<\/a>. Les sources d\u2019\u00e9nergie renouvelables, comme les \u00e9nergies solaire et \u00e9olienne, sont par nature intermittentes et variables, ce qui peut compromettre la stabilit\u00e9 du r\u00e9seau. Equigy a relev\u00e9 ce d\u00e9fi en am\u00e9liorant la flexibilit\u00e9 gr\u00e2ce au recours \u00e0 des ressources \u00e9nerg\u00e9tiques distribu\u00e9es \u00e0 petite \u00e9chelle, telles que les v\u00e9hicules \u00e9lectriques ou les batteries domestiques.<\/p>\n\n\n\n<p>Cet accord s\u2019appuiera sur l\u2019expertise approfondie de Capgemini dans le secteur de l\u2019\u00e9nergie et des <em>utilities<\/em>, ainsi que sur ses comp\u00e9tences en mati\u00e8re de transformation business et technologique, afin de concevoir une plateforme qui contribuera \u00e0 la r\u00e9duction de la d\u00e9pendance vis-\u00e0-vis des centrales \u00e9lectriques centralis\u00e9es traditionnelles. Cela permettra de limiter le recours \u00e0 des capacit\u00e9s co\u00fbteuses de production en p\u00e9riode de pointe, ouvrant ainsi la voie \u00e0 un syst\u00e8me \u00e9nerg\u00e9tique plus flexible, plus durable et plus efficace en Europe.<\/p>\n\n\n\n<p>Martin van \u2018t Verlaat, Chief Technology Officer chez Equigy, d\u00e9clare&nbsp;: \u00ab&nbsp;<em>Chez Equigy, nous nous engageons \u00e0 favoriser la collaboration et l\u2019innovation dans le secteur de l\u2019\u00e9nergie afin d\u2019acc\u00e9l\u00e9rer la transition \u00e9nerg\u00e9tique vers un avenir plus durable. En collaborant avec un partenaire majeur de la transformation business et technologique tel que Capgemini, nous pourrons d\u00e9velopper une plateforme \u00e0 la pointe de la technologie qui permettra aux parties prenantes de participer \u00e0 l\u2019\u00e9quilibrage du r\u00e9seau en toute confiance et en toute transparence.&nbsp;\u00bb<\/em><\/p>\n\n\n\n<p>Ce nouvel accord soutiendra les gestionnaires europ\u00e9ens de r\u00e9seaux de transport d\u2019\u00e9lectricit\u00e9 et offrira toute une s\u00e9rie d\u2019avantages aux parties prenantes \u00e0 travers l\u2019Europe, notamment une meilleure efficacit\u00e9 \u00e9nerg\u00e9tique et de nouvelles opportunit\u00e9s de revenus pour les consommateurs d\u2019\u00e9nergie et les propri\u00e9taires d\u2019actifs dans le domaine des \u00e9nergies renouvelables. En encourageant la coop\u00e9ration transfrontali\u00e8re, l\u2019innovation num\u00e9rique et les pratiques durables en mati\u00e8re d\u2019\u00e9nergie, cet accord est \u00e9galement align\u00e9 sur les objectifs europ\u00e9ens<a href=\"#_ftn3\" id=\"_ftnref3\">[3]<\/a> visant \u00e0 favoriser la transition \u00e9nerg\u00e9tique et \u00e0 stimuler la croissance \u00e9conomique.<\/p>\n\n\n\n<p><em>\u00ab&nbsp;La collaboration de long terme entre Capgemini et Equigy permettra d\u2019alimenter la croissance de la plateforme et d\u2019acc\u00e9l\u00e9rer son leadership europ\u00e9en sur les march\u00e9s de la flexibilit\u00e9. En tirant parti de l\u2019expertise approfondie de Capgemini dans le domaine de l\u2019\u00e9nergie et des utilities et de notre large \u00e9cosyst\u00e8me de partenaires cl\u00e9s, associ\u00e9e \u00e0 nos capacit\u00e9s de bout en bout en mati\u00e8re de strat\u00e9gie, de donn\u00e9es et d\u2019IA ainsi que de d\u00e9veloppements technologiques, nous travaillerons main dans la main avec Equigy afin d\u2019atteindre ses objectifs business. Ensemble, nous contribuerons \u00e0 la transition vers un syst\u00e8me \u00e9nerg\u00e9tique durable en Europe&nbsp;\u00bb <\/em>ajoute James Forrest, \u00e0 la t\u00eate du secteur Energie et <em>Utilities <\/em>chez Capgemini.<\/p>\n\n\n\n<hr class=\"wp-block-separator has-alpha-channel-opacity\"\/>\n\n\n\n<p><a href=\"#_ftnref1\" id=\"_ftn1\">[1]<\/a> Une plateforme de donn\u00e9es de confiance qui permet aux agr\u00e9gateurs de participer aux march\u00e9s d\u2019\u00e9quilibrage de l\u2019\u00e9lectricit\u00e9 dans toute l\u2019Europe de mani\u00e8re fluide, avec des dispositifs de r\u00e9gulation plus petits, tout en permettant au march\u00e9 de fonctionner sans d\u00e9passer les limites du r\u00e9seau.<\/p>\n\n\n\n<p><a href=\"#_ftnref2\" id=\"_ftn2\">[2]<\/a> Les sources d\u2019\u00e9nergie distribu\u00e9es sont des ressources \u00e9nerg\u00e9tiques \u00e0 petite \u00e9chelle g\u00e9n\u00e9ralement situ\u00e9es \u00e0 proximit\u00e9 des sites de consommation d&#8217;\u00e9lectricit\u00e9, telles que les panneaux solaires sur les toits et les batteries de stockage.<\/p>\n\n\n\n<p><a href=\"#_ftnref3\" id=\"_ftn3\">[3]<\/a> <a href=\"https:\/\/eur-lex.europa.eu\/summary\/chapter\/energy.html?root_default=SUM_1_CODED%3D18&amp;locale=fr\">https:\/\/eur-lex.europa.eu\/summary\/chapter\/energy.html?root_default=SUM_1_CODED%3D18&amp;locale=fr<\/a><\/p>\n<\/div><\/div><\/div><\/div><\/div><\/section>\n\n\n<div class=\"wp-block-cg-blocks-cg-block-related-content\"><section class=\"relatedContentBlock\"><div class=\"container\"><div class=\"row\"><div class=\"content-title col-12 col-md-8\"><h2 class=\"related-content-heading\">Autres publications<\/h2><\/div><\/div><div class=\"row relatedContent\"><div class=\"col-lg-4 col-md-6 col-xs-12\">\n\t\t\t\t\t\t\t<div class=\"box\">\n\t\t\t\t\t\t\t\t<a aria-label=\"Lire la suite Capgemini et McDonald\u2019s renouvellent leur partenariat strat\u00e9gique avec un accord mondial pluriannuel ax\u00e9 sur le d\u00e9ploiement de plateformes modernes et \u00e9volutives\" href=\"https:\/\/www.capgemini.com\/fr-fr\/actualites\/communiques-de-presse\/capgemini-et-mcdonalds-renouvellent-leur-partenariat-strategique-avec-un-accord-mondial-pluriannuel-axe-sur-le-deploiement-de-plateformes-modernes-et-evolutives\/\" class=\"anchorWrapper\">\n\t\t\t\t\t\t\t\t\t<span class=\"box-tag\"><span>Actualit\u00e9s client<\/span><\/span>\n\t\t\t\t\t\t\t\t\t<div class=\"box-title\"><h3 class=\"box-subtitle\">Capgemini et McDonald\u2019s renouvellent leur partenariat strat\u00e9gique avec un accord mondial pluriannuel ax\u00e9 sur le d\u00e9ploiement de plateformes modernes et \u00e9volutives<\/h3><\/div>\n\t\t\t\t\t\t\t\t\t<div class=\"box-date\">\n\t\t\t\t\t\t\t\t\t\t<span>Mar 5, 2026<\/span>\n\t\t\t\t\t\t\t\t\t<\/div>\n\t\t\t\t\t\t\t\t\t<div class=\"box-bottom\">\n\t\t\t\t\t\t\t\t\t\t&lt;a class=&quot;link-download&quot; href=&quot;https:\/\/www.capgemini.com\/fr-fr\/wp-content\/uploads\/sites\/6\/2026\/03\/2026_03_05_McDonalds_Capgemini_Press-Release_FR.pdf&quot; aria-label=&quot;T\u00e9l\u00e9charger le communiqu\u00e9 de presse&quot; target=&quot;_blank&quot;  type=&quot;download&quot; title=&quot;Opens in a new window&quot;&gt;\n\t\t\t\t\t\t\t&lt;span&gt;T\u00e9l\u00e9charger le communiqu\u00e9 de presse&lt;\/span&gt;\n\t\t\t\t\t\t\t&lt;span&gt;142 KB PDF&lt;\/span&gt;\n\t\t\t\t\t\t&lt;\/a&gt;\n\t\t\t\t\t\t\t\t\t\t<a class=\"more\" aria-label=\"Lire la suite Capgemini et McDonald\u2019s renouvellent leur partenariat strat\u00e9gique avec un accord mondial pluriannuel ax\u00e9 sur le d\u00e9ploiement de plateformes modernes et \u00e9volutives\" href=\"https:\/\/www.capgemini.com\/fr-fr\/actualites\/communiques-de-presse\/capgemini-et-mcdonalds-renouvellent-leur-partenariat-strategique-avec-un-accord-mondial-pluriannuel-axe-sur-le-deploiement-de-plateformes-modernes-et-evolutives\/\">Lire la suite<\/a>\n\t\t\t\t\t\t\t\t\t<\/div>\n\t\t\t\t\t\t\t\t<\/a>\n\t\t\t\t\t\t\t<\/div>\n\t\t\t\t\t\t<\/div><div class=\"col-lg-4 col-md-6 col-xs-12\">\n\t\t\t\t\t\t\t<div class=\"box\">\n\t\t\t\t\t\t\t\t<a aria-label=\"Lire la suite Capgemini et Deutsche Telekom con\u00e7oivent une plateforme ouverte pour l\u2019automatisation intelligente du RAN\" href=\"https:\/\/www.capgemini.com\/fr-fr\/actualites\/communiques-de-presse\/deutsch-telecom\/\" class=\"anchorWrapper\">\n\t\t\t\t\t\t\t\t\t<span class=\"box-tag\"><span>Actualit\u00e9s client<\/span><\/span>\n\t\t\t\t\t\t\t\t\t<div class=\"box-title\"><h3 class=\"box-subtitle\">Capgemini et Deutsche Telekom con\u00e7oivent une plateforme ouverte pour l\u2019automatisation intelligente du RAN<\/h3><\/div>\n\t\t\t\t\t\t\t\t\t<div class=\"box-date\">\n\t\t\t\t\t\t\t\t\t\t<span>Feb 27, 2026<\/span>\n\t\t\t\t\t\t\t\t\t<\/div>\n\t\t\t\t\t\t\t\t\t<div class=\"box-bottom\">\n\t\t\t\t\t\t\t\t\t\t&lt;a class=&quot;link-download&quot; href=&quot;https:\/\/www.capgemini.com\/wp-content\/uploads\/2026\/02\/2026_02_27_Capgemini_Deutsche-Telekom_Open-Platform-for-Intelligent-RAN-Automation-1.pdf&quot; aria-label=&quot;T\u00e9l\u00e9charger le communiqu\u00e9 de presse&quot; target=&quot;_blank&quot;  type=&quot;download&quot; title=&quot;Opens in a new window&quot;&gt;\n\t\t\t\t\t\t\t&lt;span&gt;T\u00e9l\u00e9charger le communiqu\u00e9 de presse&lt;\/span&gt;\n\t\t\t\t\t\t\t&lt;span&gt;112 KB PDF&lt;\/span&gt;\n\t\t\t\t\t\t&lt;\/a&gt;\n\t\t\t\t\t\t\t\t\t\t<a class=\"more\" aria-label=\"Lire la suite Capgemini et Deutsche Telekom con\u00e7oivent une plateforme ouverte pour l\u2019automatisation intelligente du RAN\" href=\"https:\/\/www.capgemini.com\/fr-fr\/actualites\/communiques-de-presse\/deutsch-telecom\/\">Lire la suite<\/a>\n\t\t\t\t\t\t\t\t\t<\/div>\n\t\t\t\t\t\t\t\t<\/a>\n\t\t\t\t\t\t\t<\/div>\n\t\t\t\t\t\t<\/div><div class=\"col-lg-4 col-md-6 col-xs-12\">\n\t\t\t\t\t\t\t<div class=\"box\">\n\t\t\t\t\t\t\t\t<a aria-label=\"Lire la suite La Commission europ\u00e9enne choisit Capgemini pour son contrat-cadre de cybers\u00e9curit\u00e9 de l&#8217;UE\" href=\"https:\/\/www.capgemini.com\/fr-fr\/actualites\/communiques-de-presse\/la-commission-europeenne-choisit-capgemini-pour-son-contrat-cadre-de-cybersecurite\/\" class=\"anchorWrapper\">\n\t\t\t\t\t\t\t\t\t<span class=\"box-tag\"><span>Actualit\u00e9s client<\/span><\/span>\n\t\t\t\t\t\t\t\t\t<div class=\"box-title\"><h3 class=\"box-subtitle\">La Commission europ\u00e9enne choisit Capgemini pour son contrat-cadre de cybers\u00e9curit\u00e9 de l&#8217;UE<\/h3><\/div>\n\t\t\t\t\t\t\t\t\t<div class=\"box-date\">\n\t\t\t\t\t\t\t\t\t\t<span>Dec 8, 2025<\/span>\n\t\t\t\t\t\t\t\t\t<\/div>\n\t\t\t\t\t\t\t\t\t<div class=\"box-bottom\">\n\t\t\t\t\t\t\t\t\t\t&lt;a class=&quot;link-download&quot; href=&quot;https:\/\/www.capgemini.com\/wp-content\/uploads\/2025\/12\/12_08_Capgemini-news-alert_FREIA.pdf&quot; aria-label=&quot;T\u00e9l\u00e9charger le communiqu\u00e9 de presse&quot; target=&quot;_blank&quot;  type=&quot;download&quot; title=&quot;Opens in a new window&quot;&gt;\n\t\t\t\t\t\t\t&lt;span&gt;T\u00e9l\u00e9charger le communiqu\u00e9 de presse&lt;\/span&gt;\n\t\t\t\t\t\t\t&lt;span&gt;127 KB PDF&lt;\/span&gt;\n\t\t\t\t\t\t&lt;\/a&gt;\n\t\t\t\t\t\t\t\t\t\t<a class=\"more\" aria-label=\"Lire la suite La Commission europ\u00e9enne choisit Capgemini pour son contrat-cadre de cybers\u00e9curit\u00e9 de l&#8217;UE\" href=\"https:\/\/www.capgemini.com\/fr-fr\/actualites\/communiques-de-presse\/la-commission-europeenne-choisit-capgemini-pour-son-contrat-cadre-de-cybersecurite\/\">Lire la suite<\/a>\n\t\t\t\t\t\t\t\t\t<\/div>\n\t\t\t\t\t\t\t\t<\/a>\n\t\t\t\t\t\t\t<\/div>\n\t\t\t\t\t\t<\/div><\/div><\/div><\/section><\/div>","protected":false},"excerpt":{"rendered":"","protected":false},"author":208,"featured_media":0,"template":"","meta":{"cg_dt_proposed_to":[21,41],"cg_seo_hreflang_relations":"[]","cg_seo_canonical_relation":"{\"uuid\":\"acdace3c-e662-4f20-b3cf-8323a3e78751\",\"blogId\":\"\",\"domain\":\"\",\"sitePath\":\"\",\"postLink\":\"\",\"postId\":null,\"isSaved\":true,\"isCrossLink\":false,\"hasCrossLink\":false}","cg_seo_hreflang_x_default_relation":"{\"uuid\":\"5a836c0e-f855-481a-8a8c-11c5f7e9adfe\",\"blogId\":\"\",\"domain\":\"\",\"sitePath\":\"\",\"postLink\":\"\",\"postId\":null,\"isSaved\":true,\"isCrossLink\":false,\"hasCrossLink\":false}","cg_dt_approved_content":true,"cg_dt_mandatory_content":false,"cg_dt_notes":"","cg_dg_source_changed":false,"cg_dt_link_disabled":true,"footnotes":"","related_resource_url":"https:\/\/www.capgemini.com\/fr-fr\/wp-content\/uploads\/sites\/6\/2024\/06\/06_13_Capgemini-Press-Release_Equigy-client-win_FR.pdf","related_resource_id":755479,"related_resource_size":"114 KB","related_resource_type":"pdf","cg_author":0,"featured_focal_points":""},"tags":[209],"press-release-type":[33],"brand":[],"class_list":["post-755478","press-release","type-press-release","status-publish","hentry","tag-transition-energetique","press-release-type-actualites-client"],"yoast_head":"<!-- This site is optimized with the Yoast SEO Premium plugin v22.8 (Yoast SEO v22.8) - https:\/\/yoast.com\/wordpress\/plugins\/seo\/ -->\n<title>Equigy signe un accord \u00e0 long terme avec Capgemini pour d\u00e9velopper un syst\u00e8me \u00e9nerg\u00e9tique plus durable et plus efficace en Europe - Capgemini France<\/title>\n<meta name=\"robots\" content=\"index, follow, max-snippet:-1, max-image-preview:large, max-video-preview:-1\" \/>\n<link rel=\"canonical\" href=\"https:\/\/www.capgemini.com\/fr-fr\/actualites\/communiques-de-presse\/equigy-signe-un-accord-a-long-terme-avec-capgemini-pour-developper-un-systeme-energetique-plus-durable-et-plus-efficace-en-europe\/\" \/>\n<meta property=\"og:locale\" content=\"fr_FR\" \/>\n<meta property=\"og:type\" content=\"article\" \/>\n<meta property=\"og:title\" content=\"Equigy signe un accord \u00e0 long terme avec Capgemini pour d\u00e9velopper un syst\u00e8me \u00e9nerg\u00e9tique plus durable et plus efficace en Europe\" \/>\n<meta property=\"og:url\" content=\"https:\/\/www.capgemini.com\/fr-fr\/actualites\/communiques-de-presse\/equigy-signe-un-accord-a-long-terme-avec-capgemini-pour-developper-un-systeme-energetique-plus-durable-et-plus-efficace-en-europe\/\" \/>\n<meta property=\"og:site_name\" content=\"Capgemini France\" \/>\n<meta property=\"article:modified_time\" content=\"2025-03-04T07:38:45+00:00\" \/>\n<meta property=\"og:image\" content=\"https:\/\/www.capgemini.com\/fr-fr\/wp-content\/uploads\/sites\/6\/2022\/07\/Capgemini_web-preview-CP-generique.png\" \/>\n\t<meta property=\"og:image:width\" content=\"1600\" \/>\n\t<meta property=\"og:image:height\" content=\"888\" \/>\n\t<meta property=\"og:image:type\" content=\"image\/png\" \/>\n<meta name=\"twitter:card\" content=\"summary_large_image\" \/>\n<meta name=\"twitter:label1\" content=\"Est. reading time\" \/>\n\t<meta name=\"twitter:data1\" content=\"4 minutes\" \/>\n<script type=\"application\/ld+json\" class=\"yoast-schema-graph\">{\"@context\":\"https:\/\/schema.org\",\"@graph\":[{\"@type\":\"WebPage\",\"@id\":\"https:\/\/www.capgemini.com\/fr-fr\/actualites\/communiques-de-presse\/equigy-signe-un-accord-a-long-terme-avec-capgemini-pour-developper-un-systeme-energetique-plus-durable-et-plus-efficace-en-europe\/\",\"url\":\"https:\/\/www.capgemini.com\/fr-fr\/actualites\/communiques-de-presse\/equigy-signe-un-accord-a-long-terme-avec-capgemini-pour-developper-un-systeme-energetique-plus-durable-et-plus-efficace-en-europe\/\",\"name\":\"Equigy signe un accord \u00e0 long terme avec Capgemini pour d\u00e9velopper un syst\u00e8me \u00e9nerg\u00e9tique plus durable et plus efficace en Europe - Capgemini France\",\"isPartOf\":{\"@id\":\"https:\/\/www.capgemini.com\/fr-fr\/#website\"},\"datePublished\":\"2024-06-13T06:30:00+00:00\",\"dateModified\":\"2025-03-04T07:38:45+00:00\",\"breadcrumb\":{\"@id\":\"https:\/\/www.capgemini.com\/fr-fr\/actualites\/communiques-de-presse\/equigy-signe-un-accord-a-long-terme-avec-capgemini-pour-developper-un-systeme-energetique-plus-durable-et-plus-efficace-en-europe\/#breadcrumb\"},\"inLanguage\":\"fr-FR\",\"potentialAction\":[{\"@type\":\"ReadAction\",\"target\":[\"https:\/\/www.capgemini.com\/fr-fr\/actualites\/communiques-de-presse\/equigy-signe-un-accord-a-long-terme-avec-capgemini-pour-developper-un-systeme-energetique-plus-durable-et-plus-efficace-en-europe\/\"]}]},{\"@type\":\"BreadcrumbList\",\"@id\":\"https:\/\/www.capgemini.com\/fr-fr\/actualites\/communiques-de-presse\/equigy-signe-un-accord-a-long-terme-avec-capgemini-pour-developper-un-systeme-energetique-plus-durable-et-plus-efficace-en-europe\/#breadcrumb\",\"itemListElement\":[{\"@type\":\"ListItem\",\"position\":1,\"name\":\"Press Releases\",\"item\":\"https:\/\/www.capgemini.com\/fr-fr\/news\/\"},{\"@type\":\"ListItem\",\"position\":2,\"name\":\"Equigy signe un accord \u00e0 long terme avec Capgemini pour d\u00e9velopper un syst\u00e8me \u00e9nerg\u00e9tique plus durable et plus efficace en Europe\"}]},{\"@type\":\"WebSite\",\"@id\":\"https:\/\/www.capgemini.com\/fr-fr\/#website\",\"url\":\"https:\/\/www.capgemini.com\/fr-fr\/\",\"name\":\"Capgemini France\",\"description\":\"Just another www.capgemini.com site\",\"publisher\":{\"@id\":\"https:\/\/www.capgemini.com\/fr-fr\/#organization\"},\"potentialAction\":[{\"@type\":\"SearchAction\",\"target\":{\"@type\":\"EntryPoint\",\"urlTemplate\":\"https:\/\/www.capgemini.com\/fr-fr\/?s={search_term_string}\"},\"query-input\":\"required name=search_term_string\"}],\"inLanguage\":\"fr-FR\"},{\"@type\":\"Organization\",\"@id\":\"https:\/\/www.capgemini.com\/fr-fr\/#organization\",\"name\":\"Capgemini France\",\"url\":\"https:\/\/www.capgemini.com\/fr-fr\/\",\"logo\":{\"@type\":\"ImageObject\",\"inLanguage\":\"fr-FR\",\"@id\":\"https:\/\/www.capgemini.com\/fr-fr\/#\/schema\/logo\/image\/\",\"url\":\"https:\/\/www.capgemini.com\/fr-fr\/wp-content\/uploads\/sites\/6\/2022\/08\/Logo-Capgemini.png\",\"contentUrl\":\"https:\/\/www.capgemini.com\/fr-fr\/wp-content\/uploads\/sites\/6\/2022\/08\/Logo-Capgemini.png\",\"width\":202,\"height\":60,\"caption\":\"Capgemini France\"},\"image\":{\"@id\":\"https:\/\/www.capgemini.com\/fr-fr\/#\/schema\/logo\/image\/\"}}]}<\/script>\n<!-- \/ Yoast SEO Premium plugin. -->","yoast_head_json":{"title":"Equigy signe un accord \u00e0 long terme avec Capgemini pour d\u00e9velopper un syst\u00e8me \u00e9nerg\u00e9tique plus durable et plus efficace en Europe - Capgemini France","robots":{"index":"index","follow":"follow","max-snippet":"max-snippet:-1","max-image-preview":"max-image-preview:large","max-video-preview":"max-video-preview:-1"},"canonical":"https:\/\/www.capgemini.com\/fr-fr\/actualites\/communiques-de-presse\/equigy-signe-un-accord-a-long-terme-avec-capgemini-pour-developper-un-systeme-energetique-plus-durable-et-plus-efficace-en-europe\/","og_locale":"fr_FR","og_type":"article","og_title":"Equigy signe un accord \u00e0 long terme avec Capgemini pour d\u00e9velopper un syst\u00e8me \u00e9nerg\u00e9tique plus durable et plus efficace en Europe","og_url":"https:\/\/www.capgemini.com\/fr-fr\/actualites\/communiques-de-presse\/equigy-signe-un-accord-a-long-terme-avec-capgemini-pour-developper-un-systeme-energetique-plus-durable-et-plus-efficace-en-europe\/","og_site_name":"Capgemini France","article_modified_time":"2025-03-04T07:38:45+00:00","og_image":[{"width":1600,"height":888,"url":"https:\/\/www.capgemini.com\/fr-fr\/wp-content\/uploads\/sites\/6\/2022\/07\/Capgemini_web-preview-CP-generique.png","type":"image\/png"}],"twitter_card":"summary_large_image","twitter_misc":{"Est. reading time":"4 minutes"},"schema":{"@context":"https:\/\/schema.org","@graph":[{"@type":"WebPage","@id":"https:\/\/www.capgemini.com\/fr-fr\/actualites\/communiques-de-presse\/equigy-signe-un-accord-a-long-terme-avec-capgemini-pour-developper-un-systeme-energetique-plus-durable-et-plus-efficace-en-europe\/","url":"https:\/\/www.capgemini.com\/fr-fr\/actualites\/communiques-de-presse\/equigy-signe-un-accord-a-long-terme-avec-capgemini-pour-developper-un-systeme-energetique-plus-durable-et-plus-efficace-en-europe\/","name":"Equigy signe un accord \u00e0 long terme avec Capgemini pour d\u00e9velopper un syst\u00e8me \u00e9nerg\u00e9tique plus durable et plus efficace en Europe - Capgemini France","isPartOf":{"@id":"https:\/\/www.capgemini.com\/fr-fr\/#website"},"datePublished":"2024-06-13T06:30:00+00:00","dateModified":"2025-03-04T07:38:45+00:00","breadcrumb":{"@id":"https:\/\/www.capgemini.com\/fr-fr\/actualites\/communiques-de-presse\/equigy-signe-un-accord-a-long-terme-avec-capgemini-pour-developper-un-systeme-energetique-plus-durable-et-plus-efficace-en-europe\/#breadcrumb"},"inLanguage":"fr-FR","potentialAction":[{"@type":"ReadAction","target":["https:\/\/www.capgemini.com\/fr-fr\/actualites\/communiques-de-presse\/equigy-signe-un-accord-a-long-terme-avec-capgemini-pour-developper-un-systeme-energetique-plus-durable-et-plus-efficace-en-europe\/"]}]},{"@type":"BreadcrumbList","@id":"https:\/\/www.capgemini.com\/fr-fr\/actualites\/communiques-de-presse\/equigy-signe-un-accord-a-long-terme-avec-capgemini-pour-developper-un-systeme-energetique-plus-durable-et-plus-efficace-en-europe\/#breadcrumb","itemListElement":[{"@type":"ListItem","position":1,"name":"Press Releases","item":"https:\/\/www.capgemini.com\/fr-fr\/news\/"},{"@type":"ListItem","position":2,"name":"Equigy signe un accord \u00e0 long terme avec Capgemini pour d\u00e9velopper un syst\u00e8me \u00e9nerg\u00e9tique plus durable et plus efficace en Europe"}]},{"@type":"WebSite","@id":"https:\/\/www.capgemini.com\/fr-fr\/#website","url":"https:\/\/www.capgemini.com\/fr-fr\/","name":"Capgemini France","description":"Just another www.capgemini.com site","publisher":{"@id":"https:\/\/www.capgemini.com\/fr-fr\/#organization"},"potentialAction":[{"@type":"SearchAction","target":{"@type":"EntryPoint","urlTemplate":"https:\/\/www.capgemini.com\/fr-fr\/?s={search_term_string}"},"query-input":"required name=search_term_string"}],"inLanguage":"fr-FR"},{"@type":"Organization","@id":"https:\/\/www.capgemini.com\/fr-fr\/#organization","name":"Capgemini France","url":"https:\/\/www.capgemini.com\/fr-fr\/","logo":{"@type":"ImageObject","inLanguage":"fr-FR","@id":"https:\/\/www.capgemini.com\/fr-fr\/#\/schema\/logo\/image\/","url":"https:\/\/www.capgemini.com\/fr-fr\/wp-content\/uploads\/sites\/6\/2022\/08\/Logo-Capgemini.png","contentUrl":"https:\/\/www.capgemini.com\/fr-fr\/wp-content\/uploads\/sites\/6\/2022\/08\/Logo-Capgemini.png","width":202,"height":60,"caption":"Capgemini France"},"image":{"@id":"https:\/\/www.capgemini.com\/fr-fr\/#\/schema\/logo\/image\/"}}]}},"parsely":{"version":"1.1.0","canonical_url":"https:\/\/capgemini.com\/fr-fr\/actualites\/communiques-de-presse\/equigy-signe-un-accord-a-long-terme-avec-capgemini-pour-developper-un-systeme-energetique-plus-durable-et-plus-efficace-en-europe\/","smart_links":{"inbound":0,"outbound":0},"traffic_boost_suggestions_count":0,"meta":{"@context":"https:\/\/schema.org","@type":"NewsArticle","headline":"Equigy signe un accord \u00e0 long terme avec Capgemini pour d\u00e9velopper un syst\u00e8me \u00e9nerg\u00e9tique plus durable et plus efficace en Europe","url":"https:\/\/www.capgemini.com\/fr-fr\/actualites\/communiques-de-presse\/equigy-signe-un-accord-a-long-terme-avec-capgemini-pour-developper-un-systeme-energetique-plus-durable-et-plus-efficace-en-europe\/","mainEntityOfPage":{"@type":"WebPage","@id":"https:\/\/www.capgemini.com\/fr-fr\/actualites\/communiques-de-presse\/equigy-signe-un-accord-a-long-terme-avec-capgemini-pour-developper-un-systeme-energetique-plus-durable-et-plus-efficace-en-europe\/"},"thumbnailUrl":"","image":{"@type":"ImageObject","url":""},"articleSection":"Uncategorized","author":[],"creator":[],"publisher":{"@type":"Organization","name":"Capgemini France","logo":""},"keywords":["transition \u00e9nerg\u00e9tique"],"dateCreated":"2024-06-13T06:30:00Z","datePublished":"2024-06-13T06:30:00Z","dateModified":"2025-03-04T07:38:45Z"},"rendered":"<meta name=\"parsely-title\" content=\"Equigy signe un accord \u00e0 long terme avec Capgemini pour d\u00e9velopper un syst\u00e8me \u00e9nerg\u00e9tique plus durable et plus efficace en Europe\" \/>\n<meta name=\"parsely-link\" content=\"https:\/\/www.capgemini.com\/fr-fr\/actualites\/communiques-de-presse\/equigy-signe-un-accord-a-long-terme-avec-capgemini-pour-developper-un-systeme-energetique-plus-durable-et-plus-efficace-en-europe\/\" \/>\n<meta name=\"parsely-type\" content=\"post\" \/>\n<meta name=\"parsely-pub-date\" content=\"2024-06-13T06:30:00Z\" \/>\n<meta name=\"parsely-section\" content=\"Uncategorized\" \/>\n<meta name=\"parsely-tags\" content=\"transition \u00e9nerg\u00e9tique\" \/>","tracker_url":"https:\/\/cdn.parsely.com\/keys\/capgemini.com\/p.js"},"archive_status":false,"featured_image_src":"https:\/\/www.capgemini.com\/fr-fr\/wp-content\/themes\/capgemini2025\/assets\/images\/mockup.png","featured_image_alt":false,"jetpack_sharing_enabled":true,"distributor_meta":false,"distributor_terms":false,"distributor_media":false,"distributor_original_site_name":"Capgemini France","distributor_original_site_url":"https:\/\/www.capgemini.com\/fr-fr","push-errors":false,"tag_names":["Transition \u00e9nerg\u00e9tique"],"_links":{"self":[{"href":"https:\/\/www.capgemini.com\/fr-fr\/wp-json\/wp\/v2\/press-release\/755478","targetHints":{"allow":["GET"]}}],"collection":[{"href":"https:\/\/www.capgemini.com\/fr-fr\/wp-json\/wp\/v2\/press-release"}],"about":[{"href":"https:\/\/www.capgemini.com\/fr-fr\/wp-json\/wp\/v2\/types\/press-release"}],"author":[{"embeddable":true,"href":"https:\/\/www.capgemini.com\/fr-fr\/wp-json\/wp\/v2\/users\/208"}],"version-history":[{"count":4,"href":"https:\/\/www.capgemini.com\/fr-fr\/wp-json\/wp\/v2\/press-release\/755478\/revisions"}],"predecessor-version":[{"id":777093,"href":"https:\/\/www.capgemini.com\/fr-fr\/wp-json\/wp\/v2\/press-release\/755478\/revisions\/777093"}],"wp:attachment":[{"href":"https:\/\/www.capgemini.com\/fr-fr\/wp-json\/wp\/v2\/media?parent=755478"}],"wp:term":[{"taxonomy":"post_tag","embeddable":true,"href":"https:\/\/www.capgemini.com\/fr-fr\/wp-json\/wp\/v2\/tags?post=755478"},{"taxonomy":"press-release-type","embeddable":true,"href":"https:\/\/www.capgemini.com\/fr-fr\/wp-json\/wp\/v2\/press-release-type?post=755478"},{"taxonomy":"brand","embeddable":true,"href":"https:\/\/www.capgemini.com\/fr-fr\/wp-json\/wp\/v2\/brand?post=755478"}],"curies":[{"name":"wp","href":"https:\/\/api.w.org\/{rel}","templated":true}]}}