{"id":713271,"date":"2023-03-13T08:30:00","date_gmt":"2023-03-13T07:30:00","guid":{"rendered":"https:\/\/www.capgemini.com\/fr-fr\/?post_type=press-release&#038;p=713271"},"modified":"2025-03-04T09:09:25","modified_gmt":"2025-03-04T08:09:25","slug":"capgemini-aide-eneco-a-reduire-son-empreinte-carbone-dune-megatonne-par-an-dici-2030","status":"publish","type":"press-release","link":"https:\/\/www.capgemini.com\/fr-fr\/actualites\/communiques-de-presse\/capgemini-aide-eneco-a-reduire-son-empreinte-carbone-dune-megatonne-par-an-dici2030\/","title":{"rendered":"Capgemini aide Eneco \u00e0 r\u00e9duire son empreinte carbone d\u2019une m\u00e9gatonne par an d\u2019ici\u00a02030"},"content":{"rendered":"\n<p><\/p>\n\n\n\t\t<div class=\"wp-block-cg-blocks-hero-press-release\">\n\t\t\t<header class=\"header-hero-press-release\" role=\"main\" id=\"main-content-press-release\">\n\t\t\t\t<div class=\"container\">\n\t\t\t\t\t<div class=\"hero-press-release\">\n\t\t\t\t\t\t<div class=\"hero-press-release-content-wrapper\">\n\t\t\t\t\t\t\t<div class=\"row\">\n\t\t\t\t\t\t\t\t<div class=\"col-12\">\n\t\t\t\t\t\t\t\t\t<div class=\"header-title\">\n\t\t\t\t\t\t\t\t\t\t<h1>\n\t\t\t\t\t\t\t\t\t\t\t\u00a0Capgemini aide Eneco \u00e0 r\u00e9duire son empreinte carbone d\u2019une m\u00e9gatonne par an d\u2019ici\u00a02030\t\t\t\t\t\t\t\t\t\t<\/h1>\n\t\t\t\t\t\t\t\t\t<\/div>\n\t\t\t\t\t\t\t\t\t<div class=\"header-description\">\n\t\t\t\t\t\t\t\t\t\t<p><\/p>\n\t\t\t\t\t\t\t\t\t<\/div>\n\t\t\t\t\t\t\t\t\t\t\t\t\t\t\t\t\t\t<div class=\"header-date\">\n\t\t\t\t\t\t\t\t\t\t<span>mars 13, 2023<\/span>\n\t\t\t\t\t\t\t\t\t<\/div>\n\t\t\t\t\t\t\t\t<\/div>\n\t\t\t\t\t\t\t<\/div>\n\t\t\t\t\t\t<\/div>\n\t\t\t\t\t\t\t\t\t\t\t\t\t<div class=\"hero-press-release-downloads\">\n\t\t\t\t\t\t\t\t<div class=\"row\">\n\t\t\t\t\t\t\t\t\t\t\t\t\t\t\t\t\t\t\t<div class=\"col-12 col-md-6 col-lg-3\">\n\t\t\t\t\t\t\t\t\t\t\t<a class=\"download-item\" type=\"download\" href=\"https:\/\/www.capgemini.com\/fr-fr\/wp-content\/uploads\/sites\/6\/2023\/03\/2023_03_13_Capgemini-Press-Release_Eneco_CO2reduction_FR.pdf\" target=\"_blank\" rel=\"noopener noreferrer\" title=\"Ouvrir dans une nouvelle fen\u00eatre\">\n\t\t\t\t\t\t\t\t\t\t\t\t<div class=\"download-icon\"><\/div>\n\t\t\t\t\t\t\t\t\t\t\t\t<div class=\"download-details\">\n\t\t\t\t\t\t\t\t\t\t\t\t\t<div class=\"download-title\">Download press release<\/div>\n\t\t\t\t\t\t\t\t\t\t\t\t\t<div class=\"download-props\">118 KB  pdf<\/div>\n\t\t\t\t\t\t\t\t\t\t\t\t<\/div>\n\t\t\t\t\t\t\t\t\t\t\t<\/a>\n\t\t\t\t\t\t\t\t\t\t<\/div>\n\t\t\t\t\t\t\t\t\t\t\t\t\t\t\t\t\t\t<\/div>\n\t\t\t\t\t\t\t<\/div>\n\t\t\t\t\t\t\t\t\t\t\t\t\t\t\t\t\t<\/div>\n\t\t\t\t<\/div>\n\t\t\t<\/header>\n\t\t<\/div>\n\t\t\n\n\n<section class=\"wp-block-cg-blocks-group undefined section section--article-content\"><div class=\"article-main-content\"><div class=\"container\"><div class=\"row\"><div class=\"col-12 col-md-1\"><nav class=\"article-social\"><ul class=\"social-nav\"><li class=\"ip-order-fb\"><a href=\"https:\/\/www.facebook.com\/sharer\/sharer.php?=http:\/\/capgeminiucwe.develop\/?post_type=press-release&amp;p=179\" target=\"_blank\" rel=\"noopener noreferrer\" title=\"Ouvrir dans une nouvelle fen\u00eatre\"><i aria-hidden=\"true\" class=\"icon-fb\"><\/i><span class=\"sr-only\">Facebook<\/span><\/a><\/li><li class=\"ip-order-tw\"><a href=\"https:\/\/twitter.com\/intent\/tweet?=http:\/\/capgeminiucwe.develop\/?post_type=press-release&amp;p=179\" target=\"_blank\" rel=\"noopener noreferrer\" title=\"Ouvrir dans une nouvelle fen\u00eatre\"><i aria-hidden=\"true\" class=\"icon-tw\"><\/i><span class=\"sr-only\">Twitter<\/span><\/a><\/li><li class=\"ip-order-li\"><a href=\"https:\/\/www.linkedin.com\/shareArticle?=http:\/\/capgeminiucwe.develop\/?post_type=press-release&amp;p=179\" target=\"_blank\" rel=\"noopener noreferrer\" title=\"Ouvrir dans une nouvelle fen\u00eatre\"><i aria-hidden=\"true\" class=\"icon-li\"><\/i><span class=\"sr-only\">Linkedin<\/span><\/a><\/li><\/ul><\/nav><\/div><div class=\"col-12 col-md-11 col-lg-10\"><div class=\"article-text article-quote-text\">\n<p><strong>Paris, le 13&nbsp;mars&nbsp;2023 &#8211; <\/strong><a href=\"http:\/\/www.capgemini.com\/fr-fr\/\"><strong>Capgemini<\/strong><\/a><strong> <\/strong><strong>et<\/strong><strong> <\/strong><a href=\"https:\/\/www.eneco.com\/\"><strong>Eneco<\/strong><\/a><strong>, <\/strong><strong>groupe europ\u00e9en d\u2019entreprises op\u00e9rant dans le domaine des \u00e9nergies renouvelables et de l\u2019innovation, du n\u00e9goce et de la fourniture d\u2019\u00e9nergie<\/strong><strong>, ont annonc\u00e9 leur engagement \u00e0 r\u00e9duire les \u00e9missions de CO<sub>2<\/sub> d\u2019Eneco d\u2019une m\u00e9gatonne gr\u00e2ce \u00e0 des initiatives conjointes sur les niveaux&nbsp;1, 2&nbsp;et&nbsp;3<\/strong><a href=\"#_ftn1\" id=\"_ftnref1\">[1]<\/a><strong> d&#8217;ici&nbsp;2030. Cela s\u2019inscrit dans le cadre d\u2019un contrat plus<\/strong><strong> large <\/strong><a href=\"https:\/\/www.capgemini.com\/fr-fr\/actualites\/communiques-de-presse\/capgemini-accompagne-la-transition-energetique-deneco\/\"><strong>de 10&nbsp;ans sign\u00e9 entre Capgemini et Eneco<\/strong><\/a><strong> <\/strong><strong>visant \u00e0 acc\u00e9l\u00e9rer la transition d\u2019Eneco vers une \u00e9nergie durable et r\u00e9aliser son objectif d\u2019atteindre la neutralit\u00e9 carbone d\u2019ici&nbsp;2035.<\/strong><strong> <\/strong><strong><\/strong><\/p>\n\n\n\n<p>Les deux entreprises examineront l\u2019impact de l\u2019ing\u00e9nierie, des donn\u00e9es, de l\u2019Intelligence Artificielle (IA), des technologies et plateformes digitales, sur la r\u00e9duction des \u00e9missions de CO<sub>2<\/sub> de niveau&nbsp;1, 2&nbsp;et&nbsp;3. Cet objectif&nbsp;2030 repose sur la conviction partag\u00e9e par Eneco et Capgemini qu\u2019un avenir durable n\u2019est r\u00e9alisable que par une collaboration avec toutes les parties prenantes &#8211; clients, partenaires strat\u00e9giques et fournisseurs. La collaboration entre Capgemini et Eneco sera ax\u00e9e sur une d\u00e9marche d\u2019innovation portant aussi bien sur le mod\u00e8le d\u2019affaires et les processus que sur les technologies. Cette d\u00e9marche devrait contribuer \u00e0 hauteur d&#8217;environ 17% \u00e0 l&#8217;objectif de r\u00e9duction des \u00e9missions de carbone d&#8217;Eneco \u00e0 l&#8217;horizon 2030.<\/p>\n\n\n\n<p><em>\u00ab Nous nous effor\u00e7ons de travailler activement avec tous les acteurs de l\u2019ensemble de la cha\u00eene de valeur pour atteindre nos objectifs de transition \u00e9nerg\u00e9tique. Cet engagement avec notre partenaire Capgemini est le premier exemple concret de la mani\u00e8re dont nous souhaitons avancer. Les capacit\u00e9s technologiques et d\u2019innovation de Capgemini, ainsi que sa port\u00e9e mondiale, nous permettront de franchir cette \u00e9tape positive et importante dans notre parcours vers la neutralit\u00e9 carbone,&nbsp;\u00bb <\/em>a d\u00e9clar\u00e9 Erwin Leeuwis, Directeur de la Strat\u00e9gie d\u2019Eneco<em>.<\/em><\/p>\n\n\n\n<p><em>\u00ab&nbsp;Capgemini s\u2019est fix\u00e9 des objectifs clairs et mesurables pour acc\u00e9l\u00e9rer sa trajectoire vers le \u2018z\u00e9ro \u00e9mission nette\u2019 et s\u2019est engag\u00e9 \u00e0 aider ses clients \u00e0 atteindre leurs propres objectifs gr\u00e2ce \u00e0 des partenariats strat\u00e9giques sur le long terme visant \u00e0 limiter leur impact environnemental,&nbsp;\u00bb <\/em>d\u00e9clare Cyril Garcia, responsable mondial des offres \u00ab Sustainability \u00bb et de la Responsabilit\u00e9 Sociale et Environnementale de Capgemini, Membre du Comit\u00e9 de Direction g\u00e9n\u00e9rale du Groupe.<em> \u00ab Notre expertise en mati\u00e8re d&#8217;ing\u00e9nierie, de technologies, de data et IA, ainsi que nos mod\u00e8les innovants de calcul de l\u2019empreinte carbone, conjugu\u00e9e avec l\u2019avance d&#8217;Eneco en mati\u00e8re de transition \u00e9nerg\u00e9tique, va contribuer \u00e0 renforcer davantage la position de pionnier d\u2019Eneco dans ce domaine en permettant de r\u00e9duire significativement ses \u00e9missions de CO<sub>2<\/sub>.&nbsp;\u00bb<\/em><\/p>\n\n\n\n<p>Pour d\u00e9montrer comment une d\u00e9marche d&#8217;innovation peut contribuer \u00e0 r\u00e9duire les \u00e9missions de CO<sub>2<\/sub>, Capgemini et Eneco ont \u00e9valu\u00e9 le potentiel de plusieurs innovations centr\u00e9es principalement sur le scope&nbsp;3, avec une approche globale du calcul de l\u2019empreinte carbone. Les \u00e9missions de niveau&nbsp;3 d\u2019Eneco repr\u00e9sentent pr\u00e8s de 90% de sa production totale et sont g\u00e9n\u00e9r\u00e9es \u00e0 partir de sources indirectes au sein de sa cha\u00eene d\u2019approvisionnement, comme par exemple&nbsp;: les biens et services achet\u00e9s, la distribution, le transport, l\u2019utilisation des biens et leur traitement en fin de vie. La r\u00e9duction de l&#8217;empreinte carbone des partenaires et clients d&#8217;Eneco est essentielle, par le biais, notamment, d&#8217;une \u00e9lectrification massive, de l&#8217;\u00e9limination progressive du gaz naturel et de l&#8217;acc\u00e9l\u00e9ration du d\u00e9ploiement de solutions de chauffage durable.<\/p>\n\n\n\n<p><strong>Des solutions innovantes test\u00e9es et \u00e9valu\u00e9es conjointement par Capgemini et Eneco<\/strong><\/p>\n\n\n\n<p>Pour suivre les progr\u00e8s r\u00e9alis\u00e9s, en rendre compte et les analyser avec pr\u00e9cision, et ainsi permettre \u00e0 Eneco de prendre des d\u00e9cisions bas\u00e9es sur des donn\u00e9es, des mod\u00e8les de calcul des \u00e9missions de CO<sub>2<\/sub> ont \u00e9t\u00e9 mis en place \u00e0 l\u2019aide d\u2019une analyse men\u00e9e tout au long du cycle de vie<a href=\"#_ftn2\" id=\"_ftnref2\">[2]<\/a>, et des donn\u00e9es m\u00e9tier. Capgemini aidera \u00e9galement Eneco \u00e0 r\u00e9duire ses \u00e9missions de niveau&nbsp;1 et&nbsp;2 en limitant son empreinte informatique, en am\u00e9liorant l\u2019efficacit\u00e9 \u00e9nerg\u00e9tique des bureaux et des b\u00e2timents utilis\u00e9s par Eneco et en diminuant les \u00e9missions de CO<sub>2<\/sub> dans la cha\u00eene d\u2019approvisionnement et de production d\u2019\u00e9nergie d\u2019Eneco.<\/p>\n\n\n\n<p>Parmi les autres innovations \u00e0 \u00e9valuer figurent les suivantes&nbsp;:<\/p>\n\n\n\n<ul class=\"wp-block-list\">\n<li>Des services de d\u00e9carbonation B2B pour aider les clients professionnels d\u2019Eneco \u00e0 r\u00e9duire davantage les \u00e9missions de carbone avec des solutions telles que les pompes \u00e0 chaleur, l\u2019isolation, l\u2019\u00e9clairage de bureau intelligent, ainsi que les chaudi\u00e8res \u00e0 \u00e9nergie solaire et panneaux solaires<\/li>\n\n\n\n<li>Une centrale \u00e9lectrique virtuelle : plateforme num\u00e9rique visant \u00e0 \u00e9quilibrer l\u2019offre et la demande d\u2019\u00e9nergie renouvelable avec le commerce de l\u2019\u00e9nergie<\/li>\n\n\n\n<li>Des jumeaux num\u00e9riques visant \u00e0 r\u00e9duire les co\u00fbts de construction et d\u2019exploitation des parcs \u00e9oliens onshore et offshore<\/li>\n<\/ul>\n\n\n\n<hr class=\"wp-block-separator has-alpha-channel-opacity\"\/>\n\n\n\n<p><a href=\"#_ftnref1\" id=\"_ftn1\">[1]<\/a> Les \u00e9missions de niveau&nbsp;1 d\u00e9signent les \u00e9missions directes des b\u00e2timents ou actifs d\u00e9tenus ou contr\u00f4l\u00e9s par une entreprise, par exemple les \u00e9missions associ\u00e9es \u00e0 la consommation de carburant et aux gaz r\u00e9frig\u00e9rants.&nbsp;Les \u00e9missions de niveau&nbsp;2 d\u00e9signent les \u00e9missions associ\u00e9es \u00e0 la consommation d\u2019\u00e9lectricit\u00e9, de chaleur ou de vapeur. Les \u00e9missions de niveau&nbsp;3 d\u00e9signent l\u2019ensemble des autres \u00e9missions g\u00e9n\u00e9r\u00e9es au sein de la cha\u00eene de valeur d\u2019une organisation, y compris les \u00e9missions en amont et en aval. Elles r\u00e9sultent des activit\u00e9s d\u2019une entit\u00e9, mais proviennent de sources non d\u00e9tenues ou contr\u00f4l\u00e9es par l\u2019entreprise de cette entit\u00e9.<\/p>\n\n\n\n<p><a href=\"#_ftnref2\" id=\"_ftn2\">[2]<\/a> L\u2019\u00ab&nbsp;analyse du cycle de vie&nbsp;\u00bb prend en compte l\u2019impact direct et indirect d\u2019un processus ou d\u2019une technologie dans la cha\u00eene de valeur des processus en amont.<\/p>\n<\/div><\/div><\/div><\/div><\/div><\/section>\n\n\n<div class=\"wp-block-cg-blocks-cg-block-related-content\"><section class=\"relatedContentBlock\"><div class=\"container\"><div class=\"row\"><div class=\"content-title col-12 col-md-8\"><h2 class=\"related-content-heading\">Related news<\/h2><\/div><\/div><div class=\"row relatedContent\"><div class=\"col-lg-4 col-md-6 col-xs-12\">\n\t\t\t\t\t\t\t<div class=\"box\">\n\t\t\t\t\t\t\t\t<a aria-label=\"Lire la suite Capgemini et McDonald\u2019s renouvellent leur partenariat strat\u00e9gique avec un accord mondial pluriannuel ax\u00e9 sur le d\u00e9ploiement de plateformes modernes et \u00e9volutives\" href=\"https:\/\/www.capgemini.com\/fr-fr\/actualites\/communiques-de-presse\/capgemini-et-mcdonalds-renouvellent-leur-partenariat-strategique-avec-un-accord-mondial-pluriannuel-axe-sur-le-deploiement-de-plateformes-modernes-et-evolutives\/\" class=\"anchorWrapper\">\n\t\t\t\t\t\t\t\t\t<span class=\"box-tag\"><span>Actualit\u00e9s client<\/span><\/span>\n\t\t\t\t\t\t\t\t\t<div class=\"box-title\"><h3 class=\"box-subtitle\">Capgemini et McDonald\u2019s renouvellent leur partenariat strat\u00e9gique avec un accord mondial pluriannuel ax\u00e9 sur le d\u00e9ploiement de plateformes modernes et \u00e9volutives<\/h3><\/div>\n\t\t\t\t\t\t\t\t\t<div class=\"box-date\">\n\t\t\t\t\t\t\t\t\t\t<span>Mar 5, 2026<\/span>\n\t\t\t\t\t\t\t\t\t<\/div>\n\t\t\t\t\t\t\t\t\t<div class=\"box-bottom\">\n\t\t\t\t\t\t\t\t\t\t&lt;a class=&quot;link-download&quot; href=&quot;https:\/\/www.capgemini.com\/fr-fr\/wp-content\/uploads\/sites\/6\/2026\/03\/2026_03_05_McDonalds_Capgemini_Press-Release_FR.pdf&quot; aria-label=&quot;T\u00e9l\u00e9charger le communiqu\u00e9 de presse&quot; target=&quot;_blank&quot;  type=&quot;download&quot; title=&quot;Opens in a new window&quot;&gt;\n\t\t\t\t\t\t\t&lt;span&gt;T\u00e9l\u00e9charger le communiqu\u00e9 de presse&lt;\/span&gt;\n\t\t\t\t\t\t\t&lt;span&gt;142 KB PDF&lt;\/span&gt;\n\t\t\t\t\t\t&lt;\/a&gt;\n\t\t\t\t\t\t\t\t\t\t<a class=\"more\" aria-label=\"Lire la suite Capgemini et McDonald\u2019s renouvellent leur partenariat strat\u00e9gique avec un accord mondial pluriannuel ax\u00e9 sur le d\u00e9ploiement de plateformes modernes et \u00e9volutives\" href=\"https:\/\/www.capgemini.com\/fr-fr\/actualites\/communiques-de-presse\/capgemini-et-mcdonalds-renouvellent-leur-partenariat-strategique-avec-un-accord-mondial-pluriannuel-axe-sur-le-deploiement-de-plateformes-modernes-et-evolutives\/\">Lire la suite<\/a>\n\t\t\t\t\t\t\t\t\t<\/div>\n\t\t\t\t\t\t\t\t<\/a>\n\t\t\t\t\t\t\t<\/div>\n\t\t\t\t\t\t<\/div><div class=\"col-lg-4 col-md-6 col-xs-12\">\n\t\t\t\t\t\t\t<div class=\"box\">\n\t\t\t\t\t\t\t\t<a aria-label=\"Lire la suite Capgemini et Deutsche Telekom con\u00e7oivent une plateforme ouverte pour l\u2019automatisation intelligente du RAN\" href=\"https:\/\/www.capgemini.com\/fr-fr\/actualites\/communiques-de-presse\/deutsch-telecom\/\" class=\"anchorWrapper\">\n\t\t\t\t\t\t\t\t\t<span class=\"box-tag\"><span>Actualit\u00e9s client<\/span><\/span>\n\t\t\t\t\t\t\t\t\t<div class=\"box-title\"><h3 class=\"box-subtitle\">Capgemini et Deutsche Telekom con\u00e7oivent une plateforme ouverte pour l\u2019automatisation intelligente du RAN<\/h3><\/div>\n\t\t\t\t\t\t\t\t\t<div class=\"box-date\">\n\t\t\t\t\t\t\t\t\t\t<span>Feb 27, 2026<\/span>\n\t\t\t\t\t\t\t\t\t<\/div>\n\t\t\t\t\t\t\t\t\t<div class=\"box-bottom\">\n\t\t\t\t\t\t\t\t\t\t&lt;a class=&quot;link-download&quot; href=&quot;https:\/\/www.capgemini.com\/wp-content\/uploads\/2026\/02\/2026_02_27_Capgemini_Deutsche-Telekom_Open-Platform-for-Intelligent-RAN-Automation-1.pdf&quot; aria-label=&quot;T\u00e9l\u00e9charger le communiqu\u00e9 de presse&quot; target=&quot;_blank&quot;  type=&quot;download&quot; title=&quot;Opens in a new window&quot;&gt;\n\t\t\t\t\t\t\t&lt;span&gt;T\u00e9l\u00e9charger le communiqu\u00e9 de presse&lt;\/span&gt;\n\t\t\t\t\t\t\t&lt;span&gt;112 KB PDF&lt;\/span&gt;\n\t\t\t\t\t\t&lt;\/a&gt;\n\t\t\t\t\t\t\t\t\t\t<a class=\"more\" aria-label=\"Lire la suite Capgemini et Deutsche Telekom con\u00e7oivent une plateforme ouverte pour l\u2019automatisation intelligente du RAN\" href=\"https:\/\/www.capgemini.com\/fr-fr\/actualites\/communiques-de-presse\/deutsch-telecom\/\">Lire la suite<\/a>\n\t\t\t\t\t\t\t\t\t<\/div>\n\t\t\t\t\t\t\t\t<\/a>\n\t\t\t\t\t\t\t<\/div>\n\t\t\t\t\t\t<\/div><div class=\"col-lg-4 col-md-6 col-xs-12\">\n\t\t\t\t\t\t\t<div class=\"box\">\n\t\t\t\t\t\t\t\t<a aria-label=\"Lire la suite La Commission europ\u00e9enne choisit Capgemini pour son contrat-cadre de cybers\u00e9curit\u00e9 de l&#8217;UE\" href=\"https:\/\/www.capgemini.com\/fr-fr\/actualites\/communiques-de-presse\/la-commission-europeenne-choisit-capgemini-pour-son-contrat-cadre-de-cybersecurite\/\" class=\"anchorWrapper\">\n\t\t\t\t\t\t\t\t\t<span class=\"box-tag\"><span>Actualit\u00e9s client<\/span><\/span>\n\t\t\t\t\t\t\t\t\t<div class=\"box-title\"><h3 class=\"box-subtitle\">La Commission europ\u00e9enne choisit Capgemini pour son contrat-cadre de cybers\u00e9curit\u00e9 de l&#8217;UE<\/h3><\/div>\n\t\t\t\t\t\t\t\t\t<div class=\"box-date\">\n\t\t\t\t\t\t\t\t\t\t<span>Dec 8, 2025<\/span>\n\t\t\t\t\t\t\t\t\t<\/div>\n\t\t\t\t\t\t\t\t\t<div class=\"box-bottom\">\n\t\t\t\t\t\t\t\t\t\t&lt;a class=&quot;link-download&quot; href=&quot;https:\/\/www.capgemini.com\/wp-content\/uploads\/2025\/12\/12_08_Capgemini-news-alert_FREIA.pdf&quot; aria-label=&quot;T\u00e9l\u00e9charger le communiqu\u00e9 de presse&quot; target=&quot;_blank&quot;  type=&quot;download&quot; title=&quot;Opens in a new window&quot;&gt;\n\t\t\t\t\t\t\t&lt;span&gt;T\u00e9l\u00e9charger le communiqu\u00e9 de presse&lt;\/span&gt;\n\t\t\t\t\t\t\t&lt;span&gt;127 KB PDF&lt;\/span&gt;\n\t\t\t\t\t\t&lt;\/a&gt;\n\t\t\t\t\t\t\t\t\t\t<a class=\"more\" aria-label=\"Lire la suite La Commission europ\u00e9enne choisit Capgemini pour son contrat-cadre de cybers\u00e9curit\u00e9 de l&#8217;UE\" href=\"https:\/\/www.capgemini.com\/fr-fr\/actualites\/communiques-de-presse\/la-commission-europeenne-choisit-capgemini-pour-son-contrat-cadre-de-cybersecurite\/\">Lire la suite<\/a>\n\t\t\t\t\t\t\t\t\t<\/div>\n\t\t\t\t\t\t\t\t<\/a>\n\t\t\t\t\t\t\t<\/div>\n\t\t\t\t\t\t<\/div><\/div><\/div><\/section><\/div>\n\n<div class=\"wp-block-cg-blocks-cg-block-related-content\"><section class=\"relatedContentBlock\"><div class=\"container\"><div class=\"row\"><div class=\"content-title col-12 col-md-8\"><h2 class=\"related-content-heading\">Related news<\/h2><\/div><\/div><div class=\"row relatedContent\"><div class=\"col-lg-4 col-md-6 col-xs-12\">\n\t\t\t\t\t\t\t<div class=\"box\">\n\t\t\t\t\t\t\t\t<a aria-label=\"Lire la suite Capgemini et McDonald\u2019s renouvellent leur partenariat strat\u00e9gique avec un accord mondial pluriannuel ax\u00e9 sur le d\u00e9ploiement de plateformes modernes et \u00e9volutives\" href=\"https:\/\/www.capgemini.com\/fr-fr\/actualites\/communiques-de-presse\/capgemini-et-mcdonalds-renouvellent-leur-partenariat-strategique-avec-un-accord-mondial-pluriannuel-axe-sur-le-deploiement-de-plateformes-modernes-et-evolutives\/\" class=\"anchorWrapper\">\n\t\t\t\t\t\t\t\t\t<span class=\"box-tag\"><span>Actualit\u00e9s client<\/span><\/span>\n\t\t\t\t\t\t\t\t\t<div class=\"box-title\"><h3 class=\"box-subtitle\">Capgemini et McDonald\u2019s renouvellent leur partenariat strat\u00e9gique avec un accord mondial pluriannuel ax\u00e9 sur le d\u00e9ploiement de plateformes modernes et \u00e9volutives<\/h3><\/div>\n\t\t\t\t\t\t\t\t\t<div class=\"box-date\">\n\t\t\t\t\t\t\t\t\t\t<span>Mar 5, 2026<\/span>\n\t\t\t\t\t\t\t\t\t<\/div>\n\t\t\t\t\t\t\t\t\t<div class=\"box-bottom\">\n\t\t\t\t\t\t\t\t\t\t&lt;a class=&quot;link-download&quot; href=&quot;https:\/\/www.capgemini.com\/fr-fr\/wp-content\/uploads\/sites\/6\/2026\/03\/2026_03_05_McDonalds_Capgemini_Press-Release_FR.pdf&quot; aria-label=&quot;T\u00e9l\u00e9charger le communiqu\u00e9 de presse&quot; target=&quot;_blank&quot;  type=&quot;download&quot; title=&quot;Opens in a new window&quot;&gt;\n\t\t\t\t\t\t\t&lt;span&gt;T\u00e9l\u00e9charger le communiqu\u00e9 de presse&lt;\/span&gt;\n\t\t\t\t\t\t\t&lt;span&gt;142 KB PDF&lt;\/span&gt;\n\t\t\t\t\t\t&lt;\/a&gt;\n\t\t\t\t\t\t\t\t\t\t<a class=\"more\" aria-label=\"Lire la suite Capgemini et McDonald\u2019s renouvellent leur partenariat strat\u00e9gique avec un accord mondial pluriannuel ax\u00e9 sur le d\u00e9ploiement de plateformes modernes et \u00e9volutives\" href=\"https:\/\/www.capgemini.com\/fr-fr\/actualites\/communiques-de-presse\/capgemini-et-mcdonalds-renouvellent-leur-partenariat-strategique-avec-un-accord-mondial-pluriannuel-axe-sur-le-deploiement-de-plateformes-modernes-et-evolutives\/\">Lire la suite<\/a>\n\t\t\t\t\t\t\t\t\t<\/div>\n\t\t\t\t\t\t\t\t<\/a>\n\t\t\t\t\t\t\t<\/div>\n\t\t\t\t\t\t<\/div><div class=\"col-lg-4 col-md-6 col-xs-12\">\n\t\t\t\t\t\t\t<div class=\"box\">\n\t\t\t\t\t\t\t\t<a aria-label=\"Lire la suite Capgemini et Deutsche Telekom con\u00e7oivent une plateforme ouverte pour l\u2019automatisation intelligente du RAN\" href=\"https:\/\/www.capgemini.com\/fr-fr\/actualites\/communiques-de-presse\/deutsch-telecom\/\" class=\"anchorWrapper\">\n\t\t\t\t\t\t\t\t\t<span class=\"box-tag\"><span>Actualit\u00e9s client<\/span><\/span>\n\t\t\t\t\t\t\t\t\t<div class=\"box-title\"><h3 class=\"box-subtitle\">Capgemini et Deutsche Telekom con\u00e7oivent une plateforme ouverte pour l\u2019automatisation intelligente du RAN<\/h3><\/div>\n\t\t\t\t\t\t\t\t\t<div class=\"box-date\">\n\t\t\t\t\t\t\t\t\t\t<span>Feb 27, 2026<\/span>\n\t\t\t\t\t\t\t\t\t<\/div>\n\t\t\t\t\t\t\t\t\t<div class=\"box-bottom\">\n\t\t\t\t\t\t\t\t\t\t&lt;a class=&quot;link-download&quot; href=&quot;https:\/\/www.capgemini.com\/wp-content\/uploads\/2026\/02\/2026_02_27_Capgemini_Deutsche-Telekom_Open-Platform-for-Intelligent-RAN-Automation-1.pdf&quot; aria-label=&quot;T\u00e9l\u00e9charger le communiqu\u00e9 de presse&quot; target=&quot;_blank&quot;  type=&quot;download&quot; title=&quot;Opens in a new window&quot;&gt;\n\t\t\t\t\t\t\t&lt;span&gt;T\u00e9l\u00e9charger le communiqu\u00e9 de presse&lt;\/span&gt;\n\t\t\t\t\t\t\t&lt;span&gt;112 KB PDF&lt;\/span&gt;\n\t\t\t\t\t\t&lt;\/a&gt;\n\t\t\t\t\t\t\t\t\t\t<a class=\"more\" aria-label=\"Lire la suite Capgemini et Deutsche Telekom con\u00e7oivent une plateforme ouverte pour l\u2019automatisation intelligente du RAN\" href=\"https:\/\/www.capgemini.com\/fr-fr\/actualites\/communiques-de-presse\/deutsch-telecom\/\">Lire la suite<\/a>\n\t\t\t\t\t\t\t\t\t<\/div>\n\t\t\t\t\t\t\t\t<\/a>\n\t\t\t\t\t\t\t<\/div>\n\t\t\t\t\t\t<\/div><div class=\"col-lg-4 col-md-6 col-xs-12\">\n\t\t\t\t\t\t\t<div class=\"box\">\n\t\t\t\t\t\t\t\t<a aria-label=\"Lire la suite La Commission europ\u00e9enne choisit Capgemini pour son contrat-cadre de cybers\u00e9curit\u00e9 de l&#8217;UE\" href=\"https:\/\/www.capgemini.com\/fr-fr\/actualites\/communiques-de-presse\/la-commission-europeenne-choisit-capgemini-pour-son-contrat-cadre-de-cybersecurite\/\" class=\"anchorWrapper\">\n\t\t\t\t\t\t\t\t\t<span class=\"box-tag\"><span>Actualit\u00e9s client<\/span><\/span>\n\t\t\t\t\t\t\t\t\t<div class=\"box-title\"><h3 class=\"box-subtitle\">La Commission europ\u00e9enne choisit Capgemini pour son contrat-cadre de cybers\u00e9curit\u00e9 de l&#8217;UE<\/h3><\/div>\n\t\t\t\t\t\t\t\t\t<div class=\"box-date\">\n\t\t\t\t\t\t\t\t\t\t<span>Dec 8, 2025<\/span>\n\t\t\t\t\t\t\t\t\t<\/div>\n\t\t\t\t\t\t\t\t\t<div class=\"box-bottom\">\n\t\t\t\t\t\t\t\t\t\t&lt;a class=&quot;link-download&quot; href=&quot;https:\/\/www.capgemini.com\/wp-content\/uploads\/2025\/12\/12_08_Capgemini-news-alert_FREIA.pdf&quot; aria-label=&quot;T\u00e9l\u00e9charger le communiqu\u00e9 de presse&quot; target=&quot;_blank&quot;  type=&quot;download&quot; title=&quot;Opens in a new window&quot;&gt;\n\t\t\t\t\t\t\t&lt;span&gt;T\u00e9l\u00e9charger le communiqu\u00e9 de presse&lt;\/span&gt;\n\t\t\t\t\t\t\t&lt;span&gt;127 KB PDF&lt;\/span&gt;\n\t\t\t\t\t\t&lt;\/a&gt;\n\t\t\t\t\t\t\t\t\t\t<a class=\"more\" aria-label=\"Lire la suite La Commission europ\u00e9enne choisit Capgemini pour son contrat-cadre de cybers\u00e9curit\u00e9 de l&#8217;UE\" href=\"https:\/\/www.capgemini.com\/fr-fr\/actualites\/communiques-de-presse\/la-commission-europeenne-choisit-capgemini-pour-son-contrat-cadre-de-cybersecurite\/\">Lire la suite<\/a>\n\t\t\t\t\t\t\t\t\t<\/div>\n\t\t\t\t\t\t\t\t<\/a>\n\t\t\t\t\t\t\t<\/div>\n\t\t\t\t\t\t<\/div><\/div><\/div><\/section><\/div>","protected":false},"excerpt":{"rendered":"","protected":false},"author":208,"featured_media":0,"template":"","meta":{"cg_dt_proposed_to":[],"cg_seo_hreflang_relations":"[]","cg_seo_canonical_relation":"{\"uuid\":\"9e95c636-fe0f-424a-bc9e-a7f9c5470852\",\"blogId\":\"\",\"domain\":\"\",\"sitePath\":\"\",\"postLink\":\"\",\"postId\":null,\"isSaved\":true,\"isCrossLink\":false,\"hasCrossLink\":false}","cg_seo_hreflang_x_default_relation":"{\"uuid\":\"16d06d40-1e30-4756-bffd-47fe96580457\",\"blogId\":\"\",\"domain\":\"\",\"sitePath\":\"\",\"postLink\":\"\",\"postId\":null,\"isSaved\":true,\"isCrossLink\":false,\"hasCrossLink\":false}","cg_dt_approved_content":true,"cg_dt_mandatory_content":false,"cg_dt_notes":"","cg_dg_source_changed":false,"cg_dt_link_disabled":false,"footnotes":"","related_resource_url":"https:\/\/www.capgemini.com\/fr-fr\/wp-content\/uploads\/sites\/6\/2023\/03\/2023_03_13_Capgemini-Press-Release_Eneco_CO2reduction_FR.pdf","related_resource_id":713370,"related_resource_size":"118 KB","related_resource_type":"pdf","cg_author":0,"featured_focal_points":""},"tags":[],"press-release-type":[33],"brand":[],"class_list":["post-713271","press-release","type-press-release","status-publish","hentry","press-release-type-actualites-client"],"yoast_head":"<!-- This site is optimized with the Yoast SEO Premium plugin v22.8 (Yoast SEO v22.8) - https:\/\/yoast.com\/wordpress\/plugins\/seo\/ -->\n<title>Capgemini aide Eneco \u00e0 r\u00e9duire son empreinte carbone d\u2019une m\u00e9gatonne par an d\u2019ici\u00a02030 - Capgemini France<\/title>\n<meta name=\"robots\" content=\"index, follow, max-snippet:-1, max-image-preview:large, max-video-preview:-1\" \/>\n<link rel=\"canonical\" href=\"https:\/\/www.capgemini.com\/fr-fr\/actualites\/communiques-de-presse\/capgemini-aide-eneco-a-reduire-son-empreinte-carbone-dune-megatonne-par-an-dici2030\/\" \/>\n<meta property=\"og:locale\" content=\"fr_FR\" \/>\n<meta property=\"og:type\" content=\"article\" \/>\n<meta property=\"og:title\" content=\"Capgemini aide Eneco \u00e0 r\u00e9duire son empreinte carbone d\u2019une m\u00e9gatonne par an d\u2019ici\u00a02030\" \/>\n<meta property=\"og:url\" content=\"https:\/\/www.capgemini.com\/fr-fr\/actualites\/communiques-de-presse\/capgemini-aide-eneco-a-reduire-son-empreinte-carbone-dune-megatonne-par-an-dici2030\/\" \/>\n<meta property=\"og:site_name\" content=\"Capgemini France\" \/>\n<meta property=\"article:modified_time\" content=\"2025-03-04T08:09:25+00:00\" \/>\n<meta property=\"og:image\" content=\"https:\/\/www.capgemini.com\/fr-fr\/wp-content\/uploads\/sites\/6\/2023\/03\/WEB-PREVIEW.png\" \/>\n\t<meta property=\"og:image:width\" content=\"1200\" \/>\n\t<meta property=\"og:image:height\" content=\"630\" \/>\n\t<meta property=\"og:image:type\" content=\"image\/png\" \/>\n<meta name=\"twitter:card\" content=\"summary_large_image\" \/>\n<meta name=\"twitter:label1\" content=\"Est. reading time\" \/>\n\t<meta name=\"twitter:data1\" content=\"5 minutes\" \/>\n<script type=\"application\/ld+json\" class=\"yoast-schema-graph\">{\"@context\":\"https:\/\/schema.org\",\"@graph\":[{\"@type\":\"WebPage\",\"@id\":\"https:\/\/www.capgemini.com\/fr-fr\/actualites\/communiques-de-presse\/capgemini-aide-eneco-a-reduire-son-empreinte-carbone-dune-megatonne-par-an-dici2030\/\",\"url\":\"https:\/\/www.capgemini.com\/fr-fr\/actualites\/communiques-de-presse\/capgemini-aide-eneco-a-reduire-son-empreinte-carbone-dune-megatonne-par-an-dici2030\/\",\"name\":\"Capgemini aide Eneco \u00e0 r\u00e9duire son empreinte carbone d\u2019une m\u00e9gatonne par an d\u2019ici\u00a02030 - Capgemini France\",\"isPartOf\":{\"@id\":\"https:\/\/www.capgemini.com\/fr-fr\/#website\"},\"datePublished\":\"2023-03-13T07:30:00+00:00\",\"dateModified\":\"2025-03-04T08:09:25+00:00\",\"breadcrumb\":{\"@id\":\"https:\/\/www.capgemini.com\/fr-fr\/actualites\/communiques-de-presse\/capgemini-aide-eneco-a-reduire-son-empreinte-carbone-dune-megatonne-par-an-dici2030\/#breadcrumb\"},\"inLanguage\":\"fr-FR\",\"potentialAction\":[{\"@type\":\"ReadAction\",\"target\":[\"https:\/\/www.capgemini.com\/fr-fr\/actualites\/communiques-de-presse\/capgemini-aide-eneco-a-reduire-son-empreinte-carbone-dune-megatonne-par-an-dici2030\/\"]}]},{\"@type\":\"BreadcrumbList\",\"@id\":\"https:\/\/www.capgemini.com\/fr-fr\/actualites\/communiques-de-presse\/capgemini-aide-eneco-a-reduire-son-empreinte-carbone-dune-megatonne-par-an-dici2030\/#breadcrumb\",\"itemListElement\":[{\"@type\":\"ListItem\",\"position\":1,\"name\":\"Press Releases\",\"item\":\"https:\/\/www.capgemini.com\/fr-fr\/news\/\"},{\"@type\":\"ListItem\",\"position\":2,\"name\":\"Capgemini aide Eneco \u00e0 r\u00e9duire son empreinte carbone d\u2019une m\u00e9gatonne par an d\u2019ici\u00a02030\"}]},{\"@type\":\"WebSite\",\"@id\":\"https:\/\/www.capgemini.com\/fr-fr\/#website\",\"url\":\"https:\/\/www.capgemini.com\/fr-fr\/\",\"name\":\"Capgemini France\",\"description\":\"Just another www.capgemini.com site\",\"publisher\":{\"@id\":\"https:\/\/www.capgemini.com\/fr-fr\/#organization\"},\"potentialAction\":[{\"@type\":\"SearchAction\",\"target\":{\"@type\":\"EntryPoint\",\"urlTemplate\":\"https:\/\/www.capgemini.com\/fr-fr\/?s={search_term_string}\"},\"query-input\":\"required name=search_term_string\"}],\"inLanguage\":\"fr-FR\"},{\"@type\":\"Organization\",\"@id\":\"https:\/\/www.capgemini.com\/fr-fr\/#organization\",\"name\":\"Capgemini France\",\"url\":\"https:\/\/www.capgemini.com\/fr-fr\/\",\"logo\":{\"@type\":\"ImageObject\",\"inLanguage\":\"fr-FR\",\"@id\":\"https:\/\/www.capgemini.com\/fr-fr\/#\/schema\/logo\/image\/\",\"url\":\"https:\/\/www.capgemini.com\/fr-fr\/wp-content\/uploads\/sites\/6\/2022\/08\/Logo-Capgemini.png\",\"contentUrl\":\"https:\/\/www.capgemini.com\/fr-fr\/wp-content\/uploads\/sites\/6\/2022\/08\/Logo-Capgemini.png\",\"width\":202,\"height\":60,\"caption\":\"Capgemini France\"},\"image\":{\"@id\":\"https:\/\/www.capgemini.com\/fr-fr\/#\/schema\/logo\/image\/\"}}]}<\/script>\n<!-- \/ Yoast SEO Premium plugin. -->","yoast_head_json":{"title":"Capgemini aide Eneco \u00e0 r\u00e9duire son empreinte carbone d\u2019une m\u00e9gatonne par an d\u2019ici\u00a02030 - Capgemini France","robots":{"index":"index","follow":"follow","max-snippet":"max-snippet:-1","max-image-preview":"max-image-preview:large","max-video-preview":"max-video-preview:-1"},"canonical":"https:\/\/www.capgemini.com\/fr-fr\/actualites\/communiques-de-presse\/capgemini-aide-eneco-a-reduire-son-empreinte-carbone-dune-megatonne-par-an-dici2030\/","og_locale":"fr_FR","og_type":"article","og_title":"Capgemini aide Eneco \u00e0 r\u00e9duire son empreinte carbone d\u2019une m\u00e9gatonne par an d\u2019ici\u00a02030","og_url":"https:\/\/www.capgemini.com\/fr-fr\/actualites\/communiques-de-presse\/capgemini-aide-eneco-a-reduire-son-empreinte-carbone-dune-megatonne-par-an-dici2030\/","og_site_name":"Capgemini France","article_modified_time":"2025-03-04T08:09:25+00:00","og_image":[{"width":1200,"height":630,"url":"https:\/\/www.capgemini.com\/fr-fr\/wp-content\/uploads\/sites\/6\/2023\/03\/WEB-PREVIEW.png","type":"image\/png"}],"twitter_card":"summary_large_image","twitter_misc":{"Est. reading time":"5 minutes"},"schema":{"@context":"https:\/\/schema.org","@graph":[{"@type":"WebPage","@id":"https:\/\/www.capgemini.com\/fr-fr\/actualites\/communiques-de-presse\/capgemini-aide-eneco-a-reduire-son-empreinte-carbone-dune-megatonne-par-an-dici2030\/","url":"https:\/\/www.capgemini.com\/fr-fr\/actualites\/communiques-de-presse\/capgemini-aide-eneco-a-reduire-son-empreinte-carbone-dune-megatonne-par-an-dici2030\/","name":"Capgemini aide Eneco \u00e0 r\u00e9duire son empreinte carbone d\u2019une m\u00e9gatonne par an d\u2019ici\u00a02030 - Capgemini France","isPartOf":{"@id":"https:\/\/www.capgemini.com\/fr-fr\/#website"},"datePublished":"2023-03-13T07:30:00+00:00","dateModified":"2025-03-04T08:09:25+00:00","breadcrumb":{"@id":"https:\/\/www.capgemini.com\/fr-fr\/actualites\/communiques-de-presse\/capgemini-aide-eneco-a-reduire-son-empreinte-carbone-dune-megatonne-par-an-dici2030\/#breadcrumb"},"inLanguage":"fr-FR","potentialAction":[{"@type":"ReadAction","target":["https:\/\/www.capgemini.com\/fr-fr\/actualites\/communiques-de-presse\/capgemini-aide-eneco-a-reduire-son-empreinte-carbone-dune-megatonne-par-an-dici2030\/"]}]},{"@type":"BreadcrumbList","@id":"https:\/\/www.capgemini.com\/fr-fr\/actualites\/communiques-de-presse\/capgemini-aide-eneco-a-reduire-son-empreinte-carbone-dune-megatonne-par-an-dici2030\/#breadcrumb","itemListElement":[{"@type":"ListItem","position":1,"name":"Press Releases","item":"https:\/\/www.capgemini.com\/fr-fr\/news\/"},{"@type":"ListItem","position":2,"name":"Capgemini aide Eneco \u00e0 r\u00e9duire son empreinte carbone d\u2019une m\u00e9gatonne par an d\u2019ici\u00a02030"}]},{"@type":"WebSite","@id":"https:\/\/www.capgemini.com\/fr-fr\/#website","url":"https:\/\/www.capgemini.com\/fr-fr\/","name":"Capgemini France","description":"Just another www.capgemini.com site","publisher":{"@id":"https:\/\/www.capgemini.com\/fr-fr\/#organization"},"potentialAction":[{"@type":"SearchAction","target":{"@type":"EntryPoint","urlTemplate":"https:\/\/www.capgemini.com\/fr-fr\/?s={search_term_string}"},"query-input":"required name=search_term_string"}],"inLanguage":"fr-FR"},{"@type":"Organization","@id":"https:\/\/www.capgemini.com\/fr-fr\/#organization","name":"Capgemini France","url":"https:\/\/www.capgemini.com\/fr-fr\/","logo":{"@type":"ImageObject","inLanguage":"fr-FR","@id":"https:\/\/www.capgemini.com\/fr-fr\/#\/schema\/logo\/image\/","url":"https:\/\/www.capgemini.com\/fr-fr\/wp-content\/uploads\/sites\/6\/2022\/08\/Logo-Capgemini.png","contentUrl":"https:\/\/www.capgemini.com\/fr-fr\/wp-content\/uploads\/sites\/6\/2022\/08\/Logo-Capgemini.png","width":202,"height":60,"caption":"Capgemini France"},"image":{"@id":"https:\/\/www.capgemini.com\/fr-fr\/#\/schema\/logo\/image\/"}}]}},"parsely":{"version":"1.1.0","canonical_url":"https:\/\/capgemini.com\/fr-fr\/actualites\/communiques-de-presse\/capgemini-aide-eneco-a-reduire-son-empreinte-carbone-dune-megatonne-par-an-dici2030\/","smart_links":{"inbound":0,"outbound":0},"traffic_boost_suggestions_count":0,"meta":{"@context":"https:\/\/schema.org","@type":"NewsArticle","headline":"Capgemini aide Eneco \u00e0 r\u00e9duire son empreinte carbone d\u2019une m\u00e9gatonne par an d\u2019ici\u00a02030","url":"https:\/\/www.capgemini.com\/fr-fr\/actualites\/communiques-de-presse\/capgemini-aide-eneco-a-reduire-son-empreinte-carbone-dune-megatonne-par-an-dici2030\/","mainEntityOfPage":{"@type":"WebPage","@id":"https:\/\/www.capgemini.com\/fr-fr\/actualites\/communiques-de-presse\/capgemini-aide-eneco-a-reduire-son-empreinte-carbone-dune-megatonne-par-an-dici2030\/"},"thumbnailUrl":"","image":{"@type":"ImageObject","url":""},"articleSection":"Uncategorized","author":[],"creator":[],"publisher":{"@type":"Organization","name":"Capgemini France","logo":""},"keywords":[],"dateCreated":"2023-03-13T07:30:00Z","datePublished":"2023-03-13T07:30:00Z","dateModified":"2025-03-04T08:09:25Z"},"rendered":"<meta name=\"parsely-title\" content=\"Capgemini aide Eneco \u00e0 r\u00e9duire son empreinte carbone d\u2019une m\u00e9gatonne par an d\u2019ici\u00a02030\" \/>\n<meta name=\"parsely-link\" content=\"https:\/\/www.capgemini.com\/fr-fr\/actualites\/communiques-de-presse\/capgemini-aide-eneco-a-reduire-son-empreinte-carbone-dune-megatonne-par-an-dici2030\/\" \/>\n<meta name=\"parsely-type\" content=\"post\" \/>\n<meta name=\"parsely-pub-date\" content=\"2023-03-13T07:30:00Z\" \/>\n<meta name=\"parsely-section\" content=\"Uncategorized\" \/>","tracker_url":"https:\/\/cdn.parsely.com\/keys\/capgemini.com\/p.js"},"archive_status":false,"featured_image_src":"https:\/\/www.capgemini.com\/fr-fr\/wp-content\/themes\/capgemini2025\/assets\/images\/mockup.png","featured_image_alt":false,"jetpack_sharing_enabled":true,"distributor_meta":false,"distributor_terms":false,"distributor_media":false,"distributor_original_site_name":"Capgemini France","distributor_original_site_url":"https:\/\/www.capgemini.com\/fr-fr","push-errors":false,"tag_names":[],"_links":{"self":[{"href":"https:\/\/www.capgemini.com\/fr-fr\/wp-json\/wp\/v2\/press-release\/713271","targetHints":{"allow":["GET"]}}],"collection":[{"href":"https:\/\/www.capgemini.com\/fr-fr\/wp-json\/wp\/v2\/press-release"}],"about":[{"href":"https:\/\/www.capgemini.com\/fr-fr\/wp-json\/wp\/v2\/types\/press-release"}],"author":[{"embeddable":true,"href":"https:\/\/www.capgemini.com\/fr-fr\/wp-json\/wp\/v2\/users\/208"}],"version-history":[{"count":7,"href":"https:\/\/www.capgemini.com\/fr-fr\/wp-json\/wp\/v2\/press-release\/713271\/revisions"}],"predecessor-version":[{"id":777319,"href":"https:\/\/www.capgemini.com\/fr-fr\/wp-json\/wp\/v2\/press-release\/713271\/revisions\/777319"}],"wp:attachment":[{"href":"https:\/\/www.capgemini.com\/fr-fr\/wp-json\/wp\/v2\/media?parent=713271"}],"wp:term":[{"taxonomy":"post_tag","embeddable":true,"href":"https:\/\/www.capgemini.com\/fr-fr\/wp-json\/wp\/v2\/tags?post=713271"},{"taxonomy":"press-release-type","embeddable":true,"href":"https:\/\/www.capgemini.com\/fr-fr\/wp-json\/wp\/v2\/press-release-type?post=713271"},{"taxonomy":"brand","embeddable":true,"href":"https:\/\/www.capgemini.com\/fr-fr\/wp-json\/wp\/v2\/brand?post=713271"}],"curies":[{"name":"wp","href":"https:\/\/api.w.org\/{rel}","templated":true}]}}