{"id":706787,"date":"2023-01-10T08:30:00","date_gmt":"2023-01-10T07:30:00","guid":{"rendered":"https:\/\/www.capgemini.com\/fr-fr\/?post_type=press-release&#038;p=706787"},"modified":"2025-03-04T09:12:55","modified_gmt":"2025-03-04T08:12:55","slug":"capgemini-renforce-son-approche-sectorielle-et-ses-services-en-matiere-de-developpement-durable-avec-lannonce-de-deux-nominations","status":"publish","type":"press-release","link":"https:\/\/www.capgemini.com\/fr-fr\/actualites\/communiques-de-presse\/capgemini-renforce-son-approche-sectorielle-et-ses-services-en-matiere-de-developpement-durable-avec-lannonce-de-deux-nominations\/","title":{"rendered":"Capgemini renforce son approche sectorielle et ses services en mati\u00e8re de d\u00e9veloppement durable avec l\u2019annonce de deux nominations"},"content":{"rendered":"\t\t<div class=\"wp-block-cg-blocks-hero-press-release\">\n\t\t\t<header class=\"header-hero-press-release\" role=\"main\" id=\"main-content-press-release\">\n\t\t\t\t<div class=\"container\">\n\t\t\t\t\t<div class=\"hero-press-release\">\n\t\t\t\t\t\t<div class=\"hero-press-release-content-wrapper\">\n\t\t\t\t\t\t\t<div class=\"row\">\n\t\t\t\t\t\t\t\t<div class=\"col-12\">\n\t\t\t\t\t\t\t\t\t<div class=\"header-title\">\n\t\t\t\t\t\t\t\t\t\t<h1>\n\t\t\t\t\t\t\t\t\t\t\tCapgemini renforce son approche sectorielle et ses services en mati\u00e8re de d\u00e9veloppement durable avec l\u2019annonce de deux nominations\t\t\t\t\t\t\t\t\t\t<\/h1>\n\t\t\t\t\t\t\t\t\t<\/div>\n\t\t\t\t\t\t\t\t\t<div class=\"header-description\">\n\t\t\t\t\t\t\t\t\t\t<p><\/p>\n\t\t\t\t\t\t\t\t\t<\/div>\n\t\t\t\t\t\t\t\t\t\t\t\t\t\t\t\t\t\t<div class=\"header-date\">\n\t\t\t\t\t\t\t\t\t\t<span>janv. 10, 2023<\/span>\n\t\t\t\t\t\t\t\t\t<\/div>\n\t\t\t\t\t\t\t\t<\/div>\n\t\t\t\t\t\t\t<\/div>\n\t\t\t\t\t\t<\/div>\n\t\t\t\t\t\t\t\t\t\t\t\t\t<div class=\"hero-press-release-downloads\">\n\t\t\t\t\t\t\t\t<div class=\"row\">\n\t\t\t\t\t\t\t\t\t\t\t\t\t\t\t\t\t\t\t<div class=\"col-12 col-md-6 col-lg-3\">\n\t\t\t\t\t\t\t\t\t\t\t<a class=\"download-item\" type=\"download\" href=\"https:\/\/www.capgemini.com\/fr-fr\/wp-content\/uploads\/sites\/6\/2023\/01\/20230106_Nominations_Capgemini_janv2023_FR.pdf\" target=\"_blank\" rel=\"noopener noreferrer\" title=\"Ouvrir dans une nouvelle fen\u00eatre\">\n\t\t\t\t\t\t\t\t\t\t\t\t<div class=\"download-icon\"><\/div>\n\t\t\t\t\t\t\t\t\t\t\t\t<div class=\"download-details\">\n\t\t\t\t\t\t\t\t\t\t\t\t\t<div class=\"download-title\">Download press release<\/div>\n\t\t\t\t\t\t\t\t\t\t\t\t\t<div class=\"download-props\">112 KB  pdf<\/div>\n\t\t\t\t\t\t\t\t\t\t\t\t<\/div>\n\t\t\t\t\t\t\t\t\t\t\t<\/a>\n\t\t\t\t\t\t\t\t\t\t<\/div>\n\t\t\t\t\t\t\t\t\t\t\t\t\t\t\t\t\t\t<\/div>\n\t\t\t\t\t\t\t<\/div>\n\t\t\t\t\t\t\t\t\t\t\t\t\t\t\t\t\t<\/div>\n\t\t\t\t<\/div>\n\t\t\t<\/header>\n\t\t<\/div>\n\t\t\n\n\n<section class=\"wp-block-cg-blocks-group undefined section section--article-content\"><div class=\"article-main-content\"><div class=\"container\"><div class=\"row\"><div class=\"col-12 col-md-1\"><nav class=\"article-social\"><ul class=\"social-nav\"><li class=\"ip-order-fb\"><a href=\"https:\/\/www.facebook.com\/sharer\/sharer.php?=http:\/\/capgeminiucwe.develop\/?post_type=press-release&amp;p=179\" target=\"_blank\" rel=\"noopener noreferrer\" title=\"Ouvrir dans une nouvelle fen\u00eatre\"><i aria-hidden=\"true\" class=\"icon-fb\"><\/i><span class=\"sr-only\">Facebook<\/span><\/a><\/li><li class=\"ip-order-tw\"><a href=\"https:\/\/twitter.com\/intent\/tweet?=http:\/\/capgeminiucwe.develop\/?post_type=press-release&amp;p=179\" target=\"_blank\" rel=\"noopener noreferrer\" title=\"Ouvrir dans une nouvelle fen\u00eatre\"><i aria-hidden=\"true\" class=\"icon-tw\"><\/i><span class=\"sr-only\">Twitter<\/span><\/a><\/li><li class=\"ip-order-li\"><a href=\"https:\/\/www.linkedin.com\/shareArticle?=http:\/\/capgeminiucwe.develop\/?post_type=press-release&amp;p=179\" target=\"_blank\" rel=\"noopener noreferrer\" title=\"Ouvrir dans une nouvelle fen\u00eatre\"><i aria-hidden=\"true\" class=\"icon-li\"><\/i><span class=\"sr-only\">Linkedin<\/span><\/a><\/li><\/ul><\/nav><\/div><div class=\"col-12 col-md-11 col-lg-10\"><div class=\"article-text article-quote-text\">\n<p><strong>Paris, 10 janvier 2023 \u2013 <\/strong><a href=\"https:\/\/www.capgemini.com\">Capgemini<\/a><strong> annonce aujourd\u2019hui deux nouvelles nominations au <\/strong><a href=\"https:\/\/www.capgemini.com\/fr-fr\/notre-groupe\/gestion-gouvernance\/equipe-de-direction\/\">Comit\u00e9 de Direction G\u00e9n\u00e9rale du Groupe<\/a><strong> (GEB) qui renforcent sa capacit\u00e9 \u00e0 apporter de la valeur \u00e0 ses clients, en s\u2019appuyant sur sa fine connaissance sectorielle et ses comp\u00e9tences en d\u00e9veloppement durable.<\/strong><strong><u><\/u><\/strong><\/p>\n\n\n\n<p><strong><em>Focus strat\u00e9gique sur les approches sectorielles<\/em><\/strong><em><\/em><\/p>\n\n\n\n<p><strong>J\u00e9r\u00f4me Sim\u00e9on<\/strong>, qui dirigeait jusqu\u2019ici l\u2019entit\u00e9 strat\u00e9gique Europe du Sud, est d\u00e9sormais en charge des secteurs au niveau mondial. Dans ces nouvelles fonctions, J\u00e9r\u00f4me fera converger les fortes expertises sectorielles de Capgemini partout dans le monde afin de r\u00e9pondre aux besoins en transformation propres aux grands groupes internationaux. Il reste membre du Comit\u00e9 de Direction g\u00e9n\u00e9rale du Groupe. <strong>Andrea Falleni<\/strong>, jusqu\u2019ici directeur ex\u00e9cutif de Capgemini en Italie et directeur des ventes de la r\u00e9gion Europe du Sud de Capgemini, remplace J\u00e9r\u00f4me en tant que Directeur g\u00e9n\u00e9ral de la r\u00e9gion Europe du Sud de Capgemini. A cette occasion, Andrea rejoint le Comit\u00e9 de Direction g\u00e9n\u00e9rale du Groupe.<\/p>\n\n\n\n<p><strong><em>Le d\u00e9veloppement durable au c\u0153ur des offres du Groupe<\/em><\/strong><\/p>\n\n\n\n<p><strong>Cyril Garcia, <\/strong>auparavant Directeur g\u00e9n\u00e9ral de Capgemini Invent, est d\u00e9sormais en charge des offres \u00ab&nbsp;Sustainability&nbsp;\u00bb et de <a>la Responsabilit\u00e9 Sociale et Environnementale<\/a> au niveau mondial. Dans ces nouvelles fonctions, Cyril est responsable de l\u2019int\u00e9gration des enjeux de durabilit\u00e9 au sein des offres de services de Capgemini, ainsi que de piloter la strat\u00e9gie RSE du Groupe afin d\u2019am\u00e9liorer son propre impact environnemental et soci\u00e9tal. Il reste membre du Comit\u00e9 de Direction g\u00e9n\u00e9rale du Groupe. <strong>Roshan Gya<\/strong>, jusqu\u2019ici Directeur de Capgemini Invent en Europe du Sud et responsable mondial de l\u2019<em>Intelligent Industry<\/em>, remplace Cyril en tant que Directeur g\u00e9n\u00e9ral de <strong>Capgemini Invent.<\/strong> Il rejoint le Comit\u00e9 Ex\u00e9cutif du Groupe.<\/p>\n\n\n\n<p>\u00ab&nbsp;<em>Ces nouvelles nominations renforcent la position de Capgemini en tant que partenaire strat\u00e9gique de nos clients pour leurs transformations business<\/em>, commente Aiman Ezzat, Directeur g\u00e9n\u00e9ral du groupe Capgemini. <em>J\u00e9r\u00f4me s\u2019attachera \u00e0 consolider la vaste expertise sectorielle du Groupe afin de r\u00e9pondre aux enjeux business sp\u00e9cifiques de nos clients internationaux. Cyril s\u2019assurera de mettre la durabilit\u00e9 au c\u0153ur de nos offres de services, afin de permettre aux organisations d\u2019atteindre leurs obligations environnementales pour un avenir durable. Ces deux enjeux sont essentiels pour nos clients et leur apporteront beaucoup de valeur ajout\u00e9e. Je souhaite \u00e9galement la bienvenue \u00e0 Andrea et Roshan au sein de notre \u00e9quipe de direction. Ce sont tous deux des dirigeants exceptionnels et chevronn\u00e9s aux parcours exemplaires.<\/em>&nbsp;\u00bb<\/p>\n\n\n\n<p><strong>Note aux r\u00e9dactions :<\/strong><\/p>\n\n\n\n<p>Des photos haute r\u00e9solution de tous les responsables cit\u00e9s sont disponibles sur demande.<\/p>\n<\/div><\/div><\/div><\/div><\/div><\/section>\n\n\n<div class=\"wp-block-cg-blocks-cg-block-related-content\"><section class=\"relatedContentBlock\"><div class=\"container\"><div class=\"row\"><div class=\"content-title col-12 col-md-8\"><h2 class=\"related-content-heading\">Sur le m\u00eame sujet<\/h2><\/div><\/div><div class=\"row relatedContent\"><div class=\"col-lg-4 col-md-6 col-xs-12\">\n\t\t\t\t\t\t\t<div class=\"box\">\n\t\t\t\t\t\t\t\t<a aria-label=\"Lire la suite \u00c9volution de la composition du Conseil d\u2019Administration de Capgemini propos\u00e9e \u00e0 l\u2019Assembl\u00e9e G\u00e9n\u00e9rale 2026\" href=\"https:\/\/www.capgemini.com\/fr-fr\/actualites\/communiques-de-presse\/evolution-de-la-composition-du-conseil-dadministration-de-capgemini-proposee-a-lassemblee-generale-2026\/\" class=\"anchorWrapper\">\n\t\t\t\t\t\t\t\t\t<span class=\"box-tag\"><span>Actualit\u00e9s du Groupe<\/span><\/span>\n\t\t\t\t\t\t\t\t\t<div class=\"box-title\"><h3 class=\"box-subtitle\">\u00c9volution de la composition du Conseil d\u2019Administration de Capgemini propos\u00e9e \u00e0 l\u2019Assembl\u00e9e G\u00e9n\u00e9rale 2026<\/h3><\/div>\n\t\t\t\t\t\t\t\t\t<div class=\"box-date\">\n\t\t\t\t\t\t\t\t\t\t<span>Mar 16, 2026<\/span>\n\t\t\t\t\t\t\t\t\t<\/div>\n\t\t\t\t\t\t\t\t\t<div class=\"box-bottom\">\n\t\t\t\t\t\t\t\t\t\t&lt;a class=&quot;link-download&quot; href=&quot;https:\/\/www.capgemini.com\/fr-fr\/wp-content\/uploads\/sites\/6\/2026\/03\/03_16_26-Composition-du-Conseil-dadministration-vfinale-post-CA-clean.pdf&quot; aria-label=&quot;T\u00e9l\u00e9charger le communiqu\u00e9 de presse&quot; target=&quot;_blank&quot;  type=&quot;download&quot; title=&quot;Opens in a new window&quot;&gt;\n\t\t\t\t\t\t\t&lt;span&gt;T\u00e9l\u00e9charger le communiqu\u00e9 de presse&lt;\/span&gt;\n\t\t\t\t\t\t\t&lt;span&gt;171 KB PDF&lt;\/span&gt;\n\t\t\t\t\t\t&lt;\/a&gt;\n\t\t\t\t\t\t\t\t\t\t<a class=\"more\" aria-label=\"Lire la suite \u00c9volution de la composition du Conseil d\u2019Administration de Capgemini propos\u00e9e \u00e0 l\u2019Assembl\u00e9e G\u00e9n\u00e9rale 2026\" href=\"https:\/\/www.capgemini.com\/fr-fr\/actualites\/communiques-de-presse\/evolution-de-la-composition-du-conseil-dadministration-de-capgemini-proposee-a-lassemblee-generale-2026\/\">Lire la suite<\/a>\n\t\t\t\t\t\t\t\t\t<\/div>\n\t\t\t\t\t\t\t\t<\/a>\n\t\t\t\t\t\t\t<\/div>\n\t\t\t\t\t\t<\/div><div class=\"col-lg-4 col-md-6 col-xs-12\">\n\t\t\t\t\t\t\t<div class=\"box\">\n\t\t\t\t\t\t\t\t<a aria-label=\"Lire la suite Capgemini va acqu\u00e9rir Piterion, leader ind\u00e9pendant en PLM et en digitalisation des op\u00e9rations industrielles\" href=\"https:\/\/www.capgemini.com\/fr-fr\/actualites\/communiques-de-presse\/capgemini-va-acquerir-piterion-leader-independant-en-plm-et-en-digitalisation-des-operations-industrielles\/\" class=\"anchorWrapper\">\n\t\t\t\t\t\t\t\t\t<span class=\"box-tag\"><span>Actualit\u00e9s du Groupe<\/span><\/span>\n\t\t\t\t\t\t\t\t\t<div class=\"box-title\"><h3 class=\"box-subtitle\">Capgemini va acqu\u00e9rir Piterion, leader ind\u00e9pendant en PLM et en digitalisation des op\u00e9rations industrielles<\/h3><\/div>\n\t\t\t\t\t\t\t\t\t<div class=\"box-date\">\n\t\t\t\t\t\t\t\t\t\t<span>Mar 9, 2026<\/span>\n\t\t\t\t\t\t\t\t\t<\/div>\n\t\t\t\t\t\t\t\t\t<div class=\"box-bottom\">\n\t\t\t\t\t\t\t\t\t\t&lt;a class=&quot;link-download&quot; href=&quot;https:\/\/www.capgemini.com\/fr-fr\/wp-content\/uploads\/sites\/6\/2026\/03\/03_09_Capgemini_Piterion_FR.pdf&quot; aria-label=&quot;T\u00e9l\u00e9charger le communiqu\u00e9 de presse&quot; target=&quot;_blank&quot;  type=&quot;download&quot; title=&quot;Opens in a new window&quot;&gt;\n\t\t\t\t\t\t\t&lt;span&gt;T\u00e9l\u00e9charger le communiqu\u00e9 de presse&lt;\/span&gt;\n\t\t\t\t\t\t\t&lt;span&gt;147 KB PDF&lt;\/span&gt;\n\t\t\t\t\t\t&lt;\/a&gt;\n\t\t\t\t\t\t\t\t\t\t<a class=\"more\" aria-label=\"Lire la suite Capgemini va acqu\u00e9rir Piterion, leader ind\u00e9pendant en PLM et en digitalisation des op\u00e9rations industrielles\" href=\"https:\/\/www.capgemini.com\/fr-fr\/actualites\/communiques-de-presse\/capgemini-va-acquerir-piterion-leader-independant-en-plm-et-en-digitalisation-des-operations-industrielles\/\">Lire la suite<\/a>\n\t\t\t\t\t\t\t\t\t<\/div>\n\t\t\t\t\t\t\t\t<\/a>\n\t\t\t\t\t\t\t<\/div>\n\t\t\t\t\t\t<\/div><div class=\"col-lg-4 col-md-6 col-xs-12\">\n\t\t\t\t\t\t\t<div class=\"box\">\n\t\t\t\t\t\t\t\t<a aria-label=\"Lire la suite Capgemini va mettre en vente sa filiale Capgemini Government Solutions\" href=\"https:\/\/www.capgemini.com\/fr-fr\/actualites\/communiques-de-presse\/capgemini-va-mettre-en-vente-sa-filiale-capgemini-government-solutions\/\" class=\"anchorWrapper\">\n\t\t\t\t\t\t\t\t\t<span class=\"box-tag\"><span>Actualit\u00e9s du Groupe<\/span><\/span>\n\t\t\t\t\t\t\t\t\t<div class=\"box-title\"><h3 class=\"box-subtitle\">Capgemini va mettre en vente sa filiale Capgemini Government Solutions<\/h3><\/div>\n\t\t\t\t\t\t\t\t\t<div class=\"box-date\">\n\t\t\t\t\t\t\t\t\t\t<span>Feb 1, 2026<\/span>\n\t\t\t\t\t\t\t\t\t<\/div>\n\t\t\t\t\t\t\t\t\t<div class=\"box-bottom\">\n\t\t\t\t\t\t\t\t\t\t\n\t\t\t\t\t\t\t\t\t\t<a class=\"more\" aria-label=\"Lire la suite Capgemini va mettre en vente sa filiale Capgemini Government Solutions\" href=\"https:\/\/www.capgemini.com\/fr-fr\/actualites\/communiques-de-presse\/capgemini-va-mettre-en-vente-sa-filiale-capgemini-government-solutions\/\">Lire la suite<\/a>\n\t\t\t\t\t\t\t\t\t<\/div>\n\t\t\t\t\t\t\t\t<\/a>\n\t\t\t\t\t\t\t<\/div>\n\t\t\t\t\t\t<\/div><\/div><\/div><\/section><\/div>","protected":false},"excerpt":{"rendered":"<p>Capgemini annonce aujourd\u2019hui deux nouvelles nominations au Comit\u00e9 de Direction G\u00e9n\u00e9rale du Groupe (GEB) qui renforcent sa capacit\u00e9 \u00e0 apporter de la valeur \u00e0 ses clients, en s\u2019appuyant sur sa fine connaissance sectorielle et ses comp\u00e9tences en d\u00e9veloppement durable.<\/p>\n","protected":false},"author":202,"featured_media":0,"template":"","meta":{"cg_dt_proposed_to":[],"cg_seo_hreflang_relations":"[]","cg_seo_canonical_relation":"{\"uuid\":\"c006a34a-4bda-41b5-9bfd-8b11c0644bb4\",\"blogId\":\"\",\"domain\":\"\",\"sitePath\":\"\",\"postLink\":\"\",\"postId\":null,\"isSaved\":true,\"isCrossLink\":false,\"hasCrossLink\":false}","cg_seo_hreflang_x_default_relation":"{\"uuid\":\"adb096d0-2c57-4926-8734-755742f667ea\",\"blogId\":\"\",\"domain\":\"\",\"sitePath\":\"\",\"postLink\":\"\",\"postId\":null,\"isSaved\":true,\"isCrossLink\":false,\"hasCrossLink\":false}","cg_dt_approved_content":true,"cg_dt_mandatory_content":true,"cg_dt_notes":"","cg_dg_source_changed":false,"cg_dt_link_disabled":true,"footnotes":"","related_resource_url":"https:\/\/www.capgemini.com\/fr-fr\/wp-content\/uploads\/sites\/6\/2023\/01\/20230106_Nominations_Capgemini_janv2023_FR.pdf","related_resource_id":706789,"related_resource_size":"112 KB","related_resource_type":"pdf","cg_author":0,"featured_focal_points":""},"tags":[],"press-release-type":[39],"brand":[],"class_list":["post-706787","press-release","type-press-release","status-publish","hentry","press-release-type-actualites-groupe"],"yoast_head":"<!-- This site is optimized with the Yoast SEO Premium plugin v22.8 (Yoast SEO v22.8) - https:\/\/yoast.com\/wordpress\/plugins\/seo\/ -->\n<title>Capgemini renforce son approche sectorielle et ses services en mati\u00e8re de d\u00e9veloppement durable avec l\u2019annonce de deux nominations - Capgemini France<\/title>\n<meta name=\"robots\" content=\"index, follow, max-snippet:-1, max-image-preview:large, max-video-preview:-1\" \/>\n<link rel=\"canonical\" href=\"https:\/\/www.capgemini.com\/fr-fr\/actualites\/communiques-de-presse\/capgemini-renforce-son-approche-sectorielle-et-ses-services-en-matiere-de-developpement-durable-avec-lannonce-de-deux-nominations\/\" \/>\n<meta property=\"og:locale\" content=\"fr_FR\" \/>\n<meta property=\"og:type\" content=\"article\" \/>\n<meta property=\"og:title\" content=\"Capgemini renforce son approche sectorielle et ses services en mati\u00e8re de d\u00e9veloppement durable avec l\u2019annonce de deux nominations\" \/>\n<meta property=\"og:description\" content=\"Capgemini annonce aujourd\u2019hui deux nouvelles nominations au Comit\u00e9 de Direction G\u00e9n\u00e9rale du Groupe (GEB) qui renforcent sa capacit\u00e9 \u00e0 apporter de la valeur \u00e0 ses clients, en s\u2019appuyant sur sa fine connaissance sectorielle et ses comp\u00e9tences en d\u00e9veloppement durable.\" \/>\n<meta property=\"og:url\" content=\"https:\/\/www.capgemini.com\/fr-fr\/actualites\/communiques-de-presse\/capgemini-renforce-son-approche-sectorielle-et-ses-services-en-matiere-de-developpement-durable-avec-lannonce-de-deux-nominations\/\" \/>\n<meta property=\"og:site_name\" content=\"Capgemini France\" \/>\n<meta property=\"article:modified_time\" content=\"2025-03-04T08:12:55+00:00\" \/>\n<meta property=\"og:image\" content=\"https:\/\/www.capgemini.com\/fr-fr\/wp-content\/uploads\/sites\/6\/2023\/01\/20230109-Nominations_FR.png\" \/>\n\t<meta property=\"og:image:width\" content=\"1600\" \/>\n\t<meta property=\"og:image:height\" content=\"888\" \/>\n\t<meta property=\"og:image:type\" content=\"image\/png\" \/>\n<meta name=\"twitter:card\" content=\"summary_large_image\" \/>\n<meta name=\"twitter:label1\" content=\"Est. reading time\" \/>\n\t<meta name=\"twitter:data1\" content=\"3 minutes\" \/>\n<script type=\"application\/ld+json\" class=\"yoast-schema-graph\">{\"@context\":\"https:\/\/schema.org\",\"@graph\":[{\"@type\":\"WebPage\",\"@id\":\"https:\/\/www.capgemini.com\/fr-fr\/actualites\/communiques-de-presse\/capgemini-renforce-son-approche-sectorielle-et-ses-services-en-matiere-de-developpement-durable-avec-lannonce-de-deux-nominations\/\",\"url\":\"https:\/\/www.capgemini.com\/fr-fr\/actualites\/communiques-de-presse\/capgemini-renforce-son-approche-sectorielle-et-ses-services-en-matiere-de-developpement-durable-avec-lannonce-de-deux-nominations\/\",\"name\":\"Capgemini renforce son approche sectorielle et ses services en mati\u00e8re de d\u00e9veloppement durable avec l\u2019annonce de deux nominations - Capgemini France\",\"isPartOf\":{\"@id\":\"https:\/\/www.capgemini.com\/fr-fr\/#website\"},\"datePublished\":\"2023-01-10T07:30:00+00:00\",\"dateModified\":\"2025-03-04T08:12:55+00:00\",\"breadcrumb\":{\"@id\":\"https:\/\/www.capgemini.com\/fr-fr\/actualites\/communiques-de-presse\/capgemini-renforce-son-approche-sectorielle-et-ses-services-en-matiere-de-developpement-durable-avec-lannonce-de-deux-nominations\/#breadcrumb\"},\"inLanguage\":\"fr-FR\",\"potentialAction\":[{\"@type\":\"ReadAction\",\"target\":[\"https:\/\/www.capgemini.com\/fr-fr\/actualites\/communiques-de-presse\/capgemini-renforce-son-approche-sectorielle-et-ses-services-en-matiere-de-developpement-durable-avec-lannonce-de-deux-nominations\/\"]}]},{\"@type\":\"BreadcrumbList\",\"@id\":\"https:\/\/www.capgemini.com\/fr-fr\/actualites\/communiques-de-presse\/capgemini-renforce-son-approche-sectorielle-et-ses-services-en-matiere-de-developpement-durable-avec-lannonce-de-deux-nominations\/#breadcrumb\",\"itemListElement\":[{\"@type\":\"ListItem\",\"position\":1,\"name\":\"Press Releases\",\"item\":\"https:\/\/www.capgemini.com\/fr-fr\/news\/\"},{\"@type\":\"ListItem\",\"position\":2,\"name\":\"Capgemini renforce son approche sectorielle et ses services en mati\u00e8re de d\u00e9veloppement durable avec l\u2019annonce de deux nominations\"}]},{\"@type\":\"WebSite\",\"@id\":\"https:\/\/www.capgemini.com\/fr-fr\/#website\",\"url\":\"https:\/\/www.capgemini.com\/fr-fr\/\",\"name\":\"Capgemini France\",\"description\":\"Just another www.capgemini.com site\",\"publisher\":{\"@id\":\"https:\/\/www.capgemini.com\/fr-fr\/#organization\"},\"potentialAction\":[{\"@type\":\"SearchAction\",\"target\":{\"@type\":\"EntryPoint\",\"urlTemplate\":\"https:\/\/www.capgemini.com\/fr-fr\/?s={search_term_string}\"},\"query-input\":\"required name=search_term_string\"}],\"inLanguage\":\"fr-FR\"},{\"@type\":\"Organization\",\"@id\":\"https:\/\/www.capgemini.com\/fr-fr\/#organization\",\"name\":\"Capgemini France\",\"url\":\"https:\/\/www.capgemini.com\/fr-fr\/\",\"logo\":{\"@type\":\"ImageObject\",\"inLanguage\":\"fr-FR\",\"@id\":\"https:\/\/www.capgemini.com\/fr-fr\/#\/schema\/logo\/image\/\",\"url\":\"https:\/\/www.capgemini.com\/fr-fr\/wp-content\/uploads\/sites\/6\/2022\/08\/Logo-Capgemini.png\",\"contentUrl\":\"https:\/\/www.capgemini.com\/fr-fr\/wp-content\/uploads\/sites\/6\/2022\/08\/Logo-Capgemini.png\",\"width\":202,\"height\":60,\"caption\":\"Capgemini France\"},\"image\":{\"@id\":\"https:\/\/www.capgemini.com\/fr-fr\/#\/schema\/logo\/image\/\"}}]}<\/script>\n<!-- \/ Yoast SEO Premium plugin. -->","yoast_head_json":{"title":"Capgemini renforce son approche sectorielle et ses services en mati\u00e8re de d\u00e9veloppement durable avec l\u2019annonce de deux nominations - Capgemini France","robots":{"index":"index","follow":"follow","max-snippet":"max-snippet:-1","max-image-preview":"max-image-preview:large","max-video-preview":"max-video-preview:-1"},"canonical":"https:\/\/www.capgemini.com\/fr-fr\/actualites\/communiques-de-presse\/capgemini-renforce-son-approche-sectorielle-et-ses-services-en-matiere-de-developpement-durable-avec-lannonce-de-deux-nominations\/","og_locale":"fr_FR","og_type":"article","og_title":"Capgemini renforce son approche sectorielle et ses services en mati\u00e8re de d\u00e9veloppement durable avec l\u2019annonce de deux nominations","og_description":"Capgemini annonce aujourd\u2019hui deux nouvelles nominations au Comit\u00e9 de Direction G\u00e9n\u00e9rale du Groupe (GEB) qui renforcent sa capacit\u00e9 \u00e0 apporter de la valeur \u00e0 ses clients, en s\u2019appuyant sur sa fine connaissance sectorielle et ses comp\u00e9tences en d\u00e9veloppement durable.","og_url":"https:\/\/www.capgemini.com\/fr-fr\/actualites\/communiques-de-presse\/capgemini-renforce-son-approche-sectorielle-et-ses-services-en-matiere-de-developpement-durable-avec-lannonce-de-deux-nominations\/","og_site_name":"Capgemini France","article_modified_time":"2025-03-04T08:12:55+00:00","og_image":[{"width":1600,"height":888,"url":"https:\/\/www.capgemini.com\/fr-fr\/wp-content\/uploads\/sites\/6\/2023\/01\/20230109-Nominations_FR.png","type":"image\/png"}],"twitter_card":"summary_large_image","twitter_misc":{"Est. reading time":"3 minutes"},"schema":{"@context":"https:\/\/schema.org","@graph":[{"@type":"WebPage","@id":"https:\/\/www.capgemini.com\/fr-fr\/actualites\/communiques-de-presse\/capgemini-renforce-son-approche-sectorielle-et-ses-services-en-matiere-de-developpement-durable-avec-lannonce-de-deux-nominations\/","url":"https:\/\/www.capgemini.com\/fr-fr\/actualites\/communiques-de-presse\/capgemini-renforce-son-approche-sectorielle-et-ses-services-en-matiere-de-developpement-durable-avec-lannonce-de-deux-nominations\/","name":"Capgemini renforce son approche sectorielle et ses services en mati\u00e8re de d\u00e9veloppement durable avec l\u2019annonce de deux nominations - Capgemini France","isPartOf":{"@id":"https:\/\/www.capgemini.com\/fr-fr\/#website"},"datePublished":"2023-01-10T07:30:00+00:00","dateModified":"2025-03-04T08:12:55+00:00","breadcrumb":{"@id":"https:\/\/www.capgemini.com\/fr-fr\/actualites\/communiques-de-presse\/capgemini-renforce-son-approche-sectorielle-et-ses-services-en-matiere-de-developpement-durable-avec-lannonce-de-deux-nominations\/#breadcrumb"},"inLanguage":"fr-FR","potentialAction":[{"@type":"ReadAction","target":["https:\/\/www.capgemini.com\/fr-fr\/actualites\/communiques-de-presse\/capgemini-renforce-son-approche-sectorielle-et-ses-services-en-matiere-de-developpement-durable-avec-lannonce-de-deux-nominations\/"]}]},{"@type":"BreadcrumbList","@id":"https:\/\/www.capgemini.com\/fr-fr\/actualites\/communiques-de-presse\/capgemini-renforce-son-approche-sectorielle-et-ses-services-en-matiere-de-developpement-durable-avec-lannonce-de-deux-nominations\/#breadcrumb","itemListElement":[{"@type":"ListItem","position":1,"name":"Press Releases","item":"https:\/\/www.capgemini.com\/fr-fr\/news\/"},{"@type":"ListItem","position":2,"name":"Capgemini renforce son approche sectorielle et ses services en mati\u00e8re de d\u00e9veloppement durable avec l\u2019annonce de deux nominations"}]},{"@type":"WebSite","@id":"https:\/\/www.capgemini.com\/fr-fr\/#website","url":"https:\/\/www.capgemini.com\/fr-fr\/","name":"Capgemini France","description":"Just another www.capgemini.com site","publisher":{"@id":"https:\/\/www.capgemini.com\/fr-fr\/#organization"},"potentialAction":[{"@type":"SearchAction","target":{"@type":"EntryPoint","urlTemplate":"https:\/\/www.capgemini.com\/fr-fr\/?s={search_term_string}"},"query-input":"required name=search_term_string"}],"inLanguage":"fr-FR"},{"@type":"Organization","@id":"https:\/\/www.capgemini.com\/fr-fr\/#organization","name":"Capgemini France","url":"https:\/\/www.capgemini.com\/fr-fr\/","logo":{"@type":"ImageObject","inLanguage":"fr-FR","@id":"https:\/\/www.capgemini.com\/fr-fr\/#\/schema\/logo\/image\/","url":"https:\/\/www.capgemini.com\/fr-fr\/wp-content\/uploads\/sites\/6\/2022\/08\/Logo-Capgemini.png","contentUrl":"https:\/\/www.capgemini.com\/fr-fr\/wp-content\/uploads\/sites\/6\/2022\/08\/Logo-Capgemini.png","width":202,"height":60,"caption":"Capgemini France"},"image":{"@id":"https:\/\/www.capgemini.com\/fr-fr\/#\/schema\/logo\/image\/"}}]}},"parsely":{"version":"1.1.0","canonical_url":"https:\/\/capgemini.com\/fr-fr\/actualites\/communiques-de-presse\/capgemini-renforce-son-approche-sectorielle-et-ses-services-en-matiere-de-developpement-durable-avec-lannonce-de-deux-nominations\/","smart_links":{"inbound":0,"outbound":0},"traffic_boost_suggestions_count":0,"meta":{"@context":"https:\/\/schema.org","@type":"NewsArticle","headline":"Capgemini renforce son approche sectorielle et ses services en mati\u00e8re de d\u00e9veloppement durable avec l\u2019annonce de deux nominations","url":"https:\/\/www.capgemini.com\/fr-fr\/actualites\/communiques-de-presse\/capgemini-renforce-son-approche-sectorielle-et-ses-services-en-matiere-de-developpement-durable-avec-lannonce-de-deux-nominations\/","mainEntityOfPage":{"@type":"WebPage","@id":"https:\/\/www.capgemini.com\/fr-fr\/actualites\/communiques-de-presse\/capgemini-renforce-son-approche-sectorielle-et-ses-services-en-matiere-de-developpement-durable-avec-lannonce-de-deux-nominations\/"},"thumbnailUrl":"","image":{"@type":"ImageObject","url":""},"articleSection":"Uncategorized","author":[],"creator":[],"publisher":{"@type":"Organization","name":"Capgemini France","logo":""},"keywords":[],"dateCreated":"2023-01-10T07:30:00Z","datePublished":"2023-01-10T07:30:00Z","dateModified":"2025-03-04T08:12:55Z"},"rendered":"<meta name=\"parsely-title\" content=\"Capgemini renforce son approche sectorielle et ses services en mati\u00e8re de d\u00e9veloppement durable avec l\u2019annonce de deux nominations\" \/>\n<meta name=\"parsely-link\" content=\"https:\/\/www.capgemini.com\/fr-fr\/actualites\/communiques-de-presse\/capgemini-renforce-son-approche-sectorielle-et-ses-services-en-matiere-de-developpement-durable-avec-lannonce-de-deux-nominations\/\" \/>\n<meta name=\"parsely-type\" content=\"post\" \/>\n<meta name=\"parsely-pub-date\" content=\"2023-01-10T07:30:00Z\" \/>\n<meta name=\"parsely-section\" content=\"Uncategorized\" \/>","tracker_url":"https:\/\/cdn.parsely.com\/keys\/capgemini.com\/p.js"},"archive_status":false,"featured_image_src":"https:\/\/www.capgemini.com\/fr-fr\/wp-content\/themes\/capgemini2025\/assets\/images\/mockup.png","featured_image_alt":false,"jetpack_sharing_enabled":true,"distributor_meta":false,"distributor_terms":false,"distributor_media":false,"distributor_original_site_name":"Capgemini France","distributor_original_site_url":"https:\/\/www.capgemini.com\/fr-fr","push-errors":false,"tag_names":[],"_links":{"self":[{"href":"https:\/\/www.capgemini.com\/fr-fr\/wp-json\/wp\/v2\/press-release\/706787","targetHints":{"allow":["GET"]}}],"collection":[{"href":"https:\/\/www.capgemini.com\/fr-fr\/wp-json\/wp\/v2\/press-release"}],"about":[{"href":"https:\/\/www.capgemini.com\/fr-fr\/wp-json\/wp\/v2\/types\/press-release"}],"author":[{"embeddable":true,"href":"https:\/\/www.capgemini.com\/fr-fr\/wp-json\/wp\/v2\/users\/202"}],"version-history":[{"count":4,"href":"https:\/\/www.capgemini.com\/fr-fr\/wp-json\/wp\/v2\/press-release\/706787\/revisions"}],"predecessor-version":[{"id":777344,"href":"https:\/\/www.capgemini.com\/fr-fr\/wp-json\/wp\/v2\/press-release\/706787\/revisions\/777344"}],"wp:attachment":[{"href":"https:\/\/www.capgemini.com\/fr-fr\/wp-json\/wp\/v2\/media?parent=706787"}],"wp:term":[{"taxonomy":"post_tag","embeddable":true,"href":"https:\/\/www.capgemini.com\/fr-fr\/wp-json\/wp\/v2\/tags?post=706787"},{"taxonomy":"press-release-type","embeddable":true,"href":"https:\/\/www.capgemini.com\/fr-fr\/wp-json\/wp\/v2\/press-release-type?post=706787"},{"taxonomy":"brand","embeddable":true,"href":"https:\/\/www.capgemini.com\/fr-fr\/wp-json\/wp\/v2\/brand?post=706787"}],"curies":[{"name":"wp","href":"https:\/\/api.w.org\/{rel}","templated":true}]}}