{"id":682488,"date":"2022-07-12T09:00:00","date_gmt":"2022-07-12T09:00:00","guid":{"rendered":"https:\/\/www.capgemini.com\/fr-fr\/?post_type=press-release&#038;p=682488"},"modified":"2025-03-04T09:29:05","modified_gmt":"2025-03-04T08:29:05","slug":"capgemini-accompagne-la-transition-energetique-deneco","status":"publish","type":"press-release","link":"https:\/\/www.capgemini.com\/fr-fr\/actualites\/communiques-de-presse\/capgemini-accompagne-la-transition-energetique-deneco\/","title":{"rendered":"Capgemini accompagne la strat\u00e9gie de croissance durable et de transition \u00e9nerg\u00e9tique d\u2019Eneco"},"content":{"rendered":"\t\t<div class=\"wp-block-cg-blocks-hero-press-release\">\n\t\t\t<header class=\"header-hero-press-release\" role=\"main\" id=\"main-content-press-release\">\n\t\t\t\t<div class=\"container\">\n\t\t\t\t\t<div class=\"hero-press-release\">\n\t\t\t\t\t\t<div class=\"hero-press-release-content-wrapper\">\n\t\t\t\t\t\t\t<div class=\"row\">\n\t\t\t\t\t\t\t\t<div class=\"col-12\">\n\t\t\t\t\t\t\t\t\t<div class=\"header-title\">\n\t\t\t\t\t\t\t\t\t\t<h1>\n\t\t\t\t\t\t\t\t\t\t\tCapgemini accompagne la strat\u00e9gie de croissance durable et de transition \u00e9nerg\u00e9tique d\u2019Eneco\t\t\t\t\t\t\t\t\t\t<\/h1>\n\t\t\t\t\t\t\t\t\t<\/div>\n\t\t\t\t\t\t\t\t\t<div class=\"header-description\">\n\t\t\t\t\t\t\t\t\t\t<p>Capgemini et Eneco signent un nouvel accord de 10 ans pour acc\u00e9l\u00e9rer la transition \u00e9nerg\u00e9tique d&#8217;Eneco, et un accord de coop\u00e9ration de 5 ans pour accompagner le groupe dans sa strat\u00e9gie de croissance europ\u00e9enne par l&#8217;innovation technologique.<\/p>\n\t\t\t\t\t\t\t\t\t<\/div>\n\t\t\t\t\t\t\t\t\t\t\t\t\t\t\t\t\t\t<div class=\"header-date\">\n\t\t\t\t\t\t\t\t\t\t<span>juil. 12, 2022<\/span>\n\t\t\t\t\t\t\t\t\t<\/div>\n\t\t\t\t\t\t\t\t<\/div>\n\t\t\t\t\t\t\t<\/div>\n\t\t\t\t\t\t<\/div>\n\t\t\t\t\t\t\t\t\t\t\t\t\t<div class=\"hero-press-release-downloads\">\n\t\t\t\t\t\t\t\t<div class=\"row\">\n\t\t\t\t\t\t\t\t\t\t\t\t\t\t\t\t\t\t\t<div class=\"col-12 col-md-6 col-lg-3\">\n\t\t\t\t\t\t\t\t\t\t\t<a class=\"download-item\" type=\"download\" href=\"https:\/\/www.capgemini.com\/fr-fr\/wp-content\/uploads\/sites\/6\/2022\/07\/2022_07_12_Capgemini_Eneco_FR.pdf\" target=\"_blank\" rel=\"noopener noreferrer\" title=\"Ouvrir dans une nouvelle fen\u00eatre\">\n\t\t\t\t\t\t\t\t\t\t\t\t<div class=\"download-icon\"><\/div>\n\t\t\t\t\t\t\t\t\t\t\t\t<div class=\"download-details\">\n\t\t\t\t\t\t\t\t\t\t\t\t\t<div class=\"download-title\">Communiqu\u00e9 de presse<\/div>\n\t\t\t\t\t\t\t\t\t\t\t\t\t<div class=\"download-props\">135 Ko  pdf<\/div>\n\t\t\t\t\t\t\t\t\t\t\t\t<\/div>\n\t\t\t\t\t\t\t\t\t\t\t<\/a>\n\t\t\t\t\t\t\t\t\t\t<\/div>\n\t\t\t\t\t\t\t\t\t\t\t\t\t\t\t\t\t\t<\/div>\n\t\t\t\t\t\t\t<\/div>\n\t\t\t\t\t\t\t\t\t\t\t\t\t\t\t\t\t<\/div>\n\t\t\t\t<\/div>\n\t\t\t<\/header>\n\t\t<\/div>\n\t\t\n\n\n<section class=\"wp-block-cg-blocks-intro-para undefined section section--intro\"><div class=\"intro-para\"><div class=\"container\"><div class=\"row\"><div class=\"col-12 col-md-1\"><nav class=\"article-social\"><ul class=\"social-nav\"><li class=\"ip-order-fb\"><a href=\"https:\/\/www.facebook.com\/sharer\/sharer.php?u=https:\/\/www.capgemini.com\/fr-fr\/actualites\/communiques-de-presse\/capgemini-accompagne-la-transition-energetique-deneco\/\" target=\"_blank\" rel=\"noopener noreferrer\" title=\"Ouvrir dans une nouvelle fen\u00eatre\"><i aria-hidden=\"true\" class=\"icon-fb\"><\/i><span class=\"sr-only\">Facebook<\/span><\/a><\/li><li class=\"ip-order-li\"><a href=\"https:\/\/www.linkedin.com\/sharing\/share-offsite\/?url=https:\/\/www.capgemini.com\/fr-fr\/actualites\/communiques-de-presse\/capgemini-accompagne-la-transition-energetique-deneco\/\" target=\"_blank\" rel=\"noopener noreferrer\" title=\"Ouvrir dans une nouvelle fen\u00eatre\"><i aria-hidden=\"true\" class=\"icon-li\"><\/i><span class=\"sr-only\">Linkedin<\/span><\/a><\/li><\/ul><\/nav><\/div><div class=\"col-12 col-md-11 col-lg-10\"><h2 class=\"intro-para-title\">Paris, le 12 juillet 2022 \u2013\u00a0<a href=\"https:\/\/www.capgemini.com\/fr-fr\/\">Capgemini<\/a>\u00a0annonce la signature de deux nouveaux accords avec\u00a0<a href=\"https:\/\/www.eneco.com\/\">Eneco<\/a>, groupe europ\u00e9en d\u2019entreprises op\u00e9rant dans le domaine des \u00e9nergies renouvelables et de l\u2019innovation, du n\u00e9goce et de la fourniture d\u2019\u00e9nergie. Dans le cadre d\u2019un contrat de 10 ans, Capgemini accompagnera Eneco dans sa transition vers une \u00e9nergie durable et l\u2019aidera \u00e0 atteindre son objectif de neutralit\u00e9 carbone d\u2019ici 2035.<strong> <\/strong><\/h2><p class=\"intro-para-content\"><strong>Un accord de coop\u00e9ration de 5 ans a \u00e9galement \u00e9t\u00e9 sign\u00e9 pour le d\u00e9veloppement et la mise en \u0153uvre d\u2019une plateforme digitale et technologique.<\/strong><\/p><\/div><\/div><\/div><\/div><\/section>\n\n\n\n<section class=\"wp-block-cg-blocks-group undefined section section--article-content\"><div class=\"article-main-content\"><div class=\"container\"><div class=\"row\"><div class=\"col-12 col-md-11 col-lg-10 offset-md-1 offset-lg-1\"><div class=\"article-text article-quote-text\">\n<p>Ces accords portent sur la prestation d\u2019un ensemble de services destin\u00e9s \u00e0 la plateforme digitale et technologique d\u2019Eneco&nbsp;; ils couvrent notamment&nbsp;: le cloud, la gestion des donn\u00e9es, la cybers\u00e9curit\u00e9, l\u2019exp\u00e9rience client, les services d\u2019int\u00e9gration, d\u2019infrastructure, de conseil et de transformation, ainsi que l\u2019innovation appliqu\u00e9e et les solutions de durabilit\u00e9. Ces nouveaux accords s\u2019appuient sur une collaboration \u00e9troite et solide entre les deux groupes qui a&nbsp;d\u00e9but\u00e9 en 2008 et a \u00e9t\u00e9 renouvel\u00e9e en 2018.<\/p>\n\n\n\n<p>L\u2019accord de 10 ans fixe des objectifs strat\u00e9giques \u00e0 long terme d\u00e9finis conjointement par les deux groupes, notamment la d\u00e9finition d\u2019une strat\u00e9gie de commercialisation commune et la cr\u00e9ation de nouvelles sources de revenus durables, au travers du d\u00e9veloppement de nouveaux services, business mod\u00e8les et produits connect\u00e9s.<\/p>\n\n\n\n<p>L\u2019accord de coop\u00e9ration de 5 ans, \u00e0 p\u00e9rim\u00e8tre international, porte sur la mise en \u0153uvre d\u2019une plateforme digitale et technologique, s\u00e9curis\u00e9e et \u00e9volutive, qui constituera le socle de l\u2019expansion d\u2019Eneco sur les march\u00e9s n\u00e9erlandais, allemand et belge \u2013 l\u2019objectif \u00e9tant de renforcer fortement la pr\u00e9sence du groupe dans la r\u00e9gion. A court terme, le recours \u00e0 des solutions d\u2019intelligence artificielle et d\u2019automatisation permettra \u00e9galement \u00e0 Eneco de b\u00e9n\u00e9ficier de gains de productivit\u00e9 et d\u2019une diminution des co\u00fbts op\u00e9rationnels. Pour accompagner le d\u00e9veloppement de cette plateforme commune, Capgemini mettra \u00e0 profit son \u00e9cosyst\u00e8me mondial de partenaires et de startups.<\/p>\n\n\n\n<p><em>\u00ab&nbsp;Nous avons pour ambition d\u2019atteindre la neutralit\u00e9 carbone d\u2019ici 2035, pour Eneco comme pour nos clients. Cet objectif ne peut \u00eatre atteint que par une \u00e9troite collaboration entre clients, partenaires strat\u00e9giques, fournisseurs ainsi qu\u2019avec toutes les parties prenantes de notre industrie. Pour \u00eatre en mesure de passer \u00e0 l\u2019\u00e9chelle, d\u2019acc\u00e9l\u00e9rer la transformation digitale et de lib\u00e9rer le potentiel des nouveaux business mod\u00e8les, des produits et services connect\u00e9s, nous devons nous appuyer sur des fondations technologiques solides et sur un partenaire disposant de l\u2019expertise et de l\u2019exp\u00e9rience ad\u00e9quates. Ensemble, avec Capgemini, nous disposons de toutes les expertises indispensables pour permettre cette transition \u00e9nerg\u00e9tique&nbsp;\u00bb,&nbsp;<\/em>d\u00e9clare Mario Suykerbuyk, Directeur des Syst\u00e8mes d\u2019Information d\u2019Eneco.<\/p>\n\n\n\n<p><em>\u00ab&nbsp;Nous sommes heureux d\u2019accompagner Eneco dans son parcours vers un avenir plus durable. Ce projet s\u2019appuie sur l\u2019\u00e9troite collaboration entre nos deux groupes et repr\u00e9sente une avanc\u00e9e significative pour Eneco et Capgemini. Dans leurs objectifs et missions respectives, les deux entreprises se sont engag\u00e9es \u00e0 acc\u00e9l\u00e9rer la transition \u00e9nerg\u00e9tique. Capgemini investira aux c\u00f4t\u00e9s d\u2019Eneco, co-innovera dans le domaine des donn\u00e9es et de la technologie, et mobilisera l\u2019ensemble de son \u00e9cosyst\u00e8me \u00bb,&nbsp;<\/em>commente Marjolein Holsboer, \u00e0 la t\u00eate du secteur Energie et&nbsp;<em>Utilities<\/em>&nbsp;chez Capgemini aux Pays-Bas.<\/p>\n\n\n\n<p><\/p>\n\n\n\n<p><strong>&nbsp;<\/strong><strong>\u00c0 propos de Capgemini<\/strong><\/p>\n\n\n\n<p>Capgemini est un leader mondial, responsable et multiculturel, regroupant plus de 340 000 personnes dans plus de 50&nbsp;pays. Partenaire strat\u00e9gique des entreprises pour la transformation de leurs activit\u00e9s en tirant profit de toute la puissance de la technologie, le Groupe est guid\u00e9 au quotidien par sa raison d\u2019\u00eatre : lib\u00e9rer les \u00e9nergies humaines par la technologie pour un avenir inclusif et durable. Fort de 55 ans d\u2019exp\u00e9rience et d\u2019une grande expertise des diff\u00e9rents secteurs d\u2019activit\u00e9, Capgemini est reconnu par ses clients pour r\u00e9pondre \u00e0 l\u2019ensemble de leurs besoins, de la strat\u00e9gie et du design jusqu\u2019au management des op\u00e9rations, en tirant parti des innovations dans les domaines en perp\u00e9tuelle \u00e9volution du cloud, de la data, de l\u2019Intelligence Artificielle, de la connectivit\u00e9, des logiciels, de l\u2019ing\u00e9nierie digitale et des plateformes. Le Groupe a r\u00e9alis\u00e9 un chiffre d\u2019affaires de 18 milliards d\u2019euros en 2021.<\/p>\n\n\n\n<p>Get The Future You Want |&nbsp;<a href=\"http:\/\/www.capgemini.com\/#_blank\">www.capgemini.com<\/a><\/p>\n\n\n\n<p><em>*Capgemini, le futur que vous voulez<\/em><\/p>\n<\/div><\/div><\/div><\/div><\/div><\/section>\n\n\n<div class=\"wp-block-cg-blocks-cg-block-related-content\"><section class=\"relatedContentBlock\"><div class=\"container\"><div class=\"row\"><div class=\"content-title col-12 col-md-8\"><h2 class=\"related-content-heading\">Autres Actualit\u00e9s client<\/h2><\/div><\/div><div class=\"row relatedContent\"><div class=\"col-lg-4 col-md-6 col-xs-12\">\n\t\t\t\t\t\t\t<div class=\"box\">\n\t\t\t\t\t\t\t\t<a aria-label=\"Lire la suite Capgemini et McDonald\u2019s renouvellent leur partenariat strat\u00e9gique avec un accord mondial pluriannuel ax\u00e9 sur le d\u00e9ploiement de plateformes modernes et \u00e9volutives\" href=\"https:\/\/www.capgemini.com\/fr-fr\/actualites\/communiques-de-presse\/capgemini-et-mcdonalds-renouvellent-leur-partenariat-strategique-avec-un-accord-mondial-pluriannuel-axe-sur-le-deploiement-de-plateformes-modernes-et-evolutives\/\" class=\"anchorWrapper\">\n\t\t\t\t\t\t\t\t\t<span class=\"box-tag\"><span>Actualit\u00e9s client<\/span><\/span>\n\t\t\t\t\t\t\t\t\t<div class=\"box-title\"><h3 class=\"box-subtitle\">Capgemini et McDonald\u2019s renouvellent leur partenariat strat\u00e9gique avec un accord mondial pluriannuel ax\u00e9 sur le d\u00e9ploiement de plateformes modernes et \u00e9volutives<\/h3><\/div>\n\t\t\t\t\t\t\t\t\t<div class=\"box-date\">\n\t\t\t\t\t\t\t\t\t\t<span>Mar 5, 2026<\/span>\n\t\t\t\t\t\t\t\t\t<\/div>\n\t\t\t\t\t\t\t\t\t<div class=\"box-bottom\">\n\t\t\t\t\t\t\t\t\t\t&lt;a class=&quot;link-download&quot; href=&quot;https:\/\/www.capgemini.com\/fr-fr\/wp-content\/uploads\/sites\/6\/2026\/03\/2026_03_05_McDonalds_Capgemini_Press-Release_FR.pdf&quot; aria-label=&quot;T\u00e9l\u00e9charger le communiqu\u00e9 de presse&quot; target=&quot;_blank&quot;  type=&quot;download&quot; title=&quot;Opens in a new window&quot;&gt;\n\t\t\t\t\t\t\t&lt;span&gt;T\u00e9l\u00e9charger le communiqu\u00e9 de presse&lt;\/span&gt;\n\t\t\t\t\t\t\t&lt;span&gt;142 KB PDF&lt;\/span&gt;\n\t\t\t\t\t\t&lt;\/a&gt;\n\t\t\t\t\t\t\t\t\t\t<a class=\"more\" aria-label=\"Lire la suite Capgemini et McDonald\u2019s renouvellent leur partenariat strat\u00e9gique avec un accord mondial pluriannuel ax\u00e9 sur le d\u00e9ploiement de plateformes modernes et \u00e9volutives\" href=\"https:\/\/www.capgemini.com\/fr-fr\/actualites\/communiques-de-presse\/capgemini-et-mcdonalds-renouvellent-leur-partenariat-strategique-avec-un-accord-mondial-pluriannuel-axe-sur-le-deploiement-de-plateformes-modernes-et-evolutives\/\">Lire la suite<\/a>\n\t\t\t\t\t\t\t\t\t<\/div>\n\t\t\t\t\t\t\t\t<\/a>\n\t\t\t\t\t\t\t<\/div>\n\t\t\t\t\t\t<\/div><div class=\"col-lg-4 col-md-6 col-xs-12\">\n\t\t\t\t\t\t\t<div class=\"box\">\n\t\t\t\t\t\t\t\t<a aria-label=\"Lire la suite Capgemini et Deutsche Telekom con\u00e7oivent une plateforme ouverte pour l\u2019automatisation intelligente du RAN\" href=\"https:\/\/www.capgemini.com\/fr-fr\/actualites\/communiques-de-presse\/deutsch-telecom\/\" class=\"anchorWrapper\">\n\t\t\t\t\t\t\t\t\t<span class=\"box-tag\"><span>Actualit\u00e9s client<\/span><\/span>\n\t\t\t\t\t\t\t\t\t<div class=\"box-title\"><h3 class=\"box-subtitle\">Capgemini et Deutsche Telekom con\u00e7oivent une plateforme ouverte pour l\u2019automatisation intelligente du RAN<\/h3><\/div>\n\t\t\t\t\t\t\t\t\t<div class=\"box-date\">\n\t\t\t\t\t\t\t\t\t\t<span>Feb 27, 2026<\/span>\n\t\t\t\t\t\t\t\t\t<\/div>\n\t\t\t\t\t\t\t\t\t<div class=\"box-bottom\">\n\t\t\t\t\t\t\t\t\t\t&lt;a class=&quot;link-download&quot; href=&quot;https:\/\/www.capgemini.com\/wp-content\/uploads\/2026\/02\/2026_02_27_Capgemini_Deutsche-Telekom_Open-Platform-for-Intelligent-RAN-Automation-1.pdf&quot; aria-label=&quot;T\u00e9l\u00e9charger le communiqu\u00e9 de presse&quot; target=&quot;_blank&quot;  type=&quot;download&quot; title=&quot;Opens in a new window&quot;&gt;\n\t\t\t\t\t\t\t&lt;span&gt;T\u00e9l\u00e9charger le communiqu\u00e9 de presse&lt;\/span&gt;\n\t\t\t\t\t\t\t&lt;span&gt;112 KB PDF&lt;\/span&gt;\n\t\t\t\t\t\t&lt;\/a&gt;\n\t\t\t\t\t\t\t\t\t\t<a class=\"more\" aria-label=\"Lire la suite Capgemini et Deutsche Telekom con\u00e7oivent une plateforme ouverte pour l\u2019automatisation intelligente du RAN\" href=\"https:\/\/www.capgemini.com\/fr-fr\/actualites\/communiques-de-presse\/deutsch-telecom\/\">Lire la suite<\/a>\n\t\t\t\t\t\t\t\t\t<\/div>\n\t\t\t\t\t\t\t\t<\/a>\n\t\t\t\t\t\t\t<\/div>\n\t\t\t\t\t\t<\/div><div class=\"col-lg-4 col-md-6 col-xs-12\">\n\t\t\t\t\t\t\t<div class=\"box\">\n\t\t\t\t\t\t\t\t<a aria-label=\"Lire la suite La Commission europ\u00e9enne choisit Capgemini pour son contrat-cadre de cybers\u00e9curit\u00e9 de l&#8217;UE\" href=\"https:\/\/www.capgemini.com\/fr-fr\/actualites\/communiques-de-presse\/la-commission-europeenne-choisit-capgemini-pour-son-contrat-cadre-de-cybersecurite\/\" class=\"anchorWrapper\">\n\t\t\t\t\t\t\t\t\t<span class=\"box-tag\"><span>Actualit\u00e9s client<\/span><\/span>\n\t\t\t\t\t\t\t\t\t<div class=\"box-title\"><h3 class=\"box-subtitle\">La Commission europ\u00e9enne choisit Capgemini pour son contrat-cadre de cybers\u00e9curit\u00e9 de l&#8217;UE<\/h3><\/div>\n\t\t\t\t\t\t\t\t\t<div class=\"box-date\">\n\t\t\t\t\t\t\t\t\t\t<span>Dec 8, 2025<\/span>\n\t\t\t\t\t\t\t\t\t<\/div>\n\t\t\t\t\t\t\t\t\t<div class=\"box-bottom\">\n\t\t\t\t\t\t\t\t\t\t&lt;a class=&quot;link-download&quot; href=&quot;https:\/\/www.capgemini.com\/wp-content\/uploads\/2025\/12\/12_08_Capgemini-news-alert_FREIA.pdf&quot; aria-label=&quot;T\u00e9l\u00e9charger le communiqu\u00e9 de presse&quot; target=&quot;_blank&quot;  type=&quot;download&quot; title=&quot;Opens in a new window&quot;&gt;\n\t\t\t\t\t\t\t&lt;span&gt;T\u00e9l\u00e9charger le communiqu\u00e9 de presse&lt;\/span&gt;\n\t\t\t\t\t\t\t&lt;span&gt;127 KB PDF&lt;\/span&gt;\n\t\t\t\t\t\t&lt;\/a&gt;\n\t\t\t\t\t\t\t\t\t\t<a class=\"more\" aria-label=\"Lire la suite La Commission europ\u00e9enne choisit Capgemini pour son contrat-cadre de cybers\u00e9curit\u00e9 de l&#8217;UE\" href=\"https:\/\/www.capgemini.com\/fr-fr\/actualites\/communiques-de-presse\/la-commission-europeenne-choisit-capgemini-pour-son-contrat-cadre-de-cybersecurite\/\">Lire la suite<\/a>\n\t\t\t\t\t\t\t\t\t<\/div>\n\t\t\t\t\t\t\t\t<\/a>\n\t\t\t\t\t\t\t<\/div>\n\t\t\t\t\t\t<\/div><\/div><\/div><\/section><\/div>","protected":false},"excerpt":{"rendered":"<p>Capgemini et Eneco signent un nouvel accord de 10 ans pour acc\u00e9l\u00e9rer la transition \u00e9nerg\u00e9tique d&#8217;Eneco, et un accord de coop\u00e9ration de 5 ans pour accompagner le groupe dans sa strat\u00e9gie de croissance europ\u00e9enne par l&#8217;innovation technologique.<\/p>\n","protected":false},"author":166,"featured_media":0,"template":"","meta":{"cg_dt_proposed_to":[21],"cg_seo_hreflang_relations":"[]","cg_seo_canonical_relation":"{\"uuid\":\"ad488132-6a04-4ae1-afbd-200b06833b47\",\"blogId\":\"\",\"domain\":\"\",\"sitePath\":\"\",\"postLink\":\"\",\"postId\":null,\"isSaved\":true,\"isCrossLink\":false,\"hasCrossLink\":false}","cg_seo_hreflang_x_default_relation":"{\"uuid\":\"e5c88d47-3e24-4266-91a9-deff06dcd449\",\"blogId\":\"\",\"domain\":\"\",\"sitePath\":\"\",\"postLink\":\"\",\"postId\":null,\"isSaved\":true,\"isCrossLink\":false,\"hasCrossLink\":false}","cg_dt_approved_content":true,"cg_dt_mandatory_content":false,"cg_dt_notes":"","cg_dg_source_changed":false,"cg_dt_link_disabled":true,"footnotes":"","related_resource_url":"https:\/\/www.capgemini.com\/fr-fr\/wp-content\/uploads\/sites\/6\/2022\/07\/2022_07_12_Capgemini_Eneco_FR.pdf","related_resource_id":682490,"related_resource_size":"135 Ko","related_resource_type":"pdf","cg_author":0,"featured_focal_points":""},"tags":[],"press-release-type":[33],"brand":[],"class_list":["post-682488","press-release","type-press-release","status-publish","hentry","press-release-type-actualites-client"],"yoast_head":"<!-- This site is optimized with the Yoast SEO Premium plugin v22.8 (Yoast SEO v22.8) - https:\/\/yoast.com\/wordpress\/plugins\/seo\/ -->\n<title>Capgemini accompagne la strat\u00e9gie de croissance durable et de transition \u00e9nerg\u00e9tique d\u2019Eneco - Capgemini France<\/title>\n<meta name=\"description\" content=\"Capgemini et Eneco signent un nouvel accord de 10 ans pour acc\u00e9l\u00e9rer la transition \u00e9nerg\u00e9tique d&#039;Eneco, et un accord de coop\u00e9ration de 5 ans pour accompagner le groupe dans sa strat\u00e9gie de croissance europ\u00e9enne par l&#039;innovation technologique.\" \/>\n<meta name=\"robots\" content=\"index, follow, max-snippet:-1, max-image-preview:large, max-video-preview:-1\" \/>\n<link rel=\"canonical\" href=\"https:\/\/www.capgemini.com\/fr-fr\/actualites\/communiques-de-presse\/capgemini-accompagne-la-transition-energetique-deneco\/\" \/>\n<meta property=\"og:locale\" content=\"fr_FR\" \/>\n<meta property=\"og:type\" content=\"article\" \/>\n<meta property=\"og:title\" content=\"Capgemini accompagne la strat\u00e9gie de croissance durable et de transition \u00e9nerg\u00e9tique d\u2019Eneco\" \/>\n<meta property=\"og:description\" content=\"Capgemini et Eneco signent un nouvel accord de 10 ans pour acc\u00e9l\u00e9rer la transition \u00e9nerg\u00e9tique d&#039;Eneco, et un accord de coop\u00e9ration de 5 ans pour accompagner le groupe dans sa strat\u00e9gie de croissance europ\u00e9enne par l&#039;innovation technologique.\" \/>\n<meta property=\"og:url\" content=\"https:\/\/www.capgemini.com\/fr-fr\/actualites\/communiques-de-presse\/capgemini-accompagne-la-transition-energetique-deneco\/\" \/>\n<meta property=\"og:site_name\" content=\"Capgemini France\" \/>\n<meta property=\"article:modified_time\" content=\"2025-03-04T08:29:05+00:00\" \/>\n<meta property=\"og:image\" content=\"https:\/\/www.capgemini.com\/fr-fr\/wp-content\/uploads\/sites\/6\/2022\/07\/Capgemini_web-preview-CP-generique.png\" \/>\n\t<meta property=\"og:image:width\" content=\"1600\" \/>\n\t<meta property=\"og:image:height\" content=\"888\" \/>\n\t<meta property=\"og:image:type\" content=\"image\/png\" \/>\n<meta name=\"twitter:card\" content=\"summary_large_image\" \/>\n<meta name=\"twitter:label1\" content=\"Est. reading time\" \/>\n\t<meta name=\"twitter:data1\" content=\"4 minutes\" \/>\n<script type=\"application\/ld+json\" class=\"yoast-schema-graph\">{\"@context\":\"https:\/\/schema.org\",\"@graph\":[{\"@type\":\"WebPage\",\"@id\":\"https:\/\/www.capgemini.com\/fr-fr\/actualites\/communiques-de-presse\/capgemini-accompagne-la-transition-energetique-deneco\/\",\"url\":\"https:\/\/www.capgemini.com\/fr-fr\/actualites\/communiques-de-presse\/capgemini-accompagne-la-transition-energetique-deneco\/\",\"name\":\"Capgemini accompagne la strat\u00e9gie de croissance durable et de transition \u00e9nerg\u00e9tique d\u2019Eneco - Capgemini France\",\"isPartOf\":{\"@id\":\"https:\/\/www.capgemini.com\/fr-fr\/#website\"},\"datePublished\":\"2022-07-12T09:00:00+00:00\",\"dateModified\":\"2025-03-04T08:29:05+00:00\",\"description\":\"Capgemini et Eneco signent un nouvel accord de 10 ans pour acc\u00e9l\u00e9rer la transition \u00e9nerg\u00e9tique d'Eneco, et un accord de coop\u00e9ration de 5 ans pour accompagner le groupe dans sa strat\u00e9gie de croissance europ\u00e9enne par l'innovation technologique.\",\"breadcrumb\":{\"@id\":\"https:\/\/www.capgemini.com\/fr-fr\/actualites\/communiques-de-presse\/capgemini-accompagne-la-transition-energetique-deneco\/#breadcrumb\"},\"inLanguage\":\"fr-FR\",\"potentialAction\":[{\"@type\":\"ReadAction\",\"target\":[\"https:\/\/www.capgemini.com\/fr-fr\/actualites\/communiques-de-presse\/capgemini-accompagne-la-transition-energetique-deneco\/\"]}]},{\"@type\":\"BreadcrumbList\",\"@id\":\"https:\/\/www.capgemini.com\/fr-fr\/actualites\/communiques-de-presse\/capgemini-accompagne-la-transition-energetique-deneco\/#breadcrumb\",\"itemListElement\":[{\"@type\":\"ListItem\",\"position\":1,\"name\":\"Press Releases\",\"item\":\"https:\/\/www.capgemini.com\/fr-fr\/news\/\"},{\"@type\":\"ListItem\",\"position\":2,\"name\":\"Capgemini accompagne la strat\u00e9gie de croissance durable et de transition \u00e9nerg\u00e9tique d\u2019Eneco\"}]},{\"@type\":\"WebSite\",\"@id\":\"https:\/\/www.capgemini.com\/fr-fr\/#website\",\"url\":\"https:\/\/www.capgemini.com\/fr-fr\/\",\"name\":\"Capgemini France\",\"description\":\"Just another www.capgemini.com site\",\"publisher\":{\"@id\":\"https:\/\/www.capgemini.com\/fr-fr\/#organization\"},\"potentialAction\":[{\"@type\":\"SearchAction\",\"target\":{\"@type\":\"EntryPoint\",\"urlTemplate\":\"https:\/\/www.capgemini.com\/fr-fr\/?s={search_term_string}\"},\"query-input\":\"required name=search_term_string\"}],\"inLanguage\":\"fr-FR\"},{\"@type\":\"Organization\",\"@id\":\"https:\/\/www.capgemini.com\/fr-fr\/#organization\",\"name\":\"Capgemini France\",\"url\":\"https:\/\/www.capgemini.com\/fr-fr\/\",\"logo\":{\"@type\":\"ImageObject\",\"inLanguage\":\"fr-FR\",\"@id\":\"https:\/\/www.capgemini.com\/fr-fr\/#\/schema\/logo\/image\/\",\"url\":\"https:\/\/www.capgemini.com\/fr-fr\/wp-content\/uploads\/sites\/6\/2022\/08\/Logo-Capgemini.png\",\"contentUrl\":\"https:\/\/www.capgemini.com\/fr-fr\/wp-content\/uploads\/sites\/6\/2022\/08\/Logo-Capgemini.png\",\"width\":202,\"height\":60,\"caption\":\"Capgemini France\"},\"image\":{\"@id\":\"https:\/\/www.capgemini.com\/fr-fr\/#\/schema\/logo\/image\/\"}}]}<\/script>\n<!-- \/ Yoast SEO Premium plugin. -->","yoast_head_json":{"title":"Capgemini accompagne la strat\u00e9gie de croissance durable et de transition \u00e9nerg\u00e9tique d\u2019Eneco - Capgemini France","description":"Capgemini et Eneco signent un nouvel accord de 10 ans pour acc\u00e9l\u00e9rer la transition \u00e9nerg\u00e9tique d'Eneco, et un accord de coop\u00e9ration de 5 ans pour accompagner le groupe dans sa strat\u00e9gie de croissance europ\u00e9enne par l'innovation technologique.","robots":{"index":"index","follow":"follow","max-snippet":"max-snippet:-1","max-image-preview":"max-image-preview:large","max-video-preview":"max-video-preview:-1"},"canonical":"https:\/\/www.capgemini.com\/fr-fr\/actualites\/communiques-de-presse\/capgemini-accompagne-la-transition-energetique-deneco\/","og_locale":"fr_FR","og_type":"article","og_title":"Capgemini accompagne la strat\u00e9gie de croissance durable et de transition \u00e9nerg\u00e9tique d\u2019Eneco","og_description":"Capgemini et Eneco signent un nouvel accord de 10 ans pour acc\u00e9l\u00e9rer la transition \u00e9nerg\u00e9tique d'Eneco, et un accord de coop\u00e9ration de 5 ans pour accompagner le groupe dans sa strat\u00e9gie de croissance europ\u00e9enne par l'innovation technologique.","og_url":"https:\/\/www.capgemini.com\/fr-fr\/actualites\/communiques-de-presse\/capgemini-accompagne-la-transition-energetique-deneco\/","og_site_name":"Capgemini France","article_modified_time":"2025-03-04T08:29:05+00:00","og_image":[{"width":1600,"height":888,"url":"https:\/\/www.capgemini.com\/fr-fr\/wp-content\/uploads\/sites\/6\/2022\/07\/Capgemini_web-preview-CP-generique.png","type":"image\/png"}],"twitter_card":"summary_large_image","twitter_misc":{"Est. reading time":"4 minutes"},"schema":{"@context":"https:\/\/schema.org","@graph":[{"@type":"WebPage","@id":"https:\/\/www.capgemini.com\/fr-fr\/actualites\/communiques-de-presse\/capgemini-accompagne-la-transition-energetique-deneco\/","url":"https:\/\/www.capgemini.com\/fr-fr\/actualites\/communiques-de-presse\/capgemini-accompagne-la-transition-energetique-deneco\/","name":"Capgemini accompagne la strat\u00e9gie de croissance durable et de transition \u00e9nerg\u00e9tique d\u2019Eneco - Capgemini France","isPartOf":{"@id":"https:\/\/www.capgemini.com\/fr-fr\/#website"},"datePublished":"2022-07-12T09:00:00+00:00","dateModified":"2025-03-04T08:29:05+00:00","description":"Capgemini et Eneco signent un nouvel accord de 10 ans pour acc\u00e9l\u00e9rer la transition \u00e9nerg\u00e9tique d'Eneco, et un accord de coop\u00e9ration de 5 ans pour accompagner le groupe dans sa strat\u00e9gie de croissance europ\u00e9enne par l'innovation technologique.","breadcrumb":{"@id":"https:\/\/www.capgemini.com\/fr-fr\/actualites\/communiques-de-presse\/capgemini-accompagne-la-transition-energetique-deneco\/#breadcrumb"},"inLanguage":"fr-FR","potentialAction":[{"@type":"ReadAction","target":["https:\/\/www.capgemini.com\/fr-fr\/actualites\/communiques-de-presse\/capgemini-accompagne-la-transition-energetique-deneco\/"]}]},{"@type":"BreadcrumbList","@id":"https:\/\/www.capgemini.com\/fr-fr\/actualites\/communiques-de-presse\/capgemini-accompagne-la-transition-energetique-deneco\/#breadcrumb","itemListElement":[{"@type":"ListItem","position":1,"name":"Press Releases","item":"https:\/\/www.capgemini.com\/fr-fr\/news\/"},{"@type":"ListItem","position":2,"name":"Capgemini accompagne la strat\u00e9gie de croissance durable et de transition \u00e9nerg\u00e9tique d\u2019Eneco"}]},{"@type":"WebSite","@id":"https:\/\/www.capgemini.com\/fr-fr\/#website","url":"https:\/\/www.capgemini.com\/fr-fr\/","name":"Capgemini France","description":"Just another www.capgemini.com site","publisher":{"@id":"https:\/\/www.capgemini.com\/fr-fr\/#organization"},"potentialAction":[{"@type":"SearchAction","target":{"@type":"EntryPoint","urlTemplate":"https:\/\/www.capgemini.com\/fr-fr\/?s={search_term_string}"},"query-input":"required name=search_term_string"}],"inLanguage":"fr-FR"},{"@type":"Organization","@id":"https:\/\/www.capgemini.com\/fr-fr\/#organization","name":"Capgemini France","url":"https:\/\/www.capgemini.com\/fr-fr\/","logo":{"@type":"ImageObject","inLanguage":"fr-FR","@id":"https:\/\/www.capgemini.com\/fr-fr\/#\/schema\/logo\/image\/","url":"https:\/\/www.capgemini.com\/fr-fr\/wp-content\/uploads\/sites\/6\/2022\/08\/Logo-Capgemini.png","contentUrl":"https:\/\/www.capgemini.com\/fr-fr\/wp-content\/uploads\/sites\/6\/2022\/08\/Logo-Capgemini.png","width":202,"height":60,"caption":"Capgemini France"},"image":{"@id":"https:\/\/www.capgemini.com\/fr-fr\/#\/schema\/logo\/image\/"}}]}},"parsely":{"version":"1.1.0","canonical_url":"https:\/\/capgemini.com\/fr-fr\/actualites\/communiques-de-presse\/capgemini-accompagne-la-transition-energetique-deneco\/","smart_links":{"inbound":0,"outbound":0},"traffic_boost_suggestions_count":0,"meta":{"@context":"https:\/\/schema.org","@type":"NewsArticle","headline":"Capgemini accompagne la strat\u00e9gie de croissance durable et de transition \u00e9nerg\u00e9tique d\u2019Eneco","url":"https:\/\/www.capgemini.com\/fr-fr\/actualites\/communiques-de-presse\/capgemini-accompagne-la-transition-energetique-deneco\/","mainEntityOfPage":{"@type":"WebPage","@id":"https:\/\/www.capgemini.com\/fr-fr\/actualites\/communiques-de-presse\/capgemini-accompagne-la-transition-energetique-deneco\/"},"thumbnailUrl":"","image":{"@type":"ImageObject","url":""},"articleSection":"Uncategorized","author":[],"creator":[],"publisher":{"@type":"Organization","name":"Capgemini France","logo":""},"keywords":[],"dateCreated":"2022-07-12T09:00:00Z","datePublished":"2022-07-12T09:00:00Z","dateModified":"2025-03-04T08:29:05Z"},"rendered":"<meta name=\"parsely-title\" content=\"Capgemini accompagne la strat\u00e9gie de croissance durable et de transition \u00e9nerg\u00e9tique d\u2019Eneco\" \/>\n<meta name=\"parsely-link\" content=\"https:\/\/www.capgemini.com\/fr-fr\/actualites\/communiques-de-presse\/capgemini-accompagne-la-transition-energetique-deneco\/\" \/>\n<meta name=\"parsely-type\" content=\"post\" \/>\n<meta name=\"parsely-pub-date\" content=\"2022-07-12T09:00:00Z\" \/>\n<meta name=\"parsely-section\" content=\"Uncategorized\" \/>","tracker_url":"https:\/\/cdn.parsely.com\/keys\/capgemini.com\/p.js"},"archive_status":false,"featured_image_src":"https:\/\/www.capgemini.com\/fr-fr\/wp-content\/themes\/capgemini2025\/assets\/images\/mockup.png","featured_image_alt":false,"jetpack_sharing_enabled":true,"distributor_meta":false,"distributor_terms":false,"distributor_media":false,"distributor_original_site_name":"Capgemini France","distributor_original_site_url":"https:\/\/www.capgemini.com\/fr-fr","push-errors":false,"tag_names":[],"_links":{"self":[{"href":"https:\/\/www.capgemini.com\/fr-fr\/wp-json\/wp\/v2\/press-release\/682488","targetHints":{"allow":["GET"]}}],"collection":[{"href":"https:\/\/www.capgemini.com\/fr-fr\/wp-json\/wp\/v2\/press-release"}],"about":[{"href":"https:\/\/www.capgemini.com\/fr-fr\/wp-json\/wp\/v2\/types\/press-release"}],"author":[{"embeddable":true,"href":"https:\/\/www.capgemini.com\/fr-fr\/wp-json\/wp\/v2\/users\/166"}],"version-history":[{"count":8,"href":"https:\/\/www.capgemini.com\/fr-fr\/wp-json\/wp\/v2\/press-release\/682488\/revisions"}],"predecessor-version":[{"id":777448,"href":"https:\/\/www.capgemini.com\/fr-fr\/wp-json\/wp\/v2\/press-release\/682488\/revisions\/777448"}],"wp:attachment":[{"href":"https:\/\/www.capgemini.com\/fr-fr\/wp-json\/wp\/v2\/media?parent=682488"}],"wp:term":[{"taxonomy":"post_tag","embeddable":true,"href":"https:\/\/www.capgemini.com\/fr-fr\/wp-json\/wp\/v2\/tags?post=682488"},{"taxonomy":"press-release-type","embeddable":true,"href":"https:\/\/www.capgemini.com\/fr-fr\/wp-json\/wp\/v2\/press-release-type?post=682488"},{"taxonomy":"brand","embeddable":true,"href":"https:\/\/www.capgemini.com\/fr-fr\/wp-json\/wp\/v2\/brand?post=682488"}],"curies":[{"name":"wp","href":"https:\/\/api.w.org\/{rel}","templated":true}]}}