{"id":674331,"date":"2022-05-18T06:46:00","date_gmt":"2022-05-18T06:46:00","guid":{"rendered":"https:\/\/www.capgemini.com\/fr-fr\/?post_type=press-release&#038;p=674331"},"modified":"2025-03-04T09:39:23","modified_gmt":"2025-03-04T08:39:23","slug":"future4care-un-an-au-coeur-de-la-revolution-e-sante","status":"publish","type":"press-release","link":"https:\/\/www.capgemini.com\/fr-fr\/actualites\/communiques-de-presse\/future4care-un-an-au-coeur-de-la-revolution-e-sante\/","title":{"rendered":"Future4Care, un an au c\u0153ur de la r\u00e9volution e-sant\u00e9"},"content":{"rendered":"\t\t<div class=\"wp-block-cg-blocks-hero-press-release\">\n\t\t\t<header class=\"header-hero-press-release\" role=\"main\" id=\"main-content-press-release\">\n\t\t\t\t<div class=\"container\">\n\t\t\t\t\t<div class=\"hero-press-release\">\n\t\t\t\t\t\t<div class=\"hero-press-release-content-wrapper\">\n\t\t\t\t\t\t\t<div class=\"row\">\n\t\t\t\t\t\t\t\t<div class=\"col-12\">\n\t\t\t\t\t\t\t\t\t<div class=\"header-title\">\n\t\t\t\t\t\t\t\t\t\t<h1>\n\t\t\t\t\t\t\t\t\t\t\tFuture4Care, un an au c\u0153ur de la r\u00e9volution e-sant\u00e9\t\t\t\t\t\t\t\t\t\t<\/h1>\n\t\t\t\t\t\t\t\t\t<\/div>\n\t\t\t\t\t\t\t\t\t<div class=\"header-description\">\n\t\t\t\t\t\t\t\t\t\t<p><\/p>\n\t\t\t\t\t\t\t\t\t<\/div>\n\t\t\t\t\t\t\t\t\t\t\t\t\t\t\t\t\t\t<div class=\"header-date\">\n\t\t\t\t\t\t\t\t\t\t<span>mai 18, 2022<\/span>\n\t\t\t\t\t\t\t\t\t<\/div>\n\t\t\t\t\t\t\t\t<\/div>\n\t\t\t\t\t\t\t<\/div>\n\t\t\t\t\t\t<\/div>\n\t\t\t\t\t\t\t\t\t\t\t\t\t<div class=\"hero-press-release-downloads\">\n\t\t\t\t\t\t\t\t<div class=\"row\">\n\t\t\t\t\t\t\t\t\t\t\t\t\t\t\t\t\t\t\t<div class=\"col-12 col-md-6 col-lg-3\">\n\t\t\t\t\t\t\t\t\t\t\t<a class=\"download-item\" type=\"download\" href=\"https:\/\/www.capgemini.com\/fr-fr\/wp-content\/uploads\/sites\/6\/2022\/07\/CP-Ouverture-F4C_16_mai-1.pdf\" target=\"_blank\" rel=\"noopener noreferrer\" title=\"Ouvrir dans une nouvelle fen\u00eatre\">\n\t\t\t\t\t\t\t\t\t\t\t\t<div class=\"download-icon\"><\/div>\n\t\t\t\t\t\t\t\t\t\t\t\t<div class=\"download-details\">\n\t\t\t\t\t\t\t\t\t\t\t\t\t<div class=\"download-title\">Communiqu\u00e9 de presse<\/div>\n\t\t\t\t\t\t\t\t\t\t\t\t\t<div class=\"download-props\">307 KB  pdf<\/div>\n\t\t\t\t\t\t\t\t\t\t\t\t<\/div>\n\t\t\t\t\t\t\t\t\t\t\t<\/a>\n\t\t\t\t\t\t\t\t\t\t<\/div>\n\t\t\t\t\t\t\t\t\t\t\t\t\t\t\t\t\t\t<\/div>\n\t\t\t\t\t\t\t<\/div>\n\t\t\t\t\t\t\t\t\t\t\t\t\t\t\t\t\t<\/div>\n\t\t\t\t<\/div>\n\t\t\t<\/header>\n\t\t<\/div>\n\t\t\n\n\n<section class=\"wp-block-cg-blocks-intro-para undefined section section--intro\"><div class=\"intro-para\"><div class=\"container\"><div class=\"row\"><div class=\"col-12 col-md-1\"><nav class=\"article-social\"><ul class=\"social-nav\"><li class=\"ip-order-fb\"><a href=\"https:\/\/www.facebook.com\/sharer\/sharer.php?u=https:\/\/www.capgemini.com\/fr-fr\/actualites\/communiques-de-presse\/future4care-un-an-au-coeur-de-la-revolution-e-sante\/\" target=\"_blank\" rel=\"noopener noreferrer\" title=\"Ouvrir dans une nouvelle fen\u00eatre\"><i aria-hidden=\"true\" class=\"icon-fb\"><\/i><span class=\"sr-only\">Facebook<\/span><\/a><\/li><li class=\"ip-order-li\"><a href=\"https:\/\/www.linkedin.com\/sharing\/share-offsite\/?url=https:\/\/www.capgemini.com\/fr-fr\/actualites\/communiques-de-presse\/future4care-un-an-au-coeur-de-la-revolution-e-sante\/\" target=\"_blank\" rel=\"noopener noreferrer\" title=\"Ouvrir dans une nouvelle fen\u00eatre\"><i aria-hidden=\"true\" class=\"icon-li\"><\/i><span class=\"sr-only\">Linkedin<\/span><\/a><\/li><\/ul><\/nav><\/div><div class=\"col-12 col-md-11 col-lg-10\"><h2 class=\"intro-para-title\">Paris (France), le 18 mai 2022 \u2013 Sanofi, Capgemini, Generali et Orange annon\u00e7aient en juin 2021 la cr\u00e9ation de Future4Care. <\/h2><p class=\"intro-para-content\">Un an apr\u00e8s son lancement, l\u2019inauguration de Future4Care est l\u2019occasion de faire le point sur ses r\u00e9ussites et son ambition, celle d\u2019acc\u00e9l\u00e9rer le d\u00e9veloppement de solutions e-sant\u00e9.<\/p><\/div><\/div><\/div><\/div><\/section>\n\n\n\n<section class=\"wp-block-cg-blocks-group undefined section section--article-content\"><div class=\"article-main-content\"><div class=\"container\"><div class=\"row\"><div class=\"col-12 col-md-11 col-lg-10 offset-md-1 offset-lg-1\"><div class=\"article-text article-quote-text\">\n<p>Premi\u00e8re \u00e9tape franchie : le lancement de l\u2019acc\u00e9l\u00e9rateur. En d\u00e9cembre 2021, apr\u00e8s une phase de s\u00e9lection, <strong>20 startups de sant\u00e9 num\u00e9rique <\/strong>ont rejoint Future4care pour constituer sa premi\u00e8re promotion.<\/p>\n\n\n\n<p>D\u00e8s f\u00e9vrier 2022, <strong>leur accompagnement a d\u00e9marr\u00e9<\/strong>. Un programme personnalis\u00e9 a \u00e9t\u00e9 co-construit avec chacune d\u2019entre-elles.<\/p>\n\n\n\n<p>Future4care a lanc\u00e9 en avril son second appel \u00e0 candidatures, en vue de recruter une nouvelle promotion, qui viendra compl\u00e9ter la premi\u00e8re d\u00e9j\u00e0 en place.<\/p>\n\n\n\n<p>Seconde \u00e9tape franchie : le lancement de <strong>l\u2019institut,<\/strong> \u00e0 l\u2019occasion d\u2019une journ\u00e9e de conf\u00e9rences, sous le signe de l\u2019\u00e9thique. L\u2019institut a pour vocation d\u2019acculturer, <strong>f\u00e9d\u00e9rer et faire bouger les lignes<\/strong>. Il s\u2019est dot\u00e9 d\u2019un conseil scientifique et \u00e9thique, regroupant des personnalit\u00e9s issues de diverses disciplines et pr\u00e9sid\u00e9 par le professeur Olivier Gu\u00e9rin. Cet institut axera ses premiers travaux cette ann\u00e9e sur l\u2019impact du num\u00e9rique sur la m\u00e9decine personnalis\u00e9e et l\u2019acc\u00e8s des soins \u00e0 distance.<\/p>\n\n\n\n<p>Parall\u00e8lement au lancement de ses activit\u00e9s, Future4care a f\u00e9d\u00e9r\u00e9 un premier <strong>cercle de partenaires industriels<\/strong>&nbsp;: &nbsp;Be-Ys, Biocodex, Alira Health et UCB ont rejoint l\u2019\u00e9cosyst\u00e8me. D\u2019autres soci\u00e9t\u00e9s suivront tr\u00e8s prochainement pour donner \u00e0 Future4care sa pleine dimension europ\u00e9enne.<\/p>\n\n\n\n<p>Pour symboliser ces premi\u00e8res r\u00e9ussites Future4care inaugure le 16 mai 2022 l\u2019ouverture de ses locaux et de sa plateforme num\u00e9rique enti\u00e8rement con\u00e7us pour favoriser l\u2019id\u00e9ation, la collaboration et plus largement l\u2019innovation.<\/p>\n\n\n\n<p>A ce propos, Agn\u00e8s De Leersnyder, Directrice g\u00e9n\u00e9rale de Future4care d\u00e9clare&nbsp;: \u00ab&nbsp;<em>Nous sommes tr\u00e8s fiers, avec l\u2019\u00e9quipe Future4care et les collaborateurs impliqu\u00e9s de nos fondateurs, du chemin parcouru ces 12 derniers mois. Aujourd\u2019hui ce sont plus d\u2019une centaine d\u2019entrepreneurs, d\u2019experts, de chercheurs et autres professionnels de sant\u00e9 qui nous ont rejoint. L\u2019aventure ne fait que commencer. Nous vous donnons rendez-vous dans un an.<\/em><\/p>\n\n\n\n<p><strong>\u00c0 propos de Sanofi<\/strong><\/p>\n\n\n\n<p>La vocation de Sanofi est d\u2019accompagner celles et ceux confront\u00e9s \u00e0 des difficult\u00e9s de sant\u00e9. Entreprise biopharmaceutique mondiale sp\u00e9cialis\u00e9e dans la sant\u00e9 humaine, nous pr\u00e9venons les maladies avec nos vaccins et proposons des traitements innovants. Nous accompagnons tant ceux qui sont atteints de maladies rares, que les millions de personnes souffrant d\u2019une maladie chronique.<\/p>\n\n\n\n<p>Sanofi et ses plus de 100 000 collaborateurs dans 100 pays transforment l\u2019innovation scientifique en solutions de sant\u00e9 partout dans le monde.<\/p>\n\n\n\n<p>Sanofi, Empowering Life, donner toute sa force \u00e0 la vie.<\/p>\n\n\n\n<p>Plus d\u2019informations sur <a href=\"http:\/\/www.sanofi.fr\">www.sanofi.fr<\/a><\/p>\n\n\n\n<p><\/p>\n\n\n\n<p><\/p>\n\n\n\n<p><strong>\u00c0 propos de Capgemini<\/strong><\/p>\n\n\n\n<p>Capgemini est un leader mondial, responsable et multiculturel, regroupant 270 000 personnes dans pr\u00e8s de 50 pays. Partenaire strat\u00e9gique des entreprises pour la transformation de leurs activit\u00e9s en tirant profit de toute la puissance de la technologie, le Groupe est guid\u00e9 au quotidien par sa raison d\u2019\u00eatre : lib\u00e9rer les \u00e9nergies humaines par la technologie pour un avenir inclusif et durable. Fort de plus de 50 ans d\u2019exp\u00e9rience et d\u2019une grande expertise des diff\u00e9rents secteurs d\u2019activit\u00e9, Capgemini est reconnu par ses clients pour r\u00e9pondre \u00e0 l\u2019ensemble de leurs besoins, de la strat\u00e9gie et du design jusqu\u2019au management des op\u00e9rations, en tirant parti des innovations dans les domaines en perp\u00e9tuelle \u00e9volution du cloud, de la data, de l\u2019Intelligence Artificielle, de la connectivit\u00e9, des logiciels, de l\u2019ing\u00e9nierie digitale et des plateformes. Le Groupe a r\u00e9alis\u00e9 un chiffre d\u2019affaires de 16 milliards d\u2019euros en 2020.<\/p>\n\n\n\n<p>Get The Future You Want* | <a href=\"http:\/\/www.capgemini.com\">www.capgemini.com<\/a><\/p>\n\n\n\n<p><em>*R\u00e9alisez le futur que vous voulez<\/em><\/p>\n\n\n\n<p><strong>\u00c0 propos de Generali France<\/strong><\/p>\n\n\n\n<p>Generali France est aujourd\u2019hui l\u2019un des principaux assureurs de l\u2019Hexagone et propose aux clients particuliers, professionnels et entreprises une offre compl\u00e8te de solutions d\u2019assurances (sant\u00e9, pr\u00e9voyance, assistance, biens et responsabilit\u00e9), d\u2019\u00e9pargne patrimoniale et de gestion d\u2019actifs \u00e0 plus de 7,4 millions de personnes. Implant\u00e9 en France depuis 1832, Generali France s\u2019appuie sur le savoir-faire et l\u2019expertise de ses 9 000 collaborateurs et de ses r\u00e9seaux interm\u00e9diaires commerciaux, agents, courtiers, partenaires pour \u00eatre le partenaire de ses clients tout au long de leur vie. Entreprise engag\u00e9e dans une d\u00e9marche RSE globale, Generali France accompagne ses clients vers une \u00e9conomie plus responsable, durable et inclusive au travers de solutions en parfaite ad\u00e9quation avec les enjeux soci\u00e9taux et environnementaux de notre monde actuel.<\/p>\n\n\n\n<p>Plus d\u2019informations sur <a href=\"https:\/\/www.generali.fr\">https:\/\/www.generali.fr<\/a><\/p>\n\n\n\n<p><\/p>\n\n\n\n<p><strong>\u00c0 propos du Groupe Generali<\/strong><\/p>\n\n\n\n<p>Generali est l\u2019un des plus grands groupes internationaux d\u2019assurance et de gestion d\u2019actifs. Fond\u00e9 en 1831, il est implant\u00e9 dans 50 pays et a r\u00e9alis\u00e9 un chiffre d\u2019affaires de 69,7 milliards d\u2018euros en 2019. Comptant pr\u00e8s de 72 000 collaborateurs et 61 millions de clients \u00e0 travers le monde, le Groupe figure parmi les leaders en Europe et occupe une place d\u2019importance croissante en Asie et en Am\u00e9rique Latine. L\u2019ambition de Generali est d\u2019\u00eatre le partenaire de ses clients tout au long de leur vie, en leur proposant des solutions innovantes et personnalis\u00e9es et en s\u2019appuyant sur un r\u00e9seau de distribution in\u00e9gal\u00e9.<\/p>\n\n\n\n<p>Plus d\u2019informations sur <a href=\"http:\/\/www.generali.com\/\">http:\/\/www.generali.com<\/a><\/p>\n\n\n\n<p><\/p>\n\n\n\n<p><strong>\u00c0 propos d\u2019Orange<\/strong><\/p>\n\n\n\n<p>Orange est l\u2019un des principaux op\u00e9rateurs de t\u00e9l\u00e9communication dans le monde, avec un chiffre d\u2019affaires de 42,3 milliards d\u2019euros en 2020 et 140 000 salari\u00e9s au 31 mars 2021, dont 80 000 en France. Le Groupe servait 262 millions de clients au 31 mars 2021, dont 217 millions de clients mobile et 22 millions de clients haut d\u00e9bit fixe. Le Groupe est pr\u00e9sent dans 26 pays. Orange est \u00e9galement l\u2019un des leaders mondiaux des services de t\u00e9l\u00e9communication aux entreprises multinationales sous la marque Orange Business Services. En d\u00e9cembre 2019, le Groupe a pr\u00e9sent\u00e9 son nouveau plan strat\u00e9gique \u00ab Engage 2025 \u00bb qui, guid\u00e9 par l\u2019exemplarit\u00e9 sociale et environnementale, a pour but de r\u00e9inventer son m\u00e9tier d\u2019op\u00e9rateur. Tout en acc\u00e9l\u00e9rant sur les territoires et domaines porteurs de croissance et en pla\u00e7ant la data et l\u2019IA au c\u0153ur de son mod\u00e8le d\u2019innovation, le Groupe entend \u00eatre un employeur attractif et responsable, adapt\u00e9 aux m\u00e9tiers \u00e9mergents.<\/p>\n\n\n\n<p>Orange est cot\u00e9 sur Euronext Paris (symbole ORA) et sur le New York Stock Exchange (symbole ORAN).<\/p>\n\n\n\n<p>Pour plus d\u2019informations (sur le web et votre mobile) : <a href=\"http:\/\/www.orange.com\">www.orange.com<\/a>, <a href=\"http:\/\/www.orange-business.com\">www.orange-business.com<\/a> ou pour nous suivre sur Twitter : @presseorange.<\/p>\n\n\n\n<p>Orange et tout autre produit ou service d\u2019Orange cit\u00e9s dans ce communiqu\u00e9 sont des marques d\u00e9tenues par Orange ou Orange Brand Services Limited.<\/p>\n<\/div><\/div><\/div><\/div><\/div><\/section>\n\n\n<div class=\"wp-block-cg-blocks-cg-block-related-content\"><section class=\"relatedContentBlock\"><div class=\"container\"><div class=\"row\"><div class=\"content-title col-12 col-md-8\"><h2 class=\"related-content-heading\">Autres Partenariats<\/h2><\/div><\/div><div class=\"row relatedContent\"><div class=\"col-lg-4 col-md-6 col-xs-12\">\n\t\t\t\t\t\t\t<div class=\"box\">\n\t\t\t\t\t\t\t\t<a aria-label=\"Lire la suite Chiffre d\u2019affaires du 1er trimestre 2026\" href=\"https:\/\/www.capgemini.com\/fr-fr\/actualites\/communiques-de-presse\/chiffre-daffaires-du-1er-trimestre-2026\/\" class=\"anchorWrapper\">\n\t\t\t\t\t\t\t\t\t<span class=\"box-tag\"><span>Actualit\u00e9s financi\u00e8res<\/span><\/span>\n\t\t\t\t\t\t\t\t\t<div class=\"box-title\"><h3 class=\"box-subtitle\">Chiffre d\u2019affaires du 1er trimestre 2026<\/h3><\/div>\n\t\t\t\t\t\t\t\t\t<div class=\"box-date\">\n\t\t\t\t\t\t\t\t\t\t<span>Apr 30, 2026<\/span>\n\t\t\t\t\t\t\t\t\t<\/div>\n\t\t\t\t\t\t\t\t\t<div class=\"box-bottom\">\n\t\t\t\t\t\t\t\t\t\t&lt;a class=&quot;link-download&quot; href=&quot;https:\/\/www.capgemini.com\/fr-fr\/wp-content\/uploads\/sites\/6\/2026\/04\/Capgemini_-_2026-04-30_-_Chiffre_d_affaires_du_1er_trimestre_2026.pdf&quot; aria-label=&quot;T\u00e9l\u00e9charger le communiqu\u00e9 de presse&quot; target=&quot;_blank&quot;  type=&quot;download&quot; title=&quot;Opens in a new window&quot;&gt;\n\t\t\t\t\t\t\t&lt;span&gt;T\u00e9l\u00e9charger le communiqu\u00e9 de presse&lt;\/span&gt;\n\t\t\t\t\t\t\t&lt;span&gt;237 KB PDF&lt;\/span&gt;\n\t\t\t\t\t\t&lt;\/a&gt;\n\t\t\t\t\t\t\t\t\t\t<a class=\"more\" aria-label=\"Lire la suite Chiffre d\u2019affaires du 1er trimestre 2026\" href=\"https:\/\/www.capgemini.com\/fr-fr\/actualites\/communiques-de-presse\/chiffre-daffaires-du-1er-trimestre-2026\/\">Lire la suite<\/a>\n\t\t\t\t\t\t\t\t\t<\/div>\n\t\t\t\t\t\t\t\t<\/a>\n\t\t\t\t\t\t\t<\/div>\n\t\t\t\t\t\t<\/div><div class=\"col-lg-4 col-md-6 col-xs-12\">\n\t\t\t\t\t\t\t<div class=\"box\">\n\t\t\t\t\t\t\t\t<a aria-label=\"Lire la suite Capgemini d\u00e9voile le Google Cloud AI Enterprise Hub pour acc\u00e9l\u00e9rer la transformation des entreprises gr\u00e2ce \u00e0 l\u2019IA agentique\" href=\"https:\/\/www.capgemini.com\/fr-fr\/actualites\/communiques-de-presse\/capgemini-devoile-le-google-cloud-ai-enterprise-hub-pour-accelerer-la-transformation-des-entreprises-vers-ia-agentique\/\" class=\"anchorWrapper\">\n\t\t\t\t\t\t\t\t\t<span class=\"box-tag\"><span>Partenariats<\/span><\/span>\n\t\t\t\t\t\t\t\t\t<div class=\"box-title\"><h3 class=\"box-subtitle\">Capgemini d\u00e9voile le Google Cloud AI Enterprise Hub pour acc\u00e9l\u00e9rer la transformation des entreprises gr\u00e2ce \u00e0 l\u2019IA agentique<\/h3><\/div>\n\t\t\t\t\t\t\t\t\t<div class=\"box-date\">\n\t\t\t\t\t\t\t\t\t\t<span>Apr 23, 2026<\/span>\n\t\t\t\t\t\t\t\t\t<\/div>\n\t\t\t\t\t\t\t\t\t<div class=\"box-bottom\">\n\t\t\t\t\t\t\t\t\t\t&lt;a class=&quot;link-download&quot; href=&quot;https:\/\/www.capgemini.com\/wp-content\/uploads\/2026\/04\/04_23_Capgemini-news-alert_Google-Cloud-AI-Enterprise-Hub.pdf&quot; aria-label=&quot;T\u00e9l\u00e9charger le communiqu\u00e9 de presse&quot; target=&quot;_blank&quot;  type=&quot;download&quot; title=&quot;Opens in a new window&quot;&gt;\n\t\t\t\t\t\t\t&lt;span&gt;T\u00e9l\u00e9charger le communiqu\u00e9 de presse&lt;\/span&gt;\n\t\t\t\t\t\t\t&lt;span&gt;143 KB PDF&lt;\/span&gt;\n\t\t\t\t\t\t&lt;\/a&gt;\n\t\t\t\t\t\t\t\t\t\t<a class=\"more\" aria-label=\"Lire la suite Capgemini d\u00e9voile le Google Cloud AI Enterprise Hub pour acc\u00e9l\u00e9rer la transformation des entreprises gr\u00e2ce \u00e0 l\u2019IA agentique\" href=\"https:\/\/www.capgemini.com\/fr-fr\/actualites\/communiques-de-presse\/capgemini-devoile-le-google-cloud-ai-enterprise-hub-pour-accelerer-la-transformation-des-entreprises-vers-ia-agentique\/\">Lire la suite<\/a>\n\t\t\t\t\t\t\t\t\t<\/div>\n\t\t\t\t\t\t\t\t<\/a>\n\t\t\t\t\t\t\t<\/div>\n\t\t\t\t\t\t<\/div><div class=\"col-lg-4 col-md-6 col-xs-12\">\n\t\t\t\t\t\t\t<div class=\"box\">\n\t\t\t\t\t\t\t\t<a aria-label=\"Lire la suite La r\u00e9industrialisation entre dans une phase plus s\u00e9lective et strat\u00e9gique en Europe et aux \u00c9tats Unis\" href=\"https:\/\/www.capgemini.com\/fr-fr\/actualites\/communiques-de-presse\/la-reindustrialisation-entre-dans-une-phase-plus-selective-et-strategique-en-europe-et-aux-etats-unis\/\" class=\"anchorWrapper\">\n\t\t\t\t\t\t\t\t\t<span class=\"box-tag\"><span>Publications<\/span><\/span>\n\t\t\t\t\t\t\t\t\t<div class=\"box-title\"><h3 class=\"box-subtitle\">La r\u00e9industrialisation entre dans une phase plus s\u00e9lective et strat\u00e9gique en Europe et aux \u00c9tats Unis<\/h3><\/div>\n\t\t\t\t\t\t\t\t\t<div class=\"box-date\">\n\t\t\t\t\t\t\t\t\t\t<span>Apr 20, 2026<\/span>\n\t\t\t\t\t\t\t\t\t<\/div>\n\t\t\t\t\t\t\t\t\t<div class=\"box-bottom\">\n\t\t\t\t\t\t\t\t\t\t&lt;a class=&quot;link-download&quot; href=&quot;https:\/\/www.capgemini.com\/fr-fr\/wp-content\/uploads\/sites\/6\/2026\/04\/2026_04_20_Capgemini_Reindustrialisation-of-Europe-and-the-US-report_3rd-edition_press-release_FR.pdf&quot; aria-label=&quot;T\u00e9l\u00e9charger le communiqu\u00e9 de presse&quot; target=&quot;_blank&quot;  type=&quot;download&quot; title=&quot;Opens in a new window&quot;&gt;\n\t\t\t\t\t\t\t&lt;span&gt;T\u00e9l\u00e9charger le communiqu\u00e9 de presse&lt;\/span&gt;\n\t\t\t\t\t\t\t&lt;span&gt;163 KB PDF&lt;\/span&gt;\n\t\t\t\t\t\t&lt;\/a&gt;\n\t\t\t\t\t\t\t\t\t\t<a class=\"more\" aria-label=\"Lire la suite La r\u00e9industrialisation entre dans une phase plus s\u00e9lective et strat\u00e9gique en Europe et aux \u00c9tats Unis\" href=\"https:\/\/www.capgemini.com\/fr-fr\/actualites\/communiques-de-presse\/la-reindustrialisation-entre-dans-une-phase-plus-selective-et-strategique-en-europe-et-aux-etats-unis\/\">Lire la suite<\/a>\n\t\t\t\t\t\t\t\t\t<\/div>\n\t\t\t\t\t\t\t\t<\/a>\n\t\t\t\t\t\t\t<\/div>\n\t\t\t\t\t\t<\/div><\/div><\/div><\/section><\/div>","protected":false},"excerpt":{"rendered":"","protected":false},"author":103,"featured_media":0,"template":"","meta":{"cg_dt_proposed_to":[],"cg_seo_hreflang_relations":"[]","cg_seo_canonical_relation":"{\"uuid\":\"32216162-96b6-45ed-96cd-062b19b16b92\",\"blogId\":\"\",\"domain\":\"\",\"sitePath\":\"\",\"postLink\":\"\",\"postId\":null,\"isSaved\":true,\"isCrossLink\":false,\"hasCrossLink\":false}","cg_seo_hreflang_x_default_relation":"{\"uuid\":\"e69d71ca-39a1-43fd-8dec-299832419027\",\"blogId\":\"\",\"domain\":\"\",\"sitePath\":\"\",\"postLink\":\"\",\"postId\":null,\"isSaved\":true,\"isCrossLink\":false,\"hasCrossLink\":false}","cg_dt_approved_content":true,"cg_dt_mandatory_content":false,"cg_dt_notes":"","cg_dg_source_changed":false,"cg_dt_link_disabled":false,"footnotes":"","related_resource_url":"https:\/\/www.capgemini.com\/fr-fr\/wp-content\/uploads\/sites\/6\/2022\/07\/CP-Ouverture-F4C_16_mai-1.pdf","related_resource_id":674332,"related_resource_size":"307 KB","related_resource_type":"pdf","cg_author":0,"featured_focal_points":""},"tags":[],"press-release-type":[],"brand":[],"class_list":["post-674331","press-release","type-press-release","status-publish","hentry"],"yoast_head":"<!-- This site is optimized with the Yoast SEO Premium plugin v22.8 (Yoast SEO v22.8) - https:\/\/yoast.com\/wordpress\/plugins\/seo\/ -->\n<title>Future4Care, un an au c\u0153ur de la r\u00e9volution e-sant\u00e9 - Capgemini France<\/title>\n<meta name=\"description\" content=\"Un an apr\u00e8s son lancement, l\u2019inauguration de Future4Care est l\u2019occasion de faire le point sur ses r\u00e9ussites et son ambition, celle d\u2019acc\u00e9l\u00e9rer le d\u00e9veloppement de solutions e-sant\u00e9.\" \/>\n<meta name=\"robots\" content=\"index, follow, max-snippet:-1, max-image-preview:large, max-video-preview:-1\" \/>\n<link rel=\"canonical\" href=\"https:\/\/www.capgemini.com\/fr-fr\/actualites\/communiques-de-presse\/future4care-un-an-au-coeur-de-la-revolution-e-sante\/\" \/>\n<meta property=\"og:locale\" content=\"fr_FR\" \/>\n<meta property=\"og:type\" content=\"article\" \/>\n<meta property=\"og:title\" content=\"Future4Care, un an au c\u0153ur de la r\u00e9volution e-sant\u00e9\" \/>\n<meta property=\"og:description\" content=\"Un an apr\u00e8s son lancement, l\u2019inauguration de Future4Care est l\u2019occasion de faire le point sur ses r\u00e9ussites et son ambition, celle d\u2019acc\u00e9l\u00e9rer le d\u00e9veloppement de solutions e-sant\u00e9.\" \/>\n<meta property=\"og:url\" content=\"https:\/\/www.capgemini.com\/fr-fr\/actualites\/communiques-de-presse\/future4care-un-an-au-coeur-de-la-revolution-e-sante\/\" \/>\n<meta property=\"og:site_name\" content=\"Capgemini France\" \/>\n<meta property=\"article:modified_time\" content=\"2025-03-04T08:39:23+00:00\" \/>\n<meta property=\"og:image\" content=\"https:\/\/www.capgemini.com\/fr-fr\/wp-content\/uploads\/sites\/6\/2022\/07\/Capgemini_web-preview-CP-generique.png\" \/>\n\t<meta property=\"og:image:width\" content=\"1600\" \/>\n\t<meta property=\"og:image:height\" content=\"888\" \/>\n\t<meta property=\"og:image:type\" content=\"image\/png\" \/>\n<meta name=\"twitter:card\" content=\"summary_large_image\" \/>\n<meta name=\"twitter:label1\" content=\"Est. reading time\" \/>\n\t<meta name=\"twitter:data1\" content=\"6 minutes\" \/>\n<script type=\"application\/ld+json\" class=\"yoast-schema-graph\">{\"@context\":\"https:\/\/schema.org\",\"@graph\":[{\"@type\":\"WebPage\",\"@id\":\"https:\/\/www.capgemini.com\/fr-fr\/actualites\/communiques-de-presse\/future4care-un-an-au-coeur-de-la-revolution-e-sante\/\",\"url\":\"https:\/\/www.capgemini.com\/fr-fr\/actualites\/communiques-de-presse\/future4care-un-an-au-coeur-de-la-revolution-e-sante\/\",\"name\":\"Future4Care, un an au c\u0153ur de la r\u00e9volution e-sant\u00e9 - Capgemini France\",\"isPartOf\":{\"@id\":\"https:\/\/www.capgemini.com\/fr-fr\/#website\"},\"datePublished\":\"2022-05-18T06:46:00+00:00\",\"dateModified\":\"2025-03-04T08:39:23+00:00\",\"description\":\"Un an apr\u00e8s son lancement, l\u2019inauguration de Future4Care est l\u2019occasion de faire le point sur ses r\u00e9ussites et son ambition, celle d\u2019acc\u00e9l\u00e9rer le d\u00e9veloppement de solutions e-sant\u00e9.\",\"breadcrumb\":{\"@id\":\"https:\/\/www.capgemini.com\/fr-fr\/actualites\/communiques-de-presse\/future4care-un-an-au-coeur-de-la-revolution-e-sante\/#breadcrumb\"},\"inLanguage\":\"fr-FR\",\"potentialAction\":[{\"@type\":\"ReadAction\",\"target\":[\"https:\/\/www.capgemini.com\/fr-fr\/actualites\/communiques-de-presse\/future4care-un-an-au-coeur-de-la-revolution-e-sante\/\"]}]},{\"@type\":\"BreadcrumbList\",\"@id\":\"https:\/\/www.capgemini.com\/fr-fr\/actualites\/communiques-de-presse\/future4care-un-an-au-coeur-de-la-revolution-e-sante\/#breadcrumb\",\"itemListElement\":[{\"@type\":\"ListItem\",\"position\":1,\"name\":\"Press Releases\",\"item\":\"https:\/\/www.capgemini.com\/fr-fr\/news\/\"},{\"@type\":\"ListItem\",\"position\":2,\"name\":\"Future4Care, un an au c\u0153ur de la r\u00e9volution e-sant\u00e9\"}]},{\"@type\":\"WebSite\",\"@id\":\"https:\/\/www.capgemini.com\/fr-fr\/#website\",\"url\":\"https:\/\/www.capgemini.com\/fr-fr\/\",\"name\":\"Capgemini France\",\"description\":\"Just another www.capgemini.com site\",\"publisher\":{\"@id\":\"https:\/\/www.capgemini.com\/fr-fr\/#organization\"},\"potentialAction\":[{\"@type\":\"SearchAction\",\"target\":{\"@type\":\"EntryPoint\",\"urlTemplate\":\"https:\/\/www.capgemini.com\/fr-fr\/?s={search_term_string}\"},\"query-input\":\"required name=search_term_string\"}],\"inLanguage\":\"fr-FR\"},{\"@type\":\"Organization\",\"@id\":\"https:\/\/www.capgemini.com\/fr-fr\/#organization\",\"name\":\"Capgemini France\",\"url\":\"https:\/\/www.capgemini.com\/fr-fr\/\",\"logo\":{\"@type\":\"ImageObject\",\"inLanguage\":\"fr-FR\",\"@id\":\"https:\/\/www.capgemini.com\/fr-fr\/#\/schema\/logo\/image\/\",\"url\":\"https:\/\/www.capgemini.com\/fr-fr\/wp-content\/uploads\/sites\/6\/2022\/08\/Logo-Capgemini.png\",\"contentUrl\":\"https:\/\/www.capgemini.com\/fr-fr\/wp-content\/uploads\/sites\/6\/2022\/08\/Logo-Capgemini.png\",\"width\":202,\"height\":60,\"caption\":\"Capgemini France\"},\"image\":{\"@id\":\"https:\/\/www.capgemini.com\/fr-fr\/#\/schema\/logo\/image\/\"}}]}<\/script>\n<!-- \/ Yoast SEO Premium plugin. -->","yoast_head_json":{"title":"Future4Care, un an au c\u0153ur de la r\u00e9volution e-sant\u00e9 - Capgemini France","description":"Un an apr\u00e8s son lancement, l\u2019inauguration de Future4Care est l\u2019occasion de faire le point sur ses r\u00e9ussites et son ambition, celle d\u2019acc\u00e9l\u00e9rer le d\u00e9veloppement de solutions e-sant\u00e9.","robots":{"index":"index","follow":"follow","max-snippet":"max-snippet:-1","max-image-preview":"max-image-preview:large","max-video-preview":"max-video-preview:-1"},"canonical":"https:\/\/www.capgemini.com\/fr-fr\/actualites\/communiques-de-presse\/future4care-un-an-au-coeur-de-la-revolution-e-sante\/","og_locale":"fr_FR","og_type":"article","og_title":"Future4Care, un an au c\u0153ur de la r\u00e9volution e-sant\u00e9","og_description":"Un an apr\u00e8s son lancement, l\u2019inauguration de Future4Care est l\u2019occasion de faire le point sur ses r\u00e9ussites et son ambition, celle d\u2019acc\u00e9l\u00e9rer le d\u00e9veloppement de solutions e-sant\u00e9.","og_url":"https:\/\/www.capgemini.com\/fr-fr\/actualites\/communiques-de-presse\/future4care-un-an-au-coeur-de-la-revolution-e-sante\/","og_site_name":"Capgemini France","article_modified_time":"2025-03-04T08:39:23+00:00","og_image":[{"width":1600,"height":888,"url":"https:\/\/www.capgemini.com\/fr-fr\/wp-content\/uploads\/sites\/6\/2022\/07\/Capgemini_web-preview-CP-generique.png","type":"image\/png"}],"twitter_card":"summary_large_image","twitter_misc":{"Est. reading time":"6 minutes"},"schema":{"@context":"https:\/\/schema.org","@graph":[{"@type":"WebPage","@id":"https:\/\/www.capgemini.com\/fr-fr\/actualites\/communiques-de-presse\/future4care-un-an-au-coeur-de-la-revolution-e-sante\/","url":"https:\/\/www.capgemini.com\/fr-fr\/actualites\/communiques-de-presse\/future4care-un-an-au-coeur-de-la-revolution-e-sante\/","name":"Future4Care, un an au c\u0153ur de la r\u00e9volution e-sant\u00e9 - Capgemini France","isPartOf":{"@id":"https:\/\/www.capgemini.com\/fr-fr\/#website"},"datePublished":"2022-05-18T06:46:00+00:00","dateModified":"2025-03-04T08:39:23+00:00","description":"Un an apr\u00e8s son lancement, l\u2019inauguration de Future4Care est l\u2019occasion de faire le point sur ses r\u00e9ussites et son ambition, celle d\u2019acc\u00e9l\u00e9rer le d\u00e9veloppement de solutions e-sant\u00e9.","breadcrumb":{"@id":"https:\/\/www.capgemini.com\/fr-fr\/actualites\/communiques-de-presse\/future4care-un-an-au-coeur-de-la-revolution-e-sante\/#breadcrumb"},"inLanguage":"fr-FR","potentialAction":[{"@type":"ReadAction","target":["https:\/\/www.capgemini.com\/fr-fr\/actualites\/communiques-de-presse\/future4care-un-an-au-coeur-de-la-revolution-e-sante\/"]}]},{"@type":"BreadcrumbList","@id":"https:\/\/www.capgemini.com\/fr-fr\/actualites\/communiques-de-presse\/future4care-un-an-au-coeur-de-la-revolution-e-sante\/#breadcrumb","itemListElement":[{"@type":"ListItem","position":1,"name":"Press Releases","item":"https:\/\/www.capgemini.com\/fr-fr\/news\/"},{"@type":"ListItem","position":2,"name":"Future4Care, un an au c\u0153ur de la r\u00e9volution e-sant\u00e9"}]},{"@type":"WebSite","@id":"https:\/\/www.capgemini.com\/fr-fr\/#website","url":"https:\/\/www.capgemini.com\/fr-fr\/","name":"Capgemini France","description":"Just another www.capgemini.com site","publisher":{"@id":"https:\/\/www.capgemini.com\/fr-fr\/#organization"},"potentialAction":[{"@type":"SearchAction","target":{"@type":"EntryPoint","urlTemplate":"https:\/\/www.capgemini.com\/fr-fr\/?s={search_term_string}"},"query-input":"required name=search_term_string"}],"inLanguage":"fr-FR"},{"@type":"Organization","@id":"https:\/\/www.capgemini.com\/fr-fr\/#organization","name":"Capgemini France","url":"https:\/\/www.capgemini.com\/fr-fr\/","logo":{"@type":"ImageObject","inLanguage":"fr-FR","@id":"https:\/\/www.capgemini.com\/fr-fr\/#\/schema\/logo\/image\/","url":"https:\/\/www.capgemini.com\/fr-fr\/wp-content\/uploads\/sites\/6\/2022\/08\/Logo-Capgemini.png","contentUrl":"https:\/\/www.capgemini.com\/fr-fr\/wp-content\/uploads\/sites\/6\/2022\/08\/Logo-Capgemini.png","width":202,"height":60,"caption":"Capgemini France"},"image":{"@id":"https:\/\/www.capgemini.com\/fr-fr\/#\/schema\/logo\/image\/"}}]}},"parsely":{"version":"1.1.0","canonical_url":"https:\/\/capgemini.com\/fr-fr\/actualites\/communiques-de-presse\/future4care-un-an-au-coeur-de-la-revolution-e-sante\/","smart_links":{"inbound":0,"outbound":0},"traffic_boost_suggestions_count":0,"meta":{"@context":"https:\/\/schema.org","@type":"NewsArticle","headline":"Future4Care, un an au c\u0153ur de la r\u00e9volution e-sant\u00e9","url":"https:\/\/www.capgemini.com\/fr-fr\/actualites\/communiques-de-presse\/future4care-un-an-au-coeur-de-la-revolution-e-sante\/","mainEntityOfPage":{"@type":"WebPage","@id":"https:\/\/www.capgemini.com\/fr-fr\/actualites\/communiques-de-presse\/future4care-un-an-au-coeur-de-la-revolution-e-sante\/"},"thumbnailUrl":"","image":{"@type":"ImageObject","url":""},"articleSection":"Uncategorized","author":[],"creator":[],"publisher":{"@type":"Organization","name":"Capgemini France","logo":""},"keywords":[],"dateCreated":"2022-05-18T06:46:00Z","datePublished":"2022-05-18T06:46:00Z","dateModified":"2025-03-04T08:39:23Z"},"rendered":"<meta name=\"parsely-title\" content=\"Future4Care, un an au c\u0153ur de la r\u00e9volution e-sant\u00e9\" \/>\n<meta name=\"parsely-link\" content=\"https:\/\/www.capgemini.com\/fr-fr\/actualites\/communiques-de-presse\/future4care-un-an-au-coeur-de-la-revolution-e-sante\/\" \/>\n<meta name=\"parsely-type\" content=\"post\" \/>\n<meta name=\"parsely-pub-date\" content=\"2022-05-18T06:46:00Z\" \/>\n<meta name=\"parsely-section\" content=\"Uncategorized\" \/>","tracker_url":"https:\/\/cdn.parsely.com\/keys\/capgemini.com\/p.js"},"archive_status":false,"featured_image_src":"https:\/\/www.capgemini.com\/fr-fr\/wp-content\/themes\/capgemini2025\/assets\/images\/mockup.png","featured_image_alt":false,"jetpack_sharing_enabled":true,"distributor_meta":false,"distributor_terms":false,"distributor_media":false,"distributor_original_site_name":"Capgemini France","distributor_original_site_url":"https:\/\/www.capgemini.com\/fr-fr","push-errors":false,"tag_names":[],"_links":{"self":[{"href":"https:\/\/www.capgemini.com\/fr-fr\/wp-json\/wp\/v2\/press-release\/674331","targetHints":{"allow":["GET"]}}],"collection":[{"href":"https:\/\/www.capgemini.com\/fr-fr\/wp-json\/wp\/v2\/press-release"}],"about":[{"href":"https:\/\/www.capgemini.com\/fr-fr\/wp-json\/wp\/v2\/types\/press-release"}],"author":[{"embeddable":true,"href":"https:\/\/www.capgemini.com\/fr-fr\/wp-json\/wp\/v2\/users\/103"}],"version-history":[{"count":8,"href":"https:\/\/www.capgemini.com\/fr-fr\/wp-json\/wp\/v2\/press-release\/674331\/revisions"}],"predecessor-version":[{"id":777506,"href":"https:\/\/www.capgemini.com\/fr-fr\/wp-json\/wp\/v2\/press-release\/674331\/revisions\/777506"}],"wp:attachment":[{"href":"https:\/\/www.capgemini.com\/fr-fr\/wp-json\/wp\/v2\/media?parent=674331"}],"wp:term":[{"taxonomy":"post_tag","embeddable":true,"href":"https:\/\/www.capgemini.com\/fr-fr\/wp-json\/wp\/v2\/tags?post=674331"},{"taxonomy":"press-release-type","embeddable":true,"href":"https:\/\/www.capgemini.com\/fr-fr\/wp-json\/wp\/v2\/press-release-type?post=674331"},{"taxonomy":"brand","embeddable":true,"href":"https:\/\/www.capgemini.com\/fr-fr\/wp-json\/wp\/v2\/brand?post=674331"}],"curies":[{"name":"wp","href":"https:\/\/api.w.org\/{rel}","templated":true}]}}