{"id":669301,"date":"2021-03-08T06:03:00","date_gmt":"2021-03-08T06:03:00","guid":{"rendered":"https:\/\/www.capgemini.com\/fr-fr\/?post_type=press-release&#038;p=669301"},"modified":"2025-03-04T10:52:19","modified_gmt":"2025-03-04T09:52:19","slug":"le-groupe-everest-nomme-capgemini-leader-dans-les-applications-et-les-services-numeriques-dassurances-vie-et-de-retraite","status":"publish","type":"press-release","link":"https:\/\/www.capgemini.com\/fr-fr\/actualites\/communiques-de-presse\/le-groupe-everest-nomme-capgemini-leader-dans-les-applications-et-les-services-numeriques-dassurances-vie-et-de-retraite\/","title":{"rendered":"Le groupe Everest nomme Capgemini leader dans les applications et les services num\u00e9riques d\u2019assurances vie et de retraite"},"content":{"rendered":"\t\t<div class=\"wp-block-cg-blocks-hero-press-release\">\n\t\t\t<header class=\"header-hero-press-release\" role=\"main\" id=\"main-content-press-release\">\n\t\t\t\t<div class=\"container\">\n\t\t\t\t\t<div class=\"hero-press-release\">\n\t\t\t\t\t\t<div class=\"hero-press-release-content-wrapper\">\n\t\t\t\t\t\t\t<div class=\"row\">\n\t\t\t\t\t\t\t\t<div class=\"col-12\">\n\t\t\t\t\t\t\t\t\t<div class=\"header-title\">\n\t\t\t\t\t\t\t\t\t\t<h1>\n\t\t\t\t\t\t\t\t\t\t\tLe groupe Everest nomme Capgemini leader dans les applications et les services num\u00e9riques d\u2019assurances vie et de retraite\t\t\t\t\t\t\t\t\t\t<\/h1>\n\t\t\t\t\t\t\t\t\t<\/div>\n\t\t\t\t\t\t\t\t\t<div class=\"header-description\">\n\t\t\t\t\t\t\t\t\t\t<p><\/p>\n\t\t\t\t\t\t\t\t\t<\/div>\n\t\t\t\t\t\t\t\t\t\t\t\t\t\t\t\t\t\t<div class=\"header-date\">\n\t\t\t\t\t\t\t\t\t\t<span>mars 8, 2021<\/span>\n\t\t\t\t\t\t\t\t\t<\/div>\n\t\t\t\t\t\t\t\t<\/div>\n\t\t\t\t\t\t\t<\/div>\n\t\t\t\t\t\t<\/div>\n\t\t\t\t\t\t\t\t\t\t\t\t\t<div class=\"hero-press-release-downloads\">\n\t\t\t\t\t\t\t\t<div class=\"row\">\n\t\t\t\t\t\t\t\t\t\t\t\t\t\t\t\t\t\t\t<div class=\"col-12 col-md-6 col-lg-3\">\n\t\t\t\t\t\t\t\t\t\t\t<a class=\"download-item\" type=\"download\" href=\"https:\/\/www.capgemini.com\/fr-fr\/wp-content\/uploads\/sites\/6\/2022\/04\/03_08_Everest-Group-Leader-in-Insurance-for-Life-Annuities-4.pdf\" target=\"_blank\" rel=\"noopener noreferrer\" title=\"Ouvrir dans une nouvelle fen\u00eatre\">\n\t\t\t\t\t\t\t\t\t\t\t\t<div class=\"download-icon\"><\/div>\n\t\t\t\t\t\t\t\t\t\t\t\t<div class=\"download-details\">\n\t\t\t\t\t\t\t\t\t\t\t\t\t<div class=\"download-title\">Download press release<\/div>\n\t\t\t\t\t\t\t\t\t\t\t\t\t<div class=\"download-props\">141 KB  pdf<\/div>\n\t\t\t\t\t\t\t\t\t\t\t\t<\/div>\n\t\t\t\t\t\t\t\t\t\t\t<\/a>\n\t\t\t\t\t\t\t\t\t\t<\/div>\n\t\t\t\t\t\t\t\t\t\t\t\t\t\t\t\t\t\t<\/div>\n\t\t\t\t\t\t\t<\/div>\n\t\t\t\t\t\t\t\t\t\t\t\t\t\t\t\t\t<\/div>\n\t\t\t\t<\/div>\n\t\t\t<\/header>\n\t\t<\/div>\n\t\t\n\n\n<section class=\"wp-block-cg-blocks-intro-para undefined section section--intro\"><div class=\"intro-para\"><div class=\"container\"><div class=\"row\"><div class=\"col-12 col-md-1\"><nav class=\"article-social\"><ul class=\"social-nav\"><li class=\"ip-order-fb\"><a href=\"https:\/\/www.facebook.com\/sharer\/sharer.php?u=https:\/\/www.capgemini.com\/fr-fr\/actualites\/communiques-de-presse\/le-groupe-everest-nomme-capgemini-leader-dans-les-applications-et-les-services-numeriques-dassurances-vie-et-de-retraite\/\" target=\"_blank\" rel=\"noopener noreferrer\" title=\"Ouvrir dans une nouvelle fen\u00eatre\"><i aria-hidden=\"true\" class=\"icon-fb\"><\/i><span class=\"sr-only\">Facebook<\/span><\/a><\/li><li class=\"ip-order-li\"><a href=\"https:\/\/www.linkedin.com\/sharing\/share-offsite\/?url=https:\/\/www.capgemini.com\/fr-fr\/actualites\/communiques-de-presse\/le-groupe-everest-nomme-capgemini-leader-dans-les-applications-et-les-services-numeriques-dassurances-vie-et-de-retraite\/\" target=\"_blank\" rel=\"noopener noreferrer\" title=\"Ouvrir dans une nouvelle fen\u00eatre\"><i aria-hidden=\"true\" class=\"icon-li\"><\/i><span class=\"sr-only\">Linkedin<\/span><\/a><\/li><\/ul><\/nav><\/div><div class=\"col-12 col-md-11 col-lg-10\"><h2 class=\"intro-para-title\">Paris, le 8 mars 2021 \u2013 Capgemini annonce sa nomination en tant que leader des applications et des services num\u00e9riques (ADS) par le groupe Everest dans le domaine de l\u2019assurance vie et des retraites (L&amp;A), selon l\u2019\u00e9valuation PEAK Matrix\u00ae1 2021. Capgemini a \u00e9t\u00e9 reconnu comme tel pour sa vaste exp\u00e9rience dans le domaine, sa connaissance profonde du secteur, ses investissements cons\u00e9quents pour augmenter ses capacit\u00e9s de conseil, son impact significatif sur le march\u00e9 et son portefeuille complet de solutions. Tous ces \u00e9l\u00e9ments illustrent l\u2019\u00e9tendue et la profondeur des capacit\u00e9s d\u2019innovation de la soci\u00e9t\u00e9.<\/h2><\/div><\/div><\/div><\/div><\/section>\n\n\n<div class=\"wp-block-cg-blocks-cg-block-related-content\"><section class=\"relatedContentBlock\"><div class=\"container\"><div class=\"row\"><div class=\"content-title col-12 col-md-8\"><h2 class=\"related-content-heading\">Related News<\/h2><\/div><\/div><div class=\"row relatedContent\"><div class=\"col-lg-4 col-md-6 col-xs-12\">\n\t\t\t\t\t\t\t<div class=\"box\">\n\t\t\t\t\t\t\t\t<a aria-label=\"Lire la suite Chiffre d\u2019affaires du 1er trimestre 2026\" href=\"https:\/\/www.capgemini.com\/fr-fr\/actualites\/communiques-de-presse\/chiffre-daffaires-du-1er-trimestre-2026\/\" class=\"anchorWrapper\">\n\t\t\t\t\t\t\t\t\t<span class=\"box-tag\"><span>Actualit\u00e9s financi\u00e8res<\/span><\/span>\n\t\t\t\t\t\t\t\t\t<div class=\"box-title\"><h3 class=\"box-subtitle\">Chiffre d\u2019affaires du 1er trimestre 2026<\/h3><\/div>\n\t\t\t\t\t\t\t\t\t<div class=\"box-date\">\n\t\t\t\t\t\t\t\t\t\t<span>Apr 30, 2026<\/span>\n\t\t\t\t\t\t\t\t\t<\/div>\n\t\t\t\t\t\t\t\t\t<div class=\"box-bottom\">\n\t\t\t\t\t\t\t\t\t\t&lt;a class=&quot;link-download&quot; href=&quot;https:\/\/www.capgemini.com\/fr-fr\/wp-content\/uploads\/sites\/6\/2026\/04\/Capgemini_-_2026-04-30_-_Chiffre_d_affaires_du_1er_trimestre_2026.pdf&quot; aria-label=&quot;T\u00e9l\u00e9charger le communiqu\u00e9 de presse&quot; target=&quot;_blank&quot;  type=&quot;download&quot; title=&quot;Opens in a new window&quot;&gt;\n\t\t\t\t\t\t\t&lt;span&gt;T\u00e9l\u00e9charger le communiqu\u00e9 de presse&lt;\/span&gt;\n\t\t\t\t\t\t\t&lt;span&gt;237 KB PDF&lt;\/span&gt;\n\t\t\t\t\t\t&lt;\/a&gt;\n\t\t\t\t\t\t\t\t\t\t<a class=\"more\" aria-label=\"Lire la suite Chiffre d\u2019affaires du 1er trimestre 2026\" href=\"https:\/\/www.capgemini.com\/fr-fr\/actualites\/communiques-de-presse\/chiffre-daffaires-du-1er-trimestre-2026\/\">Lire la suite<\/a>\n\t\t\t\t\t\t\t\t\t<\/div>\n\t\t\t\t\t\t\t\t<\/a>\n\t\t\t\t\t\t\t<\/div>\n\t\t\t\t\t\t<\/div><div class=\"col-lg-4 col-md-6 col-xs-12\">\n\t\t\t\t\t\t\t<div class=\"box\">\n\t\t\t\t\t\t\t\t<a aria-label=\"Lire la suite Capgemini d\u00e9voile le Google Cloud AI Enterprise Hub pour acc\u00e9l\u00e9rer la transformation des entreprises gr\u00e2ce \u00e0 l\u2019IA agentique\" href=\"https:\/\/www.capgemini.com\/fr-fr\/actualites\/communiques-de-presse\/capgemini-devoile-le-google-cloud-ai-enterprise-hub-pour-accelerer-la-transformation-des-entreprises-vers-ia-agentique\/\" class=\"anchorWrapper\">\n\t\t\t\t\t\t\t\t\t<span class=\"box-tag\"><span>Partenariats<\/span><\/span>\n\t\t\t\t\t\t\t\t\t<div class=\"box-title\"><h3 class=\"box-subtitle\">Capgemini d\u00e9voile le Google Cloud AI Enterprise Hub pour acc\u00e9l\u00e9rer la transformation des entreprises gr\u00e2ce \u00e0 l\u2019IA agentique<\/h3><\/div>\n\t\t\t\t\t\t\t\t\t<div class=\"box-date\">\n\t\t\t\t\t\t\t\t\t\t<span>Apr 23, 2026<\/span>\n\t\t\t\t\t\t\t\t\t<\/div>\n\t\t\t\t\t\t\t\t\t<div class=\"box-bottom\">\n\t\t\t\t\t\t\t\t\t\t&lt;a class=&quot;link-download&quot; href=&quot;https:\/\/www.capgemini.com\/wp-content\/uploads\/2026\/04\/04_23_Capgemini-news-alert_Google-Cloud-AI-Enterprise-Hub.pdf&quot; aria-label=&quot;T\u00e9l\u00e9charger le communiqu\u00e9 de presse&quot; target=&quot;_blank&quot;  type=&quot;download&quot; title=&quot;Opens in a new window&quot;&gt;\n\t\t\t\t\t\t\t&lt;span&gt;T\u00e9l\u00e9charger le communiqu\u00e9 de presse&lt;\/span&gt;\n\t\t\t\t\t\t\t&lt;span&gt;143 KB PDF&lt;\/span&gt;\n\t\t\t\t\t\t&lt;\/a&gt;\n\t\t\t\t\t\t\t\t\t\t<a class=\"more\" aria-label=\"Lire la suite Capgemini d\u00e9voile le Google Cloud AI Enterprise Hub pour acc\u00e9l\u00e9rer la transformation des entreprises gr\u00e2ce \u00e0 l\u2019IA agentique\" href=\"https:\/\/www.capgemini.com\/fr-fr\/actualites\/communiques-de-presse\/capgemini-devoile-le-google-cloud-ai-enterprise-hub-pour-accelerer-la-transformation-des-entreprises-vers-ia-agentique\/\">Lire la suite<\/a>\n\t\t\t\t\t\t\t\t\t<\/div>\n\t\t\t\t\t\t\t\t<\/a>\n\t\t\t\t\t\t\t<\/div>\n\t\t\t\t\t\t<\/div><div class=\"col-lg-4 col-md-6 col-xs-12\">\n\t\t\t\t\t\t\t<div class=\"box\">\n\t\t\t\t\t\t\t\t<a aria-label=\"Lire la suite La r\u00e9industrialisation entre dans une phase plus s\u00e9lective et strat\u00e9gique en Europe et aux \u00c9tats Unis\" href=\"https:\/\/www.capgemini.com\/fr-fr\/actualites\/communiques-de-presse\/la-reindustrialisation-entre-dans-une-phase-plus-selective-et-strategique-en-europe-et-aux-etats-unis\/\" class=\"anchorWrapper\">\n\t\t\t\t\t\t\t\t\t<span class=\"box-tag\"><span>Publications<\/span><\/span>\n\t\t\t\t\t\t\t\t\t<div class=\"box-title\"><h3 class=\"box-subtitle\">La r\u00e9industrialisation entre dans une phase plus s\u00e9lective et strat\u00e9gique en Europe et aux \u00c9tats Unis<\/h3><\/div>\n\t\t\t\t\t\t\t\t\t<div class=\"box-date\">\n\t\t\t\t\t\t\t\t\t\t<span>Apr 20, 2026<\/span>\n\t\t\t\t\t\t\t\t\t<\/div>\n\t\t\t\t\t\t\t\t\t<div class=\"box-bottom\">\n\t\t\t\t\t\t\t\t\t\t&lt;a class=&quot;link-download&quot; href=&quot;https:\/\/www.capgemini.com\/fr-fr\/wp-content\/uploads\/sites\/6\/2026\/04\/2026_04_20_Capgemini_Reindustrialisation-of-Europe-and-the-US-report_3rd-edition_press-release_FR.pdf&quot; aria-label=&quot;T\u00e9l\u00e9charger le communiqu\u00e9 de presse&quot; target=&quot;_blank&quot;  type=&quot;download&quot; title=&quot;Opens in a new window&quot;&gt;\n\t\t\t\t\t\t\t&lt;span&gt;T\u00e9l\u00e9charger le communiqu\u00e9 de presse&lt;\/span&gt;\n\t\t\t\t\t\t\t&lt;span&gt;163 KB PDF&lt;\/span&gt;\n\t\t\t\t\t\t&lt;\/a&gt;\n\t\t\t\t\t\t\t\t\t\t<a class=\"more\" aria-label=\"Lire la suite La r\u00e9industrialisation entre dans une phase plus s\u00e9lective et strat\u00e9gique en Europe et aux \u00c9tats Unis\" href=\"https:\/\/www.capgemini.com\/fr-fr\/actualites\/communiques-de-presse\/la-reindustrialisation-entre-dans-une-phase-plus-selective-et-strategique-en-europe-et-aux-etats-unis\/\">Lire la suite<\/a>\n\t\t\t\t\t\t\t\t\t<\/div>\n\t\t\t\t\t\t\t\t<\/a>\n\t\t\t\t\t\t\t<\/div>\n\t\t\t\t\t\t<\/div><\/div><\/div><\/section><\/div>","protected":false},"excerpt":{"rendered":"","protected":false},"author":103,"featured_media":0,"template":"","meta":{"cg_dt_proposed_to":[],"cg_seo_hreflang_relations":"[]","cg_seo_canonical_relation":"{\"uuid\":\"95a273bb-d299-4afd-90d3-5d92b748b0c4\",\"blogId\":\"\",\"domain\":\"\",\"sitePath\":\"\",\"postLink\":\"\",\"postId\":null,\"isSaved\":true,\"isCrossLink\":false,\"hasCrossLink\":false}","cg_seo_hreflang_x_default_relation":"{\"uuid\":\"4a3aadb7-c6c0-4cce-a060-aa588ef5b69d\",\"blogId\":\"\",\"domain\":\"\",\"sitePath\":\"\",\"postLink\":\"\",\"postId\":null,\"isSaved\":true,\"isCrossLink\":false,\"hasCrossLink\":false}","cg_dt_approved_content":true,"cg_dt_mandatory_content":false,"cg_dt_notes":"","cg_dg_source_changed":false,"cg_dt_link_disabled":false,"footnotes":"","related_resource_url":"https:\/\/www.capgemini.com\/fr-fr\/wp-content\/uploads\/sites\/6\/2022\/04\/03_08_Everest-Group-Leader-in-Insurance-for-Life-Annuities-4.pdf","related_resource_id":669302,"related_resource_size":"141 KB","related_resource_type":"pdf","cg_author":0,"featured_focal_points":""},"tags":[],"press-release-type":[],"brand":[],"class_list":["post-669301","press-release","type-press-release","status-publish","hentry"],"yoast_head":"<!-- This site is optimized with the Yoast SEO Premium plugin v22.8 (Yoast SEO v22.8) - https:\/\/yoast.com\/wordpress\/plugins\/seo\/ -->\n<title>Le groupe Everest nomme Capgemini leader dans les applications et les services num\u00e9riques d\u2019assurances vie et de retraite - Capgemini France<\/title>\n<meta name=\"robots\" content=\"index, follow, max-snippet:-1, max-image-preview:large, max-video-preview:-1\" \/>\n<link rel=\"canonical\" href=\"https:\/\/www.capgemini.com\/fr-fr\/actualites\/communiques-de-presse\/le-groupe-everest-nomme-capgemini-leader-dans-les-applications-et-les-services-numeriques-dassurances-vie-et-de-retraite\/\" \/>\n<meta property=\"og:locale\" content=\"fr_FR\" \/>\n<meta property=\"og:type\" content=\"article\" \/>\n<meta property=\"og:title\" content=\"Le groupe Everest nomme Capgemini leader dans les applications et les services num\u00e9riques d\u2019assurances vie et de retraite\" \/>\n<meta property=\"og:url\" content=\"https:\/\/www.capgemini.com\/fr-fr\/actualites\/communiques-de-presse\/le-groupe-everest-nomme-capgemini-leader-dans-les-applications-et-les-services-numeriques-dassurances-vie-et-de-retraite\/\" \/>\n<meta property=\"og:site_name\" content=\"Capgemini France\" \/>\n<meta property=\"article:modified_time\" content=\"2025-03-04T09:52:19+00:00\" \/>\n<meta property=\"og:image\" content=\"https:\/\/www.capgemini.com\/fr-fr\/wp-content\/uploads\/sites\/6\/2025\/10\/image-1.jpg\" \/>\n\t<meta property=\"og:image:width\" content=\"1200\" \/>\n\t<meta property=\"og:image:height\" content=\"627\" \/>\n\t<meta property=\"og:image:type\" content=\"image\/jpeg\" \/>\n<meta name=\"twitter:card\" content=\"summary_large_image\" \/>\n<meta name=\"twitter:label1\" content=\"Est. reading time\" \/>\n\t<meta name=\"twitter:data1\" content=\"1 minute\" \/>\n<script type=\"application\/ld+json\" class=\"yoast-schema-graph\">{\"@context\":\"https:\/\/schema.org\",\"@graph\":[{\"@type\":\"WebPage\",\"@id\":\"https:\/\/www.capgemini.com\/fr-fr\/actualites\/communiques-de-presse\/le-groupe-everest-nomme-capgemini-leader-dans-les-applications-et-les-services-numeriques-dassurances-vie-et-de-retraite\/\",\"url\":\"https:\/\/www.capgemini.com\/fr-fr\/actualites\/communiques-de-presse\/le-groupe-everest-nomme-capgemini-leader-dans-les-applications-et-les-services-numeriques-dassurances-vie-et-de-retraite\/\",\"name\":\"Le groupe Everest nomme Capgemini leader dans les applications et les services num\u00e9riques d\u2019assurances vie et de retraite - Capgemini France\",\"isPartOf\":{\"@id\":\"https:\/\/www.capgemini.com\/fr-fr\/#website\"},\"datePublished\":\"2021-03-08T06:03:00+00:00\",\"dateModified\":\"2025-03-04T09:52:19+00:00\",\"breadcrumb\":{\"@id\":\"https:\/\/www.capgemini.com\/fr-fr\/actualites\/communiques-de-presse\/le-groupe-everest-nomme-capgemini-leader-dans-les-applications-et-les-services-numeriques-dassurances-vie-et-de-retraite\/#breadcrumb\"},\"inLanguage\":\"fr-FR\",\"potentialAction\":[{\"@type\":\"ReadAction\",\"target\":[\"https:\/\/www.capgemini.com\/fr-fr\/actualites\/communiques-de-presse\/le-groupe-everest-nomme-capgemini-leader-dans-les-applications-et-les-services-numeriques-dassurances-vie-et-de-retraite\/\"]}]},{\"@type\":\"BreadcrumbList\",\"@id\":\"https:\/\/www.capgemini.com\/fr-fr\/actualites\/communiques-de-presse\/le-groupe-everest-nomme-capgemini-leader-dans-les-applications-et-les-services-numeriques-dassurances-vie-et-de-retraite\/#breadcrumb\",\"itemListElement\":[{\"@type\":\"ListItem\",\"position\":1,\"name\":\"Press Releases\",\"item\":\"https:\/\/www.capgemini.com\/fr-fr\/news\/\"},{\"@type\":\"ListItem\",\"position\":2,\"name\":\"Le groupe Everest nomme Capgemini leader dans les applications et les services num\u00e9riques d\u2019assurances vie et de retraite\"}]},{\"@type\":\"WebSite\",\"@id\":\"https:\/\/www.capgemini.com\/fr-fr\/#website\",\"url\":\"https:\/\/www.capgemini.com\/fr-fr\/\",\"name\":\"Capgemini France\",\"description\":\"Just another www.capgemini.com site\",\"publisher\":{\"@id\":\"https:\/\/www.capgemini.com\/fr-fr\/#organization\"},\"potentialAction\":[{\"@type\":\"SearchAction\",\"target\":{\"@type\":\"EntryPoint\",\"urlTemplate\":\"https:\/\/www.capgemini.com\/fr-fr\/?s={search_term_string}\"},\"query-input\":\"required name=search_term_string\"}],\"inLanguage\":\"fr-FR\"},{\"@type\":\"Organization\",\"@id\":\"https:\/\/www.capgemini.com\/fr-fr\/#organization\",\"name\":\"Capgemini France\",\"url\":\"https:\/\/www.capgemini.com\/fr-fr\/\",\"logo\":{\"@type\":\"ImageObject\",\"inLanguage\":\"fr-FR\",\"@id\":\"https:\/\/www.capgemini.com\/fr-fr\/#\/schema\/logo\/image\/\",\"url\":\"https:\/\/www.capgemini.com\/fr-fr\/wp-content\/uploads\/sites\/6\/2022\/08\/Logo-Capgemini.png\",\"contentUrl\":\"https:\/\/www.capgemini.com\/fr-fr\/wp-content\/uploads\/sites\/6\/2022\/08\/Logo-Capgemini.png\",\"width\":202,\"height\":60,\"caption\":\"Capgemini France\"},\"image\":{\"@id\":\"https:\/\/www.capgemini.com\/fr-fr\/#\/schema\/logo\/image\/\"}}]}<\/script>\n<!-- \/ Yoast SEO Premium plugin. -->","yoast_head_json":{"title":"Le groupe Everest nomme Capgemini leader dans les applications et les services num\u00e9riques d\u2019assurances vie et de retraite - Capgemini France","robots":{"index":"index","follow":"follow","max-snippet":"max-snippet:-1","max-image-preview":"max-image-preview:large","max-video-preview":"max-video-preview:-1"},"canonical":"https:\/\/www.capgemini.com\/fr-fr\/actualites\/communiques-de-presse\/le-groupe-everest-nomme-capgemini-leader-dans-les-applications-et-les-services-numeriques-dassurances-vie-et-de-retraite\/","og_locale":"fr_FR","og_type":"article","og_title":"Le groupe Everest nomme Capgemini leader dans les applications et les services num\u00e9riques d\u2019assurances vie et de retraite","og_url":"https:\/\/www.capgemini.com\/fr-fr\/actualites\/communiques-de-presse\/le-groupe-everest-nomme-capgemini-leader-dans-les-applications-et-les-services-numeriques-dassurances-vie-et-de-retraite\/","og_site_name":"Capgemini France","article_modified_time":"2025-03-04T09:52:19+00:00","og_image":[{"width":1200,"height":627,"url":"https:\/\/www.capgemini.com\/fr-fr\/wp-content\/uploads\/sites\/6\/2025\/10\/image-1.jpg","type":"image\/jpeg"}],"twitter_card":"summary_large_image","twitter_misc":{"Est. reading time":"1 minute"},"schema":{"@context":"https:\/\/schema.org","@graph":[{"@type":"WebPage","@id":"https:\/\/www.capgemini.com\/fr-fr\/actualites\/communiques-de-presse\/le-groupe-everest-nomme-capgemini-leader-dans-les-applications-et-les-services-numeriques-dassurances-vie-et-de-retraite\/","url":"https:\/\/www.capgemini.com\/fr-fr\/actualites\/communiques-de-presse\/le-groupe-everest-nomme-capgemini-leader-dans-les-applications-et-les-services-numeriques-dassurances-vie-et-de-retraite\/","name":"Le groupe Everest nomme Capgemini leader dans les applications et les services num\u00e9riques d\u2019assurances vie et de retraite - Capgemini France","isPartOf":{"@id":"https:\/\/www.capgemini.com\/fr-fr\/#website"},"datePublished":"2021-03-08T06:03:00+00:00","dateModified":"2025-03-04T09:52:19+00:00","breadcrumb":{"@id":"https:\/\/www.capgemini.com\/fr-fr\/actualites\/communiques-de-presse\/le-groupe-everest-nomme-capgemini-leader-dans-les-applications-et-les-services-numeriques-dassurances-vie-et-de-retraite\/#breadcrumb"},"inLanguage":"fr-FR","potentialAction":[{"@type":"ReadAction","target":["https:\/\/www.capgemini.com\/fr-fr\/actualites\/communiques-de-presse\/le-groupe-everest-nomme-capgemini-leader-dans-les-applications-et-les-services-numeriques-dassurances-vie-et-de-retraite\/"]}]},{"@type":"BreadcrumbList","@id":"https:\/\/www.capgemini.com\/fr-fr\/actualites\/communiques-de-presse\/le-groupe-everest-nomme-capgemini-leader-dans-les-applications-et-les-services-numeriques-dassurances-vie-et-de-retraite\/#breadcrumb","itemListElement":[{"@type":"ListItem","position":1,"name":"Press Releases","item":"https:\/\/www.capgemini.com\/fr-fr\/news\/"},{"@type":"ListItem","position":2,"name":"Le groupe Everest nomme Capgemini leader dans les applications et les services num\u00e9riques d\u2019assurances vie et de retraite"}]},{"@type":"WebSite","@id":"https:\/\/www.capgemini.com\/fr-fr\/#website","url":"https:\/\/www.capgemini.com\/fr-fr\/","name":"Capgemini France","description":"Just another www.capgemini.com site","publisher":{"@id":"https:\/\/www.capgemini.com\/fr-fr\/#organization"},"potentialAction":[{"@type":"SearchAction","target":{"@type":"EntryPoint","urlTemplate":"https:\/\/www.capgemini.com\/fr-fr\/?s={search_term_string}"},"query-input":"required name=search_term_string"}],"inLanguage":"fr-FR"},{"@type":"Organization","@id":"https:\/\/www.capgemini.com\/fr-fr\/#organization","name":"Capgemini France","url":"https:\/\/www.capgemini.com\/fr-fr\/","logo":{"@type":"ImageObject","inLanguage":"fr-FR","@id":"https:\/\/www.capgemini.com\/fr-fr\/#\/schema\/logo\/image\/","url":"https:\/\/www.capgemini.com\/fr-fr\/wp-content\/uploads\/sites\/6\/2022\/08\/Logo-Capgemini.png","contentUrl":"https:\/\/www.capgemini.com\/fr-fr\/wp-content\/uploads\/sites\/6\/2022\/08\/Logo-Capgemini.png","width":202,"height":60,"caption":"Capgemini France"},"image":{"@id":"https:\/\/www.capgemini.com\/fr-fr\/#\/schema\/logo\/image\/"}}]}},"parsely":{"version":"1.1.0","canonical_url":"https:\/\/capgemini.com\/fr-fr\/actualites\/communiques-de-presse\/le-groupe-everest-nomme-capgemini-leader-dans-les-applications-et-les-services-numeriques-dassurances-vie-et-de-retraite\/","smart_links":{"inbound":0,"outbound":0},"traffic_boost_suggestions_count":0,"meta":{"@context":"https:\/\/schema.org","@type":"NewsArticle","headline":"Le groupe Everest nomme Capgemini leader dans les applications et les services num\u00e9riques d\u2019assurances vie et de retraite","url":"https:\/\/www.capgemini.com\/fr-fr\/actualites\/communiques-de-presse\/le-groupe-everest-nomme-capgemini-leader-dans-les-applications-et-les-services-numeriques-dassurances-vie-et-de-retraite\/","mainEntityOfPage":{"@type":"WebPage","@id":"https:\/\/www.capgemini.com\/fr-fr\/actualites\/communiques-de-presse\/le-groupe-everest-nomme-capgemini-leader-dans-les-applications-et-les-services-numeriques-dassurances-vie-et-de-retraite\/"},"thumbnailUrl":"","image":{"@type":"ImageObject","url":""},"articleSection":"Uncategorized","author":[],"creator":[],"publisher":{"@type":"Organization","name":"Capgemini France","logo":""},"keywords":[],"dateCreated":"2021-03-08T06:03:00Z","datePublished":"2021-03-08T06:03:00Z","dateModified":"2025-03-04T09:52:19Z"},"rendered":"<meta name=\"parsely-title\" content=\"Le groupe Everest nomme Capgemini leader dans les applications et les services num\u00e9riques d\u2019assurances vie et de retraite\" \/>\n<meta name=\"parsely-link\" content=\"https:\/\/www.capgemini.com\/fr-fr\/actualites\/communiques-de-presse\/le-groupe-everest-nomme-capgemini-leader-dans-les-applications-et-les-services-numeriques-dassurances-vie-et-de-retraite\/\" \/>\n<meta name=\"parsely-type\" content=\"post\" \/>\n<meta name=\"parsely-pub-date\" content=\"2021-03-08T06:03:00Z\" \/>\n<meta name=\"parsely-section\" content=\"Uncategorized\" \/>","tracker_url":"https:\/\/cdn.parsely.com\/keys\/capgemini.com\/p.js"},"archive_status":false,"featured_image_src":"https:\/\/www.capgemini.com\/fr-fr\/wp-content\/themes\/capgemini2025\/assets\/images\/mockup.png","featured_image_alt":false,"jetpack_sharing_enabled":true,"distributor_meta":false,"distributor_terms":false,"distributor_media":false,"distributor_original_site_name":"Capgemini France","distributor_original_site_url":"https:\/\/www.capgemini.com\/fr-fr","push-errors":false,"tag_names":[],"_links":{"self":[{"href":"https:\/\/www.capgemini.com\/fr-fr\/wp-json\/wp\/v2\/press-release\/669301","targetHints":{"allow":["GET"]}}],"collection":[{"href":"https:\/\/www.capgemini.com\/fr-fr\/wp-json\/wp\/v2\/press-release"}],"about":[{"href":"https:\/\/www.capgemini.com\/fr-fr\/wp-json\/wp\/v2\/types\/press-release"}],"author":[{"embeddable":true,"href":"https:\/\/www.capgemini.com\/fr-fr\/wp-json\/wp\/v2\/users\/103"}],"version-history":[{"count":6,"href":"https:\/\/www.capgemini.com\/fr-fr\/wp-json\/wp\/v2\/press-release\/669301\/revisions"}],"predecessor-version":[{"id":777906,"href":"https:\/\/www.capgemini.com\/fr-fr\/wp-json\/wp\/v2\/press-release\/669301\/revisions\/777906"}],"wp:attachment":[{"href":"https:\/\/www.capgemini.com\/fr-fr\/wp-json\/wp\/v2\/media?parent=669301"}],"wp:term":[{"taxonomy":"post_tag","embeddable":true,"href":"https:\/\/www.capgemini.com\/fr-fr\/wp-json\/wp\/v2\/tags?post=669301"},{"taxonomy":"press-release-type","embeddable":true,"href":"https:\/\/www.capgemini.com\/fr-fr\/wp-json\/wp\/v2\/press-release-type?post=669301"},{"taxonomy":"brand","embeddable":true,"href":"https:\/\/www.capgemini.com\/fr-fr\/wp-json\/wp\/v2\/brand?post=669301"}],"curies":[{"name":"wp","href":"https:\/\/api.w.org\/{rel}","templated":true}]}}