{"id":668764,"date":"2019-12-03T21:27:00","date_gmt":"2019-12-03T21:27:00","guid":{"rendered":"https:\/\/www.capgemini.com\/fr-fr\/?post_type=press-release&#038;p=668764"},"modified":"2025-03-05T04:02:44","modified_gmt":"2025-03-05T03:02:44","slug":"sommet-mondial-sur-le-climat-2019-capgemini-presentera-sa-reflexion-sur-la-maniere-dont-les-organisations-doivent-innover-pour-atteindre-lobjectif-dune-economie-a-zero-emission-nette-de-c","status":"publish","type":"press-release","link":"https:\/\/www.capgemini.com\/fr-fr\/actualites\/communiques-de-presse\/sommet-mondial-sur-le-climat-2019-capgemini-presentera-sa-reflexion-sur-la-maniere-dont-les-organisations-doivent-innover-pour-atteindre-lobjectif-dune-economie-a-zero-emission-nette-de-c\/","title":{"rendered":"Sommet mondial sur le climat 2019 : Capgemini pr\u00e9sentera sa r\u00e9flexion sur la mani\u00e8re dont les organisations doivent innover pour atteindre l\u2019objectif d\u2019une \u00e9conomie \u00e0 z\u00e9ro \u00e9mission nette de CO2"},"content":{"rendered":"\t\t<div class=\"wp-block-cg-blocks-hero-press-release\">\n\t\t\t<header class=\"header-hero-press-release\" role=\"main\" id=\"main-content-press-release\">\n\t\t\t\t<div class=\"container\">\n\t\t\t\t\t<div class=\"hero-press-release\">\n\t\t\t\t\t\t<div class=\"hero-press-release-content-wrapper\">\n\t\t\t\t\t\t\t<div class=\"row\">\n\t\t\t\t\t\t\t\t<div class=\"col-12\">\n\t\t\t\t\t\t\t\t\t<div class=\"header-title\">\n\t\t\t\t\t\t\t\t\t\t<h1>\n\t\t\t\t\t\t\t\t\t\t\tSommet mondial sur le climat 2019 : Capgemini pr\u00e9sentera sa r\u00e9flexion sur la mani\u00e8re dont les organisations doivent innover pour atteindre l\u2019objectif d\u2019une \u00e9conomie \u00e0 z\u00e9ro \u00e9mission nette de CO2\t\t\t\t\t\t\t\t\t\t<\/h1>\n\t\t\t\t\t\t\t\t\t<\/div>\n\t\t\t\t\t\t\t\t\t<div class=\"header-description\">\n\t\t\t\t\t\t\t\t\t\t<p><\/p>\n\t\t\t\t\t\t\t\t\t<\/div>\n\t\t\t\t\t\t\t\t\t\t\t\t\t\t\t\t\t\t<div class=\"header-date\">\n\t\t\t\t\t\t\t\t\t\t<span>d\u00e9c. 3, 2019<\/span>\n\t\t\t\t\t\t\t\t\t<\/div>\n\t\t\t\t\t\t\t\t<\/div>\n\t\t\t\t\t\t\t<\/div>\n\t\t\t\t\t\t<\/div>\n\t\t\t\t\t\t\t\t\t\t\t\t\t<div class=\"hero-press-release-downloads\">\n\t\t\t\t\t\t\t\t<div class=\"row\">\n\t\t\t\t\t\t\t\t\t\t\t\t\t\t\t\t\t\t\t<div class=\"col-12 col-md-6 col-lg-3\">\n\t\t\t\t\t\t\t\t\t\t\t<a class=\"download-item\" type=\"download\" href=\"https:\/\/www.capgemini.com\/fr-fr\/wp-content\/uploads\/sites\/6\/2022\/04\/2019_12_3_Capgemini_World-Climate-Summit-Event-News-Alert-1.pdf\" target=\"_blank\" rel=\"noopener noreferrer\" title=\"Ouvrir dans une nouvelle fen\u00eatre\">\n\t\t\t\t\t\t\t\t\t\t\t\t<div class=\"download-icon\"><\/div>\n\t\t\t\t\t\t\t\t\t\t\t\t<div class=\"download-details\">\n\t\t\t\t\t\t\t\t\t\t\t\t\t<div class=\"download-title\">Download press release<\/div>\n\t\t\t\t\t\t\t\t\t\t\t\t\t<div class=\"download-props\">102 KB  pdf<\/div>\n\t\t\t\t\t\t\t\t\t\t\t\t<\/div>\n\t\t\t\t\t\t\t\t\t\t\t<\/a>\n\t\t\t\t\t\t\t\t\t\t<\/div>\n\t\t\t\t\t\t\t\t\t\t\t\t\t\t\t\t\t\t<\/div>\n\t\t\t\t\t\t\t<\/div>\n\t\t\t\t\t\t\t\t\t\t\t\t\t\t\t\t\t<\/div>\n\t\t\t\t<\/div>\n\t\t\t<\/header>\n\t\t<\/div>\n\t\t\n\n\n<section class=\"wp-block-cg-blocks-intro-para undefined section section--intro\"><div class=\"intro-para\"><div class=\"container\"><div class=\"row\"><div class=\"col-12 col-md-1\"><nav class=\"article-social\"><ul class=\"social-nav\"><li class=\"ip-order-fb\"><a href=\"https:\/\/www.facebook.com\/sharer\/sharer.php?u=https:\/\/www.capgemini.com\/fr-fr\/actualites\/communiques-de-presse\/sommet-mondial-sur-le-climat-2019-capgemini-presentera-sa-reflexion-sur-la-maniere-dont-les-organisations-doivent-innover-pour-atteindre-lobjectif-dune-economie-a-zero-emission-nette-de-c\/\" target=\"_blank\" rel=\"noopener noreferrer\" title=\"Ouvrir dans une nouvelle fen\u00eatre\"><i aria-hidden=\"true\" class=\"icon-fb\"><\/i><span class=\"sr-only\">Facebook<\/span><\/a><\/li><li class=\"ip-order-li\"><a href=\"https:\/\/www.linkedin.com\/sharing\/share-offsite\/?url=https:\/\/www.capgemini.com\/fr-fr\/actualites\/communiques-de-presse\/sommet-mondial-sur-le-climat-2019-capgemini-presentera-sa-reflexion-sur-la-maniere-dont-les-organisations-doivent-innover-pour-atteindre-lobjectif-dune-economie-a-zero-emission-nette-de-c\/\" target=\"_blank\" rel=\"noopener noreferrer\" title=\"Ouvrir dans une nouvelle fen\u00eatre\"><i aria-hidden=\"true\" class=\"icon-li\"><\/i><span class=\"sr-only\">Linkedin<\/span><\/a><\/li><\/ul><\/nav><\/div><div class=\"col-12 col-md-11 col-lg-10\"><h2 class=\"intro-para-title\">Paris, le 3 d\u00e9cembre 2019 \u2013 <a href=\"https:\/\/www.capgemini.com\/service\/invent\/\">Capgemini Invent<\/a>, entit\u00e9 du groupe <a href=\"https:\/\/www.capgemini.com\/\">Capgemini<\/a>, pr\u00e9sentera ses r\u00e9flexions sur la mani\u00e8re dont les entreprises peuvent transformer leur fa\u00e7on de fonctionner au sein de l\u2019\u00e9conomie mondiale au cours de la prochaine d\u00e9cennie pour r\u00e9pondre aux besoins du groupe d\u2019experts intergouvernemental sur l\u2019\u00e9volution du climat des Nations Unies (GIEC). En tant que premier partenaire mondial, Capgemini Invent sera rejoint par d\u2019autres organisations internationales au <a href=\"https:\/\/www.capgemini.com\/events\/wcs-2019\/\">Sommet Mondial sur le climat<\/a> \u00e0 Madrid le 8 d\u00e9cembre 2019.\u00a0Les discussions porteront sur les strat\u00e9gies visant \u00e0 atteindre une r\u00e9duction de 45% des \u00e9missions de gaz \u00e0 effet de serre pour 2030 et z\u00e9ro \u00e9mission nette de CO2 d\u2019ici le milieu du si\u00e8cle.<\/h2><\/div><\/div><\/div><\/div><\/section>\n\n\n\n<section class=\"wp-block-cg-blocks-group undefined section section--article-content\"><div class=\"article-main-content\"><div class=\"container\"><div class=\"row\"><div class=\"col-12 col-md-11 col-lg-10 offset-md-1 offset-lg-1\"><div class=\"article-text article-quote-text\">\n<p>p&gt;Ci-joint, le communiqu\u00e9 de presse en anglais.<\/p>\n<\/div><\/div><\/div><\/div><\/div><\/section>\n\n\n<div class=\"wp-block-cg-blocks-cg-block-related-content\"><section class=\"relatedContentBlock\"><div class=\"container\"><div class=\"row\"><div class=\"content-title col-12 col-md-8\"><h2 class=\"related-content-heading\">Related News<\/h2><\/div><\/div><div class=\"row relatedContent\"><div class=\"col-lg-4 col-md-6 col-xs-12\">\n\t\t\t\t\t\t\t<div class=\"box\">\n\t\t\t\t\t\t\t\t<a aria-label=\"Lire la suite Capgemini d\u00e9voile le Google Cloud AI Enterprise Hub pour acc\u00e9l\u00e9rer la transformation des entreprises gr\u00e2ce \u00e0 l\u2019IA agentique\" href=\"https:\/\/www.capgemini.com\/fr-fr\/actualites\/communiques-de-presse\/capgemini-devoile-le-google-cloud-ai-enterprise-hub-pour-accelerer-la-transformation-des-entreprises-vers-ia-agentique\/\" class=\"anchorWrapper\">\n\t\t\t\t\t\t\t\t\t<span class=\"box-tag\"><span>Partenariats<\/span><\/span>\n\t\t\t\t\t\t\t\t\t<div class=\"box-title\"><h3 class=\"box-subtitle\">Capgemini d\u00e9voile le Google Cloud AI Enterprise Hub pour acc\u00e9l\u00e9rer la transformation des entreprises gr\u00e2ce \u00e0 l\u2019IA agentique<\/h3><\/div>\n\t\t\t\t\t\t\t\t\t<div class=\"box-date\">\n\t\t\t\t\t\t\t\t\t\t<span>Apr 23, 2026<\/span>\n\t\t\t\t\t\t\t\t\t<\/div>\n\t\t\t\t\t\t\t\t\t<div class=\"box-bottom\">\n\t\t\t\t\t\t\t\t\t\t&lt;a class=&quot;link-download&quot; href=&quot;https:\/\/www.capgemini.com\/wp-content\/uploads\/2026\/04\/04_23_Capgemini-news-alert_Google-Cloud-AI-Enterprise-Hub.pdf&quot; aria-label=&quot;T\u00e9l\u00e9charger le communiqu\u00e9 de presse&quot; target=&quot;_blank&quot;  type=&quot;download&quot; title=&quot;Opens in a new window&quot;&gt;\n\t\t\t\t\t\t\t&lt;span&gt;T\u00e9l\u00e9charger le communiqu\u00e9 de presse&lt;\/span&gt;\n\t\t\t\t\t\t\t&lt;span&gt;143 KB PDF&lt;\/span&gt;\n\t\t\t\t\t\t&lt;\/a&gt;\n\t\t\t\t\t\t\t\t\t\t<a class=\"more\" aria-label=\"Lire la suite Capgemini d\u00e9voile le Google Cloud AI Enterprise Hub pour acc\u00e9l\u00e9rer la transformation des entreprises gr\u00e2ce \u00e0 l\u2019IA agentique\" href=\"https:\/\/www.capgemini.com\/fr-fr\/actualites\/communiques-de-presse\/capgemini-devoile-le-google-cloud-ai-enterprise-hub-pour-accelerer-la-transformation-des-entreprises-vers-ia-agentique\/\">Lire la suite<\/a>\n\t\t\t\t\t\t\t\t\t<\/div>\n\t\t\t\t\t\t\t\t<\/a>\n\t\t\t\t\t\t\t<\/div>\n\t\t\t\t\t\t<\/div><div class=\"col-lg-4 col-md-6 col-xs-12\">\n\t\t\t\t\t\t\t<div class=\"box\">\n\t\t\t\t\t\t\t\t<a aria-label=\"Lire la suite La r\u00e9industrialisation entre dans une phase plus s\u00e9lective et strat\u00e9gique en Europe et aux \u00c9tats Unis\" href=\"https:\/\/www.capgemini.com\/fr-fr\/actualites\/communiques-de-presse\/la-reindustrialisation-entre-dans-une-phase-plus-selective-et-strategique-en-europe-et-aux-etats-unis\/\" class=\"anchorWrapper\">\n\t\t\t\t\t\t\t\t\t<span class=\"box-tag\"><span>Publications<\/span><\/span>\n\t\t\t\t\t\t\t\t\t<div class=\"box-title\"><h3 class=\"box-subtitle\">La r\u00e9industrialisation entre dans une phase plus s\u00e9lective et strat\u00e9gique en Europe et aux \u00c9tats Unis<\/h3><\/div>\n\t\t\t\t\t\t\t\t\t<div class=\"box-date\">\n\t\t\t\t\t\t\t\t\t\t<span>Apr 20, 2026<\/span>\n\t\t\t\t\t\t\t\t\t<\/div>\n\t\t\t\t\t\t\t\t\t<div class=\"box-bottom\">\n\t\t\t\t\t\t\t\t\t\t&lt;a class=&quot;link-download&quot; href=&quot;https:\/\/www.capgemini.com\/fr-fr\/wp-content\/uploads\/sites\/6\/2026\/04\/2026_04_20_Capgemini_Reindustrialisation-of-Europe-and-the-US-report_3rd-edition_press-release_FR.pdf&quot; aria-label=&quot;T\u00e9l\u00e9charger le communiqu\u00e9 de presse&quot; target=&quot;_blank&quot;  type=&quot;download&quot; title=&quot;Opens in a new window&quot;&gt;\n\t\t\t\t\t\t\t&lt;span&gt;T\u00e9l\u00e9charger le communiqu\u00e9 de presse&lt;\/span&gt;\n\t\t\t\t\t\t\t&lt;span&gt;163 KB PDF&lt;\/span&gt;\n\t\t\t\t\t\t&lt;\/a&gt;\n\t\t\t\t\t\t\t\t\t\t<a class=\"more\" aria-label=\"Lire la suite La r\u00e9industrialisation entre dans une phase plus s\u00e9lective et strat\u00e9gique en Europe et aux \u00c9tats Unis\" href=\"https:\/\/www.capgemini.com\/fr-fr\/actualites\/communiques-de-presse\/la-reindustrialisation-entre-dans-une-phase-plus-selective-et-strategique-en-europe-et-aux-etats-unis\/\">Lire la suite<\/a>\n\t\t\t\t\t\t\t\t\t<\/div>\n\t\t\t\t\t\t\t\t<\/a>\n\t\t\t\t\t\t\t<\/div>\n\t\t\t\t\t\t<\/div><div class=\"col-lg-4 col-md-6 col-xs-12\">\n\t\t\t\t\t\t\t<div class=\"box\">\n\t\t\t\t\t\t\t\t<a aria-label=\"Lire la suite Deux tiers des organisations consid\u00e8rent l\u2019IA physique comme une priorit\u00e9 majeure pour les trois \u00e0 cinq prochaines ann\u00e9es\" href=\"https:\/\/www.capgemini.com\/fr-fr\/actualites\/communiques-de-presse\/deux-tiers-des-organisations-considerent-lia-physique-comme-une-priorite-majeure-pour-les-trois-a-cinq-prochaines-annees\/\" class=\"anchorWrapper\">\n\t\t\t\t\t\t\t\t\t<span class=\"box-tag\"><span>Publications<\/span><\/span>\n\t\t\t\t\t\t\t\t\t<div class=\"box-title\"><h3 class=\"box-subtitle\">Deux tiers des organisations consid\u00e8rent l\u2019IA physique comme une priorit\u00e9 majeure pour les trois \u00e0 cinq prochaines ann\u00e9es<\/h3><\/div>\n\t\t\t\t\t\t\t\t\t<div class=\"box-date\">\n\t\t\t\t\t\t\t\t\t\t<span>Apr 16, 2026<\/span>\n\t\t\t\t\t\t\t\t\t<\/div>\n\t\t\t\t\t\t\t\t\t<div class=\"box-bottom\">\n\t\t\t\t\t\t\t\t\t\t&lt;a class=&quot;link-download&quot; href=&quot;https:\/\/www.capgemini.com\/fr-fr\/wp-content\/uploads\/sites\/6\/2026\/04\/04_16_Physical-AI-CRI-report-press-release-FR.pdf&quot; aria-label=&quot;T\u00e9l\u00e9charger le communiqu\u00e9 de presse&quot; target=&quot;_blank&quot;  type=&quot;download&quot; title=&quot;Opens in a new window&quot;&gt;\n\t\t\t\t\t\t\t&lt;span&gt;T\u00e9l\u00e9charger le communiqu\u00e9 de presse&lt;\/span&gt;\n\t\t\t\t\t\t\t&lt;span&gt;196 KB PDF&lt;\/span&gt;\n\t\t\t\t\t\t&lt;\/a&gt;\n\t\t\t\t\t\t\t\t\t\t<a class=\"more\" aria-label=\"Lire la suite Deux tiers des organisations consid\u00e8rent l\u2019IA physique comme une priorit\u00e9 majeure pour les trois \u00e0 cinq prochaines ann\u00e9es\" href=\"https:\/\/www.capgemini.com\/fr-fr\/actualites\/communiques-de-presse\/deux-tiers-des-organisations-considerent-lia-physique-comme-une-priorite-majeure-pour-les-trois-a-cinq-prochaines-annees\/\">Lire la suite<\/a>\n\t\t\t\t\t\t\t\t\t<\/div>\n\t\t\t\t\t\t\t\t<\/a>\n\t\t\t\t\t\t\t<\/div>\n\t\t\t\t\t\t<\/div><\/div><\/div><\/section><\/div>","protected":false},"excerpt":{"rendered":"","protected":false},"author":103,"featured_media":0,"template":"","meta":{"cg_dt_proposed_to":[],"cg_seo_hreflang_relations":"[]","cg_seo_canonical_relation":"{\"uuid\":\"9e94dd01-2cab-4f79-a6f8-17e52f674397\",\"blogId\":\"\",\"domain\":\"\",\"sitePath\":\"\",\"postLink\":\"\",\"postId\":null,\"isSaved\":true,\"isCrossLink\":false,\"hasCrossLink\":false}","cg_seo_hreflang_x_default_relation":"{\"uuid\":\"d308e7c0-7e03-4cd8-ac82-31d0ab19e848\",\"blogId\":\"\",\"domain\":\"\",\"sitePath\":\"\",\"postLink\":\"\",\"postId\":null,\"isSaved\":true,\"isCrossLink\":false,\"hasCrossLink\":false}","cg_dt_approved_content":true,"cg_dt_mandatory_content":false,"cg_dt_notes":"","cg_dg_source_changed":false,"cg_dt_link_disabled":false,"footnotes":"","related_resource_url":"https:\/\/www.capgemini.com\/fr-fr\/wp-content\/uploads\/sites\/6\/2022\/04\/2019_12_3_Capgemini_World-Climate-Summit-Event-News-Alert-1.pdf","related_resource_id":668766,"related_resource_size":"102 KB","related_resource_type":"pdf","cg_author":0,"featured_focal_points":""},"tags":[],"press-release-type":[],"brand":[],"class_list":["post-668764","press-release","type-press-release","status-publish","hentry"],"yoast_head":"<!-- This site is optimized with the Yoast SEO Premium plugin v22.8 (Yoast SEO v22.8) - https:\/\/yoast.com\/wordpress\/plugins\/seo\/ -->\n<title>Sommet mondial sur le climat 2019 : Capgemini pr\u00e9sentera sa r\u00e9flexion sur la mani\u00e8re dont les organisations doivent innover pour atteindre l\u2019objectif d\u2019une \u00e9conomie \u00e0 z\u00e9ro \u00e9mission nette de CO2 - Capgemini France<\/title>\n<meta name=\"robots\" content=\"index, follow, max-snippet:-1, max-image-preview:large, max-video-preview:-1\" \/>\n<link rel=\"canonical\" href=\"https:\/\/www.capgemini.com\/fr-fr\/actualites\/communiques-de-presse\/sommet-mondial-sur-le-climat-2019-capgemini-presentera-sa-reflexion-sur-la-maniere-dont-les-organisations-doivent-innover-pour-atteindre-lobjectif-dune-economie-a-zero-emission-nette-de-c\/\" \/>\n<meta property=\"og:locale\" content=\"fr_FR\" \/>\n<meta property=\"og:type\" content=\"article\" \/>\n<meta property=\"og:title\" content=\"Sommet mondial sur le climat 2019 : Capgemini pr\u00e9sentera sa r\u00e9flexion sur la mani\u00e8re dont les organisations doivent innover pour atteindre l\u2019objectif d\u2019une \u00e9conomie \u00e0 z\u00e9ro \u00e9mission nette de CO2\" \/>\n<meta property=\"og:url\" content=\"https:\/\/www.capgemini.com\/fr-fr\/actualites\/communiques-de-presse\/sommet-mondial-sur-le-climat-2019-capgemini-presentera-sa-reflexion-sur-la-maniere-dont-les-organisations-doivent-innover-pour-atteindre-lobjectif-dune-economie-a-zero-emission-nette-de-c\/\" \/>\n<meta property=\"og:site_name\" content=\"Capgemini France\" \/>\n<meta property=\"article:modified_time\" content=\"2025-03-05T03:02:44+00:00\" \/>\n<meta property=\"og:image\" content=\"https:\/\/www.capgemini.com\/fr-fr\/wp-content\/uploads\/sites\/6\/2025\/10\/image-1.jpg\" \/>\n\t<meta property=\"og:image:width\" content=\"1200\" \/>\n\t<meta property=\"og:image:height\" content=\"627\" \/>\n\t<meta property=\"og:image:type\" content=\"image\/jpeg\" \/>\n<meta name=\"twitter:card\" content=\"summary_large_image\" \/>\n<meta name=\"twitter:label1\" content=\"Est. reading time\" \/>\n\t<meta name=\"twitter:data1\" content=\"1 minute\" \/>\n<script type=\"application\/ld+json\" class=\"yoast-schema-graph\">{\"@context\":\"https:\/\/schema.org\",\"@graph\":[{\"@type\":\"WebPage\",\"@id\":\"https:\/\/www.capgemini.com\/fr-fr\/actualites\/communiques-de-presse\/sommet-mondial-sur-le-climat-2019-capgemini-presentera-sa-reflexion-sur-la-maniere-dont-les-organisations-doivent-innover-pour-atteindre-lobjectif-dune-economie-a-zero-emission-nette-de-c\/\",\"url\":\"https:\/\/www.capgemini.com\/fr-fr\/actualites\/communiques-de-presse\/sommet-mondial-sur-le-climat-2019-capgemini-presentera-sa-reflexion-sur-la-maniere-dont-les-organisations-doivent-innover-pour-atteindre-lobjectif-dune-economie-a-zero-emission-nette-de-c\/\",\"name\":\"Sommet mondial sur le climat 2019 : Capgemini pr\u00e9sentera sa r\u00e9flexion sur la mani\u00e8re dont les organisations doivent innover pour atteindre l\u2019objectif d\u2019une \u00e9conomie \u00e0 z\u00e9ro \u00e9mission nette de CO2 - Capgemini France\",\"isPartOf\":{\"@id\":\"https:\/\/www.capgemini.com\/fr-fr\/#website\"},\"datePublished\":\"2019-12-03T21:27:00+00:00\",\"dateModified\":\"2025-03-05T03:02:44+00:00\",\"breadcrumb\":{\"@id\":\"https:\/\/www.capgemini.com\/fr-fr\/actualites\/communiques-de-presse\/sommet-mondial-sur-le-climat-2019-capgemini-presentera-sa-reflexion-sur-la-maniere-dont-les-organisations-doivent-innover-pour-atteindre-lobjectif-dune-economie-a-zero-emission-nette-de-c\/#breadcrumb\"},\"inLanguage\":\"fr-FR\",\"potentialAction\":[{\"@type\":\"ReadAction\",\"target\":[\"https:\/\/www.capgemini.com\/fr-fr\/actualites\/communiques-de-presse\/sommet-mondial-sur-le-climat-2019-capgemini-presentera-sa-reflexion-sur-la-maniere-dont-les-organisations-doivent-innover-pour-atteindre-lobjectif-dune-economie-a-zero-emission-nette-de-c\/\"]}]},{\"@type\":\"BreadcrumbList\",\"@id\":\"https:\/\/www.capgemini.com\/fr-fr\/actualites\/communiques-de-presse\/sommet-mondial-sur-le-climat-2019-capgemini-presentera-sa-reflexion-sur-la-maniere-dont-les-organisations-doivent-innover-pour-atteindre-lobjectif-dune-economie-a-zero-emission-nette-de-c\/#breadcrumb\",\"itemListElement\":[{\"@type\":\"ListItem\",\"position\":1,\"name\":\"Press Releases\",\"item\":\"https:\/\/www.capgemini.com\/fr-fr\/news\/\"},{\"@type\":\"ListItem\",\"position\":2,\"name\":\"Sommet mondial sur le climat 2019 : Capgemini pr\u00e9sentera sa r\u00e9flexion sur la mani\u00e8re dont les organisations doivent innover pour atteindre l\u2019objectif d\u2019une \u00e9conomie \u00e0 z\u00e9ro \u00e9mission nette de CO2\"}]},{\"@type\":\"WebSite\",\"@id\":\"https:\/\/www.capgemini.com\/fr-fr\/#website\",\"url\":\"https:\/\/www.capgemini.com\/fr-fr\/\",\"name\":\"Capgemini France\",\"description\":\"Just another www.capgemini.com site\",\"publisher\":{\"@id\":\"https:\/\/www.capgemini.com\/fr-fr\/#organization\"},\"potentialAction\":[{\"@type\":\"SearchAction\",\"target\":{\"@type\":\"EntryPoint\",\"urlTemplate\":\"https:\/\/www.capgemini.com\/fr-fr\/?s={search_term_string}\"},\"query-input\":\"required name=search_term_string\"}],\"inLanguage\":\"fr-FR\"},{\"@type\":\"Organization\",\"@id\":\"https:\/\/www.capgemini.com\/fr-fr\/#organization\",\"name\":\"Capgemini France\",\"url\":\"https:\/\/www.capgemini.com\/fr-fr\/\",\"logo\":{\"@type\":\"ImageObject\",\"inLanguage\":\"fr-FR\",\"@id\":\"https:\/\/www.capgemini.com\/fr-fr\/#\/schema\/logo\/image\/\",\"url\":\"https:\/\/www.capgemini.com\/fr-fr\/wp-content\/uploads\/sites\/6\/2022\/08\/Logo-Capgemini.png\",\"contentUrl\":\"https:\/\/www.capgemini.com\/fr-fr\/wp-content\/uploads\/sites\/6\/2022\/08\/Logo-Capgemini.png\",\"width\":202,\"height\":60,\"caption\":\"Capgemini France\"},\"image\":{\"@id\":\"https:\/\/www.capgemini.com\/fr-fr\/#\/schema\/logo\/image\/\"}}]}<\/script>\n<!-- \/ Yoast SEO Premium plugin. -->","yoast_head_json":{"title":"Sommet mondial sur le climat 2019 : Capgemini pr\u00e9sentera sa r\u00e9flexion sur la mani\u00e8re dont les organisations doivent innover pour atteindre l\u2019objectif d\u2019une \u00e9conomie \u00e0 z\u00e9ro \u00e9mission nette de CO2 - Capgemini France","robots":{"index":"index","follow":"follow","max-snippet":"max-snippet:-1","max-image-preview":"max-image-preview:large","max-video-preview":"max-video-preview:-1"},"canonical":"https:\/\/www.capgemini.com\/fr-fr\/actualites\/communiques-de-presse\/sommet-mondial-sur-le-climat-2019-capgemini-presentera-sa-reflexion-sur-la-maniere-dont-les-organisations-doivent-innover-pour-atteindre-lobjectif-dune-economie-a-zero-emission-nette-de-c\/","og_locale":"fr_FR","og_type":"article","og_title":"Sommet mondial sur le climat 2019 : Capgemini pr\u00e9sentera sa r\u00e9flexion sur la mani\u00e8re dont les organisations doivent innover pour atteindre l\u2019objectif d\u2019une \u00e9conomie \u00e0 z\u00e9ro \u00e9mission nette de CO2","og_url":"https:\/\/www.capgemini.com\/fr-fr\/actualites\/communiques-de-presse\/sommet-mondial-sur-le-climat-2019-capgemini-presentera-sa-reflexion-sur-la-maniere-dont-les-organisations-doivent-innover-pour-atteindre-lobjectif-dune-economie-a-zero-emission-nette-de-c\/","og_site_name":"Capgemini France","article_modified_time":"2025-03-05T03:02:44+00:00","og_image":[{"width":1200,"height":627,"url":"https:\/\/www.capgemini.com\/fr-fr\/wp-content\/uploads\/sites\/6\/2025\/10\/image-1.jpg","type":"image\/jpeg"}],"twitter_card":"summary_large_image","twitter_misc":{"Est. reading time":"1 minute"},"schema":{"@context":"https:\/\/schema.org","@graph":[{"@type":"WebPage","@id":"https:\/\/www.capgemini.com\/fr-fr\/actualites\/communiques-de-presse\/sommet-mondial-sur-le-climat-2019-capgemini-presentera-sa-reflexion-sur-la-maniere-dont-les-organisations-doivent-innover-pour-atteindre-lobjectif-dune-economie-a-zero-emission-nette-de-c\/","url":"https:\/\/www.capgemini.com\/fr-fr\/actualites\/communiques-de-presse\/sommet-mondial-sur-le-climat-2019-capgemini-presentera-sa-reflexion-sur-la-maniere-dont-les-organisations-doivent-innover-pour-atteindre-lobjectif-dune-economie-a-zero-emission-nette-de-c\/","name":"Sommet mondial sur le climat 2019 : Capgemini pr\u00e9sentera sa r\u00e9flexion sur la mani\u00e8re dont les organisations doivent innover pour atteindre l\u2019objectif d\u2019une \u00e9conomie \u00e0 z\u00e9ro \u00e9mission nette de CO2 - Capgemini France","isPartOf":{"@id":"https:\/\/www.capgemini.com\/fr-fr\/#website"},"datePublished":"2019-12-03T21:27:00+00:00","dateModified":"2025-03-05T03:02:44+00:00","breadcrumb":{"@id":"https:\/\/www.capgemini.com\/fr-fr\/actualites\/communiques-de-presse\/sommet-mondial-sur-le-climat-2019-capgemini-presentera-sa-reflexion-sur-la-maniere-dont-les-organisations-doivent-innover-pour-atteindre-lobjectif-dune-economie-a-zero-emission-nette-de-c\/#breadcrumb"},"inLanguage":"fr-FR","potentialAction":[{"@type":"ReadAction","target":["https:\/\/www.capgemini.com\/fr-fr\/actualites\/communiques-de-presse\/sommet-mondial-sur-le-climat-2019-capgemini-presentera-sa-reflexion-sur-la-maniere-dont-les-organisations-doivent-innover-pour-atteindre-lobjectif-dune-economie-a-zero-emission-nette-de-c\/"]}]},{"@type":"BreadcrumbList","@id":"https:\/\/www.capgemini.com\/fr-fr\/actualites\/communiques-de-presse\/sommet-mondial-sur-le-climat-2019-capgemini-presentera-sa-reflexion-sur-la-maniere-dont-les-organisations-doivent-innover-pour-atteindre-lobjectif-dune-economie-a-zero-emission-nette-de-c\/#breadcrumb","itemListElement":[{"@type":"ListItem","position":1,"name":"Press Releases","item":"https:\/\/www.capgemini.com\/fr-fr\/news\/"},{"@type":"ListItem","position":2,"name":"Sommet mondial sur le climat 2019 : Capgemini pr\u00e9sentera sa r\u00e9flexion sur la mani\u00e8re dont les organisations doivent innover pour atteindre l\u2019objectif d\u2019une \u00e9conomie \u00e0 z\u00e9ro \u00e9mission nette de CO2"}]},{"@type":"WebSite","@id":"https:\/\/www.capgemini.com\/fr-fr\/#website","url":"https:\/\/www.capgemini.com\/fr-fr\/","name":"Capgemini France","description":"Just another www.capgemini.com site","publisher":{"@id":"https:\/\/www.capgemini.com\/fr-fr\/#organization"},"potentialAction":[{"@type":"SearchAction","target":{"@type":"EntryPoint","urlTemplate":"https:\/\/www.capgemini.com\/fr-fr\/?s={search_term_string}"},"query-input":"required name=search_term_string"}],"inLanguage":"fr-FR"},{"@type":"Organization","@id":"https:\/\/www.capgemini.com\/fr-fr\/#organization","name":"Capgemini France","url":"https:\/\/www.capgemini.com\/fr-fr\/","logo":{"@type":"ImageObject","inLanguage":"fr-FR","@id":"https:\/\/www.capgemini.com\/fr-fr\/#\/schema\/logo\/image\/","url":"https:\/\/www.capgemini.com\/fr-fr\/wp-content\/uploads\/sites\/6\/2022\/08\/Logo-Capgemini.png","contentUrl":"https:\/\/www.capgemini.com\/fr-fr\/wp-content\/uploads\/sites\/6\/2022\/08\/Logo-Capgemini.png","width":202,"height":60,"caption":"Capgemini France"},"image":{"@id":"https:\/\/www.capgemini.com\/fr-fr\/#\/schema\/logo\/image\/"}}]}},"parsely":{"version":"1.1.0","canonical_url":"https:\/\/capgemini.com\/fr-fr\/actualites\/communiques-de-presse\/sommet-mondial-sur-le-climat-2019-capgemini-presentera-sa-reflexion-sur-la-maniere-dont-les-organisations-doivent-innover-pour-atteindre-lobjectif-dune-economie-a-zero-emission-nette-de-c\/","smart_links":{"inbound":0,"outbound":0},"traffic_boost_suggestions_count":0,"meta":{"@context":"https:\/\/schema.org","@type":"NewsArticle","headline":"Sommet mondial sur le climat 2019 : Capgemini pr\u00e9sentera sa r\u00e9flexion sur la mani\u00e8re dont les organisations doivent innover pour atteindre l\u2019objectif d\u2019une \u00e9conomie \u00e0 z\u00e9ro \u00e9mission nette de CO2","url":"https:\/\/www.capgemini.com\/fr-fr\/actualites\/communiques-de-presse\/sommet-mondial-sur-le-climat-2019-capgemini-presentera-sa-reflexion-sur-la-maniere-dont-les-organisations-doivent-innover-pour-atteindre-lobjectif-dune-economie-a-zero-emission-nette-de-c\/","mainEntityOfPage":{"@type":"WebPage","@id":"https:\/\/www.capgemini.com\/fr-fr\/actualites\/communiques-de-presse\/sommet-mondial-sur-le-climat-2019-capgemini-presentera-sa-reflexion-sur-la-maniere-dont-les-organisations-doivent-innover-pour-atteindre-lobjectif-dune-economie-a-zero-emission-nette-de-c\/"},"thumbnailUrl":"","image":{"@type":"ImageObject","url":""},"articleSection":"Uncategorized","author":[],"creator":[],"publisher":{"@type":"Organization","name":"Capgemini France","logo":""},"keywords":[],"dateCreated":"2019-12-03T21:27:00Z","datePublished":"2019-12-03T21:27:00Z","dateModified":"2025-03-05T03:02:44Z"},"rendered":"<meta name=\"parsely-title\" content=\"Sommet mondial sur le climat 2019 : Capgemini pr\u00e9sentera sa r\u00e9flexion sur la mani\u00e8re dont les organisations doivent innover pour atteindre l\u2019objectif d\u2019une \u00e9conomie \u00e0 z\u00e9ro \u00e9mission nette de CO2\" \/>\n<meta name=\"parsely-link\" content=\"https:\/\/www.capgemini.com\/fr-fr\/actualites\/communiques-de-presse\/sommet-mondial-sur-le-climat-2019-capgemini-presentera-sa-reflexion-sur-la-maniere-dont-les-organisations-doivent-innover-pour-atteindre-lobjectif-dune-economie-a-zero-emission-nette-de-c\/\" \/>\n<meta name=\"parsely-type\" content=\"post\" \/>\n<meta name=\"parsely-pub-date\" content=\"2019-12-03T21:27:00Z\" \/>\n<meta name=\"parsely-section\" content=\"Uncategorized\" \/>","tracker_url":"https:\/\/cdn.parsely.com\/keys\/capgemini.com\/p.js"},"archive_status":false,"featured_image_src":"https:\/\/www.capgemini.com\/fr-fr\/wp-content\/themes\/capgemini2025\/assets\/images\/mockup.png","featured_image_alt":false,"jetpack_sharing_enabled":true,"distributor_meta":false,"distributor_terms":false,"distributor_media":false,"distributor_original_site_name":"Capgemini France","distributor_original_site_url":"https:\/\/www.capgemini.com\/fr-fr","push-errors":false,"tag_names":[],"_links":{"self":[{"href":"https:\/\/www.capgemini.com\/fr-fr\/wp-json\/wp\/v2\/press-release\/668764","targetHints":{"allow":["GET"]}}],"collection":[{"href":"https:\/\/www.capgemini.com\/fr-fr\/wp-json\/wp\/v2\/press-release"}],"about":[{"href":"https:\/\/www.capgemini.com\/fr-fr\/wp-json\/wp\/v2\/types\/press-release"}],"author":[{"embeddable":true,"href":"https:\/\/www.capgemini.com\/fr-fr\/wp-json\/wp\/v2\/users\/103"}],"version-history":[{"count":6,"href":"https:\/\/www.capgemini.com\/fr-fr\/wp-json\/wp\/v2\/press-release\/668764\/revisions"}],"predecessor-version":[{"id":778193,"href":"https:\/\/www.capgemini.com\/fr-fr\/wp-json\/wp\/v2\/press-release\/668764\/revisions\/778193"}],"wp:attachment":[{"href":"https:\/\/www.capgemini.com\/fr-fr\/wp-json\/wp\/v2\/media?parent=668764"}],"wp:term":[{"taxonomy":"post_tag","embeddable":true,"href":"https:\/\/www.capgemini.com\/fr-fr\/wp-json\/wp\/v2\/tags?post=668764"},{"taxonomy":"press-release-type","embeddable":true,"href":"https:\/\/www.capgemini.com\/fr-fr\/wp-json\/wp\/v2\/press-release-type?post=668764"},{"taxonomy":"brand","embeddable":true,"href":"https:\/\/www.capgemini.com\/fr-fr\/wp-json\/wp\/v2\/brand?post=668764"}],"curies":[{"name":"wp","href":"https:\/\/api.w.org\/{rel}","templated":true}]}}