{"id":668391,"date":"2021-02-24T19:38:00","date_gmt":"2021-02-24T19:38:00","guid":{"rendered":"https:\/\/www.capgemini.com\/fr-fr\/?post_type=press-release&#038;p=668391"},"modified":"2025-03-04T10:55:45","modified_gmt":"2025-03-04T09:55:45","slug":"capgemini-accompagne-gefco-dans-sa-strategie-de-migration-vers-le-cloud-public-et-la-modernisation-de-ses-infrastructures","status":"publish","type":"press-release","link":"https:\/\/www.capgemini.com\/fr-fr\/actualites\/communiques-de-presse\/capgemini-accompagne-gefco-dans-sa-strategie-de-migration-vers-le-cloud-public-et-la-modernisation-de-ses-infrastructures\/","title":{"rendered":"Capgemini accompagne GEFCO dans sa strat\u00e9gie de migration vers le cloud public et la modernisation de ses infrastructures"},"content":{"rendered":"\t\t<div class=\"wp-block-cg-blocks-hero-press-release\">\n\t\t\t<header class=\"header-hero-press-release\" role=\"main\" id=\"main-content-press-release\">\n\t\t\t\t<div class=\"container\">\n\t\t\t\t\t<div class=\"hero-press-release\">\n\t\t\t\t\t\t<div class=\"hero-press-release-content-wrapper\">\n\t\t\t\t\t\t\t<div class=\"row\">\n\t\t\t\t\t\t\t\t<div class=\"col-12\">\n\t\t\t\t\t\t\t\t\t<div class=\"header-title\">\n\t\t\t\t\t\t\t\t\t\t<h1>\n\t\t\t\t\t\t\t\t\t\t\tCapgemini accompagne GEFCO dans sa strat\u00e9gie de migration vers le cloud public et la modernisation de ses infrastructures\t\t\t\t\t\t\t\t\t\t<\/h1>\n\t\t\t\t\t\t\t\t\t<\/div>\n\t\t\t\t\t\t\t\t\t<div class=\"header-description\">\n\t\t\t\t\t\t\t\t\t\t<p><\/p>\n\t\t\t\t\t\t\t\t\t<\/div>\n\t\t\t\t\t\t\t\t\t\t\t\t\t\t\t\t\t\t<div class=\"header-date\">\n\t\t\t\t\t\t\t\t\t\t<span>f\u00e9vr. 24, 2021<\/span>\n\t\t\t\t\t\t\t\t\t<\/div>\n\t\t\t\t\t\t\t\t<\/div>\n\t\t\t\t\t\t\t<\/div>\n\t\t\t\t\t\t<\/div>\n\t\t\t\t\t\t\t\t\t\t\t\t\t<div class=\"hero-press-release-downloads\">\n\t\t\t\t\t\t\t\t<div class=\"row\">\n\t\t\t\t\t\t\t\t\t\t\t\t\t\t\t\t\t\t\t<div class=\"col-12 col-md-6 col-lg-3\">\n\t\t\t\t\t\t\t\t\t\t\t<a class=\"download-item\" type=\"download\" href=\"https:\/\/www.capgemini.com\/fr-fr\/wp-content\/uploads\/sites\/6\/2022\/04\/Communique-de-presse-1-12.pdf\" target=\"_blank\" rel=\"noopener noreferrer\" title=\"Ouvrir dans une nouvelle fen\u00eatre\">\n\t\t\t\t\t\t\t\t\t\t\t\t<div class=\"download-icon\"><\/div>\n\t\t\t\t\t\t\t\t\t\t\t\t<div class=\"download-details\">\n\t\t\t\t\t\t\t\t\t\t\t\t\t<div class=\"download-title\">Download press release<\/div>\n\t\t\t\t\t\t\t\t\t\t\t\t\t<div class=\"download-props\">132 KB  pdf<\/div>\n\t\t\t\t\t\t\t\t\t\t\t\t<\/div>\n\t\t\t\t\t\t\t\t\t\t\t<\/a>\n\t\t\t\t\t\t\t\t\t\t<\/div>\n\t\t\t\t\t\t\t\t\t\t\t\t\t\t\t\t\t\t<\/div>\n\t\t\t\t\t\t\t<\/div>\n\t\t\t\t\t\t\t\t\t\t\t\t\t\t\t\t\t<\/div>\n\t\t\t\t<\/div>\n\t\t\t<\/header>\n\t\t<\/div>\n\t\t\n\n\n<section class=\"wp-block-cg-blocks-intro-para undefined section section--intro\"><div class=\"intro-para\"><div class=\"container\"><div class=\"row\"><div class=\"col-12 col-md-1\"><nav class=\"article-social\"><ul class=\"social-nav\"><li class=\"ip-order-fb\"><a href=\"https:\/\/www.facebook.com\/sharer\/sharer.php?u=https:\/\/www.capgemini.com\/fr-fr\/actualites\/communiques-de-presse\/capgemini-accompagne-gefco-dans-sa-strategie-de-migration-vers-le-cloud-public-et-la-modernisation-de-ses-infrastructures\/\" target=\"_blank\" rel=\"noopener noreferrer\" title=\"Ouvrir dans une nouvelle fen\u00eatre\"><i aria-hidden=\"true\" class=\"icon-fb\"><\/i><span class=\"sr-only\">Facebook<\/span><\/a><\/li><li class=\"ip-order-li\"><a href=\"https:\/\/www.linkedin.com\/sharing\/share-offsite\/?url=https:\/\/www.capgemini.com\/fr-fr\/actualites\/communiques-de-presse\/capgemini-accompagne-gefco-dans-sa-strategie-de-migration-vers-le-cloud-public-et-la-modernisation-de-ses-infrastructures\/\" target=\"_blank\" rel=\"noopener noreferrer\" title=\"Ouvrir dans une nouvelle fen\u00eatre\"><i aria-hidden=\"true\" class=\"icon-li\"><\/i><span class=\"sr-only\">Linkedin<\/span><\/a><\/li><\/ul><\/nav><\/div><div class=\"col-12 col-md-11 col-lg-10\"><h2 class=\"intro-para-title\"><strong>Paris, le 24 f\u00e9vrier 2021 \u2013 <\/strong><a href=\"https:\/\/www.gefco.net\/fr\/\"><strong>GEFCO<\/strong><\/a><strong>, expert mondial de la <em>supply chain<\/em> et leader europ\u00e9en de la logistique automobile, renouvelle et \u00e9tend sa confiance en <\/strong><a href=\"https:\/\/www.capgemini.com\/fr-fr\"><strong>Capgemini<\/strong><\/a><strong> dans le cadre d\u2019un projet de modernisation de son socle d\u2019infrastructures. L\u2019approche multi-cloud<a href=\"#_ftn1\">[1]<\/a> retenue permet d\u2019augmenter l\u2019efficacit\u00e9 op\u00e9rationnelle, de r\u00e9duire l\u2019obsolescence technique et d\u2019optimiser et flexibiliser le co\u00fbt des services r\u00e9currents.<\/strong><\/h2><\/div><\/div><\/div><\/div><\/section>\n\n\n\n<section class=\"wp-block-cg-blocks-group undefined section section--article-content\"><div class=\"article-main-content\"><div class=\"container\"><div class=\"row\"><div class=\"col-12 col-md-11 col-lg-10 offset-md-1 offset-lg-1\"><div class=\"article-text article-quote-text\">\n<p>p&gt;Gr\u00e2ce \u00e0 son exp\u00e9rience et fort de la confiance de GEFCO pour la gestion de ses infrastructures depuis 2013, Capgemini a su apporter le savoir-faire pour r\u00e9pondre au besoin de modernisation du Syst\u00e8me d\u2019Information de GEFCO. Outre l\u2019int\u00e9gration de nouveaux services, la transformation du socle d\u2019infrastructures dans une approche multi-cloud public permet d\u2019apporter plus de flexibilit\u00e9 et une consommation des ressources optimis\u00e9e. La possibilit\u00e9 de moduler les ressources allou\u00e9es dans le cloud est un \u00e9l\u00e9ment structurant en temps de crise et de forte variation de l\u2019activit\u00e9. Le mod\u00e8le op\u00e9rationnel de la DSI de GEFCO fait \u00e9galement l\u2019objet d\u2019une refonte de la gestion des postes de travail pour 8500 utilisateurs, gr\u00e2ce \u00e0 un nouveau \u00ab&nbsp;service desk&nbsp;\u00bb dot\u00e9 d\u2019un chat bot et de fonctionnalit\u00e9s automatis\u00e9es par l\u2019IA.<\/p>\n\n\n\n<p><em>\u00ab&nbsp;GEFCO franchit une \u00e9tape importante dans son processus de transformation&nbsp;; La modernisation de notre syst\u00e8me d\u2019information est cl\u00e9 pour nos collaborateurs et nos clients. Nous sommes ravis de renforcer notre partenariat avec les \u00e9quipes de Capgemini qui sont \u00e0 nos c\u00f4t\u00e9s pour rendre nos syst\u00e8mes IT plus robustes.&nbsp;\u00bb <\/em>d\u00e9clareSophie Baudoux, vice-pr\u00e9sidente ex\u00e9cutive Syst\u00e8mes d\u2019Information de GEFCO.<\/p>\n\n\n\n<p><em>\u00ab&nbsp;Nos \u00e9quipes accompagnent GEFCO dans ses projets digitaux depuis 2013. Nous sommes tr\u00e8s heureux que GEFCO nous renouvelle sa confiance avec ce contrat. Notre expertise et notre savoir-faire, renforc\u00e9s par la contribution de notre centre d\u2019excellence Cloud et le soutien de nos partenaires cl\u00e9s en cloud public nous ont permis de nous d\u00e9marquer.<\/em>&nbsp;\u00bb d\u00e9clare Olivier Tarrit, directeur ex\u00e9cutif Cloud Infrastructure Services de Capgemini en France.<\/p>\n\n\n\n<p><strong>\u00c0<\/strong><strong> propos du Groupe GEFCO<\/strong><\/p>\n\n\n\n<p>GEFCO est un expert mondial de la supply chain multimodale et l\u2019un des principaux fournisseurs de logistique automobile en Europe. Avec plus de 70 ans d\u2019expertise dans la gestion de cha\u00eenes logistiques complexes, GEFCO con\u00e7oit des solutions intelligentes, agiles et durables pour r\u00e9pondre aux besoins de ses partenaires dans un large \u00e9ventail de secteurs. Le r\u00e9seau mondial de GEFCO s\u2019\u00e9tend sur les cinq continents, avec 15 000 collaborateurs dans 47 pays. En 2019, le groupe a r\u00e9alis\u00e9 un chiffre d\u2019affaires de 4,7 milliards d\u2019euros.<\/p>\n\n\n\n<p><strong>\u00c0 propos de Capgemini<\/strong><\/p>\n\n\n\n<p>Capgemini est un leader mondial, responsable et multiculturel, regroupant 270&nbsp;000 personnes dans pr\u00e8s de 50 pays. Partenaire strat\u00e9gique des entreprises pour la transformation de leurs activit\u00e9s en tirant profit de toute la puissance de la technologie, le Groupe est guid\u00e9 au quotidien par sa raison d\u2019\u00eatre&nbsp;: lib\u00e9rer les \u00e9nergies humaines par la technologie pour un avenir inclusif et durable. Fort de plus de 50 ans d\u2019exp\u00e9rience et d\u2019une grande expertise des diff\u00e9rents secteurs d\u2019activit\u00e9, Capgemini est reconnu par ses clients pour r\u00e9pondre \u00e0 l\u2019ensemble de leurs besoins, de la strat\u00e9gie et du design jusqu\u2019au management des op\u00e9rations, en tirant parti des innovations dans les domaines en perp\u00e9tuelle \u00e9volution du cloud, de la data, de l\u2019Intelligence Artificielle, de la connectivit\u00e9, des logiciels, de l\u2019ing\u00e9nierie digitale et des plateformes. Le Groupe a r\u00e9alis\u00e9 un chiffre d\u2019affaires de 16 milliards d\u2019euros en 2020.<\/p>\n\n\n\n<p><em>Get the Future You Want*<\/em> \u2013 <a href=\"http:\/\/www.capgemini.com\/#_blank\">www.capgemini.com<\/a>.<\/p>\n\n\n\n<p><em>*R\u00e9alisez le futur que vous voulez<\/em><\/p>\n\n\n\n<p><a href=\"#_ftnref1\">[1]<\/a> Une entreprise qui utilise un d\u00e9ploiement multi-cloud int\u00e8gre plusieurs cloud publics et fait appel \u00e0 plusieurs fournisseurs de cloud<\/p>\n<\/div><\/div><\/div><\/div><\/div><\/section>\n\n\n<div class=\"wp-block-cg-blocks-cg-block-related-content\"><section class=\"relatedContentBlock\"><div class=\"container\"><div class=\"row\"><div class=\"content-title col-12 col-md-8\"><h2 class=\"related-content-heading\">Related News<\/h2><\/div><\/div><div class=\"row relatedContent\"><div class=\"col-lg-4 col-md-6 col-xs-12\">\n\t\t\t\t\t\t\t<div class=\"box\">\n\t\t\t\t\t\t\t\t<a aria-label=\"Lire la suite Chiffre d\u2019affaires du 1er trimestre 2026\" href=\"https:\/\/www.capgemini.com\/fr-fr\/actualites\/communiques-de-presse\/chiffre-daffaires-du-1er-trimestre-2026\/\" class=\"anchorWrapper\">\n\t\t\t\t\t\t\t\t\t<span class=\"box-tag\"><span>Actualit\u00e9s financi\u00e8res<\/span><\/span>\n\t\t\t\t\t\t\t\t\t<div class=\"box-title\"><h3 class=\"box-subtitle\">Chiffre d\u2019affaires du 1er trimestre 2026<\/h3><\/div>\n\t\t\t\t\t\t\t\t\t<div class=\"box-date\">\n\t\t\t\t\t\t\t\t\t\t<span>Apr 30, 2026<\/span>\n\t\t\t\t\t\t\t\t\t<\/div>\n\t\t\t\t\t\t\t\t\t<div class=\"box-bottom\">\n\t\t\t\t\t\t\t\t\t\t&lt;a class=&quot;link-download&quot; href=&quot;https:\/\/www.capgemini.com\/fr-fr\/wp-content\/uploads\/sites\/6\/2026\/04\/Capgemini_-_2026-04-30_-_Chiffre_d_affaires_du_1er_trimestre_2026.pdf&quot; aria-label=&quot;T\u00e9l\u00e9charger le communiqu\u00e9 de presse&quot; target=&quot;_blank&quot;  type=&quot;download&quot; title=&quot;Opens in a new window&quot;&gt;\n\t\t\t\t\t\t\t&lt;span&gt;T\u00e9l\u00e9charger le communiqu\u00e9 de presse&lt;\/span&gt;\n\t\t\t\t\t\t\t&lt;span&gt;237 KB PDF&lt;\/span&gt;\n\t\t\t\t\t\t&lt;\/a&gt;\n\t\t\t\t\t\t\t\t\t\t<a class=\"more\" aria-label=\"Lire la suite Chiffre d\u2019affaires du 1er trimestre 2026\" href=\"https:\/\/www.capgemini.com\/fr-fr\/actualites\/communiques-de-presse\/chiffre-daffaires-du-1er-trimestre-2026\/\">Lire la suite<\/a>\n\t\t\t\t\t\t\t\t\t<\/div>\n\t\t\t\t\t\t\t\t<\/a>\n\t\t\t\t\t\t\t<\/div>\n\t\t\t\t\t\t<\/div><div class=\"col-lg-4 col-md-6 col-xs-12\">\n\t\t\t\t\t\t\t<div class=\"box\">\n\t\t\t\t\t\t\t\t<a aria-label=\"Lire la suite Capgemini d\u00e9voile le Google Cloud AI Enterprise Hub pour acc\u00e9l\u00e9rer la transformation des entreprises gr\u00e2ce \u00e0 l\u2019IA agentique\" href=\"https:\/\/www.capgemini.com\/fr-fr\/actualites\/communiques-de-presse\/capgemini-devoile-le-google-cloud-ai-enterprise-hub-pour-accelerer-la-transformation-des-entreprises-vers-ia-agentique\/\" class=\"anchorWrapper\">\n\t\t\t\t\t\t\t\t\t<span class=\"box-tag\"><span>Partenariats<\/span><\/span>\n\t\t\t\t\t\t\t\t\t<div class=\"box-title\"><h3 class=\"box-subtitle\">Capgemini d\u00e9voile le Google Cloud AI Enterprise Hub pour acc\u00e9l\u00e9rer la transformation des entreprises gr\u00e2ce \u00e0 l\u2019IA agentique<\/h3><\/div>\n\t\t\t\t\t\t\t\t\t<div class=\"box-date\">\n\t\t\t\t\t\t\t\t\t\t<span>Apr 23, 2026<\/span>\n\t\t\t\t\t\t\t\t\t<\/div>\n\t\t\t\t\t\t\t\t\t<div class=\"box-bottom\">\n\t\t\t\t\t\t\t\t\t\t&lt;a class=&quot;link-download&quot; href=&quot;https:\/\/www.capgemini.com\/wp-content\/uploads\/2026\/04\/04_23_Capgemini-news-alert_Google-Cloud-AI-Enterprise-Hub.pdf&quot; aria-label=&quot;T\u00e9l\u00e9charger le communiqu\u00e9 de presse&quot; target=&quot;_blank&quot;  type=&quot;download&quot; title=&quot;Opens in a new window&quot;&gt;\n\t\t\t\t\t\t\t&lt;span&gt;T\u00e9l\u00e9charger le communiqu\u00e9 de presse&lt;\/span&gt;\n\t\t\t\t\t\t\t&lt;span&gt;143 KB PDF&lt;\/span&gt;\n\t\t\t\t\t\t&lt;\/a&gt;\n\t\t\t\t\t\t\t\t\t\t<a class=\"more\" aria-label=\"Lire la suite Capgemini d\u00e9voile le Google Cloud AI Enterprise Hub pour acc\u00e9l\u00e9rer la transformation des entreprises gr\u00e2ce \u00e0 l\u2019IA agentique\" href=\"https:\/\/www.capgemini.com\/fr-fr\/actualites\/communiques-de-presse\/capgemini-devoile-le-google-cloud-ai-enterprise-hub-pour-accelerer-la-transformation-des-entreprises-vers-ia-agentique\/\">Lire la suite<\/a>\n\t\t\t\t\t\t\t\t\t<\/div>\n\t\t\t\t\t\t\t\t<\/a>\n\t\t\t\t\t\t\t<\/div>\n\t\t\t\t\t\t<\/div><div class=\"col-lg-4 col-md-6 col-xs-12\">\n\t\t\t\t\t\t\t<div class=\"box\">\n\t\t\t\t\t\t\t\t<a aria-label=\"Lire la suite La r\u00e9industrialisation entre dans une phase plus s\u00e9lective et strat\u00e9gique en Europe et aux \u00c9tats Unis\" href=\"https:\/\/www.capgemini.com\/fr-fr\/actualites\/communiques-de-presse\/la-reindustrialisation-entre-dans-une-phase-plus-selective-et-strategique-en-europe-et-aux-etats-unis\/\" class=\"anchorWrapper\">\n\t\t\t\t\t\t\t\t\t<span class=\"box-tag\"><span>Publications<\/span><\/span>\n\t\t\t\t\t\t\t\t\t<div class=\"box-title\"><h3 class=\"box-subtitle\">La r\u00e9industrialisation entre dans une phase plus s\u00e9lective et strat\u00e9gique en Europe et aux \u00c9tats Unis<\/h3><\/div>\n\t\t\t\t\t\t\t\t\t<div class=\"box-date\">\n\t\t\t\t\t\t\t\t\t\t<span>Apr 20, 2026<\/span>\n\t\t\t\t\t\t\t\t\t<\/div>\n\t\t\t\t\t\t\t\t\t<div class=\"box-bottom\">\n\t\t\t\t\t\t\t\t\t\t&lt;a class=&quot;link-download&quot; href=&quot;https:\/\/www.capgemini.com\/fr-fr\/wp-content\/uploads\/sites\/6\/2026\/04\/2026_04_20_Capgemini_Reindustrialisation-of-Europe-and-the-US-report_3rd-edition_press-release_FR.pdf&quot; aria-label=&quot;T\u00e9l\u00e9charger le communiqu\u00e9 de presse&quot; target=&quot;_blank&quot;  type=&quot;download&quot; title=&quot;Opens in a new window&quot;&gt;\n\t\t\t\t\t\t\t&lt;span&gt;T\u00e9l\u00e9charger le communiqu\u00e9 de presse&lt;\/span&gt;\n\t\t\t\t\t\t\t&lt;span&gt;163 KB PDF&lt;\/span&gt;\n\t\t\t\t\t\t&lt;\/a&gt;\n\t\t\t\t\t\t\t\t\t\t<a class=\"more\" aria-label=\"Lire la suite La r\u00e9industrialisation entre dans une phase plus s\u00e9lective et strat\u00e9gique en Europe et aux \u00c9tats Unis\" href=\"https:\/\/www.capgemini.com\/fr-fr\/actualites\/communiques-de-presse\/la-reindustrialisation-entre-dans-une-phase-plus-selective-et-strategique-en-europe-et-aux-etats-unis\/\">Lire la suite<\/a>\n\t\t\t\t\t\t\t\t\t<\/div>\n\t\t\t\t\t\t\t\t<\/a>\n\t\t\t\t\t\t\t<\/div>\n\t\t\t\t\t\t<\/div><\/div><\/div><\/section><\/div>","protected":false},"excerpt":{"rendered":"","protected":false},"author":103,"featured_media":0,"template":"","meta":{"cg_dt_proposed_to":[],"cg_seo_hreflang_relations":"[]","cg_seo_canonical_relation":"{\"uuid\":\"b1b9d7c7-5950-4f32-aa60-08d3ef9f7820\",\"blogId\":\"\",\"domain\":\"\",\"sitePath\":\"\",\"postLink\":\"\",\"postId\":null,\"isSaved\":true,\"isCrossLink\":false,\"hasCrossLink\":false}","cg_seo_hreflang_x_default_relation":"{\"uuid\":\"e5180b83-b820-4f6f-95a8-a6b6e4c3fcd3\",\"blogId\":\"\",\"domain\":\"\",\"sitePath\":\"\",\"postLink\":\"\",\"postId\":null,\"isSaved\":true,\"isCrossLink\":false,\"hasCrossLink\":false}","cg_dt_approved_content":true,"cg_dt_mandatory_content":false,"cg_dt_notes":"","cg_dg_source_changed":false,"cg_dt_link_disabled":false,"footnotes":"","related_resource_url":"https:\/\/www.capgemini.com\/fr-fr\/wp-content\/uploads\/sites\/6\/2022\/04\/Communique-de-presse-1-12.pdf","related_resource_id":668393,"related_resource_size":"132 KB","related_resource_type":"pdf","cg_author":0,"featured_focal_points":""},"tags":[],"press-release-type":[],"brand":[],"class_list":["post-668391","press-release","type-press-release","status-publish","hentry"],"yoast_head":"<!-- This site is optimized with the Yoast SEO Premium plugin v22.8 (Yoast SEO v22.8) - https:\/\/yoast.com\/wordpress\/plugins\/seo\/ -->\n<title>Capgemini accompagne GEFCO dans sa strat\u00e9gie de migration vers le cloud public et la modernisation de ses infrastructures - Capgemini France<\/title>\n<meta name=\"robots\" content=\"index, follow, max-snippet:-1, max-image-preview:large, max-video-preview:-1\" \/>\n<link rel=\"canonical\" href=\"https:\/\/www.capgemini.com\/fr-fr\/actualites\/communiques-de-presse\/capgemini-accompagne-gefco-dans-sa-strategie-de-migration-vers-le-cloud-public-et-la-modernisation-de-ses-infrastructures\/\" \/>\n<meta property=\"og:locale\" content=\"fr_FR\" \/>\n<meta property=\"og:type\" content=\"article\" \/>\n<meta property=\"og:title\" content=\"Capgemini accompagne GEFCO dans sa strat\u00e9gie de migration vers le cloud public et la modernisation de ses infrastructures\" \/>\n<meta property=\"og:url\" content=\"https:\/\/www.capgemini.com\/fr-fr\/actualites\/communiques-de-presse\/capgemini-accompagne-gefco-dans-sa-strategie-de-migration-vers-le-cloud-public-et-la-modernisation-de-ses-infrastructures\/\" \/>\n<meta property=\"og:site_name\" content=\"Capgemini France\" \/>\n<meta property=\"article:modified_time\" content=\"2025-03-04T09:55:45+00:00\" \/>\n<meta property=\"og:image\" content=\"https:\/\/www.capgemini.com\/fr-fr\/wp-content\/uploads\/sites\/6\/2025\/10\/image-1.jpg\" \/>\n\t<meta property=\"og:image:width\" content=\"1200\" \/>\n\t<meta property=\"og:image:height\" content=\"627\" \/>\n\t<meta property=\"og:image:type\" content=\"image\/jpeg\" \/>\n<meta name=\"twitter:card\" content=\"summary_large_image\" \/>\n<meta name=\"twitter:label1\" content=\"Est. reading time\" \/>\n\t<meta name=\"twitter:data1\" content=\"3 minutes\" \/>\n<script type=\"application\/ld+json\" class=\"yoast-schema-graph\">{\"@context\":\"https:\/\/schema.org\",\"@graph\":[{\"@type\":\"WebPage\",\"@id\":\"https:\/\/www.capgemini.com\/fr-fr\/actualites\/communiques-de-presse\/capgemini-accompagne-gefco-dans-sa-strategie-de-migration-vers-le-cloud-public-et-la-modernisation-de-ses-infrastructures\/\",\"url\":\"https:\/\/www.capgemini.com\/fr-fr\/actualites\/communiques-de-presse\/capgemini-accompagne-gefco-dans-sa-strategie-de-migration-vers-le-cloud-public-et-la-modernisation-de-ses-infrastructures\/\",\"name\":\"Capgemini accompagne GEFCO dans sa strat\u00e9gie de migration vers le cloud public et la modernisation de ses infrastructures - Capgemini France\",\"isPartOf\":{\"@id\":\"https:\/\/www.capgemini.com\/fr-fr\/#website\"},\"datePublished\":\"2021-02-24T19:38:00+00:00\",\"dateModified\":\"2025-03-04T09:55:45+00:00\",\"breadcrumb\":{\"@id\":\"https:\/\/www.capgemini.com\/fr-fr\/actualites\/communiques-de-presse\/capgemini-accompagne-gefco-dans-sa-strategie-de-migration-vers-le-cloud-public-et-la-modernisation-de-ses-infrastructures\/#breadcrumb\"},\"inLanguage\":\"fr-FR\",\"potentialAction\":[{\"@type\":\"ReadAction\",\"target\":[\"https:\/\/www.capgemini.com\/fr-fr\/actualites\/communiques-de-presse\/capgemini-accompagne-gefco-dans-sa-strategie-de-migration-vers-le-cloud-public-et-la-modernisation-de-ses-infrastructures\/\"]}]},{\"@type\":\"BreadcrumbList\",\"@id\":\"https:\/\/www.capgemini.com\/fr-fr\/actualites\/communiques-de-presse\/capgemini-accompagne-gefco-dans-sa-strategie-de-migration-vers-le-cloud-public-et-la-modernisation-de-ses-infrastructures\/#breadcrumb\",\"itemListElement\":[{\"@type\":\"ListItem\",\"position\":1,\"name\":\"Press Releases\",\"item\":\"https:\/\/www.capgemini.com\/fr-fr\/news\/\"},{\"@type\":\"ListItem\",\"position\":2,\"name\":\"Capgemini accompagne GEFCO dans sa strat\u00e9gie de migration vers le cloud public et la modernisation de ses infrastructures\"}]},{\"@type\":\"WebSite\",\"@id\":\"https:\/\/www.capgemini.com\/fr-fr\/#website\",\"url\":\"https:\/\/www.capgemini.com\/fr-fr\/\",\"name\":\"Capgemini France\",\"description\":\"Just another www.capgemini.com site\",\"publisher\":{\"@id\":\"https:\/\/www.capgemini.com\/fr-fr\/#organization\"},\"potentialAction\":[{\"@type\":\"SearchAction\",\"target\":{\"@type\":\"EntryPoint\",\"urlTemplate\":\"https:\/\/www.capgemini.com\/fr-fr\/?s={search_term_string}\"},\"query-input\":\"required name=search_term_string\"}],\"inLanguage\":\"fr-FR\"},{\"@type\":\"Organization\",\"@id\":\"https:\/\/www.capgemini.com\/fr-fr\/#organization\",\"name\":\"Capgemini France\",\"url\":\"https:\/\/www.capgemini.com\/fr-fr\/\",\"logo\":{\"@type\":\"ImageObject\",\"inLanguage\":\"fr-FR\",\"@id\":\"https:\/\/www.capgemini.com\/fr-fr\/#\/schema\/logo\/image\/\",\"url\":\"https:\/\/www.capgemini.com\/fr-fr\/wp-content\/uploads\/sites\/6\/2022\/08\/Logo-Capgemini.png\",\"contentUrl\":\"https:\/\/www.capgemini.com\/fr-fr\/wp-content\/uploads\/sites\/6\/2022\/08\/Logo-Capgemini.png\",\"width\":202,\"height\":60,\"caption\":\"Capgemini France\"},\"image\":{\"@id\":\"https:\/\/www.capgemini.com\/fr-fr\/#\/schema\/logo\/image\/\"}}]}<\/script>\n<!-- \/ Yoast SEO Premium plugin. -->","yoast_head_json":{"title":"Capgemini accompagne GEFCO dans sa strat\u00e9gie de migration vers le cloud public et la modernisation de ses infrastructures - Capgemini France","robots":{"index":"index","follow":"follow","max-snippet":"max-snippet:-1","max-image-preview":"max-image-preview:large","max-video-preview":"max-video-preview:-1"},"canonical":"https:\/\/www.capgemini.com\/fr-fr\/actualites\/communiques-de-presse\/capgemini-accompagne-gefco-dans-sa-strategie-de-migration-vers-le-cloud-public-et-la-modernisation-de-ses-infrastructures\/","og_locale":"fr_FR","og_type":"article","og_title":"Capgemini accompagne GEFCO dans sa strat\u00e9gie de migration vers le cloud public et la modernisation de ses infrastructures","og_url":"https:\/\/www.capgemini.com\/fr-fr\/actualites\/communiques-de-presse\/capgemini-accompagne-gefco-dans-sa-strategie-de-migration-vers-le-cloud-public-et-la-modernisation-de-ses-infrastructures\/","og_site_name":"Capgemini France","article_modified_time":"2025-03-04T09:55:45+00:00","og_image":[{"width":1200,"height":627,"url":"https:\/\/www.capgemini.com\/fr-fr\/wp-content\/uploads\/sites\/6\/2025\/10\/image-1.jpg","type":"image\/jpeg"}],"twitter_card":"summary_large_image","twitter_misc":{"Est. reading time":"3 minutes"},"schema":{"@context":"https:\/\/schema.org","@graph":[{"@type":"WebPage","@id":"https:\/\/www.capgemini.com\/fr-fr\/actualites\/communiques-de-presse\/capgemini-accompagne-gefco-dans-sa-strategie-de-migration-vers-le-cloud-public-et-la-modernisation-de-ses-infrastructures\/","url":"https:\/\/www.capgemini.com\/fr-fr\/actualites\/communiques-de-presse\/capgemini-accompagne-gefco-dans-sa-strategie-de-migration-vers-le-cloud-public-et-la-modernisation-de-ses-infrastructures\/","name":"Capgemini accompagne GEFCO dans sa strat\u00e9gie de migration vers le cloud public et la modernisation de ses infrastructures - Capgemini France","isPartOf":{"@id":"https:\/\/www.capgemini.com\/fr-fr\/#website"},"datePublished":"2021-02-24T19:38:00+00:00","dateModified":"2025-03-04T09:55:45+00:00","breadcrumb":{"@id":"https:\/\/www.capgemini.com\/fr-fr\/actualites\/communiques-de-presse\/capgemini-accompagne-gefco-dans-sa-strategie-de-migration-vers-le-cloud-public-et-la-modernisation-de-ses-infrastructures\/#breadcrumb"},"inLanguage":"fr-FR","potentialAction":[{"@type":"ReadAction","target":["https:\/\/www.capgemini.com\/fr-fr\/actualites\/communiques-de-presse\/capgemini-accompagne-gefco-dans-sa-strategie-de-migration-vers-le-cloud-public-et-la-modernisation-de-ses-infrastructures\/"]}]},{"@type":"BreadcrumbList","@id":"https:\/\/www.capgemini.com\/fr-fr\/actualites\/communiques-de-presse\/capgemini-accompagne-gefco-dans-sa-strategie-de-migration-vers-le-cloud-public-et-la-modernisation-de-ses-infrastructures\/#breadcrumb","itemListElement":[{"@type":"ListItem","position":1,"name":"Press Releases","item":"https:\/\/www.capgemini.com\/fr-fr\/news\/"},{"@type":"ListItem","position":2,"name":"Capgemini accompagne GEFCO dans sa strat\u00e9gie de migration vers le cloud public et la modernisation de ses infrastructures"}]},{"@type":"WebSite","@id":"https:\/\/www.capgemini.com\/fr-fr\/#website","url":"https:\/\/www.capgemini.com\/fr-fr\/","name":"Capgemini France","description":"Just another www.capgemini.com site","publisher":{"@id":"https:\/\/www.capgemini.com\/fr-fr\/#organization"},"potentialAction":[{"@type":"SearchAction","target":{"@type":"EntryPoint","urlTemplate":"https:\/\/www.capgemini.com\/fr-fr\/?s={search_term_string}"},"query-input":"required name=search_term_string"}],"inLanguage":"fr-FR"},{"@type":"Organization","@id":"https:\/\/www.capgemini.com\/fr-fr\/#organization","name":"Capgemini France","url":"https:\/\/www.capgemini.com\/fr-fr\/","logo":{"@type":"ImageObject","inLanguage":"fr-FR","@id":"https:\/\/www.capgemini.com\/fr-fr\/#\/schema\/logo\/image\/","url":"https:\/\/www.capgemini.com\/fr-fr\/wp-content\/uploads\/sites\/6\/2022\/08\/Logo-Capgemini.png","contentUrl":"https:\/\/www.capgemini.com\/fr-fr\/wp-content\/uploads\/sites\/6\/2022\/08\/Logo-Capgemini.png","width":202,"height":60,"caption":"Capgemini France"},"image":{"@id":"https:\/\/www.capgemini.com\/fr-fr\/#\/schema\/logo\/image\/"}}]}},"parsely":{"version":"1.1.0","canonical_url":"https:\/\/capgemini.com\/fr-fr\/actualites\/communiques-de-presse\/capgemini-accompagne-gefco-dans-sa-strategie-de-migration-vers-le-cloud-public-et-la-modernisation-de-ses-infrastructures\/","smart_links":{"inbound":0,"outbound":0},"traffic_boost_suggestions_count":0,"meta":{"@context":"https:\/\/schema.org","@type":"NewsArticle","headline":"Capgemini accompagne GEFCO dans sa strat\u00e9gie de migration vers le cloud public et la modernisation de ses infrastructures","url":"https:\/\/www.capgemini.com\/fr-fr\/actualites\/communiques-de-presse\/capgemini-accompagne-gefco-dans-sa-strategie-de-migration-vers-le-cloud-public-et-la-modernisation-de-ses-infrastructures\/","mainEntityOfPage":{"@type":"WebPage","@id":"https:\/\/www.capgemini.com\/fr-fr\/actualites\/communiques-de-presse\/capgemini-accompagne-gefco-dans-sa-strategie-de-migration-vers-le-cloud-public-et-la-modernisation-de-ses-infrastructures\/"},"thumbnailUrl":"","image":{"@type":"ImageObject","url":""},"articleSection":"Uncategorized","author":[],"creator":[],"publisher":{"@type":"Organization","name":"Capgemini France","logo":""},"keywords":[],"dateCreated":"2021-02-24T19:38:00Z","datePublished":"2021-02-24T19:38:00Z","dateModified":"2025-03-04T09:55:45Z"},"rendered":"<meta name=\"parsely-title\" content=\"Capgemini accompagne GEFCO dans sa strat\u00e9gie de migration vers le cloud public et la modernisation de ses infrastructures\" \/>\n<meta name=\"parsely-link\" content=\"https:\/\/www.capgemini.com\/fr-fr\/actualites\/communiques-de-presse\/capgemini-accompagne-gefco-dans-sa-strategie-de-migration-vers-le-cloud-public-et-la-modernisation-de-ses-infrastructures\/\" \/>\n<meta name=\"parsely-type\" content=\"post\" \/>\n<meta name=\"parsely-pub-date\" content=\"2021-02-24T19:38:00Z\" \/>\n<meta name=\"parsely-section\" content=\"Uncategorized\" \/>","tracker_url":"https:\/\/cdn.parsely.com\/keys\/capgemini.com\/p.js"},"archive_status":false,"featured_image_src":"https:\/\/www.capgemini.com\/fr-fr\/wp-content\/themes\/capgemini2025\/assets\/images\/mockup.png","featured_image_alt":false,"jetpack_sharing_enabled":true,"distributor_meta":false,"distributor_terms":false,"distributor_media":false,"distributor_original_site_name":"Capgemini France","distributor_original_site_url":"https:\/\/www.capgemini.com\/fr-fr","push-errors":false,"tag_names":[],"_links":{"self":[{"href":"https:\/\/www.capgemini.com\/fr-fr\/wp-json\/wp\/v2\/press-release\/668391","targetHints":{"allow":["GET"]}}],"collection":[{"href":"https:\/\/www.capgemini.com\/fr-fr\/wp-json\/wp\/v2\/press-release"}],"about":[{"href":"https:\/\/www.capgemini.com\/fr-fr\/wp-json\/wp\/v2\/types\/press-release"}],"author":[{"embeddable":true,"href":"https:\/\/www.capgemini.com\/fr-fr\/wp-json\/wp\/v2\/users\/103"}],"version-history":[{"count":6,"href":"https:\/\/www.capgemini.com\/fr-fr\/wp-json\/wp\/v2\/press-release\/668391\/revisions"}],"predecessor-version":[{"id":777927,"href":"https:\/\/www.capgemini.com\/fr-fr\/wp-json\/wp\/v2\/press-release\/668391\/revisions\/777927"}],"wp:attachment":[{"href":"https:\/\/www.capgemini.com\/fr-fr\/wp-json\/wp\/v2\/media?parent=668391"}],"wp:term":[{"taxonomy":"post_tag","embeddable":true,"href":"https:\/\/www.capgemini.com\/fr-fr\/wp-json\/wp\/v2\/tags?post=668391"},{"taxonomy":"press-release-type","embeddable":true,"href":"https:\/\/www.capgemini.com\/fr-fr\/wp-json\/wp\/v2\/press-release-type?post=668391"},{"taxonomy":"brand","embeddable":true,"href":"https:\/\/www.capgemini.com\/fr-fr\/wp-json\/wp\/v2\/brand?post=668391"}],"curies":[{"name":"wp","href":"https:\/\/api.w.org\/{rel}","templated":true}]}}