{"id":667548,"date":"2019-02-21T15:40:00","date_gmt":"2019-02-21T15:40:00","guid":{"rendered":"https:\/\/www.capgemini.com\/fr-fr\/?post_type=press-release&#038;p=667548"},"modified":"2025-03-05T04:34:32","modified_gmt":"2025-03-05T03:34:32","slug":"capgemini-finalise-lacquisition-de-leidos-cyber","status":"publish","type":"press-release","link":"https:\/\/www.capgemini.com\/fr-fr\/actualites\/communiques-de-presse\/capgemini-finalise-lacquisition-de-leidos-cyber\/","title":{"rendered":"Capgemini finalise l\u2019acquisition de Leidos Cyber"},"content":{"rendered":"\t\t<div class=\"wp-block-cg-blocks-hero-press-release\">\n\t\t\t<header class=\"header-hero-press-release\" role=\"main\" id=\"main-content-press-release\">\n\t\t\t\t<div class=\"container\">\n\t\t\t\t\t<div class=\"hero-press-release\">\n\t\t\t\t\t\t<div class=\"hero-press-release-content-wrapper\">\n\t\t\t\t\t\t\t<div class=\"row\">\n\t\t\t\t\t\t\t\t<div class=\"col-12\">\n\t\t\t\t\t\t\t\t\t<div class=\"header-title\">\n\t\t\t\t\t\t\t\t\t\t<h1>\n\t\t\t\t\t\t\t\t\t\t\tCapgemini finalise l\u2019acquisition de Leidos Cyber\t\t\t\t\t\t\t\t\t\t<\/h1>\n\t\t\t\t\t\t\t\t\t<\/div>\n\t\t\t\t\t\t\t\t\t<div class=\"header-description\">\n\t\t\t\t\t\t\t\t\t\t<p><\/p>\n\t\t\t\t\t\t\t\t\t<\/div>\n\t\t\t\t\t\t\t\t\t\t\t\t\t\t\t\t\t\t<div class=\"header-date\">\n\t\t\t\t\t\t\t\t\t\t<span>f\u00e9vr. 21, 2019<\/span>\n\t\t\t\t\t\t\t\t\t<\/div>\n\t\t\t\t\t\t\t\t<\/div>\n\t\t\t\t\t\t\t<\/div>\n\t\t\t\t\t\t<\/div>\n\t\t\t\t\t\t\t\t\t\t\t\t\t<div class=\"hero-press-release-downloads\">\n\t\t\t\t\t\t\t\t<div class=\"row\">\n\t\t\t\t\t\t\t\t\t\t\t\t\t\t\t\t\t\t\t<div class=\"col-12 col-md-6 col-lg-3\">\n\t\t\t\t\t\t\t\t\t\t\t<a class=\"download-item\" type=\"download\" href=\"https:\/\/www.capgemini.com\/fr-fr\/wp-content\/uploads\/sites\/6\/2022\/04\/2019_02_21_Leidos-Cyber_closing_FR.pdf\" target=\"_blank\" rel=\"noopener noreferrer\" title=\"Ouvrir dans une nouvelle fen\u00eatre\">\n\t\t\t\t\t\t\t\t\t\t\t\t<div class=\"download-icon\"><\/div>\n\t\t\t\t\t\t\t\t\t\t\t\t<div class=\"download-details\">\n\t\t\t\t\t\t\t\t\t\t\t\t\t<div class=\"download-title\">Download press release<\/div>\n\t\t\t\t\t\t\t\t\t\t\t\t\t<div class=\"download-props\">145 KB  pdf<\/div>\n\t\t\t\t\t\t\t\t\t\t\t\t<\/div>\n\t\t\t\t\t\t\t\t\t\t\t<\/a>\n\t\t\t\t\t\t\t\t\t\t<\/div>\n\t\t\t\t\t\t\t\t\t\t\t\t\t\t\t\t\t\t<\/div>\n\t\t\t\t\t\t\t<\/div>\n\t\t\t\t\t\t\t\t\t\t\t\t\t\t\t\t\t<\/div>\n\t\t\t\t<\/div>\n\t\t\t<\/header>\n\t\t<\/div>\n\t\t\n\n\n<section class=\"wp-block-cg-blocks-intro-para undefined section section--intro\"><div class=\"intro-para\"><div class=\"container\"><div class=\"row\"><div class=\"col-12 col-md-1\"><nav class=\"article-social\"><ul class=\"social-nav\"><li class=\"ip-order-fb\"><a href=\"https:\/\/www.facebook.com\/sharer\/sharer.php?u=https:\/\/www.capgemini.com\/fr-fr\/actualites\/communiques-de-presse\/capgemini-finalise-lacquisition-de-leidos-cyber\/\" target=\"_blank\" rel=\"noopener noreferrer\" title=\"Ouvrir dans une nouvelle fen\u00eatre\"><i aria-hidden=\"true\" class=\"icon-fb\"><\/i><span class=\"sr-only\">Facebook<\/span><\/a><\/li><li class=\"ip-order-li\"><a href=\"https:\/\/www.linkedin.com\/sharing\/share-offsite\/?url=https:\/\/www.capgemini.com\/fr-fr\/actualites\/communiques-de-presse\/capgemini-finalise-lacquisition-de-leidos-cyber\/\" target=\"_blank\" rel=\"noopener noreferrer\" title=\"Ouvrir dans une nouvelle fen\u00eatre\"><i aria-hidden=\"true\" class=\"icon-li\"><\/i><span class=\"sr-only\">Linkedin<\/span><\/a><\/li><\/ul><\/nav><\/div><div class=\"col-12 col-md-11 col-lg-10\"><h2 class=\"intro-para-title\"><strong><em>Gr\u00e2ce \u00e0 cette acquisition, le Groupe renforce ses capacit\u00e9s en Am\u00e9rique du Nord et r\u00e9pond \u00e0 la demande croissante de ses clients pour ses services de cybers\u00e9curit\u00e9 dans la r\u00e9gion ainsi qu\u2019aux exigences de s\u00e9curit\u00e9 de sa client\u00e8le internationale<\/em><\/strong><\/h2><\/div><\/div><\/div><\/div><\/section>\n\n\n\n<section class=\"wp-block-cg-blocks-group undefined section section--article-content\"><div class=\"article-main-content\"><div class=\"container\"><div class=\"row\"><div class=\"col-12 col-md-11 col-lg-10 offset-md-1 offset-lg-1\"><div class=\"article-text article-quote-text\">\n<blockquote class=\"wp-block-quote is-layout-flow wp-block-quote-is-layout-flow\">\n<p><strong>Paris, le 21 f\u00e9vrier 2019 \u2013 A<\/strong><strong>pr\u00e8s avoir obtenu toutes les autorisations r\u00e9glementaires,<\/strong> <strong><a href=\"https:\/\/www.capgemini.com\/fr-fr\/\">Capgemini<\/a><\/strong><strong> annonce avoir finalis\u00e9 l\u2019acquisition de Leidos Cyber, <\/strong><strong>la branche de cybers\u00e9curit\u00e9 pour les entreprises du secteur priv\u00e9 de <a href=\"https:\/\/www.leidos.com\/\">Leidos<\/a>, entreprise class\u00e9e au FORTUNE 500<sup>\u00ae<\/sup>, conform\u00e9ment aux termes du <a href=\"https:\/\/www.capgemini.com\/fr-fr\/news\/capgemini-conclut-un-accord-avec-leidos-en-vue-dacquerir-leidos-cyber\/\">communiqu\u00e9 du 7 juin 2018<\/a><\/strong><strong>. Ce sont pr\u00e8s de 500 professionnels hautement qualifi\u00e9s, bas\u00e9s principalement en Am\u00e9rique du Nord, qui rejoignent les \u00e9quipes de Capgemini pour r\u00e9pondre \u00e0 la demande croissante des clients du Groupe pour ses services et solutions de cybers\u00e9curit\u00e9.<\/strong><\/p>\n<\/blockquote>\n\n\n\n<p><em>\u00ab&nbsp;Nous sommes ravis d\u2019accueillir l\u2019\u00e9quipe Leidos Cyber qui \u0153uvre chaque jour \u00e0 la cybers\u00e9curit\u00e9 d\u2019entreprises du secteur priv\u00e9. Gr\u00e2ce \u00e0 son expertise de calibre mondial, elle va non seulement renforcer nos activit\u00e9s de cybers\u00e9curit\u00e9 en Am\u00e9rique du Nord mais \u00e9galement notre capacit\u00e9 \u00e0 r\u00e9pondre aux exigences de s\u00e9curit\u00e9 de notre client\u00e8le internationale \u00bb, <\/em>commente Jean-Philippe Bol, membre du Comit\u00e9 de direction g\u00e9n\u00e9rale et directeur g\u00e9n\u00e9ral <em>Cloud Infrastructure Services<\/em> comprenant les services de cybers\u00e9curit\u00e9 du groupe Capgemini.<\/p>\n\n\n\n<p>Leidos Cyber est un acteur leader dans le domaine de la s\u00e9curit\u00e9 des entreprises<a href=\"#_ftn1\">[1]<\/a>, reconnu pour ses comp\u00e9tences en mati\u00e8re de protection des infrastructures critiques<a href=\"#_ftn2\">[2]<\/a>. Il \u200b\u200bfournit aux entreprises une plateforme compl\u00e8te r\u00e9pondant \u00e0 toutes leurs exigences en mati\u00e8re d\u2019architecture de s\u00e9curit\u00e9 et comprenant des offres int\u00e9gr\u00e9es, combin\u00e9es \u00e0 des services de s\u00e9curit\u00e9 manag\u00e9s. Leidos Cyber \u200b\u200best un pionnier dans le domaine de la cybers\u00e9curit\u00e9. Il a d\u00e9fini le march\u00e9 selon les besoins des entreprises internationales en mati\u00e8re de protection de leur contr\u00f4le industriel et de leurs infrastructures critiques. Sa client\u00e8le est compos\u00e9e principalement d\u2019entreprises figurant au classement FORTUNE 500\u00ae et op\u00e9rant dans divers secteurs d\u2019activit\u00e9.<\/p>\n\n\n\n<p><em>\u00ab&nbsp;Nous sommes tr\u00e8s heureux de rejoindre le groupe Capgemini<\/em>&nbsp;\u00bb, d\u00e9clare Robert Meindl, Pr\u00e9sident de Leidos Cyber. <em>\u00ab&nbsp;Nos \u00e9quipes sont impatientes de mettre leur expertise au service de la client\u00e8le internationale de Capgemini et de contribuer \u00e0 renforcer encore la pratique cybers\u00e9curit\u00e9 en Am\u00e9rique du Nord&nbsp;\u00bb.&nbsp;<\/em><\/p>\n\n\n\n<p>Cette nouvelle acquisition r\u00e9pond \u00e0 l\u2019ambition de Capgemini de renforcer encore son expertise et son portefeuille de services en s\u00e9curit\u00e9 afin d\u2019aider les entreprises \u00e0 int\u00e9grer la cybers\u00e9curit\u00e9 dans leurs projets de croissance et de transformation digitale. L\u2019\u00e9quipe cybers\u00e9curit\u00e9 de Capgemini est compos\u00e9e d\u2019environ 3&nbsp;000 experts r\u00e9partis \u00e0 travers le monde qui fournissent des services de bout en bout, int\u00e9grant \u00e9valuation, conseil, protection et surveillance. Ils s\u2019appuient sur des solutions de cybers\u00e9curit\u00e9 bas\u00e9es sur la derni\u00e8re g\u00e9n\u00e9ration de <em>Threat Intelligence<\/em><a href=\"#_ftn3\"><em><strong>[3]<\/strong><\/em><\/a> et sur un r\u00e9seau mondial connect\u00e9 de <em>S<\/em><em>ecurity Operations Center<\/em><a href=\"#_ftn4\"><em><strong>[4]<\/strong><\/em><\/a> (SOC).<\/p>\n\n\n\n<p><strong>\u00c0 propos de Capgemini<\/strong><\/p>\n\n\n\n<p>Capgemini est un leader mondial du conseil, des services informatiques et de la transformation num\u00e9rique. A la pointe de l\u2019innovation, le Groupe aide ses clients \u00e0 saisir l\u2019ensemble des opportunit\u00e9s que pr\u00e9sentent le cloud, le digital et les plateformes. Fort de 50&nbsp;ans d\u2019exp\u00e9rience et d\u2019une grande expertise des diff\u00e9rents secteurs d\u2019activit\u00e9, il accompagne les entreprises et organisations dans la r\u00e9alisation de leurs ambitions, de la d\u00e9finition de leur strat\u00e9gie \u00e0 la mise en \u0153uvre de leurs op\u00e9rations. Pour Capgemini, ce sont les hommes et les femmes qui donnent toute sa valeur \u00e0 la technologie. R\u00e9solument multiculturel, le Groupe compte plus de 200&nbsp;000 collaborateurs pr\u00e9sents dans plus de 40 pays. Il a r\u00e9alis\u00e9 un chiffre d\u2019affaires de 13,2&nbsp;milliards d\u2019euros en 2018.<\/p>\n\n\n\n<p>Plus d\u2019informations sur <a href=\"http:\/\/www.capgemini.com\">www.capgemini.com<\/a>. <em>People matter, results count<\/em>.<\/p>\n\n\n\n<p>Relations presse Leidos : Melissa Koskovich, Senior Vice President, Communications, par t\u00e9l\u00e9phone au +1 (571) 526-6850 ou par e-mail&nbsp;: &nbsp;melissa.l.koskovich@leidos.com<\/p>\n\n\n\n<p><a href=\"#_ftnref1\">[1]<\/a> Leidos Cyber a \u00e9t\u00e9 reconnu \u2018Strong Performer\u2019 par Forrester dans le classement <em>Forrester Wave : Information Security Consulting Services, <\/em>du 3<sup>e<\/sup> trimestre 2017.<\/p>\n\n\n\n<p><a href=\"#_ftnref2\">[2]<\/a> Leidos Cyber et ses \u00e9quipes d\u00e9tiennent de nombreuses reconnaissances et certifications de l\u2019industrie dont&nbsp;: <em>CREST\u00ae Penetration Testing, Incident Response and Cyber Essentials Accreditation<\/em>; <em>NSA Certified Incident Response Assistance (CIRA) accreditation<\/em>; et <em>Global Industrial Cyber Security Professional (GICSP)<\/em> <em>certified consultants<\/em><\/p>\n\n\n\n<p><a href=\"#_ftnref3\">[3]<\/a> La <em>Threat Intelligence<\/em>, ou <em>Cyber Threat Intelligence<\/em> (CTI) est une discipline bas\u00e9e sur des techniques du renseignement qui a pour but la collecte et l\u2019organisation de toutes les informations li\u00e9es aux menaces du cyberespace (cyberattaques), afin de dresser un portrait des attaquants ou de mettre en exergue des tendances (secteurs d\u2019activit\u00e9s touch\u00e9s, m\u00e9thode utilis\u00e9e, etc).<\/p>\n\n\n\n<p><a href=\"#_ftnref4\">[4]<\/a> Le<strong> <em>Security Operations Center<\/em> (SOC), ou centre op\u00e9rationnel de s\u00e9curit\u00e9, assure la supervision des syst\u00e8mes d\u2019information afin de se prot\u00e9ger des cyberattaques. Son domaine d\u2019expertise s\u2019\u00e9tend de la couche r\u00e9seau jusqu\u2019aux logiciels pr\u00e9sents sur les postes de travail. <\/strong>Il collecte et analyse les informations en provenance des \u00e9l\u00e9ments de s\u00e9curit\u00e9, afin d\u2019y d\u00e9tecter les potentielles anomalies et failles de s\u00e9curit\u00e9<strong>. Lorsqu\u2019un incident ou une br\u00e8che ont lieu, il d\u00e9finit les actions de s\u00e9curit\u00e9 afin d\u2019alerter ou de r\u00e9gler le probl\u00e8me rapidement.<\/strong><\/p>\n<\/div><\/div><\/div><\/div><\/div><\/section>\n\n\n<div class=\"wp-block-cg-blocks-cg-block-related-content\"><section class=\"relatedContentBlock\"><div class=\"container\"><div class=\"row\"><div class=\"content-title col-12 col-md-8\"><h2 class=\"related-content-heading\">Related News<\/h2><\/div><\/div><div class=\"row relatedContent\"><div class=\"col-lg-4 col-md-6 col-xs-12\">\n\t\t\t\t\t\t\t<div class=\"box\">\n\t\t\t\t\t\t\t\t<a aria-label=\"Lire la suite Chiffre d\u2019affaires du 1er trimestre 2026\" href=\"https:\/\/www.capgemini.com\/fr-fr\/actualites\/communiques-de-presse\/chiffre-daffaires-du-1er-trimestre-2026\/\" class=\"anchorWrapper\">\n\t\t\t\t\t\t\t\t\t<span class=\"box-tag\"><span>Actualit\u00e9s financi\u00e8res<\/span><\/span>\n\t\t\t\t\t\t\t\t\t<div class=\"box-title\"><h3 class=\"box-subtitle\">Chiffre d\u2019affaires du 1er trimestre 2026<\/h3><\/div>\n\t\t\t\t\t\t\t\t\t<div class=\"box-date\">\n\t\t\t\t\t\t\t\t\t\t<span>Apr 30, 2026<\/span>\n\t\t\t\t\t\t\t\t\t<\/div>\n\t\t\t\t\t\t\t\t\t<div class=\"box-bottom\">\n\t\t\t\t\t\t\t\t\t\t&lt;a class=&quot;link-download&quot; href=&quot;https:\/\/www.capgemini.com\/fr-fr\/wp-content\/uploads\/sites\/6\/2026\/04\/Capgemini_-_2026-04-30_-_Chiffre_d_affaires_du_1er_trimestre_2026.pdf&quot; aria-label=&quot;T\u00e9l\u00e9charger le communiqu\u00e9 de presse&quot; target=&quot;_blank&quot;  type=&quot;download&quot; title=&quot;Opens in a new window&quot;&gt;\n\t\t\t\t\t\t\t&lt;span&gt;T\u00e9l\u00e9charger le communiqu\u00e9 de presse&lt;\/span&gt;\n\t\t\t\t\t\t\t&lt;span&gt;237 KB PDF&lt;\/span&gt;\n\t\t\t\t\t\t&lt;\/a&gt;\n\t\t\t\t\t\t\t\t\t\t<a class=\"more\" aria-label=\"Lire la suite Chiffre d\u2019affaires du 1er trimestre 2026\" href=\"https:\/\/www.capgemini.com\/fr-fr\/actualites\/communiques-de-presse\/chiffre-daffaires-du-1er-trimestre-2026\/\">Lire la suite<\/a>\n\t\t\t\t\t\t\t\t\t<\/div>\n\t\t\t\t\t\t\t\t<\/a>\n\t\t\t\t\t\t\t<\/div>\n\t\t\t\t\t\t<\/div><div class=\"col-lg-4 col-md-6 col-xs-12\">\n\t\t\t\t\t\t\t<div class=\"box\">\n\t\t\t\t\t\t\t\t<a aria-label=\"Lire la suite Capgemini d\u00e9voile le Google Cloud AI Enterprise Hub pour acc\u00e9l\u00e9rer la transformation des entreprises gr\u00e2ce \u00e0 l\u2019IA agentique\" href=\"https:\/\/www.capgemini.com\/fr-fr\/actualites\/communiques-de-presse\/capgemini-devoile-le-google-cloud-ai-enterprise-hub-pour-accelerer-la-transformation-des-entreprises-vers-ia-agentique\/\" class=\"anchorWrapper\">\n\t\t\t\t\t\t\t\t\t<span class=\"box-tag\"><span>Partenariats<\/span><\/span>\n\t\t\t\t\t\t\t\t\t<div class=\"box-title\"><h3 class=\"box-subtitle\">Capgemini d\u00e9voile le Google Cloud AI Enterprise Hub pour acc\u00e9l\u00e9rer la transformation des entreprises gr\u00e2ce \u00e0 l\u2019IA agentique<\/h3><\/div>\n\t\t\t\t\t\t\t\t\t<div class=\"box-date\">\n\t\t\t\t\t\t\t\t\t\t<span>Apr 23, 2026<\/span>\n\t\t\t\t\t\t\t\t\t<\/div>\n\t\t\t\t\t\t\t\t\t<div class=\"box-bottom\">\n\t\t\t\t\t\t\t\t\t\t&lt;a class=&quot;link-download&quot; href=&quot;https:\/\/www.capgemini.com\/wp-content\/uploads\/2026\/04\/04_23_Capgemini-news-alert_Google-Cloud-AI-Enterprise-Hub.pdf&quot; aria-label=&quot;T\u00e9l\u00e9charger le communiqu\u00e9 de presse&quot; target=&quot;_blank&quot;  type=&quot;download&quot; title=&quot;Opens in a new window&quot;&gt;\n\t\t\t\t\t\t\t&lt;span&gt;T\u00e9l\u00e9charger le communiqu\u00e9 de presse&lt;\/span&gt;\n\t\t\t\t\t\t\t&lt;span&gt;143 KB PDF&lt;\/span&gt;\n\t\t\t\t\t\t&lt;\/a&gt;\n\t\t\t\t\t\t\t\t\t\t<a class=\"more\" aria-label=\"Lire la suite Capgemini d\u00e9voile le Google Cloud AI Enterprise Hub pour acc\u00e9l\u00e9rer la transformation des entreprises gr\u00e2ce \u00e0 l\u2019IA agentique\" href=\"https:\/\/www.capgemini.com\/fr-fr\/actualites\/communiques-de-presse\/capgemini-devoile-le-google-cloud-ai-enterprise-hub-pour-accelerer-la-transformation-des-entreprises-vers-ia-agentique\/\">Lire la suite<\/a>\n\t\t\t\t\t\t\t\t\t<\/div>\n\t\t\t\t\t\t\t\t<\/a>\n\t\t\t\t\t\t\t<\/div>\n\t\t\t\t\t\t<\/div><div class=\"col-lg-4 col-md-6 col-xs-12\">\n\t\t\t\t\t\t\t<div class=\"box\">\n\t\t\t\t\t\t\t\t<a aria-label=\"Lire la suite La r\u00e9industrialisation entre dans une phase plus s\u00e9lective et strat\u00e9gique en Europe et aux \u00c9tats Unis\" href=\"https:\/\/www.capgemini.com\/fr-fr\/actualites\/communiques-de-presse\/la-reindustrialisation-entre-dans-une-phase-plus-selective-et-strategique-en-europe-et-aux-etats-unis\/\" class=\"anchorWrapper\">\n\t\t\t\t\t\t\t\t\t<span class=\"box-tag\"><span>Publications<\/span><\/span>\n\t\t\t\t\t\t\t\t\t<div class=\"box-title\"><h3 class=\"box-subtitle\">La r\u00e9industrialisation entre dans une phase plus s\u00e9lective et strat\u00e9gique en Europe et aux \u00c9tats Unis<\/h3><\/div>\n\t\t\t\t\t\t\t\t\t<div class=\"box-date\">\n\t\t\t\t\t\t\t\t\t\t<span>Apr 20, 2026<\/span>\n\t\t\t\t\t\t\t\t\t<\/div>\n\t\t\t\t\t\t\t\t\t<div class=\"box-bottom\">\n\t\t\t\t\t\t\t\t\t\t&lt;a class=&quot;link-download&quot; href=&quot;https:\/\/www.capgemini.com\/fr-fr\/wp-content\/uploads\/sites\/6\/2026\/04\/2026_04_20_Capgemini_Reindustrialisation-of-Europe-and-the-US-report_3rd-edition_press-release_FR.pdf&quot; aria-label=&quot;T\u00e9l\u00e9charger le communiqu\u00e9 de presse&quot; target=&quot;_blank&quot;  type=&quot;download&quot; title=&quot;Opens in a new window&quot;&gt;\n\t\t\t\t\t\t\t&lt;span&gt;T\u00e9l\u00e9charger le communiqu\u00e9 de presse&lt;\/span&gt;\n\t\t\t\t\t\t\t&lt;span&gt;163 KB PDF&lt;\/span&gt;\n\t\t\t\t\t\t&lt;\/a&gt;\n\t\t\t\t\t\t\t\t\t\t<a class=\"more\" aria-label=\"Lire la suite La r\u00e9industrialisation entre dans une phase plus s\u00e9lective et strat\u00e9gique en Europe et aux \u00c9tats Unis\" href=\"https:\/\/www.capgemini.com\/fr-fr\/actualites\/communiques-de-presse\/la-reindustrialisation-entre-dans-une-phase-plus-selective-et-strategique-en-europe-et-aux-etats-unis\/\">Lire la suite<\/a>\n\t\t\t\t\t\t\t\t\t<\/div>\n\t\t\t\t\t\t\t\t<\/a>\n\t\t\t\t\t\t\t<\/div>\n\t\t\t\t\t\t<\/div><\/div><\/div><\/section><\/div>","protected":false},"excerpt":{"rendered":"","protected":false},"author":103,"featured_media":0,"template":"","meta":{"cg_dt_proposed_to":[],"cg_seo_hreflang_relations":"[]","cg_seo_canonical_relation":"{\"uuid\":\"afee4104-1359-4a69-a208-ed6704f423d3\",\"blogId\":\"\",\"domain\":\"\",\"sitePath\":\"\",\"postLink\":\"\",\"postId\":null,\"isSaved\":true,\"isCrossLink\":false,\"hasCrossLink\":false}","cg_seo_hreflang_x_default_relation":"{\"uuid\":\"baf57f0d-0e97-4a25-9e82-2af2934d9bd3\",\"blogId\":\"\",\"domain\":\"\",\"sitePath\":\"\",\"postLink\":\"\",\"postId\":null,\"isSaved\":true,\"isCrossLink\":false,\"hasCrossLink\":false}","cg_dt_approved_content":true,"cg_dt_mandatory_content":false,"cg_dt_notes":"","cg_dg_source_changed":false,"cg_dt_link_disabled":false,"footnotes":"","related_resource_url":"https:\/\/www.capgemini.com\/fr-fr\/wp-content\/uploads\/sites\/6\/2022\/04\/2019_02_21_Leidos-Cyber_closing_FR.pdf","related_resource_id":667550,"related_resource_size":"145 KB","related_resource_type":"pdf","cg_author":0,"featured_focal_points":""},"tags":[],"press-release-type":[],"brand":[],"class_list":["post-667548","press-release","type-press-release","status-publish","hentry"],"yoast_head":"<!-- This site is optimized with the Yoast SEO Premium plugin v22.8 (Yoast SEO v22.8) - https:\/\/yoast.com\/wordpress\/plugins\/seo\/ -->\n<title>Capgemini finalise l\u2019acquisition de Leidos Cyber - Capgemini France<\/title>\n<meta name=\"robots\" content=\"index, follow, max-snippet:-1, max-image-preview:large, max-video-preview:-1\" \/>\n<link rel=\"canonical\" href=\"https:\/\/www.capgemini.com\/fr-fr\/actualites\/communiques-de-presse\/capgemini-finalise-lacquisition-de-leidos-cyber\/\" \/>\n<meta property=\"og:locale\" content=\"fr_FR\" \/>\n<meta property=\"og:type\" content=\"article\" \/>\n<meta property=\"og:title\" content=\"Capgemini finalise l\u2019acquisition de Leidos Cyber\" \/>\n<meta property=\"og:url\" content=\"https:\/\/www.capgemini.com\/fr-fr\/actualites\/communiques-de-presse\/capgemini-finalise-lacquisition-de-leidos-cyber\/\" \/>\n<meta property=\"og:site_name\" content=\"Capgemini France\" \/>\n<meta property=\"article:modified_time\" content=\"2025-03-05T03:34:32+00:00\" \/>\n<meta property=\"og:image\" content=\"https:\/\/www.capgemini.com\/fr-fr\/wp-content\/uploads\/sites\/6\/2025\/10\/image-1.jpg\" \/>\n\t<meta property=\"og:image:width\" content=\"1200\" \/>\n\t<meta property=\"og:image:height\" content=\"627\" \/>\n\t<meta property=\"og:image:type\" content=\"image\/jpeg\" \/>\n<meta name=\"twitter:card\" content=\"summary_large_image\" \/>\n<script type=\"application\/ld+json\" class=\"yoast-schema-graph\">{\"@context\":\"https:\/\/schema.org\",\"@graph\":[{\"@type\":\"WebPage\",\"@id\":\"https:\/\/www.capgemini.com\/fr-fr\/actualites\/communiques-de-presse\/capgemini-finalise-lacquisition-de-leidos-cyber\/\",\"url\":\"https:\/\/www.capgemini.com\/fr-fr\/actualites\/communiques-de-presse\/capgemini-finalise-lacquisition-de-leidos-cyber\/\",\"name\":\"Capgemini finalise l\u2019acquisition de Leidos Cyber - Capgemini France\",\"isPartOf\":{\"@id\":\"https:\/\/www.capgemini.com\/fr-fr\/#website\"},\"datePublished\":\"2019-02-21T15:40:00+00:00\",\"dateModified\":\"2025-03-05T03:34:32+00:00\",\"breadcrumb\":{\"@id\":\"https:\/\/www.capgemini.com\/fr-fr\/actualites\/communiques-de-presse\/capgemini-finalise-lacquisition-de-leidos-cyber\/#breadcrumb\"},\"inLanguage\":\"fr-FR\",\"potentialAction\":[{\"@type\":\"ReadAction\",\"target\":[\"https:\/\/www.capgemini.com\/fr-fr\/actualites\/communiques-de-presse\/capgemini-finalise-lacquisition-de-leidos-cyber\/\"]}]},{\"@type\":\"BreadcrumbList\",\"@id\":\"https:\/\/www.capgemini.com\/fr-fr\/actualites\/communiques-de-presse\/capgemini-finalise-lacquisition-de-leidos-cyber\/#breadcrumb\",\"itemListElement\":[{\"@type\":\"ListItem\",\"position\":1,\"name\":\"Press Releases\",\"item\":\"https:\/\/www.capgemini.com\/fr-fr\/news\/\"},{\"@type\":\"ListItem\",\"position\":2,\"name\":\"Capgemini finalise l\u2019acquisition de Leidos Cyber\"}]},{\"@type\":\"WebSite\",\"@id\":\"https:\/\/www.capgemini.com\/fr-fr\/#website\",\"url\":\"https:\/\/www.capgemini.com\/fr-fr\/\",\"name\":\"Capgemini France\",\"description\":\"Just another www.capgemini.com site\",\"publisher\":{\"@id\":\"https:\/\/www.capgemini.com\/fr-fr\/#organization\"},\"potentialAction\":[{\"@type\":\"SearchAction\",\"target\":{\"@type\":\"EntryPoint\",\"urlTemplate\":\"https:\/\/www.capgemini.com\/fr-fr\/?s={search_term_string}\"},\"query-input\":\"required name=search_term_string\"}],\"inLanguage\":\"fr-FR\"},{\"@type\":\"Organization\",\"@id\":\"https:\/\/www.capgemini.com\/fr-fr\/#organization\",\"name\":\"Capgemini France\",\"url\":\"https:\/\/www.capgemini.com\/fr-fr\/\",\"logo\":{\"@type\":\"ImageObject\",\"inLanguage\":\"fr-FR\",\"@id\":\"https:\/\/www.capgemini.com\/fr-fr\/#\/schema\/logo\/image\/\",\"url\":\"https:\/\/www.capgemini.com\/fr-fr\/wp-content\/uploads\/sites\/6\/2022\/08\/Logo-Capgemini.png\",\"contentUrl\":\"https:\/\/www.capgemini.com\/fr-fr\/wp-content\/uploads\/sites\/6\/2022\/08\/Logo-Capgemini.png\",\"width\":202,\"height\":60,\"caption\":\"Capgemini France\"},\"image\":{\"@id\":\"https:\/\/www.capgemini.com\/fr-fr\/#\/schema\/logo\/image\/\"}}]}<\/script>\n<!-- \/ Yoast SEO Premium plugin. -->","yoast_head_json":{"title":"Capgemini finalise l\u2019acquisition de Leidos Cyber - Capgemini France","robots":{"index":"index","follow":"follow","max-snippet":"max-snippet:-1","max-image-preview":"max-image-preview:large","max-video-preview":"max-video-preview:-1"},"canonical":"https:\/\/www.capgemini.com\/fr-fr\/actualites\/communiques-de-presse\/capgemini-finalise-lacquisition-de-leidos-cyber\/","og_locale":"fr_FR","og_type":"article","og_title":"Capgemini finalise l\u2019acquisition de Leidos Cyber","og_url":"https:\/\/www.capgemini.com\/fr-fr\/actualites\/communiques-de-presse\/capgemini-finalise-lacquisition-de-leidos-cyber\/","og_site_name":"Capgemini France","article_modified_time":"2025-03-05T03:34:32+00:00","og_image":[{"width":1200,"height":627,"url":"https:\/\/www.capgemini.com\/fr-fr\/wp-content\/uploads\/sites\/6\/2025\/10\/image-1.jpg","type":"image\/jpeg"}],"twitter_card":"summary_large_image","schema":{"@context":"https:\/\/schema.org","@graph":[{"@type":"WebPage","@id":"https:\/\/www.capgemini.com\/fr-fr\/actualites\/communiques-de-presse\/capgemini-finalise-lacquisition-de-leidos-cyber\/","url":"https:\/\/www.capgemini.com\/fr-fr\/actualites\/communiques-de-presse\/capgemini-finalise-lacquisition-de-leidos-cyber\/","name":"Capgemini finalise l\u2019acquisition de Leidos Cyber - Capgemini France","isPartOf":{"@id":"https:\/\/www.capgemini.com\/fr-fr\/#website"},"datePublished":"2019-02-21T15:40:00+00:00","dateModified":"2025-03-05T03:34:32+00:00","breadcrumb":{"@id":"https:\/\/www.capgemini.com\/fr-fr\/actualites\/communiques-de-presse\/capgemini-finalise-lacquisition-de-leidos-cyber\/#breadcrumb"},"inLanguage":"fr-FR","potentialAction":[{"@type":"ReadAction","target":["https:\/\/www.capgemini.com\/fr-fr\/actualites\/communiques-de-presse\/capgemini-finalise-lacquisition-de-leidos-cyber\/"]}]},{"@type":"BreadcrumbList","@id":"https:\/\/www.capgemini.com\/fr-fr\/actualites\/communiques-de-presse\/capgemini-finalise-lacquisition-de-leidos-cyber\/#breadcrumb","itemListElement":[{"@type":"ListItem","position":1,"name":"Press Releases","item":"https:\/\/www.capgemini.com\/fr-fr\/news\/"},{"@type":"ListItem","position":2,"name":"Capgemini finalise l\u2019acquisition de Leidos Cyber"}]},{"@type":"WebSite","@id":"https:\/\/www.capgemini.com\/fr-fr\/#website","url":"https:\/\/www.capgemini.com\/fr-fr\/","name":"Capgemini France","description":"Just another www.capgemini.com site","publisher":{"@id":"https:\/\/www.capgemini.com\/fr-fr\/#organization"},"potentialAction":[{"@type":"SearchAction","target":{"@type":"EntryPoint","urlTemplate":"https:\/\/www.capgemini.com\/fr-fr\/?s={search_term_string}"},"query-input":"required name=search_term_string"}],"inLanguage":"fr-FR"},{"@type":"Organization","@id":"https:\/\/www.capgemini.com\/fr-fr\/#organization","name":"Capgemini France","url":"https:\/\/www.capgemini.com\/fr-fr\/","logo":{"@type":"ImageObject","inLanguage":"fr-FR","@id":"https:\/\/www.capgemini.com\/fr-fr\/#\/schema\/logo\/image\/","url":"https:\/\/www.capgemini.com\/fr-fr\/wp-content\/uploads\/sites\/6\/2022\/08\/Logo-Capgemini.png","contentUrl":"https:\/\/www.capgemini.com\/fr-fr\/wp-content\/uploads\/sites\/6\/2022\/08\/Logo-Capgemini.png","width":202,"height":60,"caption":"Capgemini France"},"image":{"@id":"https:\/\/www.capgemini.com\/fr-fr\/#\/schema\/logo\/image\/"}}]}},"parsely":{"version":"1.1.0","canonical_url":"https:\/\/capgemini.com\/fr-fr\/actualites\/communiques-de-presse\/capgemini-finalise-lacquisition-de-leidos-cyber\/","smart_links":{"inbound":0,"outbound":0},"traffic_boost_suggestions_count":0,"meta":{"@context":"https:\/\/schema.org","@type":"NewsArticle","headline":"Capgemini finalise l\u2019acquisition de Leidos Cyber","url":"https:\/\/www.capgemini.com\/fr-fr\/actualites\/communiques-de-presse\/capgemini-finalise-lacquisition-de-leidos-cyber\/","mainEntityOfPage":{"@type":"WebPage","@id":"https:\/\/www.capgemini.com\/fr-fr\/actualites\/communiques-de-presse\/capgemini-finalise-lacquisition-de-leidos-cyber\/"},"thumbnailUrl":"","image":{"@type":"ImageObject","url":""},"articleSection":"Uncategorized","author":[],"creator":[],"publisher":{"@type":"Organization","name":"Capgemini France","logo":""},"keywords":[],"dateCreated":"2019-02-21T15:40:00Z","datePublished":"2019-02-21T15:40:00Z","dateModified":"2025-03-05T03:34:32Z"},"rendered":"<meta name=\"parsely-title\" content=\"Capgemini finalise l\u2019acquisition de Leidos Cyber\" \/>\n<meta name=\"parsely-link\" content=\"https:\/\/www.capgemini.com\/fr-fr\/actualites\/communiques-de-presse\/capgemini-finalise-lacquisition-de-leidos-cyber\/\" \/>\n<meta name=\"parsely-type\" content=\"post\" \/>\n<meta name=\"parsely-pub-date\" content=\"2019-02-21T15:40:00Z\" \/>\n<meta name=\"parsely-section\" content=\"Uncategorized\" \/>","tracker_url":"https:\/\/cdn.parsely.com\/keys\/capgemini.com\/p.js"},"archive_status":false,"featured_image_src":"https:\/\/www.capgemini.com\/fr-fr\/wp-content\/themes\/capgemini2025\/assets\/images\/mockup.png","featured_image_alt":false,"jetpack_sharing_enabled":true,"distributor_meta":false,"distributor_terms":false,"distributor_media":false,"distributor_original_site_name":"Capgemini France","distributor_original_site_url":"https:\/\/www.capgemini.com\/fr-fr","push-errors":false,"tag_names":[],"_links":{"self":[{"href":"https:\/\/www.capgemini.com\/fr-fr\/wp-json\/wp\/v2\/press-release\/667548","targetHints":{"allow":["GET"]}}],"collection":[{"href":"https:\/\/www.capgemini.com\/fr-fr\/wp-json\/wp\/v2\/press-release"}],"about":[{"href":"https:\/\/www.capgemini.com\/fr-fr\/wp-json\/wp\/v2\/types\/press-release"}],"author":[{"embeddable":true,"href":"https:\/\/www.capgemini.com\/fr-fr\/wp-json\/wp\/v2\/users\/103"}],"version-history":[{"count":6,"href":"https:\/\/www.capgemini.com\/fr-fr\/wp-json\/wp\/v2\/press-release\/667548\/revisions"}],"predecessor-version":[{"id":778304,"href":"https:\/\/www.capgemini.com\/fr-fr\/wp-json\/wp\/v2\/press-release\/667548\/revisions\/778304"}],"wp:attachment":[{"href":"https:\/\/www.capgemini.com\/fr-fr\/wp-json\/wp\/v2\/media?parent=667548"}],"wp:term":[{"taxonomy":"post_tag","embeddable":true,"href":"https:\/\/www.capgemini.com\/fr-fr\/wp-json\/wp\/v2\/tags?post=667548"},{"taxonomy":"press-release-type","embeddable":true,"href":"https:\/\/www.capgemini.com\/fr-fr\/wp-json\/wp\/v2\/press-release-type?post=667548"},{"taxonomy":"brand","embeddable":true,"href":"https:\/\/www.capgemini.com\/fr-fr\/wp-json\/wp\/v2\/brand?post=667548"}],"curies":[{"name":"wp","href":"https:\/\/api.w.org\/{rel}","templated":true}]}}