{"id":667388,"date":"2020-02-13T15:02:00","date_gmt":"2020-02-13T15:02:00","guid":{"rendered":"https:\/\/www.capgemini.com\/fr-fr\/?post_type=press-release&#038;p=667388"},"modified":"2025-03-05T03:55:54","modified_gmt":"2025-03-05T02:55:54","slug":"capgemini-renforce-sa-position-parmi-les-leaders-mondiaux-grace-a-sa-bonne-performance-2019","status":"publish","type":"press-release","link":"https:\/\/www.capgemini.com\/fr-fr\/actualites\/communiques-de-presse\/capgemini-renforce-sa-position-parmi-les-leaders-mondiaux-grace-a-sa-bonne-performance-2019\/","title":{"rendered":"Capgemini renforce sa position parmi les leaders mondiaux gr\u00e2ce \u00e0 sa bonne performance 2019"},"content":{"rendered":"\t\t<div class=\"wp-block-cg-blocks-hero-press-release\">\n\t\t\t<header class=\"header-hero-press-release\" role=\"main\" id=\"main-content-press-release\">\n\t\t\t\t<div class=\"container\">\n\t\t\t\t\t<div class=\"hero-press-release\">\n\t\t\t\t\t\t<div class=\"hero-press-release-content-wrapper\">\n\t\t\t\t\t\t\t<div class=\"row\">\n\t\t\t\t\t\t\t\t<div class=\"col-12\">\n\t\t\t\t\t\t\t\t\t<div class=\"header-title\">\n\t\t\t\t\t\t\t\t\t\t<h1>\n\t\t\t\t\t\t\t\t\t\t\tCapgemini renforce sa position parmi les leaders mondiaux gr\u00e2ce \u00e0 sa bonne performance 2019\t\t\t\t\t\t\t\t\t\t<\/h1>\n\t\t\t\t\t\t\t\t\t<\/div>\n\t\t\t\t\t\t\t\t\t<div class=\"header-description\">\n\t\t\t\t\t\t\t\t\t\t<p><\/p>\n\t\t\t\t\t\t\t\t\t<\/div>\n\t\t\t\t\t\t\t\t\t\t\t\t\t\t\t\t\t\t<div class=\"header-date\">\n\t\t\t\t\t\t\t\t\t\t<span>f\u00e9vr. 13, 2020<\/span>\n\t\t\t\t\t\t\t\t\t<\/div>\n\t\t\t\t\t\t\t\t<\/div>\n\t\t\t\t\t\t\t<\/div>\n\t\t\t\t\t\t<\/div>\n\t\t\t\t\t\t\t\t\t\t\t\t\t<div class=\"hero-press-release-downloads\">\n\t\t\t\t\t\t\t\t<div class=\"row\">\n\t\t\t\t\t\t\t\t\t\t\t\t\t\t\t\t\t\t\t<div class=\"col-12 col-md-6 col-lg-3\">\n\t\t\t\t\t\t\t\t\t\t\t<a class=\"download-item\" type=\"download\" href=\"https:\/\/www.capgemini.com\/fr-fr\/wp-content\/uploads\/sites\/6\/2022\/04\/Capgemini-renforce-sa-position-parmi-les-leaders-mondiaux-grace-a-sa-bonne-performance-2019.pdf\" target=\"_blank\" rel=\"noopener noreferrer\" title=\"Ouvrir dans une nouvelle fen\u00eatre\">\n\t\t\t\t\t\t\t\t\t\t\t\t<div class=\"download-icon\"><\/div>\n\t\t\t\t\t\t\t\t\t\t\t\t<div class=\"download-details\">\n\t\t\t\t\t\t\t\t\t\t\t\t\t<div class=\"download-title\">Download press release<\/div>\n\t\t\t\t\t\t\t\t\t\t\t\t\t<div class=\"download-props\">316 KB  pdf<\/div>\n\t\t\t\t\t\t\t\t\t\t\t\t<\/div>\n\t\t\t\t\t\t\t\t\t\t\t<\/a>\n\t\t\t\t\t\t\t\t\t\t<\/div>\n\t\t\t\t\t\t\t\t\t\t\t\t\t\t\t\t\t\t\t\t<div class=\"col-12 col-md-6 col-lg-3\">\n\t\t\t\t\t\t\t\t\t\t\t<a class=\"download-item\" type=\"download\" href=\"https:\/\/www.capgemini.com\/fr-fr\/wp-content\/uploads\/sites\/6\/2022\/04\/Infographie-Performance-T4-2019.pdf\" target=\"_blank\" rel=\"noopener noreferrer\" title=\"Ouvrir dans une nouvelle fen\u00eatre\">\n\t\t\t\t\t\t\t\t\t\t\t\t<div class=\"download-icon\"><\/div>\n\t\t\t\t\t\t\t\t\t\t\t\t<div class=\"download-details\">\n\t\t\t\t\t\t\t\t\t\t\t\t\t<div class=\"download-title\">Download press release<\/div>\n\t\t\t\t\t\t\t\t\t\t\t\t\t<div class=\"download-props\">90 KB  pdf<\/div>\n\t\t\t\t\t\t\t\t\t\t\t\t<\/div>\n\t\t\t\t\t\t\t\t\t\t\t<\/a>\n\t\t\t\t\t\t\t\t\t\t<\/div>\n\t\t\t\t\t\t\t\t\t\t\t\t\t\t\t\t\t\t\t\t<div class=\"col-12 col-md-6\">\n\t\t\t\t\t\t\t\t\t\t\t<a class=\"download-item\" type=\"download\" href=\"https:\/\/www.capgemini.com\/fr-fr\/wp-content\/uploads\/sites\/6\/2022\/04\/Infographie-Capgemini-Resultats-annuels-2019.pdf\" target=\"_blank\" rel=\"noopener noreferrer\" title=\"Ouvrir dans une nouvelle fen\u00eatre\">\n\t\t\t\t\t\t\t\t\t\t\t\t<div class=\"download-icon\"><\/div>\n\t\t\t\t\t\t\t\t\t\t\t\t<div class=\"download-details\">\n\t\t\t\t\t\t\t\t\t\t\t\t\t<div class=\"download-title\">Download press release<\/div>\n\t\t\t\t\t\t\t\t\t\t\t\t\t<div class=\"download-props\">113 KB  pdf<\/div>\n\t\t\t\t\t\t\t\t\t\t\t\t<\/div>\n\t\t\t\t\t\t\t\t\t\t\t<\/a>\n\t\t\t\t\t\t\t\t\t\t<\/div>\n\t\t\t\t\t\t\t\t\t\t\t\t\t\t\t\t\t\t<\/div>\n\t\t\t\t\t\t\t<\/div>\n\t\t\t\t\t\t\t\t\t\t\t\t\t\t\t\t\t<\/div>\n\t\t\t\t<\/div>\n\t\t\t<\/header>\n\t\t<\/div>\n\t\t\n\n\n<section class=\"wp-block-cg-blocks-intro-para undefined section section--intro\"><div class=\"intro-para\"><div class=\"container\"><div class=\"row\"><div class=\"col-12 col-md-1\"><nav class=\"article-social\"><ul class=\"social-nav\"><li class=\"ip-order-fb\"><a href=\"https:\/\/www.facebook.com\/sharer\/sharer.php?u=https:\/\/www.capgemini.com\/fr-fr\/actualites\/communiques-de-presse\/capgemini-renforce-sa-position-parmi-les-leaders-mondiaux-grace-a-sa-bonne-performance-2019\/\" target=\"_blank\" rel=\"noopener noreferrer\" title=\"Ouvrir dans une nouvelle fen\u00eatre\"><i aria-hidden=\"true\" class=\"icon-fb\"><\/i><span class=\"sr-only\">Facebook<\/span><\/a><\/li><li class=\"ip-order-li\"><a href=\"https:\/\/www.linkedin.com\/sharing\/share-offsite\/?url=https:\/\/www.capgemini.com\/fr-fr\/actualites\/communiques-de-presse\/capgemini-renforce-sa-position-parmi-les-leaders-mondiaux-grace-a-sa-bonne-performance-2019\/\" target=\"_blank\" rel=\"noopener noreferrer\" title=\"Ouvrir dans une nouvelle fen\u00eatre\"><i aria-hidden=\"true\" class=\"icon-li\"><\/i><span class=\"sr-only\">Linkedin<\/span><\/a><\/li><\/ul><\/nav><\/div><div class=\"col-12 col-md-11 col-lg-10\"><h2 class=\"intro-para-title\"><strong>Paris, le 13 f\u00e9vrier 2020<\/strong> \u2013 R\u00e9uni \u00e0 Paris le 12 f\u00e9vrier 2020 sous la pr\u00e9sidence de Paul Hermelin, le Conseil d\u2019Administration de Capgemini SE a examin\u00e9 et arr\u00eat\u00e9 les comptes[1] du groupe Capgemini pour l\u2019exercice clos le 31 d\u00e9cembre 2019.<\/h2><\/div><\/div><\/div><\/div><\/section>\n\n\n\n<section class=\"wp-block-cg-blocks-group undefined section section--article-content\"><div class=\"article-main-content\"><div class=\"container\"><div class=\"row\"><div class=\"col-12 col-md-11 col-lg-10 offset-md-1 offset-lg-1\"><div class=\"article-text article-quote-text\">\n<p><a href=\"\/cookie-settings\/#cookie-consent\">Please allow statistical cookies to see this Youtube embed<\/a><\/p>\n\n\n\n<p>Pour Paul Hermelin, Pr\u00e9sident-directeur g\u00e9n\u00e9ral du groupe Capgemini et Aiman Ezzat, prochain Directeur G\u00e9n\u00e9ral du groupe Capgemini \u00e0 l\u2019issue de l\u2019Assembl\u00e9e G\u00e9n\u00e9rale de mai 2020&nbsp;: <em>\u00ab Les bons r\u00e9sultats de 2019 s\u2019inscrivent dans la dynamique enclench\u00e9e il y a maintenant plusieurs ann\u00e9es. La croissance de notre chiffre d\u2019affaires est une nouvelle fois au-dessus de la moyenne du march\u00e9, comme nous nous y \u00e9tions engag\u00e9s. Notre marge op\u00e9rationnelle progresse pour la 9<sup>\u00e8me<\/sup> ann\u00e9e cons\u00e9cutive et nous avons largement d\u00e9pass\u00e9 notre objectif en mati\u00e8re de g\u00e9n\u00e9ration de tr\u00e9sorerie. La qualit\u00e9 de cette performance financi\u00e8re d\u00e9montre ainsi la solidit\u00e9 de notre mod\u00e8le et notre rigueur de gestion.<\/em><\/p>\n\n\n\n<p><em>Ces bons r\u00e9sultats forment un socle robuste pour aborder 2020 avec confiance. Nous pourrons nous appuyer d\u2019abord sur un carnet de commandes bien fourni, mais aussi sur notre capacit\u00e9 d\u00e9montr\u00e9e en 2019 \u00e0 gagner des projets d\u2019envergure et sur la profondeur de notre portefeuille d\u2019offres.<\/em><\/p>\n\n\n\n<p><em>Nous sommes d\u00e9termin\u00e9s \u00e0 d\u00e9velopper notre pr\u00e9sence dans le domaine de \u00ab l\u2019Intelligent Industry \u00bb. Nous r\u00e9it\u00e9rons notre confiance sur les prochaines \u00e9tapes \u00e0 franchir dans le cadre de l\u2019OPA amicale sur Altran pour pouvoir prendre ensuite le leadership sur le segment tr\u00e8s prometteur de la transformation digitale des entreprises industrielles. \u00bb<\/em><\/p>\n\n\n\n<h2 class=\"wp-block-heading\" id=\"h-chiffres-cles-de-l-annee-2019\">CHIFFRES CL\u00c9S DE L\u2019ANN\u00c9E 2019<\/h2>\n\n\n\n<figure class=\"wp-block-image\"><img decoding=\"async\" src=\"https:\/\/www.capgemini.com\/fr-fr\/wp-content\/uploads\/sites\/2\/2020\/02\/1.jpg\" alt=\"\" class=\"wp-image-143711\"\/><\/figure>\n\n\n\n<p>En 2019, Capgemini a continu\u00e9 de cro\u00eetre plus vite que le march\u00e9 et am\u00e9lior\u00e9 de nouveau sa profitabilit\u00e9 et sa g\u00e9n\u00e9ration de <em>free cash-flow<\/em> organique*.<\/p>\n\n\n\n<p>Le Groupe a r\u00e9alis\u00e9 en 2019 un <strong>chiffre d\u2019affaires<\/strong> de 14 125&nbsp;millions d\u2019euros, en progression de 7,0% par rapport \u00e0 celui de 2018. Cela repr\u00e9sente une croissance de 5,3% \u00e0 taux de change constants*, en ligne avec l\u2019objectif de r\u00e9aliser en 2019 une croissance \u00ab&nbsp;autour 5,5%&nbsp;\u00bb (objectif tel qu\u2019ajust\u00e9 lors de la publication du chiffre d\u2019affaires du 3<sup>\u00e8me<\/sup> trimestre 2019). La croissance organique* du Groupe, c\u2019est-\u00e0-dire hors impact des devises et des variations de p\u00e9rim\u00e8tre, s\u2019\u00e9tablit \u00e0 4,2%.<\/p>\n\n\n\n<p>Le <strong>Digital<\/strong> et le <strong>Cloud <\/strong>repr\u00e9sentent d\u00e9sormais plus de 50% de l\u2019activit\u00e9 du Groupe, avec une croissance sup\u00e9rieure \u00e0 20% \u00e0 taux de change constants en 2019.<\/p>\n\n\n\n<p>Les <strong>prises de commandes<\/strong> sont en forte croissance, 11% \u00e0 taux de change constants, pour atteindre 15&nbsp;138&nbsp;millions d\u2019euros. Cette performance refl\u00e8te la capacit\u00e9 du Groupe \u00e0 se positionner sur des grands contrats de transformation digitale et obtenir des engagements clients pluriannuels.<\/p>\n\n\n\n<p>La <strong>marge op\u00e9rationnelle<\/strong>* atteint 1 741&nbsp;millions d\u2019euros et 12,3% du chiffre d\u2019affaires, soit un accroissement de 9% en valeur et de 20&nbsp;points de base en taux en ligne avec les objectifs de l\u2019ann\u00e9e. Le portefeuille d\u2019offres innovantes est le principal moteur de cette cr\u00e9ation de valeur, comme l\u2019illustre la marge brute qui progresse dans les m\u00eames proportions. Le Groupe d\u00e9montre ainsi une nouvelle fois sa capacit\u00e9 \u00e0 combiner croissance et profitabilit\u00e9, et ce dans un environnement \u00e9conomique plus contrast\u00e9. Du point de vue g\u00e9ographique, cette progression de la marge op\u00e9rationnelle est principalement tir\u00e9e par l\u2019augmentation de la profitabilit\u00e9 de la r\u00e9gion Royaume-Uni et Irlande, en France ainsi que, dans une moindre mesure, en Am\u00e9rique du Nord.<\/p>\n\n\n\n<p>Les autres produits et charges op\u00e9rationnels s\u2019\u00e9tablissent en baisse pour repr\u00e9senter une charge nette de 308&nbsp;millions d\u2019euros contre 346&nbsp;millions d\u2019euros en 2018. Cette \u00e9volution est principalement due \u00e0 la diminution sensible des co\u00fbts de restructuration, comme attendu, qui sont pass\u00e9s de 122 millions d\u2019euros en 2018 \u00e0 82&nbsp;millions d\u2019euros en 2019.<\/p>\n\n\n\n<p>Le <strong>r\u00e9sultat d\u2019exploitation<\/strong> s\u2019\u00e9l\u00e8ve \u00e0 1 433 millions d\u2019euros et 10,1% du chiffre d\u2019affaires contre 1 251 millions d\u2019euros et 9,5% du chiffre d\u2019affaires en 2018.<\/p>\n\n\n\n<p>Le <strong>r\u00e9sultat financier<\/strong> repr\u00e9sente une charge de 79 millions d\u2019euros, quasi stable par rapport aux 80&nbsp;millions d\u2019euros enregistr\u00e9s l\u2019ann\u00e9e pr\u00e9c\u00e9dente. La charge d\u2019<strong>imp\u00f4t<\/strong> passe de 447 millions d\u2019euros en 2018 \u00e0 502 millions d\u2019euros cette ann\u00e9e, dont 60 millions d\u2019euros li\u00e9s \u00e0 l\u2019impact transitoire de la r\u00e9forme fiscale aux Etats-Unis, contre 53 millions d\u2019euros l\u2019ann\u00e9e pr\u00e9c\u00e9dente. Avant la prise en compte de ces charges, le taux effectif d\u2019imp\u00f4t est en baisse \u00e0 32,6% contre 33,7% en 2018.<\/p>\n\n\n\n<p>Le <strong>r\u00e9sultat net part du Groupe<\/strong> progresse fortement \u00e0 856&nbsp;millions d\u2019euros pour l\u2019ann\u00e9e 2019, en hausse de 17% par rapport \u00e0 2018. Le <strong>b\u00e9n\u00e9fice par action (non dilu\u00e9)<\/strong> pour l\u2019exercice 2019 est de 5,15&nbsp;euros. Le <strong>r\u00e9sultat normalis\u00e9 par action<\/strong>* est de 6,40 euros et s\u2019\u00e9tablirait \u00e0 6,76 euros en retraitant la charge transitoire d\u2019imp\u00f4t aux Etats-Unis, soit une progression annuelle de 12%.<\/p>\n\n\n\n<p>Le <strong><em>free cash-flow <\/em>organique<\/strong>* s\u2019\u00e9tablit en forte hausse \u00e0 1&nbsp;288&nbsp;millions d\u2019euros et d\u00e9passe ainsi largement l\u2019objectif de 1&nbsp;100&nbsp;millions d\u2019euros fix\u00e9 en d\u00e9but d\u2019ann\u00e9e. Cette performance refl\u00e8te en premier lieu la progression de la marge op\u00e9rationnelle et dans une moindre mesure la baisse des co\u00fbts de restructuration. Le Groupe a \u00e9galement b\u00e9n\u00e9fici\u00e9 sur l\u2019exercice 2019 d\u2019une am\u00e9lioration de 30 millions d\u2019euros de son besoin en fonds de roulement.<\/p>\n\n\n\n<p>Capgemini a d\u00e9caiss\u00e9 un montant net de 578 millions d\u2019euros au titre des acquisitions r\u00e9alis\u00e9es au cours de l\u2019exercice 2019 (dont 411 millions d\u2019euros hors frais au titre de l\u2019acquisition du bloc de 11,43% d\u2019actions Altran). De plus le Groupe a vers\u00e9 282&nbsp;millions d\u2019euros de dividendes et allou\u00e9 150 millions d\u2019euros aux rachats d\u2019actions au titre du programme pluriannuel. Le 6<sup>\u00e8me<\/sup> plan d\u2019actionnariat salari\u00e9 a donn\u00e9 lieu \u00e0 une augmentation de capital d\u2019un montant brut de 254 millions d\u2019euros.<\/p>\n\n\n\n<p>Le Conseil d\u2019Administration a d\u00e9cid\u00e9 de proposer \u00e0 l\u2019Assembl\u00e9e G\u00e9n\u00e9rale du 20 mai 2020 le versement d\u2019un dividende de 1,90 euro par action, soit une progression de 12% par rapport au dividende vers\u00e9 en 2019. Le taux de distribution du r\u00e9sultat net<sup>3<\/sup>, part du Groupe, s\u2019\u00e9tablirait ainsi \u00e0 35% conform\u00e9ment \u00e0 la politique de distribution du Groupe.<\/p>\n\n\n\n<h2 class=\"wp-block-heading\" id=\"h-evolution-de-l-activite-par-regions\">\u00c9VOLUTION DE L\u2019ACTIVIT\u00c9 PAR R\u00c9GIONS<\/h2>\n\n\n\n<p>Le chiffre d\u2019affaires de la r\u00e9gion <strong>Am\u00e9rique du Nord<\/strong> (32% du chiffre d\u2019affaires du Groupe) a progress\u00e9 de 2,6% \u00e0 taux de change constants, sur une base de comparaison exigeante puisque la r\u00e9gion avait enregistr\u00e9 une croissance de 14,4% en 2018. Les secteurs Services et Energie &amp; <em>Utilities<\/em> ont \u00e9t\u00e9 les plus dynamiques. Le taux de marge op\u00e9rationnelle progresse de 30 points de base sur un an, pour s\u2019\u00e9tablir \u00e0 13,9%.<\/p>\n\n\n\n<p>La r\u00e9gion <strong>Royaume-Uni &amp; Irlande<\/strong> (12% du chiffre d\u2019affaires du Groupe) a enregistr\u00e9 une croissance robuste de 4,7% \u00e0 taux de change constants sur l\u2019ensemble de l\u2019exercice, en d\u00e9pit de la d\u00e9c\u00e9l\u00e9ration constat\u00e9e comme pr\u00e9vu dans les derniers mois de l\u2019ann\u00e9e. L\u2019activit\u00e9 a \u00e9t\u00e9 soutenue principalement par les secteurs de l\u2019Industrie, Energie &amp; <em>Utilities et <\/em>Biens de consommation &amp; Commerce, tandis que le secteur public est rest\u00e9 quasi-stable. Le taux de marge op\u00e9rationnelle s\u2019inscrit en forte hausse \u00e0 15,2% contre 12,6% en 2018.<\/p>\n\n\n\n<p>L\u2019activit\u00e9 en <strong>France<\/strong> (21% du chiffre d\u2019affaires du Groupe) s\u2019est montr\u00e9e solide avec un chiffre d\u2019affaires en hausse de 5,9%. La demande a \u00e9t\u00e9 aliment\u00e9e en particulier par les secteurs de l\u2019Industrie, des Services et le secteur public. Le taux de marge op\u00e9rationnelle poursuit son am\u00e9lioration pour atteindre 12,1% du chiffre d\u2019affaires, en hausse de 100 points de base sur un an.<\/p>\n\n\n\n<p>La r\u00e9gion <strong>Reste de l\u2019Europe<\/strong> (27% du chiffre d\u2019affaires du Groupe) a maintenu un rythme de croissance soutenu avec une progression de chiffre d\u2019affaires de 6,2% \u00e0 taux de change constants. Les secteurs les plus actifs ont \u00e9t\u00e9 Energie &amp; <em>Utilities<\/em>, Biens de consommation &amp; Commerce et l\u2019Industrie. La r\u00e9gion enregistre un tassement de son taux de marge op\u00e9rationnelle qui atteint 11,8% contre 13,0% un an plus t\u00f4t.<\/p>\n\n\n\n<p>Enfin, la r\u00e9gion <strong>Asie-Pacifique et Am\u00e9rique latine<\/strong> (8% du chiffre d\u2019affaires du Groupe) aura connu une ann\u00e9e particuli\u00e8rement dynamique avec une hausse de 12,8% de son chiffre d\u2019affaires \u00e0 taux de change constants, l\u2019ensemble des principaux secteurs ayant contribu\u00e9 \u00e0 cette performance. Le taux de marge op\u00e9rationnelle de la r\u00e9gion s\u2019inscrit toutefois en recul \u00e0 11,2% contre 12,8% en 2018.<\/p>\n\n\n\n<h2 class=\"wp-block-heading\" id=\"h-evolution-de-l-activite-par-metiers\">\u00c9VOLUTION DE L\u2019ACTIVIT\u00c9 PAR M\u00c9TIERS<\/h2>\n\n\n\n<p>Les activit\u00e9s de conseil en <strong>Strat\u00e9gie<\/strong> et <strong>Transformation <\/strong>(7% du chiffre d\u2019affaires total* du Groupe), regroup\u00e9es au sein de Capgemini Invent, enregistrent une hausse de leur chiffre d\u2019affaires total de 15,1% \u00e0 taux de change constants. La croissance a \u00e9t\u00e9 aliment\u00e9e principalement par les secteurs de l\u2019Industrie, Energie &amp; <em>Utilities<\/em> et TMT (T\u00e9l\u00e9com, M\u00e9dia &amp; Technologie).<\/p>\n\n\n\n<p>Les services d\u2019<strong>Applications <\/strong>et de<strong> Technologie<\/strong> (71% du chiffre d\u2019affaires total du Groupe), qui constituent le c\u0153ur de l\u2019activit\u00e9 du Groupe, voient leur chiffre d\u2019affaires total augmenter de 4,8% \u00e0 taux de change constants. Les secteurs des Services, Energie &amp; <em>Utilities<\/em> et de l\u2019Industrie ont \u00e9t\u00e9 les plus dynamiques sur l\u2019ann\u00e9e \u00e9coul\u00e9e.<\/p>\n\n\n\n<p>Enfin, le chiffre d\u2019affaires total des services d\u2019<strong>Op\u00e9rations<\/strong> et d\u2019<strong>Ing\u00e9nierie<\/strong> (22% du chiffre d\u2019affaires total du Groupe) est en croissance de 4,9% \u00e0 taux de change constants. Les m\u00e9tiers d\u2019op\u00e9rations et d\u2019ing\u00e9nierie b\u00e9n\u00e9ficient des succ\u00e8s grandissants du Groupe dans les contrats pluriannuels, notamment pour ses services li\u00e9s aux infrastructures Cloud. Avec le positionnement du Groupe sur l\u2019 \u00ab&nbsp;<em>Intelligent industry<\/em>&nbsp;\u00bb, les activit\u00e9s de <em>Digital Manufacturing<\/em> et d\u2019ing\u00e9nierie (<em>Digital Engineering &amp; Manufacturing Services<\/em>) poursuivent leur d\u00e9veloppement sur un rythme soutenu.<\/p>\n\n\n\n<h2 class=\"wp-block-heading\" id=\"h-evolution-de-l-activite-au-4-eme-trimestre\">\u00c9VOLUTION DE L\u2019ACTIVIT\u00c9 AU 4<sup>\u00e8me<\/sup> TRIMESTRE<\/h2>\n\n\n\n<p>Comme pr\u00e9vu et annonc\u00e9 lors de la publication de son chiffre d\u2019affaires du 3<sup>\u00e8me<\/sup> trimestre 2019, le Groupe a enregistr\u00e9 une croissance moins dynamique au 4<sup>\u00e8me<\/sup> trimestre avec un chiffre d\u2019affaires de 3 650 millions d\u2019euros sur la p\u00e9riode. L\u2019augmentation de son chiffre d\u2019affaires par rapport \u00e0 la m\u00eame p\u00e9riode de 2018 s\u2019\u00e9tablit ainsi \u00e0 2,9% \u00e0 taux de change constants et 2,2% \u00e0 taux de change et p\u00e9rim\u00e8tre constants.<\/p>\n\n\n\n<p>Conform\u00e9ment aux anticipations du Groupe, l\u2019activit\u00e9 s\u2019est contract\u00e9e dans la r\u00e9gion Royaume Uni &amp; Irlande (-&nbsp;3,1%) dans un contexte d\u2019attentisme marqu\u00e9, entretenu par les \u00e9lections g\u00e9n\u00e9rales intervenues en d\u00e9cembre et l\u2019imminence du Brexit. Le chiffre d\u2019affaires s\u2019inscrit en l\u00e9ger recul en Am\u00e9rique du Nord (-0,4% \u00e0 taux de change constants). La r\u00e9gion Asie-Pacifique et Am\u00e9rique Latine a maintenu son rythme de croissance \u00e0 deux chiffres sur les derniers mois de l\u2019ann\u00e9e (+10,3%). La r\u00e9gion Reste de l\u2019Europe a enregistr\u00e9 une croissance toujours robuste de 6,3%, et la France est rest\u00e9e solide avec une progression de 4,5% de son chiffre d\u2019affaires.<\/p>\n\n\n\n<p>Par m\u00e9tier, les activit\u00e9s de conseil en Strat\u00e9gie et Transformation au 4<sup>\u00e8me<\/sup> trimestre sont rest\u00e9es dynamiques avec une croissance de leur chiffre d\u2019affaires total de 8,0% \u00e0 taux de change constants. Les services d\u2019Applications et de Technologie ont enregistr\u00e9 une d\u00e9c\u00e9l\u00e9ration avec une progression de leur chiffre d\u2019affaires total limit\u00e9e \u00e0 1,7%. Ceci refl\u00e8te entre autres une contraction dans le secteur des Services financiers. Enfin, le chiffre d\u2019affaires total des services d\u2019Op\u00e9rations et d\u2019Ing\u00e9nierie a augment\u00e9 de 4,9% \u00e0 taux de change constants.<\/p>\n\n\n\n<p>Les prises de commandes enregistr\u00e9es sur le trimestre progressent de 16% \u00e0 taux de change constants pour atteindre 4&nbsp;624 millions d\u2019euros.<\/p>\n\n\n\n<h2 class=\"wp-block-heading\" id=\"h-responsabilite-sociale-et-environnementale\">RESPONSABILIT\u00c9 SOCIALE ET ENVIRONNEMENTALE<\/h2>\n\n\n\n<p>2019 a \u00e9t\u00e9 une ann\u00e9e charni\u00e8re pour le programme de responsabilit\u00e9 sociale et environnementale \u00ab&nbsp;Architectes d\u2019avenirs positifs&nbsp;\u00bb. Capgemini continue de faire d\u2019importants progr\u00e8s en mati\u00e8re de r\u00e9duction de son empreinte carbone&nbsp;: \u00e0 fin 2019, les \u00e9missions de CO2e par employ\u00e9 \u00e9taient inf\u00e9rieures de 29,3% \u00e0 celles de 2015, bien en avance sur l\u2019objectif de 20% fix\u00e9 pour 2020. Le Groupe a renforc\u00e9 son engagement en faveur de la diversit\u00e9 et de l\u2019inclusion, avec d\u00e9sormais 50% de femmes au sein du conseil d\u2019administration et 33% dans l\u2019effectif total. L\u2019objectif d\u2019inclusion num\u00e9rique a \u00e9galement \u00e9t\u00e9 d\u00e9pass\u00e9 avec plus de 1 560 dipl\u00f4m\u00e9s (contre 600 pr\u00e9vus) au sein des \u00ab&nbsp;<em>Digital Academy<\/em>&nbsp;\u00bb. Aujourd\u2019hui, Capgemini a ouvert 13 \u00ab&nbsp;<em>Digital Academy<\/em>&nbsp;\u00bb&nbsp;dans 7 pays, deux ans seulement apr\u00e8s le lancement de ce programme.<\/p>\n\n\n\n<p>Cette performance a \u00e9t\u00e9 reconnue au niveau international : Capgemini a rejoint la prestigieuse \u00ab&nbsp;A&nbsp;List&nbsp;\u00bb du CDP (<em>Carbon Disclosure Project<\/em>) pour son engagement en faveur de la <em>Net-Zero Economy<\/em> et a obtenu la certification Global EDGE pour son engagement actif en faveur de la diversit\u00e9 et de l\u2019inclusion. Pour la 7<sup>\u00e8me<\/sup> ann\u00e9e cons\u00e9cutive, Capgemini a \u00e9galement \u00e9t\u00e9 distingu\u00e9 en 2019 comme l\u2019une des entreprises les plus \u00e9thiques au monde par Ethisphere Institute.<\/p>\n\n\n\n<h2 class=\"wp-block-heading\" id=\"h-evolution-des-effectifs\">\u00c9VOLUTION DES EFFECTIFS<\/h2>\n\n\n\n<p>Au 31 d\u00e9cembre 2019, l\u2019effectif total de Capgemini s\u2019\u00e9tablit \u00e0 219 300 personnes soit une augmentation de 3,8% sur un an. Les effectifs <em>offshore<\/em> repr\u00e9sentent 125 500 collaborateurs, soit 57% de l\u2019effectif total du Groupe.<\/p>\n\n\n\n<h2 class=\"wp-block-heading\" id=\"h-bilan\">BILAN<\/h2>\n\n\n\n<p>Capgemini a renforc\u00e9 en 2019 sa structure financi\u00e8re avec des fonds propres qui progressent de 944 millions d\u2019euros et une r\u00e9duction de 584 millions d\u2019euros de son endettement net.<\/p>\n\n\n\n<p>Le Groupe dispose au 31 d\u00e9cembre 2019 d\u2019une tr\u00e9sorerie de 2 450 millions d\u2019euros, contre 2 004 millions d\u2019euros un an plus t\u00f4t. Compte tenu de la dette financi\u00e8re (i.e. hors dettes de loyers) de 3 270 millions d\u2019euros, des actifs de gestion de tr\u00e9sorerie et des instruments d\u00e9riv\u00e9s, l\u2019endettement net* du Groupe \u00e0 la fin de l\u2019exercice 2019 est de 600&nbsp;millions d\u2019euros contre 1 104 millions d\u2019euros au 1er janvier 2019 et 1 184 millions d\u2019euros au 31&nbsp;d\u00e9cembre 2018 (i.e. avant l\u2019application de la norme IFRS 162 au 1er janvier 2019).<\/p>\n\n\n\n<p>Les actions Altran Technologies d\u00e9tenues par le Groupe correspondent exclusivement aux 11,43% du capital d\u2019Altran acquis en juillet 2019 et sont reconnues \u00e0 ce stade comme un actif financier dans le bilan du Groupe pour un montant de 413 millions d\u2019euros (taxes incluses).<\/p>\n\n\n\n<h2 class=\"wp-block-heading\" id=\"h-nouveau-programme-pluriannuel-de-rachat-d-actions\">NOUVEAU PROGRAMME PLURIANNUEL DE RACHAT D\u2019ACTIONS<\/h2>\n\n\n\n<p>Dans le cadre de la gestion active du capital social, le Conseil d\u2019Administration a approuv\u00e9 un nouveau programme pluriannuel de rachat d\u2019actions de la Soci\u00e9t\u00e9 \u00e0 hauteur de 600&nbsp;millions d\u2019euros. Compte tenu du solde de 250&nbsp;millions d\u2019euros du programme pluriannuel en cours, le Groupe dispose d\u00e9sormais d\u2019une capacit\u00e9 totale de rachat d\u2019actions de 850 millions d\u2019euros.<\/p>\n\n\n\n<p>Dans ce contexte, le Groupe va proc\u00e9der \u00e0 des rachats d\u2019actions d\u00e8s les prochains mois \u00e0 hauteur de 200 millions d\u2019euros.<\/p>\n\n\n\n<h2 class=\"wp-block-heading\" id=\"h-perspectives\">PERSPECTIVES<\/h2>\n\n\n\n<p>Pour l\u2019ann\u00e9e 2020, le Groupe vise une croissance d\u2019environ 4% \u00e0 taux de change constants de son chiffre d\u2019affaires, une am\u00e9lioration de la profitabilit\u00e9 avec une marge op\u00e9rationnelle comprise entre 12,4% et 12,6% et un <em>free cash-flow<\/em> organique d\u2019environ 1,2 milliard d\u2019euros.<\/p>\n\n\n\n<p>Ces perspectives ne tiennent pas compte de l\u2019impact de l\u2019acquisition d\u2019Altran.<\/p>\n\n\n\n<h2 class=\"wp-block-heading\" id=\"h-acquisition-d-altran-technologies\">ACQUISITION D\u2019ALTRAN TECHNOLOGIES<\/h2>\n\n\n\n<p>Le 24 juin 2019, Capgemini et Altran Technologies (Euronext Paris : ALT), le premier acteur mondial des services d\u2019ing\u00e9nierie et de R&amp;D, ont annonc\u00e9 le projet d\u2019acquisition d\u2019Altran par Capgemini dans le cadre d\u2019une offre publique d\u2019achat (OPA) amicale. Cette offre vise \u00e0 cr\u00e9er un leader mondial de \u00ab l\u2019Intelligent Industry \u00bb, c\u2019est-\u00e0-dire la transformation digitale des entreprises industrielles.<\/p>\n\n\n\n<p>L\u2019Autorit\u00e9 des march\u00e9s financiers (AMF) a d\u00e9livr\u00e9 le 14 octobre 2019 son visa sur l\u2019OPA, et celle-ci s\u2019est d\u00e9roul\u00e9e du 16 octobre 2019 au 22 janvier 2020.<\/p>\n\n\n\n<p>Apr\u00e8s la cl\u00f4ture de l\u2019exercice 2019, le 14 janvier 2020, Capgemini a relev\u00e9 le prix propos\u00e9 de l\u2019offre de 14,0 euros \u00e0 14,5 euros par action. Le 27 janvier 2020, Capgemini a annonc\u00e9 qu\u2019\u00e0 l\u2019issue des op\u00e9rations de r\u00e8glement-livraison le 4 f\u00e9vrier 2020, le Groupe allait d\u00e9tenir 137 674 545 actions Altran repr\u00e9sentant 53,57% du capital et au moins 53,41% des droits de vote, d\u00e9passant ainsi le seuil de succ\u00e8s de l\u2019offre fix\u00e9 \u00e0 50,1% du capital social et des droits de vote (sur une base enti\u00e8rement dilu\u00e9e). Apr\u00e8s la prise en compte des actions auto d\u00e9tenues, Capgemini d\u00e9tient 54,52% du capital et 54,37% des droits de vote d\u2019Altran[4].<\/p>\n\n\n\n<p>L\u2019offre a donc \u00e9t\u00e9 automatiquement r\u00e9ouverte dans les m\u00eames termes, du 28 janvier au 10 f\u00e9vrier 2020 (inclus). Selon le calendrier publi\u00e9 par Euronext, le r\u00e9sultat de la r\u00e9ouverture de l\u2019offre est attendu le 14 f\u00e9vrier 2020 et le r\u00e8glement-livraison correspondant le 21 f\u00e9vrier 2020.<\/p>\n\n\n\n<p>Capgemini a par ailleurs confirm\u00e9 qu\u2019il respectera l\u2019ensemble des engagements relatifs \u00e0 cette op\u00e9ration[5] notamment : (i) Capgemini, pour une dur\u00e9e d\u2019au moins 18 mois[6], ne d\u00e9posera pas une nouvelle offre et ne mettra pas en \u0153uvre une fusion sur la base d\u2019un prix par action Altran sup\u00e9rieur au prix de l\u2019offre et (ii) Capgemini ne prendra pas le contr\u00f4le d\u2019Altran&nbsp; dans l\u2019attente de la d\u00e9cision de la cour d\u2019appel de Paris sur le recours form\u00e9 par un actionnaire, qui doit intervenir le 19 mars 2020. La consolidation des r\u00e9sultats financiers d\u2019Altran dans les comptes du groupe Capgemini ne pourra intervenir qu\u2019\u00e0 compter de la prise de contr\u00f4le effective.<\/p>\n\n\n\n<h2 class=\"wp-block-heading\" id=\"h-conference-telephonique\">CONF\u00c9RENCE T\u00c9L\u00c9PHONIQUE<\/h2>\n\n\n\n<p>Paul Hermelin, Pr\u00e9sident-directeur g\u00e9n\u00e9ral, ainsi que Aiman Ezzat, Directeur g\u00e9n\u00e9ral d\u00e9l\u00e9gu\u00e9, Carole Ferrand, Directeur financier, et Rosemary Stark, Directeur des ventes, commenteront cette publication au cours d\u2019une conf\u00e9rence t\u00e9l\u00e9phonique qui se d\u00e9roulera en anglais <strong>ce jour \u00e0 8h00 heure de Paris<\/strong> (CET). Cette conf\u00e9rence t\u00e9l\u00e9phonique sera accessible par webcast, en direct et en rediffusion pendant un an, depuis ce <a href=\"https:\/\/edge.media-server.com\/mmc\/p\/tfgfk95s\">lien<\/a><strong>.<\/strong><\/p>\n\n\n\n<p>L\u2019ensemble des documents relatifs \u00e0 cette publication sera mis en ligne sur le site Investisseurs de Capgemini et \u00e0 l\u2019adresse <a href=\"https:\/\/investors.capgemini.com\/fr\/\">https:\/\/investors.capgemini.com\/fr\/<\/a>.<\/p>\n\n\n\n<h2 class=\"wp-block-heading\" id=\"h-calendrier\">CALENDRIER<\/h2>\n\n\n\n<figure class=\"wp-block-table\"><table><tbody><tr><td>28 avril 2020<\/td><td>Publication du chiffre d\u2019affaires pour le 1<sup>er<\/sup> trimestre 2020<\/td><\/tr><tr><td>20 mai 2020<\/td><td>Assembl\u00e9e G\u00e9n\u00e9rale<\/td><\/tr><tr><td>28 juillet 2020<\/td><td>Publication des r\u00e9sultats pour le 1<sup>er<\/sup> semestre 2020<\/td><\/tr><tr><td><strong>Le calendrier relatif au paiement du dividende qui est soumis \u00e0 l\u2019approbation de l\u2019Assembl\u00e9e G\u00e9n\u00e9rale serait:<\/strong><\/td><\/tr><tr><td>3 juin 2020<\/td><td>D\u00e9tachement du coupon sur Euronext Paris<\/td><\/tr><tr><td>5 juin 2020<\/td><td>Mise en paiement du dividende<\/td><\/tr><\/tbody><\/table><\/figure>\n\n\n\n<h2 class=\"wp-block-heading\" id=\"h-avertissement\">AVERTISSEMENT<\/h2>\n\n\n\n<p>Le pr\u00e9sent communiqu\u00e9 de presse est susceptible de contenir des informations prospectives. Ces informations peuvent comprendre des projections, des estimations, des hypoth\u00e8ses, des informations concernant des projets, des objectifs, des intentions et\/ou des attentes portant sur des r\u00e9sultats financiers futurs, des \u00e9v\u00e8nements, des op\u00e9rations, le d\u00e9veloppement de services et de produits futurs, ainsi que des informations relatives \u00e0 des performances ou \u00e0 des \u00e9v\u00e8nements futurs. Ces informations prospectives sont g\u00e9n\u00e9ralement reconnaissables \u00e0 l\u2019emploi des termes \u00ab&nbsp;s\u2019attendre \u00e0&nbsp;\u00bb, \u00ab&nbsp;anticiper&nbsp;\u00bb, \u00ab&nbsp;penser que&nbsp;\u00bb, \u00ab&nbsp;avoir l\u2019intention de&nbsp;\u00bb, \u00ab&nbsp;estimer&nbsp;\u00bb, \u00ab&nbsp;pr\u00e9voir&nbsp;\u00bb, \u00ab&nbsp;projeter&nbsp;\u00bb, \u00ab&nbsp;pourrait&nbsp;\u00bb, \u00ab&nbsp;devrait&nbsp;\u00bb ou \u00e0 l\u2019emploi de la forme n\u00e9gative de ces termes et \u00e0 d\u2019autres expressions de m\u00eame nature. La direction de Capgemini consid\u00e8re actuellement que ces informations prospectives traduisent des attentes raisonnables&nbsp;; la soci\u00e9t\u00e9 alerte cependant les investisseurs sur le fait que ces informations prospectives sont soumises \u00e0 des risques et&nbsp; incertitudes (y compris, notamment, les risques identifi\u00e9s dans le Document de R\u00e9f\u00e9rence de Capgemini, disponible sur le site internet de Capgemini), \u00e9tant donn\u00e9 qu\u2019elles ont trait \u00e0 des \u00e9v\u00e8nements futurs et d\u00e9pendent des circonstances futures dont la r\u00e9alisation est incertaine et qui peuvent diff\u00e9rer de ceux anticip\u00e9s, souvent difficilement pr\u00e9visibles et g\u00e9n\u00e9ralement en dehors du contr\u00f4le de Capgemini. Les r\u00e9sultats et les \u00e9v\u00e8nements r\u00e9els sont susceptibles de diff\u00e9rer significativement, de ceux qui sont exprim\u00e9s, impliqu\u00e9s ou projet\u00e9s dans les informations prospectives. Les informations prospectives ne donnent aucune garantie de r\u00e9alisation d\u2019\u00e9v\u00e8nements ou de r\u00e9sultats futurs et n\u2019ont pas cette vocation. Capgemini ne prend aucun engagement de mettre \u00e0 jour ou de r\u00e9viser les informations prospectives sous r\u00e9serve de ses obligations l\u00e9gales.<\/p>\n\n\n\n<p>Le pr\u00e9sent communiqu\u00e9 de presse ne constitue pas une offre d\u2019instruments financiers au public et ne contient pas d\u2019invitation ou d\u2019incitation \u00e0 investir dans des instruments financiers en France, aux \u00c9tats-Unis ou n\u2019importe quel autre pays.<\/p>\n\n\n\n<h2 class=\"wp-block-heading\" id=\"h-informations-importantes\">INFORMATIONS IMPORTANTES<\/h2>\n\n\n\n<p>Le pr\u00e9sent communiqu\u00e9 de presse est diffus\u00e9 \u00e0 titre informatif uniquement et ne constitue pas une offre d\u2019achat, ou une sollicitation d\u2019une offre de vente, d\u2019instruments financiers Altran Technologies.<\/p>\n\n\n\n<p>Il est fortement recommand\u00e9 aux investisseurs et aux actionnaires de prendre connaissance de la documentation relative \u00e0 l\u2019offre publique d\u2019achat, qui contient les termes et conditions de l\u2019offre, ainsi que, le cas \u00e9ch\u00e9ant, de tout avenant ou ajout \u00e0 ces documents dans la mesure o\u00f9 ils contiendront des informations importantes sur Capgemini, Altran Technologies et l\u2019offre.<\/p>\n\n\n\n<p>Ce communiqu\u00e9 de presse ne doit pas \u00eatre publi\u00e9, diffus\u00e9 ou distribu\u00e9, directement ou indirectement, dans tout pays dans lequel la distribution de ces informations fait l\u2019objet de restrictions l\u00e9gales. L\u2019offre publique d\u2019achat n\u2019est pas ouverte au public dans les juridictions dans lesquelles son ouverture fait l\u2019objet de restrictions l\u00e9gales.<\/p>\n\n\n\n<p>La publication, la diffusion ou la distribution de ce communiqu\u00e9 de presse dans certains pays peut faire l\u2019objet de restrictions l\u00e9gales ou r\u00e9glementaires. Par cons\u00e9quent, les personnes situ\u00e9es dans les pays o\u00f9 ce communiqu\u00e9 est publi\u00e9, diffus\u00e9 ou distribu\u00e9 doivent s\u2019informer sur de telles restrictions et s\u2019y conformer.&nbsp; Capgemini et Altran Technologies d\u00e9clinent toute responsabilit\u00e9 quant \u00e0 une \u00e9ventuelle violation de ces restrictions par qui que ce soit.<\/p>\n\n\n\n<h2 class=\"wp-block-heading\" id=\"h-a-propos-de-capgemini\">\u00c0 PROPOS DE CAPGEMINI<\/h2>\n\n\n\n<p>Capgemini est un leader mondial du conseil, des services informatiques et de la transformation num\u00e9rique. A la pointe de l\u2019innovation, le Groupe aide ses clients \u00e0 saisir l\u2019ensemble des opportunit\u00e9s que pr\u00e9sentent le cloud, le digital et les plateformes. Fort de 50 ans d\u2019exp\u00e9rience et d\u2019une grande expertise des diff\u00e9rents secteurs d\u2019activit\u00e9, il accompagne les entreprises et organisations dans la r\u00e9alisation de leurs ambitions, de la d\u00e9finition de leur strat\u00e9gie \u00e0 la mise en \u0153uvre de leurs op\u00e9rations. Pour Capgemini, ce sont les hommes et les femmes qui donnent toute sa valeur \u00e0 la technologie. R\u00e9solument multiculturel, le Groupe compte pr\u00e8s de 220 000 collaborateurs pr\u00e9sents dans plus de 40 pays. Il a r\u00e9alis\u00e9 un chiffre d\u2019affaires de 14,1 milliards d\u2019euros en 2019.<\/p>\n\n\n\n<p>Plus d\u2019informations sur <a href=\"http:\/\/www.capgemini.com\">www.capgemini.com<\/a>. <em>People matter, results count<\/em>.<\/p>\n\n\n\n<h2 class=\"wp-block-heading\" id=\"h-annexes-7\"><strong>ANNEXES<\/strong>[7]<\/h2>\n\n\n\n<h2 class=\"wp-block-heading\" id=\"h-taxonomie-metiers\">TAXONOMIE M\u00c9TIERS<\/h2>\n\n\n\n<p>Comme annonc\u00e9 pr\u00e9c\u00e9demment, la taxonomie des lignes de m\u00e9tiers du Groupe a \u00e9t\u00e9 simplifi\u00e9e et homog\u00e9n\u00e9is\u00e9e \u00e0 compter du 1<sup>er<\/sup> janvier 2019 :<\/p>\n\n\n\n<ul class=\"wp-block-list\">\n<li><strong>Strat\u00e9gie &amp; Transformation<\/strong> comprend l\u2019ensemble des activit\u00e9s de conseil en strat\u00e9gie et d\u2019accompagnement de la transformation. Le p\u00e9rim\u00e8tre correspond \u00e0 celui de <em>Capgemini Invent<\/em> ;<\/li>\n\n\n\n<li><strong>Applications &amp; Technologie<\/strong> regroupe les activit\u00e9s des \u00ab Services applicatifs \u00bb ainsi que les activit\u00e9s connexes, notamment les services de proximit\u00e9 en technologie, auparavant inclus dans les \u00ab Services de technologie et d\u2019ing\u00e9nierie \u00bb ;<\/li>\n\n\n\n<li><strong>Op\u00e9rations &amp; Ing\u00e9nierie<\/strong> recouvre toutes les autres activit\u00e9s du Groupe, \u00e0 savoir \u00e0 ce jour : les Business Services (comprenant le <em>Business Process Outsourcing<\/em>), l\u2019ensemble des Services d\u2019infrastructure (y compris ceux auparavant inclus dans les \u00ab Services de technologie et d\u2019ing\u00e9nierie \u00bb) et les services de <em>Digital Engineering<\/em> et <em>Digital Manufacturing<\/em> (pr\u00e9c\u00e9demment inclus dans les \u00ab Services de technologie et d\u2019ing\u00e9nierie \u00bb).<\/li>\n<\/ul>\n\n\n\n<h2 class=\"wp-block-heading\" id=\"h-application-de-la-norme-ifrs-16-et-adaptation-des-indicateurs-de-performance\">APPLICATION DE LA NORME IFRS 16 ET ADAPTATION DES INDICATEURS DE PERFORMANCE<\/h2>\n\n\n\n<p>Le Groupe a pr\u00e9sent\u00e9 le 14 f\u00e9vrier 2019 les cons\u00e9quences attendues de la mise en place au 1<sup>er<\/sup> janvier 2019 de la norme IFRS 16 lors de la communication de ses objectifs pour l\u2019ann\u00e9e 2019. Pour rappel&nbsp;:<\/p>\n\n\n\n<ul class=\"wp-block-list\">\n<li>l\u2019application de la norme IFRS 16 sur le compte de r\u00e9sultat du Groupe est globalement neutre au niveau des principaux indicateurs de performance, dont la d\u00e9finition reste par ailleurs inchang\u00e9e.<\/li>\n\n\n\n<li>le free cash-flow organique prend d\u00e9sormais en compte les remboursements de dettes de loyers (y compris ceux li\u00e9s aux contrats de location-financement qui en \u00e9taient auparavant exclus puisque reconnus en remboursement de dette financi\u00e8re, soit 52 millions d\u2019euros en 2018) ;<\/li>\n\n\n\n<li>l\u2019endettement net du Groupe exclut d\u00e9sormais toutes les dettes de loyers (y compris celles li\u00e9es aux contrats de location financement, soit 80 millions d\u2019euros \u00e0 fin 2018).<\/li>\n<\/ul>\n\n\n\n<h2 class=\"wp-block-heading\" id=\"h-definitions\"><strong>D\u00c9FINITIONS<\/strong><\/h2>\n\n\n\n<p>La <strong>croissance organique<\/strong> du chiffre d\u2019affaires est la croissance calcul\u00e9e <strong>\u00e0 taux de change et p\u00e9rim\u00e8tre constants<\/strong>. Le p\u00e9rim\u00e8tre et les taux de changes utilis\u00e9s sont ceux de l\u2019exercice publi\u00e9. Ce sont \u00e9galement les taux de change de l\u2019exercice publi\u00e9 qui sont utilis\u00e9s dans le calcul de la <strong>croissance \u00e0 taux de change constants<\/strong>.<\/p>\n\n\n\n<figure class=\"wp-block-image\"><img decoding=\"async\" src=\"https:\/\/www.capgemini.com\/fr-fr\/wp-content\/uploads\/sites\/2\/2020\/02\/2.jpg\" alt=\"\" class=\"wp-image-143712\"\/><\/figure>\n\n\n\n<p>L\u2019impact des variations des devises est li\u00e9 pour l\u2019essentiel \u00e0 l\u2019appr\u00e9ciation du dollar am\u00e9ricain par rapport \u00e0 l\u2019euro.<\/p>\n\n\n\n<p>Pour l\u2019\u00e9volution de l\u2019activit\u00e9 par m\u00e9tier, conform\u00e9ment aux indicateurs internes de performance op\u00e9rationnelle, la croissance \u00e0 taux de change constants est calcul\u00e9e sur la base du <strong>chiffre d\u2019affaires total<\/strong>, c\u2019est-\u00e0-dire avant \u00e9limination des facturations inter-m\u00e9tiers. Le Groupe consid\u00e8re en effet que cela est plus repr\u00e9sentatif du niveau d\u2019activit\u00e9 par m\u00e9tier car, avec l\u2019\u00e9volution de son activit\u00e9, le Groupe constate un nombre croissant de contrats dont la mise en \u0153uvre requiert la combinaison de diff\u00e9rentes expertises m\u00e9tiers entra\u00eenant une augmentation des flux de facturation inter-m\u00e9tiers.<\/p>\n\n\n\n<p>La <strong>marge op\u00e9rationnelle<\/strong>, un des principaux indicateurs de la performance du Groupe, est la diff\u00e9rence entre le chiffre d\u2019affaires et les charges op\u00e9rationnelles. Elle est calcul\u00e9e avant les \u00ab autres produits et charges op\u00e9rationnels \u00bb qui comprennent les amortissements des actifs incorporels reconnus dans le cadre des regroupements d\u2019entreprises, la charge r\u00e9sultant de l\u2019\u00e9talement de la juste valeur des actions attribu\u00e9es au personnel (y compris les charges sociales et contributions patronales), ainsi que les charges ou produits non r\u00e9currents, notamment les d\u00e9pr\u00e9ciations des \u00e9carts d\u2019acquisition, les \u00e9carts d\u2019acquisition n\u00e9gatifs, les plus ou moins-values de cession de soci\u00e9t\u00e9s consolid\u00e9es ou d\u2019activit\u00e9s, les charges de restructuration aff\u00e9rentes \u00e0 des plans approuv\u00e9s par les organes de Direction du Groupe, les co\u00fbts d\u2019acquisition et d\u2019int\u00e9gration des soci\u00e9t\u00e9s acquises par le Groupe y compris les compl\u00e9ments de prix incluant des conditions de pr\u00e9sence, ainsi que les effets des r\u00e9ductions, des liquidations et des transferts des r\u00e9gimes de retraites \u00e0 prestations d\u00e9finies.<\/p>\n\n\n\n<p>Le r\u00e9sultat net normalis\u00e9 correspond au r\u00e9sultat net (part du Groupe) corrig\u00e9 des impacts des \u00e9l\u00e9ments reconnus en \u00ab autres produits et charges op\u00e9rationnels \u00bb, net d\u2019imp\u00f4t calcul\u00e9 sur la base du taux effectif d\u2019imp\u00f4t. Le <strong>r\u00e9sultat normalis\u00e9 par action<\/strong> est calcul\u00e9 comme un r\u00e9sultat de base par action, c\u2019est-\u00e0-dire hors dilution.<\/p>\n\n\n\n<p>Le <strong><em>free cash-flow<\/em> organique<\/strong> se d\u00e9finit comme le flux de tr\u00e9sorerie li\u00e9 \u00e0 l\u2019activit\u00e9 diminu\u00e9 des investissements en immobilisations incorporelles et corporelles (nets de cession), des remboursements de dettes de loyer et ajust\u00e9 des int\u00e9r\u00eats financiers pay\u00e9s et re\u00e7us. Les paiements li\u00e9s aux contrats de location-financement \u00e9taient trait\u00e9s en remboursement de dette financi\u00e8re jusqu\u2019au 31 d\u00e9cembre 2018. Depuis le 1<sup>er<\/sup> janvier 2019, avec l\u2019adoption de la norme IFRS 16, ces paiements sont pris en compte dans la nouvelle d\u00e9finition du <em>free cash-flow organique<\/em> au titre des remboursements de dettes de loyers.<\/p>\n\n\n\n<h2 class=\"wp-block-heading\" id=\"h-evolution-de-l-activite-par-regions-0\">\u00c9VOLUTION DE L\u2019ACTIVIT\u00c9 PAR R\u00c9GIONS<\/h2>\n\n\n\n<figure class=\"wp-block-image\"><img decoding=\"async\" src=\"https:\/\/www.capgemini.com\/fr-fr\/wp-content\/uploads\/sites\/2\/2020\/02\/3.jpg\" alt=\"\" class=\"wp-image-143713\"\/><\/figure>\n\n\n\n<h2 class=\"wp-block-heading\" id=\"h-evolution-de-l-activite-par-metiers-0\">\u00c9VOLUTION DE L\u2019ACTIVIT\u00c9 PAR M\u00c9TIERS<\/h2>\n\n\n\n<p>&lt;img loading=&#8221;lazy&#8221; class=&#8221;alignnone wp-image-143714 size-full&#8221; src=&#8221;https:\/\/www.capgemini.com\/fr-fr\/wp-content\/uploads\/<\/p>\n<\/div><\/div><\/div><\/div><\/div><\/section>\n\n\n<div class=\"wp-block-cg-blocks-cg-block-related-content\"><section class=\"relatedContentBlock\"><div class=\"container\"><div class=\"row\"><div class=\"content-title col-12 col-md-8\"><h2 class=\"related-content-heading\">Related News<\/h2><\/div><\/div><div class=\"row relatedContent\"><div class=\"col-lg-4 col-md-6 col-xs-12\">\n\t\t\t\t\t\t\t<div class=\"box\">\n\t\t\t\t\t\t\t\t<a aria-label=\"Lire la suite Chiffre d\u2019affaires du 1er trimestre 2026\" href=\"https:\/\/www.capgemini.com\/fr-fr\/actualites\/communiques-de-presse\/chiffre-daffaires-du-1er-trimestre-2026\/\" class=\"anchorWrapper\">\n\t\t\t\t\t\t\t\t\t<span class=\"box-tag\"><span>Actualit\u00e9s financi\u00e8res<\/span><\/span>\n\t\t\t\t\t\t\t\t\t<div class=\"box-title\"><h3 class=\"box-subtitle\">Chiffre d\u2019affaires du 1er trimestre 2026<\/h3><\/div>\n\t\t\t\t\t\t\t\t\t<div class=\"box-date\">\n\t\t\t\t\t\t\t\t\t\t<span>Apr 30, 2026<\/span>\n\t\t\t\t\t\t\t\t\t<\/div>\n\t\t\t\t\t\t\t\t\t<div class=\"box-bottom\">\n\t\t\t\t\t\t\t\t\t\t&lt;a class=&quot;link-download&quot; href=&quot;https:\/\/www.capgemini.com\/fr-fr\/wp-content\/uploads\/sites\/6\/2026\/04\/Capgemini_-_2026-04-30_-_Chiffre_d_affaires_du_1er_trimestre_2026.pdf&quot; aria-label=&quot;T\u00e9l\u00e9charger le communiqu\u00e9 de presse&quot; target=&quot;_blank&quot;  type=&quot;download&quot; title=&quot;Opens in a new window&quot;&gt;\n\t\t\t\t\t\t\t&lt;span&gt;T\u00e9l\u00e9charger le communiqu\u00e9 de presse&lt;\/span&gt;\n\t\t\t\t\t\t\t&lt;span&gt;237 KB PDF&lt;\/span&gt;\n\t\t\t\t\t\t&lt;\/a&gt;\n\t\t\t\t\t\t\t\t\t\t<a class=\"more\" aria-label=\"Lire la suite Chiffre d\u2019affaires du 1er trimestre 2026\" href=\"https:\/\/www.capgemini.com\/fr-fr\/actualites\/communiques-de-presse\/chiffre-daffaires-du-1er-trimestre-2026\/\">Lire la suite<\/a>\n\t\t\t\t\t\t\t\t\t<\/div>\n\t\t\t\t\t\t\t\t<\/a>\n\t\t\t\t\t\t\t<\/div>\n\t\t\t\t\t\t<\/div><div class=\"col-lg-4 col-md-6 col-xs-12\">\n\t\t\t\t\t\t\t<div class=\"box\">\n\t\t\t\t\t\t\t\t<a aria-label=\"Lire la suite Capgemini d\u00e9voile le Google Cloud AI Enterprise Hub pour acc\u00e9l\u00e9rer la transformation des entreprises gr\u00e2ce \u00e0 l\u2019IA agentique\" href=\"https:\/\/www.capgemini.com\/fr-fr\/actualites\/communiques-de-presse\/capgemini-devoile-le-google-cloud-ai-enterprise-hub-pour-accelerer-la-transformation-des-entreprises-vers-ia-agentique\/\" class=\"anchorWrapper\">\n\t\t\t\t\t\t\t\t\t<span class=\"box-tag\"><span>Partenariats<\/span><\/span>\n\t\t\t\t\t\t\t\t\t<div class=\"box-title\"><h3 class=\"box-subtitle\">Capgemini d\u00e9voile le Google Cloud AI Enterprise Hub pour acc\u00e9l\u00e9rer la transformation des entreprises gr\u00e2ce \u00e0 l\u2019IA agentique<\/h3><\/div>\n\t\t\t\t\t\t\t\t\t<div class=\"box-date\">\n\t\t\t\t\t\t\t\t\t\t<span>Apr 23, 2026<\/span>\n\t\t\t\t\t\t\t\t\t<\/div>\n\t\t\t\t\t\t\t\t\t<div class=\"box-bottom\">\n\t\t\t\t\t\t\t\t\t\t&lt;a class=&quot;link-download&quot; href=&quot;https:\/\/www.capgemini.com\/wp-content\/uploads\/2026\/04\/04_23_Capgemini-news-alert_Google-Cloud-AI-Enterprise-Hub.pdf&quot; aria-label=&quot;T\u00e9l\u00e9charger le communiqu\u00e9 de presse&quot; target=&quot;_blank&quot;  type=&quot;download&quot; title=&quot;Opens in a new window&quot;&gt;\n\t\t\t\t\t\t\t&lt;span&gt;T\u00e9l\u00e9charger le communiqu\u00e9 de presse&lt;\/span&gt;\n\t\t\t\t\t\t\t&lt;span&gt;143 KB PDF&lt;\/span&gt;\n\t\t\t\t\t\t&lt;\/a&gt;\n\t\t\t\t\t\t\t\t\t\t<a class=\"more\" aria-label=\"Lire la suite Capgemini d\u00e9voile le Google Cloud AI Enterprise Hub pour acc\u00e9l\u00e9rer la transformation des entreprises gr\u00e2ce \u00e0 l\u2019IA agentique\" href=\"https:\/\/www.capgemini.com\/fr-fr\/actualites\/communiques-de-presse\/capgemini-devoile-le-google-cloud-ai-enterprise-hub-pour-accelerer-la-transformation-des-entreprises-vers-ia-agentique\/\">Lire la suite<\/a>\n\t\t\t\t\t\t\t\t\t<\/div>\n\t\t\t\t\t\t\t\t<\/a>\n\t\t\t\t\t\t\t<\/div>\n\t\t\t\t\t\t<\/div><div class=\"col-lg-4 col-md-6 col-xs-12\">\n\t\t\t\t\t\t\t<div class=\"box\">\n\t\t\t\t\t\t\t\t<a aria-label=\"Lire la suite La r\u00e9industrialisation entre dans une phase plus s\u00e9lective et strat\u00e9gique en Europe et aux \u00c9tats Unis\" href=\"https:\/\/www.capgemini.com\/fr-fr\/actualites\/communiques-de-presse\/la-reindustrialisation-entre-dans-une-phase-plus-selective-et-strategique-en-europe-et-aux-etats-unis\/\" class=\"anchorWrapper\">\n\t\t\t\t\t\t\t\t\t<span class=\"box-tag\"><span>Publications<\/span><\/span>\n\t\t\t\t\t\t\t\t\t<div class=\"box-title\"><h3 class=\"box-subtitle\">La r\u00e9industrialisation entre dans une phase plus s\u00e9lective et strat\u00e9gique en Europe et aux \u00c9tats Unis<\/h3><\/div>\n\t\t\t\t\t\t\t\t\t<div class=\"box-date\">\n\t\t\t\t\t\t\t\t\t\t<span>Apr 20, 2026<\/span>\n\t\t\t\t\t\t\t\t\t<\/div>\n\t\t\t\t\t\t\t\t\t<div class=\"box-bottom\">\n\t\t\t\t\t\t\t\t\t\t&lt;a class=&quot;link-download&quot; href=&quot;https:\/\/www.capgemini.com\/fr-fr\/wp-content\/uploads\/sites\/6\/2026\/04\/2026_04_20_Capgemini_Reindustrialisation-of-Europe-and-the-US-report_3rd-edition_press-release_FR.pdf&quot; aria-label=&quot;T\u00e9l\u00e9charger le communiqu\u00e9 de presse&quot; target=&quot;_blank&quot;  type=&quot;download&quot; title=&quot;Opens in a new window&quot;&gt;\n\t\t\t\t\t\t\t&lt;span&gt;T\u00e9l\u00e9charger le communiqu\u00e9 de presse&lt;\/span&gt;\n\t\t\t\t\t\t\t&lt;span&gt;163 KB PDF&lt;\/span&gt;\n\t\t\t\t\t\t&lt;\/a&gt;\n\t\t\t\t\t\t\t\t\t\t<a class=\"more\" aria-label=\"Lire la suite La r\u00e9industrialisation entre dans une phase plus s\u00e9lective et strat\u00e9gique en Europe et aux \u00c9tats Unis\" href=\"https:\/\/www.capgemini.com\/fr-fr\/actualites\/communiques-de-presse\/la-reindustrialisation-entre-dans-une-phase-plus-selective-et-strategique-en-europe-et-aux-etats-unis\/\">Lire la suite<\/a>\n\t\t\t\t\t\t\t\t\t<\/div>\n\t\t\t\t\t\t\t\t<\/a>\n\t\t\t\t\t\t\t<\/div>\n\t\t\t\t\t\t<\/div><\/div><\/div><\/section><\/div>","protected":false},"excerpt":{"rendered":"","protected":false},"author":103,"featured_media":0,"template":"","meta":{"cg_dt_proposed_to":[],"cg_seo_hreflang_relations":"[]","cg_seo_canonical_relation":"{\"uuid\":\"1aa42577-ee0a-41d3-b779-001afc94297b\",\"blogId\":\"\",\"domain\":\"\",\"sitePath\":\"\",\"postLink\":\"\",\"postId\":null,\"isSaved\":true,\"isCrossLink\":false,\"hasCrossLink\":false}","cg_seo_hreflang_x_default_relation":"{\"uuid\":\"021dc9cd-924b-4799-95c2-1b2e66f16572\",\"blogId\":\"\",\"domain\":\"\",\"sitePath\":\"\",\"postLink\":\"\",\"postId\":null,\"isSaved\":true,\"isCrossLink\":false,\"hasCrossLink\":false}","cg_dt_approved_content":true,"cg_dt_mandatory_content":false,"cg_dt_notes":"","cg_dg_source_changed":false,"cg_dt_link_disabled":false,"footnotes":"","related_resource_url":"https:\/\/www.capgemini.com\/fr-fr\/wp-content\/uploads\/sites\/6\/2022\/04\/Capgemini-renforce-sa-position-parmi-les-leaders-mondiaux-grace-a-sa-bonne-performance-2019.pdf","related_resource_id":667390,"related_resource_size":"316 KB","related_resource_type":"pdf","cg_author":0,"featured_focal_points":""},"tags":[],"press-release-type":[],"brand":[],"class_list":["post-667388","press-release","type-press-release","status-publish","hentry"],"yoast_head":"<!-- This site is optimized with the Yoast SEO Premium plugin v22.8 (Yoast SEO v22.8) - https:\/\/yoast.com\/wordpress\/plugins\/seo\/ -->\n<title>Capgemini renforce sa position parmi les leaders mondiaux gr\u00e2ce \u00e0 sa bonne performance 2019 - Capgemini France<\/title>\n<meta name=\"robots\" content=\"index, follow, max-snippet:-1, max-image-preview:large, max-video-preview:-1\" \/>\n<link rel=\"canonical\" href=\"https:\/\/www.capgemini.com\/fr-fr\/actualites\/communiques-de-presse\/capgemini-renforce-sa-position-parmi-les-leaders-mondiaux-grace-a-sa-bonne-performance-2019\/\" \/>\n<meta property=\"og:locale\" content=\"fr_FR\" \/>\n<meta property=\"og:type\" content=\"article\" \/>\n<meta property=\"og:title\" content=\"Capgemini renforce sa position parmi les leaders mondiaux gr\u00e2ce \u00e0 sa bonne performance 2019\" \/>\n<meta property=\"og:url\" content=\"https:\/\/www.capgemini.com\/fr-fr\/actualites\/communiques-de-presse\/capgemini-renforce-sa-position-parmi-les-leaders-mondiaux-grace-a-sa-bonne-performance-2019\/\" \/>\n<meta property=\"og:site_name\" content=\"Capgemini France\" \/>\n<meta property=\"article:modified_time\" content=\"2025-03-05T02:55:54+00:00\" \/>\n<meta property=\"og:image\" content=\"https:\/\/www.capgemini.com\/fr-fr\/wp-content\/uploads\/sites\/2\/2020\/02\/1.jpg\" \/>\n<meta name=\"twitter:card\" content=\"summary_large_image\" \/>\n<script type=\"application\/ld+json\" class=\"yoast-schema-graph\">{\"@context\":\"https:\/\/schema.org\",\"@graph\":[{\"@type\":\"WebPage\",\"@id\":\"https:\/\/www.capgemini.com\/fr-fr\/actualites\/communiques-de-presse\/capgemini-renforce-sa-position-parmi-les-leaders-mondiaux-grace-a-sa-bonne-performance-2019\/\",\"url\":\"https:\/\/www.capgemini.com\/fr-fr\/actualites\/communiques-de-presse\/capgemini-renforce-sa-position-parmi-les-leaders-mondiaux-grace-a-sa-bonne-performance-2019\/\",\"name\":\"Capgemini renforce sa position parmi les leaders mondiaux gr\u00e2ce \u00e0 sa bonne performance 2019 - Capgemini France\",\"isPartOf\":{\"@id\":\"https:\/\/www.capgemini.com\/fr-fr\/#website\"},\"primaryImageOfPage\":{\"@id\":\"https:\/\/www.capgemini.com\/fr-fr\/actualites\/communiques-de-presse\/capgemini-renforce-sa-position-parmi-les-leaders-mondiaux-grace-a-sa-bonne-performance-2019\/#primaryimage\"},\"image\":{\"@id\":\"https:\/\/www.capgemini.com\/fr-fr\/actualites\/communiques-de-presse\/capgemini-renforce-sa-position-parmi-les-leaders-mondiaux-grace-a-sa-bonne-performance-2019\/#primaryimage\"},\"thumbnailUrl\":\"https:\/\/www.capgemini.com\/fr-fr\/wp-content\/uploads\/sites\/2\/2020\/02\/1.jpg\",\"datePublished\":\"2020-02-13T15:02:00+00:00\",\"dateModified\":\"2025-03-05T02:55:54+00:00\",\"breadcrumb\":{\"@id\":\"https:\/\/www.capgemini.com\/fr-fr\/actualites\/communiques-de-presse\/capgemini-renforce-sa-position-parmi-les-leaders-mondiaux-grace-a-sa-bonne-performance-2019\/#breadcrumb\"},\"inLanguage\":\"fr-FR\",\"potentialAction\":[{\"@type\":\"ReadAction\",\"target\":[\"https:\/\/www.capgemini.com\/fr-fr\/actualites\/communiques-de-presse\/capgemini-renforce-sa-position-parmi-les-leaders-mondiaux-grace-a-sa-bonne-performance-2019\/\"]}]},{\"@type\":\"ImageObject\",\"inLanguage\":\"fr-FR\",\"@id\":\"https:\/\/www.capgemini.com\/fr-fr\/actualites\/communiques-de-presse\/capgemini-renforce-sa-position-parmi-les-leaders-mondiaux-grace-a-sa-bonne-performance-2019\/#primaryimage\",\"url\":\"https:\/\/www.capgemini.com\/fr-fr\/wp-content\/uploads\/sites\/2\/2020\/02\/1.jpg\",\"contentUrl\":\"https:\/\/www.capgemini.com\/fr-fr\/wp-content\/uploads\/sites\/2\/2020\/02\/1.jpg\"},{\"@type\":\"BreadcrumbList\",\"@id\":\"https:\/\/www.capgemini.com\/fr-fr\/actualites\/communiques-de-presse\/capgemini-renforce-sa-position-parmi-les-leaders-mondiaux-grace-a-sa-bonne-performance-2019\/#breadcrumb\",\"itemListElement\":[{\"@type\":\"ListItem\",\"position\":1,\"name\":\"Press Releases\",\"item\":\"https:\/\/www.capgemini.com\/fr-fr\/news\/\"},{\"@type\":\"ListItem\",\"position\":2,\"name\":\"Capgemini renforce sa position parmi les leaders mondiaux gr\u00e2ce \u00e0 sa bonne performance 2019\"}]},{\"@type\":\"WebSite\",\"@id\":\"https:\/\/www.capgemini.com\/fr-fr\/#website\",\"url\":\"https:\/\/www.capgemini.com\/fr-fr\/\",\"name\":\"Capgemini France\",\"description\":\"Just another www.capgemini.com site\",\"publisher\":{\"@id\":\"https:\/\/www.capgemini.com\/fr-fr\/#organization\"},\"potentialAction\":[{\"@type\":\"SearchAction\",\"target\":{\"@type\":\"EntryPoint\",\"urlTemplate\":\"https:\/\/www.capgemini.com\/fr-fr\/?s={search_term_string}\"},\"query-input\":\"required name=search_term_string\"}],\"inLanguage\":\"fr-FR\"},{\"@type\":\"Organization\",\"@id\":\"https:\/\/www.capgemini.com\/fr-fr\/#organization\",\"name\":\"Capgemini France\",\"url\":\"https:\/\/www.capgemini.com\/fr-fr\/\",\"logo\":{\"@type\":\"ImageObject\",\"inLanguage\":\"fr-FR\",\"@id\":\"https:\/\/www.capgemini.com\/fr-fr\/#\/schema\/logo\/image\/\",\"url\":\"https:\/\/www.capgemini.com\/fr-fr\/wp-content\/uploads\/sites\/6\/2022\/08\/Logo-Capgemini.png\",\"contentUrl\":\"https:\/\/www.capgemini.com\/fr-fr\/wp-content\/uploads\/sites\/6\/2022\/08\/Logo-Capgemini.png\",\"width\":202,\"height\":60,\"caption\":\"Capgemini France\"},\"image\":{\"@id\":\"https:\/\/www.capgemini.com\/fr-fr\/#\/schema\/logo\/image\/\"}}]}<\/script>\n<!-- \/ Yoast SEO Premium plugin. -->","yoast_head_json":{"title":"Capgemini renforce sa position parmi les leaders mondiaux gr\u00e2ce \u00e0 sa bonne performance 2019 - Capgemini France","robots":{"index":"index","follow":"follow","max-snippet":"max-snippet:-1","max-image-preview":"max-image-preview:large","max-video-preview":"max-video-preview:-1"},"canonical":"https:\/\/www.capgemini.com\/fr-fr\/actualites\/communiques-de-presse\/capgemini-renforce-sa-position-parmi-les-leaders-mondiaux-grace-a-sa-bonne-performance-2019\/","og_locale":"fr_FR","og_type":"article","og_title":"Capgemini renforce sa position parmi les leaders mondiaux gr\u00e2ce \u00e0 sa bonne performance 2019","og_url":"https:\/\/www.capgemini.com\/fr-fr\/actualites\/communiques-de-presse\/capgemini-renforce-sa-position-parmi-les-leaders-mondiaux-grace-a-sa-bonne-performance-2019\/","og_site_name":"Capgemini France","article_modified_time":"2025-03-05T02:55:54+00:00","og_image":[{"url":"https:\/\/www.capgemini.com\/fr-fr\/wp-content\/uploads\/sites\/2\/2020\/02\/1.jpg"}],"twitter_card":"summary_large_image","schema":{"@context":"https:\/\/schema.org","@graph":[{"@type":"WebPage","@id":"https:\/\/www.capgemini.com\/fr-fr\/actualites\/communiques-de-presse\/capgemini-renforce-sa-position-parmi-les-leaders-mondiaux-grace-a-sa-bonne-performance-2019\/","url":"https:\/\/www.capgemini.com\/fr-fr\/actualites\/communiques-de-presse\/capgemini-renforce-sa-position-parmi-les-leaders-mondiaux-grace-a-sa-bonne-performance-2019\/","name":"Capgemini renforce sa position parmi les leaders mondiaux gr\u00e2ce \u00e0 sa bonne performance 2019 - Capgemini France","isPartOf":{"@id":"https:\/\/www.capgemini.com\/fr-fr\/#website"},"primaryImageOfPage":{"@id":"https:\/\/www.capgemini.com\/fr-fr\/actualites\/communiques-de-presse\/capgemini-renforce-sa-position-parmi-les-leaders-mondiaux-grace-a-sa-bonne-performance-2019\/#primaryimage"},"image":{"@id":"https:\/\/www.capgemini.com\/fr-fr\/actualites\/communiques-de-presse\/capgemini-renforce-sa-position-parmi-les-leaders-mondiaux-grace-a-sa-bonne-performance-2019\/#primaryimage"},"thumbnailUrl":"https:\/\/www.capgemini.com\/fr-fr\/wp-content\/uploads\/sites\/2\/2020\/02\/1.jpg","datePublished":"2020-02-13T15:02:00+00:00","dateModified":"2025-03-05T02:55:54+00:00","breadcrumb":{"@id":"https:\/\/www.capgemini.com\/fr-fr\/actualites\/communiques-de-presse\/capgemini-renforce-sa-position-parmi-les-leaders-mondiaux-grace-a-sa-bonne-performance-2019\/#breadcrumb"},"inLanguage":"fr-FR","potentialAction":[{"@type":"ReadAction","target":["https:\/\/www.capgemini.com\/fr-fr\/actualites\/communiques-de-presse\/capgemini-renforce-sa-position-parmi-les-leaders-mondiaux-grace-a-sa-bonne-performance-2019\/"]}]},{"@type":"ImageObject","inLanguage":"fr-FR","@id":"https:\/\/www.capgemini.com\/fr-fr\/actualites\/communiques-de-presse\/capgemini-renforce-sa-position-parmi-les-leaders-mondiaux-grace-a-sa-bonne-performance-2019\/#primaryimage","url":"https:\/\/www.capgemini.com\/fr-fr\/wp-content\/uploads\/sites\/2\/2020\/02\/1.jpg","contentUrl":"https:\/\/www.capgemini.com\/fr-fr\/wp-content\/uploads\/sites\/2\/2020\/02\/1.jpg"},{"@type":"BreadcrumbList","@id":"https:\/\/www.capgemini.com\/fr-fr\/actualites\/communiques-de-presse\/capgemini-renforce-sa-position-parmi-les-leaders-mondiaux-grace-a-sa-bonne-performance-2019\/#breadcrumb","itemListElement":[{"@type":"ListItem","position":1,"name":"Press Releases","item":"https:\/\/www.capgemini.com\/fr-fr\/news\/"},{"@type":"ListItem","position":2,"name":"Capgemini renforce sa position parmi les leaders mondiaux gr\u00e2ce \u00e0 sa bonne performance 2019"}]},{"@type":"WebSite","@id":"https:\/\/www.capgemini.com\/fr-fr\/#website","url":"https:\/\/www.capgemini.com\/fr-fr\/","name":"Capgemini France","description":"Just another www.capgemini.com site","publisher":{"@id":"https:\/\/www.capgemini.com\/fr-fr\/#organization"},"potentialAction":[{"@type":"SearchAction","target":{"@type":"EntryPoint","urlTemplate":"https:\/\/www.capgemini.com\/fr-fr\/?s={search_term_string}"},"query-input":"required name=search_term_string"}],"inLanguage":"fr-FR"},{"@type":"Organization","@id":"https:\/\/www.capgemini.com\/fr-fr\/#organization","name":"Capgemini France","url":"https:\/\/www.capgemini.com\/fr-fr\/","logo":{"@type":"ImageObject","inLanguage":"fr-FR","@id":"https:\/\/www.capgemini.com\/fr-fr\/#\/schema\/logo\/image\/","url":"https:\/\/www.capgemini.com\/fr-fr\/wp-content\/uploads\/sites\/6\/2022\/08\/Logo-Capgemini.png","contentUrl":"https:\/\/www.capgemini.com\/fr-fr\/wp-content\/uploads\/sites\/6\/2022\/08\/Logo-Capgemini.png","width":202,"height":60,"caption":"Capgemini France"},"image":{"@id":"https:\/\/www.capgemini.com\/fr-fr\/#\/schema\/logo\/image\/"}}]}},"parsely":{"version":"1.1.0","canonical_url":"https:\/\/capgemini.com\/fr-fr\/actualites\/communiques-de-presse\/capgemini-renforce-sa-position-parmi-les-leaders-mondiaux-grace-a-sa-bonne-performance-2019\/","smart_links":{"inbound":0,"outbound":0},"traffic_boost_suggestions_count":0,"meta":{"@context":"https:\/\/schema.org","@type":"NewsArticle","headline":"Capgemini renforce sa position parmi les leaders mondiaux gr\u00e2ce \u00e0 sa bonne performance 2019","url":"https:\/\/www.capgemini.com\/fr-fr\/actualites\/communiques-de-presse\/capgemini-renforce-sa-position-parmi-les-leaders-mondiaux-grace-a-sa-bonne-performance-2019\/","mainEntityOfPage":{"@type":"WebPage","@id":"https:\/\/www.capgemini.com\/fr-fr\/actualites\/communiques-de-presse\/capgemini-renforce-sa-position-parmi-les-leaders-mondiaux-grace-a-sa-bonne-performance-2019\/"},"thumbnailUrl":"","image":{"@type":"ImageObject","url":""},"articleSection":"Uncategorized","author":[],"creator":[],"publisher":{"@type":"Organization","name":"Capgemini France","logo":""},"keywords":[],"dateCreated":"2020-02-13T15:02:00Z","datePublished":"2020-02-13T15:02:00Z","dateModified":"2025-03-05T02:55:54Z"},"rendered":"<meta name=\"parsely-title\" content=\"Capgemini renforce sa position parmi les leaders mondiaux gr\u00e2ce \u00e0 sa bonne performance 2019\" \/>\n<meta name=\"parsely-link\" content=\"https:\/\/www.capgemini.com\/fr-fr\/actualites\/communiques-de-presse\/capgemini-renforce-sa-position-parmi-les-leaders-mondiaux-grace-a-sa-bonne-performance-2019\/\" \/>\n<meta name=\"parsely-type\" content=\"post\" \/>\n<meta name=\"parsely-pub-date\" content=\"2020-02-13T15:02:00Z\" \/>\n<meta name=\"parsely-section\" content=\"Uncategorized\" \/>","tracker_url":"https:\/\/cdn.parsely.com\/keys\/capgemini.com\/p.js"},"archive_status":false,"featured_image_src":"https:\/\/www.capgemini.com\/fr-fr\/wp-content\/themes\/capgemini2025\/assets\/images\/mockup.png","featured_image_alt":false,"jetpack_sharing_enabled":true,"distributor_meta":false,"distributor_terms":false,"distributor_media":false,"distributor_original_site_name":"Capgemini France","distributor_original_site_url":"https:\/\/www.capgemini.com\/fr-fr","push-errors":false,"tag_names":[],"_links":{"self":[{"href":"https:\/\/www.capgemini.com\/fr-fr\/wp-json\/wp\/v2\/press-release\/667388","targetHints":{"allow":["GET"]}}],"collection":[{"href":"https:\/\/www.capgemini.com\/fr-fr\/wp-json\/wp\/v2\/press-release"}],"about":[{"href":"https:\/\/www.capgemini.com\/fr-fr\/wp-json\/wp\/v2\/types\/press-release"}],"author":[{"embeddable":true,"href":"https:\/\/www.capgemini.com\/fr-fr\/wp-json\/wp\/v2\/users\/103"}],"version-history":[{"count":6,"href":"https:\/\/www.capgemini.com\/fr-fr\/wp-json\/wp\/v2\/press-release\/667388\/revisions"}],"predecessor-version":[{"id":778169,"href":"https:\/\/www.capgemini.com\/fr-fr\/wp-json\/wp\/v2\/press-release\/667388\/revisions\/778169"}],"wp:attachment":[{"href":"https:\/\/www.capgemini.com\/fr-fr\/wp-json\/wp\/v2\/media?parent=667388"}],"wp:term":[{"taxonomy":"post_tag","embeddable":true,"href":"https:\/\/www.capgemini.com\/fr-fr\/wp-json\/wp\/v2\/tags?post=667388"},{"taxonomy":"press-release-type","embeddable":true,"href":"https:\/\/www.capgemini.com\/fr-fr\/wp-json\/wp\/v2\/press-release-type?post=667388"},{"taxonomy":"brand","embeddable":true,"href":"https:\/\/www.capgemini.com\/fr-fr\/wp-json\/wp\/v2\/brand?post=667388"}],"curies":[{"name":"wp","href":"https:\/\/api.w.org\/{rel}","templated":true}]}}