{"id":667287,"date":"2020-10-27T14:39:00","date_gmt":"2020-10-27T14:39:00","guid":{"rendered":"https:\/\/www.capgemini.com\/fr-fr\/?post_type=press-release&#038;p=667287"},"modified":"2025-03-04T11:22:23","modified_gmt":"2025-03-04T10:22:23","slug":"fort-redressement-de-lactivite-au-3eme-trimestre-2020","status":"publish","type":"press-release","link":"https:\/\/www.capgemini.com\/fr-fr\/actualites\/communiques-de-presse\/fort-redressement-de-lactivite-au-3eme-trimestre-2020\/","title":{"rendered":"Fort redressement de l\u2019activit\u00e9 au 3\u00e8me trimestre 2020"},"content":{"rendered":"\t\t<div class=\"wp-block-cg-blocks-hero-press-release\">\n\t\t\t<header class=\"header-hero-press-release\" role=\"main\" id=\"main-content-press-release\">\n\t\t\t\t<div class=\"container\">\n\t\t\t\t\t<div class=\"hero-press-release\">\n\t\t\t\t\t\t<div class=\"hero-press-release-content-wrapper\">\n\t\t\t\t\t\t\t<div class=\"row\">\n\t\t\t\t\t\t\t\t<div class=\"col-12\">\n\t\t\t\t\t\t\t\t\t<div class=\"header-title\">\n\t\t\t\t\t\t\t\t\t\t<h1>\n\t\t\t\t\t\t\t\t\t\t\tFort redressement de l\u2019activit\u00e9 au 3\u00e8me trimestre 2020\t\t\t\t\t\t\t\t\t\t<\/h1>\n\t\t\t\t\t\t\t\t\t<\/div>\n\t\t\t\t\t\t\t\t\t<div class=\"header-description\">\n\t\t\t\t\t\t\t\t\t\t<p><\/p>\n\t\t\t\t\t\t\t\t\t<\/div>\n\t\t\t\t\t\t\t\t\t\t\t\t\t\t\t\t\t\t<div class=\"header-date\">\n\t\t\t\t\t\t\t\t\t\t<span>oct. 27, 2020<\/span>\n\t\t\t\t\t\t\t\t\t<\/div>\n\t\t\t\t\t\t\t\t<\/div>\n\t\t\t\t\t\t\t<\/div>\n\t\t\t\t\t\t<\/div>\n\t\t\t\t\t\t\t\t\t\t\t\t\t<div class=\"hero-press-release-downloads\">\n\t\t\t\t\t\t\t\t<div class=\"row\">\n\t\t\t\t\t\t\t\t\t\t\t\t\t\t\t\t\t\t\t<div class=\"col-12 col-md-6 col-lg-3\">\n\t\t\t\t\t\t\t\t\t\t\t<a class=\"download-item\" type=\"download\" href=\"https:\/\/www.capgemini.com\/fr-fr\/wp-content\/uploads\/sites\/6\/2022\/04\/Capgemini_-_2020-10-27_-_Chiffre_d_affaires_du_3eme_trimestre_2020-1.pdf\" target=\"_blank\" rel=\"noopener noreferrer\" title=\"Ouvrir dans une nouvelle fen\u00eatre\">\n\t\t\t\t\t\t\t\t\t\t\t\t<div class=\"download-icon\"><\/div>\n\t\t\t\t\t\t\t\t\t\t\t\t<div class=\"download-details\">\n\t\t\t\t\t\t\t\t\t\t\t\t\t<div class=\"download-title\">Download press release<\/div>\n\t\t\t\t\t\t\t\t\t\t\t\t\t<div class=\"download-props\">234 KB  pdf<\/div>\n\t\t\t\t\t\t\t\t\t\t\t\t<\/div>\n\t\t\t\t\t\t\t\t\t\t\t<\/a>\n\t\t\t\t\t\t\t\t\t\t<\/div>\n\t\t\t\t\t\t\t\t\t\t\t\t\t\t\t\t\t\t\t\t<div class=\"col-12 col-md-6 col-lg-3\">\n\t\t\t\t\t\t\t\t\t\t\t<a class=\"download-item\" type=\"download\" href=\"https:\/\/www.capgemini.com\/fr-fr\/wp-content\/uploads\/sites\/6\/2022\/04\/2020_10_27_Capgemini_T3_2020_Infographie-1.pdf\" target=\"_blank\" rel=\"noopener noreferrer\" title=\"Ouvrir dans une nouvelle fen\u00eatre\">\n\t\t\t\t\t\t\t\t\t\t\t\t<div class=\"download-icon\"><\/div>\n\t\t\t\t\t\t\t\t\t\t\t\t<div class=\"download-details\">\n\t\t\t\t\t\t\t\t\t\t\t\t\t<div class=\"download-title\">Download press release<\/div>\n\t\t\t\t\t\t\t\t\t\t\t\t\t<div class=\"download-props\">87 KB  pdf<\/div>\n\t\t\t\t\t\t\t\t\t\t\t\t<\/div>\n\t\t\t\t\t\t\t\t\t\t\t<\/a>\n\t\t\t\t\t\t\t\t\t\t<\/div>\n\t\t\t\t\t\t\t\t\t\t\t\t\t\t\t\t\t\t\t\t<div class=\"col-12 col-md-6\">\n\t\t\t\t\t\t\t\t\t\t\t<a class=\"download-item\" type=\"download\" href=\"https:\/\/www.capgemini.com\/fr-fr\/wp-content\/uploads\/sites\/6\/2022\/04\/2020_10_27_Capgemini_Performance_9mois_2020_Infographie-1.pdf\" target=\"_blank\" rel=\"noopener noreferrer\" title=\"Ouvrir dans une nouvelle fen\u00eatre\">\n\t\t\t\t\t\t\t\t\t\t\t\t<div class=\"download-icon\"><\/div>\n\t\t\t\t\t\t\t\t\t\t\t\t<div class=\"download-details\">\n\t\t\t\t\t\t\t\t\t\t\t\t\t<div class=\"download-title\">Download press release<\/div>\n\t\t\t\t\t\t\t\t\t\t\t\t\t<div class=\"download-props\">90 KB  pdf<\/div>\n\t\t\t\t\t\t\t\t\t\t\t\t<\/div>\n\t\t\t\t\t\t\t\t\t\t\t<\/a>\n\t\t\t\t\t\t\t\t\t\t<\/div>\n\t\t\t\t\t\t\t\t\t\t\t\t\t\t\t\t\t\t<\/div>\n\t\t\t\t\t\t\t<\/div>\n\t\t\t\t\t\t\t\t\t\t\t\t\t\t\t\t\t<\/div>\n\t\t\t\t<\/div>\n\t\t\t<\/header>\n\t\t<\/div>\n\t\t\n\n\n<section class=\"wp-block-cg-blocks-intro-para undefined section section--intro\"><div class=\"intro-para\"><div class=\"container\"><div class=\"row\"><div class=\"col-12 col-md-1\"><nav class=\"article-social\"><ul class=\"social-nav\"><li class=\"ip-order-fb\"><a href=\"https:\/\/www.facebook.com\/sharer\/sharer.php?u=https:\/\/www.capgemini.com\/fr-fr\/actualites\/communiques-de-presse\/fort-redressement-de-lactivite-au-3eme-trimestre-2020\/\" target=\"_blank\" rel=\"noopener noreferrer\" title=\"Ouvrir dans une nouvelle fen\u00eatre\"><i aria-hidden=\"true\" class=\"icon-fb\"><\/i><span class=\"sr-only\">Facebook<\/span><\/a><\/li><li class=\"ip-order-li\"><a href=\"https:\/\/www.linkedin.com\/sharing\/share-offsite\/?url=https:\/\/www.capgemini.com\/fr-fr\/actualites\/communiques-de-presse\/fort-redressement-de-lactivite-au-3eme-trimestre-2020\/\" target=\"_blank\" rel=\"noopener noreferrer\" title=\"Ouvrir dans une nouvelle fen\u00eatre\"><i aria-hidden=\"true\" class=\"icon-li\"><\/i><span class=\"sr-only\">Linkedin<\/span><\/a><\/li><\/ul><\/nav><\/div><div class=\"col-12 col-md-11 col-lg-10\"><h2 class=\"intro-para-title\"><strong>Paris, le 27 octobre 2020<\/strong> \u2013 Le groupe Capgemini a r\u00e9alis\u00e9 au 3<sup>\u00e8me<\/sup> trimestre 2020 un chiffre d\u2019affaires consolid\u00e9 de 4 008 millions d\u2019euros, en hausse de 15,6% \u00e0 taux de change courants et de 18,4% \u00e0 taux de change constants<sup>*<\/sup> par rapport au m\u00eame trimestre de l\u2019ann\u00e9e 2019.<\/h2><\/div><\/div><\/div><\/div><\/section>\n\n\n\n<section class=\"wp-block-cg-blocks-group undefined section section--article-content\"><div class=\"article-main-content\"><div class=\"container\"><div class=\"row\"><div class=\"col-12 col-md-11 col-lg-10 offset-md-1 offset-lg-1\"><div class=\"article-text article-quote-text\">\n<p><a href=\"\/cookie-settings\/#cookie-consent\">Please allow statistical cookies to see this Youtube embed<\/a><\/p>\n\n\n\n<p>Pour Aiman Ezzat, Directeur g\u00e9n\u00e9ral du groupe Capgemini : \u00ab <em>Ce trimestre, qui s\u2019est r\u00e9v\u00e9l\u00e9 meilleur qu\u2019anticip\u00e9, a \u00e9t\u00e9 marqu\u00e9 par une nette am\u00e9lioration de la performance par rapport au 2<sup>e<\/sup> trimestre, visible sur l\u2019ensemble de nos r\u00e9gions et de nos m\u00e9tiers. Nous continuons notre progression dans le digital et le cloud avec une croissance de plus de 10% et le niveau de prise de commandes est solide. Nous anticipons donc que le 4<sup>\u00e8me<\/sup> trimestre confirme cette tendance favorable, avec une nouvelle am\u00e9lioration qui devrait cependant s\u2019av\u00e9rer limit\u00e9e compte tenu de l\u2019\u00e9volution r\u00e9cente de la situation sanitaire. Dans ce cadre-l\u00e0, notre performance pour l\u2019ann\u00e9e 2020 devrait se situer au-dessus du milieu de la fourchette annonc\u00e9e, tant en croissance qu\u2019en marge op\u00e9rationnelle, et nous restons confiants sur les perspectives d\u2019am\u00e9lioration pour 2021.<\/em><\/p>\n\n\n\n<p><em>Par ailleurs, les travaux d\u2019int\u00e9gration d\u2019Altran se poursuivent au rythme attendu avec notamment le lancement d\u2019une offre 5G &amp; Edge, la premi\u00e8re d\u2019une s\u00e9rie dans le domaine de l\u2019\u00ab&nbsp;Intelligent Industry&nbsp;\u00bb.<\/em><\/p>\n\n\n\n<p><em>Enfin ce trimestre a \u00e9t\u00e9 marqu\u00e9 par l\u2019adoption de la Raison d\u2019\u00catre du Groupe : \u00ab Lib\u00e9rer les \u00e9nergies humaines par la technologie pour un avenir inclusif et durable \u00bb. Co-construite avec l\u2019ensemble des parties prenantes de Capgemini, elle s\u2019appuie sur notre conviction que l\u2019innovation technologique est un progr\u00e8s qui doit b\u00e9n\u00e9ficier \u00e0 l\u2019humanit\u00e9 au sens large. \u00bb<\/em><\/p>\n\n\n\n<figure class=\"wp-block-image aligncenter\"><img decoding=\"async\" src=\"https:\/\/www.capgemini.com\/fr-fr\/wp-content\/uploads\/sites\/2\/2020\/10\/q3-1-fr.jpg\" alt=\"\" class=\"wp-image-173068\"\/><\/figure>\n\n\n\n<p>Le Groupe a enregistr\u00e9 au 3<sup>\u00e8me<\/sup> trimestre 2020 une am\u00e9lioration sensible de sa performance par rapport \u00e0 celle du 2<sup>\u00e8me<\/sup> trimestre, aussi bien en termes de croissance \u00e0 taux de changes constants<sup>*<\/sup> que sur une base organique<sup>*<\/sup>. A l\u2019instar du trimestre pr\u00e9c\u00e9dent, Capgemini a b\u00e9n\u00e9fici\u00e9 au 3<sup>\u00e8me<\/sup> trimestre du plein effet de l\u2019int\u00e9gration de la soci\u00e9t\u00e9 Altran Technologies (\u00ab Altran \u00bb) dans le p\u00e9rim\u00e8tre de consolidation du Groupe.<\/p>\n\n\n\n<p>Avec un chiffre d\u2019affaires de 4&nbsp;008 millions d\u2019euros r\u00e9alis\u00e9 au 3<sup>\u00e8me<\/sup> trimestre 2020, la croissance \u00e0 taux de change constants atteint ainsi +18,4% par rapport \u00e0 la m\u00eame p\u00e9riode de 2019, ce qui repr\u00e9sente un net renforcement au regard des +13,4% enregistr\u00e9s au 2<sup>\u00e8me<\/sup> trimestre.<\/p>\n\n\n\n<p>Sur une base organique, c\u2019est-\u00e0-dire corrig\u00e9 des impacts des devises et des variations de p\u00e9rim\u00e8tre, l\u2019am\u00e9lioration de la performance est \u00e9galement nettement visible avec un recul du chiffre d\u2019affaires au 3<sup>\u00e8me<\/sup> trimestre contenu \u00e0 -3,6% sur un an, contre -7,7% au 2<sup>\u00e8me<\/sup> trimestre.<\/p>\n\n\n\n<p>Cette am\u00e9lioration concerne l\u2019ensemble des m\u00e9tiers et r\u00e9gions du Groupe. Elle refl\u00e8te \u00e9galement la demande qui acc\u00e9l\u00e8re \u00e0 nouveau dans les services li\u00e9s au <strong>Digital <\/strong>et au<strong> Cloud<\/strong> qui, avec une croissance de plus de 10%, repr\u00e9sentent plus de 60% de l\u2019activit\u00e9 du Groupe au 3<sup>\u00e8me<\/sup> trimestre 2020<sup>1<\/sup>.<\/p>\n\n\n\n<p>Sur les 9 premiers mois de l\u2019ann\u00e9e, la croissance de Capgemini atteint +10,6% en donn\u00e9es publi\u00e9es et +11,3% \u00e0 taux de change constants. La croissance organique du Groupe enregistre sur la p\u00e9riode un recul limit\u00e9 \u00e0 \u00ad\u20113,5%. Dans le contexte de la crise li\u00e9e au Covid-19, cela illustre la r\u00e9silience du chiffre d\u2019affaires de Capgemini, qui a \u00e9t\u00e9 renforc\u00e9e ces derni\u00e8res ann\u00e9es par la diversification sectorielle et g\u00e9ographique de la base client du Groupe et le d\u00e9veloppement d\u2019un portefeuille d\u2019offres innovantes.<\/p>\n\n\n\n<h2 class=\"wp-block-heading\" id=\"h-evolution-de-l-activite-par-region\"><strong>\u00c9VOLUTION DE L\u2019ACTIVIT\u00c9 PAR R\u00c9GION<\/strong><\/h2>\n\n\n\n<figure class=\"wp-block-image aligncenter\"><img decoding=\"async\" src=\"https:\/\/www.capgemini.com\/fr-fr\/wp-content\/uploads\/sites\/2\/2020\/10\/q3-2-fr.jpg\" alt=\"\" class=\"wp-image-173069\"\/><\/figure>\n\n\n\n<p>La solide performance du 3<sup>\u00e8me<\/sup> trimestre est aliment\u00e9e par le renforcement dans chacune des r\u00e9gions du Groupe des taux de croissances annuels par rapport \u00e0 ceux observ\u00e9s au 2<sup>\u00e8me<\/sup> trimestre. Cette progression des croissances \u00e0 taux de change constants par r\u00e9gion, d\u00e9taill\u00e9es dans le tableau ci-dessus, refl\u00e8te directement le renforcement des dynamiques organiques sous-jacentes (i.e. \u00e0 taux de change et p\u00e9rim\u00e8tre constants).<\/p>\n\n\n\n<p>Ainsi au 3<sup>\u00e8me<\/sup> trimestre 2020, par rapport \u00e0 la m\u00eame p\u00e9riode de 2019 et sur une base organique, la r\u00e9gion <strong>Reste de l\u2019Europe<\/strong> (30% du chiffre d\u2019affaires du Groupe au 3<sup>\u00e8me<\/sup> trimestre 2020) renoue avec la croissance. Les r\u00e9gions <strong>Am\u00e9rique du Nord<\/strong> (31% du Groupe) et <strong>Royaume-Uni et Irlande<\/strong> (11% du Groupe) voient \u00e9galement leur dynamique se renforcer, mais enregistrent encore une contraction organique par rapport \u00e0 la m\u00eame p\u00e9riode de 2019. Si la <strong>France <\/strong>(21% du Groupe) est encore la r\u00e9gion du Groupe enregistrant la contraction organique la plus marqu\u00e9e, la situation s\u2019est tr\u00e8s sensiblement am\u00e9lior\u00e9e par rapport au trimestre pr\u00e9c\u00e9dent. Enfin, la r\u00e9gion <strong>Asie-Pacifique et Am\u00e9rique latine<\/strong> (7% du Groupe) a poursuivi son acc\u00e9l\u00e9ration au 3<sup>\u00e8me<\/sup> trimestre et reste ainsi la r\u00e9gion la plus dynamique du Groupe.<\/p>\n\n\n\n<p>La performance par secteur est rest\u00e9e contrast\u00e9e au cours du 3<sup>\u00e8me<\/sup> trimestre, compte tenu des fortes diff\u00e9rences observ\u00e9es en mati\u00e8re d\u2019impact de la pand\u00e9mie selon les secteurs, mais tous ont enregistr\u00e9 une am\u00e9lioration par rapport \u00e0 la situation observ\u00e9e au 2<sup>\u00e8me<\/sup> trimestre. Ainsi, sur une base organique&nbsp;: le secteur public (13% du chiffre d\u2019affaires du Groupe au 3<sup>\u00e8me<\/sup> trimestre 2020) a poursuivi son acc\u00e9l\u00e9ration au 3<sup>\u00e8me<\/sup> trimestre. Les Services financiers (1<sup>er<\/sup> secteur avec 25% du chiffre d\u2019affaires du Groupe) ont retrouv\u00e9 la croissance au cours du trimestre \u00e9coul\u00e9. Le secteur des TMT (13% du Groupe) a \u00e9galement enregistr\u00e9 un net renforcement de sa dynamique mais reste sur le trimestre en l\u00e9g\u00e8re d\u00e9croissance. Les secteurs des Biens de consommation (11% du Groupe) et de l\u2019Energie et Utilities (10% du Groupe) ont enregistr\u00e9 un recul l\u00e9g\u00e8rement moins important au 3<sup>\u00e8me<\/sup> trimestre que celui qu\u2019ils avaient subi au 2<sup>\u00e8me<\/sup> trimestre. Enfin les secteurs qui avaient \u00e9t\u00e9 les plus durement touch\u00e9s par la crise au 2<sup>\u00e8me<\/sup> trimestre, \u00e0 savoir l\u2019Industrie (23% du Groupe, et qui recouvre \u00e9galement le segment des Sciences de la Vie) et les Services (5% du Groupe, et qui recouvre notamment les transports, l\u2019h\u00f4tellerie et la restauration), enregistrent une am\u00e9lioration notable avec un recul d\u2019activit\u00e9 sensiblement moins important au 3<sup>\u00e8me<\/sup> trimestre.<\/p>\n\n\n\n<h2 class=\"wp-block-heading\" id=\"h-evolution-de-l-activite-par-metier\"><strong>\u00c9VOLUTION DE L\u2019ACTIVIT\u00c9 PAR M\u00c9TIER<\/strong><\/h2>\n\n\n\n<figure class=\"wp-block-image aligncenter\"><img decoding=\"async\" src=\"https:\/\/www.capgemini.com\/fr-fr\/wp-content\/uploads\/sites\/2\/2020\/10\/q3-3-fr.jpg\" alt=\"\" class=\"wp-image-173070\"\/><\/figure>\n\n\n\n<p>Les taux de croissance annuels se sont renforc\u00e9s au 3<sup>\u00e8me<\/sup> trimestre dans chacun des m\u00e9tiers du Groupe par rapport \u00e0 ceux observ\u00e9s le trimestre pr\u00e9c\u00e9dent, tant \u00e0 taux de change constants (cf. tableau ci-dessus) que sur une base organique, c\u2019est-\u00e0-dire \u00e0 taux de change et p\u00e9rim\u00e8tre constants.<\/p>\n\n\n\n<p>Ainsi sur une base organique&nbsp;: l\u2019activit\u00e9 de conseil en <strong>Strat\u00e9gie<\/strong> et <strong>Transformation<\/strong> (6% du chiffre d\u2019affaires du Groupe au 3<sup>\u00e8me<\/sup> trimestre 2020) enregistre au 3<sup>\u00e8me<\/sup> trimestre une moindre contraction de son chiffre d\u2019affaires total<sup>*<\/sup>, mais ce m\u00e9tier reste sans surprise le plus affect\u00e9 par le contexte de crise. Les services d\u2019<strong>Applications<\/strong> et de <strong>Technologie<\/strong> (61% du Groupe), qui constituent le c\u0153ur de l\u2019activit\u00e9 du Groupe, enregistrent un renforcement sensible de leur activit\u00e9 mais restent cependant en l\u00e9g\u00e8re d\u00e9croissance. Les m\u00e9tiers d\u2019<strong>Op\u00e9rations<\/strong> et d\u2019<strong>Ing\u00e9nierie<\/strong> (33% du Groupe) voient \u00e9galement leur dynamique s\u2019am\u00e9liorer, tir\u00e9e par un renforcement de la croissance dans les services d\u2019infrastructure cloud et une l\u00e9g\u00e8re am\u00e9lioration de la performance dans les m\u00e9tiers d\u2019Ing\u00e9nierie.<\/p>\n\n\n\n<p>A taux de change constants, la croissance du chiffre d\u2019affaires total des m\u00e9tiers d\u2019<strong>Op\u00e9rations <\/strong>et d\u2019<strong>Ing\u00e9nierie<\/strong> refl\u00e8te en premier lieu la consolidation de l\u2019activit\u00e9 d\u2019Altran dont l\u2019essentiel de l\u2019activit\u00e9 rel\u00e8ve de l\u2019Ing\u00e9nierie. L\u2019impact de la consolidation d\u2019Altran sur les autres lignes de m\u00e9tiers est en revanche beaucoup plus limit\u00e9.<\/p>\n\n\n\n<h2 class=\"wp-block-heading\" id=\"h-evolution-des-effectifs\"><strong>\u00c9VOLUTION DES EFFECTIFS<\/strong><\/h2>\n\n\n\n<p>Au 30 septembre 2020, l\u2019effectif total du Groupe s\u2019\u00e9tablit \u00e0 264&nbsp;600 personnes, soit une augmentation de 20,6% sur un an, li\u00e9e pour l\u2019essentiel \u00e0 l\u2019int\u00e9gration des 50 000 collaborateurs d\u2019Altran. Les effectifs <em>offshore<\/em> repr\u00e9sentent plus de 140 000 collaborateurs et constituent 53% de l\u2019effectif total.<\/p>\n\n\n\n<h2 class=\"wp-block-heading\" id=\"h-prises-de-commandes\"><strong>PRISES DE COMMANDES<\/strong><\/h2>\n\n\n\n<p>Les prises de commandes enregistr\u00e9es au 3<sup>\u00e8me<\/sup> trimestre s\u2019\u00e9l\u00e8vent \u00e0 3&nbsp;896 millions d\u2019euros. Ceci repr\u00e9sente une hausse de 17,4% \u00e0 taux de change constants par rapport \u00e0 la m\u00eame p\u00e9riode de l\u2019ann\u00e9e derni\u00e8re. Cela se traduit par un ratio \u00ab book-to-bill \u00bb de 97%, sensiblement stable sur un an, mais 8 points au-dessus de la moyenne des 5 derni\u00e8res ann\u00e9es pour un 3<sup>\u00e8me<\/sup> trimestre, ce qui refl\u00e8te un niveau de demande client encourageant pour les trimestres \u00e0 venir.<\/p>\n\n\n\n<h2 class=\"wp-block-heading\" id=\"h-perspectives\"><strong>PERSPECTIVES<\/strong><\/h2>\n\n\n\n<p>A l\u2019occasion de la publication des r\u00e9sultats du 1<sup>er<\/sup> semestre 2020, le Groupe s\u2019est fix\u00e9 comme objectifs pour l\u2019ensemble de l\u2019ann\u00e9e 2020&nbsp;:<\/p>\n\n\n\n<ul class=\"wp-block-list\">\n<li>Une croissance \u00e0 taux de change constants comprise entre +12,5% et +14,0%, avec une contribution des acquisitions estim\u00e9e \u00e0 17,0%&nbsp;;<\/li>\n\n\n\n<li>Une contraction de la marge op\u00e9rationnelle comprise entre 0,6 et 0,9 pointpar rapport aux 12,3% atteints en 2019, qui t\u00e9moigne de la nette am\u00e9lioration de la r\u00e9silience ;<\/li>\n\n\n\n<li>Une g\u00e9n\u00e9ration de <em>free cash-flow<\/em> organique sup\u00e9rieure \u00e0 900 millions d\u2019euros.<\/li>\n<\/ul>\n\n\n\n<h2 class=\"wp-block-heading\" id=\"h-conference-telephonique\"><strong>CONF\u00c9RENCE T\u00c9L\u00c9PHONIQUE<\/strong><\/h2>\n\n\n\n<p>Aiman Ezzat, Directeur g\u00e9n\u00e9ral, et Carole Ferrand, Directeur financier, commenteront cette publication au cours d\u2019une conf\u00e9rence t\u00e9l\u00e9phonique qui se d\u00e9roulera en anglais <strong>ce jour \u00e0 8h00 heure de Paris&nbsp;(CET)<\/strong>. Cette conf\u00e9rence t\u00e9l\u00e9phonique sera accessible par webcast, en direct et en rediffusion pendant un an, depuis ce <a href=\"https:\/\/edge.media-server.com\/mmc\/p\/ya92zcuf\">lien<\/a>.<\/p>\n\n\n\n<p>L\u2019ensemble des documents relatifs \u00e0 cette publication sera mis en ligne sur le site de Capgemini d\u00e9di\u00e9 aux investisseurs, \u00e0 l\u2019adresse suivante&nbsp;: <a href=\"https:\/\/investors.capgemini.com\/fr\/resultats-financiers\/\">https:\/\/investors.capgemini.com\/fr\/resultats-financiers\/.<\/a><\/p>\n\n\n\n<h2 class=\"wp-block-heading\" id=\"h-calendrier-previsionnel\"><strong>CALENDRIER PR\u00c9VISIONNEL<\/strong><\/h2>\n\n\n\n<p>17 f\u00e9vrier 2021 \u2013 R\u00e9sultats de l\u2019ann\u00e9e 2020<\/p>\n\n\n\n<p>29 avril 2021 \u2013&nbsp; Chiffre d\u2019affaires du 1<sup>er<\/sup> trimestre 2021<\/p>\n\n\n\n<p>20 mai 2021 \u2013 Assembl\u00e9e g\u00e9n\u00e9rale<\/p>\n\n\n\n<h2 class=\"wp-block-heading\" id=\"h-avertissement\"><strong>AVERTISSEMENT<\/strong><\/h2>\n\n\n\n<p>Le pr\u00e9sent communiqu\u00e9 de presse est susceptible de contenir des informations prospectives. Ces informations peuvent comprendre des projections, des estimations, des hypoth\u00e8ses, des informations concernant des projets, des objectifs, des intentions et\/ou des attentes portant sur des r\u00e9sultats financiers futurs, des \u00e9v\u00e8nements, des op\u00e9rations, le d\u00e9veloppement de services et de produits futurs, ainsi que des informations relatives \u00e0 des performances ou \u00e0 des \u00e9v\u00e8nements futurs. Ces informations prospectives sont g\u00e9n\u00e9ralement reconnaissables \u00e0 l\u2019emploi des termes \u00ab&nbsp;s\u2019attendre \u00e0&nbsp;\u00bb, \u00ab&nbsp;anticiper&nbsp;\u00bb, \u00ab&nbsp;penser que&nbsp;\u00bb, \u00ab&nbsp;avoir l\u2019intention de&nbsp;\u00bb, \u00ab&nbsp;estimer&nbsp;\u00bb, \u00ab&nbsp;pr\u00e9voir&nbsp;\u00bb, \u00ab&nbsp;projeter&nbsp;\u00bb, \u00ab&nbsp;pourrait&nbsp;\u00bb, \u00ab&nbsp;devrait&nbsp;\u00bb ou \u00e0 l\u2019emploi de la forme n\u00e9gative de ces termes et \u00e0 d\u2019autres expressions de m\u00eame nature. La direction de Capgemini consid\u00e8re actuellement que ces informations prospectives traduisent des attentes raisonnables&nbsp;; la soci\u00e9t\u00e9 alerte cependant les investisseurs sur le fait que ces informations prospectives sont soumises \u00e0 des risques et incertitudes (y compris, notamment, les risques identifi\u00e9s dans le Document d\u2019Enregistrement Universel de Capgemini, disponible sur le site internet de Capgemini), \u00e9tant donn\u00e9 qu\u2019elles ont trait \u00e0 des \u00e9v\u00e8nements futurs et d\u00e9pendent des circonstances futures dont la r\u00e9alisation est incertaine et qui peuvent diff\u00e9rer de ceux anticip\u00e9s, souvent difficilement pr\u00e9visibles et g\u00e9n\u00e9ralement en dehors du contr\u00f4le de Capgemini. Les r\u00e9sultats et les \u00e9v\u00e8nements r\u00e9els sont susceptibles de diff\u00e9rer significativement, de ceux qui sont exprim\u00e9s, impliqu\u00e9s ou projet\u00e9s dans les informations prospectives. Les informations prospectives ne donnent aucune garantie de r\u00e9alisation d\u2019\u00e9v\u00e8nements ou de r\u00e9sultats futurs et n\u2019ont pas cette vocation. Capgemini ne prend aucun engagement de mettre \u00e0 jour ou de r\u00e9viser les informations prospectives sous r\u00e9serve de ses obligations l\u00e9gales.<\/p>\n\n\n\n<p>Le pr\u00e9sent communiqu\u00e9 de presse ne constitue pas une offre d\u2019instruments financiers au public et ne contient pas d\u2019invitation ou d\u2019incitation \u00e0 investir dans des instruments financiers en France, aux \u00c9tats-Unis ou n\u2019importe quel autre pays.<\/p>\n\n\n\n<h2 class=\"wp-block-heading\" id=\"h-a-propos-de-capgemini\"><strong>\u00c0 propos de Capgemini<\/strong><\/h2>\n\n\n\n<p>Capgemini est un leader mondial du conseil, de la transformation num\u00e9rique, des services technologiques et d\u2019ing\u00e9nierie. A la pointe de l\u2019innovation, le Groupe aide ses clients \u00e0 saisir l\u2019ensemble des opportunit\u00e9s que pr\u00e9sentent le cloud, le digital et les plateformes. Fort de plus de 50 ans d\u2019exp\u00e9rience et d\u2019une grande expertise des diff\u00e9rents secteurs d\u2019activit\u00e9, il accompagne les entreprises et organisations dans la r\u00e9alisation de leurs ambitions, de la d\u00e9finition de leur strat\u00e9gie \u00e0 la mise en \u0153uvre de leurs op\u00e9rations. Responsable et multiculturel, avec 265&nbsp;000 personnes dans pr\u00e8s de 50 pays, le Groupe a pour raison d\u2019\u00eatre de lib\u00e9rer les \u00e9nergies humaines par la technologie pour un avenir inclusif et durable. Avec Altran, le Groupe a r\u00e9alis\u00e9 un chiffre d\u2019affaires combin\u00e9 de 17 milliards d\u2019euros en 2019.<\/p>\n\n\n\n<p>Plus d\u2019informations sur <a href=\"http:\/\/www.capgemini.com\/#_blank\">www.capgemini.com<\/a>.<\/p>\n\n\n\n<hr class=\"wp-block-separator has-css-opacity\"\/>\n\n\n\n<h2 class=\"wp-block-heading\" id=\"h-annexes-2\"><strong>ANNEXES<\/strong><a href=\"#_ftn1\">[2]<\/a><\/h2>\n\n\n\n<h3 class=\"wp-block-heading\" id=\"h-taxonomie-metiers\"><strong>TAXONOMIE METIERS<\/strong><\/h3>\n\n\n\n<ul class=\"wp-block-list\">\n<li><strong>Strat\u00e9gie &amp; Transformation<\/strong> comprend l\u2019ensemble des activit\u00e9s de conseil en strat\u00e9gie, innovation et accompagnement de la transformation.<\/li>\n\n\n\n<li><strong>Applications &amp; Technologie<\/strong> regroupe les activit\u00e9s des services applicatifs ainsi que les activit\u00e9s connexes, notamment les services de proximit\u00e9 en technologie.<\/li>\n\n\n\n<li><strong>Op\u00e9rations &amp; Ing\u00e9nierie<\/strong> recouvre les autres activit\u00e9s du Groupe, \u00e0 savoir : les <em>Business Services<\/em> (comprenant le <em>Business Process Outsourcing <\/em>et les services transactionnels), l\u2019ensemble des services d\u2019infrastructure et de cloud et les services de R&amp;D et d\u2019ing\u00e9nierie.<\/li>\n<\/ul>\n\n\n\n<h3 class=\"wp-block-heading\" id=\"h-definitions\"><strong>D\u00c9FINITIONS<\/strong><\/h3>\n\n\n\n<p>La <strong>croissance organique<\/strong> du chiffre d\u2019affaires est la croissance calcul\u00e9e <strong>\u00e0 taux de change et p\u00e9rim\u00e8tre constants<\/strong>. Le p\u00e9rim\u00e8tre et les taux de changes utilis\u00e9s sont ceux de l\u2019exercice publi\u00e9. Ce sont \u00e9galement les taux de change de l\u2019exercice publi\u00e9 qui sont utilis\u00e9s dans le calcul de la <strong>croissance \u00e0 taux de change constants<\/strong>.<\/p>\n\n\n\n<figure class=\"wp-block-image aligncenter\"><img decoding=\"async\" src=\"https:\/\/www.capgemini.com\/fr-fr\/wp-content\/uploads\/sites\/2\/2020\/10\/q3-4-fr.jpg\" alt=\"\" class=\"wp-image-173071\"\/><\/figure>\n\n\n\n<p>Pour l\u2019\u00e9volution de l\u2019activit\u00e9 par m\u00e9tier, conform\u00e9ment aux indicateurs internes de performance op\u00e9rationnelle, la croissance \u00e0 taux de change constants est calcul\u00e9e sur la base du <strong>chiffre d\u2019affaires total<\/strong>, c\u2019est-\u00e0-dire avant \u00e9limination des facturations inter-m\u00e9tiers. Le Groupe consid\u00e8re en effet que cela est plus repr\u00e9sentatif du niveau d\u2019activit\u00e9 par m\u00e9tier car, avec l\u2019\u00e9volution de son activit\u00e9, le Groupe constate un nombre croissant de contrats dont la mise en \u0153uvre requiert la combinaison de diff\u00e9rentes expertises m\u00e9tiers entra\u00eenant une augmentation des flux de facturation inter-m\u00e9tiers.<\/p>\n\n\n\n<p>La <strong>marge op\u00e9rationnelle<\/strong>, un des principaux indicateurs de la performance du Groupe, est la diff\u00e9rence entre le chiffre d\u2019affaires et les charges op\u00e9rationnelles. Elle est calcul\u00e9e avant les \u00ab autres produits et charges op\u00e9rationnels \u00bb qui comprennent les amortissements des actifs incorporels reconnus dans le cadre des regroupements d\u2019entreprises, la charge r\u00e9sultant de l\u2019\u00e9talement de la juste valeur des actions attribu\u00e9es au personnel (y compris les charges sociales et contributions patronales), ainsi que les charges ou produits non r\u00e9currents, notamment les d\u00e9pr\u00e9ciations des \u00e9carts d\u2019acquisition, les \u00e9carts d\u2019acquisition n\u00e9gatifs, les plus ou moins-values de cession de soci\u00e9t\u00e9s consolid\u00e9es ou d\u2019activit\u00e9s, les charges de restructuration aff\u00e9rentes \u00e0 des plans approuv\u00e9s par les organes de Direction du Groupe, les co\u00fbts d\u2019acquisition et d\u2019int\u00e9gration des soci\u00e9t\u00e9s acquises par le Groupe y compris les compl\u00e9ments de prix incluant des conditions de pr\u00e9sence, ainsi que les effets des r\u00e9ductions, des liquidations et des transferts des r\u00e9gimes de retraites \u00e0 prestations d\u00e9finies.<\/p>\n\n\n\n<p>Le r\u00e9sultat net normalis\u00e9 correspond au r\u00e9sultat net (part du Groupe) corrig\u00e9 des impacts des \u00e9l\u00e9ments reconnus en \u00ab autres produits et charges op\u00e9rationnels \u00bb, net d\u2019imp\u00f4t calcul\u00e9 sur la base du taux effectif d\u2019imp\u00f4t. Le <strong>r\u00e9sultat normalis\u00e9 par action<\/strong> est calcul\u00e9 comme un r\u00e9sultat de base par action, c\u2019est-\u00e0-dire hors dilution.<\/p>\n\n\n\n<p>Le <strong><em>free cash-flow<\/em> organique<\/strong> se d\u00e9finit comme le flux de tr\u00e9sorerie li\u00e9 \u00e0 l\u2019activit\u00e9 diminu\u00e9 des investissements en immobilisations incorporelles et corporelles (nets de cession), des remboursements de dette de loyer et ajust\u00e9 des int\u00e9r\u00eats financiers pay\u00e9s et re\u00e7us.<\/p>\n\n\n\n<p><strong>Covid-19<\/strong> : L\u2019impact de la crise sanitaire sur les comptes consolid\u00e9s du Groupe n\u2019est pas isol\u00e9. La d\u00e9finition des indicateurs alternatifs de performance ci-dessus est donc inchang\u00e9e et, conform\u00e9ment aux pratiques pass\u00e9es, ces comptes comprennent dans les autres produits et charges op\u00e9rationnels un montant non significatif de co\u00fbts incr\u00e9mentaux et non-r\u00e9currents li\u00e9s \u00e0 cette crise.<\/p>\n\n\n\n<h3 class=\"wp-block-heading\" id=\"h-evolution-de-l-activite-par-region-0\"><strong>\u00c9VOLUTION DE L\u2019ACTIVIT\u00c9 PAR R\u00c9GION<\/strong><\/h3>\n\n\n\n<figure class=\"wp-block-image aligncenter\"><img decoding=\"async\" src=\"https:\/\/www.capgemini.com\/fr-fr\/wp-content\/uploads\/sites\/2\/2020\/10\/q3-5-fr.jpg\" alt=\"\" class=\"wp-image-173072\"\/><\/figure>\n\n\n\n<figure class=\"wp-block-image aligncenter\"><img decoding=\"async\" src=\"https:\/\/www.capgemini.com\/fr-fr\/wp-content\/uploads\/sites\/2\/2020\/10\/q3-6-fr.jpg\" alt=\"\" class=\"wp-image-173073\"\/><\/figure>\n\n\n\n<h3 class=\"wp-block-heading\" id=\"h-evolution-de-l-activite-par-metier-0\">\u00c9VOLUTION DE L\u2019ACTIVIT\u00c9 PAR M\u00c9TIER<\/h3>\n\n\n\n<figure class=\"wp-block-image aligncenter\"><img decoding=\"async\" src=\"https:\/\/www.capgemini.com\/fr-fr\/wp-content\/uploads\/sites\/2\/2020\/10\/q3-7-fr.jpg\" alt=\"\" class=\"wp-image-173074\"\/><\/figure>\n\n\n\n<p><a href=\"#_ftnref1\"><em>*<\/em><\/a><em> Les termes et indicateurs alternatifs de performance marqu\u00e9s d\u2019un (*) sont d\u00e9finis et\/ou r\u00e9concili\u00e9s en annexe de ce communiqu\u00e9.<a href=\"#_ftnref2\"><\/a><\/em><\/p>\n\n\n\n<p><em><a href=\"#_ftnref3\">[1]<\/a> Information sur le p\u00e9rim\u00e8tre du Groupe hors Altran. La croissance est calcul\u00e9e \u00e0 taux de change constants.<\/em><\/p>\n\n\n\n<p><em><a href=\"#_ftnref1\">[2]<\/a> Dans ces annexes l\u2019arrondi d\u2019une somme peut \u00eatre diff\u00e9rent de la somme des arrondis.<\/em><\/p>\n<\/div><\/div><\/div><\/div><\/div><\/section>\n\n\n<div class=\"wp-block-cg-blocks-cg-block-related-content\"><section class=\"relatedContentBlock\"><div class=\"container\"><div class=\"row\"><div class=\"content-title col-12 col-md-8\"><h2 class=\"related-content-heading\">Related News<\/h2><\/div><\/div><div class=\"row relatedContent\"><div class=\"col-lg-4 col-md-6 col-xs-12\">\n\t\t\t\t\t\t\t<div class=\"box\">\n\t\t\t\t\t\t\t\t<a aria-label=\"Lire la suite Chiffre d\u2019affaires du 1er trimestre 2026\" href=\"https:\/\/www.capgemini.com\/fr-fr\/actualites\/communiques-de-presse\/chiffre-daffaires-du-1er-trimestre-2026\/\" class=\"anchorWrapper\">\n\t\t\t\t\t\t\t\t\t<span class=\"box-tag\"><span>Actualit\u00e9s financi\u00e8res<\/span><\/span>\n\t\t\t\t\t\t\t\t\t<div class=\"box-title\"><h3 class=\"box-subtitle\">Chiffre d\u2019affaires du 1er trimestre 2026<\/h3><\/div>\n\t\t\t\t\t\t\t\t\t<div class=\"box-date\">\n\t\t\t\t\t\t\t\t\t\t<span>Apr 30, 2026<\/span>\n\t\t\t\t\t\t\t\t\t<\/div>\n\t\t\t\t\t\t\t\t\t<div class=\"box-bottom\">\n\t\t\t\t\t\t\t\t\t\t&lt;a class=&quot;link-download&quot; href=&quot;https:\/\/www.capgemini.com\/fr-fr\/wp-content\/uploads\/sites\/6\/2026\/04\/Capgemini_-_2026-04-30_-_Chiffre_d_affaires_du_1er_trimestre_2026.pdf&quot; aria-label=&quot;T\u00e9l\u00e9charger le communiqu\u00e9 de presse&quot; target=&quot;_blank&quot;  type=&quot;download&quot; title=&quot;Opens in a new window&quot;&gt;\n\t\t\t\t\t\t\t&lt;span&gt;T\u00e9l\u00e9charger le communiqu\u00e9 de presse&lt;\/span&gt;\n\t\t\t\t\t\t\t&lt;span&gt;237 KB PDF&lt;\/span&gt;\n\t\t\t\t\t\t&lt;\/a&gt;\n\t\t\t\t\t\t\t\t\t\t<a class=\"more\" aria-label=\"Lire la suite Chiffre d\u2019affaires du 1er trimestre 2026\" href=\"https:\/\/www.capgemini.com\/fr-fr\/actualites\/communiques-de-presse\/chiffre-daffaires-du-1er-trimestre-2026\/\">Lire la suite<\/a>\n\t\t\t\t\t\t\t\t\t<\/div>\n\t\t\t\t\t\t\t\t<\/a>\n\t\t\t\t\t\t\t<\/div>\n\t\t\t\t\t\t<\/div><div class=\"col-lg-4 col-md-6 col-xs-12\">\n\t\t\t\t\t\t\t<div class=\"box\">\n\t\t\t\t\t\t\t\t<a aria-label=\"Lire la suite Capgemini d\u00e9voile le Google Cloud AI Enterprise Hub pour acc\u00e9l\u00e9rer la transformation des entreprises gr\u00e2ce \u00e0 l\u2019IA agentique\" href=\"https:\/\/www.capgemini.com\/fr-fr\/actualites\/communiques-de-presse\/capgemini-devoile-le-google-cloud-ai-enterprise-hub-pour-accelerer-la-transformation-des-entreprises-vers-ia-agentique\/\" class=\"anchorWrapper\">\n\t\t\t\t\t\t\t\t\t<span class=\"box-tag\"><span>Partenariats<\/span><\/span>\n\t\t\t\t\t\t\t\t\t<div class=\"box-title\"><h3 class=\"box-subtitle\">Capgemini d\u00e9voile le Google Cloud AI Enterprise Hub pour acc\u00e9l\u00e9rer la transformation des entreprises gr\u00e2ce \u00e0 l\u2019IA agentique<\/h3><\/div>\n\t\t\t\t\t\t\t\t\t<div class=\"box-date\">\n\t\t\t\t\t\t\t\t\t\t<span>Apr 23, 2026<\/span>\n\t\t\t\t\t\t\t\t\t<\/div>\n\t\t\t\t\t\t\t\t\t<div class=\"box-bottom\">\n\t\t\t\t\t\t\t\t\t\t&lt;a class=&quot;link-download&quot; href=&quot;https:\/\/www.capgemini.com\/wp-content\/uploads\/2026\/04\/04_23_Capgemini-news-alert_Google-Cloud-AI-Enterprise-Hub.pdf&quot; aria-label=&quot;T\u00e9l\u00e9charger le communiqu\u00e9 de presse&quot; target=&quot;_blank&quot;  type=&quot;download&quot; title=&quot;Opens in a new window&quot;&gt;\n\t\t\t\t\t\t\t&lt;span&gt;T\u00e9l\u00e9charger le communiqu\u00e9 de presse&lt;\/span&gt;\n\t\t\t\t\t\t\t&lt;span&gt;143 KB PDF&lt;\/span&gt;\n\t\t\t\t\t\t&lt;\/a&gt;\n\t\t\t\t\t\t\t\t\t\t<a class=\"more\" aria-label=\"Lire la suite Capgemini d\u00e9voile le Google Cloud AI Enterprise Hub pour acc\u00e9l\u00e9rer la transformation des entreprises gr\u00e2ce \u00e0 l\u2019IA agentique\" href=\"https:\/\/www.capgemini.com\/fr-fr\/actualites\/communiques-de-presse\/capgemini-devoile-le-google-cloud-ai-enterprise-hub-pour-accelerer-la-transformation-des-entreprises-vers-ia-agentique\/\">Lire la suite<\/a>\n\t\t\t\t\t\t\t\t\t<\/div>\n\t\t\t\t\t\t\t\t<\/a>\n\t\t\t\t\t\t\t<\/div>\n\t\t\t\t\t\t<\/div><div class=\"col-lg-4 col-md-6 col-xs-12\">\n\t\t\t\t\t\t\t<div class=\"box\">\n\t\t\t\t\t\t\t\t<a aria-label=\"Lire la suite La r\u00e9industrialisation entre dans une phase plus s\u00e9lective et strat\u00e9gique en Europe et aux \u00c9tats Unis\" href=\"https:\/\/www.capgemini.com\/fr-fr\/actualites\/communiques-de-presse\/la-reindustrialisation-entre-dans-une-phase-plus-selective-et-strategique-en-europe-et-aux-etats-unis\/\" class=\"anchorWrapper\">\n\t\t\t\t\t\t\t\t\t<span class=\"box-tag\"><span>Publications<\/span><\/span>\n\t\t\t\t\t\t\t\t\t<div class=\"box-title\"><h3 class=\"box-subtitle\">La r\u00e9industrialisation entre dans une phase plus s\u00e9lective et strat\u00e9gique en Europe et aux \u00c9tats Unis<\/h3><\/div>\n\t\t\t\t\t\t\t\t\t<div class=\"box-date\">\n\t\t\t\t\t\t\t\t\t\t<span>Apr 20, 2026<\/span>\n\t\t\t\t\t\t\t\t\t<\/div>\n\t\t\t\t\t\t\t\t\t<div class=\"box-bottom\">\n\t\t\t\t\t\t\t\t\t\t&lt;a class=&quot;link-download&quot; href=&quot;https:\/\/www.capgemini.com\/fr-fr\/wp-content\/uploads\/sites\/6\/2026\/04\/2026_04_20_Capgemini_Reindustrialisation-of-Europe-and-the-US-report_3rd-edition_press-release_FR.pdf&quot; aria-label=&quot;T\u00e9l\u00e9charger le communiqu\u00e9 de presse&quot; target=&quot;_blank&quot;  type=&quot;download&quot; title=&quot;Opens in a new window&quot;&gt;\n\t\t\t\t\t\t\t&lt;span&gt;T\u00e9l\u00e9charger le communiqu\u00e9 de presse&lt;\/span&gt;\n\t\t\t\t\t\t\t&lt;span&gt;163 KB PDF&lt;\/span&gt;\n\t\t\t\t\t\t&lt;\/a&gt;\n\t\t\t\t\t\t\t\t\t\t<a class=\"more\" aria-label=\"Lire la suite La r\u00e9industrialisation entre dans une phase plus s\u00e9lective et strat\u00e9gique en Europe et aux \u00c9tats Unis\" href=\"https:\/\/www.capgemini.com\/fr-fr\/actualites\/communiques-de-presse\/la-reindustrialisation-entre-dans-une-phase-plus-selective-et-strategique-en-europe-et-aux-etats-unis\/\">Lire la suite<\/a>\n\t\t\t\t\t\t\t\t\t<\/div>\n\t\t\t\t\t\t\t\t<\/a>\n\t\t\t\t\t\t\t<\/div>\n\t\t\t\t\t\t<\/div><\/div><\/div><\/section><\/div>","protected":false},"excerpt":{"rendered":"","protected":false},"author":103,"featured_media":0,"template":"","meta":{"cg_dt_proposed_to":[],"cg_seo_hreflang_relations":"[]","cg_seo_canonical_relation":"{\"uuid\":\"e463e507-6870-435f-aac4-2ef9480a4a62\",\"blogId\":\"\",\"domain\":\"\",\"sitePath\":\"\",\"postLink\":\"\",\"postId\":null,\"isSaved\":true,\"isCrossLink\":false,\"hasCrossLink\":false}","cg_seo_hreflang_x_default_relation":"{\"uuid\":\"6195f92d-53aa-4f50-af88-ddc920c20cc6\",\"blogId\":\"\",\"domain\":\"\",\"sitePath\":\"\",\"postLink\":\"\",\"postId\":null,\"isSaved\":true,\"isCrossLink\":false,\"hasCrossLink\":false}","cg_dt_approved_content":true,"cg_dt_mandatory_content":false,"cg_dt_notes":"","cg_dg_source_changed":false,"cg_dt_link_disabled":false,"footnotes":"","related_resource_url":"https:\/\/www.capgemini.com\/fr-fr\/wp-content\/uploads\/sites\/6\/2022\/04\/Capgemini_-_2020-10-27_-_Chiffre_d_affaires_du_3eme_trimestre_2020-1.pdf","related_resource_id":667289,"related_resource_size":"234 KB","related_resource_type":"pdf","cg_author":0,"featured_focal_points":""},"tags":[],"press-release-type":[],"brand":[],"class_list":["post-667287","press-release","type-press-release","status-publish","hentry"],"yoast_head":"<!-- This site is optimized with the Yoast SEO Premium plugin v22.8 (Yoast SEO v22.8) - https:\/\/yoast.com\/wordpress\/plugins\/seo\/ -->\n<title>Fort redressement de l\u2019activit\u00e9 au 3\u00e8me trimestre 2020 - Capgemini France<\/title>\n<meta name=\"robots\" content=\"index, follow, max-snippet:-1, max-image-preview:large, max-video-preview:-1\" \/>\n<link rel=\"canonical\" href=\"https:\/\/www.capgemini.com\/fr-fr\/actualites\/communiques-de-presse\/fort-redressement-de-lactivite-au-3eme-trimestre-2020\/\" \/>\n<meta property=\"og:locale\" content=\"fr_FR\" \/>\n<meta property=\"og:type\" content=\"article\" \/>\n<meta property=\"og:title\" content=\"Fort redressement de l\u2019activit\u00e9 au 3\u00e8me trimestre 2020\" \/>\n<meta property=\"og:url\" content=\"https:\/\/www.capgemini.com\/fr-fr\/actualites\/communiques-de-presse\/fort-redressement-de-lactivite-au-3eme-trimestre-2020\/\" \/>\n<meta property=\"og:site_name\" content=\"Capgemini France\" \/>\n<meta property=\"article:modified_time\" content=\"2025-03-04T10:22:23+00:00\" \/>\n<meta property=\"og:image\" content=\"https:\/\/www.capgemini.com\/fr-fr\/wp-content\/uploads\/sites\/2\/2020\/10\/q3-1-fr.jpg\" \/>\n<meta name=\"twitter:card\" content=\"summary_large_image\" \/>\n<script type=\"application\/ld+json\" class=\"yoast-schema-graph\">{\"@context\":\"https:\/\/schema.org\",\"@graph\":[{\"@type\":\"WebPage\",\"@id\":\"https:\/\/www.capgemini.com\/fr-fr\/actualites\/communiques-de-presse\/fort-redressement-de-lactivite-au-3eme-trimestre-2020\/\",\"url\":\"https:\/\/www.capgemini.com\/fr-fr\/actualites\/communiques-de-presse\/fort-redressement-de-lactivite-au-3eme-trimestre-2020\/\",\"name\":\"Fort redressement de l\u2019activit\u00e9 au 3\u00e8me trimestre 2020 - Capgemini France\",\"isPartOf\":{\"@id\":\"https:\/\/www.capgemini.com\/fr-fr\/#website\"},\"primaryImageOfPage\":{\"@id\":\"https:\/\/www.capgemini.com\/fr-fr\/actualites\/communiques-de-presse\/fort-redressement-de-lactivite-au-3eme-trimestre-2020\/#primaryimage\"},\"image\":{\"@id\":\"https:\/\/www.capgemini.com\/fr-fr\/actualites\/communiques-de-presse\/fort-redressement-de-lactivite-au-3eme-trimestre-2020\/#primaryimage\"},\"thumbnailUrl\":\"https:\/\/www.capgemini.com\/fr-fr\/wp-content\/uploads\/sites\/2\/2020\/10\/q3-1-fr.jpg\",\"datePublished\":\"2020-10-27T14:39:00+00:00\",\"dateModified\":\"2025-03-04T10:22:23+00:00\",\"breadcrumb\":{\"@id\":\"https:\/\/www.capgemini.com\/fr-fr\/actualites\/communiques-de-presse\/fort-redressement-de-lactivite-au-3eme-trimestre-2020\/#breadcrumb\"},\"inLanguage\":\"fr-FR\",\"potentialAction\":[{\"@type\":\"ReadAction\",\"target\":[\"https:\/\/www.capgemini.com\/fr-fr\/actualites\/communiques-de-presse\/fort-redressement-de-lactivite-au-3eme-trimestre-2020\/\"]}]},{\"@type\":\"ImageObject\",\"inLanguage\":\"fr-FR\",\"@id\":\"https:\/\/www.capgemini.com\/fr-fr\/actualites\/communiques-de-presse\/fort-redressement-de-lactivite-au-3eme-trimestre-2020\/#primaryimage\",\"url\":\"https:\/\/www.capgemini.com\/fr-fr\/wp-content\/uploads\/sites\/2\/2020\/10\/q3-1-fr.jpg\",\"contentUrl\":\"https:\/\/www.capgemini.com\/fr-fr\/wp-content\/uploads\/sites\/2\/2020\/10\/q3-1-fr.jpg\"},{\"@type\":\"BreadcrumbList\",\"@id\":\"https:\/\/www.capgemini.com\/fr-fr\/actualites\/communiques-de-presse\/fort-redressement-de-lactivite-au-3eme-trimestre-2020\/#breadcrumb\",\"itemListElement\":[{\"@type\":\"ListItem\",\"position\":1,\"name\":\"Press Releases\",\"item\":\"https:\/\/www.capgemini.com\/fr-fr\/news\/\"},{\"@type\":\"ListItem\",\"position\":2,\"name\":\"Fort redressement de l\u2019activit\u00e9 au 3\u00e8me trimestre 2020\"}]},{\"@type\":\"WebSite\",\"@id\":\"https:\/\/www.capgemini.com\/fr-fr\/#website\",\"url\":\"https:\/\/www.capgemini.com\/fr-fr\/\",\"name\":\"Capgemini France\",\"description\":\"Just another www.capgemini.com site\",\"publisher\":{\"@id\":\"https:\/\/www.capgemini.com\/fr-fr\/#organization\"},\"potentialAction\":[{\"@type\":\"SearchAction\",\"target\":{\"@type\":\"EntryPoint\",\"urlTemplate\":\"https:\/\/www.capgemini.com\/fr-fr\/?s={search_term_string}\"},\"query-input\":\"required name=search_term_string\"}],\"inLanguage\":\"fr-FR\"},{\"@type\":\"Organization\",\"@id\":\"https:\/\/www.capgemini.com\/fr-fr\/#organization\",\"name\":\"Capgemini France\",\"url\":\"https:\/\/www.capgemini.com\/fr-fr\/\",\"logo\":{\"@type\":\"ImageObject\",\"inLanguage\":\"fr-FR\",\"@id\":\"https:\/\/www.capgemini.com\/fr-fr\/#\/schema\/logo\/image\/\",\"url\":\"https:\/\/www.capgemini.com\/fr-fr\/wp-content\/uploads\/sites\/6\/2022\/08\/Logo-Capgemini.png\",\"contentUrl\":\"https:\/\/www.capgemini.com\/fr-fr\/wp-content\/uploads\/sites\/6\/2022\/08\/Logo-Capgemini.png\",\"width\":202,\"height\":60,\"caption\":\"Capgemini France\"},\"image\":{\"@id\":\"https:\/\/www.capgemini.com\/fr-fr\/#\/schema\/logo\/image\/\"}}]}<\/script>\n<!-- \/ Yoast SEO Premium plugin. -->","yoast_head_json":{"title":"Fort redressement de l\u2019activit\u00e9 au 3\u00e8me trimestre 2020 - Capgemini France","robots":{"index":"index","follow":"follow","max-snippet":"max-snippet:-1","max-image-preview":"max-image-preview:large","max-video-preview":"max-video-preview:-1"},"canonical":"https:\/\/www.capgemini.com\/fr-fr\/actualites\/communiques-de-presse\/fort-redressement-de-lactivite-au-3eme-trimestre-2020\/","og_locale":"fr_FR","og_type":"article","og_title":"Fort redressement de l\u2019activit\u00e9 au 3\u00e8me trimestre 2020","og_url":"https:\/\/www.capgemini.com\/fr-fr\/actualites\/communiques-de-presse\/fort-redressement-de-lactivite-au-3eme-trimestre-2020\/","og_site_name":"Capgemini France","article_modified_time":"2025-03-04T10:22:23+00:00","og_image":[{"url":"https:\/\/www.capgemini.com\/fr-fr\/wp-content\/uploads\/sites\/2\/2020\/10\/q3-1-fr.jpg"}],"twitter_card":"summary_large_image","schema":{"@context":"https:\/\/schema.org","@graph":[{"@type":"WebPage","@id":"https:\/\/www.capgemini.com\/fr-fr\/actualites\/communiques-de-presse\/fort-redressement-de-lactivite-au-3eme-trimestre-2020\/","url":"https:\/\/www.capgemini.com\/fr-fr\/actualites\/communiques-de-presse\/fort-redressement-de-lactivite-au-3eme-trimestre-2020\/","name":"Fort redressement de l\u2019activit\u00e9 au 3\u00e8me trimestre 2020 - Capgemini France","isPartOf":{"@id":"https:\/\/www.capgemini.com\/fr-fr\/#website"},"primaryImageOfPage":{"@id":"https:\/\/www.capgemini.com\/fr-fr\/actualites\/communiques-de-presse\/fort-redressement-de-lactivite-au-3eme-trimestre-2020\/#primaryimage"},"image":{"@id":"https:\/\/www.capgemini.com\/fr-fr\/actualites\/communiques-de-presse\/fort-redressement-de-lactivite-au-3eme-trimestre-2020\/#primaryimage"},"thumbnailUrl":"https:\/\/www.capgemini.com\/fr-fr\/wp-content\/uploads\/sites\/2\/2020\/10\/q3-1-fr.jpg","datePublished":"2020-10-27T14:39:00+00:00","dateModified":"2025-03-04T10:22:23+00:00","breadcrumb":{"@id":"https:\/\/www.capgemini.com\/fr-fr\/actualites\/communiques-de-presse\/fort-redressement-de-lactivite-au-3eme-trimestre-2020\/#breadcrumb"},"inLanguage":"fr-FR","potentialAction":[{"@type":"ReadAction","target":["https:\/\/www.capgemini.com\/fr-fr\/actualites\/communiques-de-presse\/fort-redressement-de-lactivite-au-3eme-trimestre-2020\/"]}]},{"@type":"ImageObject","inLanguage":"fr-FR","@id":"https:\/\/www.capgemini.com\/fr-fr\/actualites\/communiques-de-presse\/fort-redressement-de-lactivite-au-3eme-trimestre-2020\/#primaryimage","url":"https:\/\/www.capgemini.com\/fr-fr\/wp-content\/uploads\/sites\/2\/2020\/10\/q3-1-fr.jpg","contentUrl":"https:\/\/www.capgemini.com\/fr-fr\/wp-content\/uploads\/sites\/2\/2020\/10\/q3-1-fr.jpg"},{"@type":"BreadcrumbList","@id":"https:\/\/www.capgemini.com\/fr-fr\/actualites\/communiques-de-presse\/fort-redressement-de-lactivite-au-3eme-trimestre-2020\/#breadcrumb","itemListElement":[{"@type":"ListItem","position":1,"name":"Press Releases","item":"https:\/\/www.capgemini.com\/fr-fr\/news\/"},{"@type":"ListItem","position":2,"name":"Fort redressement de l\u2019activit\u00e9 au 3\u00e8me trimestre 2020"}]},{"@type":"WebSite","@id":"https:\/\/www.capgemini.com\/fr-fr\/#website","url":"https:\/\/www.capgemini.com\/fr-fr\/","name":"Capgemini France","description":"Just another www.capgemini.com site","publisher":{"@id":"https:\/\/www.capgemini.com\/fr-fr\/#organization"},"potentialAction":[{"@type":"SearchAction","target":{"@type":"EntryPoint","urlTemplate":"https:\/\/www.capgemini.com\/fr-fr\/?s={search_term_string}"},"query-input":"required name=search_term_string"}],"inLanguage":"fr-FR"},{"@type":"Organization","@id":"https:\/\/www.capgemini.com\/fr-fr\/#organization","name":"Capgemini France","url":"https:\/\/www.capgemini.com\/fr-fr\/","logo":{"@type":"ImageObject","inLanguage":"fr-FR","@id":"https:\/\/www.capgemini.com\/fr-fr\/#\/schema\/logo\/image\/","url":"https:\/\/www.capgemini.com\/fr-fr\/wp-content\/uploads\/sites\/6\/2022\/08\/Logo-Capgemini.png","contentUrl":"https:\/\/www.capgemini.com\/fr-fr\/wp-content\/uploads\/sites\/6\/2022\/08\/Logo-Capgemini.png","width":202,"height":60,"caption":"Capgemini France"},"image":{"@id":"https:\/\/www.capgemini.com\/fr-fr\/#\/schema\/logo\/image\/"}}]}},"parsely":{"version":"1.1.0","canonical_url":"https:\/\/capgemini.com\/fr-fr\/actualites\/communiques-de-presse\/fort-redressement-de-lactivite-au-3eme-trimestre-2020\/","smart_links":{"inbound":0,"outbound":0},"traffic_boost_suggestions_count":0,"meta":{"@context":"https:\/\/schema.org","@type":"NewsArticle","headline":"Fort redressement de l\u2019activit\u00e9 au 3\u00e8me trimestre 2020","url":"https:\/\/www.capgemini.com\/fr-fr\/actualites\/communiques-de-presse\/fort-redressement-de-lactivite-au-3eme-trimestre-2020\/","mainEntityOfPage":{"@type":"WebPage","@id":"https:\/\/www.capgemini.com\/fr-fr\/actualites\/communiques-de-presse\/fort-redressement-de-lactivite-au-3eme-trimestre-2020\/"},"thumbnailUrl":"","image":{"@type":"ImageObject","url":""},"articleSection":"Uncategorized","author":[],"creator":[],"publisher":{"@type":"Organization","name":"Capgemini France","logo":""},"keywords":[],"dateCreated":"2020-10-27T14:39:00Z","datePublished":"2020-10-27T14:39:00Z","dateModified":"2025-03-04T10:22:23Z"},"rendered":"<meta name=\"parsely-title\" content=\"Fort redressement de l\u2019activit\u00e9 au 3\u00e8me trimestre 2020\" \/>\n<meta name=\"parsely-link\" content=\"https:\/\/www.capgemini.com\/fr-fr\/actualites\/communiques-de-presse\/fort-redressement-de-lactivite-au-3eme-trimestre-2020\/\" \/>\n<meta name=\"parsely-type\" content=\"post\" \/>\n<meta name=\"parsely-pub-date\" content=\"2020-10-27T14:39:00Z\" \/>\n<meta name=\"parsely-section\" content=\"Uncategorized\" \/>","tracker_url":"https:\/\/cdn.parsely.com\/keys\/capgemini.com\/p.js"},"archive_status":false,"featured_image_src":"https:\/\/www.capgemini.com\/fr-fr\/wp-content\/themes\/capgemini2025\/assets\/images\/mockup.png","featured_image_alt":false,"jetpack_sharing_enabled":true,"distributor_meta":false,"distributor_terms":false,"distributor_media":false,"distributor_original_site_name":"Capgemini France","distributor_original_site_url":"https:\/\/www.capgemini.com\/fr-fr","push-errors":false,"tag_names":[],"_links":{"self":[{"href":"https:\/\/www.capgemini.com\/fr-fr\/wp-json\/wp\/v2\/press-release\/667287","targetHints":{"allow":["GET"]}}],"collection":[{"href":"https:\/\/www.capgemini.com\/fr-fr\/wp-json\/wp\/v2\/press-release"}],"about":[{"href":"https:\/\/www.capgemini.com\/fr-fr\/wp-json\/wp\/v2\/types\/press-release"}],"author":[{"embeddable":true,"href":"https:\/\/www.capgemini.com\/fr-fr\/wp-json\/wp\/v2\/users\/103"}],"version-history":[{"count":6,"href":"https:\/\/www.capgemini.com\/fr-fr\/wp-json\/wp\/v2\/press-release\/667287\/revisions"}],"predecessor-version":[{"id":778031,"href":"https:\/\/www.capgemini.com\/fr-fr\/wp-json\/wp\/v2\/press-release\/667287\/revisions\/778031"}],"wp:attachment":[{"href":"https:\/\/www.capgemini.com\/fr-fr\/wp-json\/wp\/v2\/media?parent=667287"}],"wp:term":[{"taxonomy":"post_tag","embeddable":true,"href":"https:\/\/www.capgemini.com\/fr-fr\/wp-json\/wp\/v2\/tags?post=667287"},{"taxonomy":"press-release-type","embeddable":true,"href":"https:\/\/www.capgemini.com\/fr-fr\/wp-json\/wp\/v2\/press-release-type?post=667287"},{"taxonomy":"brand","embeddable":true,"href":"https:\/\/www.capgemini.com\/fr-fr\/wp-json\/wp\/v2\/brand?post=667287"}],"curies":[{"name":"wp","href":"https:\/\/api.w.org\/{rel}","templated":true}]}}