{"id":667097,"date":"2021-09-23T13:52:00","date_gmt":"2021-09-23T13:52:00","guid":{"rendered":"https:\/\/www.capgemini.com\/fr-fr\/?post_type=press-release&#038;p=667097"},"modified":"2025-03-04T10:14:23","modified_gmt":"2025-03-04T09:14:23","slug":"capgemini-et-la-ryder-cup-annoncent-un-partenariat-sur-six-ans","status":"publish","type":"press-release","link":"https:\/\/www.capgemini.com\/fr-fr\/actualites\/communiques-de-presse\/capgemini-et-la-ryder-cup-annoncent-un-partenariat-sur-six-ans\/","title":{"rendered":"Capgemini et la Ryder Cup annoncent un partenariat sur six ans"},"content":{"rendered":"\t\t<div class=\"wp-block-cg-blocks-hero-press-release\">\n\t\t\t<header class=\"header-hero-press-release\" role=\"main\" id=\"main-content-press-release\">\n\t\t\t\t<div class=\"container\">\n\t\t\t\t\t<div class=\"hero-press-release\">\n\t\t\t\t\t\t<div class=\"hero-press-release-content-wrapper\">\n\t\t\t\t\t\t\t<div class=\"row\">\n\t\t\t\t\t\t\t\t<div class=\"col-12\">\n\t\t\t\t\t\t\t\t\t<div class=\"header-title\">\n\t\t\t\t\t\t\t\t\t\t<h1>\n\t\t\t\t\t\t\t\t\t\t\tCapgemini et la Ryder Cup annoncent un partenariat sur six ans\t\t\t\t\t\t\t\t\t\t<\/h1>\n\t\t\t\t\t\t\t\t\t<\/div>\n\t\t\t\t\t\t\t\t\t<div class=\"header-description\">\n\t\t\t\t\t\t\t\t\t\t<p><\/p>\n\t\t\t\t\t\t\t\t\t<\/div>\n\t\t\t\t\t\t\t\t\t\t\t\t\t\t\t\t\t\t<div class=\"header-date\">\n\t\t\t\t\t\t\t\t\t\t<span>sept. 23, 2021<\/span>\n\t\t\t\t\t\t\t\t\t<\/div>\n\t\t\t\t\t\t\t\t<\/div>\n\t\t\t\t\t\t\t<\/div>\n\t\t\t\t\t\t<\/div>\n\t\t\t\t\t\t\t\t\t\t\t\t\t<div class=\"hero-press-release-downloads\">\n\t\t\t\t\t\t\t\t<div class=\"row\">\n\t\t\t\t\t\t\t\t\t\t\t\t\t\t\t\t\t\t\t<div class=\"col-12 col-md-6 col-lg-3\">\n\t\t\t\t\t\t\t\t\t\t\t<a class=\"download-item\" type=\"download\" href=\"https:\/\/www.capgemini.com\/fr-fr\/wp-content\/uploads\/sites\/6\/2022\/04\/2021_09_23-Capgemini_et_la_Ryder_Cup_annoncent_un_partenariat_sur_six_ans-2.pdf\" target=\"_blank\" rel=\"noopener noreferrer\" title=\"Ouvrir dans une nouvelle fen\u00eatre\">\n\t\t\t\t\t\t\t\t\t\t\t\t<div class=\"download-icon\"><\/div>\n\t\t\t\t\t\t\t\t\t\t\t\t<div class=\"download-details\">\n\t\t\t\t\t\t\t\t\t\t\t\t\t<div class=\"download-title\">Download press release<\/div>\n\t\t\t\t\t\t\t\t\t\t\t\t\t<div class=\"download-props\">151 KB  pdf<\/div>\n\t\t\t\t\t\t\t\t\t\t\t\t<\/div>\n\t\t\t\t\t\t\t\t\t\t\t<\/a>\n\t\t\t\t\t\t\t\t\t\t<\/div>\n\t\t\t\t\t\t\t\t\t\t\t\t\t\t\t\t\t\t<\/div>\n\t\t\t\t\t\t\t<\/div>\n\t\t\t\t\t\t\t\t\t\t\t\t\t\t\t\t\t<\/div>\n\t\t\t\t<\/div>\n\t\t\t<\/header>\n\t\t<\/div>\n\t\t\n\n\n<section class=\"wp-block-cg-blocks-intro-para undefined section section--intro\"><div class=\"intro-para\"><div class=\"container\"><div class=\"row\"><div class=\"col-12 col-md-1\"><nav class=\"article-social\"><ul class=\"social-nav\"><li class=\"ip-order-fb\"><a href=\"https:\/\/www.facebook.com\/sharer\/sharer.php?u=https:\/\/www.capgemini.com\/fr-fr\/actualites\/communiques-de-presse\/capgemini-et-la-ryder-cup-annoncent-un-partenariat-sur-six-ans\/\" target=\"_blank\" rel=\"noopener noreferrer\" title=\"Ouvrir dans une nouvelle fen\u00eatre\"><i aria-hidden=\"true\" class=\"icon-fb\"><\/i><span class=\"sr-only\">Facebook<\/span><\/a><\/li><li class=\"ip-order-li\"><a href=\"https:\/\/www.linkedin.com\/sharing\/share-offsite\/?url=https:\/\/www.capgemini.com\/fr-fr\/actualites\/communiques-de-presse\/capgemini-et-la-ryder-cup-annoncent-un-partenariat-sur-six-ans\/\" target=\"_blank\" rel=\"noopener noreferrer\" title=\"Ouvrir dans une nouvelle fen\u00eatre\"><i aria-hidden=\"true\" class=\"icon-li\"><\/i><span class=\"sr-only\">Linkedin<\/span><\/a><\/li><\/ul><\/nav><\/div><div class=\"col-12 col-md-11 col-lg-10\"><h2 class=\"intro-para-title\"><em>Capgemini poursuit sa strat\u00e9gie de sponsoring de grands \u00e9v\u00e9nements sportifs mondiaux, et apporte pour la premi\u00e8re fois son expertise technologique au monde du golf, en tant que Fournisseur officiel en 2021, puis en tant que Partenaire mondial \u00e0 partir de Rome 2023<\/em><\/h2><\/div><\/div><\/div><\/div><\/section>\n\n\n\n<section class=\"wp-block-cg-blocks-group undefined section section--article-content\"><div class=\"article-main-content\"><div class=\"container\"><div class=\"row\"><div class=\"col-12 col-md-11 col-lg-10 offset-md-1 offset-lg-1\"><div class=\"article-text article-quote-text\">\n<p><strong>Paris et Palm Beach Gardens (Floride, Etats-Unis), le 23&nbsp;septembre&nbsp;2021 \u2013 <\/strong>La PGA of America et Ryder Cup Europe annoncent aujourd\u2019hui un nouveau partenariat sur six ans avec <a href=\"http:\/\/www.capgemini.com\">Capgemini<\/a> d\u00e9marrant d\u00e8s l\u2019\u00e9dition de cette ann\u00e9e.<\/p>\n\n\n\n<p>Le statut de Capgemini passera de Fournisseur Officiel de la 43<sup>e<\/sup> Ryder Cup pour cette premi\u00e8re ann\u00e9e \u00e0 Partenaire mondial pour la Ryder Cup 2023 \u00e0 Rome, la Ryder Cup 2025 \u00e0 Farmingdale (New York, Etats-Unis) et la Ryder Cup 2027 \u00e0 County Limerick (Irlande). Capgemini mettra son expertise reconnue en transformation digitale au service des fans et des organisateurs de la Ryder Cup.<a href=\"\/cookie-settings\/#cookie-consent\">Please allow statistical cookies to see this Youtube embed<\/a><\/p>\n\n\n\n<p>Ce partenariat mondial avec la Ryder Cup, l\u2019un des \u00e9v\u00e9nements sportifs les plus embl\u00e9matiques, qui rassemble les meilleurs joueurs du monde entier dans une comp\u00e9tition par \u00e9quipes, et contribue \u00e0 promouvoir le golf mondialement, est une premi\u00e8re \u00e9tape cl\u00e9 dans l\u2019histoire de Capgemini avec ce sport. Il refl\u00e8te l\u2019importance pour Capgemini de construire et c\u00e9l\u00e9brer le talent, l\u2019esprit d\u2019\u00e9quipe et la performance \u2013 valeurs qui sont centrales pour Capgemini comme pour la Ryder Cup.<\/p>\n\n\n\n<figure class=\"wp-block-image aligncenter\"><img decoding=\"async\" src=\"https:\/\/www.capgemini.com\/fr-fr\/wp-content\/uploads\/sites\/2\/2021\/09\/20RC_Capgemini_WPP.jpg?w=300\" alt=\"\" class=\"wp-image-225696\"\/><\/figure>\n\n\n\n<p>L\u2019\u00e9dition de cette ann\u00e9e de la Ryder Cup, la comp\u00e9tition biennale par \u00e9quipes masculines, entre l\u2019Europe et les Etats-Unis, a \u00e9t\u00e9 d\u00e9cal\u00e9e de septembre 2020 \u00e0 cette ann\u00e9e, et commence ce vendredi sur le parcours Straits \u00e0 Whistling Straits (Wisconsin, Etats-Unis). Capgemini verra sa marque mise en valeur \u00e0 Whistling Straits et apportera un soutien technique et des solutions innovantes \u00e0 la PGA of America et Ryder Cup Europe pendant les six ans de ce partenariat.<\/p>\n\n\n\n<p>En tant qu\u2019entreprise mondiale, avec pr\u00e8s de 300&nbsp;000 salari\u00e9s dans 50 pays et notamment une forte pr\u00e9sence dans les r\u00e9gions h\u00f4tes de la Ryder Cup aux Etats-Unis et en Europe, Capgemini va promouvoir la comp\u00e9tition sur tous ses sites internationaux, afin de continuer \u00e0 attirer des fans de tous horizons.<\/p>\n\n\n\n<p>Gr\u00e2ce \u00e0 son expertise reconnue en mati\u00e8re de technologie et de transformation des entreprises, Capgemini sera un partenaire de choix pour la Ryder Cup, et travaillera avec Ryder Cup Europe et la PGA of America pour adapter, ma\u00eetriser et appliquer au golf les derni\u00e8res innovations technologiques et sportives, avec une attention particuli\u00e8re \u00e0 la pr\u00e9cision, qui est un param\u00e8tre fondamental de succ\u00e8s, tant sur un parcours de golf qu\u2019en entreprise.<\/p>\n\n\n\n<p>Aiman Ezzat, Directeur g\u00e9n\u00e9ral de Capgemini, a d\u00e9clar\u00e9&nbsp;: \u00ab&nbsp;<em>Chez Capgemini, nous partageons les valeurs du golf et de la Ryder Cup, sa comp\u00e9tition par \u00e9quipes la plus prestigieuse, qui est un \u00e9v\u00e9nement international exceptionnel et une formidable opportunit\u00e9 pour le Groupe. Je suis ravi que Capgemini apporte son expertise technologique de pointe au monde du golf pour la premi\u00e8re fois en 2021 et pour les prochaines ann\u00e9es. Ce nouveau partenariat mondial de long terme illustre l\u2019envergure internationale et la diversit\u00e9 du groupe Capgemini et ce que des \u00e9quipes internationales compos\u00e9es des meilleurs talents peuvent accomplir lorsqu\u2019elles travaillent ensemble vers un objectif commun.<\/em>&nbsp;\u00bb<\/p>\n\n\n\n<p>\u00ab&nbsp;<em>Le profond respect que manifeste Capgemini pour la Ryder Cup et ses valeurs a \u00e9t\u00e9 un point de d\u00e9part id\u00e9al pour notre relation<\/em>, a d\u00e9clar\u00e9 Jim Richerson, Pr\u00e9sident de la PGA of America. <em>Nous sommes tr\u00e8s heureux de cette nouvelle relation avec Capgemini et nous r\u00e9jouissons de les accueillir \u00e0 la Ryder Cup \u00e0 Whistling Straits, et de poursuivre ensemble notre collaboration en Italie en 2023, \u00e0 New York en 2025 et en Irlande en 2027.&nbsp;\u00bb<\/em><\/p>\n\n\n\n<p>Guy Kinnings, directeur g\u00e9n\u00e9ral adjoint de l\u2019European Tour, directeur de la Ryder Cup et directeur commercial, a d\u00e9clar\u00e9&nbsp;: \u00ab&nbsp;<em>La Ryder Cup est un \u00e9v\u00e9nement sportif v\u00e9ritablement international qui rassemble des gens partout dans le monde, et nous sommes ravis que Capgemini, un leader mondial de l\u2019innovation technologique, fasse partie de notre famille de partenaires pour les quatre prochaines \u00e9ditions, et notamment en tant que Partenaire officiel \u00e0 partir de Rome. La technologie joue un r\u00f4le vraiment central dans une Ryder Cup aujourd\u2019hui, et l\u2019expertise de Capgemini en mati\u00e8re d\u2019innovation va sans aucun doute contribuer au succ\u00e8s de cet \u00e9v\u00e9nement sportif qui est l\u2019un des plus suivis au monde.&nbsp;\u00bb<\/em><\/p>\n\n\n\n<p>L\u2019annonce de ce partenariat avec la Ryder Cup suit de pr\u00e8s celle du <a href=\"https:\/\/www.capgemini.com\/fr-fr\/news\/capgemini-devient-partenaire-majeur-de-la-coupe-du-monde-de-rugby-france-2023\/\">partenariat entre Capgemini et World Rugby pour la Coupe du monde France 2023 et en tant que partenaire \u00ab Transformation digitale \u00bb<\/a>. Ces deux partenariats illustrent la strat\u00e9gie de Capgemini de s\u2019associer \u00e0 des \u00e9v\u00e9nements sportifs d\u2019ampleur mondiale o\u00f9 l\u2019esprit d\u2019\u00e9quipe, la pr\u00e9cision et la performance sont fondamentaux.<\/p>\n\n\n\n<p><strong>A propos de Capgemini<\/strong><\/p>\n\n\n\n<p>Capgemini est un leader mondial, responsable et multiculturel, regroupant 290 000 personnes dans pr\u00e8s de 50 pays. Partenaire strat\u00e9gique des entreprises pour la transformation de leurs activit\u00e9s en tirant profit de toute la puissance de la technologie, le Groupe est guid\u00e9 au quotidien par sa raison d\u2019\u00eatre : lib\u00e9rer les \u00e9nergies humaines par la technologie pour un avenir inclusif et durable. Fort de plus de 50 ans d\u2019exp\u00e9rience et d\u2019une grande expertise des diff\u00e9rents secteurs d\u2019activit\u00e9, Capgemini est reconnu par ses clients pour r\u00e9pondre \u00e0 l\u2019ensemble de leurs besoins, de la strat\u00e9gie et du design jusqu\u2019au management des op\u00e9rations, en tirant parti des innovations dans les domaines en perp\u00e9tuelle \u00e9volution du cloud, de la data, de l\u2019Intelligence Artificielle, de la connectivit\u00e9, des logiciels, de l\u2019ing\u00e9nierie digitale et des plateformes. Le Groupe a r\u00e9alis\u00e9 un chiffre d\u2019affaires de 16 milliards d\u2019euros en 2020. Get The Future You Want* \u2013 www.capgemini.com.<\/p>\n\n\n\n<p><em>*R\u00e9alisez le futur que vous voulez<\/em><\/p>\n\n\n\n<p><strong>A propos de la PGA of America<\/strong><\/p>\n\n\n\n<p>L\u2019Association des Golfeurs Professionnels am\u00e9ricains (PGA of America) est l\u2019une des plus grandes f\u00e9d\u00e9rations sportives au monde, rassemblant pr\u00e8s de 28&nbsp;000 golfeurs professionnels am\u00e9ricains qui \u0153uvrent au quotidien pour promouvoir le golf et en faire un sport inclusif.<\/p>\n\n\n\n<p>Pour plus d\u2019informations au sujet de la PGA of America, rendez-vous sur <a href=\"http:\/\/pga.com\/\">PGA.com<\/a> ou suivez-nous sur <a href=\"https:\/\/twitter.com\/PGA\">Twitter<\/a>, <a href=\"https:\/\/www.instagram.com\/pga\/\">Instagram<\/a> et <a href=\"https:\/\/www.facebook.com\/PGA-of-America-169075080734\">Facebook<\/a>.<\/p>\n\n\n\n<p><strong>A propos de Ryder Cup Europe<\/strong><\/p>\n\n\n\n<p>Ryder Cup Europe \u2013 qui rassemble des repr\u00e9sentants de l\u2019European Tour (60%), de l\u2019Association des golfeurs professionnels (PGA) de Grande-Bretagne et d\u2019Irlande (20%) et de la Confederation of Professional Golf, \u00e0 travers le Ryder Cup European Development Trust (RCEDT) (20%) \u2013 d\u00e9tient les droits sur la Ryder Cup lorsque la comp\u00e9tition se tient en Europe. L\u2019European Tour est le partenaire responsable de l\u2019\u00e9quipe europ\u00e9enne&nbsp;; l\u2019Association des golfeurs professionnels (PGA) de Grande-Bretagne et d\u2019Irlande est le partenaire fondateur&nbsp;; et la Confederation of Professional Golf est en charge de la gestion du Trust, qui est le partenaire en charge du d\u00e9veloppement.<\/p>\n\n\n\n<p>Les Partenaires mondiaux de la Ryder Cup 2020 sont Aon, BMW, BP, RBC et Rolex.<\/p>\n\n\n\n<p>Boutique officielle European Ryder Cup<\/p>\n\n\n\n<p>La <a href=\"https:\/\/eur03.safelinks.protection.outlook.com\/?url=https%3A%2F%2Feuropeantour.us8.list-manage.com%2Ftrack%2Fclick%3Fu%3D4b5889bda1be34bccc877daac%26id%3D4af8aaeb89%26e%3Dd0ae80810d&amp;data=04%7C01%7Cstodd%40europeantour.com%7Cd725b25fed464a76c1c108d94b7eb419%7C5354194562d6429492913a2f632e0408%7C0%7C0%7C637623829828306966%7CUnknown%7CTWFpbGZsb3d8eyJWIjoiMC4wLjAwMDAiLCJQIjoiV2luMzIiLCJBTiI6Ik1haWwiLCJXVCI6Mn0%3D%7C1000&amp;sdata=4UYdzcQRMMXvtZ%2BmeiYMLD0X9dLC1oAlHW0d%2By%2BT3KE%3D&amp;reserved=0\">boutique officielle European Ryder Cup<\/a> donne aux fans la possibilit\u00e9 d\u2019acheter des produits officiels de marques telles que Footjoy, Peter Millar, ou Glenmuir.<\/p>\n<\/div><\/div><\/div><\/div><\/div><\/section>\n\n\n<div class=\"wp-block-cg-blocks-cg-block-related-content\"><section class=\"relatedContentBlock\"><div class=\"container\"><div class=\"row\"><div class=\"content-title col-12 col-md-8\"><h2 class=\"related-content-heading\">Related News<\/h2><\/div><\/div><div class=\"row relatedContent\"><div class=\"col-lg-4 col-md-6 col-xs-12\">\n\t\t\t\t\t\t\t<div class=\"box\">\n\t\t\t\t\t\t\t\t<a aria-label=\"Lire la suite Capgemini d\u00e9voile le Google Cloud AI Enterprise Hub pour acc\u00e9l\u00e9rer la transformation des entreprises gr\u00e2ce \u00e0 l\u2019IA agentique\" href=\"https:\/\/www.capgemini.com\/fr-fr\/actualites\/communiques-de-presse\/capgemini-devoile-le-google-cloud-ai-enterprise-hub-pour-accelerer-la-transformation-des-entreprises-vers-ia-agentique\/\" class=\"anchorWrapper\">\n\t\t\t\t\t\t\t\t\t<span class=\"box-tag\"><span>Partenariats<\/span><\/span>\n\t\t\t\t\t\t\t\t\t<div class=\"box-title\"><h3 class=\"box-subtitle\">Capgemini d\u00e9voile le Google Cloud AI Enterprise Hub pour acc\u00e9l\u00e9rer la transformation des entreprises gr\u00e2ce \u00e0 l\u2019IA agentique<\/h3><\/div>\n\t\t\t\t\t\t\t\t\t<div class=\"box-date\">\n\t\t\t\t\t\t\t\t\t\t<span>Apr 23, 2026<\/span>\n\t\t\t\t\t\t\t\t\t<\/div>\n\t\t\t\t\t\t\t\t\t<div class=\"box-bottom\">\n\t\t\t\t\t\t\t\t\t\t&lt;a class=&quot;link-download&quot; href=&quot;https:\/\/www.capgemini.com\/wp-content\/uploads\/2026\/04\/04_23_Capgemini-news-alert_Google-Cloud-AI-Enterprise-Hub.pdf&quot; aria-label=&quot;T\u00e9l\u00e9charger le communiqu\u00e9 de presse&quot; target=&quot;_blank&quot;  type=&quot;download&quot; title=&quot;Opens in a new window&quot;&gt;\n\t\t\t\t\t\t\t&lt;span&gt;T\u00e9l\u00e9charger le communiqu\u00e9 de presse&lt;\/span&gt;\n\t\t\t\t\t\t\t&lt;span&gt;143 KB PDF&lt;\/span&gt;\n\t\t\t\t\t\t&lt;\/a&gt;\n\t\t\t\t\t\t\t\t\t\t<a class=\"more\" aria-label=\"Lire la suite Capgemini d\u00e9voile le Google Cloud AI Enterprise Hub pour acc\u00e9l\u00e9rer la transformation des entreprises gr\u00e2ce \u00e0 l\u2019IA agentique\" href=\"https:\/\/www.capgemini.com\/fr-fr\/actualites\/communiques-de-presse\/capgemini-devoile-le-google-cloud-ai-enterprise-hub-pour-accelerer-la-transformation-des-entreprises-vers-ia-agentique\/\">Lire la suite<\/a>\n\t\t\t\t\t\t\t\t\t<\/div>\n\t\t\t\t\t\t\t\t<\/a>\n\t\t\t\t\t\t\t<\/div>\n\t\t\t\t\t\t<\/div><div class=\"col-lg-4 col-md-6 col-xs-12\">\n\t\t\t\t\t\t\t<div class=\"box\">\n\t\t\t\t\t\t\t\t<a aria-label=\"Lire la suite Capgemini et OpenAI unissent leurs forces pour acc\u00e9l\u00e9rer la nouvelle \u00e8re de transformation des entreprises par l\u2019IA avec la Frontier Alliance\" href=\"https:\/\/www.capgemini.com\/fr-fr\/actualites\/communiques-de-presse\/partenariat-avec-openai\/\" class=\"anchorWrapper\">\n\t\t\t\t\t\t\t\t\t<span class=\"box-tag\"><span>Partenariats<\/span><\/span>\n\t\t\t\t\t\t\t\t\t<div class=\"box-title\"><h3 class=\"box-subtitle\">Capgemini et OpenAI unissent leurs forces pour acc\u00e9l\u00e9rer la nouvelle \u00e8re de transformation des entreprises par l\u2019IA avec la Frontier Alliance<\/h3><\/div>\n\t\t\t\t\t\t\t\t\t<div class=\"box-date\">\n\t\t\t\t\t\t\t\t\t\t<span>Feb 23, 2026<\/span>\n\t\t\t\t\t\t\t\t\t<\/div>\n\t\t\t\t\t\t\t\t\t<div class=\"box-bottom\">\n\t\t\t\t\t\t\t\t\t\t&lt;a class=&quot;link-download&quot; href=&quot;https:\/\/www.capgemini.com\/wp-content\/uploads\/2026\/02\/02_23_Capgemini-News-Alert_OpenAI-Frontier-Alliance.pdf&quot; aria-label=&quot;T\u00e9l\u00e9charger le communiqu\u00e9 de presse&quot; target=&quot;_blank&quot;  type=&quot;download&quot; title=&quot;Opens in a new window&quot;&gt;\n\t\t\t\t\t\t\t&lt;span&gt;T\u00e9l\u00e9charger le communiqu\u00e9 de presse&lt;\/span&gt;\n\t\t\t\t\t\t\t&lt;span&gt;132 KB PDF&lt;\/span&gt;\n\t\t\t\t\t\t&lt;\/a&gt;\n\t\t\t\t\t\t\t\t\t\t<a class=\"more\" aria-label=\"Lire la suite Capgemini et OpenAI unissent leurs forces pour acc\u00e9l\u00e9rer la nouvelle \u00e8re de transformation des entreprises par l\u2019IA avec la Frontier Alliance\" href=\"https:\/\/www.capgemini.com\/fr-fr\/actualites\/communiques-de-presse\/partenariat-avec-openai\/\">Lire la suite<\/a>\n\t\t\t\t\t\t\t\t\t<\/div>\n\t\t\t\t\t\t\t\t<\/a>\n\t\t\t\t\t\t\t<\/div>\n\t\t\t\t\t\t<\/div><div class=\"col-lg-4 col-md-6 col-xs-12\">\n\t\t\t\t\t\t\t<div class=\"box\">\n\t\t\t\t\t\t\t\t<a aria-label=\"Lire la suite Capgemini s\u2019associe \u00e0 Microsoft pour permettre aux clients de mener une transformation num\u00e9rique r\u00e9siliente et de confiance gr\u00e2ce \u00e0 des solutions int\u00e9gr\u00e9es de souverainet\u00e9\" href=\"https:\/\/www.capgemini.com\/fr-fr\/actualites\/communiques-de-presse\/capgemini-s-associe-a-microsoft-pour-permettre-aux-clients-de-mener-une-transformation-numerique-resiliente-et-de-confiance-grace-a-des-solutions-integrees-de-souverainete\/\" class=\"anchorWrapper\">\n\t\t\t\t\t\t\t\t\t<span class=\"box-tag\"><span>Partenariats<\/span><\/span>\n\t\t\t\t\t\t\t\t\t<div class=\"box-title\"><h3 class=\"box-subtitle\">Capgemini s\u2019associe \u00e0 Microsoft pour permettre aux clients de mener une transformation num\u00e9rique r\u00e9siliente et de confiance gr\u00e2ce \u00e0 des solutions int\u00e9gr\u00e9es de souverainet\u00e9<\/h3><\/div>\n\t\t\t\t\t\t\t\t\t<div class=\"box-date\">\n\t\t\t\t\t\t\t\t\t\t<span>Feb 11, 2026<\/span>\n\t\t\t\t\t\t\t\t\t<\/div>\n\t\t\t\t\t\t\t\t\t<div class=\"box-bottom\">\n\t\t\t\t\t\t\t\t\t\t&lt;a class=&quot;link-download&quot; href=&quot;https:\/\/www.capgemini.com\/wp-content\/uploads\/2026\/02\/02_11_Capgemini-News-Alert_Microsoft-Sovereign-Cloud.pdf&quot; aria-label=&quot;T\u00e9l\u00e9charger le communiqu\u00e9 de presse&quot; target=&quot;_blank&quot;  type=&quot;download&quot; title=&quot;Opens in a new window&quot;&gt;\n\t\t\t\t\t\t\t&lt;span&gt;T\u00e9l\u00e9charger le communiqu\u00e9 de presse&lt;\/span&gt;\n\t\t\t\t\t\t\t&lt;span&gt;142 KB PDF&lt;\/span&gt;\n\t\t\t\t\t\t&lt;\/a&gt;\n\t\t\t\t\t\t\t\t\t\t<a class=\"more\" aria-label=\"Lire la suite Capgemini s\u2019associe \u00e0 Microsoft pour permettre aux clients de mener une transformation num\u00e9rique r\u00e9siliente et de confiance gr\u00e2ce \u00e0 des solutions int\u00e9gr\u00e9es de souverainet\u00e9\" href=\"https:\/\/www.capgemini.com\/fr-fr\/actualites\/communiques-de-presse\/capgemini-s-associe-a-microsoft-pour-permettre-aux-clients-de-mener-une-transformation-numerique-resiliente-et-de-confiance-grace-a-des-solutions-integrees-de-souverainete\/\">Lire la suite<\/a>\n\t\t\t\t\t\t\t\t\t<\/div>\n\t\t\t\t\t\t\t\t<\/a>\n\t\t\t\t\t\t\t<\/div>\n\t\t\t\t\t\t<\/div><\/div><\/div><\/section><\/div>","protected":false},"excerpt":{"rendered":"","protected":false},"author":103,"featured_media":0,"template":"","meta":{"cg_dt_proposed_to":[],"cg_seo_hreflang_relations":"[]","cg_seo_canonical_relation":"{\"uuid\":\"be8b3eba-a567-408b-9e9a-0102d464e103\",\"blogId\":\"\",\"domain\":\"\",\"sitePath\":\"\",\"postLink\":\"\",\"postId\":null,\"isSaved\":true,\"isCrossLink\":false,\"hasCrossLink\":false}","cg_seo_hreflang_x_default_relation":"{\"uuid\":\"983cf0a4-0310-4516-9d4f-ee3bada48486\",\"blogId\":\"\",\"domain\":\"\",\"sitePath\":\"\",\"postLink\":\"\",\"postId\":null,\"isSaved\":true,\"isCrossLink\":false,\"hasCrossLink\":false}","cg_dt_approved_content":true,"cg_dt_mandatory_content":false,"cg_dt_notes":"","cg_dg_source_changed":false,"cg_dt_link_disabled":false,"footnotes":"","related_resource_url":"https:\/\/www.capgemini.com\/fr-fr\/wp-content\/uploads\/sites\/6\/2022\/04\/2021_09_23-Capgemini_et_la_Ryder_Cup_annoncent_un_partenariat_sur_six_ans-2.pdf","related_resource_id":667100,"related_resource_size":"151 KB","related_resource_type":"pdf","cg_author":0,"featured_focal_points":""},"tags":[],"press-release-type":[84],"brand":[],"class_list":["post-667097","press-release","type-press-release","status-publish","hentry","press-release-type-partenariats"],"yoast_head":"<!-- This site is optimized with the Yoast SEO Premium plugin v22.8 (Yoast SEO v22.8) - https:\/\/yoast.com\/wordpress\/plugins\/seo\/ -->\n<title>Capgemini et la Ryder Cup annoncent un partenariat sur six ans - Capgemini France<\/title>\n<meta name=\"robots\" content=\"index, follow, max-snippet:-1, max-image-preview:large, max-video-preview:-1\" \/>\n<link rel=\"canonical\" href=\"https:\/\/www.capgemini.com\/fr-fr\/actualites\/communiques-de-presse\/capgemini-et-la-ryder-cup-annoncent-un-partenariat-sur-six-ans\/\" \/>\n<meta property=\"og:locale\" content=\"fr_FR\" \/>\n<meta property=\"og:type\" content=\"article\" \/>\n<meta property=\"og:title\" content=\"Capgemini et la Ryder Cup annoncent un partenariat sur six ans\" \/>\n<meta property=\"og:url\" content=\"https:\/\/www.capgemini.com\/fr-fr\/actualites\/communiques-de-presse\/capgemini-et-la-ryder-cup-annoncent-un-partenariat-sur-six-ans\/\" \/>\n<meta property=\"og:site_name\" content=\"Capgemini France\" \/>\n<meta property=\"article:modified_time\" content=\"2025-03-04T09:14:23+00:00\" \/>\n<meta property=\"og:image\" content=\"https:\/\/www.capgemini.com\/fr-fr\/wp-content\/uploads\/sites\/2\/2021\/09\/20RC_Capgemini_WPP.jpg?w=300\" \/>\n<meta name=\"twitter:card\" content=\"summary_large_image\" \/>\n<meta name=\"twitter:label1\" content=\"Est. reading time\" \/>\n\t<meta name=\"twitter:data1\" content=\"7 minutes\" \/>\n<script type=\"application\/ld+json\" class=\"yoast-schema-graph\">{\"@context\":\"https:\/\/schema.org\",\"@graph\":[{\"@type\":\"WebPage\",\"@id\":\"https:\/\/www.capgemini.com\/fr-fr\/actualites\/communiques-de-presse\/capgemini-et-la-ryder-cup-annoncent-un-partenariat-sur-six-ans\/\",\"url\":\"https:\/\/www.capgemini.com\/fr-fr\/actualites\/communiques-de-presse\/capgemini-et-la-ryder-cup-annoncent-un-partenariat-sur-six-ans\/\",\"name\":\"Capgemini et la Ryder Cup annoncent un partenariat sur six ans - Capgemini France\",\"isPartOf\":{\"@id\":\"https:\/\/www.capgemini.com\/fr-fr\/#website\"},\"primaryImageOfPage\":{\"@id\":\"https:\/\/www.capgemini.com\/fr-fr\/actualites\/communiques-de-presse\/capgemini-et-la-ryder-cup-annoncent-un-partenariat-sur-six-ans\/#primaryimage\"},\"image\":{\"@id\":\"https:\/\/www.capgemini.com\/fr-fr\/actualites\/communiques-de-presse\/capgemini-et-la-ryder-cup-annoncent-un-partenariat-sur-six-ans\/#primaryimage\"},\"thumbnailUrl\":\"https:\/\/www.capgemini.com\/fr-fr\/wp-content\/uploads\/sites\/2\/2021\/09\/20RC_Capgemini_WPP.jpg?w=300\",\"datePublished\":\"2021-09-23T13:52:00+00:00\",\"dateModified\":\"2025-03-04T09:14:23+00:00\",\"breadcrumb\":{\"@id\":\"https:\/\/www.capgemini.com\/fr-fr\/actualites\/communiques-de-presse\/capgemini-et-la-ryder-cup-annoncent-un-partenariat-sur-six-ans\/#breadcrumb\"},\"inLanguage\":\"fr-FR\",\"potentialAction\":[{\"@type\":\"ReadAction\",\"target\":[\"https:\/\/www.capgemini.com\/fr-fr\/actualites\/communiques-de-presse\/capgemini-et-la-ryder-cup-annoncent-un-partenariat-sur-six-ans\/\"]}]},{\"@type\":\"ImageObject\",\"inLanguage\":\"fr-FR\",\"@id\":\"https:\/\/www.capgemini.com\/fr-fr\/actualites\/communiques-de-presse\/capgemini-et-la-ryder-cup-annoncent-un-partenariat-sur-six-ans\/#primaryimage\",\"url\":\"https:\/\/www.capgemini.com\/fr-fr\/wp-content\/uploads\/sites\/2\/2021\/09\/20RC_Capgemini_WPP.jpg?w=300\",\"contentUrl\":\"https:\/\/www.capgemini.com\/fr-fr\/wp-content\/uploads\/sites\/2\/2021\/09\/20RC_Capgemini_WPP.jpg?w=300\"},{\"@type\":\"BreadcrumbList\",\"@id\":\"https:\/\/www.capgemini.com\/fr-fr\/actualites\/communiques-de-presse\/capgemini-et-la-ryder-cup-annoncent-un-partenariat-sur-six-ans\/#breadcrumb\",\"itemListElement\":[{\"@type\":\"ListItem\",\"position\":1,\"name\":\"Press Releases\",\"item\":\"https:\/\/www.capgemini.com\/fr-fr\/news\/\"},{\"@type\":\"ListItem\",\"position\":2,\"name\":\"Capgemini et la Ryder Cup annoncent un partenariat sur six ans\"}]},{\"@type\":\"WebSite\",\"@id\":\"https:\/\/www.capgemini.com\/fr-fr\/#website\",\"url\":\"https:\/\/www.capgemini.com\/fr-fr\/\",\"name\":\"Capgemini France\",\"description\":\"Just another www.capgemini.com site\",\"publisher\":{\"@id\":\"https:\/\/www.capgemini.com\/fr-fr\/#organization\"},\"potentialAction\":[{\"@type\":\"SearchAction\",\"target\":{\"@type\":\"EntryPoint\",\"urlTemplate\":\"https:\/\/www.capgemini.com\/fr-fr\/?s={search_term_string}\"},\"query-input\":\"required name=search_term_string\"}],\"inLanguage\":\"fr-FR\"},{\"@type\":\"Organization\",\"@id\":\"https:\/\/www.capgemini.com\/fr-fr\/#organization\",\"name\":\"Capgemini France\",\"url\":\"https:\/\/www.capgemini.com\/fr-fr\/\",\"logo\":{\"@type\":\"ImageObject\",\"inLanguage\":\"fr-FR\",\"@id\":\"https:\/\/www.capgemini.com\/fr-fr\/#\/schema\/logo\/image\/\",\"url\":\"https:\/\/www.capgemini.com\/fr-fr\/wp-content\/uploads\/sites\/6\/2022\/08\/Logo-Capgemini.png\",\"contentUrl\":\"https:\/\/www.capgemini.com\/fr-fr\/wp-content\/uploads\/sites\/6\/2022\/08\/Logo-Capgemini.png\",\"width\":202,\"height\":60,\"caption\":\"Capgemini France\"},\"image\":{\"@id\":\"https:\/\/www.capgemini.com\/fr-fr\/#\/schema\/logo\/image\/\"}}]}<\/script>\n<!-- \/ Yoast SEO Premium plugin. -->","yoast_head_json":{"title":"Capgemini et la Ryder Cup annoncent un partenariat sur six ans - Capgemini France","robots":{"index":"index","follow":"follow","max-snippet":"max-snippet:-1","max-image-preview":"max-image-preview:large","max-video-preview":"max-video-preview:-1"},"canonical":"https:\/\/www.capgemini.com\/fr-fr\/actualites\/communiques-de-presse\/capgemini-et-la-ryder-cup-annoncent-un-partenariat-sur-six-ans\/","og_locale":"fr_FR","og_type":"article","og_title":"Capgemini et la Ryder Cup annoncent un partenariat sur six ans","og_url":"https:\/\/www.capgemini.com\/fr-fr\/actualites\/communiques-de-presse\/capgemini-et-la-ryder-cup-annoncent-un-partenariat-sur-six-ans\/","og_site_name":"Capgemini France","article_modified_time":"2025-03-04T09:14:23+00:00","og_image":[{"url":"https:\/\/www.capgemini.com\/fr-fr\/wp-content\/uploads\/sites\/2\/2021\/09\/20RC_Capgemini_WPP.jpg?w=300"}],"twitter_card":"summary_large_image","twitter_misc":{"Est. reading time":"7 minutes"},"schema":{"@context":"https:\/\/schema.org","@graph":[{"@type":"WebPage","@id":"https:\/\/www.capgemini.com\/fr-fr\/actualites\/communiques-de-presse\/capgemini-et-la-ryder-cup-annoncent-un-partenariat-sur-six-ans\/","url":"https:\/\/www.capgemini.com\/fr-fr\/actualites\/communiques-de-presse\/capgemini-et-la-ryder-cup-annoncent-un-partenariat-sur-six-ans\/","name":"Capgemini et la Ryder Cup annoncent un partenariat sur six ans - Capgemini France","isPartOf":{"@id":"https:\/\/www.capgemini.com\/fr-fr\/#website"},"primaryImageOfPage":{"@id":"https:\/\/www.capgemini.com\/fr-fr\/actualites\/communiques-de-presse\/capgemini-et-la-ryder-cup-annoncent-un-partenariat-sur-six-ans\/#primaryimage"},"image":{"@id":"https:\/\/www.capgemini.com\/fr-fr\/actualites\/communiques-de-presse\/capgemini-et-la-ryder-cup-annoncent-un-partenariat-sur-six-ans\/#primaryimage"},"thumbnailUrl":"https:\/\/www.capgemini.com\/fr-fr\/wp-content\/uploads\/sites\/2\/2021\/09\/20RC_Capgemini_WPP.jpg?w=300","datePublished":"2021-09-23T13:52:00+00:00","dateModified":"2025-03-04T09:14:23+00:00","breadcrumb":{"@id":"https:\/\/www.capgemini.com\/fr-fr\/actualites\/communiques-de-presse\/capgemini-et-la-ryder-cup-annoncent-un-partenariat-sur-six-ans\/#breadcrumb"},"inLanguage":"fr-FR","potentialAction":[{"@type":"ReadAction","target":["https:\/\/www.capgemini.com\/fr-fr\/actualites\/communiques-de-presse\/capgemini-et-la-ryder-cup-annoncent-un-partenariat-sur-six-ans\/"]}]},{"@type":"ImageObject","inLanguage":"fr-FR","@id":"https:\/\/www.capgemini.com\/fr-fr\/actualites\/communiques-de-presse\/capgemini-et-la-ryder-cup-annoncent-un-partenariat-sur-six-ans\/#primaryimage","url":"https:\/\/www.capgemini.com\/fr-fr\/wp-content\/uploads\/sites\/2\/2021\/09\/20RC_Capgemini_WPP.jpg?w=300","contentUrl":"https:\/\/www.capgemini.com\/fr-fr\/wp-content\/uploads\/sites\/2\/2021\/09\/20RC_Capgemini_WPP.jpg?w=300"},{"@type":"BreadcrumbList","@id":"https:\/\/www.capgemini.com\/fr-fr\/actualites\/communiques-de-presse\/capgemini-et-la-ryder-cup-annoncent-un-partenariat-sur-six-ans\/#breadcrumb","itemListElement":[{"@type":"ListItem","position":1,"name":"Press Releases","item":"https:\/\/www.capgemini.com\/fr-fr\/news\/"},{"@type":"ListItem","position":2,"name":"Capgemini et la Ryder Cup annoncent un partenariat sur six ans"}]},{"@type":"WebSite","@id":"https:\/\/www.capgemini.com\/fr-fr\/#website","url":"https:\/\/www.capgemini.com\/fr-fr\/","name":"Capgemini France","description":"Just another www.capgemini.com site","publisher":{"@id":"https:\/\/www.capgemini.com\/fr-fr\/#organization"},"potentialAction":[{"@type":"SearchAction","target":{"@type":"EntryPoint","urlTemplate":"https:\/\/www.capgemini.com\/fr-fr\/?s={search_term_string}"},"query-input":"required name=search_term_string"}],"inLanguage":"fr-FR"},{"@type":"Organization","@id":"https:\/\/www.capgemini.com\/fr-fr\/#organization","name":"Capgemini France","url":"https:\/\/www.capgemini.com\/fr-fr\/","logo":{"@type":"ImageObject","inLanguage":"fr-FR","@id":"https:\/\/www.capgemini.com\/fr-fr\/#\/schema\/logo\/image\/","url":"https:\/\/www.capgemini.com\/fr-fr\/wp-content\/uploads\/sites\/6\/2022\/08\/Logo-Capgemini.png","contentUrl":"https:\/\/www.capgemini.com\/fr-fr\/wp-content\/uploads\/sites\/6\/2022\/08\/Logo-Capgemini.png","width":202,"height":60,"caption":"Capgemini France"},"image":{"@id":"https:\/\/www.capgemini.com\/fr-fr\/#\/schema\/logo\/image\/"}}]}},"parsely":{"version":"1.1.0","canonical_url":"https:\/\/capgemini.com\/fr-fr\/actualites\/communiques-de-presse\/capgemini-et-la-ryder-cup-annoncent-un-partenariat-sur-six-ans\/","smart_links":{"inbound":0,"outbound":0},"traffic_boost_suggestions_count":0,"meta":{"@context":"https:\/\/schema.org","@type":"NewsArticle","headline":"Capgemini et la Ryder Cup annoncent un partenariat sur six ans","url":"https:\/\/www.capgemini.com\/fr-fr\/actualites\/communiques-de-presse\/capgemini-et-la-ryder-cup-annoncent-un-partenariat-sur-six-ans\/","mainEntityOfPage":{"@type":"WebPage","@id":"https:\/\/www.capgemini.com\/fr-fr\/actualites\/communiques-de-presse\/capgemini-et-la-ryder-cup-annoncent-un-partenariat-sur-six-ans\/"},"thumbnailUrl":"","image":{"@type":"ImageObject","url":""},"articleSection":"Uncategorized","author":[],"creator":[],"publisher":{"@type":"Organization","name":"Capgemini France","logo":""},"keywords":[],"dateCreated":"2021-09-23T13:52:00Z","datePublished":"2021-09-23T13:52:00Z","dateModified":"2025-03-04T09:14:23Z"},"rendered":"<meta name=\"parsely-title\" content=\"Capgemini et la Ryder Cup annoncent un partenariat sur six ans\" \/>\n<meta name=\"parsely-link\" content=\"https:\/\/www.capgemini.com\/fr-fr\/actualites\/communiques-de-presse\/capgemini-et-la-ryder-cup-annoncent-un-partenariat-sur-six-ans\/\" \/>\n<meta name=\"parsely-type\" content=\"post\" \/>\n<meta name=\"parsely-pub-date\" content=\"2021-09-23T13:52:00Z\" \/>\n<meta name=\"parsely-section\" content=\"Uncategorized\" \/>","tracker_url":"https:\/\/cdn.parsely.com\/keys\/capgemini.com\/p.js"},"archive_status":false,"featured_image_src":"https:\/\/www.capgemini.com\/fr-fr\/wp-content\/themes\/capgemini2025\/assets\/images\/mockup.png","featured_image_alt":false,"jetpack_sharing_enabled":true,"distributor_meta":false,"distributor_terms":false,"distributor_media":false,"distributor_original_site_name":"Capgemini France","distributor_original_site_url":"https:\/\/www.capgemini.com\/fr-fr","push-errors":false,"tag_names":[],"_links":{"self":[{"href":"https:\/\/www.capgemini.com\/fr-fr\/wp-json\/wp\/v2\/press-release\/667097","targetHints":{"allow":["GET"]}}],"collection":[{"href":"https:\/\/www.capgemini.com\/fr-fr\/wp-json\/wp\/v2\/press-release"}],"about":[{"href":"https:\/\/www.capgemini.com\/fr-fr\/wp-json\/wp\/v2\/types\/press-release"}],"author":[{"embeddable":true,"href":"https:\/\/www.capgemini.com\/fr-fr\/wp-json\/wp\/v2\/users\/103"}],"version-history":[{"count":6,"href":"https:\/\/www.capgemini.com\/fr-fr\/wp-json\/wp\/v2\/press-release\/667097\/revisions"}],"predecessor-version":[{"id":777723,"href":"https:\/\/www.capgemini.com\/fr-fr\/wp-json\/wp\/v2\/press-release\/667097\/revisions\/777723"}],"wp:attachment":[{"href":"https:\/\/www.capgemini.com\/fr-fr\/wp-json\/wp\/v2\/media?parent=667097"}],"wp:term":[{"taxonomy":"post_tag","embeddable":true,"href":"https:\/\/www.capgemini.com\/fr-fr\/wp-json\/wp\/v2\/tags?post=667097"},{"taxonomy":"press-release-type","embeddable":true,"href":"https:\/\/www.capgemini.com\/fr-fr\/wp-json\/wp\/v2\/press-release-type?post=667097"},{"taxonomy":"brand","embeddable":true,"href":"https:\/\/www.capgemini.com\/fr-fr\/wp-json\/wp\/v2\/brand?post=667097"}],"curies":[{"name":"wp","href":"https:\/\/api.w.org\/{rel}","templated":true}]}}