{"id":667069,"date":"2021-12-01T13:41:00","date_gmt":"2021-12-01T13:41:00","guid":{"rendered":"https:\/\/www.capgemini.com\/fr-fr\/?post_type=press-release&#038;p=667069"},"modified":"2025-03-04T10:00:27","modified_gmt":"2025-03-04T09:00:27","slug":"collaboration-renforcee-capgemini-autodesk","status":"publish","type":"press-release","link":"https:\/\/www.capgemini.com\/fr-fr\/actualites\/communiques-de-presse\/collaboration-renforcee-capgemini-autodesk\/","title":{"rendered":"Capgemini et Autodesk renforcent leur collaboration pour la fourniture d\u2019une plateforme BIM* int\u00e9gr\u00e9e et de services de transformation digitale"},"content":{"rendered":"\t\t<div class=\"wp-block-cg-blocks-hero-press-release\">\n\t\t\t<header class=\"header-hero-press-release\" role=\"main\" id=\"main-content-press-release\">\n\t\t\t\t<div class=\"container\">\n\t\t\t\t\t<div class=\"hero-press-release\">\n\t\t\t\t\t\t<div class=\"hero-press-release-content-wrapper\">\n\t\t\t\t\t\t\t<div class=\"row\">\n\t\t\t\t\t\t\t\t<div class=\"col-12\">\n\t\t\t\t\t\t\t\t\t<div class=\"header-title\">\n\t\t\t\t\t\t\t\t\t\t<h1>\n\t\t\t\t\t\t\t\t\t\t\tCapgemini et Autodesk renforcent leur collaboration pour la fourniture d\u2019une plateforme BIM* int\u00e9gr\u00e9e et de services de transformation digitale\t\t\t\t\t\t\t\t\t\t<\/h1>\n\t\t\t\t\t\t\t\t\t<\/div>\n\t\t\t\t\t\t\t\t\t<div class=\"header-description\">\n\t\t\t\t\t\t\t\t\t\t<p><\/p>\n\t\t\t\t\t\t\t\t\t<\/div>\n\t\t\t\t\t\t\t\t\t\t\t\t\t\t\t\t\t\t<div class=\"header-date\">\n\t\t\t\t\t\t\t\t\t\t<span>d\u00e9c. 1, 2021<\/span>\n\t\t\t\t\t\t\t\t\t<\/div>\n\t\t\t\t\t\t\t\t<\/div>\n\t\t\t\t\t\t\t<\/div>\n\t\t\t\t\t\t<\/div>\n\t\t\t\t\t\t\t\t\t\t\t\t\t<div class=\"hero-press-release-downloads\">\n\t\t\t\t\t\t\t\t<div class=\"row\">\n\t\t\t\t\t\t\t\t\t\t\t\t\t\t\t\t\t\t\t<div class=\"col-12 col-md-6 col-lg-3\">\n\t\t\t\t\t\t\t\t\t\t\t<a class=\"download-item\" type=\"download\" href=\"https:\/\/www.capgemini.com\/fr-fr\/wp-content\/uploads\/sites\/6\/2022\/04\/2021_12_01_Capgemini-and-Autodesk-strengthen-their-collaboration-1.pdf\" target=\"_blank\" rel=\"noopener noreferrer\" title=\"Ouvrir dans une nouvelle fen\u00eatre\">\n\t\t\t\t\t\t\t\t\t\t\t\t<div class=\"download-icon\"><\/div>\n\t\t\t\t\t\t\t\t\t\t\t\t<div class=\"download-details\">\n\t\t\t\t\t\t\t\t\t\t\t\t\t<div class=\"download-title\">Download press release<\/div>\n\t\t\t\t\t\t\t\t\t\t\t\t\t<div class=\"download-props\">112 KB  pdf<\/div>\n\t\t\t\t\t\t\t\t\t\t\t\t<\/div>\n\t\t\t\t\t\t\t\t\t\t\t<\/a>\n\t\t\t\t\t\t\t\t\t\t<\/div>\n\t\t\t\t\t\t\t\t\t\t\t\t\t\t\t\t\t\t<\/div>\n\t\t\t\t\t\t\t<\/div>\n\t\t\t\t\t\t\t\t\t\t\t\t\t\t\t\t\t<\/div>\n\t\t\t\t<\/div>\n\t\t\t<\/header>\n\t\t<\/div>\n\t\t\n\n\n<section class=\"wp-block-cg-blocks-intro-para undefined section section--intro\"><div class=\"intro-para\"><div class=\"container\"><div class=\"row\"><div class=\"col-12 col-md-1\"><nav class=\"article-social\"><ul class=\"social-nav\"><li class=\"ip-order-fb\"><a href=\"https:\/\/www.facebook.com\/sharer\/sharer.php?u=https:\/\/www.capgemini.com\/fr-fr\/actualites\/communiques-de-presse\/collaboration-renforcee-capgemini-autodesk\/\" target=\"_blank\" rel=\"noopener noreferrer\" title=\"Ouvrir dans une nouvelle fen\u00eatre\"><i aria-hidden=\"true\" class=\"icon-fb\"><\/i><span class=\"sr-only\">Facebook<\/span><\/a><\/li><li class=\"ip-order-li\"><a href=\"https:\/\/www.linkedin.com\/sharing\/share-offsite\/?url=https:\/\/www.capgemini.com\/fr-fr\/actualites\/communiques-de-presse\/collaboration-renforcee-capgemini-autodesk\/\" target=\"_blank\" rel=\"noopener noreferrer\" title=\"Ouvrir dans une nouvelle fen\u00eatre\"><i aria-hidden=\"true\" class=\"icon-li\"><\/i><span class=\"sr-only\">Linkedin<\/span><\/a><\/li><\/ul><\/nav><\/div><div class=\"col-12 col-md-11 col-lg-10\"><h2 class=\"intro-para-title\"><strong>Paris et Californie, le 1er d\u00e9cembre 2021 \u2013 <a href=\"https:\/\/www.capgemini.com\/fr-fr\/\">Capgemini<\/a>, leader de la transformation des entreprises et des technologies, et Autodesk, Inc. leader des logiciels de conception, d\u2019ing\u00e9nierie et de divertissement en 3D, annoncent aujourd\u2019hui la signature d\u2019un accord-cadre de collaboration mondiale, leur permettant d\u2019unir leurs forces pour fournir des plateforme\u00a0<em>Building Information Modeling<\/em>(BIM) de bout en bout et des programmes de transformation. Capgemini devient le premier int\u00e9grateur de syst\u00e8me Autodesk autoris\u00e9, jouant un r\u00f4le cl\u00e9 dans le d\u00e9veloppement du programme.<\/strong><\/h2><\/div><\/div><\/div><\/div><\/section>\n\n\n\n<section class=\"wp-block-cg-blocks-group undefined section section--article-content\"><div class=\"article-main-content\"><div class=\"container\"><div class=\"row\"><div class=\"col-12 col-md-11 col-lg-10 offset-md-1 offset-lg-1\"><div class=\"article-text article-quote-text\">\n<p>p&gt;<strong>A propos d\u2019Autodesk<\/strong><\/p>\n\n\n\n<p>Autodesk change la fa\u00e7on dont le monde est con\u00e7u et fabriqu\u00e9. Notre technologie s\u2019applique \u00e0 l\u2019architecture, \u00e0 l\u2019ing\u00e9nierie, \u00e0 la construction, \u00e0 la conception de produits, \u00e0 la fabrication, aux m\u00e9dias et au divertissement, et permet aux innovateurs du monde entier de relever des d\u00e9fis, grands ou petits. Qu\u2019il s\u2019agisse de b\u00e2timents plus \u00e9cologiques, de produits plus intelligents ou de superproductions plus fascinantes, les logiciels Autodesk aident nos clients \u00e0 concevoir et \u00e0 cr\u00e9er un monde meilleur pour tous. Pour plus d\u2019informations : www.autodesk.com<\/p>\n\n\n\n<p><strong>\u00c0 propos de Capgemini<\/strong><\/p>\n\n\n\n<p>Capgemini est un leader mondial, responsable et multiculturel, regroupant plus de 300 000 personnes dans pr\u00e8s de 50&nbsp;pays. Partenaire strat\u00e9gique des entreprises pour la transformation de leurs activit\u00e9s en tirant profit de toute la puissance de la technologie, le Groupe est guid\u00e9 au quotidien par sa raison d\u2019\u00eatre : lib\u00e9rer les \u00e9nergies humaines par la technologie pour un avenir inclusif et durable. Fort de plus de 50 ans d\u2019exp\u00e9rience et d\u2019une grande expertise des diff\u00e9rents secteurs d\u2019activit\u00e9, Capgemini est reconnu par ses clients pour r\u00e9pondre \u00e0 l\u2019ensemble de leurs besoins, de la strat\u00e9gie et du design jusqu\u2019au management des op\u00e9rations, en tirant parti des innovations dans les domaines en perp\u00e9tuelle \u00e9volution du cloud, de la data, de l\u2019Intelligence Artificielle, de la connectivit\u00e9, des logiciels, de l\u2019ing\u00e9nierie digitale et des plateformes. Le Groupe a r\u00e9alis\u00e9 un chiffre d\u2019affaires de 16 milliards d\u2019euros en 2020.<\/p>\n\n\n\n<p><em>Get The Future You Want<sup>*<\/sup><\/em>&nbsp;|&nbsp;<a href=\"http:\/\/www.capgemini.com\/#_blank\">www.capgemini.com<\/a><\/p>\n\n\n\n<p><em>*Capgemini, le futur que vous voulez<\/em><\/p>\n<\/div><\/div><\/div><\/div><\/div><\/section>\n\n\n<div class=\"wp-block-cg-blocks-cg-block-related-content\"><section class=\"relatedContentBlock\"><div class=\"container\"><div class=\"row\"><div class=\"content-title col-12 col-md-8\"><h2 class=\"related-content-heading\">Related News<\/h2><\/div><\/div><div class=\"row relatedContent\"><div class=\"col-lg-4 col-md-6 col-xs-12\">\n\t\t\t\t\t\t\t<div class=\"box\">\n\t\t\t\t\t\t\t\t<a aria-label=\"Lire la suite Capgemini et McDonald\u2019s renouvellent leur partenariat strat\u00e9gique avec un accord mondial pluriannuel ax\u00e9 sur le d\u00e9ploiement de plateformes modernes et \u00e9volutives\" href=\"https:\/\/www.capgemini.com\/fr-fr\/actualites\/communiques-de-presse\/capgemini-et-mcdonalds-renouvellent-leur-partenariat-strategique-avec-un-accord-mondial-pluriannuel-axe-sur-le-deploiement-de-plateformes-modernes-et-evolutives\/\" class=\"anchorWrapper\">\n\t\t\t\t\t\t\t\t\t<span class=\"box-tag\"><span>Actualit\u00e9s client<\/span><\/span>\n\t\t\t\t\t\t\t\t\t<div class=\"box-title\"><h3 class=\"box-subtitle\">Capgemini et McDonald\u2019s renouvellent leur partenariat strat\u00e9gique avec un accord mondial pluriannuel ax\u00e9 sur le d\u00e9ploiement de plateformes modernes et \u00e9volutives<\/h3><\/div>\n\t\t\t\t\t\t\t\t\t<div class=\"box-date\">\n\t\t\t\t\t\t\t\t\t\t<span>Mar 5, 2026<\/span>\n\t\t\t\t\t\t\t\t\t<\/div>\n\t\t\t\t\t\t\t\t\t<div class=\"box-bottom\">\n\t\t\t\t\t\t\t\t\t\t&lt;a class=&quot;link-download&quot; href=&quot;https:\/\/www.capgemini.com\/fr-fr\/wp-content\/uploads\/sites\/6\/2026\/03\/2026_03_05_McDonalds_Capgemini_Press-Release_FR.pdf&quot; aria-label=&quot;T\u00e9l\u00e9charger le communiqu\u00e9 de presse&quot; target=&quot;_blank&quot;  type=&quot;download&quot; title=&quot;Opens in a new window&quot;&gt;\n\t\t\t\t\t\t\t&lt;span&gt;T\u00e9l\u00e9charger le communiqu\u00e9 de presse&lt;\/span&gt;\n\t\t\t\t\t\t\t&lt;span&gt;142 KB PDF&lt;\/span&gt;\n\t\t\t\t\t\t&lt;\/a&gt;\n\t\t\t\t\t\t\t\t\t\t<a class=\"more\" aria-label=\"Lire la suite Capgemini et McDonald\u2019s renouvellent leur partenariat strat\u00e9gique avec un accord mondial pluriannuel ax\u00e9 sur le d\u00e9ploiement de plateformes modernes et \u00e9volutives\" href=\"https:\/\/www.capgemini.com\/fr-fr\/actualites\/communiques-de-presse\/capgemini-et-mcdonalds-renouvellent-leur-partenariat-strategique-avec-un-accord-mondial-pluriannuel-axe-sur-le-deploiement-de-plateformes-modernes-et-evolutives\/\">Lire la suite<\/a>\n\t\t\t\t\t\t\t\t\t<\/div>\n\t\t\t\t\t\t\t\t<\/a>\n\t\t\t\t\t\t\t<\/div>\n\t\t\t\t\t\t<\/div><div class=\"col-lg-4 col-md-6 col-xs-12\">\n\t\t\t\t\t\t\t<div class=\"box\">\n\t\t\t\t\t\t\t\t<a aria-label=\"Lire la suite Capgemini et Deutsche Telekom con\u00e7oivent une plateforme ouverte pour l\u2019automatisation intelligente du RAN\" href=\"https:\/\/www.capgemini.com\/fr-fr\/actualites\/communiques-de-presse\/deutsch-telecom\/\" class=\"anchorWrapper\">\n\t\t\t\t\t\t\t\t\t<span class=\"box-tag\"><span>Actualit\u00e9s client<\/span><\/span>\n\t\t\t\t\t\t\t\t\t<div class=\"box-title\"><h3 class=\"box-subtitle\">Capgemini et Deutsche Telekom con\u00e7oivent une plateforme ouverte pour l\u2019automatisation intelligente du RAN<\/h3><\/div>\n\t\t\t\t\t\t\t\t\t<div class=\"box-date\">\n\t\t\t\t\t\t\t\t\t\t<span>Feb 27, 2026<\/span>\n\t\t\t\t\t\t\t\t\t<\/div>\n\t\t\t\t\t\t\t\t\t<div class=\"box-bottom\">\n\t\t\t\t\t\t\t\t\t\t&lt;a class=&quot;link-download&quot; href=&quot;https:\/\/www.capgemini.com\/wp-content\/uploads\/2026\/02\/2026_02_27_Capgemini_Deutsche-Telekom_Open-Platform-for-Intelligent-RAN-Automation-1.pdf&quot; aria-label=&quot;T\u00e9l\u00e9charger le communiqu\u00e9 de presse&quot; target=&quot;_blank&quot;  type=&quot;download&quot; title=&quot;Opens in a new window&quot;&gt;\n\t\t\t\t\t\t\t&lt;span&gt;T\u00e9l\u00e9charger le communiqu\u00e9 de presse&lt;\/span&gt;\n\t\t\t\t\t\t\t&lt;span&gt;112 KB PDF&lt;\/span&gt;\n\t\t\t\t\t\t&lt;\/a&gt;\n\t\t\t\t\t\t\t\t\t\t<a class=\"more\" aria-label=\"Lire la suite Capgemini et Deutsche Telekom con\u00e7oivent une plateforme ouverte pour l\u2019automatisation intelligente du RAN\" href=\"https:\/\/www.capgemini.com\/fr-fr\/actualites\/communiques-de-presse\/deutsch-telecom\/\">Lire la suite<\/a>\n\t\t\t\t\t\t\t\t\t<\/div>\n\t\t\t\t\t\t\t\t<\/a>\n\t\t\t\t\t\t\t<\/div>\n\t\t\t\t\t\t<\/div><div class=\"col-lg-4 col-md-6 col-xs-12\">\n\t\t\t\t\t\t\t<div class=\"box\">\n\t\t\t\t\t\t\t\t<a aria-label=\"Lire la suite La Commission europ\u00e9enne choisit Capgemini pour son contrat-cadre de cybers\u00e9curit\u00e9 de l&#8217;UE\" href=\"https:\/\/www.capgemini.com\/fr-fr\/actualites\/communiques-de-presse\/la-commission-europeenne-choisit-capgemini-pour-son-contrat-cadre-de-cybersecurite\/\" class=\"anchorWrapper\">\n\t\t\t\t\t\t\t\t\t<span class=\"box-tag\"><span>Actualit\u00e9s client<\/span><\/span>\n\t\t\t\t\t\t\t\t\t<div class=\"box-title\"><h3 class=\"box-subtitle\">La Commission europ\u00e9enne choisit Capgemini pour son contrat-cadre de cybers\u00e9curit\u00e9 de l&#8217;UE<\/h3><\/div>\n\t\t\t\t\t\t\t\t\t<div class=\"box-date\">\n\t\t\t\t\t\t\t\t\t\t<span>Dec 8, 2025<\/span>\n\t\t\t\t\t\t\t\t\t<\/div>\n\t\t\t\t\t\t\t\t\t<div class=\"box-bottom\">\n\t\t\t\t\t\t\t\t\t\t&lt;a class=&quot;link-download&quot; href=&quot;https:\/\/www.capgemini.com\/wp-content\/uploads\/2025\/12\/12_08_Capgemini-news-alert_FREIA.pdf&quot; aria-label=&quot;T\u00e9l\u00e9charger le communiqu\u00e9 de presse&quot; target=&quot;_blank&quot;  type=&quot;download&quot; title=&quot;Opens in a new window&quot;&gt;\n\t\t\t\t\t\t\t&lt;span&gt;T\u00e9l\u00e9charger le communiqu\u00e9 de presse&lt;\/span&gt;\n\t\t\t\t\t\t\t&lt;span&gt;127 KB PDF&lt;\/span&gt;\n\t\t\t\t\t\t&lt;\/a&gt;\n\t\t\t\t\t\t\t\t\t\t<a class=\"more\" aria-label=\"Lire la suite La Commission europ\u00e9enne choisit Capgemini pour son contrat-cadre de cybers\u00e9curit\u00e9 de l&#8217;UE\" href=\"https:\/\/www.capgemini.com\/fr-fr\/actualites\/communiques-de-presse\/la-commission-europeenne-choisit-capgemini-pour-son-contrat-cadre-de-cybersecurite\/\">Lire la suite<\/a>\n\t\t\t\t\t\t\t\t\t<\/div>\n\t\t\t\t\t\t\t\t<\/a>\n\t\t\t\t\t\t\t<\/div>\n\t\t\t\t\t\t<\/div><\/div><\/div><\/section><\/div>","protected":false},"excerpt":{"rendered":"","protected":false},"author":103,"featured_media":0,"template":"","meta":{"cg_dt_proposed_to":[],"cg_seo_hreflang_relations":"[]","cg_seo_canonical_relation":"{\"uuid\":\"0a33408e-909c-440e-8dc7-6f9ea1460d6b\",\"blogId\":\"\",\"domain\":\"\",\"sitePath\":\"\",\"postLink\":\"\",\"postId\":null,\"isSaved\":true,\"isCrossLink\":false,\"hasCrossLink\":false}","cg_seo_hreflang_x_default_relation":"{\"uuid\":\"67a022d1-90a8-441b-aedc-333598daff51\",\"blogId\":\"\",\"domain\":\"\",\"sitePath\":\"\",\"postLink\":\"\",\"postId\":null,\"isSaved\":true,\"isCrossLink\":false,\"hasCrossLink\":false}","cg_dt_approved_content":true,"cg_dt_mandatory_content":false,"cg_dt_notes":"","cg_dg_source_changed":false,"cg_dt_link_disabled":false,"footnotes":"","related_resource_url":"https:\/\/www.capgemini.com\/fr-fr\/wp-content\/uploads\/sites\/6\/2022\/04\/2021_12_01_Capgemini-and-Autodesk-strengthen-their-collaboration-1.pdf","related_resource_id":667070,"related_resource_size":"112 KB","related_resource_type":"pdf","cg_author":0,"featured_focal_points":""},"tags":[],"press-release-type":[33],"brand":[],"class_list":["post-667069","press-release","type-press-release","status-publish","hentry","press-release-type-actualites-client"],"yoast_head":"<!-- This site is optimized with the Yoast SEO Premium plugin v22.8 (Yoast SEO v22.8) - https:\/\/yoast.com\/wordpress\/plugins\/seo\/ -->\n<title>Capgemini et Autodesk renforcent leur collaboration pour la fourniture d\u2019une plateforme BIM* int\u00e9gr\u00e9e et de services de transformation digitale - Capgemini France<\/title>\n<meta name=\"robots\" content=\"index, follow, max-snippet:-1, max-image-preview:large, max-video-preview:-1\" \/>\n<link rel=\"canonical\" href=\"https:\/\/www.capgemini.com\/fr-fr\/actualites\/communiques-de-presse\/collaboration-renforcee-capgemini-autodesk\/\" \/>\n<meta property=\"og:locale\" content=\"fr_FR\" \/>\n<meta property=\"og:type\" content=\"article\" \/>\n<meta property=\"og:title\" content=\"Capgemini et Autodesk renforcent leur collaboration pour la fourniture d\u2019une plateforme BIM* int\u00e9gr\u00e9e et de services de transformation digitale\" \/>\n<meta property=\"og:url\" content=\"https:\/\/www.capgemini.com\/fr-fr\/actualites\/communiques-de-presse\/collaboration-renforcee-capgemini-autodesk\/\" \/>\n<meta property=\"og:site_name\" content=\"Capgemini France\" \/>\n<meta property=\"article:modified_time\" content=\"2025-03-04T09:00:27+00:00\" \/>\n<meta property=\"og:image\" content=\"https:\/\/www.capgemini.com\/fr-fr\/wp-content\/uploads\/sites\/6\/2025\/10\/image-1.jpg\" \/>\n\t<meta property=\"og:image:width\" content=\"1200\" \/>\n\t<meta property=\"og:image:height\" content=\"627\" \/>\n\t<meta property=\"og:image:type\" content=\"image\/jpeg\" \/>\n<meta name=\"twitter:card\" content=\"summary_large_image\" \/>\n<meta name=\"twitter:label1\" content=\"Est. reading time\" \/>\n\t<meta name=\"twitter:data1\" content=\"2 minutes\" \/>\n<script type=\"application\/ld+json\" class=\"yoast-schema-graph\">{\"@context\":\"https:\/\/schema.org\",\"@graph\":[{\"@type\":\"WebPage\",\"@id\":\"https:\/\/www.capgemini.com\/fr-fr\/actualites\/communiques-de-presse\/collaboration-renforcee-capgemini-autodesk\/\",\"url\":\"https:\/\/www.capgemini.com\/fr-fr\/actualites\/communiques-de-presse\/collaboration-renforcee-capgemini-autodesk\/\",\"name\":\"Capgemini et Autodesk renforcent leur collaboration pour la fourniture d\u2019une plateforme BIM* int\u00e9gr\u00e9e et de services de transformation digitale - Capgemini France\",\"isPartOf\":{\"@id\":\"https:\/\/www.capgemini.com\/fr-fr\/#website\"},\"datePublished\":\"2021-12-01T13:41:00+00:00\",\"dateModified\":\"2025-03-04T09:00:27+00:00\",\"breadcrumb\":{\"@id\":\"https:\/\/www.capgemini.com\/fr-fr\/actualites\/communiques-de-presse\/collaboration-renforcee-capgemini-autodesk\/#breadcrumb\"},\"inLanguage\":\"fr-FR\",\"potentialAction\":[{\"@type\":\"ReadAction\",\"target\":[\"https:\/\/www.capgemini.com\/fr-fr\/actualites\/communiques-de-presse\/collaboration-renforcee-capgemini-autodesk\/\"]}]},{\"@type\":\"BreadcrumbList\",\"@id\":\"https:\/\/www.capgemini.com\/fr-fr\/actualites\/communiques-de-presse\/collaboration-renforcee-capgemini-autodesk\/#breadcrumb\",\"itemListElement\":[{\"@type\":\"ListItem\",\"position\":1,\"name\":\"Press Releases\",\"item\":\"https:\/\/www.capgemini.com\/fr-fr\/news\/\"},{\"@type\":\"ListItem\",\"position\":2,\"name\":\"Capgemini et Autodesk renforcent leur collaboration pour la fourniture d\u2019une plateforme BIM* int\u00e9gr\u00e9e et de services de transformation digitale\"}]},{\"@type\":\"WebSite\",\"@id\":\"https:\/\/www.capgemini.com\/fr-fr\/#website\",\"url\":\"https:\/\/www.capgemini.com\/fr-fr\/\",\"name\":\"Capgemini France\",\"description\":\"Just another www.capgemini.com site\",\"publisher\":{\"@id\":\"https:\/\/www.capgemini.com\/fr-fr\/#organization\"},\"potentialAction\":[{\"@type\":\"SearchAction\",\"target\":{\"@type\":\"EntryPoint\",\"urlTemplate\":\"https:\/\/www.capgemini.com\/fr-fr\/?s={search_term_string}\"},\"query-input\":\"required name=search_term_string\"}],\"inLanguage\":\"fr-FR\"},{\"@type\":\"Organization\",\"@id\":\"https:\/\/www.capgemini.com\/fr-fr\/#organization\",\"name\":\"Capgemini France\",\"url\":\"https:\/\/www.capgemini.com\/fr-fr\/\",\"logo\":{\"@type\":\"ImageObject\",\"inLanguage\":\"fr-FR\",\"@id\":\"https:\/\/www.capgemini.com\/fr-fr\/#\/schema\/logo\/image\/\",\"url\":\"https:\/\/www.capgemini.com\/fr-fr\/wp-content\/uploads\/sites\/6\/2022\/08\/Logo-Capgemini.png\",\"contentUrl\":\"https:\/\/www.capgemini.com\/fr-fr\/wp-content\/uploads\/sites\/6\/2022\/08\/Logo-Capgemini.png\",\"width\":202,\"height\":60,\"caption\":\"Capgemini France\"},\"image\":{\"@id\":\"https:\/\/www.capgemini.com\/fr-fr\/#\/schema\/logo\/image\/\"}}]}<\/script>\n<!-- \/ Yoast SEO Premium plugin. -->","yoast_head_json":{"title":"Capgemini et Autodesk renforcent leur collaboration pour la fourniture d\u2019une plateforme BIM* int\u00e9gr\u00e9e et de services de transformation digitale - Capgemini France","robots":{"index":"index","follow":"follow","max-snippet":"max-snippet:-1","max-image-preview":"max-image-preview:large","max-video-preview":"max-video-preview:-1"},"canonical":"https:\/\/www.capgemini.com\/fr-fr\/actualites\/communiques-de-presse\/collaboration-renforcee-capgemini-autodesk\/","og_locale":"fr_FR","og_type":"article","og_title":"Capgemini et Autodesk renforcent leur collaboration pour la fourniture d\u2019une plateforme BIM* int\u00e9gr\u00e9e et de services de transformation digitale","og_url":"https:\/\/www.capgemini.com\/fr-fr\/actualites\/communiques-de-presse\/collaboration-renforcee-capgemini-autodesk\/","og_site_name":"Capgemini France","article_modified_time":"2025-03-04T09:00:27+00:00","og_image":[{"width":1200,"height":627,"url":"https:\/\/www.capgemini.com\/fr-fr\/wp-content\/uploads\/sites\/6\/2025\/10\/image-1.jpg","type":"image\/jpeg"}],"twitter_card":"summary_large_image","twitter_misc":{"Est. reading time":"2 minutes"},"schema":{"@context":"https:\/\/schema.org","@graph":[{"@type":"WebPage","@id":"https:\/\/www.capgemini.com\/fr-fr\/actualites\/communiques-de-presse\/collaboration-renforcee-capgemini-autodesk\/","url":"https:\/\/www.capgemini.com\/fr-fr\/actualites\/communiques-de-presse\/collaboration-renforcee-capgemini-autodesk\/","name":"Capgemini et Autodesk renforcent leur collaboration pour la fourniture d\u2019une plateforme BIM* int\u00e9gr\u00e9e et de services de transformation digitale - Capgemini France","isPartOf":{"@id":"https:\/\/www.capgemini.com\/fr-fr\/#website"},"datePublished":"2021-12-01T13:41:00+00:00","dateModified":"2025-03-04T09:00:27+00:00","breadcrumb":{"@id":"https:\/\/www.capgemini.com\/fr-fr\/actualites\/communiques-de-presse\/collaboration-renforcee-capgemini-autodesk\/#breadcrumb"},"inLanguage":"fr-FR","potentialAction":[{"@type":"ReadAction","target":["https:\/\/www.capgemini.com\/fr-fr\/actualites\/communiques-de-presse\/collaboration-renforcee-capgemini-autodesk\/"]}]},{"@type":"BreadcrumbList","@id":"https:\/\/www.capgemini.com\/fr-fr\/actualites\/communiques-de-presse\/collaboration-renforcee-capgemini-autodesk\/#breadcrumb","itemListElement":[{"@type":"ListItem","position":1,"name":"Press Releases","item":"https:\/\/www.capgemini.com\/fr-fr\/news\/"},{"@type":"ListItem","position":2,"name":"Capgemini et Autodesk renforcent leur collaboration pour la fourniture d\u2019une plateforme BIM* int\u00e9gr\u00e9e et de services de transformation digitale"}]},{"@type":"WebSite","@id":"https:\/\/www.capgemini.com\/fr-fr\/#website","url":"https:\/\/www.capgemini.com\/fr-fr\/","name":"Capgemini France","description":"Just another www.capgemini.com site","publisher":{"@id":"https:\/\/www.capgemini.com\/fr-fr\/#organization"},"potentialAction":[{"@type":"SearchAction","target":{"@type":"EntryPoint","urlTemplate":"https:\/\/www.capgemini.com\/fr-fr\/?s={search_term_string}"},"query-input":"required name=search_term_string"}],"inLanguage":"fr-FR"},{"@type":"Organization","@id":"https:\/\/www.capgemini.com\/fr-fr\/#organization","name":"Capgemini France","url":"https:\/\/www.capgemini.com\/fr-fr\/","logo":{"@type":"ImageObject","inLanguage":"fr-FR","@id":"https:\/\/www.capgemini.com\/fr-fr\/#\/schema\/logo\/image\/","url":"https:\/\/www.capgemini.com\/fr-fr\/wp-content\/uploads\/sites\/6\/2022\/08\/Logo-Capgemini.png","contentUrl":"https:\/\/www.capgemini.com\/fr-fr\/wp-content\/uploads\/sites\/6\/2022\/08\/Logo-Capgemini.png","width":202,"height":60,"caption":"Capgemini France"},"image":{"@id":"https:\/\/www.capgemini.com\/fr-fr\/#\/schema\/logo\/image\/"}}]}},"parsely":{"version":"1.1.0","canonical_url":"https:\/\/capgemini.com\/fr-fr\/actualites\/communiques-de-presse\/collaboration-renforcee-capgemini-autodesk\/","smart_links":{"inbound":0,"outbound":0},"traffic_boost_suggestions_count":0,"meta":{"@context":"https:\/\/schema.org","@type":"NewsArticle","headline":"Capgemini et Autodesk renforcent leur collaboration pour la fourniture d\u2019une plateforme BIM* int\u00e9gr\u00e9e et de services de transformation digitale","url":"https:\/\/www.capgemini.com\/fr-fr\/actualites\/communiques-de-presse\/collaboration-renforcee-capgemini-autodesk\/","mainEntityOfPage":{"@type":"WebPage","@id":"https:\/\/www.capgemini.com\/fr-fr\/actualites\/communiques-de-presse\/collaboration-renforcee-capgemini-autodesk\/"},"thumbnailUrl":"","image":{"@type":"ImageObject","url":""},"articleSection":"Uncategorized","author":[],"creator":[],"publisher":{"@type":"Organization","name":"Capgemini France","logo":""},"keywords":[],"dateCreated":"2021-12-01T13:41:00Z","datePublished":"2021-12-01T13:41:00Z","dateModified":"2025-03-04T09:00:27Z"},"rendered":"<meta name=\"parsely-title\" content=\"Capgemini et Autodesk renforcent leur collaboration pour la fourniture d\u2019une plateforme BIM* int\u00e9gr\u00e9e et de services de transformation digitale\" \/>\n<meta name=\"parsely-link\" content=\"https:\/\/www.capgemini.com\/fr-fr\/actualites\/communiques-de-presse\/collaboration-renforcee-capgemini-autodesk\/\" \/>\n<meta name=\"parsely-type\" content=\"post\" \/>\n<meta name=\"parsely-pub-date\" content=\"2021-12-01T13:41:00Z\" \/>\n<meta name=\"parsely-section\" content=\"Uncategorized\" \/>","tracker_url":"https:\/\/cdn.parsely.com\/keys\/capgemini.com\/p.js"},"archive_status":false,"featured_image_src":"https:\/\/www.capgemini.com\/fr-fr\/wp-content\/themes\/capgemini2025\/assets\/images\/mockup.png","featured_image_alt":false,"jetpack_sharing_enabled":true,"distributor_meta":false,"distributor_terms":false,"distributor_media":false,"distributor_original_site_name":"Capgemini France","distributor_original_site_url":"https:\/\/www.capgemini.com\/fr-fr","push-errors":false,"tag_names":[],"_links":{"self":[{"href":"https:\/\/www.capgemini.com\/fr-fr\/wp-json\/wp\/v2\/press-release\/667069","targetHints":{"allow":["GET"]}}],"collection":[{"href":"https:\/\/www.capgemini.com\/fr-fr\/wp-json\/wp\/v2\/press-release"}],"about":[{"href":"https:\/\/www.capgemini.com\/fr-fr\/wp-json\/wp\/v2\/types\/press-release"}],"author":[{"embeddable":true,"href":"https:\/\/www.capgemini.com\/fr-fr\/wp-json\/wp\/v2\/users\/103"}],"version-history":[{"count":6,"href":"https:\/\/www.capgemini.com\/fr-fr\/wp-json\/wp\/v2\/press-release\/667069\/revisions"}],"predecessor-version":[{"id":777639,"href":"https:\/\/www.capgemini.com\/fr-fr\/wp-json\/wp\/v2\/press-release\/667069\/revisions\/777639"}],"wp:attachment":[{"href":"https:\/\/www.capgemini.com\/fr-fr\/wp-json\/wp\/v2\/media?parent=667069"}],"wp:term":[{"taxonomy":"post_tag","embeddable":true,"href":"https:\/\/www.capgemini.com\/fr-fr\/wp-json\/wp\/v2\/tags?post=667069"},{"taxonomy":"press-release-type","embeddable":true,"href":"https:\/\/www.capgemini.com\/fr-fr\/wp-json\/wp\/v2\/press-release-type?post=667069"},{"taxonomy":"brand","embeddable":true,"href":"https:\/\/www.capgemini.com\/fr-fr\/wp-json\/wp\/v2\/brand?post=667069"}],"curies":[{"name":"wp","href":"https:\/\/api.w.org\/{rel}","templated":true}]}}