{"id":664937,"date":"2019-03-20T09:49:00","date_gmt":"2019-03-20T09:49:00","guid":{"rendered":"https:\/\/www.capgemini.com\/fr-fr\/?post_type=press-release&#038;p=664937"},"modified":"2025-03-05T04:30:31","modified_gmt":"2025-03-05T03:30:31","slug":"evolutions-dans-la-composition-du-conseil-dadministration-en-vue-de-lassemblee-generale-2019","status":"publish","type":"press-release","link":"https:\/\/www.capgemini.com\/fr-fr\/actualites\/communiques-de-presse\/evolutions-dans-la-composition-du-conseil-dadministration-en-vue-de-lassemblee-generale-2019\/","title":{"rendered":"Evolutions dans la composition du Conseil d\u2019Administration en vue de l\u2019Assembl\u00e9e G\u00e9n\u00e9rale 2019"},"content":{"rendered":"\t\t<div class=\"wp-block-cg-blocks-hero-press-release\">\n\t\t\t<header class=\"header-hero-press-release\" role=\"main\" id=\"main-content-press-release\">\n\t\t\t\t<div class=\"container\">\n\t\t\t\t\t<div class=\"hero-press-release\">\n\t\t\t\t\t\t<div class=\"hero-press-release-content-wrapper\">\n\t\t\t\t\t\t\t<div class=\"row\">\n\t\t\t\t\t\t\t\t<div class=\"col-12\">\n\t\t\t\t\t\t\t\t\t<div class=\"header-title\">\n\t\t\t\t\t\t\t\t\t\t<h1>\n\t\t\t\t\t\t\t\t\t\t\tEvolutions dans la composition du Conseil d\u2019Administration en vue de l\u2019Assembl\u00e9e G\u00e9n\u00e9rale 2019\t\t\t\t\t\t\t\t\t\t<\/h1>\n\t\t\t\t\t\t\t\t\t<\/div>\n\t\t\t\t\t\t\t\t\t<div class=\"header-description\">\n\t\t\t\t\t\t\t\t\t\t<p><\/p>\n\t\t\t\t\t\t\t\t\t<\/div>\n\t\t\t\t\t\t\t\t\t\t\t\t\t\t\t\t\t\t<div class=\"header-date\">\n\t\t\t\t\t\t\t\t\t\t<span>mars 20, 2019<\/span>\n\t\t\t\t\t\t\t\t\t<\/div>\n\t\t\t\t\t\t\t\t<\/div>\n\t\t\t\t\t\t\t<\/div>\n\t\t\t\t\t\t<\/div>\n\t\t\t\t\t\t\t\t\t\t\t\t\t<div class=\"hero-press-release-downloads\">\n\t\t\t\t\t\t\t\t<div class=\"row\">\n\t\t\t\t\t\t\t\t\t\t\t\t\t\t\t\t\t\t\t<div class=\"col-12 col-md-6 col-lg-3\">\n\t\t\t\t\t\t\t\t\t\t\t<a class=\"download-item\" type=\"download\" href=\"https:\/\/www.capgemini.com\/fr-fr\/wp-content\/uploads\/sites\/6\/2022\/04\/2019_03_20_Capgemini_Composition_Conseil_Administration.pdf\" target=\"_blank\" rel=\"noopener noreferrer\" title=\"Ouvrir dans une nouvelle fen\u00eatre\">\n\t\t\t\t\t\t\t\t\t\t\t\t<div class=\"download-icon\"><\/div>\n\t\t\t\t\t\t\t\t\t\t\t\t<div class=\"download-details\">\n\t\t\t\t\t\t\t\t\t\t\t\t\t<div class=\"download-title\">Download press release<\/div>\n\t\t\t\t\t\t\t\t\t\t\t\t\t<div class=\"download-props\">98 KB  pdf<\/div>\n\t\t\t\t\t\t\t\t\t\t\t\t<\/div>\n\t\t\t\t\t\t\t\t\t\t\t<\/a>\n\t\t\t\t\t\t\t\t\t\t<\/div>\n\t\t\t\t\t\t\t\t\t\t\t\t\t\t\t\t\t\t<\/div>\n\t\t\t\t\t\t\t<\/div>\n\t\t\t\t\t\t\t\t\t\t\t\t\t\t\t\t\t<\/div>\n\t\t\t\t<\/div>\n\t\t\t<\/header>\n\t\t<\/div>\n\t\t\n\n\n<section class=\"wp-block-cg-blocks-intro-para undefined section section--intro\"><div class=\"intro-para\"><div class=\"container\"><div class=\"row\"><div class=\"col-12 col-md-1\"><nav class=\"article-social\"><ul class=\"social-nav\"><li class=\"ip-order-fb\"><a href=\"https:\/\/www.facebook.com\/sharer\/sharer.php?u=https:\/\/www.capgemini.com\/fr-fr\/actualites\/communiques-de-presse\/evolutions-dans-la-composition-du-conseil-dadministration-en-vue-de-lassemblee-generale-2019\/\" target=\"_blank\" rel=\"noopener noreferrer\" title=\"Ouvrir dans une nouvelle fen\u00eatre\"><i aria-hidden=\"true\" class=\"icon-fb\"><\/i><span class=\"sr-only\">Facebook<\/span><\/a><\/li><li class=\"ip-order-li\"><a href=\"https:\/\/www.linkedin.com\/sharing\/share-offsite\/?url=https:\/\/www.capgemini.com\/fr-fr\/actualites\/communiques-de-presse\/evolutions-dans-la-composition-du-conseil-dadministration-en-vue-de-lassemblee-generale-2019\/\" target=\"_blank\" rel=\"noopener noreferrer\" title=\"Ouvrir dans une nouvelle fen\u00eatre\"><i aria-hidden=\"true\" class=\"icon-li\"><\/i><span class=\"sr-only\">Linkedin<\/span><\/a><\/li><\/ul><\/nav><\/div><div class=\"col-12 col-md-11 col-lg-10\"><h2 class=\"intro-para-title\">Paris, le 20 mars 2019 \u2013 Le Conseil d\u2019Administration de Capgemini SE r\u00e9uni le 20 mars 2019 sous la pr\u00e9sidence de Paul Hermelin, Pr\u00e9sident-directeur g\u00e9n\u00e9ral, a d\u00e9lib\u00e9r\u00e9, sur le rapport du Comit\u00e9 Ethique et Gouvernance, de l\u2019\u00e9volution de sa composition en vue de la prochaine Assembl\u00e9e G\u00e9n\u00e9rale des actionnaires du 23 mai 2019. <\/h2><\/div><\/div><\/div><\/div><\/section>\n\n\n\n<section class=\"wp-block-cg-blocks-group undefined section section--article-content\"><div class=\"article-main-content\"><div class=\"container\"><div class=\"row\"><div class=\"col-12 col-md-11 col-lg-10 offset-md-1 offset-lg-1\"><div class=\"article-text article-quote-text\">\n<blockquote class=\"wp-block-quote is-layout-flow wp-block-quote-is-layout-flow\">\n<p>Conform\u00e9ment \u00e0 son ambition de poursuivre l\u2019internationalisation de sa composition, d\u2019approfondir son expertise sectorielle et d\u2019enrichir la diversit\u00e9 de ses profils, le Conseil d\u2019Administration a souhait\u00e9 proposer \u00e0 l\u2019Assembl\u00e9e g\u00e9n\u00e9rale 2019 la nomination de Mme Xiaoqun Clever en qualit\u00e9 de membre du Conseil d\u2019Administration pour un mandat d\u2019une dur\u00e9e de quatre ans.<\/p>\n<\/blockquote>\n\n\n\n<p>Xiaoqun Clever, de nationalit\u00e9 allemande, a acquis, au cours d\u2019une brillante carri\u00e8re dans l\u2019industrie du logiciel et de la donn\u00e9e, une solide exp\u00e9rience dans le domaine de la transformation digitale et la valorisation des donn\u00e9es. Sa parfaite connaissance des march\u00e9s en Asie et en Europe centrale sera en outre un atout pr\u00e9cieux pour le Conseil d\u2019administration de Capgemini SE et le d\u00e9veloppement du Groupe dans des g\u00e9ographies cl\u00e9s pour son avenir. Le Conseil a indiqu\u00e9 consid\u00e9rer Xiaoqun Clever comme ind\u00e9pendante au regard des crit\u00e8res du Code AFEP-MEDEF auquel la Soci\u00e9t\u00e9 se r\u00e9f\u00e8re.<\/p>\n\n\n\n<p>Par ailleurs, le Conseil d\u2019Administration soumettra \u00e9galement pour ratification \u00e0 l\u2019Assembl\u00e9e g\u00e9n\u00e9rale 2019 la cooptation de Laura Desmond en tant qu\u2019administrateur \u00e0 compter du 1<sup>er<\/sup> janvier 2019 faite \u00e0 titre provisoire par le Conseil d\u2019Administration du <a href=\"https:\/\/www.capgemini.com\/fr-fr\/news\/le-conseil-dadministration-de-capgemini-coopte-laura-desmond-en-qualite-dadministrateur\/\">5 d\u00e9cembre 2018<\/a> sur le mandat laiss\u00e9 vacant par Carole Ferrand<a href=\"#_ftn1\">[1]<\/a>, pour la dur\u00e9e restant \u00e0 courir du mandat de cette derni\u00e8re, soit jusqu\u2019\u00e0 l\u2019Assembl\u00e9e G\u00e9n\u00e9rale de 2020 appel\u00e9e \u00e0 statuer sur les comptes de l\u2019exercice clos le 31 d\u00e9cembre 2019.<\/p>\n\n\n\n<p>Dans l\u2019hypoth\u00e8se de l\u2019approbation de ces r\u00e9solutions par l\u2019Assembl\u00e9e G\u00e9n\u00e9rale du 23 mai 2019, la composition du Conseil d\u2019Administration passerait ainsi \u00e0 14 administrateurs, dont deux administrateurs repr\u00e9sentant les salari\u00e9s. Il comptera parmi ses membres 82% d\u2019administrateurs d\u2019ind\u00e9pendants<a href=\"#_ftn2\"><sup>[2]<\/sup><\/a>, 29% d\u2019administrateurs ayant des profils internationaux et 50% de femmes<a href=\"#_ftn3\"><sup>[3]<\/sup><\/a>.<\/p>\n\n\n\n<p><strong>AVERTISSEMENT<\/strong><\/p>\n\n\n\n<p>Le pr\u00e9sent communiqu\u00e9 de presse est susceptible de contenir des informations prospectives. Ces informations peuvent comprendre des projections, des estimations, des hypoth\u00e8ses, des informations concernant des projets, des objectifs, des intentions et\/ou des attentes portant sur des r\u00e9sultats financiers futurs, des \u00e9v\u00e8nements, des op\u00e9rations, le d\u00e9veloppement de services et de produits futurs, ainsi que des informations relatives \u00e0 des performances ou \u00e0 des \u00e9v\u00e8nements futurs. Ces informations prospectives sont g\u00e9n\u00e9ralement reconnaissables \u00e0 l\u2019emploi des termes \u00ab&nbsp;s\u2019attendre \u00e0&nbsp;\u00bb, \u00ab&nbsp;anticiper&nbsp;\u00bb, \u00ab&nbsp;penser que&nbsp;\u00bb, \u00ab&nbsp;avoir l\u2019intention de&nbsp;\u00bb, \u00ab&nbsp;estimer&nbsp;\u00bb, \u00ab&nbsp;pr\u00e9voir&nbsp;\u00bb, \u00ab&nbsp;projeter&nbsp;\u00bb, \u00ab&nbsp;pourrait&nbsp;\u00bb, \u00ab&nbsp;devrait&nbsp;\u00bb ou \u00e0 l\u2019emploi de la forme n\u00e9gative de ces termes et \u00e0 d\u2019autres expressions de m\u00eame nature. La direction de Capgemini consid\u00e8re actuellement que ces informations prospectives traduisent des attentes raisonnables&nbsp;; la soci\u00e9t\u00e9 alerte cependant les investisseurs sur le fait que ces informations prospectives sont soumises \u00e0 des risques et incertitudes (y compris, notamment, les risques identifi\u00e9s dans le Document de R\u00e9f\u00e9rence de Capgemini, disponible sur le site internet de Capgemini), \u00e9tant donn\u00e9 qu\u2019elles ont trait \u00e0 des \u00e9v\u00e8nements futurs et d\u00e9pendent des circonstances futures dont la r\u00e9alisation est incertaine et qui peuvent diff\u00e9rer de ceux anticip\u00e9s, souvent difficilement pr\u00e9visibles et g\u00e9n\u00e9ralement en dehors du contr\u00f4le de Capgemini. Les r\u00e9sultats et les \u00e9v\u00e8nements r\u00e9els sont susceptibles de diff\u00e9rer significativement, de ceux qui sont exprim\u00e9s, impliqu\u00e9s ou projet\u00e9s dans les informations prospectives. Les informations prospectives ne donnent aucune garantie de r\u00e9alisation d\u2019\u00e9v\u00e8nements ou de r\u00e9sultats futurs et n\u2019ont pas cette vocation. Capgemini ne prend aucun engagement de mettre \u00e0 jour ou de r\u00e9viser les informations prospectives sous r\u00e9serve de ses obligations l\u00e9gales.<\/p>\n\n\n\n<p>Le pr\u00e9sent communiqu\u00e9 de presse ne constitue pas une offre d\u2019instruments financiers au public et ne contient pas d\u2019invitation ou d\u2019incitation \u00e0 investir dans des instruments financiers en France, aux \u00c9tats-Unis ou n\u2019importe quel autre pays.<\/p>\n\n\n\n<p><strong>\u00c0 propos de Capgemini<\/strong><\/p>\n\n\n\n<p>Capgemini est un leader mondial du conseil, des services informatiques et de la transformation num\u00e9rique. A la pointe de l\u2019innovation, le Groupe aide ses clients \u00e0 saisir l\u2019ensemble des opportunit\u00e9s que pr\u00e9sentent le cloud, le digital et les plateformes. Fort de 50&nbsp;ans d\u2019exp\u00e9rience et d\u2019une grande expertise des diff\u00e9rents secteurs d\u2019activit\u00e9, il accompagne les entreprises et organisations dans la r\u00e9alisation de leurs ambitions, de la d\u00e9finition de leur strat\u00e9gie \u00e0 la mise en \u0153uvre de leurs op\u00e9rations. Pour Capgemini, ce sont les hommes et les femmes qui donnent toute sa valeur \u00e0 la technologie. R\u00e9solument multiculturel, le Groupe compte plus de 200&nbsp;000 collaborateurs pr\u00e9sents dans plus de 40 pays. Il a r\u00e9alis\u00e9 un chiffre d\u2019affaires de 13,2&nbsp;milliards d\u2019euros en 2018.<\/p>\n\n\n\n<p>Plus d\u2019informations sur <a href=\"http:\/\/www.capgemini.com\">www.capgemini.com<\/a>. <em>People matter, results count<\/em>.<\/p>\n\n\n\n<p><a href=\"#_ftnref1\">[1]<\/a> Pour rappel, Mme Carole Ferrand a quitt\u00e9 le Conseil d\u2019Administration le 28 mai 2018.<\/p>\n\n\n\n<p><a href=\"#_ftnref2\">[2]<\/a> Les administrateurs repr\u00e9sentant les salari\u00e9s et les salari\u00e9s actionnaires ne sont pas pris en compte pour le calcul de ce pourcentage, conform\u00e9ment aux dispositions du Code AFEP-MEDEF.<\/p>\n\n\n\n<p><a href=\"#_ftnref3\">[3]<\/a> Les deux administrateurs repr\u00e9sentant les salari\u00e9s ne sont pas pris en compte pour le calcul de ce pourcentage, conform\u00e9ment aux dispositions du Code de Commerce actuellement en vigueur.<\/p>\n<\/div><\/div><\/div><\/div><\/div><\/section>\n\n\n<div class=\"wp-block-cg-blocks-cg-block-related-content\"><section class=\"relatedContentBlock\"><div class=\"container\"><div class=\"row\"><div class=\"content-title col-12 col-md-8\"><h2 class=\"related-content-heading\">Related News<\/h2><\/div><\/div><div class=\"row relatedContent\"><div class=\"col-lg-4 col-md-6 col-xs-12\">\n\t\t\t\t\t\t\t<div class=\"box\">\n\t\t\t\t\t\t\t\t<a aria-label=\"Lire la suite Capgemini d\u00e9voile le Google Cloud AI Enterprise Hub pour acc\u00e9l\u00e9rer la transformation des entreprises gr\u00e2ce \u00e0 l\u2019IA agentique\" href=\"https:\/\/www.capgemini.com\/fr-fr\/actualites\/communiques-de-presse\/capgemini-devoile-le-google-cloud-ai-enterprise-hub-pour-accelerer-la-transformation-des-entreprises-vers-ia-agentique\/\" class=\"anchorWrapper\">\n\t\t\t\t\t\t\t\t\t<span class=\"box-tag\"><span>Partenariats<\/span><\/span>\n\t\t\t\t\t\t\t\t\t<div class=\"box-title\"><h3 class=\"box-subtitle\">Capgemini d\u00e9voile le Google Cloud AI Enterprise Hub pour acc\u00e9l\u00e9rer la transformation des entreprises gr\u00e2ce \u00e0 l\u2019IA agentique<\/h3><\/div>\n\t\t\t\t\t\t\t\t\t<div class=\"box-date\">\n\t\t\t\t\t\t\t\t\t\t<span>Apr 23, 2026<\/span>\n\t\t\t\t\t\t\t\t\t<\/div>\n\t\t\t\t\t\t\t\t\t<div class=\"box-bottom\">\n\t\t\t\t\t\t\t\t\t\t&lt;a class=&quot;link-download&quot; href=&quot;https:\/\/www.capgemini.com\/wp-content\/uploads\/2026\/04\/04_23_Capgemini-news-alert_Google-Cloud-AI-Enterprise-Hub.pdf&quot; aria-label=&quot;T\u00e9l\u00e9charger le communiqu\u00e9 de presse&quot; target=&quot;_blank&quot;  type=&quot;download&quot; title=&quot;Opens in a new window&quot;&gt;\n\t\t\t\t\t\t\t&lt;span&gt;T\u00e9l\u00e9charger le communiqu\u00e9 de presse&lt;\/span&gt;\n\t\t\t\t\t\t\t&lt;span&gt;143 KB PDF&lt;\/span&gt;\n\t\t\t\t\t\t&lt;\/a&gt;\n\t\t\t\t\t\t\t\t\t\t<a class=\"more\" aria-label=\"Lire la suite Capgemini d\u00e9voile le Google Cloud AI Enterprise Hub pour acc\u00e9l\u00e9rer la transformation des entreprises gr\u00e2ce \u00e0 l\u2019IA agentique\" href=\"https:\/\/www.capgemini.com\/fr-fr\/actualites\/communiques-de-presse\/capgemini-devoile-le-google-cloud-ai-enterprise-hub-pour-accelerer-la-transformation-des-entreprises-vers-ia-agentique\/\">Lire la suite<\/a>\n\t\t\t\t\t\t\t\t\t<\/div>\n\t\t\t\t\t\t\t\t<\/a>\n\t\t\t\t\t\t\t<\/div>\n\t\t\t\t\t\t<\/div><div class=\"col-lg-4 col-md-6 col-xs-12\">\n\t\t\t\t\t\t\t<div class=\"box\">\n\t\t\t\t\t\t\t\t<a aria-label=\"Lire la suite La r\u00e9industrialisation entre dans une phase plus s\u00e9lective et strat\u00e9gique en Europe et aux \u00c9tats Unis\" href=\"https:\/\/www.capgemini.com\/fr-fr\/actualites\/communiques-de-presse\/la-reindustrialisation-entre-dans-une-phase-plus-selective-et-strategique-en-europe-et-aux-etats-unis\/\" class=\"anchorWrapper\">\n\t\t\t\t\t\t\t\t\t<span class=\"box-tag\"><span>Publications<\/span><\/span>\n\t\t\t\t\t\t\t\t\t<div class=\"box-title\"><h3 class=\"box-subtitle\">La r\u00e9industrialisation entre dans une phase plus s\u00e9lective et strat\u00e9gique en Europe et aux \u00c9tats Unis<\/h3><\/div>\n\t\t\t\t\t\t\t\t\t<div class=\"box-date\">\n\t\t\t\t\t\t\t\t\t\t<span>Apr 20, 2026<\/span>\n\t\t\t\t\t\t\t\t\t<\/div>\n\t\t\t\t\t\t\t\t\t<div class=\"box-bottom\">\n\t\t\t\t\t\t\t\t\t\t&lt;a class=&quot;link-download&quot; href=&quot;https:\/\/www.capgemini.com\/fr-fr\/wp-content\/uploads\/sites\/6\/2026\/04\/2026_04_20_Capgemini_Reindustrialisation-of-Europe-and-the-US-report_3rd-edition_press-release_FR.pdf&quot; aria-label=&quot;T\u00e9l\u00e9charger le communiqu\u00e9 de presse&quot; target=&quot;_blank&quot;  type=&quot;download&quot; title=&quot;Opens in a new window&quot;&gt;\n\t\t\t\t\t\t\t&lt;span&gt;T\u00e9l\u00e9charger le communiqu\u00e9 de presse&lt;\/span&gt;\n\t\t\t\t\t\t\t&lt;span&gt;163 KB PDF&lt;\/span&gt;\n\t\t\t\t\t\t&lt;\/a&gt;\n\t\t\t\t\t\t\t\t\t\t<a class=\"more\" aria-label=\"Lire la suite La r\u00e9industrialisation entre dans une phase plus s\u00e9lective et strat\u00e9gique en Europe et aux \u00c9tats Unis\" href=\"https:\/\/www.capgemini.com\/fr-fr\/actualites\/communiques-de-presse\/la-reindustrialisation-entre-dans-une-phase-plus-selective-et-strategique-en-europe-et-aux-etats-unis\/\">Lire la suite<\/a>\n\t\t\t\t\t\t\t\t\t<\/div>\n\t\t\t\t\t\t\t\t<\/a>\n\t\t\t\t\t\t\t<\/div>\n\t\t\t\t\t\t<\/div><div class=\"col-lg-4 col-md-6 col-xs-12\">\n\t\t\t\t\t\t\t<div class=\"box\">\n\t\t\t\t\t\t\t\t<a aria-label=\"Lire la suite Deux tiers des organisations consid\u00e8rent l\u2019IA physique comme une priorit\u00e9 majeure pour les trois \u00e0 cinq prochaines ann\u00e9es\" href=\"https:\/\/www.capgemini.com\/fr-fr\/actualites\/communiques-de-presse\/deux-tiers-des-organisations-considerent-lia-physique-comme-une-priorite-majeure-pour-les-trois-a-cinq-prochaines-annees\/\" class=\"anchorWrapper\">\n\t\t\t\t\t\t\t\t\t<span class=\"box-tag\"><span>Publications<\/span><\/span>\n\t\t\t\t\t\t\t\t\t<div class=\"box-title\"><h3 class=\"box-subtitle\">Deux tiers des organisations consid\u00e8rent l\u2019IA physique comme une priorit\u00e9 majeure pour les trois \u00e0 cinq prochaines ann\u00e9es<\/h3><\/div>\n\t\t\t\t\t\t\t\t\t<div class=\"box-date\">\n\t\t\t\t\t\t\t\t\t\t<span>Apr 16, 2026<\/span>\n\t\t\t\t\t\t\t\t\t<\/div>\n\t\t\t\t\t\t\t\t\t<div class=\"box-bottom\">\n\t\t\t\t\t\t\t\t\t\t&lt;a class=&quot;link-download&quot; href=&quot;https:\/\/www.capgemini.com\/fr-fr\/wp-content\/uploads\/sites\/6\/2026\/04\/04_16_Physical-AI-CRI-report-press-release-FR.pdf&quot; aria-label=&quot;T\u00e9l\u00e9charger le communiqu\u00e9 de presse&quot; target=&quot;_blank&quot;  type=&quot;download&quot; title=&quot;Opens in a new window&quot;&gt;\n\t\t\t\t\t\t\t&lt;span&gt;T\u00e9l\u00e9charger le communiqu\u00e9 de presse&lt;\/span&gt;\n\t\t\t\t\t\t\t&lt;span&gt;196 KB PDF&lt;\/span&gt;\n\t\t\t\t\t\t&lt;\/a&gt;\n\t\t\t\t\t\t\t\t\t\t<a class=\"more\" aria-label=\"Lire la suite Deux tiers des organisations consid\u00e8rent l\u2019IA physique comme une priorit\u00e9 majeure pour les trois \u00e0 cinq prochaines ann\u00e9es\" href=\"https:\/\/www.capgemini.com\/fr-fr\/actualites\/communiques-de-presse\/deux-tiers-des-organisations-considerent-lia-physique-comme-une-priorite-majeure-pour-les-trois-a-cinq-prochaines-annees\/\">Lire la suite<\/a>\n\t\t\t\t\t\t\t\t\t<\/div>\n\t\t\t\t\t\t\t\t<\/a>\n\t\t\t\t\t\t\t<\/div>\n\t\t\t\t\t\t<\/div><\/div><\/div><\/section><\/div>","protected":false},"excerpt":{"rendered":"","protected":false},"author":103,"featured_media":0,"template":"","meta":{"cg_dt_proposed_to":[],"cg_seo_hreflang_relations":"[]","cg_seo_canonical_relation":"{\"uuid\":\"6abd7a7b-02cb-4234-b6f4-ed1cc6108637\",\"blogId\":\"\",\"domain\":\"\",\"sitePath\":\"\",\"postLink\":\"\",\"postId\":null,\"isSaved\":true,\"isCrossLink\":false,\"hasCrossLink\":false}","cg_seo_hreflang_x_default_relation":"{\"uuid\":\"ef27eb39-9f55-4c79-815a-c471bf44320d\",\"blogId\":\"\",\"domain\":\"\",\"sitePath\":\"\",\"postLink\":\"\",\"postId\":null,\"isSaved\":true,\"isCrossLink\":false,\"hasCrossLink\":false}","cg_dt_approved_content":true,"cg_dt_mandatory_content":false,"cg_dt_notes":"","cg_dg_source_changed":false,"cg_dt_link_disabled":false,"footnotes":"","related_resource_url":"https:\/\/www.capgemini.com\/fr-fr\/wp-content\/uploads\/sites\/6\/2022\/04\/2019_03_20_Capgemini_Composition_Conseil_Administration.pdf","related_resource_id":664939,"related_resource_size":"98 KB","related_resource_type":"pdf","cg_author":0,"featured_focal_points":""},"tags":[],"press-release-type":[],"brand":[],"class_list":["post-664937","press-release","type-press-release","status-publish","hentry"],"yoast_head":"<!-- This site is optimized with the Yoast SEO Premium plugin v22.8 (Yoast SEO v22.8) - https:\/\/yoast.com\/wordpress\/plugins\/seo\/ -->\n<title>Evolutions dans la composition du Conseil d\u2019Administration en vue de l\u2019Assembl\u00e9e G\u00e9n\u00e9rale 2019 - Capgemini France<\/title>\n<meta name=\"robots\" content=\"index, follow, max-snippet:-1, max-image-preview:large, max-video-preview:-1\" \/>\n<link rel=\"canonical\" href=\"https:\/\/www.capgemini.com\/fr-fr\/actualites\/communiques-de-presse\/evolutions-dans-la-composition-du-conseil-dadministration-en-vue-de-lassemblee-generale-2019\/\" \/>\n<meta property=\"og:locale\" content=\"fr_FR\" \/>\n<meta property=\"og:type\" content=\"article\" \/>\n<meta property=\"og:title\" content=\"Evolutions dans la composition du Conseil d\u2019Administration en vue de l\u2019Assembl\u00e9e G\u00e9n\u00e9rale 2019\" \/>\n<meta property=\"og:url\" content=\"https:\/\/www.capgemini.com\/fr-fr\/actualites\/communiques-de-presse\/evolutions-dans-la-composition-du-conseil-dadministration-en-vue-de-lassemblee-generale-2019\/\" \/>\n<meta property=\"og:site_name\" content=\"Capgemini France\" \/>\n<meta property=\"article:modified_time\" content=\"2025-03-05T03:30:31+00:00\" \/>\n<meta property=\"og:image\" content=\"https:\/\/www.capgemini.com\/fr-fr\/wp-content\/uploads\/sites\/6\/2025\/10\/image-1.jpg\" \/>\n\t<meta property=\"og:image:width\" content=\"1200\" \/>\n\t<meta property=\"og:image:height\" content=\"627\" \/>\n\t<meta property=\"og:image:type\" content=\"image\/jpeg\" \/>\n<meta name=\"twitter:card\" content=\"summary_large_image\" \/>\n<script type=\"application\/ld+json\" class=\"yoast-schema-graph\">{\"@context\":\"https:\/\/schema.org\",\"@graph\":[{\"@type\":\"WebPage\",\"@id\":\"https:\/\/www.capgemini.com\/fr-fr\/actualites\/communiques-de-presse\/evolutions-dans-la-composition-du-conseil-dadministration-en-vue-de-lassemblee-generale-2019\/\",\"url\":\"https:\/\/www.capgemini.com\/fr-fr\/actualites\/communiques-de-presse\/evolutions-dans-la-composition-du-conseil-dadministration-en-vue-de-lassemblee-generale-2019\/\",\"name\":\"Evolutions dans la composition du Conseil d\u2019Administration en vue de l\u2019Assembl\u00e9e G\u00e9n\u00e9rale 2019 - Capgemini France\",\"isPartOf\":{\"@id\":\"https:\/\/www.capgemini.com\/fr-fr\/#website\"},\"datePublished\":\"2019-03-20T09:49:00+00:00\",\"dateModified\":\"2025-03-05T03:30:31+00:00\",\"breadcrumb\":{\"@id\":\"https:\/\/www.capgemini.com\/fr-fr\/actualites\/communiques-de-presse\/evolutions-dans-la-composition-du-conseil-dadministration-en-vue-de-lassemblee-generale-2019\/#breadcrumb\"},\"inLanguage\":\"fr-FR\",\"potentialAction\":[{\"@type\":\"ReadAction\",\"target\":[\"https:\/\/www.capgemini.com\/fr-fr\/actualites\/communiques-de-presse\/evolutions-dans-la-composition-du-conseil-dadministration-en-vue-de-lassemblee-generale-2019\/\"]}]},{\"@type\":\"BreadcrumbList\",\"@id\":\"https:\/\/www.capgemini.com\/fr-fr\/actualites\/communiques-de-presse\/evolutions-dans-la-composition-du-conseil-dadministration-en-vue-de-lassemblee-generale-2019\/#breadcrumb\",\"itemListElement\":[{\"@type\":\"ListItem\",\"position\":1,\"name\":\"Press Releases\",\"item\":\"https:\/\/www.capgemini.com\/fr-fr\/news\/\"},{\"@type\":\"ListItem\",\"position\":2,\"name\":\"Evolutions dans la composition du Conseil d\u2019Administration en vue de l\u2019Assembl\u00e9e G\u00e9n\u00e9rale 2019\"}]},{\"@type\":\"WebSite\",\"@id\":\"https:\/\/www.capgemini.com\/fr-fr\/#website\",\"url\":\"https:\/\/www.capgemini.com\/fr-fr\/\",\"name\":\"Capgemini France\",\"description\":\"Just another www.capgemini.com site\",\"publisher\":{\"@id\":\"https:\/\/www.capgemini.com\/fr-fr\/#organization\"},\"potentialAction\":[{\"@type\":\"SearchAction\",\"target\":{\"@type\":\"EntryPoint\",\"urlTemplate\":\"https:\/\/www.capgemini.com\/fr-fr\/?s={search_term_string}\"},\"query-input\":\"required name=search_term_string\"}],\"inLanguage\":\"fr-FR\"},{\"@type\":\"Organization\",\"@id\":\"https:\/\/www.capgemini.com\/fr-fr\/#organization\",\"name\":\"Capgemini France\",\"url\":\"https:\/\/www.capgemini.com\/fr-fr\/\",\"logo\":{\"@type\":\"ImageObject\",\"inLanguage\":\"fr-FR\",\"@id\":\"https:\/\/www.capgemini.com\/fr-fr\/#\/schema\/logo\/image\/\",\"url\":\"https:\/\/www.capgemini.com\/fr-fr\/wp-content\/uploads\/sites\/6\/2022\/08\/Logo-Capgemini.png\",\"contentUrl\":\"https:\/\/www.capgemini.com\/fr-fr\/wp-content\/uploads\/sites\/6\/2022\/08\/Logo-Capgemini.png\",\"width\":202,\"height\":60,\"caption\":\"Capgemini France\"},\"image\":{\"@id\":\"https:\/\/www.capgemini.com\/fr-fr\/#\/schema\/logo\/image\/\"}}]}<\/script>\n<!-- \/ Yoast SEO Premium plugin. -->","yoast_head_json":{"title":"Evolutions dans la composition du Conseil d\u2019Administration en vue de l\u2019Assembl\u00e9e G\u00e9n\u00e9rale 2019 - Capgemini France","robots":{"index":"index","follow":"follow","max-snippet":"max-snippet:-1","max-image-preview":"max-image-preview:large","max-video-preview":"max-video-preview:-1"},"canonical":"https:\/\/www.capgemini.com\/fr-fr\/actualites\/communiques-de-presse\/evolutions-dans-la-composition-du-conseil-dadministration-en-vue-de-lassemblee-generale-2019\/","og_locale":"fr_FR","og_type":"article","og_title":"Evolutions dans la composition du Conseil d\u2019Administration en vue de l\u2019Assembl\u00e9e G\u00e9n\u00e9rale 2019","og_url":"https:\/\/www.capgemini.com\/fr-fr\/actualites\/communiques-de-presse\/evolutions-dans-la-composition-du-conseil-dadministration-en-vue-de-lassemblee-generale-2019\/","og_site_name":"Capgemini France","article_modified_time":"2025-03-05T03:30:31+00:00","og_image":[{"width":1200,"height":627,"url":"https:\/\/www.capgemini.com\/fr-fr\/wp-content\/uploads\/sites\/6\/2025\/10\/image-1.jpg","type":"image\/jpeg"}],"twitter_card":"summary_large_image","schema":{"@context":"https:\/\/schema.org","@graph":[{"@type":"WebPage","@id":"https:\/\/www.capgemini.com\/fr-fr\/actualites\/communiques-de-presse\/evolutions-dans-la-composition-du-conseil-dadministration-en-vue-de-lassemblee-generale-2019\/","url":"https:\/\/www.capgemini.com\/fr-fr\/actualites\/communiques-de-presse\/evolutions-dans-la-composition-du-conseil-dadministration-en-vue-de-lassemblee-generale-2019\/","name":"Evolutions dans la composition du Conseil d\u2019Administration en vue de l\u2019Assembl\u00e9e G\u00e9n\u00e9rale 2019 - Capgemini France","isPartOf":{"@id":"https:\/\/www.capgemini.com\/fr-fr\/#website"},"datePublished":"2019-03-20T09:49:00+00:00","dateModified":"2025-03-05T03:30:31+00:00","breadcrumb":{"@id":"https:\/\/www.capgemini.com\/fr-fr\/actualites\/communiques-de-presse\/evolutions-dans-la-composition-du-conseil-dadministration-en-vue-de-lassemblee-generale-2019\/#breadcrumb"},"inLanguage":"fr-FR","potentialAction":[{"@type":"ReadAction","target":["https:\/\/www.capgemini.com\/fr-fr\/actualites\/communiques-de-presse\/evolutions-dans-la-composition-du-conseil-dadministration-en-vue-de-lassemblee-generale-2019\/"]}]},{"@type":"BreadcrumbList","@id":"https:\/\/www.capgemini.com\/fr-fr\/actualites\/communiques-de-presse\/evolutions-dans-la-composition-du-conseil-dadministration-en-vue-de-lassemblee-generale-2019\/#breadcrumb","itemListElement":[{"@type":"ListItem","position":1,"name":"Press Releases","item":"https:\/\/www.capgemini.com\/fr-fr\/news\/"},{"@type":"ListItem","position":2,"name":"Evolutions dans la composition du Conseil d\u2019Administration en vue de l\u2019Assembl\u00e9e G\u00e9n\u00e9rale 2019"}]},{"@type":"WebSite","@id":"https:\/\/www.capgemini.com\/fr-fr\/#website","url":"https:\/\/www.capgemini.com\/fr-fr\/","name":"Capgemini France","description":"Just another www.capgemini.com site","publisher":{"@id":"https:\/\/www.capgemini.com\/fr-fr\/#organization"},"potentialAction":[{"@type":"SearchAction","target":{"@type":"EntryPoint","urlTemplate":"https:\/\/www.capgemini.com\/fr-fr\/?s={search_term_string}"},"query-input":"required name=search_term_string"}],"inLanguage":"fr-FR"},{"@type":"Organization","@id":"https:\/\/www.capgemini.com\/fr-fr\/#organization","name":"Capgemini France","url":"https:\/\/www.capgemini.com\/fr-fr\/","logo":{"@type":"ImageObject","inLanguage":"fr-FR","@id":"https:\/\/www.capgemini.com\/fr-fr\/#\/schema\/logo\/image\/","url":"https:\/\/www.capgemini.com\/fr-fr\/wp-content\/uploads\/sites\/6\/2022\/08\/Logo-Capgemini.png","contentUrl":"https:\/\/www.capgemini.com\/fr-fr\/wp-content\/uploads\/sites\/6\/2022\/08\/Logo-Capgemini.png","width":202,"height":60,"caption":"Capgemini France"},"image":{"@id":"https:\/\/www.capgemini.com\/fr-fr\/#\/schema\/logo\/image\/"}}]}},"parsely":{"version":"1.1.0","canonical_url":"https:\/\/capgemini.com\/fr-fr\/actualites\/communiques-de-presse\/evolutions-dans-la-composition-du-conseil-dadministration-en-vue-de-lassemblee-generale-2019\/","smart_links":{"inbound":0,"outbound":0},"traffic_boost_suggestions_count":0,"meta":{"@context":"https:\/\/schema.org","@type":"NewsArticle","headline":"Evolutions dans la composition du Conseil d\u2019Administration en vue de l\u2019Assembl\u00e9e G\u00e9n\u00e9rale 2019","url":"https:\/\/www.capgemini.com\/fr-fr\/actualites\/communiques-de-presse\/evolutions-dans-la-composition-du-conseil-dadministration-en-vue-de-lassemblee-generale-2019\/","mainEntityOfPage":{"@type":"WebPage","@id":"https:\/\/www.capgemini.com\/fr-fr\/actualites\/communiques-de-presse\/evolutions-dans-la-composition-du-conseil-dadministration-en-vue-de-lassemblee-generale-2019\/"},"thumbnailUrl":"","image":{"@type":"ImageObject","url":""},"articleSection":"Uncategorized","author":[],"creator":[],"publisher":{"@type":"Organization","name":"Capgemini France","logo":""},"keywords":[],"dateCreated":"2019-03-20T09:49:00Z","datePublished":"2019-03-20T09:49:00Z","dateModified":"2025-03-05T03:30:31Z"},"rendered":"<meta name=\"parsely-title\" content=\"Evolutions dans la composition du Conseil d\u2019Administration en vue de l\u2019Assembl\u00e9e G\u00e9n\u00e9rale 2019\" \/>\n<meta name=\"parsely-link\" content=\"https:\/\/www.capgemini.com\/fr-fr\/actualites\/communiques-de-presse\/evolutions-dans-la-composition-du-conseil-dadministration-en-vue-de-lassemblee-generale-2019\/\" \/>\n<meta name=\"parsely-type\" content=\"post\" \/>\n<meta name=\"parsely-pub-date\" content=\"2019-03-20T09:49:00Z\" \/>\n<meta name=\"parsely-section\" content=\"Uncategorized\" \/>","tracker_url":"https:\/\/cdn.parsely.com\/keys\/capgemini.com\/p.js"},"archive_status":false,"featured_image_src":"https:\/\/www.capgemini.com\/fr-fr\/wp-content\/themes\/capgemini2025\/assets\/images\/mockup.png","featured_image_alt":false,"jetpack_sharing_enabled":true,"distributor_meta":false,"distributor_terms":false,"distributor_media":false,"distributor_original_site_name":"Capgemini France","distributor_original_site_url":"https:\/\/www.capgemini.com\/fr-fr","push-errors":false,"tag_names":[],"_links":{"self":[{"href":"https:\/\/www.capgemini.com\/fr-fr\/wp-json\/wp\/v2\/press-release\/664937","targetHints":{"allow":["GET"]}}],"collection":[{"href":"https:\/\/www.capgemini.com\/fr-fr\/wp-json\/wp\/v2\/press-release"}],"about":[{"href":"https:\/\/www.capgemini.com\/fr-fr\/wp-json\/wp\/v2\/types\/press-release"}],"author":[{"embeddable":true,"href":"https:\/\/www.capgemini.com\/fr-fr\/wp-json\/wp\/v2\/users\/103"}],"version-history":[{"count":6,"href":"https:\/\/www.capgemini.com\/fr-fr\/wp-json\/wp\/v2\/press-release\/664937\/revisions"}],"predecessor-version":[{"id":778290,"href":"https:\/\/www.capgemini.com\/fr-fr\/wp-json\/wp\/v2\/press-release\/664937\/revisions\/778290"}],"wp:attachment":[{"href":"https:\/\/www.capgemini.com\/fr-fr\/wp-json\/wp\/v2\/media?parent=664937"}],"wp:term":[{"taxonomy":"post_tag","embeddable":true,"href":"https:\/\/www.capgemini.com\/fr-fr\/wp-json\/wp\/v2\/tags?post=664937"},{"taxonomy":"press-release-type","embeddable":true,"href":"https:\/\/www.capgemini.com\/fr-fr\/wp-json\/wp\/v2\/press-release-type?post=664937"},{"taxonomy":"brand","embeddable":true,"href":"https:\/\/www.capgemini.com\/fr-fr\/wp-json\/wp\/v2\/brand?post=664937"}],"curies":[{"name":"wp","href":"https:\/\/api.w.org\/{rel}","templated":true}]}}