{"id":664845,"date":"2019-10-15T09:21:00","date_gmt":"2019-10-15T09:21:00","guid":{"rendered":"https:\/\/www.capgemini.com\/fr-fr\/?post_type=press-release&#038;p=664845"},"modified":"2025-03-05T04:08:57","modified_gmt":"2025-03-05T03:08:57","slug":"ouverture-le-16-octobre-2019-de-loffre-publique-dachat-amicale-de-capgemini-sur-altran-au-prix-de-14-euros-par-action","status":"publish","type":"press-release","link":"https:\/\/www.capgemini.com\/fr-fr\/actualites\/communiques-de-presse\/ouverture-le-16-octobre-2019-de-loffre-publique-dachat-amicale-de-capgemini-sur-altran-au-prix-de-14-euros-par-action\/","title":{"rendered":"Ouverture le 16 octobre 2019 de l\u2019offre publique d\u2019achat amicale de Capgemini sur Altran au prix de 14 euros par action"},"content":{"rendered":"\t\t<div class=\"wp-block-cg-blocks-hero-press-release\">\n\t\t\t<header class=\"header-hero-press-release\" role=\"main\" id=\"main-content-press-release\">\n\t\t\t\t<div class=\"container\">\n\t\t\t\t\t<div class=\"hero-press-release\">\n\t\t\t\t\t\t<div class=\"hero-press-release-content-wrapper\">\n\t\t\t\t\t\t\t<div class=\"row\">\n\t\t\t\t\t\t\t\t<div class=\"col-12\">\n\t\t\t\t\t\t\t\t\t<div class=\"header-title\">\n\t\t\t\t\t\t\t\t\t\t<h1>\n\t\t\t\t\t\t\t\t\t\t\tOuverture le 16 octobre 2019 de l\u2019offre publique d\u2019achat amicale de Capgemini sur Altran au prix de 14 euros par action\t\t\t\t\t\t\t\t\t\t<\/h1>\n\t\t\t\t\t\t\t\t\t<\/div>\n\t\t\t\t\t\t\t\t\t<div class=\"header-description\">\n\t\t\t\t\t\t\t\t\t\t<p><\/p>\n\t\t\t\t\t\t\t\t\t<\/div>\n\t\t\t\t\t\t\t\t\t\t\t\t\t\t\t\t\t\t<div class=\"header-date\">\n\t\t\t\t\t\t\t\t\t\t<span>oct. 15, 2019<\/span>\n\t\t\t\t\t\t\t\t\t<\/div>\n\t\t\t\t\t\t\t\t<\/div>\n\t\t\t\t\t\t\t<\/div>\n\t\t\t\t\t\t<\/div>\n\t\t\t\t\t\t\t\t\t\t\t\t\t<div class=\"hero-press-release-downloads\">\n\t\t\t\t\t\t\t\t<div class=\"row\">\n\t\t\t\t\t\t\t\t\t\t\t\t\t\t\t\t\t\t\t<div class=\"col-12 col-md-6 col-lg-3\">\n\t\t\t\t\t\t\t\t\t\t\t<a class=\"download-item\" type=\"download\" href=\"https:\/\/www.capgemini.com\/fr-fr\/wp-content\/uploads\/sites\/6\/2022\/04\/Capgemini_-_2019-10-15_-_Ouverture_le_16_octobre_2019_de_l_OPA_amicale_sur_Altran.pdf\" target=\"_blank\" rel=\"noopener noreferrer\" title=\"Ouvrir dans une nouvelle fen\u00eatre\">\n\t\t\t\t\t\t\t\t\t\t\t\t<div class=\"download-icon\"><\/div>\n\t\t\t\t\t\t\t\t\t\t\t\t<div class=\"download-details\">\n\t\t\t\t\t\t\t\t\t\t\t\t\t<div class=\"download-title\">Download press release<\/div>\n\t\t\t\t\t\t\t\t\t\t\t\t\t<div class=\"download-props\">131 KB  pdf<\/div>\n\t\t\t\t\t\t\t\t\t\t\t\t<\/div>\n\t\t\t\t\t\t\t\t\t\t\t<\/a>\n\t\t\t\t\t\t\t\t\t\t<\/div>\n\t\t\t\t\t\t\t\t\t\t\t\t\t\t\t\t\t\t<\/div>\n\t\t\t\t\t\t\t<\/div>\n\t\t\t\t\t\t\t\t\t\t\t\t\t\t\t\t\t<\/div>\n\t\t\t\t<\/div>\n\t\t\t<\/header>\n\t\t<\/div>\n\t\t\n\n\n<section class=\"wp-block-cg-blocks-intro-para undefined section section--intro\"><div class=\"intro-para\"><div class=\"container\"><div class=\"row\"><div class=\"col-12 col-md-1\"><nav class=\"article-social\"><ul class=\"social-nav\"><li class=\"ip-order-fb\"><a href=\"https:\/\/www.facebook.com\/sharer\/sharer.php?u=https:\/\/www.capgemini.com\/fr-fr\/actualites\/communiques-de-presse\/ouverture-le-16-octobre-2019-de-loffre-publique-dachat-amicale-de-capgemini-sur-altran-au-prix-de-14-euros-par-action\/\" target=\"_blank\" rel=\"noopener noreferrer\" title=\"Ouvrir dans une nouvelle fen\u00eatre\"><i aria-hidden=\"true\" class=\"icon-fb\"><\/i><span class=\"sr-only\">Facebook<\/span><\/a><\/li><li class=\"ip-order-li\"><a href=\"https:\/\/www.linkedin.com\/sharing\/share-offsite\/?url=https:\/\/www.capgemini.com\/fr-fr\/actualites\/communiques-de-presse\/ouverture-le-16-octobre-2019-de-loffre-publique-dachat-amicale-de-capgemini-sur-altran-au-prix-de-14-euros-par-action\/\" target=\"_blank\" rel=\"noopener noreferrer\" title=\"Ouvrir dans une nouvelle fen\u00eatre\"><i aria-hidden=\"true\" class=\"icon-li\"><\/i><span class=\"sr-only\">Linkedin<\/span><\/a><\/li><\/ul><\/nav><\/div><div class=\"col-12 col-md-11 col-lg-10\"><h2 class=\"intro-para-title\">Paris, le 15 octobre 2019 \u2013 \u00c0 compter du 16 octobre 2019, les actionnaires d\u2019Altran Technologies (Euronext Paris&amp;nbsp;: ALT) pourront apporter leurs actions \u00e0 l\u2019offre publique d\u2019achat amicale initi\u00e9e par Capgemini (Euronext Paris&amp;nbsp;: CAP).<\/h2><\/div><\/div><\/div><\/div><\/section>\n\n\n\n<section class=\"wp-block-cg-blocks-group undefined section section--article-content\"><div class=\"article-main-content\"><div class=\"container\"><div class=\"row\"><div class=\"col-12 col-md-11 col-lg-10 offset-md-1 offset-lg-1\"><div class=\"article-text article-quote-text\">\n<blockquote class=\"wp-block-quote is-layout-flow wp-block-quote-is-layout-flow\">\n<p><strong>Une offre amicale, en vue de cr\u00e9er un leader mondial de la transformation digitale des entreprises industrielles et de technologie<\/strong><\/p>\n<\/blockquote>\n\n\n\n<p>Le projet de rapprochement, <a href=\"https:\/\/www.capgemini.com\/fr-fr\/news\/capgemini-et-altran-creent-un-leader-mondial-de-la-transformation-digitale-des-entreprises-industrielles-et-technologiques\/\">annonc\u00e9 le 24 juin 2019<\/a>, donnera naissance \u00e0 un groupe de 17&nbsp;milliards d\u2019euros de chiffre d\u2019affaires<a href=\"#_ftn1\"><sup>[1]<\/sup><\/a> comptant plus de 265 000 collaborateurs. Ce nouvel ensemble b\u00e9n\u00e9ficiera d\u2019un positionnement unique sur le secteur particuli\u00e8rement prometteur de l\u2019\u00ab Intelligent Industry&nbsp;\u00bb.<\/p>\n\n\n\n<p>L\u2019Autorit\u00e9 des march\u00e9s financiers (AMF) a d\u00e9clar\u00e9 l\u2019offre publique d\u2019achat conforme le 14 octobre 2019, et a le m\u00eame jour appos\u00e9 son visa sur la note d\u2019information de Capgemini et sur la note en r\u00e9ponse d\u2019Altran. Les documents d\u00e9taillant les autres informations relatives aux caract\u00e9ristiques notamment juridiques, financi\u00e8res et comptables de Capgemini et d\u2019Altran ont \u00e9t\u00e9 d\u00e9pos\u00e9s aupr\u00e8s de l\u2019AMF et diffus\u00e9s le 15 octobre 2019 conform\u00e9ment \u00e0 l\u2019article 231-28 du r\u00e8glement g\u00e9n\u00e9ral de l\u2019AMF.<\/p>\n\n\n\n<p><strong>Une offre recommand\u00e9e par le conseil d\u2019administration d\u2019Altran<\/strong><\/p>\n\n\n\n<p>Le conseil d\u2019administration d\u2019Altran r\u00e9uni le 22 septembre 2019 a consid\u00e9r\u00e9 que l\u2019offre publique d\u2019achat amicale est conforme aux int\u00e9r\u00eats d\u2019Altran, de ses actionnaires et de ses salari\u00e9s, et a recommand\u00e9 aux actionnaires d\u2019Altran d\u2019apporter leurs actions \u00e0 l\u2019offre. Cet avis motiv\u00e9 a \u00e9t\u00e9 rendu notamment apr\u00e8s avoir pris connaissance du rapport de l\u2019expert ind\u00e9pendant, le cabinet Finexsi, d\u00e9sign\u00e9 conform\u00e9ment \u00e0 la r\u00e9glementation.<\/p>\n\n\n\n<p><strong>Un prix de 14 euros par action repr\u00e9sentant une prime de 33%<\/strong><\/p>\n\n\n\n<p>Le prix par action offert repr\u00e9sente<a href=\"#_ftn2\"><sup>[2]<\/sup><\/a> une prime de 33 % par rapport \u00e0 la moyenne des cours de l\u2019action Altran pond\u00e9r\u00e9e par les volumes sur les 3 mois pr\u00e9c\u00e9dant l\u2019annonce<a href=\"#_ftn3\"><sup>[3]<\/sup><\/a>. L\u2019expert ind\u00e9pendant a relev\u00e9 que le prix offert de 14 euros par action fait ressortir une prime par rapport \u00e0 l\u2019ensemble des crit\u00e8res d\u2019\u00e9valuation retenus \u00e0 titre principal et donc sur \u00ab la pleine valeur de la soci\u00e9t\u00e9 Altran, sans int\u00e9grer les risques d\u2019ex\u00e9cution&nbsp;\u00bb. L\u2019expert a ainsi estim\u00e9 ce prix \u00e9quitable d\u2019un point de vue financier pour les actionnaires d\u2019Altran.<\/p>\n\n\n\n<p><strong>Calendrier<\/strong><\/p>\n\n\n\n<p>La date de cl\u00f4ture de l\u2019offre sera fix\u00e9e par l\u2019AMF apr\u00e8s obtention par Capgemini de l\u2019autorisation de la Commission europ\u00e9enne au titre du contr\u00f4le des concentrations<a href=\"#_ftn4\">[4]<\/a>.<\/p>\n\n\n\n<p><strong>Mise \u00e0 disposition des documents relatifs \u00e0 l\u2019offre<\/strong><\/p>\n\n\n\n<p>La note d\u2019information de Capgemini et la note en r\u00e9ponse d\u2019Altran, telles qu\u2019approuv\u00e9es par l\u2019AMF le 14 octobre 2019 respectivement sous le visa n\u00b0 19-489 et le visa n\u00b0 19-490, ainsi que les documents relatifs aux autres informations de chacune des soci\u00e9t\u00e9s, sont disponibles sur le site internet de l\u2019AMF (www.amf-france.org), et sur le site internet de Capgemini (www.capgemini.com\/altran) ou d\u2019Altran Technologies (www.altran.com). Ces documents peuvent \u00eatre obtenus sans frais aupr\u00e8s de Capgemini (11 rue de Tilsitt, 75017 Paris, France) ou d\u2019Altran Technologies (96 avenue Charles de Gaulle, 92200 Neuilly-sur-Seine, France), selon qu\u2019ils se rapportent \u00e0 Capgemini ou Altran Technologies.<\/p>\n\n\n\n<p><strong>Mise en place d\u2019un num\u00e9ro vert accessible depuis la France<\/strong><\/p>\n\n\n\n<p>Un num\u00e9ro vert gratuit est \u00e0 la disposition des actionnaires d\u2019Altran appelant depuis la France (ouvert du lundi au vendredi de 09h00 \u00e0 17h00)&nbsp;:<\/p>\n\n\n\n<p><strong>&nbsp; 0 800 07&nbsp;02 04<\/strong><\/p>\n\n\n\n<p><strong>INFORMATIONS IMPORTANTES<\/strong><\/p>\n\n\n\n<p>Le pr\u00e9sent communiqu\u00e9 de presse est diffus\u00e9 \u00e0 titre informatif uniquement et ne constitue pas une offre d\u2019achat, ou une sollicitation d\u2019une offre de vente, d\u2019instruments financiers Altran Technologies.<\/p>\n\n\n\n<p>Il est fortement recommand\u00e9 aux investisseurs et aux actionnaires de prendre connaissance de la documentation relative \u00e0 l\u2019offre publique d\u2019achat, qui contient les termes et conditions de l\u2019offre, ainsi que, le cas \u00e9ch\u00e9ant, de tout avenant ou ajout \u00e0 ces documents dans la mesure o\u00f9 ils contiendront des informations importantes sur Capgemini, Altran Technologies et l\u2019offre.<\/p>\n\n\n\n<p>Ce communiqu\u00e9 de presse ne doit pas \u00eatre publi\u00e9, diffus\u00e9 ou distribu\u00e9, directement ou indirectement, dans tout pays dans lequel la distribution de ces informations fait l\u2019objet de restrictions l\u00e9gales. L\u2019offre publique d\u2019achat n\u2019est pas ouverte au public dans les juridictions dans lesquelles son ouverture fait l\u2019objet de restrictions l\u00e9gales.<\/p>\n\n\n\n<p>La publication, la diffusion ou la distribution de ce communiqu\u00e9 de presse dans certains pays peut faire l\u2019objet de restrictions l\u00e9gales ou r\u00e9glementaires. Par cons\u00e9quent, les personnes situ\u00e9es dans les pays o\u00f9 ce communiqu\u00e9 est publi\u00e9, diffus\u00e9 ou distribu\u00e9 doivent s\u2019informer sur de telles restrictions et s\u2019y conformer. Capgemini et Altran Technologies d\u00e9clinent toute responsabilit\u00e9 quant \u00e0 une \u00e9ventuelle violation de ces restrictions par qui que ce soit.<\/p>\n\n\n\n<p><strong>\u00c0 propos de Capgemini<\/strong><\/p>\n\n\n\n<p>Capgemini est un leader mondial du conseil, des services informatiques et de la transformation num\u00e9rique. A la pointe de l\u2019innovation, le Groupe aide ses clients \u00e0 saisir l\u2019ensemble des opportunit\u00e9s que pr\u00e9sentent le cloud, le digital et les plateformes. Fort de 50 ans d\u2019exp\u00e9rience et d\u2019une grande expertise des diff\u00e9rents secteurs d\u2019activit\u00e9, il accompagne les entreprises et organisations dans la r\u00e9alisation de leurs ambitions, de la d\u00e9finition de leur strat\u00e9gie \u00e0 la mise en \u0153uvre de leurs op\u00e9rations. Pour Capgemini, ce sont les hommes et les femmes qui donnent toute sa valeur \u00e0 la technologie. R\u00e9solument multiculturel, le Groupe compte plus de 200 000 collaborateurs pr\u00e9sents dans plus de 40 pays. Il a r\u00e9alis\u00e9 un chiffre d\u2019affaires de 13,2 milliards d\u2019euros en 2018.<\/p>\n\n\n\n<p>Plus d\u2019informations sur <a href=\"http:\/\/www.capgemini.com\">www.capgemini.com<\/a>. <em>People matter, results count<\/em>.<\/p>\n\n\n\n<p><strong>\u00c0 propos d\u2019Altran<\/strong><\/p>\n\n\n\n<p>Altran est le leader mondial incontest\u00e9 des services d\u2019ing\u00e9nierie et de R&amp;D. Le Groupe offre \u00e0 ses clients une proposition de valeur unique pour relever leurs d\u00e9fis de transformation et d\u2019innovation. Altran accompagne ses clients, du concept \u00e0 l\u2019industrialisation, pour d\u00e9velopper les produits et les services de demain. Altran intervient depuis plus de 35 ans aupr\u00e8s des grands acteurs de nombreux secteurs : Automobile, A\u00e9ronautique, Spatial, D\u00e9fense &amp; Naval, Rail, Infrastructure &amp; Transport, Industrie &amp; Biens de consommation, Sciences de la vie, Communications, Semiconducteur &amp; Electronique, Logiciel &amp; Internet, Finance &amp; Secteur Public. L\u2019acquisition d\u2019Aricent \u00e9tend le portefeuille d\u2019expertise du Groupe dans les semiconducteurs, l\u2019exp\u00e9rience num\u00e9rique et l\u2019innovation en mati\u00e8re de conception. Altran a g\u00e9n\u00e9r\u00e9 2,9 milliards d\u2019euros de chiffre d\u2019affaires en 2018, avec pr\u00e8s de 47 000 employ\u00e9s dans plus dans 30 pays. <a href=\"http:\/\/www.altran.com\">www.altran.com<\/a><\/p>\n\n\n\n<p><a href=\"#_ftnref1\">[1]<\/a> Sur la base des objectifs de chacun des deux groupes pour l\u2019ann\u00e9e 2019.<\/p>\n\n\n\n<p><a href=\"#_ftnref2\">[2]<\/a> Corrig\u00e9 du dividende de 0,24 euro d\u00e9tach\u00e9 le 27 juin 2019.<\/p>\n\n\n\n<p><a href=\"#_ftnref3\">[3]<\/a> Cette dur\u00e9e s\u2019entend jusqu\u2019au lundi 24 juin 2019 inclus, dernier jour de cotation avant l\u2019annonce du projet d\u2019offre intervenue apr\u00e8s la cl\u00f4ture du march\u00e9.<\/p>\n\n\n\n<p><a href=\"#_ftnref4\">[4]<\/a> Cette autorisation constitue une condition suspensive \u00e0 l\u2019offre stipul\u00e9e par Capgemini conform\u00e9ment \u00e0 l\u2019article 231-11 du r\u00e8glement g\u00e9n\u00e9ral de l\u2019AMF.<\/p>\n<\/div><\/div><\/div><\/div><\/div><\/section>\n\n\n<div class=\"wp-block-cg-blocks-cg-block-related-content\"><section class=\"relatedContentBlock\"><div class=\"container\"><div class=\"row\"><div class=\"content-title col-12 col-md-8\"><h2 class=\"related-content-heading\">Related News<\/h2><\/div><\/div><div class=\"row relatedContent\"><div class=\"col-lg-4 col-md-6 col-xs-12\">\n\t\t\t\t\t\t\t<div class=\"box\">\n\t\t\t\t\t\t\t\t<a aria-label=\"Lire la suite Capgemini d\u00e9voile le Google Cloud AI Enterprise Hub pour acc\u00e9l\u00e9rer la transformation des entreprises gr\u00e2ce \u00e0 l\u2019IA agentique\" href=\"https:\/\/www.capgemini.com\/fr-fr\/actualites\/communiques-de-presse\/capgemini-devoile-le-google-cloud-ai-enterprise-hub-pour-accelerer-la-transformation-des-entreprises-vers-ia-agentique\/\" class=\"anchorWrapper\">\n\t\t\t\t\t\t\t\t\t<span class=\"box-tag\"><span>Partenariats<\/span><\/span>\n\t\t\t\t\t\t\t\t\t<div class=\"box-title\"><h3 class=\"box-subtitle\">Capgemini d\u00e9voile le Google Cloud AI Enterprise Hub pour acc\u00e9l\u00e9rer la transformation des entreprises gr\u00e2ce \u00e0 l\u2019IA agentique<\/h3><\/div>\n\t\t\t\t\t\t\t\t\t<div class=\"box-date\">\n\t\t\t\t\t\t\t\t\t\t<span>Apr 23, 2026<\/span>\n\t\t\t\t\t\t\t\t\t<\/div>\n\t\t\t\t\t\t\t\t\t<div class=\"box-bottom\">\n\t\t\t\t\t\t\t\t\t\t&lt;a class=&quot;link-download&quot; href=&quot;https:\/\/www.capgemini.com\/wp-content\/uploads\/2026\/04\/04_23_Capgemini-news-alert_Google-Cloud-AI-Enterprise-Hub.pdf&quot; aria-label=&quot;T\u00e9l\u00e9charger le communiqu\u00e9 de presse&quot; target=&quot;_blank&quot;  type=&quot;download&quot; title=&quot;Opens in a new window&quot;&gt;\n\t\t\t\t\t\t\t&lt;span&gt;T\u00e9l\u00e9charger le communiqu\u00e9 de presse&lt;\/span&gt;\n\t\t\t\t\t\t\t&lt;span&gt;143 KB PDF&lt;\/span&gt;\n\t\t\t\t\t\t&lt;\/a&gt;\n\t\t\t\t\t\t\t\t\t\t<a class=\"more\" aria-label=\"Lire la suite Capgemini d\u00e9voile le Google Cloud AI Enterprise Hub pour acc\u00e9l\u00e9rer la transformation des entreprises gr\u00e2ce \u00e0 l\u2019IA agentique\" href=\"https:\/\/www.capgemini.com\/fr-fr\/actualites\/communiques-de-presse\/capgemini-devoile-le-google-cloud-ai-enterprise-hub-pour-accelerer-la-transformation-des-entreprises-vers-ia-agentique\/\">Lire la suite<\/a>\n\t\t\t\t\t\t\t\t\t<\/div>\n\t\t\t\t\t\t\t\t<\/a>\n\t\t\t\t\t\t\t<\/div>\n\t\t\t\t\t\t<\/div><div class=\"col-lg-4 col-md-6 col-xs-12\">\n\t\t\t\t\t\t\t<div class=\"box\">\n\t\t\t\t\t\t\t\t<a aria-label=\"Lire la suite La r\u00e9industrialisation entre dans une phase plus s\u00e9lective et strat\u00e9gique en Europe et aux \u00c9tats Unis\" href=\"https:\/\/www.capgemini.com\/fr-fr\/actualites\/communiques-de-presse\/la-reindustrialisation-entre-dans-une-phase-plus-selective-et-strategique-en-europe-et-aux-etats-unis\/\" class=\"anchorWrapper\">\n\t\t\t\t\t\t\t\t\t<span class=\"box-tag\"><span>Publications<\/span><\/span>\n\t\t\t\t\t\t\t\t\t<div class=\"box-title\"><h3 class=\"box-subtitle\">La r\u00e9industrialisation entre dans une phase plus s\u00e9lective et strat\u00e9gique en Europe et aux \u00c9tats Unis<\/h3><\/div>\n\t\t\t\t\t\t\t\t\t<div class=\"box-date\">\n\t\t\t\t\t\t\t\t\t\t<span>Apr 20, 2026<\/span>\n\t\t\t\t\t\t\t\t\t<\/div>\n\t\t\t\t\t\t\t\t\t<div class=\"box-bottom\">\n\t\t\t\t\t\t\t\t\t\t&lt;a class=&quot;link-download&quot; href=&quot;https:\/\/www.capgemini.com\/fr-fr\/wp-content\/uploads\/sites\/6\/2026\/04\/2026_04_20_Capgemini_Reindustrialisation-of-Europe-and-the-US-report_3rd-edition_press-release_FR.pdf&quot; aria-label=&quot;T\u00e9l\u00e9charger le communiqu\u00e9 de presse&quot; target=&quot;_blank&quot;  type=&quot;download&quot; title=&quot;Opens in a new window&quot;&gt;\n\t\t\t\t\t\t\t&lt;span&gt;T\u00e9l\u00e9charger le communiqu\u00e9 de presse&lt;\/span&gt;\n\t\t\t\t\t\t\t&lt;span&gt;163 KB PDF&lt;\/span&gt;\n\t\t\t\t\t\t&lt;\/a&gt;\n\t\t\t\t\t\t\t\t\t\t<a class=\"more\" aria-label=\"Lire la suite La r\u00e9industrialisation entre dans une phase plus s\u00e9lective et strat\u00e9gique en Europe et aux \u00c9tats Unis\" href=\"https:\/\/www.capgemini.com\/fr-fr\/actualites\/communiques-de-presse\/la-reindustrialisation-entre-dans-une-phase-plus-selective-et-strategique-en-europe-et-aux-etats-unis\/\">Lire la suite<\/a>\n\t\t\t\t\t\t\t\t\t<\/div>\n\t\t\t\t\t\t\t\t<\/a>\n\t\t\t\t\t\t\t<\/div>\n\t\t\t\t\t\t<\/div><div class=\"col-lg-4 col-md-6 col-xs-12\">\n\t\t\t\t\t\t\t<div class=\"box\">\n\t\t\t\t\t\t\t\t<a aria-label=\"Lire la suite Deux tiers des organisations consid\u00e8rent l\u2019IA physique comme une priorit\u00e9 majeure pour les trois \u00e0 cinq prochaines ann\u00e9es\" href=\"https:\/\/www.capgemini.com\/fr-fr\/actualites\/communiques-de-presse\/deux-tiers-des-organisations-considerent-lia-physique-comme-une-priorite-majeure-pour-les-trois-a-cinq-prochaines-annees\/\" class=\"anchorWrapper\">\n\t\t\t\t\t\t\t\t\t<span class=\"box-tag\"><span>Publications<\/span><\/span>\n\t\t\t\t\t\t\t\t\t<div class=\"box-title\"><h3 class=\"box-subtitle\">Deux tiers des organisations consid\u00e8rent l\u2019IA physique comme une priorit\u00e9 majeure pour les trois \u00e0 cinq prochaines ann\u00e9es<\/h3><\/div>\n\t\t\t\t\t\t\t\t\t<div class=\"box-date\">\n\t\t\t\t\t\t\t\t\t\t<span>Apr 16, 2026<\/span>\n\t\t\t\t\t\t\t\t\t<\/div>\n\t\t\t\t\t\t\t\t\t<div class=\"box-bottom\">\n\t\t\t\t\t\t\t\t\t\t&lt;a class=&quot;link-download&quot; href=&quot;https:\/\/www.capgemini.com\/fr-fr\/wp-content\/uploads\/sites\/6\/2026\/04\/04_16_Physical-AI-CRI-report-press-release-FR.pdf&quot; aria-label=&quot;T\u00e9l\u00e9charger le communiqu\u00e9 de presse&quot; target=&quot;_blank&quot;  type=&quot;download&quot; title=&quot;Opens in a new window&quot;&gt;\n\t\t\t\t\t\t\t&lt;span&gt;T\u00e9l\u00e9charger le communiqu\u00e9 de presse&lt;\/span&gt;\n\t\t\t\t\t\t\t&lt;span&gt;196 KB PDF&lt;\/span&gt;\n\t\t\t\t\t\t&lt;\/a&gt;\n\t\t\t\t\t\t\t\t\t\t<a class=\"more\" aria-label=\"Lire la suite Deux tiers des organisations consid\u00e8rent l\u2019IA physique comme une priorit\u00e9 majeure pour les trois \u00e0 cinq prochaines ann\u00e9es\" href=\"https:\/\/www.capgemini.com\/fr-fr\/actualites\/communiques-de-presse\/deux-tiers-des-organisations-considerent-lia-physique-comme-une-priorite-majeure-pour-les-trois-a-cinq-prochaines-annees\/\">Lire la suite<\/a>\n\t\t\t\t\t\t\t\t\t<\/div>\n\t\t\t\t\t\t\t\t<\/a>\n\t\t\t\t\t\t\t<\/div>\n\t\t\t\t\t\t<\/div><\/div><\/div><\/section><\/div>","protected":false},"excerpt":{"rendered":"","protected":false},"author":103,"featured_media":0,"template":"","meta":{"cg_dt_proposed_to":[],"cg_seo_hreflang_relations":"[]","cg_seo_canonical_relation":"{\"uuid\":\"95f17c9e-820c-484c-b974-554958cc98a7\",\"blogId\":\"\",\"domain\":\"\",\"sitePath\":\"\",\"postLink\":\"\",\"postId\":null,\"isSaved\":true,\"isCrossLink\":false,\"hasCrossLink\":false}","cg_seo_hreflang_x_default_relation":"{\"uuid\":\"04e80455-9e87-440d-a573-d07300923964\",\"blogId\":\"\",\"domain\":\"\",\"sitePath\":\"\",\"postLink\":\"\",\"postId\":null,\"isSaved\":true,\"isCrossLink\":false,\"hasCrossLink\":false}","cg_dt_approved_content":true,"cg_dt_mandatory_content":false,"cg_dt_notes":"","cg_dg_source_changed":false,"cg_dt_link_disabled":false,"footnotes":"","related_resource_url":"https:\/\/www.capgemini.com\/fr-fr\/wp-content\/uploads\/sites\/6\/2022\/04\/Capgemini_-_2019-10-15_-_Ouverture_le_16_octobre_2019_de_l_OPA_amicale_sur_Altran.pdf","related_resource_id":664847,"related_resource_size":"131 KB","related_resource_type":"pdf","cg_author":0,"featured_focal_points":""},"tags":[],"press-release-type":[],"brand":[],"class_list":["post-664845","press-release","type-press-release","status-publish","hentry"],"yoast_head":"<!-- This site is optimized with the Yoast SEO Premium plugin v22.8 (Yoast SEO v22.8) - https:\/\/yoast.com\/wordpress\/plugins\/seo\/ -->\n<title>Ouverture le 16 octobre 2019 de l\u2019offre publique d\u2019achat amicale de Capgemini sur Altran au prix de 14 euros par action - Capgemini France<\/title>\n<meta name=\"robots\" content=\"index, follow, max-snippet:-1, max-image-preview:large, max-video-preview:-1\" \/>\n<link rel=\"canonical\" href=\"https:\/\/www.capgemini.com\/fr-fr\/actualites\/communiques-de-presse\/ouverture-le-16-octobre-2019-de-loffre-publique-dachat-amicale-de-capgemini-sur-altran-au-prix-de-14-euros-par-action\/\" \/>\n<meta property=\"og:locale\" content=\"fr_FR\" \/>\n<meta property=\"og:type\" content=\"article\" \/>\n<meta property=\"og:title\" content=\"Ouverture le 16 octobre 2019 de l\u2019offre publique d\u2019achat amicale de Capgemini sur Altran au prix de 14 euros par action\" \/>\n<meta property=\"og:url\" content=\"https:\/\/www.capgemini.com\/fr-fr\/actualites\/communiques-de-presse\/ouverture-le-16-octobre-2019-de-loffre-publique-dachat-amicale-de-capgemini-sur-altran-au-prix-de-14-euros-par-action\/\" \/>\n<meta property=\"og:site_name\" content=\"Capgemini France\" \/>\n<meta property=\"article:modified_time\" content=\"2025-03-05T03:08:57+00:00\" \/>\n<meta property=\"og:image\" content=\"https:\/\/www.capgemini.com\/fr-fr\/wp-content\/uploads\/sites\/6\/2025\/10\/image-1.jpg\" \/>\n\t<meta property=\"og:image:width\" content=\"1200\" \/>\n\t<meta property=\"og:image:height\" content=\"627\" \/>\n\t<meta property=\"og:image:type\" content=\"image\/jpeg\" \/>\n<meta name=\"twitter:card\" content=\"summary_large_image\" \/>\n<script type=\"application\/ld+json\" class=\"yoast-schema-graph\">{\"@context\":\"https:\/\/schema.org\",\"@graph\":[{\"@type\":\"WebPage\",\"@id\":\"https:\/\/www.capgemini.com\/fr-fr\/actualites\/communiques-de-presse\/ouverture-le-16-octobre-2019-de-loffre-publique-dachat-amicale-de-capgemini-sur-altran-au-prix-de-14-euros-par-action\/\",\"url\":\"https:\/\/www.capgemini.com\/fr-fr\/actualites\/communiques-de-presse\/ouverture-le-16-octobre-2019-de-loffre-publique-dachat-amicale-de-capgemini-sur-altran-au-prix-de-14-euros-par-action\/\",\"name\":\"Ouverture le 16 octobre 2019 de l\u2019offre publique d\u2019achat amicale de Capgemini sur Altran au prix de 14 euros par action - Capgemini France\",\"isPartOf\":{\"@id\":\"https:\/\/www.capgemini.com\/fr-fr\/#website\"},\"datePublished\":\"2019-10-15T09:21:00+00:00\",\"dateModified\":\"2025-03-05T03:08:57+00:00\",\"breadcrumb\":{\"@id\":\"https:\/\/www.capgemini.com\/fr-fr\/actualites\/communiques-de-presse\/ouverture-le-16-octobre-2019-de-loffre-publique-dachat-amicale-de-capgemini-sur-altran-au-prix-de-14-euros-par-action\/#breadcrumb\"},\"inLanguage\":\"fr-FR\",\"potentialAction\":[{\"@type\":\"ReadAction\",\"target\":[\"https:\/\/www.capgemini.com\/fr-fr\/actualites\/communiques-de-presse\/ouverture-le-16-octobre-2019-de-loffre-publique-dachat-amicale-de-capgemini-sur-altran-au-prix-de-14-euros-par-action\/\"]}]},{\"@type\":\"BreadcrumbList\",\"@id\":\"https:\/\/www.capgemini.com\/fr-fr\/actualites\/communiques-de-presse\/ouverture-le-16-octobre-2019-de-loffre-publique-dachat-amicale-de-capgemini-sur-altran-au-prix-de-14-euros-par-action\/#breadcrumb\",\"itemListElement\":[{\"@type\":\"ListItem\",\"position\":1,\"name\":\"Press Releases\",\"item\":\"https:\/\/www.capgemini.com\/fr-fr\/news\/\"},{\"@type\":\"ListItem\",\"position\":2,\"name\":\"Ouverture le 16 octobre 2019 de l\u2019offre publique d\u2019achat amicale de Capgemini sur Altran au prix de 14 euros par action\"}]},{\"@type\":\"WebSite\",\"@id\":\"https:\/\/www.capgemini.com\/fr-fr\/#website\",\"url\":\"https:\/\/www.capgemini.com\/fr-fr\/\",\"name\":\"Capgemini France\",\"description\":\"Just another www.capgemini.com site\",\"publisher\":{\"@id\":\"https:\/\/www.capgemini.com\/fr-fr\/#organization\"},\"potentialAction\":[{\"@type\":\"SearchAction\",\"target\":{\"@type\":\"EntryPoint\",\"urlTemplate\":\"https:\/\/www.capgemini.com\/fr-fr\/?s={search_term_string}\"},\"query-input\":\"required name=search_term_string\"}],\"inLanguage\":\"fr-FR\"},{\"@type\":\"Organization\",\"@id\":\"https:\/\/www.capgemini.com\/fr-fr\/#organization\",\"name\":\"Capgemini France\",\"url\":\"https:\/\/www.capgemini.com\/fr-fr\/\",\"logo\":{\"@type\":\"ImageObject\",\"inLanguage\":\"fr-FR\",\"@id\":\"https:\/\/www.capgemini.com\/fr-fr\/#\/schema\/logo\/image\/\",\"url\":\"https:\/\/www.capgemini.com\/fr-fr\/wp-content\/uploads\/sites\/6\/2022\/08\/Logo-Capgemini.png\",\"contentUrl\":\"https:\/\/www.capgemini.com\/fr-fr\/wp-content\/uploads\/sites\/6\/2022\/08\/Logo-Capgemini.png\",\"width\":202,\"height\":60,\"caption\":\"Capgemini France\"},\"image\":{\"@id\":\"https:\/\/www.capgemini.com\/fr-fr\/#\/schema\/logo\/image\/\"}}]}<\/script>\n<!-- \/ Yoast SEO Premium plugin. -->","yoast_head_json":{"title":"Ouverture le 16 octobre 2019 de l\u2019offre publique d\u2019achat amicale de Capgemini sur Altran au prix de 14 euros par action - Capgemini France","robots":{"index":"index","follow":"follow","max-snippet":"max-snippet:-1","max-image-preview":"max-image-preview:large","max-video-preview":"max-video-preview:-1"},"canonical":"https:\/\/www.capgemini.com\/fr-fr\/actualites\/communiques-de-presse\/ouverture-le-16-octobre-2019-de-loffre-publique-dachat-amicale-de-capgemini-sur-altran-au-prix-de-14-euros-par-action\/","og_locale":"fr_FR","og_type":"article","og_title":"Ouverture le 16 octobre 2019 de l\u2019offre publique d\u2019achat amicale de Capgemini sur Altran au prix de 14 euros par action","og_url":"https:\/\/www.capgemini.com\/fr-fr\/actualites\/communiques-de-presse\/ouverture-le-16-octobre-2019-de-loffre-publique-dachat-amicale-de-capgemini-sur-altran-au-prix-de-14-euros-par-action\/","og_site_name":"Capgemini France","article_modified_time":"2025-03-05T03:08:57+00:00","og_image":[{"width":1200,"height":627,"url":"https:\/\/www.capgemini.com\/fr-fr\/wp-content\/uploads\/sites\/6\/2025\/10\/image-1.jpg","type":"image\/jpeg"}],"twitter_card":"summary_large_image","schema":{"@context":"https:\/\/schema.org","@graph":[{"@type":"WebPage","@id":"https:\/\/www.capgemini.com\/fr-fr\/actualites\/communiques-de-presse\/ouverture-le-16-octobre-2019-de-loffre-publique-dachat-amicale-de-capgemini-sur-altran-au-prix-de-14-euros-par-action\/","url":"https:\/\/www.capgemini.com\/fr-fr\/actualites\/communiques-de-presse\/ouverture-le-16-octobre-2019-de-loffre-publique-dachat-amicale-de-capgemini-sur-altran-au-prix-de-14-euros-par-action\/","name":"Ouverture le 16 octobre 2019 de l\u2019offre publique d\u2019achat amicale de Capgemini sur Altran au prix de 14 euros par action - Capgemini France","isPartOf":{"@id":"https:\/\/www.capgemini.com\/fr-fr\/#website"},"datePublished":"2019-10-15T09:21:00+00:00","dateModified":"2025-03-05T03:08:57+00:00","breadcrumb":{"@id":"https:\/\/www.capgemini.com\/fr-fr\/actualites\/communiques-de-presse\/ouverture-le-16-octobre-2019-de-loffre-publique-dachat-amicale-de-capgemini-sur-altran-au-prix-de-14-euros-par-action\/#breadcrumb"},"inLanguage":"fr-FR","potentialAction":[{"@type":"ReadAction","target":["https:\/\/www.capgemini.com\/fr-fr\/actualites\/communiques-de-presse\/ouverture-le-16-octobre-2019-de-loffre-publique-dachat-amicale-de-capgemini-sur-altran-au-prix-de-14-euros-par-action\/"]}]},{"@type":"BreadcrumbList","@id":"https:\/\/www.capgemini.com\/fr-fr\/actualites\/communiques-de-presse\/ouverture-le-16-octobre-2019-de-loffre-publique-dachat-amicale-de-capgemini-sur-altran-au-prix-de-14-euros-par-action\/#breadcrumb","itemListElement":[{"@type":"ListItem","position":1,"name":"Press Releases","item":"https:\/\/www.capgemini.com\/fr-fr\/news\/"},{"@type":"ListItem","position":2,"name":"Ouverture le 16 octobre 2019 de l\u2019offre publique d\u2019achat amicale de Capgemini sur Altran au prix de 14 euros par action"}]},{"@type":"WebSite","@id":"https:\/\/www.capgemini.com\/fr-fr\/#website","url":"https:\/\/www.capgemini.com\/fr-fr\/","name":"Capgemini France","description":"Just another www.capgemini.com site","publisher":{"@id":"https:\/\/www.capgemini.com\/fr-fr\/#organization"},"potentialAction":[{"@type":"SearchAction","target":{"@type":"EntryPoint","urlTemplate":"https:\/\/www.capgemini.com\/fr-fr\/?s={search_term_string}"},"query-input":"required name=search_term_string"}],"inLanguage":"fr-FR"},{"@type":"Organization","@id":"https:\/\/www.capgemini.com\/fr-fr\/#organization","name":"Capgemini France","url":"https:\/\/www.capgemini.com\/fr-fr\/","logo":{"@type":"ImageObject","inLanguage":"fr-FR","@id":"https:\/\/www.capgemini.com\/fr-fr\/#\/schema\/logo\/image\/","url":"https:\/\/www.capgemini.com\/fr-fr\/wp-content\/uploads\/sites\/6\/2022\/08\/Logo-Capgemini.png","contentUrl":"https:\/\/www.capgemini.com\/fr-fr\/wp-content\/uploads\/sites\/6\/2022\/08\/Logo-Capgemini.png","width":202,"height":60,"caption":"Capgemini France"},"image":{"@id":"https:\/\/www.capgemini.com\/fr-fr\/#\/schema\/logo\/image\/"}}]}},"parsely":{"version":"1.1.0","canonical_url":"https:\/\/capgemini.com\/fr-fr\/actualites\/communiques-de-presse\/ouverture-le-16-octobre-2019-de-loffre-publique-dachat-amicale-de-capgemini-sur-altran-au-prix-de-14-euros-par-action\/","smart_links":{"inbound":0,"outbound":0},"traffic_boost_suggestions_count":0,"meta":{"@context":"https:\/\/schema.org","@type":"NewsArticle","headline":"Ouverture le 16 octobre 2019 de l\u2019offre publique d\u2019achat amicale de Capgemini sur Altran au prix de 14 euros par action","url":"https:\/\/www.capgemini.com\/fr-fr\/actualites\/communiques-de-presse\/ouverture-le-16-octobre-2019-de-loffre-publique-dachat-amicale-de-capgemini-sur-altran-au-prix-de-14-euros-par-action\/","mainEntityOfPage":{"@type":"WebPage","@id":"https:\/\/www.capgemini.com\/fr-fr\/actualites\/communiques-de-presse\/ouverture-le-16-octobre-2019-de-loffre-publique-dachat-amicale-de-capgemini-sur-altran-au-prix-de-14-euros-par-action\/"},"thumbnailUrl":"","image":{"@type":"ImageObject","url":""},"articleSection":"Uncategorized","author":[],"creator":[],"publisher":{"@type":"Organization","name":"Capgemini France","logo":""},"keywords":[],"dateCreated":"2019-10-15T09:21:00Z","datePublished":"2019-10-15T09:21:00Z","dateModified":"2025-03-05T03:08:57Z"},"rendered":"<meta name=\"parsely-title\" content=\"Ouverture le 16 octobre 2019 de l\u2019offre publique d\u2019achat amicale de Capgemini sur Altran au prix de 14 euros par action\" \/>\n<meta name=\"parsely-link\" content=\"https:\/\/www.capgemini.com\/fr-fr\/actualites\/communiques-de-presse\/ouverture-le-16-octobre-2019-de-loffre-publique-dachat-amicale-de-capgemini-sur-altran-au-prix-de-14-euros-par-action\/\" \/>\n<meta name=\"parsely-type\" content=\"post\" \/>\n<meta name=\"parsely-pub-date\" content=\"2019-10-15T09:21:00Z\" \/>\n<meta name=\"parsely-section\" content=\"Uncategorized\" \/>","tracker_url":"https:\/\/cdn.parsely.com\/keys\/capgemini.com\/p.js"},"archive_status":false,"featured_image_src":"https:\/\/www.capgemini.com\/fr-fr\/wp-content\/themes\/capgemini2025\/assets\/images\/mockup.png","featured_image_alt":false,"jetpack_sharing_enabled":true,"distributor_meta":false,"distributor_terms":false,"distributor_media":false,"distributor_original_site_name":"Capgemini France","distributor_original_site_url":"https:\/\/www.capgemini.com\/fr-fr","push-errors":false,"tag_names":[],"_links":{"self":[{"href":"https:\/\/www.capgemini.com\/fr-fr\/wp-json\/wp\/v2\/press-release\/664845","targetHints":{"allow":["GET"]}}],"collection":[{"href":"https:\/\/www.capgemini.com\/fr-fr\/wp-json\/wp\/v2\/press-release"}],"about":[{"href":"https:\/\/www.capgemini.com\/fr-fr\/wp-json\/wp\/v2\/types\/press-release"}],"author":[{"embeddable":true,"href":"https:\/\/www.capgemini.com\/fr-fr\/wp-json\/wp\/v2\/users\/103"}],"version-history":[{"count":6,"href":"https:\/\/www.capgemini.com\/fr-fr\/wp-json\/wp\/v2\/press-release\/664845\/revisions"}],"predecessor-version":[{"id":778216,"href":"https:\/\/www.capgemini.com\/fr-fr\/wp-json\/wp\/v2\/press-release\/664845\/revisions\/778216"}],"wp:attachment":[{"href":"https:\/\/www.capgemini.com\/fr-fr\/wp-json\/wp\/v2\/media?parent=664845"}],"wp:term":[{"taxonomy":"post_tag","embeddable":true,"href":"https:\/\/www.capgemini.com\/fr-fr\/wp-json\/wp\/v2\/tags?post=664845"},{"taxonomy":"press-release-type","embeddable":true,"href":"https:\/\/www.capgemini.com\/fr-fr\/wp-json\/wp\/v2\/press-release-type?post=664845"},{"taxonomy":"brand","embeddable":true,"href":"https:\/\/www.capgemini.com\/fr-fr\/wp-json\/wp\/v2\/brand?post=664845"}],"curies":[{"name":"wp","href":"https:\/\/api.w.org\/{rel}","templated":true}]}}