{"id":664788,"date":"2020-02-12T09:01:00","date_gmt":"2020-02-12T09:01:00","guid":{"rendered":"https:\/\/www.capgemini.com\/fr-fr\/?post_type=press-release&#038;p=664788"},"modified":"2025-03-05T03:56:09","modified_gmt":"2025-03-05T02:56:09","slug":"purpose-agence-de-strategie-et-impact-social-rejoint-capgemini","status":"publish","type":"press-release","link":"https:\/\/www.capgemini.com\/fr-fr\/actualites\/communiques-de-presse\/purpose-agence-de-strategie-et-impact-social-rejoint-capgemini\/","title":{"rendered":"Purpose, agence de strat\u00e9gie et impact social, rejoint Capgemini"},"content":{"rendered":"\t\t<div class=\"wp-block-cg-blocks-hero-press-release\">\n\t\t\t<header class=\"header-hero-press-release\" role=\"main\" id=\"main-content-press-release\">\n\t\t\t\t<div class=\"container\">\n\t\t\t\t\t<div class=\"hero-press-release\">\n\t\t\t\t\t\t<div class=\"hero-press-release-content-wrapper\">\n\t\t\t\t\t\t\t<div class=\"row\">\n\t\t\t\t\t\t\t\t<div class=\"col-12\">\n\t\t\t\t\t\t\t\t\t<div class=\"header-title\">\n\t\t\t\t\t\t\t\t\t\t<h1>\n\t\t\t\t\t\t\t\t\t\t\tPurpose, agence de strat\u00e9gie et impact social, rejoint Capgemini\t\t\t\t\t\t\t\t\t\t<\/h1>\n\t\t\t\t\t\t\t\t\t<\/div>\n\t\t\t\t\t\t\t\t\t<div class=\"header-description\">\n\t\t\t\t\t\t\t\t\t\t<p><\/p>\n\t\t\t\t\t\t\t\t\t<\/div>\n\t\t\t\t\t\t\t\t\t\t\t\t\t\t\t\t\t\t<div class=\"header-date\">\n\t\t\t\t\t\t\t\t\t\t<span>f\u00e9vr. 12, 2020<\/span>\n\t\t\t\t\t\t\t\t\t<\/div>\n\t\t\t\t\t\t\t\t<\/div>\n\t\t\t\t\t\t\t<\/div>\n\t\t\t\t\t\t<\/div>\n\t\t\t\t\t\t\t\t\t\t\t\t\t<div class=\"hero-press-release-downloads\">\n\t\t\t\t\t\t\t\t<div class=\"row\">\n\t\t\t\t\t\t\t\t\t\t\t\t\t\t\t\t\t\t\t<div class=\"col-12 col-md-6 col-lg-3\">\n\t\t\t\t\t\t\t\t\t\t\t<a class=\"download-item\" type=\"download\" href=\"https:\/\/www.capgemini.com\/fr-fr\/wp-content\/uploads\/sites\/6\/2022\/04\/2020-02-12_-_Capgemini_-_Purpose_agence_de_strategie_et_impact_social_rejoint_Capgemini.pdf\" target=\"_blank\" rel=\"noopener noreferrer\" title=\"Ouvrir dans une nouvelle fen\u00eatre\">\n\t\t\t\t\t\t\t\t\t\t\t\t<div class=\"download-icon\"><\/div>\n\t\t\t\t\t\t\t\t\t\t\t\t<div class=\"download-details\">\n\t\t\t\t\t\t\t\t\t\t\t\t\t<div class=\"download-title\">Download press release<\/div>\n\t\t\t\t\t\t\t\t\t\t\t\t\t<div class=\"download-props\">120 KB  pdf<\/div>\n\t\t\t\t\t\t\t\t\t\t\t\t<\/div>\n\t\t\t\t\t\t\t\t\t\t\t<\/a>\n\t\t\t\t\t\t\t\t\t\t<\/div>\n\t\t\t\t\t\t\t\t\t\t\t\t\t\t\t\t\t\t<\/div>\n\t\t\t\t\t\t\t<\/div>\n\t\t\t\t\t\t\t\t\t\t\t\t\t\t\t\t\t<\/div>\n\t\t\t\t<\/div>\n\t\t\t<\/header>\n\t\t<\/div>\n\t\t\n\n\n<section class=\"wp-block-cg-blocks-intro-para undefined section section--intro\"><div class=\"intro-para\"><div class=\"container\"><div class=\"row\"><div class=\"col-12 col-md-1\"><nav class=\"article-social\"><ul class=\"social-nav\"><li class=\"ip-order-fb\"><a href=\"https:\/\/www.facebook.com\/sharer\/sharer.php?u=https:\/\/www.capgemini.com\/fr-fr\/actualites\/communiques-de-presse\/purpose-agence-de-strategie-et-impact-social-rejoint-capgemini\/\" target=\"_blank\" rel=\"noopener noreferrer\" title=\"Ouvrir dans une nouvelle fen\u00eatre\"><i aria-hidden=\"true\" class=\"icon-fb\"><\/i><span class=\"sr-only\">Facebook<\/span><\/a><\/li><li class=\"ip-order-li\"><a href=\"https:\/\/www.linkedin.com\/sharing\/share-offsite\/?url=https:\/\/www.capgemini.com\/fr-fr\/actualites\/communiques-de-presse\/purpose-agence-de-strategie-et-impact-social-rejoint-capgemini\/\" target=\"_blank\" rel=\"noopener noreferrer\" title=\"Ouvrir dans une nouvelle fen\u00eatre\"><i aria-hidden=\"true\" class=\"icon-li\"><\/i><span class=\"sr-only\">Linkedin<\/span><\/a><\/li><\/ul><\/nav><\/div><div class=\"col-12 col-md-11 col-lg-10\"><h2 class=\"intro-para-title\">Paris, le 12 f\u00e9vrier 2020 \u2013 Capgemini annonce avoir sign\u00e9 un accord pour l\u2019acquisition de Purpose, l\u2019une des principales agences mondiales en mati\u00e8re d\u2019impact social. Bas\u00e9e \u00e0 New York et pr\u00e9sente sur les 6 continents, sa marque de fabrique r\u00e9side dans la conception de larges campagnes digitales th\u00e9matiques et innovantes \u00e0 fort impact positif. L\u2019\u00e9quipe compte plus de 100 responsables de campagnes, cr\u00e9atifs, strat\u00e8ges et technologues, et rejoindra celle de Capgemini Invent, la marque d\u2019innovation, de conseil et de transformation du groupe Capgemini. Ensemble, elles aideront les entreprises \u00e0 transformer leur mod\u00e8le et leurs pratiques en menant des actions \u00e0 impact, engageantes pour leurs parties prenantes et influant positivement la soci\u00e9t\u00e9.<\/h2><\/div><\/div><\/div><\/div><\/section>\n\n\n\n<section class=\"wp-block-cg-blocks-group undefined section section--article-content\"><div class=\"article-main-content\"><div class=\"container\"><div class=\"row\"><div class=\"col-12 col-md-11 col-lg-10 offset-md-1 offset-lg-1\"><div class=\"article-text article-quote-text\">\n<blockquote class=\"wp-block-quote is-layout-flow wp-block-quote-is-layout-flow\">\n<p>Fond\u00e9e en 2009 \u00e0 New York, Purpose s\u2019est forg\u00e9e une solide r\u00e9putation au cours des dix derni\u00e8res ann\u00e9es en concevant des campagnes et contenus cr\u00e9atifs \u00e0 impact et en prodiguant des conseils en strat\u00e9gie socialement responsable pour les grandes marques \u00e0 travers le monde. L\u2019agence a notamment d\u00e9ploy\u00e9 des actions majeures sur des sujets \u00e0 port\u00e9e mondiale comme les droits des r\u00e9fugi\u00e9s ou LGBT. Elle a mis en relation grandes marques et entreprises avec les plus grands m\u00e9c\u00e8nes, l\u2019\u00e9cosyst\u00e8me des Nations Unies et un grand nombre d\u2019organisations caritatives mondiales parmi les plus influentes.<\/p>\n<\/blockquote>\n\n\n\n<p><em>\u00ab&nbsp;Les exigences des diff\u00e9rentes parties prenantes s\u2019intensifiant sur les sujets soci\u00e9taux, les entreprises doivent d\u00e9sormais recentrer leur projet strat\u00e9gique vers une ambition d\u2019int\u00e9r\u00eat g\u00e9n\u00e9ral. Pour nombre d\u2019entre elles, cette transformation va au-del\u00e0 d\u2019un engagement en termes de responsabilit\u00e9 sociale, mais vers une refonte de leur mod\u00e8le \u00e9conomique et la red\u00e9finition de leurs pratiques et de leur culture d\u2019entreprise<\/em>&nbsp;\u00bb, commente Cyril Garcia, directeur g\u00e9n\u00e9ral de Capgemini Invent et membre du Comit\u00e9 de Direction g\u00e9n\u00e9rale du Groupe. <em>\u00ab&nbsp;Les forces conjugu\u00e9es de Purpose et de Capgemini renforceront les capacit\u00e9s de nos \u00e9quipes qui travaillent en \u00e9troite collaboration avec les directions g\u00e9n\u00e9rales et les conseils d\u2019administration pour concevoir et construire les \u00e9volutions futures de leur organisation. Une entreprise durable pour les prochaines ann\u00e9es doit r\u00e9pondre aux nouveaux imp\u00e9ratifs&nbsp;: mettre au c\u0153ur de son ambition une contribution positive \u00e0 la soci\u00e9t\u00e9, repenser son engagement envers les objectifs de d\u00e9veloppement durable et limiter ses \u00e9missions de carbone \u00bb.<\/em><\/p>\n\n\n\n<p>Purpose conseille ses clients pour la mise en place d\u2019une contribution positive \u00e0 la soci\u00e9t\u00e9 permettant de cr\u00e9er un impact social v\u00e9ritable. Sa position de leader dans ce domaine apporte aux clients du groupe Capgemini une dimension essentielle dans leur strat\u00e9gie de transformation ainsi que de nouvelles sources de cr\u00e9ation de valeur. L\u2019approche de Purpose s\u2019articule autour de quatre \u00e9l\u00e9ments cl\u00e9s : des \u2018Labs\u2019, laboratoires d\u2019innovation et de contenu autour de questions d\u2019actualit\u00e9, telles que le changement climatique et le d\u00e9veloppement international; une \u00e9quipe qui \u00e9labore des strat\u00e9gies, campagnes et contenus cr\u00e9atifs \u00e0 impact; des services bas\u00e9s sur des technologies innovantes, notamment en ce qui concerne les outils de mesure et de formation; et enfin, une s\u00e9rie d\u2019outils qui favorisent la participation ainsi que le passage \u00e0 l\u2019action et contribuent \u00e0 resserrer les liens communautaires ; chacun de ces \u00e9l\u00e9ments s\u2019imbriquant pour donner vie \u00e0 des campagnes efficaces et percutantes.<\/p>\n\n\n\n<p><em>\u00ab&nbsp;Nos \u00e9quipes d\u2019experts op\u00e8rent \u00e0 l\u2019intersection de l\u2019int\u00e9r\u00eat g\u00e9n\u00e9ral, de la contribution positive et du digital, et ont pass\u00e9 la derni\u00e8re d\u00e9cennie \u00e0 collaborer avec les plus grandes organisations \u00e0 but non lucratif, m\u00e9c\u00e8nes et entreprises \u00e0 travers le monde \u2013 les aidant \u00e0 mettre l\u2019int\u00e9r\u00eat g\u00e9n\u00e9ral, la contribution soci\u00e9tale au c\u0153ur des valeurs de leurs marques&nbsp;\u00bb<\/em>, commente Jeremy Heimans, directeur g\u00e9n\u00e9ral et fondateur de Purpose. <em>\u00ab Rejoindre le groupe Capgemini nous offre l\u2019opportunit\u00e9 de proposer notre approche au monde entier : nous changeons d\u2019\u00e9chelle et augmentons consid\u00e9rablement la port\u00e9e de notre impact, \u00e0 un moment crucial pour un grand nombre de sujets qui nous tiennent \u00e0 c\u0153ur. Capgemini Invent, conjugu\u00e9 avec les forces et l\u2019ampleur du groupe Capgemini, nous donne un acc\u00e8s privil\u00e9gi\u00e9 \u00e0 des clients, des comp\u00e9tences \u00e9tendues et in\u00e9gal\u00e9es en termes de technologies, d\u2019expertise en \u2018Data &amp; Analytics\u2019, ainsi qu\u2019une compr\u00e9hension approfondie de la mani\u00e8re de changer les organisations et les business models de l\u2019int\u00e9rieur. Cela nous ouvre des possibilit\u00e9s extraordinaires pour la conception de strat\u00e9gies et de campagnes \u00e0 port\u00e9e mondiale\u00bb.<\/em><\/p>\n\n\n\n<p>Purpose continuera d\u2019op\u00e9rer sous son statut de <em>Public Benefit Corporation<\/em><a href=\"#_ftn1\">[1]<\/a> et poursuivra sa mission qui est de promouvoir un monde plus ouvert, plus juste et plus habitable. Les parties se sont entendues afin que l\u2019entreprise soit g\u00e9r\u00e9e de mani\u00e8re ind\u00e9pendante, comme elle l\u2019\u00e9tait pr\u00e9c\u00e9demment, et que sa direction g\u00e9n\u00e9rale reste en place. Au sein du groupe Capgemini, Purpose conservera son \u00ab&nbsp;ind\u00e9pendance \u00e9ditoriale&nbsp;\u00bb, garantissant ainsi le maintien de sa voix pr\u00e9dominante&nbsp;et son point de vue unique sur les grandes questions du monde.<\/p>\n\n\n\n<p>La transaction est soumise aux conditions pr\u00e9alables habituelles et devrait \u00eatre cl\u00f4tur\u00e9e dans les semaines \u00e0 venir.<\/p>\n\n\n\n<p><strong>\u00c0 propos de Capgemini<\/strong><\/p>\n\n\n\n<p>Capgemini est un leader mondial du conseil, des services informatiques et de la transformation num\u00e9rique. A la pointe de l\u2019innovation, le Groupe aide ses clients \u00e0 saisir l\u2019ensemble des opportunit\u00e9s que pr\u00e9sentent le cloud, le digital et les plateformes. Fort de 50 ans d\u2019exp\u00e9rience et d\u2019une grande expertise des diff\u00e9rents secteurs d\u2019activit\u00e9, il accompagne les entreprises et organisations dans la r\u00e9alisation de leurs ambitions, de la d\u00e9finition de leur strat\u00e9gie \u00e0 la mise en \u0153uvre de leurs op\u00e9rations. Pour Capgemini, ce sont les hommes et les femmes qui donnent toute sa valeur \u00e0 la technologie. R\u00e9solument multiculturel, le Groupe compte plus de 200&nbsp;000 collaborateurs pr\u00e9sents dans plus de 40 pays. Il a r\u00e9alis\u00e9 un chiffre d\u2019affaires de 13,2 milliards d\u2019euros en 2018.<\/p>\n\n\n\n<p>Plus d\u2019informations sur <a href=\"http:\/\/www.capgemini.com\">www.capgemini.com<\/a> <em>People matter, results count.<\/em><\/p>\n\n\n\n<p><a href=\"#_ftnref1\">[1]<\/a> Une&nbsp;<strong><em>\u2018Public<\/em><\/strong> <strong><em>Benefit Corporation\u2019<\/em><\/strong>&nbsp;est une&nbsp;<a href=\"https:\/\/fr.wikipedia.org\/wiki\/Entreprise\">forme<\/a>&nbsp;d\u2019<a href=\"https:\/\/fr.wikipedia.org\/wiki\/Entreprise_%C3%A0_mission\">entreprise \u00e0 mission<\/a>&nbsp;am\u00e9ricaine con\u00e7ue pour les entit\u00e9s \u00e0 but lucratif qui veulent tenir compte de la soci\u00e9t\u00e9 et de l\u2019environnement, en plus du profit, dans leur structure de&nbsp;<a href=\"https:\/\/fr.wikipedia.org\/wiki\/Gouvernement_d%27entreprise\">gouvernance<\/a>&nbsp;et de gestion.<\/p>\n<\/div><\/div><\/div><\/div><\/div><\/section>\n\n\n<div class=\"wp-block-cg-blocks-cg-block-related-content\"><section class=\"relatedContentBlock\"><div class=\"container\"><div class=\"row\"><div class=\"content-title col-12 col-md-8\"><h2 class=\"related-content-heading\">Related News<\/h2><\/div><\/div><div class=\"row relatedContent\"><div class=\"col-lg-4 col-md-6 col-xs-12\">\n\t\t\t\t\t\t\t<div class=\"box\">\n\t\t\t\t\t\t\t\t<a aria-label=\"Lire la suite Chiffre d\u2019affaires du 1er trimestre 2026\" href=\"https:\/\/www.capgemini.com\/fr-fr\/actualites\/communiques-de-presse\/chiffre-daffaires-du-1er-trimestre-2026\/\" class=\"anchorWrapper\">\n\t\t\t\t\t\t\t\t\t<span class=\"box-tag\"><span>Actualit\u00e9s financi\u00e8res<\/span><\/span>\n\t\t\t\t\t\t\t\t\t<div class=\"box-title\"><h3 class=\"box-subtitle\">Chiffre d\u2019affaires du 1er trimestre 2026<\/h3><\/div>\n\t\t\t\t\t\t\t\t\t<div class=\"box-date\">\n\t\t\t\t\t\t\t\t\t\t<span>Apr 30, 2026<\/span>\n\t\t\t\t\t\t\t\t\t<\/div>\n\t\t\t\t\t\t\t\t\t<div class=\"box-bottom\">\n\t\t\t\t\t\t\t\t\t\t&lt;a class=&quot;link-download&quot; href=&quot;https:\/\/www.capgemini.com\/fr-fr\/wp-content\/uploads\/sites\/6\/2026\/04\/Capgemini_-_2026-04-30_-_Chiffre_d_affaires_du_1er_trimestre_2026.pdf&quot; aria-label=&quot;T\u00e9l\u00e9charger le communiqu\u00e9 de presse&quot; target=&quot;_blank&quot;  type=&quot;download&quot; title=&quot;Opens in a new window&quot;&gt;\n\t\t\t\t\t\t\t&lt;span&gt;T\u00e9l\u00e9charger le communiqu\u00e9 de presse&lt;\/span&gt;\n\t\t\t\t\t\t\t&lt;span&gt;237 KB PDF&lt;\/span&gt;\n\t\t\t\t\t\t&lt;\/a&gt;\n\t\t\t\t\t\t\t\t\t\t<a class=\"more\" aria-label=\"Lire la suite Chiffre d\u2019affaires du 1er trimestre 2026\" href=\"https:\/\/www.capgemini.com\/fr-fr\/actualites\/communiques-de-presse\/chiffre-daffaires-du-1er-trimestre-2026\/\">Lire la suite<\/a>\n\t\t\t\t\t\t\t\t\t<\/div>\n\t\t\t\t\t\t\t\t<\/a>\n\t\t\t\t\t\t\t<\/div>\n\t\t\t\t\t\t<\/div><div class=\"col-lg-4 col-md-6 col-xs-12\">\n\t\t\t\t\t\t\t<div class=\"box\">\n\t\t\t\t\t\t\t\t<a aria-label=\"Lire la suite Capgemini d\u00e9voile le Google Cloud AI Enterprise Hub pour acc\u00e9l\u00e9rer la transformation des entreprises gr\u00e2ce \u00e0 l\u2019IA agentique\" href=\"https:\/\/www.capgemini.com\/fr-fr\/actualites\/communiques-de-presse\/capgemini-devoile-le-google-cloud-ai-enterprise-hub-pour-accelerer-la-transformation-des-entreprises-vers-ia-agentique\/\" class=\"anchorWrapper\">\n\t\t\t\t\t\t\t\t\t<span class=\"box-tag\"><span>Partenariats<\/span><\/span>\n\t\t\t\t\t\t\t\t\t<div class=\"box-title\"><h3 class=\"box-subtitle\">Capgemini d\u00e9voile le Google Cloud AI Enterprise Hub pour acc\u00e9l\u00e9rer la transformation des entreprises gr\u00e2ce \u00e0 l\u2019IA agentique<\/h3><\/div>\n\t\t\t\t\t\t\t\t\t<div class=\"box-date\">\n\t\t\t\t\t\t\t\t\t\t<span>Apr 23, 2026<\/span>\n\t\t\t\t\t\t\t\t\t<\/div>\n\t\t\t\t\t\t\t\t\t<div class=\"box-bottom\">\n\t\t\t\t\t\t\t\t\t\t&lt;a class=&quot;link-download&quot; href=&quot;https:\/\/www.capgemini.com\/wp-content\/uploads\/2026\/04\/04_23_Capgemini-news-alert_Google-Cloud-AI-Enterprise-Hub.pdf&quot; aria-label=&quot;T\u00e9l\u00e9charger le communiqu\u00e9 de presse&quot; target=&quot;_blank&quot;  type=&quot;download&quot; title=&quot;Opens in a new window&quot;&gt;\n\t\t\t\t\t\t\t&lt;span&gt;T\u00e9l\u00e9charger le communiqu\u00e9 de presse&lt;\/span&gt;\n\t\t\t\t\t\t\t&lt;span&gt;143 KB PDF&lt;\/span&gt;\n\t\t\t\t\t\t&lt;\/a&gt;\n\t\t\t\t\t\t\t\t\t\t<a class=\"more\" aria-label=\"Lire la suite Capgemini d\u00e9voile le Google Cloud AI Enterprise Hub pour acc\u00e9l\u00e9rer la transformation des entreprises gr\u00e2ce \u00e0 l\u2019IA agentique\" href=\"https:\/\/www.capgemini.com\/fr-fr\/actualites\/communiques-de-presse\/capgemini-devoile-le-google-cloud-ai-enterprise-hub-pour-accelerer-la-transformation-des-entreprises-vers-ia-agentique\/\">Lire la suite<\/a>\n\t\t\t\t\t\t\t\t\t<\/div>\n\t\t\t\t\t\t\t\t<\/a>\n\t\t\t\t\t\t\t<\/div>\n\t\t\t\t\t\t<\/div><div class=\"col-lg-4 col-md-6 col-xs-12\">\n\t\t\t\t\t\t\t<div class=\"box\">\n\t\t\t\t\t\t\t\t<a aria-label=\"Lire la suite La r\u00e9industrialisation entre dans une phase plus s\u00e9lective et strat\u00e9gique en Europe et aux \u00c9tats Unis\" href=\"https:\/\/www.capgemini.com\/fr-fr\/actualites\/communiques-de-presse\/la-reindustrialisation-entre-dans-une-phase-plus-selective-et-strategique-en-europe-et-aux-etats-unis\/\" class=\"anchorWrapper\">\n\t\t\t\t\t\t\t\t\t<span class=\"box-tag\"><span>Publications<\/span><\/span>\n\t\t\t\t\t\t\t\t\t<div class=\"box-title\"><h3 class=\"box-subtitle\">La r\u00e9industrialisation entre dans une phase plus s\u00e9lective et strat\u00e9gique en Europe et aux \u00c9tats Unis<\/h3><\/div>\n\t\t\t\t\t\t\t\t\t<div class=\"box-date\">\n\t\t\t\t\t\t\t\t\t\t<span>Apr 20, 2026<\/span>\n\t\t\t\t\t\t\t\t\t<\/div>\n\t\t\t\t\t\t\t\t\t<div class=\"box-bottom\">\n\t\t\t\t\t\t\t\t\t\t&lt;a class=&quot;link-download&quot; href=&quot;https:\/\/www.capgemini.com\/fr-fr\/wp-content\/uploads\/sites\/6\/2026\/04\/2026_04_20_Capgemini_Reindustrialisation-of-Europe-and-the-US-report_3rd-edition_press-release_FR.pdf&quot; aria-label=&quot;T\u00e9l\u00e9charger le communiqu\u00e9 de presse&quot; target=&quot;_blank&quot;  type=&quot;download&quot; title=&quot;Opens in a new window&quot;&gt;\n\t\t\t\t\t\t\t&lt;span&gt;T\u00e9l\u00e9charger le communiqu\u00e9 de presse&lt;\/span&gt;\n\t\t\t\t\t\t\t&lt;span&gt;163 KB PDF&lt;\/span&gt;\n\t\t\t\t\t\t&lt;\/a&gt;\n\t\t\t\t\t\t\t\t\t\t<a class=\"more\" aria-label=\"Lire la suite La r\u00e9industrialisation entre dans une phase plus s\u00e9lective et strat\u00e9gique en Europe et aux \u00c9tats Unis\" href=\"https:\/\/www.capgemini.com\/fr-fr\/actualites\/communiques-de-presse\/la-reindustrialisation-entre-dans-une-phase-plus-selective-et-strategique-en-europe-et-aux-etats-unis\/\">Lire la suite<\/a>\n\t\t\t\t\t\t\t\t\t<\/div>\n\t\t\t\t\t\t\t\t<\/a>\n\t\t\t\t\t\t\t<\/div>\n\t\t\t\t\t\t<\/div><\/div><\/div><\/section><\/div>","protected":false},"excerpt":{"rendered":"","protected":false},"author":103,"featured_media":0,"template":"","meta":{"cg_dt_proposed_to":[],"cg_seo_hreflang_relations":"[]","cg_seo_canonical_relation":"{\"uuid\":\"99496070-8636-45c7-97a2-0893553ee7bb\",\"blogId\":\"\",\"domain\":\"\",\"sitePath\":\"\",\"postLink\":\"\",\"postId\":null,\"isSaved\":true,\"isCrossLink\":false,\"hasCrossLink\":false}","cg_seo_hreflang_x_default_relation":"{\"uuid\":\"de96f81b-2a13-43da-9570-1cd531938001\",\"blogId\":\"\",\"domain\":\"\",\"sitePath\":\"\",\"postLink\":\"\",\"postId\":null,\"isSaved\":true,\"isCrossLink\":false,\"hasCrossLink\":false}","cg_dt_approved_content":true,"cg_dt_mandatory_content":false,"cg_dt_notes":"","cg_dg_source_changed":false,"cg_dt_link_disabled":false,"footnotes":"","related_resource_url":"https:\/\/www.capgemini.com\/fr-fr\/wp-content\/uploads\/sites\/6\/2022\/04\/2020-02-12_-_Capgemini_-_Purpose_agence_de_strategie_et_impact_social_rejoint_Capgemini.pdf","related_resource_id":664789,"related_resource_size":"120 KB","related_resource_type":"pdf","cg_author":0,"featured_focal_points":""},"tags":[],"press-release-type":[],"brand":[],"class_list":["post-664788","press-release","type-press-release","status-publish","hentry"],"yoast_head":"<!-- This site is optimized with the Yoast SEO Premium plugin v22.8 (Yoast SEO v22.8) - https:\/\/yoast.com\/wordpress\/plugins\/seo\/ -->\n<title>Purpose, agence de strat\u00e9gie et impact social, rejoint Capgemini - Capgemini France<\/title>\n<meta name=\"robots\" content=\"index, follow, max-snippet:-1, max-image-preview:large, max-video-preview:-1\" \/>\n<link rel=\"canonical\" href=\"https:\/\/www.capgemini.com\/fr-fr\/actualites\/communiques-de-presse\/purpose-agence-de-strategie-et-impact-social-rejoint-capgemini\/\" \/>\n<meta property=\"og:locale\" content=\"fr_FR\" \/>\n<meta property=\"og:type\" content=\"article\" \/>\n<meta property=\"og:title\" content=\"Purpose, agence de strat\u00e9gie et impact social, rejoint Capgemini\" \/>\n<meta property=\"og:url\" content=\"https:\/\/www.capgemini.com\/fr-fr\/actualites\/communiques-de-presse\/purpose-agence-de-strategie-et-impact-social-rejoint-capgemini\/\" \/>\n<meta property=\"og:site_name\" content=\"Capgemini France\" \/>\n<meta property=\"article:modified_time\" content=\"2025-03-05T02:56:09+00:00\" \/>\n<meta property=\"og:image\" content=\"https:\/\/www.capgemini.com\/fr-fr\/wp-content\/uploads\/sites\/6\/2025\/10\/image-1.jpg\" \/>\n\t<meta property=\"og:image:width\" content=\"1200\" \/>\n\t<meta property=\"og:image:height\" content=\"627\" \/>\n\t<meta property=\"og:image:type\" content=\"image\/jpeg\" \/>\n<meta name=\"twitter:card\" content=\"summary_large_image\" \/>\n<script type=\"application\/ld+json\" class=\"yoast-schema-graph\">{\"@context\":\"https:\/\/schema.org\",\"@graph\":[{\"@type\":\"WebPage\",\"@id\":\"https:\/\/www.capgemini.com\/fr-fr\/actualites\/communiques-de-presse\/purpose-agence-de-strategie-et-impact-social-rejoint-capgemini\/\",\"url\":\"https:\/\/www.capgemini.com\/fr-fr\/actualites\/communiques-de-presse\/purpose-agence-de-strategie-et-impact-social-rejoint-capgemini\/\",\"name\":\"Purpose, agence de strat\u00e9gie et impact social, rejoint Capgemini - Capgemini France\",\"isPartOf\":{\"@id\":\"https:\/\/www.capgemini.com\/fr-fr\/#website\"},\"datePublished\":\"2020-02-12T09:01:00+00:00\",\"dateModified\":\"2025-03-05T02:56:09+00:00\",\"breadcrumb\":{\"@id\":\"https:\/\/www.capgemini.com\/fr-fr\/actualites\/communiques-de-presse\/purpose-agence-de-strategie-et-impact-social-rejoint-capgemini\/#breadcrumb\"},\"inLanguage\":\"fr-FR\",\"potentialAction\":[{\"@type\":\"ReadAction\",\"target\":[\"https:\/\/www.capgemini.com\/fr-fr\/actualites\/communiques-de-presse\/purpose-agence-de-strategie-et-impact-social-rejoint-capgemini\/\"]}]},{\"@type\":\"BreadcrumbList\",\"@id\":\"https:\/\/www.capgemini.com\/fr-fr\/actualites\/communiques-de-presse\/purpose-agence-de-strategie-et-impact-social-rejoint-capgemini\/#breadcrumb\",\"itemListElement\":[{\"@type\":\"ListItem\",\"position\":1,\"name\":\"Press Releases\",\"item\":\"https:\/\/www.capgemini.com\/fr-fr\/news\/\"},{\"@type\":\"ListItem\",\"position\":2,\"name\":\"Purpose, agence de strat\u00e9gie et impact social, rejoint Capgemini\"}]},{\"@type\":\"WebSite\",\"@id\":\"https:\/\/www.capgemini.com\/fr-fr\/#website\",\"url\":\"https:\/\/www.capgemini.com\/fr-fr\/\",\"name\":\"Capgemini France\",\"description\":\"Just another www.capgemini.com site\",\"publisher\":{\"@id\":\"https:\/\/www.capgemini.com\/fr-fr\/#organization\"},\"potentialAction\":[{\"@type\":\"SearchAction\",\"target\":{\"@type\":\"EntryPoint\",\"urlTemplate\":\"https:\/\/www.capgemini.com\/fr-fr\/?s={search_term_string}\"},\"query-input\":\"required name=search_term_string\"}],\"inLanguage\":\"fr-FR\"},{\"@type\":\"Organization\",\"@id\":\"https:\/\/www.capgemini.com\/fr-fr\/#organization\",\"name\":\"Capgemini France\",\"url\":\"https:\/\/www.capgemini.com\/fr-fr\/\",\"logo\":{\"@type\":\"ImageObject\",\"inLanguage\":\"fr-FR\",\"@id\":\"https:\/\/www.capgemini.com\/fr-fr\/#\/schema\/logo\/image\/\",\"url\":\"https:\/\/www.capgemini.com\/fr-fr\/wp-content\/uploads\/sites\/6\/2022\/08\/Logo-Capgemini.png\",\"contentUrl\":\"https:\/\/www.capgemini.com\/fr-fr\/wp-content\/uploads\/sites\/6\/2022\/08\/Logo-Capgemini.png\",\"width\":202,\"height\":60,\"caption\":\"Capgemini France\"},\"image\":{\"@id\":\"https:\/\/www.capgemini.com\/fr-fr\/#\/schema\/logo\/image\/\"}}]}<\/script>\n<!-- \/ Yoast SEO Premium plugin. -->","yoast_head_json":{"title":"Purpose, agence de strat\u00e9gie et impact social, rejoint Capgemini - Capgemini France","robots":{"index":"index","follow":"follow","max-snippet":"max-snippet:-1","max-image-preview":"max-image-preview:large","max-video-preview":"max-video-preview:-1"},"canonical":"https:\/\/www.capgemini.com\/fr-fr\/actualites\/communiques-de-presse\/purpose-agence-de-strategie-et-impact-social-rejoint-capgemini\/","og_locale":"fr_FR","og_type":"article","og_title":"Purpose, agence de strat\u00e9gie et impact social, rejoint Capgemini","og_url":"https:\/\/www.capgemini.com\/fr-fr\/actualites\/communiques-de-presse\/purpose-agence-de-strategie-et-impact-social-rejoint-capgemini\/","og_site_name":"Capgemini France","article_modified_time":"2025-03-05T02:56:09+00:00","og_image":[{"width":1200,"height":627,"url":"https:\/\/www.capgemini.com\/fr-fr\/wp-content\/uploads\/sites\/6\/2025\/10\/image-1.jpg","type":"image\/jpeg"}],"twitter_card":"summary_large_image","schema":{"@context":"https:\/\/schema.org","@graph":[{"@type":"WebPage","@id":"https:\/\/www.capgemini.com\/fr-fr\/actualites\/communiques-de-presse\/purpose-agence-de-strategie-et-impact-social-rejoint-capgemini\/","url":"https:\/\/www.capgemini.com\/fr-fr\/actualites\/communiques-de-presse\/purpose-agence-de-strategie-et-impact-social-rejoint-capgemini\/","name":"Purpose, agence de strat\u00e9gie et impact social, rejoint Capgemini - Capgemini France","isPartOf":{"@id":"https:\/\/www.capgemini.com\/fr-fr\/#website"},"datePublished":"2020-02-12T09:01:00+00:00","dateModified":"2025-03-05T02:56:09+00:00","breadcrumb":{"@id":"https:\/\/www.capgemini.com\/fr-fr\/actualites\/communiques-de-presse\/purpose-agence-de-strategie-et-impact-social-rejoint-capgemini\/#breadcrumb"},"inLanguage":"fr-FR","potentialAction":[{"@type":"ReadAction","target":["https:\/\/www.capgemini.com\/fr-fr\/actualites\/communiques-de-presse\/purpose-agence-de-strategie-et-impact-social-rejoint-capgemini\/"]}]},{"@type":"BreadcrumbList","@id":"https:\/\/www.capgemini.com\/fr-fr\/actualites\/communiques-de-presse\/purpose-agence-de-strategie-et-impact-social-rejoint-capgemini\/#breadcrumb","itemListElement":[{"@type":"ListItem","position":1,"name":"Press Releases","item":"https:\/\/www.capgemini.com\/fr-fr\/news\/"},{"@type":"ListItem","position":2,"name":"Purpose, agence de strat\u00e9gie et impact social, rejoint Capgemini"}]},{"@type":"WebSite","@id":"https:\/\/www.capgemini.com\/fr-fr\/#website","url":"https:\/\/www.capgemini.com\/fr-fr\/","name":"Capgemini France","description":"Just another www.capgemini.com site","publisher":{"@id":"https:\/\/www.capgemini.com\/fr-fr\/#organization"},"potentialAction":[{"@type":"SearchAction","target":{"@type":"EntryPoint","urlTemplate":"https:\/\/www.capgemini.com\/fr-fr\/?s={search_term_string}"},"query-input":"required name=search_term_string"}],"inLanguage":"fr-FR"},{"@type":"Organization","@id":"https:\/\/www.capgemini.com\/fr-fr\/#organization","name":"Capgemini France","url":"https:\/\/www.capgemini.com\/fr-fr\/","logo":{"@type":"ImageObject","inLanguage":"fr-FR","@id":"https:\/\/www.capgemini.com\/fr-fr\/#\/schema\/logo\/image\/","url":"https:\/\/www.capgemini.com\/fr-fr\/wp-content\/uploads\/sites\/6\/2022\/08\/Logo-Capgemini.png","contentUrl":"https:\/\/www.capgemini.com\/fr-fr\/wp-content\/uploads\/sites\/6\/2022\/08\/Logo-Capgemini.png","width":202,"height":60,"caption":"Capgemini France"},"image":{"@id":"https:\/\/www.capgemini.com\/fr-fr\/#\/schema\/logo\/image\/"}}]}},"parsely":{"version":"1.1.0","canonical_url":"https:\/\/capgemini.com\/fr-fr\/actualites\/communiques-de-presse\/purpose-agence-de-strategie-et-impact-social-rejoint-capgemini\/","smart_links":{"inbound":0,"outbound":0},"traffic_boost_suggestions_count":0,"meta":{"@context":"https:\/\/schema.org","@type":"NewsArticle","headline":"Purpose, agence de strat\u00e9gie et impact social, rejoint Capgemini","url":"https:\/\/www.capgemini.com\/fr-fr\/actualites\/communiques-de-presse\/purpose-agence-de-strategie-et-impact-social-rejoint-capgemini\/","mainEntityOfPage":{"@type":"WebPage","@id":"https:\/\/www.capgemini.com\/fr-fr\/actualites\/communiques-de-presse\/purpose-agence-de-strategie-et-impact-social-rejoint-capgemini\/"},"thumbnailUrl":"","image":{"@type":"ImageObject","url":""},"articleSection":"Uncategorized","author":[],"creator":[],"publisher":{"@type":"Organization","name":"Capgemini France","logo":""},"keywords":[],"dateCreated":"2020-02-12T09:01:00Z","datePublished":"2020-02-12T09:01:00Z","dateModified":"2025-03-05T02:56:09Z"},"rendered":"<meta name=\"parsely-title\" content=\"Purpose, agence de strat\u00e9gie et impact social, rejoint Capgemini\" \/>\n<meta name=\"parsely-link\" content=\"https:\/\/www.capgemini.com\/fr-fr\/actualites\/communiques-de-presse\/purpose-agence-de-strategie-et-impact-social-rejoint-capgemini\/\" \/>\n<meta name=\"parsely-type\" content=\"post\" \/>\n<meta name=\"parsely-pub-date\" content=\"2020-02-12T09:01:00Z\" \/>\n<meta name=\"parsely-section\" content=\"Uncategorized\" \/>","tracker_url":"https:\/\/cdn.parsely.com\/keys\/capgemini.com\/p.js"},"archive_status":false,"featured_image_src":"https:\/\/www.capgemini.com\/fr-fr\/wp-content\/themes\/capgemini2025\/assets\/images\/mockup.png","featured_image_alt":false,"jetpack_sharing_enabled":true,"distributor_meta":false,"distributor_terms":false,"distributor_media":false,"distributor_original_site_name":"Capgemini France","distributor_original_site_url":"https:\/\/www.capgemini.com\/fr-fr","push-errors":false,"tag_names":[],"_links":{"self":[{"href":"https:\/\/www.capgemini.com\/fr-fr\/wp-json\/wp\/v2\/press-release\/664788","targetHints":{"allow":["GET"]}}],"collection":[{"href":"https:\/\/www.capgemini.com\/fr-fr\/wp-json\/wp\/v2\/press-release"}],"about":[{"href":"https:\/\/www.capgemini.com\/fr-fr\/wp-json\/wp\/v2\/types\/press-release"}],"author":[{"embeddable":true,"href":"https:\/\/www.capgemini.com\/fr-fr\/wp-json\/wp\/v2\/users\/103"}],"version-history":[{"count":6,"href":"https:\/\/www.capgemini.com\/fr-fr\/wp-json\/wp\/v2\/press-release\/664788\/revisions"}],"predecessor-version":[{"id":778170,"href":"https:\/\/www.capgemini.com\/fr-fr\/wp-json\/wp\/v2\/press-release\/664788\/revisions\/778170"}],"wp:attachment":[{"href":"https:\/\/www.capgemini.com\/fr-fr\/wp-json\/wp\/v2\/media?parent=664788"}],"wp:term":[{"taxonomy":"post_tag","embeddable":true,"href":"https:\/\/www.capgemini.com\/fr-fr\/wp-json\/wp\/v2\/tags?post=664788"},{"taxonomy":"press-release-type","embeddable":true,"href":"https:\/\/www.capgemini.com\/fr-fr\/wp-json\/wp\/v2\/press-release-type?post=664788"},{"taxonomy":"brand","embeddable":true,"href":"https:\/\/www.capgemini.com\/fr-fr\/wp-json\/wp\/v2\/brand?post=664788"}],"curies":[{"name":"wp","href":"https:\/\/api.w.org\/{rel}","templated":true}]}}