{"id":664755,"date":"2020-04-02T08:42:00","date_gmt":"2020-04-02T08:42:00","guid":{"rendered":"https:\/\/www.capgemini.com\/fr-fr\/?post_type=press-release&#038;p=664755"},"modified":"2025-03-05T03:50:44","modified_gmt":"2025-03-05T02:50:44","slug":"mise-en-oeuvre-par-capgemini-de-la-procedure-de-retrait-obligatoire-portant-sur-les-actions-altran","status":"publish","type":"press-release","link":"https:\/\/www.capgemini.com\/fr-fr\/actualites\/communiques-de-presse\/mise-en-oeuvre-par-capgemini-de-la-procedure-de-retrait-obligatoire-portant-sur-les-actions-altran\/","title":{"rendered":"Mise en \u0153uvre par Capgemini de la proc\u00e9dure de retrait obligatoire portant sur les actions Altran"},"content":{"rendered":"\t\t<div class=\"wp-block-cg-blocks-hero-press-release\">\n\t\t\t<header class=\"header-hero-press-release\" role=\"main\" id=\"main-content-press-release\">\n\t\t\t\t<div class=\"container\">\n\t\t\t\t\t<div class=\"hero-press-release\">\n\t\t\t\t\t\t<div class=\"hero-press-release-content-wrapper\">\n\t\t\t\t\t\t\t<div class=\"row\">\n\t\t\t\t\t\t\t\t<div class=\"col-12\">\n\t\t\t\t\t\t\t\t\t<div class=\"header-title\">\n\t\t\t\t\t\t\t\t\t\t<h1>\n\t\t\t\t\t\t\t\t\t\t\tMise en \u0153uvre par Capgemini de la proc\u00e9dure de retrait obligatoire portant sur les actions Altran\t\t\t\t\t\t\t\t\t\t<\/h1>\n\t\t\t\t\t\t\t\t\t<\/div>\n\t\t\t\t\t\t\t\t\t<div class=\"header-description\">\n\t\t\t\t\t\t\t\t\t\t<p><\/p>\n\t\t\t\t\t\t\t\t\t<\/div>\n\t\t\t\t\t\t\t\t\t\t\t\t\t\t\t\t\t\t<div class=\"header-date\">\n\t\t\t\t\t\t\t\t\t\t<span>avr. 2, 2020<\/span>\n\t\t\t\t\t\t\t\t\t<\/div>\n\t\t\t\t\t\t\t\t<\/div>\n\t\t\t\t\t\t\t<\/div>\n\t\t\t\t\t\t<\/div>\n\t\t\t\t\t\t\t\t\t\t\t\t\t<div class=\"hero-press-release-downloads\">\n\t\t\t\t\t\t\t\t<div class=\"row\">\n\t\t\t\t\t\t\t\t\t\t\t\t\t\t\t\t\t\t\t<div class=\"col-12 col-md-6 col-lg-3\">\n\t\t\t\t\t\t\t\t\t\t\t<a class=\"download-item\" type=\"download\" href=\"https:\/\/www.capgemini.com\/fr-fr\/wp-content\/uploads\/sites\/6\/2022\/04\/Capgemini_-_2020-04-02_-_procedure_de_retrait_obligatoire_des-actions_Altran-1.pdf\" target=\"_blank\" rel=\"noopener noreferrer\" title=\"Ouvrir dans une nouvelle fen\u00eatre\">\n\t\t\t\t\t\t\t\t\t\t\t\t<div class=\"download-icon\"><\/div>\n\t\t\t\t\t\t\t\t\t\t\t\t<div class=\"download-details\">\n\t\t\t\t\t\t\t\t\t\t\t\t\t<div class=\"download-title\">Download press release<\/div>\n\t\t\t\t\t\t\t\t\t\t\t\t\t<div class=\"download-props\">97 KB  pdf<\/div>\n\t\t\t\t\t\t\t\t\t\t\t\t<\/div>\n\t\t\t\t\t\t\t\t\t\t\t<\/a>\n\t\t\t\t\t\t\t\t\t\t<\/div>\n\t\t\t\t\t\t\t\t\t\t\t\t\t\t\t\t\t\t<\/div>\n\t\t\t\t\t\t\t<\/div>\n\t\t\t\t\t\t\t\t\t\t\t\t\t\t\t\t\t<\/div>\n\t\t\t\t<\/div>\n\t\t\t<\/header>\n\t\t<\/div>\n\t\t\n\n\n<section class=\"wp-block-cg-blocks-intro-para undefined section section--intro\"><div class=\"intro-para\"><div class=\"container\"><div class=\"row\"><div class=\"col-12 col-md-1\"><nav class=\"article-social\"><ul class=\"social-nav\"><li class=\"ip-order-fb\"><a href=\"https:\/\/www.facebook.com\/sharer\/sharer.php?u=https:\/\/www.capgemini.com\/fr-fr\/actualites\/communiques-de-presse\/mise-en-oeuvre-par-capgemini-de-la-procedure-de-retrait-obligatoire-portant-sur-les-actions-altran\/\" target=\"_blank\" rel=\"noopener noreferrer\" title=\"Ouvrir dans une nouvelle fen\u00eatre\"><i aria-hidden=\"true\" class=\"icon-fb\"><\/i><span class=\"sr-only\">Facebook<\/span><\/a><\/li><li class=\"ip-order-li\"><a href=\"https:\/\/www.linkedin.com\/sharing\/share-offsite\/?url=https:\/\/www.capgemini.com\/fr-fr\/actualites\/communiques-de-presse\/mise-en-oeuvre-par-capgemini-de-la-procedure-de-retrait-obligatoire-portant-sur-les-actions-altran\/\" target=\"_blank\" rel=\"noopener noreferrer\" title=\"Ouvrir dans une nouvelle fen\u00eatre\"><i aria-hidden=\"true\" class=\"icon-li\"><\/i><span class=\"sr-only\">Linkedin<\/span><\/a><\/li><\/ul><\/nav><\/div><div class=\"col-12 col-md-11 col-lg-10\"><h2 class=\"intro-para-title\">Paris, le 2 avril 2020 \u2013 Conform\u00e9ment \u00e0 l\u2019avis de l\u2019Autorit\u00e9 des march\u00e9s financiers publi\u00e9 ce jour, Capgemini (Euronext Paris : CAP) proc\u00e9dera le 15 avril 2020 au retrait obligatoire de toutes les actions Altran Technologies (Euronext Paris : ALT) qui n\u2019ont pas \u00e9t\u00e9 apport\u00e9es \u00e0 l\u2019offre publique d\u2019achat amicale de Capgemini portant sur les actions Altran.<\/h2><\/div><\/div><\/div><\/div><\/section>\n\n\n\n<section class=\"wp-block-cg-blocks-group undefined section section--article-content\"><div class=\"article-main-content\"><div class=\"container\"><div class=\"row\"><div class=\"col-12 col-md-11 col-lg-10 offset-md-1 offset-lg-1\"><div class=\"article-text article-quote-text\">\n<blockquote class=\"wp-block-quote is-layout-flow wp-block-quote-is-layout-flow\">\n<p>Le retrait obligatoire portera sur toutes les actions Altran qui n\u2019ont pas \u00e9t\u00e9 apport\u00e9es \u00e0 l\u2019offre publique d\u2019achat, \u00e0 l\u2019exception des 2 461 800 actions Altran auto-d\u00e9tenues, soit un total de 4 749 218 actions Altran repr\u00e9sentant 1,85 % du capital et 1,97 % des droits de vote<a href=\"#_ftn1\">[1]<\/a>.<\/p>\n<\/blockquote>\n\n\n\n<p>Le montant de l\u2019indemnisation vers\u00e9e dans le cadre du retrait obligatoire sera \u00e9gal au prix de l\u2019offre publique d\u2019achat, soit 14,50 euros par action Altran.<\/p>\n\n\n\n<p>A la cl\u00f4ture des comptes des affili\u00e9s par Euroclear France, les \u00e9tablissements d\u00e9positaires teneurs de comptes demanderont \u00e0 BNP Paribas Securities Services (Affili\u00e9 030), 9, rue du D\u00e9barcad\u00e8re, 93500 Pantin, le paiement de l\u2019indemnisation pour les actions en compte dans leurs livres n\u2019ayant pas \u00e9t\u00e9 apport\u00e9es \u00e0 l\u2019offre publique d\u2019achat, puis cr\u00e9diteront les comptes des d\u00e9tenteurs des actions Altran de l\u2019indemnisation leur revenant. BNP Paribas Securities Services a \u00e9t\u00e9 d\u00e9sign\u00e9 par Capgemini comme teneur de compte conservateur pour centraliser les op\u00e9rations d\u2019indemnisation dans le cadre du retrait obligatoire.<\/p>\n\n\n\n<p>Les fonds correspondant \u00e0 l\u2019indemnisation des actions Altran qui n\u2019auront pas \u00e9t\u00e9 r\u00e9clam\u00e9s par les \u00e9tablissements d\u00e9positaires pour le compte des ayants-droit seront conserv\u00e9s chez BNP Paribas Securities Services pendant dix ans \u00e0 compter du retrait obligatoire et vers\u00e9s \u00e0 la Caisse des D\u00e9p\u00f4ts et Consignations \u00e0 l\u2019expiration de ce d\u00e9lai. Ces fonds pourront \u00eatre r\u00e9clam\u00e9s \u00e0 tout moment par leurs ayants-droit sous r\u00e9serve de la prescription trentenaire au profit de l\u2019\u00c9tat.&nbsp;Les actions Altran seront radi\u00e9es de la cote sur Euronext \u00e0 Paris, apr\u00e8s la cl\u00f4ture du march\u00e9, le 15 avril 2020, date de mise en \u0153uvre du retrait obligatoire.<\/p>\n\n\n\n<p>La note d\u2019information de Capgemini et la note en r\u00e9ponse d\u2019Altran, telles qu\u2019approuv\u00e9es par l\u2019AMF le 14 octobre 2019 respectivement sous le visa n\u00b0 19-489 et le visa n\u00b0 19-490, ainsi que les documents relatifs aux autres informations de chacune des soci\u00e9t\u00e9s, sont disponibles sur le site internet de l\u2019AMF (www.amf-france.org), et sur le site internet de Capgemini (www.capgemini.com\/altran) ou d\u2019Altran (www.altran.com). Ces documents peuvent \u00eatre obtenus sans frais aupr\u00e8s de Capgemini (11 rue de Tilsitt, 75017 Paris, France) ou d\u2019Altran (96 avenue Charles de Gaulle, 92200 Neuilly-sur-Seine, France), selon qu\u2019ils se rapportent \u00e0 Capgemini ou Altran.&nbsp;Le pr\u00e9sent communiqu\u00e9 est \u00e9tabli et publi\u00e9 conform\u00e9ment aux dispositions de l\u2019article 237-3, III du r\u00e8glement g\u00e9n\u00e9ral de l\u2019AMF.<\/p>\n\n\n\n<p><strong>INFORMATIONS IMPORTANTES<\/strong><\/p>\n\n\n\n<p>Le pr\u00e9sent communiqu\u00e9 de presse est diffus\u00e9 \u00e0 titre informatif uniquement et ne constitue pas une offre d\u2019achat, ou une sollicitation d\u2019une offre de vente, d\u2019instruments financiers d\u2019Altran.<\/p>\n\n\n\n<p>Ce communiqu\u00e9 de presse ne doit pas \u00eatre publi\u00e9, diffus\u00e9 ou distribu\u00e9, directement ou indirectement, dans tout pays dans lequel la distribution de ces informations fait l\u2019objet de restrictions l\u00e9gales. L\u2019offre publique d\u2019achat n\u2019est pas ouverte au public dans les juridictions dans lesquelles son ouverture fait l\u2019objet de restrictions l\u00e9gales.<\/p>\n\n\n\n<p>La publication, la diffusion ou la distribution de ce communiqu\u00e9 de presse dans certains pays peut faire l\u2019objet de restrictions l\u00e9gales ou r\u00e9glementaires. Par cons\u00e9quent, les personnes situ\u00e9es dans les pays o\u00f9 ce communiqu\u00e9 est publi\u00e9, diffus\u00e9 ou distribu\u00e9 doivent s\u2019informer sur de telles restrictions et s\u2019y conformer. Capgemini d\u00e9cline toute responsabilit\u00e9 quant \u00e0 une \u00e9ventuelle violation de ces restrictions par qui que ce soit.<\/p>\n\n\n\n<p><strong>\u00c0 propos de Capgemini<\/strong><\/p>\n\n\n\n<p>Capgemini est un leader mondial du conseil, de la transformation num\u00e9rique, des services technologiques et d\u2019ing\u00e9nierie. A la pointe de l\u2019innovation, le Groupe aide ses clients \u00e0 saisir l\u2019ensemble des opportunit\u00e9s que pr\u00e9sentent le cloud, le digital et les plateformes. Fort de plus de 50 ans d\u2019exp\u00e9rience et d\u2019une grande expertise des diff\u00e9rents secteurs d\u2019activit\u00e9, il accompagne les entreprises et organisations dans la r\u00e9alisation de leurs ambitions, de la d\u00e9finition de leur strat\u00e9gie \u00e0 la mise en \u0153uvre de leurs op\u00e9rations. Pour Capgemini, ce sont les hommes et les femmes qui donnent toute sa valeur \u00e0 la technologie. R\u00e9solument multiculturel, le Groupe compte aujourd\u2019hui 270 000 collaborateurs pr\u00e9sents dans pr\u00e8s de 50 pays. Avec Altran, le Groupe a r\u00e9alis\u00e9 un chiffre d\u2019affaires combin\u00e9 de 17 milliards d\u2019euros en 2019.<\/p>\n\n\n\n<p>Plus d\u2019informations sur <a href=\"http:\/\/www.capgemini.com\">www.capgemini.com<\/a>. <em>People matter, results count.<\/em><\/p>\n\n\n\n<p><a href=\"#_ftnref1\">[1]<\/a> Sur la base d\u2019un capital social d\u2019Altran compos\u00e9 de 257&nbsp;021&nbsp;105 actions repr\u00e9sentant 257&nbsp;351&nbsp;451 droits de vote au 28 f\u00e9vrier 2020.<\/p>\n<\/div><\/div><\/div><\/div><\/div><\/section>\n\n\n<div class=\"wp-block-cg-blocks-cg-block-related-content\"><section class=\"relatedContentBlock\"><div class=\"container\"><div class=\"row\"><div class=\"content-title col-12 col-md-8\"><h2 class=\"related-content-heading\">Related News<\/h2><\/div><\/div><div class=\"row relatedContent\"><div class=\"col-lg-4 col-md-6 col-xs-12\">\n\t\t\t\t\t\t\t<div class=\"box\">\n\t\t\t\t\t\t\t\t<a aria-label=\"Lire la suite Capgemini d\u00e9voile le Google Cloud AI Enterprise Hub pour acc\u00e9l\u00e9rer la transformation des entreprises gr\u00e2ce \u00e0 l\u2019IA agentique\" href=\"https:\/\/www.capgemini.com\/fr-fr\/actualites\/communiques-de-presse\/capgemini-devoile-le-google-cloud-ai-enterprise-hub-pour-accelerer-la-transformation-des-entreprises-vers-ia-agentique\/\" class=\"anchorWrapper\">\n\t\t\t\t\t\t\t\t\t<span class=\"box-tag\"><span>Partenariats<\/span><\/span>\n\t\t\t\t\t\t\t\t\t<div class=\"box-title\"><h3 class=\"box-subtitle\">Capgemini d\u00e9voile le Google Cloud AI Enterprise Hub pour acc\u00e9l\u00e9rer la transformation des entreprises gr\u00e2ce \u00e0 l\u2019IA agentique<\/h3><\/div>\n\t\t\t\t\t\t\t\t\t<div class=\"box-date\">\n\t\t\t\t\t\t\t\t\t\t<span>Apr 23, 2026<\/span>\n\t\t\t\t\t\t\t\t\t<\/div>\n\t\t\t\t\t\t\t\t\t<div class=\"box-bottom\">\n\t\t\t\t\t\t\t\t\t\t&lt;a class=&quot;link-download&quot; href=&quot;https:\/\/www.capgemini.com\/wp-content\/uploads\/2026\/04\/04_23_Capgemini-news-alert_Google-Cloud-AI-Enterprise-Hub.pdf&quot; aria-label=&quot;T\u00e9l\u00e9charger le communiqu\u00e9 de presse&quot; target=&quot;_blank&quot;  type=&quot;download&quot; title=&quot;Opens in a new window&quot;&gt;\n\t\t\t\t\t\t\t&lt;span&gt;T\u00e9l\u00e9charger le communiqu\u00e9 de presse&lt;\/span&gt;\n\t\t\t\t\t\t\t&lt;span&gt;143 KB PDF&lt;\/span&gt;\n\t\t\t\t\t\t&lt;\/a&gt;\n\t\t\t\t\t\t\t\t\t\t<a class=\"more\" aria-label=\"Lire la suite Capgemini d\u00e9voile le Google Cloud AI Enterprise Hub pour acc\u00e9l\u00e9rer la transformation des entreprises gr\u00e2ce \u00e0 l\u2019IA agentique\" href=\"https:\/\/www.capgemini.com\/fr-fr\/actualites\/communiques-de-presse\/capgemini-devoile-le-google-cloud-ai-enterprise-hub-pour-accelerer-la-transformation-des-entreprises-vers-ia-agentique\/\">Lire la suite<\/a>\n\t\t\t\t\t\t\t\t\t<\/div>\n\t\t\t\t\t\t\t\t<\/a>\n\t\t\t\t\t\t\t<\/div>\n\t\t\t\t\t\t<\/div><div class=\"col-lg-4 col-md-6 col-xs-12\">\n\t\t\t\t\t\t\t<div class=\"box\">\n\t\t\t\t\t\t\t\t<a aria-label=\"Lire la suite La r\u00e9industrialisation entre dans une phase plus s\u00e9lective et strat\u00e9gique en Europe et aux \u00c9tats Unis\" href=\"https:\/\/www.capgemini.com\/fr-fr\/actualites\/communiques-de-presse\/la-reindustrialisation-entre-dans-une-phase-plus-selective-et-strategique-en-europe-et-aux-etats-unis\/\" class=\"anchorWrapper\">\n\t\t\t\t\t\t\t\t\t<span class=\"box-tag\"><span>Publications<\/span><\/span>\n\t\t\t\t\t\t\t\t\t<div class=\"box-title\"><h3 class=\"box-subtitle\">La r\u00e9industrialisation entre dans une phase plus s\u00e9lective et strat\u00e9gique en Europe et aux \u00c9tats Unis<\/h3><\/div>\n\t\t\t\t\t\t\t\t\t<div class=\"box-date\">\n\t\t\t\t\t\t\t\t\t\t<span>Apr 20, 2026<\/span>\n\t\t\t\t\t\t\t\t\t<\/div>\n\t\t\t\t\t\t\t\t\t<div class=\"box-bottom\">\n\t\t\t\t\t\t\t\t\t\t&lt;a class=&quot;link-download&quot; href=&quot;https:\/\/www.capgemini.com\/fr-fr\/wp-content\/uploads\/sites\/6\/2026\/04\/2026_04_20_Capgemini_Reindustrialisation-of-Europe-and-the-US-report_3rd-edition_press-release_FR.pdf&quot; aria-label=&quot;T\u00e9l\u00e9charger le communiqu\u00e9 de presse&quot; target=&quot;_blank&quot;  type=&quot;download&quot; title=&quot;Opens in a new window&quot;&gt;\n\t\t\t\t\t\t\t&lt;span&gt;T\u00e9l\u00e9charger le communiqu\u00e9 de presse&lt;\/span&gt;\n\t\t\t\t\t\t\t&lt;span&gt;163 KB PDF&lt;\/span&gt;\n\t\t\t\t\t\t&lt;\/a&gt;\n\t\t\t\t\t\t\t\t\t\t<a class=\"more\" aria-label=\"Lire la suite La r\u00e9industrialisation entre dans une phase plus s\u00e9lective et strat\u00e9gique en Europe et aux \u00c9tats Unis\" href=\"https:\/\/www.capgemini.com\/fr-fr\/actualites\/communiques-de-presse\/la-reindustrialisation-entre-dans-une-phase-plus-selective-et-strategique-en-europe-et-aux-etats-unis\/\">Lire la suite<\/a>\n\t\t\t\t\t\t\t\t\t<\/div>\n\t\t\t\t\t\t\t\t<\/a>\n\t\t\t\t\t\t\t<\/div>\n\t\t\t\t\t\t<\/div><div class=\"col-lg-4 col-md-6 col-xs-12\">\n\t\t\t\t\t\t\t<div class=\"box\">\n\t\t\t\t\t\t\t\t<a aria-label=\"Lire la suite Deux tiers des organisations consid\u00e8rent l\u2019IA physique comme une priorit\u00e9 majeure pour les trois \u00e0 cinq prochaines ann\u00e9es\" href=\"https:\/\/www.capgemini.com\/fr-fr\/actualites\/communiques-de-presse\/deux-tiers-des-organisations-considerent-lia-physique-comme-une-priorite-majeure-pour-les-trois-a-cinq-prochaines-annees\/\" class=\"anchorWrapper\">\n\t\t\t\t\t\t\t\t\t<span class=\"box-tag\"><span>Publications<\/span><\/span>\n\t\t\t\t\t\t\t\t\t<div class=\"box-title\"><h3 class=\"box-subtitle\">Deux tiers des organisations consid\u00e8rent l\u2019IA physique comme une priorit\u00e9 majeure pour les trois \u00e0 cinq prochaines ann\u00e9es<\/h3><\/div>\n\t\t\t\t\t\t\t\t\t<div class=\"box-date\">\n\t\t\t\t\t\t\t\t\t\t<span>Apr 16, 2026<\/span>\n\t\t\t\t\t\t\t\t\t<\/div>\n\t\t\t\t\t\t\t\t\t<div class=\"box-bottom\">\n\t\t\t\t\t\t\t\t\t\t&lt;a class=&quot;link-download&quot; href=&quot;https:\/\/www.capgemini.com\/fr-fr\/wp-content\/uploads\/sites\/6\/2026\/04\/04_16_Physical-AI-CRI-report-press-release-FR.pdf&quot; aria-label=&quot;T\u00e9l\u00e9charger le communiqu\u00e9 de presse&quot; target=&quot;_blank&quot;  type=&quot;download&quot; title=&quot;Opens in a new window&quot;&gt;\n\t\t\t\t\t\t\t&lt;span&gt;T\u00e9l\u00e9charger le communiqu\u00e9 de presse&lt;\/span&gt;\n\t\t\t\t\t\t\t&lt;span&gt;196 KB PDF&lt;\/span&gt;\n\t\t\t\t\t\t&lt;\/a&gt;\n\t\t\t\t\t\t\t\t\t\t<a class=\"more\" aria-label=\"Lire la suite Deux tiers des organisations consid\u00e8rent l\u2019IA physique comme une priorit\u00e9 majeure pour les trois \u00e0 cinq prochaines ann\u00e9es\" href=\"https:\/\/www.capgemini.com\/fr-fr\/actualites\/communiques-de-presse\/deux-tiers-des-organisations-considerent-lia-physique-comme-une-priorite-majeure-pour-les-trois-a-cinq-prochaines-annees\/\">Lire la suite<\/a>\n\t\t\t\t\t\t\t\t\t<\/div>\n\t\t\t\t\t\t\t\t<\/a>\n\t\t\t\t\t\t\t<\/div>\n\t\t\t\t\t\t<\/div><\/div><\/div><\/section><\/div>","protected":false},"excerpt":{"rendered":"","protected":false},"author":103,"featured_media":0,"template":"","meta":{"cg_dt_proposed_to":[],"cg_seo_hreflang_relations":"[]","cg_seo_canonical_relation":"{\"uuid\":\"3be17aab-ffe4-43bd-8da9-efc1b73d7af6\",\"blogId\":\"\",\"domain\":\"\",\"sitePath\":\"\",\"postLink\":\"\",\"postId\":null,\"isSaved\":true,\"isCrossLink\":false,\"hasCrossLink\":false}","cg_seo_hreflang_x_default_relation":"{\"uuid\":\"10e82634-ae8b-46c8-a0ec-62bd1fe1acc7\",\"blogId\":\"\",\"domain\":\"\",\"sitePath\":\"\",\"postLink\":\"\",\"postId\":null,\"isSaved\":true,\"isCrossLink\":false,\"hasCrossLink\":false}","cg_dt_approved_content":true,"cg_dt_mandatory_content":false,"cg_dt_notes":"","cg_dg_source_changed":false,"cg_dt_link_disabled":false,"footnotes":"","related_resource_url":"https:\/\/www.capgemini.com\/fr-fr\/wp-content\/uploads\/sites\/6\/2022\/04\/Capgemini_-_2020-04-02_-_procedure_de_retrait_obligatoire_des-actions_Altran-1.pdf","related_resource_id":664756,"related_resource_size":"97 KB","related_resource_type":"pdf","cg_author":0,"featured_focal_points":""},"tags":[],"press-release-type":[],"brand":[],"class_list":["post-664755","press-release","type-press-release","status-publish","hentry"],"yoast_head":"<!-- This site is optimized with the Yoast SEO Premium plugin v22.8 (Yoast SEO v22.8) - https:\/\/yoast.com\/wordpress\/plugins\/seo\/ -->\n<title>Mise en \u0153uvre par Capgemini de la proc\u00e9dure de retrait obligatoire portant sur les actions Altran - Capgemini France<\/title>\n<meta name=\"robots\" content=\"index, follow, max-snippet:-1, max-image-preview:large, max-video-preview:-1\" \/>\n<link rel=\"canonical\" href=\"https:\/\/www.capgemini.com\/fr-fr\/actualites\/communiques-de-presse\/mise-en-oeuvre-par-capgemini-de-la-procedure-de-retrait-obligatoire-portant-sur-les-actions-altran\/\" \/>\n<meta property=\"og:locale\" content=\"fr_FR\" \/>\n<meta property=\"og:type\" content=\"article\" \/>\n<meta property=\"og:title\" content=\"Mise en \u0153uvre par Capgemini de la proc\u00e9dure de retrait obligatoire portant sur les actions Altran\" \/>\n<meta property=\"og:url\" content=\"https:\/\/www.capgemini.com\/fr-fr\/actualites\/communiques-de-presse\/mise-en-oeuvre-par-capgemini-de-la-procedure-de-retrait-obligatoire-portant-sur-les-actions-altran\/\" \/>\n<meta property=\"og:site_name\" content=\"Capgemini France\" \/>\n<meta property=\"article:modified_time\" content=\"2025-03-05T02:50:44+00:00\" \/>\n<meta property=\"og:image\" content=\"https:\/\/www.capgemini.com\/fr-fr\/wp-content\/uploads\/sites\/6\/2025\/10\/image-1.jpg\" \/>\n\t<meta property=\"og:image:width\" content=\"1200\" \/>\n\t<meta property=\"og:image:height\" content=\"627\" \/>\n\t<meta property=\"og:image:type\" content=\"image\/jpeg\" \/>\n<meta name=\"twitter:card\" content=\"summary_large_image\" \/>\n<script type=\"application\/ld+json\" class=\"yoast-schema-graph\">{\"@context\":\"https:\/\/schema.org\",\"@graph\":[{\"@type\":\"WebPage\",\"@id\":\"https:\/\/www.capgemini.com\/fr-fr\/actualites\/communiques-de-presse\/mise-en-oeuvre-par-capgemini-de-la-procedure-de-retrait-obligatoire-portant-sur-les-actions-altran\/\",\"url\":\"https:\/\/www.capgemini.com\/fr-fr\/actualites\/communiques-de-presse\/mise-en-oeuvre-par-capgemini-de-la-procedure-de-retrait-obligatoire-portant-sur-les-actions-altran\/\",\"name\":\"Mise en \u0153uvre par Capgemini de la proc\u00e9dure de retrait obligatoire portant sur les actions Altran - Capgemini France\",\"isPartOf\":{\"@id\":\"https:\/\/www.capgemini.com\/fr-fr\/#website\"},\"datePublished\":\"2020-04-02T08:42:00+00:00\",\"dateModified\":\"2025-03-05T02:50:44+00:00\",\"breadcrumb\":{\"@id\":\"https:\/\/www.capgemini.com\/fr-fr\/actualites\/communiques-de-presse\/mise-en-oeuvre-par-capgemini-de-la-procedure-de-retrait-obligatoire-portant-sur-les-actions-altran\/#breadcrumb\"},\"inLanguage\":\"fr-FR\",\"potentialAction\":[{\"@type\":\"ReadAction\",\"target\":[\"https:\/\/www.capgemini.com\/fr-fr\/actualites\/communiques-de-presse\/mise-en-oeuvre-par-capgemini-de-la-procedure-de-retrait-obligatoire-portant-sur-les-actions-altran\/\"]}]},{\"@type\":\"BreadcrumbList\",\"@id\":\"https:\/\/www.capgemini.com\/fr-fr\/actualites\/communiques-de-presse\/mise-en-oeuvre-par-capgemini-de-la-procedure-de-retrait-obligatoire-portant-sur-les-actions-altran\/#breadcrumb\",\"itemListElement\":[{\"@type\":\"ListItem\",\"position\":1,\"name\":\"Press Releases\",\"item\":\"https:\/\/www.capgemini.com\/fr-fr\/news\/\"},{\"@type\":\"ListItem\",\"position\":2,\"name\":\"Mise en \u0153uvre par Capgemini de la proc\u00e9dure de retrait obligatoire portant sur les actions Altran\"}]},{\"@type\":\"WebSite\",\"@id\":\"https:\/\/www.capgemini.com\/fr-fr\/#website\",\"url\":\"https:\/\/www.capgemini.com\/fr-fr\/\",\"name\":\"Capgemini France\",\"description\":\"Just another www.capgemini.com site\",\"publisher\":{\"@id\":\"https:\/\/www.capgemini.com\/fr-fr\/#organization\"},\"potentialAction\":[{\"@type\":\"SearchAction\",\"target\":{\"@type\":\"EntryPoint\",\"urlTemplate\":\"https:\/\/www.capgemini.com\/fr-fr\/?s={search_term_string}\"},\"query-input\":\"required name=search_term_string\"}],\"inLanguage\":\"fr-FR\"},{\"@type\":\"Organization\",\"@id\":\"https:\/\/www.capgemini.com\/fr-fr\/#organization\",\"name\":\"Capgemini France\",\"url\":\"https:\/\/www.capgemini.com\/fr-fr\/\",\"logo\":{\"@type\":\"ImageObject\",\"inLanguage\":\"fr-FR\",\"@id\":\"https:\/\/www.capgemini.com\/fr-fr\/#\/schema\/logo\/image\/\",\"url\":\"https:\/\/www.capgemini.com\/fr-fr\/wp-content\/uploads\/sites\/6\/2022\/08\/Logo-Capgemini.png\",\"contentUrl\":\"https:\/\/www.capgemini.com\/fr-fr\/wp-content\/uploads\/sites\/6\/2022\/08\/Logo-Capgemini.png\",\"width\":202,\"height\":60,\"caption\":\"Capgemini France\"},\"image\":{\"@id\":\"https:\/\/www.capgemini.com\/fr-fr\/#\/schema\/logo\/image\/\"}}]}<\/script>\n<!-- \/ Yoast SEO Premium plugin. -->","yoast_head_json":{"title":"Mise en \u0153uvre par Capgemini de la proc\u00e9dure de retrait obligatoire portant sur les actions Altran - Capgemini France","robots":{"index":"index","follow":"follow","max-snippet":"max-snippet:-1","max-image-preview":"max-image-preview:large","max-video-preview":"max-video-preview:-1"},"canonical":"https:\/\/www.capgemini.com\/fr-fr\/actualites\/communiques-de-presse\/mise-en-oeuvre-par-capgemini-de-la-procedure-de-retrait-obligatoire-portant-sur-les-actions-altran\/","og_locale":"fr_FR","og_type":"article","og_title":"Mise en \u0153uvre par Capgemini de la proc\u00e9dure de retrait obligatoire portant sur les actions Altran","og_url":"https:\/\/www.capgemini.com\/fr-fr\/actualites\/communiques-de-presse\/mise-en-oeuvre-par-capgemini-de-la-procedure-de-retrait-obligatoire-portant-sur-les-actions-altran\/","og_site_name":"Capgemini France","article_modified_time":"2025-03-05T02:50:44+00:00","og_image":[{"width":1200,"height":627,"url":"https:\/\/www.capgemini.com\/fr-fr\/wp-content\/uploads\/sites\/6\/2025\/10\/image-1.jpg","type":"image\/jpeg"}],"twitter_card":"summary_large_image","schema":{"@context":"https:\/\/schema.org","@graph":[{"@type":"WebPage","@id":"https:\/\/www.capgemini.com\/fr-fr\/actualites\/communiques-de-presse\/mise-en-oeuvre-par-capgemini-de-la-procedure-de-retrait-obligatoire-portant-sur-les-actions-altran\/","url":"https:\/\/www.capgemini.com\/fr-fr\/actualites\/communiques-de-presse\/mise-en-oeuvre-par-capgemini-de-la-procedure-de-retrait-obligatoire-portant-sur-les-actions-altran\/","name":"Mise en \u0153uvre par Capgemini de la proc\u00e9dure de retrait obligatoire portant sur les actions Altran - Capgemini France","isPartOf":{"@id":"https:\/\/www.capgemini.com\/fr-fr\/#website"},"datePublished":"2020-04-02T08:42:00+00:00","dateModified":"2025-03-05T02:50:44+00:00","breadcrumb":{"@id":"https:\/\/www.capgemini.com\/fr-fr\/actualites\/communiques-de-presse\/mise-en-oeuvre-par-capgemini-de-la-procedure-de-retrait-obligatoire-portant-sur-les-actions-altran\/#breadcrumb"},"inLanguage":"fr-FR","potentialAction":[{"@type":"ReadAction","target":["https:\/\/www.capgemini.com\/fr-fr\/actualites\/communiques-de-presse\/mise-en-oeuvre-par-capgemini-de-la-procedure-de-retrait-obligatoire-portant-sur-les-actions-altran\/"]}]},{"@type":"BreadcrumbList","@id":"https:\/\/www.capgemini.com\/fr-fr\/actualites\/communiques-de-presse\/mise-en-oeuvre-par-capgemini-de-la-procedure-de-retrait-obligatoire-portant-sur-les-actions-altran\/#breadcrumb","itemListElement":[{"@type":"ListItem","position":1,"name":"Press Releases","item":"https:\/\/www.capgemini.com\/fr-fr\/news\/"},{"@type":"ListItem","position":2,"name":"Mise en \u0153uvre par Capgemini de la proc\u00e9dure de retrait obligatoire portant sur les actions Altran"}]},{"@type":"WebSite","@id":"https:\/\/www.capgemini.com\/fr-fr\/#website","url":"https:\/\/www.capgemini.com\/fr-fr\/","name":"Capgemini France","description":"Just another www.capgemini.com site","publisher":{"@id":"https:\/\/www.capgemini.com\/fr-fr\/#organization"},"potentialAction":[{"@type":"SearchAction","target":{"@type":"EntryPoint","urlTemplate":"https:\/\/www.capgemini.com\/fr-fr\/?s={search_term_string}"},"query-input":"required name=search_term_string"}],"inLanguage":"fr-FR"},{"@type":"Organization","@id":"https:\/\/www.capgemini.com\/fr-fr\/#organization","name":"Capgemini France","url":"https:\/\/www.capgemini.com\/fr-fr\/","logo":{"@type":"ImageObject","inLanguage":"fr-FR","@id":"https:\/\/www.capgemini.com\/fr-fr\/#\/schema\/logo\/image\/","url":"https:\/\/www.capgemini.com\/fr-fr\/wp-content\/uploads\/sites\/6\/2022\/08\/Logo-Capgemini.png","contentUrl":"https:\/\/www.capgemini.com\/fr-fr\/wp-content\/uploads\/sites\/6\/2022\/08\/Logo-Capgemini.png","width":202,"height":60,"caption":"Capgemini France"},"image":{"@id":"https:\/\/www.capgemini.com\/fr-fr\/#\/schema\/logo\/image\/"}}]}},"parsely":{"version":"1.1.0","canonical_url":"https:\/\/capgemini.com\/fr-fr\/actualites\/communiques-de-presse\/mise-en-oeuvre-par-capgemini-de-la-procedure-de-retrait-obligatoire-portant-sur-les-actions-altran\/","smart_links":{"inbound":0,"outbound":0},"traffic_boost_suggestions_count":0,"meta":{"@context":"https:\/\/schema.org","@type":"NewsArticle","headline":"Mise en \u0153uvre par Capgemini de la proc\u00e9dure de retrait obligatoire portant sur les actions Altran","url":"https:\/\/www.capgemini.com\/fr-fr\/actualites\/communiques-de-presse\/mise-en-oeuvre-par-capgemini-de-la-procedure-de-retrait-obligatoire-portant-sur-les-actions-altran\/","mainEntityOfPage":{"@type":"WebPage","@id":"https:\/\/www.capgemini.com\/fr-fr\/actualites\/communiques-de-presse\/mise-en-oeuvre-par-capgemini-de-la-procedure-de-retrait-obligatoire-portant-sur-les-actions-altran\/"},"thumbnailUrl":"","image":{"@type":"ImageObject","url":""},"articleSection":"Uncategorized","author":[],"creator":[],"publisher":{"@type":"Organization","name":"Capgemini France","logo":""},"keywords":[],"dateCreated":"2020-04-02T08:42:00Z","datePublished":"2020-04-02T08:42:00Z","dateModified":"2025-03-05T02:50:44Z"},"rendered":"<meta name=\"parsely-title\" content=\"Mise en \u0153uvre par Capgemini de la proc\u00e9dure de retrait obligatoire portant sur les actions Altran\" \/>\n<meta name=\"parsely-link\" content=\"https:\/\/www.capgemini.com\/fr-fr\/actualites\/communiques-de-presse\/mise-en-oeuvre-par-capgemini-de-la-procedure-de-retrait-obligatoire-portant-sur-les-actions-altran\/\" \/>\n<meta name=\"parsely-type\" content=\"post\" \/>\n<meta name=\"parsely-pub-date\" content=\"2020-04-02T08:42:00Z\" \/>\n<meta name=\"parsely-section\" content=\"Uncategorized\" \/>","tracker_url":"https:\/\/cdn.parsely.com\/keys\/capgemini.com\/p.js"},"archive_status":false,"featured_image_src":"https:\/\/www.capgemini.com\/fr-fr\/wp-content\/themes\/capgemini2025\/assets\/images\/mockup.png","featured_image_alt":false,"jetpack_sharing_enabled":true,"distributor_meta":false,"distributor_terms":false,"distributor_media":false,"distributor_original_site_name":"Capgemini France","distributor_original_site_url":"https:\/\/www.capgemini.com\/fr-fr","push-errors":false,"tag_names":[],"_links":{"self":[{"href":"https:\/\/www.capgemini.com\/fr-fr\/wp-json\/wp\/v2\/press-release\/664755","targetHints":{"allow":["GET"]}}],"collection":[{"href":"https:\/\/www.capgemini.com\/fr-fr\/wp-json\/wp\/v2\/press-release"}],"about":[{"href":"https:\/\/www.capgemini.com\/fr-fr\/wp-json\/wp\/v2\/types\/press-release"}],"author":[{"embeddable":true,"href":"https:\/\/www.capgemini.com\/fr-fr\/wp-json\/wp\/v2\/users\/103"}],"version-history":[{"count":6,"href":"https:\/\/www.capgemini.com\/fr-fr\/wp-json\/wp\/v2\/press-release\/664755\/revisions"}],"predecessor-version":[{"id":778149,"href":"https:\/\/www.capgemini.com\/fr-fr\/wp-json\/wp\/v2\/press-release\/664755\/revisions\/778149"}],"wp:attachment":[{"href":"https:\/\/www.capgemini.com\/fr-fr\/wp-json\/wp\/v2\/media?parent=664755"}],"wp:term":[{"taxonomy":"post_tag","embeddable":true,"href":"https:\/\/www.capgemini.com\/fr-fr\/wp-json\/wp\/v2\/tags?post=664755"},{"taxonomy":"press-release-type","embeddable":true,"href":"https:\/\/www.capgemini.com\/fr-fr\/wp-json\/wp\/v2\/press-release-type?post=664755"},{"taxonomy":"brand","embeddable":true,"href":"https:\/\/www.capgemini.com\/fr-fr\/wp-json\/wp\/v2\/brand?post=664755"}],"curies":[{"name":"wp","href":"https:\/\/api.w.org\/{rel}","templated":true}]}}