{"id":664663,"date":"2020-11-09T08:04:00","date_gmt":"2020-11-09T08:04:00","guid":{"rendered":"https:\/\/www.capgemini.com\/fr-fr\/?post_type=press-release&#038;p=664663"},"modified":"2025-03-04T11:19:23","modified_gmt":"2025-03-04T10:19:23","slug":"urgence-covid-19-la-fondation-des-femmes-et-ses-partenaires-ont-mis-en-place-un-dispositif-innovant-pour-lhebergement-des-femmes-et-enfants-victimes-de-violences-pendant-le-confinement","status":"publish","type":"press-release","link":"https:\/\/www.capgemini.com\/fr-fr\/actualites\/communiques-de-presse\/urgence-covid-19-la-fondation-des-femmes-et-ses-partenaires-ont-mis-en-place-un-dispositif-innovant-pour-lhebergement-des-femmes-et-enfants-victimes-de-violences-pendant-le-confinement\/","title":{"rendered":"URGENCE COVID-19 : La Fondation des Femmes et ses partenaires ont mis en place un dispositif innovant pour l\u2019h\u00e9bergement des femmes et enfants victimes de violences pendant le confinement"},"content":{"rendered":"\t\t<div class=\"wp-block-cg-blocks-hero-press-release\">\n\t\t\t<header class=\"header-hero-press-release\" role=\"main\" id=\"main-content-press-release\">\n\t\t\t\t<div class=\"container\">\n\t\t\t\t\t<div class=\"hero-press-release\">\n\t\t\t\t\t\t<div class=\"hero-press-release-content-wrapper\">\n\t\t\t\t\t\t\t<div class=\"row\">\n\t\t\t\t\t\t\t\t<div class=\"col-12\">\n\t\t\t\t\t\t\t\t\t<div class=\"header-title\">\n\t\t\t\t\t\t\t\t\t\t<h1>\n\t\t\t\t\t\t\t\t\t\t\tURGENCE COVID-19 : La Fondation des Femmes et ses partenaires ont mis en place un dispositif innovant pour l\u2019h\u00e9bergement des femmes et enfants victimes de violences pendant le confinement\t\t\t\t\t\t\t\t\t\t<\/h1>\n\t\t\t\t\t\t\t\t\t<\/div>\n\t\t\t\t\t\t\t\t\t<div class=\"header-description\">\n\t\t\t\t\t\t\t\t\t\t<p><\/p>\n\t\t\t\t\t\t\t\t\t<\/div>\n\t\t\t\t\t\t\t\t\t\t\t\t\t\t\t\t\t\t<div class=\"header-date\">\n\t\t\t\t\t\t\t\t\t\t<span>nov. 9, 2020<\/span>\n\t\t\t\t\t\t\t\t\t<\/div>\n\t\t\t\t\t\t\t\t<\/div>\n\t\t\t\t\t\t\t<\/div>\n\t\t\t\t\t\t<\/div>\n\t\t\t\t\t\t\t\t\t\t\t\t\t<div class=\"hero-press-release-downloads\">\n\t\t\t\t\t\t\t\t<div class=\"row\">\n\t\t\t\t\t\t\t\t\t\t\t\t\t\t\t\t\t\t\t<div class=\"col-12 col-md-6 col-lg-3\">\n\t\t\t\t\t\t\t\t\t\t\t<a class=\"download-item\" type=\"download\" href=\"https:\/\/www.capgemini.com\/fr-fr\/wp-content\/uploads\/sites\/6\/2022\/04\/CP-Fondation-des-Femmes_Campus-Serge-Kampf-Les-Fontaines_9-nov_vf-1.pdf\" target=\"_blank\" rel=\"noopener noreferrer\" title=\"Ouvrir dans une nouvelle fen\u00eatre\">\n\t\t\t\t\t\t\t\t\t\t\t\t<div class=\"download-icon\"><\/div>\n\t\t\t\t\t\t\t\t\t\t\t\t<div class=\"download-details\">\n\t\t\t\t\t\t\t\t\t\t\t\t\t<div class=\"download-title\">Download press release<\/div>\n\t\t\t\t\t\t\t\t\t\t\t\t\t<div class=\"download-props\">176 KB  pdf<\/div>\n\t\t\t\t\t\t\t\t\t\t\t\t<\/div>\n\t\t\t\t\t\t\t\t\t\t\t<\/a>\n\t\t\t\t\t\t\t\t\t\t<\/div>\n\t\t\t\t\t\t\t\t\t\t\t\t\t\t\t\t\t\t<\/div>\n\t\t\t\t\t\t\t<\/div>\n\t\t\t\t\t\t\t\t\t\t\t\t\t\t\t\t\t<\/div>\n\t\t\t\t<\/div>\n\t\t\t<\/header>\n\t\t<\/div>\n\t\t\n\n\n<section class=\"wp-block-cg-blocks-intro-para undefined section section--intro\"><div class=\"intro-para\"><div class=\"container\"><div class=\"row\"><div class=\"col-12 col-md-1\"><nav class=\"article-social\"><ul class=\"social-nav\"><li class=\"ip-order-fb\"><a href=\"https:\/\/www.facebook.com\/sharer\/sharer.php?u=https:\/\/www.capgemini.com\/fr-fr\/actualites\/communiques-de-presse\/urgence-covid-19-la-fondation-des-femmes-et-ses-partenaires-ont-mis-en-place-un-dispositif-innovant-pour-lhebergement-des-femmes-et-enfants-victimes-de-violences-pendant-le-confinement\/\" target=\"_blank\" rel=\"noopener noreferrer\" title=\"Ouvrir dans une nouvelle fen\u00eatre\"><i aria-hidden=\"true\" class=\"icon-fb\"><\/i><span class=\"sr-only\">Facebook<\/span><\/a><\/li><li class=\"ip-order-li\"><a href=\"https:\/\/www.linkedin.com\/sharing\/share-offsite\/?url=https:\/\/www.capgemini.com\/fr-fr\/actualites\/communiques-de-presse\/urgence-covid-19-la-fondation-des-femmes-et-ses-partenaires-ont-mis-en-place-un-dispositif-innovant-pour-lhebergement-des-femmes-et-enfants-victimes-de-violences-pendant-le-confinement\/\" target=\"_blank\" rel=\"noopener noreferrer\" title=\"Ouvrir dans une nouvelle fen\u00eatre\"><i aria-hidden=\"true\" class=\"icon-li\"><\/i><span class=\"sr-only\">Linkedin<\/span><\/a><\/li><\/ul><\/nav><\/div><div class=\"col-12 col-md-11 col-lg-10\"><h2 class=\"intro-para-title\">Pour mettre en s\u00e9curit\u00e9 les femmes victimes de violences conjugales et leurs enfants en grave danger, la Fondation des Femmes et Capgemini ont d\u00e9ploy\u00e9 un dispositif innovant avec l\u2019aide de la Fondation PSG et de l\u2019Union r\u00e9gionale solidarit\u00e9 femmes. <\/h2><\/div><\/div><\/div><\/div><\/section>\n\n\n\n<section class=\"wp-block-cg-blocks-group undefined section section--article-content\"><div class=\"article-main-content\"><div class=\"container\"><div class=\"row\"><div class=\"col-12 col-md-11 col-lg-10 offset-md-1 offset-lg-1\"><div class=\"article-text article-quote-text\">\n<blockquote class=\"wp-block-quote is-layout-flow wp-block-quote-is-layout-flow\">\n<p>Les violences conjugales et intrafamiliales n\u2019ont pas cess\u00e9 pendant le confinement, elles se sont m\u00eame aggrav\u00e9es. Le Minist\u00e8re de l\u2019Int\u00e9rieur a ainsi mesur\u00e9 une hausse de 30% des signalements de situations de violences conjugales et intrafamiliales et de 44% des interventions des forces de l\u2019ordre pour diff\u00e9rends familiaux.<\/p>\n<\/blockquote>\n\n\n\n<p>C\u2019est dans ces conditions, et pour aider les associations en premi\u00e8re ligne \u00e0 r\u00e9pondre aux femmes en danger que la Fondation des Femmes a lanc\u00e9 sa <strong>campagne d\u2019urgence #ToutesSolidaires, qui a permis de lever 3 millions d\u2019euros<\/strong> gr\u00e2ce \u00e0 la g\u00e9n\u00e9rosit\u00e9 de ses m\u00e9c\u00e8nes et donateur.ices. <strong>Un des axes d\u2019action prioritaire de cette op\u00e9ration d\u2019urgence \u00e9tait la mise en s\u00e9curit\u00e9 des femmes et de leurs enfants <\/strong>et la recherche de nouvelles solutions d\u2019h\u00e9bergement&nbsp;:les places existantes \u00e9taient satur\u00e9es, voire confin\u00e9es.<\/p>\n\n\n\n<p><strong>C\u2019est \u00e0 ce moment que les \u00e9quipes de Capgemini sont intervenues. Elles<\/strong> ont contact\u00e9 la Fondation des Femmes avec la proposition suivante : ouvrir, pour la mise en s\u00e9curit\u00e9 des femmes et de leurs enfants accueillies par l\u2019association URSF, son lieu de s\u00e9minaires le Campus Serge Kampf Les Fontaines. Ainsi<strong>, pendant 2 mois,<\/strong> <strong>dans le plus grand des secrets afin d\u2019assurer la s\u00e9curit\u00e9 des familles, les \u00e9quipes de Capgemini, de l\u2019URSF et de la Fondation des Femmes ont agi pour mettre \u00e0 l\u2019abri 50 femmes et enfants<\/strong> et leur assurer un lieu de r\u00e9pit b\u00e9n\u00e9fique \u00e0 leur trajectoire de reconstruction.<\/p>\n\n\n\n<p><strong>La Fondation PSG<\/strong> qui agit en faveur de l\u2019enfance a \u00e9galement souhait\u00e9 contribuer au dispositif en mettant g\u00e9n\u00e9reusement \u00e0 disposition des \u00e9ducateurs sp\u00e9cialis\u00e9s h\u00e9berg\u00e9s directement sur le site et venus proposer aux familles des activit\u00e9s sportives et ludiques, ainsi que par un don mat\u00e9riel de v\u00eatements. Enfin,<strong> les collaborateur.ice.s de Capgemini <\/strong>sont \u00e9galement venus assurer b\u00e9n\u00e9volement des animations et apporter une pr\u00e9sence aupr\u00e8s des familles pendant les cong\u00e9s de fin de semaine.<\/p>\n\n\n\n<p>Anne-C\u00e9cile Mailfert, Pr\u00e9sidente de la Fondation des Femmes : <em>\u201c Nous sommes admiratives de la rapidit\u00e9 avec laquelle les \u00e9quipes de Capgemini ont r\u00e9agi pour apporter une solution concr\u00e8te au manque de places d\u2019h\u00e9bergement rencontr\u00e9es par les associations sur le terrain. Leur engagement a \u00e9t\u00e9 d\u00e9terminant pour la vie de nombreuses femmes ! Ce dispositif in\u00e9dit pour la mise \u00e0 l\u2019abri de femmes en grand danger associant fondations, association sp\u00e9cialiste et entreprise fait la fiert\u00e9 de la Fondation des Femmes. \u201d<\/em><\/p>\n\n\n\n<p><em>\u00ab&nbsp;Conscients que la crise sanitaire a rendu la situation des femmes victimes de violence encore plus difficile, nous avons d\u00e9cid\u00e9 d\u2019agir. En seulement deux semaines, nos \u00e9quipes se sont organis\u00e9es afin d\u2019offrir cet accueil d\u2019urgence \u00ab&nbsp;cl\u00e9 en main&nbsp;\u00bb \u00e0 50 femmes et enfants. La mobilisation de nos collaborateurs en m\u00e9c\u00e9nat et en volontariat t\u00e9moigne de la solidarit\u00e9 et de l\u2019engagement de tous au sein de Capgemini France. C\u2019est dans de telles circonstances que l\u2019on tient, plus que jamais, son rang de leader responsable&nbsp;\u00bb, <\/em>pr\u00e9cise J\u00e9r\u00f4me Sim\u00e9on, membre du Comit\u00e9 ex\u00e9cutif du groupe Capgemini et pr\u00e9sident de Capgemini en France.<a href=\"\/cookie-settings\/#cookie-consent\">Please allow statistical cookies to see this Youtube embed<\/a><\/p>\n\n\n\n<p><strong><u>Contact presse<\/u><\/strong><\/p>\n\n\n\n<p>Floriane Volt :<\/p>\n\n\n\n<p>presse@fondationdesfemmes.org<\/p>\n\n\n\n<p><strong><em>A propos de la Fondation des Femmes<\/em><\/strong><\/p>\n\n\n\n<p>La Fondation des Femmes sous \u00e9gide de la Fondation de France est la fondation de r\u00e9f\u00e9rence en France sur les droits des femmes et la lutte contre les violences dont elles sont victimes. Gr\u00e2ce aux dons qu\u2019elle re\u00e7oit, elle apporte un soutien financier, juridique et mat\u00e9riel aux initiatives associatives \u00e0 fort impact, sur tout le territoire.<\/p>\n\n\n\n<p><strong>Pour en savoir plus :<\/strong> <a href=\"http:\/\/www.fondationdesfemmes.org\/donner\">www.fondationdesfemmes.org<\/a><\/p>\n<\/div><\/div><\/div><\/div><\/div><\/section>\n\n\n<div class=\"wp-block-cg-blocks-cg-block-related-content\"><section class=\"relatedContentBlock\"><div class=\"container\"><div class=\"row\"><div class=\"content-title col-12 col-md-8\"><h2 class=\"related-content-heading\">Related News<\/h2><\/div><\/div><div class=\"row relatedContent\"><div class=\"col-lg-4 col-md-6 col-xs-12\">\n\t\t\t\t\t\t\t<div class=\"box\">\n\t\t\t\t\t\t\t\t<a aria-label=\"Lire la suite Chiffre d\u2019affaires du 1er trimestre 2026\" href=\"https:\/\/www.capgemini.com\/fr-fr\/actualites\/communiques-de-presse\/chiffre-daffaires-du-1er-trimestre-2026\/\" class=\"anchorWrapper\">\n\t\t\t\t\t\t\t\t\t<span class=\"box-tag\"><span>Actualit\u00e9s financi\u00e8res<\/span><\/span>\n\t\t\t\t\t\t\t\t\t<div class=\"box-title\"><h3 class=\"box-subtitle\">Chiffre d\u2019affaires du 1er trimestre 2026<\/h3><\/div>\n\t\t\t\t\t\t\t\t\t<div class=\"box-date\">\n\t\t\t\t\t\t\t\t\t\t<span>Apr 30, 2026<\/span>\n\t\t\t\t\t\t\t\t\t<\/div>\n\t\t\t\t\t\t\t\t\t<div class=\"box-bottom\">\n\t\t\t\t\t\t\t\t\t\t&lt;a class=&quot;link-download&quot; href=&quot;https:\/\/www.capgemini.com\/fr-fr\/wp-content\/uploads\/sites\/6\/2026\/04\/Capgemini_-_2026-04-30_-_Chiffre_d_affaires_du_1er_trimestre_2026.pdf&quot; aria-label=&quot;T\u00e9l\u00e9charger le communiqu\u00e9 de presse&quot; target=&quot;_blank&quot;  type=&quot;download&quot; title=&quot;Opens in a new window&quot;&gt;\n\t\t\t\t\t\t\t&lt;span&gt;T\u00e9l\u00e9charger le communiqu\u00e9 de presse&lt;\/span&gt;\n\t\t\t\t\t\t\t&lt;span&gt;237 KB PDF&lt;\/span&gt;\n\t\t\t\t\t\t&lt;\/a&gt;\n\t\t\t\t\t\t\t\t\t\t<a class=\"more\" aria-label=\"Lire la suite Chiffre d\u2019affaires du 1er trimestre 2026\" href=\"https:\/\/www.capgemini.com\/fr-fr\/actualites\/communiques-de-presse\/chiffre-daffaires-du-1er-trimestre-2026\/\">Lire la suite<\/a>\n\t\t\t\t\t\t\t\t\t<\/div>\n\t\t\t\t\t\t\t\t<\/a>\n\t\t\t\t\t\t\t<\/div>\n\t\t\t\t\t\t<\/div><div class=\"col-lg-4 col-md-6 col-xs-12\">\n\t\t\t\t\t\t\t<div class=\"box\">\n\t\t\t\t\t\t\t\t<a aria-label=\"Lire la suite Capgemini d\u00e9voile le Google Cloud AI Enterprise Hub pour acc\u00e9l\u00e9rer la transformation des entreprises gr\u00e2ce \u00e0 l\u2019IA agentique\" href=\"https:\/\/www.capgemini.com\/fr-fr\/actualites\/communiques-de-presse\/capgemini-devoile-le-google-cloud-ai-enterprise-hub-pour-accelerer-la-transformation-des-entreprises-vers-ia-agentique\/\" class=\"anchorWrapper\">\n\t\t\t\t\t\t\t\t\t<span class=\"box-tag\"><span>Partenariats<\/span><\/span>\n\t\t\t\t\t\t\t\t\t<div class=\"box-title\"><h3 class=\"box-subtitle\">Capgemini d\u00e9voile le Google Cloud AI Enterprise Hub pour acc\u00e9l\u00e9rer la transformation des entreprises gr\u00e2ce \u00e0 l\u2019IA agentique<\/h3><\/div>\n\t\t\t\t\t\t\t\t\t<div class=\"box-date\">\n\t\t\t\t\t\t\t\t\t\t<span>Apr 23, 2026<\/span>\n\t\t\t\t\t\t\t\t\t<\/div>\n\t\t\t\t\t\t\t\t\t<div class=\"box-bottom\">\n\t\t\t\t\t\t\t\t\t\t&lt;a class=&quot;link-download&quot; href=&quot;https:\/\/www.capgemini.com\/wp-content\/uploads\/2026\/04\/04_23_Capgemini-news-alert_Google-Cloud-AI-Enterprise-Hub.pdf&quot; aria-label=&quot;T\u00e9l\u00e9charger le communiqu\u00e9 de presse&quot; target=&quot;_blank&quot;  type=&quot;download&quot; title=&quot;Opens in a new window&quot;&gt;\n\t\t\t\t\t\t\t&lt;span&gt;T\u00e9l\u00e9charger le communiqu\u00e9 de presse&lt;\/span&gt;\n\t\t\t\t\t\t\t&lt;span&gt;143 KB PDF&lt;\/span&gt;\n\t\t\t\t\t\t&lt;\/a&gt;\n\t\t\t\t\t\t\t\t\t\t<a class=\"more\" aria-label=\"Lire la suite Capgemini d\u00e9voile le Google Cloud AI Enterprise Hub pour acc\u00e9l\u00e9rer la transformation des entreprises gr\u00e2ce \u00e0 l\u2019IA agentique\" href=\"https:\/\/www.capgemini.com\/fr-fr\/actualites\/communiques-de-presse\/capgemini-devoile-le-google-cloud-ai-enterprise-hub-pour-accelerer-la-transformation-des-entreprises-vers-ia-agentique\/\">Lire la suite<\/a>\n\t\t\t\t\t\t\t\t\t<\/div>\n\t\t\t\t\t\t\t\t<\/a>\n\t\t\t\t\t\t\t<\/div>\n\t\t\t\t\t\t<\/div><div class=\"col-lg-4 col-md-6 col-xs-12\">\n\t\t\t\t\t\t\t<div class=\"box\">\n\t\t\t\t\t\t\t\t<a aria-label=\"Lire la suite La r\u00e9industrialisation entre dans une phase plus s\u00e9lective et strat\u00e9gique en Europe et aux \u00c9tats Unis\" href=\"https:\/\/www.capgemini.com\/fr-fr\/actualites\/communiques-de-presse\/la-reindustrialisation-entre-dans-une-phase-plus-selective-et-strategique-en-europe-et-aux-etats-unis\/\" class=\"anchorWrapper\">\n\t\t\t\t\t\t\t\t\t<span class=\"box-tag\"><span>Publications<\/span><\/span>\n\t\t\t\t\t\t\t\t\t<div class=\"box-title\"><h3 class=\"box-subtitle\">La r\u00e9industrialisation entre dans une phase plus s\u00e9lective et strat\u00e9gique en Europe et aux \u00c9tats Unis<\/h3><\/div>\n\t\t\t\t\t\t\t\t\t<div class=\"box-date\">\n\t\t\t\t\t\t\t\t\t\t<span>Apr 20, 2026<\/span>\n\t\t\t\t\t\t\t\t\t<\/div>\n\t\t\t\t\t\t\t\t\t<div class=\"box-bottom\">\n\t\t\t\t\t\t\t\t\t\t&lt;a class=&quot;link-download&quot; href=&quot;https:\/\/www.capgemini.com\/fr-fr\/wp-content\/uploads\/sites\/6\/2026\/04\/2026_04_20_Capgemini_Reindustrialisation-of-Europe-and-the-US-report_3rd-edition_press-release_FR.pdf&quot; aria-label=&quot;T\u00e9l\u00e9charger le communiqu\u00e9 de presse&quot; target=&quot;_blank&quot;  type=&quot;download&quot; title=&quot;Opens in a new window&quot;&gt;\n\t\t\t\t\t\t\t&lt;span&gt;T\u00e9l\u00e9charger le communiqu\u00e9 de presse&lt;\/span&gt;\n\t\t\t\t\t\t\t&lt;span&gt;163 KB PDF&lt;\/span&gt;\n\t\t\t\t\t\t&lt;\/a&gt;\n\t\t\t\t\t\t\t\t\t\t<a class=\"more\" aria-label=\"Lire la suite La r\u00e9industrialisation entre dans une phase plus s\u00e9lective et strat\u00e9gique en Europe et aux \u00c9tats Unis\" href=\"https:\/\/www.capgemini.com\/fr-fr\/actualites\/communiques-de-presse\/la-reindustrialisation-entre-dans-une-phase-plus-selective-et-strategique-en-europe-et-aux-etats-unis\/\">Lire la suite<\/a>\n\t\t\t\t\t\t\t\t\t<\/div>\n\t\t\t\t\t\t\t\t<\/a>\n\t\t\t\t\t\t\t<\/div>\n\t\t\t\t\t\t<\/div><\/div><\/div><\/section><\/div>","protected":false},"excerpt":{"rendered":"","protected":false},"author":103,"featured_media":0,"template":"","meta":{"cg_dt_proposed_to":[],"cg_seo_hreflang_relations":"[]","cg_seo_canonical_relation":"{\"uuid\":\"0ecb85b3-68f3-42aa-8e24-35ebd0aee557\",\"blogId\":\"\",\"domain\":\"\",\"sitePath\":\"\",\"postLink\":\"\",\"postId\":null,\"isSaved\":true,\"isCrossLink\":false,\"hasCrossLink\":false}","cg_seo_hreflang_x_default_relation":"{\"uuid\":\"958595e1-b3e6-42a9-aab4-1f991a44fb93\",\"blogId\":\"\",\"domain\":\"\",\"sitePath\":\"\",\"postLink\":\"\",\"postId\":null,\"isSaved\":true,\"isCrossLink\":false,\"hasCrossLink\":false}","cg_dt_approved_content":true,"cg_dt_mandatory_content":false,"cg_dt_notes":"","cg_dg_source_changed":false,"cg_dt_link_disabled":false,"footnotes":"","related_resource_url":"https:\/\/www.capgemini.com\/fr-fr\/wp-content\/uploads\/sites\/6\/2022\/04\/CP-Fondation-des-Femmes_Campus-Serge-Kampf-Les-Fontaines_9-nov_vf-1.pdf","related_resource_id":664665,"related_resource_size":"176 KB","related_resource_type":"pdf","cg_author":0,"featured_focal_points":""},"tags":[],"press-release-type":[],"brand":[],"class_list":["post-664663","press-release","type-press-release","status-publish","hentry"],"yoast_head":"<!-- This site is optimized with the Yoast SEO Premium plugin v22.8 (Yoast SEO v22.8) - https:\/\/yoast.com\/wordpress\/plugins\/seo\/ -->\n<title>URGENCE COVID-19 : La Fondation des Femmes et ses partenaires ont mis en place un dispositif innovant pour l\u2019h\u00e9bergement des femmes et enfants victimes de violences pendant le confinement - Capgemini France<\/title>\n<meta name=\"robots\" content=\"index, follow, max-snippet:-1, max-image-preview:large, max-video-preview:-1\" \/>\n<link rel=\"canonical\" href=\"https:\/\/www.capgemini.com\/fr-fr\/actualites\/communiques-de-presse\/urgence-covid-19-la-fondation-des-femmes-et-ses-partenaires-ont-mis-en-place-un-dispositif-innovant-pour-lhebergement-des-femmes-et-enfants-victimes-de-violences-pendant-le-confinement\/\" \/>\n<meta property=\"og:locale\" content=\"fr_FR\" \/>\n<meta property=\"og:type\" content=\"article\" \/>\n<meta property=\"og:title\" content=\"URGENCE COVID-19 : La Fondation des Femmes et ses partenaires ont mis en place un dispositif innovant pour l\u2019h\u00e9bergement des femmes et enfants victimes de violences pendant le confinement\" \/>\n<meta property=\"og:url\" content=\"https:\/\/www.capgemini.com\/fr-fr\/actualites\/communiques-de-presse\/urgence-covid-19-la-fondation-des-femmes-et-ses-partenaires-ont-mis-en-place-un-dispositif-innovant-pour-lhebergement-des-femmes-et-enfants-victimes-de-violences-pendant-le-confinement\/\" \/>\n<meta property=\"og:site_name\" content=\"Capgemini France\" \/>\n<meta property=\"article:modified_time\" content=\"2025-03-04T10:19:23+00:00\" \/>\n<meta property=\"og:image\" content=\"https:\/\/www.capgemini.com\/fr-fr\/wp-content\/uploads\/sites\/6\/2025\/10\/image-1.jpg\" \/>\n\t<meta property=\"og:image:width\" content=\"1200\" \/>\n\t<meta property=\"og:image:height\" content=\"627\" \/>\n\t<meta property=\"og:image:type\" content=\"image\/jpeg\" \/>\n<meta name=\"twitter:card\" content=\"summary_large_image\" \/>\n<script type=\"application\/ld+json\" class=\"yoast-schema-graph\">{\"@context\":\"https:\/\/schema.org\",\"@graph\":[{\"@type\":\"WebPage\",\"@id\":\"https:\/\/www.capgemini.com\/fr-fr\/actualites\/communiques-de-presse\/urgence-covid-19-la-fondation-des-femmes-et-ses-partenaires-ont-mis-en-place-un-dispositif-innovant-pour-lhebergement-des-femmes-et-enfants-victimes-de-violences-pendant-le-confinement\/\",\"url\":\"https:\/\/www.capgemini.com\/fr-fr\/actualites\/communiques-de-presse\/urgence-covid-19-la-fondation-des-femmes-et-ses-partenaires-ont-mis-en-place-un-dispositif-innovant-pour-lhebergement-des-femmes-et-enfants-victimes-de-violences-pendant-le-confinement\/\",\"name\":\"URGENCE COVID-19 : La Fondation des Femmes et ses partenaires ont mis en place un dispositif innovant pour l\u2019h\u00e9bergement des femmes et enfants victimes de violences pendant le confinement - Capgemini France\",\"isPartOf\":{\"@id\":\"https:\/\/www.capgemini.com\/fr-fr\/#website\"},\"datePublished\":\"2020-11-09T08:04:00+00:00\",\"dateModified\":\"2025-03-04T10:19:23+00:00\",\"breadcrumb\":{\"@id\":\"https:\/\/www.capgemini.com\/fr-fr\/actualites\/communiques-de-presse\/urgence-covid-19-la-fondation-des-femmes-et-ses-partenaires-ont-mis-en-place-un-dispositif-innovant-pour-lhebergement-des-femmes-et-enfants-victimes-de-violences-pendant-le-confinement\/#breadcrumb\"},\"inLanguage\":\"fr-FR\",\"potentialAction\":[{\"@type\":\"ReadAction\",\"target\":[\"https:\/\/www.capgemini.com\/fr-fr\/actualites\/communiques-de-presse\/urgence-covid-19-la-fondation-des-femmes-et-ses-partenaires-ont-mis-en-place-un-dispositif-innovant-pour-lhebergement-des-femmes-et-enfants-victimes-de-violences-pendant-le-confinement\/\"]}]},{\"@type\":\"BreadcrumbList\",\"@id\":\"https:\/\/www.capgemini.com\/fr-fr\/actualites\/communiques-de-presse\/urgence-covid-19-la-fondation-des-femmes-et-ses-partenaires-ont-mis-en-place-un-dispositif-innovant-pour-lhebergement-des-femmes-et-enfants-victimes-de-violences-pendant-le-confinement\/#breadcrumb\",\"itemListElement\":[{\"@type\":\"ListItem\",\"position\":1,\"name\":\"Press Releases\",\"item\":\"https:\/\/www.capgemini.com\/fr-fr\/news\/\"},{\"@type\":\"ListItem\",\"position\":2,\"name\":\"URGENCE COVID-19 : La Fondation des Femmes et ses partenaires ont mis en place un dispositif innovant pour l\u2019h\u00e9bergement des femmes et enfants victimes de violences pendant le confinement\"}]},{\"@type\":\"WebSite\",\"@id\":\"https:\/\/www.capgemini.com\/fr-fr\/#website\",\"url\":\"https:\/\/www.capgemini.com\/fr-fr\/\",\"name\":\"Capgemini France\",\"description\":\"Just another www.capgemini.com site\",\"publisher\":{\"@id\":\"https:\/\/www.capgemini.com\/fr-fr\/#organization\"},\"potentialAction\":[{\"@type\":\"SearchAction\",\"target\":{\"@type\":\"EntryPoint\",\"urlTemplate\":\"https:\/\/www.capgemini.com\/fr-fr\/?s={search_term_string}\"},\"query-input\":\"required name=search_term_string\"}],\"inLanguage\":\"fr-FR\"},{\"@type\":\"Organization\",\"@id\":\"https:\/\/www.capgemini.com\/fr-fr\/#organization\",\"name\":\"Capgemini France\",\"url\":\"https:\/\/www.capgemini.com\/fr-fr\/\",\"logo\":{\"@type\":\"ImageObject\",\"inLanguage\":\"fr-FR\",\"@id\":\"https:\/\/www.capgemini.com\/fr-fr\/#\/schema\/logo\/image\/\",\"url\":\"https:\/\/www.capgemini.com\/fr-fr\/wp-content\/uploads\/sites\/6\/2022\/08\/Logo-Capgemini.png\",\"contentUrl\":\"https:\/\/www.capgemini.com\/fr-fr\/wp-content\/uploads\/sites\/6\/2022\/08\/Logo-Capgemini.png\",\"width\":202,\"height\":60,\"caption\":\"Capgemini France\"},\"image\":{\"@id\":\"https:\/\/www.capgemini.com\/fr-fr\/#\/schema\/logo\/image\/\"}}]}<\/script>\n<!-- \/ Yoast SEO Premium plugin. -->","yoast_head_json":{"title":"URGENCE COVID-19 : La Fondation des Femmes et ses partenaires ont mis en place un dispositif innovant pour l\u2019h\u00e9bergement des femmes et enfants victimes de violences pendant le confinement - Capgemini France","robots":{"index":"index","follow":"follow","max-snippet":"max-snippet:-1","max-image-preview":"max-image-preview:large","max-video-preview":"max-video-preview:-1"},"canonical":"https:\/\/www.capgemini.com\/fr-fr\/actualites\/communiques-de-presse\/urgence-covid-19-la-fondation-des-femmes-et-ses-partenaires-ont-mis-en-place-un-dispositif-innovant-pour-lhebergement-des-femmes-et-enfants-victimes-de-violences-pendant-le-confinement\/","og_locale":"fr_FR","og_type":"article","og_title":"URGENCE COVID-19 : La Fondation des Femmes et ses partenaires ont mis en place un dispositif innovant pour l\u2019h\u00e9bergement des femmes et enfants victimes de violences pendant le confinement","og_url":"https:\/\/www.capgemini.com\/fr-fr\/actualites\/communiques-de-presse\/urgence-covid-19-la-fondation-des-femmes-et-ses-partenaires-ont-mis-en-place-un-dispositif-innovant-pour-lhebergement-des-femmes-et-enfants-victimes-de-violences-pendant-le-confinement\/","og_site_name":"Capgemini France","article_modified_time":"2025-03-04T10:19:23+00:00","og_image":[{"width":1200,"height":627,"url":"https:\/\/www.capgemini.com\/fr-fr\/wp-content\/uploads\/sites\/6\/2025\/10\/image-1.jpg","type":"image\/jpeg"}],"twitter_card":"summary_large_image","schema":{"@context":"https:\/\/schema.org","@graph":[{"@type":"WebPage","@id":"https:\/\/www.capgemini.com\/fr-fr\/actualites\/communiques-de-presse\/urgence-covid-19-la-fondation-des-femmes-et-ses-partenaires-ont-mis-en-place-un-dispositif-innovant-pour-lhebergement-des-femmes-et-enfants-victimes-de-violences-pendant-le-confinement\/","url":"https:\/\/www.capgemini.com\/fr-fr\/actualites\/communiques-de-presse\/urgence-covid-19-la-fondation-des-femmes-et-ses-partenaires-ont-mis-en-place-un-dispositif-innovant-pour-lhebergement-des-femmes-et-enfants-victimes-de-violences-pendant-le-confinement\/","name":"URGENCE COVID-19 : La Fondation des Femmes et ses partenaires ont mis en place un dispositif innovant pour l\u2019h\u00e9bergement des femmes et enfants victimes de violences pendant le confinement - Capgemini France","isPartOf":{"@id":"https:\/\/www.capgemini.com\/fr-fr\/#website"},"datePublished":"2020-11-09T08:04:00+00:00","dateModified":"2025-03-04T10:19:23+00:00","breadcrumb":{"@id":"https:\/\/www.capgemini.com\/fr-fr\/actualites\/communiques-de-presse\/urgence-covid-19-la-fondation-des-femmes-et-ses-partenaires-ont-mis-en-place-un-dispositif-innovant-pour-lhebergement-des-femmes-et-enfants-victimes-de-violences-pendant-le-confinement\/#breadcrumb"},"inLanguage":"fr-FR","potentialAction":[{"@type":"ReadAction","target":["https:\/\/www.capgemini.com\/fr-fr\/actualites\/communiques-de-presse\/urgence-covid-19-la-fondation-des-femmes-et-ses-partenaires-ont-mis-en-place-un-dispositif-innovant-pour-lhebergement-des-femmes-et-enfants-victimes-de-violences-pendant-le-confinement\/"]}]},{"@type":"BreadcrumbList","@id":"https:\/\/www.capgemini.com\/fr-fr\/actualites\/communiques-de-presse\/urgence-covid-19-la-fondation-des-femmes-et-ses-partenaires-ont-mis-en-place-un-dispositif-innovant-pour-lhebergement-des-femmes-et-enfants-victimes-de-violences-pendant-le-confinement\/#breadcrumb","itemListElement":[{"@type":"ListItem","position":1,"name":"Press Releases","item":"https:\/\/www.capgemini.com\/fr-fr\/news\/"},{"@type":"ListItem","position":2,"name":"URGENCE COVID-19 : La Fondation des Femmes et ses partenaires ont mis en place un dispositif innovant pour l\u2019h\u00e9bergement des femmes et enfants victimes de violences pendant le confinement"}]},{"@type":"WebSite","@id":"https:\/\/www.capgemini.com\/fr-fr\/#website","url":"https:\/\/www.capgemini.com\/fr-fr\/","name":"Capgemini France","description":"Just another www.capgemini.com site","publisher":{"@id":"https:\/\/www.capgemini.com\/fr-fr\/#organization"},"potentialAction":[{"@type":"SearchAction","target":{"@type":"EntryPoint","urlTemplate":"https:\/\/www.capgemini.com\/fr-fr\/?s={search_term_string}"},"query-input":"required name=search_term_string"}],"inLanguage":"fr-FR"},{"@type":"Organization","@id":"https:\/\/www.capgemini.com\/fr-fr\/#organization","name":"Capgemini France","url":"https:\/\/www.capgemini.com\/fr-fr\/","logo":{"@type":"ImageObject","inLanguage":"fr-FR","@id":"https:\/\/www.capgemini.com\/fr-fr\/#\/schema\/logo\/image\/","url":"https:\/\/www.capgemini.com\/fr-fr\/wp-content\/uploads\/sites\/6\/2022\/08\/Logo-Capgemini.png","contentUrl":"https:\/\/www.capgemini.com\/fr-fr\/wp-content\/uploads\/sites\/6\/2022\/08\/Logo-Capgemini.png","width":202,"height":60,"caption":"Capgemini France"},"image":{"@id":"https:\/\/www.capgemini.com\/fr-fr\/#\/schema\/logo\/image\/"}}]}},"parsely":{"version":"1.1.0","canonical_url":"https:\/\/capgemini.com\/fr-fr\/actualites\/communiques-de-presse\/urgence-covid-19-la-fondation-des-femmes-et-ses-partenaires-ont-mis-en-place-un-dispositif-innovant-pour-lhebergement-des-femmes-et-enfants-victimes-de-violences-pendant-le-confinement\/","smart_links":{"inbound":0,"outbound":0},"traffic_boost_suggestions_count":0,"meta":{"@context":"https:\/\/schema.org","@type":"NewsArticle","headline":"URGENCE COVID-19 : La Fondation des Femmes et ses partenaires ont mis en place un dispositif innovant pour l\u2019h\u00e9bergement des femmes et enfants victimes de violences pendant le confinement","url":"https:\/\/www.capgemini.com\/fr-fr\/actualites\/communiques-de-presse\/urgence-covid-19-la-fondation-des-femmes-et-ses-partenaires-ont-mis-en-place-un-dispositif-innovant-pour-lhebergement-des-femmes-et-enfants-victimes-de-violences-pendant-le-confinement\/","mainEntityOfPage":{"@type":"WebPage","@id":"https:\/\/www.capgemini.com\/fr-fr\/actualites\/communiques-de-presse\/urgence-covid-19-la-fondation-des-femmes-et-ses-partenaires-ont-mis-en-place-un-dispositif-innovant-pour-lhebergement-des-femmes-et-enfants-victimes-de-violences-pendant-le-confinement\/"},"thumbnailUrl":"","image":{"@type":"ImageObject","url":""},"articleSection":"Uncategorized","author":[],"creator":[],"publisher":{"@type":"Organization","name":"Capgemini France","logo":""},"keywords":[],"dateCreated":"2020-11-09T08:04:00Z","datePublished":"2020-11-09T08:04:00Z","dateModified":"2025-03-04T10:19:23Z"},"rendered":"<meta name=\"parsely-title\" content=\"URGENCE COVID-19 : La Fondation des Femmes et ses partenaires ont mis en place un dispositif innovant pour l\u2019h\u00e9bergement des femmes et enfants victimes de violences pendant le confinement\" \/>\n<meta name=\"parsely-link\" content=\"https:\/\/www.capgemini.com\/fr-fr\/actualites\/communiques-de-presse\/urgence-covid-19-la-fondation-des-femmes-et-ses-partenaires-ont-mis-en-place-un-dispositif-innovant-pour-lhebergement-des-femmes-et-enfants-victimes-de-violences-pendant-le-confinement\/\" \/>\n<meta name=\"parsely-type\" content=\"post\" \/>\n<meta name=\"parsely-pub-date\" content=\"2020-11-09T08:04:00Z\" \/>\n<meta name=\"parsely-section\" content=\"Uncategorized\" \/>","tracker_url":"https:\/\/cdn.parsely.com\/keys\/capgemini.com\/p.js"},"archive_status":false,"featured_image_src":"https:\/\/www.capgemini.com\/fr-fr\/wp-content\/themes\/capgemini2025\/assets\/images\/mockup.png","featured_image_alt":false,"jetpack_sharing_enabled":true,"distributor_meta":false,"distributor_terms":false,"distributor_media":false,"distributor_original_site_name":"Capgemini France","distributor_original_site_url":"https:\/\/www.capgemini.com\/fr-fr","push-errors":false,"tag_names":[],"_links":{"self":[{"href":"https:\/\/www.capgemini.com\/fr-fr\/wp-json\/wp\/v2\/press-release\/664663","targetHints":{"allow":["GET"]}}],"collection":[{"href":"https:\/\/www.capgemini.com\/fr-fr\/wp-json\/wp\/v2\/press-release"}],"about":[{"href":"https:\/\/www.capgemini.com\/fr-fr\/wp-json\/wp\/v2\/types\/press-release"}],"author":[{"embeddable":true,"href":"https:\/\/www.capgemini.com\/fr-fr\/wp-json\/wp\/v2\/users\/103"}],"version-history":[{"count":6,"href":"https:\/\/www.capgemini.com\/fr-fr\/wp-json\/wp\/v2\/press-release\/664663\/revisions"}],"predecessor-version":[{"id":778023,"href":"https:\/\/www.capgemini.com\/fr-fr\/wp-json\/wp\/v2\/press-release\/664663\/revisions\/778023"}],"wp:attachment":[{"href":"https:\/\/www.capgemini.com\/fr-fr\/wp-json\/wp\/v2\/media?parent=664663"}],"wp:term":[{"taxonomy":"post_tag","embeddable":true,"href":"https:\/\/www.capgemini.com\/fr-fr\/wp-json\/wp\/v2\/tags?post=664663"},{"taxonomy":"press-release-type","embeddable":true,"href":"https:\/\/www.capgemini.com\/fr-fr\/wp-json\/wp\/v2\/press-release-type?post=664663"},{"taxonomy":"brand","embeddable":true,"href":"https:\/\/www.capgemini.com\/fr-fr\/wp-json\/wp\/v2\/brand?post=664663"}],"curies":[{"name":"wp","href":"https:\/\/api.w.org\/{rel}","templated":true}]}}