{"id":664606,"date":"2021-02-16T07:46:00","date_gmt":"2021-02-16T07:46:00","guid":{"rendered":"https:\/\/www.capgemini.com\/fr-fr\/?post_type=press-release&#038;p=664606"},"modified":"2025-03-04T10:59:15","modified_gmt":"2025-03-04T09:59:15","slug":"capgemini-et-ovhcloud-signent-un-partenariat-mondial-pour-permettre-aux-organisations-de-mener-leur-transformation-dans-le-cloud-de-maniere-securisee","status":"publish","type":"press-release","link":"https:\/\/www.capgemini.com\/fr-fr\/actualites\/communiques-de-presse\/capgemini-et-ovhcloud-signent-un-partenariat-mondial-pour-permettre-aux-organisations-de-mener-leur-transformation-dans-le-cloud-de-maniere-securisee\/","title":{"rendered":"Capgemini et OVHcloud signent un partenariat mondial pour permettre aux organisations de mener leur transformation dans le cloud de mani\u00e8re s\u00e9curis\u00e9e"},"content":{"rendered":"\t\t<div class=\"wp-block-cg-blocks-hero-press-release\">\n\t\t\t<header class=\"header-hero-press-release\" role=\"main\" id=\"main-content-press-release\">\n\t\t\t\t<div class=\"container\">\n\t\t\t\t\t<div class=\"hero-press-release\">\n\t\t\t\t\t\t<div class=\"hero-press-release-content-wrapper\">\n\t\t\t\t\t\t\t<div class=\"row\">\n\t\t\t\t\t\t\t\t<div class=\"col-12\">\n\t\t\t\t\t\t\t\t\t<div class=\"header-title\">\n\t\t\t\t\t\t\t\t\t\t<h1>\n\t\t\t\t\t\t\t\t\t\t\tCapgemini et OVHcloud signent un partenariat mondial pour permettre aux organisations de mener leur transformation dans le cloud de mani\u00e8re s\u00e9curis\u00e9e\t\t\t\t\t\t\t\t\t\t<\/h1>\n\t\t\t\t\t\t\t\t\t<\/div>\n\t\t\t\t\t\t\t\t\t<div class=\"header-description\">\n\t\t\t\t\t\t\t\t\t\t<p><\/p>\n\t\t\t\t\t\t\t\t\t<\/div>\n\t\t\t\t\t\t\t\t\t\t\t\t\t\t\t\t\t\t<div class=\"header-date\">\n\t\t\t\t\t\t\t\t\t\t<span>f\u00e9vr. 16, 2021<\/span>\n\t\t\t\t\t\t\t\t\t<\/div>\n\t\t\t\t\t\t\t\t<\/div>\n\t\t\t\t\t\t\t<\/div>\n\t\t\t\t\t\t<\/div>\n\t\t\t\t\t\t\t\t\t\t\t\t\t<div class=\"hero-press-release-downloads\">\n\t\t\t\t\t\t\t\t<div class=\"row\">\n\t\t\t\t\t\t\t\t\t\t\t\t\t\t\t\t\t\t\t<div class=\"col-12 col-md-6 col-lg-3\">\n\t\t\t\t\t\t\t\t\t\t\t<a class=\"download-item\" type=\"download\" href=\"https:\/\/www.capgemini.com\/fr-fr\/wp-content\/uploads\/sites\/6\/2022\/04\/2021_02_16_Capgemini_et_OVHcloud_signent_un_partenariat_mondial-1.pdf\" target=\"_blank\" rel=\"noopener noreferrer\" title=\"Ouvrir dans une nouvelle fen\u00eatre\">\n\t\t\t\t\t\t\t\t\t\t\t\t<div class=\"download-icon\"><\/div>\n\t\t\t\t\t\t\t\t\t\t\t\t<div class=\"download-details\">\n\t\t\t\t\t\t\t\t\t\t\t\t\t<div class=\"download-title\">Download press release<\/div>\n\t\t\t\t\t\t\t\t\t\t\t\t\t<div class=\"download-props\">125 KB  pdf<\/div>\n\t\t\t\t\t\t\t\t\t\t\t\t<\/div>\n\t\t\t\t\t\t\t\t\t\t\t<\/a>\n\t\t\t\t\t\t\t\t\t\t<\/div>\n\t\t\t\t\t\t\t\t\t\t\t\t\t\t\t\t\t\t<\/div>\n\t\t\t\t\t\t\t<\/div>\n\t\t\t\t\t\t\t\t\t\t\t\t\t\t\t\t\t<\/div>\n\t\t\t\t<\/div>\n\t\t\t<\/header>\n\t\t<\/div>\n\t\t\n\n\n<section class=\"wp-block-cg-blocks-intro-para undefined section section--intro\"><div class=\"intro-para\"><div class=\"container\"><div class=\"row\"><div class=\"col-12 col-md-1\"><nav class=\"article-social\"><ul class=\"social-nav\"><li class=\"ip-order-fb\"><a href=\"https:\/\/www.facebook.com\/sharer\/sharer.php?u=https:\/\/www.capgemini.com\/fr-fr\/actualites\/communiques-de-presse\/capgemini-et-ovhcloud-signent-un-partenariat-mondial-pour-permettre-aux-organisations-de-mener-leur-transformation-dans-le-cloud-de-maniere-securisee\/\" target=\"_blank\" rel=\"noopener noreferrer\" title=\"Ouvrir dans une nouvelle fen\u00eatre\"><i aria-hidden=\"true\" class=\"icon-fb\"><\/i><span class=\"sr-only\">Facebook<\/span><\/a><\/li><li class=\"ip-order-li\"><a href=\"https:\/\/www.linkedin.com\/sharing\/share-offsite\/?url=https:\/\/www.capgemini.com\/fr-fr\/actualites\/communiques-de-presse\/capgemini-et-ovhcloud-signent-un-partenariat-mondial-pour-permettre-aux-organisations-de-mener-leur-transformation-dans-le-cloud-de-maniere-securisee\/\" target=\"_blank\" rel=\"noopener noreferrer\" title=\"Ouvrir dans une nouvelle fen\u00eatre\"><i aria-hidden=\"true\" class=\"icon-li\"><\/i><span class=\"sr-only\">Linkedin<\/span><\/a><\/li><\/ul><\/nav><\/div><div class=\"col-12 col-md-11 col-lg-10\"><h2 class=\"intro-para-title\">Paris, le 16 f\u00e9vrier 2021 \u2013 Capgemini et OVHcloud annoncent avoir sign\u00e9 un partenariat mondial destin\u00e9 \u00e0 r\u00e9pondre aux besoins de transformation cloud des organisations publiques et priv\u00e9es. Cette alliance conjugue la puissance et l\u2019innovation des solutions cloud de derni\u00e8re g\u00e9n\u00e9ration d\u2019OVHcloud avec la solide exp\u00e9rience de Capgemini en mati\u00e8re de protection des donn\u00e9es, de s\u00e9curit\u00e9, d\u2019intelligence artificielle et d\u2019analyse de donn\u00e9es, de solutions applicatives, de \u00ab&amp;nbsp;services manag\u00e9s&amp;nbsp;\u00bb et de d\u00e9veloppement natif dans le cloud. L\u2019expertise combin\u00e9e des deux acteurs permettra aux organisations de cr\u00e9er leur infrastructure cloud avec les plus hauts standards de s\u00e9curit\u00e9 internationaux.<\/h2><\/div><\/div><\/div><\/div><\/section>\n\n\n\n<section class=\"wp-block-cg-blocks-group undefined section section--article-content\"><div class=\"article-main-content\"><div class=\"container\"><div class=\"row\"><div class=\"col-12 col-md-11 col-lg-10 offset-md-1 offset-lg-1\"><div class=\"article-text article-quote-text\">\n<blockquote class=\"wp-block-quote is-layout-flow wp-block-quote-is-layout-flow\">\n<p>Au travers de ce partenariat mondial, ce sont les engagements respectifs de Capgemini et d\u2019OVHcloud en mati\u00e8re de transformation cloud s\u00e9curis\u00e9e qui sont r\u00e9unis. Ensemble, les deux acteurs ont l\u2019intention de construire des solutions cloud souveraines de bout en bout, notamment dans le cadre de l\u2019 <em>European Alliance on Industrial Data and Cloud<\/em> et de l\u2019<em>Important Project of Common European Interest<\/em>&nbsp;(<a href=\"https:\/\/eur-lex.europa.eu\/legal-content\/EN\/TXT\/?uri=CELEX:52014XC0620(01)\">IPCEI<\/a>) pour la construction de l\u2019infrastructure et des services cloud qui doivent \u00eatre lanc\u00e9s en 2021.<\/p>\n<\/blockquote>\n\n\n\n<p>Les deux entreprises coop\u00e9reront pour mettre en \u0153uvre leurs capacit\u00e9s \u00e0 l\u2019\u00e9chelle mondiale, en offrant aux organisations l\u2019acc\u00e8s \u00e0 un ensemble unique de services et de comp\u00e9tences pour des services d\u2019infrastructure cloud public, priv\u00e9 et hybride, s\u00e9curis\u00e9s de bout en bout. La solution vise \u00e9galement \u00e0 promouvoir les logiciels libres et \u00e0 exploiter les normes <a href=\"https:\/\/www.data-infrastructure.eu\/GAIAX\/Navigation\/EN\/Home\/home.html\">GAIA-X<\/a> afin de permettre l\u2019interop\u00e9rabilit\u00e9, la portabilit\u00e9, la confiance et la transparence des infrastructures, des applications et des donn\u00e9es. Afin de pouvoir tirer parti de la data, ce partenariat mondial permettra notamment le d\u00e9veloppement d\u2019espaces de donn\u00e9es europ\u00e9ens rassemblant acteurs publics et priv\u00e9s.<\/p>\n\n\n\n<p>Conform\u00e9ment \u00e0 leurs engagements respectifs de r\u00e9duire leur empreinte carbone, OVHcloud et Capgemini travailleront ensemble pour offrir des services cloud durables. Ils veilleront notamment \u00e0 ce que leurs solutions communes tendent vers la neutralit\u00e9 carbone en optimisant l\u2019utilisation des ressources en fonction des besoins des clients, en favorisant une cha\u00eene d\u2019approvisionnement plus efficace sur le plan \u00e9nerg\u00e9tique, en g\u00e9rant les cycles de vie des infrastructures et mat\u00e9riels et en favorisant un mix \u00e9nerg\u00e9tique plus local.<\/p>\n\n\n\n<p>Cette alliance s\u2019appuie sur la collaboration de longue date de Capgemini et d\u2019OVHcloud avec plusieurs \u00e9diteurs de logiciels mondiaux pour proposer des solutions souveraines int\u00e9gr\u00e9es de bout en bout, en s\u2019appuyant sur le label OVHcloud <em>Open Trusted Cloud<\/em>, la qualification <em>SecNumCloud<\/em> et la certification H\u00e9bergement de Donn\u00e9es de Sant\u00e9 (HDS).<\/p>\n\n\n\n<p>Afin de d\u00e9velopper leur collaboration au niveau mondial, OVHcloud et Capgemini combineront leurs capacit\u00e9s et leurs investissements. Afin d\u2019aider les clients communs \u00e0 acc\u00e9l\u00e9rer leur transformation cloud, Capgemini apportera \u00e9galement sa solide exp\u00e9rience du march\u00e9 du cloud mondial ainsi que la propri\u00e9t\u00e9 intellectuelle d\u00e9velopp\u00e9e en interne par le Groupe.<\/p>\n\n\n\n<p><em>\u00ab&nbsp;OVHcloud est fier de s\u2019associer \u00e0 Capgemini pour fournir aux organisations publiques et priv\u00e9es des solutions de cloud communes et fiables qui garantissent la protection des donn\u00e9es et la confidentialit\u00e9 conform\u00e9ment au R\u00e8glement g\u00e9n\u00e9ral de protection des donn\u00e9es,&nbsp;\u00bb<\/em> d\u00e9clare Michel Paulin, PDG d\u2019OVHcloud. <em>\u00ab&nbsp;La synergie entre nos deux soci\u00e9t\u00e9s nous permettra de r\u00e9pondre aux exigences de s\u00e9curit\u00e9, d\u2019interop\u00e9rabilit\u00e9 et de transparence de tout type d\u2019organisation de mani\u00e8re efficace et adapt\u00e9e, en facilitant leur passage au cloud.&nbsp;\u00bb<\/em><\/p>\n\n\n\n<p><em>\u00ab&nbsp;Nous sommes ravis d\u2019\u00e9tendre notre partenariat avec OVHcloud afin de permettre aux organisations du monde entier de mener leur transformation digitale dans le cloud de mani\u00e8re s\u00e9curis\u00e9e,&nbsp;\u00bb<\/em> commente Aiman Ezzat, Directeur g\u00e9n\u00e9ral du groupe Capgemini. <em>\u00ab&nbsp;En combinant l\u2019expertise de Capgemini en mati\u00e8re de cybers\u00e9curit\u00e9 et de souverainet\u00e9 des donn\u00e9es, avec la vision d\u2019avenir de l\u2019infrastructure du cloud d\u2019OVHcloud, nous pouvons donner aux clients la vitesse et l\u2019agilit\u00e9 dont ils ont besoin pour atteindre leurs objectifs de transformation dans le cloud.&nbsp;\u00bb<\/em><\/p>\n\n\n\n<p><strong>\u00c0 propos de Capgemini<\/strong><\/p>\n\n\n\n<p>Capgemini est un leader mondial du conseil, de la transformation num\u00e9rique, des services technologiques et d\u2019ing\u00e9nierie. A la pointe de l\u2019innovation, le Groupe aide ses clients \u00e0 saisir l\u2019ensemble des opportunit\u00e9s que pr\u00e9sentent le cloud, le digital et les plateformes. Fort de plus de 50 ans d\u2019exp\u00e9rience et d\u2019une grande expertise des diff\u00e9rents secteurs d\u2019activit\u00e9, il accompagne les entreprises et organisations dans la r\u00e9alisation de leurs ambitions, de la d\u00e9finition de leur strat\u00e9gie \u00e0 la mise en \u0153uvre de leurs op\u00e9rations. Responsable et multiculturel, avec 265&nbsp;000 personnes dans pr\u00e8s de 50 pays, le Groupe a pour raison d\u2019\u00eatre de lib\u00e9rer les \u00e9nergies humaines par la technologie pour un avenir inclusif et durable. Avec Altran, le Groupe a r\u00e9alis\u00e9 un chiffre d\u2019affaires combin\u00e9 de 17 milliards d\u2019euros en 2019.<\/p>\n\n\n\n<p>Plus d\u2019informations sur <a href=\"http:\/\/www.capgemini.com\/#_blank\">www.capgemini.com<\/a>.<\/p>\n\n\n\n<p><strong>\u00c0 propos d\u2019OVHcloud<\/strong><\/p>\n\n\n\n<p>OVHcloud est un acteur mondial et le leader europ\u00e9en du Cloud op\u00e9rant plus de 400 000 serveurs dans ses 32 datacenters sur 4 continents. Depuis 20 ans, le Groupe s\u2019appuie sur un mod\u00e8le int\u00e9gr\u00e9 qui lui conf\u00e8re la ma\u00eetrise compl\u00e8te de sa cha\u00eene de valeur : de la conception de ses serveurs \u00e0 la construction et au pilotage de ces datacenters en passant par l\u2019orchestration de son r\u00e9seau de fibre optique. Cette approche unique lui permet de couvrir en toute ind\u00e9pendance l\u2019ensemble des usages de ses 1,6 million de clients dans plus de 140 pays. OVHcloud propose aujourd\u2019hui des solutions de derni\u00e8re g\u00e9n\u00e9ration alliant performance, pr\u00e9dictibilit\u00e9 des prix et une totale souverainet\u00e9 sur leurs donn\u00e9es pour accompagner leur croissance en toute libert\u00e9.<\/p>\n<\/div><\/div><\/div><\/div><\/div><\/section>\n\n\n<div class=\"wp-block-cg-blocks-cg-block-related-content\"><section class=\"relatedContentBlock\"><div class=\"container\"><div class=\"row\"><div class=\"content-title col-12 col-md-8\"><h2 class=\"related-content-heading\">Related News<\/h2><\/div><\/div><div class=\"row relatedContent\"><div class=\"col-lg-4 col-md-6 col-xs-12\">\n\t\t\t\t\t\t\t<div class=\"box\">\n\t\t\t\t\t\t\t\t<a aria-label=\"Lire la suite Chiffre d\u2019affaires du 1er trimestre 2026\" href=\"https:\/\/www.capgemini.com\/fr-fr\/actualites\/communiques-de-presse\/chiffre-daffaires-du-1er-trimestre-2026\/\" class=\"anchorWrapper\">\n\t\t\t\t\t\t\t\t\t<span class=\"box-tag\"><span>Actualit\u00e9s financi\u00e8res<\/span><\/span>\n\t\t\t\t\t\t\t\t\t<div class=\"box-title\"><h3 class=\"box-subtitle\">Chiffre d\u2019affaires du 1er trimestre 2026<\/h3><\/div>\n\t\t\t\t\t\t\t\t\t<div class=\"box-date\">\n\t\t\t\t\t\t\t\t\t\t<span>Apr 30, 2026<\/span>\n\t\t\t\t\t\t\t\t\t<\/div>\n\t\t\t\t\t\t\t\t\t<div class=\"box-bottom\">\n\t\t\t\t\t\t\t\t\t\t&lt;a class=&quot;link-download&quot; href=&quot;https:\/\/www.capgemini.com\/fr-fr\/wp-content\/uploads\/sites\/6\/2026\/04\/Capgemini_-_2026-04-30_-_Chiffre_d_affaires_du_1er_trimestre_2026.pdf&quot; aria-label=&quot;T\u00e9l\u00e9charger le communiqu\u00e9 de presse&quot; target=&quot;_blank&quot;  type=&quot;download&quot; title=&quot;Opens in a new window&quot;&gt;\n\t\t\t\t\t\t\t&lt;span&gt;T\u00e9l\u00e9charger le communiqu\u00e9 de presse&lt;\/span&gt;\n\t\t\t\t\t\t\t&lt;span&gt;237 KB PDF&lt;\/span&gt;\n\t\t\t\t\t\t&lt;\/a&gt;\n\t\t\t\t\t\t\t\t\t\t<a class=\"more\" aria-label=\"Lire la suite Chiffre d\u2019affaires du 1er trimestre 2026\" href=\"https:\/\/www.capgemini.com\/fr-fr\/actualites\/communiques-de-presse\/chiffre-daffaires-du-1er-trimestre-2026\/\">Lire la suite<\/a>\n\t\t\t\t\t\t\t\t\t<\/div>\n\t\t\t\t\t\t\t\t<\/a>\n\t\t\t\t\t\t\t<\/div>\n\t\t\t\t\t\t<\/div><div class=\"col-lg-4 col-md-6 col-xs-12\">\n\t\t\t\t\t\t\t<div class=\"box\">\n\t\t\t\t\t\t\t\t<a aria-label=\"Lire la suite Capgemini d\u00e9voile le Google Cloud AI Enterprise Hub pour acc\u00e9l\u00e9rer la transformation des entreprises gr\u00e2ce \u00e0 l\u2019IA agentique\" href=\"https:\/\/www.capgemini.com\/fr-fr\/actualites\/communiques-de-presse\/capgemini-devoile-le-google-cloud-ai-enterprise-hub-pour-accelerer-la-transformation-des-entreprises-vers-ia-agentique\/\" class=\"anchorWrapper\">\n\t\t\t\t\t\t\t\t\t<span class=\"box-tag\"><span>Partenariats<\/span><\/span>\n\t\t\t\t\t\t\t\t\t<div class=\"box-title\"><h3 class=\"box-subtitle\">Capgemini d\u00e9voile le Google Cloud AI Enterprise Hub pour acc\u00e9l\u00e9rer la transformation des entreprises gr\u00e2ce \u00e0 l\u2019IA agentique<\/h3><\/div>\n\t\t\t\t\t\t\t\t\t<div class=\"box-date\">\n\t\t\t\t\t\t\t\t\t\t<span>Apr 23, 2026<\/span>\n\t\t\t\t\t\t\t\t\t<\/div>\n\t\t\t\t\t\t\t\t\t<div class=\"box-bottom\">\n\t\t\t\t\t\t\t\t\t\t&lt;a class=&quot;link-download&quot; href=&quot;https:\/\/www.capgemini.com\/wp-content\/uploads\/2026\/04\/04_23_Capgemini-news-alert_Google-Cloud-AI-Enterprise-Hub.pdf&quot; aria-label=&quot;T\u00e9l\u00e9charger le communiqu\u00e9 de presse&quot; target=&quot;_blank&quot;  type=&quot;download&quot; title=&quot;Opens in a new window&quot;&gt;\n\t\t\t\t\t\t\t&lt;span&gt;T\u00e9l\u00e9charger le communiqu\u00e9 de presse&lt;\/span&gt;\n\t\t\t\t\t\t\t&lt;span&gt;143 KB PDF&lt;\/span&gt;\n\t\t\t\t\t\t&lt;\/a&gt;\n\t\t\t\t\t\t\t\t\t\t<a class=\"more\" aria-label=\"Lire la suite Capgemini d\u00e9voile le Google Cloud AI Enterprise Hub pour acc\u00e9l\u00e9rer la transformation des entreprises gr\u00e2ce \u00e0 l\u2019IA agentique\" href=\"https:\/\/www.capgemini.com\/fr-fr\/actualites\/communiques-de-presse\/capgemini-devoile-le-google-cloud-ai-enterprise-hub-pour-accelerer-la-transformation-des-entreprises-vers-ia-agentique\/\">Lire la suite<\/a>\n\t\t\t\t\t\t\t\t\t<\/div>\n\t\t\t\t\t\t\t\t<\/a>\n\t\t\t\t\t\t\t<\/div>\n\t\t\t\t\t\t<\/div><div class=\"col-lg-4 col-md-6 col-xs-12\">\n\t\t\t\t\t\t\t<div class=\"box\">\n\t\t\t\t\t\t\t\t<a aria-label=\"Lire la suite La r\u00e9industrialisation entre dans une phase plus s\u00e9lective et strat\u00e9gique en Europe et aux \u00c9tats Unis\" href=\"https:\/\/www.capgemini.com\/fr-fr\/actualites\/communiques-de-presse\/la-reindustrialisation-entre-dans-une-phase-plus-selective-et-strategique-en-europe-et-aux-etats-unis\/\" class=\"anchorWrapper\">\n\t\t\t\t\t\t\t\t\t<span class=\"box-tag\"><span>Publications<\/span><\/span>\n\t\t\t\t\t\t\t\t\t<div class=\"box-title\"><h3 class=\"box-subtitle\">La r\u00e9industrialisation entre dans une phase plus s\u00e9lective et strat\u00e9gique en Europe et aux \u00c9tats Unis<\/h3><\/div>\n\t\t\t\t\t\t\t\t\t<div class=\"box-date\">\n\t\t\t\t\t\t\t\t\t\t<span>Apr 20, 2026<\/span>\n\t\t\t\t\t\t\t\t\t<\/div>\n\t\t\t\t\t\t\t\t\t<div class=\"box-bottom\">\n\t\t\t\t\t\t\t\t\t\t&lt;a class=&quot;link-download&quot; href=&quot;https:\/\/www.capgemini.com\/fr-fr\/wp-content\/uploads\/sites\/6\/2026\/04\/2026_04_20_Capgemini_Reindustrialisation-of-Europe-and-the-US-report_3rd-edition_press-release_FR.pdf&quot; aria-label=&quot;T\u00e9l\u00e9charger le communiqu\u00e9 de presse&quot; target=&quot;_blank&quot;  type=&quot;download&quot; title=&quot;Opens in a new window&quot;&gt;\n\t\t\t\t\t\t\t&lt;span&gt;T\u00e9l\u00e9charger le communiqu\u00e9 de presse&lt;\/span&gt;\n\t\t\t\t\t\t\t&lt;span&gt;163 KB PDF&lt;\/span&gt;\n\t\t\t\t\t\t&lt;\/a&gt;\n\t\t\t\t\t\t\t\t\t\t<a class=\"more\" aria-label=\"Lire la suite La r\u00e9industrialisation entre dans une phase plus s\u00e9lective et strat\u00e9gique en Europe et aux \u00c9tats Unis\" href=\"https:\/\/www.capgemini.com\/fr-fr\/actualites\/communiques-de-presse\/la-reindustrialisation-entre-dans-une-phase-plus-selective-et-strategique-en-europe-et-aux-etats-unis\/\">Lire la suite<\/a>\n\t\t\t\t\t\t\t\t\t<\/div>\n\t\t\t\t\t\t\t\t<\/a>\n\t\t\t\t\t\t\t<\/div>\n\t\t\t\t\t\t<\/div><\/div><\/div><\/section><\/div>","protected":false},"excerpt":{"rendered":"","protected":false},"author":103,"featured_media":0,"template":"","meta":{"cg_dt_proposed_to":[],"cg_seo_hreflang_relations":"[]","cg_seo_canonical_relation":"{\"uuid\":\"3823a66e-4b64-45a5-b13b-9fcc7826eccf\",\"blogId\":\"\",\"domain\":\"\",\"sitePath\":\"\",\"postLink\":\"\",\"postId\":null,\"isSaved\":true,\"isCrossLink\":false,\"hasCrossLink\":false}","cg_seo_hreflang_x_default_relation":"{\"uuid\":\"74e7dcd3-3842-4765-ac91-dbd472c5bef4\",\"blogId\":\"\",\"domain\":\"\",\"sitePath\":\"\",\"postLink\":\"\",\"postId\":null,\"isSaved\":true,\"isCrossLink\":false,\"hasCrossLink\":false}","cg_dt_approved_content":true,"cg_dt_mandatory_content":false,"cg_dt_notes":"","cg_dg_source_changed":false,"cg_dt_link_disabled":false,"footnotes":"","related_resource_url":"https:\/\/www.capgemini.com\/fr-fr\/wp-content\/uploads\/sites\/6\/2022\/04\/2021_02_16_Capgemini_et_OVHcloud_signent_un_partenariat_mondial-1.pdf","related_resource_id":664608,"related_resource_size":"125 KB","related_resource_type":"pdf","cg_author":0,"featured_focal_points":""},"tags":[],"press-release-type":[],"brand":[],"class_list":["post-664606","press-release","type-press-release","status-publish","hentry"],"yoast_head":"<!-- This site is optimized with the Yoast SEO Premium plugin v22.8 (Yoast SEO v22.8) - https:\/\/yoast.com\/wordpress\/plugins\/seo\/ -->\n<title>Capgemini et OVHcloud signent un partenariat mondial pour permettre aux organisations de mener leur transformation dans le cloud de mani\u00e8re s\u00e9curis\u00e9e - Capgemini France<\/title>\n<meta name=\"robots\" content=\"index, follow, max-snippet:-1, max-image-preview:large, max-video-preview:-1\" \/>\n<link rel=\"canonical\" href=\"https:\/\/www.capgemini.com\/fr-fr\/actualites\/communiques-de-presse\/capgemini-et-ovhcloud-signent-un-partenariat-mondial-pour-permettre-aux-organisations-de-mener-leur-transformation-dans-le-cloud-de-maniere-securisee\/\" \/>\n<meta property=\"og:locale\" content=\"fr_FR\" \/>\n<meta property=\"og:type\" content=\"article\" \/>\n<meta property=\"og:title\" content=\"Capgemini et OVHcloud signent un partenariat mondial pour permettre aux organisations de mener leur transformation dans le cloud de mani\u00e8re s\u00e9curis\u00e9e\" \/>\n<meta property=\"og:url\" content=\"https:\/\/www.capgemini.com\/fr-fr\/actualites\/communiques-de-presse\/capgemini-et-ovhcloud-signent-un-partenariat-mondial-pour-permettre-aux-organisations-de-mener-leur-transformation-dans-le-cloud-de-maniere-securisee\/\" \/>\n<meta property=\"og:site_name\" content=\"Capgemini France\" \/>\n<meta property=\"article:modified_time\" content=\"2025-03-04T09:59:15+00:00\" \/>\n<meta property=\"og:image\" content=\"https:\/\/www.capgemini.com\/fr-fr\/wp-content\/uploads\/sites\/6\/2025\/10\/image-1.jpg\" \/>\n\t<meta property=\"og:image:width\" content=\"1200\" \/>\n\t<meta property=\"og:image:height\" content=\"627\" \/>\n\t<meta property=\"og:image:type\" content=\"image\/jpeg\" \/>\n<meta name=\"twitter:card\" content=\"summary_large_image\" \/>\n<meta name=\"twitter:label1\" content=\"Est. reading time\" \/>\n\t<meta name=\"twitter:data1\" content=\"5 minutes\" \/>\n<script type=\"application\/ld+json\" class=\"yoast-schema-graph\">{\"@context\":\"https:\/\/schema.org\",\"@graph\":[{\"@type\":\"WebPage\",\"@id\":\"https:\/\/www.capgemini.com\/fr-fr\/actualites\/communiques-de-presse\/capgemini-et-ovhcloud-signent-un-partenariat-mondial-pour-permettre-aux-organisations-de-mener-leur-transformation-dans-le-cloud-de-maniere-securisee\/\",\"url\":\"https:\/\/www.capgemini.com\/fr-fr\/actualites\/communiques-de-presse\/capgemini-et-ovhcloud-signent-un-partenariat-mondial-pour-permettre-aux-organisations-de-mener-leur-transformation-dans-le-cloud-de-maniere-securisee\/\",\"name\":\"Capgemini et OVHcloud signent un partenariat mondial pour permettre aux organisations de mener leur transformation dans le cloud de mani\u00e8re s\u00e9curis\u00e9e - Capgemini France\",\"isPartOf\":{\"@id\":\"https:\/\/www.capgemini.com\/fr-fr\/#website\"},\"datePublished\":\"2021-02-16T07:46:00+00:00\",\"dateModified\":\"2025-03-04T09:59:15+00:00\",\"breadcrumb\":{\"@id\":\"https:\/\/www.capgemini.com\/fr-fr\/actualites\/communiques-de-presse\/capgemini-et-ovhcloud-signent-un-partenariat-mondial-pour-permettre-aux-organisations-de-mener-leur-transformation-dans-le-cloud-de-maniere-securisee\/#breadcrumb\"},\"inLanguage\":\"fr-FR\",\"potentialAction\":[{\"@type\":\"ReadAction\",\"target\":[\"https:\/\/www.capgemini.com\/fr-fr\/actualites\/communiques-de-presse\/capgemini-et-ovhcloud-signent-un-partenariat-mondial-pour-permettre-aux-organisations-de-mener-leur-transformation-dans-le-cloud-de-maniere-securisee\/\"]}]},{\"@type\":\"BreadcrumbList\",\"@id\":\"https:\/\/www.capgemini.com\/fr-fr\/actualites\/communiques-de-presse\/capgemini-et-ovhcloud-signent-un-partenariat-mondial-pour-permettre-aux-organisations-de-mener-leur-transformation-dans-le-cloud-de-maniere-securisee\/#breadcrumb\",\"itemListElement\":[{\"@type\":\"ListItem\",\"position\":1,\"name\":\"Press Releases\",\"item\":\"https:\/\/www.capgemini.com\/fr-fr\/news\/\"},{\"@type\":\"ListItem\",\"position\":2,\"name\":\"Capgemini et OVHcloud signent un partenariat mondial pour permettre aux organisations de mener leur transformation dans le cloud de mani\u00e8re s\u00e9curis\u00e9e\"}]},{\"@type\":\"WebSite\",\"@id\":\"https:\/\/www.capgemini.com\/fr-fr\/#website\",\"url\":\"https:\/\/www.capgemini.com\/fr-fr\/\",\"name\":\"Capgemini France\",\"description\":\"Just another www.capgemini.com site\",\"publisher\":{\"@id\":\"https:\/\/www.capgemini.com\/fr-fr\/#organization\"},\"potentialAction\":[{\"@type\":\"SearchAction\",\"target\":{\"@type\":\"EntryPoint\",\"urlTemplate\":\"https:\/\/www.capgemini.com\/fr-fr\/?s={search_term_string}\"},\"query-input\":\"required name=search_term_string\"}],\"inLanguage\":\"fr-FR\"},{\"@type\":\"Organization\",\"@id\":\"https:\/\/www.capgemini.com\/fr-fr\/#organization\",\"name\":\"Capgemini France\",\"url\":\"https:\/\/www.capgemini.com\/fr-fr\/\",\"logo\":{\"@type\":\"ImageObject\",\"inLanguage\":\"fr-FR\",\"@id\":\"https:\/\/www.capgemini.com\/fr-fr\/#\/schema\/logo\/image\/\",\"url\":\"https:\/\/www.capgemini.com\/fr-fr\/wp-content\/uploads\/sites\/6\/2022\/08\/Logo-Capgemini.png\",\"contentUrl\":\"https:\/\/www.capgemini.com\/fr-fr\/wp-content\/uploads\/sites\/6\/2022\/08\/Logo-Capgemini.png\",\"width\":202,\"height\":60,\"caption\":\"Capgemini France\"},\"image\":{\"@id\":\"https:\/\/www.capgemini.com\/fr-fr\/#\/schema\/logo\/image\/\"}}]}<\/script>\n<!-- \/ Yoast SEO Premium plugin. -->","yoast_head_json":{"title":"Capgemini et OVHcloud signent un partenariat mondial pour permettre aux organisations de mener leur transformation dans le cloud de mani\u00e8re s\u00e9curis\u00e9e - Capgemini France","robots":{"index":"index","follow":"follow","max-snippet":"max-snippet:-1","max-image-preview":"max-image-preview:large","max-video-preview":"max-video-preview:-1"},"canonical":"https:\/\/www.capgemini.com\/fr-fr\/actualites\/communiques-de-presse\/capgemini-et-ovhcloud-signent-un-partenariat-mondial-pour-permettre-aux-organisations-de-mener-leur-transformation-dans-le-cloud-de-maniere-securisee\/","og_locale":"fr_FR","og_type":"article","og_title":"Capgemini et OVHcloud signent un partenariat mondial pour permettre aux organisations de mener leur transformation dans le cloud de mani\u00e8re s\u00e9curis\u00e9e","og_url":"https:\/\/www.capgemini.com\/fr-fr\/actualites\/communiques-de-presse\/capgemini-et-ovhcloud-signent-un-partenariat-mondial-pour-permettre-aux-organisations-de-mener-leur-transformation-dans-le-cloud-de-maniere-securisee\/","og_site_name":"Capgemini France","article_modified_time":"2025-03-04T09:59:15+00:00","og_image":[{"width":1200,"height":627,"url":"https:\/\/www.capgemini.com\/fr-fr\/wp-content\/uploads\/sites\/6\/2025\/10\/image-1.jpg","type":"image\/jpeg"}],"twitter_card":"summary_large_image","twitter_misc":{"Est. reading time":"5 minutes"},"schema":{"@context":"https:\/\/schema.org","@graph":[{"@type":"WebPage","@id":"https:\/\/www.capgemini.com\/fr-fr\/actualites\/communiques-de-presse\/capgemini-et-ovhcloud-signent-un-partenariat-mondial-pour-permettre-aux-organisations-de-mener-leur-transformation-dans-le-cloud-de-maniere-securisee\/","url":"https:\/\/www.capgemini.com\/fr-fr\/actualites\/communiques-de-presse\/capgemini-et-ovhcloud-signent-un-partenariat-mondial-pour-permettre-aux-organisations-de-mener-leur-transformation-dans-le-cloud-de-maniere-securisee\/","name":"Capgemini et OVHcloud signent un partenariat mondial pour permettre aux organisations de mener leur transformation dans le cloud de mani\u00e8re s\u00e9curis\u00e9e - Capgemini France","isPartOf":{"@id":"https:\/\/www.capgemini.com\/fr-fr\/#website"},"datePublished":"2021-02-16T07:46:00+00:00","dateModified":"2025-03-04T09:59:15+00:00","breadcrumb":{"@id":"https:\/\/www.capgemini.com\/fr-fr\/actualites\/communiques-de-presse\/capgemini-et-ovhcloud-signent-un-partenariat-mondial-pour-permettre-aux-organisations-de-mener-leur-transformation-dans-le-cloud-de-maniere-securisee\/#breadcrumb"},"inLanguage":"fr-FR","potentialAction":[{"@type":"ReadAction","target":["https:\/\/www.capgemini.com\/fr-fr\/actualites\/communiques-de-presse\/capgemini-et-ovhcloud-signent-un-partenariat-mondial-pour-permettre-aux-organisations-de-mener-leur-transformation-dans-le-cloud-de-maniere-securisee\/"]}]},{"@type":"BreadcrumbList","@id":"https:\/\/www.capgemini.com\/fr-fr\/actualites\/communiques-de-presse\/capgemini-et-ovhcloud-signent-un-partenariat-mondial-pour-permettre-aux-organisations-de-mener-leur-transformation-dans-le-cloud-de-maniere-securisee\/#breadcrumb","itemListElement":[{"@type":"ListItem","position":1,"name":"Press Releases","item":"https:\/\/www.capgemini.com\/fr-fr\/news\/"},{"@type":"ListItem","position":2,"name":"Capgemini et OVHcloud signent un partenariat mondial pour permettre aux organisations de mener leur transformation dans le cloud de mani\u00e8re s\u00e9curis\u00e9e"}]},{"@type":"WebSite","@id":"https:\/\/www.capgemini.com\/fr-fr\/#website","url":"https:\/\/www.capgemini.com\/fr-fr\/","name":"Capgemini France","description":"Just another www.capgemini.com site","publisher":{"@id":"https:\/\/www.capgemini.com\/fr-fr\/#organization"},"potentialAction":[{"@type":"SearchAction","target":{"@type":"EntryPoint","urlTemplate":"https:\/\/www.capgemini.com\/fr-fr\/?s={search_term_string}"},"query-input":"required name=search_term_string"}],"inLanguage":"fr-FR"},{"@type":"Organization","@id":"https:\/\/www.capgemini.com\/fr-fr\/#organization","name":"Capgemini France","url":"https:\/\/www.capgemini.com\/fr-fr\/","logo":{"@type":"ImageObject","inLanguage":"fr-FR","@id":"https:\/\/www.capgemini.com\/fr-fr\/#\/schema\/logo\/image\/","url":"https:\/\/www.capgemini.com\/fr-fr\/wp-content\/uploads\/sites\/6\/2022\/08\/Logo-Capgemini.png","contentUrl":"https:\/\/www.capgemini.com\/fr-fr\/wp-content\/uploads\/sites\/6\/2022\/08\/Logo-Capgemini.png","width":202,"height":60,"caption":"Capgemini France"},"image":{"@id":"https:\/\/www.capgemini.com\/fr-fr\/#\/schema\/logo\/image\/"}}]}},"parsely":{"version":"1.1.0","canonical_url":"https:\/\/capgemini.com\/fr-fr\/actualites\/communiques-de-presse\/capgemini-et-ovhcloud-signent-un-partenariat-mondial-pour-permettre-aux-organisations-de-mener-leur-transformation-dans-le-cloud-de-maniere-securisee\/","smart_links":{"inbound":0,"outbound":0},"traffic_boost_suggestions_count":0,"meta":{"@context":"https:\/\/schema.org","@type":"NewsArticle","headline":"Capgemini et OVHcloud signent un partenariat mondial pour permettre aux organisations de mener leur transformation dans le cloud de mani\u00e8re s\u00e9curis\u00e9e","url":"https:\/\/www.capgemini.com\/fr-fr\/actualites\/communiques-de-presse\/capgemini-et-ovhcloud-signent-un-partenariat-mondial-pour-permettre-aux-organisations-de-mener-leur-transformation-dans-le-cloud-de-maniere-securisee\/","mainEntityOfPage":{"@type":"WebPage","@id":"https:\/\/www.capgemini.com\/fr-fr\/actualites\/communiques-de-presse\/capgemini-et-ovhcloud-signent-un-partenariat-mondial-pour-permettre-aux-organisations-de-mener-leur-transformation-dans-le-cloud-de-maniere-securisee\/"},"thumbnailUrl":"","image":{"@type":"ImageObject","url":""},"articleSection":"Uncategorized","author":[],"creator":[],"publisher":{"@type":"Organization","name":"Capgemini France","logo":""},"keywords":[],"dateCreated":"2021-02-16T07:46:00Z","datePublished":"2021-02-16T07:46:00Z","dateModified":"2025-03-04T09:59:15Z"},"rendered":"<meta name=\"parsely-title\" content=\"Capgemini et OVHcloud signent un partenariat mondial pour permettre aux organisations de mener leur transformation dans le cloud de mani\u00e8re s\u00e9curis\u00e9e\" \/>\n<meta name=\"parsely-link\" content=\"https:\/\/www.capgemini.com\/fr-fr\/actualites\/communiques-de-presse\/capgemini-et-ovhcloud-signent-un-partenariat-mondial-pour-permettre-aux-organisations-de-mener-leur-transformation-dans-le-cloud-de-maniere-securisee\/\" \/>\n<meta name=\"parsely-type\" content=\"post\" \/>\n<meta name=\"parsely-pub-date\" content=\"2021-02-16T07:46:00Z\" \/>\n<meta name=\"parsely-section\" content=\"Uncategorized\" \/>","tracker_url":"https:\/\/cdn.parsely.com\/keys\/capgemini.com\/p.js"},"archive_status":false,"featured_image_src":"https:\/\/www.capgemini.com\/fr-fr\/wp-content\/themes\/capgemini2025\/assets\/images\/mockup.png","featured_image_alt":false,"jetpack_sharing_enabled":true,"distributor_meta":false,"distributor_terms":false,"distributor_media":false,"distributor_original_site_name":"Capgemini France","distributor_original_site_url":"https:\/\/www.capgemini.com\/fr-fr","push-errors":false,"tag_names":[],"_links":{"self":[{"href":"https:\/\/www.capgemini.com\/fr-fr\/wp-json\/wp\/v2\/press-release\/664606","targetHints":{"allow":["GET"]}}],"collection":[{"href":"https:\/\/www.capgemini.com\/fr-fr\/wp-json\/wp\/v2\/press-release"}],"about":[{"href":"https:\/\/www.capgemini.com\/fr-fr\/wp-json\/wp\/v2\/types\/press-release"}],"author":[{"embeddable":true,"href":"https:\/\/www.capgemini.com\/fr-fr\/wp-json\/wp\/v2\/users\/103"}],"version-history":[{"count":6,"href":"https:\/\/www.capgemini.com\/fr-fr\/wp-json\/wp\/v2\/press-release\/664606\/revisions"}],"predecessor-version":[{"id":777945,"href":"https:\/\/www.capgemini.com\/fr-fr\/wp-json\/wp\/v2\/press-release\/664606\/revisions\/777945"}],"wp:attachment":[{"href":"https:\/\/www.capgemini.com\/fr-fr\/wp-json\/wp\/v2\/media?parent=664606"}],"wp:term":[{"taxonomy":"post_tag","embeddable":true,"href":"https:\/\/www.capgemini.com\/fr-fr\/wp-json\/wp\/v2\/tags?post=664606"},{"taxonomy":"press-release-type","embeddable":true,"href":"https:\/\/www.capgemini.com\/fr-fr\/wp-json\/wp\/v2\/press-release-type?post=664606"},{"taxonomy":"brand","embeddable":true,"href":"https:\/\/www.capgemini.com\/fr-fr\/wp-json\/wp\/v2\/brand?post=664606"}],"curies":[{"name":"wp","href":"https:\/\/api.w.org\/{rel}","templated":true}]}}