{"id":664550,"date":"2021-06-18T07:29:00","date_gmt":"2021-06-18T07:29:00","guid":{"rendered":"https:\/\/www.capgemini.com\/fr-fr\/?post_type=press-release&#038;p=664550"},"modified":"2025-03-04T10:28:48","modified_gmt":"2025-03-04T09:28:48","slug":"en-suede-sogeti-remporte-la-signature-exclusive-dun-accord-cadre-de-220-millions-deuros-setendant-sur-plusieurs-annees","status":"publish","type":"press-release","link":"https:\/\/www.capgemini.com\/fr-fr\/actualites\/communiques-de-presse\/en-suede-sogeti-remporte-la-signature-exclusive-dun-accord-cadre-de-220-millions-deuros-setendant-sur-plusieurs-annees\/","title":{"rendered":"En Su\u00e8de, Sogeti remporte la signature exclusive d\u2019un accord-cadre de 220 millions d\u2019euro s\u2019\u00e9tendant sur plusieurs ann\u00e9es."},"content":{"rendered":"\t\t<div class=\"wp-block-cg-blocks-hero-press-release\">\n\t\t\t<header class=\"header-hero-press-release\" role=\"main\" id=\"main-content-press-release\">\n\t\t\t\t<div class=\"container\">\n\t\t\t\t\t<div class=\"hero-press-release\">\n\t\t\t\t\t\t<div class=\"hero-press-release-content-wrapper\">\n\t\t\t\t\t\t\t<div class=\"row\">\n\t\t\t\t\t\t\t\t<div class=\"col-12\">\n\t\t\t\t\t\t\t\t\t<div class=\"header-title\">\n\t\t\t\t\t\t\t\t\t\t<h1>\n\t\t\t\t\t\t\t\t\t\t\tEn Su\u00e8de, Sogeti remporte la signature exclusive d\u2019un accord-cadre de 220 millions d\u2019euro s\u2019\u00e9tendant sur plusieurs ann\u00e9es.\t\t\t\t\t\t\t\t\t\t<\/h1>\n\t\t\t\t\t\t\t\t\t<\/div>\n\t\t\t\t\t\t\t\t\t<div class=\"header-description\">\n\t\t\t\t\t\t\t\t\t\t<p><\/p>\n\t\t\t\t\t\t\t\t\t<\/div>\n\t\t\t\t\t\t\t\t\t\t\t\t\t\t\t\t\t\t<div class=\"header-date\">\n\t\t\t\t\t\t\t\t\t\t<span>juin 18, 2021<\/span>\n\t\t\t\t\t\t\t\t\t<\/div>\n\t\t\t\t\t\t\t\t<\/div>\n\t\t\t\t\t\t\t<\/div>\n\t\t\t\t\t\t<\/div>\n\t\t\t\t\t\t\t\t\t\t\t\t\t<div class=\"hero-press-release-downloads\">\n\t\t\t\t\t\t\t\t<div class=\"row\">\n\t\t\t\t\t\t\t\t\t\t\t\t\t\t\t\t\t\t\t<div class=\"col-12 col-md-6 col-lg-3\">\n\t\t\t\t\t\t\t\t\t\t\t<a class=\"download-item\" type=\"download\" href=\"https:\/\/www.capgemini.com\/fr-fr\/wp-content\/uploads\/sites\/6\/2022\/04\/Communique-de-presse-3-1.pdf\" target=\"_blank\" rel=\"noopener noreferrer\" title=\"Ouvrir dans une nouvelle fen\u00eatre\">\n\t\t\t\t\t\t\t\t\t\t\t\t<div class=\"download-icon\"><\/div>\n\t\t\t\t\t\t\t\t\t\t\t\t<div class=\"download-details\">\n\t\t\t\t\t\t\t\t\t\t\t\t\t<div class=\"download-title\">Download press release<\/div>\n\t\t\t\t\t\t\t\t\t\t\t\t\t<div class=\"download-props\">104 KB  pdf<\/div>\n\t\t\t\t\t\t\t\t\t\t\t\t<\/div>\n\t\t\t\t\t\t\t\t\t\t\t<\/a>\n\t\t\t\t\t\t\t\t\t\t<\/div>\n\t\t\t\t\t\t\t\t\t\t\t\t\t\t\t\t\t\t<\/div>\n\t\t\t\t\t\t\t<\/div>\n\t\t\t\t\t\t\t\t\t\t\t\t\t\t\t\t\t<\/div>\n\t\t\t\t<\/div>\n\t\t\t<\/header>\n\t\t<\/div>\n\t\t\n\n\n<section class=\"wp-block-cg-blocks-intro-para undefined section section--intro\"><div class=\"intro-para\"><div class=\"container\"><div class=\"row\"><div class=\"col-12 col-md-1\"><nav class=\"article-social\"><ul class=\"social-nav\"><li class=\"ip-order-fb\"><a href=\"https:\/\/www.facebook.com\/sharer\/sharer.php?u=https:\/\/www.capgemini.com\/fr-fr\/actualites\/communiques-de-presse\/en-suede-sogeti-remporte-la-signature-exclusive-dun-accord-cadre-de-220-millions-deuros-setendant-sur-plusieurs-annees\/\" target=\"_blank\" rel=\"noopener noreferrer\" title=\"Ouvrir dans une nouvelle fen\u00eatre\"><i aria-hidden=\"true\" class=\"icon-fb\"><\/i><span class=\"sr-only\">Facebook<\/span><\/a><\/li><li class=\"ip-order-li\"><a href=\"https:\/\/www.linkedin.com\/sharing\/share-offsite\/?url=https:\/\/www.capgemini.com\/fr-fr\/actualites\/communiques-de-presse\/en-suede-sogeti-remporte-la-signature-exclusive-dun-accord-cadre-de-220-millions-deuros-setendant-sur-plusieurs-annees\/\" target=\"_blank\" rel=\"noopener noreferrer\" title=\"Ouvrir dans une nouvelle fen\u00eatre\"><i aria-hidden=\"true\" class=\"icon-li\"><\/i><span class=\"sr-only\">Linkedin<\/span><\/a><\/li><\/ul><\/nav><\/div><div class=\"col-12 col-md-11 col-lg-10\"><h2 class=\"intro-para-title\">Stockholm, Su\u00e8de, le 18 juin 2021 \u2013- Sogeti, une marque du groupe Capgemini, a sign\u00e9 un nouvel accord-cadre exclusif avec l\u2019Administration des Transports Su\u00e9doise, couvrant les services informatiques pour le d\u00e9veloppement et la gestion des applications. Dans un premier temps, l\u2019accord couvre une p\u00e9riode de quatre ans et pourra \u00eatre \u00e9tendu \u00e0 trois ann\u00e9es suppl\u00e9mentaires.<\/h2><\/div><\/div><\/div><\/div><\/section>\n\n\n\n<section class=\"wp-block-cg-blocks-group undefined section section--article-content\"><div class=\"article-main-content\"><div class=\"container\"><div class=\"row\"><div class=\"col-12 col-md-11 col-lg-10 offset-md-1 offset-lg-1\"><div class=\"article-text article-quote-text\">\n<blockquote class=\"wp-block-quote is-layout-flow wp-block-quote-is-layout-flow\">\n<p>Dans le cadre d\u2019un renouvellement de ses op\u00e9rations informatiques, l\u2019<a href=\"https:\/\/www.trafikverket.se\/en\/startpage\/about-us\/Trafikverket\/\">Administration des Transports Su\u00e9doise<\/a>, autorit\u00e9 gouvernementale bas\u00e9e \u00e0 Borl\u00e4nge et responsable de la planification \u00e0 long terme de l\u2019infrastructure des transports en Su\u00e8de pour le routier, le ferroviaire, le maritime et l\u2019a\u00e9rien, a sign\u00e9 un accord-cadre de partenariat unique avec Sogeti.<\/p>\n<\/blockquote>\n\n\n\n<p>Sogeti prendra la responsabilit\u00e9 des ressources et des \u00e9quipes n\u00e9cessaires au d\u00e9veloppement et \u00e0 la gestion des applications dans les op\u00e9rations informatiques de l\u2019Administration des Transports Su\u00e9doise. Le contrat s\u2019\u00e9tend sur quatre ans, avec la possibilit\u00e9 pour l\u2019autorit\u00e9 gouvernementale de l\u2019\u00e9tendre \u00e0 trois ann\u00e9es suppl\u00e9mentaires avec une d\u00e9cision qui sera prise chaque ann\u00e9e.<\/p>\n\n\n\n<p>Le montant total de l\u2019accord-cadre est de 2,3 milliards de couronnes su\u00e9doises (environ 220 millions d\u2019Euros) pour la p\u00e9riode maximale du contrat de sept ans.<\/p>\n\n\n\n<p>Les objectifs que l\u2019Administration des Transports Su\u00e9doise souhaite atteindre, \u00e0 l\u2019aide de cette collaboration \u00e0 long terme avec Sogeti, sont notamment&nbsp;:<\/p>\n\n\n\n<ul class=\"wp-block-list\">\n<li>Une plus grande adaptabilit\u00e9 dans le d\u00e9veloppement et la gestion des applications<\/li>\n\n\n\n<li>Davantage d\u2019innovation<\/li>\n\n\n\n<li>Une meilleure rentabilit\u00e9<\/li>\n\n\n\n<li>Une r\u00e9duction des risques<\/li>\n<\/ul>\n\n\n\n<p><em>\u00ab&nbsp;Nous sommes extr\u00eamement fiers de cet accord exclusif qui nous permet de d\u00e9livrer des services informatiques pour le d\u00e9veloppement et la gestion d\u2019applications \u00e0 l\u2019Administration des Transports Su\u00e9doise&nbsp;\u00bb, <\/em>commente Sergio de Brito, \u00e0 la t\u00eate de Sogeti Su\u00e8de. \u00ab&nbsp;<em>Nous nous r\u00e9jouissons de pouvoir \u00eatre un partenaire proactif, innovatif et agile, offrant des capacit\u00e9s et r\u00e9f\u00e9rences de delivery de premier ordre et donnant acc\u00e8s au large portfolio de notre Groupe. Nos \u00e9quipes et nos experts en technologie sont focalis\u00e9s \u00e0 100% sur la cr\u00e9ation de valeur rapide et rentable, et sont pr\u00eats \u00e0 assister l\u2019Administration des Transports Su\u00e9doise dans leur transformation digitale sur les sept prochaines ann\u00e9es.&nbsp;\u00bb<\/em><\/p>\n\n\n\n<p>Le nouvel accord-cadre est entr\u00e9 en vigueur le 15 juin 2021.<\/p>\n\n\n\n<p><strong>A propos de Sogeti<\/strong><br>Sogeti fait partie du groupe Capgemini, avec une pr\u00e9sence dans plus de 100 sites \u00e0 travers le monde. Travaillant en \u00e9troite collaboration avec clients et partenaires pour tirer pleinement parti des technologies, Sogeti allie agilit\u00e9 et rapidit\u00e9 de mise en \u0153uvre pour concevoir des solutions sur mesure innovantes et tourn\u00e9es vers l\u2019avenir dans les domaines de l\u2019Assurance et du Testing, du Cloud et de la Cybers\u00e9curit\u00e9, et int\u00e9grant les technologies d\u2019intelligence artificielle et d\u2019automatisation. Sogeti aide les entreprises \u00e0 acc\u00e9l\u00e9rer le rythme de d\u00e9ploiement des solutions digitales gr\u00e2ce \u00e0 son approche pragmatique, \u00ab&nbsp;value in the making&nbsp;\u00bb, et sa passion pour la technologie.<\/p>\n\n\n\n<p>Le Groupe Capgemini est un leader mondial, responsable et multiculturel, regroupant 270&nbsp;000 personnes dans pr\u00e8s de 50 pays. Partenaire strat\u00e9gique des entreprises pour la transformation de leurs activit\u00e9s en tirant profit de toute la puissance de la technologie, le Groupe est guid\u00e9 au quotidien par sa raison d\u2019\u00eatre&nbsp;: lib\u00e9rer les \u00e9nergies humaines par la technologie pour un avenir inclusif et durable. Fort de plus de 50 ans d\u2019exp\u00e9rience et d\u2019une grande expertise des diff\u00e9rents secteurs d\u2019activit\u00e9, Capgemini est reconnu par ses clients pour r\u00e9pondre \u00e0 l\u2019ensemble de leurs besoins, de la strat\u00e9gie et du design jusqu\u2019au management des op\u00e9rations, en tirant parti des innovations dans les domaines en perp\u00e9tuelle \u00e9volution du cloud, de la data, de l\u2019Intelligence Artificielle, de la connectivit\u00e9, des logiciels, de l\u2019ing\u00e9nierie digitale et des plateformes. Le Groupe a r\u00e9alis\u00e9 un chiffre d\u2019affaires de 16 milliards d\u2019euros en 2020.<\/p>\n\n\n\n<p>Plus d\u2019informations sur <a href=\"http:\/\/www.sogeti.se\">www.sogeti.se<\/a> ou <a href=\"http:\/\/www.sogeti.com\">www.sogeti.com<\/a><\/p>\n<\/div><\/div><\/div><\/div><\/div><\/section>\n\n\n<div class=\"wp-block-cg-blocks-cg-block-related-content\"><section class=\"relatedContentBlock\"><div class=\"container\"><div class=\"row\"><div class=\"content-title col-12 col-md-8\"><h2 class=\"related-content-heading\">Related News<\/h2><\/div><\/div><div class=\"row relatedContent\"><div class=\"col-lg-4 col-md-6 col-xs-12\">\n\t\t\t\t\t\t\t<div class=\"box\">\n\t\t\t\t\t\t\t\t<a aria-label=\"Lire la suite Chiffre d\u2019affaires du 1er trimestre 2026\" href=\"https:\/\/www.capgemini.com\/fr-fr\/actualites\/communiques-de-presse\/chiffre-daffaires-du-1er-trimestre-2026\/\" class=\"anchorWrapper\">\n\t\t\t\t\t\t\t\t\t<span class=\"box-tag\"><span>Actualit\u00e9s financi\u00e8res<\/span><\/span>\n\t\t\t\t\t\t\t\t\t<div class=\"box-title\"><h3 class=\"box-subtitle\">Chiffre d\u2019affaires du 1er trimestre 2026<\/h3><\/div>\n\t\t\t\t\t\t\t\t\t<div class=\"box-date\">\n\t\t\t\t\t\t\t\t\t\t<span>Apr 30, 2026<\/span>\n\t\t\t\t\t\t\t\t\t<\/div>\n\t\t\t\t\t\t\t\t\t<div class=\"box-bottom\">\n\t\t\t\t\t\t\t\t\t\t&lt;a class=&quot;link-download&quot; href=&quot;https:\/\/www.capgemini.com\/fr-fr\/wp-content\/uploads\/sites\/6\/2026\/04\/Capgemini_-_2026-04-30_-_Chiffre_d_affaires_du_1er_trimestre_2026.pdf&quot; aria-label=&quot;T\u00e9l\u00e9charger le communiqu\u00e9 de presse&quot; target=&quot;_blank&quot;  type=&quot;download&quot; title=&quot;Opens in a new window&quot;&gt;\n\t\t\t\t\t\t\t&lt;span&gt;T\u00e9l\u00e9charger le communiqu\u00e9 de presse&lt;\/span&gt;\n\t\t\t\t\t\t\t&lt;span&gt;237 KB PDF&lt;\/span&gt;\n\t\t\t\t\t\t&lt;\/a&gt;\n\t\t\t\t\t\t\t\t\t\t<a class=\"more\" aria-label=\"Lire la suite Chiffre d\u2019affaires du 1er trimestre 2026\" href=\"https:\/\/www.capgemini.com\/fr-fr\/actualites\/communiques-de-presse\/chiffre-daffaires-du-1er-trimestre-2026\/\">Lire la suite<\/a>\n\t\t\t\t\t\t\t\t\t<\/div>\n\t\t\t\t\t\t\t\t<\/a>\n\t\t\t\t\t\t\t<\/div>\n\t\t\t\t\t\t<\/div><div class=\"col-lg-4 col-md-6 col-xs-12\">\n\t\t\t\t\t\t\t<div class=\"box\">\n\t\t\t\t\t\t\t\t<a aria-label=\"Lire la suite Capgemini d\u00e9voile le Google Cloud AI Enterprise Hub pour acc\u00e9l\u00e9rer la transformation des entreprises gr\u00e2ce \u00e0 l\u2019IA agentique\" href=\"https:\/\/www.capgemini.com\/fr-fr\/actualites\/communiques-de-presse\/capgemini-devoile-le-google-cloud-ai-enterprise-hub-pour-accelerer-la-transformation-des-entreprises-vers-ia-agentique\/\" class=\"anchorWrapper\">\n\t\t\t\t\t\t\t\t\t<span class=\"box-tag\"><span>Partenariats<\/span><\/span>\n\t\t\t\t\t\t\t\t\t<div class=\"box-title\"><h3 class=\"box-subtitle\">Capgemini d\u00e9voile le Google Cloud AI Enterprise Hub pour acc\u00e9l\u00e9rer la transformation des entreprises gr\u00e2ce \u00e0 l\u2019IA agentique<\/h3><\/div>\n\t\t\t\t\t\t\t\t\t<div class=\"box-date\">\n\t\t\t\t\t\t\t\t\t\t<span>Apr 23, 2026<\/span>\n\t\t\t\t\t\t\t\t\t<\/div>\n\t\t\t\t\t\t\t\t\t<div class=\"box-bottom\">\n\t\t\t\t\t\t\t\t\t\t&lt;a class=&quot;link-download&quot; href=&quot;https:\/\/www.capgemini.com\/wp-content\/uploads\/2026\/04\/04_23_Capgemini-news-alert_Google-Cloud-AI-Enterprise-Hub.pdf&quot; aria-label=&quot;T\u00e9l\u00e9charger le communiqu\u00e9 de presse&quot; target=&quot;_blank&quot;  type=&quot;download&quot; title=&quot;Opens in a new window&quot;&gt;\n\t\t\t\t\t\t\t&lt;span&gt;T\u00e9l\u00e9charger le communiqu\u00e9 de presse&lt;\/span&gt;\n\t\t\t\t\t\t\t&lt;span&gt;143 KB PDF&lt;\/span&gt;\n\t\t\t\t\t\t&lt;\/a&gt;\n\t\t\t\t\t\t\t\t\t\t<a class=\"more\" aria-label=\"Lire la suite Capgemini d\u00e9voile le Google Cloud AI Enterprise Hub pour acc\u00e9l\u00e9rer la transformation des entreprises gr\u00e2ce \u00e0 l\u2019IA agentique\" href=\"https:\/\/www.capgemini.com\/fr-fr\/actualites\/communiques-de-presse\/capgemini-devoile-le-google-cloud-ai-enterprise-hub-pour-accelerer-la-transformation-des-entreprises-vers-ia-agentique\/\">Lire la suite<\/a>\n\t\t\t\t\t\t\t\t\t<\/div>\n\t\t\t\t\t\t\t\t<\/a>\n\t\t\t\t\t\t\t<\/div>\n\t\t\t\t\t\t<\/div><div class=\"col-lg-4 col-md-6 col-xs-12\">\n\t\t\t\t\t\t\t<div class=\"box\">\n\t\t\t\t\t\t\t\t<a aria-label=\"Lire la suite La r\u00e9industrialisation entre dans une phase plus s\u00e9lective et strat\u00e9gique en Europe et aux \u00c9tats Unis\" href=\"https:\/\/www.capgemini.com\/fr-fr\/actualites\/communiques-de-presse\/la-reindustrialisation-entre-dans-une-phase-plus-selective-et-strategique-en-europe-et-aux-etats-unis\/\" class=\"anchorWrapper\">\n\t\t\t\t\t\t\t\t\t<span class=\"box-tag\"><span>Publications<\/span><\/span>\n\t\t\t\t\t\t\t\t\t<div class=\"box-title\"><h3 class=\"box-subtitle\">La r\u00e9industrialisation entre dans une phase plus s\u00e9lective et strat\u00e9gique en Europe et aux \u00c9tats Unis<\/h3><\/div>\n\t\t\t\t\t\t\t\t\t<div class=\"box-date\">\n\t\t\t\t\t\t\t\t\t\t<span>Apr 20, 2026<\/span>\n\t\t\t\t\t\t\t\t\t<\/div>\n\t\t\t\t\t\t\t\t\t<div class=\"box-bottom\">\n\t\t\t\t\t\t\t\t\t\t&lt;a class=&quot;link-download&quot; href=&quot;https:\/\/www.capgemini.com\/fr-fr\/wp-content\/uploads\/sites\/6\/2026\/04\/2026_04_20_Capgemini_Reindustrialisation-of-Europe-and-the-US-report_3rd-edition_press-release_FR.pdf&quot; aria-label=&quot;T\u00e9l\u00e9charger le communiqu\u00e9 de presse&quot; target=&quot;_blank&quot;  type=&quot;download&quot; title=&quot;Opens in a new window&quot;&gt;\n\t\t\t\t\t\t\t&lt;span&gt;T\u00e9l\u00e9charger le communiqu\u00e9 de presse&lt;\/span&gt;\n\t\t\t\t\t\t\t&lt;span&gt;163 KB PDF&lt;\/span&gt;\n\t\t\t\t\t\t&lt;\/a&gt;\n\t\t\t\t\t\t\t\t\t\t<a class=\"more\" aria-label=\"Lire la suite La r\u00e9industrialisation entre dans une phase plus s\u00e9lective et strat\u00e9gique en Europe et aux \u00c9tats Unis\" href=\"https:\/\/www.capgemini.com\/fr-fr\/actualites\/communiques-de-presse\/la-reindustrialisation-entre-dans-une-phase-plus-selective-et-strategique-en-europe-et-aux-etats-unis\/\">Lire la suite<\/a>\n\t\t\t\t\t\t\t\t\t<\/div>\n\t\t\t\t\t\t\t\t<\/a>\n\t\t\t\t\t\t\t<\/div>\n\t\t\t\t\t\t<\/div><\/div><\/div><\/section><\/div>","protected":false},"excerpt":{"rendered":"","protected":false},"author":103,"featured_media":0,"template":"","meta":{"cg_dt_proposed_to":[],"cg_seo_hreflang_relations":"[]","cg_seo_canonical_relation":"{\"uuid\":\"582d531b-a8f2-411e-a1c6-1b18981577b8\",\"blogId\":\"\",\"domain\":\"\",\"sitePath\":\"\",\"postLink\":\"\",\"postId\":null,\"isSaved\":true,\"isCrossLink\":false,\"hasCrossLink\":false}","cg_seo_hreflang_x_default_relation":"{\"uuid\":\"2cadebb1-f4c4-497e-a05d-aea237c75bfb\",\"blogId\":\"\",\"domain\":\"\",\"sitePath\":\"\",\"postLink\":\"\",\"postId\":null,\"isSaved\":true,\"isCrossLink\":false,\"hasCrossLink\":false}","cg_dt_approved_content":true,"cg_dt_mandatory_content":false,"cg_dt_notes":"","cg_dg_source_changed":false,"cg_dt_link_disabled":false,"footnotes":"","related_resource_url":"https:\/\/www.capgemini.com\/fr-fr\/wp-content\/uploads\/sites\/6\/2022\/04\/Communique-de-presse-3-1.pdf","related_resource_id":664552,"related_resource_size":"104 KB","related_resource_type":"pdf","cg_author":0,"featured_focal_points":""},"tags":[],"press-release-type":[],"brand":[],"class_list":["post-664550","press-release","type-press-release","status-publish","hentry"],"yoast_head":"<!-- This site is optimized with the Yoast SEO Premium plugin v22.8 (Yoast SEO v22.8) - https:\/\/yoast.com\/wordpress\/plugins\/seo\/ -->\n<title>En Su\u00e8de, Sogeti remporte la signature exclusive d\u2019un accord-cadre de 220 millions d\u2019euro s\u2019\u00e9tendant sur plusieurs ann\u00e9es. - Capgemini France<\/title>\n<meta name=\"robots\" content=\"index, follow, max-snippet:-1, max-image-preview:large, max-video-preview:-1\" \/>\n<link rel=\"canonical\" href=\"https:\/\/www.capgemini.com\/fr-fr\/actualites\/communiques-de-presse\/en-suede-sogeti-remporte-la-signature-exclusive-dun-accord-cadre-de-220-millions-deuros-setendant-sur-plusieurs-annees\/\" \/>\n<meta property=\"og:locale\" content=\"fr_FR\" \/>\n<meta property=\"og:type\" content=\"article\" \/>\n<meta property=\"og:title\" content=\"En Su\u00e8de, Sogeti remporte la signature exclusive d\u2019un accord-cadre de 220 millions d\u2019euro s\u2019\u00e9tendant sur plusieurs ann\u00e9es.\" \/>\n<meta property=\"og:url\" content=\"https:\/\/www.capgemini.com\/fr-fr\/actualites\/communiques-de-presse\/en-suede-sogeti-remporte-la-signature-exclusive-dun-accord-cadre-de-220-millions-deuros-setendant-sur-plusieurs-annees\/\" \/>\n<meta property=\"og:site_name\" content=\"Capgemini France\" \/>\n<meta property=\"article:modified_time\" content=\"2025-03-04T09:28:48+00:00\" \/>\n<meta property=\"og:image\" content=\"https:\/\/www.capgemini.com\/fr-fr\/wp-content\/uploads\/sites\/6\/2025\/10\/image-1.jpg\" \/>\n\t<meta property=\"og:image:width\" content=\"1200\" \/>\n\t<meta property=\"og:image:height\" content=\"627\" \/>\n\t<meta property=\"og:image:type\" content=\"image\/jpeg\" \/>\n<meta name=\"twitter:card\" content=\"summary_large_image\" \/>\n<script type=\"application\/ld+json\" class=\"yoast-schema-graph\">{\"@context\":\"https:\/\/schema.org\",\"@graph\":[{\"@type\":\"WebPage\",\"@id\":\"https:\/\/www.capgemini.com\/fr-fr\/actualites\/communiques-de-presse\/en-suede-sogeti-remporte-la-signature-exclusive-dun-accord-cadre-de-220-millions-deuros-setendant-sur-plusieurs-annees\/\",\"url\":\"https:\/\/www.capgemini.com\/fr-fr\/actualites\/communiques-de-presse\/en-suede-sogeti-remporte-la-signature-exclusive-dun-accord-cadre-de-220-millions-deuros-setendant-sur-plusieurs-annees\/\",\"name\":\"En Su\u00e8de, Sogeti remporte la signature exclusive d\u2019un accord-cadre de 220 millions d\u2019euro s\u2019\u00e9tendant sur plusieurs ann\u00e9es. - Capgemini France\",\"isPartOf\":{\"@id\":\"https:\/\/www.capgemini.com\/fr-fr\/#website\"},\"datePublished\":\"2021-06-18T07:29:00+00:00\",\"dateModified\":\"2025-03-04T09:28:48+00:00\",\"breadcrumb\":{\"@id\":\"https:\/\/www.capgemini.com\/fr-fr\/actualites\/communiques-de-presse\/en-suede-sogeti-remporte-la-signature-exclusive-dun-accord-cadre-de-220-millions-deuros-setendant-sur-plusieurs-annees\/#breadcrumb\"},\"inLanguage\":\"fr-FR\",\"potentialAction\":[{\"@type\":\"ReadAction\",\"target\":[\"https:\/\/www.capgemini.com\/fr-fr\/actualites\/communiques-de-presse\/en-suede-sogeti-remporte-la-signature-exclusive-dun-accord-cadre-de-220-millions-deuros-setendant-sur-plusieurs-annees\/\"]}]},{\"@type\":\"BreadcrumbList\",\"@id\":\"https:\/\/www.capgemini.com\/fr-fr\/actualites\/communiques-de-presse\/en-suede-sogeti-remporte-la-signature-exclusive-dun-accord-cadre-de-220-millions-deuros-setendant-sur-plusieurs-annees\/#breadcrumb\",\"itemListElement\":[{\"@type\":\"ListItem\",\"position\":1,\"name\":\"Press Releases\",\"item\":\"https:\/\/www.capgemini.com\/fr-fr\/news\/\"},{\"@type\":\"ListItem\",\"position\":2,\"name\":\"En Su\u00e8de, Sogeti remporte la signature exclusive d\u2019un accord-cadre de 220 millions d\u2019euro s\u2019\u00e9tendant sur plusieurs ann\u00e9es.\"}]},{\"@type\":\"WebSite\",\"@id\":\"https:\/\/www.capgemini.com\/fr-fr\/#website\",\"url\":\"https:\/\/www.capgemini.com\/fr-fr\/\",\"name\":\"Capgemini France\",\"description\":\"Just another www.capgemini.com site\",\"publisher\":{\"@id\":\"https:\/\/www.capgemini.com\/fr-fr\/#organization\"},\"potentialAction\":[{\"@type\":\"SearchAction\",\"target\":{\"@type\":\"EntryPoint\",\"urlTemplate\":\"https:\/\/www.capgemini.com\/fr-fr\/?s={search_term_string}\"},\"query-input\":\"required name=search_term_string\"}],\"inLanguage\":\"fr-FR\"},{\"@type\":\"Organization\",\"@id\":\"https:\/\/www.capgemini.com\/fr-fr\/#organization\",\"name\":\"Capgemini France\",\"url\":\"https:\/\/www.capgemini.com\/fr-fr\/\",\"logo\":{\"@type\":\"ImageObject\",\"inLanguage\":\"fr-FR\",\"@id\":\"https:\/\/www.capgemini.com\/fr-fr\/#\/schema\/logo\/image\/\",\"url\":\"https:\/\/www.capgemini.com\/fr-fr\/wp-content\/uploads\/sites\/6\/2022\/08\/Logo-Capgemini.png\",\"contentUrl\":\"https:\/\/www.capgemini.com\/fr-fr\/wp-content\/uploads\/sites\/6\/2022\/08\/Logo-Capgemini.png\",\"width\":202,\"height\":60,\"caption\":\"Capgemini France\"},\"image\":{\"@id\":\"https:\/\/www.capgemini.com\/fr-fr\/#\/schema\/logo\/image\/\"}}]}<\/script>\n<!-- \/ Yoast SEO Premium plugin. -->","yoast_head_json":{"title":"En Su\u00e8de, Sogeti remporte la signature exclusive d\u2019un accord-cadre de 220 millions d\u2019euro s\u2019\u00e9tendant sur plusieurs ann\u00e9es. - Capgemini France","robots":{"index":"index","follow":"follow","max-snippet":"max-snippet:-1","max-image-preview":"max-image-preview:large","max-video-preview":"max-video-preview:-1"},"canonical":"https:\/\/www.capgemini.com\/fr-fr\/actualites\/communiques-de-presse\/en-suede-sogeti-remporte-la-signature-exclusive-dun-accord-cadre-de-220-millions-deuros-setendant-sur-plusieurs-annees\/","og_locale":"fr_FR","og_type":"article","og_title":"En Su\u00e8de, Sogeti remporte la signature exclusive d\u2019un accord-cadre de 220 millions d\u2019euro s\u2019\u00e9tendant sur plusieurs ann\u00e9es.","og_url":"https:\/\/www.capgemini.com\/fr-fr\/actualites\/communiques-de-presse\/en-suede-sogeti-remporte-la-signature-exclusive-dun-accord-cadre-de-220-millions-deuros-setendant-sur-plusieurs-annees\/","og_site_name":"Capgemini France","article_modified_time":"2025-03-04T09:28:48+00:00","og_image":[{"width":1200,"height":627,"url":"https:\/\/www.capgemini.com\/fr-fr\/wp-content\/uploads\/sites\/6\/2025\/10\/image-1.jpg","type":"image\/jpeg"}],"twitter_card":"summary_large_image","schema":{"@context":"https:\/\/schema.org","@graph":[{"@type":"WebPage","@id":"https:\/\/www.capgemini.com\/fr-fr\/actualites\/communiques-de-presse\/en-suede-sogeti-remporte-la-signature-exclusive-dun-accord-cadre-de-220-millions-deuros-setendant-sur-plusieurs-annees\/","url":"https:\/\/www.capgemini.com\/fr-fr\/actualites\/communiques-de-presse\/en-suede-sogeti-remporte-la-signature-exclusive-dun-accord-cadre-de-220-millions-deuros-setendant-sur-plusieurs-annees\/","name":"En Su\u00e8de, Sogeti remporte la signature exclusive d\u2019un accord-cadre de 220 millions d\u2019euro s\u2019\u00e9tendant sur plusieurs ann\u00e9es. - Capgemini France","isPartOf":{"@id":"https:\/\/www.capgemini.com\/fr-fr\/#website"},"datePublished":"2021-06-18T07:29:00+00:00","dateModified":"2025-03-04T09:28:48+00:00","breadcrumb":{"@id":"https:\/\/www.capgemini.com\/fr-fr\/actualites\/communiques-de-presse\/en-suede-sogeti-remporte-la-signature-exclusive-dun-accord-cadre-de-220-millions-deuros-setendant-sur-plusieurs-annees\/#breadcrumb"},"inLanguage":"fr-FR","potentialAction":[{"@type":"ReadAction","target":["https:\/\/www.capgemini.com\/fr-fr\/actualites\/communiques-de-presse\/en-suede-sogeti-remporte-la-signature-exclusive-dun-accord-cadre-de-220-millions-deuros-setendant-sur-plusieurs-annees\/"]}]},{"@type":"BreadcrumbList","@id":"https:\/\/www.capgemini.com\/fr-fr\/actualites\/communiques-de-presse\/en-suede-sogeti-remporte-la-signature-exclusive-dun-accord-cadre-de-220-millions-deuros-setendant-sur-plusieurs-annees\/#breadcrumb","itemListElement":[{"@type":"ListItem","position":1,"name":"Press Releases","item":"https:\/\/www.capgemini.com\/fr-fr\/news\/"},{"@type":"ListItem","position":2,"name":"En Su\u00e8de, Sogeti remporte la signature exclusive d\u2019un accord-cadre de 220 millions d\u2019euro s\u2019\u00e9tendant sur plusieurs ann\u00e9es."}]},{"@type":"WebSite","@id":"https:\/\/www.capgemini.com\/fr-fr\/#website","url":"https:\/\/www.capgemini.com\/fr-fr\/","name":"Capgemini France","description":"Just another www.capgemini.com site","publisher":{"@id":"https:\/\/www.capgemini.com\/fr-fr\/#organization"},"potentialAction":[{"@type":"SearchAction","target":{"@type":"EntryPoint","urlTemplate":"https:\/\/www.capgemini.com\/fr-fr\/?s={search_term_string}"},"query-input":"required name=search_term_string"}],"inLanguage":"fr-FR"},{"@type":"Organization","@id":"https:\/\/www.capgemini.com\/fr-fr\/#organization","name":"Capgemini France","url":"https:\/\/www.capgemini.com\/fr-fr\/","logo":{"@type":"ImageObject","inLanguage":"fr-FR","@id":"https:\/\/www.capgemini.com\/fr-fr\/#\/schema\/logo\/image\/","url":"https:\/\/www.capgemini.com\/fr-fr\/wp-content\/uploads\/sites\/6\/2022\/08\/Logo-Capgemini.png","contentUrl":"https:\/\/www.capgemini.com\/fr-fr\/wp-content\/uploads\/sites\/6\/2022\/08\/Logo-Capgemini.png","width":202,"height":60,"caption":"Capgemini France"},"image":{"@id":"https:\/\/www.capgemini.com\/fr-fr\/#\/schema\/logo\/image\/"}}]}},"parsely":{"version":"1.1.0","canonical_url":"https:\/\/capgemini.com\/fr-fr\/actualites\/communiques-de-presse\/en-suede-sogeti-remporte-la-signature-exclusive-dun-accord-cadre-de-220-millions-deuros-setendant-sur-plusieurs-annees\/","smart_links":{"inbound":0,"outbound":0},"traffic_boost_suggestions_count":0,"meta":{"@context":"https:\/\/schema.org","@type":"NewsArticle","headline":"En Su\u00e8de, Sogeti remporte la signature exclusive d\u2019un accord-cadre de 220 millions d\u2019euro s\u2019\u00e9tendant sur plusieurs ann\u00e9es.","url":"https:\/\/www.capgemini.com\/fr-fr\/actualites\/communiques-de-presse\/en-suede-sogeti-remporte-la-signature-exclusive-dun-accord-cadre-de-220-millions-deuros-setendant-sur-plusieurs-annees\/","mainEntityOfPage":{"@type":"WebPage","@id":"https:\/\/www.capgemini.com\/fr-fr\/actualites\/communiques-de-presse\/en-suede-sogeti-remporte-la-signature-exclusive-dun-accord-cadre-de-220-millions-deuros-setendant-sur-plusieurs-annees\/"},"thumbnailUrl":"","image":{"@type":"ImageObject","url":""},"articleSection":"Uncategorized","author":[],"creator":[],"publisher":{"@type":"Organization","name":"Capgemini France","logo":""},"keywords":[],"dateCreated":"2021-06-18T07:29:00Z","datePublished":"2021-06-18T07:29:00Z","dateModified":"2025-03-04T09:28:48Z"},"rendered":"<meta name=\"parsely-title\" content=\"En Su\u00e8de, Sogeti remporte la signature exclusive d\u2019un accord-cadre de 220 millions d\u2019euro s\u2019\u00e9tendant sur plusieurs ann\u00e9es.\" \/>\n<meta name=\"parsely-link\" content=\"https:\/\/www.capgemini.com\/fr-fr\/actualites\/communiques-de-presse\/en-suede-sogeti-remporte-la-signature-exclusive-dun-accord-cadre-de-220-millions-deuros-setendant-sur-plusieurs-annees\/\" \/>\n<meta name=\"parsely-type\" content=\"post\" \/>\n<meta name=\"parsely-pub-date\" content=\"2021-06-18T07:29:00Z\" \/>\n<meta name=\"parsely-section\" content=\"Uncategorized\" \/>","tracker_url":"https:\/\/cdn.parsely.com\/keys\/capgemini.com\/p.js"},"archive_status":false,"featured_image_src":"https:\/\/www.capgemini.com\/fr-fr\/wp-content\/themes\/capgemini2025\/assets\/images\/mockup.png","featured_image_alt":false,"jetpack_sharing_enabled":true,"distributor_meta":false,"distributor_terms":false,"distributor_media":false,"distributor_original_site_name":"Capgemini France","distributor_original_site_url":"https:\/\/www.capgemini.com\/fr-fr","push-errors":false,"tag_names":[],"_links":{"self":[{"href":"https:\/\/www.capgemini.com\/fr-fr\/wp-json\/wp\/v2\/press-release\/664550","targetHints":{"allow":["GET"]}}],"collection":[{"href":"https:\/\/www.capgemini.com\/fr-fr\/wp-json\/wp\/v2\/press-release"}],"about":[{"href":"https:\/\/www.capgemini.com\/fr-fr\/wp-json\/wp\/v2\/types\/press-release"}],"author":[{"embeddable":true,"href":"https:\/\/www.capgemini.com\/fr-fr\/wp-json\/wp\/v2\/users\/103"}],"version-history":[{"count":7,"href":"https:\/\/www.capgemini.com\/fr-fr\/wp-json\/wp\/v2\/press-release\/664550\/revisions"}],"predecessor-version":[{"id":777812,"href":"https:\/\/www.capgemini.com\/fr-fr\/wp-json\/wp\/v2\/press-release\/664550\/revisions\/777812"}],"wp:attachment":[{"href":"https:\/\/www.capgemini.com\/fr-fr\/wp-json\/wp\/v2\/media?parent=664550"}],"wp:term":[{"taxonomy":"post_tag","embeddable":true,"href":"https:\/\/www.capgemini.com\/fr-fr\/wp-json\/wp\/v2\/tags?post=664550"},{"taxonomy":"press-release-type","embeddable":true,"href":"https:\/\/www.capgemini.com\/fr-fr\/wp-json\/wp\/v2\/press-release-type?post=664550"},{"taxonomy":"brand","embeddable":true,"href":"https:\/\/www.capgemini.com\/fr-fr\/wp-json\/wp\/v2\/brand?post=664550"}],"curies":[{"name":"wp","href":"https:\/\/api.w.org\/{rel}","templated":true}]}}