{"id":797355,"date":"2025-11-27T10:55:39","date_gmt":"2025-11-27T09:55:39","guid":{"rendered":"https:\/\/www.capgemini.com\/fr-fr\/?p=797355"},"modified":"2025-11-27T14:59:18","modified_gmt":"2025-11-27T13:59:18","slug":"le-veritable-cout-du-cloud","status":"publish","type":"post","link":"https:\/\/www.capgemini.com\/fr-fr\/perspectives\/blog\/cloud-le-veritable-cout-du-cloud\/","title":{"rendered":"Le v\u00e9ritable co\u00fbt du cloud : ma\u00eetriser les d\u00e9penses croissantes sans pour autant sacrifier l\u2019innovation\u00a0"},"content":{"rendered":"\n<header class=\"wp-block-cg-blocks-hero-blogs header-hero-blogs\"><div class=\"container\"><div class=\"hero-blogs\"><div class=\"hero-blogs-content-wrapper\"><div class=\"row\"><div class=\"col-12\"><div class=\"header-title\"><h1>Le v\u00e9ritable co\u00fbt du cloud : ma\u00eetriser les d\u00e9penses croissantes sans pour autant sacrifier l\u2019innovation\u00a0<\/h1><\/div><\/div><\/div><\/div><div class=\"hero-blogs-bottom\"><div class=\"header-author\"><div class=\"author-img\"><img decoding=\"async\" src=\"https:\/\/www.capgemini.com\/fr-fr\/wp-content\/uploads\/sites\/6\/2022\/04\/PC-Thomas-Sarrazin.png?w=200&amp;quality=10\" alt=\"\" loading=\"lazy\"\/><\/div><div class=\"author-name-date\"><h5 class=\"author-name\">Thomas Sarrazin<\/h5><h5 class=\"blog-date\">27 novembre 2025<\/h5><\/div><\/div><div class=\"brand-image\"><\/div><\/div><\/div><\/div><\/header>\n\n\n\n<section class=\"wp-block-cg-blocks-intro-para undefined section section--intro\"><div class=\"intro-para\"><div class=\"container\"><div class=\"row\"><div class=\"col-12 col-md-1\"><nav class=\"article-social\"><ul class=\"social-nav\"><li class=\"ip-order-fb\"><a href=\"https:\/\/www.facebook.com\/sharer\/sharer.php?u=https:\/\/www.capgemini.com\/fr-fr\/perspectives\/blog\/cloud-le-veritable-cout-du-cloud\/\" target=\"_blank\" rel=\"noopener noreferrer\" title=\"Ouvrir dans une nouvelle fen\u00eatre\"><i aria-hidden=\"true\" class=\"icon-fb\"><\/i><span class=\"sr-only\">Facebook<\/span><\/a><\/li><li class=\"ip-order-li\"><a href=\"https:\/\/www.linkedin.com\/sharing\/share-offsite\/?url=https:\/\/www.capgemini.com\/fr-fr\/perspectives\/blog\/cloud-le-veritable-cout-du-cloud\/\" target=\"_blank\" rel=\"noopener noreferrer\" title=\"Ouvrir dans une nouvelle fen\u00eatre\"><i aria-hidden=\"true\" class=\"icon-li\"><\/i><span class=\"sr-only\">Linkedin<\/span><\/a><\/li><\/ul><\/nav><\/div><div class=\"col-12 col-md-11 col-lg-10\"><h2 class=\"intro-para-title\">Le paradoxe des technologies \u00e0 la demande\u00a0<br><\/h2><p class=\"intro-para-content\">Dans tous les secteurs \u2013 industrie, banque, t\u00e9l\u00e9coms, sciences de la vie ou services publics \u2013 les organisations adoptent des technologies \u00e0 la demande, qu\u2019il s\u2019agisse d\u2019IaaS (Infrastructure as a Service), de PaaS (Platform as a Service) ou de solutions SaaS (Software as a Service), int\u00e9grant l\u2019IA g\u00e9n\u00e9rative pour renforcer leur agilit\u00e9, stimuler l\u2019innovation et acc\u00e9l\u00e9rer la mise \u00e0 l\u2019\u00e9chelle.\u00a0<\/p><\/div><\/div><\/div><\/div><\/section>\n\n\n\n<section class=\"wp-block-cg-blocks-group undefined section section--article-content\"><div class=\"article-main-content\"><div class=\"container\"><div class=\"row\"><div class=\"col-12 col-md-11 col-lg-10 offset-md-1 offset-lg-1\"><div class=\"article-text article-quote-text\">\n<p>Mais cette transformation s\u2019accompagne d\u2019un paradoxe : <strong>plus l\u2019adoption de ces solutions est rapide, plus il devient difficile de ma\u00eetriser les d\u00e9penses.<\/strong>&nbsp;<\/p>\n\n\n\n<p>Le dernier rapport du <em>Capgemini Research Institute, <\/em><a href=\"https:\/\/www.capgemini.com\/fr-fr\/publications\/perspectives\/evolution-capex-vers-cloud-ondemand\/\" rel=\"noreferrer noopener\" target=\"_blank\"><em>Le paradoxe de la tech \u00e0 la demande\u202f: concilier vitesse et ma\u00eetrise des co\u00fbts<\/em><\/a> (<em>The On-Demand tech paradox\u202f: balancing speed and spend<\/em>), r\u00e9v\u00e8le que 82 % des dirigeants ont constat\u00e9 une augmentation significative des co\u00fbts li\u00e9s au cloud, au SaaS et \u00e0 l\u2019IA g\u00e9n\u00e9rative, et 61 % d\u00e9clarent que ces co\u00fbts affectent la rentabilit\u00e9. La promesse d\u2019innovation est bien r\u00e9elle \u2013 mais la pression financi\u00e8re l\u2019est tout autant.&nbsp;<\/p>\n\n\n\n<h2 class=\"wp-block-heading\" id=\"h-la-spirale-des-couts-caches-nbsp\">La spirale des co\u00fbts cach\u00e9s&nbsp;<\/h2>\n\n\n\n<p>Imaginons un DSI dans une entreprise mondiale. Ses \u00e9quipes d\u00e9ploient de l\u2019IA g\u00e9n\u00e9rative pour la R&amp;D, des outils SaaS pour la collaboration et une infrastructure cloud pour la scalabilit\u00e9. Mais rapidement, la finance signale des d\u00e9passements budg\u00e9taires, les \u00e9quipes IT peinent \u00e0 pr\u00e9voir les co\u00fbts, et les branches m\u00e9tier acqui\u00e8rent des outils de mani\u00e8re autonome.&nbsp;<\/p>\n\n\n\n<p>Ce cas n\u2019est malheureusement pas isol\u00e9. Le rapport montre que :&nbsp;<\/p>\n\n\n\n<ul class=\"wp-block-list\">\n<li>76 % des organisations ont d\u00e9pass\u00e9 leur budget cloud public (de 10 % en moyenne)&nbsp;<\/li>\n\n\n\n<li>68 % ont trop d\u00e9pens\u00e9 dans les solutions dl\u2019IA g\u00e9n\u00e9rative ; 52 % pour le SaaS&nbsp;<\/li>\n\n\n\n<li>59 % consid\u00e8rent le gaspillage cloud comme un d\u00e9fi majeur&nbsp;<\/li>\n\n\n\n<li>58 % d\u00e9crivent les co\u00fbts des technologies \u00e0 la demande comme \u201cun grand trou noir\u201d&nbsp;<\/li>\n<\/ul>\n\n\n\n<h2 class=\"wp-block-heading\" id=\"h-qu-est-ce-qui-expliquent-cette-explosion-des-couts-nbsp\">Qu\u2019est-ce qui expliquent cette explosion des co\u00fbts ?&nbsp;<\/h2>\n\n\n\n<p>Dans tous les cas, la strat\u00e9gie de migration d\u2019un SI paiements vers le cloud doit s\u2019inscrire dans la roadmap pluriannuelle de transformation m\u00e9tier de l\u2019organisation. Elle pourra ainsi l\u2019accompagner ou la faciliter.&nbsp;&nbsp;<\/p>\n\n\n\n<ul class=\"wp-block-list\">\n<li><strong>D\u00e9penses technologiques d\u00e9centralis\u00e9es<\/strong>&nbsp;<br>Une part importante des d\u00e9penses technologiques est d\u00e9sormais pilot\u00e9e par les branches m\u00e9tier plut\u00f4t que par les d\u00e9partements IT. Concr\u00e8tement, 59 % des d\u00e9penses en IA g\u00e9n\u00e9rative et 48 % en SaaS sont initi\u00e9es hors du contr\u00f4le de l\u2019IT, rendant la gouvernance difficile. Plus inqui\u00e9tant encore, 12 % des d\u00e9penses SaaS ne sont absolument pas g\u00e9r\u00e9es, augmentant le risque d\u2019achats redondants et de gaspillage.&nbsp;<\/li>\n\n\n\n<li><strong>Approche r\u00e9active de la planification budg\u00e9taire<\/strong>&nbsp;<br>De nombreuses organisations adoptent une strat\u00e9gie \u201ccloud-first\u201d sans planification financi\u00e8re ad\u00e9quate. En fait, 54 % migrent vers le cloud de mani\u00e8re r\u00e9active, en ne consid\u00e9rant les co\u00fbts qu\u2019apr\u00e8s la phase de d\u00e9ploiement. Ce ph\u00e9nom\u00e8ne est particuli\u00e8rement marqu\u00e9 dans le secteur public (65 %) et de la d\u00e9fense (63 %), o\u00f9 les consid\u00e9rations budg\u00e9taires arrivent souvent trop tard.&nbsp;<\/li>\n\n\n\n<li>&nbsp;<strong>Outils sous-utilis\u00e9s et lacunes de gouvernance<\/strong>&nbsp;<br>Bien que des outils de gestion des co\u00fbts cloud existent, seulement 37 % des organisations exploitent r\u00e9ellement les informations qu\u2019ils fournissent. La plupart des \u00e9quipes FinOps se concentrent sur les op\u00e9rations quotidiennes plut\u00f4t que sur la gestion strat\u00e9gique des co\u00fbts, ce qui entra\u00eene des occasions manqu\u00e9es d\u2019optimisation et de cr\u00e9ation de valeur.&nbsp;<\/li>\n<\/ul>\n\n\n\n<h2 class=\"wp-block-heading\" id=\"h-un-signal-d-alarme-des-experts-finops-nbsp\">Un signal d\u2019alarme des experts FinOps&nbsp;<\/h2>\n\n\n\n<p>J.R. Storment, Directeur ex\u00e9cutif de la FinOps Foundation, rappelle avec justesse :&nbsp;<\/p>\n\n\n\n<p><strong><em>\u201cNe consid\u00e9rer les co\u00fbts qu\u2019apr\u00e8s le d\u00e9ploiement peut entra\u00eener des cons\u00e9quences ind\u00e9sirables \u2013 des factures cloud \u00e9tonnamment \u00e9lev\u00e9es, des marges produits plus faibles, et moins d\u2019options d\u2019optimisation.\u201d<\/em><\/strong>&nbsp;<\/p>\n\n\n\n<p>Ce constat refl\u00e8te un probl\u00e8me g\u00e9n\u00e9ralis\u00e9 : la planification des co\u00fbts est souvent rel\u00e9gu\u00e9e au second plan, m\u00eame dans les secteurs \u00e0 forte complexit\u00e9 r\u00e9glementaire et op\u00e9rationnelle. R\u00e9sultat : opportunit\u00e9s manqu\u00e9es, d\u00e9passements budg\u00e9taires et retour sur investissement d\u00e9cevant.&nbsp;<\/p>\n\n\n\n<h2 class=\"wp-block-heading\" id=\"h-de-la-maitrise-des-couts-a-la-creation-de-valeur\">De la ma\u00eetrise des co\u00fbts \u00e0 la cr\u00e9ation de valeur<\/h2>\n\n\n\n<p>G\u00e9rer l\u2019\u00e9conomie du cloud ne consiste pas seulement \u00e0 r\u00e9duire les d\u00e9penses \u2013 il s\u2019agit de lib\u00e9rer de la valeur. Pourtant, seulement 2 % des \u00e9quipes FinOps couvrent le cloud, le SaaS et l\u2019IA g\u00e9n\u00e9rative de mani\u00e8re holistique, et seulement 42 % influencent les d\u00e9cisions m\u00e9tier.&nbsp;<\/p>\n\n\n\n<p>Pour passer d\u2019un contr\u00f4le r\u00e9actif des co\u00fbts \u00e0 une approche strat\u00e9gique, les organisations doivent :&nbsp;<\/p>\n\n\n\n<ul class=\"wp-block-list\">\n<li>\u00c9tendre le p\u00e9rim\u00e8tre FinOps \u00e0 toutes les technologies \u00e0 la demande&nbsp;<\/li>\n\n\n\n<li>Int\u00e9grer l\u2019impact sur les co\u00fbts dans l\u2019architecture et le d\u00e9veloppement des solutions&nbsp;<\/li>\n\n\n\n<li>Aligner les \u00e9quipes finance, technologie et m\u00e9tier autour d\u2019un \u201clangage commun de la valeur\u201d&nbsp;<\/li>\n<\/ul>\n\n\n\n<h2 class=\"wp-block-heading\" id=\"h-cinq-actions-pour-reprendre-le-controle\">Cinq actions pour reprendre le contr\u00f4le<\/h2>\n\n\n\n<ol class=\"wp-block-list\">\n<li><strong>Anticiper la planification des co\u00fbts<\/strong> : int\u00e9grer l\u2019intelligence des co\u00fbts d\u00e8s les premi\u00e8res phases de conception et d\u2019architecture.&nbsp;<\/li>\n\n\n\n<li><strong>Automatiser les contr\u00f4les de co\u00fbts<\/strong> : utiliser des outils pour l\u2019auto-scaling, la d\u00e9tection des ressources inactives et la d\u00e9sactivation des licences.&nbsp;<\/li>\n\n\n\n<li><strong>Utiliser l\u2019IA pour la pr\u00e9vision et l\u2019optimisation<\/strong> : Spotify par exemple utilise l\u2019IA pour pr\u00e9dire la demande et optimiser les charges en temps r\u00e9el.&nbsp;<\/li>\n\n\n\n<li><strong>Instaurer une culture de la responsabilit\u00e9<\/strong> : attribuer les co\u00fbts aux \u00e9quipes, mettre en place des mod\u00e8les de refacturation, et encourager la responsabilit\u00e9 partag\u00e9e tout en sensibilisant les \u00e9quipes sur les actes d\u2019optimisation.&nbsp;<\/li>\n\n\n\n<li><strong>Mesurer le ROI de mani\u00e8re globale<\/strong> : aller au-del\u00e0 des m\u00e9triques de co\u00fbts pour inclure celles li\u00e9es \u00e0 l\u2019innovation, la productivit\u00e9 et la durabilit\u00e9.&nbsp;<\/li>\n<\/ol>\n\n\n\n<p><strong>Rappel : le co\u00fbt est un indicateur de durabilit\u00e9&nbsp;<\/strong><\/p>\n\n\n\n<p>53 % des dirigeants reconnaissent que l\u2019utilisation inefficace des technologies \u00e0 la demande entra\u00eene une consommation excessive d\u2019\u00e9nergie et des \u00e9missions de carbone. Le \u00ab\u202fFinOps durable\u202f\u00bb \u2013 o\u00f9 efficacit\u00e9 financi\u00e8re et \u00e9cologique vont de pair \u2013 est le prochain horizon.<\/p>\n\n\n\n<div class=\"wp-block-buttons is-layout-flex wp-block-buttons-is-layout-flex\">\n<div class=\"wp-block-button\"><a class=\"wp-block-button__link wp-element-button\" href=\"https:\/\/www.capgemini.com\/fr-fr\/publications\/perspectives\/evolution-capex-vers-cloud-ondemand\/\">T\u00e9l\u00e9charger le rapport<\/a><\/div>\n<\/div>\n\n\n\n<div style=\"height:40px\" aria-hidden=\"true\" class=\"wp-block-spacer\"><\/div>\n\n\n\n<p>Le rapport du <em>Capgemini Research Institute<\/em> sur l\u2019\u00e9conomie des technologies \u00e0 la demande propose une feuille de route pour naviguer dans ce paradoxe \u2013 bas\u00e9 sur les donn\u00e9es de 1 000 dirigeants dans le monde et les insights de leaders du secteur. <a href=\"https:\/\/www.capgemini.com\/fr-fr\/publications\/perspectives\/evolution-capex-vers-cloud-ondemand\/\">T\u00e9l\u00e9chargez-le <\/a>d\u00e8s maintenant pour d\u00e9couvrir comment transformer la gestion des co\u00fbts en un levier de performance et d\u2019innovation.&nbsp;<\/p>\n<\/div><\/div><\/div><\/div><\/div><\/section>\n\n\n\n<section class=\"section section--expert-slider wrapper-people-slider wp-block-cg-blocks-wrapper-people-slider undefined\"><div class=\"container\"><div class=\"content-title\"><h2 data-maxlength=\"34\" class=\"people-heading-title\">Auteur<\/h2><\/div><\/div><div class=\"slider slider-boxed\"><div class=\"container\"><div class=\"slider-window\"><div class=\"slider-list\">\t\t<div class=\"slide\">\n\t\t\t<div class=\"box\">\n\t\t\t\t<div class=\"row\">\n\t\t\t\t\t<div class=\"col-md-6 col-lg-4 box-img-wrapper\">\n\t\t\t\t\t\t<img decoding=\"async\" loading=\"lazy\" src=\"https:\/\/www.capgemini.com\/fr-fr\/wp-content\/uploads\/sites\/6\/2022\/04\/PC-Thomas-Sarrazin.png\" alt=\"Thomas Sarrazin\"\/>\n\t\t\t\t\t<\/div>\n\t\t\t\t\t<div class=\"col-md-6 col-lg-8 box-inner\">\n\t\t\t\t\t\t<div class=\"row title-social-media-header\">\n\t\t\t\t\t\t\t<div class=\"col-md-12 col-lg-6 mbl-social-icon\">\n\t\t\t\t\t\t\t\t<ul class=\"social-nav\">\n\t\t\t\t\t\t\t\t\t\t\t\t\t\t\t\t\t\t\t\t\t\t\t\t\t\t\t\t\t\t\t\t\t\t\t\t\t\t\t\t\t\t\t\t\t\t\t\t\t\t\t\t\t\t\t<li><a aria-label=\"Linkedin\" target=\"_blank\" title=\"Ouvrir dans une nouvelle fen\u00eatre\" href=\"http:\/\/www.linkedin.com\/in\/thomas-sarrazin-9462171\"><i aria-hidden=\"true\" class=\"icon-li\"><\/i><\/a><\/li>\n\t\t\t\t\t\t\t\t\t\t\t\t\t\t\t\t\t<\/ul>\n\t\t\t\t\t\t\t<\/div>\n\t\t\t\t\t\t\t<div class=\"col-md-12 col-lg-6 box-container\">\n\t\t\t\t\t\t\t\t<div class=\"box-title\">\n\t\t\t\t\t\t\t\t\t<h3 class=\"people-profile-title\">Thomas Sarrazin<\/h3>\n\t\t\t\t\t\t\t\t<\/div>\n\t\t\t\t\t\t\t\t\t\t\t\t\t\t\t\t\t<span>Chief Enterprise architect, Cloud advisor, FinOps, Capgemini<\/span>\n\t\t\t\t\t\t\t\t\t\t\t\t\t\t\t<\/div>\n\t\t\t\t\t\t\t<div class=\"col-md-12 col-lg-6 social-box-container dkt-social-icon\">\n\t\t\t\t\t\t\t\t<ul class=\"social-nav\">\n\t\t\t\t\t\t\t\t\t\t\t\t\t\t\t\t\t\t\t\t\t\t\t\t\t\t\t\t\t\t\t\t\t\t\t\t\t\t\t\t\t\t\t\t\t\t\t\t\t\t\t\t\t\t\t<li><a aria-label=\"Linkedin\" target=\"_blank\" title=\"Ouvrir dans une nouvelle fen\u00eatre\" href=\"http:\/\/www.linkedin.com\/in\/thomas-sarrazin-9462171\"><i aria-hidden=\"true\" class=\"icon-li\"><\/i><\/a><\/li>\n\t\t\t\t\t\t\t\t\t\t\t\t\t\t\t\t\t<\/ul>\n\t\t\t\t\t\t\t<\/div>\n\t\t\t\t\t\t<\/div>\n\t\t\t\t\t\t\t\t\t\t\t\t\t<div class=\"people-info\">Ing\u00e9nieur diplom\u00e9 de l\u2019ESME-Sudria, Thomas d\u00e9marre sa carri\u00e8re dans la gestion op\u00e9rationnelle d\u2019\u00e9quipes sp\u00e9cialis\u00e9es dans les infrastructures (Datacenter, r\u00e9seaux, syst\u00e8mes, poste de travail), Thomas a particip\u00e9 au lancement de startups Web parmi lesquelles Kelkoo. Il rejoint Capgemini dans des r\u00f4les d\u2019architecte cloud et de management d\u2019\u00e9quipes l\u2019amenant \u00e0 travailler pour de grands comptes du CAC40 ainsi que pour des projets de d\u00e9ploiement de solution cloud \u00e0 l\u2019international. Depuis quelques ann\u00e9es, Thomas est membre du centre d\u2019excellence Cloud assurant le r\u00f4le de cloud advisor et porteur des offres Cloud cost on demand et Sustainable FinOps se focalisant sur l\u2019optimisation des co\u00fbts des solutions cloud.<\/div>\n\t\t\t\t\t\t\t\t\t\t\t<\/div>\n\t\t\t\t<\/div>\n\t\t\t<\/div>\n\t\t\t\t\t<\/div>\n\t\t<\/div><\/div><\/div><div class=\"slider-nav\"><button class=\"slider-prev inactive\" aria-label=\"Slider-previous\" tabindex=\"-1\"><\/button><ul class=\"slider-paginator\"><\/ul><button class=\"slider-next\" aria-label=\"Slider-next\"><\/button><\/div><\/div><\/section>\n\n\n\n\t\t<section\n\t\t\tclass=\"section section--lifeatcap-learning section--event-slider-careerInvent \">\n\n\t\t\t<div class=\"container\">\n\t\t\t\t<div class='career-invent-header'>\n\t\t\t\t\t\t\t\t\t\t\t<div class=\"row\">\n\t\t\t\t\t\t\t<div class=\"heading col-12 col-md-8\">\n\t\t\t\t\t\t\t\t<h2>Pour aller plus loin<\/h2>\n\t\t\t\t\t\t\t<\/div>\n\t\t\t\t\t\t<\/div>\n\t\t\t\t\t\t\t\t\t\t\t\t\t\t<\/div>\n\t\t\t<\/div>\n\n\t\t\t<div class=\"slider slider-fader e177f988-de4f-4568-8b6e-fb0ab74724c9\">\n\t\t\t\t\t\t\t\t\t<div class=\"slider-nav-wrapper smallDevice\">\n\t\t\t\t\t\t<div class=\"row\">\n\t\t\t\t\t\t\t<div class=\"col-md-12 text-center\">\n\t\t\t\t\t\t\t\t<div class=\"slider-nav\">\n\t\t\t\t\t\t\t\t\t<button class=\"slider-prev inactive\"\n\t\t\t\t\t\t\t\t\t\taria-label=\"Curseur pr\u00e9c\u00e9dent\"><\/button>\n\t\t\t\t\t\t\t\t\t<ul class=\"slider-paginator\"><\/ul>\n\t\t\t\t\t\t\t\t\t<button class=\"slider-next \"\n\t\t\t\t\t\t\t\t\t\taria-label=\"Curseur suivant\"><\/button>\n\t\t\t\t\t\t\t\t<\/div>\n\t\t\t\t\t\t\t<\/div>\n\t\t\t\t\t\t<\/div>\n\t\t\t\t\t<\/div>\n\t\t\t\t\t\t\t\t<div\n\t\t\t\t\tclass=\"slider-list \">\n\t\t\t\t\t\t\t\t\t\t\t<div\n\t\t\t\t\t\t\tclass=\"slide active \">\n\t\t\t\t\t\t\t<div\n\t\t\t\t\t\t\t\tclass=\"slide-bg-wrapper wp-block-cg-blocks-career-invent \">\n\t\t\t\t\t\t\t\t<div class=\"bgImagesection\">\n\t\t\t\t\t\t\t\t\t\t\t\t\t\t\t\t\t\t\t<div class=\"bgColor\"><\/div>\n\t\t\t\t\t\t\t\t\t\n\t\t\t\t\t\t\t\t\t<div class=\"container slide-info-wrapper\">\n\t\t\t\t\t\t\t\t\t\t<div class=\"row\">\n\t\t\t\t\t\t\t\t\t\t\t<div\n\t\t\t\t\t\t\t\t\t\t\t\tclass=\"col-md-6 col-sm-12 box-inner \">\n\t\t\t\t\t\t\t\t\t\t\t\t\t\t\t\t\t\t\t\t\t\t\t\t\t<div class=\"bgColor\"><\/div>\n\t\t\t\t\t\t\t\t\t\t\t\t\t\t\t\t\t\t\t\t\t\t\t\t\t\t\t\t\t\t\t\t\t\t\t\t\t<div\n\t\t\t\t\t\t\t\t\t\t\t\t\t\tclass=\"content-title \">\n\t\t\t\t\t\t\t\t\t\t\t\t\t\t<h3 class=\"explore-header\"\n\t\t\t\t\t\t\t\t\t\t\t\t\t\t\tdata-maxlength=\"68\"\n\t\t\t\t\t\t\t\t\t\t\t\t\t\t\ttitle=\"Cloud Consumption On Demand\">\n\t\t\t\t\t\t\t\t\t\t\t\t\t\t\tCloud Consumption On Demand\t\t\t\t\t\t\t\t\t\t\t\t\t\t<\/h3>\n\t\t\t\t\t\t\t\t\t\t\t\t\t<\/div>\n\t\t\t\t\t\t\t\t\t\t\t\t\n\t\t\t\t\t\t\t\t\t\t\t\t\t\t\t\t\t\t\t\t\t\t\t\t\t\t\t\t\t\t\t\t\t\t\t\t\t\t\t<div\n\t\t\t\t\t\t\t\t\t\t\t\t\t\t\tclass=\"box-title \">\n\t\t\t\t\t\t\t\t\t\t\t\t\t\t\t<h4 data-maxlength=\"144\"\n\t\t\t\t\t\t\t\t\t\t\t\t\t\t\t\ttitle=\"Comment cr\u00e9er de la valeur tout en r\u00e9duisant les co\u00fbts li\u00e9s \u00e0 l\u2019usage des technologies ?\"\n\t\t\t\t\t\t\t\t\t\t\t\t\t\t\t\tstyle=\"white-space: pre-wrap;\">\n\t\t\t\t\t\t\t\t\t\t\t\t\t\t\t\tComment cr\u00e9er de la valeur tout en r\u00e9duisant les co\u00fbts li\u00e9s \u00e0 l\u2019usage des technologies ?\t\t\t\t\t\t\t\t\t\t\t\t\t\t\t<\/h4>\n\t\t\t\t\t\t\t\t\t\t\t\t\t\t<\/div>\n\t\t\t\t\t\t\t\t\t\t\t\t\t\t\t\t\t\t\t\t\t\t\t\t\t\n\t\t\t\t\t\t\t\t\t\t\t\t\t\t\t\t\t\t\t\t\t\t\t\t\t<div >\n\t\t\t\t\t\t\t\t\t\t\t\t\t\t\t\t\t\t\t\t\t\t\t\t\t\t\t<\/div>\n\t\t\t\t\t\t\t\t\t\t\t\t\n\t\t\t\t\t\t\t\t\t\t\t\t\t\t\t\t\t\t\t\t\t\t\t\t\t\t\t\t\t\t\t\t\t\t\t\t\t<div class=\"btnDiv\"> <a class=\"more2\" data-maxlength=\"24\" aria-label=\"En savoir plus A propos Cloud Consumption On Demand\"\n\t\t\t\t\t\t\t\t\t\t\t\t\t\t tabindex=\"0\" href=\"https:\/\/www.capgemini.com\/fr-fr\/solutions\/cloud-consumption-on-demand\/\"\n\t\t\t\t\t\t\t\t\t\t\t\t\t\t\ttarget=\"\">\n\t\t\t\t\t\t\t\t\t\t\t\t\t\tEn savoir plus\t\t\t\t\t\t\t\t\t\t\t\t\t<\/a> <\/div>\n\t\t\t\t\t\t\t\t\t\t\t\t\t\t\t\t\t\t\t\t\t\t\t\t\t\n\n\n\t\t\t\t\t\t\t\t\t\t\t<\/div>\n\n\t\t\t\t\t\t\t\t\t\t\t<div class=\"col-md-6 col-sm-12 text-right box-img-wrapper escaper escaper-right\">\n\t\t\t\t\t\t\t\t\t\t\t\t\n\n\t\t\t\t\t\t\t\t\t\t\t\t<picture>\n\t\t\t\t\t\t\t\t\t\t\t\t\t<source\n\t\t\t\t\t\t\t\t\t\t\t\t\t\tsrcset=\"https:\/\/www.capgemini.com\/wp-content\/uploads\/2024\/11\/Cloud-Consumption-on-demand-Banner-image.jpg?w=1200&amp;quality=90 1x, https:\/\/www.capgemini.com\/wp-content\/uploads\/2024\/11\/Cloud-Consumption-on-demand-Banner-image.jpg?w=1200&amp;quality=90 2x\"\n\t\t\t\t\t\t\t\t\t\t\t\t\t\tmedia=\"(min-width: 1500px)\" \/>\n\t\t\t\t\t\t\t\t\t\t\t\t\t<source\n\t\t\t\t\t\t\t\t\t\t\t\t\t\tsrcset=\"https:\/\/www.capgemini.com\/wp-content\/uploads\/2024\/11\/Cloud-Consumption-on-demand-Banner-image.jpg?w=600&amp;quality=90 1x, https:\/\/www.capgemini.com\/wp-content\/uploads\/2024\/11\/Cloud-Consumption-on-demand-Banner-image.jpg?w=1200&amp;quality=90 2x\"\n\t\t\t\t\t\t\t\t\t\t\t\t\t\tmedia=\"(min-width: 992px)\" \/>\n\t\t\t\t\t\t\t\t\t\t\t\t\t<source\n\t\t\t\t\t\t\t\t\t\t\t\t\t\tsrcset=\"https:\/\/www.capgemini.com\/wp-content\/uploads\/2024\/11\/Cloud-Consumption-on-demand-Banner-image.jpg?w=400&amp;quality=90 1x, https:\/\/www.capgemini.com\/wp-content\/uploads\/2024\/11\/Cloud-Consumption-on-demand-Banner-image.jpg?w=800&amp;quality=90 2x\"\n\t\t\t\t\t\t\t\t\t\t\t\t\t\tmedia=\"(min-width: 768px)\" \/>\n\t\t\t\t\t\t\t\t\t\t\t\t\t<source\n\t\t\t\t\t\t\t\t\t\t\t\t\t\tsrcset=\"https:\/\/www.capgemini.com\/wp-content\/uploads\/2024\/11\/Cloud-Consumption-on-demand-Banner-image.jpg?w=400&amp;quality=90 1x, https:\/\/www.capgemini.com\/wp-content\/uploads\/2024\/11\/Cloud-Consumption-on-demand-Banner-image.jpg?w=800&amp;quality=90 2x\"\n\t\t\t\t\t\t\t\t\t\t\t\t\t\tmedia=\"(min-width: 0)\" \/>\n\n\n\t\t\t\t\t\t\t\t\t\t\t\t\t<img loading=\"lazy\" class=\"box-img\"\n\t\t\t\t\t\t\t\t\t\t\t\t\t\tsrc=\"https:\/\/www.capgemini.com\/wp-content\/uploads\/2024\/11\/Cloud-Consumption-on-demand-Banner-image.jpg\"\n\t\t\t\t\t\t\t\t\t\t\t\t\t\tstyle=\"\n\t\t\t\t\t\t\t\t\t\t\t\t\t\tobject-position: 50% 50%; object-fit: cover;\t\t\t\t\t\t\t\t\t\t\t\t\t\t\t\t\t\" alt=\"\" \/>\n\n\t\t\t\t\t\t\t\t\t\t\t\t<\/picture>\n\t\t\t\t\t\t\t\t\t\t\t\t<!-- <img decoding=\"async\" class=\"box-img\" src=\"\n\t\t\t\t\t\t\t\t\t\t\t\t\t\t\t\t\t\t\t\t\t\t\t\t\t\t\t\"\n\t\t\t\t\t\t\t\t\t\t\tstyle=\"\n\t\t\t\t\t\t\t\t\t\t\t\t\t\t\t\t\t\t\t\t\t\t\t\t\t\" alt=\"\"\n\t\t\t\t\t\t\t\t\t\t\/> -->\n\t\t\t\t\t\t\t\t\t\t\t<\/div>\n\t\t\t\t\t\t\t\t\t\t<\/div>\n\t\t\t\t\t\t\t\t\t<\/div>\n\t\t\t\t\t\t\t\t<\/div>\n\t\t\t\t\t\t\t\t<div class=\"\">\n\t\t\t\t\t\t\t\t<\/div>\n\t\t\t\t\t\t\t\t<div class=\"slide-reveal\"><\/div>\n\t\t\t\t\t\t\t<\/div>\n\t\t\t\t\t\t<\/div>\n\t\t\t\t\t\t\t\t\t\t\t<div\n\t\t\t\t\t\t\tclass=\"slide active \">\n\t\t\t\t\t\t\t<div\n\t\t\t\t\t\t\t\tclass=\"slide-bg-wrapper wp-block-cg-blocks-career-invent \">\n\t\t\t\t\t\t\t\t<div class=\"bgImagesection\">\n\t\t\t\t\t\t\t\t\t\t\t\t\t\t\t\t\t\t\t<div class=\"bgColor\"><\/div>\n\t\t\t\t\t\t\t\t\t\n\t\t\t\t\t\t\t\t\t<div class=\"container slide-info-wrapper\">\n\t\t\t\t\t\t\t\t\t\t<div class=\"row\">\n\t\t\t\t\t\t\t\t\t\t\t<div\n\t\t\t\t\t\t\t\t\t\t\t\tclass=\"col-md-6 col-sm-12 box-inner \">\n\t\t\t\t\t\t\t\t\t\t\t\t\t\t\t\t\t\t\t\t\t\t\t\t\t<div class=\"bgColor\"><\/div>\n\t\t\t\t\t\t\t\t\t\t\t\t\t\t\t\t\t\t\t\t\t\t\t\t\t\t\t\t\t\t\t\t\t\t\t\t\t<div\n\t\t\t\t\t\t\t\t\t\t\t\t\t\tclass=\"content-title \">\n\t\t\t\t\t\t\t\t\t\t\t\t\t\t<h3 class=\"explore-header\"\n\t\t\t\t\t\t\t\t\t\t\t\t\t\t\tdata-maxlength=\"68\"\n\t\t\t\t\t\t\t\t\t\t\t\t\t\t\ttitle=\"Cloud\">\n\t\t\t\t\t\t\t\t\t\t\t\t\t\t\tCloud\t\t\t\t\t\t\t\t\t\t\t\t\t\t<\/h3>\n\t\t\t\t\t\t\t\t\t\t\t\t\t<\/div>\n\t\t\t\t\t\t\t\t\t\t\t\t\n\t\t\t\t\t\t\t\t\t\t\t\t\t\t\t\t\t\t\t\t\t\t\t\t\t\t\t\t\t\t\t\t\t\t\t\t\t\t\t<div\n\t\t\t\t\t\t\t\t\t\t\t\t\t\t\tclass=\"box-title \">\n\t\t\t\t\t\t\t\t\t\t\t\t\t\t\t<h4 data-maxlength=\"144\"\n\t\t\t\t\t\t\t\t\t\t\t\t\t\t\t\ttitle=\"Acc\u00e9l\u00e9rez votre transformation vers le cloud avec un partenaire de confiance\"\n\t\t\t\t\t\t\t\t\t\t\t\t\t\t\t\tstyle=\"white-space: pre-wrap;\">\n\t\t\t\t\t\t\t\t\t\t\t\t\t\t\t\tAcc\u00e9l\u00e9rez votre transformation vers le cloud avec un partenaire de confiance\t\t\t\t\t\t\t\t\t\t\t\t\t\t\t<\/h4>\n\t\t\t\t\t\t\t\t\t\t\t\t\t\t<\/div>\n\t\t\t\t\t\t\t\t\t\t\t\t\t\t\t\t\t\t\t\t\t\t\t\t\t\n\t\t\t\t\t\t\t\t\t\t\t\t\t\t\t\t\t\t\t\t\t\t\t\t\t<div >\n\t\t\t\t\t\t\t\t\t\t\t\t\t\t\t\t\t\t\t\t\t\t\t\t\t\t\t<\/div>\n\t\t\t\t\t\t\t\t\t\t\t\t\n\t\t\t\t\t\t\t\t\t\t\t\t\t\t\t\t\t\t\t\t\t\t\t\t\t\t\t\t\t\t\t\t\t\t\t\t\t<div class=\"btnDiv\"> <a class=\"more2\" data-maxlength=\"24\" aria-label=\"En savoir plus A propos Cloud\"\n\t\t\t\t\t\t\t\t\t\t\t\t\t\t tabindex=\"-1\" href=\"https:\/\/www.capgemini.com\/fr-fr\/services\/cloud\/\"\n\t\t\t\t\t\t\t\t\t\t\t\t\t\t\ttarget=\"\">\n\t\t\t\t\t\t\t\t\t\t\t\t\t\tEn savoir plus\t\t\t\t\t\t\t\t\t\t\t\t\t<\/a> <\/div>\n\t\t\t\t\t\t\t\t\t\t\t\t\t\t\t\t\t\t\t\t\t\t\t\t\t\n\n\n\t\t\t\t\t\t\t\t\t\t\t<\/div>\n\n\t\t\t\t\t\t\t\t\t\t\t<div class=\"col-md-6 col-sm-12 text-right box-img-wrapper escaper escaper-right\">\n\t\t\t\t\t\t\t\t\t\t\t\t\n\n\t\t\t\t\t\t\t\t\t\t\t\t<picture>\n\t\t\t\t\t\t\t\t\t\t\t\t\t<source\n\t\t\t\t\t\t\t\t\t\t\t\t\t\tsrcset=\"https:\/\/www.capgemini.com\/fr-fr\/wp-content\/uploads\/sites\/6\/2023\/04\/Capgemini_Mountain_landscape.jpg?w=1200&amp;quality=90 1x, https:\/\/www.capgemini.com\/fr-fr\/wp-content\/uploads\/sites\/6\/2023\/04\/Capgemini_Mountain_landscape.jpg?w=1200&amp;quality=90 2x\"\n\t\t\t\t\t\t\t\t\t\t\t\t\t\tmedia=\"(min-width: 1500px)\" \/>\n\t\t\t\t\t\t\t\t\t\t\t\t\t<source\n\t\t\t\t\t\t\t\t\t\t\t\t\t\tsrcset=\"https:\/\/www.capgemini.com\/fr-fr\/wp-content\/uploads\/sites\/6\/2023\/04\/Capgemini_Mountain_landscape.jpg?w=600&amp;quality=90 1x, https:\/\/www.capgemini.com\/fr-fr\/wp-content\/uploads\/sites\/6\/2023\/04\/Capgemini_Mountain_landscape.jpg?w=1200&amp;quality=90 2x\"\n\t\t\t\t\t\t\t\t\t\t\t\t\t\tmedia=\"(min-width: 992px)\" \/>\n\t\t\t\t\t\t\t\t\t\t\t\t\t<source\n\t\t\t\t\t\t\t\t\t\t\t\t\t\tsrcset=\"https:\/\/www.capgemini.com\/fr-fr\/wp-content\/uploads\/sites\/6\/2023\/04\/Capgemini_Mountain_landscape.jpg?w=400&amp;quality=90 1x, https:\/\/www.capgemini.com\/fr-fr\/wp-content\/uploads\/sites\/6\/2023\/04\/Capgemini_Mountain_landscape.jpg?w=800&amp;quality=90 2x\"\n\t\t\t\t\t\t\t\t\t\t\t\t\t\tmedia=\"(min-width: 768px)\" \/>\n\t\t\t\t\t\t\t\t\t\t\t\t\t<source\n\t\t\t\t\t\t\t\t\t\t\t\t\t\tsrcset=\"https:\/\/www.capgemini.com\/fr-fr\/wp-content\/uploads\/sites\/6\/2023\/04\/Capgemini_Mountain_landscape.jpg?w=400&amp;quality=90 1x, https:\/\/www.capgemini.com\/fr-fr\/wp-content\/uploads\/sites\/6\/2023\/04\/Capgemini_Mountain_landscape.jpg?w=800&amp;quality=90 2x\"\n\t\t\t\t\t\t\t\t\t\t\t\t\t\tmedia=\"(min-width: 0)\" \/>\n\n\n\t\t\t\t\t\t\t\t\t\t\t\t\t<img loading=\"lazy\" class=\"box-img\"\n\t\t\t\t\t\t\t\t\t\t\t\t\t\tsrc=\"https:\/\/www.capgemini.com\/fr-fr\/wp-content\/uploads\/sites\/6\/2023\/04\/Capgemini_Mountain_landscape.jpg\"\n\t\t\t\t\t\t\t\t\t\t\t\t\t\tstyle=\"\n\t\t\t\t\t\t\t\t\t\t\t\t\t\tobject-position: 50% 50%; object-fit: cover;\t\t\t\t\t\t\t\t\t\t\t\t\t\t\t\t\t\" alt=\"\" \/>\n\n\t\t\t\t\t\t\t\t\t\t\t\t<\/picture>\n\t\t\t\t\t\t\t\t\t\t\t\t<!-- <img decoding=\"async\" class=\"box-img\" src=\"\n\t\t\t\t\t\t\t\t\t\t\t\t\t\t\t\t\t\t\t\t\t\t\t\t\t\t\t\"\n\t\t\t\t\t\t\t\t\t\t\tstyle=\"\n\t\t\t\t\t\t\t\t\t\t\t\t\t\t\t\t\t\t\t\t\t\t\t\t\t\" alt=\"\"\n\t\t\t\t\t\t\t\t\t\t\/> -->\n\t\t\t\t\t\t\t\t\t\t\t<\/div>\n\t\t\t\t\t\t\t\t\t\t<\/div>\n\t\t\t\t\t\t\t\t\t<\/div>\n\t\t\t\t\t\t\t\t<\/div>\n\t\t\t\t\t\t\t\t<div class=\"\">\n\t\t\t\t\t\t\t\t<\/div>\n\t\t\t\t\t\t\t\t<div class=\"slide-reveal\"><\/div>\n\t\t\t\t\t\t\t<\/div>\n\t\t\t\t\t\t<\/div>\n\t\t\t\t\t\n\t\t\t\t<\/div>\n\n\t\t\t\t\t\t\t\t\t<div class=\"slider-nav-wrapper largeDevice\">\n\t\t\t\t\t\t<div class=\"row\">\n\t\t\t\t\t\t\t<div class=\"col-md-12 text-center\">\n\t\t\t\t\t\t\t\t<div class=\"slider-nav\">\n\t\t\t\t\t\t\t\t\t<button class=\"slider-prev inactive\"\n\t\t\t\t\t\t\t\t\t\taria-label=\"Curseur pr\u00e9c\u00e9dent\"><\/button>\n\t\t\t\t\t\t\t\t\t<ul class=\"slider-paginator\"><\/ul>\n\t\t\t\t\t\t\t\t\t<button class=\"slider-next\"\n\t\t\t\t\t\t\t\t\t\taria-label=\"Curseur suivant\"><\/button>\n\t\t\t\t\t\t\t\t<\/div>\n\t\t\t\t\t\t\t<\/div>\n\t\t\t\t\t\t<\/div>\n\t\t\t\t\t<\/div>\n\t\t\t\t\n\t\t\t<\/div>\n\n\t\t<\/section>\n\n\t\t","protected":false},"excerpt":{"rendered":"<p>Dans tous les secteurs, les organisations adoptent des technologies \u00e0 la demande, qu\u2019il s\u2019agisse d\u2019IaaS, de PaaS ou de solutions SaaS, int\u00e9grant l\u2019IA g\u00e9n\u00e9rative pour renforcer leur agilit\u00e9, stimuler l\u2019innovation et acc\u00e9l\u00e9rer la mise \u00e0 l\u2019\u00e9chelle.\u00a0 <\/p>\n","protected":false},"author":12386,"featured_media":791142,"comment_status":"closed","ping_status":"closed","sticky":false,"template":"","format":"standard","meta":{"cg_dt_proposed_to":[21,46,41],"cg_seo_hreflang_relations":"[]","cg_seo_canonical_relation":"","cg_seo_hreflang_x_default_relation":"","cg_dt_approved_content":true,"cg_dt_mandatory_content":false,"cg_dt_notes":"","cg_dg_source_changed":false,"cg_dt_link_disabled":true,"_yoast_wpseo_primary_brand":"30","_jetpack_memberships_contains_paid_content":false,"footnotes":"","featured_focal_points":""},"categories":[5,138],"tags":[188,13],"brand":[30],"service":[35],"industry":[],"partners":[],"blog-topic":[350],"content-group":[],"class_list":["post-797355","post","type-post","status-publish","format-standard","has-post-thumbnail","hentry","category-technologies","category-transformation","tag-cloud","tag-digital-transformation","brand-capgemini","service-cloud","blog-topic-cloud"],"yoast_head":"<!-- This site is optimized with the Yoast SEO Premium plugin v22.8 (Yoast SEO v22.8) - https:\/\/yoast.com\/wordpress\/plugins\/seo\/ -->\n<title>Le v\u00e9ritable co\u00fbt du cloud - Capgemini France<\/title>\n<meta name=\"description\" content=\"D\u00e9couvrez comment ma\u00eetriser les co\u00fbts croissants du cloud, du SaaS et de l\u2019IA g\u00e9n\u00e9rative sans freiner l\u2019innovation.\" \/>\n<meta name=\"robots\" content=\"index, follow, max-snippet:-1, max-image-preview:large, max-video-preview:-1\" \/>\n<link rel=\"canonical\" href=\"https:\/\/www.capgemini.com\/fr-fr\/perspectives\/blog\/cloud-le-veritable-cout-du-cloud\/\" \/>\n<meta property=\"og:locale\" content=\"fr_FR\" \/>\n<meta property=\"og:type\" content=\"article\" \/>\n<meta property=\"og:title\" content=\"Le v\u00e9ritable co\u00fbt du cloud : ma\u00eetriser les d\u00e9penses croissantes sans pour autant sacrifier l\u2019innovation\u00a0\" \/>\n<meta property=\"og:description\" content=\"D\u00e9couvrez comment ma\u00eetriser les co\u00fbts croissants du cloud, du SaaS et de l\u2019IA g\u00e9n\u00e9rative sans freiner l\u2019innovation.\" \/>\n<meta property=\"og:url\" content=\"https:\/\/www.capgemini.com\/fr-fr\/perspectives\/blog\/cloud-le-veritable-cout-du-cloud\/\" \/>\n<meta property=\"og:site_name\" content=\"Capgemini France\" \/>\n<meta property=\"article:published_time\" content=\"2025-11-27T09:55:39+00:00\" \/>\n<meta property=\"article:modified_time\" content=\"2025-11-27T13:59:18+00:00\" \/>\n<meta property=\"og:image\" content=\"https:\/\/www.capgemini.com\/fr-fr\/wp-content\/uploads\/sites\/6\/2025\/11\/Webpreview-Cout-du-cloud.png\" \/>\n\t<meta property=\"og:image:width\" content=\"640\" \/>\n\t<meta property=\"og:image:height\" content=\"360\" \/>\n\t<meta property=\"og:image:type\" content=\"image\/png\" \/>\n<meta name=\"author\" content=\"Thomas Sarrazin\" \/>\n<meta name=\"twitter:card\" content=\"summary_large_image\" \/>\n<meta name=\"twitter:label1\" content=\"Written by\" \/>\n\t<meta name=\"twitter:data1\" content=\"Tarek Edde Gomez\" \/>\n\t<meta name=\"twitter:label2\" content=\"Est. reading time\" \/>\n\t<meta name=\"twitter:data2\" content=\"6 minutes\" \/>\n<script type=\"application\/ld+json\" class=\"yoast-schema-graph\">{\"@context\":\"https:\/\/schema.org\",\"@graph\":[{\"@type\":\"Article\",\"@id\":\"https:\/\/www.capgemini.com\/fr-fr\/perspectives\/blog\/cloud-le-veritable-cout-du-cloud\/#article\",\"isPartOf\":{\"@id\":\"https:\/\/www.capgemini.com\/fr-fr\/perspectives\/blog\/cloud-le-veritable-cout-du-cloud\/\"},\"author\":{\"name\":\"Tarek Edde Gomez\",\"@id\":\"https:\/\/www.capgemini.com\/fr-fr\/#\/schema\/person\/286d7d6ac3401df4d6874916bd234aaa\"},\"headline\":\"Le v\u00e9ritable co\u00fbt du cloud : ma\u00eetriser les d\u00e9penses croissantes sans pour autant sacrifier l\u2019innovation\u00a0\",\"datePublished\":\"2025-11-27T09:55:39+00:00\",\"dateModified\":\"2025-11-27T13:59:18+00:00\",\"mainEntityOfPage\":{\"@id\":\"https:\/\/www.capgemini.com\/fr-fr\/perspectives\/blog\/cloud-le-veritable-cout-du-cloud\/\"},\"wordCount\":1170,\"publisher\":{\"@id\":\"https:\/\/www.capgemini.com\/fr-fr\/#organization\"},\"image\":{\"@id\":\"https:\/\/www.capgemini.com\/fr-fr\/perspectives\/blog\/cloud-le-veritable-cout-du-cloud\/#primaryimage\"},\"thumbnailUrl\":\"https:\/\/www.capgemini.com\/fr-fr\/wp-content\/uploads\/sites\/6\/2025\/09\/CRI-Cloud-research-web-banner.jpg\",\"keywords\":[\"Cloud\",\"Transformation Digitale\"],\"articleSection\":[\"Technologies\",\"Transformation\"],\"inLanguage\":\"fr-FR\"},{\"@type\":\"WebPage\",\"@id\":\"https:\/\/www.capgemini.com\/fr-fr\/perspectives\/blog\/cloud-le-veritable-cout-du-cloud\/\",\"url\":\"https:\/\/www.capgemini.com\/fr-fr\/perspectives\/blog\/cloud-le-veritable-cout-du-cloud\/\",\"name\":\"Le v\u00e9ritable co\u00fbt du cloud - Capgemini France\",\"isPartOf\":{\"@id\":\"https:\/\/www.capgemini.com\/fr-fr\/#website\"},\"primaryImageOfPage\":{\"@id\":\"https:\/\/www.capgemini.com\/fr-fr\/perspectives\/blog\/cloud-le-veritable-cout-du-cloud\/#primaryimage\"},\"image\":{\"@id\":\"https:\/\/www.capgemini.com\/fr-fr\/perspectives\/blog\/cloud-le-veritable-cout-du-cloud\/#primaryimage\"},\"thumbnailUrl\":\"https:\/\/www.capgemini.com\/fr-fr\/wp-content\/uploads\/sites\/6\/2025\/09\/CRI-Cloud-research-web-banner.jpg\",\"datePublished\":\"2025-11-27T09:55:39+00:00\",\"dateModified\":\"2025-11-27T13:59:18+00:00\",\"description\":\"D\u00e9couvrez comment ma\u00eetriser les co\u00fbts croissants du cloud, du SaaS et de l\u2019IA g\u00e9n\u00e9rative sans freiner l\u2019innovation.\",\"inLanguage\":\"fr-FR\",\"potentialAction\":[{\"@type\":\"ReadAction\",\"target\":[\"https:\/\/www.capgemini.com\/fr-fr\/perspectives\/blog\/cloud-le-veritable-cout-du-cloud\/\"]}]},{\"@type\":\"ImageObject\",\"inLanguage\":\"fr-FR\",\"@id\":\"https:\/\/www.capgemini.com\/fr-fr\/perspectives\/blog\/cloud-le-veritable-cout-du-cloud\/#primaryimage\",\"url\":\"https:\/\/www.capgemini.com\/fr-fr\/wp-content\/uploads\/sites\/6\/2025\/09\/CRI-Cloud-research-web-banner.jpg\",\"contentUrl\":\"https:\/\/www.capgemini.com\/fr-fr\/wp-content\/uploads\/sites\/6\/2025\/09\/CRI-Cloud-research-web-banner.jpg\",\"width\":2880,\"height\":1800},{\"@type\":\"WebSite\",\"@id\":\"https:\/\/www.capgemini.com\/fr-fr\/#website\",\"url\":\"https:\/\/www.capgemini.com\/fr-fr\/\",\"name\":\"Capgemini France\",\"description\":\"Just another www.capgemini.com site\",\"publisher\":{\"@id\":\"https:\/\/www.capgemini.com\/fr-fr\/#organization\"},\"potentialAction\":[{\"@type\":\"SearchAction\",\"target\":{\"@type\":\"EntryPoint\",\"urlTemplate\":\"https:\/\/www.capgemini.com\/fr-fr\/?s={search_term_string}\"},\"query-input\":\"required name=search_term_string\"}],\"inLanguage\":\"fr-FR\"},{\"@type\":\"Organization\",\"@id\":\"https:\/\/www.capgemini.com\/fr-fr\/#organization\",\"name\":\"Capgemini France\",\"url\":\"https:\/\/www.capgemini.com\/fr-fr\/\",\"logo\":{\"@type\":\"ImageObject\",\"inLanguage\":\"fr-FR\",\"@id\":\"https:\/\/www.capgemini.com\/fr-fr\/#\/schema\/logo\/image\/\",\"url\":\"https:\/\/www.capgemini.com\/fr-fr\/wp-content\/uploads\/sites\/6\/2022\/08\/Logo-Capgemini.png\",\"contentUrl\":\"https:\/\/www.capgemini.com\/fr-fr\/wp-content\/uploads\/sites\/6\/2022\/08\/Logo-Capgemini.png\",\"width\":202,\"height\":60,\"caption\":\"Capgemini France\"},\"image\":{\"@id\":\"https:\/\/www.capgemini.com\/fr-fr\/#\/schema\/logo\/image\/\"}},{\"@type\":\"Person\",\"@id\":\"https:\/\/www.capgemini.com\/fr-fr\/#\/schema\/person\/286d7d6ac3401df4d6874916bd234aaa\",\"name\":\"Tarek Edde Gomez\",\"url\":\"https:\/\/www.capgemini.com\/fr-fr\/author\/tarekgomez\/\"}]}<\/script>\n<!-- \/ Yoast SEO Premium plugin. -->","yoast_head_json":{"title":"Le v\u00e9ritable co\u00fbt du cloud - Capgemini France","description":"D\u00e9couvrez comment ma\u00eetriser les co\u00fbts croissants du cloud, du SaaS et de l\u2019IA g\u00e9n\u00e9rative sans freiner l\u2019innovation.","robots":{"index":"index","follow":"follow","max-snippet":"max-snippet:-1","max-image-preview":"max-image-preview:large","max-video-preview":"max-video-preview:-1"},"canonical":"https:\/\/www.capgemini.com\/fr-fr\/perspectives\/blog\/cloud-le-veritable-cout-du-cloud\/","og_locale":"fr_FR","og_type":"article","og_title":"Le v\u00e9ritable co\u00fbt du cloud : ma\u00eetriser les d\u00e9penses croissantes sans pour autant sacrifier l\u2019innovation\u00a0","og_description":"D\u00e9couvrez comment ma\u00eetriser les co\u00fbts croissants du cloud, du SaaS et de l\u2019IA g\u00e9n\u00e9rative sans freiner l\u2019innovation.","og_url":"https:\/\/www.capgemini.com\/fr-fr\/perspectives\/blog\/cloud-le-veritable-cout-du-cloud\/","og_site_name":"Capgemini France","article_published_time":"2025-11-27T09:55:39+00:00","article_modified_time":"2025-11-27T13:59:18+00:00","og_image":[{"width":640,"height":360,"url":"https:\/\/www.capgemini.com\/fr-fr\/wp-content\/uploads\/sites\/6\/2025\/11\/Webpreview-Cout-du-cloud.png","type":"image\/png"}],"author":"Thomas Sarrazin","twitter_card":"summary_large_image","twitter_misc":{"Written by":"Tarek Edde Gomez","Est. reading time":"6 minutes"},"schema":{"@context":"https:\/\/schema.org","@graph":[{"@type":"Article","@id":"https:\/\/www.capgemini.com\/fr-fr\/perspectives\/blog\/cloud-le-veritable-cout-du-cloud\/#article","isPartOf":{"@id":"https:\/\/www.capgemini.com\/fr-fr\/perspectives\/blog\/cloud-le-veritable-cout-du-cloud\/"},"author":{"name":"Tarek Edde Gomez","@id":"https:\/\/www.capgemini.com\/fr-fr\/#\/schema\/person\/286d7d6ac3401df4d6874916bd234aaa"},"headline":"Le v\u00e9ritable co\u00fbt du cloud : ma\u00eetriser les d\u00e9penses croissantes sans pour autant sacrifier l\u2019innovation\u00a0","datePublished":"2025-11-27T09:55:39+00:00","dateModified":"2025-11-27T13:59:18+00:00","mainEntityOfPage":{"@id":"https:\/\/www.capgemini.com\/fr-fr\/perspectives\/blog\/cloud-le-veritable-cout-du-cloud\/"},"wordCount":1170,"publisher":{"@id":"https:\/\/www.capgemini.com\/fr-fr\/#organization"},"image":{"@id":"https:\/\/www.capgemini.com\/fr-fr\/perspectives\/blog\/cloud-le-veritable-cout-du-cloud\/#primaryimage"},"thumbnailUrl":"https:\/\/www.capgemini.com\/fr-fr\/wp-content\/uploads\/sites\/6\/2025\/09\/CRI-Cloud-research-web-banner.jpg","keywords":["Cloud","Transformation Digitale"],"articleSection":["Technologies","Transformation"],"inLanguage":"fr-FR"},{"@type":"WebPage","@id":"https:\/\/www.capgemini.com\/fr-fr\/perspectives\/blog\/cloud-le-veritable-cout-du-cloud\/","url":"https:\/\/www.capgemini.com\/fr-fr\/perspectives\/blog\/cloud-le-veritable-cout-du-cloud\/","name":"Le v\u00e9ritable co\u00fbt du cloud - Capgemini France","isPartOf":{"@id":"https:\/\/www.capgemini.com\/fr-fr\/#website"},"primaryImageOfPage":{"@id":"https:\/\/www.capgemini.com\/fr-fr\/perspectives\/blog\/cloud-le-veritable-cout-du-cloud\/#primaryimage"},"image":{"@id":"https:\/\/www.capgemini.com\/fr-fr\/perspectives\/blog\/cloud-le-veritable-cout-du-cloud\/#primaryimage"},"thumbnailUrl":"https:\/\/www.capgemini.com\/fr-fr\/wp-content\/uploads\/sites\/6\/2025\/09\/CRI-Cloud-research-web-banner.jpg","datePublished":"2025-11-27T09:55:39+00:00","dateModified":"2025-11-27T13:59:18+00:00","description":"D\u00e9couvrez comment ma\u00eetriser les co\u00fbts croissants du cloud, du SaaS et de l\u2019IA g\u00e9n\u00e9rative sans freiner l\u2019innovation.","inLanguage":"fr-FR","potentialAction":[{"@type":"ReadAction","target":["https:\/\/www.capgemini.com\/fr-fr\/perspectives\/blog\/cloud-le-veritable-cout-du-cloud\/"]}]},{"@type":"ImageObject","inLanguage":"fr-FR","@id":"https:\/\/www.capgemini.com\/fr-fr\/perspectives\/blog\/cloud-le-veritable-cout-du-cloud\/#primaryimage","url":"https:\/\/www.capgemini.com\/fr-fr\/wp-content\/uploads\/sites\/6\/2025\/09\/CRI-Cloud-research-web-banner.jpg","contentUrl":"https:\/\/www.capgemini.com\/fr-fr\/wp-content\/uploads\/sites\/6\/2025\/09\/CRI-Cloud-research-web-banner.jpg","width":2880,"height":1800},{"@type":"WebSite","@id":"https:\/\/www.capgemini.com\/fr-fr\/#website","url":"https:\/\/www.capgemini.com\/fr-fr\/","name":"Capgemini France","description":"Just another www.capgemini.com site","publisher":{"@id":"https:\/\/www.capgemini.com\/fr-fr\/#organization"},"potentialAction":[{"@type":"SearchAction","target":{"@type":"EntryPoint","urlTemplate":"https:\/\/www.capgemini.com\/fr-fr\/?s={search_term_string}"},"query-input":"required name=search_term_string"}],"inLanguage":"fr-FR"},{"@type":"Organization","@id":"https:\/\/www.capgemini.com\/fr-fr\/#organization","name":"Capgemini France","url":"https:\/\/www.capgemini.com\/fr-fr\/","logo":{"@type":"ImageObject","inLanguage":"fr-FR","@id":"https:\/\/www.capgemini.com\/fr-fr\/#\/schema\/logo\/image\/","url":"https:\/\/www.capgemini.com\/fr-fr\/wp-content\/uploads\/sites\/6\/2022\/08\/Logo-Capgemini.png","contentUrl":"https:\/\/www.capgemini.com\/fr-fr\/wp-content\/uploads\/sites\/6\/2022\/08\/Logo-Capgemini.png","width":202,"height":60,"caption":"Capgemini France"},"image":{"@id":"https:\/\/www.capgemini.com\/fr-fr\/#\/schema\/logo\/image\/"}},{"@type":"Person","@id":"https:\/\/www.capgemini.com\/fr-fr\/#\/schema\/person\/286d7d6ac3401df4d6874916bd234aaa","name":"Tarek Edde Gomez","url":"https:\/\/www.capgemini.com\/fr-fr\/author\/tarekgomez\/"}]}},"blog_topic_info":[{"id":350,"name":"Cloud"}],"taxonomy_info":{"category":[{"id":5,"name":"Technologies","slug":"technologies"},{"id":138,"name":"Transformation","slug":"transformation"}],"post_tag":[{"id":188,"name":"Cloud","slug":"cloud"},{"id":13,"name":"Transformation Digitale","slug":"digital-transformation"}],"brand":[{"id":30,"name":"Capgemini","slug":"capgemini"}],"service":[{"id":35,"name":"Cloud","slug":"cloud"}],"blog-topic":[{"id":350,"name":"Cloud","slug":"cloud"}]},"parsely":{"version":"1.1.0","canonical_url":"https:\/\/capgemini.com\/fr-fr\/perspectives\/blog\/cloud-le-veritable-cout-du-cloud\/","smart_links":{"inbound":0,"outbound":0},"traffic_boost_suggestions_count":0,"meta":{"@context":"https:\/\/schema.org","@type":"NewsArticle","headline":"Le v\u00e9ritable co\u00fbt du cloud : ma\u00eetriser les d\u00e9penses croissantes sans pour autant sacrifier l\u2019innovation\u00a0","url":"https:\/\/www.capgemini.com\/fr-fr\/perspectives\/blog\/cloud-le-veritable-cout-du-cloud\/","mainEntityOfPage":{"@type":"WebPage","@id":"https:\/\/www.capgemini.com\/fr-fr\/perspectives\/blog\/cloud-le-veritable-cout-du-cloud\/"},"thumbnailUrl":"https:\/\/www.capgemini.com\/fr-fr\/wp-content\/uploads\/sites\/6\/2025\/09\/CRI-Cloud-research-web-banner.jpg?w=150&h=150&crop=1","image":{"@type":"ImageObject","url":"https:\/\/www.capgemini.com\/fr-fr\/wp-content\/uploads\/sites\/6\/2025\/09\/CRI-Cloud-research-web-banner.jpg"},"articleSection":"Technologies","author":[],"creator":[],"publisher":{"@type":"Organization","name":"Capgemini France","logo":""},"keywords":["cloud","transformation digitale"],"dateCreated":"2025-11-27T09:55:39Z","datePublished":"2025-11-27T09:55:39Z","dateModified":"2025-11-27T13:59:18Z"},"rendered":"<meta name=\"parsely-title\" content=\"Le v\u00e9ritable co\u00fbt du cloud : ma\u00eetriser les d\u00e9penses croissantes sans pour autant sacrifier l\u2019innovation\u00a0\" \/>\n<meta name=\"parsely-link\" content=\"https:\/\/www.capgemini.com\/fr-fr\/perspectives\/blog\/cloud-le-veritable-cout-du-cloud\/\" \/>\n<meta name=\"parsely-type\" content=\"post\" \/>\n<meta name=\"parsely-image-url\" content=\"https:\/\/www.capgemini.com\/fr-fr\/wp-content\/uploads\/sites\/6\/2025\/09\/CRI-Cloud-research-web-banner.jpg?w=150&amp;h=150&amp;crop=1\" \/>\n<meta name=\"parsely-pub-date\" content=\"2025-11-27T09:55:39Z\" \/>\n<meta name=\"parsely-section\" content=\"Technologies\" \/>\n<meta name=\"parsely-tags\" content=\"cloud,transformation digitale\" \/>","tracker_url":"https:\/\/cdn.parsely.com\/keys\/capgemini.com\/p.js"},"jetpack_featured_media_url":"https:\/\/www.capgemini.com\/fr-fr\/wp-content\/uploads\/sites\/6\/2025\/09\/CRI-Cloud-research-web-banner.jpg","archive_status":false,"featured_image_src":"https:\/\/www.capgemini.com\/fr-fr\/wp-content\/uploads\/sites\/6\/2025\/09\/CRI-Cloud-research-web-banner.jpg","featured_image_alt":"","jetpack-related-posts":[{"id":749656,"url":"https:\/\/www.capgemini.com\/fr-fr\/perspectives\/blog\/cloud-le-role-crucial-du-finops-pour-maitriser-les-couts\/","url_meta":{"origin":797355,"position":0},"title":"Le FinOps, incontournable pour ma\u00eetriser le cloud","author":"anne.gautier@capgemini.com","date":"March 28, 2024","format":false,"excerpt":"Avec l'essor du cloud, la consommation des donn\u00e9es qui s'\u00e9tend, des applications plus exigeantes et l'augmentation des prix de l'\u00e9nergie, le FinOps devient essentiel pour contr\u00f4ler les d\u00e9penses","rel":"","context":"In &quot;Innovation&quot;","block_context":{"text":"Innovation","link":"https:\/\/www.capgemini.com\/fr-fr\/category\/innovation\/"},"img":{"alt_text":"","src":"https:\/\/i0.wp.com\/www.capgemini.com\/fr-fr\/wp-content\/uploads\/sites\/6\/2024\/03\/Plume-rouge-blog1-GettyImages-497417019.jpg?resize=350%2C200&ssl=1","width":350,"height":200,"srcset":"https:\/\/i0.wp.com\/www.capgemini.com\/fr-fr\/wp-content\/uploads\/sites\/6\/2024\/03\/Plume-rouge-blog1-GettyImages-497417019.jpg?resize=350%2C200&ssl=1 1x, https:\/\/i0.wp.com\/www.capgemini.com\/fr-fr\/wp-content\/uploads\/sites\/6\/2024\/03\/Plume-rouge-blog1-GettyImages-497417019.jpg?resize=525%2C300&ssl=1 1.5x, https:\/\/i0.wp.com\/www.capgemini.com\/fr-fr\/wp-content\/uploads\/sites\/6\/2024\/03\/Plume-rouge-blog1-GettyImages-497417019.jpg?resize=700%2C400&ssl=1 2x"},"classes":[]},{"id":785900,"url":"https:\/\/www.capgemini.com\/fr-fr\/perspectives\/blog\/cloud-comment-tracer-une-voie-vers-un-cloud-durable\/","url_meta":{"origin":797355,"position":1},"title":"Comment tracer une voie vers un cloud durable ?","author":"anne.gautier@capgemini.com","date":"June 11, 2025","format":false,"excerpt":"Pilier de la transformation num\u00e9rique, le cloud doit encore gagner en transparence pour \u00eatre plus sobre et plus responsable.","rel":"","context":"In &quot;Technologies&quot;","block_context":{"text":"Technologies","link":"https:\/\/www.capgemini.com\/fr-fr\/category\/technologies\/"},"img":{"alt_text":"image de route a travers la foret","src":"https:\/\/i0.wp.com\/www.capgemini.com\/fr-fr\/wp-content\/uploads\/sites\/6\/2025\/06\/Banner-article-de-blog-sustainability-cloud.webp?resize=350%2C200&ssl=1","width":350,"height":200,"srcset":"https:\/\/i0.wp.com\/www.capgemini.com\/fr-fr\/wp-content\/uploads\/sites\/6\/2025\/06\/Banner-article-de-blog-sustainability-cloud.webp?resize=350%2C200&ssl=1 1x, https:\/\/i0.wp.com\/www.capgemini.com\/fr-fr\/wp-content\/uploads\/sites\/6\/2025\/06\/Banner-article-de-blog-sustainability-cloud.webp?resize=525%2C300&ssl=1 1.5x, https:\/\/i0.wp.com\/www.capgemini.com\/fr-fr\/wp-content\/uploads\/sites\/6\/2025\/06\/Banner-article-de-blog-sustainability-cloud.webp?resize=700%2C400&ssl=1 2x"},"classes":[]},{"id":740783,"url":"https:\/\/www.capgemini.com\/fr-fr\/perspectives\/blog\/performance-maintenance-applicative\/","url_meta":{"origin":797355,"position":2},"title":"Performance : la maintenance applicative joue le premier r\u00f4le","author":"","date":"January 23, 2024","format":false,"excerpt":"Levier de la performance, la maintenance applicative joue d\u00e9sormais un r\u00f4le central dans les strat\u00e9gies des entreprises. Avec elle, il devient possible de mieux ma\u00eetriser les co\u00fbts de l\u2019IT tout en engageant une d\u00e9marche de transformation avec notamment un objectif de r\u00e9duction des \u00e9missions de carbone.","rel":"","context":"In &quot;Technologies&quot;","block_context":{"text":"Technologies","link":"https:\/\/www.capgemini.com\/fr-fr\/category\/technologies\/"},"img":{"alt_text":"","src":"https:\/\/i0.wp.com\/www.capgemini.com\/fr-fr\/wp-content\/uploads\/sites\/6\/2024\/01\/Maintenance-applicative-admnext-banner-2880x1800-1.png?resize=350%2C200&ssl=1","width":350,"height":200,"srcset":"https:\/\/i0.wp.com\/www.capgemini.com\/fr-fr\/wp-content\/uploads\/sites\/6\/2024\/01\/Maintenance-applicative-admnext-banner-2880x1800-1.png?resize=350%2C200&ssl=1 1x, https:\/\/i0.wp.com\/www.capgemini.com\/fr-fr\/wp-content\/uploads\/sites\/6\/2024\/01\/Maintenance-applicative-admnext-banner-2880x1800-1.png?resize=525%2C300&ssl=1 1.5x, https:\/\/i0.wp.com\/www.capgemini.com\/fr-fr\/wp-content\/uploads\/sites\/6\/2024\/01\/Maintenance-applicative-admnext-banner-2880x1800-1.png?resize=700%2C400&ssl=1 2x"},"classes":[]},{"id":782113,"url":"https:\/\/www.capgemini.com\/fr-fr\/perspectives\/blog\/cloud-obsolescence-sujet-technique-enjeu-strategique\/","url_meta":{"origin":797355,"position":3},"title":"L\u2019obsolescence\u00a0: plus qu\u2019un sujet technique, un enjeu strat\u00e9gique","author":"Tarek Edde Gomez","date":"April 17, 2025","format":false,"excerpt":"Autant que possible, les organisations IT veillent \u00e0 maintenir leurs actifs informatiques \u00e0 jour. Cependant, avec l\u2019\u00e9volution rapide des technologies et la multiplication des projets, les SI \u00e9voluent si rapidement qu\u2019il devient extr\u00eamement difficile de ma\u00eetriser. Les d\u00e9rives sont pratiquement in\u00e9vitables et l\u2019obsolescence s\u2019installe \u00e0 tous les niveaux, du mat\u00e9riel\u2026","rel":"","context":"In &quot;Innovation&quot;","block_context":{"text":"Innovation","link":"https:\/\/www.capgemini.com\/fr-fr\/category\/innovation\/"},"img":{"alt_text":"","src":"https:\/\/i0.wp.com\/www.capgemini.com\/fr-fr\/wp-content\/uploads\/sites\/6\/2025\/04\/GettyImages-Obsolescence.jpg?resize=350%2C200&ssl=1","width":350,"height":200,"srcset":"https:\/\/i0.wp.com\/www.capgemini.com\/fr-fr\/wp-content\/uploads\/sites\/6\/2025\/04\/GettyImages-Obsolescence.jpg?resize=350%2C200&ssl=1 1x, https:\/\/i0.wp.com\/www.capgemini.com\/fr-fr\/wp-content\/uploads\/sites\/6\/2025\/04\/GettyImages-Obsolescence.jpg?resize=525%2C300&ssl=1 1.5x, https:\/\/i0.wp.com\/www.capgemini.com\/fr-fr\/wp-content\/uploads\/sites\/6\/2025\/04\/GettyImages-Obsolescence.jpg?resize=700%2C400&ssl=1 2x"},"classes":[]},{"id":731852,"url":"https:\/\/www.capgemini.com\/fr-fr\/perspectives\/blog\/du-mainframe-au-cloud-un-chemin-de-mieux-en-mieux-balise\/","url_meta":{"origin":797355,"position":4},"title":"Du mainframe au cloud, un chemin de mieux en mieux balis\u00e9","author":"anne.gautier@capgemini.com","date":"October 18, 2023","format":false,"excerpt":"La migration des mainframes vers le cloud offre une multitude d'avantages convaincants qu'il ne faut pas n\u00e9gliger. Cette transition am\u00e9liore non seulement l'agilit\u00e9 et la scalabilit\u00e9, mais r\u00e9duit \u00e9galement les co\u00fbts op\u00e9rationnels et minimise les risques associ\u00e9.","rel":"","context":"In &quot;Transformation&quot;","block_context":{"text":"Transformation","link":"https:\/\/www.capgemini.com\/fr-fr\/category\/transformation\/"},"img":{"alt_text":"","src":"https:\/\/i0.wp.com\/www.capgemini.com\/fr-fr\/wp-content\/uploads\/sites\/6\/2023\/10\/Rando-Mainframe.jpg?resize=350%2C200&ssl=1","width":350,"height":200,"srcset":"https:\/\/i0.wp.com\/www.capgemini.com\/fr-fr\/wp-content\/uploads\/sites\/6\/2023\/10\/Rando-Mainframe.jpg?resize=350%2C200&ssl=1 1x, https:\/\/i0.wp.com\/www.capgemini.com\/fr-fr\/wp-content\/uploads\/sites\/6\/2023\/10\/Rando-Mainframe.jpg?resize=525%2C300&ssl=1 1.5x, https:\/\/i0.wp.com\/www.capgemini.com\/fr-fr\/wp-content\/uploads\/sites\/6\/2023\/10\/Rando-Mainframe.jpg?resize=700%2C400&ssl=1 2x"},"classes":[]},{"id":765091,"url":"https:\/\/www.capgemini.com\/fr-fr\/perspectives\/blog\/cloud-catalyseur-gen-ai\/","url_meta":{"origin":797355,"position":5},"title":"Le cloud : catalyseur d\u2019architecture pour la Gen AI\u00a0","author":"Tarek Edde Gomez","date":"October 17, 2024","format":false,"excerpt":"En offrant une architecture modulaire et flexible lors de l'int\u00e9gration de l'IA g\u00e9n\u00e9rative, le cloud permet aux organisations de ma\u00eetriser les donn\u00e9es et de personnaliser les solutions, tout en garantissant fiabilit\u00e9 et transparence.","rel":"","context":"In &quot;Innovation&quot;","block_context":{"text":"Innovation","link":"https:\/\/www.capgemini.com\/fr-fr\/category\/innovation\/"},"img":{"alt_text":"","src":"https:\/\/i0.wp.com\/www.capgemini.com\/fr-fr\/wp-content\/uploads\/sites\/6\/2024\/10\/cloud-and-gen-ai-image.jpg?resize=350%2C200&ssl=1","width":350,"height":200,"srcset":"https:\/\/i0.wp.com\/www.capgemini.com\/fr-fr\/wp-content\/uploads\/sites\/6\/2024\/10\/cloud-and-gen-ai-image.jpg?resize=350%2C200&ssl=1 1x, https:\/\/i0.wp.com\/www.capgemini.com\/fr-fr\/wp-content\/uploads\/sites\/6\/2024\/10\/cloud-and-gen-ai-image.jpg?resize=525%2C300&ssl=1 1.5x, https:\/\/i0.wp.com\/www.capgemini.com\/fr-fr\/wp-content\/uploads\/sites\/6\/2024\/10\/cloud-and-gen-ai-image.jpg?resize=700%2C400&ssl=1 2x"},"classes":[]}],"jetpack_sharing_enabled":true,"distributor_meta":false,"distributor_terms":false,"distributor_media":false,"distributor_original_site_name":"Capgemini France","distributor_original_site_url":"https:\/\/www.capgemini.com\/fr-fr","push-errors":false,"featured_image_url":"https:\/\/www.capgemini.com\/fr-fr\/wp-content\/uploads\/sites\/6\/2025\/09\/CRI-Cloud-research-web-banner.jpg","author_title":"Thomas Sarrazin","author_thumbnail_url":"https:\/\/www.capgemini.com\/fr-fr\/wp-content\/uploads\/sites\/6\/2022\/04\/PC-Thomas-Sarrazin.png?w=400","author_thumbnail_alt":"","_links":{"self":[{"href":"https:\/\/www.capgemini.com\/fr-fr\/wp-json\/wp\/v2\/posts\/797355","targetHints":{"allow":["GET"]}}],"collection":[{"href":"https:\/\/www.capgemini.com\/fr-fr\/wp-json\/wp\/v2\/posts"}],"about":[{"href":"https:\/\/www.capgemini.com\/fr-fr\/wp-json\/wp\/v2\/types\/post"}],"author":[{"embeddable":true,"href":"https:\/\/www.capgemini.com\/fr-fr\/wp-json\/wp\/v2\/users\/12386"}],"replies":[{"embeddable":true,"href":"https:\/\/www.capgemini.com\/fr-fr\/wp-json\/wp\/v2\/comments?post=797355"}],"version-history":[{"count":22,"href":"https:\/\/www.capgemini.com\/fr-fr\/wp-json\/wp\/v2\/posts\/797355\/revisions"}],"predecessor-version":[{"id":798595,"href":"https:\/\/www.capgemini.com\/fr-fr\/wp-json\/wp\/v2\/posts\/797355\/revisions\/798595"}],"wp:featuredmedia":[{"embeddable":true,"href":"https:\/\/www.capgemini.com\/fr-fr\/wp-json\/wp\/v2\/media\/791142"}],"wp:attachment":[{"href":"https:\/\/www.capgemini.com\/fr-fr\/wp-json\/wp\/v2\/media?parent=797355"}],"wp:term":[{"taxonomy":"category","embeddable":true,"href":"https:\/\/www.capgemini.com\/fr-fr\/wp-json\/wp\/v2\/categories?post=797355"},{"taxonomy":"post_tag","embeddable":true,"href":"https:\/\/www.capgemini.com\/fr-fr\/wp-json\/wp\/v2\/tags?post=797355"},{"taxonomy":"brand","embeddable":true,"href":"https:\/\/www.capgemini.com\/fr-fr\/wp-json\/wp\/v2\/brand?post=797355"},{"taxonomy":"service","embeddable":true,"href":"https:\/\/www.capgemini.com\/fr-fr\/wp-json\/wp\/v2\/service?post=797355"},{"taxonomy":"industry","embeddable":true,"href":"https:\/\/www.capgemini.com\/fr-fr\/wp-json\/wp\/v2\/industry?post=797355"},{"taxonomy":"partners","embeddable":true,"href":"https:\/\/www.capgemini.com\/fr-fr\/wp-json\/wp\/v2\/partners?post=797355"},{"taxonomy":"blog-topic","embeddable":true,"href":"https:\/\/www.capgemini.com\/fr-fr\/wp-json\/wp\/v2\/blog-topic?post=797355"},{"taxonomy":"content-group","embeddable":true,"href":"https:\/\/www.capgemini.com\/fr-fr\/wp-json\/wp\/v2\/content-group?post=797355"}],"curies":[{"name":"wp","href":"https:\/\/api.w.org\/{rel}","templated":true}]}}