{"id":786237,"date":"2025-06-17T16:22:29","date_gmt":"2025-06-17T14:22:29","guid":{"rendered":"https:\/\/www.capgemini.com\/fr-fr\/?p=786237&#038;preview=true&#038;preview_id=786237"},"modified":"2026-01-06T14:24:08","modified_gmt":"2026-01-06T13:24:08","slug":"tendances-villes-intelligentes-2025","status":"publish","type":"post","link":"https:\/\/www.capgemini.com\/fr-fr\/perspectives\/blog\/tendances-villes-intelligentes-2025\/","title":{"rendered":"\u00a0Tendances 2025 pour les villes intelligentes"},"content":{"rendered":"\n<header class=\"wp-block-cg-blocks-hero-blogs header-hero-blogs\"><div class=\"container\"><div class=\"hero-blogs\"><div class=\"hero-blogs-content-wrapper\"><div class=\"row\"><div class=\"col-12\"><div class=\"header-title\"><h1>\u00a0Tendances 2025 pour les villes intelligentes<\/h1><\/div><\/div><\/div><\/div><div class=\"hero-blogs-bottom\"><div class=\"header-author\"><div class=\"author-img\"><img decoding=\"async\" src=\"https:\/\/www.capgemini.com\/fr-fr\/wp-content\/uploads\/sites\/6\/2024\/01\/F.-Devif.jpg?w=200&amp;quality=10\" alt=\"\" loading=\"lazy\"\/><\/div><div class=\"author-name-date\"><h5 class=\"author-name\">Fran\u00e7ois Devif<\/h5><h5 class=\"blog-date\">17 juin 2025<\/h5><\/div><\/div><div class=\"brand-image\"><\/div><\/div><\/div><\/div><\/header>\n\n\n\n<section class=\"wp-block-cg-blocks-group undefined section section--article-content\"><div class=\"article-main-content\"><div class=\"container\"><div class=\"row\"><div class=\"col-12 col-md-1\"><nav class=\"article-social\"><ul class=\"social-nav\"><li class=\"ip-order-fb\"><a href=\"https:\/\/www.facebook.com\/sharer\/sharer.php?u=https:\/\/www.capgemini.com\/?p=1115042\" target=\"_blank\" rel=\"noopener noreferrer\" title=\"Ouvrir dans une nouvelle fen\u00eatre\"><i aria-hidden=\"true\" class=\"icon-fb\"><\/i><span class=\"sr-only\">Facebook<\/span><\/a><\/li><li class=\"ip-order-li\"><a href=\"https:\/\/www.linkedin.com\/shareArticle?url=https:\/\/www.capgemini.com\/?p=1115042\" target=\"_blank\" rel=\"noopener noreferrer\" title=\"Ouvrir dans une nouvelle fen\u00eatre\"><i aria-hidden=\"true\" class=\"icon-li\"><\/i><span class=\"sr-only\">Linkedin<\/span><\/a><\/li><\/ul><\/nav><\/div><div class=\"col-12 col-md-11 col-lg-10\"><div class=\"article-text article-quote-text\">\n<h2 class=\"wp-block-heading\" id=\"h-la-technologie-redefinit-la-vie-urbaine-l-urbanisation-rapide-de-ce-siecle-a-transforme-les-villes-en-centres-bouillonnants-de-croissance-et-d-innovation-cependant-ce-progres-s-accompagne-de-defis-majeurs-tels-que-la-gestion-des-ressources-la-resilience-face-au-changement-climatique-et-l-efficacite-de-la-gouvernance-en-2025-les-technologies-emergentes-joueront-un-role-cle-dans-la-reinvention-du-fonctionnement-des-villes-a-grande-echelle\">La technologie red\u00e9finit la vie urbaine. L\u2019urbanisation rapide de ce si\u00e8cle a transform\u00e9 les villes en centres bouillonnants de croissance et d\u2019innovation. Cependant, ce progr\u00e8s s\u2019accompagne de d\u00e9fis majeurs, tels que la gestion des ressources, la r\u00e9silience face au changement climatique et l\u2019efficacit\u00e9 de la gouvernance. En 2025, les technologies \u00e9mergentes joueront un r\u00f4le cl\u00e9 dans la r\u00e9invention du fonctionnement des villes \u00e0 grande \u00e9chelle.<br><br><\/h2>\n\n\n\n<p>Avec plus de la moiti\u00e9 de la population mondiale vivant d\u00e9sormais en milieu urbain, les villes subissent une pression immense pour s\u2019adapter \u00e0 la croissance d\u00e9mographique et aux pr\u00e9occupations environnementales. Les villes intelligentes rel\u00e8vent ce d\u00e9fi en int\u00e9grant des technologies avanc\u00e9es pour am\u00e9liorer les infrastructures, renforcer les services publics et favoriser un mode de vie durable. Cela permettra \u00e9galement de garantir l\u2019inclusion tout en am\u00e9liorant la qualit\u00e9 de vie des habitants.<\/p>\n\n\n\n<h2 class=\"wp-block-heading\" id=\"h-cinq-grandes-tendances-faconnent-l-avenir-des-villes-intelligentes\">Cinq grandes tendances fa\u00e7onnent l\u2019avenir des villes intelligentes<\/h2>\n\n\n\n<p>Les r\u00e9flexions suivantes sur les tendances qui transforment nos villes montrent qu\u2019un nouveau chapitre de la vie urbaine est en train de s\u2019\u00e9crire.<\/p>\n\n\n\n<section class=\"wp-block-cg-blocks-how-we-do-it section section--howwedoit block-howwedoit\"><div class=\"container\"><div class=\"section-content\">\n<div class=\"wp-block-cg-blocks-card-howwedoit expanders\"><div class=\"box card-regulated-agreements card-howwedoit\"><div class=\"expander-box filter-box tag-active \"><div class=\"expander-title\" tabindex=\"0\" role=\"button\" aria-pressed=\"false\" aria-expanded=\"false\"><h3 class=\"expander-heading-title\"><strong><strong>Des plateformes de donn\u00e9es unifi\u00e9es et des espaces de donn\u00e9es au service de solutions urbaines interop\u00e9rables<\/strong><\/strong><\/h3><\/div><div class=\"expander-content\"><p>\u00c0 mesure que les villes deviennent plus intelligentes, de nouveaux services num\u00e9riques \u2013 tels que les r\u00e9seaux intelligents, la mobilit\u00e9 \u00e0 la demande ou la gestion intelligente de l\u2019eau \u2013 r\u00e9inventent les mod\u00e8les et processus des services publics. En parall\u00e8le, ils g\u00e9n\u00e8rent une explosion sans pr\u00e9c\u00e9dent des flux et volumes de donn\u00e9es. Les plateformes de donn\u00e9es urbaines deviennent ainsi une infrastructure essentielle pour exploiter efficacement les donn\u00e9es des villes, am\u00e9liorer leur fonctionnement op\u00e9rationnel et d\u00e9ployer des initiatives de ville intelligente \u00e0 grande \u00e9chelle. Ces plateformes permettent de connecter, d\u2019analyser et de visualiser l\u2019ensemble des donn\u00e9es issues de syst\u00e8mes vari\u00e9s au sein du tissu urbain. Ces donn\u00e9es peuvent ensuite \u00eatre partag\u00e9es avec les services municipaux ou des entit\u00e9s priv\u00e9es, favorisant ainsi l\u2019\u00e9mergence de nouveaux mod\u00e8les \u00e9conomiques innovants.<br><br>Dans le cadre du projet <a href=\"https:\/\/ruggedised.eu\/legacy\/\">RUGGEDISED<\/a>, les villes de Rotterdam, Ume\u00e5 et Glasgow ont d\u00e9velopp\u00e9 des plateformes de donn\u00e9es urbaines pour r\u00e9pondre \u00e0 des probl\u00e9matiques locales sp\u00e9cifiques. \u00c0 Rotterdam, la Digital City Platform permet de divulguer et de visualiser la consommation \u00e9nerg\u00e9tique en temps r\u00e9el, ainsi que sur des p\u00e9riodes donn\u00e9es (par b\u00e2timent et \u00e0 l\u2019\u00e9chelle d\u2019un quartier). <a href=\"https:\/\/www.3drotterdam.nl\/#\/\">Un mod\u00e8le 3D<\/a> de la ville est connect\u00e9 \u00e0 cette plateforme et, combin\u00e9 aux donn\u00e9es en temps r\u00e9el, il forme un jumeau num\u00e9rique en trois dimensions. Ce jumeau num\u00e9rique aide la ville \u00e0 g\u00e9rer les foules et les espaces publics, \u00e0 optimiser la mobilit\u00e9, la planification des r\u00e9seaux \u00e9lectriques et thermiques, ainsi que la collecte et le traitement des d\u00e9chets de mani\u00e8re plus \u00e9conome en ressources.<br>Par ailleurs, les villes commencent \u00e0 adopter un mod\u00e8le f\u00e9d\u00e9r\u00e9 d\u2019espaces de donn\u00e9es afin de faciliter un partage de donn\u00e9es souverain et s\u00e9curis\u00e9, entre diff\u00e9rents domaines urbains, entre villes et m\u00eame \u00e0 travers les fronti\u00e8res. Des initiatives financ\u00e9es par l\u2019Union europ\u00e9enne, telles que le programme <a href=\"https:\/\/www.ds4sscc.eu\/\">European Data Space for Sustainable and Smart Cities and Communities (DS4SSCC)<\/a>, ont permis de d\u00e9velopper un cadre de gouvernance des donn\u00e9es impliquant plusieurs parties prenantes. Cette initiative vise \u00e0 cr\u00e9er un espace de donn\u00e9es intersectoriel pour les gouvernements et leurs prestataires, afin de favoriser l\u2019interop\u00e9rabilit\u00e9 et am\u00e9liorer la qualit\u00e9 des services aux citoyens. Plusieurs projets pilotes sont en cours dans le cadre du programme DS4SSCC, comme <a href=\"https:\/\/www.ds4sscc.eu\/pilotoverview\">UrbanMind<\/a> ou l\u2019espace de donn\u00e9es pour les flux de circulation, o\u00f9 plusieurs villes collaborent pour cr\u00e9er de la valeur ensemble.<\/p><div class=\"bg-color video-align-right\"><div class=\"container\"><div class=\"row video-align-left\"><div class=\"col-md-12\"><div class=\"video-align-left row box box--4 box--mini\"><div class=\"col-md-3\"><\/div><div class=\"col-md-8 box-img-wrapper\"><div class=\"video-box\"><\/div><\/div><\/div><\/div><\/div><\/div><\/div><div class=\"content-more\"><\/div><\/div><\/div><\/div><\/div>\n\n\n\n<div class=\"wp-block-cg-blocks-card-howwedoit expanders\"><div class=\"box card-regulated-agreements card-howwedoit\"><div class=\"expander-box filter-box tag-active \"><div class=\"expander-title\" tabindex=\"0\" role=\"button\" aria-pressed=\"false\" aria-expanded=\"false\"><h3 class=\"expander-heading-title\"><strong><strong>Le physique et le num\u00e9rique convergent<\/strong><\/strong><\/h3><\/div><div class=\"expander-content\"><p>Les jumeaux num\u00e9riques et les technologies de l\u2019Internet des objets (IoT) fa\u00e7onnent des op\u00e9rations urbaines optimis\u00e9es, aliment\u00e9es par les donn\u00e9es provenant des plateformes de donn\u00e9es urbaines. En cr\u00e9ant des mod\u00e8les virtuels de villes, les urbanistes peuvent simuler et tester l\u2019impact de nouveaux am\u00e9nagements, identifier des probl\u00e8mes potentiels, optimiser les services urbains et \u00e9laborer des politiques proactives pour pr\u00e9venir les effets futurs. Gr\u00e2ce \u00e0 la simulation, la surveillance et l\u2019optimisation de divers \u00e9l\u00e9ments urbains, les jumeaux num\u00e9riques aident les villes \u00e0 trouver un \u00e9quilibre entre croissance \u00e9conomique, efficacit\u00e9 op\u00e9rationnelle et protection de l\u2019environnement.<br><br>Selon leur niveau de maturit\u00e9, les villes adoptent des solutions de jumeaux num\u00e9riques allant de l\u2019analyse descriptive \u00e0 l\u2019intelligence pr\u00e9dictive, en passant par la simulation de sc\u00e9narios.<br><a href=\"https:\/\/www.tech.gov.sg\/media\/technews\/5-things-to-know-about-virtual-singapore\/\">La plateforme Virtual Singapore<\/a> est un jumeau num\u00e9rique de la cit\u00e9-\u00c9tat, fournissant un mod\u00e8le 3D dynamique permettant aux utilisateurs de divers secteurs de d\u00e9velopper des outils et applications avanc\u00e9s pour tester des concepts et services. Elle soutient \u00e9galement la planification, la prise de d\u00e9cision et la recherche sur des technologies innovantes afin de r\u00e9pondre \u00e0 des d\u00e9fis complexes et \u00e9mergents. Shanghai a d\u00e9velopp\u00e9 <a href=\"https:\/\/en.planning.org.cn\/nua\/view?id=646\">un jumeau num\u00e9rique<\/a> \u00e9tendu pour surveiller et g\u00e9rer les op\u00e9rations de la ville, notamment les flux de circulation, la consommation d\u2019\u00e9nergie et les conditions environnementales. Cette repr\u00e9sentation num\u00e9rique aide \u00e0 optimiser l\u2019am\u00e9nagement urbain et \u00e0 am\u00e9liorer les services publics.<br>Comme prochaine \u00e9volution, les mod\u00e8les de jumeaux num\u00e9riques sont enrichis par des technologies immersives telles que la r\u00e9alit\u00e9 augment\u00e9e (AR), la r\u00e9alit\u00e9 virtuelle (VR) et la r\u00e9alit\u00e9 mixte (MR), afin de fournir un contexte suppl\u00e9mentaire sur les \u00e9l\u00e9ments urbains. Une initiative mondiale autour <a href=\"https:\/\/www.itu.int\/metaverse\/virtual-worlds\/\">du m\u00e9tavers pour les villes<\/a> (Citiverse) a \u00e9t\u00e9 lanc\u00e9e par l\u2019Union internationale des t\u00e9l\u00e9communications (UIT), le Centre international de calcul des Nations Unies (UNICC) et Digital Dubai, afin de fournir un cadre et des lignes directrices pour les solutions de mondes virtuels appliqu\u00e9es aux villes. Les jumeaux num\u00e9riques et les initiatives Citiverse <strong>red\u00e9finissent les op\u00e9rations urbaines<\/strong> en rendant les environnements urbains <strong>plus efficaces, r\u00e9silients et centr\u00e9s sur les citoyens.<\/strong><\/p><div class=\"bg-color video-align-right\"><div class=\"container\"><div class=\"row video-align-left\"><div class=\"col-md-12\"><div class=\"video-align-left row box box--4 box--mini\"><div class=\"col-md-3\"><\/div><div class=\"col-md-8 box-img-wrapper\"><div class=\"video-box\"><\/div><\/div><\/div><\/div><\/div><\/div><\/div><div class=\"content-more\"><\/div><\/div><\/div><\/div><\/div>\n\n\n\n<div class=\"wp-block-cg-blocks-card-howwedoit expanders\"><div class=\"box card-regulated-agreements card-howwedoit\"><div class=\"expander-box filter-box tag-active \"><div class=\"expander-title\" tabindex=\"0\" role=\"button\" aria-pressed=\"false\" aria-expanded=\"false\"><h3 class=\"expander-heading-title\"><strong><strong>Renforcer la r\u00e9silience gr\u00e2ce \u00e0 des strat\u00e9gies d\u2019adaptation au climat<\/strong><\/strong><\/h3><\/div><div class=\"expander-content\"><p>Avec la fr\u00e9quence croissante des \u00e9v\u00e9nements m\u00e9t\u00e9orologiques extr\u00eames, les villes doivent se pr\u00e9parer et investir dans la r\u00e9silience de leurs infrastructures. Des syst\u00e8mes de surveillance des inondations bas\u00e9s sur l\u2019IoT aux analyses pr\u00e9dictives pour la gestion des catastrophes, les zones urbaines se concentrent sur la protection des personnes et des ressources. Les syst\u00e8mes hydriques intelligents r\u00e9pondent aux d\u00e9fis comme la raret\u00e9 de l\u2019eau gr\u00e2ce \u00e0 des m\u00e9thodes innovantes de recyclage et de distribution. Les infrastructures physiques, comme les r\u00e9seaux d\u2019eau, n\u2019ont pas \u00e9t\u00e9 con\u00e7ues \u00e0 l\u2019origine pour l\u2019\u00e8re num\u00e9rique. Pourtant, leur reconstruction est souvent exclue en raison des co\u00fbts \u00e9normes associ\u00e9s aux remplacements, m\u00eame temporaires. Une solution consiste \u00e0 moderniser ces actifs physiques en les adaptant aux infrastructures num\u00e9riques, \u00e0 l\u2019aide de capteurs et de composants num\u00e9riques t\u00e9l\u00e9command\u00e9s. Un excellent exemple est celui de <a href=\"https:\/\/www.capgemini.com\/fr-fr\/actualites\/cas-clients\/vnf-numerique-au-service-du-reseau-fluvial\/\">Voies navigables de France<\/a>, gestionnaire du r\u00e9seau de voies navigables int\u00e9rieures fran\u00e7ais.<br>Un autre exemple pertinent de strat\u00e9gie d\u2019adaptation climatique concerne la lutte contre les \u00eelots de chaleur urbains (ICU). La ville de <a href=\"https:\/\/www.ft.com\/content\/e598e669-046e-4fb4-87a3-cf7f69f6c7e3?\">Paris<\/a>, par exemple, a mis en \u0153uvre des mesures significatives : plantation d\u2019arbres, r\u00e9novation des c\u00e9l\u00e8bres toits en zinc, installation d\u2019infrastructures publiques de rafra\u00eechissement, afin de r\u00e9duire l\u2019accumulation de chaleur. De son c\u00f4t\u00e9, <a href=\"https:\/\/www.theguardian.com\/environment\/article\/2024\/aug\/15\/cities-are-tackling-growing-heat-but-they-have-to-avoid-a-dangerous-trap\">S\u00e9ville<\/a> s\u2019est inspir\u00e9e de techniques perses ancestrales en utilisant des syst\u00e8mes qanat (r\u00e9seaux d\u2019irrigation souterrains), modernis\u00e9s gr\u00e2ce \u00e0 des \u00e9nergies renouvelables, pour rafra\u00eechir les b\u00e2timents par circulation d\u2019eau dans les murs. Ces initiatives illustrent les actions proactives que m\u00e8nent les villes europ\u00e9ennes pour att\u00e9nuer les effets des \u00eelots de chaleur urbains. Bien que le r\u00e9sultat soit physique, la mod\u00e9lisation num\u00e9rique via les jumeaux num\u00e9riques constitue la base sur laquelle les villes s\u2019appuient pour agir.<\/p><div class=\"bg-color video-align-right\"><div class=\"container\"><div class=\"row video-align-left\"><div class=\"col-md-12\"><div class=\"video-align-left row box box--4 box--mini\"><div class=\"col-md-3\"><\/div><div class=\"col-md-8 box-img-wrapper\"><div class=\"video-box\"><\/div><\/div><\/div><\/div><\/div><\/div><\/div><div class=\"content-more\"><\/div><\/div><\/div><\/div><\/div>\n\n\n\n<div class=\"wp-block-cg-blocks-card-howwedoit expanders\"><div class=\"box card-regulated-agreements card-howwedoit\"><div class=\"expander-box filter-box tag-active \"><div class=\"expander-title\" tabindex=\"0\" role=\"button\" aria-pressed=\"false\" aria-expanded=\"false\"><h3 class=\"expander-heading-title\"><strong><strong>Les engagements en mati\u00e8re de durabilit\u00e9 sont d\u00e9sormais mis en \u0153uvre par les agences gouvernementales<\/strong><\/strong><\/h3><\/div><div class=\"expander-content\"><p>Les gouvernements du monde entier ne se contentent plus de fixer des objectifs climatiques ambitieux : ils traduisent d\u00e9sormais ces engagements en r\u00e9sultats concrets. Le Pacte vert pour l\u2019Europe (Green Deal europ\u00e9en) est une initiative embl\u00e9matique, visant \u00e0 faire de l\u2019Union europ\u00e9enne le premier continent neutre en carbone d\u2019ici 2050. Dans ce cadre, le programme <a href=\"https:\/\/commission.europa.eu\/topics\/energy\/repowereu_en\">REPowerEU<\/a>, lanc\u00e9 en mai 2022, a atteint des jalons significatifs : pour la premi\u00e8re fois, la production d\u2019\u00e9lectricit\u00e9 issue de l\u2019\u00e9olien et du solaire a d\u00e9pass\u00e9 celle du gaz, accompagn\u00e9e d\u2019une r\u00e9duction de 18 % de la consommation de gaz en seulement deux ans.<br>Les gouvernements comprennent qu\u2019ils doivent montrer l\u2019exemple. L\u2019Initiative mondiale des gouvernements vers le z\u00e9ro \u00e9mission nette <a href=\"https:\/\/www.sustainability.gov\/federalsustainabilityplan\/net-zero-initiative.html\">(Net-Zero Government Initiative &#8211; NZGI)<\/a>, avec 18 pays partenaires, a fix\u00e9 des objectifs rigoureux pour atteindre la neutralit\u00e9 carbone dans les op\u00e9rations des agences publiques d\u2019ici 2050. Cette initiative repose sur des mesures strat\u00e9giques telles que l\u2019utilisation d\u2019\u00e9lectricit\u00e9 sans pollution carbone, la construction de b\u00e2timents \u00e0 z\u00e9ro \u00e9mission, des op\u00e9rations neutres en carbone, des v\u00e9hicules sans \u00e9mission, des infrastructures r\u00e9silientes au climat et l\u2019adoption de pratiques d\u2019\u00e9conomie circulaire. Les progr\u00e8s sont visibles : l\u2019Australie a r\u00e9duit de plus <a href=\"https:\/\/www.transparency.gov.au\/publications\/industry-science-and-resources\/commonwealth-scientific-and-industrial-research-organisation\/australia-s-national-science-agency-annual-report-2022-23\/part-4-our-operations-\/our-sustainable-operations-and-practices\">de 50 % ses \u00e9missions de gaz \u00e0 effet de serre (GES)<\/a> dans les op\u00e9rations gouvernementales en 2022 par rapport \u00e0 l\u2019ann\u00e9e pr\u00e9c\u00e9dente.<br><br>L\u2019organisation <a href=\"https:\/\/iclei.org\/\">ICLEI<\/a> \u2013 Gouvernements locaux pour la durabilit\u00e9 est un r\u00e9seau mondial regroupant plus de 2 500 collectivit\u00e9s locales et r\u00e9gionales engag\u00e9es dans le d\u00e9veloppement urbain durable. Pr\u00e9sente dans plus de 125 pays, cette organisation influence les politiques de durabilit\u00e9 et soutient l\u2019action locale en faveur d\u2019un d\u00e9veloppement z\u00e9ro \u00e9mission, fond\u00e9 sur la nature, \u00e9quitable, r\u00e9silient et circulaire.<br>Les agences municipales s\u2019appuient de plus en plus sur les principes de l\u2019\u00e9conomie circulaire, en transformant les d\u00e9chets en mati\u00e8res premi\u00e8res et en encourageant des mod\u00e8les \u00e9conomiques innovants. Amsterdam est une ville pionni\u00e8re dans le d\u00e9veloppement urbain durable et circulaire. Elle concentre ses efforts sur trois cha\u00eenes de valeur : les flux de d\u00e9chets alimentaires et organiques, les biens de consommation et l\u2019environnement b\u00e2ti. Elle suit en permanence ses avanc\u00e9es \u00e0 l\u2019aide d\u2019un indicateur de suivi de <a href=\"https:\/\/onderzoek.amsterdam.nl\/publicatie\/monitor-circulaire-economie-2022\">l\u2019\u00e9conomie circulaire<\/a>.<br>Malgr\u00e9 des progr\u00e8s notables, les gouvernements font face \u00e0 plusieurs obstacles, tels que des contraintes budg\u00e9taires, des structures institutionnelles cloisonn\u00e9es, une r\u00e9sistance culturelle au changement et la complexit\u00e9 de la mesure et du reporting des progr\u00e8s. Surmonter ces freins exige une combinaison de volont\u00e9 politique, de collaboration inter-agences, d\u2019investissement dans l\u2019innovation et de partenariats public-priv\u00e9 solides. Le partage des bonnes pratiques \u00e0 l\u2019\u00e9chelle mondiale sera crucial pour affiner les strat\u00e9gies de durabilit\u00e9 et atteindre les objectifs \u00e0 long terme.<\/p><div class=\"bg-color video-align-right\"><div class=\"container\"><div class=\"row video-align-left\"><div class=\"col-md-12\"><div class=\"video-align-left row box box--4 box--mini\"><div class=\"col-md-3\"><\/div><div class=\"col-md-8 box-img-wrapper\"><div class=\"video-box\"><\/div><\/div><\/div><\/div><\/div><\/div><\/div><div class=\"content-more\"><\/div><\/div><\/div><\/div><\/div>\n\n\n\n<div class=\"wp-block-cg-blocks-card-howwedoit expanders\"><div class=\"box card-regulated-agreements card-howwedoit\"><div class=\"expander-box filter-box tag-active \"><div class=\"expander-title\" tabindex=\"0\" role=\"button\" aria-pressed=\"false\" aria-expanded=\"false\"><h3 class=\"expander-heading-title\"><strong><strong>La sant\u00e9 : une priorit\u00e9 pour les urbanistes<\/strong><\/strong><\/h3><\/div><div class=\"expander-content\"><p>Les technologies li\u00e9es \u00e0 la sant\u00e9 environnementale vont occuper une place centrale dans la planification urbaine. Apr\u00e8s tout, les villes sont con\u00e7ues pour que les \u00eatres humains y prosp\u00e8rent. Des capteurs seront utilis\u00e9s pour surveiller la qualit\u00e9 de l\u2019air, la pollution sonore et d\u2019autres facteurs qui influencent le bien-\u00eatre. Des outils de sant\u00e9 pr\u00e9dictive guideront le d\u00e9veloppement d\u2019espaces favorisant des modes de vie plus sains. Une \u00e9tude ant\u00e9rieure a montr\u00e9 un retour sur investissement rapide, avec des \u00e9conomies estim\u00e9es entre 485 et 700 \u20ac par habitant, selon <a href=\"https:\/\/www.eiturbanmobility.eu\/impact-stories\/quantifying-health-impacts-with-healthy-cities-generator\/\">EIT Urban Mobility<\/a>.<br>Cependant, une fracture d\u00e9mographique majeure est en train d\u2019\u00e9merger, divisant les centres urbains en deux camps distincts : les villes \u00e2g\u00e9es et les villes jeunes. Les villes vieillissantes, principalement situ\u00e9es dans les pays \u00e0 revenu \u00e9lev\u00e9 et certaines r\u00e9gions du monde en d\u00e9veloppement, font face \u00e0 une crise d\u00e9mographique. Les syst\u00e8mes de transports publics, les infrastructures pi\u00e9tonnes, voire le logement, doivent \u00eatre r\u00e9am\u00e9nag\u00e9s \u00e0 grand co\u00fbt pour r\u00e9pondre aux besoins d\u2019une population vieillissante. Sur le plan \u00e9conomique, ces villes doivent composer avec une main-d\u2019\u0153uvre en diminution qui supporte le poids croissant des syst\u00e8mes de retraite et des d\u00e9penses de sant\u00e9. Pour r\u00e9pondre \u00e0 ce d\u00e9fi, <a href=\"https:\/\/www.reuters.com\/technology\/artificial-intelligence\/ai-robots-may-hold-key-nursing-japans-ageing-population-2025-02-28\/\">le Japon<\/a> explore le d\u00e9veloppement de robots pilot\u00e9s par l\u2019IA, comme AIREC, con\u00e7us pour aider dans des t\u00e2ches telles que le transfert de patients, la cuisine ou encore le pliage du linge. Pendant ce temps, les villes jeunes vivent la situation inverse. Leurs march\u00e9s du travail sont dynamiques, soutenus par des politiques favorisant l\u2019\u00e9ducation, l\u2019emploi et l\u2019esprit d\u2019entreprendre. Mais ces villes ne sont pas exemptes de difficult\u00e9s croissantes : pollution, congestion, stress urbain, ainsi qu\u2019une augmentation des troubles respiratoires et de la sant\u00e9 mentale chez des populations jeunes et sous pression. Une solution innovante est test\u00e9e en <a href=\"https:\/\/time.com\/7094115\/whoosh-queenstown-gondola\/\">Nouvelle-Z\u00e9lande<\/a> : un r\u00e9seau de transport par c\u00e2ble de type gondole, peu co\u00fbteux et flexible, qui pourrait s\u00e9duire les jeunes r\u00e9sidents \u00e0 la recherche de solutions de mobilit\u00e9 efficaces et durables.<\/p><div class=\"bg-color video-align-right\"><div class=\"container\"><div class=\"row video-align-left\"><div class=\"col-md-12\"><div class=\"video-align-left row box box--4 box--mini\"><div class=\"col-md-3\"><\/div><div class=\"col-md-8 box-img-wrapper\"><div class=\"video-box\"><\/div><\/div><\/div><\/div><\/div><\/div><\/div><div class=\"content-more\"><\/div><\/div><\/div><\/div><\/div>\n<\/div><\/div><\/section>\n\n\n\n<h2 class=\"wp-block-heading\" id=\"h-la-voie-a-suivre-defis-et-opportunites\">La voie \u00e0 suivre : d\u00e9fis et opportunit\u00e9s<\/h2>\n\n\n\n<p>L\u2019avenir de la vie urbaine d\u00e9pendra de la capacit\u00e9 des villes \u00e0 adopter et int\u00e9grer efficacement ces innovations technologiques. Bien que les avantages potentiels soient consid\u00e9rables \u2014 meilleure gestion des ressources, r\u00e9duction de l\u2019impact environnemental, am\u00e9lioration de l\u2019exp\u00e9rience citoyenne \u2014, la r\u00e9ussite repose sur l\u2019engagement politique, l\u2019adh\u00e9sion de la soci\u00e9t\u00e9 et l\u2019usage \u00e9thique des technologies.<br><br>En 2025, les villes intelligentes ne se contenteront pas d\u2019innover ; elles viseront \u00e9galement \u00e0 cr\u00e9er des communaut\u00e9s inclusives, r\u00e9silientes et durables. En tirant parti des technologies qui transforment aujourd\u2019hui l\u2019urbanisme, nous pouvons b\u00e2tir des villes qui prosp\u00e8rent en harmonie avec les citoyens et la plan\u00e8te.<\/p>\n<\/div><\/div><\/div><\/div><\/div><\/section>\n\n\n\n<section class=\"section section--expert-slider wrapper-people-slider wp-block-cg-blocks-wrapper-people-slider undefined\"><div class=\"container\"><div class=\"content-title\"><h2 data-maxlength=\"34\" class=\"people-heading-title\">Notre expert<\/h2><\/div><\/div><div class=\"slider slider-boxed\"><div class=\"container\"><div class=\"slider-window\"><div class=\"slider-list\">\n\t\t<div class=\"slide\">\n\t\t\t<div class=\"box\">\n\t\t\t\t<div class=\"row\">\n\t\t\t\t\t<div class=\"col-md-6 col-lg-4 box-img-wrapper\">\n\t\t\t\t\t\t<img decoding=\"async\" loading=\"lazy\" src=\"https:\/\/www.capgemini.com\/fr-fr\/wp-content\/uploads\/sites\/6\/2024\/01\/F.-Devif.jpg\" alt=\"Fran\u00e7ois Devif\"\/>\n\t\t\t\t\t<\/div>\n\t\t\t\t\t<div class=\"col-md-6 col-lg-8 box-inner\">\n\t\t\t\t\t\t<div class=\"row title-social-media-header\">\n\t\t\t\t\t\t\t<div class=\"col-md-12 col-lg-6 mbl-social-icon\">\n\t\t\t\t\t\t\t\t<ul class=\"social-nav\">\n\t\t\t\t\t\t\t\t\t\t\t\t\t\t\t\t\t\t\t\t\t\t\t\t\t\t\t\t\t\t\t\t\t\t\t\t\t\t\t\t\t\t\t\t\t\t\t\t\t\t\t\t\t\t\t<li><a aria-label=\"Linkedin\" target=\"_blank\" title=\"Ouvrir dans une nouvelle fen\u00eatre\" href=\"https:\/\/www.linkedin.com\/in\/franois-devif-387b946\/\"><i aria-hidden=\"true\" class=\"icon-li\"><\/i><\/a><\/li>\n\t\t\t\t\t\t\t\t\t\t\t\t\t\t\t\t\t<\/ul>\n\t\t\t\t\t\t\t<\/div>\n\t\t\t\t\t\t\t<div class=\"col-md-12 col-lg-6 box-container\">\n\t\t\t\t\t\t\t\t<div class=\"box-title\">\n\t\t\t\t\t\t\t\t\t<h3 class=\"people-profile-title\">Fran\u00e7ois Devif<\/h3>\n\t\t\t\t\t\t\t\t<\/div>\n\t\t\t\t\t\t\t\t\t\t\t\t\t\t\t\t\t<span>Directeur de la BU Services &amp; Public Sector, Capgemini<\/span>\n\t\t\t\t\t\t\t\t\t\t\t\t\t\t\t<\/div>\n\t\t\t\t\t\t\t<div class=\"col-md-12 col-lg-6 social-box-container dkt-social-icon\">\n\t\t\t\t\t\t\t\t<ul class=\"social-nav\">\n\t\t\t\t\t\t\t\t\t\t\t\t\t\t\t\t\t\t\t\t\t\t\t\t\t\t\t\t\t\t\t\t\t\t\t\t\t\t\t\t\t\t\t\t\t\t\t\t\t\t\t\t\t\t\t<li><a aria-label=\"Linkedin\" target=\"_blank\" title=\"Ouvrir dans une nouvelle fen\u00eatre\" href=\"https:\/\/www.linkedin.com\/in\/franois-devif-387b946\/\"><i aria-hidden=\"true\" class=\"icon-li\"><\/i><\/a><\/li>\n\t\t\t\t\t\t\t\t\t\t\t\t\t\t\t\t\t<\/ul>\n\t\t\t\t\t\t\t<\/div>\n\t\t\t\t\t\t<\/div>\n\t\t\t\t\t\t\t\t\t\t\t\t\t<div class=\"people-info\">Fran\u00e7ois est Directeur de la BU Services &#038; Public Sector pour la France. Il a rejoint le groupe Capgemini en 2008 et a consacr\u00e9 ses 9 premi\u00e8res ann\u00e9es \u00e0 d\u00e9velopper l&#8217;offre Sant\u00e9 en tant que Vice-pr\u00e9sident Head of Helthcare France. De 2018 \u00e0 2022, il devient Vice-pr\u00e9sident ex\u00e9cutif et Directeur de la MU Sant\u00e9 Social Emploi. En 2023, il devient Directeur de la MU Minist\u00e8res, puis Directeur de la BU SPS en 2024. Il poss\u00e8de une riche exp\u00e9rience dans les secteurs de la technologie et du conseil, avec une sp\u00e9cialisation marqu\u00e9e dans le domaine de la sant\u00e9 et du social, illustrant ainsi une grande polyvalence sur les divers portfolios.<\/div>\n\t\t\t\t\t\t\t\t\t\t\t<\/div>\n\t\t\t\t<\/div>\n\t\t\t<\/div>\n\t\t\t\t\t<\/div>\n\t\t\n<\/div><\/div><\/div><div class=\"slider-nav\"><button class=\"slider-prev inactive\" aria-label=\"Slider-previous\" tabindex=\"-1\"><\/button><ul class=\"slider-paginator\"><\/ul><button class=\"slider-next\" aria-label=\"Slider-next\"><\/button><\/div><\/div><\/section>\n\n\n\n\t\t<section\n\t\t\tclass=\"section section--lifeatcap-learning section--event-slider-careerInvent \">\n\n\t\t\t<div class=\"container\">\n\t\t\t\t<div class='career-invent-header'>\n\t\t\t\t\t\t\t\t\t\t\t<div class=\"row\">\n\t\t\t\t\t\t\t<div class=\"heading col-12 col-md-8\">\n\t\t\t\t\t\t\t\t<h2>Pour aller plus loin<\/h2>\n\t\t\t\t\t\t\t<\/div>\n\t\t\t\t\t\t<\/div>\n\t\t\t\t\t\t\t\t\t\t\t\t\t\t<\/div>\n\t\t\t<\/div>\n\n\t\t\t<div class=\"slider slider-fader 503e2b92-3c82-4109-bc1b-5017c6c00524\">\n\t\t\t\t\t\t\t\t<div\n\t\t\t\t\tclass=\"slider-list \">\n\t\t\t\t\t\t\t\t\t\t\t<div\n\t\t\t\t\t\t\tclass=\"slide active \">\n\t\t\t\t\t\t\t<div\n\t\t\t\t\t\t\t\tclass=\"slide-bg-wrapper wp-block-cg-blocks-career-invent \">\n\t\t\t\t\t\t\t\t<div class=\"bgImagesection\">\n\t\t\t\t\t\t\t\t\t\t\t\t\t\t\t\t\t\t\t<div class=\"bgColor\"><\/div>\n\t\t\t\t\t\t\t\t\t\n\t\t\t\t\t\t\t\t\t<div class=\"container slide-info-wrapper\">\n\t\t\t\t\t\t\t\t\t\t<div class=\"row\">\n\t\t\t\t\t\t\t\t\t\t\t<div\n\t\t\t\t\t\t\t\t\t\t\t\tclass=\"col-md-6 col-sm-12 box-inner \">\n\t\t\t\t\t\t\t\t\t\t\t\t\t\t\t\t\t\t\t\t\t\t\t\t\t<div class=\"bgColor\"><\/div>\n\t\t\t\t\t\t\t\t\t\t\t\t\t\t\t\t\t\t\t\t\t\t\t\t\t\t\t\t\t\t\t\t\t\t\t\t\t<div\n\t\t\t\t\t\t\t\t\t\t\t\t\t\tclass=\"content-title \">\n\t\t\t\t\t\t\t\t\t\t\t\t\t\t<h3 class=\"explore-header\"\n\t\t\t\t\t\t\t\t\t\t\t\t\t\t\tdata-maxlength=\"68\"\n\t\t\t\t\t\t\t\t\t\t\t\t\t\t\ttitle=\"Secteur public\">\n\t\t\t\t\t\t\t\t\t\t\t\t\t\t\tSecteur public\t\t\t\t\t\t\t\t\t\t\t\t\t\t<\/h3>\n\t\t\t\t\t\t\t\t\t\t\t\t\t<\/div>\n\t\t\t\t\t\t\t\t\t\t\t\t\n\t\t\t\t\t\t\t\t\t\t\t\t\t\t\t\t\t\t\t\t\t\t\t\t\t\t\t\t\t\t\t\t\t\t\t\t\t\t\t<div\n\t\t\t\t\t\t\t\t\t\t\t\t\t\t\tclass=\"box-title \">\n\t\t\t\t\t\t\t\t\t\t\t\t\t\t\t<h4 data-maxlength=\"144\"\n\t\t\t\t\t\t\t\t\t\t\t\t\t\t\t\ttitle=\"Le secteur public m\u00e8ne une transformation vers un futur qui sera r\u00e9solument plus num\u00e9rique et durable,\"\n\t\t\t\t\t\t\t\t\t\t\t\t\t\t\t\tstyle=\"white-space: pre-wrap;\">\n\t\t\t\t\t\t\t\t\t\t\t\t\t\t\t\tLe secteur public m\u00e8ne une transformation vers un futur qui sera r\u00e9solument plus num\u00e9rique et durable,\t\t\t\t\t\t\t\t\t\t\t\t\t\t\t<\/h4>\n\t\t\t\t\t\t\t\t\t\t\t\t\t\t<\/div>\n\t\t\t\t\t\t\t\t\t\t\t\t\t\t\t\t\t\t\t\t\t\t\t\t\t\n\t\t\t\t\t\t\t\t\t\t\t\t\t\t\t\t\t\t\t\t\t\t\t\t\t<div >\n\t\t\t\t\t\t\t\t\t\t\t\t\t\t\t\t\t\t\t\t\t\t\t\t\t\t\t<\/div>\n\t\t\t\t\t\t\t\t\t\t\t\t\n\t\t\t\t\t\t\t\t\t\t\t\t\t\t\t\t\t\t\t\t\t\t\t\t\t\t\t\t\t\t\t\t\t\t\t\t\t<div class=\"btnDiv\"> <a class=\"more2\" data-maxlength=\"24\" aria-label=\"En savoir plus A propos Secteur public\"\n\t\t\t\t\t\t\t\t\t\t\t\t\t\t tabindex=\"0\" href=\"https:\/\/www.capgemini.com\/fr-fr\/secteurs\/secteur-public\/\"\n\t\t\t\t\t\t\t\t\t\t\t\t\t\t\ttarget=\"\">\n\t\t\t\t\t\t\t\t\t\t\t\t\t\tEn savoir plus\t\t\t\t\t\t\t\t\t\t\t\t\t<\/a> <\/div>\n\t\t\t\t\t\t\t\t\t\t\t\t\t\t\t\t\t\t\t\t\t\t\t\t\t\n\n\n\t\t\t\t\t\t\t\t\t\t\t<\/div>\n\n\t\t\t\t\t\t\t\t\t\t\t<div class=\"col-md-6 col-sm-12 text-right box-img-wrapper escaper escaper-right\">\n\t\t\t\t\t\t\t\t\t\t\t\t\n\n\t\t\t\t\t\t\t\t\t\t\t\t<picture>\n\t\t\t\t\t\t\t\t\t\t\t\t\t<source\n\t\t\t\t\t\t\t\t\t\t\t\t\t\tsrcset=\"https:\/\/www.capgemini.com\/fr-fr\/wp-content\/uploads\/sites\/6\/2021\/10\/Capgemini_Industries_Public-Sector-1-1.jpg?w=1200&amp;quality=90 1x, https:\/\/www.capgemini.com\/fr-fr\/wp-content\/uploads\/sites\/6\/2021\/10\/Capgemini_Industries_Public-Sector-1-1.jpg?w=1200&amp;quality=90 2x\"\n\t\t\t\t\t\t\t\t\t\t\t\t\t\tmedia=\"(min-width: 1500px)\" \/>\n\t\t\t\t\t\t\t\t\t\t\t\t\t<source\n\t\t\t\t\t\t\t\t\t\t\t\t\t\tsrcset=\"https:\/\/www.capgemini.com\/fr-fr\/wp-content\/uploads\/sites\/6\/2021\/10\/Capgemini_Industries_Public-Sector-1-1.jpg?w=600&amp;quality=90 1x, https:\/\/www.capgemini.com\/fr-fr\/wp-content\/uploads\/sites\/6\/2021\/10\/Capgemini_Industries_Public-Sector-1-1.jpg?w=1200&amp;quality=90 2x\"\n\t\t\t\t\t\t\t\t\t\t\t\t\t\tmedia=\"(min-width: 992px)\" \/>\n\t\t\t\t\t\t\t\t\t\t\t\t\t<source\n\t\t\t\t\t\t\t\t\t\t\t\t\t\tsrcset=\"https:\/\/www.capgemini.com\/fr-fr\/wp-content\/uploads\/sites\/6\/2021\/10\/Capgemini_Industries_Public-Sector-1-1.jpg?w=400&amp;quality=90 1x, https:\/\/www.capgemini.com\/fr-fr\/wp-content\/uploads\/sites\/6\/2021\/10\/Capgemini_Industries_Public-Sector-1-1.jpg?w=800&amp;quality=90 2x\"\n\t\t\t\t\t\t\t\t\t\t\t\t\t\tmedia=\"(min-width: 768px)\" \/>\n\t\t\t\t\t\t\t\t\t\t\t\t\t<source\n\t\t\t\t\t\t\t\t\t\t\t\t\t\tsrcset=\"https:\/\/www.capgemini.com\/fr-fr\/wp-content\/uploads\/sites\/6\/2021\/10\/Capgemini_Industries_Public-Sector-1-1.jpg?w=400&amp;quality=90 1x, https:\/\/www.capgemini.com\/fr-fr\/wp-content\/uploads\/sites\/6\/2021\/10\/Capgemini_Industries_Public-Sector-1-1.jpg?w=800&amp;quality=90 2x\"\n\t\t\t\t\t\t\t\t\t\t\t\t\t\tmedia=\"(min-width: 0)\" \/>\n\n\n\t\t\t\t\t\t\t\t\t\t\t\t\t<img loading=\"lazy\" class=\"box-img\"\n\t\t\t\t\t\t\t\t\t\t\t\t\t\tsrc=\"https:\/\/www.capgemini.com\/fr-fr\/wp-content\/uploads\/sites\/6\/2021\/10\/Capgemini_Industries_Public-Sector-1-1.jpg\"\n\t\t\t\t\t\t\t\t\t\t\t\t\t\tstyle=\"\n\t\t\t\t\t\t\t\t\t\t\t\t\t\tobject-position: 50% 50%; object-fit: cover;\t\t\t\t\t\t\t\t\t\t\t\t\t\t\t\t\t\" alt=\"\" \/>\n\n\t\t\t\t\t\t\t\t\t\t\t\t<\/picture>\n\t\t\t\t\t\t\t\t\t\t\t\t<!-- <img decoding=\"async\" class=\"box-img\" src=\"\n\t\t\t\t\t\t\t\t\t\t\t\t\t\t\t\t\t\t\t\t\t\t\t\t\t\t\t\"\n\t\t\t\t\t\t\t\t\t\t\tstyle=\"\n\t\t\t\t\t\t\t\t\t\t\t\t\t\t\t\t\t\t\t\t\t\t\t\t\t\" alt=\"\"\n\t\t\t\t\t\t\t\t\t\t\/> -->\n\t\t\t\t\t\t\t\t\t\t\t<\/div>\n\t\t\t\t\t\t\t\t\t\t<\/div>\n\t\t\t\t\t\t\t\t\t<\/div>\n\t\t\t\t\t\t\t\t<\/div>\n\t\t\t\t\t\t\t\t<div class=\"\">\n\t\t\t\t\t\t\t\t<\/div>\n\t\t\t\t\t\t\t\t<div class=\"slide-reveal\"><\/div>\n\t\t\t\t\t\t\t<\/div>\n\t\t\t\t\t\t<\/div>\n\t\t\t\t\t\n\t\t\t\t<\/div>\n\n\t\t\t\t\n\t\t\t<\/div>\n\n\t\t<\/section>\n\n\t\t","protected":false},"excerpt":{"rendered":"<p>La technologie red\u00e9finit la vie urbaine. L\u2019urbanisation rapide de ce si\u00e8cle a transform\u00e9 les villes en centres bouillonnants de croissance et d\u2019innovation.<\/p>\n","protected":false},"author":264,"featured_media":786238,"comment_status":"closed","ping_status":"closed","sticky":false,"template":"","format":"standard","meta":{"cg_dt_proposed_to":[21,46,41],"cg_seo_hreflang_relations":"[]","cg_seo_canonical_relation":"","cg_seo_hreflang_x_default_relation":"","cg_dt_approved_content":true,"cg_dt_mandatory_content":false,"cg_dt_notes":"","cg_dg_source_changed":false,"cg_dt_link_disabled":true,"_yoast_wpseo_primary_brand":"","_jetpack_memberships_contains_paid_content":false,"footnotes":"","featured_focal_points":""},"categories":[138],"tags":[228],"brand":[],"service":[29],"industry":[131],"partners":[],"blog-topic":[658],"content-group":[],"class_list":["post-786237","post","type-post","status-publish","format-standard","has-post-thumbnail","hentry","category-transformation","tag-secteur-public","service-business-innovation-transformation","industry-secteur-public","blog-topic-trends"],"yoast_head":"<!-- This site is optimized with the Yoast SEO Premium plugin v22.8 (Yoast SEO v22.8) - https:\/\/yoast.com\/wordpress\/plugins\/seo\/ -->\n<title>Villes intelligentes | transformer la vie urbaine aujourd\u2019hui<\/title>\n<meta name=\"description\" content=\"La technologie red\u00e9finit la vie urbaine. L\u2019urbanisation rapide de ce si\u00e8cle a transform\u00e9 les villes en centres bouillonnants de croissance et d\u2019innovation.\" \/>\n<meta name=\"robots\" content=\"index, follow, max-snippet:-1, max-image-preview:large, max-video-preview:-1\" \/>\n<link rel=\"canonical\" href=\"https:\/\/www.capgemini.com\/fr-fr\/perspectives\/blog\/tendances-villes-intelligentes-2025\/\" \/>\n<meta property=\"og:locale\" content=\"fr_FR\" \/>\n<meta property=\"og:type\" content=\"article\" \/>\n<meta property=\"og:title\" content=\"\u00a0Tendances 2025 pour les villes intelligentes\" \/>\n<meta property=\"og:description\" content=\"La technologie red\u00e9finit la vie urbaine. L\u2019urbanisation rapide de ce si\u00e8cle a transform\u00e9 les villes en centres bouillonnants de croissance et d\u2019innovation.\" \/>\n<meta property=\"og:url\" content=\"https:\/\/www.capgemini.com\/fr-fr\/perspectives\/blog\/tendances-villes-intelligentes-2025\/\" \/>\n<meta property=\"og:site_name\" content=\"Capgemini France\" \/>\n<meta property=\"article:published_time\" content=\"2025-06-17T14:22:29+00:00\" \/>\n<meta property=\"article:modified_time\" content=\"2026-01-06T13:24:08+00:00\" \/>\n<meta property=\"og:image\" content=\"https:\/\/www.capgemini.com\/fr-fr\/wp-content\/uploads\/sites\/6\/2025\/10\/image-1.jpg\" \/>\n\t<meta property=\"og:image:width\" content=\"1200\" \/>\n\t<meta property=\"og:image:height\" content=\"627\" \/>\n\t<meta property=\"og:image:type\" content=\"image\/jpeg\" \/>\n<meta name=\"author\" content=\"Fran\u00e7ois Devif\" \/>\n<meta name=\"twitter:card\" content=\"summary_large_image\" \/>\n<meta name=\"twitter:label1\" content=\"Written by\" \/>\n\t<meta name=\"twitter:data1\" content=\"rashmiadarshshetty\" \/>\n\t<meta name=\"twitter:label2\" content=\"Est. reading time\" \/>\n\t<meta name=\"twitter:data2\" content=\"12 minutes\" \/>\n<script type=\"application\/ld+json\" class=\"yoast-schema-graph\">{\"@context\":\"https:\/\/schema.org\",\"@graph\":[{\"@type\":\"Article\",\"@id\":\"https:\/\/www.capgemini.com\/fr-fr\/perspectives\/blog\/tendances-villes-intelligentes-2025\/#article\",\"isPartOf\":{\"@id\":\"https:\/\/www.capgemini.com\/fr-fr\/perspectives\/blog\/tendances-villes-intelligentes-2025\/\"},\"author\":{\"name\":\"rashmiadarshshetty\",\"@id\":\"https:\/\/www.capgemini.com\/fr-fr\/#\/schema\/person\/042f09e0cfa2a52587f0a9970014bb51\"},\"headline\":\"\u00a0Tendances 2025 pour les villes intelligentes\",\"datePublished\":\"2025-06-17T14:22:29+00:00\",\"dateModified\":\"2026-01-06T13:24:08+00:00\",\"mainEntityOfPage\":{\"@id\":\"https:\/\/www.capgemini.com\/fr-fr\/perspectives\/blog\/tendances-villes-intelligentes-2025\/\"},\"wordCount\":2410,\"publisher\":{\"@id\":\"https:\/\/www.capgemini.com\/fr-fr\/#organization\"},\"image\":{\"@id\":\"https:\/\/www.capgemini.com\/fr-fr\/perspectives\/blog\/tendances-villes-intelligentes-2025\/#primaryimage\"},\"thumbnailUrl\":\"https:\/\/www.capgemini.com\/fr-fr\/wp-content\/uploads\/sites\/6\/2025\/06\/PS_Smart-cities-blog_dotcom_2880x1800px_20250411.jpg\",\"keywords\":[\"Secteur public\"],\"articleSection\":[\"Transformation\"],\"inLanguage\":\"fr-FR\"},{\"@type\":\"WebPage\",\"@id\":\"https:\/\/www.capgemini.com\/fr-fr\/perspectives\/blog\/tendances-villes-intelligentes-2025\/\",\"url\":\"https:\/\/www.capgemini.com\/fr-fr\/perspectives\/blog\/tendances-villes-intelligentes-2025\/\",\"name\":\"Villes intelligentes | transformer la vie urbaine aujourd\u2019hui\",\"isPartOf\":{\"@id\":\"https:\/\/www.capgemini.com\/fr-fr\/#website\"},\"primaryImageOfPage\":{\"@id\":\"https:\/\/www.capgemini.com\/fr-fr\/perspectives\/blog\/tendances-villes-intelligentes-2025\/#primaryimage\"},\"image\":{\"@id\":\"https:\/\/www.capgemini.com\/fr-fr\/perspectives\/blog\/tendances-villes-intelligentes-2025\/#primaryimage\"},\"thumbnailUrl\":\"https:\/\/www.capgemini.com\/fr-fr\/wp-content\/uploads\/sites\/6\/2025\/06\/PS_Smart-cities-blog_dotcom_2880x1800px_20250411.jpg\",\"datePublished\":\"2025-06-17T14:22:29+00:00\",\"dateModified\":\"2026-01-06T13:24:08+00:00\",\"description\":\"La technologie red\u00e9finit la vie urbaine. L\u2019urbanisation rapide de ce si\u00e8cle a transform\u00e9 les villes en centres bouillonnants de croissance et d\u2019innovation.\",\"inLanguage\":\"fr-FR\",\"potentialAction\":[{\"@type\":\"ReadAction\",\"target\":[\"https:\/\/www.capgemini.com\/fr-fr\/perspectives\/blog\/tendances-villes-intelligentes-2025\/\"]}]},{\"@type\":\"ImageObject\",\"inLanguage\":\"fr-FR\",\"@id\":\"https:\/\/www.capgemini.com\/fr-fr\/perspectives\/blog\/tendances-villes-intelligentes-2025\/#primaryimage\",\"url\":\"https:\/\/www.capgemini.com\/fr-fr\/wp-content\/uploads\/sites\/6\/2025\/06\/PS_Smart-cities-blog_dotcom_2880x1800px_20250411.jpg\",\"contentUrl\":\"https:\/\/www.capgemini.com\/fr-fr\/wp-content\/uploads\/sites\/6\/2025\/06\/PS_Smart-cities-blog_dotcom_2880x1800px_20250411.jpg\",\"width\":2880,\"height\":1800},{\"@type\":\"WebSite\",\"@id\":\"https:\/\/www.capgemini.com\/fr-fr\/#website\",\"url\":\"https:\/\/www.capgemini.com\/fr-fr\/\",\"name\":\"Capgemini France\",\"description\":\"Just another www.capgemini.com site\",\"publisher\":{\"@id\":\"https:\/\/www.capgemini.com\/fr-fr\/#organization\"},\"potentialAction\":[{\"@type\":\"SearchAction\",\"target\":{\"@type\":\"EntryPoint\",\"urlTemplate\":\"https:\/\/www.capgemini.com\/fr-fr\/?s={search_term_string}\"},\"query-input\":\"required name=search_term_string\"}],\"inLanguage\":\"fr-FR\"},{\"@type\":\"Organization\",\"@id\":\"https:\/\/www.capgemini.com\/fr-fr\/#organization\",\"name\":\"Capgemini France\",\"url\":\"https:\/\/www.capgemini.com\/fr-fr\/\",\"logo\":{\"@type\":\"ImageObject\",\"inLanguage\":\"fr-FR\",\"@id\":\"https:\/\/www.capgemini.com\/fr-fr\/#\/schema\/logo\/image\/\",\"url\":\"https:\/\/www.capgemini.com\/fr-fr\/wp-content\/uploads\/sites\/6\/2022\/08\/Logo-Capgemini.png\",\"contentUrl\":\"https:\/\/www.capgemini.com\/fr-fr\/wp-content\/uploads\/sites\/6\/2022\/08\/Logo-Capgemini.png\",\"width\":202,\"height\":60,\"caption\":\"Capgemini France\"},\"image\":{\"@id\":\"https:\/\/www.capgemini.com\/fr-fr\/#\/schema\/logo\/image\/\"}},{\"@type\":\"Person\",\"@id\":\"https:\/\/www.capgemini.com\/fr-fr\/#\/schema\/person\/042f09e0cfa2a52587f0a9970014bb51\",\"name\":\"rashmiadarshshetty\",\"url\":\"https:\/\/www.capgemini.com\/fr-fr\/author\/rashmiadarshshetty\/\"}]}<\/script>\n<!-- \/ Yoast SEO Premium plugin. -->","yoast_head_json":{"title":"Villes intelligentes | transformer la vie urbaine aujourd\u2019hui","description":"La technologie red\u00e9finit la vie urbaine. L\u2019urbanisation rapide de ce si\u00e8cle a transform\u00e9 les villes en centres bouillonnants de croissance et d\u2019innovation.","robots":{"index":"index","follow":"follow","max-snippet":"max-snippet:-1","max-image-preview":"max-image-preview:large","max-video-preview":"max-video-preview:-1"},"canonical":"https:\/\/www.capgemini.com\/fr-fr\/perspectives\/blog\/tendances-villes-intelligentes-2025\/","og_locale":"fr_FR","og_type":"article","og_title":"\u00a0Tendances 2025 pour les villes intelligentes","og_description":"La technologie red\u00e9finit la vie urbaine. L\u2019urbanisation rapide de ce si\u00e8cle a transform\u00e9 les villes en centres bouillonnants de croissance et d\u2019innovation.","og_url":"https:\/\/www.capgemini.com\/fr-fr\/perspectives\/blog\/tendances-villes-intelligentes-2025\/","og_site_name":"Capgemini France","article_published_time":"2025-06-17T14:22:29+00:00","article_modified_time":"2026-01-06T13:24:08+00:00","og_image":[{"width":1200,"height":627,"url":"https:\/\/www.capgemini.com\/fr-fr\/wp-content\/uploads\/sites\/6\/2025\/10\/image-1.jpg","type":"image\/jpeg"}],"author":"Fran\u00e7ois Devif","twitter_card":"summary_large_image","twitter_misc":{"Written by":"rashmiadarshshetty","Est. reading time":"12 minutes"},"schema":{"@context":"https:\/\/schema.org","@graph":[{"@type":"Article","@id":"https:\/\/www.capgemini.com\/fr-fr\/perspectives\/blog\/tendances-villes-intelligentes-2025\/#article","isPartOf":{"@id":"https:\/\/www.capgemini.com\/fr-fr\/perspectives\/blog\/tendances-villes-intelligentes-2025\/"},"author":{"name":"rashmiadarshshetty","@id":"https:\/\/www.capgemini.com\/fr-fr\/#\/schema\/person\/042f09e0cfa2a52587f0a9970014bb51"},"headline":"\u00a0Tendances 2025 pour les villes intelligentes","datePublished":"2025-06-17T14:22:29+00:00","dateModified":"2026-01-06T13:24:08+00:00","mainEntityOfPage":{"@id":"https:\/\/www.capgemini.com\/fr-fr\/perspectives\/blog\/tendances-villes-intelligentes-2025\/"},"wordCount":2410,"publisher":{"@id":"https:\/\/www.capgemini.com\/fr-fr\/#organization"},"image":{"@id":"https:\/\/www.capgemini.com\/fr-fr\/perspectives\/blog\/tendances-villes-intelligentes-2025\/#primaryimage"},"thumbnailUrl":"https:\/\/www.capgemini.com\/fr-fr\/wp-content\/uploads\/sites\/6\/2025\/06\/PS_Smart-cities-blog_dotcom_2880x1800px_20250411.jpg","keywords":["Secteur public"],"articleSection":["Transformation"],"inLanguage":"fr-FR"},{"@type":"WebPage","@id":"https:\/\/www.capgemini.com\/fr-fr\/perspectives\/blog\/tendances-villes-intelligentes-2025\/","url":"https:\/\/www.capgemini.com\/fr-fr\/perspectives\/blog\/tendances-villes-intelligentes-2025\/","name":"Villes intelligentes | transformer la vie urbaine aujourd\u2019hui","isPartOf":{"@id":"https:\/\/www.capgemini.com\/fr-fr\/#website"},"primaryImageOfPage":{"@id":"https:\/\/www.capgemini.com\/fr-fr\/perspectives\/blog\/tendances-villes-intelligentes-2025\/#primaryimage"},"image":{"@id":"https:\/\/www.capgemini.com\/fr-fr\/perspectives\/blog\/tendances-villes-intelligentes-2025\/#primaryimage"},"thumbnailUrl":"https:\/\/www.capgemini.com\/fr-fr\/wp-content\/uploads\/sites\/6\/2025\/06\/PS_Smart-cities-blog_dotcom_2880x1800px_20250411.jpg","datePublished":"2025-06-17T14:22:29+00:00","dateModified":"2026-01-06T13:24:08+00:00","description":"La technologie red\u00e9finit la vie urbaine. L\u2019urbanisation rapide de ce si\u00e8cle a transform\u00e9 les villes en centres bouillonnants de croissance et d\u2019innovation.","inLanguage":"fr-FR","potentialAction":[{"@type":"ReadAction","target":["https:\/\/www.capgemini.com\/fr-fr\/perspectives\/blog\/tendances-villes-intelligentes-2025\/"]}]},{"@type":"ImageObject","inLanguage":"fr-FR","@id":"https:\/\/www.capgemini.com\/fr-fr\/perspectives\/blog\/tendances-villes-intelligentes-2025\/#primaryimage","url":"https:\/\/www.capgemini.com\/fr-fr\/wp-content\/uploads\/sites\/6\/2025\/06\/PS_Smart-cities-blog_dotcom_2880x1800px_20250411.jpg","contentUrl":"https:\/\/www.capgemini.com\/fr-fr\/wp-content\/uploads\/sites\/6\/2025\/06\/PS_Smart-cities-blog_dotcom_2880x1800px_20250411.jpg","width":2880,"height":1800},{"@type":"WebSite","@id":"https:\/\/www.capgemini.com\/fr-fr\/#website","url":"https:\/\/www.capgemini.com\/fr-fr\/","name":"Capgemini France","description":"Just another www.capgemini.com site","publisher":{"@id":"https:\/\/www.capgemini.com\/fr-fr\/#organization"},"potentialAction":[{"@type":"SearchAction","target":{"@type":"EntryPoint","urlTemplate":"https:\/\/www.capgemini.com\/fr-fr\/?s={search_term_string}"},"query-input":"required name=search_term_string"}],"inLanguage":"fr-FR"},{"@type":"Organization","@id":"https:\/\/www.capgemini.com\/fr-fr\/#organization","name":"Capgemini France","url":"https:\/\/www.capgemini.com\/fr-fr\/","logo":{"@type":"ImageObject","inLanguage":"fr-FR","@id":"https:\/\/www.capgemini.com\/fr-fr\/#\/schema\/logo\/image\/","url":"https:\/\/www.capgemini.com\/fr-fr\/wp-content\/uploads\/sites\/6\/2022\/08\/Logo-Capgemini.png","contentUrl":"https:\/\/www.capgemini.com\/fr-fr\/wp-content\/uploads\/sites\/6\/2022\/08\/Logo-Capgemini.png","width":202,"height":60,"caption":"Capgemini France"},"image":{"@id":"https:\/\/www.capgemini.com\/fr-fr\/#\/schema\/logo\/image\/"}},{"@type":"Person","@id":"https:\/\/www.capgemini.com\/fr-fr\/#\/schema\/person\/042f09e0cfa2a52587f0a9970014bb51","name":"rashmiadarshshetty","url":"https:\/\/www.capgemini.com\/fr-fr\/author\/rashmiadarshshetty\/"}]}},"blog_topic_info":[{"id":658,"name":"Trends"}],"taxonomy_info":{"category":[{"id":138,"name":"Transformation","slug":"transformation"}],"post_tag":[{"id":228,"name":"Secteur public","slug":"secteur-public"}],"service":[{"id":29,"name":"Transformation &amp; Innovation","slug":"business-innovation-transformation"}],"industry":[{"id":131,"name":"Secteur Public","slug":"secteur-public"}],"blog-topic":[{"id":658,"name":"Trends","slug":"trends"}]},"parsely":{"version":"1.1.0","canonical_url":"https:\/\/capgemini.com\/fr-fr\/perspectives\/blog\/tendances-villes-intelligentes-2025\/","smart_links":{"inbound":0,"outbound":0},"traffic_boost_suggestions_count":0,"meta":{"@context":"https:\/\/schema.org","@type":"NewsArticle","headline":"\u00a0Tendances 2025 pour les villes intelligentes","url":"https:\/\/www.capgemini.com\/fr-fr\/perspectives\/blog\/tendances-villes-intelligentes-2025\/","mainEntityOfPage":{"@type":"WebPage","@id":"https:\/\/www.capgemini.com\/fr-fr\/perspectives\/blog\/tendances-villes-intelligentes-2025\/"},"thumbnailUrl":"https:\/\/www.capgemini.com\/fr-fr\/wp-content\/uploads\/sites\/6\/2025\/06\/PS_Smart-cities-blog_dotcom_2880x1800px_20250411.jpg?w=150&h=150&crop=1","image":{"@type":"ImageObject","url":"https:\/\/www.capgemini.com\/fr-fr\/wp-content\/uploads\/sites\/6\/2025\/06\/PS_Smart-cities-blog_dotcom_2880x1800px_20250411.jpg"},"articleSection":"Transformation","author":[],"creator":[],"publisher":{"@type":"Organization","name":"Capgemini France","logo":""},"keywords":["secteur public"],"dateCreated":"2025-06-17T14:22:29Z","datePublished":"2025-06-17T14:22:29Z","dateModified":"2026-01-06T13:24:08Z"},"rendered":"<meta name=\"parsely-title\" content=\"\u00a0Tendances 2025 pour les villes intelligentes\" \/>\n<meta name=\"parsely-link\" content=\"https:\/\/www.capgemini.com\/fr-fr\/perspectives\/blog\/tendances-villes-intelligentes-2025\/\" \/>\n<meta name=\"parsely-type\" content=\"post\" \/>\n<meta name=\"parsely-image-url\" content=\"https:\/\/www.capgemini.com\/fr-fr\/wp-content\/uploads\/sites\/6\/2025\/06\/PS_Smart-cities-blog_dotcom_2880x1800px_20250411.jpg?w=150&amp;h=150&amp;crop=1\" \/>\n<meta name=\"parsely-pub-date\" content=\"2025-06-17T14:22:29Z\" \/>\n<meta name=\"parsely-section\" content=\"Transformation\" \/>\n<meta name=\"parsely-tags\" content=\"secteur public\" \/>","tracker_url":"https:\/\/cdn.parsely.com\/keys\/capgemini.com\/p.js"},"jetpack_featured_media_url":"https:\/\/www.capgemini.com\/fr-fr\/wp-content\/uploads\/sites\/6\/2025\/06\/PS_Smart-cities-blog_dotcom_2880x1800px_20250411.jpg","archive_status":false,"featured_image_src":"https:\/\/www.capgemini.com\/fr-fr\/wp-content\/uploads\/sites\/6\/2025\/06\/PS_Smart-cities-blog_dotcom_2880x1800px_20250411.jpg","featured_image_alt":"","jetpack-related-posts":[{"id":775415,"url":"https:\/\/www.capgemini.com\/fr-fr\/perspectives\/blog\/les-tendances-du-social-en-2025\/","url_meta":{"origin":786237,"position":0},"title":"Les tendances du social en 2025","author":"rashmiadarshshetty","date":"March 19, 2025","format":false,"excerpt":"D\u00e9couvrez comment la num\u00e9risation et l'IA transforment les services sociaux en 2025. Accessibilit\u00e9, innovation et automatisation : explorez les tendances cl\u00e9s pour un secteur plus efficace et inclusif.","rel":"","context":"In &quot;Technologies&quot;","block_context":{"text":"Technologies","link":"https:\/\/www.capgemini.com\/fr-fr\/category\/technologies\/"},"img":{"alt_text":"","src":"https:\/\/i0.wp.com\/www.capgemini.com\/fr-fr\/wp-content\/uploads\/sites\/6\/2025\/02\/Capgemini-Trends-in-2025-for-Welfare_Dotcom-Banner_Option-3.png?resize=350%2C200&ssl=1","width":350,"height":200,"srcset":"https:\/\/i0.wp.com\/www.capgemini.com\/fr-fr\/wp-content\/uploads\/sites\/6\/2025\/02\/Capgemini-Trends-in-2025-for-Welfare_Dotcom-Banner_Option-3.png?resize=350%2C200&ssl=1 1x, https:\/\/i0.wp.com\/www.capgemini.com\/fr-fr\/wp-content\/uploads\/sites\/6\/2025\/02\/Capgemini-Trends-in-2025-for-Welfare_Dotcom-Banner_Option-3.png?resize=525%2C300&ssl=1 1.5x, https:\/\/i0.wp.com\/www.capgemini.com\/fr-fr\/wp-content\/uploads\/sites\/6\/2025\/02\/Capgemini-Trends-in-2025-for-Welfare_Dotcom-Banner_Option-3.png?resize=700%2C400&ssl=1 2x"},"classes":[]},{"id":749066,"url":"https:\/\/www.capgemini.com\/fr-fr\/perspectives\/blog\/comment-les-nouvelles-technologies-permettent-elles-de-repondre-aux-enjeux-lies-a-la-saturation-des-services-durgence-des-etablissements-de-sante\/","url_meta":{"origin":786237,"position":1},"title":"Comment les nouvelles technologies permettent-elles de r\u00e9pondre aux enjeux li\u00e9s \u00e0 la saturation des services d&#8217;urgence des \u00e9tablissements de sant\u00e9 ?","author":"","date":"March 3, 2023","format":false,"excerpt":"En France, la saturation des urgences dans les h\u00f4pitaux publics repr\u00e9sente un probl\u00e8me majeur de sant\u00e9 public qui persiste depuis des ann\u00e9es. Le nombre de patients aux urgences en France a augment\u00e9 de 14% entre 2010 et 2019, passant de 18,8 millions \u00e0 21,5 millions de personnes (DREES, 2021).","rel":"","context":"In &quot;Innovation&quot;","block_context":{"text":"Innovation","link":"https:\/\/www.capgemini.com\/fr-fr\/category\/innovation\/"},"img":{"alt_text":"","src":"https:\/\/i0.wp.com\/www.capgemini.com\/fr-fr\/wp-content\/uploads\/sites\/6\/2024\/03\/2023-.jpeg?resize=350%2C200&ssl=1","width":350,"height":200},"classes":[]},{"id":794325,"url":"https:\/\/www.capgemini.com\/fr-fr\/perspectives\/blog\/cybersecurite-assises-de-la-cybers-2025-lheure-du-retour-aux-fondamentaux\/","url_meta":{"origin":786237,"position":2},"title":"Assises de la cybers\u00e9curit\u00e9 2025\u00a0: l\u2019heure du retour aux fondamentaux","author":"anne.gautier@capgemini.com","date":"October 20, 2025","format":false,"excerpt":"Ce que les Assises de la Cybers\u00e9curit\u00e9 2025 r\u00e9v\u00e8lent sur l\u2019avenir du secteur.","rel":"","context":"In &quot;Innovation&quot;","block_context":{"text":"Innovation","link":"https:\/\/www.capgemini.com\/fr-fr\/category\/innovation\/"},"img":{"alt_text":"","src":"","width":0,"height":0},"classes":[]},{"id":779681,"url":"https:\/\/www.capgemini.com\/fr-fr\/perspectives\/blog\/les-tendances-de-la-sante-en-2025\/","url_meta":{"origin":786237,"position":3},"title":"Les tendances de la sant\u00e9 en 2025","author":"rashmiadarshshetty","date":"March 18, 2025","format":false,"excerpt":"D\u00e9couvrez les tendances cl\u00e9s de la sant\u00e9 en 2025 avec des innovations num\u00e9riques, des soins centr\u00e9s sur le patient et une optimisation des donn\u00e9es visant \u00e0 am\u00e9liorer l\u2019accessibilit\u00e9, l\u2019efficacit\u00e9 et les r\u00e9sultats cliniques.","rel":"","context":"In &quot;Technologies&quot;","block_context":{"text":"Technologies","link":"https:\/\/www.capgemini.com\/fr-fr\/category\/technologies\/"},"img":{"alt_text":"","src":"https:\/\/i0.wp.com\/www.capgemini.com\/fr-fr\/wp-content\/uploads\/sites\/6\/2025\/03\/Capgemini-Trends-in-2025-for-Healthcare_Dotcom-Banner_Option-2.png?resize=350%2C200&ssl=1","width":350,"height":200,"srcset":"https:\/\/i0.wp.com\/www.capgemini.com\/fr-fr\/wp-content\/uploads\/sites\/6\/2025\/03\/Capgemini-Trends-in-2025-for-Healthcare_Dotcom-Banner_Option-2.png?resize=350%2C200&ssl=1 1x, https:\/\/i0.wp.com\/www.capgemini.com\/fr-fr\/wp-content\/uploads\/sites\/6\/2025\/03\/Capgemini-Trends-in-2025-for-Healthcare_Dotcom-Banner_Option-2.png?resize=525%2C300&ssl=1 1.5x, https:\/\/i0.wp.com\/www.capgemini.com\/fr-fr\/wp-content\/uploads\/sites\/6\/2025\/03\/Capgemini-Trends-in-2025-for-Healthcare_Dotcom-Banner_Option-2.png?resize=700%2C400&ssl=1 2x"},"classes":[]},{"id":791888,"url":"https:\/\/www.capgemini.com\/fr-fr\/perspectives\/blog\/pour-la-medtech-lavenir-sera-technologique-et-collectif\/","url_meta":{"origin":786237,"position":4},"title":"Pour la Medtech, l\u2019avenir sera technologique et collectif","author":"lucilletavera","date":"October 2, 2025","format":false,"excerpt":"L\u2019industrie des dispositifs m\u00e9dicaux (Medtech) est un secteur foisonnant, \u00e0 la fois fragment\u00e9 et riche d\u2019une grande diversit\u00e9. Y cohabitent quelques acteurs de dimension mondiale et fortement industrialis\u00e9s, une myriade de fabricants tr\u00e8s sp\u00e9cialis\u00e9s et de nombreuses startups innovantes.","rel":"","context":"In &quot;Technologies&quot;","block_context":{"text":"Technologies","link":"https:\/\/www.capgemini.com\/fr-fr\/category\/technologies\/"},"img":{"alt_text":"","src":"https:\/\/i0.wp.com\/www.capgemini.com\/fr-fr\/wp-content\/uploads\/sites\/6\/2025\/09\/Banner_blog_medtech.jpeg?resize=350%2C200&ssl=1","width":350,"height":200,"srcset":"https:\/\/i0.wp.com\/www.capgemini.com\/fr-fr\/wp-content\/uploads\/sites\/6\/2025\/09\/Banner_blog_medtech.jpeg?resize=350%2C200&ssl=1 1x, https:\/\/i0.wp.com\/www.capgemini.com\/fr-fr\/wp-content\/uploads\/sites\/6\/2025\/09\/Banner_blog_medtech.jpeg?resize=525%2C300&ssl=1 1.5x, https:\/\/i0.wp.com\/www.capgemini.com\/fr-fr\/wp-content\/uploads\/sites\/6\/2025\/09\/Banner_blog_medtech.jpeg?resize=700%2C400&ssl=1 2x"},"classes":[]},{"id":784960,"url":"https:\/\/www.capgemini.com\/fr-fr\/perspectives\/blog\/invisibiliser-la-banque-de-detail-avec-le-cloud-et-lapisation\/","url_meta":{"origin":786237,"position":5},"title":"Invisibiliser la banque de d\u00e9tail avec le Cloud et l\u2019APIsation","author":"audreykone","date":"May 28, 2025","format":false,"excerpt":"L\u2019Invisible Banking, en s\u2019appuyant sur le Cloud et l\u2019APIsation, offre aux banques de d\u00e9tail le pouvoir de satisfaire les attentes des clients en offrant des services fluides, personnalis\u00e9s et int\u00e9gr\u00e9s, transformant l'exp\u00e9rience bancaire en une interaction sans friction.","rel":"","context":"In &quot;Transformation&quot;","block_context":{"text":"Transformation","link":"https:\/\/www.capgemini.com\/fr-fr\/category\/transformation\/"},"img":{"alt_text":"","src":"https:\/\/i0.wp.com\/www.capgemini.com\/fr-fr\/wp-content\/uploads\/sites\/6\/2025\/05\/GettyImages-2148852052.jpeg?resize=350%2C200&ssl=1","width":350,"height":200,"srcset":"https:\/\/i0.wp.com\/www.capgemini.com\/fr-fr\/wp-content\/uploads\/sites\/6\/2025\/05\/GettyImages-2148852052.jpeg?resize=350%2C200&ssl=1 1x, https:\/\/i0.wp.com\/www.capgemini.com\/fr-fr\/wp-content\/uploads\/sites\/6\/2025\/05\/GettyImages-2148852052.jpeg?resize=525%2C300&ssl=1 1.5x, https:\/\/i0.wp.com\/www.capgemini.com\/fr-fr\/wp-content\/uploads\/sites\/6\/2025\/05\/GettyImages-2148852052.jpeg?resize=700%2C400&ssl=1 2x"},"classes":[]}],"jetpack_sharing_enabled":true,"distributor_meta":false,"distributor_terms":false,"distributor_media":false,"distributor_original_site_name":"Capgemini France","distributor_original_site_url":"https:\/\/www.capgemini.com\/fr-fr","push-errors":false,"featured_image_url":"https:\/\/www.capgemini.com\/fr-fr\/wp-content\/uploads\/sites\/6\/2025\/06\/PS_Smart-cities-blog_dotcom_2880x1800px_20250411.jpg","_links":{"self":[{"href":"https:\/\/www.capgemini.com\/fr-fr\/wp-json\/wp\/v2\/posts\/786237","targetHints":{"allow":["GET"]}}],"collection":[{"href":"https:\/\/www.capgemini.com\/fr-fr\/wp-json\/wp\/v2\/posts"}],"about":[{"href":"https:\/\/www.capgemini.com\/fr-fr\/wp-json\/wp\/v2\/types\/post"}],"author":[{"embeddable":true,"href":"https:\/\/www.capgemini.com\/fr-fr\/wp-json\/wp\/v2\/users\/264"}],"replies":[{"embeddable":true,"href":"https:\/\/www.capgemini.com\/fr-fr\/wp-json\/wp\/v2\/comments?post=786237"}],"version-history":[{"count":6,"href":"https:\/\/www.capgemini.com\/fr-fr\/wp-json\/wp\/v2\/posts\/786237\/revisions"}],"predecessor-version":[{"id":799808,"href":"https:\/\/www.capgemini.com\/fr-fr\/wp-json\/wp\/v2\/posts\/786237\/revisions\/799808"}],"wp:featuredmedia":[{"embeddable":true,"href":"https:\/\/www.capgemini.com\/fr-fr\/wp-json\/wp\/v2\/media\/786238"}],"wp:attachment":[{"href":"https:\/\/www.capgemini.com\/fr-fr\/wp-json\/wp\/v2\/media?parent=786237"}],"wp:term":[{"taxonomy":"category","embeddable":true,"href":"https:\/\/www.capgemini.com\/fr-fr\/wp-json\/wp\/v2\/categories?post=786237"},{"taxonomy":"post_tag","embeddable":true,"href":"https:\/\/www.capgemini.com\/fr-fr\/wp-json\/wp\/v2\/tags?post=786237"},{"taxonomy":"brand","embeddable":true,"href":"https:\/\/www.capgemini.com\/fr-fr\/wp-json\/wp\/v2\/brand?post=786237"},{"taxonomy":"service","embeddable":true,"href":"https:\/\/www.capgemini.com\/fr-fr\/wp-json\/wp\/v2\/service?post=786237"},{"taxonomy":"industry","embeddable":true,"href":"https:\/\/www.capgemini.com\/fr-fr\/wp-json\/wp\/v2\/industry?post=786237"},{"taxonomy":"partners","embeddable":true,"href":"https:\/\/www.capgemini.com\/fr-fr\/wp-json\/wp\/v2\/partners?post=786237"},{"taxonomy":"blog-topic","embeddable":true,"href":"https:\/\/www.capgemini.com\/fr-fr\/wp-json\/wp\/v2\/blog-topic?post=786237"},{"taxonomy":"content-group","embeddable":true,"href":"https:\/\/www.capgemini.com\/fr-fr\/wp-json\/wp\/v2\/content-group?post=786237"}],"curies":[{"name":"wp","href":"https:\/\/api.w.org\/{rel}","templated":true}]}}