{"id":783590,"date":"2025-05-21T10:15:04","date_gmt":"2025-05-21T08:15:04","guid":{"rendered":"https:\/\/www.capgemini.com\/fr-fr\/?p=783590"},"modified":"2025-12-09T09:12:35","modified_gmt":"2025-12-09T08:12:35","slug":"la-gestion-des-infrastructures-it-une-porte-dentree-pour-la-gen-ai-dans-les-dsi","status":"publish","type":"post","link":"https:\/\/www.capgemini.com\/fr-fr\/perspectives\/blog\/cloud-gestion-des-infras-it-porte-dentree-pour-la-genai-dans-les-dsi\/","title":{"rendered":"La gestion des infrastructures IT, une porte d\u2019entr\u00e9e pour la Gen AI dans les DSI"},"content":{"rendered":"\n<header class=\"wp-block-cg-blocks-hero-blogs header-hero-blogs\"><div class=\"container\"><div class=\"hero-blogs\"><div class=\"hero-blogs-content-wrapper\"><div class=\"row\"><div class=\"col-12\"><div class=\"header-title\"><h1>La gestion des infrastructures IT, une porte d\u2019entr\u00e9e pour la Gen AI dans les DSI<\/h1><\/div><\/div><\/div><\/div><div class=\"hero-blogs-bottom\"><div class=\"header-author\"><div class=\"author-img\"><img decoding=\"async\" src=\"https:\/\/www.capgemini.com\/fr-fr\/wp-content\/uploads\/sites\/6\/2025\/05\/Lucas-Lassus.jpg?w=200&amp;quality=10\" alt=\"\" loading=\"lazy\"\/><\/div><div class=\"author-name-date\"><h5 class=\"author-name\">Lucas Lassus<\/h5><h5 class=\"blog-date\">21 mai 2025<\/h5><\/div><\/div><div class=\"brand-image\"><\/div><\/div><\/div><\/div><\/header>\n\n\n\n<section class=\"wp-block-cg-blocks-intro-para undefined section section--intro\"><div class=\"intro-para\"><div class=\"container\"><div class=\"row\"><div class=\"col-12 col-md-1\"><nav class=\"article-social\"><ul class=\"social-nav\"><li class=\"ip-order-fb\"><a href=\"https:\/\/www.facebook.com\/sharer\/sharer.php?u=https:\/\/www.capgemini.com\/fr-fr\/perspectives\/blog\/cloud-gestion-des-infras-it-porte-dentree-pour-la-genai-dans-les-dsi\/\" target=\"_blank\" rel=\"noopener noreferrer\" title=\"Ouvrir dans une nouvelle fen\u00eatre\"><i aria-hidden=\"true\" class=\"icon-fb\"><\/i><span class=\"sr-only\">Facebook<\/span><\/a><\/li><li class=\"ip-order-li\"><a href=\"https:\/\/www.linkedin.com\/sharing\/share-offsite\/?url=https:\/\/www.capgemini.com\/fr-fr\/perspectives\/blog\/cloud-gestion-des-infras-it-porte-dentree-pour-la-genai-dans-les-dsi\/\" target=\"_blank\" rel=\"noopener noreferrer\" title=\"Ouvrir dans une nouvelle fen\u00eatre\"><i aria-hidden=\"true\" class=\"icon-li\"><\/i><span class=\"sr-only\">Linkedin<\/span><\/a><\/li><\/ul><\/nav><\/div><div class=\"col-12 col-md-11 col-lg-10\"><h2 class=\"intro-para-title\">Les r\u00e9flexions sur l\u2019IA g\u00e9n\u00e9rative d\u00e9bouchent aujourd\u2019hui sur une premi\u00e8re g\u00e9n\u00e9ration de solutions sp\u00e9cifiques aux besoins des DSI, propre \u00e0 inciter les organisations \u00e0 se lancer.<\/h2><\/div><\/div><\/div><\/div><\/section>\n\n\n\n<section class=\"wp-block-cg-blocks-group undefined section section--article-content\"><div class=\"article-main-content\"><div class=\"container\"><div class=\"row\"><div class=\"col-12 col-md-11 col-lg-10 offset-md-1 offset-lg-1\"><div class=\"article-text article-quote-text\">\n<h2 class=\"wp-block-heading\" id=\"h-gagner-en-maturite-par-l-experience\"><strong>Gagner en maturit\u00e9 par l\u2019exp\u00e9rience<\/strong><\/h2>\n\n\n\n<p>Pour ne pas diff\u00e9rer ce qui sera sans le moindre doute une r\u00e9volution majeure, les entreprises doivent s\u2019extraire de la confusion ambiante et se demander tout simplement, avec pragmatisme, ce que cet outil peut faire pour elles dans la mesure de ses capacit\u00e9s actuelles. Elles doivent d\u00e9buter par des exp\u00e9rimentations, certes de port\u00e9e limit\u00e9e mais qui leur permettront d\u2019acqu\u00e9rir une exp\u00e9rience concr\u00e8te, de premi\u00e8re main, de l\u2019IA g\u00e9n\u00e9rative. C\u2019est cette maturit\u00e9 qui leur permettra ensuite d\u2019\u00e9largir peu \u00e0 peu leurs r\u00e9flexions et leurs usages.<\/p>\n\n\n\n<p>Aujourd\u2019hui, la capacit\u00e9 de <a href=\"https:\/\/www.capgemini.com\/fr-fr\/perspectives\/publications\/ia-generative-organisations-2024\/\" target=\"_blank\" rel=\"noreferrer noopener\">la Gen AI<\/a> qui nous semble la plus indiqu\u00e9e pour ces premiers pas est l\u2019extraction de connaissance, s\u2019appuyant sur la technologie du RAG&nbsp;(Retrieved Augmented Generation). Associant mod\u00e8le de langage (LLM) et base vectorielle de connaissances, le RAG permet \u00e0 l\u2019utilisateur d\u2019interagir de mani\u00e8re naturelle, conversationnelle, avec une masse d\u2019informations constitu\u00e9e de toutes sortes de sources de donn\u00e9es et de documents, et d\u2019obtenir rapidement une r\u00e9ponse digeste, intelligible et format\u00e9e.<\/p>\n\n\n\n<p>D\u2019une efficacit\u00e9 et d\u2019une fiabilit\u00e9 av\u00e9r\u00e9es, le RAG est l\u2019un des domaines les plus matures de la Gen AI. En particulier, en se restreignant \u00e0 un champ de connaissances ma\u00eetris\u00e9 et d\u00e9limit\u00e9, il r\u00e9duit consid\u00e9rablement le risque d\u2019hallucinations et facilite le contr\u00f4le humain en \u00e9tant capable de fournir ses sources.<\/p>\n\n\n\n<h2 class=\"wp-block-heading\" id=\"h-des-cas-d-usages-simples-benefiques-et-instructifs-pour-l-it\">Des cas d\u2019usages simples, b\u00e9n\u00e9fiques et instructifs pour l\u2019IT<\/h2>\n\n\n\n<p>Parmi les nombreux domaines m\u00e9tiers que le RAG peut int\u00e9resser, la gestion des infrastructures IT appara\u00eet comme un excellent candidat pour une premi\u00e8re exp\u00e9rimentation. On peut identifier quatre cas d\u2019usage qui sont \u00e0 la fois relativement simples \u00e0 mettre en \u0153uvre, rapidement cr\u00e9ateurs de valeur et riches d\u2019enseignements pour les projets futurs&nbsp;:<\/p>\n\n\n\n<ul class=\"wp-block-list\">\n<li>Compl\u00e9ter, harmoniser et v\u00e9rifier la documentation des syst\u00e8mes, souvent tr\u00e8s h\u00e9t\u00e9rog\u00e8nes et de g\u00e9n\u00e9rations diff\u00e9rentes&nbsp;;<\/li>\n\n\n\n<li>Produire des documentations sp\u00e9cifiques pour certains r\u00f4les ou certaines t\u00e2ches de support et d\u2019administration&nbsp;;<\/li>\n\n\n\n<li>Faciliter la recherche documentaire pour les supports de niveau 1 et 2, et leur fournir tr\u00e8s rapidement des r\u00e9ponses \u2013 ou des \u00e9bauches de r\u00e9ponse \u2013 pr\u00e9cises et sourc\u00e9es&nbsp;;<\/li>\n\n\n\n<li>Contr\u00f4ler la conformit\u00e9 des composants avec l\u2019ensemble des politiques applicables.<\/li>\n<\/ul>\n\n\n\n<p>Ces cas d\u2019usage apportent imm\u00e9diatement des b\u00e9n\u00e9fices visibles en termes de qualit\u00e9 et de productivit\u00e9 des \u00e9quipes d\u2019infrastructure, et facilitent consid\u00e9rablement tous les projets de modernisation. Ils permettent aussi de toucher une premi\u00e8re fois du doigt les questions qui se poseront avec davantage d\u2019acuit\u00e9 sur des cas d\u2019usages plus ambitieux&nbsp;ou destin\u00e9s \u00e0 d\u2019autres types d\u2019utilisateurs, peut-\u00eatre moins r\u00e9ceptifs&nbsp;: conduite du changement, impacts sur les m\u00e9tiers, mesure fine du ROI, analyse des risques, implications strat\u00e9giques\u2026<\/p>\n\n\n\n<p>Par exemple, le RAG \u00e9liminant pratiquement la t\u00e2che de recherche documentaire pour le support de premier niveau, le contenu du travail des agents s\u2019en trouve consid\u00e9rablement modifi\u00e9. L\u2019exp\u00e9rience montre que ces gains ne se traduisent pas par des r\u00e9ductions d\u2019effectifs, mais plut\u00f4t par une red\u00e9finition des missions et un red\u00e9ploiement des ressources qu\u2019il est pr\u00e9f\u00e9rable d\u2019avoir anticip\u00e9s.<\/p>\n\n\n\n<h2 class=\"wp-block-heading\" id=\"h-la-courbe-d-apprentissage-sera-longue\">La courbe d\u2019apprentissage sera longue<\/h2>\n\n\n\n<p>Parce qu\u2019elle touche au langage, la Gen AI pr\u00e9sente un champ d\u2019application pratiquement sans limite. Cependant, pour mettre en \u0153uvre des solutions avanc\u00e9es, o\u00f9 l\u2019on verra, par exemple, des IA s\u2019alimenter les unes les autres et s\u2019int\u00e9grer \u00e0 des robots pour automatiser des processus complexes, les organisations devront imp\u00e9rativement s\u2019\u00eatre d\u00e9j\u00e0 confront\u00e9es aux enjeux techniques, pratiques, \u00e9thiques, humains, financiers\u2026 de cette technologie.<\/p>\n\n\n\n<p>Seule l\u2019exp\u00e9rimentation sur des cas d\u2019usage plus accessibles permettra de sortir des consid\u00e9rations abstraites, souvent contre-productives, pour acqu\u00e9rir, par la pratique, le savoir et le savoir-faire n\u00e9cessaires. La courbe d\u2019apprentissage de la GenAI sera longue et le RAG appliqu\u00e9 \u00e0 la gestion des infrastructures permet de s\u2019y engager d\u00e8s aujourd\u2019hui.<\/p>\n\n\n\n<p>&nbsp;Dans les perspectives, une architecture \u00e0 base d&#8217;agents est pr\u00e9vue pour outiller nos op\u00e9rations. Le principe des <a href=\"https:\/\/www.capgemini.com\/fr-fr\/solutions-ia-agentique\/\" target=\"_blank\" rel=\"noreferrer noopener\">agents IA<\/a> consiste \u00e0 cr\u00e9er des entit\u00e9s autonomes ou semi-autonomes capables de r\u00e9aliser des t\u00e2ches sp\u00e9cifiques en suivant des instructions pr\u00e9d\u00e9finies et pouvant faire appel \u00e0 des services ext\u00e9rieurs \u00e0 leur seul environnement. Ces agents peuvent \u00eatre configur\u00e9s avec des personas, des objectifs, et des outils pour accomplir diverses missions, allant de l&#8217;automatisation de processus \u00e0 l&#8217;analyse de donn\u00e9es.<\/p>\n\n\n\n<p>Ils peuvent collaborer entre eux pour ex\u00e9cuter des workflows complexes, ce qui permet de gagner en efficacit\u00e9 et en pr\u00e9cision. Par exemple, un agent pourrait \u00e0 l\u2019avenir g\u00e9n\u00e9rer un playbook d&#8217;automatisation, effectuer une analyse de cause racine, ou encore d\u00e9clencher des actions en cha\u00eene pour r\u00e9soudre des probl\u00e8mes. Cette flexibilit\u00e9 et cette capacit\u00e9 \u00e0 op\u00e9rer de mani\u00e8re autonome rendraient les agents IA particuli\u00e8rement utiles pour optimiser des op\u00e9rations plus pr\u00e9cises et am\u00e9liorer la productivit\u00e9 de syst\u00e8mes plus complexes.<\/p>\n<\/div><\/div><\/div><\/div><\/div><\/section>\n\n\n\n<section class=\"section section--expert-slider wrapper-people-slider wp-block-cg-blocks-wrapper-people-slider undefined\"><div class=\"container\"><div class=\"content-title\"><h2 data-maxlength=\"34\" class=\"people-heading-title\">Auteur<\/h2><\/div><\/div><div class=\"slider slider-boxed\"><div class=\"container\"><div class=\"slider-window\"><div class=\"slider-list\">\t\t<div class=\"slide\">\n\t\t\t<div class=\"box\">\n\t\t\t\t<div class=\"row\">\n\t\t\t\t\t<div class=\"col-md-6 col-lg-4 box-img-wrapper\">\n\t\t\t\t\t\t<img decoding=\"async\" loading=\"lazy\" src=\"https:\/\/www.capgemini.com\/fr-fr\/wp-content\/uploads\/sites\/6\/2025\/05\/Lucas-Lassus.jpg\" alt=\"Lucas Lassus\"\/>\n\t\t\t\t\t<\/div>\n\t\t\t\t\t<div class=\"col-md-6 col-lg-8 box-inner\">\n\t\t\t\t\t\t<div class=\"row title-social-media-header\">\n\t\t\t\t\t\t\t<div class=\"col-md-12 col-lg-6 mbl-social-icon\">\n\t\t\t\t\t\t\t\t<ul class=\"social-nav\">\n\t\t\t\t\t\t\t\t\t\t\t\t\t\t\t\t\t\t\t\t\t\t\t\t\t\t\t\t\t\t\t\t\t\t\t\t\t\t\t\t\t\t\t\t\t\t\t\t\t\t\t\t\t\t\t<li><a aria-label=\"Linkedin\" target=\"_blank\" title=\"Ouvrir dans une nouvelle fen\u00eatre\" href=\"https:\/\/www.linkedin.com\/in\/lucaslassus\/\"><i aria-hidden=\"true\" class=\"icon-li\"><\/i><\/a><\/li>\n\t\t\t\t\t\t\t\t\t\t\t\t\t\t\t\t\t<\/ul>\n\t\t\t\t\t\t\t<\/div>\n\t\t\t\t\t\t\t<div class=\"col-md-12 col-lg-6 box-container\">\n\t\t\t\t\t\t\t\t<div class=\"box-title\">\n\t\t\t\t\t\t\t\t\t<h3 class=\"people-profile-title\">Lucas Lassus<\/h3>\n\t\t\t\t\t\t\t\t<\/div>\n\t\t\t\t\t\t\t\t\t\t\t\t\t\t\t\t\t<span>Head of GenAI, Capgemini<\/span>\n\t\t\t\t\t\t\t\t\t\t\t\t\t\t\t<\/div>\n\t\t\t\t\t\t\t<div class=\"col-md-12 col-lg-6 social-box-container dkt-social-icon\">\n\t\t\t\t\t\t\t\t<ul class=\"social-nav\">\n\t\t\t\t\t\t\t\t\t\t\t\t\t\t\t\t\t\t\t\t\t\t\t\t\t\t\t\t\t\t\t\t\t\t\t\t\t\t\t\t\t\t\t\t\t\t\t\t\t\t\t\t\t\t\t<li><a aria-label=\"Linkedin\" target=\"_blank\" title=\"Ouvrir dans une nouvelle fen\u00eatre\" href=\"https:\/\/www.linkedin.com\/in\/lucaslassus\/\"><i aria-hidden=\"true\" class=\"icon-li\"><\/i><\/a><\/li>\n\t\t\t\t\t\t\t\t\t\t\t\t\t\t\t\t\t<\/ul>\n\t\t\t\t\t\t\t<\/div>\n\t\t\t\t\t\t<\/div>\n\t\t\t\t\t\t\t\t\t\t\t\t\t<div class=\"people-info\">Apr\u00e8s des \u00e9tudes en administration d\u2019entreprise et de math\u00e9matiques appliqu\u00e9es, Lucas s\u2019est tourn\u00e9 vers le monde de la programmation et de l\u2019Intelligence Artificielle (IA). Il a \u00e9volu\u00e9 \u00e0 des postes d\u2019analyste dans le secteur bancaire, de d\u00e9veloppeur dans le secteur de l\u2019\u00e9nergie, puis de Machine Learning Engineer dans les secteurs de la formation et du retail, avant de rejoindre Capgemini en septembre 2021, et plus particuli\u00e8rement les \u00e9quipes Cloud &#038; Infrastructures, en tant que Data Scientist. Il est aujourd&#8217;hui responsable de l&#8217;offre IA G\u00e9n\u00e9rative et de l&#8217;\u00e9quipe AIOps au sein de Managed Services.<\/div>\n\t\t\t\t\t\t\t\t\t\t\t<\/div>\n\t\t\t\t<\/div>\n\t\t\t<\/div>\n\t\t\t\t\t<\/div>\n\t\t<\/div><\/div><\/div><div class=\"slider-nav\"><button class=\"slider-prev inactive\" aria-label=\"Slider-previous\" tabindex=\"-1\"><\/button><ul class=\"slider-paginator\"><\/ul><button class=\"slider-next\" aria-label=\"Slider-next\"><\/button><\/div><\/div><\/section>\n\n\n\n<section class=\"wp-block-cg-blocks-learn-more updated-new-sample-amal learnMoreBlock\"><div class=\"container\"><div class=\"content-title\"><h2 class=\"learnmore-heading\">Sujets associ\u00e9s<\/h2><\/div><div class=\"row\"><div class=\"col-md-4\"><div class=\"box\"><div class=\"box-wrapper\"><a class=\"box-title\" href=\"https:\/\/www.capgemini.com\/fr-fr\/perspectives\/blog\/cloud-obsolescence-sujet-technique-enjeu-strategique\/\" target=\"\" aria-label=\"<a href=&quot;https:\/\/www.capgemini.com\/fr-fr\/perspectives\/blog\/cloud-obsolescence-sujet-technique-enjeu-strategique\/&quot;&gt;L\u2019obsolescence\u00a0: plus qu\u2019un sujet technique, un enjeu strat\u00e9gique<\/a&gt;\" rel=\"noopener noreferrer\"><div class=\"box-img-wrapper\"><img decoding=\"async\" src=\"https:\/\/www.capgemini.com\/fr-fr\/wp-content\/uploads\/sites\/6\/2025\/04\/GettyImages-Obsolescence.jpg?w=500&amp;quality=70\" srcset=\"https:\/\/www.capgemini.com\/fr-fr\/wp-content\/uploads\/sites\/6\/2025\/04\/GettyImages-Obsolescence.jpg?w=500&amp;quality=70 1x, https:\/\/www.capgemini.com\/fr-fr\/wp-content\/uploads\/sites\/6\/2025\/04\/GettyImages-Obsolescence.jpg?w=1000&amp;quality=70 2x\" class=\"box-img\" alt=\"\" style=\"object-fit:cover;object-position:50% 50%\" loading=\"lazy\"\/><\/div><h3 class=\"titleWithoutLink_learnMore\"><a href=\"https:\/\/www.capgemini.com\/fr-fr\/perspectives\/blog\/cloud-obsolescence-sujet-technique-enjeu-strategique\/\">L\u2019obsolescence\u00a0: plus qu\u2019un sujet technique, un enjeu strat\u00e9gique<\/a><\/h3><\/a><\/div><\/div><div class=\"box-inner\"><\/div><\/div><div class=\"col-md-4\"><div class=\"box\"><div class=\"box-wrapper\"><a class=\"box-title\" href=\"https:\/\/www.capgemini.com\/fr-fr\/perspectives\/blog\/cybersecurite-intelligence-artificielle\/\" target=\"\" aria-label=\"<a href=&quot;https:\/\/www.capgemini.com\/fr-fr\/perspectives\/blog\/cybersecurite-intelligence-artificielle\/&quot;&gt;IA g\u00e9n\u00e9rative et cybers\u00e9curit\u00e9, un classique revisit\u00e9<\/a&gt;\" rel=\"noopener noreferrer\"><div class=\"box-img-wrapper\"><img decoding=\"async\" src=\"https:\/\/www.capgemini.com\/fr-fr\/wp-content\/uploads\/sites\/6\/2024\/06\/GettyImages-1455941485.jpg?w=500&amp;quality=70\" srcset=\"https:\/\/www.capgemini.com\/fr-fr\/wp-content\/uploads\/sites\/6\/2024\/06\/GettyImages-1455941485.jpg?w=500&amp;quality=70 1x, https:\/\/www.capgemini.com\/fr-fr\/wp-content\/uploads\/sites\/6\/2024\/06\/GettyImages-1455941485.jpg?w=1000&amp;quality=70 2x\" class=\"box-img\" alt=\"\" style=\"object-fit:cover;object-position:50% 50%\" loading=\"lazy\"\/><\/div><h3 class=\"titleWithoutLink_learnMore\"><a href=\"https:\/\/www.capgemini.com\/fr-fr\/perspectives\/blog\/cybersecurite-intelligence-artificielle\/\">IA g\u00e9n\u00e9rative et cybers\u00e9curit\u00e9, un classique revisit\u00e9<\/a><\/h3><\/a><\/div><\/div><div class=\"box-inner\"><\/div><\/div><div class=\"col-md-4\"><div class=\"box\"><div class=\"box-wrapper\"><a class=\"box-title\" href=\"https:\/\/www.capgemini.com\/fr-fr\/perspectives\/blog\/ia-generative-le-temps-de-la-transformation\/\" target=\"\" aria-label=\"<a href=&quot;https:\/\/www.capgemini.com\/fr-fr\/perspectives\/blog\/ia-generative-le-temps-de-la-transformation\/&quot;&gt;IA g\u00e9n\u00e9rative\u202f: le temps de la transformation<\/a&gt;\" rel=\"noopener noreferrer\"><div class=\"box-img-wrapper\"><img decoding=\"async\" src=\"https:\/\/www.capgemini.com\/wp-content\/uploads\/2024\/01\/GEN-AI_Web-banner.webp?w=500&amp;quality=70\" srcset=\"https:\/\/www.capgemini.com\/wp-content\/uploads\/2024\/01\/GEN-AI_Web-banner.webp?w=500&amp;quality=70 1x, https:\/\/www.capgemini.com\/wp-content\/uploads\/2024\/01\/GEN-AI_Web-banner.webp?w=1000&amp;quality=70 2x\" class=\"box-img\" alt=\"\" style=\"object-fit:cover;object-position:50% 50%\" loading=\"lazy\"\/><\/div><h3 class=\"titleWithoutLink_learnMore\"><a href=\"https:\/\/www.capgemini.com\/fr-fr\/perspectives\/blog\/ia-generative-le-temps-de-la-transformation\/\">IA g\u00e9n\u00e9rative\u202f: le temps de la transformation<\/a><\/h3><\/a><\/div><\/div><div class=\"box-inner\"><\/div><\/div><\/div><\/div><\/section>\n\n\n\n\t\t<section\n\t\t\tclass=\"section section--lifeatcap-learning section--event-slider-careerInvent \">\n\n\t\t\t<div class=\"container\">\n\t\t\t\t<div class='career-invent-header'>\n\t\t\t\t\t\t\t\t\t\t\t<div class=\"row\">\n\t\t\t\t\t\t\t<div class=\"heading col-12 col-md-8\">\n\t\t\t\t\t\t\t\t<h2>Pour aller plus loin<\/h2>\n\t\t\t\t\t\t\t<\/div>\n\t\t\t\t\t\t<\/div>\n\t\t\t\t\t\t\t\t\t\t\t\t\t\t<\/div>\n\t\t\t<\/div>\n\n\t\t\t<div class=\"slider slider-fader 05c1d2e8-5d98-456f-a7c5-9d264b663033\">\n\t\t\t\t\t\t\t\t<div\n\t\t\t\t\tclass=\"slider-list \">\n\t\t\t\t\t\t\t\t\t\t\t<div\n\t\t\t\t\t\t\tclass=\"slide active \">\n\t\t\t\t\t\t\t<div\n\t\t\t\t\t\t\t\tclass=\"slide-bg-wrapper wp-block-cg-blocks-career-invent is-style-default\">\n\t\t\t\t\t\t\t\t<div class=\"bgImagesection\">\n\t\t\t\t\t\t\t\t\t\t\t\t\t\t\t\t\t\t\t<div class=\"bgColor\"><\/div>\n\t\t\t\t\t\t\t\t\t\n\t\t\t\t\t\t\t\t\t<div class=\"container slide-info-wrapper\">\n\t\t\t\t\t\t\t\t\t\t<div class=\"row\">\n\t\t\t\t\t\t\t\t\t\t\t<div\n\t\t\t\t\t\t\t\t\t\t\t\tclass=\"col-md-6 col-sm-12 box-inner \">\n\t\t\t\t\t\t\t\t\t\t\t\t\t\t\t\t\t\t\t\t\t\t\t\t\t<div class=\"bgColor\"><\/div>\n\t\t\t\t\t\t\t\t\t\t\t\t\t\t\t\t\t\t\t\t\t\t\t\t\t\t\t\t\t\t\t\t\t\t\t\t\t<div\n\t\t\t\t\t\t\t\t\t\t\t\t\t\tclass=\"content-title \">\n\t\t\t\t\t\t\t\t\t\t\t\t\t\t<h3 class=\"explore-header\"\n\t\t\t\t\t\t\t\t\t\t\t\t\t\t\tdata-maxlength=\"68\"\n\t\t\t\t\t\t\t\t\t\t\t\t\t\t\ttitle=\"Trajectoires \">\n\t\t\t\t\t\t\t\t\t\t\t\t\t\t\tTrajectoires \t\t\t\t\t\t\t\t\t\t\t\t\t\t<\/h3>\n\t\t\t\t\t\t\t\t\t\t\t\t\t<\/div>\n\t\t\t\t\t\t\t\t\t\t\t\t\n\t\t\t\t\t\t\t\t\t\t\t\t\t\t\t\t\t\t\t\t\t\t\t\t\t\t\t\t\t\t\t\t\t\t\t\t\t\t\t<div\n\t\t\t\t\t\t\t\t\t\t\t\t\t\t\tclass=\"box-title \">\n\t\t\t\t\t\t\t\t\t\t\t\t\t\t\t<h4 data-maxlength=\"144\"\n\t\t\t\t\t\t\t\t\t\t\t\t\t\t\t\ttitle=\"D\u00e9couvrez la transformation num\u00e9rique dans toutes ses dimensions\"\n\t\t\t\t\t\t\t\t\t\t\t\t\t\t\t\tstyle=\"white-space: pre-wrap;\">\n\t\t\t\t\t\t\t\t\t\t\t\t\t\t\t\tD\u00e9couvrez la transformation num\u00e9rique dans toutes ses dimensions\t\t\t\t\t\t\t\t\t\t\t\t\t\t\t<\/h4>\n\t\t\t\t\t\t\t\t\t\t\t\t\t\t<\/div>\n\t\t\t\t\t\t\t\t\t\t\t\t\t\t\t\t\t\t\t\t\t\t\t\t\t\n\t\t\t\t\t\t\t\t\t\t\t\t\t\t\t\t\t\t\t\t\t\t\t\t\t<div >\n\t\t\t\t\t\t\t\t\t\t\t\t\t\t\t\t\t\t\t\t\t\t\t\t\t\t\t<\/div>\n\t\t\t\t\t\t\t\t\t\t\t\t\n\t\t\t\t\t\t\t\t\t\t\t\t\t\t\t\t\t\t\t\t\t\t\t\t\t\t\t\t\t\t\t\t\t\t\t\t\t<div class=\"btnDiv\"> <a class=\"more2\" data-maxlength=\"24\" aria-label=\"En savoir plus A propos Trajectoires \"\n\t\t\t\t\t\t\t\t\t\t\t\t\t\t tabindex=\"0\" href=\"https:\/\/www.capgemini.com\/fr-fr\/perspectives\/publications\/podcast-objectif-tech\/trajectoires\/\"\n\t\t\t\t\t\t\t\t\t\t\t\t\t\t\ttarget=\"\">\n\t\t\t\t\t\t\t\t\t\t\t\t\t\tEn savoir plus\t\t\t\t\t\t\t\t\t\t\t\t\t<\/a> <\/div>\n\t\t\t\t\t\t\t\t\t\t\t\t\t\t\t\t\t\t\t\t\t\t\t\t\t\n\n\n\t\t\t\t\t\t\t\t\t\t\t<\/div>\n\n\t\t\t\t\t\t\t\t\t\t\t<div class=\"col-md-6 col-sm-12 text-right box-img-wrapper escaper escaper-right\">\n\t\t\t\t\t\t\t\t\t\t\t\t\n\n\t\t\t\t\t\t\t\t\t\t\t\t<picture>\n\t\t\t\t\t\t\t\t\t\t\t\t\t<source\n\t\t\t\t\t\t\t\t\t\t\t\t\t\tsrcset=\"https:\/\/www.capgemini.com\/fr-fr\/wp-content\/uploads\/sites\/6\/2025\/04\/ObjectifTech-Trajectoires-WebsiteBanner_4608c2.jpg?w=1200&amp;quality=90 1x, https:\/\/www.capgemini.com\/fr-fr\/wp-content\/uploads\/sites\/6\/2025\/04\/ObjectifTech-Trajectoires-WebsiteBanner_4608c2.jpg?w=1200&amp;quality=90 2x\"\n\t\t\t\t\t\t\t\t\t\t\t\t\t\tmedia=\"(min-width: 1500px)\" \/>\n\t\t\t\t\t\t\t\t\t\t\t\t\t<source\n\t\t\t\t\t\t\t\t\t\t\t\t\t\tsrcset=\"https:\/\/www.capgemini.com\/fr-fr\/wp-content\/uploads\/sites\/6\/2025\/04\/ObjectifTech-Trajectoires-WebsiteBanner_4608c2.jpg?w=600&amp;quality=90 1x, https:\/\/www.capgemini.com\/fr-fr\/wp-content\/uploads\/sites\/6\/2025\/04\/ObjectifTech-Trajectoires-WebsiteBanner_4608c2.jpg?w=1200&amp;quality=90 2x\"\n\t\t\t\t\t\t\t\t\t\t\t\t\t\tmedia=\"(min-width: 992px)\" \/>\n\t\t\t\t\t\t\t\t\t\t\t\t\t<source\n\t\t\t\t\t\t\t\t\t\t\t\t\t\tsrcset=\"https:\/\/www.capgemini.com\/fr-fr\/wp-content\/uploads\/sites\/6\/2025\/04\/ObjectifTech-Trajectoires-WebsiteBanner_4608c2.jpg?w=400&amp;quality=90 1x, https:\/\/www.capgemini.com\/fr-fr\/wp-content\/uploads\/sites\/6\/2025\/04\/ObjectifTech-Trajectoires-WebsiteBanner_4608c2.jpg?w=800&amp;quality=90 2x\"\n\t\t\t\t\t\t\t\t\t\t\t\t\t\tmedia=\"(min-width: 768px)\" \/>\n\t\t\t\t\t\t\t\t\t\t\t\t\t<source\n\t\t\t\t\t\t\t\t\t\t\t\t\t\tsrcset=\"https:\/\/www.capgemini.com\/fr-fr\/wp-content\/uploads\/sites\/6\/2025\/04\/ObjectifTech-Trajectoires-WebsiteBanner_4608c2.jpg?w=400&amp;quality=90 1x, https:\/\/www.capgemini.com\/fr-fr\/wp-content\/uploads\/sites\/6\/2025\/04\/ObjectifTech-Trajectoires-WebsiteBanner_4608c2.jpg?w=800&amp;quality=90 2x\"\n\t\t\t\t\t\t\t\t\t\t\t\t\t\tmedia=\"(min-width: 0)\" \/>\n\n\n\t\t\t\t\t\t\t\t\t\t\t\t\t<img loading=\"lazy\" class=\"box-img\"\n\t\t\t\t\t\t\t\t\t\t\t\t\t\tsrc=\"https:\/\/www.capgemini.com\/fr-fr\/wp-content\/uploads\/sites\/6\/2025\/04\/ObjectifTech-Trajectoires-WebsiteBanner_4608c2.jpg\"\n\t\t\t\t\t\t\t\t\t\t\t\t\t\tstyle=\"\n\t\t\t\t\t\t\t\t\t\t\t\t\t\tobject-position: 50% 47%; object-fit: cover;\t\t\t\t\t\t\t\t\t\t\t\t\t\t\t\t\t\" alt=\"\" \/>\n\n\t\t\t\t\t\t\t\t\t\t\t\t<\/picture>\n\t\t\t\t\t\t\t\t\t\t\t\t<!-- <img decoding=\"async\" class=\"box-img\" src=\"\n\t\t\t\t\t\t\t\t\t\t\t\t\t\t\t\t\t\t\t\t\t\t\t\t\t\t\t\"\n\t\t\t\t\t\t\t\t\t\t\tstyle=\"\n\t\t\t\t\t\t\t\t\t\t\t\t\t\t\t\t\t\t\t\t\t\t\t\t\t\" alt=\"\"\n\t\t\t\t\t\t\t\t\t\t\/> -->\n\t\t\t\t\t\t\t\t\t\t\t<\/div>\n\t\t\t\t\t\t\t\t\t\t<\/div>\n\t\t\t\t\t\t\t\t\t<\/div>\n\t\t\t\t\t\t\t\t<\/div>\n\t\t\t\t\t\t\t\t<div class=\"\">\n\t\t\t\t\t\t\t\t<\/div>\n\t\t\t\t\t\t\t\t<div class=\"slide-reveal\"><\/div>\n\t\t\t\t\t\t\t<\/div>\n\t\t\t\t\t\t<\/div>\n\t\t\t\t\t\n\t\t\t\t<\/div>\n\n\t\t\t\t\n\t\t\t<\/div>\n\n\t\t<\/section>\n\n\t\t","protected":false},"excerpt":{"rendered":"<p>Les r\u00e9flexions sur l\u2019IA g\u00e9n\u00e9rative d\u00e9bouchent aujourd\u2019hui sur une premi\u00e8re g\u00e9n\u00e9ration de solutions sp\u00e9cifiques aux besoins des DSI, propre \u00e0 inciter les organisations \u00e0 se lancer.<\/p>\n","protected":false},"author":12386,"featured_media":784334,"comment_status":"closed","ping_status":"closed","sticky":false,"template":"","format":"standard","meta":{"cg_dt_proposed_to":[],"cg_seo_hreflang_relations":"[]","cg_seo_canonical_relation":"","cg_seo_hreflang_x_default_relation":"","cg_dt_approved_content":true,"cg_dt_mandatory_content":false,"cg_dt_notes":"","cg_dg_source_changed":false,"cg_dt_link_disabled":false,"_yoast_wpseo_primary_brand":"30","_jetpack_memberships_contains_paid_content":false,"footnotes":"","featured_focal_points":""},"categories":[5],"tags":[188,192,174],"brand":[30],"service":[35,47,49],"industry":[],"partners":[],"blog-topic":[350,359],"content-group":[],"class_list":["post-783590","post","type-post","status-publish","format-standard","has-post-thumbnail","hentry","category-technologies","tag-cloud","tag-cybersecurite","tag-ia-et-data","brand-capgemini","service-cloud","service-cybersecurite","service-ia-data","blog-topic-cloud","blog-topic-ia-data"],"yoast_head":"<!-- This site is optimized with the Yoast SEO Premium plugin v22.8 (Yoast SEO v22.8) - https:\/\/yoast.com\/wordpress\/plugins\/seo\/ -->\n<title>Gen AI dans les DSI - Capgemini France<\/title>\n<meta name=\"description\" content=\"D\u00e9couvrez comment la gestion des infrastructures IT facilite l&#039;adoption de la Gen AI et les cas d&#039;usage du RAG pour transformer les DSI.\" \/>\n<meta name=\"robots\" content=\"index, follow, max-snippet:-1, max-image-preview:large, max-video-preview:-1\" \/>\n<link rel=\"canonical\" href=\"https:\/\/www.capgemini.com\/fr-fr\/perspectives\/blog\/cloud-gestion-des-infras-it-porte-dentree-pour-la-genai-dans-les-dsi\/\" \/>\n<meta property=\"og:locale\" content=\"fr_FR\" \/>\n<meta property=\"og:type\" content=\"article\" \/>\n<meta property=\"og:title\" content=\"La gestion des infrastructures IT, une porte d\u2019entr\u00e9e pour la Gen AI dans les DSI\" \/>\n<meta property=\"og:description\" content=\"D\u00e9couvrez comment la gestion des infrastructures IT facilite l&#039;adoption de la Gen AI et les cas d&#039;usage du RAG pour transformer les DSI.\" \/>\n<meta property=\"og:url\" content=\"https:\/\/www.capgemini.com\/fr-fr\/perspectives\/blog\/cloud-gestion-des-infras-it-porte-dentree-pour-la-genai-dans-les-dsi\/\" \/>\n<meta property=\"og:site_name\" content=\"Capgemini France\" \/>\n<meta property=\"article:published_time\" content=\"2025-05-21T08:15:04+00:00\" \/>\n<meta property=\"article:modified_time\" content=\"2025-12-09T08:12:35+00:00\" \/>\n<meta property=\"og:image\" content=\"https:\/\/www.capgemini.com\/fr-fr\/wp-content\/uploads\/sites\/6\/2025\/05\/Gen-AI-dans-la-DSI-Webpreview.png\" \/>\n\t<meta property=\"og:image:width\" content=\"640\" \/>\n\t<meta property=\"og:image:height\" content=\"360\" \/>\n\t<meta property=\"og:image:type\" content=\"image\/png\" \/>\n<meta name=\"author\" content=\"Lucas Lassus\" \/>\n<meta name=\"twitter:card\" content=\"summary_large_image\" \/>\n<meta name=\"twitter:label1\" content=\"Written by\" \/>\n\t<meta name=\"twitter:data1\" content=\"Tarek Edde Gomez\" \/>\n\t<meta name=\"twitter:label2\" content=\"Est. reading time\" \/>\n\t<meta name=\"twitter:data2\" content=\"6 minutes\" \/>\n<script type=\"application\/ld+json\" class=\"yoast-schema-graph\">{\"@context\":\"https:\/\/schema.org\",\"@graph\":[{\"@type\":\"Article\",\"@id\":\"https:\/\/www.capgemini.com\/fr-fr\/perspectives\/blog\/cloud-gestion-des-infras-it-porte-dentree-pour-la-genai-dans-les-dsi\/#article\",\"isPartOf\":{\"@id\":\"https:\/\/www.capgemini.com\/fr-fr\/perspectives\/blog\/cloud-gestion-des-infras-it-porte-dentree-pour-la-genai-dans-les-dsi\/\"},\"author\":{\"name\":\"Tarek Edde Gomez\",\"@id\":\"https:\/\/www.capgemini.com\/fr-fr\/#\/schema\/person\/286d7d6ac3401df4d6874916bd234aaa\"},\"headline\":\"La gestion des infrastructures IT, une porte d\u2019entr\u00e9e pour la Gen AI dans les DSI\",\"datePublished\":\"2025-05-21T08:15:04+00:00\",\"dateModified\":\"2025-12-09T08:12:35+00:00\",\"mainEntityOfPage\":{\"@id\":\"https:\/\/www.capgemini.com\/fr-fr\/perspectives\/blog\/cloud-gestion-des-infras-it-porte-dentree-pour-la-genai-dans-les-dsi\/\"},\"wordCount\":1006,\"publisher\":{\"@id\":\"https:\/\/www.capgemini.com\/fr-fr\/#organization\"},\"image\":{\"@id\":\"https:\/\/www.capgemini.com\/fr-fr\/perspectives\/blog\/cloud-gestion-des-infras-it-porte-dentree-pour-la-genai-dans-les-dsi\/#primaryimage\"},\"thumbnailUrl\":\"https:\/\/www.capgemini.com\/fr-fr\/wp-content\/uploads\/sites\/6\/2025\/05\/Gen-AI-dans-la-DSI.jpg\",\"keywords\":[\"Cloud\",\"Cybers\u00e9curit\u00e9\",\"IA &amp; Data\"],\"articleSection\":[\"Technologies\"],\"inLanguage\":\"fr-FR\"},{\"@type\":\"WebPage\",\"@id\":\"https:\/\/www.capgemini.com\/fr-fr\/perspectives\/blog\/cloud-gestion-des-infras-it-porte-dentree-pour-la-genai-dans-les-dsi\/\",\"url\":\"https:\/\/www.capgemini.com\/fr-fr\/perspectives\/blog\/cloud-gestion-des-infras-it-porte-dentree-pour-la-genai-dans-les-dsi\/\",\"name\":\"Gen AI dans les DSI - Capgemini France\",\"isPartOf\":{\"@id\":\"https:\/\/www.capgemini.com\/fr-fr\/#website\"},\"primaryImageOfPage\":{\"@id\":\"https:\/\/www.capgemini.com\/fr-fr\/perspectives\/blog\/cloud-gestion-des-infras-it-porte-dentree-pour-la-genai-dans-les-dsi\/#primaryimage\"},\"image\":{\"@id\":\"https:\/\/www.capgemini.com\/fr-fr\/perspectives\/blog\/cloud-gestion-des-infras-it-porte-dentree-pour-la-genai-dans-les-dsi\/#primaryimage\"},\"thumbnailUrl\":\"https:\/\/www.capgemini.com\/fr-fr\/wp-content\/uploads\/sites\/6\/2025\/05\/Gen-AI-dans-la-DSI.jpg\",\"datePublished\":\"2025-05-21T08:15:04+00:00\",\"dateModified\":\"2025-12-09T08:12:35+00:00\",\"description\":\"D\u00e9couvrez comment la gestion des infrastructures IT facilite l'adoption de la Gen AI et les cas d'usage du RAG pour transformer les DSI.\",\"inLanguage\":\"fr-FR\",\"potentialAction\":[{\"@type\":\"ReadAction\",\"target\":[\"https:\/\/www.capgemini.com\/fr-fr\/perspectives\/blog\/cloud-gestion-des-infras-it-porte-dentree-pour-la-genai-dans-les-dsi\/\"]}]},{\"@type\":\"ImageObject\",\"inLanguage\":\"fr-FR\",\"@id\":\"https:\/\/www.capgemini.com\/fr-fr\/perspectives\/blog\/cloud-gestion-des-infras-it-porte-dentree-pour-la-genai-dans-les-dsi\/#primaryimage\",\"url\":\"https:\/\/www.capgemini.com\/fr-fr\/wp-content\/uploads\/sites\/6\/2025\/05\/Gen-AI-dans-la-DSI.jpg\",\"contentUrl\":\"https:\/\/www.capgemini.com\/fr-fr\/wp-content\/uploads\/sites\/6\/2025\/05\/Gen-AI-dans-la-DSI.jpg\",\"width\":5616,\"height\":3744,\"caption\":\"Multiple drips and ripples on bright blue calm water\"},{\"@type\":\"WebSite\",\"@id\":\"https:\/\/www.capgemini.com\/fr-fr\/#website\",\"url\":\"https:\/\/www.capgemini.com\/fr-fr\/\",\"name\":\"Capgemini France\",\"description\":\"Just another www.capgemini.com site\",\"publisher\":{\"@id\":\"https:\/\/www.capgemini.com\/fr-fr\/#organization\"},\"potentialAction\":[{\"@type\":\"SearchAction\",\"target\":{\"@type\":\"EntryPoint\",\"urlTemplate\":\"https:\/\/www.capgemini.com\/fr-fr\/?s={search_term_string}\"},\"query-input\":\"required name=search_term_string\"}],\"inLanguage\":\"fr-FR\"},{\"@type\":\"Organization\",\"@id\":\"https:\/\/www.capgemini.com\/fr-fr\/#organization\",\"name\":\"Capgemini France\",\"url\":\"https:\/\/www.capgemini.com\/fr-fr\/\",\"logo\":{\"@type\":\"ImageObject\",\"inLanguage\":\"fr-FR\",\"@id\":\"https:\/\/www.capgemini.com\/fr-fr\/#\/schema\/logo\/image\/\",\"url\":\"https:\/\/www.capgemini.com\/fr-fr\/wp-content\/uploads\/sites\/6\/2022\/08\/Logo-Capgemini.png\",\"contentUrl\":\"https:\/\/www.capgemini.com\/fr-fr\/wp-content\/uploads\/sites\/6\/2022\/08\/Logo-Capgemini.png\",\"width\":202,\"height\":60,\"caption\":\"Capgemini France\"},\"image\":{\"@id\":\"https:\/\/www.capgemini.com\/fr-fr\/#\/schema\/logo\/image\/\"}},{\"@type\":\"Person\",\"@id\":\"https:\/\/www.capgemini.com\/fr-fr\/#\/schema\/person\/286d7d6ac3401df4d6874916bd234aaa\",\"name\":\"Tarek Edde Gomez\",\"url\":\"https:\/\/www.capgemini.com\/fr-fr\/author\/tarekgomez\/\"}]}<\/script>\n<!-- \/ Yoast SEO Premium plugin. -->","yoast_head_json":{"title":"Gen AI dans les DSI - Capgemini France","description":"D\u00e9couvrez comment la gestion des infrastructures IT facilite l'adoption de la Gen AI et les cas d'usage du RAG pour transformer les DSI.","robots":{"index":"index","follow":"follow","max-snippet":"max-snippet:-1","max-image-preview":"max-image-preview:large","max-video-preview":"max-video-preview:-1"},"canonical":"https:\/\/www.capgemini.com\/fr-fr\/perspectives\/blog\/cloud-gestion-des-infras-it-porte-dentree-pour-la-genai-dans-les-dsi\/","og_locale":"fr_FR","og_type":"article","og_title":"La gestion des infrastructures IT, une porte d\u2019entr\u00e9e pour la Gen AI dans les DSI","og_description":"D\u00e9couvrez comment la gestion des infrastructures IT facilite l'adoption de la Gen AI et les cas d'usage du RAG pour transformer les DSI.","og_url":"https:\/\/www.capgemini.com\/fr-fr\/perspectives\/blog\/cloud-gestion-des-infras-it-porte-dentree-pour-la-genai-dans-les-dsi\/","og_site_name":"Capgemini France","article_published_time":"2025-05-21T08:15:04+00:00","article_modified_time":"2025-12-09T08:12:35+00:00","og_image":[{"width":640,"height":360,"url":"https:\/\/www.capgemini.com\/fr-fr\/wp-content\/uploads\/sites\/6\/2025\/05\/Gen-AI-dans-la-DSI-Webpreview.png","type":"image\/png"}],"author":"Lucas Lassus","twitter_card":"summary_large_image","twitter_misc":{"Written by":"Tarek Edde Gomez","Est. reading time":"6 minutes"},"schema":{"@context":"https:\/\/schema.org","@graph":[{"@type":"Article","@id":"https:\/\/www.capgemini.com\/fr-fr\/perspectives\/blog\/cloud-gestion-des-infras-it-porte-dentree-pour-la-genai-dans-les-dsi\/#article","isPartOf":{"@id":"https:\/\/www.capgemini.com\/fr-fr\/perspectives\/blog\/cloud-gestion-des-infras-it-porte-dentree-pour-la-genai-dans-les-dsi\/"},"author":{"name":"Tarek Edde Gomez","@id":"https:\/\/www.capgemini.com\/fr-fr\/#\/schema\/person\/286d7d6ac3401df4d6874916bd234aaa"},"headline":"La gestion des infrastructures IT, une porte d\u2019entr\u00e9e pour la Gen AI dans les DSI","datePublished":"2025-05-21T08:15:04+00:00","dateModified":"2025-12-09T08:12:35+00:00","mainEntityOfPage":{"@id":"https:\/\/www.capgemini.com\/fr-fr\/perspectives\/blog\/cloud-gestion-des-infras-it-porte-dentree-pour-la-genai-dans-les-dsi\/"},"wordCount":1006,"publisher":{"@id":"https:\/\/www.capgemini.com\/fr-fr\/#organization"},"image":{"@id":"https:\/\/www.capgemini.com\/fr-fr\/perspectives\/blog\/cloud-gestion-des-infras-it-porte-dentree-pour-la-genai-dans-les-dsi\/#primaryimage"},"thumbnailUrl":"https:\/\/www.capgemini.com\/fr-fr\/wp-content\/uploads\/sites\/6\/2025\/05\/Gen-AI-dans-la-DSI.jpg","keywords":["Cloud","Cybers\u00e9curit\u00e9","IA &amp; Data"],"articleSection":["Technologies"],"inLanguage":"fr-FR"},{"@type":"WebPage","@id":"https:\/\/www.capgemini.com\/fr-fr\/perspectives\/blog\/cloud-gestion-des-infras-it-porte-dentree-pour-la-genai-dans-les-dsi\/","url":"https:\/\/www.capgemini.com\/fr-fr\/perspectives\/blog\/cloud-gestion-des-infras-it-porte-dentree-pour-la-genai-dans-les-dsi\/","name":"Gen AI dans les DSI - Capgemini France","isPartOf":{"@id":"https:\/\/www.capgemini.com\/fr-fr\/#website"},"primaryImageOfPage":{"@id":"https:\/\/www.capgemini.com\/fr-fr\/perspectives\/blog\/cloud-gestion-des-infras-it-porte-dentree-pour-la-genai-dans-les-dsi\/#primaryimage"},"image":{"@id":"https:\/\/www.capgemini.com\/fr-fr\/perspectives\/blog\/cloud-gestion-des-infras-it-porte-dentree-pour-la-genai-dans-les-dsi\/#primaryimage"},"thumbnailUrl":"https:\/\/www.capgemini.com\/fr-fr\/wp-content\/uploads\/sites\/6\/2025\/05\/Gen-AI-dans-la-DSI.jpg","datePublished":"2025-05-21T08:15:04+00:00","dateModified":"2025-12-09T08:12:35+00:00","description":"D\u00e9couvrez comment la gestion des infrastructures IT facilite l'adoption de la Gen AI et les cas d'usage du RAG pour transformer les DSI.","inLanguage":"fr-FR","potentialAction":[{"@type":"ReadAction","target":["https:\/\/www.capgemini.com\/fr-fr\/perspectives\/blog\/cloud-gestion-des-infras-it-porte-dentree-pour-la-genai-dans-les-dsi\/"]}]},{"@type":"ImageObject","inLanguage":"fr-FR","@id":"https:\/\/www.capgemini.com\/fr-fr\/perspectives\/blog\/cloud-gestion-des-infras-it-porte-dentree-pour-la-genai-dans-les-dsi\/#primaryimage","url":"https:\/\/www.capgemini.com\/fr-fr\/wp-content\/uploads\/sites\/6\/2025\/05\/Gen-AI-dans-la-DSI.jpg","contentUrl":"https:\/\/www.capgemini.com\/fr-fr\/wp-content\/uploads\/sites\/6\/2025\/05\/Gen-AI-dans-la-DSI.jpg","width":5616,"height":3744,"caption":"Multiple drips and ripples on bright blue calm water"},{"@type":"WebSite","@id":"https:\/\/www.capgemini.com\/fr-fr\/#website","url":"https:\/\/www.capgemini.com\/fr-fr\/","name":"Capgemini France","description":"Just another www.capgemini.com site","publisher":{"@id":"https:\/\/www.capgemini.com\/fr-fr\/#organization"},"potentialAction":[{"@type":"SearchAction","target":{"@type":"EntryPoint","urlTemplate":"https:\/\/www.capgemini.com\/fr-fr\/?s={search_term_string}"},"query-input":"required name=search_term_string"}],"inLanguage":"fr-FR"},{"@type":"Organization","@id":"https:\/\/www.capgemini.com\/fr-fr\/#organization","name":"Capgemini France","url":"https:\/\/www.capgemini.com\/fr-fr\/","logo":{"@type":"ImageObject","inLanguage":"fr-FR","@id":"https:\/\/www.capgemini.com\/fr-fr\/#\/schema\/logo\/image\/","url":"https:\/\/www.capgemini.com\/fr-fr\/wp-content\/uploads\/sites\/6\/2022\/08\/Logo-Capgemini.png","contentUrl":"https:\/\/www.capgemini.com\/fr-fr\/wp-content\/uploads\/sites\/6\/2022\/08\/Logo-Capgemini.png","width":202,"height":60,"caption":"Capgemini France"},"image":{"@id":"https:\/\/www.capgemini.com\/fr-fr\/#\/schema\/logo\/image\/"}},{"@type":"Person","@id":"https:\/\/www.capgemini.com\/fr-fr\/#\/schema\/person\/286d7d6ac3401df4d6874916bd234aaa","name":"Tarek Edde Gomez","url":"https:\/\/www.capgemini.com\/fr-fr\/author\/tarekgomez\/"}]}},"blog_topic_info":[{"id":350,"name":"Cloud"},{"id":359,"name":"IA &amp; Data"}],"taxonomy_info":{"category":[{"id":5,"name":"Technologies","slug":"technologies"}],"post_tag":[{"id":188,"name":"Cloud","slug":"cloud"},{"id":192,"name":"Cybers\u00e9curit\u00e9","slug":"cybersecurite"},{"id":174,"name":"IA &amp; Data","slug":"ia-et-data"}],"brand":[{"id":30,"name":"Capgemini","slug":"capgemini"}],"service":[{"id":35,"name":"Cloud","slug":"cloud"},{"id":47,"name":"Cybersecurit\u00e9","slug":"cybersecurite"},{"id":49,"name":"IA &amp; Data","slug":"ia-data"}],"blog-topic":[{"id":350,"name":"Cloud","slug":"cloud"},{"id":359,"name":"IA &amp; Data","slug":"ia-data"}]},"parsely":{"version":"1.1.0","canonical_url":"https:\/\/capgemini.com\/fr-fr\/perspectives\/blog\/cloud-gestion-des-infras-it-porte-dentree-pour-la-genai-dans-les-dsi\/","smart_links":{"inbound":0,"outbound":0},"traffic_boost_suggestions_count":0,"meta":{"@context":"https:\/\/schema.org","@type":"NewsArticle","headline":"La gestion des infrastructures IT, une porte d\u2019entr\u00e9e pour la Gen AI dans les DSI","url":"https:\/\/www.capgemini.com\/fr-fr\/perspectives\/blog\/cloud-gestion-des-infras-it-porte-dentree-pour-la-genai-dans-les-dsi\/","mainEntityOfPage":{"@type":"WebPage","@id":"https:\/\/www.capgemini.com\/fr-fr\/perspectives\/blog\/cloud-gestion-des-infras-it-porte-dentree-pour-la-genai-dans-les-dsi\/"},"thumbnailUrl":"https:\/\/www.capgemini.com\/fr-fr\/wp-content\/uploads\/sites\/6\/2025\/05\/Gen-AI-dans-la-DSI.jpg?w=150&h=150&crop=1","image":{"@type":"ImageObject","url":"https:\/\/www.capgemini.com\/fr-fr\/wp-content\/uploads\/sites\/6\/2025\/05\/Gen-AI-dans-la-DSI.jpg"},"articleSection":"Technologies","author":[],"creator":[],"publisher":{"@type":"Organization","name":"Capgemini France","logo":""},"keywords":["cloud","cybers\u00e9curit\u00e9","ia &amp; data"],"dateCreated":"2025-05-21T08:15:04Z","datePublished":"2025-05-21T08:15:04Z","dateModified":"2025-12-09T08:12:35Z"},"rendered":"<meta name=\"parsely-title\" content=\"La gestion des infrastructures IT, une porte d\u2019entr\u00e9e pour la Gen AI dans les DSI\" \/>\n<meta name=\"parsely-link\" content=\"https:\/\/www.capgemini.com\/fr-fr\/perspectives\/blog\/cloud-gestion-des-infras-it-porte-dentree-pour-la-genai-dans-les-dsi\/\" \/>\n<meta name=\"parsely-type\" content=\"post\" \/>\n<meta name=\"parsely-image-url\" content=\"https:\/\/www.capgemini.com\/fr-fr\/wp-content\/uploads\/sites\/6\/2025\/05\/Gen-AI-dans-la-DSI.jpg?w=150&amp;h=150&amp;crop=1\" \/>\n<meta name=\"parsely-pub-date\" content=\"2025-05-21T08:15:04Z\" \/>\n<meta name=\"parsely-section\" content=\"Technologies\" \/>\n<meta name=\"parsely-tags\" content=\"cloud,cybers\u00e9curit\u00e9,ia &amp; data\" \/>","tracker_url":"https:\/\/cdn.parsely.com\/keys\/capgemini.com\/p.js"},"jetpack_featured_media_url":"https:\/\/www.capgemini.com\/fr-fr\/wp-content\/uploads\/sites\/6\/2025\/05\/Gen-AI-dans-la-DSI.jpg","archive_status":false,"featured_image_src":"https:\/\/www.capgemini.com\/fr-fr\/wp-content\/uploads\/sites\/6\/2025\/05\/Gen-AI-dans-la-DSI.jpg","featured_image_alt":"","jetpack-related-posts":[{"id":749656,"url":"https:\/\/www.capgemini.com\/fr-fr\/perspectives\/blog\/cloud-le-role-crucial-du-finops-pour-maitriser-les-couts\/","url_meta":{"origin":783590,"position":0},"title":"Le FinOps, incontournable pour ma\u00eetriser le cloud","author":"anne.gautier@capgemini.com","date":"March 28, 2024","format":false,"excerpt":"Avec l'essor du cloud, la consommation des donn\u00e9es qui s'\u00e9tend, des applications plus exigeantes et l'augmentation des prix de l'\u00e9nergie, le FinOps devient essentiel pour contr\u00f4ler les d\u00e9penses","rel":"","context":"In &quot;Innovation&quot;","block_context":{"text":"Innovation","link":"https:\/\/www.capgemini.com\/fr-fr\/category\/innovation\/"},"img":{"alt_text":"","src":"https:\/\/i0.wp.com\/www.capgemini.com\/fr-fr\/wp-content\/uploads\/sites\/6\/2024\/03\/Plume-rouge-blog1-GettyImages-497417019.jpg?resize=350%2C200&ssl=1","width":350,"height":200,"srcset":"https:\/\/i0.wp.com\/www.capgemini.com\/fr-fr\/wp-content\/uploads\/sites\/6\/2024\/03\/Plume-rouge-blog1-GettyImages-497417019.jpg?resize=350%2C200&ssl=1 1x, https:\/\/i0.wp.com\/www.capgemini.com\/fr-fr\/wp-content\/uploads\/sites\/6\/2024\/03\/Plume-rouge-blog1-GettyImages-497417019.jpg?resize=525%2C300&ssl=1 1.5x, https:\/\/i0.wp.com\/www.capgemini.com\/fr-fr\/wp-content\/uploads\/sites\/6\/2024\/03\/Plume-rouge-blog1-GettyImages-497417019.jpg?resize=700%2C400&ssl=1 2x"},"classes":[]},{"id":800316,"url":"https:\/\/www.capgemini.com\/fr-fr\/perspectives\/blog\/ia-generative-dans-les-transformations-de-rise-with-sap\/","url_meta":{"origin":783590,"position":1},"title":"Un catalyseur de changement : l&#8217;IA g\u00e9n\u00e9rative dans les transformations\u00a0de\u00a0RISE\u00a0with\u00a0SAP","author":"audreykone","date":"January 12, 2026","format":false,"excerpt":"L\u2019intelligence artificielle (IA) et l\u2019IA g\u00e9n\u00e9rative (Gen\u00a0AI) jouent toutes deux un r\u00f4le cl\u00e9 dans les transformations\u00a0de\u00a0RISE\u00a0with\u00a0SAP.\u00a0Mais l\u2019IA g\u00e9n\u00e9rative va plus loin : elle apporte des capacit\u00e9s sp\u00e9cifiques qui enrichissent le d\u00e9ploiement de RISE\u00a0with\u00a0SAP et permettent d\u2019en exploiter tout le potentiel.\u00a0","rel":"","context":"In &quot;Innovation&quot;","block_context":{"text":"Innovation","link":"https:\/\/www.capgemini.com\/fr-fr\/category\/innovation\/"},"img":{"alt_text":"","src":"https:\/\/i0.wp.com\/www.capgemini.com\/fr-fr\/wp-content\/uploads\/sites\/6\/2026\/01\/GettyImages-2244832366.jpeg?resize=350%2C200&ssl=1","width":350,"height":200,"srcset":"https:\/\/i0.wp.com\/www.capgemini.com\/fr-fr\/wp-content\/uploads\/sites\/6\/2026\/01\/GettyImages-2244832366.jpeg?resize=350%2C200&ssl=1 1x, https:\/\/i0.wp.com\/www.capgemini.com\/fr-fr\/wp-content\/uploads\/sites\/6\/2026\/01\/GettyImages-2244832366.jpeg?resize=525%2C300&ssl=1 1.5x, https:\/\/i0.wp.com\/www.capgemini.com\/fr-fr\/wp-content\/uploads\/sites\/6\/2026\/01\/GettyImages-2244832366.jpeg?resize=700%2C400&ssl=1 2x"},"classes":[]},{"id":761324,"url":"https:\/\/www.capgemini.com\/fr-fr\/perspectives\/blog\/processus-metiers-la-genai-au-service-de-la-creation-de-valeur\/","url_meta":{"origin":783590,"position":2},"title":"Processus m\u00e9tiers\u00a0: la Gen AI au service de la cr\u00e9ation de valeur","author":"Tarek Edde Gomez","date":"September 23, 2024","format":false,"excerpt":"Avec la GenAI, tous les processus des entreprises peuvent gagner en performance et en fluidit\u00e9. R\u00e9sultat\u00a0: cette technologie devient un levier incontournable, y compris lorsqu\u2019elle est int\u00e9gr\u00e9e aux ERP.","rel":"","context":"In &quot;Innovation&quot;","block_context":{"text":"Innovation","link":"https:\/\/www.capgemini.com\/fr-fr\/category\/innovation\/"},"img":{"alt_text":"","src":"","width":0,"height":0},"classes":[]},{"id":797355,"url":"https:\/\/www.capgemini.com\/fr-fr\/perspectives\/blog\/cloud-le-veritable-cout-du-cloud\/","url_meta":{"origin":783590,"position":3},"title":"Le v\u00e9ritable co\u00fbt du cloud : ma\u00eetriser les d\u00e9penses croissantes sans pour autant sacrifier l\u2019innovation\u00a0","author":"Tarek Edde Gomez","date":"November 27, 2025","format":false,"excerpt":"Dans tous les secteurs, les organisations adoptent des technologies \u00e0 la demande, qu\u2019il s\u2019agisse d\u2019IaaS, de PaaS ou de solutions SaaS, int\u00e9grant l\u2019IA g\u00e9n\u00e9rative pour renforcer leur agilit\u00e9, stimuler l\u2019innovation et acc\u00e9l\u00e9rer la mise \u00e0 l\u2019\u00e9chelle.\u00a0","rel":"","context":"In &quot;Technologies&quot;","block_context":{"text":"Technologies","link":"https:\/\/www.capgemini.com\/fr-fr\/category\/technologies\/"},"img":{"alt_text":"","src":"https:\/\/i0.wp.com\/www.capgemini.com\/fr-fr\/wp-content\/uploads\/sites\/6\/2025\/09\/CRI-Cloud-research-web-banner.jpg?resize=350%2C200&ssl=1","width":350,"height":200,"srcset":"https:\/\/i0.wp.com\/www.capgemini.com\/fr-fr\/wp-content\/uploads\/sites\/6\/2025\/09\/CRI-Cloud-research-web-banner.jpg?resize=350%2C200&ssl=1 1x, https:\/\/i0.wp.com\/www.capgemini.com\/fr-fr\/wp-content\/uploads\/sites\/6\/2025\/09\/CRI-Cloud-research-web-banner.jpg?resize=525%2C300&ssl=1 1.5x, https:\/\/i0.wp.com\/www.capgemini.com\/fr-fr\/wp-content\/uploads\/sites\/6\/2025\/09\/CRI-Cloud-research-web-banner.jpg?resize=700%2C400&ssl=1 2x"},"classes":[]},{"id":755128,"url":"https:\/\/www.capgemini.com\/fr-fr\/perspectives\/blog\/cybersecurite-intelligence-artificielle\/","url_meta":{"origin":783590,"position":4},"title":"IA g\u00e9n\u00e9rative et cybers\u00e9curit\u00e9, un classique revisit\u00e9","author":"quentinkieken","date":"June 19, 2024","format":false,"excerpt":"Chaque fois qu\u2019une innovation de rupture s\u2019invite dans les syst\u00e8mes d\u2019information, se pose aussit\u00f4t la question de ses cons\u00e9quences en mati\u00e8re de cybers\u00e9curit\u00e9.","rel":"","context":"In &quot;Transformation&quot;","block_context":{"text":"Transformation","link":"https:\/\/www.capgemini.com\/fr-fr\/category\/transformation\/"},"img":{"alt_text":"","src":"https:\/\/i0.wp.com\/www.capgemini.com\/fr-fr\/wp-content\/uploads\/sites\/6\/2024\/06\/GettyImages-1455941485.jpg?resize=350%2C200&ssl=1","width":350,"height":200,"srcset":"https:\/\/i0.wp.com\/www.capgemini.com\/fr-fr\/wp-content\/uploads\/sites\/6\/2024\/06\/GettyImages-1455941485.jpg?resize=350%2C200&ssl=1 1x, https:\/\/i0.wp.com\/www.capgemini.com\/fr-fr\/wp-content\/uploads\/sites\/6\/2024\/06\/GettyImages-1455941485.jpg?resize=525%2C300&ssl=1 1.5x, https:\/\/i0.wp.com\/www.capgemini.com\/fr-fr\/wp-content\/uploads\/sites\/6\/2024\/06\/GettyImages-1455941485.jpg?resize=700%2C400&ssl=1 2x"},"classes":[]},{"id":765091,"url":"https:\/\/www.capgemini.com\/fr-fr\/perspectives\/blog\/cloud-catalyseur-gen-ai\/","url_meta":{"origin":783590,"position":5},"title":"Le cloud : catalyseur d\u2019architecture pour la Gen AI\u00a0","author":"Tarek Edde Gomez","date":"October 17, 2024","format":false,"excerpt":"En offrant une architecture modulaire et flexible lors de l'int\u00e9gration de l'IA g\u00e9n\u00e9rative, le cloud permet aux organisations de ma\u00eetriser les donn\u00e9es et de personnaliser les solutions, tout en garantissant fiabilit\u00e9 et transparence.","rel":"","context":"In &quot;Innovation&quot;","block_context":{"text":"Innovation","link":"https:\/\/www.capgemini.com\/fr-fr\/category\/innovation\/"},"img":{"alt_text":"","src":"https:\/\/i0.wp.com\/www.capgemini.com\/fr-fr\/wp-content\/uploads\/sites\/6\/2024\/10\/cloud-and-gen-ai-image.jpg?resize=350%2C200&ssl=1","width":350,"height":200,"srcset":"https:\/\/i0.wp.com\/www.capgemini.com\/fr-fr\/wp-content\/uploads\/sites\/6\/2024\/10\/cloud-and-gen-ai-image.jpg?resize=350%2C200&ssl=1 1x, https:\/\/i0.wp.com\/www.capgemini.com\/fr-fr\/wp-content\/uploads\/sites\/6\/2024\/10\/cloud-and-gen-ai-image.jpg?resize=525%2C300&ssl=1 1.5x, https:\/\/i0.wp.com\/www.capgemini.com\/fr-fr\/wp-content\/uploads\/sites\/6\/2024\/10\/cloud-and-gen-ai-image.jpg?resize=700%2C400&ssl=1 2x"},"classes":[]}],"jetpack_sharing_enabled":true,"distributor_meta":false,"distributor_terms":false,"distributor_media":false,"distributor_original_site_name":"Capgemini France","distributor_original_site_url":"https:\/\/www.capgemini.com\/fr-fr","push-errors":false,"featured_image_url":"https:\/\/www.capgemini.com\/fr-fr\/wp-content\/uploads\/sites\/6\/2025\/05\/Gen-AI-dans-la-DSI.jpg","_links":{"self":[{"href":"https:\/\/www.capgemini.com\/fr-fr\/wp-json\/wp\/v2\/posts\/783590","targetHints":{"allow":["GET"]}}],"collection":[{"href":"https:\/\/www.capgemini.com\/fr-fr\/wp-json\/wp\/v2\/posts"}],"about":[{"href":"https:\/\/www.capgemini.com\/fr-fr\/wp-json\/wp\/v2\/types\/post"}],"author":[{"embeddable":true,"href":"https:\/\/www.capgemini.com\/fr-fr\/wp-json\/wp\/v2\/users\/12386"}],"replies":[{"embeddable":true,"href":"https:\/\/www.capgemini.com\/fr-fr\/wp-json\/wp\/v2\/comments?post=783590"}],"version-history":[{"count":18,"href":"https:\/\/www.capgemini.com\/fr-fr\/wp-json\/wp\/v2\/posts\/783590\/revisions"}],"predecessor-version":[{"id":798459,"href":"https:\/\/www.capgemini.com\/fr-fr\/wp-json\/wp\/v2\/posts\/783590\/revisions\/798459"}],"wp:featuredmedia":[{"embeddable":true,"href":"https:\/\/www.capgemini.com\/fr-fr\/wp-json\/wp\/v2\/media\/784334"}],"wp:attachment":[{"href":"https:\/\/www.capgemini.com\/fr-fr\/wp-json\/wp\/v2\/media?parent=783590"}],"wp:term":[{"taxonomy":"category","embeddable":true,"href":"https:\/\/www.capgemini.com\/fr-fr\/wp-json\/wp\/v2\/categories?post=783590"},{"taxonomy":"post_tag","embeddable":true,"href":"https:\/\/www.capgemini.com\/fr-fr\/wp-json\/wp\/v2\/tags?post=783590"},{"taxonomy":"brand","embeddable":true,"href":"https:\/\/www.capgemini.com\/fr-fr\/wp-json\/wp\/v2\/brand?post=783590"},{"taxonomy":"service","embeddable":true,"href":"https:\/\/www.capgemini.com\/fr-fr\/wp-json\/wp\/v2\/service?post=783590"},{"taxonomy":"industry","embeddable":true,"href":"https:\/\/www.capgemini.com\/fr-fr\/wp-json\/wp\/v2\/industry?post=783590"},{"taxonomy":"partners","embeddable":true,"href":"https:\/\/www.capgemini.com\/fr-fr\/wp-json\/wp\/v2\/partners?post=783590"},{"taxonomy":"blog-topic","embeddable":true,"href":"https:\/\/www.capgemini.com\/fr-fr\/wp-json\/wp\/v2\/blog-topic?post=783590"},{"taxonomy":"content-group","embeddable":true,"href":"https:\/\/www.capgemini.com\/fr-fr\/wp-json\/wp\/v2\/content-group?post=783590"}],"curies":[{"name":"wp","href":"https:\/\/api.w.org\/{rel}","templated":true}]}}