{"id":770012,"date":"2024-11-26T12:13:28","date_gmt":"2024-11-26T11:13:28","guid":{"rendered":"https:\/\/www.capgemini.com\/fr-fr\/?p=770012"},"modified":"2026-03-05T10:26:06","modified_gmt":"2026-03-05T09:26:06","slug":"lindustrie-de-la-defense-face-au-defi-de-lacceleration-de-la-production","status":"publish","type":"post","link":"https:\/\/www.capgemini.com\/fr-fr\/perspectives\/blog\/industrie-defense-defi-acceleration-production\/","title":{"rendered":"L&#8217;industrie de la D\u00e9fense face au d\u00e9fi de l&#8217;acc\u00e9l\u00e9ration de la production"},"content":{"rendered":"\n<header class=\"wp-block-cg-blocks-hero-blogs header-hero-blogs\"><div class=\"container\"><div class=\"hero-blogs\"><div class=\"hero-blogs-content-wrapper\"><div class=\"row\"><div class=\"col-12\"><div class=\"header-title\"><h1>L&#8217;industrie de la D\u00e9fense face au d\u00e9fi de l&#8217;acc\u00e9l\u00e9ration de la production<\/h1><\/div><\/div><\/div><\/div><div class=\"hero-blogs-bottom\"><div class=\"header-author\"><div class=\"author-img\"><img decoding=\"async\" src=\"\/wp-content\/themes\/capgemini2025\/assets\/images\/cg-logo-white.svg?w=200&amp;quality=10\" alt=\"\" loading=\"lazy\"\/><\/div><div class=\"author-name-date\"><h5 class=\"author-name\">Andreas Conradi, Matthieu Ritter, Elodie R\u00e9gis &amp; Fr\u00e9d\u00e9ric Grousson <\/h5><h5 class=\"blog-date\">5 d\u00e9cembre 2024<\/h5><\/div><\/div><div class=\"brand-image\"><\/div><\/div><\/div><\/div><\/header>\n\n\n\n<section class=\"wp-block-cg-blocks-intro-para undefined section section--intro\"><div class=\"intro-para\"><div class=\"container\"><div class=\"row\"><div class=\"col-12 col-md-1\"><nav class=\"article-social\"><ul class=\"social-nav\"><li class=\"ip-order-fb\"><a href=\"https:\/\/www.facebook.com\/sharer\/sharer.php?u=https:\/\/www.capgemini.com\/fr-fr\/perspectives\/blog\/industrie-defense-defi-acceleration-production\/\" target=\"_blank\" rel=\"noopener noreferrer\" title=\"opens in a new window\"><i aria-hidden=\"true\" class=\"icon-fb\"><\/i><span class=\"sr-only\">Facebook<\/span><\/a><\/li><li class=\"ip-order-li\"><a href=\"https:\/\/www.linkedin.com\/sharing\/share-offsite\/?url=https:\/\/www.capgemini.com\/fr-fr\/perspectives\/blog\/industrie-defense-defi-acceleration-production\/\" target=\"_blank\" rel=\"noopener noreferrer\" title=\"opens in a new window\"><i aria-hidden=\"true\" class=\"icon-li\"><\/i><span class=\"sr-only\">Linkedin<\/span><\/a><\/li><\/ul><\/nav><\/div><div class=\"col-12 col-md-11 col-lg-10\"><h2 class=\"intro-para-title\">Le \u00ab\u00a0production\u00a0ramp-up \u00bb au-del\u00e0 du buzzword<\/h2><p class=\"intro-para-content\">Les conflits arm\u00e9s en cours constituent un rappel malheureux de l\u2019importance \u00e0 disposer d\u2019armements, d\u2019hommes et de munitions en grande quantit\u00e9. Un d\u00e9fi pour les industriels europ\u00e9ens du secteur de la D\u00e9fense, souvent concentr\u00e9s sur des syst\u00e8mes d\u2019armes complexes et fortement technologiques, produits en petites s\u00e9ries. Comment d\u00e9passer le cap de l\u2019industrialisation de masse\u00a0? Quelles solutions mettre en place \u00e0 court terme pour les syst\u00e8mes existants\u00a0? Et comment tirer les le\u00e7ons des limites actuelles pour repenser le cycle produit, en int\u00e9grant plus fortement les probl\u00e9matiques de manufacturing\u00a0?<\/p><\/div><\/div><\/div><\/div><\/section>\n\n\n\n<section class=\"wp-block-cg-blocks-group undefined section section--article-content\"><div class=\"article-main-content\"><div class=\"container\"><div class=\"grid-container\"><div><div class=\"article-text article-quote-text\">\n<h2 class=\"wp-block-heading\" id=\"h-acceleration-de-la-production-pourquoi-cela-prend-du-temps-nbsp\">Acc\u00e9l\u00e9ration de la production, pourquoi cela prend du temps&nbsp;?<\/h2>\n\n\n\n<p>La gestion de la production constitue depuis de nombreuses ann\u00e9es l\u2019enjeu num\u00e9ro 1 des industriels du secteur de la D\u00e9fense, notamment dans l\u2019a\u00e9ronautique et le spatial. Au-del\u00e0 du buzzword, la probl\u00e9matique n\u2019est pas nouvelle, mais elle est exacerb\u00e9e par les cons\u00e9quences des conflits actuels et notamment de la guerre en Ukraine. Elle est venue rappeler l\u2019importance de la haute intensit\u00e9 et son corolaire de production de masse. Ce sujet \u00e9tait jusqu\u2019\u00e0 pr\u00e9sent moins prioritaire pour les pays europ\u00e9ens, concentr\u00e9s sur un maintien du savoir-faire et la p\u00e9n\u00e9tration de march\u00e9s export autour d\u2019\u00e9quipements tr\u00e8s technologiques. Par ailleurs, l\u2019appareil de production des industries de D\u00e9fense doit \u00e9galement composer avec des designs de produits datant des ann\u00e9es 1980-90, pas toujours adapt\u00e9s aux outils actuels, notamment num\u00e9riques.<\/p>\n\n\n\n<blockquote class=\"wp-block-quote is-layout-flow wp-block-quote-is-layout-flow\">\n<p>\u00ab&nbsp;Le secteur de la D\u00e9fense doit passer d\u2019une forme d\u2019artisanat de petites s\u00e9ries \u00e0 haute valeur technologique \u00e0 une industrialisation forte. Si je devais faire une analogie, je dirais qu\u2019il s\u2019agit de passer de l\u2019horlogerie de grand luxe au mass market premium&nbsp;\u00bb.<\/p>\n<cite><br><a href=\"https:\/\/www.linkedin.com\/in\/andreas-conradi\/\"><\/a><\/cite><\/blockquote>\n\n\n\n<p>Cela a conduit les nombreux acteurs \u00e9voluant \u00e0 la fois sur les march\u00e9s civils et militaires \u00e0 privil\u00e9gier d\u2019abord les d\u00e9veloppements de production du monde civil sur des march\u00e9s en tr\u00e8s forte croissance (naval, a\u00e9ronautique, spatial, etc.), puis le cloisonnement fort entre les activit\u00e9s (cons\u00e9quence du secret-d\u00e9fense, mais aussi de facteurs culturels) poussant \u00e0 peu de transfert d\u2019effets d\u2019exp\u00e9rience entre les deux mondes.<\/p>\n\n\n\n<p>Face \u00e0 la hausse de la demande actuelle, r\u00e9activer des chaines de production et augmenter les cadences prend alors un temps difficilement compressible. Ces d\u00e9lais sont d\u2019autant plus longs que ce secteur tr\u00e8s technique et n\u00e9cessitant un temps d\u2019apprentissage important a perdu certains personnels exp\u00e9riment\u00e9s (retraite, externalisation, cons\u00e9quences du COVID, etc.). Au-del\u00e0, les difficult\u00e9s de recrutement sont renforc\u00e9es par la question des habilitations de s\u00e9curit\u00e9 qui peuvent prendre jusqu\u2019\u00e0 un an et une image du secteur toujours d\u00e9grad\u00e9e chez une partie de la population.<\/p>\n\n\n\n<p>Le secteur de la D\u00e9fense reste enfin tr\u00e8s fragment\u00e9, avec de nombreuses PME disposant de capacit\u00e9s d\u2019investissement plus r\u00e9duites. Cela conduit \u00e0 ralentir la mont\u00e9e en charge de la supply chain, d\u2019autant plus que la continuit\u00e9 num\u00e9rique est encore tr\u00e8s peu d\u00e9velopp\u00e9e entre les acteurs rendant plus difficile le suivi par les grands donneurs d\u2019ordre. Pour Matthieu Ritter, directeur du segment Aerospatiale et D\u00e9fense en France :<\/p>\n\n\n\n<blockquote class=\"wp-block-quote is-layout-flow wp-block-quote-is-layout-flow\">\n<p> \u00ab&nbsp;On observe n\u00e9anmoins un mouvement de concentration de la fili\u00e8re qui devrait s\u2019amplifier, autour de gros industriels et de l\u2019arriv\u00e9e de fonds d\u2019investissements d\u00e9di\u00e9s. Mais tout cela prend du temps \u00bb.<\/p>\n<\/blockquote>\n\n\n\n<h2 class=\"wp-block-heading\" id=\"h-entre-lean-et-pragmatisme-numerique\">Entre lean et pragmatisme num\u00e9rique<\/h2>\n\n\n\n<p>La mont\u00e9e en puissance de la production est <em>\u00ab&nbsp;sans doute la probl\u00e9matique la plus complexe pour le secteur de la D\u00e9fense, car vous devez tout changer&nbsp;:&nbsp;de la fa\u00e7on dont vous qualifiez le besoin, \u00e0 la gestion des pi\u00e8ces d\u00e9tach\u00e9es, en passant par la fa\u00e7on de designer les syst\u00e8mes, de les produire, d\u2019organiser la supply chain, etc.<\/em> \u00bb pr\u00e9cise Andreas Conradi.<\/p>\n\n\n\n<p>Face \u00e0 ce mur, trois leviers peuvent \u00eatre actionn\u00e9s \u00e0 court et moyen termes. Le premier concerne l\u2019augmentation des capacit\u00e9s coupl\u00e9 \u00e0 des gains de productivit\u00e9 par ligne d\u2019assemblage via un retour des d\u00e9marches lean,&nbsp; De nombreux projets de ram-up ont \u00e9t\u00e9 lanc\u00e9s, avec par exemple l\u2019ajout d\u2019une \u00e9quipe pour un passage aux 3&#215;8, etc. Pour Elodie R\u00e9gis, VP Aerospace &amp; Defense chez Capgemini Invent :<\/p>\n\n\n\n<blockquote class=\"wp-block-quote is-layout-flow wp-block-quote-is-layout-flow\">\n<p>\u00ab&nbsp;Ce levier a d\u00e9j\u00e0 \u00e9t\u00e9 activ\u00e9 dans la plupart des organisations, avec des r\u00e9sultats limit\u00e9s par les difficult\u00e9s de recrutement et aussi car c\u2019est tout l\u2019\u00e9cosyst\u00e8me de la production qu\u2019il faut mobiliser ( logistique, service qualit\u00e9, mais aussi \u00e9quipes de maintenance, m\u00e9thodes &nbsp;etc.)&nbsp;\u00bb.<\/p>\n<\/blockquote>\n\n\n\n<p>Le deuxi\u00e8me levier vise l\u2019\u00e9largissement des lignes existantes avec un d\u00e9doublement de certaines stations identifi\u00e9es comme des goulots d\u2019\u00e9tranglement. \u00ab&nbsp;<em>On est cependant d\u00e9j\u00e0 sur un niveau de travaux plus important \u00e0 mener sur les b\u00e2timents, les r\u00e9seaux, et une complexit\u00e9 pour les r\u00e9aliser tout en continuant la production&nbsp;\u00bb, <\/em>nous pr\u00e9cise Elodie R\u00e9gis.<\/p>\n\n\n\n<p>Le troisi\u00e8me levier est compl\u00e9mentaire des deux autres. Il s\u2019agit de l\u2019organisation plus g\u00e9n\u00e9rale de la production&nbsp;: limitation du chemin critique avec ses fournisseurs, consolidation de sa supply chain, \u00e9l\u00e9ments de transformation num\u00e9rique s\u2019ils g\u00e9n\u00e8rent des gains rapides de productivit\u00e9, sans risques sur les capacit\u00e9s, etc. On observe ainsi la mise en \u0153uvre d\u2019architectures de source unique de v\u00e9rit\u00e9 (<em>single source of truth<\/em>) avec une consolidation de l\u2019ensemble des acteurs du ramp-up dans un datalake unique, s\u00e9curis\u00e9, partag\u00e9 pour mieux exploiter la donn\u00e9e disponible, faciliter la planification et le suivi des pi\u00e8ces, des outillages, des comp\u00e9tences et des op\u00e9rations, identifier les points de rupture et les zones de risques de la supply chain, mettre en place des d\u00e9marches de <em>Supplier recovery<\/em>, et gagner quelques pr\u00e9cieux points de productivit\u00e9.<\/p>\n\n\n\n<p>Elodie R\u00e9gis analyse :<\/p>\n\n\n\n<blockquote class=\"wp-block-quote is-layout-flow wp-block-quote-is-layout-flow\">\n<p>\u00ab&nbsp;Au final, la construction de nouvelles usines ou de nouvelles lignes de production s\u2019inscrit tellement dans le temps long qu\u2019elle ne peut pas constituer la seule r\u00e9ponse aux besoins de ramp-up imm\u00e9diats du secteur de la D\u00e9fense et de l\u2019armement \u00bb.<\/p>\n<\/blockquote>\n\n\n\n<h2 class=\"wp-block-heading\" id=\"h-apprendre-d-aujourd-hui-pour-mieux-preparer-le-futur\"><strong>Apprendre d\u2019aujourd\u2019hui pour mieux pr\u00e9parer le futur<\/strong><\/h2>\n\n\n\n<p>Les programmes industriels de D\u00e9fense doivent donc int\u00e9grer des niveaux d\u2019exigences technologiques, techniques et de s\u00e9curit\u00e9 tr\u00e8s importants, qui n\u2019ont souvent pas pris en compte certaines contraintes industrielles. L\u2019un des enjeux des futurs programmes sera ainsi de r\u00e9concilier et de mieux aligner les mondes de l\u2019engineering et du manufacturing pour simplifier et standardiser les designs, en int\u00e9grant par exemple les bonnes pratiques du civil, en privil\u00e9giant des approches d\u2019ing\u00e9nierie des syst\u00e8mes bas\u00e9e sur le mod\u00e8le (ou MBSE), en faisant appel \u00e0 la simulation et au collaboratif, en tirant parti de l\u2019ensemble des innovations num\u00e9riques de ces derni\u00e8res ann\u00e9es (Gen AI, cloud, etc.), avec la continuit\u00e9 num\u00e9rique au c\u0153ur.<\/p>\n\n\n\n<p>Le secteur de la D\u00e9fense doit r\u00e9fl\u00e9chir \u00e0 int\u00e9grer de nouvelles contraintes \u00e0 sa feuille de route pour r\u00e9ussir le d\u00e9fi de la mont\u00e9e en cadence, comme&nbsp;:<\/p>\n\n\n\n<ul class=\"wp-block-list\">\n<li>la place des d\u00e9marches low cost \/ syst\u00e8mes \u00ab&nbsp;jetables&nbsp;\u00bb (drones, etc.) qui sont loin des \u00e9tats d\u2019esprit actuels,<\/li>\n\n\n\n<li>l\u2019\u00e9conomie circulaire pour r\u00e9pondre aux futures batailles pour les ressources cl\u00e9s (acier, titane, aluminium, etc.) entre mondes civil et militaire,<\/li>\n\n\n\n<li>ou encore comme la rationalisation de supply chains tr\u00e8s \u00e9tendues et donc vuln\u00e9rables, y compris sur des enjeux de souverainet\u00e9.<\/li>\n<\/ul>\n\n\n\n<p>Tout cela implique de changer les m\u00e9thodes de collaboration, notamment entre les industriels, et de travailler sur l\u2019humain pour renforcer le sens, faire \u00e9voluer les mentalit\u00e9s d\u2019un monde d\u2019ing\u00e9nieurs ultra-experts et faire monter en comp\u00e9tences les collaborateurs pour gagner en agilit\u00e9 et pouvoir s\u2019adapter \u00e0 l\u2019\u00e9volution des besoins militaires et au contexte g\u00e9opolitique de mani\u00e8re plus efficace qu\u2019aujourd\u2019hui.<\/p>\n<\/div><\/div><\/div><\/div><\/div><\/section>\n\n\n\n<section class=\" section section--expert-slider wrapper-people-slider wp-block-cg-blocks-wrapper-people-slider undefined\"><div class=\"container\"><div class=\"row\"><div class=\"content-title col-12 col-md-8\"><h2 data-maxlength=\"34\" class=\"people-heading-title\">Auteurs<\/h2><\/div><\/div><\/div><div class=\"slider slider-boxed\"><div class=\"container\"><div class=\"slider-window\"><div class=\"slider-list\">\t\t<div class=\"slide\">\n\t\t\t<div class=\"box\">\n\t\t\t\t<div class=\"row\">\n\t\t\t\t\t<div class=\"col-md-6 col-lg-4 box-img-wrapper\">\n\t\t\t\t\t\t<img decoding=\"async\" loading=\"lazy\" src=\"https:\/\/www.capgemini.com\/fr-fr\/wp-content\/uploads\/sites\/6\/2024\/06\/1670586170251.jpg\" alt=\"Andreas Conradi\"\/>\n\t\t\t\t\t<\/div>\n\t\t\t\t\t<div class=\"col-md-6 col-lg-8 box-inner\">\n\t\t\t\t\t\t<div class=\"row title-social-media-header\">\n\t\t\t\t\t\t\t<div class=\"col-md-12 col-lg-6 mbl-social-icon\">\n\t\t\t\t\t\t\t\t<ul class=\"social-nav\">\n\t\t\t\t\t\t\t\t\t\t\t\t\t\t\t\t\t\t\t\t\t\t\t\t\t\t\t\t\t\t\t\t\t\t\t\t\t\t\t\t\t\t\t\t\t\t\t\t\t\t\t\t\t\t\t<li><a aria-label=\"Linkedin\" target=\"_blank\" title=\"Ouvrir dans une nouvelle fen\u00eatre\" href=\"https:\/\/www.linkedin.com\/in\/andreas-conradi\/\"><i aria-hidden=\"true\" class=\"icon-li\"><\/i><\/a><\/li>\n\t\t\t\t\t\t\t\t\t\t\t\t\t\t\t\t\t<\/ul>\n\t\t\t\t\t\t\t<\/div>\n\t\t\t\t\t\t\t<div class=\"col-md-12 col-lg-6 box-container\">\n\t\t\t\t\t\t\t\t<div class=\"box-title\">\n\t\t\t\t\t\t\t\t\t<h3 class=\"people-profile-title\">Andreas Conradi<\/h3>\n\t\t\t\t\t\t\t\t<\/div>\n\t\t\t\t\t\t\t\t\t\t\t\t\t\t\t\t\t<span>EVP, Directeur Europe D\u00e9fense, Capgemini<\/span>\n\t\t\t\t\t\t\t\t\t\t\t\t\t\t\t<\/div>\n\t\t\t\t\t\t\t<div class=\"col-md-12 col-lg-6 social-box-container dkt-social-icon\">\n\t\t\t\t\t\t\t\t<ul class=\"social-nav\">\n\t\t\t\t\t\t\t\t\t\t\t\t\t\t\t\t\t\t\t\t\t\t\t\t\t\t\t\t\t\t\t\t\t\t\t\t\t\t\t\t\t\t\t\t\t\t\t\t\t\t\t\t\t\t\t<li><a aria-label=\"Linkedin\" target=\"_blank\" title=\"Ouvrir dans une nouvelle fen\u00eatre\" href=\"https:\/\/www.linkedin.com\/in\/andreas-conradi\/\"><i aria-hidden=\"true\" class=\"icon-li\"><\/i><\/a><\/li>\n\t\t\t\t\t\t\t\t\t\t\t\t\t\t\t\t\t<\/ul>\n\t\t\t\t\t\t\t<\/div>\n\t\t\t\t\t\t<\/div>\n\t\t\t\t\t\t\t\t\t\t\t\t\t<div class=\"people-info\">Depuis mars 2023, Andreas est \u00e0 la t\u00eate du segment Europe D\u00e9fense chez Capgemini. \u00c0 ce titre, il est responsable des activit\u00e9s de Capgemini avec l\u2019industrie de la d\u00e9fense ainsi qu\u2019avec les minist\u00e8res de la D\u00e9fense et les forces arm\u00e9es en Europe et \u00e0 l\u2019OTAN. Andreas est un expert confirm\u00e9 du secteur, avec une exp\u00e9rience soutenue en tant que haut fonctionnaire \u00e0 la t\u00eate du minist\u00e8re allemand de la D\u00e9fense, notamment en tant que Directeur du Cabinet de la ministre de la D\u00e9fense Ursula von der Leyen. Il dispose d\u2019une compr\u00e9hension approfondie de la structure et du fonctionnement du secteur de la d\u00e9fense public et priv\u00e9 en Europe.<\/div>\n\t\t\t\t\t\t\t\t\t\t\t<\/div>\n\t\t\t\t<\/div>\n\t\t\t<\/div>\n\t\t\t\t\t<\/div>\n\t\t\n\n\t\t<div class=\"slide\">\n\t\t\t<div class=\"box\">\n\t\t\t\t<div class=\"row\">\n\t\t\t\t\t<div class=\"col-md-6 col-lg-4 box-img-wrapper\">\n\t\t\t\t\t\t<img decoding=\"async\" loading=\"lazy\" src=\"https:\/\/www.capgemini.com\/fr-fr\/wp-content\/uploads\/sites\/6\/2024\/11\/Elodie-Regis-PC.png\" alt=\"Elodie R\u00e9gis\"\/>\n\t\t\t\t\t<\/div>\n\t\t\t\t\t<div class=\"col-md-6 col-lg-8 box-inner\">\n\t\t\t\t\t\t<div class=\"row title-social-media-header\">\n\t\t\t\t\t\t\t<div class=\"col-md-12 col-lg-6 mbl-social-icon\">\n\t\t\t\t\t\t\t\t<ul class=\"social-nav\">\n\t\t\t\t\t\t\t\t\t\t\t\t\t\t\t\t\t\t\t\t\t\t\t\t\t\t\t\t\t\t\t\t\t\t\t\t\t\t\t\t\t\t\t\t\t\t\t\t\t\t\t\t\t\t\t<li><a aria-label=\"Linkedin\" target=\"_blank\" title=\"Ouvrir dans une nouvelle fen\u00eatre\" href=\"https:\/\/www.linkedin.com\/in\/elodie-regis\/\"><i aria-hidden=\"true\" class=\"icon-li\"><\/i><\/a><\/li>\n\t\t\t\t\t\t\t\t\t\t\t\t\t\t\t\t\t<\/ul>\n\t\t\t\t\t\t\t<\/div>\n\t\t\t\t\t\t\t<div class=\"col-md-12 col-lg-6 box-container\">\n\t\t\t\t\t\t\t\t<div class=\"box-title\">\n\t\t\t\t\t\t\t\t\t<h3 class=\"people-profile-title\">Elodie R\u00e9gis<\/h3>\n\t\t\t\t\t\t\t\t<\/div>\n\t\t\t\t\t\t\t\t\t\t\t\t\t\t\t\t\t<span>VP Aerospace &amp; Defense, Capgemini Invent<\/span>\n\t\t\t\t\t\t\t\t\t\t\t\t\t\t\t<\/div>\n\t\t\t\t\t\t\t<div class=\"col-md-12 col-lg-6 social-box-container dkt-social-icon\">\n\t\t\t\t\t\t\t\t<ul class=\"social-nav\">\n\t\t\t\t\t\t\t\t\t\t\t\t\t\t\t\t\t\t\t\t\t\t\t\t\t\t\t\t\t\t\t\t\t\t\t\t\t\t\t\t\t\t\t\t\t\t\t\t\t\t\t\t\t\t\t<li><a aria-label=\"Linkedin\" target=\"_blank\" title=\"Ouvrir dans une nouvelle fen\u00eatre\" href=\"https:\/\/www.linkedin.com\/in\/elodie-regis\/\"><i aria-hidden=\"true\" class=\"icon-li\"><\/i><\/a><\/li>\n\t\t\t\t\t\t\t\t\t\t\t\t\t\t\t\t\t<\/ul>\n\t\t\t\t\t\t\t<\/div>\n\t\t\t\t\t\t<\/div>\n\t\t\t\t\t\t\t\t\t\t\t\t\t<div class=\"people-info\">Elodie est responsable de deux sujets principaux chez Capgemini, la mont\u00e9e en puissance de l&#8217;industrie a\u00e9rospatiale et d\u00e9fense et Skywise. Elle a une exp\u00e9rience vari\u00e9e, notamment en tant que directrice de la qualit\u00e9 dans une usine de l&#8217;industrie automobile et en tant que consultante pendant 17 ans. En tant que Vice-pr\u00e9sidente, elle s&#8217;attache \u00e0 aider les clients \u00e0 exploiter la puissance des donn\u00e9es en soutenant l&#8217;acc\u00e9l\u00e9ration num\u00e9rique.<\/div>\n\t\t\t\t\t\t\t\t\t\t\t<\/div>\n\t\t\t\t<\/div>\n\t\t\t<\/div>\n\t\t\t\t\t<\/div>\n\t\t\n\n\t\t<div class=\"slide\">\n\t\t\t<div class=\"box\">\n\t\t\t\t<div class=\"row\">\n\t\t\t\t\t<div class=\"col-md-6 col-lg-4 box-img-wrapper\">\n\t\t\t\t\t\t<img decoding=\"async\" loading=\"lazy\" src=\"https:\/\/www.capgemini.com\/fr-fr\/wp-content\/uploads\/sites\/6\/2023\/04\/Frederic-Grousson-PC.jpg\" alt=\"Fr\u00e9d\u00e9ric Grousson\"\/>\n\t\t\t\t\t<\/div>\n\t\t\t\t\t<div class=\"col-md-6 col-lg-8 box-inner\">\n\t\t\t\t\t\t<div class=\"row title-social-media-header\">\n\t\t\t\t\t\t\t<div class=\"col-md-12 col-lg-6 mbl-social-icon\">\n\t\t\t\t\t\t\t\t<ul class=\"social-nav\">\n\t\t\t\t\t\t\t\t\t\t\t\t\t\t\t\t\t\t\t\t\t\t\t\t\t\t\t\t\t\t\t\t\t\t\t\t\t\t\t\t\t\t\t\t\t\t\t\t\t\t\t\t\t\t\t<li><a aria-label=\"Linkedin\" target=\"_blank\" title=\"Ouvrir dans une nouvelle fen\u00eatre\" href=\"https:\/\/bit.ly\/413EEoi\"><i aria-hidden=\"true\" class=\"icon-li\"><\/i><\/a><\/li>\n\t\t\t\t\t\t\t\t\t\t\t\t\t\t\t\t\t<\/ul>\n\t\t\t\t\t\t\t<\/div>\n\t\t\t\t\t\t\t<div class=\"col-md-12 col-lg-6 box-container\">\n\t\t\t\t\t\t\t\t<div class=\"box-title\">\n\t\t\t\t\t\t\t\t\t<h3 class=\"people-profile-title\">Fr\u00e9d\u00e9ric Grousson<\/h3>\n\t\t\t\t\t\t\t\t<\/div>\n\t\t\t\t\t\t\t\t\t\t\t\t\t\t\t\t\t<span>Head of Aeronautic industry, Capgemini Engineering<\/span>\n\t\t\t\t\t\t\t\t\t\t\t\t\t\t\t<\/div>\n\t\t\t\t\t\t\t<div class=\"col-md-12 col-lg-6 social-box-container dkt-social-icon\">\n\t\t\t\t\t\t\t\t<ul class=\"social-nav\">\n\t\t\t\t\t\t\t\t\t\t\t\t\t\t\t\t\t\t\t\t\t\t\t\t\t\t\t\t\t\t\t\t\t\t\t\t\t\t\t\t\t\t\t\t\t\t\t\t\t\t\t\t\t\t\t<li><a aria-label=\"Linkedin\" target=\"_blank\" title=\"Ouvrir dans une nouvelle fen\u00eatre\" href=\"https:\/\/bit.ly\/413EEoi\"><i aria-hidden=\"true\" class=\"icon-li\"><\/i><\/a><\/li>\n\t\t\t\t\t\t\t\t\t\t\t\t\t\t\t\t\t<\/ul>\n\t\t\t\t\t\t\t<\/div>\n\t\t\t\t\t\t<\/div>\n\t\t\t\t\t\t\t\t\t\t\t<\/div>\n\t\t\t\t<\/div>\n\t\t\t<\/div>\n\t\t\t\t\t<\/div>\n\t\t<\/div><\/div><\/div><div class=\"slider-nav\"><button class=\"slider-prev inactive\" aria-label=\"Curseur pr\u00e9c\u00e9dent\" tabindex=\"-1\"><\/button><ul class=\"slider-paginator\"><\/ul><button class=\"slider-next\" aria-label=\"Curseur suivant\"><\/button><\/div><\/div><\/section>\n\n\n\n\t\t<section\n\t\t\tclass=\"section section--lifeatcap-learning section--event-slider-careerInvent \">\n\n\t\t\t<div class=\"container\">\n\t\t\t\t<div class='career-invent-header'>\n\t\t\t\t\t\t\t\t\t\t\t\t\t\t<\/div>\n\t\t\t<\/div>\n\n\t\t\t<div class=\"slider slider-fader 0b5990b2-63fb-4899-b429-5bd68698a211\">\n\t\t\t\t\t\t\t\t<div\n\t\t\t\t\tclass=\"slider-list \">\n\t\t\t\t\t\t\t\t\t\t\t<div\n\t\t\t\t\t\t\tclass=\"slide active \">\n\t\t\t\t\t\t\t<div\n\t\t\t\t\t\t\t\tclass=\"slide-bg-wrapper wp-block-cg-blocks-career-invent \">\n\t\t\t\t\t\t\t\t<div class=\"bgImagesection\">\n\t\t\t\t\t\t\t\t\t\t\t\t\t\t\t\t\t\t\t<div class=\"bgColor\"><\/div>\n\t\t\t\t\t\t\t\t\t\n\t\t\t\t\t\t\t\t\t<div class=\"container slide-info-wrapper\">\n\t\t\t\t\t\t\t\t\t\t<div class=\"row\">\n\t\t\t\t\t\t\t\t\t\t\t<div\n\t\t\t\t\t\t\t\t\t\t\t\tclass=\"col-md-6 col-sm-12 box-inner \">\n\t\t\t\t\t\t\t\t\t\t\t\t\t\t\t\t\t\t\t\t\t\t\t\t\t<div class=\"bgColor\"><\/div>\n\t\t\t\t\t\t\t\t\t\t\t\t\t\t\t\t\t\t\t\t\t\t\t\t\t\t\t\t\t\t\t\t\t\t\t\t\t<div\n\t\t\t\t\t\t\t\t\t\t\t\t\t\tclass=\"content-title \">\n\t\t\t\t\t\t\t\t\t\t\t\t\t\t<h3 class=\"explore-header\"\n\t\t\t\t\t\t\t\t\t\t\t\t\t\t\tdata-maxlength=\"68\"\n\t\t\t\t\t\t\t\t\t\t\t\t\t\t\ttitle=\"D\u00e9fense\">\n\t\t\t\t\t\t\t\t\t\t\t\t\t\t\tD\u00e9fense\t\t\t\t\t\t\t\t\t\t\t\t\t\t<\/h3>\n\t\t\t\t\t\t\t\t\t\t\t\t\t<\/div>\n\t\t\t\t\t\t\t\t\t\t\t\t\n\t\t\t\t\t\t\t\t\t\t\t\t\t\t\t\t\t\t\t\t\t\t\t\t\t\t\t\t\t\t\t\t\t\t\t\t\t\t\t<div\n\t\t\t\t\t\t\t\t\t\t\t\t\t\t\tclass=\"box-title \">\n\t\t\t\t\t\t\t\t\t\t\t\t\t\t\t<h4 data-maxlength=\"144\"\n\t\t\t\t\t\t\t\t\t\t\t\t\t\t\t\ttitle=\"Dans le secteur de la d\u00e9fense, la technologie num\u00e9rique joue d\u00e9sormais un r\u00f4le crucial.\"\n\t\t\t\t\t\t\t\t\t\t\t\t\t\t\t\tstyle=\"white-space: pre-wrap;\">\n\t\t\t\t\t\t\t\t\t\t\t\t\t\t\t\tDans le secteur de la d\u00e9fense, la technologie num\u00e9rique joue d\u00e9sormais un r\u00f4le crucial.\t\t\t\t\t\t\t\t\t\t\t\t\t\t\t<\/h4>\n\t\t\t\t\t\t\t\t\t\t\t\t\t\t<\/div>\n\t\t\t\t\t\t\t\t\t\t\t\t\t\t\t\t\t\t\t\t\t\t\t\t\t\n\t\t\t\t\t\t\t\t\t\t\t\t\t\t\t\t\t\t\t\t\t\t\t\t\t<div >\n\t\t\t\t\t\t\t\t\t\t\t\t\t\t\t\t\t\t\t\t\t\t\t\t\t\t\t<\/div>\n\t\t\t\t\t\t\t\t\t\t\t\t\n\t\t\t\t\t\t\t\t\t\t\t\t\t\t\t\t\t\t\t\t\t\t\t\t\t\t\t\t\t\t\t\t\t\t\t\t\t<div class=\"btnDiv\"> <a class=\"more2\" data-maxlength=\"24\" aria-label=\"En savoir plus A propos D\u00e9fense\"\n\t\t\t\t\t\t\t\t\t\t\t\t\t\t tabindex=\"0\" href=\"https:\/\/www.capgemini.com\/fr-fr\/secteurs\/secteur-public\/defense\/\"\n\t\t\t\t\t\t\t\t\t\t\t\t\t\t\ttarget=\"\">\n\t\t\t\t\t\t\t\t\t\t\t\t\t\tEn savoir plus\t\t\t\t\t\t\t\t\t\t\t\t\t<\/a> <\/div>\n\t\t\t\t\t\t\t\t\t\t\t\t\t\t\t\t\t\t\t\t\t\t\t\t\t\n\n\n\t\t\t\t\t\t\t\t\t\t\t<\/div>\n\n\t\t\t\t\t\t\t\t\t\t\t<div class=\"col-md-6 col-sm-12 text-right box-img-wrapper escaper escaper-right\">\n\t\t\t\t\t\t\t\t\t\t\t\t\n\n\t\t\t\t\t\t\t\t\t\t\t\t<picture>\n\t\t\t\t\t\t\t\t\t\t\t\t\t<source\n\t\t\t\t\t\t\t\t\t\t\t\t\t\tsrcset=\"https:\/\/www.capgemini.com\/fr-fr\/wp-content\/uploads\/sites\/6\/2022\/02\/Capgemini_Public-Sector_Defense-1.jpg?w=1200&amp;quality=90 1x, https:\/\/www.capgemini.com\/fr-fr\/wp-content\/uploads\/sites\/6\/2022\/02\/Capgemini_Public-Sector_Defense-1.jpg?w=1200&amp;quality=90 2x\"\n\t\t\t\t\t\t\t\t\t\t\t\t\t\tmedia=\"(min-width: 1500px)\" \/>\n\t\t\t\t\t\t\t\t\t\t\t\t\t<source\n\t\t\t\t\t\t\t\t\t\t\t\t\t\tsrcset=\"https:\/\/www.capgemini.com\/fr-fr\/wp-content\/uploads\/sites\/6\/2022\/02\/Capgemini_Public-Sector_Defense-1.jpg?w=600&amp;quality=90 1x, https:\/\/www.capgemini.com\/fr-fr\/wp-content\/uploads\/sites\/6\/2022\/02\/Capgemini_Public-Sector_Defense-1.jpg?w=1200&amp;quality=90 2x\"\n\t\t\t\t\t\t\t\t\t\t\t\t\t\tmedia=\"(min-width: 992px)\" \/>\n\t\t\t\t\t\t\t\t\t\t\t\t\t<source\n\t\t\t\t\t\t\t\t\t\t\t\t\t\tsrcset=\"https:\/\/www.capgemini.com\/fr-fr\/wp-content\/uploads\/sites\/6\/2022\/02\/Capgemini_Public-Sector_Defense-1.jpg?w=400&amp;quality=90 1x, https:\/\/www.capgemini.com\/fr-fr\/wp-content\/uploads\/sites\/6\/2022\/02\/Capgemini_Public-Sector_Defense-1.jpg?w=800&amp;quality=90 2x\"\n\t\t\t\t\t\t\t\t\t\t\t\t\t\tmedia=\"(min-width: 768px)\" \/>\n\t\t\t\t\t\t\t\t\t\t\t\t\t<source\n\t\t\t\t\t\t\t\t\t\t\t\t\t\tsrcset=\"https:\/\/www.capgemini.com\/fr-fr\/wp-content\/uploads\/sites\/6\/2022\/02\/Capgemini_Public-Sector_Defense-1.jpg?w=400&amp;quality=90 1x, https:\/\/www.capgemini.com\/fr-fr\/wp-content\/uploads\/sites\/6\/2022\/02\/Capgemini_Public-Sector_Defense-1.jpg?w=800&amp;quality=90 2x\"\n\t\t\t\t\t\t\t\t\t\t\t\t\t\tmedia=\"(min-width: 0)\" \/>\n\n\n\t\t\t\t\t\t\t\t\t\t\t\t\t<img loading=\"lazy\" class=\"box-img\"\n\t\t\t\t\t\t\t\t\t\t\t\t\t\tsrc=\"https:\/\/www.capgemini.com\/fr-fr\/wp-content\/uploads\/sites\/6\/2022\/02\/Capgemini_Public-Sector_Defense-1.jpg\"\n\t\t\t\t\t\t\t\t\t\t\t\t\t\tstyle=\"\n\t\t\t\t\t\t\t\t\t\t\t\t\t\tobject-position: 50% 50%; object-fit: cover;\t\t\t\t\t\t\t\t\t\t\t\t\t\t\t\t\t\" alt=\"\" \/>\n\n\t\t\t\t\t\t\t\t\t\t\t\t<\/picture>\n\t\t\t\t\t\t\t\t\t\t\t\t<!-- <img decoding=\"async\" class=\"box-img\" src=\"\n\t\t\t\t\t\t\t\t\t\t\t\t\t\t\t\t\t\t\t\t\t\t\t\t\t\t\t\"\n\t\t\t\t\t\t\t\t\t\t\tstyle=\"\n\t\t\t\t\t\t\t\t\t\t\t\t\t\t\t\t\t\t\t\t\t\t\t\t\t\" alt=\"\"\n\t\t\t\t\t\t\t\t\t\t\/> -->\n\t\t\t\t\t\t\t\t\t\t\t<\/div>\n\t\t\t\t\t\t\t\t\t\t<\/div>\n\t\t\t\t\t\t\t\t\t<\/div>\n\t\t\t\t\t\t\t\t<\/div>\n\t\t\t\t\t\t\t\t<div class=\"\">\n\t\t\t\t\t\t\t\t<\/div>\n\t\t\t\t\t\t\t\t<div class=\"slide-reveal\"><\/div>\n\t\t\t\t\t\t\t<\/div>\n\t\t\t\t\t\t<\/div>\n\t\t\t\t\t\n\t\t\t\t<\/div>\n\n\t\t\t\t\n\t\t\t<\/div>\n\n\t\t<\/section>\n\n\t\t","protected":false},"excerpt":{"rendered":"<p>Les conflits arm\u00e9s en cours constituent un rappel malheureux de l\u2019importance \u00e0 disposer d\u2019armements, d\u2019hommes et de munitions en grande quantit\u00e9. Un d\u00e9fi pour les industriels europ\u00e9ens du secteur de la D\u00e9fense, souvent concentr\u00e9s sur des syst\u00e8mes d\u2019armes complexes et fortement technologiques, produits en petites s\u00e9ries.<\/p>\n","protected":false},"author":157,"featured_media":770647,"comment_status":"closed","ping_status":"closed","sticky":false,"template":"","format":"standard","meta":{"cg_dt_proposed_to":[21,41],"cg_seo_hreflang_relations":"[]","cg_seo_canonical_relation":"","cg_seo_hreflang_x_default_relation":"{\"uuid\":\"9db2ea62-4049-4125-bbca-2f535104332b\",\"blogId\":\"\",\"domain\":\"\",\"sitePath\":\"\",\"postLink\":\"\",\"postId\":null,\"isSaved\":true,\"isCrossLink\":false,\"hasCrossLink\":false}","cg_dt_approved_content":true,"cg_dt_mandatory_content":false,"cg_dt_notes":"","cg_dg_source_changed":false,"cg_dt_link_disabled":true,"_yoast_wpseo_primary_brand":"30","_jetpack_memberships_contains_paid_content":false,"footnotes":"","featured_focal_points":"{\"x\":0.49,\"y\":0.51}"},"categories":[138],"tags":[190,687],"brand":[30],"service":[],"industry":[23,131],"partners":[],"blog-topic":[363],"content-group":[],"class_list":["post-770012","post","type-post","status-publish","format-standard","has-post-thumbnail","hentry","category-transformation","tag-aerospace","tag-defense-et-securite","brand-capgemini","industry-aerospatiale-and-defense","industry-secteur-public","blog-topic-transformation"],"yoast_head":"<!-- This site is optimized with the Yoast SEO Premium plugin v22.8 (Yoast SEO v22.8) - https:\/\/yoast.com\/wordpress\/plugins\/seo\/ -->\n<title>L&#039;industrie de la D\u00e9fense face au d\u00e9fi de l&#039;acc\u00e9l\u00e9ration de la production - Capgemini France<\/title>\n<meta name=\"description\" content=\"Les conflits arm\u00e9s en cours constituent un rappel malheureux de l\u2019importance \u00e0 disposer d\u2019armements, d\u2019hommes et de munitions en grande quantit\u00e9. Un d\u00e9fi pour les industriels europ\u00e9ens du secteur de la D\u00e9fense, souvent concentr\u00e9s sur des syst\u00e8mes d\u2019armes complexes et fortement technologiques, produits en petites s\u00e9ries.\" \/>\n<meta name=\"robots\" content=\"index, follow, max-snippet:-1, max-image-preview:large, max-video-preview:-1\" \/>\n<link rel=\"canonical\" href=\"https:\/\/www.capgemini.com\/fr-fr\/perspectives\/blog\/industrie-defense-defi-acceleration-production\/\" \/>\n<meta property=\"og:locale\" content=\"fr_FR\" \/>\n<meta property=\"og:type\" content=\"article\" \/>\n<meta property=\"og:title\" content=\"L&#039;industrie de la D\u00e9fense face au d\u00e9fi de l&#039;acc\u00e9l\u00e9ration de la production\" \/>\n<meta property=\"og:description\" content=\"Les conflits arm\u00e9s en cours constituent un rappel malheureux de l\u2019importance \u00e0 disposer d\u2019armements, d\u2019hommes et de munitions en grande quantit\u00e9. Un d\u00e9fi pour les industriels europ\u00e9ens du secteur de la D\u00e9fense, souvent concentr\u00e9s sur des syst\u00e8mes d\u2019armes complexes et fortement technologiques, produits en petites s\u00e9ries.\" \/>\n<meta property=\"og:url\" content=\"https:\/\/www.capgemini.com\/fr-fr\/perspectives\/blog\/industrie-defense-defi-acceleration-production\/\" \/>\n<meta property=\"og:site_name\" content=\"Capgemini France\" \/>\n<meta property=\"article:published_time\" content=\"2024-11-26T11:13:28+00:00\" \/>\n<meta property=\"article:modified_time\" content=\"2026-03-05T09:26:06+00:00\" \/>\n<meta property=\"og:image\" content=\"https:\/\/www.capgemini.com\/fr-fr\/wp-content\/uploads\/sites\/6\/2024\/12\/2024-FR-WP-Blog-RampUp_c511dc.jpg\" \/>\n\t<meta property=\"og:image:width\" content=\"640\" \/>\n\t<meta property=\"og:image:height\" content=\"360\" \/>\n\t<meta property=\"og:image:type\" content=\"image\/jpeg\" \/>\n<meta name=\"author\" content=\"Andreas Conradi, Matthieu Ritter, Elodie R\u00e9gis &amp; Fr\u00e9d\u00e9ric Grousson\" \/>\n<meta name=\"twitter:card\" content=\"summary_large_image\" \/>\n<meta name=\"twitter:label1\" content=\"Written by\" \/>\n\t<meta name=\"twitter:data1\" content=\"cyrille.joseph-lockel@capgemini.com\" \/>\n\t<meta name=\"twitter:label2\" content=\"Est. reading time\" \/>\n\t<meta name=\"twitter:data2\" content=\"6 minutes\" \/>\n<script type=\"application\/ld+json\" class=\"yoast-schema-graph\">{\"@context\":\"https:\/\/schema.org\",\"@graph\":[{\"@type\":\"Article\",\"@id\":\"https:\/\/www.capgemini.com\/fr-fr\/perspectives\/blog\/industrie-defense-defi-acceleration-production\/#article\",\"isPartOf\":{\"@id\":\"https:\/\/www.capgemini.com\/fr-fr\/perspectives\/blog\/industrie-defense-defi-acceleration-production\/\"},\"author\":{\"name\":\"cyrille.joseph-lockel@capgemini.com\",\"@id\":\"https:\/\/www.capgemini.com\/fr-fr\/#\/schema\/person\/e922bbd437d35f33254692aa73b85778\"},\"headline\":\"L&#8217;industrie de la D\u00e9fense face au d\u00e9fi de l&#8217;acc\u00e9l\u00e9ration de la production\",\"datePublished\":\"2024-11-26T11:13:28+00:00\",\"dateModified\":\"2026-03-05T09:26:06+00:00\",\"mainEntityOfPage\":{\"@id\":\"https:\/\/www.capgemini.com\/fr-fr\/perspectives\/blog\/industrie-defense-defi-acceleration-production\/\"},\"wordCount\":1435,\"publisher\":{\"@id\":\"https:\/\/www.capgemini.com\/fr-fr\/#organization\"},\"image\":{\"@id\":\"https:\/\/www.capgemini.com\/fr-fr\/perspectives\/blog\/industrie-defense-defi-acceleration-production\/#primaryimage\"},\"thumbnailUrl\":\"https:\/\/www.capgemini.com\/fr-fr\/wp-content\/uploads\/sites\/6\/2024\/12\/2024-FR-FI-Blog-RampUp-2.jpg\",\"keywords\":[\"A\u00e9ronautique\",\"D\u00e9fense et s\u00e9curit\u00e9\"],\"articleSection\":[\"Transformation\"],\"inLanguage\":\"fr-FR\"},{\"@type\":\"WebPage\",\"@id\":\"https:\/\/www.capgemini.com\/fr-fr\/perspectives\/blog\/industrie-defense-defi-acceleration-production\/\",\"url\":\"https:\/\/www.capgemini.com\/fr-fr\/perspectives\/blog\/industrie-defense-defi-acceleration-production\/\",\"name\":\"L'industrie de la D\u00e9fense face au d\u00e9fi de l'acc\u00e9l\u00e9ration de la production - Capgemini France\",\"isPartOf\":{\"@id\":\"https:\/\/www.capgemini.com\/fr-fr\/#website\"},\"primaryImageOfPage\":{\"@id\":\"https:\/\/www.capgemini.com\/fr-fr\/perspectives\/blog\/industrie-defense-defi-acceleration-production\/#primaryimage\"},\"image\":{\"@id\":\"https:\/\/www.capgemini.com\/fr-fr\/perspectives\/blog\/industrie-defense-defi-acceleration-production\/#primaryimage\"},\"thumbnailUrl\":\"https:\/\/www.capgemini.com\/fr-fr\/wp-content\/uploads\/sites\/6\/2024\/12\/2024-FR-FI-Blog-RampUp-2.jpg\",\"datePublished\":\"2024-11-26T11:13:28+00:00\",\"dateModified\":\"2026-03-05T09:26:06+00:00\",\"description\":\"Les conflits arm\u00e9s en cours constituent un rappel malheureux de l\u2019importance \u00e0 disposer d\u2019armements, d\u2019hommes et de munitions en grande quantit\u00e9. Un d\u00e9fi pour les industriels europ\u00e9ens du secteur de la D\u00e9fense, souvent concentr\u00e9s sur des syst\u00e8mes d\u2019armes complexes et fortement technologiques, produits en petites s\u00e9ries.\",\"inLanguage\":\"fr-FR\",\"potentialAction\":[{\"@type\":\"ReadAction\",\"target\":[\"https:\/\/www.capgemini.com\/fr-fr\/perspectives\/blog\/industrie-defense-defi-acceleration-production\/\"]}]},{\"@type\":\"ImageObject\",\"inLanguage\":\"fr-FR\",\"@id\":\"https:\/\/www.capgemini.com\/fr-fr\/perspectives\/blog\/industrie-defense-defi-acceleration-production\/#primaryimage\",\"url\":\"https:\/\/www.capgemini.com\/fr-fr\/wp-content\/uploads\/sites\/6\/2024\/12\/2024-FR-FI-Blog-RampUp-2.jpg\",\"contentUrl\":\"https:\/\/www.capgemini.com\/fr-fr\/wp-content\/uploads\/sites\/6\/2024\/12\/2024-FR-FI-Blog-RampUp-2.jpg\",\"width\":7010,\"height\":3225},{\"@type\":\"WebSite\",\"@id\":\"https:\/\/www.capgemini.com\/fr-fr\/#website\",\"url\":\"https:\/\/www.capgemini.com\/fr-fr\/\",\"name\":\"Capgemini France\",\"description\":\"Just another www.capgemini.com site\",\"publisher\":{\"@id\":\"https:\/\/www.capgemini.com\/fr-fr\/#organization\"},\"potentialAction\":[{\"@type\":\"SearchAction\",\"target\":{\"@type\":\"EntryPoint\",\"urlTemplate\":\"https:\/\/www.capgemini.com\/fr-fr\/?s={search_term_string}\"},\"query-input\":\"required name=search_term_string\"}],\"inLanguage\":\"fr-FR\"},{\"@type\":\"Organization\",\"@id\":\"https:\/\/www.capgemini.com\/fr-fr\/#organization\",\"name\":\"Capgemini France\",\"url\":\"https:\/\/www.capgemini.com\/fr-fr\/\",\"logo\":{\"@type\":\"ImageObject\",\"inLanguage\":\"fr-FR\",\"@id\":\"https:\/\/www.capgemini.com\/fr-fr\/#\/schema\/logo\/image\/\",\"url\":\"https:\/\/www.capgemini.com\/fr-fr\/wp-content\/uploads\/sites\/6\/2022\/08\/Logo-Capgemini.png\",\"contentUrl\":\"https:\/\/www.capgemini.com\/fr-fr\/wp-content\/uploads\/sites\/6\/2022\/08\/Logo-Capgemini.png\",\"width\":202,\"height\":60,\"caption\":\"Capgemini France\"},\"image\":{\"@id\":\"https:\/\/www.capgemini.com\/fr-fr\/#\/schema\/logo\/image\/\"}},{\"@type\":\"Person\",\"@id\":\"https:\/\/www.capgemini.com\/fr-fr\/#\/schema\/person\/e922bbd437d35f33254692aa73b85778\",\"name\":\"cyrille.joseph-lockel@capgemini.com\",\"sameAs\":[\"cyrille.joseph-lockel@capgemini.com\"],\"url\":\"https:\/\/www.capgemini.com\/fr-fr\/author\/cyrille-joseph-lockelcapgemini-com\/\"}]}<\/script>\n<!-- \/ Yoast SEO Premium plugin. -->","yoast_head_json":{"title":"L'industrie de la D\u00e9fense face au d\u00e9fi de l'acc\u00e9l\u00e9ration de la production - Capgemini France","description":"Les conflits arm\u00e9s en cours constituent un rappel malheureux de l\u2019importance \u00e0 disposer d\u2019armements, d\u2019hommes et de munitions en grande quantit\u00e9. Un d\u00e9fi pour les industriels europ\u00e9ens du secteur de la D\u00e9fense, souvent concentr\u00e9s sur des syst\u00e8mes d\u2019armes complexes et fortement technologiques, produits en petites s\u00e9ries.","robots":{"index":"index","follow":"follow","max-snippet":"max-snippet:-1","max-image-preview":"max-image-preview:large","max-video-preview":"max-video-preview:-1"},"canonical":"https:\/\/www.capgemini.com\/fr-fr\/perspectives\/blog\/industrie-defense-defi-acceleration-production\/","og_locale":"fr_FR","og_type":"article","og_title":"L'industrie de la D\u00e9fense face au d\u00e9fi de l'acc\u00e9l\u00e9ration de la production","og_description":"Les conflits arm\u00e9s en cours constituent un rappel malheureux de l\u2019importance \u00e0 disposer d\u2019armements, d\u2019hommes et de munitions en grande quantit\u00e9. Un d\u00e9fi pour les industriels europ\u00e9ens du secteur de la D\u00e9fense, souvent concentr\u00e9s sur des syst\u00e8mes d\u2019armes complexes et fortement technologiques, produits en petites s\u00e9ries.","og_url":"https:\/\/www.capgemini.com\/fr-fr\/perspectives\/blog\/industrie-defense-defi-acceleration-production\/","og_site_name":"Capgemini France","article_published_time":"2024-11-26T11:13:28+00:00","article_modified_time":"2026-03-05T09:26:06+00:00","og_image":[{"width":640,"height":360,"url":"https:\/\/www.capgemini.com\/fr-fr\/wp-content\/uploads\/sites\/6\/2024\/12\/2024-FR-WP-Blog-RampUp_c511dc.jpg","type":"image\/jpeg"}],"author":"Andreas Conradi, Matthieu Ritter, Elodie R\u00e9gis &amp; Fr\u00e9d\u00e9ric Grousson","twitter_card":"summary_large_image","twitter_misc":{"Written by":"cyrille.joseph-lockel@capgemini.com","Est. reading time":"6 minutes"},"schema":{"@context":"https:\/\/schema.org","@graph":[{"@type":"Article","@id":"https:\/\/www.capgemini.com\/fr-fr\/perspectives\/blog\/industrie-defense-defi-acceleration-production\/#article","isPartOf":{"@id":"https:\/\/www.capgemini.com\/fr-fr\/perspectives\/blog\/industrie-defense-defi-acceleration-production\/"},"author":{"name":"cyrille.joseph-lockel@capgemini.com","@id":"https:\/\/www.capgemini.com\/fr-fr\/#\/schema\/person\/e922bbd437d35f33254692aa73b85778"},"headline":"L&#8217;industrie de la D\u00e9fense face au d\u00e9fi de l&#8217;acc\u00e9l\u00e9ration de la production","datePublished":"2024-11-26T11:13:28+00:00","dateModified":"2026-03-05T09:26:06+00:00","mainEntityOfPage":{"@id":"https:\/\/www.capgemini.com\/fr-fr\/perspectives\/blog\/industrie-defense-defi-acceleration-production\/"},"wordCount":1435,"publisher":{"@id":"https:\/\/www.capgemini.com\/fr-fr\/#organization"},"image":{"@id":"https:\/\/www.capgemini.com\/fr-fr\/perspectives\/blog\/industrie-defense-defi-acceleration-production\/#primaryimage"},"thumbnailUrl":"https:\/\/www.capgemini.com\/fr-fr\/wp-content\/uploads\/sites\/6\/2024\/12\/2024-FR-FI-Blog-RampUp-2.jpg","keywords":["A\u00e9ronautique","D\u00e9fense et s\u00e9curit\u00e9"],"articleSection":["Transformation"],"inLanguage":"fr-FR"},{"@type":"WebPage","@id":"https:\/\/www.capgemini.com\/fr-fr\/perspectives\/blog\/industrie-defense-defi-acceleration-production\/","url":"https:\/\/www.capgemini.com\/fr-fr\/perspectives\/blog\/industrie-defense-defi-acceleration-production\/","name":"L'industrie de la D\u00e9fense face au d\u00e9fi de l'acc\u00e9l\u00e9ration de la production - Capgemini France","isPartOf":{"@id":"https:\/\/www.capgemini.com\/fr-fr\/#website"},"primaryImageOfPage":{"@id":"https:\/\/www.capgemini.com\/fr-fr\/perspectives\/blog\/industrie-defense-defi-acceleration-production\/#primaryimage"},"image":{"@id":"https:\/\/www.capgemini.com\/fr-fr\/perspectives\/blog\/industrie-defense-defi-acceleration-production\/#primaryimage"},"thumbnailUrl":"https:\/\/www.capgemini.com\/fr-fr\/wp-content\/uploads\/sites\/6\/2024\/12\/2024-FR-FI-Blog-RampUp-2.jpg","datePublished":"2024-11-26T11:13:28+00:00","dateModified":"2026-03-05T09:26:06+00:00","description":"Les conflits arm\u00e9s en cours constituent un rappel malheureux de l\u2019importance \u00e0 disposer d\u2019armements, d\u2019hommes et de munitions en grande quantit\u00e9. Un d\u00e9fi pour les industriels europ\u00e9ens du secteur de la D\u00e9fense, souvent concentr\u00e9s sur des syst\u00e8mes d\u2019armes complexes et fortement technologiques, produits en petites s\u00e9ries.","inLanguage":"fr-FR","potentialAction":[{"@type":"ReadAction","target":["https:\/\/www.capgemini.com\/fr-fr\/perspectives\/blog\/industrie-defense-defi-acceleration-production\/"]}]},{"@type":"ImageObject","inLanguage":"fr-FR","@id":"https:\/\/www.capgemini.com\/fr-fr\/perspectives\/blog\/industrie-defense-defi-acceleration-production\/#primaryimage","url":"https:\/\/www.capgemini.com\/fr-fr\/wp-content\/uploads\/sites\/6\/2024\/12\/2024-FR-FI-Blog-RampUp-2.jpg","contentUrl":"https:\/\/www.capgemini.com\/fr-fr\/wp-content\/uploads\/sites\/6\/2024\/12\/2024-FR-FI-Blog-RampUp-2.jpg","width":7010,"height":3225},{"@type":"WebSite","@id":"https:\/\/www.capgemini.com\/fr-fr\/#website","url":"https:\/\/www.capgemini.com\/fr-fr\/","name":"Capgemini France","description":"Just another www.capgemini.com site","publisher":{"@id":"https:\/\/www.capgemini.com\/fr-fr\/#organization"},"potentialAction":[{"@type":"SearchAction","target":{"@type":"EntryPoint","urlTemplate":"https:\/\/www.capgemini.com\/fr-fr\/?s={search_term_string}"},"query-input":"required name=search_term_string"}],"inLanguage":"fr-FR"},{"@type":"Organization","@id":"https:\/\/www.capgemini.com\/fr-fr\/#organization","name":"Capgemini France","url":"https:\/\/www.capgemini.com\/fr-fr\/","logo":{"@type":"ImageObject","inLanguage":"fr-FR","@id":"https:\/\/www.capgemini.com\/fr-fr\/#\/schema\/logo\/image\/","url":"https:\/\/www.capgemini.com\/fr-fr\/wp-content\/uploads\/sites\/6\/2022\/08\/Logo-Capgemini.png","contentUrl":"https:\/\/www.capgemini.com\/fr-fr\/wp-content\/uploads\/sites\/6\/2022\/08\/Logo-Capgemini.png","width":202,"height":60,"caption":"Capgemini France"},"image":{"@id":"https:\/\/www.capgemini.com\/fr-fr\/#\/schema\/logo\/image\/"}},{"@type":"Person","@id":"https:\/\/www.capgemini.com\/fr-fr\/#\/schema\/person\/e922bbd437d35f33254692aa73b85778","name":"cyrille.joseph-lockel@capgemini.com","sameAs":["cyrille.joseph-lockel@capgemini.com"],"url":"https:\/\/www.capgemini.com\/fr-fr\/author\/cyrille-joseph-lockelcapgemini-com\/"}]}},"blog_topic_info":[{"id":363,"name":"Transformation"}],"taxonomy_info":{"category":[{"id":138,"name":"Transformation","slug":"transformation"}],"post_tag":[{"id":190,"name":"A\u00e9ronautique","slug":"aerospace"},{"id":687,"name":"D\u00e9fense et s\u00e9curit\u00e9","slug":"defense-et-securite"}],"brand":[{"id":30,"name":"Capgemini","slug":"capgemini"}],"industry":[{"id":23,"name":"A\u00e9ronautique et d\u00e9fense","slug":"aerospatiale-and-defense"},{"id":131,"name":"Secteur Public","slug":"secteur-public"}],"blog-topic":[{"id":363,"name":"Transformation","slug":"transformation"}]},"parsely":{"version":"1.1.0","canonical_url":"https:\/\/capgemini.com\/fr-fr\/perspectives\/blog\/industrie-defense-defi-acceleration-production\/","smart_links":{"inbound":0,"outbound":0},"traffic_boost_suggestions_count":0,"meta":{"@context":"https:\/\/schema.org","@type":"NewsArticle","headline":"L&#8217;industrie de la D\u00e9fense face au d\u00e9fi de l&#8217;acc\u00e9l\u00e9ration de la production","url":"https:\/\/www.capgemini.com\/fr-fr\/perspectives\/blog\/industrie-defense-defi-acceleration-production\/","mainEntityOfPage":{"@type":"WebPage","@id":"https:\/\/www.capgemini.com\/fr-fr\/perspectives\/blog\/industrie-defense-defi-acceleration-production\/"},"thumbnailUrl":"https:\/\/www.capgemini.com\/fr-fr\/wp-content\/uploads\/sites\/6\/2024\/12\/2024-FR-FI-Blog-RampUp-2.jpg?w=150&h=150&crop=1","image":{"@type":"ImageObject","url":"https:\/\/www.capgemini.com\/fr-fr\/wp-content\/uploads\/sites\/6\/2024\/12\/2024-FR-FI-Blog-RampUp-2.jpg"},"articleSection":"Transformation","author":[],"creator":[],"publisher":{"@type":"Organization","name":"Capgemini France","logo":""},"keywords":["a\u00e9ronautique","d\u00e9fense et s\u00e9curit\u00e9"],"dateCreated":"2024-11-26T11:13:28Z","datePublished":"2024-11-26T11:13:28Z","dateModified":"2026-03-05T09:26:06Z"},"rendered":"<meta name=\"parsely-title\" content=\"L&#8217;industrie de la D\u00e9fense face au d\u00e9fi de l&#8217;acc\u00e9l\u00e9ration de la production\" \/>\n<meta name=\"parsely-link\" content=\"https:\/\/www.capgemini.com\/fr-fr\/perspectives\/blog\/industrie-defense-defi-acceleration-production\/\" \/>\n<meta name=\"parsely-type\" content=\"post\" \/>\n<meta name=\"parsely-image-url\" content=\"https:\/\/www.capgemini.com\/fr-fr\/wp-content\/uploads\/sites\/6\/2024\/12\/2024-FR-FI-Blog-RampUp-2.jpg?w=150&amp;h=150&amp;crop=1\" \/>\n<meta name=\"parsely-pub-date\" content=\"2024-11-26T11:13:28Z\" \/>\n<meta name=\"parsely-section\" content=\"Transformation\" \/>\n<meta name=\"parsely-tags\" content=\"a\u00e9ronautique,d\u00e9fense et s\u00e9curit\u00e9\" \/>","tracker_url":"https:\/\/cdn.parsely.com\/keys\/capgemini.com\/p.js"},"jetpack_featured_media_url":"https:\/\/www.capgemini.com\/fr-fr\/wp-content\/uploads\/sites\/6\/2024\/12\/2024-FR-FI-Blog-RampUp-2.jpg","archive_status":false,"featured_image_src":"https:\/\/www.capgemini.com\/fr-fr\/wp-content\/uploads\/sites\/6\/2024\/12\/2024-FR-FI-Blog-RampUp-2.jpg","featured_image_alt":"","jetpack-related-posts":[{"id":755135,"url":"https:\/\/www.capgemini.com\/fr-fr\/perspectives\/blog\/comprendre-les-defis-majeurs-du-secteur-de-la-defense-en-europe\/","url_meta":{"origin":770012,"position":0},"title":"Comprendre les d\u00e9fis majeurs du secteur de la D\u00e9fense en Europe","author":"","date":"June 7, 2024","format":false,"excerpt":"Alors que nous c\u00e9l\u00e9brons en 2024 le 80\u00e8me anniversaire du D\u00e9barquement sur les c\u00f4tes fran\u00e7aises, le continent europ\u00e9en est malheureusement confront\u00e9 \u00e0 un nouveau conflit sur son sol et, sans doute, \u00e0 son plus grand d\u00e9fi depuis des d\u00e9cennies en mati\u00e8re de s\u00e9curit\u00e9.","rel":"","context":"In &quot;Transformation&quot;","block_context":{"text":"Transformation","link":"https:\/\/www.capgemini.com\/fr-fr\/category\/transformation\/"},"img":{"alt_text":"","src":"https:\/\/i0.wp.com\/www.capgemini.com\/fr-fr\/wp-content\/uploads\/sites\/6\/2024\/06\/2024-FR-Featured-Image-Blog-Defense-Eurosatory.jpg?resize=350%2C200&ssl=1","width":350,"height":200,"srcset":"https:\/\/i0.wp.com\/www.capgemini.com\/fr-fr\/wp-content\/uploads\/sites\/6\/2024\/06\/2024-FR-Featured-Image-Blog-Defense-Eurosatory.jpg?resize=350%2C200&ssl=1 1x, https:\/\/i0.wp.com\/www.capgemini.com\/fr-fr\/wp-content\/uploads\/sites\/6\/2024\/06\/2024-FR-Featured-Image-Blog-Defense-Eurosatory.jpg?resize=525%2C300&ssl=1 1.5x, https:\/\/i0.wp.com\/www.capgemini.com\/fr-fr\/wp-content\/uploads\/sites\/6\/2024\/06\/2024-FR-Featured-Image-Blog-Defense-Eurosatory.jpg?resize=700%2C400&ssl=1 2x"},"classes":[]},{"id":788600,"url":"https:\/\/www.capgemini.com\/fr-fr\/perspectives\/blog\/ramp-up-defense\/","url_meta":{"origin":770012,"position":1},"title":"La mont\u00e9e en puissance, un imp\u00e9ratif strat\u00e9gique pour l\u2019industrie de la D\u00e9fense","author":"rashmiadarshshetty","date":"June 13, 2025","format":false,"excerpt":"Explorez les d\u00e9fis auxquels l'industrie de la d\u00e9fense est confront\u00e9e en mati\u00e8re d'industrialisation de masse et de gestion de la production dans le contexte des conflits arm\u00e9s actuels.","rel":"","context":"In &quot;Innovation&quot;","block_context":{"text":"Innovation","link":"https:\/\/www.capgemini.com\/fr-fr\/category\/innovation\/"},"img":{"alt_text":"","src":"https:\/\/i0.wp.com\/www.capgemini.com\/fr-fr\/wp-content\/uploads\/sites\/6\/2025\/07\/Capgemini-Defense-Production-Acceleration-Web-image-2-2880x1800-1.jpg?resize=350%2C200&ssl=1","width":350,"height":200,"srcset":"https:\/\/i0.wp.com\/www.capgemini.com\/fr-fr\/wp-content\/uploads\/sites\/6\/2025\/07\/Capgemini-Defense-Production-Acceleration-Web-image-2-2880x1800-1.jpg?resize=350%2C200&ssl=1 1x, https:\/\/i0.wp.com\/www.capgemini.com\/fr-fr\/wp-content\/uploads\/sites\/6\/2025\/07\/Capgemini-Defense-Production-Acceleration-Web-image-2-2880x1800-1.jpg?resize=525%2C300&ssl=1 1.5x, https:\/\/i0.wp.com\/www.capgemini.com\/fr-fr\/wp-content\/uploads\/sites\/6\/2025\/07\/Capgemini-Defense-Production-Acceleration-Web-image-2-2880x1800-1.jpg?resize=700%2C400&ssl=1 2x"},"classes":[]},{"id":787211,"url":"https:\/\/www.capgemini.com\/fr-fr\/perspectives\/blog\/cybersecurite-ia-defense\/","url_meta":{"origin":770012,"position":2},"title":"Cybers\u00e9curit\u00e9 et IA : un nouvel horizon pour la d\u00e9fense","author":"quentinkieken","date":"June 24, 2025","format":false,"excerpt":"L\u2019IA bouleverse tous les aspects du domaine militaire, du centre de commandement au th\u00e9\u00e2tre des op\u00e9rations, des fonctions de soutien aux syst\u00e8mes de combat. Pour les forces arm\u00e9es, elle est un formidable atout, leur permettant de se pr\u00e9parer et d\u2019agir avec davantage d\u2019anticipation, de pr\u00e9cision et d\u2019efficacit\u00e9, mais elle est\u2026","rel":"","context":"In &quot;Innovation&quot;","block_context":{"text":"Innovation","link":"https:\/\/www.capgemini.com\/fr-fr\/category\/innovation\/"},"img":{"alt_text":"","src":"https:\/\/i0.wp.com\/www.capgemini.com\/fr-fr\/wp-content\/uploads\/sites\/6\/2025\/06\/banner_blog_cyber_ia_defense.jpg?resize=350%2C200&ssl=1","width":350,"height":200,"srcset":"https:\/\/i0.wp.com\/www.capgemini.com\/fr-fr\/wp-content\/uploads\/sites\/6\/2025\/06\/banner_blog_cyber_ia_defense.jpg?resize=350%2C200&ssl=1 1x, https:\/\/i0.wp.com\/www.capgemini.com\/fr-fr\/wp-content\/uploads\/sites\/6\/2025\/06\/banner_blog_cyber_ia_defense.jpg?resize=525%2C300&ssl=1 1.5x, https:\/\/i0.wp.com\/www.capgemini.com\/fr-fr\/wp-content\/uploads\/sites\/6\/2025\/06\/banner_blog_cyber_ia_defense.jpg?resize=700%2C400&ssl=1 2x"},"classes":[]},{"id":755703,"url":"https:\/\/www.capgemini.com\/fr-fr\/perspectives\/blog\/disponibilite-operationnelle-systemes-defense-terrain-application-intelligent-industry\/","url_meta":{"origin":770012,"position":3},"title":"La disponibilit\u00e9 op\u00e9rationnelle des syst\u00e8mes de d\u00e9fense\u00a0: terrain d\u2019application de l\u2019Intelligent Industry","author":"cyrille.joseph-lockel@capgemini.com","date":"June 20, 2024","format":false,"excerpt":"La D\u00e9fense \u00e9volue dans un environnement volatile, incertain, complexe et ambigu mais se doit de r\u00e9pondre \u00e0 des objectifs de haute disponibilit\u00e9 et de r\u00e9silience pour les mat\u00e9riels.","rel":"","context":"In &quot;Transformation&quot;","block_context":{"text":"Transformation","link":"https:\/\/www.capgemini.com\/fr-fr\/category\/transformation\/"},"img":{"alt_text":"","src":"https:\/\/i0.wp.com\/www.capgemini.com\/fr-fr\/wp-content\/uploads\/sites\/6\/2024\/06\/2024-FR-Featured-Image-Blog-II-Systemes-de-defense.jpg.jpg?resize=350%2C200&ssl=1","width":350,"height":200,"srcset":"https:\/\/i0.wp.com\/www.capgemini.com\/fr-fr\/wp-content\/uploads\/sites\/6\/2024\/06\/2024-FR-Featured-Image-Blog-II-Systemes-de-defense.jpg.jpg?resize=350%2C200&ssl=1 1x, https:\/\/i0.wp.com\/www.capgemini.com\/fr-fr\/wp-content\/uploads\/sites\/6\/2024\/06\/2024-FR-Featured-Image-Blog-II-Systemes-de-defense.jpg.jpg?resize=525%2C300&ssl=1 1.5x, https:\/\/i0.wp.com\/www.capgemini.com\/fr-fr\/wp-content\/uploads\/sites\/6\/2024\/06\/2024-FR-Featured-Image-Blog-II-Systemes-de-defense.jpg.jpg?resize=700%2C400&ssl=1 2x"},"classes":[]},{"id":757102,"url":"https:\/\/www.capgemini.com\/fr-fr\/perspectives\/blog\/defense-challenge-connectivite-logistique-operationnelle\/","url_meta":{"origin":770012,"position":4},"title":"D\u00e9fense\u00a0: Le challenge de la connectivit\u00e9 pour soutenir la logistique op\u00e9rationnelle","author":"","date":"July 8, 2024","format":false,"excerpt":"Une transformation majeure sous la pression des technologies et des conflits de haute intensit\u00e9","rel":"","context":"In &quot;Transformation&quot;","block_context":{"text":"Transformation","link":"https:\/\/www.capgemini.com\/fr-fr\/category\/transformation\/"},"img":{"alt_text":"","src":"https:\/\/i0.wp.com\/www.capgemini.com\/fr-fr\/wp-content\/uploads\/sites\/6\/2024\/03\/Capgemini_Satory-2024-BanniereWeb.jpg?resize=350%2C200&ssl=1","width":350,"height":200,"srcset":"https:\/\/i0.wp.com\/www.capgemini.com\/fr-fr\/wp-content\/uploads\/sites\/6\/2024\/03\/Capgemini_Satory-2024-BanniereWeb.jpg?resize=350%2C200&ssl=1 1x, https:\/\/i0.wp.com\/www.capgemini.com\/fr-fr\/wp-content\/uploads\/sites\/6\/2024\/03\/Capgemini_Satory-2024-BanniereWeb.jpg?resize=525%2C300&ssl=1 1.5x, https:\/\/i0.wp.com\/www.capgemini.com\/fr-fr\/wp-content\/uploads\/sites\/6\/2024\/03\/Capgemini_Satory-2024-BanniereWeb.jpg?resize=700%2C400&ssl=1 2x"},"classes":[]},{"id":731471,"url":"https:\/\/www.capgemini.com\/fr-fr\/perspectives\/blog\/continuite-numerique-essentielle-industrie-aerospatiale-et-defense\/","url_meta":{"origin":770012,"position":5},"title":"La grande convergence des donn\u00e9es \u2013 Pourquoi la continuit\u00e9 digitale est essentielle \u00e0 l\u2019industrie de l&#8217;a\u00e9rospatiale et de la d\u00e9fense ?","author":"cyrille.joseph-lockel@capgemini.com","date":"September 19, 2023","format":false,"excerpt":"Le secteur de l\u2019a\u00e9ronautique, du spatial et de la d\u00e9fense \u00e9volue dans un environnement hautement complexe et concurrentiel o\u00f9 le succ\u00e8s repose sur l\u2019innovation, l\u2019agilit\u00e9 et l\u2019adaptabilit\u00e9 constantes.","rel":"","context":"In &quot;Transformation&quot;","block_context":{"text":"Transformation","link":"https:\/\/www.capgemini.com\/fr-fr\/category\/transformation\/"},"img":{"alt_text":"","src":"https:\/\/i0.wp.com\/www.capgemini.com\/fr-fr\/wp-content\/uploads\/sites\/6\/2023\/09\/2023-FR-Featured-Blog-DC-Aerospace.jpg?resize=350%2C200&ssl=1","width":350,"height":200,"srcset":"https:\/\/i0.wp.com\/www.capgemini.com\/fr-fr\/wp-content\/uploads\/sites\/6\/2023\/09\/2023-FR-Featured-Blog-DC-Aerospace.jpg?resize=350%2C200&ssl=1 1x, https:\/\/i0.wp.com\/www.capgemini.com\/fr-fr\/wp-content\/uploads\/sites\/6\/2023\/09\/2023-FR-Featured-Blog-DC-Aerospace.jpg?resize=525%2C300&ssl=1 1.5x, https:\/\/i0.wp.com\/www.capgemini.com\/fr-fr\/wp-content\/uploads\/sites\/6\/2023\/09\/2023-FR-Featured-Blog-DC-Aerospace.jpg?resize=700%2C400&ssl=1 2x"},"classes":[]}],"jetpack_sharing_enabled":true,"distributor_meta":false,"distributor_terms":false,"distributor_media":false,"distributor_original_site_name":"Capgemini France","distributor_original_site_url":"https:\/\/www.capgemini.com\/fr-fr","push-errors":false,"featured_image_url":"https:\/\/www.capgemini.com\/fr-fr\/wp-content\/uploads\/sites\/6\/2024\/12\/2024-FR-FI-Blog-RampUp-2.jpg","_links":{"self":[{"href":"https:\/\/www.capgemini.com\/fr-fr\/wp-json\/wp\/v2\/posts\/770012","targetHints":{"allow":["GET"]}}],"collection":[{"href":"https:\/\/www.capgemini.com\/fr-fr\/wp-json\/wp\/v2\/posts"}],"about":[{"href":"https:\/\/www.capgemini.com\/fr-fr\/wp-json\/wp\/v2\/types\/post"}],"author":[{"embeddable":true,"href":"https:\/\/www.capgemini.com\/fr-fr\/wp-json\/wp\/v2\/users\/157"}],"replies":[{"embeddable":true,"href":"https:\/\/www.capgemini.com\/fr-fr\/wp-json\/wp\/v2\/comments?post=770012"}],"version-history":[{"count":20,"href":"https:\/\/www.capgemini.com\/fr-fr\/wp-json\/wp\/v2\/posts\/770012\/revisions"}],"predecessor-version":[{"id":804349,"href":"https:\/\/www.capgemini.com\/fr-fr\/wp-json\/wp\/v2\/posts\/770012\/revisions\/804349"}],"wp:featuredmedia":[{"embeddable":true,"href":"https:\/\/www.capgemini.com\/fr-fr\/wp-json\/wp\/v2\/media\/770647"}],"wp:attachment":[{"href":"https:\/\/www.capgemini.com\/fr-fr\/wp-json\/wp\/v2\/media?parent=770012"}],"wp:term":[{"taxonomy":"category","embeddable":true,"href":"https:\/\/www.capgemini.com\/fr-fr\/wp-json\/wp\/v2\/categories?post=770012"},{"taxonomy":"post_tag","embeddable":true,"href":"https:\/\/www.capgemini.com\/fr-fr\/wp-json\/wp\/v2\/tags?post=770012"},{"taxonomy":"brand","embeddable":true,"href":"https:\/\/www.capgemini.com\/fr-fr\/wp-json\/wp\/v2\/brand?post=770012"},{"taxonomy":"service","embeddable":true,"href":"https:\/\/www.capgemini.com\/fr-fr\/wp-json\/wp\/v2\/service?post=770012"},{"taxonomy":"industry","embeddable":true,"href":"https:\/\/www.capgemini.com\/fr-fr\/wp-json\/wp\/v2\/industry?post=770012"},{"taxonomy":"partners","embeddable":true,"href":"https:\/\/www.capgemini.com\/fr-fr\/wp-json\/wp\/v2\/partners?post=770012"},{"taxonomy":"blog-topic","embeddable":true,"href":"https:\/\/www.capgemini.com\/fr-fr\/wp-json\/wp\/v2\/blog-topic?post=770012"},{"taxonomy":"content-group","embeddable":true,"href":"https:\/\/www.capgemini.com\/fr-fr\/wp-json\/wp\/v2\/content-group?post=770012"}],"curies":[{"name":"wp","href":"https:\/\/api.w.org\/{rel}","templated":true}]}}