{"id":748506,"date":"2023-04-21T14:34:00","date_gmt":"2023-04-21T12:34:00","guid":{"rendered":"https:\/\/www.capgemini.com\/fr-fr\/?p=748506"},"modified":"2025-12-30T12:55:50","modified_gmt":"2025-12-30T11:55:50","slug":"transformation-ecologique-accelerer-la-formation-aux-nouveaux-metiers","status":"publish","type":"post","link":"https:\/\/www.capgemini.com\/fr-fr\/perspectives\/blog\/transformation-ecologique-accelerer-formation-nouveaux-metiers\/","title":{"rendered":"Transformation \u00e9cologique : acc\u00e9l\u00e9rer la formation aux nouveaux m\u00e9tiers"},"content":{"rendered":"\n<header class=\"wp-block-cg-blocks-hero-blogs header-hero-blogs\"><div class=\"container\"><div class=\"hero-blogs\"><div class=\"hero-blogs-content-wrapper\"><div class=\"row\"><div class=\"col-12\"><div class=\"header-title\"><h1>Transformation \u00e9cologique : acc\u00e9l\u00e9rer la formation aux nouveaux m\u00e9tiers<\/h1><\/div><\/div><\/div><\/div><div class=\"hero-blogs-bottom\"><div class=\"header-author\"><div class=\"author-img\"><img decoding=\"async\" src=\"https:\/\/www.capgemini.com\/fr-fr\/wp-content\/uploads\/sites\/6\/2022\/04\/Capgemini-PC.jpg?w=200&amp;quality=10\" alt=\"\" loading=\"lazy\"\/><\/div><div class=\"author-name-date\"><h5 class=\"author-name\">Rebecca Maumet, Alice Robichon, Jean-Baptiste Perrin <\/h5><h5 class=\"blog-date\">21 avril 2023<\/h5><\/div><\/div><div class=\"brand-image\"><img decoding=\"async\" loading=\"lazy\" src=\"\/wp-content\/themes\/capgemini2020\/assets\/images\/capgemini-invent-white.svg\" alt=\"capgemini-invent\"\/><\/div><\/div><\/div><\/div><\/header>\n\n\n\n<section class=\"wp-block-cg-blocks-intro-para undefined section section--intro\"><div class=\"intro-para\"><div class=\"container\"><div class=\"row\"><div class=\"col-12 col-md-1\"><nav class=\"article-social\"><ul class=\"social-nav\"><li class=\"ip-order-fb\"><a href=\"https:\/\/www.facebook.com\/sharer\/sharer.php?u=https:\/\/www.capgemini.com\/fr-fr\/perspectives\/blog\/transformation-ecologique-accelerer-formation-nouveaux-metiers\/\" target=\"_blank\" rel=\"noopener noreferrer\" title=\"Ouvrir dans une nouvelle fen\u00eatre\"><i aria-hidden=\"true\" class=\"icon-fb\"><\/i><span class=\"sr-only\">Facebook<\/span><\/a><\/li><li class=\"ip-order-li\"><a href=\"https:\/\/www.linkedin.com\/sharing\/share-offsite\/?url=https:\/\/www.capgemini.com\/fr-fr\/perspectives\/blog\/transformation-ecologique-accelerer-formation-nouveaux-metiers\/\" target=\"_blank\" rel=\"noopener noreferrer\" title=\"Ouvrir dans une nouvelle fen\u00eatre\"><i aria-hidden=\"true\" class=\"icon-li\"><\/i><span class=\"sr-only\">Linkedin<\/span><\/a><\/li><\/ul><\/nav><\/div><div class=\"col-12 col-md-11 col-lg-10\"><h2 class=\"intro-para-title\">L\u2019ADEME estime que la strat\u00e9gie bas carbone de la France pourrait \u00eatre \u00e0 l\u2019origine de la cr\u00e9ation d\u2019un million d\u2019emplois \u00e0\u00a0l\u2019horizon 2050<sup data-fn=\"79efcd1f-8d45-4830-b420-423f9a3bc631\" class=\"fn\"><a href=\"#79efcd1f-8d45-4830-b420-423f9a3bc631\" id=\"79efcd1f-8d45-4830-b420-423f9a3bc631-link\">1<\/a><\/sup><span style=\"color: rgb(43, 10, 61); font-family: ubuntu, Verdana, Arial, sans-serif; font-size: 16px; font-weight: 400; white-space-collapse: collapse;\">.\u00a0<\/span><\/h2><p class=\"intro-para-content\">Ces emplois seraient le fruit de changements holistiques des pratiques dans les modes de vie mais aussi dans le travail qu\u2019implique la transformation \u00e9cologique.\u00a0Par ailleurs, les adaptations du monde professionnel ne se limiteront pas \u00e0 ces nouveaux emplois dits \u00ab m\u00e9tiers verts \u00bb ou \u00ab verdissants \u00bb. Rares sont les fili\u00e8res qui ne devront pas s\u2019adapter aux enjeux environnementaux.<\/p><\/div><\/div><\/div><\/div><\/section>\n\n\n\n<section class=\"wp-block-cg-blocks-group undefined section section--article-content\"><div class=\"article-main-content\"><div class=\"container\"><div class=\"row\"><div class=\"col-12 col-md-11 col-lg-10 offset-md-1 offset-lg-1\"><div class=\"article-text article-quote-text\">\n<p>Pour accompagner ces changements, il s\u2019agit d\u2019anticiper les besoins en comp\u00e9tences afin de proposer une offre de formation initiale et continue ad\u00e9quate. Quels sont les principes directeurs pour guider la consolidation d\u2019une strat\u00e9gie de mont\u00e9e en comp\u00e9tence afin de d\u00e9carboner l\u2019\u00e9conomie ?<\/p>\n\n\n\n<h3 class=\"wp-block-heading\" id=\"h-identifier-les-nouvelles-competences-au-coeur-des-metiers-emergents-de-l-economie-verte\"><strong>Identifier les nouvelles comp\u00e9tences au c\u0153ur des m\u00e9tiers \u00e9mergents de l\u2019\u00e9conomie verte<\/strong><\/h3>\n\n\n\n<p>Les nouveaux m\u00e9tiers \u00e9mergents de la transformation \u00e9cologique d\u00e9sign\u00e9s par l&#8217;\u00e9conomie verte prennent une importance grandissante. Parmi les fili\u00e8res qui sont amen\u00e9es \u00e0 se d\u00e9velopper, le Shift Project<sup data-fn=\"4f3ead71-a56d-4383-b6eb-d68a8b423e45\" class=\"fn\"><a href=\"#4f3ead71-a56d-4383-b6eb-d68a8b423e45\" id=\"4f3ead71-a56d-4383-b6eb-d68a8b423e45-link\">2<\/a><\/sup>&nbsp;mentionne notamment les activit\u00e9s de \u00ab l\u2019Apr\u00e8s Premi\u00e8re Vie \u00bb, qui englobent tous les m\u00e9tiers li\u00e9s au recyclage, la r\u00e9paration et le r\u00e9emploi, ou encore les m\u00e9tiers d\u2019entretien des mobilit\u00e9s douces. Des m\u00e9tiers avec une importante expertise technique sur les implications de la transformation \u00e9cologique se g\u00e9n\u00e9raliseront avec des postes comme chef de projet ENR, ing\u00e9nieur d\u2019\u00e9tude hydrog\u00e8ne ou encore ac\u00e9vistes. Enfin, des postes d\u2019interm\u00e9diaires, sp\u00e9cialis\u00e9s dans la traduction de besoins pour adapter les pr\u00e9requis de la transformation \u00e9cologique dans les diff\u00e9rentes fili\u00e8res connaitront un essor<sup data-fn=\"a4b26300-d315-4b2d-a921-1a7fd79d6740\" class=\"fn\"><a href=\"#a4b26300-d315-4b2d-a921-1a7fd79d6740\" id=\"a4b26300-d315-4b2d-a921-1a7fd79d6740-link\">3<\/a><\/sup>.<\/p>\n\n\n\n<p>Au niveau national la mont\u00e9 en comp\u00e9tences est soutenue par diff\u00e9rentes initiatives. A titre d\u2019exemple, le Plan d\u2019Investissement dans les Comp\u00e9tences 2018-2022 finance les efforts de transformation des comp\u00e9tences et de qualification de la main-d\u2019\u0153uvre en lien avec la transition \u00e9cologique. Autre exemple, la loi \u00ab Climat et r\u00e9silience \u00bb d\u2019ao\u00fbt 2021 comporte un volet sur l\u2019adaptation de l\u2019emploi \u00e0 la transition \u00e9cologique.<\/p>\n\n\n\n<p>Pour poursuivre et acc\u00e9l\u00e9rer la dynamique, il est n\u00e9cessaire de d\u00e9finir des r\u00e9f\u00e9rentiels de comp\u00e9tences afin de cartographier les besoins associ\u00e9s aux fili\u00e8res sous tension. Cela permettrait de d\u00e9finir une vision cible et dynamiser la mise en place des fili\u00e8res des formations \u00ab vertes \u00bb.<\/p>\n\n\n\n<h3 class=\"wp-block-heading\" id=\"h-accelerer-le-developpement-des-formations-qui-repondent-aux-besoins-de-l-economie-decarbonee\"><strong>Acc\u00e9l\u00e9rer le d\u00e9veloppement des formations qui r\u00e9pondent aux besoins de l\u2019\u00e9conomie d\u00e9carbon\u00e9e<\/strong><\/h3>\n\n\n\n<p>En effet, les enqu\u00eates \u00ab Besoin en main-d\u2019\u0153uvre \u00bb et les indicateurs de tension de la Dares et de P\u00f4le emploi indiquent qu\u2019en 2021, 71% des m\u00e9tiers int\u00e9gr\u00e9s dans le p\u00e9rim\u00e8tre de l\u2019\u00e9conomie verte connaissaient des tensions \u00e9lev\u00e9es. L\u2019inad\u00e9quation de formation face aux besoins du march\u00e9 de l\u2019emploi est soulign\u00e9e comme source principale de tension.<\/p>\n\n\n\n<p>La revalorisation des fili\u00e8res professionnelles des lyc\u00e9es, v\u00e9ritables portes d\u2019entr\u00e9e dans les secteurs sous tension comme le BTP ou l\u2019agriculture est un levier d\u2019action important pour r\u00e9pondre \u00e0 l\u2019urgence de ces nouveaux besoins. De plus, \u00e0 l\u2019image de ce qui est fait dans certains territoires, comme en Nouvelle Aquitaine qui a cr\u00e9\u00e9 sa propre \u00e9cole de la r\u00e9novation \u00e9nerg\u00e9tique en partenariat avec P\u00f4le Emploi et la Banque des Territoires, les acteurs locaux qui ont une vision fine des besoins et sp\u00e9cificit\u00e9s territoriaux sont amen\u00e9s \u00e0 \u00eatre moteurs de la diffusion de ces nouvelles formations. En ce sens, il est important aujourd\u2019hui de soutenir la cr\u00e9ation de fili\u00e8res de formation initiale et continue aux m\u00e9tiers de l\u2019\u00e9conomie verte. Cela pourrait \u00eatre fait en exploitant les financements annonc\u00e9s le 11 mai 2023 pour la transformation des fili\u00e8res de formation des acteurs sous tension dans le cadre de la strat\u00e9gie pour la r\u00e9industrialisation.<\/p>\n\n\n\n<h3 class=\"wp-block-heading\" id=\"h-adapter-toutes-les-formations-existantes-aux-transformations-ecologiques-sectorielles\"><strong>Adapter toutes les formations existantes aux transformations \u00e9cologiques sectorielles<\/strong><\/h3>\n\n\n\n<p>Si la transformation \u00e9cologique est synonyme de nouvelles fili\u00e8res et nouveaux m\u00e9tiers, l\u2019\u00e9conomie dans son ensemble est marqu\u00e9e par la n\u00e9cessit\u00e9 d\u2019adapter les pratiques pour des modes de faire plus durables. Les fili\u00e8res sont contraintes de s\u2019adapter pour r\u00e9pondre aux nouvelles exigences de la sobri\u00e9t\u00e9 et de la d\u00e9carbonation.<\/p>\n\n\n\n<p>Certains m\u00e9tiers se complexifient dans des fili\u00e8res directement touch\u00e9es par l\u2019environnement comme la gestion des d\u00e9chets avec les op\u00e9rateurs de tri ou encore l\u2019agriculture avec le d\u00e9veloppement de pratiques li\u00e9es \u00e0 l\u2019agro\u00e9cologie. Dans d\u2019autres fili\u00e8res, c&#8217;est un transfert de comp\u00e9tences entre les sp\u00e9cialit\u00e9s qui s&#8217;op\u00e8re. Certaines sp\u00e9cialit\u00e9s deviennent en effet moins demand\u00e9es lorsque d&#8217;autres le sont davantage au regard des imp\u00e9ratifs de la transition \u00e9cologique C\u2019est le cas notamment de la formation sur l\u2019\u00e9lectronique de puissance pour r\u00e9pondre au besoin de l\u2019\u00e9lectrification du secteur automobile, au d\u00e9triment des sp\u00e9cialit\u00e9s sur les syst\u00e8mes d\u2019\u00e9chappement.<\/p>\n\n\n\n<p>Par ailleurs, les cursus des universit\u00e9s et des grandes \u00e9coles, pourtant non directement li\u00e9s \u00e0 la transformation \u00e9cologique, s&#8217;adaptent pour r\u00e9pondre aux enjeux de formation \u00e0 la transition \u00e9cologique. Cela se traduit par l&#8217;int\u00e9gration de blocs d\u2019enseignements transverses dans des cursus pr\u00e9existants, comme \u00e0 Sciences Po avec la cr\u00e9ation du cours obligatoire de culture \u00e9cologique. S\u2019il est encore difficile d\u2019\u00e9valuer la pertinence et la qualit\u00e9 des contenus propos\u00e9s, il est ind\u00e9niable que les comp\u00e9tences li\u00e9es au pilotage et \u00e0 l\u2019\u00e9valuation des \u00e9missions carbones sont essentielles pour la future g\u00e9n\u00e9ration de professionnels et que ces initiatives sont \u00e0 \u00e9valuer et encourager.<\/p>\n\n\n\n<p>En conclusion, les transformations du monde du travail qui d\u00e9coulent de l\u2019adaptation aux enjeux environnementaux ne se bornent pas aux nouveaux m\u00e9tiers de l\u2019\u00e9conomie verte. Toutes les fili\u00e8res doivent adapter leurs mod\u00e8les de comp\u00e9tences pour reprioriser certaines sp\u00e9cialit\u00e9s et d\u00e9velopper des enseignements sp\u00e9cifiques pour adapter les modes de faire aux exigences de l\u2019\u00e9conomie d\u00e9carbon\u00e9e. Pour en savoir plus sur l\u2019\u00e9ducation \u00e0 la transformation \u00e9cologique en France, nous avons publi\u00e9 une \u00e9tude avec la Banque des Territoires<sup>4<\/sup><sup data-fn=\"223b2134-d8d7-4e8d-9d47-01e0d9fbf0ee\" class=\"fn\"><a href=\"#223b2134-d8d7-4e8d-9d47-01e0d9fbf0ee\" id=\"223b2134-d8d7-4e8d-9d47-01e0d9fbf0ee-link\">4<\/a><\/sup>&nbsp;qui pr\u00e9sente un \u00e9tat des lieux \u00e0 l\u2019\u00e9t\u00e9 2023 ainsi que des pr\u00e9conisations pour aller plus loin.<\/p>\n\n\n\n<hr class=\"wp-block-separator has-alpha-channel-opacity\"\/>\n\n\n<ol class=\"wp-block-footnotes\"><li id=\"79efcd1f-8d45-4830-b420-423f9a3bc631\"><a href=\"https:\/\/infos.ademe.fr\/magazine-octobre-2021\/dossier\/transition-ecologique-et-emploi-un-cercle-vertueux\/\" target=\"_blank\" rel=\"noreferrer noopener\">ADEME (2021). Transition \u00e9cologique et emploi\u202f: un cercle vertueux\u2009?<\/a> <a href=\"#79efcd1f-8d45-4830-b420-423f9a3bc631-link\" aria-label=\"Jump to footnote reference 1\">\u21a9\ufe0e<\/a><\/li><li id=\"4f3ead71-a56d-4383-b6eb-d68a8b423e45\"><a href=\"https:\/\/theshiftproject.org\/wp-content\/uploads\/2022\/01\/TSP-PTEF-Emploi-moteur-transformation-bas-carbone-RF-V5-2.pdf\" target=\"_blank\" rel=\"noreferrer noopener\">The Shift Project (2021). L\u2019Emploi : moteur de la transformation bas carbone.<\/a> <a href=\"#4f3ead71-a56d-4383-b6eb-d68a8b423e45-link\" aria-label=\"Jump to footnote reference 2\">\u21a9\ufe0e<\/a><\/li><li id=\"a4b26300-d315-4b2d-a921-1a7fd79d6740\"><a href=\"https:\/\/doi.org\/https:\/\/doi.org\/10.57706\/cereqbref-0423\" target=\"_blank\" rel=\"noreferrer noopener\">Baghioni, L. &amp; Moncel, N. (2022). La transition \u00e9cologique au travail : emploi et formation face au d\u00e9fi environnemental. C\u00e9req Bref, 423, 1-4.<\/a> <a href=\"#a4b26300-d315-4b2d-a921-1a7fd79d6740-link\" aria-label=\"Jump to footnote reference 3\">\u21a9\ufe0e<\/a><\/li><li id=\"223b2134-d8d7-4e8d-9d47-01e0d9fbf0ee\"><a href=\"https:\/\/www.banquedesterritoires.fr\/sites\/default\/files\/2023-07\/BDT_Etude_Education_%C3%A0_la_transformation_%C3%A9cologique_VF2.pdf\" target=\"_blank\" rel=\"noreferrer noopener\">Banque des territoires &amp; Capgemini Invent (2023). L\u2019\u00e9ducation \u00e0 la transformation \u00e9cologique.<\/a> <a href=\"#223b2134-d8d7-4e8d-9d47-01e0d9fbf0ee-link\" aria-label=\"Jump to footnote reference 4\">\u21a9\ufe0e<\/a><\/li><\/ol><\/div><\/div><\/div><\/div><\/div><\/section>\n\n\n\n<section class=\"section section--expert-slider wrapper-people-slider wp-block-cg-blocks-wrapper-people-slider undefined\"><div class=\"container\"><div class=\"content-title\"><h2 data-maxlength=\"34\" class=\"people-heading-title\">Auteurs<\/h2><\/div><\/div><div class=\"slider slider-boxed\"><div class=\"container\"><div class=\"slider-window\"><div class=\"slider-list\">\t\t<div class=\"slide\">\n\t\t\t<div class=\"box\">\n\t\t\t\t<div class=\"row\">\n\t\t\t\t\t<div class=\"col-md-6 col-lg-4 box-img-wrapper\">\n\t\t\t\t\t\t<img decoding=\"async\" loading=\"lazy\" src=\"https:\/\/www.capgemini.com\/fr-fr\/wp-content\/uploads\/sites\/6\/2023\/04\/Rebecca-Maumet.jpg\" alt=\"Rebecca Maumet\"\/>\n\t\t\t\t\t<\/div>\n\t\t\t\t\t<div class=\"col-md-6 col-lg-8 box-inner\">\n\t\t\t\t\t\t<div class=\"row title-social-media-header\">\n\t\t\t\t\t\t\t<div class=\"col-md-12 col-lg-6 mbl-social-icon\">\n\t\t\t\t\t\t\t\t<ul class=\"social-nav\">\n\t\t\t\t\t\t\t\t\t\t\t\t\t\t\t\t\t\t\t\t\t\t\t\t\t\t\t\t\t\t\t\t\t\t\t\t\t\t\t\t\t\t\t\t\t\t\t\t\t\t\t\t\t\t\t<li><a aria-label=\"Linkedin\" target=\"_blank\" title=\"Ouvrir dans une nouvelle fen\u00eatre\" href=\"https:\/\/www.linkedin.com\/in\/rebecca-maumet\/\"><i aria-hidden=\"true\" class=\"icon-li\"><\/i><\/a><\/li>\n\t\t\t\t\t\t\t\t\t\t\t\t\t\t\t\t\t<\/ul>\n\t\t\t\t\t\t\t<\/div>\n\t\t\t\t\t\t\t<div class=\"col-md-12 col-lg-6 box-container\">\n\t\t\t\t\t\t\t\t<div class=\"box-title\">\n\t\t\t\t\t\t\t\t\t<h3 class=\"people-profile-title\">Rebecca Maumet<\/h3>\n\t\t\t\t\t\t\t\t<\/div>\n\t\t\t\t\t\t\t\t\t\t\t\t\t\t\t\t\t<span>Consultante Citizen Services, Capgemini Invent<\/span>\n\t\t\t\t\t\t\t\t\t\t\t\t\t\t\t<\/div>\n\t\t\t\t\t\t\t<div class=\"col-md-12 col-lg-6 social-box-container dkt-social-icon\">\n\t\t\t\t\t\t\t\t<ul class=\"social-nav\">\n\t\t\t\t\t\t\t\t\t\t\t\t\t\t\t\t\t\t\t\t\t\t\t\t\t\t\t\t\t\t\t\t\t\t\t\t\t\t\t\t\t\t\t\t\t\t\t\t\t\t\t\t\t\t\t<li><a aria-label=\"Linkedin\" target=\"_blank\" title=\"Ouvrir dans une nouvelle fen\u00eatre\" href=\"https:\/\/www.linkedin.com\/in\/rebecca-maumet\/\"><i aria-hidden=\"true\" class=\"icon-li\"><\/i><\/a><\/li>\n\t\t\t\t\t\t\t\t\t\t\t\t\t\t\t\t\t<\/ul>\n\t\t\t\t\t\t\t<\/div>\n\t\t\t\t\t\t<\/div>\n\t\t\t\t\t\t\t\t\t\t\t<\/div>\n\t\t\t\t<\/div>\n\t\t\t<\/div>\n\t\t\t\t\t<\/div>\n\t\t\n\n\t\t<div class=\"slide\">\n\t\t\t<div class=\"box\">\n\t\t\t\t<div class=\"row\">\n\t\t\t\t\t<div class=\"col-md-6 col-lg-4 box-img-wrapper\">\n\t\t\t\t\t\t<img decoding=\"async\" loading=\"lazy\" src=\"https:\/\/www.capgemini.com\/fr-fr\/wp-content\/uploads\/sites\/6\/2023\/01\/Alice-Robichon.jpg\" alt=\"Alice Robichon\"\/>\n\t\t\t\t\t<\/div>\n\t\t\t\t\t<div class=\"col-md-6 col-lg-8 box-inner\">\n\t\t\t\t\t\t<div class=\"row title-social-media-header\">\n\t\t\t\t\t\t\t<div class=\"col-md-12 col-lg-6 mbl-social-icon\">\n\t\t\t\t\t\t\t\t<ul class=\"social-nav\">\n\t\t\t\t\t\t\t\t\t\t\t\t\t\t\t\t\t\t\t\t\t\t\t\t\t\t\t\t\t\t\t\t\t\t\t\t\t\t\t\t\t\t\t\t\t\t\t\t\t\t\t\t\t\t\t<li><a aria-label=\"Linkedin\" target=\"_blank\" title=\"Ouvrir dans une nouvelle fen\u00eatre\" href=\"https:\/\/www.linkedin.com\/in\/alice-robichon-3a096b13b\/\"><i aria-hidden=\"true\" class=\"icon-li\"><\/i><\/a><\/li>\n\t\t\t\t\t\t\t\t\t\t\t\t\t\t\t\t\t<\/ul>\n\t\t\t\t\t\t\t<\/div>\n\t\t\t\t\t\t\t<div class=\"col-md-12 col-lg-6 box-container\">\n\t\t\t\t\t\t\t\t<div class=\"box-title\">\n\t\t\t\t\t\t\t\t\t<h3 class=\"people-profile-title\">Alice Robichon<\/h3>\n\t\t\t\t\t\t\t\t<\/div>\n\t\t\t\t\t\t\t\t\t\t\t\t\t\t\t\t\t<span>Directrice Secteur Public, Capgemini Invent<\/span>\n\t\t\t\t\t\t\t\t\t\t\t\t\t\t\t<\/div>\n\t\t\t\t\t\t\t<div class=\"col-md-12 col-lg-6 social-box-container dkt-social-icon\">\n\t\t\t\t\t\t\t\t<ul class=\"social-nav\">\n\t\t\t\t\t\t\t\t\t\t\t\t\t\t\t\t\t\t\t\t\t\t\t\t\t\t\t\t\t\t\t\t\t\t\t\t\t\t\t\t\t\t\t\t\t\t\t\t\t\t\t\t\t\t\t<li><a aria-label=\"Linkedin\" target=\"_blank\" title=\"Ouvrir dans une nouvelle fen\u00eatre\" href=\"https:\/\/www.linkedin.com\/in\/alice-robichon-3a096b13b\/\"><i aria-hidden=\"true\" class=\"icon-li\"><\/i><\/a><\/li>\n\t\t\t\t\t\t\t\t\t\t\t\t\t\t\t\t\t<\/ul>\n\t\t\t\t\t\t\t<\/div>\n\t\t\t\t\t\t<\/div>\n\t\t\t\t\t\t\t\t\t\t\t\t\t<div class=\"people-info\">Directrice au sein des \u00e9quipes secteur public de Capgemini Invent, Alice accompagne plus particuli\u00e8rement les acteurs de l&#8217;\u00e9ducation et de la culture. Juriste de formation, elle a exerc\u00e9 pendant plus de 10 ans au sein de l&#8217;Etat dans le pilotage interminist\u00e9riel de grandes r\u00e9formes.<\/div>\n\t\t\t\t\t\t\t\t\t\t\t<\/div>\n\t\t\t\t<\/div>\n\t\t\t<\/div>\n\t\t\t\t\t<\/div>\n\t\t<\/div><\/div><\/div><div class=\"slider-nav\"><button class=\"slider-prev inactive\" aria-label=\"Slider-previous\" tabindex=\"-1\"><\/button><ul class=\"slider-paginator\"><\/ul><button class=\"slider-next\" aria-label=\"Slider-next\"><\/button><\/div><\/div><\/section>\n\n\n\n\t\t<section\n\t\t\tclass=\"section section--lifeatcap-learning section--event-slider-careerInvent \">\n\n\t\t\t<div class=\"container\">\n\t\t\t\t<div class='career-invent-header'>\n\t\t\t\t\t\t\t\t\t\t\t<div class=\"row\">\n\t\t\t\t\t\t\t<div class=\"heading col-12 col-md-8\">\n\t\t\t\t\t\t\t\t<h2>Pour aller plus loin<\/h2>\n\t\t\t\t\t\t\t<\/div>\n\t\t\t\t\t\t<\/div>\n\t\t\t\t\t\t\t\t\t\t\t\t\t\t<\/div>\n\t\t\t<\/div>\n\n\t\t\t<div class=\"slider slider-fader bf4c1fd9-b66b-48fa-95c9-1e5d95ca86ba\">\n\t\t\t\t\t\t\t\t<div\n\t\t\t\t\tclass=\"slider-list \">\n\t\t\t\t\t\t\t\t\t\t\t<div\n\t\t\t\t\t\t\tclass=\"slide active \">\n\t\t\t\t\t\t\t<div\n\t\t\t\t\t\t\t\tclass=\"slide-bg-wrapper wp-block-cg-blocks-career-invent is-style-blue-capgemini-theme\">\n\t\t\t\t\t\t\t\t<div class=\"bgImagesection\">\n\t\t\t\t\t\t\t\t\t\t\t\t\t\t\t\t\t\t\t<div class=\"bgColor\"><\/div>\n\t\t\t\t\t\t\t\t\t\n\t\t\t\t\t\t\t\t\t<div class=\"container slide-info-wrapper\">\n\t\t\t\t\t\t\t\t\t\t<div class=\"row\">\n\t\t\t\t\t\t\t\t\t\t\t<div\n\t\t\t\t\t\t\t\t\t\t\t\tclass=\"col-md-6 col-sm-12 box-inner \">\n\t\t\t\t\t\t\t\t\t\t\t\t\t\t\t\t\t\t\t\t\t\t\t\t\t<div class=\"bgColor\"><\/div>\n\t\t\t\t\t\t\t\t\t\t\t\t\t\t\t\t\t\t\t\t\t\t\t\t\t\t\t\t\t\t\t\t\t\t\t\t\t<div\n\t\t\t\t\t\t\t\t\t\t\t\t\t\tclass=\"content-title \">\n\t\t\t\t\t\t\t\t\t\t\t\t\t\t<h3 class=\"explore-header\"\n\t\t\t\t\t\t\t\t\t\t\t\t\t\t\tdata-maxlength=\"68\"\n\t\t\t\t\t\t\t\t\t\t\t\t\t\t\ttitle=\"Secteur public\">\n\t\t\t\t\t\t\t\t\t\t\t\t\t\t\tSecteur public\t\t\t\t\t\t\t\t\t\t\t\t\t\t<\/h3>\n\t\t\t\t\t\t\t\t\t\t\t\t\t<\/div>\n\t\t\t\t\t\t\t\t\t\t\t\t\n\t\t\t\t\t\t\t\t\t\t\t\t\t\t\t\t\t\t\t\t\t\t\t\t\t\t\t\t\t\t\t\t\t\t\t\t\t\t\t<div\n\t\t\t\t\t\t\t\t\t\t\t\t\t\t\tclass=\"box-title \">\n\t\t\t\t\t\t\t\t\t\t\t\t\t\t\t<h4 data-maxlength=\"144\"\n\t\t\t\t\t\t\t\t\t\t\t\t\t\t\t\ttitle=\"Le secteur public m\u00e8ne une transformation vers un futur qui sera r\u00e9solument plus num\u00e9rique et durable.\"\n\t\t\t\t\t\t\t\t\t\t\t\t\t\t\t\tstyle=\"white-space: pre-wrap;\">\n\t\t\t\t\t\t\t\t\t\t\t\t\t\t\t\tLe secteur public m\u00e8ne une transformation vers un futur qui sera r\u00e9solument plus num\u00e9rique et durable.\t\t\t\t\t\t\t\t\t\t\t\t\t\t\t<\/h4>\n\t\t\t\t\t\t\t\t\t\t\t\t\t\t<\/div>\n\t\t\t\t\t\t\t\t\t\t\t\t\t\t\t\t\t\t\t\t\t\t\t\t\t\n\t\t\t\t\t\t\t\t\t\t\t\t\t\t\t\t\t\t\t\t\t\t\t\t\t<div >\n\t\t\t\t\t\t\t\t\t\t\t\t\t\t\t\t\t\t\t\t\t\t\t\t\t\t\t<\/div>\n\t\t\t\t\t\t\t\t\t\t\t\t\n\t\t\t\t\t\t\t\t\t\t\t\t\t\t\t\t\t\t\t\t\t\t\t\t\t\t\t\t\t\t\t\t\t\t\t\t\t<div class=\"btnDiv\"> <a class=\"more2\" data-maxlength=\"24\" aria-label=\"En savoir plus A propos Secteur public\"\n\t\t\t\t\t\t\t\t\t\t\t\t\t\t tabindex=\"0\" href=\"https:\/\/www.capgemini.com\/fr-fr\/secteurs\/secteur-public\/\"\n\t\t\t\t\t\t\t\t\t\t\t\t\t\t\ttarget=\"\">\n\t\t\t\t\t\t\t\t\t\t\t\t\t\tEn savoir plus\t\t\t\t\t\t\t\t\t\t\t\t\t<\/a> <\/div>\n\t\t\t\t\t\t\t\t\t\t\t\t\t\t\t\t\t\t\t\t\t\t\t\t\t\n\n\n\t\t\t\t\t\t\t\t\t\t\t<\/div>\n\n\t\t\t\t\t\t\t\t\t\t\t<div class=\"col-md-6 col-sm-12 text-right box-img-wrapper escaper escaper-right\">\n\t\t\t\t\t\t\t\t\t\t\t\t\n\n\t\t\t\t\t\t\t\t\t\t\t\t<picture>\n\t\t\t\t\t\t\t\t\t\t\t\t\t<source\n\t\t\t\t\t\t\t\t\t\t\t\t\t\tsrcset=\"https:\/\/www.capgemini.com\/fr-fr\/wp-content\/uploads\/sites\/6\/2021\/10\/Capgemini_Industries_Public-Sector-1-3.jpg?w=1200&amp;quality=90 1x, https:\/\/www.capgemini.com\/fr-fr\/wp-content\/uploads\/sites\/6\/2021\/10\/Capgemini_Industries_Public-Sector-1-3.jpg?w=1200&amp;quality=90 2x\"\n\t\t\t\t\t\t\t\t\t\t\t\t\t\tmedia=\"(min-width: 1500px)\" \/>\n\t\t\t\t\t\t\t\t\t\t\t\t\t<source\n\t\t\t\t\t\t\t\t\t\t\t\t\t\tsrcset=\"https:\/\/www.capgemini.com\/fr-fr\/wp-content\/uploads\/sites\/6\/2021\/10\/Capgemini_Industries_Public-Sector-1-3.jpg?w=600&amp;quality=90 1x, https:\/\/www.capgemini.com\/fr-fr\/wp-content\/uploads\/sites\/6\/2021\/10\/Capgemini_Industries_Public-Sector-1-3.jpg?w=1200&amp;quality=90 2x\"\n\t\t\t\t\t\t\t\t\t\t\t\t\t\tmedia=\"(min-width: 992px)\" \/>\n\t\t\t\t\t\t\t\t\t\t\t\t\t<source\n\t\t\t\t\t\t\t\t\t\t\t\t\t\tsrcset=\"https:\/\/www.capgemini.com\/fr-fr\/wp-content\/uploads\/sites\/6\/2021\/10\/Capgemini_Industries_Public-Sector-1-3.jpg?w=400&amp;quality=90 1x, https:\/\/www.capgemini.com\/fr-fr\/wp-content\/uploads\/sites\/6\/2021\/10\/Capgemini_Industries_Public-Sector-1-3.jpg?w=800&amp;quality=90 2x\"\n\t\t\t\t\t\t\t\t\t\t\t\t\t\tmedia=\"(min-width: 768px)\" \/>\n\t\t\t\t\t\t\t\t\t\t\t\t\t<source\n\t\t\t\t\t\t\t\t\t\t\t\t\t\tsrcset=\"https:\/\/www.capgemini.com\/fr-fr\/wp-content\/uploads\/sites\/6\/2021\/10\/Capgemini_Industries_Public-Sector-1-3.jpg?w=400&amp;quality=90 1x, https:\/\/www.capgemini.com\/fr-fr\/wp-content\/uploads\/sites\/6\/2021\/10\/Capgemini_Industries_Public-Sector-1-3.jpg?w=800&amp;quality=90 2x\"\n\t\t\t\t\t\t\t\t\t\t\t\t\t\tmedia=\"(min-width: 0)\" \/>\n\n\n\t\t\t\t\t\t\t\t\t\t\t\t\t<img loading=\"lazy\" class=\"box-img\"\n\t\t\t\t\t\t\t\t\t\t\t\t\t\tsrc=\"https:\/\/www.capgemini.com\/fr-fr\/wp-content\/uploads\/sites\/6\/2021\/10\/Capgemini_Industries_Public-Sector-1-3.jpg\"\n\t\t\t\t\t\t\t\t\t\t\t\t\t\tstyle=\"\n\t\t\t\t\t\t\t\t\t\t\t\t\t\tobject-position: 58% 37%; object-fit: cover;\t\t\t\t\t\t\t\t\t\t\t\t\t\t\t\t\t\" alt=\"\" \/>\n\n\t\t\t\t\t\t\t\t\t\t\t\t<\/picture>\n\t\t\t\t\t\t\t\t\t\t\t\t<!-- <img decoding=\"async\" class=\"box-img\" src=\"\n\t\t\t\t\t\t\t\t\t\t\t\t\t\t\t\t\t\t\t\t\t\t\t\t\t\t\t\"\n\t\t\t\t\t\t\t\t\t\t\tstyle=\"\n\t\t\t\t\t\t\t\t\t\t\t\t\t\t\t\t\t\t\t\t\t\t\t\t\t\" alt=\"\"\n\t\t\t\t\t\t\t\t\t\t\/> -->\n\t\t\t\t\t\t\t\t\t\t\t<\/div>\n\t\t\t\t\t\t\t\t\t\t<\/div>\n\t\t\t\t\t\t\t\t\t<\/div>\n\t\t\t\t\t\t\t\t<\/div>\n\t\t\t\t\t\t\t\t<div class=\"\">\n\t\t\t\t\t\t\t\t<\/div>\n\t\t\t\t\t\t\t\t<div class=\"slide-reveal\"><\/div>\n\t\t\t\t\t\t\t<\/div>\n\t\t\t\t\t\t<\/div>\n\t\t\t\t\t\n\t\t\t\t<\/div>\n\n\t\t\t\t\n\t\t\t<\/div>\n\n\t\t<\/section>\n\n\t\t","protected":false},"excerpt":{"rendered":"<p>L\u2019ADEME estime que la strat\u00e9gie bas carbone de la France pourrait \u00eatre \u00e0 l\u2019origine de la cr\u00e9ation d\u2019un million d\u2019emplois \u00e0 l\u2019horizon 2050.<br \/>\nCes emplois seraient le fruit de changements holistiques des pratiques dans les modes de vie mais aussi dans le travail qu\u2019implique la transformation \u00e9cologique. <\/p>\n","protected":false},"author":247,"featured_media":748514,"comment_status":"closed","ping_status":"closed","sticky":false,"template":"","format":"standard","meta":{"cg_dt_proposed_to":[21,41],"cg_seo_hreflang_relations":"[]","cg_seo_canonical_relation":"","cg_seo_hreflang_x_default_relation":"{\"uuid\":\"c461d93a-c339-4f8b-bd6d-7257ed5b2b8d\",\"blogId\":\"\",\"domain\":\"\",\"sitePath\":\"\",\"postLink\":\"\",\"postId\":null,\"isSaved\":true,\"isCrossLink\":false,\"hasCrossLink\":false}","cg_dt_approved_content":true,"cg_dt_mandatory_content":false,"cg_dt_notes":"","cg_dg_source_changed":false,"cg_dt_link_disabled":true,"_yoast_wpseo_primary_brand":"31","_jetpack_memberships_contains_paid_content":false,"footnotes":"[{\"content\":\"<a href=\\\"https:\/\/infos.ademe.fr\/magazine-octobre-2021\/dossier\/transition-ecologique-et-emploi-un-cercle-vertueux\/\\\" target=\\\"_blank\\\" rel=\\\"noreferrer noopener\\\">ADEME (2021). Transition \u00e9cologique et emploi\u202f: un cercle vertueux\u2009?<\/a>\",\"id\":\"79efcd1f-8d45-4830-b420-423f9a3bc631\"},{\"content\":\"<a href=\\\"https:\/\/theshiftproject.org\/wp-content\/uploads\/2022\/01\/TSP-PTEF-Emploi-moteur-transformation-bas-carbone-RF-V5-2.pdf\\\" target=\\\"_blank\\\" rel=\\\"noreferrer noopener\\\">The Shift Project (2021). L\u2019Emploi : moteur de la transformation bas carbone.<\/a>\",\"id\":\"4f3ead71-a56d-4383-b6eb-d68a8b423e45\"},{\"content\":\"<a href=\\\"https:\/\/doi.org\/https:\/\/doi.org\/10.57706\/cereqbref-0423\\\" target=\\\"_blank\\\" rel=\\\"noreferrer noopener\\\">Baghioni, L. &amp; Moncel, N. (2022). La transition \u00e9cologique au travail : emploi et formation face au d\u00e9fi environnemental. C\u00e9req Bref, 423, 1-4.<\/a>\",\"id\":\"a4b26300-d315-4b2d-a921-1a7fd79d6740\"},{\"content\":\"<a href=\\\"https:\/\/www.banquedesterritoires.fr\/sites\/default\/files\/2023-07\/BDT_Etude_Education_%C3%A0_la_transformation_%C3%A9cologique_VF2.pdf\\\" target=\\\"_blank\\\" rel=\\\"noreferrer noopener\\\">Banque des territoires &amp; Capgemini Invent (2023). L\u2019\u00e9ducation \u00e0 la transformation \u00e9cologique.<\/a>\",\"id\":\"223b2134-d8d7-4e8d-9d47-01e0d9fbf0ee\"}]","featured_focal_points":"{\"x\":0.52,\"y\":0.47}"},"categories":[138],"tags":[228],"brand":[31],"service":[29],"industry":[131],"partners":[],"blog-topic":[355,363],"content-group":[],"class_list":["post-748506","post","type-post","status-publish","format-standard","has-post-thumbnail","hentry","category-transformation","tag-secteur-public","brand-capgemini-invent","service-business-innovation-transformation","industry-secteur-public","blog-topic-developpement-durable","blog-topic-transformation"],"yoast_head":"<!-- This site is optimized with the Yoast SEO Premium plugin v22.8 (Yoast SEO v22.8) - https:\/\/yoast.com\/wordpress\/plugins\/seo\/ -->\n<title>Transformation \u00e9cologique : acc\u00e9l\u00e9rer la formation aux nouveaux m\u00e9tiers - Capgemini France<\/title>\n<meta name=\"description\" content=\"L\u2019ADEME estime que la strat\u00e9gie bas carbone de la France pourrait \u00eatre \u00e0 l\u2019origine de la cr\u00e9ation d\u2019un million d\u2019emplois \u00e0 l\u2019horizon 2050.\u00a0\" \/>\n<meta name=\"robots\" content=\"index, follow, max-snippet:-1, max-image-preview:large, max-video-preview:-1\" \/>\n<link rel=\"canonical\" href=\"https:\/\/www.capgemini.com\/fr-fr\/perspectives\/blog\/transformation-ecologique-accelerer-formation-nouveaux-metiers\/\" \/>\n<meta property=\"og:locale\" content=\"fr_FR\" \/>\n<meta property=\"og:type\" content=\"article\" \/>\n<meta property=\"og:title\" content=\"Transformation \u00e9cologique : acc\u00e9l\u00e9rer la formation aux nouveaux m\u00e9tiers\" \/>\n<meta property=\"og:description\" content=\"L\u2019ADEME estime que la strat\u00e9gie bas carbone de la France pourrait \u00eatre \u00e0 l\u2019origine de la cr\u00e9ation d\u2019un million d\u2019emplois \u00e0 l\u2019horizon 2050.\u00a0\" \/>\n<meta property=\"og:url\" content=\"https:\/\/www.capgemini.com\/fr-fr\/perspectives\/blog\/transformation-ecologique-accelerer-formation-nouveaux-metiers\/\" \/>\n<meta property=\"og:site_name\" content=\"Capgemini France\" \/>\n<meta property=\"article:published_time\" content=\"2023-04-21T12:34:00+00:00\" \/>\n<meta property=\"article:modified_time\" content=\"2025-12-30T11:55:50+00:00\" \/>\n<meta property=\"og:image\" content=\"https:\/\/www.capgemini.com\/fr-fr\/wp-content\/uploads\/sites\/6\/2023\/04\/Webpreview_transformation_ecolo.png\" \/>\n\t<meta property=\"og:image:width\" content=\"1080\" \/>\n\t<meta property=\"og:image:height\" content=\"1080\" \/>\n\t<meta property=\"og:image:type\" content=\"image\/png\" \/>\n<meta name=\"author\" content=\"Rebecca Maumet, Alice Robichon, Jean-Baptiste Perrin\" \/>\n<meta name=\"twitter:card\" content=\"summary_large_image\" \/>\n<meta name=\"twitter:label1\" content=\"Written by\" \/>\n\t<meta name=\"twitter:data1\" content=\"quentinkieken\" \/>\n\t<meta name=\"twitter:label2\" content=\"Est. reading time\" \/>\n\t<meta name=\"twitter:data2\" content=\"6 minutes\" \/>\n<script type=\"application\/ld+json\" class=\"yoast-schema-graph\">{\"@context\":\"https:\/\/schema.org\",\"@graph\":[{\"@type\":\"Article\",\"@id\":\"https:\/\/www.capgemini.com\/fr-fr\/perspectives\/blog\/transformation-ecologique-accelerer-formation-nouveaux-metiers\/#article\",\"isPartOf\":{\"@id\":\"https:\/\/www.capgemini.com\/fr-fr\/perspectives\/blog\/transformation-ecologique-accelerer-formation-nouveaux-metiers\/\"},\"author\":{\"name\":\"quentinkieken\",\"@id\":\"https:\/\/www.capgemini.com\/fr-fr\/#\/schema\/person\/0102b736b468cc97963c6c8590fb611c\"},\"headline\":\"Transformation \u00e9cologique : acc\u00e9l\u00e9rer la formation aux nouveaux m\u00e9tiers\",\"datePublished\":\"2023-04-21T12:34:00+00:00\",\"dateModified\":\"2025-12-30T11:55:50+00:00\",\"mainEntityOfPage\":{\"@id\":\"https:\/\/www.capgemini.com\/fr-fr\/perspectives\/blog\/transformation-ecologique-accelerer-formation-nouveaux-metiers\/\"},\"wordCount\":1125,\"publisher\":{\"@id\":\"https:\/\/www.capgemini.com\/fr-fr\/#organization\"},\"image\":{\"@id\":\"https:\/\/www.capgemini.com\/fr-fr\/perspectives\/blog\/transformation-ecologique-accelerer-formation-nouveaux-metiers\/#primaryimage\"},\"thumbnailUrl\":\"https:\/\/www.capgemini.com\/fr-fr\/wp-content\/uploads\/sites\/6\/2023\/04\/LACITE_1.png\",\"keywords\":[\"Secteur public\"],\"articleSection\":[\"Transformation\"],\"inLanguage\":\"fr-FR\"},{\"@type\":\"WebPage\",\"@id\":\"https:\/\/www.capgemini.com\/fr-fr\/perspectives\/blog\/transformation-ecologique-accelerer-formation-nouveaux-metiers\/\",\"url\":\"https:\/\/www.capgemini.com\/fr-fr\/perspectives\/blog\/transformation-ecologique-accelerer-formation-nouveaux-metiers\/\",\"name\":\"Transformation \u00e9cologique : acc\u00e9l\u00e9rer la formation aux nouveaux m\u00e9tiers - Capgemini France\",\"isPartOf\":{\"@id\":\"https:\/\/www.capgemini.com\/fr-fr\/#website\"},\"primaryImageOfPage\":{\"@id\":\"https:\/\/www.capgemini.com\/fr-fr\/perspectives\/blog\/transformation-ecologique-accelerer-formation-nouveaux-metiers\/#primaryimage\"},\"image\":{\"@id\":\"https:\/\/www.capgemini.com\/fr-fr\/perspectives\/blog\/transformation-ecologique-accelerer-formation-nouveaux-metiers\/#primaryimage\"},\"thumbnailUrl\":\"https:\/\/www.capgemini.com\/fr-fr\/wp-content\/uploads\/sites\/6\/2023\/04\/LACITE_1.png\",\"datePublished\":\"2023-04-21T12:34:00+00:00\",\"dateModified\":\"2025-12-30T11:55:50+00:00\",\"description\":\"L\u2019ADEME estime que la strat\u00e9gie bas carbone de la France pourrait \u00eatre \u00e0 l\u2019origine de la cr\u00e9ation d\u2019un million d\u2019emplois \u00e0 l\u2019horizon 2050.\u00a0\",\"inLanguage\":\"fr-FR\",\"potentialAction\":[{\"@type\":\"ReadAction\",\"target\":[\"https:\/\/www.capgemini.com\/fr-fr\/perspectives\/blog\/transformation-ecologique-accelerer-formation-nouveaux-metiers\/\"]}]},{\"@type\":\"ImageObject\",\"inLanguage\":\"fr-FR\",\"@id\":\"https:\/\/www.capgemini.com\/fr-fr\/perspectives\/blog\/transformation-ecologique-accelerer-formation-nouveaux-metiers\/#primaryimage\",\"url\":\"https:\/\/www.capgemini.com\/fr-fr\/wp-content\/uploads\/sites\/6\/2023\/04\/LACITE_1.png\",\"contentUrl\":\"https:\/\/www.capgemini.com\/fr-fr\/wp-content\/uploads\/sites\/6\/2023\/04\/LACITE_1.png\",\"width\":555,\"height\":298},{\"@type\":\"WebSite\",\"@id\":\"https:\/\/www.capgemini.com\/fr-fr\/#website\",\"url\":\"https:\/\/www.capgemini.com\/fr-fr\/\",\"name\":\"Capgemini France\",\"description\":\"Just another www.capgemini.com site\",\"publisher\":{\"@id\":\"https:\/\/www.capgemini.com\/fr-fr\/#organization\"},\"potentialAction\":[{\"@type\":\"SearchAction\",\"target\":{\"@type\":\"EntryPoint\",\"urlTemplate\":\"https:\/\/www.capgemini.com\/fr-fr\/?s={search_term_string}\"},\"query-input\":\"required name=search_term_string\"}],\"inLanguage\":\"fr-FR\"},{\"@type\":\"Organization\",\"@id\":\"https:\/\/www.capgemini.com\/fr-fr\/#organization\",\"name\":\"Capgemini France\",\"url\":\"https:\/\/www.capgemini.com\/fr-fr\/\",\"logo\":{\"@type\":\"ImageObject\",\"inLanguage\":\"fr-FR\",\"@id\":\"https:\/\/www.capgemini.com\/fr-fr\/#\/schema\/logo\/image\/\",\"url\":\"https:\/\/www.capgemini.com\/fr-fr\/wp-content\/uploads\/sites\/6\/2022\/08\/Logo-Capgemini.png\",\"contentUrl\":\"https:\/\/www.capgemini.com\/fr-fr\/wp-content\/uploads\/sites\/6\/2022\/08\/Logo-Capgemini.png\",\"width\":202,\"height\":60,\"caption\":\"Capgemini France\"},\"image\":{\"@id\":\"https:\/\/www.capgemini.com\/fr-fr\/#\/schema\/logo\/image\/\"}},{\"@type\":\"Person\",\"@id\":\"https:\/\/www.capgemini.com\/fr-fr\/#\/schema\/person\/0102b736b468cc97963c6c8590fb611c\",\"name\":\"quentinkieken\",\"url\":\"https:\/\/www.capgemini.com\/fr-fr\/author\/quentinkieken\/\"}]}<\/script>\n<!-- \/ Yoast SEO Premium plugin. -->","yoast_head_json":{"title":"Transformation \u00e9cologique : acc\u00e9l\u00e9rer la formation aux nouveaux m\u00e9tiers - Capgemini France","description":"L\u2019ADEME estime que la strat\u00e9gie bas carbone de la France pourrait \u00eatre \u00e0 l\u2019origine de la cr\u00e9ation d\u2019un million d\u2019emplois \u00e0 l\u2019horizon 2050.\u00a0","robots":{"index":"index","follow":"follow","max-snippet":"max-snippet:-1","max-image-preview":"max-image-preview:large","max-video-preview":"max-video-preview:-1"},"canonical":"https:\/\/www.capgemini.com\/fr-fr\/perspectives\/blog\/transformation-ecologique-accelerer-formation-nouveaux-metiers\/","og_locale":"fr_FR","og_type":"article","og_title":"Transformation \u00e9cologique : acc\u00e9l\u00e9rer la formation aux nouveaux m\u00e9tiers","og_description":"L\u2019ADEME estime que la strat\u00e9gie bas carbone de la France pourrait \u00eatre \u00e0 l\u2019origine de la cr\u00e9ation d\u2019un million d\u2019emplois \u00e0 l\u2019horizon 2050.\u00a0","og_url":"https:\/\/www.capgemini.com\/fr-fr\/perspectives\/blog\/transformation-ecologique-accelerer-formation-nouveaux-metiers\/","og_site_name":"Capgemini France","article_published_time":"2023-04-21T12:34:00+00:00","article_modified_time":"2025-12-30T11:55:50+00:00","og_image":[{"width":1080,"height":1080,"url":"https:\/\/www.capgemini.com\/fr-fr\/wp-content\/uploads\/sites\/6\/2023\/04\/Webpreview_transformation_ecolo.png","type":"image\/png"}],"author":"Rebecca Maumet, Alice Robichon, Jean-Baptiste Perrin","twitter_card":"summary_large_image","twitter_misc":{"Written by":"quentinkieken","Est. reading time":"6 minutes"},"schema":{"@context":"https:\/\/schema.org","@graph":[{"@type":"Article","@id":"https:\/\/www.capgemini.com\/fr-fr\/perspectives\/blog\/transformation-ecologique-accelerer-formation-nouveaux-metiers\/#article","isPartOf":{"@id":"https:\/\/www.capgemini.com\/fr-fr\/perspectives\/blog\/transformation-ecologique-accelerer-formation-nouveaux-metiers\/"},"author":{"name":"quentinkieken","@id":"https:\/\/www.capgemini.com\/fr-fr\/#\/schema\/person\/0102b736b468cc97963c6c8590fb611c"},"headline":"Transformation \u00e9cologique : acc\u00e9l\u00e9rer la formation aux nouveaux m\u00e9tiers","datePublished":"2023-04-21T12:34:00+00:00","dateModified":"2025-12-30T11:55:50+00:00","mainEntityOfPage":{"@id":"https:\/\/www.capgemini.com\/fr-fr\/perspectives\/blog\/transformation-ecologique-accelerer-formation-nouveaux-metiers\/"},"wordCount":1125,"publisher":{"@id":"https:\/\/www.capgemini.com\/fr-fr\/#organization"},"image":{"@id":"https:\/\/www.capgemini.com\/fr-fr\/perspectives\/blog\/transformation-ecologique-accelerer-formation-nouveaux-metiers\/#primaryimage"},"thumbnailUrl":"https:\/\/www.capgemini.com\/fr-fr\/wp-content\/uploads\/sites\/6\/2023\/04\/LACITE_1.png","keywords":["Secteur public"],"articleSection":["Transformation"],"inLanguage":"fr-FR"},{"@type":"WebPage","@id":"https:\/\/www.capgemini.com\/fr-fr\/perspectives\/blog\/transformation-ecologique-accelerer-formation-nouveaux-metiers\/","url":"https:\/\/www.capgemini.com\/fr-fr\/perspectives\/blog\/transformation-ecologique-accelerer-formation-nouveaux-metiers\/","name":"Transformation \u00e9cologique : acc\u00e9l\u00e9rer la formation aux nouveaux m\u00e9tiers - Capgemini France","isPartOf":{"@id":"https:\/\/www.capgemini.com\/fr-fr\/#website"},"primaryImageOfPage":{"@id":"https:\/\/www.capgemini.com\/fr-fr\/perspectives\/blog\/transformation-ecologique-accelerer-formation-nouveaux-metiers\/#primaryimage"},"image":{"@id":"https:\/\/www.capgemini.com\/fr-fr\/perspectives\/blog\/transformation-ecologique-accelerer-formation-nouveaux-metiers\/#primaryimage"},"thumbnailUrl":"https:\/\/www.capgemini.com\/fr-fr\/wp-content\/uploads\/sites\/6\/2023\/04\/LACITE_1.png","datePublished":"2023-04-21T12:34:00+00:00","dateModified":"2025-12-30T11:55:50+00:00","description":"L\u2019ADEME estime que la strat\u00e9gie bas carbone de la France pourrait \u00eatre \u00e0 l\u2019origine de la cr\u00e9ation d\u2019un million d\u2019emplois \u00e0 l\u2019horizon 2050.\u00a0","inLanguage":"fr-FR","potentialAction":[{"@type":"ReadAction","target":["https:\/\/www.capgemini.com\/fr-fr\/perspectives\/blog\/transformation-ecologique-accelerer-formation-nouveaux-metiers\/"]}]},{"@type":"ImageObject","inLanguage":"fr-FR","@id":"https:\/\/www.capgemini.com\/fr-fr\/perspectives\/blog\/transformation-ecologique-accelerer-formation-nouveaux-metiers\/#primaryimage","url":"https:\/\/www.capgemini.com\/fr-fr\/wp-content\/uploads\/sites\/6\/2023\/04\/LACITE_1.png","contentUrl":"https:\/\/www.capgemini.com\/fr-fr\/wp-content\/uploads\/sites\/6\/2023\/04\/LACITE_1.png","width":555,"height":298},{"@type":"WebSite","@id":"https:\/\/www.capgemini.com\/fr-fr\/#website","url":"https:\/\/www.capgemini.com\/fr-fr\/","name":"Capgemini France","description":"Just another www.capgemini.com site","publisher":{"@id":"https:\/\/www.capgemini.com\/fr-fr\/#organization"},"potentialAction":[{"@type":"SearchAction","target":{"@type":"EntryPoint","urlTemplate":"https:\/\/www.capgemini.com\/fr-fr\/?s={search_term_string}"},"query-input":"required name=search_term_string"}],"inLanguage":"fr-FR"},{"@type":"Organization","@id":"https:\/\/www.capgemini.com\/fr-fr\/#organization","name":"Capgemini France","url":"https:\/\/www.capgemini.com\/fr-fr\/","logo":{"@type":"ImageObject","inLanguage":"fr-FR","@id":"https:\/\/www.capgemini.com\/fr-fr\/#\/schema\/logo\/image\/","url":"https:\/\/www.capgemini.com\/fr-fr\/wp-content\/uploads\/sites\/6\/2022\/08\/Logo-Capgemini.png","contentUrl":"https:\/\/www.capgemini.com\/fr-fr\/wp-content\/uploads\/sites\/6\/2022\/08\/Logo-Capgemini.png","width":202,"height":60,"caption":"Capgemini France"},"image":{"@id":"https:\/\/www.capgemini.com\/fr-fr\/#\/schema\/logo\/image\/"}},{"@type":"Person","@id":"https:\/\/www.capgemini.com\/fr-fr\/#\/schema\/person\/0102b736b468cc97963c6c8590fb611c","name":"quentinkieken","url":"https:\/\/www.capgemini.com\/fr-fr\/author\/quentinkieken\/"}]}},"blog_topic_info":[{"id":355,"name":"D\u00e9veloppement Durable"},{"id":363,"name":"Transformation"}],"taxonomy_info":{"category":[{"id":138,"name":"Transformation","slug":"transformation"}],"post_tag":[{"id":228,"name":"Secteur public","slug":"secteur-public"}],"brand":[{"id":31,"name":"Capgemini Invent","slug":"capgemini-invent"}],"service":[{"id":29,"name":"Transformation &amp; Innovation","slug":"business-innovation-transformation"}],"industry":[{"id":131,"name":"Secteur Public","slug":"secteur-public"}],"blog-topic":[{"id":355,"name":"D\u00e9veloppement Durable","slug":"developpement-durable"},{"id":363,"name":"Transformation","slug":"transformation"}]},"parsely":{"version":"1.1.0","canonical_url":"https:\/\/capgemini.com\/fr-fr\/perspectives\/blog\/transformation-ecologique-accelerer-formation-nouveaux-metiers\/","smart_links":{"inbound":0,"outbound":0},"traffic_boost_suggestions_count":0,"meta":{"@context":"https:\/\/schema.org","@type":"NewsArticle","headline":"Transformation \u00e9cologique : acc\u00e9l\u00e9rer la formation aux nouveaux m\u00e9tiers","url":"https:\/\/www.capgemini.com\/fr-fr\/perspectives\/blog\/transformation-ecologique-accelerer-formation-nouveaux-metiers\/","mainEntityOfPage":{"@type":"WebPage","@id":"https:\/\/www.capgemini.com\/fr-fr\/perspectives\/blog\/transformation-ecologique-accelerer-formation-nouveaux-metiers\/"},"thumbnailUrl":"https:\/\/www.capgemini.com\/fr-fr\/wp-content\/uploads\/sites\/6\/2023\/04\/LACITE_1.png?w=150&h=150&crop=1","image":{"@type":"ImageObject","url":"https:\/\/www.capgemini.com\/fr-fr\/wp-content\/uploads\/sites\/6\/2023\/04\/LACITE_1.png"},"articleSection":"Transformation","author":[],"creator":[],"publisher":{"@type":"Organization","name":"Capgemini France","logo":""},"keywords":["secteur public"],"dateCreated":"2023-04-21T12:34:00Z","datePublished":"2023-04-21T12:34:00Z","dateModified":"2025-12-30T11:55:50Z"},"rendered":"<meta name=\"parsely-title\" content=\"Transformation \u00e9cologique : acc\u00e9l\u00e9rer la formation aux nouveaux m\u00e9tiers\" \/>\n<meta name=\"parsely-link\" content=\"https:\/\/www.capgemini.com\/fr-fr\/perspectives\/blog\/transformation-ecologique-accelerer-formation-nouveaux-metiers\/\" \/>\n<meta name=\"parsely-type\" content=\"post\" \/>\n<meta name=\"parsely-image-url\" content=\"https:\/\/www.capgemini.com\/fr-fr\/wp-content\/uploads\/sites\/6\/2023\/04\/LACITE_1.png?w=150&amp;h=150&amp;crop=1\" \/>\n<meta name=\"parsely-pub-date\" content=\"2023-04-21T12:34:00Z\" \/>\n<meta name=\"parsely-section\" content=\"Transformation\" \/>\n<meta name=\"parsely-tags\" content=\"secteur public\" \/>","tracker_url":"https:\/\/cdn.parsely.com\/keys\/capgemini.com\/p.js"},"jetpack_featured_media_url":"https:\/\/www.capgemini.com\/fr-fr\/wp-content\/uploads\/sites\/6\/2023\/04\/LACITE_1.png","archive_status":false,"featured_image_src":"https:\/\/www.capgemini.com\/fr-fr\/wp-content\/uploads\/sites\/6\/2023\/04\/LACITE_1.png","featured_image_alt":"","jetpack-related-posts":[{"id":784542,"url":"https:\/\/www.capgemini.com\/fr-fr\/perspectives\/blog\/accelerer-transformation-ferroviaire\/","url_meta":{"origin":748506,"position":0},"title":"Acc\u00e9l\u00e9ration de la transformation ferroviaire","author":"jayantapakrashi","date":"May 20, 2025","format":false,"excerpt":"D\u00e9couvrez comment le rail peut combiner les infrastructures num\u00e9riques et physiques pour devenir plus num\u00e9rique, innovant et durable, tout en r\u00e9duisant les co\u00fbts et les d\u00e9lais de commercialisation.","rel":"","context":"In &quot;Innovation&quot;","block_context":{"text":"Innovation","link":"https:\/\/www.capgemini.com\/fr-fr\/category\/innovation\/"},"img":{"alt_text":"","src":"https:\/\/i0.wp.com\/www.capgemini.com\/fr-fr\/wp-content\/uploads\/sites\/6\/2025\/05\/Rail-banner.jpg?resize=350%2C200&ssl=1","width":350,"height":200,"srcset":"https:\/\/i0.wp.com\/www.capgemini.com\/fr-fr\/wp-content\/uploads\/sites\/6\/2025\/05\/Rail-banner.jpg?resize=350%2C200&ssl=1 1x, https:\/\/i0.wp.com\/www.capgemini.com\/fr-fr\/wp-content\/uploads\/sites\/6\/2025\/05\/Rail-banner.jpg?resize=525%2C300&ssl=1 1.5x, https:\/\/i0.wp.com\/www.capgemini.com\/fr-fr\/wp-content\/uploads\/sites\/6\/2025\/05\/Rail-banner.jpg?resize=700%2C400&ssl=1 2x"},"classes":[]},{"id":714726,"url":"https:\/\/www.capgemini.com\/fr-fr\/perspectives\/blog\/economie-circulaire-imperatif-pour-les-telecoms\/","url_meta":{"origin":748506,"position":1},"title":"\u00c9conomie circulaire, nouvel imp\u00e9ratif pour les t\u00e9l\u00e9coms","author":"anne.gautier@capgemini.com","date":"April 3, 2023","format":false,"excerpt":"Pour minimiser leur empreinte environnementale et s\u00e9curiser leur croissance les t\u00e9l\u00e9coms n\u2019ont d\u2019autre choix que de passer \u00e0 la circularit\u00e9","rel":"","context":"In &quot;Transformation&quot;","block_context":{"text":"Transformation","link":"https:\/\/www.capgemini.com\/fr-fr\/category\/transformation\/"},"img":{"alt_text":"","src":"https:\/\/i0.wp.com\/www.capgemini.com\/fr-fr\/wp-content\/uploads\/sites\/6\/2023\/03\/Visuel-Enfant-mimant-telephone-gobelet-carton-illustration-article-blog.jpg?resize=350%2C200&ssl=1","width":350,"height":200,"srcset":"https:\/\/i0.wp.com\/www.capgemini.com\/fr-fr\/wp-content\/uploads\/sites\/6\/2023\/03\/Visuel-Enfant-mimant-telephone-gobelet-carton-illustration-article-blog.jpg?resize=350%2C200&ssl=1 1x, https:\/\/i0.wp.com\/www.capgemini.com\/fr-fr\/wp-content\/uploads\/sites\/6\/2023\/03\/Visuel-Enfant-mimant-telephone-gobelet-carton-illustration-article-blog.jpg?resize=525%2C300&ssl=1 1.5x, https:\/\/i0.wp.com\/www.capgemini.com\/fr-fr\/wp-content\/uploads\/sites\/6\/2023\/03\/Visuel-Enfant-mimant-telephone-gobelet-carton-illustration-article-blog.jpg?resize=700%2C400&ssl=1 2x"},"classes":[]},{"id":719930,"url":"https:\/\/www.capgemini.com\/fr-fr\/perspectives\/blog\/vers-des-sirh-plus-adaptes-et-plus-performants\/","url_meta":{"origin":748506,"position":2},"title":"Vers des SIRH plus adapt\u00e9s et plus performants","author":"","date":"April 30, 2023","format":false,"excerpt":"Comme pour toute fonction r\u00e9galienne des institutions publiques la digitalisation des processus RH est certes avanc\u00e9e mais pas totale. Les processus de gestion administrative (GA), gestion des temps et activit\u00e9s (GTA) et Paie sont g\u00e9n\u00e9ralement bien outill\u00e9s, les autres fonctions comme la formation, le recrutement, les concours sont parfois en\u2026","rel":"","context":"In &quot;Transformation&quot;","block_context":{"text":"Transformation","link":"https:\/\/www.capgemini.com\/fr-fr\/category\/transformation\/"},"img":{"alt_text":"","src":"https:\/\/i0.wp.com\/www.capgemini.com\/fr-fr\/wp-content\/uploads\/sites\/6\/2023\/05\/UGAP-Newsletter-6-.jpg?resize=350%2C200&ssl=1","width":350,"height":200,"srcset":"https:\/\/i0.wp.com\/www.capgemini.com\/fr-fr\/wp-content\/uploads\/sites\/6\/2023\/05\/UGAP-Newsletter-6-.jpg?resize=350%2C200&ssl=1 1x, https:\/\/i0.wp.com\/www.capgemini.com\/fr-fr\/wp-content\/uploads\/sites\/6\/2023\/05\/UGAP-Newsletter-6-.jpg?resize=525%2C300&ssl=1 1.5x, https:\/\/i0.wp.com\/www.capgemini.com\/fr-fr\/wp-content\/uploads\/sites\/6\/2023\/05\/UGAP-Newsletter-6-.jpg?resize=700%2C400&ssl=1 2x"},"classes":[]},{"id":735912,"url":"https:\/\/www.capgemini.com\/fr-fr\/perspectives\/blog\/decarbonation-des-transports-vers-une-necessaire-transformation-des-usages\/","url_meta":{"origin":748506,"position":3},"title":"D\u00e9carbonation des transports : vers une n\u00e9cessaire transformation des usages","author":"","date":"November 28, 2023","format":false,"excerpt":"La d\u00e9carbonation des transports, centrale dans la mise en \u0153uvre de l\u2019accord de Paris, n\u2019est r\u00e9aliste que si l\u2019\u00e9cosyst\u00e8me des mobilit\u00e9s dans son ensemble r\u00e9ussit sa transformation.","rel":"","context":"In &quot;Innovation&quot;","block_context":{"text":"Innovation","link":"https:\/\/www.capgemini.com\/fr-fr\/category\/innovation\/"},"img":{"alt_text":"","src":"https:\/\/i0.wp.com\/www.capgemini.com\/fr-fr\/wp-content\/uploads\/sites\/6\/2023\/11\/2023-FR-Blog-Decarbonisations.jpg?resize=350%2C200&ssl=1","width":350,"height":200,"srcset":"https:\/\/i0.wp.com\/www.capgemini.com\/fr-fr\/wp-content\/uploads\/sites\/6\/2023\/11\/2023-FR-Blog-Decarbonisations.jpg?resize=350%2C200&ssl=1 1x, https:\/\/i0.wp.com\/www.capgemini.com\/fr-fr\/wp-content\/uploads\/sites\/6\/2023\/11\/2023-FR-Blog-Decarbonisations.jpg?resize=525%2C300&ssl=1 1.5x, https:\/\/i0.wp.com\/www.capgemini.com\/fr-fr\/wp-content\/uploads\/sites\/6\/2023\/11\/2023-FR-Blog-Decarbonisations.jpg?resize=700%2C400&ssl=1 2x"},"classes":[]},{"id":785004,"url":"https:\/\/www.capgemini.com\/fr-fr\/perspectives\/blog\/construire-la-resilience-avec-le-platform-engineering\/","url_meta":{"origin":748506,"position":4},"title":"Construire la r\u00e9silience avec le Platform engineering","author":"audreykone","date":"May 7, 2025","format":false,"excerpt":"Avec le platform engineering, la banque de d\u00e9tail r\u00e9pond aux d\u00e9fis de co\u00fbts, de r\u00e9glementation et de cybers\u00e9curit\u00e9 tout en acc\u00e9l\u00e9rant la mise sur le march\u00e9 en se fondant sur une approche r\u00e9siliente et sur l'int\u00e9gration de technologies avanc\u00e9es.","rel":"","context":"In &quot;Transformation&quot;","block_context":{"text":"Transformation","link":"https:\/\/www.capgemini.com\/fr-fr\/category\/transformation\/"},"img":{"alt_text":"","src":"https:\/\/i0.wp.com\/www.capgemini.com\/fr-fr\/wp-content\/uploads\/sites\/6\/2025\/05\/GettyImages-2186736163.jpeg?resize=350%2C200&ssl=1","width":350,"height":200,"srcset":"https:\/\/i0.wp.com\/www.capgemini.com\/fr-fr\/wp-content\/uploads\/sites\/6\/2025\/05\/GettyImages-2186736163.jpeg?resize=350%2C200&ssl=1 1x, https:\/\/i0.wp.com\/www.capgemini.com\/fr-fr\/wp-content\/uploads\/sites\/6\/2025\/05\/GettyImages-2186736163.jpeg?resize=525%2C300&ssl=1 1.5x, https:\/\/i0.wp.com\/www.capgemini.com\/fr-fr\/wp-content\/uploads\/sites\/6\/2025\/05\/GettyImages-2186736163.jpeg?resize=700%2C400&ssl=1 2x"},"classes":[]},{"id":737745,"url":"https:\/\/www.capgemini.com\/fr-fr\/perspectives\/blog\/4-chantiers-de-la-decarbonisation-des-mobilites\/","url_meta":{"origin":748506,"position":5},"title":"Les quatre chantiers de la d\u00e9carbonation des mobilit\u00e9s","author":"","date":"December 18, 2023","format":false,"excerpt":"Pour atteindre la neutralit\u00e9 en 2050 et \u00e9viter une catastrophe climatique, plusieurs chantiers doivent \u00eatre men\u00e9s simultan\u00e9ment pour que les mobilit\u00e9s douces deviennent les standards de demain.","rel":"","context":"In &quot;Innovation&quot;","block_context":{"text":"Innovation","link":"https:\/\/www.capgemini.com\/fr-fr\/category\/innovation\/"},"img":{"alt_text":"","src":"https:\/\/i0.wp.com\/www.capgemini.com\/fr-fr\/wp-content\/uploads\/sites\/6\/2023\/12\/2023-Article-de-blog-les-4-chantiers-de-la-decarbonisation-webpreview.jpg?resize=350%2C200&ssl=1","width":350,"height":200,"srcset":"https:\/\/i0.wp.com\/www.capgemini.com\/fr-fr\/wp-content\/uploads\/sites\/6\/2023\/12\/2023-Article-de-blog-les-4-chantiers-de-la-decarbonisation-webpreview.jpg?resize=350%2C200&ssl=1 1x, https:\/\/i0.wp.com\/www.capgemini.com\/fr-fr\/wp-content\/uploads\/sites\/6\/2023\/12\/2023-Article-de-blog-les-4-chantiers-de-la-decarbonisation-webpreview.jpg?resize=525%2C300&ssl=1 1.5x, https:\/\/i0.wp.com\/www.capgemini.com\/fr-fr\/wp-content\/uploads\/sites\/6\/2023\/12\/2023-Article-de-blog-les-4-chantiers-de-la-decarbonisation-webpreview.jpg?resize=700%2C400&ssl=1 2x"},"classes":[]}],"jetpack_sharing_enabled":true,"distributor_meta":false,"distributor_terms":false,"distributor_media":false,"distributor_original_site_name":"Capgemini France","distributor_original_site_url":"https:\/\/www.capgemini.com\/fr-fr","push-errors":false,"featured_image_url":"https:\/\/www.capgemini.com\/fr-fr\/wp-content\/uploads\/sites\/6\/2023\/04\/LACITE_1.png","author_title":"Capgemini","author_thumbnail_url":"https:\/\/www.capgemini.com\/fr-fr\/wp-content\/uploads\/sites\/6\/2025\/10\/cg-logo-blue.svg?w=960","author_thumbnail_alt":"","_links":{"self":[{"href":"https:\/\/www.capgemini.com\/fr-fr\/wp-json\/wp\/v2\/posts\/748506","targetHints":{"allow":["GET"]}}],"collection":[{"href":"https:\/\/www.capgemini.com\/fr-fr\/wp-json\/wp\/v2\/posts"}],"about":[{"href":"https:\/\/www.capgemini.com\/fr-fr\/wp-json\/wp\/v2\/types\/post"}],"author":[{"embeddable":true,"href":"https:\/\/www.capgemini.com\/fr-fr\/wp-json\/wp\/v2\/users\/247"}],"replies":[{"embeddable":true,"href":"https:\/\/www.capgemini.com\/fr-fr\/wp-json\/wp\/v2\/comments?post=748506"}],"version-history":[{"count":11,"href":"https:\/\/www.capgemini.com\/fr-fr\/wp-json\/wp\/v2\/posts\/748506\/revisions"}],"predecessor-version":[{"id":799451,"href":"https:\/\/www.capgemini.com\/fr-fr\/wp-json\/wp\/v2\/posts\/748506\/revisions\/799451"}],"wp:featuredmedia":[{"embeddable":true,"href":"https:\/\/www.capgemini.com\/fr-fr\/wp-json\/wp\/v2\/media\/748514"}],"wp:attachment":[{"href":"https:\/\/www.capgemini.com\/fr-fr\/wp-json\/wp\/v2\/media?parent=748506"}],"wp:term":[{"taxonomy":"category","embeddable":true,"href":"https:\/\/www.capgemini.com\/fr-fr\/wp-json\/wp\/v2\/categories?post=748506"},{"taxonomy":"post_tag","embeddable":true,"href":"https:\/\/www.capgemini.com\/fr-fr\/wp-json\/wp\/v2\/tags?post=748506"},{"taxonomy":"brand","embeddable":true,"href":"https:\/\/www.capgemini.com\/fr-fr\/wp-json\/wp\/v2\/brand?post=748506"},{"taxonomy":"service","embeddable":true,"href":"https:\/\/www.capgemini.com\/fr-fr\/wp-json\/wp\/v2\/service?post=748506"},{"taxonomy":"industry","embeddable":true,"href":"https:\/\/www.capgemini.com\/fr-fr\/wp-json\/wp\/v2\/industry?post=748506"},{"taxonomy":"partners","embeddable":true,"href":"https:\/\/www.capgemini.com\/fr-fr\/wp-json\/wp\/v2\/partners?post=748506"},{"taxonomy":"blog-topic","embeddable":true,"href":"https:\/\/www.capgemini.com\/fr-fr\/wp-json\/wp\/v2\/blog-topic?post=748506"},{"taxonomy":"content-group","embeddable":true,"href":"https:\/\/www.capgemini.com\/fr-fr\/wp-json\/wp\/v2\/content-group?post=748506"}],"curies":[{"name":"wp","href":"https:\/\/api.w.org\/{rel}","templated":true}]}}