{"id":727159,"date":"2023-08-08T11:46:15","date_gmt":"2023-08-08T09:46:15","guid":{"rendered":"https:\/\/www.capgemini.com\/fr-fr\/?p=727159"},"modified":"2025-03-04T07:00:31","modified_gmt":"2025-03-04T06:00:31","slug":"le-reseau-un-prerequis-a-tout-projet-move-to-cloud-reussi","status":"publish","type":"post","link":"https:\/\/www.capgemini.com\/fr-fr\/perspectives\/blog\/le-reseau-prerequis-projet-move-to-cloud-reussi\/","title":{"rendered":"Le r\u00e9seau, un pr\u00e9requis \u00e0 tout projet move-to-cloud r\u00e9ussi"},"content":{"rendered":"\n<header class=\"wp-block-cg-blocks-hero-blogs header-hero-blogs\"><div class=\"container\"><div class=\"hero-blogs\"><div class=\"hero-blogs-content-wrapper\"><div class=\"row\"><div class=\"col-12\"><div class=\"header-title\"><h1>Le r\u00e9seau, un pr\u00e9requis \u00e0 tout projet move-to-cloud r\u00e9ussi<\/h1><\/div><\/div><\/div><\/div><div class=\"hero-blogs-bottom\"><div class=\"header-author\"><div class=\"author-img\"><img decoding=\"async\" src=\"https:\/\/www.capgemini.com\/fr-fr\/wp-content\/uploads\/sites\/6\/2022\/04\/Design-sans-titre-1-1.png?w=200&amp;quality=10\" alt=\"\" loading=\"lazy\"\/><\/div><div class=\"author-name-date\"><h5 class=\"author-name\">St\u00e9phane Petex<\/h5><h5 class=\"blog-date\">8 ao\u00fbt 2023<\/h5><\/div><\/div><div class=\"brand-image\"> <\/div><\/div><\/div><\/div><\/header>\n\n\n\n<section class=\"wp-block-cg-blocks-intro-para undefined section section--intro\"><div class=\"intro-para\"><div class=\"container\"><div class=\"row\"><div class=\"col-12 col-md-1\"><nav class=\"article-social\"><ul class=\"social-nav\"><li class=\"ip-order-fb\"><a href=\"https:\/\/www.facebook.com\/sharer\/sharer.php?u=https:\/\/www.capgemini.com\/fr-fr\/perspectives\/blog\/le-reseau-prerequis-projet-move-to-cloud-reussi\/\" target=\"_blank\" rel=\"noopener noreferrer\" title=\"Ouvrir dans une nouvelle fen\u00eatre\"><i aria-hidden=\"true\" class=\"icon-fb\"><\/i><span class=\"sr-only\">Facebook<\/span><\/a><\/li><li class=\"ip-order-li\"><a href=\"https:\/\/www.linkedin.com\/sharing\/share-offsite\/?url=https:\/\/www.capgemini.com\/fr-fr\/perspectives\/blog\/le-reseau-prerequis-projet-move-to-cloud-reussi\/\" target=\"_blank\" rel=\"noopener noreferrer\" title=\"Ouvrir dans une nouvelle fen\u00eatre\"><i aria-hidden=\"true\" class=\"icon-li\"><\/i><span class=\"sr-only\">Linkedin<\/span><\/a><\/li><\/ul><\/nav><\/div><div class=\"col-12 col-md-11 col-lg-10\"><h2 class=\"intro-para-title\">Le choix du mod\u00e8le de connectivit\u00e9 hybride est un d\u00e9fi majeur \u00e0 relever pour s\u00e9curiser son business case et am\u00e9liorer l\u2019exp\u00e9rience utilisateur.<\/h2><\/div><\/div><\/div><\/div><\/section>\n\n\n\n<section class=\"wp-block-cg-blocks-group undefined section section--article-content\"><div class=\"article-main-content\"><div class=\"container\"><div class=\"row\"><div class=\"col-12 col-md-11 col-lg-10 offset-md-1 offset-lg-1\"><div class=\"article-text article-quote-text\">\n<p>Que ce soit on-premise ou dans le cloud, le r\u00e9seau est \u00e0 prendre en compte de fa\u00e7on anticip\u00e9e par les parties prenantes d\u2019un projet cloud. Il est en effet l\u2019une des pierres angulaires de tout d\u00e9ploiement dans le cloud en \u00e9tant un des \u00e9l\u00e9ments fondamentaux qui assure l\u2019accessibilit\u00e9 des utilisateurs \u00e0 leurs applications. Il ne faut \u00e9galement pas oublier que les solutions de cloud hybride s\u2019appuient sur la capacit\u00e9 \u00e0 connecter les deux mondes (on-premise et cloud public).<\/p>\n\n\n\n<p>Bien d\u00e9finir le socle r\u00e9seau, c\u2019est la garantie du bon d\u00e9roul\u00e9 du projet cloud dans son ensemble.<\/p>\n\n\n\n<p>Effectivement, le r\u00e9seau est une composante qui participe pleinement \u00e0 la cr\u00e9ation de valeurs op\u00e9rationnelles (r\u00e9duction des co\u00fbts, acc\u00e9l\u00e9ration de d\u00e9ploiement, flexibilit\u00e9 dans un mod\u00e8le multicloud, observabilit\u00e9&#8230;) et apporte de plus en plus de valeurs au m\u00e9tier (optimisation des ressources, meilleure performance des processus m\u00e9tier, outils de collaboration performants&#8230;).<\/p>\n\n\n\n<h2 class=\"wp-block-heading\" id=\"h-le-reseau-un-accelerateur-de-la-digitalisation\">Le r\u00e9seau, un acc\u00e9l\u00e9rateur de la digitalisation<\/h2>\n\n\n\n<p>Le r\u00e9seau devient strat\u00e9gique dans un contexte de complexit\u00e9 croissante des technologies num\u00e9riques et d\u2019ubiquit\u00e9 des ressources IT. Il n\u2019est plus seulement une affaire de liens, de d\u00e9bit ou de capacit\u00e9 de routage, il doit assurer la connectivit\u00e9 de bout en bout des utilisateurs \u00e0 leurs applications o\u00f9 qu\u2019elles soient, de mani\u00e8re s\u00e9curis\u00e9e et avec une qualit\u00e9 d\u2019exp\u00e9rience am\u00e9lior\u00e9e. Le r\u00e9seau n\u2019a jamais \u00e9t\u00e9 autant int\u00e9gr\u00e9 aux couches applicatives.<\/p>\n\n\n\n<p>Le r\u00e9seau fourni des solutions de connectivit\u00e9s orient\u00e9es utilisateurs. Il y a beaucoup plus d\u2019interactions avec les \u00e9quipes en charge des applications, le r\u00e9seau manipule des concepts plus hauts dans le mod\u00e8le OSI (Open Systems Interconnection). Une vision avec une granularit\u00e9 applicative et utilisateur plus fine permet de traiter l\u2019information de mani\u00e8re optimum. On ne se base plus uniquement sur des crit\u00e8res L4 (TCP\/UDP), mais plut\u00f4t sur des crit\u00e8res \u00e0 plus hautes valeurs ajout\u00e9es : qui se connecte&nbsp;? Avec quel appareil ? Quand et d\u2019o\u00f9 il se connecte, analyse de son comportement, sa posture, choix du chemin pour acc\u00e9der \u00e0 l\u2019application, \u2026 &nbsp;La s\u00e9curit\u00e9 et l\u2019exp\u00e9rience utilisateur sont des crit\u00e8res pr\u00e9pond\u00e9rants.<\/p>\n\n\n\n<p>Pour d\u00e9finir l\u2019ensemble de ces nouvelles capacit\u00e9s, nous parlons de <strong>Smart Connectivity<\/strong>.<\/p>\n\n\n\n<p>Derri\u00e8re ce terme se cachent pl\u00e9thore de solutions propos\u00e9es par des \u00e9diteurs, op\u00e9rateurs et constructeurs de plus en plus nombreux sur le march\u00e9 de la connectivit\u00e9 r\u00e9seau et s\u00e9curit\u00e9.<\/p>\n\n\n\n<h2 class=\"wp-block-heading\">Un choix multiple pas toujours gagnant<\/h2>\n\n\n\n<p>Dans ce contexte, les responsables informatique doivent faire face \u00e0 la multiplicit\u00e9 des offres pour identifier la solution la plus adapt\u00e9e \u00e0 leurs exigences et leurs contraintes : h\u00e9t\u00e9rog\u00e9n\u00e9it\u00e9 des solutions r\u00e9seaux des Cloud Service Providers ou CSP (AWS, Azure, GCP&#8230;), foisonnement des offres de cloud hybride et multiplication des technologies (SD-WAN, SDCI, IXP, network Edge, &nbsp;SASE, ZTP, etc \u2026), interpr\u00e9tation et compr\u00e9hension des mod\u00e8les de co\u00fbts relatifs au r\u00e9seau qui sont souvent diff\u00e9rents d\u2019un acteur \u00e0 l\u2019autre (forfaitaire \/ \u00e0 l\u2019utilisation \/ engagement sur une p\u00e9riode donn\u00e9e \/ prix d\u00e9gressif en fonction de l\u2019engagement sur le volume\u2026).<\/p>\n\n\n\n<p>La s\u00e9lection entre toutes ces offres et technologies n\u00e9cessite une vraie expertise pour \u00eatre en mesure de faire des choix pertinents qui seront structurants pour l\u2019\u00e9volution du business par la suite. D\u2019ailleurs, le r\u00e9seau s\u2019int\u00e8gre de plus en plus \u00e0 des services tels que FinOps ce qui permet de g\u00e9rer \u00e9troitement les co\u00fbts d\u2019un \u00e9cosyst\u00e8me complexe et de minimiser les d\u00e9penses actuelles et futures.<\/p>\n\n\n\n<h2 class=\"wp-block-heading\">Les comp\u00e9tences Cloud Networking<\/h2>\n\n\n\n<p>Les comp\u00e9tences r\u00e9seaux doivent \u00e9voluer au rythme effr\u00e9n\u00e9 de l\u2019arriv\u00e9 des nouvelles technologies et les \u00e9quipes doivent \u00eatre pluridisciplinaires. Par cons\u00e9quent, il faut \u00eatre en mesure de comprendre \u00e0 la fois les offres commerciales et techniques des op\u00e9rateurs t\u00e9l\u00e9coms historiques, des pur-players et des CSP tout en conservant les comp\u00e9tences legacy que l\u2019on doit continuer \u00e0 g\u00e9rer. Un manque de visibilit\u00e9 sur le march\u00e9 et une interpr\u00e9tation erron\u00e9e des offres pourraient mener \u00e0 prendre de mauvaises d\u00e9cisions avec des cons\u00e9quences n\u00e9gatives pour le business. Il est donc primordial d\u2019avoir une connaissance pr\u00e9cise des capacit\u00e9s et des limitations de chaque offre.<\/p>\n\n\n\n<p>Une fois mis en place, l\u2019exploitation de cet \u00e9cosyst\u00e8me compos\u00e9 de plusieurs acteurs h\u00e9t\u00e9rog\u00e8nes (CSP, op\u00e9rateurs t\u00e9l\u00e9coms, \u00e9diteurs divers) n\u00e9cessite d\u2019adapter le monitoring et le reporting qui doit aussi int\u00e9grer les outils cloud pour garantir une vision globale de l\u2019infrastructure r\u00e9seau hybride. On parle de plus en plus de l\u2019approche SysOps.<\/p>\n\n\n\n<p>Lorsque l\u2019on r\u00e9alise le champ d\u2019action et la valeur apport\u00e9e par le \u00ab&nbsp;Smart Connectivity&nbsp;\u00bb, on con\u00e7oit ais\u00e9ment l\u2019importance de s\u2019entourer de collaborateurs ayant une exp\u00e9rience r\u00e9elle du terrain incluant les environnements Datacenter, Telecom et Cloud Public. L\u2019acquisition de ces comp\u00e9tences multiples au sein de son \u00e9quipe r\u00e9seau est souvent difficile dans le contexte actuel ce qui pousse les directions informatiques &nbsp;\u00e0 faire appel \u00e0 de la prestation ext\u00e9rieure pour acc\u00e9l\u00e9rer et s\u00e9curiser leurs projets cloud sur tous les axes (s\u00e9curit\u00e9, co\u00fbts, performance, etc).<\/p>\n<\/div><\/div><\/div><\/div><\/div><\/section>\n\n\n\n<section class=\"wp-block-cg-blocks-wrapper-people-slider section section--expert-slider wrapper-people-slider undefined\"><div class=\"container\"><div class=\"content-title\"><h3 data-maxlength=\"34\">Auteur : <\/h3><\/div><\/div><div class=\"slider slider-boxed\"><div class=\"container\"><div class=\"slider-window\"><div class=\"slider-list\">\n\t\t<div class=\"slide\">\n\t\t\t<div class=\"box\">\n\t\t\t\t<div class=\"row\">\n\t\t\t\t\t<div class=\"col-md-6 col-lg-4 box-img-wrapper\">\n\t\t\t\t\t\t<img decoding=\"async\" loading=\"lazy\" src=\"https:\/\/www.capgemini.com\/fr-fr\/wp-content\/uploads\/sites\/6\/2022\/04\/Stephane-Petex.png\" alt=\"St\u00e9phane Petex\"\/>\n\t\t\t\t\t<\/div>\n\t\t\t\t\t<div class=\"col-md-6 col-lg-8 box-inner\">\n\t\t\t\t\t\t<div class=\"row title-social-media-header\">\n\t\t\t\t\t\t\t<div class=\"col-md-12 col-lg-6 mbl-social-icon\">\n\t\t\t\t\t\t\t\t<ul class=\"social-nav\">\n\t\t\t\t\t\t\t\t\t\t\t\t\t\t\t\t\t\t\t\t\t\t\t\t\t\t\t\t\t\t\t\t\t\t\t\t\t\t\t\t\t\t\t\t\t\t\t\t\t\t\t\t\t\t\t<li><a aria-label=\"Linkedin\" target=\"_blank\" title=\"Ouvrir dans une nouvelle fen\u00eatre\" href=\"https:\/\/www.linkedin.com\/in\/stephane-petex-bb27398a\/\"><i aria-hidden=\"true\" class=\"icon-li\"><\/i><\/a><\/li>\n\t\t\t\t\t\t\t\t\t\t\t\t\t\t\t\t\t<\/ul>\n\t\t\t\t\t\t\t<\/div>\n\t\t\t\t\t\t\t<div class=\"col-md-12 col-lg-6 box-container\">\n\t\t\t\t\t\t\t\t<div class=\"box-title\">\n\t\t\t\t\t\t\t\t\t<h3 class=\"people-profile-title\">St\u00e9phane Petex<\/h3>\n\t\t\t\t\t\t\t\t<\/div>\n\t\t\t\t\t\t\t\t\t\t\t\t\t\t\t\t\t<span>Solution Architect<\/span>\n\t\t\t\t\t\t\t\t\t\t\t\t\t\t\t<\/div>\n\t\t\t\t\t\t\t<div class=\"col-md-12 col-lg-6 social-box-container dkt-social-icon\">\n\t\t\t\t\t\t\t\t<ul class=\"social-nav\">\n\t\t\t\t\t\t\t\t\t\t\t\t\t\t\t\t\t\t\t\t\t\t\t\t\t\t\t\t\t\t\t\t\t\t\t\t\t\t\t\t\t\t\t\t\t\t\t\t\t\t\t\t\t\t\t<li><a aria-label=\"Linkedin\" target=\"_blank\" title=\"Ouvrir dans une nouvelle fen\u00eatre\" href=\"https:\/\/www.linkedin.com\/in\/stephane-petex-bb27398a\/\"><i aria-hidden=\"true\" class=\"icon-li\"><\/i><\/a><\/li>\n\t\t\t\t\t\t\t\t\t\t\t\t\t\t\t\t\t<\/ul>\n\t\t\t\t\t\t\t<\/div>\n\t\t\t\t\t\t<\/div>\n\t\t\t\t\t\t\t\t\t\t\t\t\t<div class=\"people-info\">St\u00e9phane Petex est Architect Solutions chez Capgemini sp\u00e9cialis\u00e9 en architecture des environnements informatiques complexes int\u00e9grant les nouvelles technologies pour de grands comptes dans le domaine bancaire, industriel et informatique.\nSt\u00e9phane participe aux phases d\u2019avant-vente, aux projets d\u2019impl\u00e9mentation, r\u00e9alisation d\u2019audits et contribution \u00e0 la strat\u00e9gie des clients avec une approche garantissant la p\u00e9rennit\u00e9 du syst\u00e8me d\u2019information et la coh\u00e9rence avec les besoins du m\u00e9tier. Il con\u00e7oit et met en place des infrastructures li\u00e9es au cloud computing : cloud public AWS, Azure, OVH \/ cloud priv\u00e9s Vmware et Azure Pack.<\/div>\n\t\t\t\t\t\t\t\t\t\t\t<\/div>\n\t\t\t\t<\/div>\n\t\t\t<\/div>\n\t\t\t\t\t<\/div>\n\t\t\n<\/div><\/div><\/div><div class=\"slider-nav\"><button class=\"slider-prev inactive\" aria-label=\"Curseur pr\u00e9c\u00e9dent\" tabindex=\"-1\"><\/button><ul class=\"slider-paginator\"><\/ul><button class=\"slider-next\" aria-label=\"Curseur suivant\"><\/button><\/div><\/div><\/section>\n","protected":false},"excerpt":{"rendered":"<p>Le choix du mod\u00e8le de connectivit\u00e9 hybride est un d\u00e9fi majeur \u00e0 relever pour s\u00e9curiser son business case et am\u00e9liorer l\u2019exp\u00e9rience utilisateur.<\/p>\n","protected":false},"author":201,"featured_media":727245,"comment_status":"closed","ping_status":"closed","sticky":false,"template":"","format":"standard","meta":{"cg_dt_proposed_to":[],"cg_seo_hreflang_relations":"[]","cg_seo_canonical_relation":"{\"uuid\":\"47acfb12-184d-4600-9d86-598c05df6d96\",\"blogId\":\"\",\"domain\":\"\",\"sitePath\":\"\",\"postLink\":\"\",\"postId\":null,\"isSaved\":true,\"isCrossLink\":false,\"hasCrossLink\":false}","cg_seo_hreflang_x_default_relation":"{\"uuid\":\"f4029713-3f33-4b76-8625-22b54f4eecbf\",\"blogId\":\"\",\"domain\":\"\",\"sitePath\":\"\",\"postLink\":\"\",\"postId\":null,\"isSaved\":true,\"isCrossLink\":false,\"hasCrossLink\":false}","cg_dt_approved_content":true,"cg_dt_mandatory_content":false,"cg_dt_notes":"","cg_dg_source_changed":false,"cg_dt_link_disabled":false,"_yoast_wpseo_primary_brand":"","_jetpack_memberships_contains_paid_content":false,"footnotes":"","featured_focal_points":""},"categories":[138],"tags":[188],"brand":[],"service":[35],"industry":[],"partners":[],"blog-topic":[350],"content-group":[],"class_list":["post-727159","post","type-post","status-publish","format-standard","has-post-thumbnail","hentry","category-transformation","tag-cloud","service-cloud","blog-topic-cloud"],"yoast_head":"<!-- This site is optimized with the Yoast SEO Premium plugin v22.8 (Yoast SEO v22.8) - https:\/\/yoast.com\/wordpress\/plugins\/seo\/ -->\n<title>Le r\u00e9seau, un pr\u00e9requis \u00e0 tout projet move-to-cloud r\u00e9ussi - Capgemini France<\/title>\n<meta name=\"robots\" content=\"index, follow, max-snippet:-1, max-image-preview:large, max-video-preview:-1\" \/>\n<link rel=\"canonical\" href=\"https:\/\/www.capgemini.com\/fr-fr\/perspectives\/blog\/le-reseau-prerequis-projet-move-to-cloud-reussi\/\" \/>\n<meta property=\"og:locale\" content=\"fr_FR\" \/>\n<meta property=\"og:type\" content=\"article\" \/>\n<meta property=\"og:title\" content=\"Le r\u00e9seau, un pr\u00e9requis \u00e0 tout projet move-to-cloud r\u00e9ussi\" \/>\n<meta property=\"og:description\" content=\"Le choix du mod\u00e8le de connectivit\u00e9 hybride est un d\u00e9fi majeur \u00e0 relever pour s\u00e9curiser son business case et am\u00e9liorer l\u2019exp\u00e9rience utilisateur.\" \/>\n<meta property=\"og:url\" content=\"https:\/\/www.capgemini.com\/fr-fr\/perspectives\/blog\/le-reseau-prerequis-projet-move-to-cloud-reussi\/\" \/>\n<meta property=\"og:site_name\" content=\"Capgemini France\" \/>\n<meta property=\"article:published_time\" content=\"2023-08-08T09:46:15+00:00\" \/>\n<meta property=\"article:modified_time\" content=\"2025-03-04T06:00:31+00:00\" \/>\n<meta property=\"og:image\" content=\"https:\/\/www.capgemini.com\/fr-fr\/wp-content\/uploads\/sites\/6\/2023\/08\/cloud-networking.png\" \/>\n\t<meta property=\"og:image:width\" content=\"1200\" \/>\n\t<meta property=\"og:image:height\" content=\"630\" \/>\n\t<meta property=\"og:image:type\" content=\"image\/png\" \/>\n<meta name=\"twitter:card\" content=\"summary_large_image\" \/>\n<meta name=\"twitter:label1\" content=\"Written by\" \/>\n\t<meta name=\"twitter:data1\" content=\"\" \/>\n\t<meta name=\"twitter:label2\" content=\"Est. reading time\" \/>\n\t<meta name=\"twitter:data2\" content=\"1 minute\" \/>\n<script type=\"application\/ld+json\" class=\"yoast-schema-graph\">{\"@context\":\"https:\/\/schema.org\",\"@graph\":[{\"@type\":\"Article\",\"@id\":\"https:\/\/www.capgemini.com\/fr-fr\/perspectives\/blog\/le-reseau-prerequis-projet-move-to-cloud-reussi\/#article\",\"isPartOf\":{\"@id\":\"https:\/\/www.capgemini.com\/fr-fr\/perspectives\/blog\/le-reseau-prerequis-projet-move-to-cloud-reussi\/\"},\"author\":{\"name\":\"\",\"@id\":\"\"},\"headline\":\"Le r\u00e9seau, un pr\u00e9requis \u00e0 tout projet move-to-cloud r\u00e9ussi\",\"datePublished\":\"2023-08-08T09:46:15+00:00\",\"dateModified\":\"2025-03-04T06:00:31+00:00\",\"mainEntityOfPage\":{\"@id\":\"https:\/\/www.capgemini.com\/fr-fr\/perspectives\/blog\/le-reseau-prerequis-projet-move-to-cloud-reussi\/\"},\"wordCount\":975,\"publisher\":{\"@id\":\"https:\/\/www.capgemini.com\/fr-fr\/#organization\"},\"image\":{\"@id\":\"https:\/\/www.capgemini.com\/fr-fr\/perspectives\/blog\/le-reseau-prerequis-projet-move-to-cloud-reussi\/#primaryimage\"},\"thumbnailUrl\":\"https:\/\/www.capgemini.com\/fr-fr\/wp-content\/uploads\/sites\/6\/2023\/08\/GettyImages-1341661476.jpg\",\"keywords\":[\"Cloud\"],\"articleSection\":[\"Transformation\"],\"inLanguage\":\"fr-FR\"},{\"@type\":\"WebPage\",\"@id\":\"https:\/\/www.capgemini.com\/fr-fr\/perspectives\/blog\/le-reseau-prerequis-projet-move-to-cloud-reussi\/\",\"url\":\"https:\/\/www.capgemini.com\/fr-fr\/perspectives\/blog\/le-reseau-prerequis-projet-move-to-cloud-reussi\/\",\"name\":\"Le r\u00e9seau, un pr\u00e9requis \u00e0 tout projet move-to-cloud r\u00e9ussi - Capgemini France\",\"isPartOf\":{\"@id\":\"https:\/\/www.capgemini.com\/fr-fr\/#website\"},\"primaryImageOfPage\":{\"@id\":\"https:\/\/www.capgemini.com\/fr-fr\/perspectives\/blog\/le-reseau-prerequis-projet-move-to-cloud-reussi\/#primaryimage\"},\"image\":{\"@id\":\"https:\/\/www.capgemini.com\/fr-fr\/perspectives\/blog\/le-reseau-prerequis-projet-move-to-cloud-reussi\/#primaryimage\"},\"thumbnailUrl\":\"https:\/\/www.capgemini.com\/fr-fr\/wp-content\/uploads\/sites\/6\/2023\/08\/GettyImages-1341661476.jpg\",\"datePublished\":\"2023-08-08T09:46:15+00:00\",\"dateModified\":\"2025-03-04T06:00:31+00:00\",\"inLanguage\":\"fr-FR\",\"potentialAction\":[{\"@type\":\"ReadAction\",\"target\":[\"https:\/\/www.capgemini.com\/fr-fr\/perspectives\/blog\/le-reseau-prerequis-projet-move-to-cloud-reussi\/\"]}]},{\"@type\":\"ImageObject\",\"inLanguage\":\"fr-FR\",\"@id\":\"https:\/\/www.capgemini.com\/fr-fr\/perspectives\/blog\/le-reseau-prerequis-projet-move-to-cloud-reussi\/#primaryimage\",\"url\":\"https:\/\/www.capgemini.com\/fr-fr\/wp-content\/uploads\/sites\/6\/2023\/08\/GettyImages-1341661476.jpg\",\"contentUrl\":\"https:\/\/www.capgemini.com\/fr-fr\/wp-content\/uploads\/sites\/6\/2023\/08\/GettyImages-1341661476.jpg\",\"width\":3840,\"height\":2160,\"caption\":\"Image projection on a woman using a smart phone.\"},{\"@type\":\"WebSite\",\"@id\":\"https:\/\/www.capgemini.com\/fr-fr\/#website\",\"url\":\"https:\/\/www.capgemini.com\/fr-fr\/\",\"name\":\"Capgemini France\",\"description\":\"Just another www.capgemini.com site\",\"publisher\":{\"@id\":\"https:\/\/www.capgemini.com\/fr-fr\/#organization\"},\"potentialAction\":[{\"@type\":\"SearchAction\",\"target\":{\"@type\":\"EntryPoint\",\"urlTemplate\":\"https:\/\/www.capgemini.com\/fr-fr\/?s={search_term_string}\"},\"query-input\":\"required name=search_term_string\"}],\"inLanguage\":\"fr-FR\"},{\"@type\":\"Organization\",\"@id\":\"https:\/\/www.capgemini.com\/fr-fr\/#organization\",\"name\":\"Capgemini France\",\"url\":\"https:\/\/www.capgemini.com\/fr-fr\/\",\"logo\":{\"@type\":\"ImageObject\",\"inLanguage\":\"fr-FR\",\"@id\":\"https:\/\/www.capgemini.com\/fr-fr\/#\/schema\/logo\/image\/\",\"url\":\"https:\/\/www.capgemini.com\/fr-fr\/wp-content\/uploads\/sites\/6\/2022\/08\/Logo-Capgemini.png\",\"contentUrl\":\"https:\/\/www.capgemini.com\/fr-fr\/wp-content\/uploads\/sites\/6\/2022\/08\/Logo-Capgemini.png\",\"width\":202,\"height\":60,\"caption\":\"Capgemini France\"},\"image\":{\"@id\":\"https:\/\/www.capgemini.com\/fr-fr\/#\/schema\/logo\/image\/\"}},{\"@type\":\"Person\",\"@id\":\"\",\"url\":\"https:\/\/www.capgemini.com\/fr-fr\/author\/\"}]}<\/script>\n<!-- \/ Yoast SEO Premium plugin. -->","yoast_head_json":{"title":"Le r\u00e9seau, un pr\u00e9requis \u00e0 tout projet move-to-cloud r\u00e9ussi - Capgemini France","robots":{"index":"index","follow":"follow","max-snippet":"max-snippet:-1","max-image-preview":"max-image-preview:large","max-video-preview":"max-video-preview:-1"},"canonical":"https:\/\/www.capgemini.com\/fr-fr\/perspectives\/blog\/le-reseau-prerequis-projet-move-to-cloud-reussi\/","og_locale":"fr_FR","og_type":"article","og_title":"Le r\u00e9seau, un pr\u00e9requis \u00e0 tout projet move-to-cloud r\u00e9ussi","og_description":"Le choix du mod\u00e8le de connectivit\u00e9 hybride est un d\u00e9fi majeur \u00e0 relever pour s\u00e9curiser son business case et am\u00e9liorer l\u2019exp\u00e9rience utilisateur.","og_url":"https:\/\/www.capgemini.com\/fr-fr\/perspectives\/blog\/le-reseau-prerequis-projet-move-to-cloud-reussi\/","og_site_name":"Capgemini France","article_published_time":"2023-08-08T09:46:15+00:00","article_modified_time":"2025-03-04T06:00:31+00:00","og_image":[{"width":1200,"height":630,"url":"https:\/\/www.capgemini.com\/fr-fr\/wp-content\/uploads\/sites\/6\/2023\/08\/cloud-networking.png","type":"image\/png"}],"twitter_card":"summary_large_image","twitter_misc":{"Written by":"","Est. reading time":"1 minute"},"schema":{"@context":"https:\/\/schema.org","@graph":[{"@type":"Article","@id":"https:\/\/www.capgemini.com\/fr-fr\/perspectives\/blog\/le-reseau-prerequis-projet-move-to-cloud-reussi\/#article","isPartOf":{"@id":"https:\/\/www.capgemini.com\/fr-fr\/perspectives\/blog\/le-reseau-prerequis-projet-move-to-cloud-reussi\/"},"author":{"name":"","@id":""},"headline":"Le r\u00e9seau, un pr\u00e9requis \u00e0 tout projet move-to-cloud r\u00e9ussi","datePublished":"2023-08-08T09:46:15+00:00","dateModified":"2025-03-04T06:00:31+00:00","mainEntityOfPage":{"@id":"https:\/\/www.capgemini.com\/fr-fr\/perspectives\/blog\/le-reseau-prerequis-projet-move-to-cloud-reussi\/"},"wordCount":975,"publisher":{"@id":"https:\/\/www.capgemini.com\/fr-fr\/#organization"},"image":{"@id":"https:\/\/www.capgemini.com\/fr-fr\/perspectives\/blog\/le-reseau-prerequis-projet-move-to-cloud-reussi\/#primaryimage"},"thumbnailUrl":"https:\/\/www.capgemini.com\/fr-fr\/wp-content\/uploads\/sites\/6\/2023\/08\/GettyImages-1341661476.jpg","keywords":["Cloud"],"articleSection":["Transformation"],"inLanguage":"fr-FR"},{"@type":"WebPage","@id":"https:\/\/www.capgemini.com\/fr-fr\/perspectives\/blog\/le-reseau-prerequis-projet-move-to-cloud-reussi\/","url":"https:\/\/www.capgemini.com\/fr-fr\/perspectives\/blog\/le-reseau-prerequis-projet-move-to-cloud-reussi\/","name":"Le r\u00e9seau, un pr\u00e9requis \u00e0 tout projet move-to-cloud r\u00e9ussi - Capgemini France","isPartOf":{"@id":"https:\/\/www.capgemini.com\/fr-fr\/#website"},"primaryImageOfPage":{"@id":"https:\/\/www.capgemini.com\/fr-fr\/perspectives\/blog\/le-reseau-prerequis-projet-move-to-cloud-reussi\/#primaryimage"},"image":{"@id":"https:\/\/www.capgemini.com\/fr-fr\/perspectives\/blog\/le-reseau-prerequis-projet-move-to-cloud-reussi\/#primaryimage"},"thumbnailUrl":"https:\/\/www.capgemini.com\/fr-fr\/wp-content\/uploads\/sites\/6\/2023\/08\/GettyImages-1341661476.jpg","datePublished":"2023-08-08T09:46:15+00:00","dateModified":"2025-03-04T06:00:31+00:00","inLanguage":"fr-FR","potentialAction":[{"@type":"ReadAction","target":["https:\/\/www.capgemini.com\/fr-fr\/perspectives\/blog\/le-reseau-prerequis-projet-move-to-cloud-reussi\/"]}]},{"@type":"ImageObject","inLanguage":"fr-FR","@id":"https:\/\/www.capgemini.com\/fr-fr\/perspectives\/blog\/le-reseau-prerequis-projet-move-to-cloud-reussi\/#primaryimage","url":"https:\/\/www.capgemini.com\/fr-fr\/wp-content\/uploads\/sites\/6\/2023\/08\/GettyImages-1341661476.jpg","contentUrl":"https:\/\/www.capgemini.com\/fr-fr\/wp-content\/uploads\/sites\/6\/2023\/08\/GettyImages-1341661476.jpg","width":3840,"height":2160,"caption":"Image projection on a woman using a smart phone."},{"@type":"WebSite","@id":"https:\/\/www.capgemini.com\/fr-fr\/#website","url":"https:\/\/www.capgemini.com\/fr-fr\/","name":"Capgemini France","description":"Just another www.capgemini.com site","publisher":{"@id":"https:\/\/www.capgemini.com\/fr-fr\/#organization"},"potentialAction":[{"@type":"SearchAction","target":{"@type":"EntryPoint","urlTemplate":"https:\/\/www.capgemini.com\/fr-fr\/?s={search_term_string}"},"query-input":"required name=search_term_string"}],"inLanguage":"fr-FR"},{"@type":"Organization","@id":"https:\/\/www.capgemini.com\/fr-fr\/#organization","name":"Capgemini France","url":"https:\/\/www.capgemini.com\/fr-fr\/","logo":{"@type":"ImageObject","inLanguage":"fr-FR","@id":"https:\/\/www.capgemini.com\/fr-fr\/#\/schema\/logo\/image\/","url":"https:\/\/www.capgemini.com\/fr-fr\/wp-content\/uploads\/sites\/6\/2022\/08\/Logo-Capgemini.png","contentUrl":"https:\/\/www.capgemini.com\/fr-fr\/wp-content\/uploads\/sites\/6\/2022\/08\/Logo-Capgemini.png","width":202,"height":60,"caption":"Capgemini France"},"image":{"@id":"https:\/\/www.capgemini.com\/fr-fr\/#\/schema\/logo\/image\/"}},{"@type":"Person","@id":"","url":"https:\/\/www.capgemini.com\/fr-fr\/author\/"}]}},"blog_topic_info":[{"id":350,"name":"Cloud"}],"taxonomy_info":{"category":[{"id":138,"name":"Transformation","slug":"transformation"}],"post_tag":[{"id":188,"name":"Cloud","slug":"cloud"}],"service":[{"id":35,"name":"Cloud","slug":"cloud"}],"blog-topic":[{"id":350,"name":"Cloud","slug":"cloud"}]},"parsely":{"version":"1.1.0","canonical_url":"https:\/\/capgemini.com\/fr-fr\/perspectives\/blog\/le-reseau-prerequis-projet-move-to-cloud-reussi\/","smart_links":{"inbound":0,"outbound":0},"traffic_boost_suggestions_count":0,"meta":{"@context":"https:\/\/schema.org","@type":"NewsArticle","headline":"Le r\u00e9seau, un pr\u00e9requis \u00e0 tout projet move-to-cloud r\u00e9ussi","url":"https:\/\/www.capgemini.com\/fr-fr\/perspectives\/blog\/le-reseau-prerequis-projet-move-to-cloud-reussi\/","mainEntityOfPage":{"@type":"WebPage","@id":"https:\/\/www.capgemini.com\/fr-fr\/perspectives\/blog\/le-reseau-prerequis-projet-move-to-cloud-reussi\/"},"thumbnailUrl":"https:\/\/www.capgemini.com\/fr-fr\/wp-content\/uploads\/sites\/6\/2023\/08\/GettyImages-1341661476.jpg?w=150&h=150&crop=1","image":{"@type":"ImageObject","url":"https:\/\/www.capgemini.com\/fr-fr\/wp-content\/uploads\/sites\/6\/2023\/08\/GettyImages-1341661476.jpg"},"articleSection":"Transformation","author":[],"creator":[],"publisher":{"@type":"Organization","name":"Capgemini France","logo":""},"keywords":["cloud"],"dateCreated":"2023-08-08T09:46:15Z","datePublished":"2023-08-08T09:46:15Z","dateModified":"2025-03-04T06:00:31Z"},"rendered":"<meta name=\"parsely-title\" content=\"Le r\u00e9seau, un pr\u00e9requis \u00e0 tout projet move-to-cloud r\u00e9ussi\" \/>\n<meta name=\"parsely-link\" content=\"https:\/\/www.capgemini.com\/fr-fr\/perspectives\/blog\/le-reseau-prerequis-projet-move-to-cloud-reussi\/\" \/>\n<meta name=\"parsely-type\" content=\"post\" \/>\n<meta name=\"parsely-image-url\" content=\"https:\/\/www.capgemini.com\/fr-fr\/wp-content\/uploads\/sites\/6\/2023\/08\/GettyImages-1341661476.jpg?w=150&amp;h=150&amp;crop=1\" \/>\n<meta name=\"parsely-pub-date\" content=\"2023-08-08T09:46:15Z\" \/>\n<meta name=\"parsely-section\" content=\"Transformation\" \/>\n<meta name=\"parsely-tags\" content=\"cloud\" \/>","tracker_url":"https:\/\/cdn.parsely.com\/keys\/capgemini.com\/p.js"},"jetpack_featured_media_url":"https:\/\/www.capgemini.com\/fr-fr\/wp-content\/uploads\/sites\/6\/2023\/08\/GettyImages-1341661476.jpg","archive_status":false,"featured_image_src":"https:\/\/www.capgemini.com\/fr-fr\/wp-content\/uploads\/sites\/6\/2023\/08\/GettyImages-1341661476.jpg","featured_image_alt":"","jetpack-related-posts":[{"id":790385,"url":"https:\/\/www.capgemini.com\/fr-fr\/perspectives\/blog\/cloud-observabilite-simpose-au-coeur-de-lentreprise-numerique\/","url_meta":{"origin":727159,"position":0},"title":"L\u2019observabilit\u00e9 s\u2019impose au c\u0153ur de l\u2019entreprise num\u00e9rique","author":"anne.gautier@capgemini.com","date":"September 17, 2025","format":false,"excerpt":"L\u2019observabilit\u00e9 d\u00e9passe la supervision classique en offrant une visibilit\u00e9 compl\u00e8te et en temps r\u00e9el sur les syst\u00e8mes num\u00e9riques, gr\u00e2ce \u00e0 l\u2019IA, l\u2019automatisation et des outils int\u00e9gr\u00e9s.","rel":"","context":"In &quot;Innovation&quot;","block_context":{"text":"Innovation","link":"https:\/\/www.capgemini.com\/fr-fr\/category\/innovation\/"},"img":{"alt_text":"","src":"https:\/\/i0.wp.com\/www.capgemini.com\/fr-fr\/wp-content\/uploads\/sites\/6\/2025\/08\/GettyImages-505784942.jpeg?resize=350%2C200&ssl=1","width":350,"height":200,"srcset":"https:\/\/i0.wp.com\/www.capgemini.com\/fr-fr\/wp-content\/uploads\/sites\/6\/2025\/08\/GettyImages-505784942.jpeg?resize=350%2C200&ssl=1 1x, https:\/\/i0.wp.com\/www.capgemini.com\/fr-fr\/wp-content\/uploads\/sites\/6\/2025\/08\/GettyImages-505784942.jpeg?resize=525%2C300&ssl=1 1.5x, https:\/\/i0.wp.com\/www.capgemini.com\/fr-fr\/wp-content\/uploads\/sites\/6\/2025\/08\/GettyImages-505784942.jpeg?resize=700%2C400&ssl=1 2x"},"classes":[]},{"id":713145,"url":"https:\/\/www.capgemini.com\/fr-fr\/perspectives\/blog\/cybersecurite-et-cloud-de-confiance-un-mariage-de-raison\/","url_meta":{"origin":727159,"position":1},"title":"Cybers\u00e9curit\u00e9 et cloud de confiance, un mariage de raison","author":"","date":"March 9, 2023","format":false,"excerpt":"Lorsqu\u2019une entreprise ou une institution envisage de s\u2019appuyer sur un cloud de confiance, c\u2019est \u00e0 priori parce qu\u2019elle manipule des donn\u00e9es sensibles et qu\u2019elle ne souhaite pas les voir \u00e9chapper \u00e0 son contr\u00f4le. Il peut s\u2019agir de donn\u00e9es personnelles, bancaires ou de sant\u00e9, de propri\u00e9t\u00e9 intellectuelle, ou encore de documents\u2026","rel":"","context":"In &quot;Technologies&quot;","block_context":{"text":"Technologies","link":"https:\/\/www.capgemini.com\/fr-fr\/category\/technologies\/"},"img":{"alt_text":"","src":"https:\/\/i0.wp.com\/www.capgemini.com\/fr-fr\/wp-content\/uploads\/sites\/6\/2023\/03\/GettyImages-1434678850.jpg?resize=350%2C200&ssl=1","width":350,"height":200,"srcset":"https:\/\/i0.wp.com\/www.capgemini.com\/fr-fr\/wp-content\/uploads\/sites\/6\/2023\/03\/GettyImages-1434678850.jpg?resize=350%2C200&ssl=1 1x, https:\/\/i0.wp.com\/www.capgemini.com\/fr-fr\/wp-content\/uploads\/sites\/6\/2023\/03\/GettyImages-1434678850.jpg?resize=525%2C300&ssl=1 1.5x, https:\/\/i0.wp.com\/www.capgemini.com\/fr-fr\/wp-content\/uploads\/sites\/6\/2023\/03\/GettyImages-1434678850.jpg?resize=700%2C400&ssl=1 2x"},"classes":[]},{"id":731852,"url":"https:\/\/www.capgemini.com\/fr-fr\/perspectives\/blog\/du-mainframe-au-cloud-un-chemin-de-mieux-en-mieux-balise\/","url_meta":{"origin":727159,"position":2},"title":"Du mainframe au cloud, un chemin de mieux en mieux balis\u00e9","author":"anne.gautier@capgemini.com","date":"October 18, 2023","format":false,"excerpt":"La migration des mainframes vers le cloud offre une multitude d'avantages convaincants qu'il ne faut pas n\u00e9gliger. Cette transition am\u00e9liore non seulement l'agilit\u00e9 et la scalabilit\u00e9, mais r\u00e9duit \u00e9galement les co\u00fbts op\u00e9rationnels et minimise les risques associ\u00e9.","rel":"","context":"In &quot;Transformation&quot;","block_context":{"text":"Transformation","link":"https:\/\/www.capgemini.com\/fr-fr\/category\/transformation\/"},"img":{"alt_text":"","src":"https:\/\/i0.wp.com\/www.capgemini.com\/fr-fr\/wp-content\/uploads\/sites\/6\/2023\/10\/Rando-Mainframe.jpg?resize=350%2C200&ssl=1","width":350,"height":200,"srcset":"https:\/\/i0.wp.com\/www.capgemini.com\/fr-fr\/wp-content\/uploads\/sites\/6\/2023\/10\/Rando-Mainframe.jpg?resize=350%2C200&ssl=1 1x, https:\/\/i0.wp.com\/www.capgemini.com\/fr-fr\/wp-content\/uploads\/sites\/6\/2023\/10\/Rando-Mainframe.jpg?resize=525%2C300&ssl=1 1.5x, https:\/\/i0.wp.com\/www.capgemini.com\/fr-fr\/wp-content\/uploads\/sites\/6\/2023\/10\/Rando-Mainframe.jpg?resize=700%2C400&ssl=1 2x"},"classes":[]},{"id":715301,"url":"https:\/\/www.capgemini.com\/fr-fr\/perspectives\/blog\/confiance-cloud-securite-cle\/","url_meta":{"origin":727159,"position":3},"title":"Confiance dans le cloud\u00a0: la s\u00e9curit\u00e9 est cl\u00e9","author":"","date":"April 6, 2023","format":false,"excerpt":"Le cloud a amplement d\u00e9montr\u00e9 ses b\u00e9n\u00e9fices en termes d\u2019agilit\u00e9, de rapidit\u00e9 et de capacit\u00e9 d\u2019innovation. Pourtant, certains h\u00e9sitent encore, le plus souvent parce qu\u2019ils craignent pour la confidentialit\u00e9 de leurs donn\u00e9es et de leurs transactions.","rel":"","context":"In &quot;Technologies&quot;","block_context":{"text":"Technologies","link":"https:\/\/www.capgemini.com\/fr-fr\/category\/technologies\/"},"img":{"alt_text":"","src":"https:\/\/i0.wp.com\/www.capgemini.com\/fr-fr\/wp-content\/uploads\/sites\/6\/2023\/04\/GettyImages-1464389523.jpg?resize=350%2C200&ssl=1","width":350,"height":200,"srcset":"https:\/\/i0.wp.com\/www.capgemini.com\/fr-fr\/wp-content\/uploads\/sites\/6\/2023\/04\/GettyImages-1464389523.jpg?resize=350%2C200&ssl=1 1x, https:\/\/i0.wp.com\/www.capgemini.com\/fr-fr\/wp-content\/uploads\/sites\/6\/2023\/04\/GettyImages-1464389523.jpg?resize=525%2C300&ssl=1 1.5x, https:\/\/i0.wp.com\/www.capgemini.com\/fr-fr\/wp-content\/uploads\/sites\/6\/2023\/04\/GettyImages-1464389523.jpg?resize=700%2C400&ssl=1 2x"},"classes":[]},{"id":713857,"url":"https:\/\/www.capgemini.com\/fr-fr\/perspectives\/blog\/le-luxe-une-institution-dans-un-monde-en-mouvement\/","url_meta":{"origin":727159,"position":4},"title":"Le luxe, une institution dans un monde en mouvement","author":"","date":"March 20, 2023","format":false,"excerpt":"Le secteur du luxe s\u2019adapte aux \u00e9volutions des mod\u00e8les \u00e9conomiques et inspire les exp\u00e9riences clients depuis la nuit des temps. Cet univers est incarn\u00e9 par un objet ou un service de valeur, sublim\u00e9 par un c\u00e9r\u00e9monial et une mise en sc\u00e8ne, respectant les codes de la maison.","rel":"","context":"In &quot;Innovation&quot;","block_context":{"text":"Innovation","link":"https:\/\/www.capgemini.com\/fr-fr\/category\/innovation\/"},"img":{"alt_text":"Cloud et luxe","src":"https:\/\/i0.wp.com\/www.capgemini.com\/fr-fr\/wp-content\/uploads\/sites\/6\/2023\/03\/GettyImages-902234242.jpg?resize=350%2C200&ssl=1","width":350,"height":200,"srcset":"https:\/\/i0.wp.com\/www.capgemini.com\/fr-fr\/wp-content\/uploads\/sites\/6\/2023\/03\/GettyImages-902234242.jpg?resize=350%2C200&ssl=1 1x, https:\/\/i0.wp.com\/www.capgemini.com\/fr-fr\/wp-content\/uploads\/sites\/6\/2023\/03\/GettyImages-902234242.jpg?resize=525%2C300&ssl=1 1.5x, https:\/\/i0.wp.com\/www.capgemini.com\/fr-fr\/wp-content\/uploads\/sites\/6\/2023\/03\/GettyImages-902234242.jpg?resize=700%2C400&ssl=1 2x"},"classes":[]},{"id":744318,"url":"https:\/\/www.capgemini.com\/fr-fr\/perspectives\/blog\/cybersecurite-micro-segmentation-datacenter\/","url_meta":{"origin":727159,"position":5},"title":"Les d\u00e9fis de la micro-segmentation en datacenter","author":"quentinkieken","date":"February 29, 2024","format":false,"excerpt":"Par opposition \u00e0 la macro-segmentation, qui consiste \u00e0 regrouper un plus ou moins grand nombre de serveurs dans une m\u00eame zone de s\u00e9curit\u00e9, la micro-segmentation applique un filtrage de flux r\u00e9seaux au niveau d'une charge de travail\u00a0ou au maximum d'un petit groupe de charges de travail.","rel":"","context":"In &quot;Technologies&quot;","block_context":{"text":"Technologies","link":"https:\/\/www.capgemini.com\/fr-fr\/category\/technologies\/"},"img":{"alt_text":"","src":"https:\/\/i0.wp.com\/www.capgemini.com\/fr-fr\/wp-content\/uploads\/sites\/6\/2024\/02\/banner_cyber_micro_segmentation.jpg?resize=350%2C200&ssl=1","width":350,"height":200,"srcset":"https:\/\/i0.wp.com\/www.capgemini.com\/fr-fr\/wp-content\/uploads\/sites\/6\/2024\/02\/banner_cyber_micro_segmentation.jpg?resize=350%2C200&ssl=1 1x, https:\/\/i0.wp.com\/www.capgemini.com\/fr-fr\/wp-content\/uploads\/sites\/6\/2024\/02\/banner_cyber_micro_segmentation.jpg?resize=525%2C300&ssl=1 1.5x, https:\/\/i0.wp.com\/www.capgemini.com\/fr-fr\/wp-content\/uploads\/sites\/6\/2024\/02\/banner_cyber_micro_segmentation.jpg?resize=700%2C400&ssl=1 2x"},"classes":[]}],"jetpack_sharing_enabled":true,"distributor_meta":false,"distributor_terms":false,"distributor_media":false,"distributor_original_site_name":"Capgemini France","distributor_original_site_url":"https:\/\/www.capgemini.com\/fr-fr","push-errors":false,"featured_image_url":"https:\/\/www.capgemini.com\/fr-fr\/wp-content\/uploads\/sites\/6\/2023\/08\/GettyImages-1341661476.jpg","author_title":"St\u00e9phane Petex","author_thumbnail_url":"https:\/\/www.capgemini.com\/fr-fr\/wp-content\/uploads\/sites\/6\/2022\/04\/Stephane-Petex.png?w=400","author_thumbnail_alt":"","_links":{"self":[{"href":"https:\/\/www.capgemini.com\/fr-fr\/wp-json\/wp\/v2\/posts\/727159","targetHints":{"allow":["GET"]}}],"collection":[{"href":"https:\/\/www.capgemini.com\/fr-fr\/wp-json\/wp\/v2\/posts"}],"about":[{"href":"https:\/\/www.capgemini.com\/fr-fr\/wp-json\/wp\/v2\/types\/post"}],"author":[{"embeddable":true,"href":"https:\/\/www.capgemini.com\/fr-fr\/wp-json\/wp\/v2\/users\/201"}],"replies":[{"embeddable":true,"href":"https:\/\/www.capgemini.com\/fr-fr\/wp-json\/wp\/v2\/comments?post=727159"}],"version-history":[{"count":10,"href":"https:\/\/www.capgemini.com\/fr-fr\/wp-json\/wp\/v2\/posts\/727159\/revisions"}],"predecessor-version":[{"id":776617,"href":"https:\/\/www.capgemini.com\/fr-fr\/wp-json\/wp\/v2\/posts\/727159\/revisions\/776617"}],"wp:featuredmedia":[{"embeddable":true,"href":"https:\/\/www.capgemini.com\/fr-fr\/wp-json\/wp\/v2\/media\/727245"}],"wp:attachment":[{"href":"https:\/\/www.capgemini.com\/fr-fr\/wp-json\/wp\/v2\/media?parent=727159"}],"wp:term":[{"taxonomy":"category","embeddable":true,"href":"https:\/\/www.capgemini.com\/fr-fr\/wp-json\/wp\/v2\/categories?post=727159"},{"taxonomy":"post_tag","embeddable":true,"href":"https:\/\/www.capgemini.com\/fr-fr\/wp-json\/wp\/v2\/tags?post=727159"},{"taxonomy":"brand","embeddable":true,"href":"https:\/\/www.capgemini.com\/fr-fr\/wp-json\/wp\/v2\/brand?post=727159"},{"taxonomy":"service","embeddable":true,"href":"https:\/\/www.capgemini.com\/fr-fr\/wp-json\/wp\/v2\/service?post=727159"},{"taxonomy":"industry","embeddable":true,"href":"https:\/\/www.capgemini.com\/fr-fr\/wp-json\/wp\/v2\/industry?post=727159"},{"taxonomy":"partners","embeddable":true,"href":"https:\/\/www.capgemini.com\/fr-fr\/wp-json\/wp\/v2\/partners?post=727159"},{"taxonomy":"blog-topic","embeddable":true,"href":"https:\/\/www.capgemini.com\/fr-fr\/wp-json\/wp\/v2\/blog-topic?post=727159"},{"taxonomy":"content-group","embeddable":true,"href":"https:\/\/www.capgemini.com\/fr-fr\/wp-json\/wp\/v2\/content-group?post=727159"}],"curies":[{"name":"wp","href":"https:\/\/api.w.org\/{rel}","templated":true}]}}