{"id":720940,"date":"2023-06-12T06:14:00","date_gmt":"2023-06-12T04:14:00","guid":{"rendered":"https:\/\/www.capgemini.com\/fr-fr\/?p=720940"},"modified":"2026-04-16T13:30:48","modified_gmt":"2026-04-16T11:30:48","slug":"pcc-nouvelle-generation-la-technologie-au-service-mobilite-urbaine-optimisee","status":"publish","type":"post","link":"https:\/\/www.capgemini.com\/fr-fr\/perspectives\/blog\/pcc-nouvelle-generation-la-technologie-au-service-mobilite-urbaine-optimisee\/","title":{"rendered":"Poste de Commande Centralis\u00e9 nouvelle g\u00e9n\u00e9ration : La technologie au service d\u2019une mobilit\u00e9 urbaine optimis\u00e9e"},"content":{"rendered":"\n<header class=\"wp-block-cg-blocks-hero-blogs header-hero-blogs\"><div class=\"container\"><div class=\"hero-blogs\"><div class=\"hero-blogs-content-wrapper\"><div class=\"row\"><div class=\"col-12\"><div class=\"header-title\"><h1>Poste de Commande Centralis\u00e9 nouvelle g\u00e9n\u00e9ration : La technologie au service d\u2019une mobilit\u00e9 urbaine optimis\u00e9e<\/h1><\/div><\/div><\/div><\/div><div class=\"hero-blogs-bottom\"><div class=\"header-author\"><div class=\"author-img\"><img decoding=\"async\" src=\"https:\/\/www.capgemini.com\/fr-fr\/wp-content\/uploads\/sites\/6\/2022\/04\/Capgemini-PC.jpg?w=200&amp;quality=10\" alt=\"\" loading=\"lazy\"\/><\/div><div class=\"author-name-date\"><h5 class=\"author-name\">Capgemini<\/h5><h5 class=\"blog-date\">12 Juin 2023<\/h5><\/div><\/div><div class=\"brand-image\"> <\/div><\/div><\/div><\/div><\/header>\n\n\n\n<section class=\"wp-block-cg-blocks-intro-para undefined section section--intro\"><div class=\"intro-para\"><div class=\"container\"><div class=\"row\"><div class=\"col-12 col-md-1\"><nav class=\"article-social\"><ul class=\"social-nav\"><li class=\"ip-order-fb\"><a href=\"https:\/\/www.facebook.com\/sharer\/sharer.php?u=https:\/\/www.capgemini.com\/fr-fr\/perspectives\/blog\/pcc-nouvelle-generation-la-technologie-au-service-mobilite-urbaine-optimisee\/\" target=\"_blank\" rel=\"noopener noreferrer\" title=\"Ouvrir dans une nouvelle fen\u00eatre\"><i aria-hidden=\"true\" class=\"icon-fb\"><\/i><span class=\"sr-only\">Facebook<\/span><\/a><\/li><li class=\"ip-order-li\"><a href=\"https:\/\/www.linkedin.com\/sharing\/share-offsite\/?url=https:\/\/www.capgemini.com\/fr-fr\/perspectives\/blog\/pcc-nouvelle-generation-la-technologie-au-service-mobilite-urbaine-optimisee\/\" target=\"_blank\" rel=\"noopener noreferrer\" title=\"Ouvrir dans une nouvelle fen\u00eatre\"><i aria-hidden=\"true\" class=\"icon-li\"><\/i><span class=\"sr-only\">Linkedin<\/span><\/a><\/li><\/ul><\/nav><\/div><div class=\"col-12 col-md-11 col-lg-10\"><h2 class=\"intro-para-title\">Un Poste de Commande Centralis\u00e9 \u00e9volutif et modulaire pour le transport multimodal<\/h2><p class=\"intro-para-content\"><strong>Le poste de commande centralis\u00e9 (PCC) de nouvelle g\u00e9n\u00e9ration a une architecture modulaire. Il offre une continuit\u00e9 de service tout en am\u00e9liorant la qualit\u00e9 et la s\u00e9curit\u00e9<\/strong>.<\/p><\/div><\/div><\/div><\/div><\/section>\n\n\n\n<section class=\"wp-block-cg-blocks-group undefined section section--article-content\"><div class=\"article-main-content\"><div class=\"container\"><div class=\"row\"><div class=\"col-12 col-md-11 col-lg-10 offset-md-1 offset-lg-1\"><div class=\"article-text article-quote-text\">\n<p>Depuis plus d\u2019une quarantaine d\u2019ann\u00e9es, le PCC s\u2019affirme comme un v\u00e9ritable chef d\u2019orchestre des r\u00e9seaux de transports. Inconnu du grand public, il est pourtant responsable du fonctionnement des lignes de train, m\u00e9tro, bus et tramways. Il assure \u00e9galement la r\u00e9gulation et la s\u00e9curit\u00e9 de ces m\u00eames lignes. Il garantit \u00e9galement le bon fonctionnement du syst\u00e8me d\u2019alimentation en \u00e9nergie et de la signalisation.<\/p>\n\n\n\n<p>Ce centre n\u00e9vralgique entame aujourd\u2019hui sa mue. Les Postes de Commande Centralis\u00e9 ont \u00e9volu\u00e9 ces 15 derni\u00e8res ann\u00e9es. Ceci est d\u00fb aux progr\u00e8s en mati\u00e8re de connectivit\u00e9 (3G, LTE, 5G&#8230;). Cela a permis d&#8217;acc\u00e9der \u00e0 des donn\u00e9es en temps r\u00e9el pour g\u00e9rer incidents et accidents.<\/p>\n\n\n\n<p>Avec l\u2019\u00e9mergence de nouvelles technologies li\u00e9es \u00e0 la data, \u00e0 l\u2019intelligence artificielle, le PCC aborde une nouvelle \u00e9tape de sa transformation. Il doit int\u00e9grer rapidement des donn\u00e9es vari\u00e9es.<\/p>\n\n\n\n<p>Cela garantira la s\u00e9curit\u00e9 des syst\u00e8mes et des personnes, une plus grande fluidit\u00e9 du trafic et une consommation d&#8217;\u00e9nergie plus faible. Cela offrira \u00e9galement une meilleure exp\u00e9rience aux usagers. L&#8217;analyse globale des donn\u00e9es en temps r\u00e9el est donc cl\u00e9.<\/p>\n\n\n\n<figure class=\"wp-block-image aligncenter size-large is-resized\"><img loading=\"lazy\" decoding=\"async\" height=\"684\" width=\"1024\" src=\"https:\/\/www.capgemini.com\/fr-fr\/wp-content\/uploads\/sites\/6\/2023\/06\/PCC-OperateurDeavntPosteDECommandeCentralise-1.jpg?w=960\" alt=\"\" class=\"wp-image-721460\" style=\"width:570px;height:321px\" srcset=\"https:\/\/www.capgemini.com\/fr-fr\/wp-content\/uploads\/sites\/6\/2023\/06\/PCC-OperateurDeavntPosteDECommandeCentralise-1.jpg 6000w, https:\/\/www.capgemini.com\/fr-fr\/wp-content\/uploads\/sites\/6\/2023\/06\/PCC-OperateurDeavntPosteDECommandeCentralise-1.jpg?resize=300,200 300w, https:\/\/www.capgemini.com\/fr-fr\/wp-content\/uploads\/sites\/6\/2023\/06\/PCC-OperateurDeavntPosteDECommandeCentralise-1.jpg?resize=768,513 768w, https:\/\/www.capgemini.com\/fr-fr\/wp-content\/uploads\/sites\/6\/2023\/06\/PCC-OperateurDeavntPosteDECommandeCentralise-1.jpg?resize=1024,684 1024w, https:\/\/www.capgemini.com\/fr-fr\/wp-content\/uploads\/sites\/6\/2023\/06\/PCC-OperateurDeavntPosteDECommandeCentralise-1.jpg?resize=1536,1026 1536w, https:\/\/www.capgemini.com\/fr-fr\/wp-content\/uploads\/sites\/6\/2023\/06\/PCC-OperateurDeavntPosteDECommandeCentralise-1.jpg?resize=2048,1368 2048w\" sizes=\"auto, (max-width: 1024px) 100vw, 1024px\" \/><\/figure>\n\n\n\n<div style=\"height:50px\" aria-hidden=\"true\" class=\"wp-block-spacer\"><\/div>\n\n\n\n<h2 class=\"wp-block-heading\" id=\"h-d-une-approche-monobloc-a-une-vision-d-ecosysteme\"><strong>D\u2019une approche monobloc \u00e0 une vision d\u2019\u00e9cosyst\u00e8me<\/strong><\/h2>\n\n\n\n<p>Concurrence accrue entre op\u00e9rateurs et exigences croissantes des usagers. Modes de d\u00e9placement nombreux et recherche de l&#8217;information en temps r\u00e9el sur le smartphone. Le Poste de Commande Centralis\u00e9 monobloc ne suffit plus.<\/p>\n\n\n\n<p>Visibilit\u00e9 et flexibilit\u00e9 suppl\u00e9mentaires requises. L&#8217;objectif est clair : &#8211; \u00c9voluer vers un Centre de Supervision des R\u00e9seaux intelligent. &#8211; Piloter les diff\u00e9rents modes de transport, tels que le m\u00e9tro, le RER, les bus et le tramway.<\/p>\n\n\n\n<p>Connecter les diff\u00e9rents acteurs de la cha\u00eene de transports (plateformes, fournisseurs d&#8217;\u00e9nergie, op\u00e9rateurs de signalisation, fabricants, mainteneurs, etc.) est crucial. Cela garantit l&#8217;existence d&#8217;un \u00e9cosyst\u00e8me.<\/p>\n\n\n\n<p><em>in fine<\/em> la meilleure exp\u00e9rience de trajet possible aux voyageurs. Une approche syst\u00e9mique est n\u00e9cessaire.<\/p>\n\n\n\n<p>Un incident, tel qu&#8217;une panne de v\u00e9hicule ou un bagage abandonn\u00e9, ne se produit jamais seul. Il s\u2019imbrique dans une cha\u00eene d\u2019incidents \u00e0 d\u00e9tecter et r\u00e9soudre en impliquant toutes les fonctions m\u00e9tiers concern\u00e9es. Le Poste de Commande Centralis\u00e9 combine des expertises et des technologies (hardware, software, data, connectivit\u00e9 et cloud\u2026) qui doivent \u00eatre coordonn\u00e9es et n\u00e9cessitent une organisation transversale.<\/p>\n\n\n\n<h2 class=\"wp-block-heading\" id=\"h-metier-technologie-et-innovation-les-trois-piliers-du-pcc-2-0\"><strong>M\u00e9tier, technologie et innovation, les trois piliers du PCC 2.0<\/strong><\/h2>\n\n\n\n<p>Capgemini soutient les transformations, et cet accompagnement implique de comprendre les besoins m\u00e9tier, de les d\u00e9cliner en solutions technologiques et de les am\u00e9liorer.<\/p>\n\n\n\n<ul class=\"wp-block-list\">\n<li><strong>Comprendre les besoins des m\u00e9tiers :<\/strong> Par exemple, comment surveiller le mat\u00e9riel roulant, les infrastructures critiques, l\u2019information voyageurs ou les moyens humains.<\/li>\n\n\n\n<li><strong>Proposer de nouvelles solutions technologiques aux m\u00e9tiers :<\/strong> Par exemple, comment utiliser des donn\u00e9es externes, comme la m\u00e9t\u00e9o ou les \u00e9v\u00e9nements, et des donn\u00e9es internes, comme l\u2019\u00e9tat des infrastructures ou du mat\u00e9riel roulant, pour pr\u00e9voir les flux et adapter le trafic.<\/li>\n\n\n\n<li><strong>Utiliser le nouveau Poste de Commande Centralis\u00e9 comme un outil pour rassembler et diffuser les donn\u00e9es utiles<\/strong>. C\u2019est plus efficace et plus transparent : cela permet de mieux travailler et de montrer la qualit\u00e9 du service.<\/li>\n<\/ul>\n\n\n\n<h2 class=\"wp-block-heading\" id=\"h-une-visibilite-maximale-pour-l-exploitant\"><strong>Une visibilit\u00e9 maximale pour l\u2019exploitant<\/strong><\/h2>\n\n\n\n<p>Sur le plan op\u00e9rationnel, la qualit\u00e9 de la donn\u00e9e est importante. Cela permet d&#8217;acc\u00e9l\u00e9rer la r\u00e9solution des incidents. De plus, elle permet de fournir aux voyageurs des informations fiables et de leur proposer des alternatives de transport personnalis\u00e9es. Car si le Poste de Commande Centralis\u00e9 reste invisible aux yeux du grand public, la visibilit\u00e9 doit \u00eatre maximale pour le r\u00e9gulateur.<\/p>\n\n\n\n<p>Il pourra obtenir en temps r\u00e9el des informations de chaque v\u00e9hicule gr\u00e2ce \u00e0 la connectivit\u00e9. Il aura \u00e9galement une vision macroscopique de l&#8217;ensemble du r\u00e9seau. Utiliser des cam\u00e9ras et des capteurs auditifs respectant le RGPD et l&#8217;anonymat permet une meilleure compr\u00e9hension des flux dans les stations. De plus, cela facilite la d\u00e9tection rapide des probl\u00e8mes, comme les agressions.<\/p>\n\n\n\n<p>L&#8217;intelligence artificielle peut identifier diff\u00e9rents profils de voyageurs : malvoyant(e), personne \u00e2g\u00e9e, enfant en poussette, etc. En fonction de ces profils, des actions peuvent \u00eatre ajust\u00e9es. Autre b\u00e9n\u00e9fices, cette fois li\u00e9e \u00e0 la s\u00e9curit\u00e9, Les PCC sont en mesure de d\u00e9tecter des actions incoh\u00e9rentes des op\u00e9rateurs. Cela r\u00e9duit le risque d&#8217;erreur humaine et augmente la s\u00e9curit\u00e9.<\/p>\n\n\n\n<p>Pour le r\u00e9gulateur, il s\u2019agit davantage d\u2019un changement d\u2019habitudes que d\u2019un changement de m\u00e9tier. Il peut doser sa r\u00e9ponse \u00e0 l&#8217;instant T, par exemple en mettant en service graduellement les rames \u00e0 la fin d&#8217;un \u00e9v\u00e9nement. Il peut aussi am\u00e9liorer son efficacit\u00e9 \u00e0 long terme.<\/p>\n\n\n\n<p>L&#8217;IA aide le syst\u00e8me \u00e0 apprendre des \u00e9v\u00e9nements. Cela permet de d\u00e9tecter des tendances et de pr\u00e9voir les flux et les pannes. Des enseignements qui permettent de programmer de mani\u00e8re plus pr\u00e9cise les op\u00e9rations de maintenance et d\u2019affiner progressivement le service.<\/p>\n\n\n\n<figure class=\"wp-block-image aligncenter size-large is-resized\"><img loading=\"lazy\" decoding=\"async\" height=\"662\" width=\"1024\" src=\"https:\/\/www.capgemini.com\/fr-fr\/wp-content\/uploads\/sites\/6\/2023\/06\/PCC-ImagePosteDeCommandeCentralise-Ecran.jpg?w=960\" alt=\"\" class=\"wp-image-721458\" style=\"width:570px;height:310px\" srcset=\"https:\/\/www.capgemini.com\/fr-fr\/wp-content\/uploads\/sites\/6\/2023\/06\/PCC-ImagePosteDeCommandeCentralise-Ecran.jpg 4902w, https:\/\/www.capgemini.com\/fr-fr\/wp-content\/uploads\/sites\/6\/2023\/06\/PCC-ImagePosteDeCommandeCentralise-Ecran.jpg?resize=300,194 300w, https:\/\/www.capgemini.com\/fr-fr\/wp-content\/uploads\/sites\/6\/2023\/06\/PCC-ImagePosteDeCommandeCentralise-Ecran.jpg?resize=768,496 768w, https:\/\/www.capgemini.com\/fr-fr\/wp-content\/uploads\/sites\/6\/2023\/06\/PCC-ImagePosteDeCommandeCentralise-Ecran.jpg?resize=1024,662 1024w, https:\/\/www.capgemini.com\/fr-fr\/wp-content\/uploads\/sites\/6\/2023\/06\/PCC-ImagePosteDeCommandeCentralise-Ecran.jpg?resize=1536,992 1536w, https:\/\/www.capgemini.com\/fr-fr\/wp-content\/uploads\/sites\/6\/2023\/06\/PCC-ImagePosteDeCommandeCentralise-Ecran.jpg?resize=2048,1323 2048w\" sizes=\"auto, (max-width: 1024px) 100vw, 1024px\" \/><figcaption class=\"wp-element-caption\">The control room of the subway traffic.<\/figcaption><\/figure>\n\n\n\n<div style=\"height:50px\" aria-hidden=\"true\" class=\"wp-block-spacer\"><\/div>\n\n\n\n<h2 class=\"wp-block-heading\"><strong>Une offre qui s\u2019adapte \u00e0 chaque r\u00e9seau<\/strong><\/h2>\n\n\n\n<p>Chaque application a sa propre technologie. Cette technologie n&#8217;est pas cens\u00e9e remplacer l&#8217;op\u00e9rateur, mais le soutenir dans sa prise de d\u00e9cision. Elle lui propose des sc\u00e9narios d&#8217;activation via une interface simplifi\u00e9e. Chaque r\u00e9seau ayant son historique et son organisation propre, il n\u2019existe pas de package unique.<\/p>\n\n\n\n<p>Capgemini d\u00e9veloppe des architectures de syst\u00e8mes complexes. Elles peuvent s&#8217;adapter aux fonctions dont l&#8217;usage requiert une r\u00e9solution complexe.<\/p>\n\n\n\n<p>De plus, ces architectures assurent la r\u00e9silience des syst\u00e8mes aux divers incidents. Elles aident aussi \u00e0 ma\u00eetriser la qualit\u00e9 de service et \u00e0 anticiper les situations critiques, tout en pr\u00e9servant la continuit\u00e9 du trafic. Ces solutions s\u2019adressent aussi bien aux nouveaux r\u00e9seaux qu\u2019aux infrastructures centenaires, \u00e0 l\u2019exemple du m\u00e9tro parisien.<\/p>\n\n\n\n<h2 class=\"wp-block-heading\" id=\"h-une-evolutivite-fonctionnelle-pour-integrer-les-nouvelles-technologies-et-les-cyber-risques\"><strong>Une \u00e9volutivit\u00e9 fonctionnelle pour int\u00e9grer les nouvelles technologies et les cyber risques<\/strong><\/h2>\n\n\n\n<p>La modularit\u00e9 de l&#8217;offre permet de propulser le PCC. Cela pr\u00e9voit l&#8217;anticipation des verrous technologiques \u00e0 lever et la priorit\u00e9 des \u00e9volutions n\u00e9cessaires. Ceci selon le rythme d&#8217;obsolescence de chaque \u00e9l\u00e9ment et pour plusieurs dizaines d&#8217;ann\u00e9es.<\/p>\n\n\n\n<p>Ainsi, un syst\u00e8me de signalisation peut perdurer 20 \u00e0 40 ans l\u00e0 o\u00f9 le module d\u2019information voyageurs a vocation \u00e0 \u00e9voluer tous les cinq \u00e0 six ans. Int\u00e9grer des innovations par briques. Cela rend le syst\u00e8me r\u00e9silient par d\u00e9faut. Cela aide \u00e0 mieux g\u00e9rer les investissements financiers et humains.<\/p>\n\n\n\n<p>L\u2019offre de Capgemini prend \u00e9galement en compte une dimension de plus en plus cruciale, celle de la cybers\u00e9curit\u00e9. Les r\u00e9seaux transports font de plus en plus appel aux nouvelles technologies. Cela entra\u00eene une hausse du nombre de menaces, notamment les attaques par ran\u00e7ongiciel et les vols de donn\u00e9es personnelles.<\/p>\n\n\n\n<p>Les cyber risques s\u2019\u00e9tendent m\u00eame aux syst\u00e8mes de commande et de contr\u00f4le, dont le piratage peut conduire \u00e0 un arr\u00eat des transports. L\u2019approche \u00e9volutive de Capgemini permet de s\u00e9curiser chacun des blocs technologiques et la connectique associ\u00e9e sans alt\u00e9rer le traitement de la donn\u00e9e.<\/p>\n\n\n\n<p>Les progr\u00e8s technologiques et les nouveaux comportements des usagers posent des d\u00e9fis. Un Poste de Commande Centralis\u00e9 modulaire permet une gestion s\u00e9curis\u00e9e et fluide des donn\u00e9es. Cela ouvre la voie \u00e0 l&#8217;am\u00e9lioration continue du transport d\u00e9carbon\u00e9.<\/p>\n\n\n\n<h2 class=\"wp-block-heading\" id=\"h-les-defis-de-la-ratp-pour-moderniser-son-centre-de-controle-des-operations\">Les d\u00e9fis de la RATP pour moderniser son Centre de Contr\u00f4le des Op\u00e9rations<\/h2>\n\n\n\n<div class=\"wp-block-cg-blocks-autocloud-form undefined autocloudform\"><div class=\"section--autoCloud-form\"><div class=\"wrapperAutoCloudSection\" id=\"linkToForm\"><div class=\"container\"><div class=\"row\"><div class=\"col-md-12 col-lg-6 left-img align-self-center escaper-left\"><\/div><div class=\"  col-md-12\"><div class=\"autoCloudForm\"><h4 class=\"formHelpText\">D\u00e9couvrez la solution mise en oeuvre<\/h4>\n\t\t<div class=\"mf_forms__container \">\n\t\t\t\t\t\t\t\t<form id=\"mf_form_723232_2881190206\" class=\"mf_form__form row needs-validation\" action=\"\" method=\"post\" enctype=\"multipart\/form-data\" data-nosnippet>\n\n\t\t\t\t\t\t\t\t<input type=\"hidden\" name=\"form_id\" data-validate=\"number\" class=\"mf_form__id\" value=\"723232\" \/>\n\t\t\t\t<input type=\"hidden\" name=\"form_title\" class=\"mf_form__title\" value=\"\" \/>\n\t\t\t\t<input type=\"hidden\" name=\"wp_rest_nonce\" class=\"mf_form__wp_rest_nonce\" value=\"157ab85f53\" \/>\n\n\t\t\t\t<input type=\"hidden\" name=\"mf_form_conditional_logic\" class=\"mf_form__title conditional_logic\" value=\"\" \/>\n\t\t\t\t\n\t\t\t\t<input type=\"hidden\" name=\"mf_form_fields_country_dpo_field\" class=\"mf_form__title conditional_logic mf_form_fields_country_dpo_field\" value=\"\" \/>\n\n\t\t\t\t<!-- Anti-spam field -->\n\t\t\t\t<input type=\"text\" \n\t\t\t\t\tname=\"website_url\" \n\t\t\t\t\tclass=\"mf_field__url\" \n\t\t\t\t\tautocomplete=\"off\"\n\t\t\t\t\ttabindex=\"-1\"\n\t\t\t\t\taria-hidden=\"true\"\n\t\t\t\t\tstyle=\"position:absolute;left:-9999px;width:1px;height:1px;opacity:0;pointer-events:none;\" \n\t\t\t\t\/>\n\t\t\t<\/form>\n\n\t\t\t<div class=\"mf_form__success\" tabindex=\"0\" role=\"alert\">\n\t\t\t\t\t\t\t\t<p>Merci ! Nous avons bien re\u00e7u votre formulaire.\t\t\t\t<\/p>\n\t\t\t<\/div>\n\t\t\t<div class=\"mf_form__errors\">\n\t\t\t\t<p>D\u00e9sol\u00e9, la soumission du formulaire a \u00e9chou\u00e9. Merci de r\u00e9essayer.<\/p>\n\t\t\t<\/div>\n\t\t\t\t<\/div>\n\n\t\t<script>\n\t\t\twindow.MF_CONFIG723232 = {\"723232\":{\"errors\":[],\"redirect\":\"\"}};\n\t\t<\/script>\n\t\n\n<\/div><\/div><\/div><\/div><\/div><\/div><\/div>\n<\/div><\/div><\/div><\/div><\/div><\/section>\n\n\n\n<section class=\"wp-block-cg-blocks-wrapper-people-slider section section--expert-slider wrapper-people-slider undefined\"><div class=\"container\"><div class=\"content-title\"><h2 data-maxlength=\"34\" class=\"people-heading-title\">Nos experts<\/h2><\/div><\/div><div class=\"slider slider-boxed\"><div class=\"container\"><div class=\"slider-window\"><div class=\"slider-list\">\t\t<div class=\"slide\">\n\t\t\t<div class=\"box\">\n\t\t\t\t<div class=\"row\">\n\t\t\t\t\t<div class=\"col-md-6 col-lg-4 box-img-wrapper\">\n\t\t\t\t\t\t<img decoding=\"async\" loading=\"lazy\" src=\"https:\/\/www.capgemini.com\/fr-fr\/wp-content\/uploads\/sites\/6\/2023\/06\/Photo-FaresGoucha-Blog-PCC.jpg\" alt=\"Fares Goucha\"\/>\n\t\t\t\t\t<\/div>\n\t\t\t\t\t<div class=\"col-md-6 col-lg-8 box-inner\">\n\t\t\t\t\t\t<div class=\"row title-social-media-header\">\n\t\t\t\t\t\t\t<div class=\"col-md-12 col-lg-6 mbl-social-icon\">\n\t\t\t\t\t\t\t\t<ul class=\"social-nav\">\n\t\t\t\t\t\t\t\t\t\t\t\t\t\t\t\t\t\t\t\t\t\t\t\t\t\t\t\t\t\t\t\t\t\t\t\t\t\t\t\t\t\t\t\t\t\t\t\t\t\t\t\t\t\t\t<li><a aria-label=\"Linkedin\" target=\"_blank\" title=\"Ouvrir dans une nouvelle fen\u00eatre\" href=\"https:\/\/www.linkedin.com\/in\/fares-goucha\/\"><i aria-hidden=\"true\" class=\"icon-li\"><\/i><\/a><\/li>\n\t\t\t\t\t\t\t\t\t\t\t\t\t\t\t\t\t<\/ul>\n\t\t\t\t\t\t\t<\/div>\n\t\t\t\t\t\t\t<div class=\"col-md-12 col-lg-6 box-container\">\n\t\t\t\t\t\t\t\t<div class=\"box-title\">\n\t\t\t\t\t\t\t\t\t<h3 class=\"people-profile-title\">Fares Goucha<\/h3>\n\t\t\t\t\t\t\t\t<\/div>\n\t\t\t\t\t\t\t\t\t\t\t\t\t\t\t\t\t<span>Vice President Rail Industry, Capgemini Invent<\/span>\n\t\t\t\t\t\t\t\t\t\t\t\t\t\t\t<\/div>\n\t\t\t\t\t\t\t<div class=\"col-md-12 col-lg-6 social-box-container dkt-social-icon\">\n\t\t\t\t\t\t\t\t<ul class=\"social-nav\">\n\t\t\t\t\t\t\t\t\t\t\t\t\t\t\t\t\t\t\t\t\t\t\t\t\t\t\t\t\t\t\t\t\t\t\t\t\t\t\t\t\t\t\t\t\t\t\t\t\t\t\t\t\t\t\t<li><a aria-label=\"Linkedin\" target=\"_blank\" title=\"Ouvrir dans une nouvelle fen\u00eatre\" href=\"https:\/\/www.linkedin.com\/in\/fares-goucha\/\"><i aria-hidden=\"true\" class=\"icon-li\"><\/i><\/a><\/li>\n\t\t\t\t\t\t\t\t\t\t\t\t\t\t\t\t\t<\/ul>\n\t\t\t\t\t\t\t<\/div>\n\t\t\t\t\t\t<\/div>\n\t\t\t\t\t\t\t\t\t\t\t<\/div>\n\t\t\t\t<\/div>\n\t\t\t<\/div>\n\t\t\t\t\t<\/div>\n\t\t\n\n\t\t<div class=\"slide\">\n\t\t\t<div class=\"box\">\n\t\t\t\t<div class=\"row\">\n\t\t\t\t\t<div class=\"col-md-6 col-lg-4 box-img-wrapper\">\n\t\t\t\t\t\t<img decoding=\"async\" loading=\"lazy\" src=\"https:\/\/www.capgemini.com\/fr-fr\/wp-content\/uploads\/sites\/6\/2023\/06\/Photo-ChristopheGodoy-Blog-PCC.png\" alt=\"Christophe Godoy\"\/>\n\t\t\t\t\t<\/div>\n\t\t\t\t\t<div class=\"col-md-6 col-lg-8 box-inner\">\n\t\t\t\t\t\t<div class=\"row title-social-media-header\">\n\t\t\t\t\t\t\t<div class=\"col-md-12 col-lg-6 mbl-social-icon\">\n\t\t\t\t\t\t\t\t<ul class=\"social-nav\">\n\t\t\t\t\t\t\t\t\t\t\t\t\t\t\t\t\t\t\t\t\t\t\t\t\t\t\t\t\t\t\t\t\t\t\t\t\t\t\t\t\t\t\t\t\t\t\t\t\t\t\t\t\t<\/ul>\n\t\t\t\t\t\t\t<\/div>\n\t\t\t\t\t\t\t<div class=\"col-md-12 col-lg-6 box-container\">\n\t\t\t\t\t\t\t\t<div class=\"box-title\">\n\t\t\t\t\t\t\t\t\t<h3 class=\"people-profile-title\">Christophe Godoy<\/h3>\n\t\t\t\t\t\t\t\t<\/div>\n\t\t\t\t\t\t\t\t\t\t\t\t\t\t\t\t\t<span>Lead Manufacturing &amp; Process Engineer, Capgemini Engineering<\/span>\n\t\t\t\t\t\t\t\t\t\t\t\t\t\t\t<\/div>\n\t\t\t\t\t\t\t<div class=\"col-md-12 col-lg-6 social-box-container dkt-social-icon\">\n\t\t\t\t\t\t\t\t<ul class=\"social-nav\">\n\t\t\t\t\t\t\t\t\t\t\t\t\t\t\t\t\t\t\t\t\t\t\t\t\t\t\t\t\t\t\t\t\t\t\t\t\t\t\t\t\t\t\t\t\t\t\t\t\t\t\t\t\t<\/ul>\n\t\t\t\t\t\t\t<\/div>\n\t\t\t\t\t\t<\/div>\n\t\t\t\t\t\t\t\t\t\t\t<\/div>\n\t\t\t\t<\/div>\n\t\t\t<\/div>\n\t\t\t\t\t<\/div>\n\t\t\n\n\t\t<div class=\"slide\">\n\t\t\t<div class=\"box\">\n\t\t\t\t<div class=\"row\">\n\t\t\t\t\t<div class=\"col-md-6 col-lg-4 box-img-wrapper\">\n\t\t\t\t\t\t<img decoding=\"async\" loading=\"lazy\" src=\"https:\/\/www.capgemini.com\/fr-fr\/wp-content\/uploads\/sites\/6\/2023\/06\/Photo-matthieudeboeufrouchon-Blog-PCC.jpg\" alt=\"Matthieu Deboeuf Rouchon\"\/>\n\t\t\t\t\t<\/div>\n\t\t\t\t\t<div class=\"col-md-6 col-lg-8 box-inner\">\n\t\t\t\t\t\t<div class=\"row title-social-media-header\">\n\t\t\t\t\t\t\t<div class=\"col-md-12 col-lg-6 mbl-social-icon\">\n\t\t\t\t\t\t\t\t<ul class=\"social-nav\">\n\t\t\t\t\t\t\t\t\t\t\t\t\t\t\t\t\t\t\t\t\t\t\t\t\t\t\t\t\t\t\t\t\t\t\t\t\t\t\t\t\t\t\t\t\t\t\t\t\t\t\t\t\t\t\t<li><a aria-label=\"Linkedin\" target=\"_blank\" title=\"Ouvrir dans une nouvelle fen\u00eatre\" href=\"https:\/\/www.linkedin.com\/in\/matthieudeboeufrouchon\/\"><i aria-hidden=\"true\" class=\"icon-li\"><\/i><\/a><\/li>\n\t\t\t\t\t\t\t\t\t\t\t\t\t\t\t\t\t<\/ul>\n\t\t\t\t\t\t\t<\/div>\n\t\t\t\t\t\t\t<div class=\"col-md-12 col-lg-6 box-container\">\n\t\t\t\t\t\t\t\t<div class=\"box-title\">\n\t\t\t\t\t\t\t\t\t<h3 class=\"people-profile-title\">Matthieu Deboeuf Rouchon<\/h3>\n\t\t\t\t\t\t\t\t<\/div>\n\t\t\t\t\t\t\t\t\t\t\t\t\t\t\t\t\t<span>Innovation Manager France, Capgemini Engineering<\/span>\n\t\t\t\t\t\t\t\t\t\t\t\t\t\t\t<\/div>\n\t\t\t\t\t\t\t<div class=\"col-md-12 col-lg-6 social-box-container dkt-social-icon\">\n\t\t\t\t\t\t\t\t<ul class=\"social-nav\">\n\t\t\t\t\t\t\t\t\t\t\t\t\t\t\t\t\t\t\t\t\t\t\t\t\t\t\t\t\t\t\t\t\t\t\t\t\t\t\t\t\t\t\t\t\t\t\t\t\t\t\t\t\t\t\t<li><a aria-label=\"Linkedin\" target=\"_blank\" title=\"Ouvrir dans une nouvelle fen\u00eatre\" href=\"https:\/\/www.linkedin.com\/in\/matthieudeboeufrouchon\/\"><i aria-hidden=\"true\" class=\"icon-li\"><\/i><\/a><\/li>\n\t\t\t\t\t\t\t\t\t\t\t\t\t\t\t\t\t<\/ul>\n\t\t\t\t\t\t\t<\/div>\n\t\t\t\t\t\t<\/div>\n\t\t\t\t\t\t\t\t\t\t\t\t\t<div class=\"people-info\">Plus de 12 ans d&#8217;exp\u00e9rience dans le digital dans des fonctions de conseil pour accompagner la transformation des grands comptes dans leur innovation et les aider dans leur acc\u00e9l\u00e9ration de transformation.<\/div>\n\t\t\t\t\t\t\t\t\t\t\t<\/div>\n\t\t\t\t<\/div>\n\t\t\t<\/div>\n\t\t\t\t\t<\/div>\n\t\t<\/div><\/div><\/div><div class=\"slider-nav\"><button class=\"slider-prev inactive\" aria-label=\"Slider-previous\" tabindex=\"-1\"><\/button><ul class=\"slider-paginator\"><\/ul><button class=\"slider-next\" aria-label=\"Slider-next\"><\/button><\/div><\/div><\/section>\n\n\n\n<section class=\"wp-block-cg-blocks-learn-more learnMoreBlock updated-new-sample-amal\"><div class=\"container\"><div class=\"content-title\"><h2 class=\"learnmore-heading\">Sur le m\u00eame sujet<\/h2><\/div><div class=\"row\"><div class=\"col-md-4\"><div class=\"box\"><div class=\"box-wrapper\"><a class=\"box-title\" href=\"https:\/\/www.capgemini.com\/fr-fr\/perspectives\/blog\/transports-defis-a-relever-pour-faire-des-services-express-regionaux-metropolitains-un-succes\/\" target=\"\" aria-label=\"<a href=&quot;https:\/\/www.capgemini.com\/fr-fr\/perspectives\/blog\/transports-defis-a-relever-pour-faire-des-services-express-regionaux-metropolitains-un-succes\/&quot;&gt;Transports : les d\u00e9fis \u00e0 relever pour faire des Services Express R\u00e9gionaux M\u00e9tropolitains un succ\u00e8s<\/a&gt;\" rel=\"noopener noreferrer\"><div class=\"box-img-wrapper\"><img decoding=\"async\" src=\"https:\/\/www.capgemini.com\/fr-fr\/wp-content\/uploads\/sites\/6\/2024\/04\/2024-webpreview-SERM-transports.jpg?w=500&amp;quality=70\" srcset=\"https:\/\/www.capgemini.com\/fr-fr\/wp-content\/uploads\/sites\/6\/2024\/04\/2024-webpreview-SERM-transports.jpg?w=500&amp;quality=70 1x, https:\/\/www.capgemini.com\/fr-fr\/wp-content\/uploads\/sites\/6\/2024\/04\/2024-webpreview-SERM-transports.jpg?w=1000&amp;quality=70 2x\" class=\"box-img\" alt=\"\" style=\"object-fit:cover;object-position:50% 50%\" loading=\"lazy\"\/><\/div><h3 class=\"titleWithoutLink_learnMore\"><a href=\"https:\/\/www.capgemini.com\/fr-fr\/perspectives\/blog\/transports-defis-a-relever-pour-faire-des-services-express-regionaux-metropolitains-un-succes\/\">Transports : les d\u00e9fis \u00e0 relever pour faire des Services Express R\u00e9gionaux M\u00e9tropolitains un succ\u00e8s<\/a><\/h3><\/a><\/div><\/div><div class=\"box-inner\"><\/div><\/div><div class=\"col-md-4\"><div class=\"box\"><div class=\"box-wrapper\"><div class=\"box-img-wrapper\"><img decoding=\"async\" src=\"https:\/\/www.capgemini.com\/fr-fr\/wp-content\/uploads\/sites\/6\/2024\/04\/2023-Article-de-blog-les-4-chantiers-de-la-decarbonisation-webpreview.webp?w=500&amp;quality=70\" srcset=\"https:\/\/www.capgemini.com\/fr-fr\/wp-content\/uploads\/sites\/6\/2024\/04\/2023-Article-de-blog-les-4-chantiers-de-la-decarbonisation-webpreview.webp?w=500&amp;quality=70 1x, https:\/\/www.capgemini.com\/fr-fr\/wp-content\/uploads\/sites\/6\/2024\/04\/2023-Article-de-blog-les-4-chantiers-de-la-decarbonisation-webpreview.webp?w=1000&amp;quality=70 2x\" class=\"box-img\" alt=\"\" style=\"object-fit:cover;object-position:50% 50%\" loading=\"lazy\"\/><\/div><h3><a href=\"https:\/\/www.capgemini.com\/fr-fr\/perspectives\/blog\/4-chantiers-de-la-decarbonisation-des-mobilites\/\">Les quatre chantiers de la d\u00e9carbonation des mobilit\u00e9s<\/a><\/h3><\/div><\/div><div class=\"box-inner\"><\/div><\/div><div class=\"col-md-4\"><div class=\"box\"><div class=\"box-wrapper\"><a class=\"box-title\" href=\"https:\/\/www.capgemini.com\/fr-fr\/perspectives\/blog\/decarbonation-des-transports-vers-une-necessaire-transformation-des-usages\/\" target=\"\" aria-label=\"<a href=&quot;https:\/\/www.capgemini.com\/fr-fr\/perspectives\/blog\/decarbonation-des-transports-vers-une-necessaire-transformation-des-usages\/&quot;&gt;D\u00e9carbonation des transports : vers une n\u00e9cessaire transformation des usages<\/a&gt;\" rel=\"noopener noreferrer\"><div class=\"box-img-wrapper\"><img decoding=\"async\" src=\"https:\/\/www.capgemini.com\/fr-fr\/wp-content\/uploads\/sites\/6\/2023\/11\/Image-Blog-Decarbonation-transports.jpg?w=500&amp;quality=70\" srcset=\"https:\/\/www.capgemini.com\/fr-fr\/wp-content\/uploads\/sites\/6\/2023\/11\/Image-Blog-Decarbonation-transports.jpg?w=500&amp;quality=70 1x, https:\/\/www.capgemini.com\/fr-fr\/wp-content\/uploads\/sites\/6\/2023\/11\/Image-Blog-Decarbonation-transports.jpg?w=1000&amp;quality=70 2x\" class=\"box-img\" alt=\"\" style=\"object-fit:cover;object-position:50% 50%\" loading=\"lazy\"\/><\/div><h3 class=\"titleWithoutLink_learnMore\"><a href=\"https:\/\/www.capgemini.com\/fr-fr\/perspectives\/blog\/decarbonation-des-transports-vers-une-necessaire-transformation-des-usages\/\">D\u00e9carbonation des transports : vers une n\u00e9cessaire transformation des usages<\/a><\/h3><\/a><\/div><\/div><div class=\"box-inner\"><\/div><\/div><\/div><\/div><\/section>\n\n\n\n\t\t<section\n\t\t\tclass=\"section section--lifeatcap-learning section--event-slider-careerInvent \">\n\n\t\t\t<div class=\"container\">\n\t\t\t\t<div class='career-invent-header'>\n\t\t\t\t\t\t\t\t\t\t\t\t\t\t<\/div>\n\t\t\t<\/div>\n\n\t\t\t<div class=\"slider slider-fader 69a10374-1890-4a52-81e8-34d3792cd420\">\n\t\t\t\t\t\t\t\t<div\n\t\t\t\t\tclass=\"slider-list \">\n\t\t\t\t\t\t\t\t\t\t\t<div\n\t\t\t\t\t\t\tclass=\"slide active \">\n\t\t\t\t\t\t\t<div\n\t\t\t\t\t\t\t\tclass=\"slide-bg-wrapper wp-block-cg-blocks-career-invent is-style-default\">\n\t\t\t\t\t\t\t\t<div class=\"bgImagesection\">\n\t\t\t\t\t\t\t\t\t\t\t\t\t\t\t\t\t\t\t<div class=\"bgColor\"><\/div>\n\t\t\t\t\t\t\t\t\t\n\t\t\t\t\t\t\t\t\t<div class=\"container slide-info-wrapper\">\n\t\t\t\t\t\t\t\t\t\t<div class=\"row\">\n\t\t\t\t\t\t\t\t\t\t\t<div\n\t\t\t\t\t\t\t\t\t\t\t\tclass=\"col-md-6 col-sm-12 box-inner \">\n\t\t\t\t\t\t\t\t\t\t\t\t\t\t\t\t\t\t\t\t\t\t\t\t\t<div class=\"bgColor\"><\/div>\n\t\t\t\t\t\t\t\t\t\t\t\t\t\t\t\t\t\t\t\t\t\t\t\t\t\t\t\t\t\t\t\t\t\t\t\t\t<div\n\t\t\t\t\t\t\t\t\t\t\t\t\t\tclass=\"content-title \">\n\t\t\t\t\t\t\t\t\t\t\t\t\t\t<h3 class=\"explore-header\"\n\t\t\t\t\t\t\t\t\t\t\t\t\t\t\tdata-maxlength=\"68\"\n\t\t\t\t\t\t\t\t\t\t\t\t\t\t\ttitle=\"Ferroviaire, infrastructure et transport\">\n\t\t\t\t\t\t\t\t\t\t\t\t\t\t\tFerroviaire, infrastructure et transport\t\t\t\t\t\t\t\t\t\t\t\t\t\t<\/h3>\n\t\t\t\t\t\t\t\t\t\t\t\t\t<\/div>\n\t\t\t\t\t\t\t\t\t\t\t\t\n\t\t\t\t\t\t\t\t\t\t\t\t\t\t\t\t\t\t\t\t\t\t\t\t\t\t\t\t\t\t\t\t\t\t\t\t\t\t\t<div\n\t\t\t\t\t\t\t\t\t\t\t\t\t\t\tclass=\"box-title \">\n\t\t\t\t\t\t\t\t\t\t\t\t\t\t\t<h4 data-maxlength=\"144\"\n\t\t\t\t\t\t\t\t\t\t\t\t\t\t\t\ttitle=\"La forte croissance de la population urbaine coupl\u00e9e \u00e0 la n\u00e9cessit\u00e9 d'adopter des transports durables devraient accro\u00eetre la demande de transpor\"\n\t\t\t\t\t\t\t\t\t\t\t\t\t\t\t\tstyle=\"white-space: pre-wrap;\">\n\t\t\t\t\t\t\t\t\t\t\t\t\t\t\t\tLa forte croissance de la population urbaine coupl\u00e9e \u00e0 la n\u00e9cessit\u00e9 d&#8217;adopter des transports durables devraient accro\u00eetre la demande de transpor\t\t\t\t\t\t\t\t\t\t\t\t\t\t\t<\/h4>\n\t\t\t\t\t\t\t\t\t\t\t\t\t\t<\/div>\n\t\t\t\t\t\t\t\t\t\t\t\t\t\t\t\t\t\t\t\t\t\t\t\t\t\n\t\t\t\t\t\t\t\t\t\t\t\t\t\t\t\t\t\t\t\t\t\t\t\t\t<div >\n\t\t\t\t\t\t\t\t\t\t\t\t\t\t\t\t\t\t\t\t\t\t\t\t\t\t\t<\/div>\n\t\t\t\t\t\t\t\t\t\t\t\t\n\t\t\t\t\t\t\t\t\t\t\t\t\t\t\t\t\t\t\t\t\t\t\t\t\t\t\t\t\t\t\t\t\t\t\t\t\t<div class=\"btnDiv\"> <a class=\"more2\" data-maxlength=\"24\" aria-label=\"En savoir plus A propos Ferroviaire, infrastructure et transport\"\n\t\t\t\t\t\t\t\t\t\t\t\t\t\t tabindex=\"0\" href=\"https:\/\/www.capgemini.com\/fr-fr\/secteurs\/ferroviaire-infrastructures-et-transports\/\"\n\t\t\t\t\t\t\t\t\t\t\t\t\t\t\ttarget=\"\">\n\t\t\t\t\t\t\t\t\t\t\t\t\t\tEn savoir plus\t\t\t\t\t\t\t\t\t\t\t\t\t<\/a> <\/div>\n\t\t\t\t\t\t\t\t\t\t\t\t\t\t\t\t\t\t\t\t\t\t\t\t\t\n\n\n\t\t\t\t\t\t\t\t\t\t\t<\/div>\n\n\t\t\t\t\t\t\t\t\t\t\t<div class=\"col-md-6 col-sm-12 text-right box-img-wrapper escaper escaper-right\">\n\t\t\t\t\t\t\t\t\t\t\t\t\n\n\t\t\t\t\t\t\t\t\t\t\t\t<picture>\n\t\t\t\t\t\t\t\t\t\t\t\t\t<source\n\t\t\t\t\t\t\t\t\t\t\t\t\t\tsrcset=\"https:\/\/www.capgemini.com\/fr-fr\/wp-content\/uploads\/sites\/6\/2023\/03\/Capgemini_solutions_next-gen-railway-networks-1.jpg?w=1200&amp;quality=90 1x, https:\/\/www.capgemini.com\/fr-fr\/wp-content\/uploads\/sites\/6\/2023\/03\/Capgemini_solutions_next-gen-railway-networks-1.jpg?w=1200&amp;quality=90 2x\"\n\t\t\t\t\t\t\t\t\t\t\t\t\t\tmedia=\"(min-width: 1500px)\" \/>\n\t\t\t\t\t\t\t\t\t\t\t\t\t<source\n\t\t\t\t\t\t\t\t\t\t\t\t\t\tsrcset=\"https:\/\/www.capgemini.com\/fr-fr\/wp-content\/uploads\/sites\/6\/2023\/03\/Capgemini_solutions_next-gen-railway-networks-1.jpg?w=600&amp;quality=90 1x, https:\/\/www.capgemini.com\/fr-fr\/wp-content\/uploads\/sites\/6\/2023\/03\/Capgemini_solutions_next-gen-railway-networks-1.jpg?w=1200&amp;quality=90 2x\"\n\t\t\t\t\t\t\t\t\t\t\t\t\t\tmedia=\"(min-width: 992px)\" \/>\n\t\t\t\t\t\t\t\t\t\t\t\t\t<source\n\t\t\t\t\t\t\t\t\t\t\t\t\t\tsrcset=\"https:\/\/www.capgemini.com\/fr-fr\/wp-content\/uploads\/sites\/6\/2023\/03\/Capgemini_solutions_next-gen-railway-networks-1.jpg?w=400&amp;quality=90 1x, https:\/\/www.capgemini.com\/fr-fr\/wp-content\/uploads\/sites\/6\/2023\/03\/Capgemini_solutions_next-gen-railway-networks-1.jpg?w=800&amp;quality=90 2x\"\n\t\t\t\t\t\t\t\t\t\t\t\t\t\tmedia=\"(min-width: 768px)\" \/>\n\t\t\t\t\t\t\t\t\t\t\t\t\t<source\n\t\t\t\t\t\t\t\t\t\t\t\t\t\tsrcset=\"https:\/\/www.capgemini.com\/fr-fr\/wp-content\/uploads\/sites\/6\/2023\/03\/Capgemini_solutions_next-gen-railway-networks-1.jpg?w=400&amp;quality=90 1x, https:\/\/www.capgemini.com\/fr-fr\/wp-content\/uploads\/sites\/6\/2023\/03\/Capgemini_solutions_next-gen-railway-networks-1.jpg?w=800&amp;quality=90 2x\"\n\t\t\t\t\t\t\t\t\t\t\t\t\t\tmedia=\"(min-width: 0)\" \/>\n\n\n\t\t\t\t\t\t\t\t\t\t\t\t\t<img loading=\"lazy\" class=\"box-img\"\n\t\t\t\t\t\t\t\t\t\t\t\t\t\tsrc=\"https:\/\/www.capgemini.com\/fr-fr\/wp-content\/uploads\/sites\/6\/2023\/03\/Capgemini_solutions_next-gen-railway-networks-1.jpg\"\n\t\t\t\t\t\t\t\t\t\t\t\t\t\tstyle=\"\n\t\t\t\t\t\t\t\t\t\t\t\t\t\tobject-position: 49% 25%; object-fit: cover;\t\t\t\t\t\t\t\t\t\t\t\t\t\t\t\t\t\" alt=\"\" \/>\n\n\t\t\t\t\t\t\t\t\t\t\t\t<\/picture>\n\t\t\t\t\t\t\t\t\t\t\t\t<!-- <img decoding=\"async\" class=\"box-img\" src=\"\n\t\t\t\t\t\t\t\t\t\t\t\t\t\t\t\t\t\t\t\t\t\t\t\t\t\t\t\"\n\t\t\t\t\t\t\t\t\t\t\tstyle=\"\n\t\t\t\t\t\t\t\t\t\t\t\t\t\t\t\t\t\t\t\t\t\t\t\t\t\" alt=\"\"\n\t\t\t\t\t\t\t\t\t\t\/> -->\n\t\t\t\t\t\t\t\t\t\t\t<\/div>\n\t\t\t\t\t\t\t\t\t\t<\/div>\n\t\t\t\t\t\t\t\t\t<\/div>\n\t\t\t\t\t\t\t\t<\/div>\n\t\t\t\t\t\t\t\t<div class=\"\">\n\t\t\t\t\t\t\t\t<\/div>\n\t\t\t\t\t\t\t\t<div class=\"slide-reveal\"><\/div>\n\t\t\t\t\t\t\t<\/div>\n\t\t\t\t\t\t<\/div>\n\t\t\t\t\t\n\t\t\t\t<\/div>\n\n\t\t\t\t\n\t\t\t<\/div>\n\n\t\t<\/section>\n\n\t\t","protected":false},"excerpt":{"rendered":"","protected":false},"author":166,"featured_media":721459,"comment_status":"closed","ping_status":"closed","sticky":false,"template":"","format":"standard","meta":{"cg_dt_proposed_to":[21,41],"cg_seo_hreflang_relations":"[]","cg_seo_canonical_relation":"{\"uuid\":\"0cb409b9-9c27-4479-9b01-8786645eca5a\",\"blogId\":\"\",\"domain\":\"\",\"sitePath\":\"\",\"postLink\":\"\",\"postId\":null,\"isSaved\":true,\"isCrossLink\":false,\"hasCrossLink\":false}","cg_seo_hreflang_x_default_relation":"{\"uuid\":\"1e3ca245-1ba4-48e3-a27d-cdfbe33f462f\",\"blogId\":\"\",\"domain\":\"\",\"sitePath\":\"\",\"postLink\":\"\",\"postId\":null,\"isSaved\":true,\"isCrossLink\":false,\"hasCrossLink\":false}","cg_dt_approved_content":true,"cg_dt_mandatory_content":false,"cg_dt_notes":"","cg_dg_source_changed":false,"cg_dt_link_disabled":true,"_yoast_wpseo_primary_brand":"","_jetpack_memberships_contains_paid_content":false,"footnotes":"","featured_focal_points":"{\"x\":0.51,\"y\":0.38}"},"categories":[5,138],"tags":[13],"brand":[],"service":[462,52,29],"industry":[484,62],"partners":[],"blog-topic":[396,489],"content-group":[],"class_list":["post-720940","post","type-post","status-publish","format-standard","has-post-thumbnail","hentry","category-technologies","category-transformation","tag-digital-transformation","service-engineering","service-intelligent-industry","service-business-innovation-transformation","industry-ferroviaire-infrastructure-et-transport","industry-transports-et-services-aux-entreprises","blog-topic-engineering","blog-topic-intelligent-industry"],"yoast_head":"<!-- This site is optimized with the Yoast SEO Premium plugin v22.8 (Yoast SEO v22.8) - https:\/\/yoast.com\/wordpress\/plugins\/seo\/ -->\n<title>Poste de Commande Centralis\u00e9 nouvelle g\u00e9n\u00e9ration : La technologie au service d\u2019une mobilit\u00e9 urbaine optimis\u00e9e - Capgemini France<\/title>\n<meta name=\"description\" content=\"Un syst\u00e8me modulaire et intelligent permettant de g\u00e9rer les r\u00e9seaux de transports multimodaux en int\u00e9grant data, technologies et \u00e9cosyst\u00e8me.\" \/>\n<meta name=\"robots\" content=\"index, follow, max-snippet:-1, max-image-preview:large, max-video-preview:-1\" \/>\n<link rel=\"canonical\" href=\"https:\/\/www.capgemini.com\/fr-fr\/perspectives\/blog\/pcc-nouvelle-generation-la-technologie-au-service-mobilite-urbaine-optimisee\/\" \/>\n<meta property=\"og:locale\" content=\"fr_FR\" \/>\n<meta property=\"og:type\" content=\"article\" \/>\n<meta property=\"og:title\" content=\"Poste de Commande Centralis\u00e9 nouvelle g\u00e9n\u00e9ration : La technologie au service d\u2019une mobilit\u00e9 urbaine optimis\u00e9e\" \/>\n<meta property=\"og:description\" content=\"Un syst\u00e8me modulaire et intelligent permettant de g\u00e9rer les r\u00e9seaux de transports multimodaux en int\u00e9grant data, technologies et \u00e9cosyst\u00e8me.\" \/>\n<meta property=\"og:url\" content=\"https:\/\/www.capgemini.com\/fr-fr\/perspectives\/blog\/pcc-nouvelle-generation-la-technologie-au-service-mobilite-urbaine-optimisee\/\" \/>\n<meta property=\"og:site_name\" content=\"Capgemini France\" \/>\n<meta property=\"article:published_time\" content=\"2023-06-12T04:14:00+00:00\" \/>\n<meta property=\"article:modified_time\" content=\"2026-04-16T11:30:48+00:00\" \/>\n<meta property=\"og:image\" content=\"https:\/\/www.capgemini.com\/fr-fr\/wp-content\/uploads\/sites\/6\/2023\/06\/WepreviewBlogPCC.jpg\" \/>\n\t<meta property=\"og:image:width\" content=\"1200\" \/>\n\t<meta property=\"og:image:height\" content=\"630\" \/>\n\t<meta property=\"og:image:type\" content=\"image\/jpeg\" \/>\n<meta name=\"author\" content=\"Capgemini\" \/>\n<meta name=\"twitter:card\" content=\"summary_large_image\" \/>\n<meta name=\"twitter:creator\" content=\"@anne.gautier@capgemini.com\" \/>\n<meta name=\"twitter:label1\" content=\"Written by\" \/>\n\t<meta name=\"twitter:data1\" content=\"anne.gautier@capgemini.com\" \/>\n\t<meta name=\"twitter:label2\" content=\"Est. reading time\" \/>\n\t<meta name=\"twitter:data2\" content=\"8 minutes\" \/>\n<script type=\"application\/ld+json\" class=\"yoast-schema-graph\">{\"@context\":\"https:\/\/schema.org\",\"@graph\":[{\"@type\":\"Article\",\"@id\":\"https:\/\/www.capgemini.com\/fr-fr\/perspectives\/blog\/pcc-nouvelle-generation-la-technologie-au-service-mobilite-urbaine-optimisee\/#article\",\"isPartOf\":{\"@id\":\"https:\/\/www.capgemini.com\/fr-fr\/perspectives\/blog\/pcc-nouvelle-generation-la-technologie-au-service-mobilite-urbaine-optimisee\/\"},\"author\":{\"name\":\"anne.gautier@capgemini.com\",\"@id\":\"https:\/\/www.capgemini.com\/fr-fr\/#\/schema\/person\/816b44b24d8e4a4d607a37f64955250e\"},\"headline\":\"Poste de Commande Centralis\u00e9 nouvelle g\u00e9n\u00e9ration : La technologie au service d\u2019une mobilit\u00e9 urbaine optimis\u00e9e\",\"datePublished\":\"2023-06-12T04:14:00+00:00\",\"dateModified\":\"2026-04-16T11:30:48+00:00\",\"mainEntityOfPage\":{\"@id\":\"https:\/\/www.capgemini.com\/fr-fr\/perspectives\/blog\/pcc-nouvelle-generation-la-technologie-au-service-mobilite-urbaine-optimisee\/\"},\"wordCount\":1431,\"publisher\":{\"@id\":\"https:\/\/www.capgemini.com\/fr-fr\/#organization\"},\"image\":{\"@id\":\"https:\/\/www.capgemini.com\/fr-fr\/perspectives\/blog\/pcc-nouvelle-generation-la-technologie-au-service-mobilite-urbaine-optimisee\/#primaryimage\"},\"thumbnailUrl\":\"https:\/\/www.capgemini.com\/fr-fr\/wp-content\/uploads\/sites\/6\/2023\/06\/PCC-MainPosteDeCommandeCentralise.jpg\",\"keywords\":[\"Transformation Digitale\"],\"articleSection\":[\"Technologies\",\"Transformation\"],\"inLanguage\":\"fr-FR\"},{\"@type\":\"WebPage\",\"@id\":\"https:\/\/www.capgemini.com\/fr-fr\/perspectives\/blog\/pcc-nouvelle-generation-la-technologie-au-service-mobilite-urbaine-optimisee\/\",\"url\":\"https:\/\/www.capgemini.com\/fr-fr\/perspectives\/blog\/pcc-nouvelle-generation-la-technologie-au-service-mobilite-urbaine-optimisee\/\",\"name\":\"Poste de Commande Centralis\u00e9 nouvelle g\u00e9n\u00e9ration : La technologie au service d\u2019une mobilit\u00e9 urbaine optimis\u00e9e - Capgemini France\",\"isPartOf\":{\"@id\":\"https:\/\/www.capgemini.com\/fr-fr\/#website\"},\"primaryImageOfPage\":{\"@id\":\"https:\/\/www.capgemini.com\/fr-fr\/perspectives\/blog\/pcc-nouvelle-generation-la-technologie-au-service-mobilite-urbaine-optimisee\/#primaryimage\"},\"image\":{\"@id\":\"https:\/\/www.capgemini.com\/fr-fr\/perspectives\/blog\/pcc-nouvelle-generation-la-technologie-au-service-mobilite-urbaine-optimisee\/#primaryimage\"},\"thumbnailUrl\":\"https:\/\/www.capgemini.com\/fr-fr\/wp-content\/uploads\/sites\/6\/2023\/06\/PCC-MainPosteDeCommandeCentralise.jpg\",\"datePublished\":\"2023-06-12T04:14:00+00:00\",\"dateModified\":\"2026-04-16T11:30:48+00:00\",\"description\":\"Un syst\u00e8me modulaire et intelligent permettant de g\u00e9rer les r\u00e9seaux de transports multimodaux en int\u00e9grant data, technologies et \u00e9cosyst\u00e8me.\",\"inLanguage\":\"fr-FR\",\"potentialAction\":[{\"@type\":\"ReadAction\",\"target\":[\"https:\/\/www.capgemini.com\/fr-fr\/perspectives\/blog\/pcc-nouvelle-generation-la-technologie-au-service-mobilite-urbaine-optimisee\/\"]}]},{\"@type\":\"ImageObject\",\"inLanguage\":\"fr-FR\",\"@id\":\"https:\/\/www.capgemini.com\/fr-fr\/perspectives\/blog\/pcc-nouvelle-generation-la-technologie-au-service-mobilite-urbaine-optimisee\/#primaryimage\",\"url\":\"https:\/\/www.capgemini.com\/fr-fr\/wp-content\/uploads\/sites\/6\/2023\/06\/PCC-MainPosteDeCommandeCentralise.jpg\",\"contentUrl\":\"https:\/\/www.capgemini.com\/fr-fr\/wp-content\/uploads\/sites\/6\/2023\/06\/PCC-MainPosteDeCommandeCentralise.jpg\",\"width\":5616,\"height\":3744,\"caption\":\"Close-up shot of a factory worker's hand pointing at a computer screen\"},{\"@type\":\"WebSite\",\"@id\":\"https:\/\/www.capgemini.com\/fr-fr\/#website\",\"url\":\"https:\/\/www.capgemini.com\/fr-fr\/\",\"name\":\"Capgemini France\",\"description\":\"Just another www.capgemini.com site\",\"publisher\":{\"@id\":\"https:\/\/www.capgemini.com\/fr-fr\/#organization\"},\"potentialAction\":[{\"@type\":\"SearchAction\",\"target\":{\"@type\":\"EntryPoint\",\"urlTemplate\":\"https:\/\/www.capgemini.com\/fr-fr\/?s={search_term_string}\"},\"query-input\":\"required name=search_term_string\"}],\"inLanguage\":\"fr-FR\"},{\"@type\":\"Organization\",\"@id\":\"https:\/\/www.capgemini.com\/fr-fr\/#organization\",\"name\":\"Capgemini France\",\"url\":\"https:\/\/www.capgemini.com\/fr-fr\/\",\"logo\":{\"@type\":\"ImageObject\",\"inLanguage\":\"fr-FR\",\"@id\":\"https:\/\/www.capgemini.com\/fr-fr\/#\/schema\/logo\/image\/\",\"url\":\"https:\/\/www.capgemini.com\/fr-fr\/wp-content\/uploads\/sites\/6\/2022\/08\/Logo-Capgemini.png\",\"contentUrl\":\"https:\/\/www.capgemini.com\/fr-fr\/wp-content\/uploads\/sites\/6\/2022\/08\/Logo-Capgemini.png\",\"width\":202,\"height\":60,\"caption\":\"Capgemini France\"},\"image\":{\"@id\":\"https:\/\/www.capgemini.com\/fr-fr\/#\/schema\/logo\/image\/\"}},{\"@type\":\"Person\",\"@id\":\"https:\/\/www.capgemini.com\/fr-fr\/#\/schema\/person\/816b44b24d8e4a4d607a37f64955250e\",\"name\":\"anne.gautier@capgemini.com\",\"sameAs\":[\"https:\/\/x.com\/anne.gautier@capgemini.com\",\"anne.gautier@capgemini.com\"],\"url\":\"https:\/\/www.capgemini.com\/fr-fr\/author\/anne-gautiercapgemini-com\/\"}]}<\/script>\n<!-- \/ Yoast SEO Premium plugin. -->","yoast_head_json":{"title":"Poste de Commande Centralis\u00e9 nouvelle g\u00e9n\u00e9ration : La technologie au service d\u2019une mobilit\u00e9 urbaine optimis\u00e9e - Capgemini France","description":"Un syst\u00e8me modulaire et intelligent permettant de g\u00e9rer les r\u00e9seaux de transports multimodaux en int\u00e9grant data, technologies et \u00e9cosyst\u00e8me.","robots":{"index":"index","follow":"follow","max-snippet":"max-snippet:-1","max-image-preview":"max-image-preview:large","max-video-preview":"max-video-preview:-1"},"canonical":"https:\/\/www.capgemini.com\/fr-fr\/perspectives\/blog\/pcc-nouvelle-generation-la-technologie-au-service-mobilite-urbaine-optimisee\/","og_locale":"fr_FR","og_type":"article","og_title":"Poste de Commande Centralis\u00e9 nouvelle g\u00e9n\u00e9ration : La technologie au service d\u2019une mobilit\u00e9 urbaine optimis\u00e9e","og_description":"Un syst\u00e8me modulaire et intelligent permettant de g\u00e9rer les r\u00e9seaux de transports multimodaux en int\u00e9grant data, technologies et \u00e9cosyst\u00e8me.","og_url":"https:\/\/www.capgemini.com\/fr-fr\/perspectives\/blog\/pcc-nouvelle-generation-la-technologie-au-service-mobilite-urbaine-optimisee\/","og_site_name":"Capgemini France","article_published_time":"2023-06-12T04:14:00+00:00","article_modified_time":"2026-04-16T11:30:48+00:00","og_image":[{"width":1200,"height":630,"url":"https:\/\/www.capgemini.com\/fr-fr\/wp-content\/uploads\/sites\/6\/2023\/06\/WepreviewBlogPCC.jpg","type":"image\/jpeg"}],"author":"Capgemini","twitter_card":"summary_large_image","twitter_creator":"@anne.gautier@capgemini.com","twitter_misc":{"Written by":"anne.gautier@capgemini.com","Est. reading time":"8 minutes"},"schema":{"@context":"https:\/\/schema.org","@graph":[{"@type":"Article","@id":"https:\/\/www.capgemini.com\/fr-fr\/perspectives\/blog\/pcc-nouvelle-generation-la-technologie-au-service-mobilite-urbaine-optimisee\/#article","isPartOf":{"@id":"https:\/\/www.capgemini.com\/fr-fr\/perspectives\/blog\/pcc-nouvelle-generation-la-technologie-au-service-mobilite-urbaine-optimisee\/"},"author":{"name":"anne.gautier@capgemini.com","@id":"https:\/\/www.capgemini.com\/fr-fr\/#\/schema\/person\/816b44b24d8e4a4d607a37f64955250e"},"headline":"Poste de Commande Centralis\u00e9 nouvelle g\u00e9n\u00e9ration : La technologie au service d\u2019une mobilit\u00e9 urbaine optimis\u00e9e","datePublished":"2023-06-12T04:14:00+00:00","dateModified":"2026-04-16T11:30:48+00:00","mainEntityOfPage":{"@id":"https:\/\/www.capgemini.com\/fr-fr\/perspectives\/blog\/pcc-nouvelle-generation-la-technologie-au-service-mobilite-urbaine-optimisee\/"},"wordCount":1431,"publisher":{"@id":"https:\/\/www.capgemini.com\/fr-fr\/#organization"},"image":{"@id":"https:\/\/www.capgemini.com\/fr-fr\/perspectives\/blog\/pcc-nouvelle-generation-la-technologie-au-service-mobilite-urbaine-optimisee\/#primaryimage"},"thumbnailUrl":"https:\/\/www.capgemini.com\/fr-fr\/wp-content\/uploads\/sites\/6\/2023\/06\/PCC-MainPosteDeCommandeCentralise.jpg","keywords":["Transformation Digitale"],"articleSection":["Technologies","Transformation"],"inLanguage":"fr-FR"},{"@type":"WebPage","@id":"https:\/\/www.capgemini.com\/fr-fr\/perspectives\/blog\/pcc-nouvelle-generation-la-technologie-au-service-mobilite-urbaine-optimisee\/","url":"https:\/\/www.capgemini.com\/fr-fr\/perspectives\/blog\/pcc-nouvelle-generation-la-technologie-au-service-mobilite-urbaine-optimisee\/","name":"Poste de Commande Centralis\u00e9 nouvelle g\u00e9n\u00e9ration : La technologie au service d\u2019une mobilit\u00e9 urbaine optimis\u00e9e - Capgemini France","isPartOf":{"@id":"https:\/\/www.capgemini.com\/fr-fr\/#website"},"primaryImageOfPage":{"@id":"https:\/\/www.capgemini.com\/fr-fr\/perspectives\/blog\/pcc-nouvelle-generation-la-technologie-au-service-mobilite-urbaine-optimisee\/#primaryimage"},"image":{"@id":"https:\/\/www.capgemini.com\/fr-fr\/perspectives\/blog\/pcc-nouvelle-generation-la-technologie-au-service-mobilite-urbaine-optimisee\/#primaryimage"},"thumbnailUrl":"https:\/\/www.capgemini.com\/fr-fr\/wp-content\/uploads\/sites\/6\/2023\/06\/PCC-MainPosteDeCommandeCentralise.jpg","datePublished":"2023-06-12T04:14:00+00:00","dateModified":"2026-04-16T11:30:48+00:00","description":"Un syst\u00e8me modulaire et intelligent permettant de g\u00e9rer les r\u00e9seaux de transports multimodaux en int\u00e9grant data, technologies et \u00e9cosyst\u00e8me.","inLanguage":"fr-FR","potentialAction":[{"@type":"ReadAction","target":["https:\/\/www.capgemini.com\/fr-fr\/perspectives\/blog\/pcc-nouvelle-generation-la-technologie-au-service-mobilite-urbaine-optimisee\/"]}]},{"@type":"ImageObject","inLanguage":"fr-FR","@id":"https:\/\/www.capgemini.com\/fr-fr\/perspectives\/blog\/pcc-nouvelle-generation-la-technologie-au-service-mobilite-urbaine-optimisee\/#primaryimage","url":"https:\/\/www.capgemini.com\/fr-fr\/wp-content\/uploads\/sites\/6\/2023\/06\/PCC-MainPosteDeCommandeCentralise.jpg","contentUrl":"https:\/\/www.capgemini.com\/fr-fr\/wp-content\/uploads\/sites\/6\/2023\/06\/PCC-MainPosteDeCommandeCentralise.jpg","width":5616,"height":3744,"caption":"Close-up shot of a factory worker's hand pointing at a computer screen"},{"@type":"WebSite","@id":"https:\/\/www.capgemini.com\/fr-fr\/#website","url":"https:\/\/www.capgemini.com\/fr-fr\/","name":"Capgemini France","description":"Just another www.capgemini.com site","publisher":{"@id":"https:\/\/www.capgemini.com\/fr-fr\/#organization"},"potentialAction":[{"@type":"SearchAction","target":{"@type":"EntryPoint","urlTemplate":"https:\/\/www.capgemini.com\/fr-fr\/?s={search_term_string}"},"query-input":"required name=search_term_string"}],"inLanguage":"fr-FR"},{"@type":"Organization","@id":"https:\/\/www.capgemini.com\/fr-fr\/#organization","name":"Capgemini France","url":"https:\/\/www.capgemini.com\/fr-fr\/","logo":{"@type":"ImageObject","inLanguage":"fr-FR","@id":"https:\/\/www.capgemini.com\/fr-fr\/#\/schema\/logo\/image\/","url":"https:\/\/www.capgemini.com\/fr-fr\/wp-content\/uploads\/sites\/6\/2022\/08\/Logo-Capgemini.png","contentUrl":"https:\/\/www.capgemini.com\/fr-fr\/wp-content\/uploads\/sites\/6\/2022\/08\/Logo-Capgemini.png","width":202,"height":60,"caption":"Capgemini France"},"image":{"@id":"https:\/\/www.capgemini.com\/fr-fr\/#\/schema\/logo\/image\/"}},{"@type":"Person","@id":"https:\/\/www.capgemini.com\/fr-fr\/#\/schema\/person\/816b44b24d8e4a4d607a37f64955250e","name":"anne.gautier@capgemini.com","sameAs":["https:\/\/x.com\/anne.gautier@capgemini.com","anne.gautier@capgemini.com"],"url":"https:\/\/www.capgemini.com\/fr-fr\/author\/anne-gautiercapgemini-com\/"}]}},"blog_topic_info":[{"id":396,"name":"Engineering"},{"id":489,"name":"Intelligent Industry"}],"taxonomy_info":{"category":[{"id":5,"name":"Technologies","slug":"technologies"},{"id":138,"name":"Transformation","slug":"transformation"}],"post_tag":[{"id":13,"name":"Transformation Digitale","slug":"digital-transformation"}],"service":[{"id":462,"name":"Engineering","slug":"engineering"},{"id":52,"name":"Intelligent Industry","slug":"intelligent-industry"},{"id":29,"name":"Transformation &amp; Innovation","slug":"business-innovation-transformation"}],"industry":[{"id":484,"name":"Ferroviaire, infrastructure et transport","slug":"ferroviaire-infrastructure-et-transport"},{"id":62,"name":"Transports et services aux entreprises","slug":"transports-et-services-aux-entreprises"}],"blog-topic":[{"id":396,"name":"Engineering","slug":"engineering"},{"id":489,"name":"Intelligent Industry","slug":"intelligent-industry"}]},"parsely":{"version":"1.1.0","canonical_url":"https:\/\/capgemini.com\/fr-fr\/perspectives\/blog\/pcc-nouvelle-generation-la-technologie-au-service-mobilite-urbaine-optimisee\/","smart_links":{"inbound":0,"outbound":0},"traffic_boost_suggestions_count":0,"meta":{"@context":"https:\/\/schema.org","@type":"NewsArticle","headline":"Poste de Commande Centralis\u00e9 nouvelle g\u00e9n\u00e9ration : La technologie au service d\u2019une mobilit\u00e9 urbaine optimis\u00e9e","url":"https:\/\/www.capgemini.com\/fr-fr\/perspectives\/blog\/pcc-nouvelle-generation-la-technologie-au-service-mobilite-urbaine-optimisee\/","mainEntityOfPage":{"@type":"WebPage","@id":"https:\/\/www.capgemini.com\/fr-fr\/perspectives\/blog\/pcc-nouvelle-generation-la-technologie-au-service-mobilite-urbaine-optimisee\/"},"thumbnailUrl":"https:\/\/www.capgemini.com\/fr-fr\/wp-content\/uploads\/sites\/6\/2023\/06\/PCC-MainPosteDeCommandeCentralise.jpg?w=150&h=150&crop=1","image":{"@type":"ImageObject","url":"https:\/\/www.capgemini.com\/fr-fr\/wp-content\/uploads\/sites\/6\/2023\/06\/PCC-MainPosteDeCommandeCentralise.jpg"},"articleSection":"Technologies","author":[],"creator":[],"publisher":{"@type":"Organization","name":"Capgemini France","logo":""},"keywords":["transformation digitale"],"dateCreated":"2023-06-12T04:14:00Z","datePublished":"2023-06-12T04:14:00Z","dateModified":"2026-04-16T11:30:48Z"},"rendered":"<meta name=\"parsely-title\" content=\"Poste de Commande Centralis\u00e9 nouvelle g\u00e9n\u00e9ration : La technologie au service d\u2019une mobilit\u00e9 urbaine optimis\u00e9e\" \/>\n<meta name=\"parsely-link\" content=\"https:\/\/www.capgemini.com\/fr-fr\/perspectives\/blog\/pcc-nouvelle-generation-la-technologie-au-service-mobilite-urbaine-optimisee\/\" \/>\n<meta name=\"parsely-type\" content=\"post\" \/>\n<meta name=\"parsely-image-url\" content=\"https:\/\/www.capgemini.com\/fr-fr\/wp-content\/uploads\/sites\/6\/2023\/06\/PCC-MainPosteDeCommandeCentralise.jpg?w=150&amp;h=150&amp;crop=1\" \/>\n<meta name=\"parsely-pub-date\" content=\"2023-06-12T04:14:00Z\" \/>\n<meta name=\"parsely-section\" content=\"Technologies\" \/>\n<meta name=\"parsely-tags\" content=\"transformation digitale\" \/>","tracker_url":"https:\/\/cdn.parsely.com\/keys\/capgemini.com\/p.js"},"jetpack_featured_media_url":"https:\/\/www.capgemini.com\/fr-fr\/wp-content\/uploads\/sites\/6\/2023\/06\/PCC-MainPosteDeCommandeCentralise.jpg","archive_status":false,"featured_image_src":"https:\/\/www.capgemini.com\/fr-fr\/wp-content\/uploads\/sites\/6\/2023\/06\/PCC-MainPosteDeCommandeCentralise.jpg","featured_image_alt":"","jetpack-related-posts":[{"id":735912,"url":"https:\/\/www.capgemini.com\/fr-fr\/perspectives\/blog\/decarbonation-des-transports-vers-une-necessaire-transformation-des-usages\/","url_meta":{"origin":720940,"position":0},"title":"D\u00e9carbonation des transports : vers une n\u00e9cessaire transformation des usages","author":"","date":"November 28, 2023","format":false,"excerpt":"La d\u00e9carbonation des transports, centrale dans la mise en \u0153uvre de l\u2019accord de Paris, n\u2019est r\u00e9aliste que si l\u2019\u00e9cosyst\u00e8me des mobilit\u00e9s dans son ensemble r\u00e9ussit sa transformation.","rel":"","context":"In &quot;Innovation&quot;","block_context":{"text":"Innovation","link":"https:\/\/www.capgemini.com\/fr-fr\/category\/innovation\/"},"img":{"alt_text":"","src":"https:\/\/i0.wp.com\/www.capgemini.com\/fr-fr\/wp-content\/uploads\/sites\/6\/2023\/11\/2023-FR-Blog-Decarbonisations.jpg?resize=350%2C200&ssl=1","width":350,"height":200,"srcset":"https:\/\/i0.wp.com\/www.capgemini.com\/fr-fr\/wp-content\/uploads\/sites\/6\/2023\/11\/2023-FR-Blog-Decarbonisations.jpg?resize=350%2C200&ssl=1 1x, https:\/\/i0.wp.com\/www.capgemini.com\/fr-fr\/wp-content\/uploads\/sites\/6\/2023\/11\/2023-FR-Blog-Decarbonisations.jpg?resize=525%2C300&ssl=1 1.5x, https:\/\/i0.wp.com\/www.capgemini.com\/fr-fr\/wp-content\/uploads\/sites\/6\/2023\/11\/2023-FR-Blog-Decarbonisations.jpg?resize=700%2C400&ssl=1 2x"},"classes":[]},{"id":737745,"url":"https:\/\/www.capgemini.com\/fr-fr\/perspectives\/blog\/4-chantiers-de-la-decarbonisation-des-mobilites\/","url_meta":{"origin":720940,"position":1},"title":"Les quatre chantiers de la d\u00e9carbonation des mobilit\u00e9s","author":"","date":"December 18, 2023","format":false,"excerpt":"Pour atteindre la neutralit\u00e9 en 2050 et \u00e9viter une catastrophe climatique, plusieurs chantiers doivent \u00eatre men\u00e9s simultan\u00e9ment pour que les mobilit\u00e9s douces deviennent les standards de demain.","rel":"","context":"In &quot;Innovation&quot;","block_context":{"text":"Innovation","link":"https:\/\/www.capgemini.com\/fr-fr\/category\/innovation\/"},"img":{"alt_text":"","src":"https:\/\/i0.wp.com\/www.capgemini.com\/fr-fr\/wp-content\/uploads\/sites\/6\/2023\/12\/2023-Article-de-blog-les-4-chantiers-de-la-decarbonisation-webpreview.jpg?resize=350%2C200&ssl=1","width":350,"height":200,"srcset":"https:\/\/i0.wp.com\/www.capgemini.com\/fr-fr\/wp-content\/uploads\/sites\/6\/2023\/12\/2023-Article-de-blog-les-4-chantiers-de-la-decarbonisation-webpreview.jpg?resize=350%2C200&ssl=1 1x, https:\/\/i0.wp.com\/www.capgemini.com\/fr-fr\/wp-content\/uploads\/sites\/6\/2023\/12\/2023-Article-de-blog-les-4-chantiers-de-la-decarbonisation-webpreview.jpg?resize=525%2C300&ssl=1 1.5x, https:\/\/i0.wp.com\/www.capgemini.com\/fr-fr\/wp-content\/uploads\/sites\/6\/2023\/12\/2023-Article-de-blog-les-4-chantiers-de-la-decarbonisation-webpreview.jpg?resize=700%2C400&ssl=1 2x"},"classes":[]},{"id":751049,"url":"https:\/\/www.capgemini.com\/fr-fr\/perspectives\/blog\/transports-defis-a-relever-pour-faire-des-services-express-regionaux-metropolitains-un-succes\/","url_meta":{"origin":720940,"position":2},"title":"Transports : les d\u00e9fis \u00e0 relever pour faire des Services Express R\u00e9gionaux M\u00e9tropolitains un succ\u00e8s","author":"","date":"April 30, 2024","format":false,"excerpt":"Les transports sont un levier pour dynamiser les territoires isol\u00e9s, faciliter l\u2019acc\u00e8s aux bassins d\u2019emploi et favoriser la transition \u00e9cologique. L\u2019\u00c9tat, les r\u00e9gions et les m\u00e9tropoles se sont empar\u00e9s du sujet avec la loi relative aux Services Express R\u00e9gionaux M\u00e9tropolitains qui offre un cadre pour une mobilit\u00e9 fiable, fr\u00e9quente et\u2026","rel":"","context":"In &quot;Innovation&quot;","block_context":{"text":"Innovation","link":"https:\/\/www.capgemini.com\/fr-fr\/category\/innovation\/"},"img":{"alt_text":"","src":"https:\/\/i0.wp.com\/www.capgemini.com\/fr-fr\/wp-content\/uploads\/sites\/6\/2024\/04\/2024-webpreview-SERM-transports.jpg?resize=350%2C200&ssl=1","width":350,"height":200,"srcset":"https:\/\/i0.wp.com\/www.capgemini.com\/fr-fr\/wp-content\/uploads\/sites\/6\/2024\/04\/2024-webpreview-SERM-transports.jpg?resize=350%2C200&ssl=1 1x, https:\/\/i0.wp.com\/www.capgemini.com\/fr-fr\/wp-content\/uploads\/sites\/6\/2024\/04\/2024-webpreview-SERM-transports.jpg?resize=525%2C300&ssl=1 1.5x, https:\/\/i0.wp.com\/www.capgemini.com\/fr-fr\/wp-content\/uploads\/sites\/6\/2024\/04\/2024-webpreview-SERM-transports.jpg?resize=700%2C400&ssl=1 2x"},"classes":[]},{"id":760775,"url":"https:\/\/www.capgemini.com\/fr-fr\/perspectives\/blog\/impact-de-la-transition-eco-numerique-sur-la-mobilite-en-europe\/","url_meta":{"origin":720940,"position":3},"title":"Impact de la transition \u00e9co-num\u00e9rique sur la mobilit\u00e9 en Europe","author":"","date":"September 13, 2024","format":false,"excerpt":"Pour encourager la multimodalit\u00e9 dans tous les territoires o\u00f9 cela est possible, le secteur des mobilit\u00e9s doit offrir une alternative pragmatique et attrayante, avec le soutien du num\u00e9rique et de l\u2019intelligence artificielle g\u00e9n\u00e9rative.","rel":"","context":"In &quot;Innovation&quot;","block_context":{"text":"Innovation","link":"https:\/\/www.capgemini.com\/fr-fr\/category\/innovation\/"},"img":{"alt_text":"","src":"https:\/\/i0.wp.com\/www.capgemini.com\/fr-fr\/wp-content\/uploads\/sites\/6\/2024\/09\/Visuel-Impact-de-la-transition-eco-numerique-2024.jpg?resize=350%2C200&ssl=1","width":350,"height":200,"srcset":"https:\/\/i0.wp.com\/www.capgemini.com\/fr-fr\/wp-content\/uploads\/sites\/6\/2024\/09\/Visuel-Impact-de-la-transition-eco-numerique-2024.jpg?resize=350%2C200&ssl=1 1x, https:\/\/i0.wp.com\/www.capgemini.com\/fr-fr\/wp-content\/uploads\/sites\/6\/2024\/09\/Visuel-Impact-de-la-transition-eco-numerique-2024.jpg?resize=525%2C300&ssl=1 1.5x, https:\/\/i0.wp.com\/www.capgemini.com\/fr-fr\/wp-content\/uploads\/sites\/6\/2024\/09\/Visuel-Impact-de-la-transition-eco-numerique-2024.jpg?resize=700%2C400&ssl=1 2x"},"classes":[]},{"id":786237,"url":"https:\/\/www.capgemini.com\/fr-fr\/perspectives\/blog\/tendances-villes-intelligentes-2025\/","url_meta":{"origin":720940,"position":4},"title":"\u00a0Tendances 2025 pour les villes intelligentes","author":"rashmiadarshshetty","date":"June 17, 2025","format":false,"excerpt":"La technologie red\u00e9finit la vie urbaine. L\u2019urbanisation rapide de ce si\u00e8cle a transform\u00e9 les villes en centres bouillonnants de croissance et d\u2019innovation.","rel":"","context":"In &quot;Transformation&quot;","block_context":{"text":"Transformation","link":"https:\/\/www.capgemini.com\/fr-fr\/category\/transformation\/"},"img":{"alt_text":"","src":"https:\/\/i0.wp.com\/www.capgemini.com\/fr-fr\/wp-content\/uploads\/sites\/6\/2025\/06\/PS_Smart-cities-blog_dotcom_2880x1800px_20250411.jpg?resize=350%2C200&ssl=1","width":350,"height":200,"srcset":"https:\/\/i0.wp.com\/www.capgemini.com\/fr-fr\/wp-content\/uploads\/sites\/6\/2025\/06\/PS_Smart-cities-blog_dotcom_2880x1800px_20250411.jpg?resize=350%2C200&ssl=1 1x, https:\/\/i0.wp.com\/www.capgemini.com\/fr-fr\/wp-content\/uploads\/sites\/6\/2025\/06\/PS_Smart-cities-blog_dotcom_2880x1800px_20250411.jpg?resize=525%2C300&ssl=1 1.5x, https:\/\/i0.wp.com\/www.capgemini.com\/fr-fr\/wp-content\/uploads\/sites\/6\/2025\/06\/PS_Smart-cities-blog_dotcom_2880x1800px_20250411.jpg?resize=700%2C400&ssl=1 2x"},"classes":[]},{"id":761324,"url":"https:\/\/www.capgemini.com\/fr-fr\/perspectives\/blog\/processus-metiers-la-genai-au-service-de-la-creation-de-valeur\/","url_meta":{"origin":720940,"position":5},"title":"Processus m\u00e9tiers\u00a0: la Gen AI au service de la cr\u00e9ation de valeur","author":"Tarek Edde Gomez","date":"September 23, 2024","format":false,"excerpt":"Avec la GenAI, tous les processus des entreprises peuvent gagner en performance et en fluidit\u00e9. R\u00e9sultat\u00a0: cette technologie devient un levier incontournable, y compris lorsqu\u2019elle est int\u00e9gr\u00e9e aux ERP.","rel":"","context":"In &quot;Innovation&quot;","block_context":{"text":"Innovation","link":"https:\/\/www.capgemini.com\/fr-fr\/category\/innovation\/"},"img":{"alt_text":"","src":"","width":0,"height":0},"classes":[]}],"jetpack_sharing_enabled":true,"distributor_meta":false,"distributor_terms":false,"distributor_media":false,"distributor_original_site_name":"Capgemini France","distributor_original_site_url":"https:\/\/www.capgemini.com\/fr-fr","push-errors":false,"featured_image_url":"https:\/\/www.capgemini.com\/fr-fr\/wp-content\/uploads\/sites\/6\/2023\/06\/PCC-MainPosteDeCommandeCentralise.jpg","author_title":"Capgemini","author_thumbnail_url":"https:\/\/www.capgemini.com\/fr-fr\/wp-content\/uploads\/sites\/6\/2025\/10\/cg-logo-blue.svg?w=960","author_thumbnail_alt":"","_links":{"self":[{"href":"https:\/\/www.capgemini.com\/fr-fr\/wp-json\/wp\/v2\/posts\/720940","targetHints":{"allow":["GET"]}}],"collection":[{"href":"https:\/\/www.capgemini.com\/fr-fr\/wp-json\/wp\/v2\/posts"}],"about":[{"href":"https:\/\/www.capgemini.com\/fr-fr\/wp-json\/wp\/v2\/types\/post"}],"author":[{"embeddable":true,"href":"https:\/\/www.capgemini.com\/fr-fr\/wp-json\/wp\/v2\/users\/166"}],"replies":[{"embeddable":true,"href":"https:\/\/www.capgemini.com\/fr-fr\/wp-json\/wp\/v2\/comments?post=720940"}],"version-history":[{"count":20,"href":"https:\/\/www.capgemini.com\/fr-fr\/wp-json\/wp\/v2\/posts\/720940\/revisions"}],"predecessor-version":[{"id":776627,"href":"https:\/\/www.capgemini.com\/fr-fr\/wp-json\/wp\/v2\/posts\/720940\/revisions\/776627"}],"wp:featuredmedia":[{"embeddable":true,"href":"https:\/\/www.capgemini.com\/fr-fr\/wp-json\/wp\/v2\/media\/721459"}],"wp:attachment":[{"href":"https:\/\/www.capgemini.com\/fr-fr\/wp-json\/wp\/v2\/media?parent=720940"}],"wp:term":[{"taxonomy":"category","embeddable":true,"href":"https:\/\/www.capgemini.com\/fr-fr\/wp-json\/wp\/v2\/categories?post=720940"},{"taxonomy":"post_tag","embeddable":true,"href":"https:\/\/www.capgemini.com\/fr-fr\/wp-json\/wp\/v2\/tags?post=720940"},{"taxonomy":"brand","embeddable":true,"href":"https:\/\/www.capgemini.com\/fr-fr\/wp-json\/wp\/v2\/brand?post=720940"},{"taxonomy":"service","embeddable":true,"href":"https:\/\/www.capgemini.com\/fr-fr\/wp-json\/wp\/v2\/service?post=720940"},{"taxonomy":"industry","embeddable":true,"href":"https:\/\/www.capgemini.com\/fr-fr\/wp-json\/wp\/v2\/industry?post=720940"},{"taxonomy":"partners","embeddable":true,"href":"https:\/\/www.capgemini.com\/fr-fr\/wp-json\/wp\/v2\/partners?post=720940"},{"taxonomy":"blog-topic","embeddable":true,"href":"https:\/\/www.capgemini.com\/fr-fr\/wp-json\/wp\/v2\/blog-topic?post=720940"},{"taxonomy":"content-group","embeddable":true,"href":"https:\/\/www.capgemini.com\/fr-fr\/wp-json\/wp\/v2\/content-group?post=720940"}],"curies":[{"name":"wp","href":"https:\/\/api.w.org\/{rel}","templated":true}]}}