{"id":715053,"date":"2023-04-05T18:00:00","date_gmt":"2023-04-05T16:00:00","guid":{"rendered":"https:\/\/www.capgemini.com\/fr-fr\/?p=715053"},"modified":"2026-01-07T13:43:03","modified_gmt":"2026-01-07T12:43:03","slug":"biodiversite-lengagement-des-entreprises-doit-etre-total","status":"publish","type":"post","link":"https:\/\/www.capgemini.com\/fr-fr\/perspectives\/blog\/biodiversite-engagement-des-entreprises\/","title":{"rendered":"Biodiversit\u00e9\u202f: l\u2019engagement des entreprises doit \u00eatre total\u00a0\u00a0"},"content":{"rendered":"\n<header class=\"wp-block-cg-blocks-hero-blogs header-hero-blogs\"><div class=\"container\"><div class=\"hero-blogs\"><div class=\"hero-blogs-content-wrapper\"><div class=\"row\"><div class=\"col-12\"><div class=\"header-title\"><h1>Biodiversit\u00e9\u202f: l\u2019engagement des entreprises doit \u00eatre total\u00a0\u00a0<\/h1><\/div><\/div><\/div><\/div><div class=\"hero-blogs-bottom\"><div class=\"header-author\"><div class=\"author-img\"><img decoding=\"async\" src=\"https:\/\/www.capgemini.com\/fr-fr\/wp-content\/uploads\/sites\/6\/2023\/04\/Aurelie-Gillon.jpg?w=800?w=200&amp;quality=10\" alt=\"\" loading=\"lazy\"\/><\/div><div class=\"author-name-date\"><h5 class=\"author-name\">Aur\u00e9lie Gillon<\/h5><h5 class=\"blog-date\">5 avril 2023<\/h5><\/div><\/div><div class=\"brand-image\"><img decoding=\"async\" loading=\"lazy\" src=\"\/wp-content\/themes\/capgemini2025\/assets\/images\/capgemini-invent-white.svg\" alt=\"capgemini-invent\"\/><\/div><\/div><\/div><\/div><\/header>\n\n\n\n<section class=\"wp-block-cg-blocks-intro-para undefined section section--intro\"><div class=\"intro-para\"><div class=\"container\"><div class=\"row\"><div class=\"col-12 col-md-1\"><nav class=\"article-social\"><ul class=\"social-nav\"><li class=\"ip-order-fb\"><a href=\"https:\/\/www.facebook.com\/sharer\/sharer.php?u=https:\/\/www.capgemini.com\/fr-fr\/perspectives\/blog\/biodiversite-engagement-des-entreprises\/\" target=\"_blank\" rel=\"noopener noreferrer\" title=\"Ouvrir dans une nouvelle fen\u00eatre\"><i aria-hidden=\"true\" class=\"icon-fb\"><\/i><span class=\"sr-only\">Facebook<\/span><\/a><\/li><li class=\"ip-order-li\"><a href=\"https:\/\/www.linkedin.com\/sharing\/share-offsite\/?url=https:\/\/www.capgemini.com\/fr-fr\/perspectives\/blog\/biodiversite-engagement-des-entreprises\/\" target=\"_blank\" rel=\"noopener noreferrer\" title=\"Ouvrir dans une nouvelle fen\u00eatre\"><i aria-hidden=\"true\" class=\"icon-li\"><\/i><span class=\"sr-only\">Linkedin<\/span><\/a><\/li><\/ul><\/nav><\/div><div class=\"col-12 col-md-11 col-lg-10\"><h2 class=\"intro-para-title\">Alors que la COP 15 qui s\u2019est tenue \u00e0 Montr\u00e9al en d\u00e9cembre 2022, a abouti \u00e0 un accord historique pour prot\u00e9ger la nature, les entreprises vont devoir mesurer leur impact sur la biodiversit\u00e9, et seront incit\u00e9es \u00e0 plus de transparence. Certaines organisations vont devoir repenser tout ou partie de leur mod\u00e8le d\u2019affaires, avec \u00e0 la cl\u00e9 des opportunit\u00e9s de cr\u00e9ation de valeur.<\/h2><p class=\"intro-para-content\">C\u2019est un constat alarmant que partage la Plateforme intergouvernementale scientifique et politique sur la biodiversit\u00e9 et les services \u00e9cosyst\u00e9miques (IPBES) \u2013 le GIEC de la biodiversit\u00e9\u202f: \u00ab 75 % de la surface terrestre est alt\u00e9r\u00e9e de mani\u00e8re significative, 66 % des oc\u00e9ans subissent des incidences cumulatives de plus en plus importantes et plus de 85 % de la surface des zones humides ont disparu \u00bb depuis 1970.\u00a0\u00a0<\/p><\/div><\/div><\/div><\/div><\/section>\n\n\n\n<section class=\"wp-block-cg-blocks-intro-para-video is-style-cg-purple section section--info-2cols section--insights section-video \"><div class=\"bg-color video-align-right\"><div class=\"container\"><div class=\"row video-align-left\"><div class=\"col-md-12\"><div class=\"video-align-left row box box--4 box--mini\"><div class=\"col-md-3\"><h3 class=\"Video-title\" data-maxlength=\"34\"><\/h3><div class=\"video-info\"><p data-maxlength=\"68\">Placer la biodiversit\u00e9 au coeur de sa politique environnementale<\/p><\/div><\/div><div class=\"col-md-8 box-img-wrapper\"><div class=\"video-box\"><div class=\"video-wrapper\"><iframe title=\"video-section\" src=\"https:\/\/www.youtube.com\/embed\/PQXUotXa-lI?rel=0&amp;modestbranding=1&amp;playsinline=1&amp;enablejsapi=1\" frameborder=\"0\" allow=\"accelerometer; autoplay; clipboard-write; encrypted-media; gyroscope; picture-in-picture\" allowfullscreen loading=\"lazy\" referrerpolicy=\"strict-origin-when-cross-origin\"><\/iframe><\/div><\/div><\/div><div class=\"col-md-1\"><\/div><\/div><\/div><\/div><\/div><\/div><\/section>\n\n\n\n<section class=\"wp-block-cg-blocks-group undefined section section--article-content\"><div class=\"article-main-content\"><div class=\"container\"><div class=\"row\"><div class=\"col-12 col-md-11 col-lg-10 offset-md-1 offset-lg-1\"><div class=\"article-text article-quote-text\">\n<h2 class=\"wp-block-heading\" id=\"h-la-biodiversite-chantier-meconnu-de-la-transition-ecologique-nbsp\"><strong>La biodiversit\u00e9, chantier m\u00e9connu de la transition \u00e9cologique\u202f?<\/strong>&nbsp;<\/h2>\n\n\n\n<p>Si l\u2019imp\u00e9ratif de la r\u00e9duction des \u00e9missions de gaz \u00e0 effet de serre est \u00e0 l\u2019agenda de toutes les organisations avec des feuilles de route \u00e9tablies et des m\u00e9thodologies en place, ce n\u2019est pas encore le cas pour enrayer le d\u00e9clin de la biodiversit\u00e9, qui touche \u00e0 la fois les esp\u00e8ces, leur diversit\u00e9 g\u00e9n\u00e9tique et les \u00e9cosyst\u00e8mes.&nbsp;&nbsp;<\/p>\n\n\n\n<p>Cinq grands facteurs expliquent cette \u00e9rosion\u202f: l\u2019utilisation des sols et des milieux aquatiques\u202f; la surexploitation\u202f; le changement climatique\u202f; la pollution\u202f; l\u2019introduction d\u2019esp\u00e8ces envahissantes exotiques. Or, toutes les entreprises, quel que soit leur secteur d\u2019activit\u00e9, ont un impact sur la biodiversit\u00e9 et se doivent d\u00e9sormais d\u2019agir pour la prot\u00e9ger.&nbsp;<\/p>\n\n\n\n<figure class=\"wp-block-image alignleft size-large is-resized\"><img loading=\"lazy\" decoding=\"async\" width=\"724\" height=\"483\" src=\"https:\/\/www.capgemini.com\/fr-fr\/wp-content\/uploads\/sites\/6\/2023\/04\/GettyImages-585226031.jpg?w=724\" alt=\"\" class=\"wp-image-715076\" title=\"Biodiversit\u00e9\" srcset=\"https:\/\/www.capgemini.com\/fr-fr\/wp-content\/uploads\/sites\/6\/2023\/04\/GettyImages-585226031.jpg 724w, https:\/\/www.capgemini.com\/fr-fr\/wp-content\/uploads\/sites\/6\/2023\/04\/GettyImages-585226031.jpg?resize=300,200 300w\" sizes=\"auto, (max-width: 724px) 100vw, 724px\" \/><\/figure>\n\n\n\n<p>Non seulement la biodiversit\u00e9 est indispensable \u00e0 la poursuite de toute activit\u00e9 humaine, mais <a href=\"https:\/\/www.weforum.org\/press\/2020\/01\/half-of-world-s-gdp-moderately-or-highly-dependent-on-nature-says-new-report\" target=\"_blank\" rel=\"noreferrer noopener\">plus de la moiti\u00e9 du PIB mondial en d\u00e9pend directement<\/a>. De plus, face \u00e0 la crise climatique, la biodiversit\u00e9 offre des solutions bas\u00e9es sur la nature, par exemple la restauration d\u2019espaces naturels qui capturent du carbone, en particulier les zones humides comme les mangroves.&nbsp;<\/p>\n\n\n\n<p>Heureusement, la transition s\u2019acc\u00e9l\u00e8re. Dans le cadre de la COP15 Biodiversit\u00e9, 195 Etats et l\u2019Union Europ\u00e9enne se sont engag\u00e9s \u00e0 prendre des \u00ab\u202fmesures urgentes\u202f\u00bb pour prot\u00e9ger 30\u202f% de la plan\u00e8te, restaurer 30\u202f% des \u00e9cosyst\u00e8mes et doubler les ressources financi\u00e8res destin\u00e9es \u00e0 la protection de la nature d\u2019ici \u00e0 2030. Pour la premi\u00e8re fois, les entreprises \u00e9taient pr\u00e9sentes en nombre, en particulier les leaders de chaque secteur. <\/p>\n\n\n\n<blockquote class=\"wp-block-quote is-layout-flow wp-block-quote-is-layout-flow\">\n<p>Les organisations ont bien saisi l\u2019importance de la biodiversit\u00e9 pour leur business, et l\u2019avantage concurrentiel que cela pouvait leur offrir.&nbsp;<\/p>\n<\/blockquote>\n\n\n\n<p>En effet, les entreprises ont un r\u00f4le essentiel \u00e0 jouer pour concr\u00e9tiser cette ambition. Au-del\u00e0 du fait que les \u00c9tats entendent les encourager \u00e0 \u00e9valuer et \u00e0 faire conna\u00eetre r\u00e9guli\u00e8rement leurs risques, d\u00e9pendances et impacts directs et indirects sur la biodiversit\u00e9, la pression croissante des investisseurs, des collaborateurs et des consommateurs est un s\u00e9rieux argument qui p\u00e8se d\u00e9sormais dans la balance en faveur de la biodiversit\u00e9.&nbsp;<\/p>\n\n\n\n<p>Pour atteindre ces objectifs ambitieux, les entreprises doivent se mettre en ordre de marche pour mesurer l\u2019ensemble des pressions qu\u2019elles exercent sur l\u2019\u00e9cosyst\u00e8me du vivant : artificialisation des sols, destruction des for\u00eats et des zones humides, pollution de l\u2019air, des terres, des rivi\u00e8res et des oc\u00e9ans, pr\u00e9l\u00e8vement d\u2019esp\u00e8ces sauvages ou encore pollution sonore et lumineuse&#8230; La mise en place d\u2019une m\u00e9thodologie claire et universelle appara\u00eet alors comme une condition <em>sine qua non <\/em>\u00e0 l\u2019analyse de leur impact.&nbsp;<\/p>\n\n\n\n<h2 class=\"wp-block-heading\"><strong>Mesurer l\u2019impact, une \u00e9tape incontournable<\/strong>&nbsp;<\/h2>\n\n\n\n<p>Aujourd&#8217;hui, le sujet est encore \u00e0 d\u00e9fricher, il manque une norme universelle : les entreprises ont encore \u00e9t\u00e9 tr\u00e8s peu confront\u00e9es \u00e0 ce type de reporting. Elles disposent certes de quelques outils \u00e9pars, par exemple pour mesurer le nombre de kilom\u00e8tres carr\u00e9s prot\u00e9g\u00e9s ou encore l\u2019utilisation de pesticides, mais \u00e0 ce jour, aucune m\u00e9thode claire ne leur permet d\u2019avoir une vision exhaustive de leur impact, et donc de prioriser leurs actions.&nbsp;&nbsp;<\/p>\n\n\n\n<p>Pour pallier ce retard, plusieurs dispositifs r\u00e9glementaires viennent encadrer l\u2019action des entreprises. La <em>Corporate Sustainability Reporting Directive<\/em> (CSRD, directive europ\u00e9enne), vot\u00e9e en d\u00e9cembre 2022, sera mise en application en janvier 2024, et obligera les entreprises \u00e0 pr\u00e9senter les principaux risques li\u00e9s \u00e0 leur politique sociale et environnementale, avec un volet biodiversit\u00e9, et \u00e0 mettre en place des indicateurs-cl\u00e9s de performance extra-financi\u00e8re.&nbsp;<\/p>\n\n\n\n<figure class=\"wp-block-image alignright size-large is-resized\"><img loading=\"lazy\" decoding=\"async\" width=\"724\" height=\"483\" src=\"https:\/\/www.capgemini.com\/fr-fr\/wp-content\/uploads\/sites\/6\/2023\/04\/Biodiversite-une-question-de-survie-pour-les-entreprises.jpg?w=724\" alt=\"\" class=\"wp-image-715083\" srcset=\"https:\/\/www.capgemini.com\/fr-fr\/wp-content\/uploads\/sites\/6\/2023\/04\/Biodiversite-une-question-de-survie-pour-les-entreprises.jpg 724w, https:\/\/www.capgemini.com\/fr-fr\/wp-content\/uploads\/sites\/6\/2023\/04\/Biodiversite-une-question-de-survie-pour-les-entreprises.jpg?resize=300,200 300w\" sizes=\"auto, (max-width: 724px) 100vw, 724px\" \/><\/figure>\n\n\n\n<p>\u00c0 cette directive s\u2019ajoutent deux nouveaux cadres r\u00e9glementaires. D\u2019une part, la coalition internationale des S<em>cience Based Target <\/em>(SBT), compos\u00e9e de 50 organisations, va publier ses objectifs fond\u00e9s sur la science pour prot\u00e9ger la nature, les S<em>cience Based Target for Nature<\/em> (SBTN). L\u2019objectif\u202f\u00e9tant de r\u00e9\u00e9quilibrer notre syst\u00e8me plan\u00e9taire et inverser la courbe de la perte de biodiversit\u00e9 gr\u00e2ce \u00e0 des \u00ab\u202fobjectifs mesurables, applicables et d\u00e9limit\u00e9s dans le temps, bas\u00e9s sur les meilleures donn\u00e9es scientifiques disponibles\u202f\u00bb.&nbsp;&nbsp;<\/p>\n\n\n\n<p>D\u2019autre part, la <em>Taskforce on Nature-related Financial Disclosures<\/em> (TNFD), groupe de travail informel sur le reporting financier li\u00e9 \u00e0 la nature, auquel participe la coalition SBTN, va fournir un cadre standardis\u00e9 aux entreprises et institutions financi\u00e8res. Son objectif est de rediriger les flux financiers mondiaux au profit des activit\u00e9s vertueuses. La publication des recommandations de la TNFD est attendue au second semestre 2023. Comme les SBTN, leur mise en application est pr\u00e9vue en Europe d\u2019ici \u00e0 2026. Ce cadre est pressenti comme celui qui fera foi au niveau mondial, et la \u00ab\u202fversion b\u00eata\u202f\u00bb permet aux entreprises membres du Forum TNFD, comme Capgemini, de commencer \u00e0 le tester.&nbsp;<\/p>\n\n\n\n<h2 class=\"wp-block-heading\"><strong>Mettre en place une strat\u00e9gie biodiversit\u00e9<\/strong>&nbsp;<\/h2>\n\n\n\n<p>Plus largement, la mise en place de ce cadre r\u00e9glementaire doit conduire et inciter les entreprises \u00e0 revisiter leur cha\u00eene de valeur, voire \u00e0 repenser leur mod\u00e8le d\u2019affaires pour certaines, \u00e0 l\u2019instar des d\u00e9marches d\u00e9j\u00e0 lanc\u00e9es en mati\u00e8re de r\u00e9duction d\u2019\u00e9missions de carbone. La question est centrale pour faire de cette transition un moteur de cr\u00e9ation de valeur. Cinq grandes \u00e9tapes permettent d\u2019orienter une strat\u00e9gie\u202f:&nbsp;&nbsp;<\/p>\n\n\n\n<ol class=\"wp-block-list\">\n<li>Sensibiliser toute l\u2019entreprise \u00e0 ces enjeux, y compris le top management&nbsp;<\/li>\n\n\n\n<li>\u00c9valuer l\u2019impact de l\u2019activit\u00e9 de son organisation, mais aussi celui de l\u2019ensemble de la cha\u00eene de valeur (en regardant chacune des pressions : usage des sols et des milieux aquatiques, surexploitation\u202fde la nature\u2026)&nbsp;<\/li>\n\n\n\n<li>Interpr\u00e9ter et prioriser les actions \u00e0 mettre en place \u00e0 partir du constat&nbsp;<\/li>\n\n\n\n<li>Mesurer l\u2019impact&nbsp;&nbsp;<\/li>\n\n\n\n<li>Agir en mettant en place un cadre d\u2019action, souvent li\u00e9 au cadre de reporting ESG, et int\u00e9grer la biodiversit\u00e9 \u00e0 sa politique li\u00e9e \u00e0 l\u2019environnement&nbsp;<\/li>\n<\/ol>\n\n\n\n<p>\u00c0 terme, l\u2019\u00e9tablissement d\u2019une feuille de route claire permet non seulement de limiter l\u2019impact des activit\u00e9s de l\u2019entreprise sur la biodiversit\u00e9 mais aussi de faire perdurer son activit\u00e9. <\/p>\n\n\n\n<blockquote class=\"wp-block-quote is-layout-flow wp-block-quote-is-layout-flow\">\n<p>Sans ressources ni biodiversit\u00e9 en bonne sant\u00e9, aucune entreprise ne pourrait poursuivre son activit\u00e9 \u00e9conomique dans des conditions satisfaisantes.&nbsp;&nbsp;<\/p>\n<\/blockquote>\n\n\n\n<h2 class=\"wp-block-heading\"><strong>Tech et biodiversit\u00e9\u202f: les outils pour acc\u00e9l\u00e9rer&nbsp;<\/strong>&nbsp;<\/h2>\n\n\n\n<p>La technologie, d\u00e8s lors qu\u2019elle est utilis\u00e9e de mani\u00e8re raisonn\u00e9e, est appel\u00e9e \u00e0 jouer un r\u00f4le important dans la protection de la biodiversit\u00e9, voire \u00e0 participer \u00e0 la r\u00e9g\u00e9n\u00e9ration de la nature.&nbsp;&nbsp;<\/p>\n\n\n\n<p>D\u2019abord, elle offre des outils de mesure et de reporting sur l\u2019impact\u202ftels que le suivi de la couverture foresti\u00e8re en temps r\u00e9el par images satellites pour \u00e9valuer la d\u00e9forestation\u202f; proth\u00e8se micro\u00e9lectronique pour transformer les m\u00e9duses en capteurs vivants de donn\u00e9es en temps r\u00e9el sur les oc\u00e9ans\u202f; d\u00e9finition d\u2019un \u00ab\u202fInternet des objets sauvages\u202f\u00bb (\u00ab\u202fInternet of wild things\u202f\u00bb) qui utilise les technologies de l\u2019IoT pour surveiller les changements d\u2019habitat et mettre fin au braconnage notamment. ; usage de la data et de l\u2019IA. Les exemples ne manquent pas, illustrant l\u2019enthousiasme des acteurs de la tech \u00e0 s\u2019engager dans le combat.&nbsp;<\/p>\n\n\n\n<p>La technologie fournit \u00e9galement des solutions pour r\u00e9duire l\u2019emprise de l\u2019activit\u00e9 au sol, en proposant notamment une agriculture plus efficiente. En mati\u00e8re d\u2019\u00e9nergies renouvelables, il devient possible de contrer des effets n\u00e9gatifs des \u00e9oliennes gr\u00e2ce \u00e0 des capteurs, qui, en d\u00e9tectant les mouvements d\u2019oiseaux ou de chauve-souris qui approchent, permettent d\u2019arr\u00eater automatiquement le mouvement des h\u00e9lices. Autre exemple, Naturemetrics a mis au point l\u2019eDNA, une technologie qui analyse les traces d\u2019ADN dans l\u2019eau et le sol, pour retrouver quelles esp\u00e8ces sont pr\u00e9sentes dans un \u00e9cosyst\u00e8me donn\u00e9. La soci\u00e9t\u00e9 Biocarbon Engineering, quant \u00e0 elle, propose de planter des arbres par des drones. Avec le biomim\u00e9tisme, la technologie peut s\u2019inspirer du vivant pour se mettre \u00e0 son service.&nbsp;<\/p>\n\n\n\n<p>S\u2019engager en faveur de la pr\u00e9servation de la biodiversit\u00e9 constitue donc une formidable opportunit\u00e9 d\u2019innovation et de cr\u00e9ation de valeur pour les entreprises tout en agissant concr\u00e8tement pour reg\u00e9n\u00e9rer notre environnement et contribuer aux politiques sur le climat.&nbsp;&nbsp;<\/p>\n\n\n\n<section class=\"wp-block-cg-blocks-intro-para-video is-style-cg-sapphire1 section section--info-2cols section--insights section-video \"><div class=\"bg-color video-align-right\"><div class=\"container\"><div class=\"row video-align-left\"><div class=\"col-md-12\"><div class=\"video-align-left row box box--4 box--mini\"><div class=\"col-md-3\"><h3 class=\"Video-title\" data-maxlength=\"34\">Les entreprises agissent<\/h3><div class=\"video-info\"><p data-maxlength=\"68\">T\u00e9moignages de Nestl\u00e9 et Mo\u00ebt Hennessy<\/p><\/div><\/div><div class=\"col-md-8 box-img-wrapper\"><div class=\"video-box\"><div class=\"video-wrapper\"><iframe title=\"video-section\" src=\"https:\/\/www.youtube.com\/embed\/AYh3RhsdtAM?list=PLUOZyFVopk_3YkzsEHTM-TBENxBkG31RM&amp;rel=0&amp;modestbranding=1&amp;playsinline=1&amp;enablejsapi=1\" frameborder=\"0\" allow=\"accelerometer; autoplay; clipboard-write; encrypted-media; gyroscope; picture-in-picture\" allowfullscreen loading=\"lazy\" referrerpolicy=\"strict-origin-when-cross-origin\"><\/iframe><\/div><\/div><\/div><div class=\"col-md-1\"><\/div><\/div><\/div><\/div><\/div><\/div><\/section>\n\n\n\n<h2 class=\"wp-block-heading\">&nbsp;<\/h2>\n<\/div><\/div><\/div><\/div><\/div><\/section>\n\n\n\n<section class=\"section section--expert-slider wrapper-people-slider wp-block-cg-blocks-wrapper-people-slider undefined\"><div class=\"container\"><div class=\"content-title\"><h2 data-maxlength=\"34\" class=\"people-heading-title\">Auteure<\/h2><\/div><\/div><div class=\"slider slider-boxed\"><div class=\"container\"><div class=\"slider-window\"><div class=\"slider-list\">\t\t<div class=\"slide\">\n\t\t\t<div class=\"box\">\n\t\t\t\t<div class=\"row\">\n\t\t\t\t\t<div class=\"col-md-6 col-lg-4 box-img-wrapper\">\n\t\t\t\t\t\t<img decoding=\"async\" loading=\"lazy\" src=\"https:\/\/www.capgemini.com\/fr-fr\/wp-content\/uploads\/sites\/6\/2023\/04\/Aurelie-Gillon.jpg\" alt=\"Aur\u00e9lie Gillon\"\/>\n\t\t\t\t\t<\/div>\n\t\t\t\t\t<div class=\"col-md-6 col-lg-8 box-inner\">\n\t\t\t\t\t\t<div class=\"row title-social-media-header\">\n\t\t\t\t\t\t\t<div class=\"col-md-12 col-lg-6 mbl-social-icon\">\n\t\t\t\t\t\t\t\t<ul class=\"social-nav\">\n\t\t\t\t\t\t\t\t\t\t\t\t\t\t\t\t\t\t\t\t\t\t\t\t\t\t\t\t\t\t\t\t\t\t\t\t\t\t\t\t\t\t\t\t\t\t\t\t\t\t\t\t\t\t\t<li><a aria-label=\"Linkedin\" target=\"_blank\" title=\"Ouvrir dans une nouvelle fen\u00eatre\" href=\"https:\/\/bit.ly\/41jxjBv\"><i aria-hidden=\"true\" class=\"icon-li\"><\/i><\/a><\/li>\n\t\t\t\t\t\t\t\t\t\t\t\t\t\t\t\t\t<\/ul>\n\t\t\t\t\t\t\t<\/div>\n\t\t\t\t\t\t\t<div class=\"col-md-12 col-lg-6 box-container\">\n\t\t\t\t\t\t\t\t<div class=\"box-title\">\n\t\t\t\t\t\t\t\t\t<h3 class=\"people-profile-title\">Aur\u00e9lie Gillon<\/h3>\n\t\t\t\t\t\t\t\t<\/div>\n\t\t\t\t\t\t\t\t\t\t\t\t\t\t\t\t\t<span>Directrice biodiversit\u00e9<\/span>\n\t\t\t\t\t\t\t\t\t\t\t\t\t\t\t<\/div>\n\t\t\t\t\t\t\t<div class=\"col-md-12 col-lg-6 social-box-container dkt-social-icon\">\n\t\t\t\t\t\t\t\t<ul class=\"social-nav\">\n\t\t\t\t\t\t\t\t\t\t\t\t\t\t\t\t\t\t\t\t\t\t\t\t\t\t\t\t\t\t\t\t\t\t\t\t\t\t\t\t\t\t\t\t\t\t\t\t\t\t\t\t\t\t\t<li><a aria-label=\"Linkedin\" target=\"_blank\" title=\"Ouvrir dans une nouvelle fen\u00eatre\" href=\"https:\/\/bit.ly\/41jxjBv\"><i aria-hidden=\"true\" class=\"icon-li\"><\/i><\/a><\/li>\n\t\t\t\t\t\t\t\t\t\t\t\t\t\t\t\t\t<\/ul>\n\t\t\t\t\t\t\t<\/div>\n\t\t\t\t\t\t<\/div>\n\t\t\t\t\t\t\t\t\t\t\t\t\t<div class=\"people-info\">Aur\u00e9lie est Directrice au sein de l&#8217;entit\u00e9 &#8220;Sustainable Futures&#8221; du cabinet de conseil Capgemini Invent. Elle poss\u00e8de une double formation initiale men\u00e9e parall\u00e8lement \u00e0 l\u2019ENS Ulm et HEC, et est par ailleurs coach certifi\u00e9e.\u00a0D\u00e8s ses d\u00e9buts professionnels, en 2010, elle a inscrit le d\u00e9veloppement durable comme fil conducteur de sa carri\u00e8re, tout d\u2019abord \u00e0 la t\u00eate d\u2019une start-up de green cosm\u00e9tiques puis sur l\u2019ensemble de ses interventions en tant que consultante aupr\u00e8s d\u2019une grande vari\u00e9t\u00e9 d\u2019industries (Luxe, Cosm\u00e9tique, Pharmacie, Energie, Finance, \u2026).<\/div>\n\t\t\t\t\t\t\t\t\t\t\t<\/div>\n\t\t\t\t<\/div>\n\t\t\t<\/div>\n\t\t\t\t\t<\/div>\n\t\t<\/div><\/div><\/div><div class=\"slider-nav\"><button class=\"slider-prev inactive\" aria-label=\"Curseur pr\u00e9c\u00e9dent\" tabindex=\"-1\"><\/button><ul class=\"slider-paginator\"><\/ul><button class=\"slider-next\" aria-label=\"Curseur suivant\"><\/button><\/div><\/div><\/section>\n\n\n<section class=\"latest-insights layout-even layout-even-all-purple-cards \"><div class=\"container\"><div class=\"insight-title\"><h2 class=\"latest-insight-title\">Sujets associ\u00e9s<\/h2><\/div><div class=\"layout-two-card cards-normal\">\n                                <div class=\"row align-items-center\"><div class=\"card-image-wrapper\">\n                                <div class=\"card-image\" data-image-url=\"https:\/\/www.capgemini.com\/fr-fr\/perspectives\/publications\/podcast-objectif-tech\/objectif-durable\/\">\n\t\t\t\t\t\t\t\t\t\t\t\t\t\t\t\t\t<picture>\n\t\t\t\t\t\t\t\t\t\t\t\t\t\t\t\t\t\t\t<source srcset=\"https:\/\/www.capgemini.com\/fr-fr\/wp-content\/uploads\/sites\/6\/2025\/04\/ObjectifTech-Durable-WebsiteBanner.jpg?w=800&#038;quality=70 1x, https:\/\/www.capgemini.com\/fr-fr\/wp-content\/uploads\/sites\/6\/2025\/04\/ObjectifTech-Durable-WebsiteBanner.jpg?w=800&#038;quality=70 2x\"\n\t\t\t\t\t\t\t\t\t\t\t\t\t\t\t\t\t\t\t\t\tmedia=\"(min-width: 1500px)\"\/>\n\t\t\t\t\t\t\t\t\t\t\t\t\t\t\t\t\t\t\t\t\t<source srcset=\"https:\/\/www.capgemini.com\/fr-fr\/wp-content\/uploads\/sites\/6\/2025\/04\/ObjectifTech-Durable-WebsiteBanner.jpg?w=800&#038;quality=70 1x, https:\/\/www.capgemini.com\/fr-fr\/wp-content\/uploads\/sites\/6\/2025\/04\/ObjectifTech-Durable-WebsiteBanner.jpg?w=800&#038;quality=70 2x\"\n\t\t\t\t\t\t\t\t\t\t\t\t\t\t\t\t\t\t\t\t\t\t\t\t\tmedia=\"(min-width: 992px)\"\/>\n\t\t\t\t\t\t\t\t\t\t\t\t\t\t\t\t\t\t\t\t\t<source srcset=\"https:\/\/www.capgemini.com\/fr-fr\/wp-content\/uploads\/sites\/6\/2025\/04\/ObjectifTech-Durable-WebsiteBanner.jpg?w=800&#038;quality=70 1x, https:\/\/www.capgemini.com\/fr-fr\/wp-content\/uploads\/sites\/6\/2025\/04\/ObjectifTech-Durable-WebsiteBanner.jpg?w=800&#038;quality=70 2x\"\n\t\t\t\t\t\t\t\t\t\t\t\t\t\t\t\t\t\t\t\t\t\t\t\t\tmedia=\"(min-width: 768px)\"\/>\n\t\t\t\t\t\t\t\t\t\t\t\t\t\t\t\t\t\t\t\t\t<source srcset=\"https:\/\/www.capgemini.com\/fr-fr\/wp-content\/uploads\/sites\/6\/2025\/04\/ObjectifTech-Durable-WebsiteBanner.jpg?w=350&#038;quality=70 1x, https:\/\/www.capgemini.com\/fr-fr\/wp-content\/uploads\/sites\/6\/2025\/04\/ObjectifTech-Durable-WebsiteBanner.jpg?w=700&#038;quality=70 2x\"\n\t\t\t\t\t\t\t\t\t\t\t\t\t\t\t\t\t\t\t\t\t\t\t\t\tmedia=\"(min-width: 0)\"\/>\n\t\t\t\t\t\t\t\t\t\t\t\t\t\t\t\t\t\t\t\t\t<img decoding=\"async\" loading=\"lazy\" src=\"https:\/\/www.capgemini.com\/fr-fr\/wp-content\/uploads\/sites\/6\/2025\/04\/ObjectifTech-Durable-WebsiteBanner.jpg\" alt=\"\" style=\"object-position: 50% 50%; object-fit: cover;\">\n\t\t\t\t\t\t\t\t\t\t\t\t\t\t\t\t\t\t<\/picture>\n                                <\/div>\n                            <\/div><div class=\"col-12 col-lg-4 d-md-none d-lg-block\"><\/div><div class=\"col-12 col-md-6 col-lg-4\">\n                           <a href=\"https:\/\/www.capgemini.com\/fr-fr\/perspectives\/publications\/podcast-objectif-tech\/objectif-durable\/\" aria-label=\"Durable\" class=\"card-link-holder\">\n                            <div class=\"insight-card insight-card-center\">\n                                <div class=\"card-tag\">Podcasts<\/div>\n                                <h3 class=\"card-title\">Durable<\/h3>\n                                <div class=\"insight-card-footer\">\n                                    <img decoding=\"async\" loading=\"lazy\" src=\"\" alt=\"\" class=\"light\">\n\t\t\t\t\t\t\t\t\t<img decoding=\"async\" loading=\"lazy\" src=\"\" alt=\"\" class=\"dark\">\n                                <\/div>\n                            <\/div>\n                            <\/a>\n                        <\/div>\n                    <div class=\"col-12 col-md-6 col-lg-4\">\n                            <a href=\"https:\/\/www.capgemini.com\/fr-fr\/perspectives\/publications\/gaspillage-alimentaire-valeur-entreprise\/\" aria-label=\"Faire du gaspillage alimentaire un levier de valeur pour l&#039;entreprise\" class=\"card-link-holder\">\n                            <div class=\"insight-card insight-card-start\">\n                                <div class=\"card-tag\">Livre blanc<\/div>\n                                <h3 class=\"card-title\">Faire du gaspillage alimentaire un levier de valeur pour l&#039;entreprise<\/h3>\n                                <div class=\"insight-card-footer\">\n                                    <img decoding=\"async\" loading=\"lazy\" src=\"\" alt=\"\" class=\"light\">\n                                    <img decoding=\"async\" loading=\"lazy\" src=\"\" alt=\"\" class=\"dark\">\n                                <\/div>\n                            <\/div>\n                            <\/a>\n                        <\/div>\n                    <\/div>\n                    <\/div><div class=\"layout-two-card cards-reversed\">\n                                <div class=\"row align-items-center\"><div class=\"card-image-wrapper\">\n                                <div class=\"card-image\" data-image-url=\"https:\/\/www.capgemini.com\/fr-fr\/perspectives\/publications\/developpement-durable-integrer-les-enjeux-de-l-ocean-strategie-d-entreprise\/\">\n\t\t\t\t\t\t\t\t\t\t\t\t\t\t\t\t\t<picture>\n\t\t\t\t\t\t\t\t\t\t\t\t\t\t\t\t\t\t\t<source srcset=\"https:\/\/www.capgemini.com\/fr-fr\/wp-content\/uploads\/sites\/6\/2025\/10\/Capgemini-RespectOcean-BanniereWeb.jpg?w=800&#038;quality=70 1x, https:\/\/www.capgemini.com\/fr-fr\/wp-content\/uploads\/sites\/6\/2025\/10\/Capgemini-RespectOcean-BanniereWeb.jpg?w=800&#038;quality=70 2x\"\n\t\t\t\t\t\t\t\t\t\t\t\t\t\t\t\t\t\t\t\t\tmedia=\"(min-width: 1500px)\"\/>\n\t\t\t\t\t\t\t\t\t\t\t\t\t\t\t\t\t\t\t\t\t<source srcset=\"https:\/\/www.capgemini.com\/fr-fr\/wp-content\/uploads\/sites\/6\/2025\/10\/Capgemini-RespectOcean-BanniereWeb.jpg?w=800&#038;quality=70 1x, https:\/\/www.capgemini.com\/fr-fr\/wp-content\/uploads\/sites\/6\/2025\/10\/Capgemini-RespectOcean-BanniereWeb.jpg?w=800&#038;quality=70 2x\"\n\t\t\t\t\t\t\t\t\t\t\t\t\t\t\t\t\t\t\t\t\t\t\t\t\tmedia=\"(min-width: 992px)\"\/>\n\t\t\t\t\t\t\t\t\t\t\t\t\t\t\t\t\t\t\t\t\t<source srcset=\"https:\/\/www.capgemini.com\/fr-fr\/wp-content\/uploads\/sites\/6\/2025\/10\/Capgemini-RespectOcean-BanniereWeb.jpg?w=800&#038;quality=70 1x, https:\/\/www.capgemini.com\/fr-fr\/wp-content\/uploads\/sites\/6\/2025\/10\/Capgemini-RespectOcean-BanniereWeb.jpg?w=800&#038;quality=70 2x\"\n\t\t\t\t\t\t\t\t\t\t\t\t\t\t\t\t\t\t\t\t\t\t\t\t\tmedia=\"(min-width: 768px)\"\/>\n\t\t\t\t\t\t\t\t\t\t\t\t\t\t\t\t\t\t\t\t\t<source srcset=\"https:\/\/www.capgemini.com\/fr-fr\/wp-content\/uploads\/sites\/6\/2025\/10\/Capgemini-RespectOcean-BanniereWeb.jpg?w=350&#038;quality=70 1x, https:\/\/www.capgemini.com\/fr-fr\/wp-content\/uploads\/sites\/6\/2025\/10\/Capgemini-RespectOcean-BanniereWeb.jpg?w=700&#038;quality=70 2x\"\n\t\t\t\t\t\t\t\t\t\t\t\t\t\t\t\t\t\t\t\t\t\t\t\t\tmedia=\"(min-width: 0)\"\/>\n\t\t\t\t\t\t\t\t\t\t\t\t\t\t\t\t\t\t\t\t\t<img decoding=\"async\" loading=\"lazy\" src=\"https:\/\/www.capgemini.com\/fr-fr\/wp-content\/uploads\/sites\/6\/2025\/10\/Capgemini-RespectOcean-BanniereWeb.jpg\" alt=\"\" style=\"object-position: 50% 50%; object-fit: cover;\">\n\t\t\t\t\t\t\t\t\t\t\t\t\t\t\t\t\t\t<\/picture>\n                                <\/div>\n                            <\/div><div class=\"col-12 col-md-6 col-lg-4 flex-sm-order-reverse\">\n                            <a href=\"https:\/\/www.capgemini.com\/fr-fr\/perspectives\/publications\/tendances-developpement-durable-2025\/\" aria-label=\"Un monde en \u00e9quilibre 2025\" class=\"card-link-holder\">\n                            <div class=\"insight-card insight-card-start\">\n                                <div class=\"card-tag\">Capgemini Research Institute<\/div>\n                                <h3 class=\"card-title\">Un monde en \u00e9quilibre 2025<\/h3>\n                                <div class=\"insight-card-footer\">\n                                    <img decoding=\"async\" loading=\"lazy\" src=\"https:\/\/www.capgemini.com\/fr-fr\/wp-content\/themes\/capgemini2025\/assets\/images\/capgemini-research-institute-white.svg\" alt=\"capgemini-research-institute\" class=\"light\">\n\t\t\t\t\t\t\t\t\t<img decoding=\"async\" loading=\"lazy\" src=\"https:\/\/www.capgemini.com\/fr-fr\/wp-content\/themes\/capgemini2025\/assets\/images\/capgemini-research-institute-white.svg\" alt=\"capgemini-research-institute\" class=\"dark\">\n                                <\/div>\n                            <\/div>\n                            <\/a>\n                        <\/div>\n                    <div class=\"col-12 col-md-6 col-lg-4\">\n                           <a href=\"https:\/\/www.capgemini.com\/fr-fr\/perspectives\/publications\/developpement-durable-integrer-les-enjeux-de-l-ocean-strategie-d-entreprise\/\" aria-label=\"Int\u00e9grer les enjeux de l&#039;Oc\u00e9an dans la strat\u00e9gie d&#039;entreprise\" class=\"card-link-holder\">\n                            <div class=\"insight-card insight-card-center\">\n                                <div class=\"card-tag\">Rapport<\/div>\n                                <h3 class=\"card-title\">Int\u00e9grer les enjeux de l&#039;Oc\u00e9an dans la strat\u00e9gie d&#039;entreprise<\/h3>\n                                <div class=\"insight-card-footer\">\n                                    <img decoding=\"async\" loading=\"lazy\" src=\"https:\/\/www.capgemini.com\/fr-fr\/wp-content\/themes\/capgemini2025\/assets\/images\/capgemini-invent.svg\" alt=\"capgemini-invent\" class=\"light\">\n\t\t\t\t\t\t\t\t\t<img decoding=\"async\" loading=\"lazy\" src=\"https:\/\/www.capgemini.com\/fr-fr\/wp-content\/themes\/capgemini2025\/assets\/images\/capgemini-invent-white.svg\" alt=\"capgemini-invent\" class=\"dark\">\n                                <\/div>\n                            <\/div>\n                            <\/a>\n                        <\/div>\n                    <div class=\"col-12 col-lg-4 d-md-none d-lg-block\"><\/div><\/div>\n                    <\/div><\/div><\/section>","protected":false},"excerpt":{"rendered":"<p>Alors que la COP 15 qui s\u2019est tenue \u00e0 Montr\u00e9al en d\u00e9cembre 2022, a abouti \u00e0 un accord historique pour prot\u00e9ger la nature, les entreprises vont devoir mesurer leur impact sur la biodiversit\u00e9, et seront incit\u00e9es \u00e0 plus de transparence. Certaines organisations vont devoir repenser tout ou partie de leur mod\u00e8le d\u2019affaires, avec \u00e0 la cl\u00e9 des opportunit\u00e9s de cr\u00e9ation de valeur.<\/p>\n","protected":false},"author":98,"featured_media":715083,"comment_status":"open","ping_status":"closed","sticky":false,"template":"","format":"standard","meta":{"cg_dt_proposed_to":[21,41],"cg_seo_hreflang_relations":"[]","cg_seo_canonical_relation":"","cg_seo_hreflang_x_default_relation":"{\"uuid\":\"ec358023-0978-4239-968a-539a1e0bb195\",\"blogId\":\"\",\"domain\":\"\",\"sitePath\":\"\",\"postLink\":\"\",\"postId\":null,\"isSaved\":true,\"isCrossLink\":false,\"hasCrossLink\":false}","cg_dt_approved_content":true,"cg_dt_mandatory_content":false,"cg_dt_notes":"","cg_dg_source_changed":false,"cg_dt_link_disabled":true,"_yoast_wpseo_primary_brand":"31","_jetpack_memberships_contains_paid_content":false,"footnotes":"","featured_focal_points":""},"categories":[138],"tags":[163],"brand":[31],"service":[208],"industry":[],"partners":[],"blog-topic":[355],"content-group":[],"class_list":["post-715053","post","type-post","status-publish","format-standard","has-post-thumbnail","hentry","category-transformation","tag-developpement-durable","brand-capgemini-invent","service-developpement-durable","blog-topic-developpement-durable"],"yoast_head":"<!-- This site is optimized with the Yoast SEO Premium plugin v22.8 (Yoast SEO v22.8) - https:\/\/yoast.com\/wordpress\/plugins\/seo\/ -->\n<title>Biodiversit\u00e9\u202f: l\u2019engagement des entreprises doit \u00eatre total\u00a0\u00a0 - Capgemini France<\/title>\n<meta name=\"description\" content=\"Alors que la COP 15 qui s\u2019est tenue \u00e0 Montr\u00e9al en d\u00e9cembre 2022, a abouti \u00e0 un accord historique pour prot\u00e9ger la nature, les entreprises vont devoir mesurer leur impact sur la biodiversit\u00e9, et seront incit\u00e9es \u00e0 plus de transparence. Certaines organisations vont devoir repenser tout ou partie de leur mod\u00e8le d\u2019affaires, avec \u00e0 la cl\u00e9 des opportunit\u00e9s de cr\u00e9ation de valeur.\" \/>\n<meta name=\"robots\" content=\"index, follow, max-snippet:-1, max-image-preview:large, max-video-preview:-1\" \/>\n<link rel=\"canonical\" href=\"https:\/\/www.capgemini.com\/fr-fr\/perspectives\/blog\/biodiversite-engagement-des-entreprises\/\" \/>\n<meta property=\"og:locale\" content=\"fr_FR\" \/>\n<meta property=\"og:type\" content=\"article\" \/>\n<meta property=\"og:title\" content=\"Biodiversit\u00e9\u202f: l\u2019engagement des entreprises doit \u00eatre total\u00a0\u00a0\" \/>\n<meta property=\"og:description\" content=\"Alors que la COP 15 qui s\u2019est tenue \u00e0 Montr\u00e9al en d\u00e9cembre 2022, a abouti \u00e0 un accord historique pour prot\u00e9ger la nature, les entreprises vont devoir mesurer leur impact sur la biodiversit\u00e9, et seront incit\u00e9es \u00e0 plus de transparence. Certaines organisations vont devoir repenser tout ou partie de leur mod\u00e8le d\u2019affaires, avec \u00e0 la cl\u00e9 des opportunit\u00e9s de cr\u00e9ation de valeur.\" \/>\n<meta property=\"og:url\" content=\"https:\/\/www.capgemini.com\/fr-fr\/perspectives\/blog\/biodiversite-engagement-des-entreprises\/\" \/>\n<meta property=\"og:site_name\" content=\"Capgemini France\" \/>\n<meta property=\"article:published_time\" content=\"2023-04-05T16:00:00+00:00\" \/>\n<meta property=\"article:modified_time\" content=\"2026-01-07T12:43:03+00:00\" \/>\n<meta property=\"og:image\" content=\"https:\/\/www.capgemini.com\/fr-fr\/wp-content\/uploads\/sites\/6\/2023\/04\/Biodiversite-et-technologie-Capgemini-Invent-webpreview-1.jpg\" \/>\n\t<meta property=\"og:image:width\" content=\"1600\" \/>\n\t<meta property=\"og:image:height\" content=\"888\" \/>\n\t<meta property=\"og:image:type\" content=\"image\/jpeg\" \/>\n<meta name=\"twitter:card\" content=\"summary_large_image\" \/>\n<meta name=\"twitter:label1\" content=\"Written by\" \/>\n\t<meta name=\"twitter:data1\" content=\"\" \/>\n\t<meta name=\"twitter:label2\" content=\"Est. reading time\" \/>\n\t<meta name=\"twitter:data2\" content=\"8 minutes\" \/>\n<script type=\"application\/ld+json\" class=\"yoast-schema-graph\">{\"@context\":\"https:\/\/schema.org\",\"@graph\":[{\"@type\":\"Article\",\"@id\":\"https:\/\/www.capgemini.com\/fr-fr\/perspectives\/blog\/biodiversite-engagement-des-entreprises\/#article\",\"isPartOf\":{\"@id\":\"https:\/\/www.capgemini.com\/fr-fr\/perspectives\/blog\/biodiversite-engagement-des-entreprises\/\"},\"author\":{\"name\":\"\",\"@id\":\"\"},\"headline\":\"Biodiversit\u00e9\u202f: l\u2019engagement des entreprises doit \u00eatre total\u00a0\u00a0\",\"datePublished\":\"2023-04-05T16:00:00+00:00\",\"dateModified\":\"2026-01-07T12:43:03+00:00\",\"mainEntityOfPage\":{\"@id\":\"https:\/\/www.capgemini.com\/fr-fr\/perspectives\/blog\/biodiversite-engagement-des-entreprises\/\"},\"wordCount\":1563,\"commentCount\":0,\"publisher\":{\"@id\":\"https:\/\/www.capgemini.com\/fr-fr\/#organization\"},\"image\":{\"@id\":\"https:\/\/www.capgemini.com\/fr-fr\/perspectives\/blog\/biodiversite-engagement-des-entreprises\/#primaryimage\"},\"thumbnailUrl\":\"https:\/\/www.capgemini.com\/fr-fr\/wp-content\/uploads\/sites\/6\/2023\/04\/Biodiversite-une-question-de-survie-pour-les-entreprises.jpg\",\"keywords\":[\"D\u00e9veloppement Durable\"],\"articleSection\":[\"Transformation\"],\"inLanguage\":\"fr-FR\",\"potentialAction\":[{\"@type\":\"CommentAction\",\"name\":\"Comment\",\"target\":[\"https:\/\/www.capgemini.com\/fr-fr\/perspectives\/blog\/biodiversite-engagement-des-entreprises\/#respond\"]}]},{\"@type\":\"WebPage\",\"@id\":\"https:\/\/www.capgemini.com\/fr-fr\/perspectives\/blog\/biodiversite-engagement-des-entreprises\/\",\"url\":\"https:\/\/www.capgemini.com\/fr-fr\/perspectives\/blog\/biodiversite-engagement-des-entreprises\/\",\"name\":\"Biodiversit\u00e9\u202f: l\u2019engagement des entreprises doit \u00eatre total\u00a0\u00a0 - Capgemini France\",\"isPartOf\":{\"@id\":\"https:\/\/www.capgemini.com\/fr-fr\/#website\"},\"primaryImageOfPage\":{\"@id\":\"https:\/\/www.capgemini.com\/fr-fr\/perspectives\/blog\/biodiversite-engagement-des-entreprises\/#primaryimage\"},\"image\":{\"@id\":\"https:\/\/www.capgemini.com\/fr-fr\/perspectives\/blog\/biodiversite-engagement-des-entreprises\/#primaryimage\"},\"thumbnailUrl\":\"https:\/\/www.capgemini.com\/fr-fr\/wp-content\/uploads\/sites\/6\/2023\/04\/Biodiversite-une-question-de-survie-pour-les-entreprises.jpg\",\"datePublished\":\"2023-04-05T16:00:00+00:00\",\"dateModified\":\"2026-01-07T12:43:03+00:00\",\"description\":\"Alors que la COP 15 qui s\u2019est tenue \u00e0 Montr\u00e9al en d\u00e9cembre 2022, a abouti \u00e0 un accord historique pour prot\u00e9ger la nature, les entreprises vont devoir mesurer leur impact sur la biodiversit\u00e9, et seront incit\u00e9es \u00e0 plus de transparence. Certaines organisations vont devoir repenser tout ou partie de leur mod\u00e8le d\u2019affaires, avec \u00e0 la cl\u00e9 des opportunit\u00e9s de cr\u00e9ation de valeur.\",\"inLanguage\":\"fr-FR\",\"potentialAction\":[{\"@type\":\"ReadAction\",\"target\":[\"https:\/\/www.capgemini.com\/fr-fr\/perspectives\/blog\/biodiversite-engagement-des-entreprises\/\"]}]},{\"@type\":\"ImageObject\",\"inLanguage\":\"fr-FR\",\"@id\":\"https:\/\/www.capgemini.com\/fr-fr\/perspectives\/blog\/biodiversite-engagement-des-entreprises\/#primaryimage\",\"url\":\"https:\/\/www.capgemini.com\/fr-fr\/wp-content\/uploads\/sites\/6\/2023\/04\/Biodiversite-une-question-de-survie-pour-les-entreprises.jpg\",\"contentUrl\":\"https:\/\/www.capgemini.com\/fr-fr\/wp-content\/uploads\/sites\/6\/2023\/04\/Biodiversite-une-question-de-survie-pour-les-entreprises.jpg\",\"width\":724,\"height\":483,\"caption\":\"Ladybug walking on a green leaf, copy space.\"},{\"@type\":\"WebSite\",\"@id\":\"https:\/\/www.capgemini.com\/fr-fr\/#website\",\"url\":\"https:\/\/www.capgemini.com\/fr-fr\/\",\"name\":\"Capgemini France\",\"description\":\"Just another www.capgemini.com site\",\"publisher\":{\"@id\":\"https:\/\/www.capgemini.com\/fr-fr\/#organization\"},\"potentialAction\":[{\"@type\":\"SearchAction\",\"target\":{\"@type\":\"EntryPoint\",\"urlTemplate\":\"https:\/\/www.capgemini.com\/fr-fr\/?s={search_term_string}\"},\"query-input\":\"required name=search_term_string\"}],\"inLanguage\":\"fr-FR\"},{\"@type\":\"Organization\",\"@id\":\"https:\/\/www.capgemini.com\/fr-fr\/#organization\",\"name\":\"Capgemini France\",\"url\":\"https:\/\/www.capgemini.com\/fr-fr\/\",\"logo\":{\"@type\":\"ImageObject\",\"inLanguage\":\"fr-FR\",\"@id\":\"https:\/\/www.capgemini.com\/fr-fr\/#\/schema\/logo\/image\/\",\"url\":\"https:\/\/www.capgemini.com\/fr-fr\/wp-content\/uploads\/sites\/6\/2022\/08\/Logo-Capgemini.png\",\"contentUrl\":\"https:\/\/www.capgemini.com\/fr-fr\/wp-content\/uploads\/sites\/6\/2022\/08\/Logo-Capgemini.png\",\"width\":202,\"height\":60,\"caption\":\"Capgemini France\"},\"image\":{\"@id\":\"https:\/\/www.capgemini.com\/fr-fr\/#\/schema\/logo\/image\/\"}},{\"@type\":\"Person\",\"@id\":\"\",\"url\":\"https:\/\/www.capgemini.com\/fr-fr\/author\/\"}]}<\/script>\n<!-- \/ Yoast SEO Premium plugin. -->","yoast_head_json":{"title":"Biodiversit\u00e9\u202f: l\u2019engagement des entreprises doit \u00eatre total\u00a0\u00a0 - Capgemini France","description":"Alors que la COP 15 qui s\u2019est tenue \u00e0 Montr\u00e9al en d\u00e9cembre 2022, a abouti \u00e0 un accord historique pour prot\u00e9ger la nature, les entreprises vont devoir mesurer leur impact sur la biodiversit\u00e9, et seront incit\u00e9es \u00e0 plus de transparence. Certaines organisations vont devoir repenser tout ou partie de leur mod\u00e8le d\u2019affaires, avec \u00e0 la cl\u00e9 des opportunit\u00e9s de cr\u00e9ation de valeur.","robots":{"index":"index","follow":"follow","max-snippet":"max-snippet:-1","max-image-preview":"max-image-preview:large","max-video-preview":"max-video-preview:-1"},"canonical":"https:\/\/www.capgemini.com\/fr-fr\/perspectives\/blog\/biodiversite-engagement-des-entreprises\/","og_locale":"fr_FR","og_type":"article","og_title":"Biodiversit\u00e9\u202f: l\u2019engagement des entreprises doit \u00eatre total\u00a0\u00a0","og_description":"Alors que la COP 15 qui s\u2019est tenue \u00e0 Montr\u00e9al en d\u00e9cembre 2022, a abouti \u00e0 un accord historique pour prot\u00e9ger la nature, les entreprises vont devoir mesurer leur impact sur la biodiversit\u00e9, et seront incit\u00e9es \u00e0 plus de transparence. Certaines organisations vont devoir repenser tout ou partie de leur mod\u00e8le d\u2019affaires, avec \u00e0 la cl\u00e9 des opportunit\u00e9s de cr\u00e9ation de valeur.","og_url":"https:\/\/www.capgemini.com\/fr-fr\/perspectives\/blog\/biodiversite-engagement-des-entreprises\/","og_site_name":"Capgemini France","article_published_time":"2023-04-05T16:00:00+00:00","article_modified_time":"2026-01-07T12:43:03+00:00","og_image":[{"width":1600,"height":888,"url":"https:\/\/www.capgemini.com\/fr-fr\/wp-content\/uploads\/sites\/6\/2023\/04\/Biodiversite-et-technologie-Capgemini-Invent-webpreview-1.jpg","type":"image\/jpeg"}],"twitter_card":"summary_large_image","twitter_misc":{"Written by":"","Est. reading time":"8 minutes"},"schema":{"@context":"https:\/\/schema.org","@graph":[{"@type":"Article","@id":"https:\/\/www.capgemini.com\/fr-fr\/perspectives\/blog\/biodiversite-engagement-des-entreprises\/#article","isPartOf":{"@id":"https:\/\/www.capgemini.com\/fr-fr\/perspectives\/blog\/biodiversite-engagement-des-entreprises\/"},"author":{"name":"","@id":""},"headline":"Biodiversit\u00e9\u202f: l\u2019engagement des entreprises doit \u00eatre total\u00a0\u00a0","datePublished":"2023-04-05T16:00:00+00:00","dateModified":"2026-01-07T12:43:03+00:00","mainEntityOfPage":{"@id":"https:\/\/www.capgemini.com\/fr-fr\/perspectives\/blog\/biodiversite-engagement-des-entreprises\/"},"wordCount":1563,"commentCount":0,"publisher":{"@id":"https:\/\/www.capgemini.com\/fr-fr\/#organization"},"image":{"@id":"https:\/\/www.capgemini.com\/fr-fr\/perspectives\/blog\/biodiversite-engagement-des-entreprises\/#primaryimage"},"thumbnailUrl":"https:\/\/www.capgemini.com\/fr-fr\/wp-content\/uploads\/sites\/6\/2023\/04\/Biodiversite-une-question-de-survie-pour-les-entreprises.jpg","keywords":["D\u00e9veloppement Durable"],"articleSection":["Transformation"],"inLanguage":"fr-FR","potentialAction":[{"@type":"CommentAction","name":"Comment","target":["https:\/\/www.capgemini.com\/fr-fr\/perspectives\/blog\/biodiversite-engagement-des-entreprises\/#respond"]}]},{"@type":"WebPage","@id":"https:\/\/www.capgemini.com\/fr-fr\/perspectives\/blog\/biodiversite-engagement-des-entreprises\/","url":"https:\/\/www.capgemini.com\/fr-fr\/perspectives\/blog\/biodiversite-engagement-des-entreprises\/","name":"Biodiversit\u00e9\u202f: l\u2019engagement des entreprises doit \u00eatre total\u00a0\u00a0 - Capgemini France","isPartOf":{"@id":"https:\/\/www.capgemini.com\/fr-fr\/#website"},"primaryImageOfPage":{"@id":"https:\/\/www.capgemini.com\/fr-fr\/perspectives\/blog\/biodiversite-engagement-des-entreprises\/#primaryimage"},"image":{"@id":"https:\/\/www.capgemini.com\/fr-fr\/perspectives\/blog\/biodiversite-engagement-des-entreprises\/#primaryimage"},"thumbnailUrl":"https:\/\/www.capgemini.com\/fr-fr\/wp-content\/uploads\/sites\/6\/2023\/04\/Biodiversite-une-question-de-survie-pour-les-entreprises.jpg","datePublished":"2023-04-05T16:00:00+00:00","dateModified":"2026-01-07T12:43:03+00:00","description":"Alors que la COP 15 qui s\u2019est tenue \u00e0 Montr\u00e9al en d\u00e9cembre 2022, a abouti \u00e0 un accord historique pour prot\u00e9ger la nature, les entreprises vont devoir mesurer leur impact sur la biodiversit\u00e9, et seront incit\u00e9es \u00e0 plus de transparence. Certaines organisations vont devoir repenser tout ou partie de leur mod\u00e8le d\u2019affaires, avec \u00e0 la cl\u00e9 des opportunit\u00e9s de cr\u00e9ation de valeur.","inLanguage":"fr-FR","potentialAction":[{"@type":"ReadAction","target":["https:\/\/www.capgemini.com\/fr-fr\/perspectives\/blog\/biodiversite-engagement-des-entreprises\/"]}]},{"@type":"ImageObject","inLanguage":"fr-FR","@id":"https:\/\/www.capgemini.com\/fr-fr\/perspectives\/blog\/biodiversite-engagement-des-entreprises\/#primaryimage","url":"https:\/\/www.capgemini.com\/fr-fr\/wp-content\/uploads\/sites\/6\/2023\/04\/Biodiversite-une-question-de-survie-pour-les-entreprises.jpg","contentUrl":"https:\/\/www.capgemini.com\/fr-fr\/wp-content\/uploads\/sites\/6\/2023\/04\/Biodiversite-une-question-de-survie-pour-les-entreprises.jpg","width":724,"height":483,"caption":"Ladybug walking on a green leaf, copy space."},{"@type":"WebSite","@id":"https:\/\/www.capgemini.com\/fr-fr\/#website","url":"https:\/\/www.capgemini.com\/fr-fr\/","name":"Capgemini France","description":"Just another www.capgemini.com site","publisher":{"@id":"https:\/\/www.capgemini.com\/fr-fr\/#organization"},"potentialAction":[{"@type":"SearchAction","target":{"@type":"EntryPoint","urlTemplate":"https:\/\/www.capgemini.com\/fr-fr\/?s={search_term_string}"},"query-input":"required name=search_term_string"}],"inLanguage":"fr-FR"},{"@type":"Organization","@id":"https:\/\/www.capgemini.com\/fr-fr\/#organization","name":"Capgemini France","url":"https:\/\/www.capgemini.com\/fr-fr\/","logo":{"@type":"ImageObject","inLanguage":"fr-FR","@id":"https:\/\/www.capgemini.com\/fr-fr\/#\/schema\/logo\/image\/","url":"https:\/\/www.capgemini.com\/fr-fr\/wp-content\/uploads\/sites\/6\/2022\/08\/Logo-Capgemini.png","contentUrl":"https:\/\/www.capgemini.com\/fr-fr\/wp-content\/uploads\/sites\/6\/2022\/08\/Logo-Capgemini.png","width":202,"height":60,"caption":"Capgemini France"},"image":{"@id":"https:\/\/www.capgemini.com\/fr-fr\/#\/schema\/logo\/image\/"}},{"@type":"Person","@id":"","url":"https:\/\/www.capgemini.com\/fr-fr\/author\/"}]}},"blog_topic_info":[{"id":355,"name":"D\u00e9veloppement Durable"}],"taxonomy_info":{"category":[{"id":138,"name":"Transformation","slug":"transformation"}],"post_tag":[{"id":163,"name":"D\u00e9veloppement Durable","slug":"developpement-durable"}],"brand":[{"id":31,"name":"Capgemini Invent","slug":"capgemini-invent"}],"service":[{"id":208,"name":"D\u00e9veloppement Durable","slug":"developpement-durable"}],"blog-topic":[{"id":355,"name":"D\u00e9veloppement Durable","slug":"developpement-durable"}]},"parsely":{"version":"1.1.0","canonical_url":"https:\/\/capgemini.com\/fr-fr\/perspectives\/blog\/biodiversite-engagement-des-entreprises\/","smart_links":{"inbound":0,"outbound":0},"traffic_boost_suggestions_count":0,"meta":{"@context":"https:\/\/schema.org","@type":"NewsArticle","headline":"Biodiversit\u00e9\u202f: l\u2019engagement des entreprises doit \u00eatre total\u00a0\u00a0","url":"https:\/\/www.capgemini.com\/fr-fr\/perspectives\/blog\/biodiversite-engagement-des-entreprises\/","mainEntityOfPage":{"@type":"WebPage","@id":"https:\/\/www.capgemini.com\/fr-fr\/perspectives\/blog\/biodiversite-engagement-des-entreprises\/"},"thumbnailUrl":"https:\/\/www.capgemini.com\/fr-fr\/wp-content\/uploads\/sites\/6\/2023\/04\/Biodiversite-une-question-de-survie-pour-les-entreprises.jpg?w=150&h=150&crop=1","image":{"@type":"ImageObject","url":"https:\/\/www.capgemini.com\/fr-fr\/wp-content\/uploads\/sites\/6\/2023\/04\/Biodiversite-une-question-de-survie-pour-les-entreprises.jpg"},"articleSection":"Transformation","author":[],"creator":[],"publisher":{"@type":"Organization","name":"Capgemini France","logo":""},"keywords":["d\u00e9veloppement durable"],"dateCreated":"2023-04-05T16:00:00Z","datePublished":"2023-04-05T16:00:00Z","dateModified":"2026-01-07T12:43:03Z"},"rendered":"<meta name=\"parsely-title\" content=\"Biodiversit\u00e9\u202f: l\u2019engagement des entreprises doit \u00eatre total\u00a0\u00a0\" \/>\n<meta name=\"parsely-link\" content=\"https:\/\/www.capgemini.com\/fr-fr\/perspectives\/blog\/biodiversite-engagement-des-entreprises\/\" \/>\n<meta name=\"parsely-type\" content=\"post\" \/>\n<meta name=\"parsely-image-url\" content=\"https:\/\/www.capgemini.com\/fr-fr\/wp-content\/uploads\/sites\/6\/2023\/04\/Biodiversite-une-question-de-survie-pour-les-entreprises.jpg?w=150&amp;h=150&amp;crop=1\" \/>\n<meta name=\"parsely-pub-date\" content=\"2023-04-05T16:00:00Z\" \/>\n<meta name=\"parsely-section\" content=\"Transformation\" \/>\n<meta name=\"parsely-tags\" content=\"d\u00e9veloppement durable\" \/>","tracker_url":"https:\/\/cdn.parsely.com\/keys\/capgemini.com\/p.js"},"jetpack_featured_media_url":"https:\/\/www.capgemini.com\/fr-fr\/wp-content\/uploads\/sites\/6\/2023\/04\/Biodiversite-une-question-de-survie-pour-les-entreprises.jpg","archive_status":false,"featured_image_src":"https:\/\/www.capgemini.com\/fr-fr\/wp-content\/uploads\/sites\/6\/2023\/04\/Biodiversite-une-question-de-survie-pour-les-entreprises.jpg","featured_image_alt":"","jetpack-related-posts":[{"id":711290,"url":"https:\/\/www.capgemini.com\/fr-fr\/perspectives\/blog\/comment-mettre-en-place-une-demarche-de-continuite-digitale\/","url_meta":{"origin":715053,"position":0},"title":"Comment mettre en place une d\u00e9marche de continuit\u00e9 digitale","author":"","date":"April 5, 2023","format":false,"excerpt":"Plus qu\u2019une r\u00e9volution, la Continuit\u00e9 Digitale est une \u00e9volution presque naturelle de l\u2019infrastructure et des process internes de l\u2019entreprise.","rel":"","context":"In &quot;Transformation&quot;","block_context":{"text":"Transformation","link":"https:\/\/www.capgemini.com\/fr-fr\/category\/transformation\/"},"img":{"alt_text":"","src":"https:\/\/i0.wp.com\/www.capgemini.com\/fr-fr\/wp-content\/uploads\/sites\/6\/2023\/02\/2023-FR-Featured-Image-Blog-Mettre-en-place-Continuite-Digitale.jpg?resize=350%2C200&ssl=1","width":350,"height":200,"srcset":"https:\/\/i0.wp.com\/www.capgemini.com\/fr-fr\/wp-content\/uploads\/sites\/6\/2023\/02\/2023-FR-Featured-Image-Blog-Mettre-en-place-Continuite-Digitale.jpg?resize=350%2C200&ssl=1 1x, https:\/\/i0.wp.com\/www.capgemini.com\/fr-fr\/wp-content\/uploads\/sites\/6\/2023\/02\/2023-FR-Featured-Image-Blog-Mettre-en-place-Continuite-Digitale.jpg?resize=525%2C300&ssl=1 1.5x, https:\/\/i0.wp.com\/www.capgemini.com\/fr-fr\/wp-content\/uploads\/sites\/6\/2023\/02\/2023-FR-Featured-Image-Blog-Mettre-en-place-Continuite-Digitale.jpg?resize=700%2C400&ssl=1 2x"},"classes":[]},{"id":749807,"url":"https:\/\/www.capgemini.com\/fr-fr\/perspectives\/blog\/intelligent-industry-renforcer-resilience-supply-chain-tour-de-controle\/","url_meta":{"origin":715053,"position":1},"title":"La tour de contr\u00f4le pour renforcer la r\u00e9silience de la supply chain","author":"cyrille.joseph-lockel@capgemini.com","date":"April 5, 2024","format":false,"excerpt":"Comment les nouveaux usages de la donn\u00e9e permettent d\u2019assurer collectivement la gestion des risques autour de la Supply Chain ?","rel":"","context":"In &quot;Transformation&quot;","block_context":{"text":"Transformation","link":"https:\/\/www.capgemini.com\/fr-fr\/category\/transformation\/"},"img":{"alt_text":"","src":"https:\/\/i0.wp.com\/www.capgemini.com\/fr-fr\/wp-content\/uploads\/sites\/6\/2024\/03\/2024-FR-Featured-Image-blog-control-tower.jpg?resize=350%2C200&ssl=1","width":350,"height":200,"srcset":"https:\/\/i0.wp.com\/www.capgemini.com\/fr-fr\/wp-content\/uploads\/sites\/6\/2024\/03\/2024-FR-Featured-Image-blog-control-tower.jpg?resize=350%2C200&ssl=1 1x, https:\/\/i0.wp.com\/www.capgemini.com\/fr-fr\/wp-content\/uploads\/sites\/6\/2024\/03\/2024-FR-Featured-Image-blog-control-tower.jpg?resize=525%2C300&ssl=1 1.5x, https:\/\/i0.wp.com\/www.capgemini.com\/fr-fr\/wp-content\/uploads\/sites\/6\/2024\/03\/2024-FR-Featured-Image-blog-control-tower.jpg?resize=700%2C400&ssl=1 2x"},"classes":[]},{"id":727022,"url":"https:\/\/www.capgemini.com\/fr-fr\/perspectives\/blog\/continuite-digitale-compagne-devoir-durabilite\/","url_meta":{"origin":715053,"position":2},"title":"La continuit\u00e9 digitale, levier incontournable pour une industrie durable","author":"cyrille.joseph-lockel@capgemini.com","date":"May 22, 2025","format":false,"excerpt":"L\u2019int\u00e9gration des exigences de durabilit\u00e9 est devenue l\u2019un des enjeux majeurs pour l'ensemble des secteurs industriels. A\u00e9ronautique, automobile, \u00e9nergie, produits de grande consommation\u2026 Tous sont appel\u00e9s \u00e0 r\u00e9\u00e9valuer, au moins en partie, leur impact soci\u00e9tal et environnemental.","rel":"","context":"In &quot;Transformation&quot;","block_context":{"text":"Transformation","link":"https:\/\/www.capgemini.com\/fr-fr\/category\/transformation\/"},"img":{"alt_text":"","src":"https:\/\/i0.wp.com\/www.capgemini.com\/fr-fr\/wp-content\/uploads\/sites\/6\/2023\/08\/2023-FR-Featured-Image-Blog-DC-Sustainability.jpg?resize=350%2C200&ssl=1","width":350,"height":200,"srcset":"https:\/\/i0.wp.com\/www.capgemini.com\/fr-fr\/wp-content\/uploads\/sites\/6\/2023\/08\/2023-FR-Featured-Image-Blog-DC-Sustainability.jpg?resize=350%2C200&ssl=1 1x, https:\/\/i0.wp.com\/www.capgemini.com\/fr-fr\/wp-content\/uploads\/sites\/6\/2023\/08\/2023-FR-Featured-Image-Blog-DC-Sustainability.jpg?resize=525%2C300&ssl=1 1.5x, https:\/\/i0.wp.com\/www.capgemini.com\/fr-fr\/wp-content\/uploads\/sites\/6\/2023\/08\/2023-FR-Featured-Image-Blog-DC-Sustainability.jpg?resize=700%2C400&ssl=1 2x"},"classes":[]},{"id":793996,"url":"https:\/\/www.capgemini.com\/fr-fr\/perspectives\/blog\/menace-quantique-entreprises-regardent-ailleurs\/","url_meta":{"origin":715053,"position":3},"title":"La menace quantique se pr\u00e9cise, les entreprises regardent ailleurs","author":"cyrille.joseph-lockel@capgemini.com","date":"October 15, 2025","format":false,"excerpt":"Le quantique n\u2019est plus un fantasme de laboratoire : les machines sont disponibles, les tarifs clairs, les capacit\u00e9s d\u00e9montr\u00e9es. En d\u2019autres termes, il suffit \u00e0 un acteur malveillant, \u00e9tatique ou criminel, d\u2019estimer ce qu\u2019il lui en co\u00fbterait de d\u00e9chiffrer des donn\u00e9es en sa possession et le b\u00e9n\u00e9fice qu\u2019il pourrait en\u2026","rel":"","context":"In &quot;Innovation&quot;","block_context":{"text":"Innovation","link":"https:\/\/www.capgemini.com\/fr-fr\/category\/innovation\/"},"img":{"alt_text":"","src":"https:\/\/i0.wp.com\/www.capgemini.com\/fr-fr\/wp-content\/uploads\/sites\/6\/2025\/10\/2025-FR-Blog-Cybermenace-Quantique-2.jpg?resize=350%2C200&ssl=1","width":350,"height":200,"srcset":"https:\/\/i0.wp.com\/www.capgemini.com\/fr-fr\/wp-content\/uploads\/sites\/6\/2025\/10\/2025-FR-Blog-Cybermenace-Quantique-2.jpg?resize=350%2C200&ssl=1 1x, https:\/\/i0.wp.com\/www.capgemini.com\/fr-fr\/wp-content\/uploads\/sites\/6\/2025\/10\/2025-FR-Blog-Cybermenace-Quantique-2.jpg?resize=525%2C300&ssl=1 1.5x, https:\/\/i0.wp.com\/www.capgemini.com\/fr-fr\/wp-content\/uploads\/sites\/6\/2025\/10\/2025-FR-Blog-Cybermenace-Quantique-2.jpg?resize=700%2C400&ssl=1 2x"},"classes":[]},{"id":715927,"url":"https:\/\/www.capgemini.com\/fr-fr\/perspectives\/blog\/renforcer-cybersecurite-industrielle\/","url_meta":{"origin":715053,"position":4},"title":"Renforcer la cybers\u00e9curit\u00e9 industrielle","author":"cyrille.joseph-lockel@capgemini.com","date":"May 15, 2025","format":false,"excerpt":"Depuis plusieurs ann\u00e9es, les syst\u00e8mes industriels sont vis\u00e9s par des attaques qui rentrent dans deux cadres principaux","rel":"","context":"In &quot;Transformation&quot;","block_context":{"text":"Transformation","link":"https:\/\/www.capgemini.com\/fr-fr\/category\/transformation\/"},"img":{"alt_text":"","src":"https:\/\/i0.wp.com\/www.capgemini.com\/fr-fr\/wp-content\/uploads\/sites\/6\/2023\/04\/2023-FR-Hero-banner-Blog-Renforcer-Securite-Industrielle.jpg.jpg?resize=350%2C200&ssl=1","width":350,"height":200,"srcset":"https:\/\/i0.wp.com\/www.capgemini.com\/fr-fr\/wp-content\/uploads\/sites\/6\/2023\/04\/2023-FR-Hero-banner-Blog-Renforcer-Securite-Industrielle.jpg.jpg?resize=350%2C200&ssl=1 1x, https:\/\/i0.wp.com\/www.capgemini.com\/fr-fr\/wp-content\/uploads\/sites\/6\/2023\/04\/2023-FR-Hero-banner-Blog-Renforcer-Securite-Industrielle.jpg.jpg?resize=525%2C300&ssl=1 1.5x, https:\/\/i0.wp.com\/www.capgemini.com\/fr-fr\/wp-content\/uploads\/sites\/6\/2023\/04\/2023-FR-Hero-banner-Blog-Renforcer-Securite-Industrielle.jpg.jpg?resize=700%2C400&ssl=1 2x"},"classes":[]},{"id":775329,"url":"https:\/\/www.capgemini.com\/fr-fr\/perspectives\/blog\/mode-passeport-numerique-dpp-experience-client\/","url_meta":{"origin":715053,"position":5},"title":"Mode et DPP\u00a0: une exp\u00e9rience client \u00e0 nulle autre pareille\u00a0?","author":"cyrille.joseph-lockel@capgemini.com","date":"February 24, 2025","format":false,"excerpt":"Au-del\u00e0 de la contrainte r\u00e9glementaire, il a le pouvoir d\u2019apporter une exp\u00e9rience augment\u00e9e, tout particuli\u00e8rement aux clients du luxe. Une opportunit\u00e9 pour les Maisons de se diff\u00e9rencier.","rel":"","context":"In &quot;Innovation&quot;","block_context":{"text":"Innovation","link":"https:\/\/www.capgemini.com\/fr-fr\/category\/innovation\/"},"img":{"alt_text":"","src":"https:\/\/i0.wp.com\/www.capgemini.com\/fr-fr\/wp-content\/uploads\/sites\/6\/2025\/02\/2025-FR-Blog-ModexDPP.jpg?resize=350%2C200&ssl=1","width":350,"height":200,"srcset":"https:\/\/i0.wp.com\/www.capgemini.com\/fr-fr\/wp-content\/uploads\/sites\/6\/2025\/02\/2025-FR-Blog-ModexDPP.jpg?resize=350%2C200&ssl=1 1x, https:\/\/i0.wp.com\/www.capgemini.com\/fr-fr\/wp-content\/uploads\/sites\/6\/2025\/02\/2025-FR-Blog-ModexDPP.jpg?resize=525%2C300&ssl=1 1.5x, https:\/\/i0.wp.com\/www.capgemini.com\/fr-fr\/wp-content\/uploads\/sites\/6\/2025\/02\/2025-FR-Blog-ModexDPP.jpg?resize=700%2C400&ssl=1 2x"},"classes":[]}],"jetpack_sharing_enabled":true,"distributor_meta":false,"distributor_terms":false,"distributor_media":false,"distributor_original_site_name":"Capgemini France","distributor_original_site_url":"https:\/\/www.capgemini.com\/fr-fr","push-errors":false,"featured_image_url":"https:\/\/www.capgemini.com\/fr-fr\/wp-content\/uploads\/sites\/6\/2023\/04\/Biodiversite-une-question-de-survie-pour-les-entreprises.jpg","author_title":"Aur\u00e9lie Gillon","author_thumbnail_url":"https:\/\/www.capgemini.com\/fr-fr\/wp-content\/uploads\/sites\/6\/2023\/04\/Aurelie-Gillon.jpg?w=800","author_thumbnail_alt":"","_links":{"self":[{"href":"https:\/\/www.capgemini.com\/fr-fr\/wp-json\/wp\/v2\/posts\/715053","targetHints":{"allow":["GET"]}}],"collection":[{"href":"https:\/\/www.capgemini.com\/fr-fr\/wp-json\/wp\/v2\/posts"}],"about":[{"href":"https:\/\/www.capgemini.com\/fr-fr\/wp-json\/wp\/v2\/types\/post"}],"author":[{"embeddable":true,"href":"https:\/\/www.capgemini.com\/fr-fr\/wp-json\/wp\/v2\/users\/98"}],"replies":[{"embeddable":true,"href":"https:\/\/www.capgemini.com\/fr-fr\/wp-json\/wp\/v2\/comments?post=715053"}],"version-history":[{"count":19,"href":"https:\/\/www.capgemini.com\/fr-fr\/wp-json\/wp\/v2\/posts\/715053\/revisions"}],"predecessor-version":[{"id":799915,"href":"https:\/\/www.capgemini.com\/fr-fr\/wp-json\/wp\/v2\/posts\/715053\/revisions\/799915"}],"wp:featuredmedia":[{"embeddable":true,"href":"https:\/\/www.capgemini.com\/fr-fr\/wp-json\/wp\/v2\/media\/715083"}],"wp:attachment":[{"href":"https:\/\/www.capgemini.com\/fr-fr\/wp-json\/wp\/v2\/media?parent=715053"}],"wp:term":[{"taxonomy":"category","embeddable":true,"href":"https:\/\/www.capgemini.com\/fr-fr\/wp-json\/wp\/v2\/categories?post=715053"},{"taxonomy":"post_tag","embeddable":true,"href":"https:\/\/www.capgemini.com\/fr-fr\/wp-json\/wp\/v2\/tags?post=715053"},{"taxonomy":"brand","embeddable":true,"href":"https:\/\/www.capgemini.com\/fr-fr\/wp-json\/wp\/v2\/brand?post=715053"},{"taxonomy":"service","embeddable":true,"href":"https:\/\/www.capgemini.com\/fr-fr\/wp-json\/wp\/v2\/service?post=715053"},{"taxonomy":"industry","embeddable":true,"href":"https:\/\/www.capgemini.com\/fr-fr\/wp-json\/wp\/v2\/industry?post=715053"},{"taxonomy":"partners","embeddable":true,"href":"https:\/\/www.capgemini.com\/fr-fr\/wp-json\/wp\/v2\/partners?post=715053"},{"taxonomy":"blog-topic","embeddable":true,"href":"https:\/\/www.capgemini.com\/fr-fr\/wp-json\/wp\/v2\/blog-topic?post=715053"},{"taxonomy":"content-group","embeddable":true,"href":"https:\/\/www.capgemini.com\/fr-fr\/wp-json\/wp\/v2\/content-group?post=715053"}],"curies":[{"name":"wp","href":"https:\/\/api.w.org\/{rel}","templated":true}]}}