{"id":670114,"date":"2021-09-22T14:19:00","date_gmt":"2021-09-22T14:19:00","guid":{"rendered":"https:\/\/www.capgemini.com\/fr-fr\/?post_type=client-story&#038;p=670114"},"modified":"2026-01-07T13:04:47","modified_gmt":"2026-01-07T12:04:47","slug":"maprimerenov","status":"publish","type":"client-story","link":"https:\/\/www.capgemini.com\/fr-fr\/actualites\/cas-clients\/maprimerenov\/","title":{"rendered":"Capgemini accompagne le d\u00e9ploiement de MaPrimeR\u00e9nov\u2019"},"content":{"rendered":"\n<header class=\"wp-block-cg-blocks-hero-reusable is-style-blue-line header heroReusable  \"><div class=\"header-bgs\"><picture><source srcset=\"https:\/\/www.capgemini.com\/fr-fr\/wp-content\/uploads\/sites\/6\/2021\/09\/2022-FR-Cas-client-Ma-prime-Renov-Image-.jpg?w=2880&amp;quality=70 1x, https:\/\/www.capgemini.com\/fr-fr\/wp-content\/uploads\/sites\/6\/2021\/09\/2022-FR-Cas-client-Ma-prime-Renov-Image-.jpg?w=2880&amp;quality=70 2x\" media=\"(min-width: 1500px)\"\/><source srcset=\"https:\/\/www.capgemini.com\/fr-fr\/wp-content\/uploads\/sites\/6\/2021\/09\/2022-FR-Cas-client-Ma-prime-Renov-Image-.jpg?w=1440&amp;quality=70 1x, https:\/\/www.capgemini.com\/fr-fr\/wp-content\/uploads\/sites\/6\/2021\/09\/2022-FR-Cas-client-Ma-prime-Renov-Image-.jpg?w=2880&amp;quality=70 2x\" media=\"(min-width: 992px)\"\/><source srcset=\"https:\/\/www.capgemini.com\/fr-fr\/wp-content\/uploads\/sites\/6\/2021\/09\/2022-FR-Cas-client-Ma-prime-Renov-Image-.jpg?w=1024&amp;quality=70 1x, https:\/\/www.capgemini.com\/fr-fr\/wp-content\/uploads\/sites\/6\/2021\/09\/2022-FR-Cas-client-Ma-prime-Renov-Image-.jpg?w=1024&amp;quality=70 2x\" media=\"(min-width: 768px)\"\/><source srcset=\"https:\/\/www.capgemini.com\/fr-fr\/wp-content\/uploads\/sites\/6\/2021\/09\/2022-FR-Cas-client-Ma-prime-Renov-Image-.jpg?w=768&amp;quality=70 1x, https:\/\/www.capgemini.com\/fr-fr\/wp-content\/uploads\/sites\/6\/2021\/09\/2022-FR-Cas-client-Ma-prime-Renov-Image-.jpg?w=768&amp;quality=70 2x\" media=\"(min-width: 0)\"\/><img decoding=\"async\" src=\"https:\/\/www.capgemini.com\/fr-fr\/wp-content\/uploads\/sites\/6\/2021\/09\/2022-FR-Cas-client-Ma-prime-Renov-Image-.jpg\" class=\"header-img header-img-d\" alt=\"\" style=\"object-fit:cover;object-position:46% 41%\" loading=\"eager\"\/><\/picture><\/div><div class=\"heroPictureCardHeaderShape\"><\/div><div class=\"container\"><div class=\"row\"><div class=\"col-md-12\"><div class=\"box\"><div class=\"boxTagWrapper\"><div class=\"tagInfo\"><div><span class=\"box-tag\">Transition \u00e9nerg\u00e9tique<\/span><\/div><\/div><\/div><div class=\"box-title\"><h1 data-maxlength=\"34\">Capgemini accompagne le d\u00e9ploiement de MaPrimeR\u00e9nov\u2019<\/h1><\/div><h2 class=\"reasearchInsightTitle\">La collaboration au c\u0153ur de la r\u00e9ussite du projet<\/h2><div class=\"inner-row-insight download-btn\"><\/div><\/div><\/div><\/div><\/div><\/header>\n\n\n\n<section class=\"wp-block-cg-blocks-intro-para undefined section section--intro\"><div class=\"intro-para\"><div class=\"container\"><div class=\"row\"><div class=\"col-12 col-md-1\"><nav class=\"article-social\"><ul class=\"social-nav\"><li class=\"ip-order-fb\"><a href=\"https:\/\/www.facebook.com\/sharer\/sharer.php?u=https:\/\/www.capgemini.com\/fr-fr\/actualites\/cas-clients\/maprimerenov\/\" target=\"_blank\" rel=\"noopener noreferrer\" title=\"Ouvrir dans une nouvelle fen\u00eatre\"><i aria-hidden=\"true\" class=\"icon-fb\"><\/i><span class=\"sr-only\">Facebook<\/span><\/a><\/li><li class=\"ip-order-li\"><a href=\"https:\/\/www.linkedin.com\/sharing\/share-offsite\/?url=https:\/\/www.capgemini.com\/fr-fr\/actualites\/cas-clients\/maprimerenov\/\" target=\"_blank\" rel=\"noopener noreferrer\" title=\"Ouvrir dans une nouvelle fen\u00eatre\"><i aria-hidden=\"true\" class=\"icon-li\"><\/i><span class=\"sr-only\">Linkedin<\/span><\/a><\/li><\/ul><\/nav><\/div><div class=\"col-12 col-md-11 col-lg-10\"><h2 class=\"intro-para-title\">Lanc\u00e9e le 1er janvier 2020 par l\u2019Agence Nationale de l\u2019Habitat (Anah), MaPrimeR\u00e9nov\u2019 remplace le cr\u00e9dit d\u2019imp\u00f4t pour la transition \u00e9nerg\u00e9tique (CITE) et diverses aides d\u00e9j\u00e0 existantes.\u00a0<\/h2><p class=\"intro-para-content\">Avec cette aide, l\u2019Etat souhaite encourager la r\u00e9novation \u00e9nerg\u00e9tique des logements priv\u00e9s pour diminuer l\u2019\u00e9mission de gaz \u00e0 effet de serre en France, dont 17% environ sont issus du parc r\u00e9sidentiel priv\u00e9.<\/p><\/div><\/div><\/div><\/div><\/section>\n\n\n\n<section class=\"wp-block-cg-blocks-group undefined section section--article-content\"><div class=\"article-main-content\"><div class=\"container\"><div class=\"row\"><div class=\"col-12 col-md-11 col-lg-10 offset-md-1 offset-lg-1\"><div class=\"article-text article-quote-text\">\n<p>Le groupe Capgemini a accompagn\u00e9 l\u2019<a href=\"https:\/\/www.anah.fr\/\" target=\"_blank\" rel=\"noreferrer noopener\">Anah<\/a> de bout en bout sur ce projet \u00e0 tr\u00e8s forts enjeux et visibilit\u00e9 :<\/p>\n\n\n\n<ul class=\"wp-block-list\">\n<li>Capgemini Invent a \u00e9t\u00e9 un appui au pilotage de la r\u00e9forme et a pilot\u00e9 la conception des parcours usagers, la d\u00e9finition de l\u2019identit\u00e9 visuelle et le d\u00e9ploiement du dispositif dans l\u2019organisation,<\/li>\n\n\n\n<li>Capgemini a d\u00e9velopp\u00e9 la plateforme de demande et de traitement des dossiers dont le \u00ab back-office \u00bb est bas\u00e9 sur la solution PEGA.<\/li>\n\n\n\n<li>Sogeti intervient ponctuellement sur les audits de cybers\u00e9curit\u00e9.<\/li>\n<\/ul>\n\n\n\n<p>Initialement accessible aux propri\u00e9taires occupants modestes et tr\u00e8s modestes (40 % des Fran\u00e7ais les moins ais\u00e9s), l\u2019aide a franchi le seuil des 100 000 dossiers \u00e0 l\u2019automne 2020 puis connu une forte mont\u00e9e en charge dans le cadre du plan de relance annonc\u00e9 en septembre 2020 par le gouvernement.<br>Retour sur la collaboration entre l\u2019Anah et ses deux partenaires principaux, Capgemini et PEGA, qui sont au c\u0153ur de la r\u00e9ussite du projet.<\/p>\n\n\n\n<section class=\"wp-block-cg-blocks-intro-para-video is-style-cg-sapphire1 section section--info-2cols section--insights section-video \"><div class=\"bg-color video-align-right\"><div class=\"container\"><div class=\"row video-align-left\"><div class=\"col-md-12\"><div class=\"video-align-left row box box--4 box--mini\"><div class=\"col-md-3\"><h3 class=\"Video-title\" data-maxlength=\"34\">D\u00e9ploiement de MaPrimeR\u00e9nov\u2019<\/h3><div class=\"video-info\"><p data-maxlength=\"68\"><\/p><\/div><\/div><div class=\"col-md-8 box-img-wrapper\"><div class=\"video-box\"><div class=\"video-wrapper\"><iframe title=\"video-section\" src=\"https:\/\/www.youtube.com\/embed\/QYBdzPwyUrI?rel=0&amp;modestbranding=1&amp;playsinline=1&amp;enablejsapi=1\" frameborder=\"0\" allow=\"accelerometer; autoplay; clipboard-write; encrypted-media; gyroscope; picture-in-picture\" allowfullscreen loading=\"lazy\" referrerpolicy=\"strict-origin-when-cross-origin\"><\/iframe><\/div><\/div><\/div><div class=\"col-md-1\"><\/div><\/div><\/div><\/div><\/div><\/div><\/section>\n\n\n\n<blockquote class=\"wp-block-quote is-layout-flow wp-block-quote-is-layout-flow\">\n<p>\u00ab L\u2019ouverture de MaPrimeR\u00e9nov\u2019 \u00e0 l\u2019ensemble des Fran\u00e7ais est essentielle pour massifier la r\u00e9novation \u00e9nerg\u00e9tique. Elle marque l\u2019engagement sans pr\u00e9c\u00e9dent du gouvernement en faveur de la transition \u00e9nerg\u00e9tique. Dans le cadre de France Relance, cette prime est essentielle pour aider les Fran\u00e7ais \u00e0 am\u00e9liorer le confort de leur logement, r\u00e9duire leur facture \u00e9nerg\u00e9tique ainsi que pour soutenir l\u2019activit\u00e9 \u00e9conomique des artisans du b\u00e2timent. \u00bb<\/p>\n<cite><strong>Emmanuelle Wargon<\/strong>, ministre d\u00e9l\u00e9gu\u00e9e aupr\u00e8s de la ministre de la Transition \u00e9cologique, charg\u00e9e du Logement<\/cite><\/blockquote>\n\n\n\n<p>D\u00e9couvrez MaPrimeR\u00e9nov\u2019, d\u00e9sormais accessible \u00e0 l\u2019ensemble des propri\u00e9taires : <a href=\"http:\/\/www.maprimerenov.gouv.fr\/\">www.maprimerenov.gouv.fr\/<\/a><\/p>\n<\/div><\/div><\/div><\/div><\/div><\/section>\n\n\n\n<section class=\"wp-block-cg-blocks-group undefined section section--article-content\"><div class=\"article-main-content\"><div class=\"container\"><div class=\"row\"><div class=\"col-12 col-md-11 col-lg-10 offset-md-1 offset-lg-1\"><div class=\"article-text article-quote-text\"><\/div><\/div><\/div><\/div><\/div><\/section>\n\n\n\n<section class=\"wp-block-cg-blocks-group undefined section section--article-content\"><div class=\"article-main-content\"><div class=\"container\"><div class=\"row\"><div class=\"col-12 col-md-11 col-lg-10 offset-md-1 offset-lg-1\"><div class=\"article-text article-quote-text\"><\/div><\/div><\/div><\/div><\/div><\/section>\n","protected":false},"excerpt":{"rendered":"<p>Cette aide, encourage la r\u00e9novation \u00e9nerg\u00e9tique des logements priv\u00e9s pour diminuer l\u2019\u00e9mission de gaz \u00e0 effet de serre en France, dont 17% environ sont issus du parc r\u00e9sidentiel priv\u00e9.<\/p>\n","protected":false},"author":103,"featured_media":680792,"template":"","meta":{"cg_dt_proposed_to":[21],"cg_seo_hreflang_relations":"[]","cg_seo_canonical_relation":"","cg_seo_hreflang_x_default_relation":"{\"uuid\":\"ae1cbdb5-a1d1-4c0c-bfe9-eaff5ba7b082\",\"blogId\":\"\",\"domain\":\"\",\"sitePath\":\"\",\"postLink\":\"\",\"postId\":null,\"isSaved\":true,\"isCrossLink\":false,\"hasCrossLink\":false}","cg_dt_approved_content":true,"cg_dt_mandatory_content":false,"cg_dt_notes":"","cg_dg_source_changed":false,"cg_dt_link_disabled":true,"footnotes":"","client_logo_id":0,"client_logo_url":"","primary_term":"","featured_focal_points":""},"tags":[163],"brand":[30],"service":[208],"industry":[131],"partners":[],"country":[],"content-group":[],"class_list":["post-670114","client-story","type-client-story","status-publish","has-post-thumbnail","hentry","tag-developpement-durable","brand-capgemini","service-developpement-durable","industry-secteur-public"],"yoast_head":"<!-- This site is optimized with the Yoast SEO Premium plugin v22.8 (Yoast SEO v22.8) - https:\/\/yoast.com\/wordpress\/plugins\/seo\/ -->\n<title>Capgemini accompagne le d\u00e9ploiement de MaPrimeR\u00e9nov\u2019 - Capgemini France<\/title>\n<meta name=\"description\" content=\"Lanc\u00e9e le 1er janvier 2020 par l\u2019Agence Nationale de l\u2019Habitat (Anah), MaPrimeR\u00e9nov\u2019 remplace le cr\u00e9dit d\u2019imp\u00f4t pour la transition \u00e9nerg\u00e9tique (CITE) et diverses aides d\u00e9j\u00e0 existantes.\" \/>\n<meta name=\"robots\" content=\"index, follow, max-snippet:-1, max-image-preview:large, max-video-preview:-1\" \/>\n<link rel=\"canonical\" href=\"https:\/\/www.capgemini.com\/fr-fr\/actualites\/cas-clients\/maprimerenov\/\" \/>\n<meta property=\"og:locale\" content=\"fr_FR\" \/>\n<meta property=\"og:type\" content=\"article\" \/>\n<meta property=\"og:title\" content=\"Capgemini accompagne le d\u00e9ploiement de MaPrimeR\u00e9nov\u2019\" \/>\n<meta property=\"og:description\" content=\"Lanc\u00e9e le 1er janvier 2020 par l\u2019Agence Nationale de l\u2019Habitat (Anah), MaPrimeR\u00e9nov\u2019 remplace le cr\u00e9dit d\u2019imp\u00f4t pour la transition \u00e9nerg\u00e9tique (CITE) et diverses aides d\u00e9j\u00e0 existantes.\" \/>\n<meta property=\"og:url\" content=\"https:\/\/www.capgemini.com\/fr-fr\/actualites\/cas-clients\/maprimerenov\/\" \/>\n<meta property=\"og:site_name\" content=\"Capgemini France\" \/>\n<meta property=\"article:modified_time\" content=\"2026-01-07T12:04:47+00:00\" \/>\n<meta property=\"og:image\" content=\"https:\/\/www.capgemini.com\/fr-fr\/wp-content\/uploads\/sites\/6\/2021\/09\/2022-FR-Cas-client-MaPrimeRenov-WebPreview.jpg\" \/>\n\t<meta property=\"og:image:width\" content=\"1200\" \/>\n\t<meta property=\"og:image:height\" content=\"630\" \/>\n\t<meta property=\"og:image:type\" content=\"image\/jpeg\" \/>\n<meta name=\"twitter:card\" content=\"summary_large_image\" \/>\n<meta name=\"twitter:label1\" content=\"Est. reading time\" \/>\n\t<meta name=\"twitter:data1\" content=\"2 minutes\" \/>\n<script type=\"application\/ld+json\" class=\"yoast-schema-graph\">{\"@context\":\"https:\/\/schema.org\",\"@graph\":[{\"@type\":\"WebPage\",\"@id\":\"https:\/\/www.capgemini.com\/fr-fr\/actualites\/cas-clients\/maprimerenov\/\",\"url\":\"https:\/\/www.capgemini.com\/fr-fr\/actualites\/cas-clients\/maprimerenov\/\",\"name\":\"Capgemini accompagne le d\u00e9ploiement de MaPrimeR\u00e9nov\u2019 - Capgemini France\",\"isPartOf\":{\"@id\":\"https:\/\/www.capgemini.com\/fr-fr\/#website\"},\"primaryImageOfPage\":{\"@id\":\"https:\/\/www.capgemini.com\/fr-fr\/actualites\/cas-clients\/maprimerenov\/#primaryimage\"},\"image\":{\"@id\":\"https:\/\/www.capgemini.com\/fr-fr\/actualites\/cas-clients\/maprimerenov\/#primaryimage\"},\"thumbnailUrl\":\"https:\/\/www.capgemini.com\/fr-fr\/wp-content\/uploads\/sites\/6\/2021\/09\/2022-FR-Cas-client-Ma-prime-Renov-Image-.jpg\",\"datePublished\":\"2021-09-22T14:19:00+00:00\",\"dateModified\":\"2026-01-07T12:04:47+00:00\",\"description\":\"Lanc\u00e9e le 1er janvier 2020 par l\u2019Agence Nationale de l\u2019Habitat (Anah), MaPrimeR\u00e9nov\u2019 remplace le cr\u00e9dit d\u2019imp\u00f4t pour la transition \u00e9nerg\u00e9tique (CITE) et diverses aides d\u00e9j\u00e0 existantes.\",\"breadcrumb\":{\"@id\":\"https:\/\/www.capgemini.com\/fr-fr\/actualites\/cas-clients\/maprimerenov\/#breadcrumb\"},\"inLanguage\":\"fr-FR\",\"potentialAction\":[{\"@type\":\"ReadAction\",\"target\":[\"https:\/\/www.capgemini.com\/fr-fr\/actualites\/cas-clients\/maprimerenov\/\"]}]},{\"@type\":\"ImageObject\",\"inLanguage\":\"fr-FR\",\"@id\":\"https:\/\/www.capgemini.com\/fr-fr\/actualites\/cas-clients\/maprimerenov\/#primaryimage\",\"url\":\"https:\/\/www.capgemini.com\/fr-fr\/wp-content\/uploads\/sites\/6\/2021\/09\/2022-FR-Cas-client-Ma-prime-Renov-Image-.jpg\",\"contentUrl\":\"https:\/\/www.capgemini.com\/fr-fr\/wp-content\/uploads\/sites\/6\/2021\/09\/2022-FR-Cas-client-Ma-prime-Renov-Image-.jpg\",\"width\":5464,\"height\":3640,\"caption\":\"Aerial view of residential households in an American suburb\"},{\"@type\":\"BreadcrumbList\",\"@id\":\"https:\/\/www.capgemini.com\/fr-fr\/actualites\/cas-clients\/maprimerenov\/#breadcrumb\",\"itemListElement\":[{\"@type\":\"ListItem\",\"position\":1,\"name\":\"Client Stories\",\"item\":\"https:\/\/www.capgemini.com\/fr-fr\/client-story\/\"},{\"@type\":\"ListItem\",\"position\":2,\"name\":\"Capgemini accompagne le d\u00e9ploiement de MaPrimeR\u00e9nov\u2019\"}]},{\"@type\":\"WebSite\",\"@id\":\"https:\/\/www.capgemini.com\/fr-fr\/#website\",\"url\":\"https:\/\/www.capgemini.com\/fr-fr\/\",\"name\":\"Capgemini France\",\"description\":\"Just another www.capgemini.com site\",\"publisher\":{\"@id\":\"https:\/\/www.capgemini.com\/fr-fr\/#organization\"},\"potentialAction\":[{\"@type\":\"SearchAction\",\"target\":{\"@type\":\"EntryPoint\",\"urlTemplate\":\"https:\/\/www.capgemini.com\/fr-fr\/?s={search_term_string}\"},\"query-input\":\"required name=search_term_string\"}],\"inLanguage\":\"fr-FR\"},{\"@type\":\"Organization\",\"@id\":\"https:\/\/www.capgemini.com\/fr-fr\/#organization\",\"name\":\"Capgemini France\",\"url\":\"https:\/\/www.capgemini.com\/fr-fr\/\",\"logo\":{\"@type\":\"ImageObject\",\"inLanguage\":\"fr-FR\",\"@id\":\"https:\/\/www.capgemini.com\/fr-fr\/#\/schema\/logo\/image\/\",\"url\":\"https:\/\/www.capgemini.com\/fr-fr\/wp-content\/uploads\/sites\/6\/2022\/08\/Logo-Capgemini.png\",\"contentUrl\":\"https:\/\/www.capgemini.com\/fr-fr\/wp-content\/uploads\/sites\/6\/2022\/08\/Logo-Capgemini.png\",\"width\":202,\"height\":60,\"caption\":\"Capgemini France\"},\"image\":{\"@id\":\"https:\/\/www.capgemini.com\/fr-fr\/#\/schema\/logo\/image\/\"}}]}<\/script>\n<!-- \/ Yoast SEO Premium plugin. -->","yoast_head_json":{"title":"Capgemini accompagne le d\u00e9ploiement de MaPrimeR\u00e9nov\u2019 - Capgemini France","description":"Lanc\u00e9e le 1er janvier 2020 par l\u2019Agence Nationale de l\u2019Habitat (Anah), MaPrimeR\u00e9nov\u2019 remplace le cr\u00e9dit d\u2019imp\u00f4t pour la transition \u00e9nerg\u00e9tique (CITE) et diverses aides d\u00e9j\u00e0 existantes.","robots":{"index":"index","follow":"follow","max-snippet":"max-snippet:-1","max-image-preview":"max-image-preview:large","max-video-preview":"max-video-preview:-1"},"canonical":"https:\/\/www.capgemini.com\/fr-fr\/actualites\/cas-clients\/maprimerenov\/","og_locale":"fr_FR","og_type":"article","og_title":"Capgemini accompagne le d\u00e9ploiement de MaPrimeR\u00e9nov\u2019","og_description":"Lanc\u00e9e le 1er janvier 2020 par l\u2019Agence Nationale de l\u2019Habitat (Anah), MaPrimeR\u00e9nov\u2019 remplace le cr\u00e9dit d\u2019imp\u00f4t pour la transition \u00e9nerg\u00e9tique (CITE) et diverses aides d\u00e9j\u00e0 existantes.","og_url":"https:\/\/www.capgemini.com\/fr-fr\/actualites\/cas-clients\/maprimerenov\/","og_site_name":"Capgemini France","article_modified_time":"2026-01-07T12:04:47+00:00","og_image":[{"width":1200,"height":630,"url":"https:\/\/www.capgemini.com\/fr-fr\/wp-content\/uploads\/sites\/6\/2021\/09\/2022-FR-Cas-client-MaPrimeRenov-WebPreview.jpg","type":"image\/jpeg"}],"twitter_card":"summary_large_image","twitter_misc":{"Est. reading time":"2 minutes"},"schema":{"@context":"https:\/\/schema.org","@graph":[{"@type":"WebPage","@id":"https:\/\/www.capgemini.com\/fr-fr\/actualites\/cas-clients\/maprimerenov\/","url":"https:\/\/www.capgemini.com\/fr-fr\/actualites\/cas-clients\/maprimerenov\/","name":"Capgemini accompagne le d\u00e9ploiement de MaPrimeR\u00e9nov\u2019 - Capgemini France","isPartOf":{"@id":"https:\/\/www.capgemini.com\/fr-fr\/#website"},"primaryImageOfPage":{"@id":"https:\/\/www.capgemini.com\/fr-fr\/actualites\/cas-clients\/maprimerenov\/#primaryimage"},"image":{"@id":"https:\/\/www.capgemini.com\/fr-fr\/actualites\/cas-clients\/maprimerenov\/#primaryimage"},"thumbnailUrl":"https:\/\/www.capgemini.com\/fr-fr\/wp-content\/uploads\/sites\/6\/2021\/09\/2022-FR-Cas-client-Ma-prime-Renov-Image-.jpg","datePublished":"2021-09-22T14:19:00+00:00","dateModified":"2026-01-07T12:04:47+00:00","description":"Lanc\u00e9e le 1er janvier 2020 par l\u2019Agence Nationale de l\u2019Habitat (Anah), MaPrimeR\u00e9nov\u2019 remplace le cr\u00e9dit d\u2019imp\u00f4t pour la transition \u00e9nerg\u00e9tique (CITE) et diverses aides d\u00e9j\u00e0 existantes.","breadcrumb":{"@id":"https:\/\/www.capgemini.com\/fr-fr\/actualites\/cas-clients\/maprimerenov\/#breadcrumb"},"inLanguage":"fr-FR","potentialAction":[{"@type":"ReadAction","target":["https:\/\/www.capgemini.com\/fr-fr\/actualites\/cas-clients\/maprimerenov\/"]}]},{"@type":"ImageObject","inLanguage":"fr-FR","@id":"https:\/\/www.capgemini.com\/fr-fr\/actualites\/cas-clients\/maprimerenov\/#primaryimage","url":"https:\/\/www.capgemini.com\/fr-fr\/wp-content\/uploads\/sites\/6\/2021\/09\/2022-FR-Cas-client-Ma-prime-Renov-Image-.jpg","contentUrl":"https:\/\/www.capgemini.com\/fr-fr\/wp-content\/uploads\/sites\/6\/2021\/09\/2022-FR-Cas-client-Ma-prime-Renov-Image-.jpg","width":5464,"height":3640,"caption":"Aerial view of residential households in an American suburb"},{"@type":"BreadcrumbList","@id":"https:\/\/www.capgemini.com\/fr-fr\/actualites\/cas-clients\/maprimerenov\/#breadcrumb","itemListElement":[{"@type":"ListItem","position":1,"name":"Client Stories","item":"https:\/\/www.capgemini.com\/fr-fr\/client-story\/"},{"@type":"ListItem","position":2,"name":"Capgemini accompagne le d\u00e9ploiement de MaPrimeR\u00e9nov\u2019"}]},{"@type":"WebSite","@id":"https:\/\/www.capgemini.com\/fr-fr\/#website","url":"https:\/\/www.capgemini.com\/fr-fr\/","name":"Capgemini France","description":"Just another www.capgemini.com site","publisher":{"@id":"https:\/\/www.capgemini.com\/fr-fr\/#organization"},"potentialAction":[{"@type":"SearchAction","target":{"@type":"EntryPoint","urlTemplate":"https:\/\/www.capgemini.com\/fr-fr\/?s={search_term_string}"},"query-input":"required name=search_term_string"}],"inLanguage":"fr-FR"},{"@type":"Organization","@id":"https:\/\/www.capgemini.com\/fr-fr\/#organization","name":"Capgemini France","url":"https:\/\/www.capgemini.com\/fr-fr\/","logo":{"@type":"ImageObject","inLanguage":"fr-FR","@id":"https:\/\/www.capgemini.com\/fr-fr\/#\/schema\/logo\/image\/","url":"https:\/\/www.capgemini.com\/fr-fr\/wp-content\/uploads\/sites\/6\/2022\/08\/Logo-Capgemini.png","contentUrl":"https:\/\/www.capgemini.com\/fr-fr\/wp-content\/uploads\/sites\/6\/2022\/08\/Logo-Capgemini.png","width":202,"height":60,"caption":"Capgemini France"},"image":{"@id":"https:\/\/www.capgemini.com\/fr-fr\/#\/schema\/logo\/image\/"}}]}},"brand_term":[{"id":30,"slug":"capgemini"}],"parsely":{"version":"1.1.0","canonical_url":"https:\/\/capgemini.com\/fr-fr\/actualites\/cas-clients\/maprimerenov\/","smart_links":{"inbound":0,"outbound":0},"traffic_boost_suggestions_count":0,"meta":{"@context":"https:\/\/schema.org","@type":"NewsArticle","headline":"Capgemini accompagne le d\u00e9ploiement de MaPrimeR\u00e9nov\u2019","url":"https:\/\/www.capgemini.com\/fr-fr\/actualites\/cas-clients\/maprimerenov\/","mainEntityOfPage":{"@type":"WebPage","@id":"https:\/\/www.capgemini.com\/fr-fr\/actualites\/cas-clients\/maprimerenov\/"},"thumbnailUrl":"https:\/\/www.capgemini.com\/fr-fr\/wp-content\/uploads\/sites\/6\/2021\/09\/2022-FR-Cas-client-Ma-prime-Renov-Image-.jpg?w=150&h=150&crop=1","image":{"@type":"ImageObject","url":"https:\/\/www.capgemini.com\/fr-fr\/wp-content\/uploads\/sites\/6\/2021\/09\/2022-FR-Cas-client-Ma-prime-Renov-Image-.jpg"},"articleSection":"Uncategorized","author":[],"creator":[],"publisher":{"@type":"Organization","name":"Capgemini France","logo":""},"keywords":["d\u00e9veloppement durable"],"dateCreated":"2021-09-22T14:19:00Z","datePublished":"2021-09-22T14:19:00Z","dateModified":"2026-01-07T12:04:47Z"},"rendered":"<meta name=\"parsely-title\" content=\"Capgemini accompagne le d\u00e9ploiement de MaPrimeR\u00e9nov\u2019\" \/>\n<meta name=\"parsely-link\" content=\"https:\/\/www.capgemini.com\/fr-fr\/actualites\/cas-clients\/maprimerenov\/\" \/>\n<meta name=\"parsely-type\" content=\"post\" \/>\n<meta name=\"parsely-image-url\" content=\"https:\/\/www.capgemini.com\/fr-fr\/wp-content\/uploads\/sites\/6\/2021\/09\/2022-FR-Cas-client-Ma-prime-Renov-Image-.jpg?w=150&amp;h=150&amp;crop=1\" \/>\n<meta name=\"parsely-pub-date\" content=\"2021-09-22T14:19:00Z\" \/>\n<meta name=\"parsely-section\" content=\"Uncategorized\" \/>\n<meta name=\"parsely-tags\" content=\"d\u00e9veloppement durable\" \/>","tracker_url":"https:\/\/cdn.parsely.com\/keys\/capgemini.com\/p.js"},"archive_status":false,"featured_image_src":"https:\/\/www.capgemini.com\/fr-fr\/wp-content\/uploads\/sites\/6\/2021\/09\/2022-FR-Cas-client-Ma-prime-Renov-Image-.jpg","featured_image_alt":"","jetpack_sharing_enabled":true,"distributor_meta":false,"distributor_terms":false,"distributor_media":false,"distributor_original_site_name":"Capgemini France","distributor_original_site_url":"https:\/\/www.capgemini.com\/fr-fr","push-errors":false,"featured_image_url":"https:\/\/www.capgemini.com\/fr-fr\/wp-content\/uploads\/sites\/6\/2021\/09\/2022-FR-Cas-client-Ma-prime-Renov-Image-.jpg","_links":{"self":[{"href":"https:\/\/www.capgemini.com\/fr-fr\/wp-json\/wp\/v2\/client-story\/670114","targetHints":{"allow":["GET"]}}],"collection":[{"href":"https:\/\/www.capgemini.com\/fr-fr\/wp-json\/wp\/v2\/client-story"}],"about":[{"href":"https:\/\/www.capgemini.com\/fr-fr\/wp-json\/wp\/v2\/types\/client-story"}],"author":[{"embeddable":true,"href":"https:\/\/www.capgemini.com\/fr-fr\/wp-json\/wp\/v2\/users\/103"}],"version-history":[{"count":15,"href":"https:\/\/www.capgemini.com\/fr-fr\/wp-json\/wp\/v2\/client-story\/670114\/revisions"}],"predecessor-version":[{"id":799136,"href":"https:\/\/www.capgemini.com\/fr-fr\/wp-json\/wp\/v2\/client-story\/670114\/revisions\/799136"}],"wp:featuredmedia":[{"embeddable":true,"href":"https:\/\/www.capgemini.com\/fr-fr\/wp-json\/wp\/v2\/media\/680792"}],"wp:attachment":[{"href":"https:\/\/www.capgemini.com\/fr-fr\/wp-json\/wp\/v2\/media?parent=670114"}],"wp:term":[{"taxonomy":"post_tag","embeddable":true,"href":"https:\/\/www.capgemini.com\/fr-fr\/wp-json\/wp\/v2\/tags?post=670114"},{"taxonomy":"brand","embeddable":true,"href":"https:\/\/www.capgemini.com\/fr-fr\/wp-json\/wp\/v2\/brand?post=670114"},{"taxonomy":"service","embeddable":true,"href":"https:\/\/www.capgemini.com\/fr-fr\/wp-json\/wp\/v2\/service?post=670114"},{"taxonomy":"industry","embeddable":true,"href":"https:\/\/www.capgemini.com\/fr-fr\/wp-json\/wp\/v2\/industry?post=670114"},{"taxonomy":"partners","embeddable":true,"href":"https:\/\/www.capgemini.com\/fr-fr\/wp-json\/wp\/v2\/partners?post=670114"},{"taxonomy":"country","embeddable":true,"href":"https:\/\/www.capgemini.com\/fr-fr\/wp-json\/wp\/v2\/country?post=670114"},{"taxonomy":"content-group","embeddable":true,"href":"https:\/\/www.capgemini.com\/fr-fr\/wp-json\/wp\/v2\/content-group?post=670114"}],"curies":[{"name":"wp","href":"https:\/\/api.w.org\/{rel}","templated":true}]}}