{"id":482490,"date":"2022-03-16T18:09:00","date_gmt":"2022-03-16T18:09:00","guid":{"rendered":"https:\/\/www.capgemini.com\/fi-en\/?post_type=press-release&#038;p=482490"},"modified":"2025-03-18T09:40:59","modified_gmt":"2025-03-18T09:40:59","slug":"capgeminin-uudeksi-myyntijohtajaksi-nimitetty-ari-rikkila","status":"publish","type":"press-release","link":"https:\/\/www.capgemini.com\/fi-en\/news\/press-releases\/capgeminin-uudeksi-myyntijohtajaksi-nimitetty-ari-rikkila\/","title":{"rendered":"Capgeminin uudeksi myyntijohtajaksi nimitetty Ari Rikkil\u00e4"},"content":{"rendered":"\n<p><\/p>\n\n\n\t\t<div class=\"wp-block-cg-blocks-hero-press-release\">\n\t\t\t<header class=\"header-hero-press-release\" role=\"main\" id=\"main-content-press-release\">\n\t\t\t\t<div class=\"container\">\n\t\t\t\t\t<div class=\"hero-press-release\">\n\t\t\t\t\t\t<div class=\"hero-press-release-content-wrapper\">\n\t\t\t\t\t\t\t<div class=\"row\">\n\t\t\t\t\t\t\t\t<div class=\"col-12\">\n\t\t\t\t\t\t\t\t\t<div class=\"header-title\">\n\t\t\t\t\t\t\t\t\t\t<h1>\n\t\t\t\t\t\t\t\t\t\t\tCapgeminin uudeksi myyntijohtajaksi nimitetty Ari Rikkil\u00e4\t\t\t\t\t\t\t\t\t\t<\/h1>\n\t\t\t\t\t\t\t\t\t<\/div>\n\t\t\t\t\t\t\t\t\t<div class=\"header-description\">\n\t\t\t\t\t\t\t\t\t\t<p><\/p>\n\t\t\t\t\t\t\t\t\t<\/div>\n\t\t\t\t\t\t\t\t\t\t\t\t\t\t\t\t\t\t<div class=\"header-date\">\n\t\t\t\t\t\t\t\t\t\t<span>Mar 16, 2022<\/span>\n\t\t\t\t\t\t\t\t\t<\/div>\n\t\t\t\t\t\t\t\t<\/div>\n\t\t\t\t\t\t\t<\/div>\n\t\t\t\t\t\t<\/div>\n\t\t\t\t\t\t\t\t\t\t\t\t\t<div class=\"hero-press-release-downloads\">\n\t\t\t\t\t\t\t\t<div class=\"row\">\n\t\t\t\t\t\t\t\t\t\t\t\t\t\t\t\t\t\t\t<div class=\"col-12 col-md-6 col-lg-3\">\n\t\t\t\t\t\t\t\t\t\t\t<a class=\"download-item\" type=\"download\" href=\"https:\/\/www.capgemini.com\/fi-en\/wp-content\/uploads\/sites\/26\/2022\/09\/2022_03_16_Capgemini_Ari-Rikkila\u0308_nimitys_tiedote_FIN_FINAL.pdf\" target=\"_blank\" rel=\"noopener noreferrer\" title=\"Opens in a new window\">\n\t\t\t\t\t\t\t\t\t\t\t\t<div class=\"download-icon\"><\/div>\n\t\t\t\t\t\t\t\t\t\t\t\t<div class=\"download-details\">\n\t\t\t\t\t\t\t\t\t\t\t\t\t<div class=\"download-title\">Download press release<\/div>\n\t\t\t\t\t\t\t\t\t\t\t\t\t<div class=\"download-props\">96 KB  pdf<\/div>\n\t\t\t\t\t\t\t\t\t\t\t\t<\/div>\n\t\t\t\t\t\t\t\t\t\t\t<\/a>\n\t\t\t\t\t\t\t\t\t\t<\/div>\n\t\t\t\t\t\t\t\t\t\t\t\t\t\t\t\t\t\t<\/div>\n\t\t\t\t\t\t\t<\/div>\n\t\t\t\t\t\t\t\t\t\t\t\t\t\t\t\t\t<\/div>\n\t\t\t\t<\/div>\n\t\t\t<\/header>\n\t\t<\/div>\n\t\t\n\n\n<section class=\"wp-block-cg-blocks-intro-para undefined section section--intro\"><div class=\"intro-para\"><div class=\"container\"><div class=\"row\"><div class=\"col-12 col-md-1\"><nav class=\"article-social\"><ul class=\"social-nav\"><li class=\"ip-order-fb\"><a href=\"https:\/\/www.facebook.com\/sharer\/sharer.php?u=https:\/\/www.capgemini.com\/fi-en\/news\/press-releases\/capgeminin-uudeksi-myyntijohtajaksi-nimitetty-ari-rikkila\/\" target=\"_blank\" rel=\"noopener noreferrer\" title=\"opens in a new window\"><i aria-hidden=\"true\" class=\"icon-fb\"><\/i><span class=\"sr-only\">Facebook<\/span><\/a><\/li><li class=\"ip-order-li\"><a href=\"https:\/\/www.linkedin.com\/sharing\/share-offsite\/?url=https:\/\/www.capgemini.com\/fi-en\/news\/press-releases\/capgeminin-uudeksi-myyntijohtajaksi-nimitetty-ari-rikkila\/\" target=\"_blank\" rel=\"noopener noreferrer\" title=\"opens in a new window\"><i aria-hidden=\"true\" class=\"icon-li\"><\/i><span class=\"sr-only\">Linkedin<\/span><\/a><\/li><\/ul><\/nav><\/div><div class=\"col-12 col-md-11 col-lg-10\"><h2 class=\"intro-para-title\">Helsinki, 16.3.2022 \u2013 <a href=\"https:\/\/www.capgemini.com\/fi-en\/\">Capgemini Finlandin<\/a> uudeksi myyntijohtajaksi on nimitetty Ari Rikkil\u00e4. Nimityksens\u00e4 my\u00f6t\u00e4 h\u00e4n istuu Capgeminin Suomen maayhti\u00f6n johtoryhm\u00e4ss\u00e4 raportoiden toimitusjohtaja Mikko Misukalle ja vastaa Capgeminin paikallisista asiakkuuksista ja myynnist\u00e4.<\/h2><\/div><\/div><\/div><\/div><\/section>\n\n\n\n<section class=\"wp-block-cg-blocks-group undefined section section--article-content\"><div class=\"article-main-content\"><div class=\"container\"><div class=\"row\"><div class=\"col-12 col-md-11 col-lg-10 offset-md-1 offset-lg-1\"><div class=\"article-text article-quote-text\">\n<p>Ennen Capgeminille siirtymist\u00e4\u00e4n Rikkil\u00e4 on ty\u00f6skennellyt useissa kansainv\u00e4lisiss\u00e4 ja kotimaisissa teknologia-alan yrityksiss\u00e4, viimeksi Digialla. Kaikkiaan Rikkil\u00e4n yli 25 vuoden kokemus teknologiayritysten myynti- ja johtoteht\u00e4vist\u00e4 on antanut h\u00e4nelle vankan pohjan toimia uudessa roolissaan. Rikkil\u00e4 tuo mukanaan vahvaa osaamista asiakassuhteiden kehitt\u00e4miseen ja ymm\u00e4rryst\u00e4 teknologisten ratkaisujen mahdollisuuksista suomalaisille organisaatioille.<\/p>\n\n\n\n<p>\u201d<em>Olemme iloisia Arin nimityksest\u00e4 myyntijohtajaksi. H\u00e4nen pitk\u00e4 kokemuksensa teknologia-alan johtoteht\u00e4vist\u00e4, syv\u00e4llinen ymm\u00e4rrys asiakkaiden tarpeista sek\u00e4 vahva sitoutuminen vied\u00e4 muutosprosessit l\u00e4pi yhdess\u00e4 asiakkaan kanssa ovat erinomainen yhdistelm\u00e4 n\u00e4kemyst\u00e4 ja osaamista. Arin positiivinen energia luo ymp\u00e4rilleen kannustavan ilmapiirin innostaen tiimi\u00e4 tekem\u00e4\u00e4n ty\u00f6t\u00e4 yhteisten tavoitteiden eteen<\/em>\u201d, hehkuttaa Capgeminin toimitusjohtaja <strong>Mikko Misukka.<\/strong><\/p>\n\n\n\n<p><strong>Ari Rikkil\u00e4n ura lyhyesti<\/strong><\/p>\n\n\n\n<p>Rikkil\u00e4 siirtyi Capgeminille Digialta, jossa h\u00e4n toimi Senior Vice Presidentin roolissa vastuullaan myynti, markkinointi ja viestint\u00e4. H\u00e4n oli my\u00f6s Digian johtoryhm\u00e4n j\u00e4sen. Yli 25-vuotisen kansainv\u00e4lisen uransa aikana h\u00e4n on ollut esimerkiksi Cisco Systemsin, Elisan ja lukuisten muiden teknologia-alan yritysten palveluksessa johto-, myynti-, neuvonantaja- ja hallitusrooleissa niin kotimaassa kuin ulkomailla. Rikkil\u00e4 on koulutukseltaan diplomi-insin\u00f6\u00f6ri Teknillisest\u00e4 korkeakoulusta (nyky\u00e4\u00e4n Aalto yliopisto). Capgeminill\u00e4 h\u00e4n on Vice President -roolissa Suomen maayhti\u00f6n johtoryhm\u00e4n j\u00e4senen\u00e4 raportoiden toimitusjohtaja Mikko Misukalle.<\/p>\n\n\n\n<p><strong>Kuva Ari Rikkil\u00e4st\u00e4<\/strong><\/p>\n\n\n\n<p>Korkearesoluutioinen kuva Ari Rikkil\u00e4st\u00e4 on saatavilla pyynn\u00f6st\u00e4.<\/p>\n\n\n\n<p><strong>Capgemini<\/strong><\/p>\n\n\n\n<p>Capgemini on globaali edell\u00e4k\u00e4vij\u00e4 organisaatioiden strategisten muutoshankkeiden kumppanina ja liiketoimintaa tukevien teknologisten ratkaisujen kehitt\u00e4j\u00e4n\u00e4. Capgeminin p\u00e4\u00e4m\u00e4\u00e4r\u00e4 vastuullisena sek\u00e4 osallisuutta ja monimuotoisuutta vaalivana konsernina on tuoda ihmisl\u00e4ht\u00f6isesti suunnitellut ja k\u00e4ytt\u00e4jien tarpeisiin pohjautuvat ratkaisut yksil\u00f6iden ja organisaatioiden ulottuville. Syv\u00e4sti monikulttuurinen Capgemini ty\u00f6llist\u00e4\u00e4 globaalisti yli 325.000 ihmist\u00e4 yli 50 maassa. 55-vuotisen historiansa aikana Capgemini on ollut asiakkailleen luotettu ja kokonaisvaltainen kumppani strategiaty\u00f6ss\u00e4, liiketoimintamallien ja palveluiden muotoilussa sek\u00e4 operatiivisten prosessien mahdollistajana. Laaja-alainen asiantuntemus pilvi-, teko\u00e4ly-, alusta- ja ohjelmistoratkaisuissa, data- ja verkkoyhteysosaamisessa sek\u00e4 IT- ja tuotekehitysosaamisen yhdist\u00e4misess\u00e4 ovat Capgeminin vahvuuksia nopeasti kehittyv\u00e4ll\u00e4 teknologia-alalla. Capgemini-konsernin liikevaihto vuonna 2021 oli 18 miljardia euroa.<\/p>\n\n\n\n<p>Get the Future You Want | <a href=\"https:\/\/www.capgemini.com\/fi-en\/\">https:\/\/www.capgemini.com\/fi-en\/<\/a><\/p>\n<\/div><\/div><\/div><\/div><\/div><\/section>\n\n\n<div class=\"wp-block-cg-blocks-cg-block-related-content\"><section class=\"relatedContentBlock\"><div class=\"container\"><div class=\"row\"><div class=\"content-title col-12 col-md-8\"><h2 class=\"related-content-heading\">Related News<\/h2><\/div><\/div><div class=\"row relatedContent\"><div class=\"col-lg-4 col-md-6 col-xs-12\">\n\t\t\t\t\t\t\t<div class=\"box\">\n\t\t\t\t\t\t\t\t<a aria-label=\"Read more about Capgemini to launch the divestiture of its subsidiary Capgemini Government Solutions\" href=\"https:\/\/www.capgemini.com\/fi-en\/news\/press-releases\/capgemini-to-launch-the-divestiture-of-its-subsidiary-capgemini-government-solutions\/\" class=\"anchorWrapper\">\n\t\t\t\t\t\t\t\t\t<span class=\"box-tag\"><span>Corporate news<\/span><\/span>\n\t\t\t\t\t\t\t\t\t<div class=\"box-title\"><h3 class=\"box-subtitle\">Capgemini to launch the divestiture of its subsidiary Capgemini Government Solutions<\/h3><\/div>\n\t\t\t\t\t\t\t\t\t<div class=\"box-date\">\n\t\t\t\t\t\t\t\t\t\t<span>Feb 1, 2026<\/span>\n\t\t\t\t\t\t\t\t\t<\/div>\n\t\t\t\t\t\t\t\t\t<div class=\"box-bottom\">\n\t\t\t\t\t\t\t\t\t\t\n\t\t\t\t\t\t\t\t\t\t<a class=\"more\" aria-label=\"Read more about Capgemini to launch the divestiture of its subsidiary Capgemini Government Solutions\" href=\"https:\/\/www.capgemini.com\/fi-en\/news\/press-releases\/capgemini-to-launch-the-divestiture-of-its-subsidiary-capgemini-government-solutions\/\">Read more about<\/a>\n\t\t\t\t\t\t\t\t\t<\/div>\n\t\t\t\t\t\t\t\t<\/a>\n\t\t\t\t\t\t\t<\/div>\n\t\t\t\t\t\t<\/div><div class=\"col-lg-4 col-md-6 col-xs-12\">\n\t\t\t\t\t\t\t<div class=\"box\">\n\t\t\t\t\t\t\t\t<a aria-label=\"Read more about Change in the composition of the Board of Directors\" href=\"https:\/\/www.capgemini.com\/fi-en\/news\/press-releases\/change-in-the-composition-of-the-board-of-directors-2\/\" class=\"anchorWrapper\">\n\t\t\t\t\t\t\t\t\t<span class=\"box-tag\"><span>Corporate news<\/span><\/span>\n\t\t\t\t\t\t\t\t\t<div class=\"box-title\"><h3 class=\"box-subtitle\">Change in the composition of the Board of Directors<\/h3><\/div>\n\t\t\t\t\t\t\t\t\t<div class=\"box-date\">\n\t\t\t\t\t\t\t\t\t\t<span>Jan 5, 2026<\/span>\n\t\t\t\t\t\t\t\t\t<\/div>\n\t\t\t\t\t\t\t\t\t<div class=\"box-bottom\">\n\t\t\t\t\t\t\t\t\t\t&lt;a class=&quot;link-download&quot; href=&quot;https:\/\/www.capgemini.com\/fi-en\/wp-content\/uploads\/sites\/26\/2026\/01\/01_05-Change_in_the_composition_of_the_Board_of_Directors.pdf&quot; aria-label=&quot;Download Press Release&quot; target=&quot;_blank&quot;  type=&quot;download&quot; title=&quot;Opens in a new window&quot;&gt;\n\t\t\t\t\t\t\t&lt;span&gt;Download press release&lt;\/span&gt;\n\t\t\t\t\t\t\t&lt;span&gt;132 KB PDF&lt;\/span&gt;\n\t\t\t\t\t\t&lt;\/a&gt;\n\t\t\t\t\t\t\t\t\t\t<a class=\"more\" aria-label=\"Read more about Change in the composition of the Board of Directors\" href=\"https:\/\/www.capgemini.com\/fi-en\/news\/press-releases\/change-in-the-composition-of-the-board-of-directors-2\/\">Read more about<\/a>\n\t\t\t\t\t\t\t\t\t<\/div>\n\t\t\t\t\t\t\t\t<\/a>\n\t\t\t\t\t\t\t<\/div>\n\t\t\t\t\t\t<\/div><div class=\"col-lg-4 col-md-6 col-xs-12\">\n\t\t\t\t\t\t\t<div class=\"box\">\n\t\t\t\t\t\t\t\t<a aria-label=\"Read more about Capgemini develops agentic AI solution to support UNICEF in improving youth access to green careers\" href=\"https:\/\/www.capgemini.com\/fi-en\/news\/press-releases\/capgemini-develops-agentic-ai-solution-to-support-unicef-in-improving-youth-access-to-green-careers\/\" class=\"anchorWrapper\">\n\t\t\t\t\t\t\t\t\t<span class=\"box-tag\"><span>Corporate news<\/span><\/span>\n\t\t\t\t\t\t\t\t\t<div class=\"box-title\"><h3 class=\"box-subtitle\">Capgemini develops agentic AI solution to support UNICEF in improving youth access to green careers<\/h3><\/div>\n\t\t\t\t\t\t\t\t\t<div class=\"box-date\">\n\t\t\t\t\t\t\t\t\t\t<span>Dec 2, 2025<\/span>\n\t\t\t\t\t\t\t\t\t<\/div>\n\t\t\t\t\t\t\t\t\t<div class=\"box-bottom\">\n\t\t\t\t\t\t\t\t\t\t&lt;a class=&quot;link-download&quot; href=&quot;https:\/\/www.capgemini.com\/fi-en\/wp-content\/uploads\/sites\/26\/2025\/12\/12_02_Capgemini-news-alert_GDSC-2025-1.pdf&quot; aria-label=&quot;Download Press Release&quot; target=&quot;_blank&quot;  type=&quot;download&quot; title=&quot;Opens in a new window&quot;&gt;\n\t\t\t\t\t\t\t&lt;span&gt;Download press release&lt;\/span&gt;\n\t\t\t\t\t\t\t&lt;span&gt;162 KB PDF&lt;\/span&gt;\n\t\t\t\t\t\t&lt;\/a&gt;\n\t\t\t\t\t\t\t\t\t\t<a class=\"more\" aria-label=\"Read more about Capgemini develops agentic AI solution to support UNICEF in improving youth access to green careers\" href=\"https:\/\/www.capgemini.com\/fi-en\/news\/press-releases\/capgemini-develops-agentic-ai-solution-to-support-unicef-in-improving-youth-access-to-green-careers\/\">Read more about<\/a>\n\t\t\t\t\t\t\t\t\t<\/div>\n\t\t\t\t\t\t\t\t<\/a>\n\t\t\t\t\t\t\t<\/div>\n\t\t\t\t\t\t<\/div><\/div><\/div><\/section><\/div>","protected":false},"excerpt":{"rendered":"","protected":false},"author":336,"featured_media":503604,"template":"","meta":{"cg_dt_proposed_to":[],"cg_seo_hreflang_relations":"[]","cg_seo_canonical_relation":"","cg_seo_hreflang_x_default_relation":"{\"uuid\":\"567222b6-65f8-484b-bb99-f881e2a6a341\",\"blogId\":\"\",\"domain\":\"\",\"sitePath\":\"\",\"postLink\":\"\",\"postId\":null,\"isSaved\":false,\"isCrossLink\":false,\"hasCrossLink\":false}","cg_dt_approved_content":true,"cg_dt_mandatory_content":false,"cg_dt_notes":"","cg_dg_source_changed":false,"cg_dt_link_disabled":false,"footnotes":"","related_resource_url":"https:\/\/www.capgemini.com\/fi-en\/wp-content\/uploads\/sites\/26\/2022\/09\/2022_03_16_Capgemini_Ari-Rikkila\u0308_nimitys_tiedote_FIN_FINAL.pdf","related_resource_id":482491,"related_resource_size":"96 KB","related_resource_type":"pdf","cg_author":0,"featured_focal_points":""},"tags":[],"press-release-type":[125],"brand":[],"class_list":["post-482490","press-release","type-press-release","status-publish","has-post-thumbnail","hentry","press-release-type-corporate-news"],"yoast_head":"<!-- This site is optimized with the Yoast SEO Premium plugin v22.8 (Yoast SEO v22.8) - https:\/\/yoast.com\/wordpress\/plugins\/seo\/ -->\n<title>Capgeminin uudeksi myyntijohtajaksi nimitetty Ari Rikkil\u00e4 - Capgemini Finland<\/title>\n<meta name=\"robots\" content=\"index, follow, max-snippet:-1, max-image-preview:large, max-video-preview:-1\" \/>\n<link rel=\"canonical\" href=\"https:\/\/www.capgemini.com\/fi-en\/news\/press-releases\/capgeminin-uudeksi-myyntijohtajaksi-nimitetty-ari-rikkila\/\" \/>\n<meta property=\"og:locale\" content=\"en_US\" \/>\n<meta property=\"og:type\" content=\"article\" \/>\n<meta property=\"og:title\" content=\"Capgeminin uudeksi myyntijohtajaksi nimitetty Ari Rikkil\u00e4\" \/>\n<meta property=\"og:url\" content=\"https:\/\/www.capgemini.com\/fi-en\/news\/press-releases\/capgeminin-uudeksi-myyntijohtajaksi-nimitetty-ari-rikkila\/\" \/>\n<meta property=\"og:site_name\" content=\"Capgemini Finland\" \/>\n<meta property=\"article:modified_time\" content=\"2025-03-18T09:40:59+00:00\" \/>\n<meta property=\"og:image\" content=\"https:\/\/www.capgemini.com\/fi-en\/wp-content\/uploads\/sites\/26\/2022\/03\/2022_FI_Sales_Director_appointment_WEB_BANNER.jpg\" \/>\n\t<meta property=\"og:image:width\" content=\"1920\" \/>\n\t<meta property=\"og:image:height\" content=\"480\" \/>\n\t<meta property=\"og:image:type\" content=\"image\/jpeg\" \/>\n<meta name=\"twitter:card\" content=\"summary_large_image\" \/>\n<meta name=\"twitter:label1\" content=\"Est. reading time\" \/>\n\t<meta name=\"twitter:data1\" content=\"2 minutes\" \/>\n<script type=\"application\/ld+json\" class=\"yoast-schema-graph\">{\"@context\":\"https:\/\/schema.org\",\"@graph\":[{\"@type\":\"WebPage\",\"@id\":\"https:\/\/www.capgemini.com\/fi-en\/news\/press-releases\/capgeminin-uudeksi-myyntijohtajaksi-nimitetty-ari-rikkila\/\",\"url\":\"https:\/\/www.capgemini.com\/fi-en\/news\/press-releases\/capgeminin-uudeksi-myyntijohtajaksi-nimitetty-ari-rikkila\/\",\"name\":\"Capgeminin uudeksi myyntijohtajaksi nimitetty Ari Rikkil\u00e4 - Capgemini Finland\",\"isPartOf\":{\"@id\":\"https:\/\/www.capgemini.com\/fi-en\/#website\"},\"primaryImageOfPage\":{\"@id\":\"https:\/\/www.capgemini.com\/fi-en\/news\/press-releases\/capgeminin-uudeksi-myyntijohtajaksi-nimitetty-ari-rikkila\/#primaryimage\"},\"image\":{\"@id\":\"https:\/\/www.capgemini.com\/fi-en\/news\/press-releases\/capgeminin-uudeksi-myyntijohtajaksi-nimitetty-ari-rikkila\/#primaryimage\"},\"thumbnailUrl\":\"https:\/\/www.capgemini.com\/fi-en\/wp-content\/uploads\/sites\/26\/2022\/03\/2022_FI_Sales_Director_appointment_WEB_BANNER.jpg\",\"datePublished\":\"2022-03-16T18:09:00+00:00\",\"dateModified\":\"2025-03-18T09:40:59+00:00\",\"breadcrumb\":{\"@id\":\"https:\/\/www.capgemini.com\/fi-en\/news\/press-releases\/capgeminin-uudeksi-myyntijohtajaksi-nimitetty-ari-rikkila\/#breadcrumb\"},\"inLanguage\":\"en-US\",\"potentialAction\":[{\"@type\":\"ReadAction\",\"target\":[\"https:\/\/www.capgemini.com\/fi-en\/news\/press-releases\/capgeminin-uudeksi-myyntijohtajaksi-nimitetty-ari-rikkila\/\"]}]},{\"@type\":\"ImageObject\",\"inLanguage\":\"en-US\",\"@id\":\"https:\/\/www.capgemini.com\/fi-en\/news\/press-releases\/capgeminin-uudeksi-myyntijohtajaksi-nimitetty-ari-rikkila\/#primaryimage\",\"url\":\"https:\/\/www.capgemini.com\/fi-en\/wp-content\/uploads\/sites\/26\/2022\/03\/2022_FI_Sales_Director_appointment_WEB_BANNER.jpg\",\"contentUrl\":\"https:\/\/www.capgemini.com\/fi-en\/wp-content\/uploads\/sites\/26\/2022\/03\/2022_FI_Sales_Director_appointment_WEB_BANNER.jpg\",\"width\":1920,\"height\":480},{\"@type\":\"BreadcrumbList\",\"@id\":\"https:\/\/www.capgemini.com\/fi-en\/news\/press-releases\/capgeminin-uudeksi-myyntijohtajaksi-nimitetty-ari-rikkila\/#breadcrumb\",\"itemListElement\":[{\"@type\":\"ListItem\",\"position\":1,\"name\":\"Home\",\"item\":\"https:\/\/www.capgemini.com\/fi-en\/\"},{\"@type\":\"ListItem\",\"position\":2,\"name\":\"Press Releases\",\"item\":\"https:\/\/www.capgemini.com\/fi-en\/news\/\"},{\"@type\":\"ListItem\",\"position\":3,\"name\":\"Capgeminin uudeksi myyntijohtajaksi nimitetty Ari Rikkil\u00e4\"}]},{\"@type\":\"WebSite\",\"@id\":\"https:\/\/www.capgemini.com\/fi-en\/#website\",\"url\":\"https:\/\/www.capgemini.com\/fi-en\/\",\"name\":\"Capgemini Finland\",\"description\":\"Capgemini\",\"potentialAction\":[{\"@type\":\"SearchAction\",\"target\":{\"@type\":\"EntryPoint\",\"urlTemplate\":\"https:\/\/www.capgemini.com\/fi-en\/?s={search_term_string}\"},\"query-input\":\"required name=search_term_string\"}],\"inLanguage\":\"en-US\"}]}<\/script>\n<!-- \/ Yoast SEO Premium plugin. -->","yoast_head_json":{"title":"Capgeminin uudeksi myyntijohtajaksi nimitetty Ari Rikkil\u00e4 - Capgemini Finland","robots":{"index":"index","follow":"follow","max-snippet":"max-snippet:-1","max-image-preview":"max-image-preview:large","max-video-preview":"max-video-preview:-1"},"canonical":"https:\/\/www.capgemini.com\/fi-en\/news\/press-releases\/capgeminin-uudeksi-myyntijohtajaksi-nimitetty-ari-rikkila\/","og_locale":"en_US","og_type":"article","og_title":"Capgeminin uudeksi myyntijohtajaksi nimitetty Ari Rikkil\u00e4","og_url":"https:\/\/www.capgemini.com\/fi-en\/news\/press-releases\/capgeminin-uudeksi-myyntijohtajaksi-nimitetty-ari-rikkila\/","og_site_name":"Capgemini Finland","article_modified_time":"2025-03-18T09:40:59+00:00","og_image":[{"width":1920,"height":480,"url":"https:\/\/www.capgemini.com\/fi-en\/wp-content\/uploads\/sites\/26\/2022\/03\/2022_FI_Sales_Director_appointment_WEB_BANNER.jpg","type":"image\/jpeg"}],"twitter_card":"summary_large_image","twitter_misc":{"Est. reading time":"2 minutes"},"schema":{"@context":"https:\/\/schema.org","@graph":[{"@type":"WebPage","@id":"https:\/\/www.capgemini.com\/fi-en\/news\/press-releases\/capgeminin-uudeksi-myyntijohtajaksi-nimitetty-ari-rikkila\/","url":"https:\/\/www.capgemini.com\/fi-en\/news\/press-releases\/capgeminin-uudeksi-myyntijohtajaksi-nimitetty-ari-rikkila\/","name":"Capgeminin uudeksi myyntijohtajaksi nimitetty Ari Rikkil\u00e4 - Capgemini Finland","isPartOf":{"@id":"https:\/\/www.capgemini.com\/fi-en\/#website"},"primaryImageOfPage":{"@id":"https:\/\/www.capgemini.com\/fi-en\/news\/press-releases\/capgeminin-uudeksi-myyntijohtajaksi-nimitetty-ari-rikkila\/#primaryimage"},"image":{"@id":"https:\/\/www.capgemini.com\/fi-en\/news\/press-releases\/capgeminin-uudeksi-myyntijohtajaksi-nimitetty-ari-rikkila\/#primaryimage"},"thumbnailUrl":"https:\/\/www.capgemini.com\/fi-en\/wp-content\/uploads\/sites\/26\/2022\/03\/2022_FI_Sales_Director_appointment_WEB_BANNER.jpg","datePublished":"2022-03-16T18:09:00+00:00","dateModified":"2025-03-18T09:40:59+00:00","breadcrumb":{"@id":"https:\/\/www.capgemini.com\/fi-en\/news\/press-releases\/capgeminin-uudeksi-myyntijohtajaksi-nimitetty-ari-rikkila\/#breadcrumb"},"inLanguage":"en-US","potentialAction":[{"@type":"ReadAction","target":["https:\/\/www.capgemini.com\/fi-en\/news\/press-releases\/capgeminin-uudeksi-myyntijohtajaksi-nimitetty-ari-rikkila\/"]}]},{"@type":"ImageObject","inLanguage":"en-US","@id":"https:\/\/www.capgemini.com\/fi-en\/news\/press-releases\/capgeminin-uudeksi-myyntijohtajaksi-nimitetty-ari-rikkila\/#primaryimage","url":"https:\/\/www.capgemini.com\/fi-en\/wp-content\/uploads\/sites\/26\/2022\/03\/2022_FI_Sales_Director_appointment_WEB_BANNER.jpg","contentUrl":"https:\/\/www.capgemini.com\/fi-en\/wp-content\/uploads\/sites\/26\/2022\/03\/2022_FI_Sales_Director_appointment_WEB_BANNER.jpg","width":1920,"height":480},{"@type":"BreadcrumbList","@id":"https:\/\/www.capgemini.com\/fi-en\/news\/press-releases\/capgeminin-uudeksi-myyntijohtajaksi-nimitetty-ari-rikkila\/#breadcrumb","itemListElement":[{"@type":"ListItem","position":1,"name":"Home","item":"https:\/\/www.capgemini.com\/fi-en\/"},{"@type":"ListItem","position":2,"name":"Press Releases","item":"https:\/\/www.capgemini.com\/fi-en\/news\/"},{"@type":"ListItem","position":3,"name":"Capgeminin uudeksi myyntijohtajaksi nimitetty Ari Rikkil\u00e4"}]},{"@type":"WebSite","@id":"https:\/\/www.capgemini.com\/fi-en\/#website","url":"https:\/\/www.capgemini.com\/fi-en\/","name":"Capgemini Finland","description":"Capgemini","potentialAction":[{"@type":"SearchAction","target":{"@type":"EntryPoint","urlTemplate":"https:\/\/www.capgemini.com\/fi-en\/?s={search_term_string}"},"query-input":"required name=search_term_string"}],"inLanguage":"en-US"}]}},"parsely":{"version":"1.1.0","canonical_url":"https:\/\/capgemini.com\/fi-en\/news\/press-releases\/capgeminin-uudeksi-myyntijohtajaksi-nimitetty-ari-rikkila\/","smart_links":{"inbound":0,"outbound":0},"traffic_boost_suggestions_count":0,"meta":{"@context":"https:\/\/schema.org","@type":"NewsArticle","headline":"Capgeminin uudeksi myyntijohtajaksi nimitetty Ari Rikkil\u00e4","url":"https:\/\/www.capgemini.com\/fi-en\/news\/press-releases\/capgeminin-uudeksi-myyntijohtajaksi-nimitetty-ari-rikkila\/","mainEntityOfPage":{"@type":"WebPage","@id":"https:\/\/www.capgemini.com\/fi-en\/news\/press-releases\/capgeminin-uudeksi-myyntijohtajaksi-nimitetty-ari-rikkila\/"},"thumbnailUrl":"https:\/\/www.capgemini.com\/fi-en\/wp-content\/uploads\/sites\/26\/2022\/03\/2022_FI_Sales_Director_appointment_WEB_BANNER.jpg?w=150&h=150&crop=1","image":{"@type":"ImageObject","url":"https:\/\/www.capgemini.com\/fi-en\/wp-content\/uploads\/sites\/26\/2022\/03\/2022_FI_Sales_Director_appointment_WEB_BANNER.jpg"},"articleSection":"Uncategorized","author":[],"creator":[],"publisher":{"@type":"Organization","name":"Capgemini Finland","logo":""},"keywords":[],"dateCreated":"2022-03-16T18:09:00Z","datePublished":"2022-03-16T18:09:00Z","dateModified":"2025-03-18T09:40:59Z"},"rendered":"<meta name=\"parsely-title\" content=\"Capgeminin uudeksi myyntijohtajaksi nimitetty Ari Rikkil\u00e4\" \/>\n<meta name=\"parsely-link\" content=\"https:\/\/www.capgemini.com\/fi-en\/news\/press-releases\/capgeminin-uudeksi-myyntijohtajaksi-nimitetty-ari-rikkila\/\" \/>\n<meta name=\"parsely-type\" content=\"post\" \/>\n<meta name=\"parsely-image-url\" content=\"https:\/\/www.capgemini.com\/fi-en\/wp-content\/uploads\/sites\/26\/2022\/03\/2022_FI_Sales_Director_appointment_WEB_BANNER.jpg?w=150&amp;h=150&amp;crop=1\" \/>\n<meta name=\"parsely-pub-date\" content=\"2022-03-16T18:09:00Z\" \/>\n<meta name=\"parsely-section\" content=\"Uncategorized\" \/>","tracker_url":"https:\/\/cdn.parsely.com\/keys\/capgemini.com\/p.js"},"archive_status":false,"featured_image_src":"https:\/\/www.capgemini.com\/fi-en\/wp-content\/uploads\/sites\/26\/2022\/03\/2022_FI_Sales_Director_appointment_WEB_BANNER.jpg","featured_image_alt":"","jetpack_sharing_enabled":true,"distributor_meta":false,"distributor_terms":false,"distributor_media":false,"distributor_original_site_name":"Capgemini Finland","distributor_original_site_url":"https:\/\/www.capgemini.com\/fi-en","push-errors":false,"tag_names":[],"_links":{"self":[{"href":"https:\/\/www.capgemini.com\/fi-en\/wp-json\/wp\/v2\/press-release\/482490","targetHints":{"allow":["GET"]}}],"collection":[{"href":"https:\/\/www.capgemini.com\/fi-en\/wp-json\/wp\/v2\/press-release"}],"about":[{"href":"https:\/\/www.capgemini.com\/fi-en\/wp-json\/wp\/v2\/types\/press-release"}],"author":[{"embeddable":true,"href":"https:\/\/www.capgemini.com\/fi-en\/wp-json\/wp\/v2\/users\/336"}],"version-history":[{"count":6,"href":"https:\/\/www.capgemini.com\/fi-en\/wp-json\/wp\/v2\/press-release\/482490\/revisions"}],"predecessor-version":[{"id":541548,"href":"https:\/\/www.capgemini.com\/fi-en\/wp-json\/wp\/v2\/press-release\/482490\/revisions\/541548"}],"wp:featuredmedia":[{"embeddable":true,"href":"https:\/\/www.capgemini.com\/fi-en\/wp-json\/wp\/v2\/media\/503604"}],"wp:attachment":[{"href":"https:\/\/www.capgemini.com\/fi-en\/wp-json\/wp\/v2\/media?parent=482490"}],"wp:term":[{"taxonomy":"post_tag","embeddable":true,"href":"https:\/\/www.capgemini.com\/fi-en\/wp-json\/wp\/v2\/tags?post=482490"},{"taxonomy":"press-release-type","embeddable":true,"href":"https:\/\/www.capgemini.com\/fi-en\/wp-json\/wp\/v2\/press-release-type?post=482490"},{"taxonomy":"brand","embeddable":true,"href":"https:\/\/www.capgemini.com\/fi-en\/wp-json\/wp\/v2\/brand?post=482490"}],"curies":[{"name":"wp","href":"https:\/\/api.w.org\/{rel}","templated":true}]}}