{"id":549627,"date":"2023-09-28T08:30:00","date_gmt":"2023-09-28T06:30:00","guid":{"rendered":"https:\/\/www.capgemini.com\/?post_type=press-release&#038;p=958746"},"modified":"2025-03-12T08:13:07","modified_gmt":"2025-03-12T07:13:07","slug":"capgemini-boosts-its-semiconductor-capabilities-in-europe-with-acquisition-of-hdl-design-house","status":"publish","type":"press-release","link":"https:\/\/www.capgemini.com\/es-es\/noticias\/notas-de-prensa\/capgemini-boosts-its-semiconductor-capabilities-in-europe-with-acquisition-of-hdl-design-house\/","title":{"rendered":"Capgemini refuerza sus capacidades en semiconductores en Europa con la adquisici\u00f3n de HDL Design House"},"content":{"rendered":"\t\t<div class=\"wp-block-cg-blocks-hero-press-release\">\n\t\t\t<header class=\"header-hero-press-release\" role=\"main\" id=\"main-content-press-release\">\n\t\t\t\t<div class=\"container\">\n\t\t\t\t\t<div class=\"hero-press-release\">\n\t\t\t\t\t\t<div class=\"hero-press-release-content-wrapper\">\n\t\t\t\t\t\t\t<div class=\"row\">\n\t\t\t\t\t\t\t\t<div class=\"col-12\">\n\t\t\t\t\t\t\t\t\t<div class=\"header-title\">\n\t\t\t\t\t\t\t\t\t\t<h1>\n\t\t\t\t\t\t\t\t\t\t\tCapgemini refuerza sus capacidades en semiconductores en Europa con la adquisici\u00f3n de HDL Design House\t\t\t\t\t\t\t\t\t\t<\/h1>\n\t\t\t\t\t\t\t\t\t<\/div>\n\t\t\t\t\t\t\t\t\t<div class=\"header-description\">\n\t\t\t\t\t\t\t\t\t\t<p><\/p>\n\t\t\t\t\t\t\t\t\t<\/div>\n\t\t\t\t\t\t\t\t\t\t\t\t\t\t\t\t\t\t<div class=\"header-date\">\n\t\t\t\t\t\t\t\t\t\t<span>sept. 28, 2023<\/span>\n\t\t\t\t\t\t\t\t\t<\/div>\n\t\t\t\t\t\t\t\t<\/div>\n\t\t\t\t\t\t\t<\/div>\n\t\t\t\t\t\t<\/div>\n\t\t\t\t\t\t\t\t\t\t\t\t\t<div class=\"hero-press-release-downloads\">\n\t\t\t\t\t\t\t\t<div class=\"row\">\n\t\t\t\t\t\t\t\t\t\t\t\t\t\t\t\t\t\t\t<div class=\"col-12 col-md-6 col-lg-3\">\n\t\t\t\t\t\t\t\t\t\t\t<a class=\"download-item\" type=\"download\" href=\"https:\/\/www.capgemini.com\/es-es\/wp-content\/uploads\/sites\/16\/2024\/09\/NP-Capgemini-refuerza-sus-capacidades-en-semiconductores-en-Europa-con-la-adquisicion-de-HDL-Design-Housev2.pdf\" target=\"_blank\" rel=\"noopener noreferrer\" title=\"Abrir en una nueva ventana\">\n\t\t\t\t\t\t\t\t\t\t\t\t<div class=\"download-icon\"><\/div>\n\t\t\t\t\t\t\t\t\t\t\t\t<div class=\"download-details\">\n\t\t\t\t\t\t\t\t\t\t\t\t\t<div class=\"download-title\">Download press release<\/div>\n\t\t\t\t\t\t\t\t\t\t\t\t\t<div class=\"download-props\">98 KB  pdf<\/div>\n\t\t\t\t\t\t\t\t\t\t\t\t<\/div>\n\t\t\t\t\t\t\t\t\t\t\t<\/a>\n\t\t\t\t\t\t\t\t\t\t<\/div>\n\t\t\t\t\t\t\t\t\t\t\t\t\t\t\t\t\t\t<\/div>\n\t\t\t\t\t\t\t<\/div>\n\t\t\t\t\t\t\t\t\t\t\t\t\t\t\t\t\t<\/div>\n\t\t\t\t<\/div>\n\t\t\t<\/header>\n\t\t<\/div>\n\t\t\n\n\n<section class=\"wp-block-cg-blocks-group undefined section section--article-content\"><div class=\"article-main-content\"><div class=\"container\"><div class=\"row\"><div class=\"col-12 col-md-1\"><nav class=\"article-social\"><ul class=\"social-nav\"><li class=\"ip-order-fb\"><a href=\"https:\/\/www.facebook.com\/sharer\/sharer.php?=http:\/\/capgeminiucwe.develop\/?post_type=press-release&amp;p=179\" target=\"_blank\" rel=\"noopener noreferrer\" title=\"abrir en una nueva ventana\"><i aria-hidden=\"true\" class=\"icon-fb\"><\/i><span class=\"sr-only\">Facebook<\/span><\/a><\/li><li class=\"ip-order-tw\"><a href=\"https:\/\/twitter.com\/intent\/tweet?=http:\/\/capgeminiucwe.develop\/?post_type=press-release&amp;p=179\" target=\"_blank\" rel=\"noopener noreferrer\" title=\"abrir en una nueva ventana\"><i aria-hidden=\"true\" class=\"icon-tw\"><\/i><span class=\"sr-only\">Twitter<\/span><\/a><\/li><li class=\"ip-order-li\"><a href=\"https:\/\/www.linkedin.com\/shareArticle?=http:\/\/capgeminiucwe.develop\/?post_type=press-release&amp;p=179\" target=\"_blank\" rel=\"noopener noreferrer\" title=\"abrir en una nueva ventana\"><i aria-hidden=\"true\" class=\"icon-li\"><\/i><span class=\"sr-only\">Linkedin<\/span><\/a><\/li><\/ul><\/nav><\/div><div class=\"col-12 col-md-11 col-lg-10\"><div class=\"article-text article-quote-text\">\n<p><strong>Madrid, 28 de septiembre de 2023 \u2013 <\/strong><a href=\"https:\/\/www.capgemini.com\/es-es\/\"><strong>Capgemini<\/strong><\/a><strong> anuncia la adquisici\u00f3n de HDL Design House, proveedor independiente l\u00edder en Europa en servicios de dise\u00f1o y verificaci\u00f3n de silicio. La adquisici\u00f3n ampliar\u00e1 las capacidades globales de ingenier\u00eda de silicio del Grupo, que ya se encuentran entre las mayores del mundo. Refuerza as\u00ed los servicios de silicio como factor clave de la revoluci\u00f3n de la industria inteligente, en la que el Grupo es l\u00edder. La transacci\u00f3n se cerr\u00f3 el 27 de septiembre.<\/strong><\/p>\n\n\n\n<p>Fundada en 2001 y con sede en Belgrado (Serbia), HDL Design House cuenta con aproximadamente 300 ingenieros altamente cualificados y con gran experiencia en el dise\u00f1o de chips avanzados para m\u00faltiples sectores. Sus clientes son complementarios a los de Capgemini e incluyen a los principales actores de la industria de semiconductores, as\u00ed como a los principales Fabricantes de Equipos Originales (OEM), que est\u00e1n aprovechando todo el potencial de los chips para crear productos inteligentes y conectados.<\/p>\n\n\n\n<p>Como socio estrat\u00e9gico de transformaci\u00f3n empresarial y tecnol\u00f3gico, Capgemini permite la convergencia de productos, software, datos y servicios para los l\u00edderes del sector. Los servicios de ingenier\u00eda de silicio son una pieza central que combina la experiencia del Grupo en tecnolog\u00edas digitales al mismo tiempo que ofrece resultados comerciales, ya sea en t\u00e9rminos de rendimiento, conectividad, soberan\u00eda o sostenibilidad.&nbsp;<\/p>\n\n\n\n<p>Esta adquisici\u00f3n permitir\u00e1 a Capgemini reforzar significativamente su presencia en el sector de los semiconductores en Europa, un destino clave para esta industria estrat\u00e9gica.<\/p>\n\n\n\n<p>&#8220;<em>Como parte de nuestro trabajo en industria inteligente para clientes, en Capgemini dise\u00f1amos, desarrollamos y suministramos los productos y servicios del ma\u00f1ana, para que sean inteligentes y est\u00e9n conectados. Ahora que lo digital est\u00e1 presente en todo, los semiconductores est\u00e1n en el centro de las transformaciones comerciales de las empresas<\/em>\u201d, comenta William Roz\u00e9, CEO de Capgemini Engineering y miembro del Consejo Ejecutivo del Grupo. &#8220;<em>HDL Design House es l\u00edder en innovaci\u00f3n de silicio. Reforzar\u00e1 nuestro equipo y nuestra presencia en Europa del Este para seguir satisfaciendo la demanda mundial de la \u00faltima generaci\u00f3n de productos &#8220;inteligentes&#8221; y de alto rendimiento. Estamos muy satisfechos de poder darles la bienvenida a Capgemini<\/em>&#8220;.<\/p>\n\n\n\n<p><em>\u201cDespu\u00e9s de 22 a\u00f1os construyendo y desarrollando conocimientos especializados de categor\u00eda mundial para todos y cada uno de los pasos de la implementaci\u00f3n de sistemas en un chip, y de aumentar continuamente nuestras capacidades en servicios de dise\u00f1o de chips, mientras trabajamos con las principales compa\u00f1\u00edas de semiconductores en proyectos de desarrollo de vanguardia, HDL Design House comienza un nuevo cap\u00edtulo en su evoluci\u00f3n. Unirnos a Capgemini es el siguiente paso natural para nosotros, ya que pasaremos a formar parte de una importante organizaci\u00f3n global y multidisciplinar. Es una perspectiva muy emocionante para HDL Design House y sus empleados\u201d, <\/em>declara Predrag Markovic, Presidente y CEO de HDL Design House.<\/p>\n\n\n\n<p><strong>Acerca de Capgemini<\/strong><\/p>\n\n\n\n<p>Capgemini es un l\u00edder mundial que acompa\u00f1a a las empresas para transformar y gestionar su negocio aprovechando el poder de la tecnolog\u00eda. El Grupo se gu\u00eda cada d\u00eda por su prop\u00f3sito de liberar la energ\u00eda humana a trav\u00e9s de la tecnolog\u00eda para construir un futuro inclusivo y sostenible. Es una organizaci\u00f3n responsable y diversa que cuenta con cerca de 350.000 profesionales en m\u00e1s de 50 pa\u00edses. Con una s\u00f3lida trayectoria de 55 a\u00f1os y un profundo conocimiento del sector, Capgemini es reconocida por sus clientes por la capacidad de respuesta a las necesidades de su negocio, desde la estrategia y el dise\u00f1o hasta las operaciones, todo ello impulsado por el mundo innovador y en r\u00e1pida evoluci\u00f3n del Cloud, los datos, la IA, la conectividad, el software y las plataformas y entornos digitales. En 2022, el Grupo registr\u00f3 unos ingresos globales de 22.000 millones de euros.<\/p>\n\n\n\n<p>Get The Future You Want |&nbsp; <a href=\"https:\/\/www.capgemini.com\/es-es\/\">www.capgemini.com\/es-es\/<\/a><\/p>\n<\/div><\/div><\/div><\/div><\/div><\/section>\n\n\n<div class=\"wp-block-cg-blocks-cg-block-related-content\"><section class=\"relatedContentBlock\"><div class=\"container\"><div class=\"row\"><div class=\"content-title col-12 col-md-8\"><h2 class=\"related-content-heading\">Noticias relacionadas<\/h2><\/div><\/div><div class=\"row relatedContent\"><div class=\"col-lg-4 col-md-6 col-xs-12\">\n\t\t\t\t\t\t\t<div class=\"box\">\n\t\t\t\t\t\t\t\t<a aria-label=\"Saber m\u00e1s sobre Abierta la convocatoria de la VI edici\u00f3n de los Premios Retina ECO, organizados por PRISA Media en colaboraci\u00f3n con Capgemini\" href=\"https:\/\/www.capgemini.com\/es-es\/noticias\/notas-de-prensa\/abierta-la-convocatoria-de-la-vi-edicion-de-los-premios-retina-eco-organizados-por-prisa-media-en-colaboracion-con-capgemini\/\" class=\"anchorWrapper\">\n\t\t\t\t\t\t\t\t\t<span class=\"box-tag\"><span>Corporate news<\/span><\/span>\n\t\t\t\t\t\t\t\t\t<div class=\"box-title\"><h3 class=\"box-subtitle\">Abierta la convocatoria de la VI edici\u00f3n de los Premios Retina ECO, organizados por PRISA Media en colaboraci\u00f3n con Capgemini<\/h3><\/div>\n\t\t\t\t\t\t\t\t\t<div class=\"box-date\">\n\t\t\t\t\t\t\t\t\t\t<span>Mar 12, 2026<\/span>\n\t\t\t\t\t\t\t\t\t<\/div>\n\t\t\t\t\t\t\t\t\t<div class=\"box-bottom\">\n\t\t\t\t\t\t\t\t\t\t&lt;a class=&quot;link-download&quot; href=&quot;https:\/\/www.capgemini.com\/es-es\/wp-content\/uploads\/sites\/16\/2026\/03\/NP-Premios-Retina-2026.pdf&quot; aria-label=&quot;Download Press Release&quot; target=&quot;_blank&quot;  type=&quot;download&quot; title=&quot;Opens in a new window&quot;&gt;\n\t\t\t\t\t\t\t&lt;span&gt;Descargar nota de prensa&lt;\/span&gt;\n\t\t\t\t\t\t\t&lt;span&gt;265 KB PDF&lt;\/span&gt;\n\t\t\t\t\t\t&lt;\/a&gt;\n\t\t\t\t\t\t\t\t\t\t<a class=\"more\" aria-label=\"Saber m\u00e1s sobre Abierta la convocatoria de la VI edici\u00f3n de los Premios Retina ECO, organizados por PRISA Media en colaboraci\u00f3n con Capgemini\" href=\"https:\/\/www.capgemini.com\/es-es\/noticias\/notas-de-prensa\/abierta-la-convocatoria-de-la-vi-edicion-de-los-premios-retina-eco-organizados-por-prisa-media-en-colaboracion-con-capgemini\/\">Saber m\u00e1s sobre<\/a>\n\t\t\t\t\t\t\t\t\t<\/div>\n\t\t\t\t\t\t\t\t<\/a>\n\t\t\t\t\t\t\t<\/div>\n\t\t\t\t\t\t<\/div><div class=\"col-lg-4 col-md-6 col-xs-12\">\n\t\t\t\t\t\t\t<div class=\"box\">\n\t\t\t\t\t\t\t\t<a aria-label=\"Saber m\u00e1s sobre Capgemini adquirir\u00e1 Piterion, empresa independiente l\u00edder en gesti\u00f3n del ciclo de vida del producto y digitalizaci\u00f3n industrial\" href=\"https:\/\/www.capgemini.com\/es-es\/noticias\/notas-de-prensa\/capgemini-adquirira-piterion-empresa-independiente-lider-en-gestion-del-ciclo-de-vida-del-producto\/\" class=\"anchorWrapper\">\n\t\t\t\t\t\t\t\t\t<span class=\"box-tag\"><span>Corporate news<\/span><\/span>\n\t\t\t\t\t\t\t\t\t<div class=\"box-title\"><h3 class=\"box-subtitle\">Capgemini adquirir\u00e1 Piterion, empresa independiente l\u00edder en gesti\u00f3n del ciclo de vida del producto y digitalizaci\u00f3n industrial<\/h3><\/div>\n\t\t\t\t\t\t\t\t\t<div class=\"box-date\">\n\t\t\t\t\t\t\t\t\t\t<span>Mar 10, 2026<\/span>\n\t\t\t\t\t\t\t\t\t<\/div>\n\t\t\t\t\t\t\t\t\t<div class=\"box-bottom\">\n\t\t\t\t\t\t\t\t\t\t&lt;a class=&quot;link-download&quot; href=&quot;https:\/\/www.capgemini.com\/es-es\/wp-content\/uploads\/sites\/16\/2026\/03\/NP-Capgemini-adquirira-Piterion.pdf&quot; aria-label=&quot;Download Press Release&quot; target=&quot;_blank&quot;  type=&quot;download&quot; title=&quot;Opens in a new window&quot;&gt;\n\t\t\t\t\t\t\t&lt;span&gt;Descargar nota de prensa&lt;\/span&gt;\n\t\t\t\t\t\t\t&lt;span&gt;108 KB PDF&lt;\/span&gt;\n\t\t\t\t\t\t&lt;\/a&gt;\n\t\t\t\t\t\t\t\t\t\t<a class=\"more\" aria-label=\"Saber m\u00e1s sobre Capgemini adquirir\u00e1 Piterion, empresa independiente l\u00edder en gesti\u00f3n del ciclo de vida del producto y digitalizaci\u00f3n industrial\" href=\"https:\/\/www.capgemini.com\/es-es\/noticias\/notas-de-prensa\/capgemini-adquirira-piterion-empresa-independiente-lider-en-gestion-del-ciclo-de-vida-del-producto\/\">Saber m\u00e1s sobre<\/a>\n\t\t\t\t\t\t\t\t\t<\/div>\n\t\t\t\t\t\t\t\t<\/a>\n\t\t\t\t\t\t\t<\/div>\n\t\t\t\t\t\t<\/div><div class=\"col-lg-4 col-md-6 col-xs-12\">\n\t\t\t\t\t\t\t<div class=\"box\">\n\t\t\t\t\t\t\t\t<a aria-label=\"Saber m\u00e1s sobre Capgemini nombra a Laurent Perea nuevo Consejero Delegado de Capgemini en Espa\u00f1a\" href=\"https:\/\/www.capgemini.com\/es-es\/noticias\/notas-de-prensa\/capgemini-nombra-a-laurent-perea-nuevo-consejero-delegado-de-capgemini-en-espana\/\" class=\"anchorWrapper\">\n\t\t\t\t\t\t\t\t\t<span class=\"box-tag\"><span>Corporate news<\/span><\/span>\n\t\t\t\t\t\t\t\t\t<div class=\"box-title\"><h3 class=\"box-subtitle\">Capgemini nombra a Laurent Perea nuevo Consejero Delegado de Capgemini en Espa\u00f1a<\/h3><\/div>\n\t\t\t\t\t\t\t\t\t<div class=\"box-date\">\n\t\t\t\t\t\t\t\t\t\t<span>Jan 13, 2026<\/span>\n\t\t\t\t\t\t\t\t\t<\/div>\n\t\t\t\t\t\t\t\t\t<div class=\"box-bottom\">\n\t\t\t\t\t\t\t\t\t\t&lt;a class=&quot;link-download&quot; href=&quot;https:\/\/www.capgemini.com\/es-es\/wp-content\/uploads\/sites\/16\/2026\/01\/NP-Capgemini-nombra-a-Laurent-Perea-consejero-delegado-en-Espana.pdf&quot; aria-label=&quot;Download Press Release&quot; target=&quot;_blank&quot;  type=&quot;download&quot; title=&quot;Opens in a new window&quot;&gt;\n\t\t\t\t\t\t\t&lt;span&gt;Descargar nota de prensa&lt;\/span&gt;\n\t\t\t\t\t\t\t&lt;span&gt;107 KB PDF&lt;\/span&gt;\n\t\t\t\t\t\t&lt;\/a&gt;\n\t\t\t\t\t\t\t\t\t\t<a class=\"more\" aria-label=\"Saber m\u00e1s sobre Capgemini nombra a Laurent Perea nuevo Consejero Delegado de Capgemini en Espa\u00f1a\" href=\"https:\/\/www.capgemini.com\/es-es\/noticias\/notas-de-prensa\/capgemini-nombra-a-laurent-perea-nuevo-consejero-delegado-de-capgemini-en-espana\/\">Saber m\u00e1s sobre<\/a>\n\t\t\t\t\t\t\t\t\t<\/div>\n\t\t\t\t\t\t\t\t<\/a>\n\t\t\t\t\t\t\t<\/div>\n\t\t\t\t\t\t<\/div><\/div><\/div><\/section><\/div>","protected":false},"excerpt":{"rendered":"","protected":false},"author":202,"featured_media":0,"template":"","meta":{"cg_dt_proposed_to":[],"cg_seo_hreflang_relations":"[]","cg_seo_canonical_relation":"","cg_seo_hreflang_x_default_relation":"{\"uuid\":\"d6919fb1-b015-446f-84e3-9eb95ce4bc3f\",\"blogId\":\"\",\"domain\":\"\",\"sitePath\":\"\",\"postLink\":\"\",\"postId\":null,\"isSaved\":true,\"isCrossLink\":false,\"hasCrossLink\":false}","cg_dt_approved_content":true,"cg_dt_mandatory_content":false,"cg_dt_notes":"","cg_dg_source_changed":true,"cg_dt_link_disabled":false,"footnotes":"","related_resource_url":"https:\/\/www.capgemini.com\/es-es\/wp-content\/uploads\/sites\/16\/2024\/09\/NP-Capgemini-refuerza-sus-capacidades-en-semiconductores-en-Europa-con-la-adquisicion-de-HDL-Design-Housev2.pdf","related_resource_id":560938,"related_resource_size":"98 KB","related_resource_type":"pdf","cg_author":0,"featured_focal_points":""},"tags":[],"press-release-type":[39],"brand":[],"class_list":["post-549627","press-release","type-press-release","status-publish","hentry","press-release-type-corporate-news"],"yoast_head":"<!-- This site is optimized with the Yoast SEO Premium plugin v22.8 (Yoast SEO v22.8) - https:\/\/yoast.com\/wordpress\/plugins\/seo\/ -->\n<title>Capgemini refuerza sus capacidades en semiconductores en Europa con la adquisici\u00f3n de HDL Design House - Capgemini Spain<\/title>\n<meta name=\"robots\" content=\"index, follow, max-snippet:-1, max-image-preview:large, max-video-preview:-1\" \/>\n<link rel=\"canonical\" href=\"https:\/\/www.capgemini.com\/es-es\/noticias\/notas-de-prensa\/capgemini-boosts-its-semiconductor-capabilities-in-europe-with-acquisition-of-hdl-design-house\/\" \/>\n<meta property=\"og:locale\" content=\"es_ES\" \/>\n<meta property=\"og:type\" content=\"article\" \/>\n<meta property=\"og:title\" content=\"Capgemini refuerza sus capacidades en semiconductores en Europa con la adquisici\u00f3n de HDL Design House\" \/>\n<meta property=\"og:url\" content=\"https:\/\/www.capgemini.com\/es-es\/noticias\/notas-de-prensa\/capgemini-boosts-its-semiconductor-capabilities-in-europe-with-acquisition-of-hdl-design-house\/\" \/>\n<meta property=\"og:site_name\" content=\"Capgemini Spain\" \/>\n<meta property=\"article:modified_time\" content=\"2025-03-12T07:13:07+00:00\" \/>\n<meta property=\"og:image\" content=\"https:\/\/www.capgemini.com\/es-es\/wp-content\/uploads\/sites\/16\/2025\/10\/New-Web-preview-global.jpg\" \/>\n\t<meta property=\"og:image:width\" content=\"1200\" \/>\n\t<meta property=\"og:image:height\" content=\"627\" \/>\n\t<meta property=\"og:image:type\" content=\"image\/jpeg\" \/>\n<meta name=\"twitter:card\" content=\"summary_large_image\" \/>\n<script type=\"application\/ld+json\" class=\"yoast-schema-graph\">{\"@context\":\"https:\/\/schema.org\",\"@graph\":[{\"@type\":\"WebPage\",\"@id\":\"https:\/\/www.capgemini.com\/es-es\/noticias\/notas-de-prensa\/capgemini-boosts-its-semiconductor-capabilities-in-europe-with-acquisition-of-hdl-design-house\/\",\"url\":\"https:\/\/www.capgemini.com\/es-es\/noticias\/notas-de-prensa\/capgemini-boosts-its-semiconductor-capabilities-in-europe-with-acquisition-of-hdl-design-house\/\",\"name\":\"Capgemini refuerza sus capacidades en semiconductores en Europa con la adquisici\u00f3n de HDL Design House - Capgemini Spain\",\"isPartOf\":{\"@id\":\"https:\/\/www.capgemini.com\/es-es\/#website\"},\"datePublished\":\"2023-09-28T06:30:00+00:00\",\"dateModified\":\"2025-03-12T07:13:07+00:00\",\"breadcrumb\":{\"@id\":\"https:\/\/www.capgemini.com\/es-es\/noticias\/notas-de-prensa\/capgemini-boosts-its-semiconductor-capabilities-in-europe-with-acquisition-of-hdl-design-house\/#breadcrumb\"},\"inLanguage\":\"es-ES\",\"potentialAction\":[{\"@type\":\"ReadAction\",\"target\":[\"https:\/\/www.capgemini.com\/es-es\/noticias\/notas-de-prensa\/capgemini-boosts-its-semiconductor-capabilities-in-europe-with-acquisition-of-hdl-design-house\/\"]}]},{\"@type\":\"BreadcrumbList\",\"@id\":\"https:\/\/www.capgemini.com\/es-es\/noticias\/notas-de-prensa\/capgemini-boosts-its-semiconductor-capabilities-in-europe-with-acquisition-of-hdl-design-house\/#breadcrumb\",\"itemListElement\":[{\"@type\":\"ListItem\",\"position\":1,\"name\":\"Home\",\"item\":\"https:\/\/www.capgemini.com\/es-es\/\"},{\"@type\":\"ListItem\",\"position\":2,\"name\":\"Press Releases\",\"item\":\"https:\/\/www.capgemini.com\/es-es\/news\/\"},{\"@type\":\"ListItem\",\"position\":3,\"name\":\"Capgemini refuerza sus capacidades en semiconductores en Europa con la adquisici\u00f3n de HDL Design House\"}]},{\"@type\":\"WebSite\",\"@id\":\"https:\/\/www.capgemini.com\/es-es\/#website\",\"url\":\"https:\/\/www.capgemini.com\/es-es\/\",\"name\":\"Capgemini Espa\u00f1a\",\"description\":\"Capgemini\",\"potentialAction\":[{\"@type\":\"SearchAction\",\"target\":{\"@type\":\"EntryPoint\",\"urlTemplate\":\"https:\/\/www.capgemini.com\/es-es\/?s={search_term_string}\"},\"query-input\":\"required name=search_term_string\"}],\"inLanguage\":\"es-ES\"}]}<\/script>\n<!-- \/ Yoast SEO Premium plugin. -->","yoast_head_json":{"title":"Capgemini refuerza sus capacidades en semiconductores en Europa con la adquisici\u00f3n de HDL Design House - Capgemini Spain","robots":{"index":"index","follow":"follow","max-snippet":"max-snippet:-1","max-image-preview":"max-image-preview:large","max-video-preview":"max-video-preview:-1"},"canonical":"https:\/\/www.capgemini.com\/es-es\/noticias\/notas-de-prensa\/capgemini-boosts-its-semiconductor-capabilities-in-europe-with-acquisition-of-hdl-design-house\/","og_locale":"es_ES","og_type":"article","og_title":"Capgemini refuerza sus capacidades en semiconductores en Europa con la adquisici\u00f3n de HDL Design House","og_url":"https:\/\/www.capgemini.com\/es-es\/noticias\/notas-de-prensa\/capgemini-boosts-its-semiconductor-capabilities-in-europe-with-acquisition-of-hdl-design-house\/","og_site_name":"Capgemini Spain","article_modified_time":"2025-03-12T07:13:07+00:00","og_image":[{"width":1200,"height":627,"url":"https:\/\/www.capgemini.com\/es-es\/wp-content\/uploads\/sites\/16\/2025\/10\/New-Web-preview-global.jpg","type":"image\/jpeg"}],"twitter_card":"summary_large_image","schema":{"@context":"https:\/\/schema.org","@graph":[{"@type":"WebPage","@id":"https:\/\/www.capgemini.com\/es-es\/noticias\/notas-de-prensa\/capgemini-boosts-its-semiconductor-capabilities-in-europe-with-acquisition-of-hdl-design-house\/","url":"https:\/\/www.capgemini.com\/es-es\/noticias\/notas-de-prensa\/capgemini-boosts-its-semiconductor-capabilities-in-europe-with-acquisition-of-hdl-design-house\/","name":"Capgemini refuerza sus capacidades en semiconductores en Europa con la adquisici\u00f3n de HDL Design House - Capgemini Spain","isPartOf":{"@id":"https:\/\/www.capgemini.com\/es-es\/#website"},"datePublished":"2023-09-28T06:30:00+00:00","dateModified":"2025-03-12T07:13:07+00:00","breadcrumb":{"@id":"https:\/\/www.capgemini.com\/es-es\/noticias\/notas-de-prensa\/capgemini-boosts-its-semiconductor-capabilities-in-europe-with-acquisition-of-hdl-design-house\/#breadcrumb"},"inLanguage":"es-ES","potentialAction":[{"@type":"ReadAction","target":["https:\/\/www.capgemini.com\/es-es\/noticias\/notas-de-prensa\/capgemini-boosts-its-semiconductor-capabilities-in-europe-with-acquisition-of-hdl-design-house\/"]}]},{"@type":"BreadcrumbList","@id":"https:\/\/www.capgemini.com\/es-es\/noticias\/notas-de-prensa\/capgemini-boosts-its-semiconductor-capabilities-in-europe-with-acquisition-of-hdl-design-house\/#breadcrumb","itemListElement":[{"@type":"ListItem","position":1,"name":"Home","item":"https:\/\/www.capgemini.com\/es-es\/"},{"@type":"ListItem","position":2,"name":"Press Releases","item":"https:\/\/www.capgemini.com\/es-es\/news\/"},{"@type":"ListItem","position":3,"name":"Capgemini refuerza sus capacidades en semiconductores en Europa con la adquisici\u00f3n de HDL Design House"}]},{"@type":"WebSite","@id":"https:\/\/www.capgemini.com\/es-es\/#website","url":"https:\/\/www.capgemini.com\/es-es\/","name":"Capgemini Espa\u00f1a","description":"Capgemini","potentialAction":[{"@type":"SearchAction","target":{"@type":"EntryPoint","urlTemplate":"https:\/\/www.capgemini.com\/es-es\/?s={search_term_string}"},"query-input":"required name=search_term_string"}],"inLanguage":"es-ES"}]}},"parsely":{"version":"1.1.0","canonical_url":"https:\/\/capgemini.com\/es-es\/noticias\/notas-de-prensa\/capgemini-boosts-its-semiconductor-capabilities-in-europe-with-acquisition-of-hdl-design-house\/","smart_links":{"inbound":0,"outbound":0},"traffic_boost_suggestions_count":0,"meta":{"@context":"https:\/\/schema.org","@type":"NewsArticle","headline":"Capgemini refuerza sus capacidades en semiconductores en Europa con la adquisici\u00f3n de HDL Design House","url":"https:\/\/www.capgemini.com\/es-es\/noticias\/notas-de-prensa\/capgemini-boosts-its-semiconductor-capabilities-in-europe-with-acquisition-of-hdl-design-house\/","mainEntityOfPage":{"@type":"WebPage","@id":"https:\/\/www.capgemini.com\/es-es\/noticias\/notas-de-prensa\/capgemini-boosts-its-semiconductor-capabilities-in-europe-with-acquisition-of-hdl-design-house\/"},"thumbnailUrl":"","image":{"@type":"ImageObject","url":""},"articleSection":"Uncategorized","author":[],"creator":[],"publisher":{"@type":"Organization","name":"Capgemini Spain","logo":""},"keywords":[],"dateCreated":"2023-09-28T06:30:00Z","datePublished":"2023-09-28T06:30:00Z","dateModified":"2025-03-12T07:13:07Z"},"rendered":"<meta name=\"parsely-title\" content=\"Capgemini refuerza sus capacidades en semiconductores en Europa con la adquisici\u00f3n de HDL Design House\" \/>\n<meta name=\"parsely-link\" content=\"https:\/\/www.capgemini.com\/es-es\/noticias\/notas-de-prensa\/capgemini-boosts-its-semiconductor-capabilities-in-europe-with-acquisition-of-hdl-design-house\/\" \/>\n<meta name=\"parsely-type\" content=\"post\" \/>\n<meta name=\"parsely-pub-date\" content=\"2023-09-28T06:30:00Z\" \/>\n<meta name=\"parsely-section\" content=\"Uncategorized\" \/>","tracker_url":"https:\/\/cdn.parsely.com\/keys\/capgemini.com\/p.js"},"archive_status":false,"featured_image_src":"https:\/\/www.capgemini.com\/es-es\/wp-content\/themes\/capgemini2025\/assets\/images\/mockup.png","featured_image_alt":false,"jetpack_sharing_enabled":true,"distributor_meta":false,"distributor_terms":false,"distributor_media":false,"distributor_original_site_name":"Capgemini Spain","distributor_original_site_url":"https:\/\/www.capgemini.com\/es-es","push-errors":false,"tag_names":[],"_links":{"self":[{"href":"https:\/\/www.capgemini.com\/es-es\/wp-json\/wp\/v2\/press-release\/549627","targetHints":{"allow":["GET"]}}],"collection":[{"href":"https:\/\/www.capgemini.com\/es-es\/wp-json\/wp\/v2\/press-release"}],"about":[{"href":"https:\/\/www.capgemini.com\/es-es\/wp-json\/wp\/v2\/types\/press-release"}],"author":[{"embeddable":true,"href":"https:\/\/www.capgemini.com\/es-es\/wp-json\/wp\/v2\/users\/202"}],"version-history":[{"count":4,"href":"https:\/\/www.capgemini.com\/es-es\/wp-json\/wp\/v2\/press-release\/549627\/revisions"}],"predecessor-version":[{"id":567955,"href":"https:\/\/www.capgemini.com\/es-es\/wp-json\/wp\/v2\/press-release\/549627\/revisions\/567955"}],"wp:attachment":[{"href":"https:\/\/www.capgemini.com\/es-es\/wp-json\/wp\/v2\/media?parent=549627"}],"wp:term":[{"taxonomy":"post_tag","embeddable":true,"href":"https:\/\/www.capgemini.com\/es-es\/wp-json\/wp\/v2\/tags?post=549627"},{"taxonomy":"press-release-type","embeddable":true,"href":"https:\/\/www.capgemini.com\/es-es\/wp-json\/wp\/v2\/press-release-type?post=549627"},{"taxonomy":"brand","embeddable":true,"href":"https:\/\/www.capgemini.com\/es-es\/wp-json\/wp\/v2\/brand?post=549627"}],"curies":[{"name":"wp","href":"https:\/\/api.w.org\/{rel}","templated":true}]}}