{"id":546637,"date":"2023-06-22T17:40:00","date_gmt":"2023-06-22T15:40:00","guid":{"rendered":"https:\/\/www.capgemini.com\/?post_type=press-release&#038;p=914649"},"modified":"2025-03-12T08:19:12","modified_gmt":"2025-03-12T07:19:12","slug":"the-greenhouse-gas-and-atmospheric-pollutants-emission-inventory-platform-demonstrator-world-emission-is-now-available","status":"publish","type":"press-release","link":"https:\/\/www.capgemini.com\/es-es\/noticias\/notas-de-prensa\/the-greenhouse-gas-and-atmospheric-pollutants-emission-inventory-platform-demonstrator-world-emission-is-now-available\/","title":{"rendered":"Ya est\u00e1 disponible &#8220;World Emission&#8221;, la plataforma de gesti\u00f3n de las emisiones de gases de efecto invernadero y contaminantes atmosf\u00e9ricos"},"content":{"rendered":"\t\t<div class=\"wp-block-cg-blocks-hero-press-release\">\n\t\t\t<header class=\"header-hero-press-release\" role=\"main\" id=\"main-content-press-release\">\n\t\t\t\t<div class=\"container\">\n\t\t\t\t\t<div class=\"hero-press-release\">\n\t\t\t\t\t\t<div class=\"hero-press-release-content-wrapper\">\n\t\t\t\t\t\t\t<div class=\"row\">\n\t\t\t\t\t\t\t\t<div class=\"col-12\">\n\t\t\t\t\t\t\t\t\t<div class=\"header-title\">\n\t\t\t\t\t\t\t\t\t\t<h1>\n\t\t\t\t\t\t\t\t\t\t\tYa est\u00e1 disponible &#8220;World Emission&#8221;, la plataforma de gesti\u00f3n de las emisiones de gases de efecto invernadero y contaminantes atmosf\u00e9ricos\t\t\t\t\t\t\t\t\t\t<\/h1>\n\t\t\t\t\t\t\t\t\t<\/div>\n\t\t\t\t\t\t\t\t\t<div class=\"header-description\">\n\t\t\t\t\t\t\t\t\t\t<p><\/p>\n\t\t\t\t\t\t\t\t\t<\/div>\n\t\t\t\t\t\t\t\t\t\t\t\t\t\t\t\t\t\t<div class=\"header-date\">\n\t\t\t\t\t\t\t\t\t\t<span>jun. 22, 2023<\/span>\n\t\t\t\t\t\t\t\t\t<\/div>\n\t\t\t\t\t\t\t\t<\/div>\n\t\t\t\t\t\t\t<\/div>\n\t\t\t\t\t\t<\/div>\n\t\t\t\t\t\t\t\t\t\t\t\t\t<div class=\"hero-press-release-downloads\">\n\t\t\t\t\t\t\t\t<div class=\"row\">\n\t\t\t\t\t\t\t\t\t\t\t\t\t\t\t\t\t\t\t<div class=\"col-12 col-md-6 col-lg-3\">\n\t\t\t\t\t\t\t\t\t\t\t<a class=\"download-item\" type=\"download\" href=\"https:\/\/www.capgemini.com\/es-es\/wp-content\/uploads\/sites\/16\/2024\/09\/NdP-Ya-esta-disponible-World-Emission-la-plataforma-de-gestion-de-las-emisiones-de-gases-de-efecto-invernadero-y-contaminantes-atmosfericos.pdf\" target=\"_blank\" rel=\"noopener noreferrer\" title=\"Abrir en una nueva ventana\">\n\t\t\t\t\t\t\t\t\t\t\t\t<div class=\"download-icon\"><\/div>\n\t\t\t\t\t\t\t\t\t\t\t\t<div class=\"download-details\">\n\t\t\t\t\t\t\t\t\t\t\t\t\t<div class=\"download-title\">Download press release<\/div>\n\t\t\t\t\t\t\t\t\t\t\t\t\t<div class=\"download-props\">128 KB  pdf<\/div>\n\t\t\t\t\t\t\t\t\t\t\t\t<\/div>\n\t\t\t\t\t\t\t\t\t\t\t<\/a>\n\t\t\t\t\t\t\t\t\t\t<\/div>\n\t\t\t\t\t\t\t\t\t\t\t\t\t\t\t\t\t\t<\/div>\n\t\t\t\t\t\t\t<\/div>\n\t\t\t\t\t\t\t\t\t\t\t\t\t\t\t\t\t<\/div>\n\t\t\t\t<\/div>\n\t\t\t<\/header>\n\t\t<\/div>\n\t\t\n\n\n<section class=\"wp-block-cg-blocks-group undefined section section--article-content\"><div class=\"article-main-content\"><div class=\"container\"><div class=\"row\"><div class=\"col-12 col-md-1\"><nav class=\"article-social\"><ul class=\"social-nav\"><li class=\"ip-order-fb\"><a href=\"https:\/\/www.facebook.com\/sharer\/sharer.php?=http:\/\/capgeminiucwe.develop\/?post_type=press-release&amp;p=179\" target=\"_blank\" rel=\"noopener noreferrer\" title=\"abrir en una nueva ventana\"><i aria-hidden=\"true\" class=\"icon-fb\"><\/i><span class=\"sr-only\">Facebook<\/span><\/a><\/li><li class=\"ip-order-tw\"><a href=\"https:\/\/twitter.com\/intent\/tweet?=http:\/\/capgeminiucwe.develop\/?post_type=press-release&amp;p=179\" target=\"_blank\" rel=\"noopener noreferrer\" title=\"abrir en una nueva ventana\"><i aria-hidden=\"true\" class=\"icon-tw\"><\/i><span class=\"sr-only\">Twitter<\/span><\/a><\/li><li class=\"ip-order-li\"><a href=\"https:\/\/www.linkedin.com\/shareArticle?=http:\/\/capgeminiucwe.develop\/?post_type=press-release&amp;p=179\" target=\"_blank\" rel=\"noopener noreferrer\" title=\"abrir en una nueva ventana\"><i aria-hidden=\"true\" class=\"icon-li\"><\/i><span class=\"sr-only\">Linkedin<\/span><\/a><\/li><\/ul><\/nav><\/div><div class=\"col-12 col-md-11 col-lg-10\"><div class=\"article-text article-quote-text\">\n<ul class=\"wp-block-list\">\n<li>Liderada por la European Space Agency y lanzada con \u00e9xito por un consorcio de socios industriales<a href=\"#_ftn1\" id=\"_ftnref1\">[1]<\/a>, entre los que se encuentran GMV como l\u00edder del proyecto y Capgemini, la plataforma proporciona y acelera el acceso a los datos de sat\u00e9lite a cient\u00edficos y responsables de la toma de decisiones.<\/li>\n\n\n\n<li>Su objetivo es hacer posible una comprensi\u00f3n m\u00e1s precisa del impacto de las emisiones atmosf\u00e9ricas sobre el cambio clim\u00e1tico y la calidad del aire, as\u00ed como proporcionar una referencia sobre los inventarios de emisiones de arriba abajo.<\/li>\n<\/ul>\n\n\n\n<p><strong>Madrid<\/strong><strong>, 23 de Junio 2023 \u2013 <\/strong><a href=\"http:\/\/www.capgemini.com\/\"><strong>Capgemini<\/strong><\/a><strong> y <\/strong><a href=\"https:\/\/www.gmv.com\/en\"><strong>GMV<\/strong><\/a><strong> anuncian el lanzamiento de la plataforma &#8220;World Emission&#8221;, financiada por la European Space Agency (ESA). Destinada a cartografiar las emisiones globales de gases de efecto invernadero (GHD) y contaminantes atmosf\u00e9ricos, aprovecha los datos de los <\/strong><a href=\"https:\/\/www.copernicus.eu\/fr\"><strong>sat\u00e9lites Copernicus<\/strong><\/a><strong> as\u00ed como otros de entidades internacionales como la NASA o JAXA y aporta informaci\u00f3n complementaria a las mediciones en tierra y a los inventarios ascendentes tradicionales.<\/strong><\/p>\n\n\n\n<p>Los GHD y contaminantes atmosf\u00e9ricos son utilizados por las diversas partes interesadas, como responsables pol\u00edticos, gobiernos y organizaciones de investigaci\u00f3n, en la lucha contra el cambio clim\u00e1tico y la b\u00fasqueda de un mundo m\u00e1s sostenible. Estos inventarios permiten evaluar los progresos realizados en la aplicaci\u00f3n de medidas de reducci\u00f3n de emisiones y desempe\u00f1an un papel crucial en la determinaci\u00f3n de futuras pol\u00edticas medioambientales. Los inventarios ascendentes actuales utilizan metodolog\u00edas diferentes seg\u00fan los pa\u00edses y presentan grandes incertidumbres derivadas de datos y factores de emisi\u00f3n a veces inexactos. Los datos de observaci\u00f3n por sat\u00e9lite complementan y permiten validar las mediciones terrestres al proporcionar datos de gran precisi\u00f3n que se actualizan con mayor frecuencia y con una mejor cobertura espacial.<\/p>\n\n\n\n<p>Por ello, la <a href=\"https:\/\/eo4society.esa.int\/projects\/world-emission\/\">European Space Agency puso en marcha en marzo de 2022 el proyecto &#8221; World Emission &#8220;<\/a> para crear un servicio de inventario basado en la observaci\u00f3n por sat\u00e9lite y la modelizaci\u00f3n inversa de \u00faltima generaci\u00f3n. La plataforma de procesamiento de datos fue desarrollada por equipos de Capgemini en colaboraci\u00f3n con algunos de los institutos de investigaci\u00f3n m\u00e1s renombrados de Europa, entre ellos el &nbsp;<a href=\"https:\/\/www.lsce.ipsl.fr\/\"><em>Laboratory for Climate and Environmental Sciences<\/em><\/a> de Francia, el <a href=\"https:\/\/www.mpg.de\/institutes\"><em>Max Planck Institute<\/em><\/a> de Alemania, la <a href=\"https:\/\/www.uliege.be\/cms\/c_8699436\/fr\/uliege\"><em>University of Liege<\/em><\/a> de B\u00e9lgica, el <a href=\"https:\/\/www.bsc.es\/\"><em>Barcelona Supercomputing Center<\/em><\/a><em> <\/em>de Espa\u00f1a y &nbsp;el <a href=\"https:\/\/www.cyi.ac.cy\/\">Cyprus Institute<\/a> en Chripre y <a href=\"https:\/\/www.kayrros.com\/\">Kayrros<\/a>, startup francesa especializada en tecnolog\u00eda de observaci\u00f3n de la Tierra e inteligencia medioambiental.<\/p>\n\n\n\n<p><strong>Una eficaz herramienta de tratamiento de datos a escala global<\/strong><\/p>\n\n\n\n<p>Desde su lanzamiento, el proyecto ha implicado y reunido a una comunidad de usuarios, cient\u00edficos y expertos, cuya funci\u00f3n es evaluar los conjuntos de datos de las distintas sustancias atmosf\u00e9ricas y garantizar que World Emission proporcione un servicio de inventario preciso, fiable y de alto rendimiento.<\/p>\n\n\n\n<p>La plataforma de datos, World Emissions ya est\u00e1 disponible y ahora es accesible a trav\u00e9s del <a href=\"https:\/\/app.world-emission.com\/\">portal<\/a>, lo que permite a los usuarios visualizar las emisiones por zonas geogr\u00e1ficas, pa\u00edses o tipos de emisi\u00f3n y en una escala temporal espec\u00edfica. En colaboraci\u00f3n con una red de agencias nacionales de informaci\u00f3n, centros de investigaci\u00f3n y municipios de todo el mundo, el consorcio se encuentra ahora en la segunda fase del proyecto para a\u00f1adir funciones avanzadas como:<\/p>\n\n\n\n<ul class=\"wp-block-list\">\n<li>M\u00e1s informaci\u00f3n en el portal sobre los inventarios de emisiones de gases de efecto invernadero y contaminantes atmosf\u00e9ricos<a href=\"#_ftn1\" id=\"_ftnref1\">[1]<\/a> a escala local, regional y mundial,<\/li>\n\n\n\n<li>Posibilidad de hacer acercamientos a zonas concretas del planeta,<\/li>\n\n\n\n<li>Identificar puntos de emisi\u00f3n precisos, como oleoductos, emplazamientos industriales o de producci\u00f3n de energ\u00eda, zonas cr\u00edticas de emisi\u00f3n de gas o petr\u00f3leo,<\/li>\n\n\n\n<li>Destacar indicadores para distinguir las fuentes antropog\u00e9nicas, relacionadas con la actividad humana, de las fuentes naturales de emisiones.<\/li>\n<\/ul>\n\n\n\n<p>La plataforma World Emission se dise\u00f1\u00f3 para ser f\u00e1cil de usar, integrarse con los procedimientos actuales de notificaci\u00f3n de emisiones contaminantes y normalizar la notificaci\u00f3n en todas las regiones del mundo.<\/p>\n\n\n\n<p><em>&#8220;Los datos de observaci\u00f3n por sat\u00e9lite son uno de los medios para comprender el cambio clim\u00e1tico y, cuando se utilizan de forma inteligente, se convierten en un factor relevante para mejorar las soluciones destinadas a mitigar su impacto&#8221;, <\/em>ha declarado la Dra. Carine Sa\u00fct, Responsable de Sostenibilidad para industrias de Capgemini en Francia.<em> &#8220;Es la alianza de la comunidad cient\u00edfica, las partes interesadas institucionales y la industria lo que ha permitido la creaci\u00f3n de World Emission, un servicio de inventario \u00fanico. Capgemini se enorgullece de aportar su profunda experiencia tecnol\u00f3gica en datos y Cloud al consorcio World Emission para crear herramientas de vanguardia que necesitamos para ayudar a avanzar en la lucha contra el cambio clim\u00e1tico.&#8221;<\/em><\/p>\n\n\n\n<p>Capgemini trabaj\u00f3 en estrecha colaboraci\u00f3n con los miembros del consorcio y los socios cient\u00edficos para definir la arquitectura de la plataforma y orquestar una implementaci\u00f3n operativa en el Cloud que pudiera integrar los flujos de trabajo de los algoritmos. Los datos disponibles para cada usuario, est\u00e9 donde est\u00e9 en el mundo, deben conectarse a World Emission con el mismo nivel de rendimiento, modelado, con una mejora significativa en la frecuencia de las actualizaciones (de una a dos veces al a\u00f1o).<\/p>\n\n\n\n<p>GMV es el l\u00edder del proyecto World Emission y act\u00faa como integrador tecnol\u00f3gico del mismo. El equipo de GMV supervisa la coordinaci\u00f3n t\u00e9cnica general de siete organizaciones. Adem\u00e1s, GMV es responsable del dise\u00f1o del plan de validaci\u00f3n, aspecto clave para comparar los datos del sat\u00e9lite con las medidas tomadas desde la Tierra. Para el proyecto completo, GMV tambi\u00e9n se encarga del paquete de trabajo de comunicaciones, la participaci\u00f3n de las partes interesadas y los requisitos de los usuarios. Esto incluye la organizaci\u00f3n de talleres internacionales centrados en fomentar el uso de lo que se conoce como inventarios de emisiones top-down, mediante el uso de mediciones por sat\u00e9lite para complementar el enfoque tradicional bottom-up.<\/p>\n\n\n\n<p><em>&#8220;World Emission&#8221; abarca m\u00e1s de 10 especies distintas de gases que se liberan a la atm\u00f3sfera a diferentes escalas, desde la fuente puntual \u00fanica hasta la producci\u00f3n regional o mundial. Estos conjuntos de datos se integran en un \u00fanico portal, disponible online para todos los interesados en la calidad del aire y las emisiones de GHD. Esta manera \u00fanica de promover la asimilaci\u00f3n de los datos de notificaci\u00f3n de emisiones por sat\u00e9lite, a una escala nunca antes realizada, se ha logrado en s\u00f3lo un a\u00f1o gracias al consorcio entre el mundo acad\u00e9mico y la industria&#8221;, <\/em>afirma Beatriz Revilla-Romero, Directora del Proyecto de World Emission en GMV<em>. &#8220;En GMV estamos orgullosos de aplicar nuestra experiencia y formaci\u00f3n multidisciplinar a las soluciones geoespaciales. Aportamos nuestra experiencia liderando proyectos de la ESA, y en servicios de monitorizaci\u00f3n global que van desde la evaluaci\u00f3n de riesgos medioambientales hasta la definici\u00f3n de una estrategia de resiliencia clim\u00e1tica, o la agricultura de precisi\u00f3n.&#8221;<\/em><\/p>\n\n\n\n<p><strong>Acerca de GMV<\/strong><\/p>\n\n\n\n<p>Fundado en 1984, GMV es un grupo empresarial tecnol\u00f3gico de capital privado con presencia internacional. Opera en los siguientes sectores: espacio, aeron\u00e1utica, seguridad y defensa, ciberseguridad, sistemas inteligentes de transporte, automoci\u00f3n, sanidad, telecomunicaciones y tecnolog\u00edas de la informaci\u00f3n para administraciones p\u00fablicas y grandes empresas.<\/p>\n\n\n\n<p>En espacio, GMV se ha convertido en el sexto grupo industrial y la primera mid cap del sector espacial europeo, con m\u00e1s de 1.500 personas trabajando en esta \u00e1rea. Es el primer proveedor mundial de centros de control para operadores de sat\u00e9lites comerciales, con desarrollos destacados para Hispasat, Hisdesat, Eutelsat, SES, OneWeb, Arabsat y Yahsat. Tambi\u00e9n es uno de los principales pilares industriales de programas espaciales europeos estrat\u00e9gicos como Galileo (navegaci\u00f3n), Copernicus (observaci\u00f3n de la Tierra) y SST\/STM (desechos espaciales). Contribuye significativamente a las principales misiones de exploraci\u00f3n, ciencia, defensa planetaria, vigilancia espacial y transporte espacial de la Agencia Espacial Europea (ESA), incluida la participaci\u00f3n en Hera, Mars Sample Return, Heracles y ExoMars.<\/p>\n\n\n\n<p>www.gmv.com<\/p>\n\n\n\n<p><strong>Acerca de Capgemini<\/strong><\/p>\n\n\n\n<p>Capgemini es un l\u00edder mundial que acompa\u00f1a a las empresas para transformar y gestionar su negocio aprovechando el poder de la tecnolog\u00eda. El Grupo se gu\u00eda cada d\u00eda por su prop\u00f3sito de liberar la energ\u00eda humana a trav\u00e9s de la tecnolog\u00eda para construir un futuro inclusivo y sostenible. Es una organizaci\u00f3n responsable y diversa que cuenta con cerca de 360.000 profesionales en m\u00e1s de 50 pa\u00edses. Con una s\u00f3lida trayectoria de 55 a\u00f1os y un profundo conocimiento del sector, Capgemini es reconocida por sus clientes por la capacidad de respuesta a las necesidades de su negocio, desde la estrategia y el dise\u00f1o hasta las operaciones, todo ello impulsado por el mundo innovador y en r\u00e1pida evoluci\u00f3n del Cloud, los datos, la IA, la conectividad, el software y las plataformas y entornos digitales. En 2022, el Grupo registr\u00f3 unos ingresos globales de 22.000 millones de euros.<\/p>\n\n\n\n<p>Get The Future You Want |&nbsp; <a href=\"https:\/\/www.capgemini.com\/es-es\/\">www.capgemini.com\/es-es\/<\/a><\/p>\n\n\n\n<hr class=\"wp-block-separator has-alpha-channel-opacity\"\/>\n\n\n\n<p><a href=\"https:\/\/www.capgemini.com\/es-es\/wp-admin\/post.php?post=546637&amp;action=edit#_ftnref1\">[1]<\/a> Consorcio industrial, liderado por GMV con Capgemini y Kayrros, que re\u00fane a socios acad\u00e9micos y de investigaci\u00f3n europeos. Dentro del consorcio, Capgemini es responsable de la definici\u00f3n de la arquitectura del servicio y de su implementaci\u00f3n operativa.<\/p>\n\n\n\n<p><a id=\"_ftn1\" href=\"#_ftnref1\">[2]<\/a> Los gases inventariados en la segunda fase del proyecto ser\u00e1n: Amon\u00edaco (NH3), di\u00f3xido de azufre (SO2), mon\u00f3xido de carbono (CO), metanol (CH3OH), acetileno (C2H2), etileno (C2H4), formaldeh\u00eddo (HCHO) e isopreno (C5H8).<\/p>\n<\/div><\/div><\/div><\/div><\/div><\/section>\n\n\n<div class=\"wp-block-cg-blocks-cg-block-related-content\"><section class=\"relatedContentBlock\"><div class=\"container\"><div class=\"row\"><div class=\"content-title col-12 col-md-8\"><h2 class=\"related-content-heading\">Noticias relacionadas<\/h2><\/div><\/div><div class=\"row relatedContent\"><div class=\"col-lg-4 col-md-6 col-xs-12\">\n\t\t\t\t\t\t\t<div class=\"box\">\n\t\t\t\t\t\t\t\t<a aria-label=\"Saber m\u00e1s sobre Capgemini y McDonald\u2019s renuevan su alianza estrat\u00e9gica con un acuerdo global plurianual centrado en el desarrollo de plataformas modernas y escalables\" href=\"https:\/\/www.capgemini.com\/es-es\/noticias\/notas-de-prensa\/capgemini-y-mcdonalds-renuevan-su-alianza-estrategica-con-un-acuerdo-global-plurianual\/\" class=\"anchorWrapper\">\n\t\t\t\t\t\t\t\t\t<span class=\"box-tag\"><span>Client news<\/span><\/span>\n\t\t\t\t\t\t\t\t\t<div class=\"box-title\"><h3 class=\"box-subtitle\">Capgemini y McDonald\u2019s renuevan su alianza estrat\u00e9gica con un acuerdo global plurianual centrado en el desarrollo de plataformas modernas y escalables<\/h3><\/div>\n\t\t\t\t\t\t\t\t\t<div class=\"box-date\">\n\t\t\t\t\t\t\t\t\t\t<span>Mar 6, 2026<\/span>\n\t\t\t\t\t\t\t\t\t<\/div>\n\t\t\t\t\t\t\t\t\t<div class=\"box-bottom\">\n\t\t\t\t\t\t\t\t\t\t&lt;a class=&quot;link-download&quot; href=&quot;https:\/\/www.capgemini.com\/es-es\/wp-content\/uploads\/sites\/16\/2026\/03\/NP-Capgemini-y-McDonalds-renuevan-su-alianza-estrategica-con-un-acuerdo-global-plurianual.pdf&quot; aria-label=&quot;Download Press Release&quot; target=&quot;_blank&quot;  type=&quot;download&quot; title=&quot;Opens in a new window&quot;&gt;\n\t\t\t\t\t\t\t&lt;span&gt;Descargar nota de prensa&lt;\/span&gt;\n\t\t\t\t\t\t\t&lt;span&gt;112 KB PDF&lt;\/span&gt;\n\t\t\t\t\t\t&lt;\/a&gt;\n\t\t\t\t\t\t\t\t\t\t<a class=\"more\" aria-label=\"Saber m\u00e1s sobre Capgemini y McDonald\u2019s renuevan su alianza estrat\u00e9gica con un acuerdo global plurianual centrado en el desarrollo de plataformas modernas y escalables\" href=\"https:\/\/www.capgemini.com\/es-es\/noticias\/notas-de-prensa\/capgemini-y-mcdonalds-renuevan-su-alianza-estrategica-con-un-acuerdo-global-plurianual\/\">Saber m\u00e1s sobre<\/a>\n\t\t\t\t\t\t\t\t\t<\/div>\n\t\t\t\t\t\t\t\t<\/a>\n\t\t\t\t\t\t\t<\/div>\n\t\t\t\t\t\t<\/div><div class=\"col-lg-4 col-md-6 col-xs-12\">\n\t\t\t\t\t\t\t<div class=\"box\">\n\t\t\t\t\t\t\t\t<a aria-label=\"Saber m\u00e1s sobre Capgemini y Deutsche Telekom desarrollan una plataforma abierta para la automatizaci\u00f3n inteligente de la RAN\" href=\"https:\/\/www.capgemini.com\/es-es\/noticias\/notas-de-prensa\/capgemini-y-deutsche-telekom-desarrollan-una-plataforma-abierta-para-automatizacion-inteligente\/\" class=\"anchorWrapper\">\n\t\t\t\t\t\t\t\t\t<span class=\"box-tag\"><span>Client news<\/span><\/span>\n\t\t\t\t\t\t\t\t\t<div class=\"box-title\"><h3 class=\"box-subtitle\">Capgemini y Deutsche Telekom desarrollan una plataforma abierta para la automatizaci\u00f3n inteligente de la RAN<\/h3><\/div>\n\t\t\t\t\t\t\t\t\t<div class=\"box-date\">\n\t\t\t\t\t\t\t\t\t\t<span>Feb 27, 2026<\/span>\n\t\t\t\t\t\t\t\t\t<\/div>\n\t\t\t\t\t\t\t\t\t<div class=\"box-bottom\">\n\t\t\t\t\t\t\t\t\t\t&lt;a class=&quot;link-download&quot; href=&quot;https:\/\/www.capgemini.com\/es-es\/wp-content\/uploads\/sites\/16\/2026\/02\/NP-Capgemini-y-DeutscheTelekom-engineer-and-Open-Platform.pdf&quot; aria-label=&quot;Download Press Release&quot; target=&quot;_blank&quot;  type=&quot;download&quot; title=&quot;Opens in a new window&quot;&gt;\n\t\t\t\t\t\t\t&lt;span&gt;Descargar nota de prensa&lt;\/span&gt;\n\t\t\t\t\t\t\t&lt;span&gt;116 KB PDF&lt;\/span&gt;\n\t\t\t\t\t\t&lt;\/a&gt;\n\t\t\t\t\t\t\t\t\t\t<a class=\"more\" aria-label=\"Saber m\u00e1s sobre Capgemini y Deutsche Telekom desarrollan una plataforma abierta para la automatizaci\u00f3n inteligente de la RAN\" href=\"https:\/\/www.capgemini.com\/es-es\/noticias\/notas-de-prensa\/capgemini-y-deutsche-telekom-desarrollan-una-plataforma-abierta-para-automatizacion-inteligente\/\">Saber m\u00e1s sobre<\/a>\n\t\t\t\t\t\t\t\t\t<\/div>\n\t\t\t\t\t\t\t\t<\/a>\n\t\t\t\t\t\t\t<\/div>\n\t\t\t\t\t\t<\/div><div class=\"col-lg-4 col-md-6 col-xs-12\">\n\t\t\t\t\t\t\t<div class=\"box\">\n\t\t\t\t\t\t\t\t<a aria-label=\"Saber m\u00e1s sobre Un proyecto de investigaci\u00f3n europeo revoluciona el futuro de las comunicaciones inmersivas\" href=\"https:\/\/www.capgemini.com\/es-es\/noticias\/notas-de-prensa\/proyecto-investigacion-europeo-revoluciona-futuro-comunicaciones-inmersivas\/\" class=\"anchorWrapper\">\n\t\t\t\t\t\t\t\t\t<span class=\"box-tag\"><span>Client news<\/span><\/span>\n\t\t\t\t\t\t\t\t\t<div class=\"box-title\"><h3 class=\"box-subtitle\">Un proyecto de investigaci\u00f3n europeo revoluciona el futuro de las comunicaciones inmersivas<\/h3><\/div>\n\t\t\t\t\t\t\t\t\t<div class=\"box-date\">\n\t\t\t\t\t\t\t\t\t\t<span>Dec 16, 2025<\/span>\n\t\t\t\t\t\t\t\t\t<\/div>\n\t\t\t\t\t\t\t\t\t<div class=\"box-bottom\">\n\t\t\t\t\t\t\t\t\t\t&lt;a class=&quot;link-download&quot; href=&quot;https:\/\/www.capgemini.com\/es-es\/wp-content\/uploads\/sites\/16\/2025\/12\/CAST_6G_XR_Demonstrations_PressRelease.pdf&quot; aria-label=&quot;Download Press Release&quot; target=&quot;_blank&quot;  type=&quot;download&quot; title=&quot;Opens in a new window&quot;&gt;\n\t\t\t\t\t\t\t&lt;span&gt;Descargar nota de prensa&lt;\/span&gt;\n\t\t\t\t\t\t\t&lt;span&gt;420 KB PDF&lt;\/span&gt;\n\t\t\t\t\t\t&lt;\/a&gt;\n\t\t\t\t\t\t\t\t\t\t<a class=\"more\" aria-label=\"Saber m\u00e1s sobre Un proyecto de investigaci\u00f3n europeo revoluciona el futuro de las comunicaciones inmersivas\" href=\"https:\/\/www.capgemini.com\/es-es\/noticias\/notas-de-prensa\/proyecto-investigacion-europeo-revoluciona-futuro-comunicaciones-inmersivas\/\">Saber m\u00e1s sobre<\/a>\n\t\t\t\t\t\t\t\t\t<\/div>\n\t\t\t\t\t\t\t\t<\/a>\n\t\t\t\t\t\t\t<\/div>\n\t\t\t\t\t\t<\/div><\/div><\/div><\/section><\/div>","protected":false},"excerpt":{"rendered":"<p>Capgemini y GMV anuncian el lanzamiento de la plataforma &#8220;World Emission&#8221;, financiada por la European Space Agency (ESA). Destinada a cartografiar las emisiones globales de gases de efecto invernadero (GHD) y contaminantes atmosf\u00e9ricos, aprovecha los datos de los sat\u00e9lites Copernicus as\u00ed como otros de entidades internacionales como la NASA o JAXA y aporta informaci\u00f3n complementaria a las mediciones en tierra y a los inventarios ascendentes tradicionales.<\/p>\n","protected":false},"author":376,"featured_media":0,"template":"","meta":{"cg_dt_proposed_to":[],"cg_seo_hreflang_relations":"[]","cg_seo_canonical_relation":"","cg_seo_hreflang_x_default_relation":"{\"uuid\":\"72367b03-fa62-460f-a3ba-431cdad1be74\",\"blogId\":\"\",\"domain\":\"\",\"sitePath\":\"\",\"postLink\":\"\",\"postId\":null,\"isSaved\":true,\"isCrossLink\":false,\"hasCrossLink\":false}","cg_dt_approved_content":true,"cg_dt_mandatory_content":false,"cg_dt_notes":"","cg_dg_source_changed":true,"cg_dt_link_disabled":false,"footnotes":"","related_resource_url":"https:\/\/www.capgemini.com\/es-es\/wp-content\/uploads\/sites\/16\/2024\/09\/NdP-Ya-esta-disponible-World-Emission-la-plataforma-de-gestion-de-las-emisiones-de-gases-de-efecto-invernadero-y-contaminantes-atmosfericos.pdf","related_resource_id":560928,"related_resource_size":"128 KB","related_resource_type":"pdf","cg_author":0,"featured_focal_points":""},"tags":[],"press-release-type":[33],"brand":[],"class_list":["post-546637","press-release","type-press-release","status-publish","hentry","press-release-type-client-news"],"yoast_head":"<!-- This site is optimized with the Yoast SEO Premium plugin v22.8 (Yoast SEO v22.8) - https:\/\/yoast.com\/wordpress\/plugins\/seo\/ -->\n<title>Ya est\u00e1 disponible &quot;World Emission&quot;, la plataforma de gesti\u00f3n de las emisiones de gases de efecto invernadero y contaminantes atmosf\u00e9ricos - Capgemini Spain<\/title>\n<meta name=\"robots\" content=\"index, follow, max-snippet:-1, max-image-preview:large, max-video-preview:-1\" \/>\n<link rel=\"canonical\" href=\"https:\/\/www.capgemini.com\/es-es\/noticias\/notas-de-prensa\/the-greenhouse-gas-and-atmospheric-pollutants-emission-inventory-platform-demonstrator-world-emission-is-now-available\/\" \/>\n<meta property=\"og:locale\" content=\"es_ES\" \/>\n<meta property=\"og:type\" content=\"article\" \/>\n<meta property=\"og:title\" content=\"Ya est\u00e1 disponible &quot;World Emission&quot;, la plataforma de gesti\u00f3n de las emisiones de gases de efecto invernadero y contaminantes atmosf\u00e9ricos\" \/>\n<meta property=\"og:description\" content=\"Capgemini y GMV anuncian el lanzamiento de la plataforma &quot;World Emission&quot;, financiada por la European Space Agency (ESA). Destinada a cartografiar las emisiones globales de gases de efecto invernadero (GHD) y contaminantes atmosf\u00e9ricos, aprovecha los datos de los sat\u00e9lites Copernicus as\u00ed como otros de entidades internacionales como la NASA o JAXA y aporta informaci\u00f3n complementaria a las mediciones en tierra y a los inventarios ascendentes tradicionales.\" \/>\n<meta property=\"og:url\" content=\"https:\/\/www.capgemini.com\/es-es\/noticias\/notas-de-prensa\/the-greenhouse-gas-and-atmospheric-pollutants-emission-inventory-platform-demonstrator-world-emission-is-now-available\/\" \/>\n<meta property=\"og:site_name\" content=\"Capgemini Spain\" \/>\n<meta property=\"article:modified_time\" content=\"2025-03-12T07:19:12+00:00\" \/>\n<meta property=\"og:image\" content=\"https:\/\/www.capgemini.com\/es-es\/wp-content\/uploads\/sites\/16\/2025\/10\/New-Web-preview-global.jpg\" \/>\n\t<meta property=\"og:image:width\" content=\"1200\" \/>\n\t<meta property=\"og:image:height\" content=\"627\" \/>\n\t<meta property=\"og:image:type\" content=\"image\/jpeg\" \/>\n<meta name=\"twitter:card\" content=\"summary_large_image\" \/>\n<script type=\"application\/ld+json\" class=\"yoast-schema-graph\">{\"@context\":\"https:\/\/schema.org\",\"@graph\":[{\"@type\":\"WebPage\",\"@id\":\"https:\/\/www.capgemini.com\/es-es\/noticias\/notas-de-prensa\/the-greenhouse-gas-and-atmospheric-pollutants-emission-inventory-platform-demonstrator-world-emission-is-now-available\/\",\"url\":\"https:\/\/www.capgemini.com\/es-es\/noticias\/notas-de-prensa\/the-greenhouse-gas-and-atmospheric-pollutants-emission-inventory-platform-demonstrator-world-emission-is-now-available\/\",\"name\":\"Ya est\u00e1 disponible \\\"World Emission\\\", la plataforma de gesti\u00f3n de las emisiones de gases de efecto invernadero y contaminantes atmosf\u00e9ricos - Capgemini Spain\",\"isPartOf\":{\"@id\":\"https:\/\/www.capgemini.com\/es-es\/#website\"},\"datePublished\":\"2023-06-22T15:40:00+00:00\",\"dateModified\":\"2025-03-12T07:19:12+00:00\",\"breadcrumb\":{\"@id\":\"https:\/\/www.capgemini.com\/es-es\/noticias\/notas-de-prensa\/the-greenhouse-gas-and-atmospheric-pollutants-emission-inventory-platform-demonstrator-world-emission-is-now-available\/#breadcrumb\"},\"inLanguage\":\"es-ES\",\"potentialAction\":[{\"@type\":\"ReadAction\",\"target\":[\"https:\/\/www.capgemini.com\/es-es\/noticias\/notas-de-prensa\/the-greenhouse-gas-and-atmospheric-pollutants-emission-inventory-platform-demonstrator-world-emission-is-now-available\/\"]}]},{\"@type\":\"BreadcrumbList\",\"@id\":\"https:\/\/www.capgemini.com\/es-es\/noticias\/notas-de-prensa\/the-greenhouse-gas-and-atmospheric-pollutants-emission-inventory-platform-demonstrator-world-emission-is-now-available\/#breadcrumb\",\"itemListElement\":[{\"@type\":\"ListItem\",\"position\":1,\"name\":\"Home\",\"item\":\"https:\/\/www.capgemini.com\/es-es\/\"},{\"@type\":\"ListItem\",\"position\":2,\"name\":\"Press Releases\",\"item\":\"https:\/\/www.capgemini.com\/es-es\/news\/\"},{\"@type\":\"ListItem\",\"position\":3,\"name\":\"Ya est\u00e1 disponible &#8220;World Emission&#8221;, la plataforma de gesti\u00f3n de las emisiones de gases de efecto invernadero y contaminantes atmosf\u00e9ricos\"}]},{\"@type\":\"WebSite\",\"@id\":\"https:\/\/www.capgemini.com\/es-es\/#website\",\"url\":\"https:\/\/www.capgemini.com\/es-es\/\",\"name\":\"Capgemini Espa\u00f1a\",\"description\":\"Capgemini\",\"potentialAction\":[{\"@type\":\"SearchAction\",\"target\":{\"@type\":\"EntryPoint\",\"urlTemplate\":\"https:\/\/www.capgemini.com\/es-es\/?s={search_term_string}\"},\"query-input\":\"required name=search_term_string\"}],\"inLanguage\":\"es-ES\"}]}<\/script>\n<!-- \/ Yoast SEO Premium plugin. -->","yoast_head_json":{"title":"Ya est\u00e1 disponible \"World Emission\", la plataforma de gesti\u00f3n de las emisiones de gases de efecto invernadero y contaminantes atmosf\u00e9ricos - Capgemini Spain","robots":{"index":"index","follow":"follow","max-snippet":"max-snippet:-1","max-image-preview":"max-image-preview:large","max-video-preview":"max-video-preview:-1"},"canonical":"https:\/\/www.capgemini.com\/es-es\/noticias\/notas-de-prensa\/the-greenhouse-gas-and-atmospheric-pollutants-emission-inventory-platform-demonstrator-world-emission-is-now-available\/","og_locale":"es_ES","og_type":"article","og_title":"Ya est\u00e1 disponible \"World Emission\", la plataforma de gesti\u00f3n de las emisiones de gases de efecto invernadero y contaminantes atmosf\u00e9ricos","og_description":"Capgemini y GMV anuncian el lanzamiento de la plataforma \"World Emission\", financiada por la European Space Agency (ESA). Destinada a cartografiar las emisiones globales de gases de efecto invernadero (GHD) y contaminantes atmosf\u00e9ricos, aprovecha los datos de los sat\u00e9lites Copernicus as\u00ed como otros de entidades internacionales como la NASA o JAXA y aporta informaci\u00f3n complementaria a las mediciones en tierra y a los inventarios ascendentes tradicionales.","og_url":"https:\/\/www.capgemini.com\/es-es\/noticias\/notas-de-prensa\/the-greenhouse-gas-and-atmospheric-pollutants-emission-inventory-platform-demonstrator-world-emission-is-now-available\/","og_site_name":"Capgemini Spain","article_modified_time":"2025-03-12T07:19:12+00:00","og_image":[{"width":1200,"height":627,"url":"https:\/\/www.capgemini.com\/es-es\/wp-content\/uploads\/sites\/16\/2025\/10\/New-Web-preview-global.jpg","type":"image\/jpeg"}],"twitter_card":"summary_large_image","schema":{"@context":"https:\/\/schema.org","@graph":[{"@type":"WebPage","@id":"https:\/\/www.capgemini.com\/es-es\/noticias\/notas-de-prensa\/the-greenhouse-gas-and-atmospheric-pollutants-emission-inventory-platform-demonstrator-world-emission-is-now-available\/","url":"https:\/\/www.capgemini.com\/es-es\/noticias\/notas-de-prensa\/the-greenhouse-gas-and-atmospheric-pollutants-emission-inventory-platform-demonstrator-world-emission-is-now-available\/","name":"Ya est\u00e1 disponible \"World Emission\", la plataforma de gesti\u00f3n de las emisiones de gases de efecto invernadero y contaminantes atmosf\u00e9ricos - Capgemini Spain","isPartOf":{"@id":"https:\/\/www.capgemini.com\/es-es\/#website"},"datePublished":"2023-06-22T15:40:00+00:00","dateModified":"2025-03-12T07:19:12+00:00","breadcrumb":{"@id":"https:\/\/www.capgemini.com\/es-es\/noticias\/notas-de-prensa\/the-greenhouse-gas-and-atmospheric-pollutants-emission-inventory-platform-demonstrator-world-emission-is-now-available\/#breadcrumb"},"inLanguage":"es-ES","potentialAction":[{"@type":"ReadAction","target":["https:\/\/www.capgemini.com\/es-es\/noticias\/notas-de-prensa\/the-greenhouse-gas-and-atmospheric-pollutants-emission-inventory-platform-demonstrator-world-emission-is-now-available\/"]}]},{"@type":"BreadcrumbList","@id":"https:\/\/www.capgemini.com\/es-es\/noticias\/notas-de-prensa\/the-greenhouse-gas-and-atmospheric-pollutants-emission-inventory-platform-demonstrator-world-emission-is-now-available\/#breadcrumb","itemListElement":[{"@type":"ListItem","position":1,"name":"Home","item":"https:\/\/www.capgemini.com\/es-es\/"},{"@type":"ListItem","position":2,"name":"Press Releases","item":"https:\/\/www.capgemini.com\/es-es\/news\/"},{"@type":"ListItem","position":3,"name":"Ya est\u00e1 disponible &#8220;World Emission&#8221;, la plataforma de gesti\u00f3n de las emisiones de gases de efecto invernadero y contaminantes atmosf\u00e9ricos"}]},{"@type":"WebSite","@id":"https:\/\/www.capgemini.com\/es-es\/#website","url":"https:\/\/www.capgemini.com\/es-es\/","name":"Capgemini Espa\u00f1a","description":"Capgemini","potentialAction":[{"@type":"SearchAction","target":{"@type":"EntryPoint","urlTemplate":"https:\/\/www.capgemini.com\/es-es\/?s={search_term_string}"},"query-input":"required name=search_term_string"}],"inLanguage":"es-ES"}]}},"parsely":{"version":"1.1.0","canonical_url":"https:\/\/capgemini.com\/es-es\/noticias\/notas-de-prensa\/the-greenhouse-gas-and-atmospheric-pollutants-emission-inventory-platform-demonstrator-world-emission-is-now-available\/","smart_links":{"inbound":0,"outbound":0},"traffic_boost_suggestions_count":0,"meta":{"@context":"https:\/\/schema.org","@type":"NewsArticle","headline":"Ya est\u00e1 disponible &#8220;World Emission&#8221;, la plataforma de gesti\u00f3n de las emisiones de gases de efecto invernadero y contaminantes atmosf\u00e9ricos","url":"https:\/\/www.capgemini.com\/es-es\/noticias\/notas-de-prensa\/the-greenhouse-gas-and-atmospheric-pollutants-emission-inventory-platform-demonstrator-world-emission-is-now-available\/","mainEntityOfPage":{"@type":"WebPage","@id":"https:\/\/www.capgemini.com\/es-es\/noticias\/notas-de-prensa\/the-greenhouse-gas-and-atmospheric-pollutants-emission-inventory-platform-demonstrator-world-emission-is-now-available\/"},"thumbnailUrl":"","image":{"@type":"ImageObject","url":""},"articleSection":"Uncategorized","author":[],"creator":[],"publisher":{"@type":"Organization","name":"Capgemini Spain","logo":""},"keywords":[],"dateCreated":"2023-06-22T15:40:00Z","datePublished":"2023-06-22T15:40:00Z","dateModified":"2025-03-12T07:19:12Z"},"rendered":"<meta name=\"parsely-title\" content=\"Ya est\u00e1 disponible &#8220;World Emission&#8221;, la plataforma de gesti\u00f3n de las emisiones de gases de efecto invernadero y contaminantes atmosf\u00e9ricos\" \/>\n<meta name=\"parsely-link\" content=\"https:\/\/www.capgemini.com\/es-es\/noticias\/notas-de-prensa\/the-greenhouse-gas-and-atmospheric-pollutants-emission-inventory-platform-demonstrator-world-emission-is-now-available\/\" \/>\n<meta name=\"parsely-type\" content=\"post\" \/>\n<meta name=\"parsely-pub-date\" content=\"2023-06-22T15:40:00Z\" \/>\n<meta name=\"parsely-section\" content=\"Uncategorized\" \/>","tracker_url":"https:\/\/cdn.parsely.com\/keys\/capgemini.com\/p.js"},"archive_status":false,"featured_image_src":"https:\/\/www.capgemini.com\/es-es\/wp-content\/themes\/capgemini2025\/assets\/images\/mockup.png","featured_image_alt":false,"jetpack_sharing_enabled":true,"distributor_meta":false,"distributor_terms":false,"distributor_media":false,"distributor_original_site_name":"Capgemini Spain","distributor_original_site_url":"https:\/\/www.capgemini.com\/es-es","push-errors":false,"tag_names":[],"_links":{"self":[{"href":"https:\/\/www.capgemini.com\/es-es\/wp-json\/wp\/v2\/press-release\/546637","targetHints":{"allow":["GET"]}}],"collection":[{"href":"https:\/\/www.capgemini.com\/es-es\/wp-json\/wp\/v2\/press-release"}],"about":[{"href":"https:\/\/www.capgemini.com\/es-es\/wp-json\/wp\/v2\/types\/press-release"}],"author":[{"embeddable":true,"href":"https:\/\/www.capgemini.com\/es-es\/wp-json\/wp\/v2\/users\/376"}],"version-history":[{"count":5,"href":"https:\/\/www.capgemini.com\/es-es\/wp-json\/wp\/v2\/press-release\/546637\/revisions"}],"predecessor-version":[{"id":567999,"href":"https:\/\/www.capgemini.com\/es-es\/wp-json\/wp\/v2\/press-release\/546637\/revisions\/567999"}],"wp:attachment":[{"href":"https:\/\/www.capgemini.com\/es-es\/wp-json\/wp\/v2\/media?parent=546637"}],"wp:term":[{"taxonomy":"post_tag","embeddable":true,"href":"https:\/\/www.capgemini.com\/es-es\/wp-json\/wp\/v2\/tags?post=546637"},{"taxonomy":"press-release-type","embeddable":true,"href":"https:\/\/www.capgemini.com\/es-es\/wp-json\/wp\/v2\/press-release-type?post=546637"},{"taxonomy":"brand","embeddable":true,"href":"https:\/\/www.capgemini.com\/es-es\/wp-json\/wp\/v2\/brand?post=546637"}],"curies":[{"name":"wp","href":"https:\/\/api.w.org\/{rel}","templated":true}]}}