{"id":542951,"date":"2023-03-22T10:04:41","date_gmt":"2023-03-22T10:04:41","guid":{"rendered":"https:\/\/www.capgemini.com\/es-es\/?post_type=press-release&#038;p=542951"},"modified":"2025-03-12T08:28:36","modified_gmt":"2025-03-12T07:28:36","slug":"premios-retina-eco","status":"publish","type":"press-release","link":"https:\/\/www.capgemini.com\/es-es\/noticias\/notas-de-prensa\/premios-retina-eco\/","title":{"rendered":"Abierta la convocatoria\u00a0de la III edici\u00f3n de los Premios Retina ECO, organizados por PRISA Media en colaboraci\u00f3n con Capgemini\u00a0"},"content":{"rendered":"\t\t<div class=\"wp-block-cg-blocks-hero-press-release\">\n\t\t\t<header class=\"header-hero-press-release\" role=\"main\" id=\"main-content-press-release\">\n\t\t\t\t<div class=\"container\">\n\t\t\t\t\t<div class=\"hero-press-release\">\n\t\t\t\t\t\t<div class=\"hero-press-release-content-wrapper\">\n\t\t\t\t\t\t\t<div class=\"row\">\n\t\t\t\t\t\t\t\t<div class=\"col-12\">\n\t\t\t\t\t\t\t\t\t<div class=\"header-title\">\n\t\t\t\t\t\t\t\t\t\t<h1>\n\t\t\t\t\t\t\t\t\t\t\tAbierta la convocatoria\u00a0de la III edici\u00f3n de los Premios Retina ECO, organizados por PRISA Media en colaboraci\u00f3n con Capgemini\u00a0\t\t\t\t\t\t\t\t\t\t<\/h1>\n\t\t\t\t\t\t\t\t\t<\/div>\n\t\t\t\t\t\t\t\t\t<div class=\"header-description\">\n\t\t\t\t\t\t\t\t\t\t<p><\/p>\n\t\t\t\t\t\t\t\t\t<\/div>\n\t\t\t\t\t\t\t\t\t\t\t\t\t\t\t\t\t\t<div class=\"header-date\">\n\t\t\t\t\t\t\t\t\t\t<span>mar. 22, 2023<\/span>\n\t\t\t\t\t\t\t\t\t<\/div>\n\t\t\t\t\t\t\t\t<\/div>\n\t\t\t\t\t\t\t<\/div>\n\t\t\t\t\t\t<\/div>\n\t\t\t\t\t\t\t\t\t\t\t\t\t<div class=\"hero-press-release-downloads\">\n\t\t\t\t\t\t\t\t<div class=\"row\">\n\t\t\t\t\t\t\t\t\t\t\t\t\t\t\t\t\t\t\t<div class=\"col-12 col-md-6 col-lg-3\">\n\t\t\t\t\t\t\t\t\t\t\t<a class=\"download-item\" type=\"download\" href=\"https:\/\/www.capgemini.com\/es-es\/wp-content\/uploads\/sites\/16\/2024\/09\/Abierta-la-convocatoria-de-la-III-edicion-de-los-Premios-Retina-ECO-organizados-por-PRISA-Media-en-colaboracion-con-Capgemini_-002.pdf\" target=\"_blank\" rel=\"noopener noreferrer\" title=\"Abrir en una nueva ventana\">\n\t\t\t\t\t\t\t\t\t\t\t\t<div class=\"download-icon\"><\/div>\n\t\t\t\t\t\t\t\t\t\t\t\t<div class=\"download-details\">\n\t\t\t\t\t\t\t\t\t\t\t\t\t<div class=\"download-title\">Download press release<\/div>\n\t\t\t\t\t\t\t\t\t\t\t\t\t<div class=\"download-props\">211 KB  pdf<\/div>\n\t\t\t\t\t\t\t\t\t\t\t\t<\/div>\n\t\t\t\t\t\t\t\t\t\t\t<\/a>\n\t\t\t\t\t\t\t\t\t\t<\/div>\n\t\t\t\t\t\t\t\t\t\t\t\t\t\t\t\t\t\t<\/div>\n\t\t\t\t\t\t\t<\/div>\n\t\t\t\t\t\t\t\t\t\t\t\t\t\t\t\t\t\t\t<div class=\"hero-press-release-brand-image\">\n\t\t\t\t\t\t\t\t<img decoding=\"async\" loading=\"lazy\" src=\"https:\/\/www.capgemini.com\/es-es\/wp-content\/themes\/capgemini2025\/assets\/images\/capgemini-white.svg\" alt=\"Logo\" \/>\n\t\t\t\t\t\t\t<\/div>\n\t\t\t\t\t\t\t\t\t\t\t<\/div>\n\t\t\t\t<\/div>\n\t\t\t<\/header>\n\t\t<\/div>\n\t\t\n\n\n<section class=\"wp-block-cg-blocks-group undefined section section--article-content\"><div class=\"article-main-content\"><div class=\"container\"><div class=\"row\"><div class=\"col-12 col-md-1\"><nav class=\"article-social\"><ul class=\"social-nav\"><li class=\"ip-order-fb\"><a href=\"https:\/\/www.facebook.com\/sharer\/sharer.php?=http:\/\/capgeminiucwe.develop\/?post_type=press-release&amp;p=179\" target=\"_blank\" rel=\"noopener noreferrer\" title=\"abrir en una nueva ventana\"><i aria-hidden=\"true\" class=\"icon-fb\"><\/i><span class=\"sr-only\">Facebook<\/span><\/a><\/li><li class=\"ip-order-tw\"><a href=\"https:\/\/twitter.com\/intent\/tweet?=http:\/\/capgeminiucwe.develop\/?post_type=press-release&amp;p=179\" target=\"_blank\" rel=\"noopener noreferrer\" title=\"abrir en una nueva ventana\"><i aria-hidden=\"true\" class=\"icon-tw\"><\/i><span class=\"sr-only\">Twitter<\/span><\/a><\/li><li class=\"ip-order-li\"><a href=\"https:\/\/www.linkedin.com\/shareArticle?=http:\/\/capgeminiucwe.develop\/?post_type=press-release&amp;p=179\" target=\"_blank\" rel=\"noopener noreferrer\" title=\"abrir en una nueva ventana\"><i aria-hidden=\"true\" class=\"icon-li\"><\/i><span class=\"sr-only\">Linkedin<\/span><\/a><\/li><\/ul><\/nav><\/div><div class=\"col-12 col-md-11 col-lg-10\"><div class=\"article-text article-quote-text\">\n<ul class=\"wp-block-list\">\n<li><strong>El periodo de recepci\u00f3n de candidaturas est\u00e1 abierto desde el martes 21 de marzo hasta el viernes 19 de mayo.<\/strong>&nbsp;<\/li>\n\n\n\n<li><strong>Los galardones reconocen los mejores proyectos llevados a cabo en 2022 en el \u00e1mbito de la lucha contra el cambio clim\u00e1tico y la sostenibilidad, haciendo uso de la tecnolog\u00eda.<\/strong>&nbsp;<\/li>\n<\/ul>\n\n\n\n<p>Los Premios Retina ECO, organizados por PRISA Media en colaboraci\u00f3n con Capgemini, convocan la tercera edici\u00f3n de sus galardones con el objetivo de premiar los mejores proyectos del a\u00f1o 2022 en el \u00e1mbito de la lucha contra el cambio clim\u00e1tico, la sostenibilidad y la innovaci\u00f3n tecnol\u00f3gica.&nbsp;La recepci\u00f3n de candidaturas est\u00e1 abierta desde este martes 21 de marzo hasta el viernes 19 de mayo.<\/p>\n\n\n\n<p>Los ganadores de las cinco categor\u00edas de los premios ser\u00e1n seleccionados por un jurado compuesto por destacados profesionales del \u00e1mbito de la sostenibilidad y la tecnolog\u00eda y ser\u00e1n homenajeados en una gran gala en Madrid el pr\u00f3ximo 28 de junio por su compromiso con el medio ambiente y la innovaci\u00f3n.<\/p>\n\n\n\n<p>Las categor\u00edas de los premios son:&nbsp;&nbsp;&nbsp;&nbsp;&nbsp; &nbsp;<\/p>\n\n\n\n<p><strong>Premio Peque\u00f1a y Mediana Empresa a la Innovaci\u00f3n en Sostenibilidad<\/strong>, destinado a pymes o startups que han innovado en productos o servicios con un impacto positivo en la sostenibilidad y la lucha contra el cambio clim\u00e1tico.&nbsp;<\/p>\n\n\n\n<p><strong>Premio Generaci\u00f3n Verde<\/strong>, que reconoce proyectos innovadores y de base tecnol\u00f3gica ligados a la generaci\u00f3n de energ\u00edas limpias y renovables, su distribuci\u00f3n y transporte o su almacenamiento, as\u00ed como al autoconsumo y la generaci\u00f3n distribuida.&nbsp;<\/p>\n\n\n\n<p><strong>Premio Consumo Eficiente<\/strong>, dirigido a proyectos innovadores y de base tecnol\u00f3gica que busquen reducir el consumo energ\u00e9tico incluyendo edificios inteligentes, eficiencia energ\u00e9tica en entornos industriales, sensorizaci\u00f3n y sistemas de monitorizaci\u00f3n, optimizaci\u00f3n y modelizaci\u00f3n del consumo.&nbsp;<\/p>\n\n\n\n<p><strong>Premio Movilidad Inteligente<\/strong>, destinado a proyectos innovadores y de base tecnol\u00f3gica en el \u00e1mbito de la movilidad urbana e interurbana, la log\u00edstica y la distribuci\u00f3n inteligente, as\u00ed como ciudades inteligentes y veh\u00edculos sostenibles.&nbsp;<\/p>\n\n\n\n<p><strong>Premio Ecosistema Sostenible<\/strong>, que reconoce proyectos innovadores y de base tecnol\u00f3gica con un impacto sectorial o multiempresa que busquen el desarrollo sostenible y el avance en proyectos medioambientales incluyendo la financiaci\u00f3n verde, la econom\u00eda circular y la compensaci\u00f3n de emisiones.&nbsp;<\/p>\n\n\n\n<p><strong>Sobre los premios<\/strong>&nbsp;<\/p>\n\n\n\n<p>Los Premios Retina ECO nacen en 2021 para reconocer a los proyectos innovadores m\u00e1s destacados de organizaciones y empresas que luchan por combatir el cambio clim\u00e1tico a trav\u00e9s de la innovaci\u00f3n.&nbsp;&nbsp;La anterior edici\u00f3n cont\u00f3 con la presencia de su Majestad la Reina Do\u00f1a Letizia en la gala de entrega de los galardones, en la que se premiaron las iniciativas <em>Green &amp; Digital Hydrogen Mallorca<\/em>, <em>Proyecto de Eficiencia Energ\u00e9tica Mahou San Miguel-Verallia<\/em>, <em>Turbina de presi\u00f3n intermedia para combustible 100% sostenible<\/em> de ITP Aero, <em>La energ\u00eda positiva de las plantas solares<\/em> de Carmona y la <em>Planta de reciclado de PET multicapa<\/em> de Repetco.<\/p>\n\n\n\n<p><em>Las bases legales<\/em><em> de los premios est\u00e1n publicadas en la web<\/em> <a href=\"http:\/\/www.premiosretina.com\/\" target=\"_blank\" rel=\"noreferrer noopener\">premiosretina.com<\/a>&nbsp;<\/p>\n<\/div><\/div><\/div><\/div><\/div><\/section>\n\n\n<div class=\"wp-block-cg-blocks-cg-block-related-content\"><section class=\"relatedContentBlock\"><div class=\"container\"><div class=\"row\"><div class=\"content-title col-12 col-md-8\"><h2 class=\"related-content-heading\">Noticias relacionadas<\/h2><\/div><\/div><div class=\"row relatedContent\"><div class=\"col-lg-4 col-md-6 col-xs-12\">\n\t\t\t\t\t\t\t<div class=\"box\">\n\t\t\t\t\t\t\t\t<a aria-label=\"Saber m\u00e1s sobre Abierta la convocatoria de la VI edici\u00f3n de los Premios Retina ECO, organizados por PRISA Media en colaboraci\u00f3n con Capgemini\" href=\"https:\/\/www.capgemini.com\/es-es\/noticias\/notas-de-prensa\/abierta-la-convocatoria-de-la-vi-edicion-de-los-premios-retina-eco-organizados-por-prisa-media-en-colaboracion-con-capgemini\/\" class=\"anchorWrapper\">\n\t\t\t\t\t\t\t\t\t<span class=\"box-tag\"><span>Corporate news<\/span><\/span>\n\t\t\t\t\t\t\t\t\t<div class=\"box-title\"><h3 class=\"box-subtitle\">Abierta la convocatoria de la VI edici\u00f3n de los Premios Retina ECO, organizados por PRISA Media en colaboraci\u00f3n con Capgemini<\/h3><\/div>\n\t\t\t\t\t\t\t\t\t<div class=\"box-date\">\n\t\t\t\t\t\t\t\t\t\t<span>Mar 12, 2026<\/span>\n\t\t\t\t\t\t\t\t\t<\/div>\n\t\t\t\t\t\t\t\t\t<div class=\"box-bottom\">\n\t\t\t\t\t\t\t\t\t\t&lt;a class=&quot;link-download&quot; href=&quot;https:\/\/www.capgemini.com\/es-es\/wp-content\/uploads\/sites\/16\/2026\/03\/NP-Premios-Retina-2026.pdf&quot; aria-label=&quot;Download Press Release&quot; target=&quot;_blank&quot;  type=&quot;download&quot; title=&quot;Opens in a new window&quot;&gt;\n\t\t\t\t\t\t\t&lt;span&gt;Descargar nota de prensa&lt;\/span&gt;\n\t\t\t\t\t\t\t&lt;span&gt;265 KB PDF&lt;\/span&gt;\n\t\t\t\t\t\t&lt;\/a&gt;\n\t\t\t\t\t\t\t\t\t\t<a class=\"more\" aria-label=\"Saber m\u00e1s sobre Abierta la convocatoria de la VI edici\u00f3n de los Premios Retina ECO, organizados por PRISA Media en colaboraci\u00f3n con Capgemini\" href=\"https:\/\/www.capgemini.com\/es-es\/noticias\/notas-de-prensa\/abierta-la-convocatoria-de-la-vi-edicion-de-los-premios-retina-eco-organizados-por-prisa-media-en-colaboracion-con-capgemini\/\">Saber m\u00e1s sobre<\/a>\n\t\t\t\t\t\t\t\t\t<\/div>\n\t\t\t\t\t\t\t\t<\/a>\n\t\t\t\t\t\t\t<\/div>\n\t\t\t\t\t\t<\/div><div class=\"col-lg-4 col-md-6 col-xs-12\">\n\t\t\t\t\t\t\t<div class=\"box\">\n\t\t\t\t\t\t\t\t<a aria-label=\"Saber m\u00e1s sobre Capgemini adquirir\u00e1 Piterion, empresa independiente l\u00edder en gesti\u00f3n del ciclo de vida del producto y digitalizaci\u00f3n industrial\" href=\"https:\/\/www.capgemini.com\/es-es\/noticias\/notas-de-prensa\/capgemini-adquirira-piterion-empresa-independiente-lider-en-gestion-del-ciclo-de-vida-del-producto\/\" class=\"anchorWrapper\">\n\t\t\t\t\t\t\t\t\t<span class=\"box-tag\"><span>Corporate news<\/span><\/span>\n\t\t\t\t\t\t\t\t\t<div class=\"box-title\"><h3 class=\"box-subtitle\">Capgemini adquirir\u00e1 Piterion, empresa independiente l\u00edder en gesti\u00f3n del ciclo de vida del producto y digitalizaci\u00f3n industrial<\/h3><\/div>\n\t\t\t\t\t\t\t\t\t<div class=\"box-date\">\n\t\t\t\t\t\t\t\t\t\t<span>Mar 10, 2026<\/span>\n\t\t\t\t\t\t\t\t\t<\/div>\n\t\t\t\t\t\t\t\t\t<div class=\"box-bottom\">\n\t\t\t\t\t\t\t\t\t\t&lt;a class=&quot;link-download&quot; href=&quot;https:\/\/www.capgemini.com\/es-es\/wp-content\/uploads\/sites\/16\/2026\/03\/NP-Capgemini-adquirira-Piterion.pdf&quot; aria-label=&quot;Download Press Release&quot; target=&quot;_blank&quot;  type=&quot;download&quot; title=&quot;Opens in a new window&quot;&gt;\n\t\t\t\t\t\t\t&lt;span&gt;Descargar nota de prensa&lt;\/span&gt;\n\t\t\t\t\t\t\t&lt;span&gt;108 KB PDF&lt;\/span&gt;\n\t\t\t\t\t\t&lt;\/a&gt;\n\t\t\t\t\t\t\t\t\t\t<a class=\"more\" aria-label=\"Saber m\u00e1s sobre Capgemini adquirir\u00e1 Piterion, empresa independiente l\u00edder en gesti\u00f3n del ciclo de vida del producto y digitalizaci\u00f3n industrial\" href=\"https:\/\/www.capgemini.com\/es-es\/noticias\/notas-de-prensa\/capgemini-adquirira-piterion-empresa-independiente-lider-en-gestion-del-ciclo-de-vida-del-producto\/\">Saber m\u00e1s sobre<\/a>\n\t\t\t\t\t\t\t\t\t<\/div>\n\t\t\t\t\t\t\t\t<\/a>\n\t\t\t\t\t\t\t<\/div>\n\t\t\t\t\t\t<\/div><div class=\"col-lg-4 col-md-6 col-xs-12\">\n\t\t\t\t\t\t\t<div class=\"box\">\n\t\t\t\t\t\t\t\t<a aria-label=\"Saber m\u00e1s sobre Capgemini nombra a Laurent Perea nuevo Consejero Delegado de Capgemini en Espa\u00f1a\" href=\"https:\/\/www.capgemini.com\/es-es\/noticias\/notas-de-prensa\/capgemini-nombra-a-laurent-perea-nuevo-consejero-delegado-de-capgemini-en-espana\/\" class=\"anchorWrapper\">\n\t\t\t\t\t\t\t\t\t<span class=\"box-tag\"><span>Corporate news<\/span><\/span>\n\t\t\t\t\t\t\t\t\t<div class=\"box-title\"><h3 class=\"box-subtitle\">Capgemini nombra a Laurent Perea nuevo Consejero Delegado de Capgemini en Espa\u00f1a<\/h3><\/div>\n\t\t\t\t\t\t\t\t\t<div class=\"box-date\">\n\t\t\t\t\t\t\t\t\t\t<span>Jan 13, 2026<\/span>\n\t\t\t\t\t\t\t\t\t<\/div>\n\t\t\t\t\t\t\t\t\t<div class=\"box-bottom\">\n\t\t\t\t\t\t\t\t\t\t&lt;a class=&quot;link-download&quot; href=&quot;https:\/\/www.capgemini.com\/es-es\/wp-content\/uploads\/sites\/16\/2026\/01\/NP-Capgemini-nombra-a-Laurent-Perea-consejero-delegado-en-Espana.pdf&quot; aria-label=&quot;Download Press Release&quot; target=&quot;_blank&quot;  type=&quot;download&quot; title=&quot;Opens in a new window&quot;&gt;\n\t\t\t\t\t\t\t&lt;span&gt;Descargar nota de prensa&lt;\/span&gt;\n\t\t\t\t\t\t\t&lt;span&gt;107 KB PDF&lt;\/span&gt;\n\t\t\t\t\t\t&lt;\/a&gt;\n\t\t\t\t\t\t\t\t\t\t<a class=\"more\" aria-label=\"Saber m\u00e1s sobre Capgemini nombra a Laurent Perea nuevo Consejero Delegado de Capgemini en Espa\u00f1a\" href=\"https:\/\/www.capgemini.com\/es-es\/noticias\/notas-de-prensa\/capgemini-nombra-a-laurent-perea-nuevo-consejero-delegado-de-capgemini-en-espana\/\">Saber m\u00e1s sobre<\/a>\n\t\t\t\t\t\t\t\t\t<\/div>\n\t\t\t\t\t\t\t\t<\/a>\n\t\t\t\t\t\t\t<\/div>\n\t\t\t\t\t\t<\/div><\/div><\/div><\/section><\/div>","protected":false},"excerpt":{"rendered":"","protected":false},"author":452,"featured_media":542947,"template":"","meta":{"cg_dt_proposed_to":[],"cg_seo_hreflang_relations":"[]","cg_seo_canonical_relation":"","cg_seo_hreflang_x_default_relation":"{\"uuid\":\"2811946f-23bd-4b51-9b3c-3bb2c8562b86\",\"blogId\":\"\",\"domain\":\"\",\"sitePath\":\"\",\"postLink\":\"\",\"postId\":null,\"isSaved\":false,\"isCrossLink\":false,\"hasCrossLink\":false}","cg_dt_approved_content":true,"cg_dt_mandatory_content":false,"cg_dt_notes":"","cg_dg_source_changed":false,"cg_dt_link_disabled":false,"footnotes":"","related_resource_url":"https:\/\/www.capgemini.com\/es-es\/wp-content\/uploads\/sites\/16\/2024\/09\/Abierta-la-convocatoria-de-la-III-edicion-de-los-Premios-Retina-ECO-organizados-por-PRISA-Media-en-colaboracion-con-Capgemini_-002.pdf","related_resource_id":561167,"related_resource_size":"211 KB","related_resource_type":"pdf","cg_author":0,"featured_focal_points":""},"tags":[],"press-release-type":[26,39],"brand":[30],"class_list":["post-542951","press-release","type-press-release","status-publish","has-post-thumbnail","hentry","press-release-type-awards-and-recognitions","press-release-type-corporate-news","brand-capgemini"],"yoast_head":"<!-- This site is optimized with the Yoast SEO Premium plugin v22.8 (Yoast SEO v22.8) - https:\/\/yoast.com\/wordpress\/plugins\/seo\/ -->\n<title>Abierta la convocatoria\u00a0de la III edici\u00f3n de los Premios Retina ECO, organizados por PRISA Media en colaboraci\u00f3n con Capgemini\u00a0 - Capgemini Spain<\/title>\n<meta name=\"description\" content=\"III edici\u00f3n de los Premios Retina ECO, de Prisa y Capgemini.\" \/>\n<meta name=\"robots\" content=\"index, follow, max-snippet:-1, max-image-preview:large, max-video-preview:-1\" \/>\n<link rel=\"canonical\" href=\"https:\/\/www.capgemini.com\/es-es\/noticias\/notas-de-prensa\/premios-retina-eco\/\" \/>\n<meta property=\"og:locale\" content=\"es_ES\" \/>\n<meta property=\"og:type\" content=\"article\" \/>\n<meta property=\"og:title\" content=\"Abierta la convocatoria\u00a0de la III edici\u00f3n de los Premios Retina ECO, organizados por PRISA Media en colaboraci\u00f3n con Capgemini\u00a0\" \/>\n<meta property=\"og:description\" content=\"III edici\u00f3n de los Premios Retina ECO, de Prisa y Capgemini.\" \/>\n<meta property=\"og:url\" content=\"https:\/\/www.capgemini.com\/es-es\/noticias\/notas-de-prensa\/premios-retina-eco\/\" \/>\n<meta property=\"og:site_name\" content=\"Capgemini Spain\" \/>\n<meta property=\"article:modified_time\" content=\"2025-03-12T07:28:36+00:00\" \/>\n<meta property=\"og:image\" content=\"https:\/\/www.capgemini.com\/es-es\/wp-content\/uploads\/sites\/16\/2023\/03\/RRSS_premiosretina__Mesa-de-trabajo-01.png\" \/>\n\t<meta property=\"og:image:width\" content=\"1080\" \/>\n\t<meta property=\"og:image:height\" content=\"1080\" \/>\n\t<meta property=\"og:image:type\" content=\"image\/png\" \/>\n<meta name=\"twitter:card\" content=\"summary_large_image\" \/>\n<meta name=\"twitter:label1\" content=\"Est. reading time\" \/>\n\t<meta name=\"twitter:data1\" content=\"1 minute\" \/>\n<script type=\"application\/ld+json\" class=\"yoast-schema-graph\">{\"@context\":\"https:\/\/schema.org\",\"@graph\":[{\"@type\":\"WebPage\",\"@id\":\"https:\/\/www.capgemini.com\/es-es\/noticias\/notas-de-prensa\/premios-retina-eco\/\",\"url\":\"https:\/\/www.capgemini.com\/es-es\/noticias\/notas-de-prensa\/premios-retina-eco\/\",\"name\":\"Abierta la convocatoria\u00a0de la III edici\u00f3n de los Premios Retina ECO, organizados por PRISA Media en colaboraci\u00f3n con Capgemini\u00a0 - Capgemini Spain\",\"isPartOf\":{\"@id\":\"https:\/\/www.capgemini.com\/es-es\/#website\"},\"primaryImageOfPage\":{\"@id\":\"https:\/\/www.capgemini.com\/es-es\/noticias\/notas-de-prensa\/premios-retina-eco\/#primaryimage\"},\"image\":{\"@id\":\"https:\/\/www.capgemini.com\/es-es\/noticias\/notas-de-prensa\/premios-retina-eco\/#primaryimage\"},\"thumbnailUrl\":\"https:\/\/www.capgemini.com\/es-es\/wp-content\/uploads\/sites\/16\/2023\/03\/RRSS_premiosretina__Mesa-de-trabajo-01.png\",\"datePublished\":\"2023-03-22T10:04:41+00:00\",\"dateModified\":\"2025-03-12T07:28:36+00:00\",\"description\":\"III edici\u00f3n de los Premios Retina ECO, de Prisa y Capgemini.\",\"breadcrumb\":{\"@id\":\"https:\/\/www.capgemini.com\/es-es\/noticias\/notas-de-prensa\/premios-retina-eco\/#breadcrumb\"},\"inLanguage\":\"es-ES\",\"potentialAction\":[{\"@type\":\"ReadAction\",\"target\":[\"https:\/\/www.capgemini.com\/es-es\/noticias\/notas-de-prensa\/premios-retina-eco\/\"]}]},{\"@type\":\"ImageObject\",\"inLanguage\":\"es-ES\",\"@id\":\"https:\/\/www.capgemini.com\/es-es\/noticias\/notas-de-prensa\/premios-retina-eco\/#primaryimage\",\"url\":\"https:\/\/www.capgemini.com\/es-es\/wp-content\/uploads\/sites\/16\/2023\/03\/RRSS_premiosretina__Mesa-de-trabajo-01.png\",\"contentUrl\":\"https:\/\/www.capgemini.com\/es-es\/wp-content\/uploads\/sites\/16\/2023\/03\/RRSS_premiosretina__Mesa-de-trabajo-01.png\",\"width\":1080,\"height\":1080},{\"@type\":\"BreadcrumbList\",\"@id\":\"https:\/\/www.capgemini.com\/es-es\/noticias\/notas-de-prensa\/premios-retina-eco\/#breadcrumb\",\"itemListElement\":[{\"@type\":\"ListItem\",\"position\":1,\"name\":\"Home\",\"item\":\"https:\/\/www.capgemini.com\/es-es\/\"},{\"@type\":\"ListItem\",\"position\":2,\"name\":\"Press Releases\",\"item\":\"https:\/\/www.capgemini.com\/es-es\/news\/\"},{\"@type\":\"ListItem\",\"position\":3,\"name\":\"Abierta la convocatoria\u00a0de la III edici\u00f3n de los Premios Retina ECO, organizados por PRISA Media en colaboraci\u00f3n con Capgemini\u00a0\"}]},{\"@type\":\"WebSite\",\"@id\":\"https:\/\/www.capgemini.com\/es-es\/#website\",\"url\":\"https:\/\/www.capgemini.com\/es-es\/\",\"name\":\"Capgemini Espa\u00f1a\",\"description\":\"Capgemini\",\"potentialAction\":[{\"@type\":\"SearchAction\",\"target\":{\"@type\":\"EntryPoint\",\"urlTemplate\":\"https:\/\/www.capgemini.com\/es-es\/?s={search_term_string}\"},\"query-input\":\"required name=search_term_string\"}],\"inLanguage\":\"es-ES\"}]}<\/script>\n<!-- \/ Yoast SEO Premium plugin. -->","yoast_head_json":{"title":"Abierta la convocatoria\u00a0de la III edici\u00f3n de los Premios Retina ECO, organizados por PRISA Media en colaboraci\u00f3n con Capgemini\u00a0 - Capgemini Spain","description":"III edici\u00f3n de los Premios Retina ECO, de Prisa y Capgemini.","robots":{"index":"index","follow":"follow","max-snippet":"max-snippet:-1","max-image-preview":"max-image-preview:large","max-video-preview":"max-video-preview:-1"},"canonical":"https:\/\/www.capgemini.com\/es-es\/noticias\/notas-de-prensa\/premios-retina-eco\/","og_locale":"es_ES","og_type":"article","og_title":"Abierta la convocatoria\u00a0de la III edici\u00f3n de los Premios Retina ECO, organizados por PRISA Media en colaboraci\u00f3n con Capgemini\u00a0","og_description":"III edici\u00f3n de los Premios Retina ECO, de Prisa y Capgemini.","og_url":"https:\/\/www.capgemini.com\/es-es\/noticias\/notas-de-prensa\/premios-retina-eco\/","og_site_name":"Capgemini Spain","article_modified_time":"2025-03-12T07:28:36+00:00","og_image":[{"width":1080,"height":1080,"url":"https:\/\/www.capgemini.com\/es-es\/wp-content\/uploads\/sites\/16\/2023\/03\/RRSS_premiosretina__Mesa-de-trabajo-01.png","type":"image\/png"}],"twitter_card":"summary_large_image","twitter_misc":{"Est. reading time":"1 minute"},"schema":{"@context":"https:\/\/schema.org","@graph":[{"@type":"WebPage","@id":"https:\/\/www.capgemini.com\/es-es\/noticias\/notas-de-prensa\/premios-retina-eco\/","url":"https:\/\/www.capgemini.com\/es-es\/noticias\/notas-de-prensa\/premios-retina-eco\/","name":"Abierta la convocatoria\u00a0de la III edici\u00f3n de los Premios Retina ECO, organizados por PRISA Media en colaboraci\u00f3n con Capgemini\u00a0 - Capgemini Spain","isPartOf":{"@id":"https:\/\/www.capgemini.com\/es-es\/#website"},"primaryImageOfPage":{"@id":"https:\/\/www.capgemini.com\/es-es\/noticias\/notas-de-prensa\/premios-retina-eco\/#primaryimage"},"image":{"@id":"https:\/\/www.capgemini.com\/es-es\/noticias\/notas-de-prensa\/premios-retina-eco\/#primaryimage"},"thumbnailUrl":"https:\/\/www.capgemini.com\/es-es\/wp-content\/uploads\/sites\/16\/2023\/03\/RRSS_premiosretina__Mesa-de-trabajo-01.png","datePublished":"2023-03-22T10:04:41+00:00","dateModified":"2025-03-12T07:28:36+00:00","description":"III edici\u00f3n de los Premios Retina ECO, de Prisa y Capgemini.","breadcrumb":{"@id":"https:\/\/www.capgemini.com\/es-es\/noticias\/notas-de-prensa\/premios-retina-eco\/#breadcrumb"},"inLanguage":"es-ES","potentialAction":[{"@type":"ReadAction","target":["https:\/\/www.capgemini.com\/es-es\/noticias\/notas-de-prensa\/premios-retina-eco\/"]}]},{"@type":"ImageObject","inLanguage":"es-ES","@id":"https:\/\/www.capgemini.com\/es-es\/noticias\/notas-de-prensa\/premios-retina-eco\/#primaryimage","url":"https:\/\/www.capgemini.com\/es-es\/wp-content\/uploads\/sites\/16\/2023\/03\/RRSS_premiosretina__Mesa-de-trabajo-01.png","contentUrl":"https:\/\/www.capgemini.com\/es-es\/wp-content\/uploads\/sites\/16\/2023\/03\/RRSS_premiosretina__Mesa-de-trabajo-01.png","width":1080,"height":1080},{"@type":"BreadcrumbList","@id":"https:\/\/www.capgemini.com\/es-es\/noticias\/notas-de-prensa\/premios-retina-eco\/#breadcrumb","itemListElement":[{"@type":"ListItem","position":1,"name":"Home","item":"https:\/\/www.capgemini.com\/es-es\/"},{"@type":"ListItem","position":2,"name":"Press Releases","item":"https:\/\/www.capgemini.com\/es-es\/news\/"},{"@type":"ListItem","position":3,"name":"Abierta la convocatoria\u00a0de la III edici\u00f3n de los Premios Retina ECO, organizados por PRISA Media en colaboraci\u00f3n con Capgemini\u00a0"}]},{"@type":"WebSite","@id":"https:\/\/www.capgemini.com\/es-es\/#website","url":"https:\/\/www.capgemini.com\/es-es\/","name":"Capgemini Espa\u00f1a","description":"Capgemini","potentialAction":[{"@type":"SearchAction","target":{"@type":"EntryPoint","urlTemplate":"https:\/\/www.capgemini.com\/es-es\/?s={search_term_string}"},"query-input":"required name=search_term_string"}],"inLanguage":"es-ES"}]}},"parsely":{"version":"1.1.0","canonical_url":"https:\/\/capgemini.com\/es-es\/noticias\/notas-de-prensa\/premios-retina-eco\/","smart_links":{"inbound":0,"outbound":0},"traffic_boost_suggestions_count":0,"meta":{"@context":"https:\/\/schema.org","@type":"NewsArticle","headline":"Abierta la convocatoria\u00a0de la III edici\u00f3n de los Premios Retina ECO, organizados por PRISA Media en colaboraci\u00f3n con Capgemini\u00a0","url":"https:\/\/www.capgemini.com\/es-es\/noticias\/notas-de-prensa\/premios-retina-eco\/","mainEntityOfPage":{"@type":"WebPage","@id":"https:\/\/www.capgemini.com\/es-es\/noticias\/notas-de-prensa\/premios-retina-eco\/"},"thumbnailUrl":"https:\/\/www.capgemini.com\/es-es\/wp-content\/uploads\/sites\/16\/2023\/03\/RRSS_premiosretina__Mesa-de-trabajo-01.png?w=150&h=150&crop=1","image":{"@type":"ImageObject","url":"https:\/\/www.capgemini.com\/es-es\/wp-content\/uploads\/sites\/16\/2023\/03\/RRSS_premiosretina__Mesa-de-trabajo-01.png"},"articleSection":"Uncategorized","author":[],"creator":[],"publisher":{"@type":"Organization","name":"Capgemini Spain","logo":""},"keywords":[],"dateCreated":"2023-03-22T10:04:41Z","datePublished":"2023-03-22T10:04:41Z","dateModified":"2025-03-12T07:28:36Z"},"rendered":"<meta name=\"parsely-title\" content=\"Abierta la convocatoria\u00a0de la III edici\u00f3n de los Premios Retina ECO, organizados por PRISA Media en colaboraci\u00f3n con Capgemini\u00a0\" \/>\n<meta name=\"parsely-link\" content=\"https:\/\/www.capgemini.com\/es-es\/noticias\/notas-de-prensa\/premios-retina-eco\/\" \/>\n<meta name=\"parsely-type\" content=\"post\" \/>\n<meta name=\"parsely-image-url\" content=\"https:\/\/www.capgemini.com\/es-es\/wp-content\/uploads\/sites\/16\/2023\/03\/RRSS_premiosretina__Mesa-de-trabajo-01.png?w=150&amp;h=150&amp;crop=1\" \/>\n<meta name=\"parsely-pub-date\" content=\"2023-03-22T10:04:41Z\" \/>\n<meta name=\"parsely-section\" content=\"Uncategorized\" \/>","tracker_url":"https:\/\/cdn.parsely.com\/keys\/capgemini.com\/p.js"},"archive_status":false,"featured_image_src":"https:\/\/www.capgemini.com\/es-es\/wp-content\/uploads\/sites\/16\/2023\/03\/RRSS_premiosretina__Mesa-de-trabajo-01.png","featured_image_alt":"","jetpack_sharing_enabled":true,"distributor_meta":false,"distributor_terms":false,"distributor_media":false,"distributor_original_site_name":"Capgemini Spain","distributor_original_site_url":"https:\/\/www.capgemini.com\/es-es","push-errors":false,"tag_names":[],"_links":{"self":[{"href":"https:\/\/www.capgemini.com\/es-es\/wp-json\/wp\/v2\/press-release\/542951","targetHints":{"allow":["GET"]}}],"collection":[{"href":"https:\/\/www.capgemini.com\/es-es\/wp-json\/wp\/v2\/press-release"}],"about":[{"href":"https:\/\/www.capgemini.com\/es-es\/wp-json\/wp\/v2\/types\/press-release"}],"author":[{"embeddable":true,"href":"https:\/\/www.capgemini.com\/es-es\/wp-json\/wp\/v2\/users\/452"}],"version-history":[{"count":4,"href":"https:\/\/www.capgemini.com\/es-es\/wp-json\/wp\/v2\/press-release\/542951\/revisions"}],"predecessor-version":[{"id":568053,"href":"https:\/\/www.capgemini.com\/es-es\/wp-json\/wp\/v2\/press-release\/542951\/revisions\/568053"}],"wp:featuredmedia":[{"embeddable":true,"href":"https:\/\/www.capgemini.com\/es-es\/wp-json\/wp\/v2\/media\/542947"}],"wp:attachment":[{"href":"https:\/\/www.capgemini.com\/es-es\/wp-json\/wp\/v2\/media?parent=542951"}],"wp:term":[{"taxonomy":"post_tag","embeddable":true,"href":"https:\/\/www.capgemini.com\/es-es\/wp-json\/wp\/v2\/tags?post=542951"},{"taxonomy":"press-release-type","embeddable":true,"href":"https:\/\/www.capgemini.com\/es-es\/wp-json\/wp\/v2\/press-release-type?post=542951"},{"taxonomy":"brand","embeddable":true,"href":"https:\/\/www.capgemini.com\/es-es\/wp-json\/wp\/v2\/brand?post=542951"}],"curies":[{"name":"wp","href":"https:\/\/api.w.org\/{rel}","templated":true}]}}