{"id":532438,"date":"2019-03-14T15:30:00","date_gmt":"2019-03-14T15:30:00","guid":{"rendered":"https:\/\/www.capgemini.com\/es-es\/?post_type=press-release&#038;p=532438"},"modified":"2022-12-14T15:32:13","modified_gmt":"2022-12-14T15:32:13","slug":"capgemini-segunda-marca-global-de-servicios-tecnologicos-que-mas-rapido-crece-en-2019","status":"publish","type":"press-release","link":"https:\/\/www.capgemini.com\/es-es\/noticias\/notas-de-prensa\/capgemini-segunda-marca-global-de-servicios-tecnologicos-que-mas-rapido-crece-en-2019\/","title":{"rendered":"Capgemini, segunda \u00abmarca\u00bb global de servicios tecnol\u00f3gicos que m\u00e1s r\u00e1pido crece en 2019"},"content":{"rendered":"\n<p><\/p>\n\n\n\t\t<div class=\"wp-block-cg-blocks-hero-press-release\">\n\t\t\t<header class=\"header-hero-press-release\" role=\"main\" id=\"main-content-press-release\">\n\t\t\t\t<div class=\"container\">\n\t\t\t\t\t<div class=\"hero-press-release\">\n\t\t\t\t\t\t<div class=\"hero-press-release-content-wrapper\">\n\t\t\t\t\t\t\t<div class=\"row\">\n\t\t\t\t\t\t\t\t<div class=\"col-12\">\n\t\t\t\t\t\t\t\t\t<div class=\"header-title\">\n\t\t\t\t\t\t\t\t\t\t<h1>\n\t\t\t\t\t\t\t\t\t\t\tCapgemini, segunda \u00abmarca\u00bb global de servicios tecnol\u00f3gicos que m\u00e1s r\u00e1pido crece en 2019\t\t\t\t\t\t\t\t\t\t<\/h1>\n\t\t\t\t\t\t\t\t\t<\/div>\n\t\t\t\t\t\t\t\t\t<div class=\"header-description\">\n\t\t\t\t\t\t\t\t\t\t<p><\/p>\n\t\t\t\t\t\t\t\t\t<\/div>\n\t\t\t\t\t\t\t\t\t\t\t\t\t\t\t\t\t\t<div class=\"header-date\">\n\t\t\t\t\t\t\t\t\t\t<span>mar. 14, 2019<\/span>\n\t\t\t\t\t\t\t\t\t<\/div>\n\t\t\t\t\t\t\t\t<\/div>\n\t\t\t\t\t\t\t<\/div>\n\t\t\t\t\t\t<\/div>\n\t\t\t\t\t\t\t\t\t\t\t\t\t<div class=\"hero-press-release-downloads\">\n\t\t\t\t\t\t\t\t<div class=\"row\">\n\t\t\t\t\t\t\t\t\t\t\t\t\t\t\t\t\t\t\t<div class=\"col-12 col-md-6 col-lg-3\">\n\t\t\t\t\t\t\t\t\t\t\t<a class=\"download-item\" type=\"download\" href=\"https:\/\/www.capgemini.com\/es-es\/wp-content\/uploads\/sites\/16\/2022\/12\/Capgemini_Brand-Finance-Ranking.pdf\" target=\"_blank\" rel=\"noopener noreferrer\" title=\"Abrir en una nueva ventana\">\n\t\t\t\t\t\t\t\t\t\t\t\t<div class=\"download-icon\"><\/div>\n\t\t\t\t\t\t\t\t\t\t\t\t<div class=\"download-details\">\n\t\t\t\t\t\t\t\t\t\t\t\t\t<div class=\"download-title\">Download press release<\/div>\n\t\t\t\t\t\t\t\t\t\t\t\t\t<div class=\"download-props\">125 KB  pdf<\/div>\n\t\t\t\t\t\t\t\t\t\t\t\t<\/div>\n\t\t\t\t\t\t\t\t\t\t\t<\/a>\n\t\t\t\t\t\t\t\t\t\t<\/div>\n\t\t\t\t\t\t\t\t\t\t\t\t\t\t\t\t\t\t<\/div>\n\t\t\t\t\t\t\t<\/div>\n\t\t\t\t\t\t\t\t\t\t\t\t\t\t\t\t\t<\/div>\n\t\t\t\t<\/div>\n\t\t\t<\/header>\n\t\t<\/div>\n\t\t\n\n\n<section class=\"wp-block-cg-blocks-group undefined section section--article-content\" id=\"quoteWrapper\"><div class=\"article-main-content\"><div class=\"container\"><div class=\"row\"><div class=\"col-12 col-md-1\"><nav class=\"article-social\"><ul class=\"social-nav\"><li class=\"ip-order-fb\"><a href=\"https:\/\/www.facebook.com\/sharer\/sharer.php?u=https:\/\/www.capgemini.com\/es-es\/?post_type=press-release&amp;p=532438\" target=\"_blank\" rel=\"noopener noreferrer\" title=\"opens in a new window\"><i aria-hidden=\"true\" class=\"icon-fb\"><\/i><span class=\"sr-only\">Facebook<\/span><\/a><\/li><li class=\"ip-order-tw\"><a href=\"https:\/\/twitter.com\/intent\/tweet?url=https:\/\/www.capgemini.com\/es-es\/?post_type=press-release&amp;p=532438&amp;text=\" target=\"_blank\" rel=\"noopener noreferrer\" title=\"opens in a new window\"><i aria-hidden=\"true\" class=\"icon-tw\"><\/i><span class=\"sr-only\">Twitter<\/span><\/a><\/li><li class=\"ip-order-li\"><a href=\"https:\/\/www.linkedin.com\/sharing\/share-offsite\/?url=https:\/\/www.capgemini.com\/es-es\/?post_type=press-release&amp;p=532438&amp;text=\" target=\"_blank\" rel=\"noopener noreferrer\" title=\"opens in a new window\"><i aria-hidden=\"true\" class=\"icon-li\"><\/i><span class=\"sr-only\">Linkedin<\/span><\/a><\/li><\/ul><\/nav><\/div><div class=\"col-12 col-md-11 col-lg-10\"><div class=\"article-text article-quote-text\">\n<h2 class=\"wp-block-heading\" id=\"h-el-valor-de-marca-de-capgemini-crecio-un-30-interanual\"><strong><em>El \u00abvalor de marca\u00bb de Capgemini creci\u00f3 un 30% interanual<\/em><\/strong><\/h2>\n\n\n\n<p><strong>Madrid, 14 de marzo de 2019. <a href=\"https:\/\/www.capgemini.com\/es-es\/\">Capgemini<\/a> es la segunda <a href=\"https:\/\/brandirectory.com\/rankings\/it-services-15-2019\">\u00abmarca\u00bb global de servicios tecnol\u00f3gicos<\/a> de m\u00e1s r\u00e1pido crecimiento en 2019, seg\u00fan el reciente estudio de Brand Finance, la destacada consultora internacional independiente especializada en valoraci\u00f3n y estrategia de marcas. Tras un crecimiento interanual del 30% en su \u00abvalor de marca\u00bb, Capgemini se sit\u00faa como sexta en la lista de las 15 consultoras m\u00e1s importantes, ganando dos puestos desde 2018.<\/strong><\/p>\n\n\n\n<p>La <a href=\"https:\/\/www.capgemini.com\/es-es\/news\/capgemini-mira-al-futuro-con-una-nueva-identidad-de-marca\/\">nueva identidad de marca de Capgemini<\/a> lanzada en octubre de 2017, a la que sigui\u00f3 un proceso m\u00e1s amplio de transformaci\u00f3n de sus submarcas \u2014<a href=\"https:\/\/www.sogeti.com\/\">Sogeti<\/a> y <a href=\"https:\/\/www.capgemini.com\/es-es\/news\/capgemini-lanza-capgemini-invent-una-nueva-division-global-de-consultoria-innovacion-y-transformacion-digital\/\">Capgemini Invent<\/a>\u2014 en 2018, supuso la creaci\u00f3n de una nueva arquitectura de marca clara, centrada en las personas y orientada al futuro. La fuerte progresi\u00f3n del valor de marca de Capgemini que refleja la edici\u00f3n 2019 del informe <em>Brand Finance IT Services 15<\/em> viene a confirmar el impacto de esa evoluci\u00f3n, junto al s\u00f3lido trabajo que realiza Grupo Capgemini.<\/p>\n\n\n\n<p>Emmanuel Lochon, vicepresidente de Branding and Advertising de Capgemini, comenta: <em>\u201cNos sentimos muy contentos y orgullosos de recibir este reconocimiento como segunda \u00abmarca\u00bb de m\u00e1s r\u00e1pido crecimiento del sector tecnol\u00f3gico a nivel mundial. Para nosotros, nuestras marcas son activos estrat\u00e9gicos que nos ayudan a conectar con los clientes, con nuestros colaboradores y partners, con los accionistas y con otros p\u00fablicos del mercado. Este reconocimiento es fruto de las inversiones que hemos realizado para armonizar nuestras marcas y contar con un porfolio unificado y reconocible de servicios tecnol\u00f3gicos y de consultor\u00eda y de soluciones de transformaci\u00f3n digital para nuestros clientes, con el que ayudarles a hacer frente a sus retos de negocio con dinamismo, precisi\u00f3n y confianza\u201d.<\/em><\/p>\n\n\n\n<p>En 2018, Capgemini tambi\u00e9n renombr\u00f3 su destacado think-tank, que pas\u00f3 a denominarse <a href=\"https:\/\/www.capgemini.com\/es-es\/news\/el-instituto-de-investigacion-de-capgemini-repite-como-numero-1\/\">Instituto de Investigaci\u00f3n Capgemini<\/a><a href=\"#_ftn1\" id=\"_ftnref1\">[1]<\/a> (antes Instituto de Transformaci\u00f3n Digital). La transformaci\u00f3n de la marca tambi\u00e9n tuvo efecto en la evoluci\u00f3n de sus campa\u00f1as publicitarias mundiales \u2014en especial la campa\u00f1a \u201c<a href=\"https:\/\/www.capgemini.com\/service\/capgemini-effect\/\">Experience the Capgemini Effect\u201d<\/a>\u2014, as\u00ed como en la plataforma de marcas para empleadores ilustrada por la campa\u00f1a #Loveyourcareer.<\/p>\n\n\n\n<p>Para m\u00e1s informaci\u00f3n sobre el informe de Brand Finance, haga clic <a href=\"https:\/\/brandirectory.com\/rankings\/it-services-15-2019\">aqu\u00ed<\/a>.<\/p>\n\n\n\n<p><strong>Acerca de Capgemini<\/strong><\/p>\n\n\n\n<p>Un l\u00edder global en servicios de consultor\u00eda, servicios de tecnolog\u00eda y transformaci\u00f3n digital, Capgemini est\u00e1 a la vanguardia de la innovaci\u00f3n para abordar la diversidad de oportunidades que tienen sus empresas clientes en el din\u00e1mico entorno de las plataformas, la nube y lo digital. Respaldada por una s\u00f3lida trayectoria de 50 a\u00f1os y una dilatada experiencia multisectorial, Capgemini ayuda a las compa\u00f1\u00edas a alcanzar sus objetivos de negocio mediante una amplia gama de servicios que cubre desde la estrategia, hasta las operaciones. Capgemini act\u00faa bajo la firme convicci\u00f3n de que el valor de negocio de la tecnolog\u00eda se genera y desarrolla a trav\u00e9s de las personas. Capgemini es una compa\u00f1\u00eda multicultural de 200.000 profesionales, presente en m\u00e1s de 40 pa\u00edses y, en 2018, registr\u00f3 unos ingresos mundiales de 13.200 millones de euros.<\/p>\n\n\n\n<p>M\u00e1s informaci\u00f3n en&nbsp;<a href=\"https:\/\/www.capgemini.com\/es-es\/\">https:\/\/www.capgemini.com\/es-es\/<\/a><\/p>\n\n\n\n<p>People matter, results count<\/p>\n\n\n\n<p><a href=\"#_ftnref1\" id=\"_ftn1\">[1]<\/a> En 2019, el Instituto de Investigaci\u00f3n Capgemini ha sido reconocido como primero entre sus hom\u00f3logos, por segundo a\u00f1o consecutivo, por la calidad de su actividad investigadora.<\/p>\n\n\n<div class=\"wp-block-cg-blocks-cg-block-related-content\"><section class=\"relatedContentBlock\"><div class=\"container\"><div class=\"row\"><div class=\"content-title col-12 col-md-8\"><h2 class=\"related-content-heading\">Related News<\/h2><\/div><\/div><div class=\"row relatedContent\"><div class=\"col-lg-4 col-md-6 col-xs-12\">\n\t\t\t\t\t\t\t<div class=\"box\">\n\t\t\t\t\t\t\t\t<a aria-label=\"Saber m\u00e1s sobre Capgemini presenta Google Cloud AI Enterprise Hub para acelerar la transformaci\u00f3n empresarial con IA ag\u00e9ntica\" href=\"https:\/\/www.capgemini.com\/es-es\/noticias\/notas-de-prensa\/capgemini-presenta-google-cloud-ai-enterprise-hub-para-acelerar-la-transformacion-con-ia-agentica\/\" class=\"anchorWrapper\">\n\t\t\t\t\t\t\t\t\t<span class=\"box-tag\"><span>Partners<\/span><\/span>\n\t\t\t\t\t\t\t\t\t<div class=\"box-title\"><h3 class=\"box-subtitle\">Capgemini presenta Google Cloud AI Enterprise Hub para acelerar la transformaci\u00f3n empresarial con IA ag\u00e9ntica<\/h3><\/div>\n\t\t\t\t\t\t\t\t\t<div class=\"box-date\">\n\t\t\t\t\t\t\t\t\t\t<span>Apr 29, 2026<\/span>\n\t\t\t\t\t\t\t\t\t<\/div>\n\t\t\t\t\t\t\t\t\t<div class=\"box-bottom\">\n\t\t\t\t\t\t\t\t\t\t&lt;a class=&quot;link-download&quot; href=&quot;https:\/\/www.capgemini.com\/es-es\/wp-content\/uploads\/sites\/16\/2026\/04\/NP-Capgemini-presenta-Google-Cloud-AI-Enterprise-Hub.pdf&quot; aria-label=&quot;Download Press Release&quot; target=&quot;_blank&quot;  type=&quot;download&quot; title=&quot;Opens in a new window&quot;&gt;\n\t\t\t\t\t\t\t&lt;span&gt;Descargar nota de prensa&lt;\/span&gt;\n\t\t\t\t\t\t\t&lt;span&gt;149 KB PDF&lt;\/span&gt;\n\t\t\t\t\t\t&lt;\/a&gt;\n\t\t\t\t\t\t\t\t\t\t<a class=\"more\" aria-label=\"Saber m\u00e1s sobre Capgemini presenta Google Cloud AI Enterprise Hub para acelerar la transformaci\u00f3n empresarial con IA ag\u00e9ntica\" href=\"https:\/\/www.capgemini.com\/es-es\/noticias\/notas-de-prensa\/capgemini-presenta-google-cloud-ai-enterprise-hub-para-acelerar-la-transformacion-con-ia-agentica\/\">Saber m\u00e1s sobre<\/a>\n\t\t\t\t\t\t\t\t\t<\/div>\n\t\t\t\t\t\t\t\t<\/a>\n\t\t\t\t\t\t\t<\/div>\n\t\t\t\t\t\t<\/div><div class=\"col-lg-4 col-md-6 col-xs-12\">\n\t\t\t\t\t\t\t<div class=\"box\">\n\t\t\t\t\t\t\t\t<a aria-label=\"Saber m\u00e1s sobre La reindustrializaci\u00f3n entra en una fase m\u00e1s selectiva y estrat\u00e9gica en Europa y Estados Unidos\" href=\"https:\/\/www.capgemini.com\/es-es\/noticias\/notas-de-prensa\/la-reindustrializacion-entra-en-una-fase-mas-selectiva-y-estrategica-en-europa-y-eeuu\/\" class=\"anchorWrapper\">\n\t\t\t\t\t\t\t\t\t<span class=\"box-tag\"><span>Reports<\/span><\/span>\n\t\t\t\t\t\t\t\t\t<div class=\"box-title\"><h3 class=\"box-subtitle\">La reindustrializaci\u00f3n entra en una fase m\u00e1s selectiva y estrat\u00e9gica en Europa y Estados Unidos<\/h3><\/div>\n\t\t\t\t\t\t\t\t\t<div class=\"box-date\">\n\t\t\t\t\t\t\t\t\t\t<span>Apr 23, 2026<\/span>\n\t\t\t\t\t\t\t\t\t<\/div>\n\t\t\t\t\t\t\t\t\t<div class=\"box-bottom\">\n\t\t\t\t\t\t\t\t\t\t&lt;a class=&quot;link-download&quot; href=&quot;https:\/\/www.capgemini.com\/es-es\/wp-content\/uploads\/sites\/16\/2026\/04\/NP-Reindustrializacion-Europa-y-US-2026.pdf&quot; aria-label=&quot;Download Press Release&quot; target=&quot;_blank&quot;  type=&quot;download&quot; title=&quot;Opens in a new window&quot;&gt;\n\t\t\t\t\t\t\t&lt;span&gt;Descargar nota de prensa&lt;\/span&gt;\n\t\t\t\t\t\t\t&lt;span&gt;163 KB PDF&lt;\/span&gt;\n\t\t\t\t\t\t&lt;\/a&gt;\n\t\t\t\t\t\t\t\t\t\t<a class=\"more\" aria-label=\"Saber m\u00e1s sobre La reindustrializaci\u00f3n entra en una fase m\u00e1s selectiva y estrat\u00e9gica en Europa y Estados Unidos\" href=\"https:\/\/www.capgemini.com\/es-es\/noticias\/notas-de-prensa\/la-reindustrializacion-entra-en-una-fase-mas-selectiva-y-estrategica-en-europa-y-eeuu\/\">Saber m\u00e1s sobre<\/a>\n\t\t\t\t\t\t\t\t\t<\/div>\n\t\t\t\t\t\t\t\t<\/a>\n\t\t\t\t\t\t\t<\/div>\n\t\t\t\t\t\t<\/div><div class=\"col-lg-4 col-md-6 col-xs-12\">\n\t\t\t\t\t\t\t<div class=\"box\">\n\t\t\t\t\t\t\t\t<a aria-label=\"Saber m\u00e1s sobre Dos tercios de las empresas consideran la IA f\u00edsica como una prioridad esencial para los pr\u00f3ximos tres a cinco a\u00f1os\" href=\"https:\/\/www.capgemini.com\/es-es\/noticias\/notas-de-prensa\/dos-tercios-de-las-empresas-consideran-la-ia-fisica-como-una-prioridad-esencial-para-proximos-anos\/\" class=\"anchorWrapper\">\n\t\t\t\t\t\t\t\t\t<span class=\"box-tag\"><span>Reports<\/span><\/span>\n\t\t\t\t\t\t\t\t\t<div class=\"box-title\"><h3 class=\"box-subtitle\">Dos tercios de las empresas consideran la IA f\u00edsica como una prioridad esencial para los pr\u00f3ximos tres a cinco a\u00f1os<\/h3><\/div>\n\t\t\t\t\t\t\t\t\t<div class=\"box-date\">\n\t\t\t\t\t\t\t\t\t\t<span>Apr 20, 2026<\/span>\n\t\t\t\t\t\t\t\t\t<\/div>\n\t\t\t\t\t\t\t\t\t<div class=\"box-bottom\">\n\t\t\t\t\t\t\t\t\t\t&lt;a class=&quot;link-download&quot; href=&quot;https:\/\/www.capgemini.com\/es-es\/wp-content\/uploads\/sites\/16\/2026\/04\/NP-IA-fisica.pdf&quot; aria-label=&quot;Download Press Release&quot; target=&quot;_blank&quot;  type=&quot;download&quot; title=&quot;Opens in a new window&quot;&gt;\n\t\t\t\t\t\t\t&lt;span&gt;Descargar nota de prensa&lt;\/span&gt;\n\t\t\t\t\t\t\t&lt;span&gt;162 KB PDF&lt;\/span&gt;\n\t\t\t\t\t\t&lt;\/a&gt;\n\t\t\t\t\t\t\t\t\t\t<a class=\"more\" aria-label=\"Saber m\u00e1s sobre Dos tercios de las empresas consideran la IA f\u00edsica como una prioridad esencial para los pr\u00f3ximos tres a cinco a\u00f1os\" href=\"https:\/\/www.capgemini.com\/es-es\/noticias\/notas-de-prensa\/dos-tercios-de-las-empresas-consideran-la-ia-fisica-como-una-prioridad-esencial-para-proximos-anos\/\">Saber m\u00e1s sobre<\/a>\n\t\t\t\t\t\t\t\t\t<\/div>\n\t\t\t\t\t\t\t\t<\/a>\n\t\t\t\t\t\t\t<\/div>\n\t\t\t\t\t\t<\/div><\/div><\/div><\/section><\/div><\/div><\/div><\/div><\/div><\/div><\/section>\n","protected":false},"excerpt":{"rendered":"","protected":false},"author":336,"featured_media":0,"template":"","meta":{"cg_dt_proposed_to":[],"cg_seo_hreflang_relations":"","cg_seo_canonical_relation":"","cg_seo_hreflang_x_default_relation":"","cg_dt_approved_content":true,"cg_dt_mandatory_content":false,"cg_dt_notes":"","cg_dg_source_changed":false,"cg_dt_link_disabled":false,"footnotes":"","related_resource_url":"https:\/\/www.capgemini.com\/es-es\/wp-content\/uploads\/sites\/16\/2022\/12\/Capgemini_Brand-Finance-Ranking.pdf","related_resource_id":532441,"related_resource_size":"125 KB","related_resource_type":"pdf","cg_author":0,"featured_focal_points":""},"tags":[],"press-release-type":[],"brand":[],"class_list":["post-532438","press-release","type-press-release","status-publish","hentry"],"yoast_head":"<!-- This site is optimized with the Yoast SEO Premium plugin v22.8 (Yoast SEO v22.8) - https:\/\/yoast.com\/wordpress\/plugins\/seo\/ -->\n<title>Capgemini, segunda \u00abmarca\u00bb global de servicios tecnol\u00f3gicos que m\u00e1s r\u00e1pido crece en 2019 - Capgemini Spain<\/title>\n<meta name=\"robots\" content=\"index, follow, max-snippet:-1, max-image-preview:large, max-video-preview:-1\" \/>\n<link rel=\"canonical\" href=\"https:\/\/www.capgemini.com\/es-es\/noticias\/notas-de-prensa\/capgemini-segunda-marca-global-de-servicios-tecnologicos-que-mas-rapido-crece-en-2019\/\" \/>\n<meta property=\"og:locale\" content=\"es_ES\" \/>\n<meta property=\"og:type\" content=\"article\" \/>\n<meta property=\"og:title\" content=\"Capgemini, segunda \u00abmarca\u00bb global de servicios tecnol\u00f3gicos que m\u00e1s r\u00e1pido crece en 2019\" \/>\n<meta property=\"og:url\" content=\"https:\/\/www.capgemini.com\/es-es\/noticias\/notas-de-prensa\/capgemini-segunda-marca-global-de-servicios-tecnologicos-que-mas-rapido-crece-en-2019\/\" \/>\n<meta property=\"og:site_name\" content=\"Capgemini Spain\" \/>\n<meta property=\"article:modified_time\" content=\"2022-12-14T15:32:13+00:00\" \/>\n<meta property=\"og:image\" content=\"https:\/\/www.capgemini.com\/es-es\/wp-content\/uploads\/sites\/16\/2025\/10\/New-Web-preview-global.jpg\" \/>\n\t<meta property=\"og:image:width\" content=\"1200\" \/>\n\t<meta property=\"og:image:height\" content=\"627\" \/>\n\t<meta property=\"og:image:type\" content=\"image\/jpeg\" \/>\n<meta name=\"twitter:card\" content=\"summary_large_image\" \/>\n<meta name=\"twitter:label1\" content=\"Est. reading time\" \/>\n\t<meta name=\"twitter:data1\" content=\"3 minutes\" \/>\n<script type=\"application\/ld+json\" class=\"yoast-schema-graph\">{\"@context\":\"https:\/\/schema.org\",\"@graph\":[{\"@type\":\"WebPage\",\"@id\":\"https:\/\/www.capgemini.com\/es-es\/noticias\/notas-de-prensa\/capgemini-segunda-marca-global-de-servicios-tecnologicos-que-mas-rapido-crece-en-2019\/\",\"url\":\"https:\/\/www.capgemini.com\/es-es\/noticias\/notas-de-prensa\/capgemini-segunda-marca-global-de-servicios-tecnologicos-que-mas-rapido-crece-en-2019\/\",\"name\":\"Capgemini, segunda \u00abmarca\u00bb global de servicios tecnol\u00f3gicos que m\u00e1s r\u00e1pido crece en 2019 - Capgemini Spain\",\"isPartOf\":{\"@id\":\"https:\/\/www.capgemini.com\/es-es\/#website\"},\"datePublished\":\"2019-03-14T15:30:00+00:00\",\"dateModified\":\"2022-12-14T15:32:13+00:00\",\"breadcrumb\":{\"@id\":\"https:\/\/www.capgemini.com\/es-es\/noticias\/notas-de-prensa\/capgemini-segunda-marca-global-de-servicios-tecnologicos-que-mas-rapido-crece-en-2019\/#breadcrumb\"},\"inLanguage\":\"es-ES\",\"potentialAction\":[{\"@type\":\"ReadAction\",\"target\":[\"https:\/\/www.capgemini.com\/es-es\/noticias\/notas-de-prensa\/capgemini-segunda-marca-global-de-servicios-tecnologicos-que-mas-rapido-crece-en-2019\/\"]}]},{\"@type\":\"BreadcrumbList\",\"@id\":\"https:\/\/www.capgemini.com\/es-es\/noticias\/notas-de-prensa\/capgemini-segunda-marca-global-de-servicios-tecnologicos-que-mas-rapido-crece-en-2019\/#breadcrumb\",\"itemListElement\":[{\"@type\":\"ListItem\",\"position\":1,\"name\":\"Home\",\"item\":\"https:\/\/www.capgemini.com\/es-es\/\"},{\"@type\":\"ListItem\",\"position\":2,\"name\":\"Press Releases\",\"item\":\"https:\/\/www.capgemini.com\/es-es\/news\/\"},{\"@type\":\"ListItem\",\"position\":3,\"name\":\"Capgemini, segunda \u00abmarca\u00bb global de servicios tecnol\u00f3gicos que m\u00e1s r\u00e1pido crece en 2019\"}]},{\"@type\":\"WebSite\",\"@id\":\"https:\/\/www.capgemini.com\/es-es\/#website\",\"url\":\"https:\/\/www.capgemini.com\/es-es\/\",\"name\":\"Capgemini Espa\u00f1a\",\"description\":\"Capgemini\",\"potentialAction\":[{\"@type\":\"SearchAction\",\"target\":{\"@type\":\"EntryPoint\",\"urlTemplate\":\"https:\/\/www.capgemini.com\/es-es\/?s={search_term_string}\"},\"query-input\":\"required name=search_term_string\"}],\"inLanguage\":\"es-ES\"}]}<\/script>\n<!-- \/ Yoast SEO Premium plugin. -->","yoast_head_json":{"title":"Capgemini, segunda \u00abmarca\u00bb global de servicios tecnol\u00f3gicos que m\u00e1s r\u00e1pido crece en 2019 - Capgemini Spain","robots":{"index":"index","follow":"follow","max-snippet":"max-snippet:-1","max-image-preview":"max-image-preview:large","max-video-preview":"max-video-preview:-1"},"canonical":"https:\/\/www.capgemini.com\/es-es\/noticias\/notas-de-prensa\/capgemini-segunda-marca-global-de-servicios-tecnologicos-que-mas-rapido-crece-en-2019\/","og_locale":"es_ES","og_type":"article","og_title":"Capgemini, segunda \u00abmarca\u00bb global de servicios tecnol\u00f3gicos que m\u00e1s r\u00e1pido crece en 2019","og_url":"https:\/\/www.capgemini.com\/es-es\/noticias\/notas-de-prensa\/capgemini-segunda-marca-global-de-servicios-tecnologicos-que-mas-rapido-crece-en-2019\/","og_site_name":"Capgemini Spain","article_modified_time":"2022-12-14T15:32:13+00:00","og_image":[{"width":1200,"height":627,"url":"https:\/\/www.capgemini.com\/es-es\/wp-content\/uploads\/sites\/16\/2025\/10\/New-Web-preview-global.jpg","type":"image\/jpeg"}],"twitter_card":"summary_large_image","twitter_misc":{"Est. reading time":"3 minutes"},"schema":{"@context":"https:\/\/schema.org","@graph":[{"@type":"WebPage","@id":"https:\/\/www.capgemini.com\/es-es\/noticias\/notas-de-prensa\/capgemini-segunda-marca-global-de-servicios-tecnologicos-que-mas-rapido-crece-en-2019\/","url":"https:\/\/www.capgemini.com\/es-es\/noticias\/notas-de-prensa\/capgemini-segunda-marca-global-de-servicios-tecnologicos-que-mas-rapido-crece-en-2019\/","name":"Capgemini, segunda \u00abmarca\u00bb global de servicios tecnol\u00f3gicos que m\u00e1s r\u00e1pido crece en 2019 - Capgemini Spain","isPartOf":{"@id":"https:\/\/www.capgemini.com\/es-es\/#website"},"datePublished":"2019-03-14T15:30:00+00:00","dateModified":"2022-12-14T15:32:13+00:00","breadcrumb":{"@id":"https:\/\/www.capgemini.com\/es-es\/noticias\/notas-de-prensa\/capgemini-segunda-marca-global-de-servicios-tecnologicos-que-mas-rapido-crece-en-2019\/#breadcrumb"},"inLanguage":"es-ES","potentialAction":[{"@type":"ReadAction","target":["https:\/\/www.capgemini.com\/es-es\/noticias\/notas-de-prensa\/capgemini-segunda-marca-global-de-servicios-tecnologicos-que-mas-rapido-crece-en-2019\/"]}]},{"@type":"BreadcrumbList","@id":"https:\/\/www.capgemini.com\/es-es\/noticias\/notas-de-prensa\/capgemini-segunda-marca-global-de-servicios-tecnologicos-que-mas-rapido-crece-en-2019\/#breadcrumb","itemListElement":[{"@type":"ListItem","position":1,"name":"Home","item":"https:\/\/www.capgemini.com\/es-es\/"},{"@type":"ListItem","position":2,"name":"Press Releases","item":"https:\/\/www.capgemini.com\/es-es\/news\/"},{"@type":"ListItem","position":3,"name":"Capgemini, segunda \u00abmarca\u00bb global de servicios tecnol\u00f3gicos que m\u00e1s r\u00e1pido crece en 2019"}]},{"@type":"WebSite","@id":"https:\/\/www.capgemini.com\/es-es\/#website","url":"https:\/\/www.capgemini.com\/es-es\/","name":"Capgemini Espa\u00f1a","description":"Capgemini","potentialAction":[{"@type":"SearchAction","target":{"@type":"EntryPoint","urlTemplate":"https:\/\/www.capgemini.com\/es-es\/?s={search_term_string}"},"query-input":"required name=search_term_string"}],"inLanguage":"es-ES"}]}},"parsely":{"version":"1.1.0","canonical_url":"https:\/\/capgemini.com\/es-es\/noticias\/notas-de-prensa\/capgemini-segunda-marca-global-de-servicios-tecnologicos-que-mas-rapido-crece-en-2019\/","smart_links":{"inbound":0,"outbound":0},"traffic_boost_suggestions_count":0,"meta":{"@context":"https:\/\/schema.org","@type":"NewsArticle","headline":"Capgemini, segunda \u00abmarca\u00bb global de servicios tecnol\u00f3gicos que m\u00e1s r\u00e1pido crece en 2019","url":"https:\/\/www.capgemini.com\/es-es\/noticias\/notas-de-prensa\/capgemini-segunda-marca-global-de-servicios-tecnologicos-que-mas-rapido-crece-en-2019\/","mainEntityOfPage":{"@type":"WebPage","@id":"https:\/\/www.capgemini.com\/es-es\/noticias\/notas-de-prensa\/capgemini-segunda-marca-global-de-servicios-tecnologicos-que-mas-rapido-crece-en-2019\/"},"thumbnailUrl":"","image":{"@type":"ImageObject","url":""},"articleSection":"Uncategorized","author":[],"creator":[],"publisher":{"@type":"Organization","name":"Capgemini Spain","logo":""},"keywords":[],"dateCreated":"2019-03-14T15:30:00Z","datePublished":"2019-03-14T15:30:00Z","dateModified":"2022-12-14T15:32:13Z"},"rendered":"<meta name=\"parsely-title\" content=\"Capgemini, segunda \u00abmarca\u00bb global de servicios tecnol\u00f3gicos que m\u00e1s r\u00e1pido crece en 2019\" \/>\n<meta name=\"parsely-link\" content=\"https:\/\/www.capgemini.com\/es-es\/noticias\/notas-de-prensa\/capgemini-segunda-marca-global-de-servicios-tecnologicos-que-mas-rapido-crece-en-2019\/\" \/>\n<meta name=\"parsely-type\" content=\"post\" \/>\n<meta name=\"parsely-pub-date\" content=\"2019-03-14T15:30:00Z\" \/>\n<meta name=\"parsely-section\" content=\"Uncategorized\" \/>","tracker_url":"https:\/\/cdn.parsely.com\/keys\/capgemini.com\/p.js"},"archive_status":false,"featured_image_src":"https:\/\/www.capgemini.com\/es-es\/wp-content\/themes\/capgemini2025\/assets\/images\/mockup.png","featured_image_alt":false,"jetpack_sharing_enabled":true,"distributor_meta":false,"distributor_terms":false,"distributor_media":false,"distributor_original_site_name":"Capgemini Spain","distributor_original_site_url":"https:\/\/www.capgemini.com\/es-es","push-errors":false,"tag_names":[],"_links":{"self":[{"href":"https:\/\/www.capgemini.com\/es-es\/wp-json\/wp\/v2\/press-release\/532438","targetHints":{"allow":["GET"]}}],"collection":[{"href":"https:\/\/www.capgemini.com\/es-es\/wp-json\/wp\/v2\/press-release"}],"about":[{"href":"https:\/\/www.capgemini.com\/es-es\/wp-json\/wp\/v2\/types\/press-release"}],"author":[{"embeddable":true,"href":"https:\/\/www.capgemini.com\/es-es\/wp-json\/wp\/v2\/users\/336"}],"version-history":[{"count":1,"href":"https:\/\/www.capgemini.com\/es-es\/wp-json\/wp\/v2\/press-release\/532438\/revisions"}],"predecessor-version":[{"id":532443,"href":"https:\/\/www.capgemini.com\/es-es\/wp-json\/wp\/v2\/press-release\/532438\/revisions\/532443"}],"wp:attachment":[{"href":"https:\/\/www.capgemini.com\/es-es\/wp-json\/wp\/v2\/media?parent=532438"}],"wp:term":[{"taxonomy":"post_tag","embeddable":true,"href":"https:\/\/www.capgemini.com\/es-es\/wp-json\/wp\/v2\/tags?post=532438"},{"taxonomy":"press-release-type","embeddable":true,"href":"https:\/\/www.capgemini.com\/es-es\/wp-json\/wp\/v2\/press-release-type?post=532438"},{"taxonomy":"brand","embeddable":true,"href":"https:\/\/www.capgemini.com\/es-es\/wp-json\/wp\/v2\/brand?post=532438"}],"curies":[{"name":"wp","href":"https:\/\/api.w.org\/{rel}","templated":true}]}}