{"id":532117,"date":"2020-04-24T14:02:00","date_gmt":"2020-04-24T14:02:00","guid":{"rendered":"https:\/\/www.capgemini.com\/es-es\/?post_type=press-release&#038;p=532117"},"modified":"2025-03-12T10:13:06","modified_gmt":"2025-03-12T09:13:06","slug":"capgemini-refuerza-su-compromiso-con-la-lucha-mundial-contra-la-covid-19","status":"publish","type":"press-release","link":"https:\/\/www.capgemini.com\/es-es\/noticias\/notas-de-prensa\/capgemini-refuerza-su-compromiso-con-la-lucha-mundial-contra-la-covid-19\/","title":{"rendered":"Capgemini refuerza su compromiso con la lucha mundial contra la COVID-19"},"content":{"rendered":"\n<p><\/p>\n\n\n\t\t<div class=\"wp-block-cg-blocks-hero-press-release\">\n\t\t\t<header class=\"header-hero-press-release\" role=\"main\" id=\"main-content-press-release\">\n\t\t\t\t<div class=\"container\">\n\t\t\t\t\t<div class=\"hero-press-release\">\n\t\t\t\t\t\t<div class=\"hero-press-release-content-wrapper\">\n\t\t\t\t\t\t\t<div class=\"row\">\n\t\t\t\t\t\t\t\t<div class=\"col-12\">\n\t\t\t\t\t\t\t\t\t<div class=\"header-title\">\n\t\t\t\t\t\t\t\t\t\t<h1>\n\t\t\t\t\t\t\t\t\t\t\tCapgemini refuerza su compromiso con la lucha mundial contra la COVID-19\t\t\t\t\t\t\t\t\t\t<\/h1>\n\t\t\t\t\t\t\t\t\t<\/div>\n\t\t\t\t\t\t\t\t\t<div class=\"header-description\">\n\t\t\t\t\t\t\t\t\t\t<p><\/p>\n\t\t\t\t\t\t\t\t\t<\/div>\n\t\t\t\t\t\t\t\t\t\t\t\t\t\t\t\t\t\t<div class=\"header-date\">\n\t\t\t\t\t\t\t\t\t\t<span>abr. 24, 2020<\/span>\n\t\t\t\t\t\t\t\t\t<\/div>\n\t\t\t\t\t\t\t\t<\/div>\n\t\t\t\t\t\t\t<\/div>\n\t\t\t\t\t\t<\/div>\n\t\t\t\t\t\t\t\t\t\t\t\t\t<div class=\"hero-press-release-downloads\">\n\t\t\t\t\t\t\t\t<div class=\"row\">\n\t\t\t\t\t\t\t\t\t\t\t\t\t\t\t\t\t\t\t<div class=\"col-12 col-md-6 col-lg-3\">\n\t\t\t\t\t\t\t\t\t\t\t<a class=\"download-item\" type=\"download\" href=\"https:\/\/www.capgemini.com\/es-es\/wp-content\/uploads\/sites\/16\/2022\/12\/NP_Capgemini-Covid-19.pdf\" target=\"_blank\" rel=\"noopener noreferrer\" title=\"Abrir en una nueva ventana\">\n\t\t\t\t\t\t\t\t\t\t\t\t<div class=\"download-icon\"><\/div>\n\t\t\t\t\t\t\t\t\t\t\t\t<div class=\"download-details\">\n\t\t\t\t\t\t\t\t\t\t\t\t\t<div class=\"download-title\">Download press release<\/div>\n\t\t\t\t\t\t\t\t\t\t\t\t\t<div class=\"download-props\">151 KB  pdf<\/div>\n\t\t\t\t\t\t\t\t\t\t\t\t<\/div>\n\t\t\t\t\t\t\t\t\t\t\t<\/a>\n\t\t\t\t\t\t\t\t\t\t<\/div>\n\t\t\t\t\t\t\t\t\t\t\t\t\t\t\t\t\t\t<\/div>\n\t\t\t\t\t\t\t<\/div>\n\t\t\t\t\t\t\t\t\t\t\t\t\t\t\t\t\t\t\t<div class=\"hero-press-release-brand-image\">\n\t\t\t\t\t\t\t\t<img decoding=\"async\" loading=\"lazy\" src=\"https:\/\/www.capgemini.com\/es-es\/wp-content\/themes\/capgemini2025\/assets\/images\/capgemini-white.svg\" alt=\"Logo\" \/>\n\t\t\t\t\t\t\t<\/div>\n\t\t\t\t\t\t\t\t\t\t\t<\/div>\n\t\t\t\t<\/div>\n\t\t\t<\/header>\n\t\t<\/div>\n\t\t\n\n\n<section class=\"wp-block-cg-blocks-group undefined section section--article-content\"><div class=\"article-main-content\"><div class=\"container\"><div class=\"row\"><div class=\"col-12 col-md-1\"><nav class=\"article-social\"><ul class=\"social-nav\"><li class=\"ip-order-fb\"><a href=\"https:\/\/www.facebook.com\/sharer\/sharer.php?u=https:\/\/www.capgemini.com\/es-es\/?post_type=press-release&amp;p=532117\" target=\"_blank\" rel=\"noopener noreferrer\" title=\"abrir en una nueva ventana\"><i aria-hidden=\"true\" class=\"icon-fb\"><\/i><span class=\"sr-only\">Facebook<\/span><\/a><\/li><li class=\"ip-order-tw\"><a href=\"https:\/\/twitter.com\/intent\/tweet?url=https:\/\/www.capgemini.com\/es-es\/?post_type=press-release&amp;p=532117&amp;text=\" target=\"_blank\" rel=\"noopener noreferrer\" title=\"abrir en una nueva ventana\"><i aria-hidden=\"true\" class=\"icon-tw\"><\/i><span class=\"sr-only\">Twitter<\/span><\/a><\/li><li class=\"ip-order-li\"><a href=\"https:\/\/www.linkedin.com\/sharing\/share-offsite\/?url=https:\/\/www.capgemini.com\/es-es\/?post_type=press-release&amp;p=532117&amp;text=\" target=\"_blank\" rel=\"noopener noreferrer\" title=\"abrir en una nueva ventana\"><i aria-hidden=\"true\" class=\"icon-li\"><\/i><span class=\"sr-only\">Linkedin<\/span><\/a><\/li><\/ul><\/nav><\/div><div class=\"col-12 col-md-11 col-lg-10\"><div class=\"article-text article-quote-text\">\n<p><strong>Madrid, 30 de abril de 2020 \u2013 <\/strong><a href=\"blank\"><strong>Capgemini<\/strong><\/a><strong> ha detallado una serie de iniciativas que se est\u00e1n poniendo en marcha en todo el Grupo en torno a su compromiso con la lucha mundial contra la COVID-19. Las personas que trabajan en Capgemini se han movilizado con un gran esp\u00edritu de solidaridad, haciendo uso de su tecnolog\u00eda creativa e innovadora y su experto conocimiento de los datos para dar respuesta a las necesidades de las autoridades y las comunidades locales en su enfrentamiento con la crisis.<\/strong><\/p>\n\n\n\n<p>Adem\u00e1s de la donaci\u00f3n y la entrega de cientos de miles de equipos de protecci\u00f3n individual y equipamiento m\u00e9dico a organizaciones y colectivos que luchan en primera l\u00ednea, como hospitales, polic\u00eda y bomberos, una reciente convocatoria interna que invitaba a la presentaci\u00f3n de ideas a nivel de toda la empresa recibi\u00f3, en solo dos semanas, m\u00e1s de 250 propuestas realizadas por miembros de los diferentes equipos de iniciativas pr\u00e1cticas a corto y largo plazo, muchas de las cuales han comenzado ya a materializarse.<\/p>\n\n\n\n<p>Asimismo, hay ya en curso m\u00e1s de 40 actividades locales como las siguientes:<\/p>\n\n\n\n<ul class=\"wp-block-list\">\n<li>En varios pa\u00edses, como Reino Unido, India y Espa\u00f1a, los equipos de Capgemini est\u00e1n utilizando impresoras 3D para fabricar pantallas de protecci\u00f3n facial y material m\u00e9dico con los que aliviar la escasez de equipos de protecci\u00f3n. En el Reino Unido, por ejemplo, se est\u00e1n enviando al centro de distribuci\u00f3n <a href=\"blank\">3DCrowd UK<\/a>.<\/li>\n\n\n\n<li>En Francia Capgemini colabora\n<ul class=\"wp-block-list\">\n<li><a href=\"blank\">Prestando ayuda al sistema de Asistencia y Hospitales P\u00fablicos de Par\u00eds (AP-HP)<\/a> mediante la instalaci\u00f3n de una aplicaci\u00f3n que permite la monitorizaci\u00f3n a distancia de pacientes con COVID-19 o que se sospeche que lo tengan, adem\u00e1s de otras importantes iniciativas, como un centro de llamadas para ayudar a organizar los desplazamientos de los profesionales sanitarios.<\/li>\n\n\n\n<li>Gestionando <a href=\"blank\">una web<\/a> que agrupa a diversos colectivos que est\u00e1n contribuyendo a la fabricaci\u00f3n y distribuci\u00f3n de gafas de protecci\u00f3n, mascarillas y otros equipos fundamentales.<\/li>\n\n\n\n<li>Ayudando a poner en marcha un servicio telef\u00f3nico gratuito, llamado<a href=\"blank\"> \u2018SOS Confinement\u2019<\/a> para atender y ayudar a las personas que sufren por el aislamiento social y se sienten excluidas, padecen ansiedad o sufren soledad durante el confinamiento.<\/li>\n<\/ul>\n<\/li>\n\n\n\n<li>En Italia, Capgemini colabora con Fondazione Banco Alimentare ONLUS, que coordina la red de bancos de alimentos y gestiona la recepci\u00f3n y distribuci\u00f3n de alimentos para personas y familias en dificultades a trav\u00e9s de los centros municipales de operaciones de Banco Alimentare.<\/li>\n\n\n\n<li>En los Pa\u00edses Bajos, Capgemini contribuye prestando asesoramiento y conocimientos t\u00e9cnicos a la coalici\u00f3n de ciberseguridad\u00a0Wij Helpen Ziekenhuizen\u00a0(\u201cAyudamos a los Hospitales\u201d), para garantizar la continuidad del sector sanitario y la atenci\u00f3n m\u00e9dica durante estos tiempos dif\u00edciles.<\/li>\n\n\n\n<li>En Noruega, Capgemini colabora con tres gobiernos municipales creando una p\u00e1gina web para que las empresas locales puedan subir sus perfiles y promover sus productos a las comunidades de <a href=\"blank\">Oslo<\/a>, <a href=\"blank\">Bergen<\/a> y <a href=\"blank\">Stavanger<\/a>.<\/li>\n\n\n\n<li>Para toda Europa, expertos han creado tambi\u00e9n un <a href=\"blank\">sitio web llamado \u2018Telehealth Toolbox\u2019<\/a> para ayudar a los m\u00e9dicos a acelerar la transici\u00f3n a la telemedicina durante la pandemia.<\/li>\n\n\n\n<li>En Estados Unidos, Capgemini est\u00e1 trabajando en una soluci\u00f3n para una gran \u00e1rea metropolitana de la costa oeste con el fin de desarrollar un sistema de rastreo de capacidad de infraestructuras que ayude a las personas sin hogar a encontrar un refugio y saber d\u00f3nde hay camas disponibles y respiradores en toda la regi\u00f3n.<\/li>\n\n\n\n<li>En India, Capgemini est\u00e1 desarrollando, junto con el Instituto de Tecnolog\u00eda de India (IIT) en Madr\u00e1s, kits de pruebas r\u00e1pidas y de f\u00e1cil uso para la COVID19, que permitan conocer los resultados en 10 minutos con un coste considerablemente m\u00e1s bajo. Capgemini tambi\u00e9n est\u00e1 trabajando en una nueva aplicaci\u00f3n que d\u00e9 soporte a las personas en cuarentena, ayude a evitar las infracciones y facilite el acceso a la realizaci\u00f3n de pruebas o el ingreso hospitalario, garantizando adem\u00e1s el suministro de productos esenciales como medicamentos a la puerta de casa.<\/li>\n<\/ul>\n\n\n\n<p>Paul Hermelin, presidente y CEO del Grupo Capgemini y Aiman Ezzat, pr\u00f3ximo CEO del Grupo Capgemini, a partir de la Junta General Ordinaria del 20 de mayo de 2020, est\u00e1n muy satisfechos por la movilizaci\u00f3n de todos y cada uno de los miembros de los equipos a nivel mundial y el gran esp\u00edritu de solidaridad y equipo que est\u00e1n demostrando y que forma parte de los valores fundacionales del Grupo.<\/p>\n\n\n\n<p>\u201c<em>En estos tiempos tan fuera de lo ordinario, la prioridad m\u00e1xima de Capgemini es cuidar de nuestros trabajadores y sus familias, de nuestros clientes y de nuestros socios de negocio. Pero, tambi\u00e9n, como l\u00edder global con un fuerte sentido de la responsabilidad hacia las comunidades en las que vivimos y trabajamos, hemos puesto a su servicio el amplio conocimiento tecnol\u00f3gico y creativo de los 270.000 miembros de nuestros equipos, firmemente comprometidos con la lucha contra la COVID-19<\/em><em>\u201d<\/em>, comenta Aiman Ezzat, director operativo y pr\u00f3ximo CEO del Grupo Capgemini, encargado de la coordinaci\u00f3n de estas iniciativas.<em> \u201cEstas circunstancias excepcionales exigen agilidad y creatividad, y la creaci\u00f3n de la Unidad de Respuesta Social nos permitir\u00e1 compartir las mejores pr\u00e1cticas y dar vida r\u00e1pidamente a las mejores propuestas en beneficio de todos\u201d.<\/em><\/p>\n\n\n\n<p>La nueva Unidad de Respuesta Social, un claro compromiso asumido por Capgemini por una sociedad mejor y el bienestar de las personas, acelerar\u00e1, replicar\u00e1 y amplificar\u00e1 las iniciativas que se proyecten con el fin de facilitar su ejecuci\u00f3n de manera coordinada, \u00e1gil y r\u00e1pida, y que sus beneficios alcancen al mayor n\u00famero posible de personas y comunidades. Si bien la finalidad inicial de la unidad es, exclusivamente, trabajar en la salud p\u00fablica \u2014el \u00e1rea que lo requiere hoy en d\u00eda con mayor urgencia\u2014 est\u00e1n previstas intervenciones a m\u00e1s largo plazo para ayudar a hacer frente al impacto social y econ\u00f3mico que la pandemia va a tener en la sociedad.<\/p>\n\n\n\n<p><em>\u201cComo empresa de \u00e1mbito internacional, nos encontramos en situaci\u00f3n de aplicar nuestros conocimientos y experiencia tecnol\u00f3gicos y nuestra pasi\u00f3n donde m\u00e1s se necesita en la lucha contra la COVID-19\u201d<\/em>, afirma Shobha Meera, responsable del \u00e1rea de RSC de Capgemini, miembro del Comit\u00e9 Ejecutivo del Grupo y L\u00edder del Grupo para la Unidad de Respuesta Social. \u201c<em>Con la creaci\u00f3n de nuestra Unidad de Respuesta Social estamos ampliando el esfuerzo actual del Grupo en materia de impacto social, el <\/em><a href=\"blank\"><em>Architects of Positive Futures program<\/em><\/a><em>,<\/em> <em>para hacer del mundo un lugar mejor ahora y despu\u00e9s de la COVID\u201d.<\/em><\/p>\n\n\n\n<p>Haga clic <a href=\"https:\/\/www.capgemini.com\/es-es\/nuestra-empresa\/covid-19-ideas-para-hoy-y-manana\/\">aqu\u00ed<\/a> para otras reflexiones sobre la COVID-19 de Capgemini.<\/p>\n\n\n\n<p><strong>Acerca de Capgemini<\/strong><\/p>\n\n\n\n<p>Un l\u00edder global en servicios de consultor\u00eda, transformaci\u00f3n digital, tecnolog\u00eda e ingenier\u00eda. Grupo Capgemini est\u00e1 a la vanguardia de la innovaci\u00f3n para abordar la diversidad de oportunidades que tienen sus empresas clientes en el din\u00e1mico entorno de las plataformas, la nube y lo digital. Respaldada por una s\u00f3lida trayectoria de m\u00e1s de 50 a\u00f1os y una dilatada experiencia multisectorial, Capgemini ayuda a las compa\u00f1\u00edas a alcanzar sus objetivos de negocio mediante una amplia gama de servicios que cubre desde la estrategia, hasta las operaciones. Capgemini act\u00faa bajo la firme convicci\u00f3n de que el valor de negocio de la tecnolog\u00eda se genera y desarrolla a trav\u00e9s de las personas. Se trata de una compa\u00f1\u00eda multicultural de 270.000 profesionales, presente en casi 50 pa\u00edses y, junto con Altran, en 2019, el grupo registr\u00f3 unos ingresos mundiales combinados de 17.000 millones de euros.<\/p>\n\n\n\n<p>M\u00e1s informaci\u00f3n en <a href=\"https:\/\/www.capgemini.com\/es-es\/\">www.capgemini.com\/es-es\/<\/a><\/p>\n\n\n\n<p><em>People matter, results count<\/em><\/p>\n\n\n<div class=\"wp-block-cg-blocks-cg-block-related-content\"><section class=\"relatedContentBlock\"><div class=\"container\"><div class=\"row\"><div class=\"content-title col-12 col-md-8\"><h2 class=\"related-content-heading\">Related News<\/h2><\/div><\/div><div class=\"row relatedContent\"><div class=\"col-lg-4 col-md-6 col-xs-12\">\n\t\t\t\t\t\t\t<div class=\"box\">\n\t\t\t\t\t\t\t\t<a aria-label=\"Saber m\u00e1s sobre Abierta la convocatoria de la VI edici\u00f3n de los Premios Retina ECO, organizados por PRISA Media en colaboraci\u00f3n con Capgemini\" href=\"https:\/\/www.capgemini.com\/es-es\/noticias\/notas-de-prensa\/abierta-la-convocatoria-de-la-vi-edicion-de-los-premios-retina-eco-organizados-por-prisa-media-en-colaboracion-con-capgemini\/\" class=\"anchorWrapper\">\n\t\t\t\t\t\t\t\t\t<span class=\"box-tag\"><span>Corporate news<\/span><\/span>\n\t\t\t\t\t\t\t\t\t<div class=\"box-title\"><h3 class=\"box-subtitle\">Abierta la convocatoria de la VI edici\u00f3n de los Premios Retina ECO, organizados por PRISA Media en colaboraci\u00f3n con Capgemini<\/h3><\/div>\n\t\t\t\t\t\t\t\t\t<div class=\"box-date\">\n\t\t\t\t\t\t\t\t\t\t<span>Mar 12, 2026<\/span>\n\t\t\t\t\t\t\t\t\t<\/div>\n\t\t\t\t\t\t\t\t\t<div class=\"box-bottom\">\n\t\t\t\t\t\t\t\t\t\t&lt;a class=&quot;link-download&quot; href=&quot;https:\/\/www.capgemini.com\/es-es\/wp-content\/uploads\/sites\/16\/2026\/03\/NP-Premios-Retina-2026.pdf&quot; aria-label=&quot;Download Press Release&quot; target=&quot;_blank&quot;  type=&quot;download&quot; title=&quot;Opens in a new window&quot;&gt;\n\t\t\t\t\t\t\t&lt;span&gt;Descargar nota de prensa&lt;\/span&gt;\n\t\t\t\t\t\t\t&lt;span&gt;265 KB PDF&lt;\/span&gt;\n\t\t\t\t\t\t&lt;\/a&gt;\n\t\t\t\t\t\t\t\t\t\t<a class=\"more\" aria-label=\"Saber m\u00e1s sobre Abierta la convocatoria de la VI edici\u00f3n de los Premios Retina ECO, organizados por PRISA Media en colaboraci\u00f3n con Capgemini\" href=\"https:\/\/www.capgemini.com\/es-es\/noticias\/notas-de-prensa\/abierta-la-convocatoria-de-la-vi-edicion-de-los-premios-retina-eco-organizados-por-prisa-media-en-colaboracion-con-capgemini\/\">Saber m\u00e1s sobre<\/a>\n\t\t\t\t\t\t\t\t\t<\/div>\n\t\t\t\t\t\t\t\t<\/a>\n\t\t\t\t\t\t\t<\/div>\n\t\t\t\t\t\t<\/div><div class=\"col-lg-4 col-md-6 col-xs-12\">\n\t\t\t\t\t\t\t<div class=\"box\">\n\t\t\t\t\t\t\t\t<a aria-label=\"Saber m\u00e1s sobre Capgemini adquirir\u00e1 Piterion, empresa independiente l\u00edder en gesti\u00f3n del ciclo de vida del producto y digitalizaci\u00f3n industrial\" href=\"https:\/\/www.capgemini.com\/es-es\/noticias\/notas-de-prensa\/capgemini-adquirira-piterion-empresa-independiente-lider-en-gestion-del-ciclo-de-vida-del-producto\/\" class=\"anchorWrapper\">\n\t\t\t\t\t\t\t\t\t<span class=\"box-tag\"><span>Corporate news<\/span><\/span>\n\t\t\t\t\t\t\t\t\t<div class=\"box-title\"><h3 class=\"box-subtitle\">Capgemini adquirir\u00e1 Piterion, empresa independiente l\u00edder en gesti\u00f3n del ciclo de vida del producto y digitalizaci\u00f3n industrial<\/h3><\/div>\n\t\t\t\t\t\t\t\t\t<div class=\"box-date\">\n\t\t\t\t\t\t\t\t\t\t<span>Mar 10, 2026<\/span>\n\t\t\t\t\t\t\t\t\t<\/div>\n\t\t\t\t\t\t\t\t\t<div class=\"box-bottom\">\n\t\t\t\t\t\t\t\t\t\t&lt;a class=&quot;link-download&quot; href=&quot;https:\/\/www.capgemini.com\/es-es\/wp-content\/uploads\/sites\/16\/2026\/03\/NP-Capgemini-adquirira-Piterion.pdf&quot; aria-label=&quot;Download Press Release&quot; target=&quot;_blank&quot;  type=&quot;download&quot; title=&quot;Opens in a new window&quot;&gt;\n\t\t\t\t\t\t\t&lt;span&gt;Descargar nota de prensa&lt;\/span&gt;\n\t\t\t\t\t\t\t&lt;span&gt;108 KB PDF&lt;\/span&gt;\n\t\t\t\t\t\t&lt;\/a&gt;\n\t\t\t\t\t\t\t\t\t\t<a class=\"more\" aria-label=\"Saber m\u00e1s sobre Capgemini adquirir\u00e1 Piterion, empresa independiente l\u00edder en gesti\u00f3n del ciclo de vida del producto y digitalizaci\u00f3n industrial\" href=\"https:\/\/www.capgemini.com\/es-es\/noticias\/notas-de-prensa\/capgemini-adquirira-piterion-empresa-independiente-lider-en-gestion-del-ciclo-de-vida-del-producto\/\">Saber m\u00e1s sobre<\/a>\n\t\t\t\t\t\t\t\t\t<\/div>\n\t\t\t\t\t\t\t\t<\/a>\n\t\t\t\t\t\t\t<\/div>\n\t\t\t\t\t\t<\/div><div class=\"col-lg-4 col-md-6 col-xs-12\">\n\t\t\t\t\t\t\t<div class=\"box\">\n\t\t\t\t\t\t\t\t<a aria-label=\"Saber m\u00e1s sobre Capgemini nombra a Laurent Perea nuevo Consejero Delegado de Capgemini en Espa\u00f1a\" href=\"https:\/\/www.capgemini.com\/es-es\/noticias\/notas-de-prensa\/capgemini-nombra-a-laurent-perea-nuevo-consejero-delegado-de-capgemini-en-espana\/\" class=\"anchorWrapper\">\n\t\t\t\t\t\t\t\t\t<span class=\"box-tag\"><span>Corporate news<\/span><\/span>\n\t\t\t\t\t\t\t\t\t<div class=\"box-title\"><h3 class=\"box-subtitle\">Capgemini nombra a Laurent Perea nuevo Consejero Delegado de Capgemini en Espa\u00f1a<\/h3><\/div>\n\t\t\t\t\t\t\t\t\t<div class=\"box-date\">\n\t\t\t\t\t\t\t\t\t\t<span>Jan 13, 2026<\/span>\n\t\t\t\t\t\t\t\t\t<\/div>\n\t\t\t\t\t\t\t\t\t<div class=\"box-bottom\">\n\t\t\t\t\t\t\t\t\t\t&lt;a class=&quot;link-download&quot; href=&quot;https:\/\/www.capgemini.com\/es-es\/wp-content\/uploads\/sites\/16\/2026\/01\/NP-Capgemini-nombra-a-Laurent-Perea-consejero-delegado-en-Espana.pdf&quot; aria-label=&quot;Download Press Release&quot; target=&quot;_blank&quot;  type=&quot;download&quot; title=&quot;Opens in a new window&quot;&gt;\n\t\t\t\t\t\t\t&lt;span&gt;Descargar nota de prensa&lt;\/span&gt;\n\t\t\t\t\t\t\t&lt;span&gt;107 KB PDF&lt;\/span&gt;\n\t\t\t\t\t\t&lt;\/a&gt;\n\t\t\t\t\t\t\t\t\t\t<a class=\"more\" aria-label=\"Saber m\u00e1s sobre Capgemini nombra a Laurent Perea nuevo Consejero Delegado de Capgemini en Espa\u00f1a\" href=\"https:\/\/www.capgemini.com\/es-es\/noticias\/notas-de-prensa\/capgemini-nombra-a-laurent-perea-nuevo-consejero-delegado-de-capgemini-en-espana\/\">Saber m\u00e1s sobre<\/a>\n\t\t\t\t\t\t\t\t\t<\/div>\n\t\t\t\t\t\t\t\t<\/a>\n\t\t\t\t\t\t\t<\/div>\n\t\t\t\t\t\t<\/div><\/div><\/div><\/section><\/div><\/div><\/div><\/div><\/div><\/div><\/section>\n","protected":false},"excerpt":{"rendered":"","protected":false},"author":336,"featured_media":0,"template":"","meta":{"cg_dt_proposed_to":[],"cg_seo_hreflang_relations":"[]","cg_seo_canonical_relation":"","cg_seo_hreflang_x_default_relation":"","cg_dt_approved_content":true,"cg_dt_mandatory_content":false,"cg_dt_notes":"","cg_dg_source_changed":false,"cg_dt_link_disabled":false,"footnotes":"","related_resource_url":"https:\/\/www.capgemini.com\/es-es\/wp-content\/uploads\/sites\/16\/2022\/12\/NP_Capgemini-Covid-19.pdf","related_resource_id":532119,"related_resource_size":"151 KB","related_resource_type":"pdf","cg_author":0,"featured_focal_points":""},"tags":[],"press-release-type":[39],"brand":[30],"class_list":["post-532117","press-release","type-press-release","status-publish","hentry","press-release-type-corporate-news","brand-capgemini"],"yoast_head":"<!-- This site is optimized with the Yoast SEO Premium plugin v22.8 (Yoast SEO v22.8) - https:\/\/yoast.com\/wordpress\/plugins\/seo\/ -->\n<title>Capgemini refuerza su compromiso con la lucha mundial contra la COVID-19 - Capgemini Spain<\/title>\n<meta name=\"robots\" content=\"index, follow, max-snippet:-1, max-image-preview:large, max-video-preview:-1\" \/>\n<link rel=\"canonical\" href=\"https:\/\/www.capgemini.com\/es-es\/noticias\/notas-de-prensa\/capgemini-refuerza-su-compromiso-con-la-lucha-mundial-contra-la-covid-19\/\" \/>\n<meta property=\"og:locale\" content=\"es_ES\" \/>\n<meta property=\"og:type\" content=\"article\" \/>\n<meta property=\"og:title\" content=\"Capgemini refuerza su compromiso con la lucha mundial contra la COVID-19\" \/>\n<meta property=\"og:url\" content=\"https:\/\/www.capgemini.com\/es-es\/noticias\/notas-de-prensa\/capgemini-refuerza-su-compromiso-con-la-lucha-mundial-contra-la-covid-19\/\" \/>\n<meta property=\"og:site_name\" content=\"Capgemini Spain\" \/>\n<meta property=\"article:modified_time\" content=\"2025-03-12T09:13:06+00:00\" \/>\n<meta property=\"og:image\" content=\"https:\/\/www.capgemini.com\/es-es\/wp-content\/uploads\/sites\/16\/2025\/10\/New-Web-preview-global.jpg\" \/>\n\t<meta property=\"og:image:width\" content=\"1200\" \/>\n\t<meta property=\"og:image:height\" content=\"627\" \/>\n\t<meta property=\"og:image:type\" content=\"image\/jpeg\" \/>\n<meta name=\"twitter:card\" content=\"summary_large_image\" \/>\n<script type=\"application\/ld+json\" class=\"yoast-schema-graph\">{\"@context\":\"https:\/\/schema.org\",\"@graph\":[{\"@type\":\"WebPage\",\"@id\":\"https:\/\/www.capgemini.com\/es-es\/noticias\/notas-de-prensa\/capgemini-refuerza-su-compromiso-con-la-lucha-mundial-contra-la-covid-19\/\",\"url\":\"https:\/\/www.capgemini.com\/es-es\/noticias\/notas-de-prensa\/capgemini-refuerza-su-compromiso-con-la-lucha-mundial-contra-la-covid-19\/\",\"name\":\"Capgemini refuerza su compromiso con la lucha mundial contra la COVID-19 - Capgemini Spain\",\"isPartOf\":{\"@id\":\"https:\/\/www.capgemini.com\/es-es\/#website\"},\"datePublished\":\"2020-04-24T14:02:00+00:00\",\"dateModified\":\"2025-03-12T09:13:06+00:00\",\"breadcrumb\":{\"@id\":\"https:\/\/www.capgemini.com\/es-es\/noticias\/notas-de-prensa\/capgemini-refuerza-su-compromiso-con-la-lucha-mundial-contra-la-covid-19\/#breadcrumb\"},\"inLanguage\":\"es-ES\",\"potentialAction\":[{\"@type\":\"ReadAction\",\"target\":[\"https:\/\/www.capgemini.com\/es-es\/noticias\/notas-de-prensa\/capgemini-refuerza-su-compromiso-con-la-lucha-mundial-contra-la-covid-19\/\"]}]},{\"@type\":\"BreadcrumbList\",\"@id\":\"https:\/\/www.capgemini.com\/es-es\/noticias\/notas-de-prensa\/capgemini-refuerza-su-compromiso-con-la-lucha-mundial-contra-la-covid-19\/#breadcrumb\",\"itemListElement\":[{\"@type\":\"ListItem\",\"position\":1,\"name\":\"Home\",\"item\":\"https:\/\/www.capgemini.com\/es-es\/\"},{\"@type\":\"ListItem\",\"position\":2,\"name\":\"Press Releases\",\"item\":\"https:\/\/www.capgemini.com\/es-es\/news\/\"},{\"@type\":\"ListItem\",\"position\":3,\"name\":\"Capgemini refuerza su compromiso con la lucha mundial contra la COVID-19\"}]},{\"@type\":\"WebSite\",\"@id\":\"https:\/\/www.capgemini.com\/es-es\/#website\",\"url\":\"https:\/\/www.capgemini.com\/es-es\/\",\"name\":\"Capgemini Espa\u00f1a\",\"description\":\"Capgemini\",\"potentialAction\":[{\"@type\":\"SearchAction\",\"target\":{\"@type\":\"EntryPoint\",\"urlTemplate\":\"https:\/\/www.capgemini.com\/es-es\/?s={search_term_string}\"},\"query-input\":\"required name=search_term_string\"}],\"inLanguage\":\"es-ES\"}]}<\/script>\n<!-- \/ Yoast SEO Premium plugin. -->","yoast_head_json":{"title":"Capgemini refuerza su compromiso con la lucha mundial contra la COVID-19 - Capgemini Spain","robots":{"index":"index","follow":"follow","max-snippet":"max-snippet:-1","max-image-preview":"max-image-preview:large","max-video-preview":"max-video-preview:-1"},"canonical":"https:\/\/www.capgemini.com\/es-es\/noticias\/notas-de-prensa\/capgemini-refuerza-su-compromiso-con-la-lucha-mundial-contra-la-covid-19\/","og_locale":"es_ES","og_type":"article","og_title":"Capgemini refuerza su compromiso con la lucha mundial contra la COVID-19","og_url":"https:\/\/www.capgemini.com\/es-es\/noticias\/notas-de-prensa\/capgemini-refuerza-su-compromiso-con-la-lucha-mundial-contra-la-covid-19\/","og_site_name":"Capgemini Spain","article_modified_time":"2025-03-12T09:13:06+00:00","og_image":[{"width":1200,"height":627,"url":"https:\/\/www.capgemini.com\/es-es\/wp-content\/uploads\/sites\/16\/2025\/10\/New-Web-preview-global.jpg","type":"image\/jpeg"}],"twitter_card":"summary_large_image","schema":{"@context":"https:\/\/schema.org","@graph":[{"@type":"WebPage","@id":"https:\/\/www.capgemini.com\/es-es\/noticias\/notas-de-prensa\/capgemini-refuerza-su-compromiso-con-la-lucha-mundial-contra-la-covid-19\/","url":"https:\/\/www.capgemini.com\/es-es\/noticias\/notas-de-prensa\/capgemini-refuerza-su-compromiso-con-la-lucha-mundial-contra-la-covid-19\/","name":"Capgemini refuerza su compromiso con la lucha mundial contra la COVID-19 - Capgemini Spain","isPartOf":{"@id":"https:\/\/www.capgemini.com\/es-es\/#website"},"datePublished":"2020-04-24T14:02:00+00:00","dateModified":"2025-03-12T09:13:06+00:00","breadcrumb":{"@id":"https:\/\/www.capgemini.com\/es-es\/noticias\/notas-de-prensa\/capgemini-refuerza-su-compromiso-con-la-lucha-mundial-contra-la-covid-19\/#breadcrumb"},"inLanguage":"es-ES","potentialAction":[{"@type":"ReadAction","target":["https:\/\/www.capgemini.com\/es-es\/noticias\/notas-de-prensa\/capgemini-refuerza-su-compromiso-con-la-lucha-mundial-contra-la-covid-19\/"]}]},{"@type":"BreadcrumbList","@id":"https:\/\/www.capgemini.com\/es-es\/noticias\/notas-de-prensa\/capgemini-refuerza-su-compromiso-con-la-lucha-mundial-contra-la-covid-19\/#breadcrumb","itemListElement":[{"@type":"ListItem","position":1,"name":"Home","item":"https:\/\/www.capgemini.com\/es-es\/"},{"@type":"ListItem","position":2,"name":"Press Releases","item":"https:\/\/www.capgemini.com\/es-es\/news\/"},{"@type":"ListItem","position":3,"name":"Capgemini refuerza su compromiso con la lucha mundial contra la COVID-19"}]},{"@type":"WebSite","@id":"https:\/\/www.capgemini.com\/es-es\/#website","url":"https:\/\/www.capgemini.com\/es-es\/","name":"Capgemini Espa\u00f1a","description":"Capgemini","potentialAction":[{"@type":"SearchAction","target":{"@type":"EntryPoint","urlTemplate":"https:\/\/www.capgemini.com\/es-es\/?s={search_term_string}"},"query-input":"required name=search_term_string"}],"inLanguage":"es-ES"}]}},"parsely":{"version":"1.1.0","canonical_url":"https:\/\/capgemini.com\/es-es\/noticias\/notas-de-prensa\/capgemini-refuerza-su-compromiso-con-la-lucha-mundial-contra-la-covid-19\/","smart_links":{"inbound":0,"outbound":0},"traffic_boost_suggestions_count":0,"meta":{"@context":"https:\/\/schema.org","@type":"NewsArticle","headline":"Capgemini refuerza su compromiso con la lucha mundial contra la COVID-19","url":"https:\/\/www.capgemini.com\/es-es\/noticias\/notas-de-prensa\/capgemini-refuerza-su-compromiso-con-la-lucha-mundial-contra-la-covid-19\/","mainEntityOfPage":{"@type":"WebPage","@id":"https:\/\/www.capgemini.com\/es-es\/noticias\/notas-de-prensa\/capgemini-refuerza-su-compromiso-con-la-lucha-mundial-contra-la-covid-19\/"},"thumbnailUrl":"","image":{"@type":"ImageObject","url":""},"articleSection":"Uncategorized","author":[],"creator":[],"publisher":{"@type":"Organization","name":"Capgemini Spain","logo":""},"keywords":[],"dateCreated":"2020-04-24T14:02:00Z","datePublished":"2020-04-24T14:02:00Z","dateModified":"2025-03-12T09:13:06Z"},"rendered":"<meta name=\"parsely-title\" content=\"Capgemini refuerza su compromiso con la lucha mundial contra la COVID-19\" \/>\n<meta name=\"parsely-link\" content=\"https:\/\/www.capgemini.com\/es-es\/noticias\/notas-de-prensa\/capgemini-refuerza-su-compromiso-con-la-lucha-mundial-contra-la-covid-19\/\" \/>\n<meta name=\"parsely-type\" content=\"post\" \/>\n<meta name=\"parsely-pub-date\" content=\"2020-04-24T14:02:00Z\" \/>\n<meta name=\"parsely-section\" content=\"Uncategorized\" \/>","tracker_url":"https:\/\/cdn.parsely.com\/keys\/capgemini.com\/p.js"},"archive_status":false,"featured_image_src":"https:\/\/www.capgemini.com\/es-es\/wp-content\/themes\/capgemini2025\/assets\/images\/mockup.png","featured_image_alt":false,"jetpack_sharing_enabled":true,"distributor_meta":false,"distributor_terms":false,"distributor_media":false,"distributor_original_site_name":"Capgemini Spain","distributor_original_site_url":"https:\/\/www.capgemini.com\/es-es","push-errors":false,"tag_names":[],"_links":{"self":[{"href":"https:\/\/www.capgemini.com\/es-es\/wp-json\/wp\/v2\/press-release\/532117","targetHints":{"allow":["GET"]}}],"collection":[{"href":"https:\/\/www.capgemini.com\/es-es\/wp-json\/wp\/v2\/press-release"}],"about":[{"href":"https:\/\/www.capgemini.com\/es-es\/wp-json\/wp\/v2\/types\/press-release"}],"author":[{"embeddable":true,"href":"https:\/\/www.capgemini.com\/es-es\/wp-json\/wp\/v2\/users\/336"}],"version-history":[{"count":2,"href":"https:\/\/www.capgemini.com\/es-es\/wp-json\/wp\/v2\/press-release\/532117\/revisions"}],"predecessor-version":[{"id":568601,"href":"https:\/\/www.capgemini.com\/es-es\/wp-json\/wp\/v2\/press-release\/532117\/revisions\/568601"}],"wp:attachment":[{"href":"https:\/\/www.capgemini.com\/es-es\/wp-json\/wp\/v2\/media?parent=532117"}],"wp:term":[{"taxonomy":"post_tag","embeddable":true,"href":"https:\/\/www.capgemini.com\/es-es\/wp-json\/wp\/v2\/tags?post=532117"},{"taxonomy":"press-release-type","embeddable":true,"href":"https:\/\/www.capgemini.com\/es-es\/wp-json\/wp\/v2\/press-release-type?post=532117"},{"taxonomy":"brand","embeddable":true,"href":"https:\/\/www.capgemini.com\/es-es\/wp-json\/wp\/v2\/brand?post=532117"}],"curies":[{"name":"wp","href":"https:\/\/api.w.org\/{rel}","templated":true}]}}