{"id":532029,"date":"2020-07-23T13:38:00","date_gmt":"2020-07-23T13:38:00","guid":{"rendered":"https:\/\/www.capgemini.com\/es-es\/?post_type=press-release&#038;p=532029"},"modified":"2025-03-12T10:02:49","modified_gmt":"2025-03-12T09:02:49","slug":"capgemini-anuncia-su-aspiracion-de-ser-una-compania-cero-emisiones-en-2030","status":"publish","type":"press-release","link":"https:\/\/www.capgemini.com\/es-es\/noticias\/notas-de-prensa\/capgemini-anuncia-su-aspiracion-de-ser-una-compania-cero-emisiones-en-2030\/","title":{"rendered":"Capgemini aspira a ser una compa\u00f1\u00eda cero emisiones en 2030"},"content":{"rendered":"\n<p><\/p>\n\n\n\t\t<div class=\"wp-block-cg-blocks-hero-press-release\">\n\t\t\t<header class=\"header-hero-press-release\" role=\"main\" id=\"main-content-press-release\">\n\t\t\t\t<div class=\"container\">\n\t\t\t\t\t<div class=\"hero-press-release\">\n\t\t\t\t\t\t<div class=\"hero-press-release-content-wrapper\">\n\t\t\t\t\t\t\t<div class=\"row\">\n\t\t\t\t\t\t\t\t<div class=\"col-12\">\n\t\t\t\t\t\t\t\t\t<div class=\"header-title\">\n\t\t\t\t\t\t\t\t\t\t<h1>\n\t\t\t\t\t\t\t\t\t\t\tCapgemini aspira a ser una compa\u00f1\u00eda cero emisiones en 2030\t\t\t\t\t\t\t\t\t\t<\/h1>\n\t\t\t\t\t\t\t\t\t<\/div>\n\t\t\t\t\t\t\t\t\t<div class=\"header-description\">\n\t\t\t\t\t\t\t\t\t\t<p><\/p>\n\t\t\t\t\t\t\t\t\t<\/div>\n\t\t\t\t\t\t\t\t\t\t\t\t\t\t\t\t\t\t<div class=\"header-date\">\n\t\t\t\t\t\t\t\t\t\t<span>jul. 23, 2020<\/span>\n\t\t\t\t\t\t\t\t\t<\/div>\n\t\t\t\t\t\t\t\t<\/div>\n\t\t\t\t\t\t\t<\/div>\n\t\t\t\t\t\t<\/div>\n\t\t\t\t\t\t\t\t\t\t\t\t\t<div class=\"hero-press-release-downloads\">\n\t\t\t\t\t\t\t\t<div class=\"row\">\n\t\t\t\t\t\t\t\t\t\t\t\t\t\t\t\t\t\t\t<div class=\"col-12 col-md-6 col-lg-3\">\n\t\t\t\t\t\t\t\t\t\t\t<a class=\"download-item\" type=\"download\" href=\"https:\/\/www.capgemini.com\/es-es\/wp-content\/uploads\/sites\/16\/2022\/12\/NP_Objetivo-CO22030vfinal.pdf\" target=\"_blank\" rel=\"noopener noreferrer\" title=\"Abrir en una nueva ventana\">\n\t\t\t\t\t\t\t\t\t\t\t\t<div class=\"download-icon\"><\/div>\n\t\t\t\t\t\t\t\t\t\t\t\t<div class=\"download-details\">\n\t\t\t\t\t\t\t\t\t\t\t\t\t<div class=\"download-title\">Download press release<\/div>\n\t\t\t\t\t\t\t\t\t\t\t\t\t<div class=\"download-props\">109 KB  pdf<\/div>\n\t\t\t\t\t\t\t\t\t\t\t\t<\/div>\n\t\t\t\t\t\t\t\t\t\t\t<\/a>\n\t\t\t\t\t\t\t\t\t\t<\/div>\n\t\t\t\t\t\t\t\t\t\t\t\t\t\t\t\t\t\t<\/div>\n\t\t\t\t\t\t\t<\/div>\n\t\t\t\t\t\t\t\t\t\t\t\t\t\t\t\t\t\t\t<div class=\"hero-press-release-brand-image\">\n\t\t\t\t\t\t\t\t<img decoding=\"async\" loading=\"lazy\" src=\"https:\/\/www.capgemini.com\/es-es\/wp-content\/themes\/capgemini2025\/assets\/images\/capgemini-white.svg\" alt=\"Logo\" \/>\n\t\t\t\t\t\t\t<\/div>\n\t\t\t\t\t\t\t\t\t\t\t<\/div>\n\t\t\t\t<\/div>\n\t\t\t<\/header>\n\t\t<\/div>\n\t\t\n\n\n<section class=\"wp-block-cg-blocks-group undefined section section--article-content\"><div class=\"article-main-content\"><div class=\"container\"><div class=\"row\"><div class=\"col-12 col-md-1\"><nav class=\"article-social\"><ul class=\"social-nav\"><li class=\"ip-order-fb\"><a href=\"https:\/\/www.facebook.com\/sharer\/sharer.php?u=https:\/\/www.capgemini.com\/es-es\/?post_type=press-release&amp;p=532029\" target=\"_blank\" rel=\"noopener noreferrer\" title=\"abrir en una nueva ventana\"><i aria-hidden=\"true\" class=\"icon-fb\"><\/i><span class=\"sr-only\">Facebook<\/span><\/a><\/li><li class=\"ip-order-tw\"><a href=\"https:\/\/twitter.com\/intent\/tweet?url=https:\/\/www.capgemini.com\/es-es\/?post_type=press-release&amp;p=532029&amp;text=\" target=\"_blank\" rel=\"noopener noreferrer\" title=\"abrir en una nueva ventana\"><i aria-hidden=\"true\" class=\"icon-tw\"><\/i><span class=\"sr-only\">Twitter<\/span><\/a><\/li><li class=\"ip-order-li\"><a href=\"https:\/\/www.linkedin.com\/sharing\/share-offsite\/?url=https:\/\/www.capgemini.com\/es-es\/?post_type=press-release&amp;p=532029&amp;text=\" target=\"_blank\" rel=\"noopener noreferrer\" title=\"abrir en una nueva ventana\"><i aria-hidden=\"true\" class=\"icon-li\"><\/i><span class=\"sr-only\">Linkedin<\/span><\/a><\/li><\/ul><\/nav><\/div><div class=\"col-12 col-md-11 col-lg-10\"><div class=\"article-text article-quote-text\">\n<p><strong>Madrid, 28 de julio de 2020 <\/strong><strong>\u2013 <\/strong><a href=\"https:\/\/www.capgemini.com\/es-es\/\"><strong>Capgemini<\/strong><\/a> <strong>se compromete a alcanzar un nivel de neutralidad de carbono para sus operaciones no m\u00e1s tarde de 2025 y se marca como objetivo llegar a cero neto de emisiones en 2030. La aspiraci\u00f3n de Capgemini se fundamenta en el compromiso de reducir un 30% las emisiones de carbono por empleado alcanzado en enero de 2020, una d\u00e9cada antes de lo planeado<a href=\"#_ftn1\" id=\"_ftnref1\">[1]<\/a>.<\/strong><\/p>\n\n\n\n<p>Para cumplir su nuevo compromiso de nivel cero neto en diez a\u00f1os, Capgemini acelerar\u00e1 su programa de reducci\u00f3n de carbono en sus \u00e1reas operacionales con m\u00e1s impacto: las de viajes de trabajo, los desplazamientos entre residencia y lugar de trabajo y el consumo de energ\u00eda en oficinas. Esto est\u00e1 en l\u00ednea con la iniciativa de objetivos con base cient\u00edfica (SBTi, seg\u00fan sus siglas en ingl\u00e9s) para limitar el aumento de la temperatura del planeta a 1,5\u00b0C<a href=\"#_ftn1\" id=\"_ftnref1\">[1]<\/a>. La estrategia de Capgemini incluye, entre otros, ampliar la implantaci\u00f3n de nuevas formas de trabajo \u2014que reducir\u00e1 los viajes de negocios y desplazamientos desde la residencia al trabajo\u2014; introducir nuevas iniciativas \u2014incluido el desarrollo de una flota corporativa de autom\u00f3viles h\u00edbridos y el\u00e9ctricos\u2014, y colaborar con proveedores para contribuir a la descarbonizaci\u00f3n de su cadena de suministro. Otro elemento de la estrategia ser\u00e1 el cambio en todo el Grupo a electricidad procedente 100% de fuentes renovables.<\/p>\n\n\n\n<p>Si bien la m\u00e1xima prioridad de Capgemini sigue siendo reducir de sus emisiones hasta alcanzar el nivel de neutralidad de carbono no m\u00e1s tarde de 2025<a href=\"#_ftn2\" id=\"_ftnref2\">[2]<\/a>, cualquier emisi\u00f3n residual ser\u00e1 contrarrestada con un plan de compensaci\u00f3n, que incluir\u00e1 proyectos de reforestaci\u00f3n. El compromiso de descarbonizaci\u00f3n se extiende tambi\u00e9n a toda la cadena de suministro de Capgemini, con el objetivo de llevar al conjunto de actividades que forman su cadena de valor a un nivel cero neto de emisiones en 2030<a href=\"#_ftn3\" id=\"_ftnref3\">[3]<\/a>.<\/p>\n\n\n\n<p>Con respecto a la necesidad de actuar contra el cambio clim\u00e1tico, el CEO de Capgemini, Aiman Ezzat, ha comentado: <em>\u201cLa actual situaci\u00f3n en el mundo, con la pandemia de la COVID-19, hace m\u00e1s importante vivir en equilibrio con nuestro planeta. Capgemini trabaja desde hace una d\u00e9cada para reducir los impactos medioambientales y, aunque se ha conseguido mucho hasta el momento, ahora queremos anunciar que hemos incrementado el alcance de nuestro objetivo. He hecho de la lucha contra el cambio clim\u00e1tico una las prioridades de nuestro Grupo, otorgando la m\u00e1xima relevancia a nuestro ambicioso plan de alcanzar el nivel cero neto de emisiones en 2030. Se ha elaborado un riguroso plan de actuaci\u00f3n que comprende desde la ampliaci\u00f3n de nuestras iniciativas de digitalizaci\u00f3n del lugar de trabajo y teletrabajo, hasta el uso de la tecnolog\u00eda para ayudar a nuestros clientes a reducir sus propias emisiones\u201d.<\/em><\/p>\n\n\n\n<p><strong>Capgemini cumple el objetivo de reducci\u00f3n basado en criterios cient\u00edficos fijado inicialmente para 2030, diez a\u00f1os antes de lo previsto<\/strong><\/p>\n\n\n\n<p>El objetivo de Capgemini basado en criterios cient\u00edficos para reducir en 2030 las emisiones de carbono en un 30% por empleado <a href=\"https:\/\/www.capgemini.com\/resources\/group-environmental-sustainability-report-2019-20\/\">fue alcanzado en enero de 2020<\/a>, diez a\u00f1os antes de lo fijado en el plan y antes de los confinamientos impuestos por la COVID-19. Este hito ha sido posible por medio de programas centrados en los viajes de trabajo y el consumo de energ\u00eda. La reducci\u00f3n de las emisiones ocasionadas por los viajes de trabajo, lograda mediante el uso de colaboraciones virtuales, se apoy\u00f3 por medio de programas de formaci\u00f3n para empleados y por la implantaci\u00f3n de herramientas de colaboraci\u00f3n en todo el Grupo, adem\u00e1s de iniciativas nacionales de fomento de viajes m\u00e1s sostenibles. Capgemini tambi\u00e9n consigui\u00f3 casi duplicar el porcentaje de electricidad de origen renovable utilizada, pasando del 23,7% en 2018 al 46,2% en 2019, dirigiendo los esfuerzos simult\u00e1neamente a mejorar la eficiencia energ\u00e9tica en todos sus inmuebles, que ha conseguido reducir el consumo de energ\u00eda por metro cuadrado en m\u00e1s del 18% desde 2015.<\/p>\n\n\n\n<p><strong>Un plan a\u00fan m\u00e1s ambicioso para seguir combatiendo el cambio clim\u00e1tico<\/strong><\/p>\n\n\n\n<p>Como una de las primeras organizaciones de su sector en establecer objetivos basados en criterios cient\u00edficos, Capgemini tiene un largo historial de medidas ambiciosas para combatir el cambio clim\u00e1tico y, por ello, fue incluida en la <a href=\"https:\/\/www.capgemini.com\/news\/capgemini-named-on-cdps-prestigious-a-list-for-leading-effort-to-address-climate-change\/\">prestigiosa Lista A de CDP hace algunas semanas<\/a> en reconocimiento a sus m\u00e9todos y el impacto logrado.<\/p>\n\n\n\n<p>Tambi\u00e9n utiliza la tecnolog\u00eda para apoyar a sus clientes a reducir sus emisiones de carbono y ha establecido el objetivo de ayudar a sus clientes a evitar la emisi\u00f3n de 10 millones de toneladas de carbono de aqu\u00ed a 2030.<\/p>\n\n\n\n<p>Asimismo, Capgemini ha firmado recientemente su adhesi\u00f3n al proyecto de Naciones Unidas <em>Global Compact\u2019s Business Ambition for 1.5<sup>o<\/sup>C<\/em>, y es miembro fundador de la campa\u00f1a de Naciones Unidas &nbsp;<a href=\"https:\/\/unfccc.int\/climate-action\/race-to-zero-campaign\">RacetoZero<\/a>. Capgemini est\u00e1 tambi\u00e9n dirigiendo programas para impulsar el papel de las empresas en la tan necesaria transici\u00f3n a una actividad econ\u00f3mica sostenible, poniendo de relieve el papel fundamental que pueden desempe\u00f1ar en ese esfuerzo la tecnolog\u00eda y la innovaci\u00f3n.<\/p>\n\n\n\n<p>En su colaboraci\u00f3n con la Cumbre del Cambio Clim\u00e1tico durante la COP25, Capgemini comparti\u00f3 sus ideas sobre la necesaria <a href=\"https:\/\/www.capgemini.com\/resources\/the-sustainable-business-revolution-2030\/\">Revoluci\u00f3n Sostenible de los Negocios<\/a>. Desde entonces, ha publicado tambi\u00e9n informes sobre la transici\u00f3n a las energ\u00edas renovables y sobre la tecnolog\u00eda para la sostenibilidad en sectores clave como los del autom\u00f3vil y la distribuci\u00f3n minorista.<\/p>\n\n\n\n<p>Haga clic <a href=\"https:\/\/www.capgemini.com\/our-company\/our-corporate-social-responsibility-program\/environmental-sustainability\/\">aqu\u00ed<\/a> para m\u00e1s informaci\u00f3n sobre los programas de Sostenibilidad Medioambiental de Capgemini y su liderazgo de pensamiento.<\/p>\n\n\n\n<p><strong>Acerca de Capgemini<\/strong><\/p>\n\n\n\n<p>Un l\u00edder global en servicios de consultor\u00eda, transformaci\u00f3n digital, tecnolog\u00eda e ingenier\u00eda. Grupo Capgemini est\u00e1 a la vanguardia de la innovaci\u00f3n para abordar la diversidad de oportunidades que tienen sus empresas clientes en el din\u00e1mico entorno de las plataformas, la nube y lo digital. Respaldada por una s\u00f3lida trayectoria de m\u00e1s de 50 a\u00f1os y una dilatada experiencia multisectorial, Capgemini ayuda a las compa\u00f1\u00edas a alcanzar sus objetivos de negocio mediante una amplia gama de servicios que cubre desde la estrategia, hasta las operaciones. Capgemini act\u00faa bajo la firme convicci\u00f3n de que el valor de negocio de la tecnolog\u00eda se genera y desarrolla a trav\u00e9s de las personas. Se trata de una compa\u00f1\u00eda multicultural de 270.000 profesionales, presente en casi 50 pa\u00edses y, junto con Altran, en 2019, el grupo registr\u00f3 unos ingresos mundiales combinados de 17.000 millones de euros.<\/p>\n\n\n\n<p>M\u00e1s informaci\u00f3n en <a href=\"https:\/\/www.capgemini.com\/es-es\/\">www.capgemini.com\/es-es\/<\/a><\/p>\n\n\n\n<p><em>People matter, results count<\/em><\/p>\n\n\n\n<p><a href=\"#_ftnref1\" id=\"_ftn1\">[1]<\/a> La adhesi\u00f3n a la iniciativa de objetivos basados en criterios cient\u00edficos para un aumento m\u00e1ximo del 1,5\u00b0C significa que los objetivos de Capgemini buscan la reducci\u00f3n del nivel de carbono necesaria para que la temperatura del planeta no aumente m\u00e1s de 1,5\u00baC por encima de los niveles preindustriales, l\u00edmite que est\u00e1 ampliamente aceptado como el necesario para evitar los impactos m\u00e1s catastr\u00f3ficos e irreversibles del cambio clim\u00e1tico.<\/p>\n\n\n\n<p><a href=\"#_ftnref2\" id=\"_ftn2\">[2]<\/a> La compensaci\u00f3n de las emisiones residuales prevista por Capgemini incluir\u00e1: todas las emisiones contempladas en los \u00e1mbitos de actuaci\u00f3n (Scope) 1 y 2 (que comprenden consumo de energ\u00eda, consumo de combustible y emisiones fugitivas del sistema de aire acondicionado) y emisiones contempladas en el \u00e1mbito de actuaci\u00f3n (Scope) 3 generadas por viajes de trabajo, desplazamientos entre residencia y lugar de trabajo, residuos, agua y p\u00e9rdidas en el transporte y distribuci\u00f3n de electricidad.<\/p>\n\n\n\n<p><a href=\"#_ftnref3\" id=\"_ftn3\">[3]<\/a> La organizaci\u00f3n CDP y la iniciativa SBTi definen el nivel cero neto como la consecuci\u00f3n de una situaci\u00f3n en la que las actividades comprendidas en la cadena de valor de una empresa no producen ning\u00fan impacto, en t\u00e9rminos netos, en el clima por emisiones de gases de efecto invernadero. Esta situaci\u00f3n se consigue reduciendo las emisiones de la cadena de valor de acuerdo con los objetivos de l\u00edmite de incremento de la temperatura al 1,5\u00baC y compensando cualquier emisi\u00f3n restante con proyectos adecuados de absorci\u00f3n de carbono (<a href=\"https:\/\/www.carbontrust.com\/resources\/briefing-net-zero-for-corporates\">enlace<\/a>).<\/p>\n\n\n\n<p><a href=\"#_ftnref1\" id=\"_ftn1\">[1]<\/a> Este objetivo forma parte del compromiso de Capgemini de fijar metas ambiciosas basadas en criterios cient\u00edficos de reducci\u00f3n de carbono, validadas por la iniciativa Science Based Targets (SBTi) en 2017 por su conformidad con el objetivo del l\u00edmite de los 2<sup>o<\/sup>C en la lucha contra el cambio clim\u00e1tico. A la finalizaci\u00f3n de 2019, Capgemini hab\u00eda reducido sus emisiones de carbono absolutas en un 14,6%, a pesar de haber aumentado su n\u00famero de empleados en un 22,6%, lo que equivale a una reducci\u00f3n de las emisiones por empleado del 29,8%. A finales de enero, las emisiones de carbono por empleado eran un 30,2% inferiores al nivel de 2015, a\u00f1o de inicio de la iniciativa.<\/p>\n\n\n\n<p><a href=\"\/cookie-settings\/#cookie-consent\">Permitir cookies estad\u00edsticas para ver esta inserci\u00f3n de YouTube<\/a><\/p>\n\n\n<div class=\"wp-block-cg-blocks-cg-block-related-content\"><section class=\"relatedContentBlock\"><div class=\"container\"><div class=\"row\"><div class=\"content-title col-12 col-md-8\"><h2 class=\"related-content-heading\">Related News<\/h2><\/div><\/div><div class=\"row relatedContent\"><div class=\"col-lg-4 col-md-6 col-xs-12\">\n\t\t\t\t\t\t\t<div class=\"box\">\n\t\t\t\t\t\t\t\t<a aria-label=\"Saber m\u00e1s sobre Abierta la convocatoria de la VI edici\u00f3n de los Premios Retina ECO, organizados por PRISA Media en colaboraci\u00f3n con Capgemini\" href=\"https:\/\/www.capgemini.com\/es-es\/noticias\/notas-de-prensa\/abierta-la-convocatoria-de-la-vi-edicion-de-los-premios-retina-eco-organizados-por-prisa-media-en-colaboracion-con-capgemini\/\" class=\"anchorWrapper\">\n\t\t\t\t\t\t\t\t\t<span class=\"box-tag\"><span>Corporate news<\/span><\/span>\n\t\t\t\t\t\t\t\t\t<div class=\"box-title\"><h3 class=\"box-subtitle\">Abierta la convocatoria de la VI edici\u00f3n de los Premios Retina ECO, organizados por PRISA Media en colaboraci\u00f3n con Capgemini<\/h3><\/div>\n\t\t\t\t\t\t\t\t\t<div class=\"box-date\">\n\t\t\t\t\t\t\t\t\t\t<span>Mar 12, 2026<\/span>\n\t\t\t\t\t\t\t\t\t<\/div>\n\t\t\t\t\t\t\t\t\t<div class=\"box-bottom\">\n\t\t\t\t\t\t\t\t\t\t&lt;a class=&quot;link-download&quot; href=&quot;https:\/\/www.capgemini.com\/es-es\/wp-content\/uploads\/sites\/16\/2026\/03\/NP-Premios-Retina-2026.pdf&quot; aria-label=&quot;Download Press Release&quot; target=&quot;_blank&quot;  type=&quot;download&quot; title=&quot;Opens in a new window&quot;&gt;\n\t\t\t\t\t\t\t&lt;span&gt;Descargar nota de prensa&lt;\/span&gt;\n\t\t\t\t\t\t\t&lt;span&gt;265 KB PDF&lt;\/span&gt;\n\t\t\t\t\t\t&lt;\/a&gt;\n\t\t\t\t\t\t\t\t\t\t<a class=\"more\" aria-label=\"Saber m\u00e1s sobre Abierta la convocatoria de la VI edici\u00f3n de los Premios Retina ECO, organizados por PRISA Media en colaboraci\u00f3n con Capgemini\" href=\"https:\/\/www.capgemini.com\/es-es\/noticias\/notas-de-prensa\/abierta-la-convocatoria-de-la-vi-edicion-de-los-premios-retina-eco-organizados-por-prisa-media-en-colaboracion-con-capgemini\/\">Saber m\u00e1s sobre<\/a>\n\t\t\t\t\t\t\t\t\t<\/div>\n\t\t\t\t\t\t\t\t<\/a>\n\t\t\t\t\t\t\t<\/div>\n\t\t\t\t\t\t<\/div><div class=\"col-lg-4 col-md-6 col-xs-12\">\n\t\t\t\t\t\t\t<div class=\"box\">\n\t\t\t\t\t\t\t\t<a aria-label=\"Saber m\u00e1s sobre Capgemini adquirir\u00e1 Piterion, empresa independiente l\u00edder en gesti\u00f3n del ciclo de vida del producto y digitalizaci\u00f3n industrial\" href=\"https:\/\/www.capgemini.com\/es-es\/noticias\/notas-de-prensa\/capgemini-adquirira-piterion-empresa-independiente-lider-en-gestion-del-ciclo-de-vida-del-producto\/\" class=\"anchorWrapper\">\n\t\t\t\t\t\t\t\t\t<span class=\"box-tag\"><span>Corporate news<\/span><\/span>\n\t\t\t\t\t\t\t\t\t<div class=\"box-title\"><h3 class=\"box-subtitle\">Capgemini adquirir\u00e1 Piterion, empresa independiente l\u00edder en gesti\u00f3n del ciclo de vida del producto y digitalizaci\u00f3n industrial<\/h3><\/div>\n\t\t\t\t\t\t\t\t\t<div class=\"box-date\">\n\t\t\t\t\t\t\t\t\t\t<span>Mar 10, 2026<\/span>\n\t\t\t\t\t\t\t\t\t<\/div>\n\t\t\t\t\t\t\t\t\t<div class=\"box-bottom\">\n\t\t\t\t\t\t\t\t\t\t&lt;a class=&quot;link-download&quot; href=&quot;https:\/\/www.capgemini.com\/es-es\/wp-content\/uploads\/sites\/16\/2026\/03\/NP-Capgemini-adquirira-Piterion.pdf&quot; aria-label=&quot;Download Press Release&quot; target=&quot;_blank&quot;  type=&quot;download&quot; title=&quot;Opens in a new window&quot;&gt;\n\t\t\t\t\t\t\t&lt;span&gt;Descargar nota de prensa&lt;\/span&gt;\n\t\t\t\t\t\t\t&lt;span&gt;108 KB PDF&lt;\/span&gt;\n\t\t\t\t\t\t&lt;\/a&gt;\n\t\t\t\t\t\t\t\t\t\t<a class=\"more\" aria-label=\"Saber m\u00e1s sobre Capgemini adquirir\u00e1 Piterion, empresa independiente l\u00edder en gesti\u00f3n del ciclo de vida del producto y digitalizaci\u00f3n industrial\" href=\"https:\/\/www.capgemini.com\/es-es\/noticias\/notas-de-prensa\/capgemini-adquirira-piterion-empresa-independiente-lider-en-gestion-del-ciclo-de-vida-del-producto\/\">Saber m\u00e1s sobre<\/a>\n\t\t\t\t\t\t\t\t\t<\/div>\n\t\t\t\t\t\t\t\t<\/a>\n\t\t\t\t\t\t\t<\/div>\n\t\t\t\t\t\t<\/div><div class=\"col-lg-4 col-md-6 col-xs-12\">\n\t\t\t\t\t\t\t<div class=\"box\">\n\t\t\t\t\t\t\t\t<a aria-label=\"Saber m\u00e1s sobre Capgemini nombra a Laurent Perea nuevo Consejero Delegado de Capgemini en Espa\u00f1a\" href=\"https:\/\/www.capgemini.com\/es-es\/noticias\/notas-de-prensa\/capgemini-nombra-a-laurent-perea-nuevo-consejero-delegado-de-capgemini-en-espana\/\" class=\"anchorWrapper\">\n\t\t\t\t\t\t\t\t\t<span class=\"box-tag\"><span>Corporate news<\/span><\/span>\n\t\t\t\t\t\t\t\t\t<div class=\"box-title\"><h3 class=\"box-subtitle\">Capgemini nombra a Laurent Perea nuevo Consejero Delegado de Capgemini en Espa\u00f1a<\/h3><\/div>\n\t\t\t\t\t\t\t\t\t<div class=\"box-date\">\n\t\t\t\t\t\t\t\t\t\t<span>Jan 13, 2026<\/span>\n\t\t\t\t\t\t\t\t\t<\/div>\n\t\t\t\t\t\t\t\t\t<div class=\"box-bottom\">\n\t\t\t\t\t\t\t\t\t\t&lt;a class=&quot;link-download&quot; href=&quot;https:\/\/www.capgemini.com\/es-es\/wp-content\/uploads\/sites\/16\/2026\/01\/NP-Capgemini-nombra-a-Laurent-Perea-consejero-delegado-en-Espana.pdf&quot; aria-label=&quot;Download Press Release&quot; target=&quot;_blank&quot;  type=&quot;download&quot; title=&quot;Opens in a new window&quot;&gt;\n\t\t\t\t\t\t\t&lt;span&gt;Descargar nota de prensa&lt;\/span&gt;\n\t\t\t\t\t\t\t&lt;span&gt;107 KB PDF&lt;\/span&gt;\n\t\t\t\t\t\t&lt;\/a&gt;\n\t\t\t\t\t\t\t\t\t\t<a class=\"more\" aria-label=\"Saber m\u00e1s sobre Capgemini nombra a Laurent Perea nuevo Consejero Delegado de Capgemini en Espa\u00f1a\" href=\"https:\/\/www.capgemini.com\/es-es\/noticias\/notas-de-prensa\/capgemini-nombra-a-laurent-perea-nuevo-consejero-delegado-de-capgemini-en-espana\/\">Saber m\u00e1s sobre<\/a>\n\t\t\t\t\t\t\t\t\t<\/div>\n\t\t\t\t\t\t\t\t<\/a>\n\t\t\t\t\t\t\t<\/div>\n\t\t\t\t\t\t<\/div><\/div><\/div><\/section><\/div><\/div><\/div><\/div><\/div><\/div><\/section>\n","protected":false},"excerpt":{"rendered":"","protected":false},"author":336,"featured_media":0,"template":"","meta":{"cg_dt_proposed_to":[],"cg_seo_hreflang_relations":"[]","cg_seo_canonical_relation":"","cg_seo_hreflang_x_default_relation":"","cg_dt_approved_content":true,"cg_dt_mandatory_content":false,"cg_dt_notes":"","cg_dg_source_changed":false,"cg_dt_link_disabled":false,"footnotes":"","related_resource_url":"https:\/\/www.capgemini.com\/es-es\/wp-content\/uploads\/sites\/16\/2022\/12\/NP_Objetivo-CO22030vfinal.pdf","related_resource_id":532030,"related_resource_size":"109 KB","related_resource_type":"pdf","cg_author":0,"featured_focal_points":""},"tags":[],"press-release-type":[39],"brand":[30],"class_list":["post-532029","press-release","type-press-release","status-publish","hentry","press-release-type-corporate-news","brand-capgemini"],"yoast_head":"<!-- This site is optimized with the Yoast SEO Premium plugin v22.8 (Yoast SEO v22.8) - https:\/\/yoast.com\/wordpress\/plugins\/seo\/ -->\n<title>Capgemini aspira a ser una compa\u00f1\u00eda cero emisiones en 2030 - Capgemini Spain<\/title>\n<meta name=\"robots\" content=\"index, follow, max-snippet:-1, max-image-preview:large, max-video-preview:-1\" \/>\n<link rel=\"canonical\" href=\"https:\/\/www.capgemini.com\/es-es\/noticias\/notas-de-prensa\/capgemini-anuncia-su-aspiracion-de-ser-una-compania-cero-emisiones-en-2030\/\" \/>\n<meta property=\"og:locale\" content=\"es_ES\" \/>\n<meta property=\"og:type\" content=\"article\" \/>\n<meta property=\"og:title\" content=\"Capgemini aspira a ser una compa\u00f1\u00eda cero emisiones en 2030\" \/>\n<meta property=\"og:url\" content=\"https:\/\/www.capgemini.com\/es-es\/noticias\/notas-de-prensa\/capgemini-anuncia-su-aspiracion-de-ser-una-compania-cero-emisiones-en-2030\/\" \/>\n<meta property=\"og:site_name\" content=\"Capgemini Spain\" \/>\n<meta property=\"article:modified_time\" content=\"2025-03-12T09:02:49+00:00\" \/>\n<meta property=\"og:image\" content=\"https:\/\/www.capgemini.com\/es-es\/wp-content\/uploads\/sites\/16\/2025\/10\/New-Web-preview-global.jpg\" \/>\n\t<meta property=\"og:image:width\" content=\"1200\" \/>\n\t<meta property=\"og:image:height\" content=\"627\" \/>\n\t<meta property=\"og:image:type\" content=\"image\/jpeg\" \/>\n<meta name=\"twitter:card\" content=\"summary_large_image\" \/>\n<meta name=\"twitter:label1\" content=\"Est. reading time\" \/>\n\t<meta name=\"twitter:data1\" content=\"7 minutes\" \/>\n<script type=\"application\/ld+json\" class=\"yoast-schema-graph\">{\"@context\":\"https:\/\/schema.org\",\"@graph\":[{\"@type\":\"WebPage\",\"@id\":\"https:\/\/www.capgemini.com\/es-es\/noticias\/notas-de-prensa\/capgemini-anuncia-su-aspiracion-de-ser-una-compania-cero-emisiones-en-2030\/\",\"url\":\"https:\/\/www.capgemini.com\/es-es\/noticias\/notas-de-prensa\/capgemini-anuncia-su-aspiracion-de-ser-una-compania-cero-emisiones-en-2030\/\",\"name\":\"Capgemini aspira a ser una compa\u00f1\u00eda cero emisiones en 2030 - Capgemini Spain\",\"isPartOf\":{\"@id\":\"https:\/\/www.capgemini.com\/es-es\/#website\"},\"datePublished\":\"2020-07-23T13:38:00+00:00\",\"dateModified\":\"2025-03-12T09:02:49+00:00\",\"breadcrumb\":{\"@id\":\"https:\/\/www.capgemini.com\/es-es\/noticias\/notas-de-prensa\/capgemini-anuncia-su-aspiracion-de-ser-una-compania-cero-emisiones-en-2030\/#breadcrumb\"},\"inLanguage\":\"es-ES\",\"potentialAction\":[{\"@type\":\"ReadAction\",\"target\":[\"https:\/\/www.capgemini.com\/es-es\/noticias\/notas-de-prensa\/capgemini-anuncia-su-aspiracion-de-ser-una-compania-cero-emisiones-en-2030\/\"]}]},{\"@type\":\"BreadcrumbList\",\"@id\":\"https:\/\/www.capgemini.com\/es-es\/noticias\/notas-de-prensa\/capgemini-anuncia-su-aspiracion-de-ser-una-compania-cero-emisiones-en-2030\/#breadcrumb\",\"itemListElement\":[{\"@type\":\"ListItem\",\"position\":1,\"name\":\"Home\",\"item\":\"https:\/\/www.capgemini.com\/es-es\/\"},{\"@type\":\"ListItem\",\"position\":2,\"name\":\"Press Releases\",\"item\":\"https:\/\/www.capgemini.com\/es-es\/news\/\"},{\"@type\":\"ListItem\",\"position\":3,\"name\":\"Capgemini aspira a ser una compa\u00f1\u00eda cero emisiones en 2030\"}]},{\"@type\":\"WebSite\",\"@id\":\"https:\/\/www.capgemini.com\/es-es\/#website\",\"url\":\"https:\/\/www.capgemini.com\/es-es\/\",\"name\":\"Capgemini Espa\u00f1a\",\"description\":\"Capgemini\",\"potentialAction\":[{\"@type\":\"SearchAction\",\"target\":{\"@type\":\"EntryPoint\",\"urlTemplate\":\"https:\/\/www.capgemini.com\/es-es\/?s={search_term_string}\"},\"query-input\":\"required name=search_term_string\"}],\"inLanguage\":\"es-ES\"}]}<\/script>\n<!-- \/ Yoast SEO Premium plugin. -->","yoast_head_json":{"title":"Capgemini aspira a ser una compa\u00f1\u00eda cero emisiones en 2030 - Capgemini Spain","robots":{"index":"index","follow":"follow","max-snippet":"max-snippet:-1","max-image-preview":"max-image-preview:large","max-video-preview":"max-video-preview:-1"},"canonical":"https:\/\/www.capgemini.com\/es-es\/noticias\/notas-de-prensa\/capgemini-anuncia-su-aspiracion-de-ser-una-compania-cero-emisiones-en-2030\/","og_locale":"es_ES","og_type":"article","og_title":"Capgemini aspira a ser una compa\u00f1\u00eda cero emisiones en 2030","og_url":"https:\/\/www.capgemini.com\/es-es\/noticias\/notas-de-prensa\/capgemini-anuncia-su-aspiracion-de-ser-una-compania-cero-emisiones-en-2030\/","og_site_name":"Capgemini Spain","article_modified_time":"2025-03-12T09:02:49+00:00","og_image":[{"width":1200,"height":627,"url":"https:\/\/www.capgemini.com\/es-es\/wp-content\/uploads\/sites\/16\/2025\/10\/New-Web-preview-global.jpg","type":"image\/jpeg"}],"twitter_card":"summary_large_image","twitter_misc":{"Est. reading time":"7 minutes"},"schema":{"@context":"https:\/\/schema.org","@graph":[{"@type":"WebPage","@id":"https:\/\/www.capgemini.com\/es-es\/noticias\/notas-de-prensa\/capgemini-anuncia-su-aspiracion-de-ser-una-compania-cero-emisiones-en-2030\/","url":"https:\/\/www.capgemini.com\/es-es\/noticias\/notas-de-prensa\/capgemini-anuncia-su-aspiracion-de-ser-una-compania-cero-emisiones-en-2030\/","name":"Capgemini aspira a ser una compa\u00f1\u00eda cero emisiones en 2030 - Capgemini Spain","isPartOf":{"@id":"https:\/\/www.capgemini.com\/es-es\/#website"},"datePublished":"2020-07-23T13:38:00+00:00","dateModified":"2025-03-12T09:02:49+00:00","breadcrumb":{"@id":"https:\/\/www.capgemini.com\/es-es\/noticias\/notas-de-prensa\/capgemini-anuncia-su-aspiracion-de-ser-una-compania-cero-emisiones-en-2030\/#breadcrumb"},"inLanguage":"es-ES","potentialAction":[{"@type":"ReadAction","target":["https:\/\/www.capgemini.com\/es-es\/noticias\/notas-de-prensa\/capgemini-anuncia-su-aspiracion-de-ser-una-compania-cero-emisiones-en-2030\/"]}]},{"@type":"BreadcrumbList","@id":"https:\/\/www.capgemini.com\/es-es\/noticias\/notas-de-prensa\/capgemini-anuncia-su-aspiracion-de-ser-una-compania-cero-emisiones-en-2030\/#breadcrumb","itemListElement":[{"@type":"ListItem","position":1,"name":"Home","item":"https:\/\/www.capgemini.com\/es-es\/"},{"@type":"ListItem","position":2,"name":"Press Releases","item":"https:\/\/www.capgemini.com\/es-es\/news\/"},{"@type":"ListItem","position":3,"name":"Capgemini aspira a ser una compa\u00f1\u00eda cero emisiones en 2030"}]},{"@type":"WebSite","@id":"https:\/\/www.capgemini.com\/es-es\/#website","url":"https:\/\/www.capgemini.com\/es-es\/","name":"Capgemini Espa\u00f1a","description":"Capgemini","potentialAction":[{"@type":"SearchAction","target":{"@type":"EntryPoint","urlTemplate":"https:\/\/www.capgemini.com\/es-es\/?s={search_term_string}"},"query-input":"required name=search_term_string"}],"inLanguage":"es-ES"}]}},"parsely":{"version":"1.1.0","canonical_url":"https:\/\/capgemini.com\/es-es\/noticias\/notas-de-prensa\/capgemini-anuncia-su-aspiracion-de-ser-una-compania-cero-emisiones-en-2030\/","smart_links":{"inbound":0,"outbound":0},"traffic_boost_suggestions_count":0,"meta":{"@context":"https:\/\/schema.org","@type":"NewsArticle","headline":"Capgemini aspira a ser una compa\u00f1\u00eda cero emisiones en 2030","url":"https:\/\/www.capgemini.com\/es-es\/noticias\/notas-de-prensa\/capgemini-anuncia-su-aspiracion-de-ser-una-compania-cero-emisiones-en-2030\/","mainEntityOfPage":{"@type":"WebPage","@id":"https:\/\/www.capgemini.com\/es-es\/noticias\/notas-de-prensa\/capgemini-anuncia-su-aspiracion-de-ser-una-compania-cero-emisiones-en-2030\/"},"thumbnailUrl":"","image":{"@type":"ImageObject","url":""},"articleSection":"Uncategorized","author":[],"creator":[],"publisher":{"@type":"Organization","name":"Capgemini Spain","logo":""},"keywords":[],"dateCreated":"2020-07-23T13:38:00Z","datePublished":"2020-07-23T13:38:00Z","dateModified":"2025-03-12T09:02:49Z"},"rendered":"<meta name=\"parsely-title\" content=\"Capgemini aspira a ser una compa\u00f1\u00eda cero emisiones en 2030\" \/>\n<meta name=\"parsely-link\" content=\"https:\/\/www.capgemini.com\/es-es\/noticias\/notas-de-prensa\/capgemini-anuncia-su-aspiracion-de-ser-una-compania-cero-emisiones-en-2030\/\" \/>\n<meta name=\"parsely-type\" content=\"post\" \/>\n<meta name=\"parsely-pub-date\" content=\"2020-07-23T13:38:00Z\" \/>\n<meta name=\"parsely-section\" content=\"Uncategorized\" \/>","tracker_url":"https:\/\/cdn.parsely.com\/keys\/capgemini.com\/p.js"},"archive_status":false,"featured_image_src":"https:\/\/www.capgemini.com\/es-es\/wp-content\/themes\/capgemini2025\/assets\/images\/mockup.png","featured_image_alt":false,"jetpack_sharing_enabled":true,"distributor_meta":false,"distributor_terms":false,"distributor_media":false,"distributor_original_site_name":"Capgemini Spain","distributor_original_site_url":"https:\/\/www.capgemini.com\/es-es","push-errors":false,"tag_names":[],"_links":{"self":[{"href":"https:\/\/www.capgemini.com\/es-es\/wp-json\/wp\/v2\/press-release\/532029","targetHints":{"allow":["GET"]}}],"collection":[{"href":"https:\/\/www.capgemini.com\/es-es\/wp-json\/wp\/v2\/press-release"}],"about":[{"href":"https:\/\/www.capgemini.com\/es-es\/wp-json\/wp\/v2\/types\/press-release"}],"author":[{"embeddable":true,"href":"https:\/\/www.capgemini.com\/es-es\/wp-json\/wp\/v2\/users\/336"}],"version-history":[{"count":2,"href":"https:\/\/www.capgemini.com\/es-es\/wp-json\/wp\/v2\/press-release\/532029\/revisions"}],"predecessor-version":[{"id":568570,"href":"https:\/\/www.capgemini.com\/es-es\/wp-json\/wp\/v2\/press-release\/532029\/revisions\/568570"}],"wp:attachment":[{"href":"https:\/\/www.capgemini.com\/es-es\/wp-json\/wp\/v2\/media?parent=532029"}],"wp:term":[{"taxonomy":"post_tag","embeddable":true,"href":"https:\/\/www.capgemini.com\/es-es\/wp-json\/wp\/v2\/tags?post=532029"},{"taxonomy":"press-release-type","embeddable":true,"href":"https:\/\/www.capgemini.com\/es-es\/wp-json\/wp\/v2\/press-release-type?post=532029"},{"taxonomy":"brand","embeddable":true,"href":"https:\/\/www.capgemini.com\/es-es\/wp-json\/wp\/v2\/brand?post=532029"}],"curies":[{"name":"wp","href":"https:\/\/api.w.org\/{rel}","templated":true}]}}