{"id":531861,"date":"2021-02-04T12:42:00","date_gmt":"2021-02-04T12:42:00","guid":{"rendered":"https:\/\/www.capgemini.com\/es-es\/?post_type=press-release&#038;p=531861"},"modified":"2025-03-12T09:44:46","modified_gmt":"2025-03-12T08:44:46","slug":"capgemini-auna-fuerzas-con-verkor-para-reforzar-la-cadena-de-valor-europea-de-las-baterias-bajas-en-carbono","status":"publish","type":"press-release","link":"https:\/\/www.capgemini.com\/es-es\/noticias\/notas-de-prensa\/capgemini-auna-fuerzas-con-verkor-para-reforzar-la-cadena-de-valor-europea-de-las-baterias-bajas-en-carbono\/","title":{"rendered":"Capgemini a\u00fana fuerzas con Verkor para reforzar la cadena de valor europea de las bater\u00edas bajas en carbono"},"content":{"rendered":"\n<p><\/p>\n\n\n\t\t<div class=\"wp-block-cg-blocks-hero-press-release\">\n\t\t\t<header class=\"header-hero-press-release\" role=\"main\" id=\"main-content-press-release\">\n\t\t\t\t<div class=\"container\">\n\t\t\t\t\t<div class=\"hero-press-release\">\n\t\t\t\t\t\t<div class=\"hero-press-release-content-wrapper\">\n\t\t\t\t\t\t\t<div class=\"row\">\n\t\t\t\t\t\t\t\t<div class=\"col-12\">\n\t\t\t\t\t\t\t\t\t<div class=\"header-title\">\n\t\t\t\t\t\t\t\t\t\t<h1>\n\t\t\t\t\t\t\t\t\t\t\tCapgemini a\u00fana fuerzas con Verkor para reforzar la cadena de valor europea de las bater\u00edas bajas en carbono\t\t\t\t\t\t\t\t\t\t<\/h1>\n\t\t\t\t\t\t\t\t\t<\/div>\n\t\t\t\t\t\t\t\t\t<div class=\"header-description\">\n\t\t\t\t\t\t\t\t\t\t<p><\/p>\n\t\t\t\t\t\t\t\t\t<\/div>\n\t\t\t\t\t\t\t\t\t\t\t\t\t\t\t\t\t\t<div class=\"header-date\">\n\t\t\t\t\t\t\t\t\t\t<span>feb. 4, 2021<\/span>\n\t\t\t\t\t\t\t\t\t<\/div>\n\t\t\t\t\t\t\t\t<\/div>\n\t\t\t\t\t\t\t<\/div>\n\t\t\t\t\t\t<\/div>\n\t\t\t\t\t\t\t\t\t\t\t\t\t<div class=\"hero-press-release-downloads\">\n\t\t\t\t\t\t\t\t<div class=\"row\">\n\t\t\t\t\t\t\t\t\t\t\t\t\t\t\t\t\t\t\t<div class=\"col-12 col-md-6 col-lg-3\">\n\t\t\t\t\t\t\t\t\t\t\t<a class=\"download-item\" type=\"download\" href=\"https:\/\/www.capgemini.com\/es-es\/wp-content\/uploads\/sites\/16\/2022\/12\/NP_Verkor-venture.pdf\" target=\"_blank\" rel=\"noopener noreferrer\" title=\"Abrir en una nueva ventana\">\n\t\t\t\t\t\t\t\t\t\t\t\t<div class=\"download-icon\"><\/div>\n\t\t\t\t\t\t\t\t\t\t\t\t<div class=\"download-details\">\n\t\t\t\t\t\t\t\t\t\t\t\t\t<div class=\"download-title\">Download press release<\/div>\n\t\t\t\t\t\t\t\t\t\t\t\t\t<div class=\"download-props\">84 KB  pdf<\/div>\n\t\t\t\t\t\t\t\t\t\t\t\t<\/div>\n\t\t\t\t\t\t\t\t\t\t\t<\/a>\n\t\t\t\t\t\t\t\t\t\t<\/div>\n\t\t\t\t\t\t\t\t\t\t\t\t\t\t\t\t\t\t<\/div>\n\t\t\t\t\t\t\t<\/div>\n\t\t\t\t\t\t\t\t\t\t\t\t\t\t\t\t\t\t\t<div class=\"hero-press-release-brand-image\">\n\t\t\t\t\t\t\t\t<img decoding=\"async\" loading=\"lazy\" src=\"https:\/\/www.capgemini.com\/es-es\/wp-content\/themes\/capgemini2025\/assets\/images\/capgemini-white.svg\" alt=\"Logo\" \/>\n\t\t\t\t\t\t\t<\/div>\n\t\t\t\t\t\t\t\t\t\t\t<\/div>\n\t\t\t\t<\/div>\n\t\t\t<\/header>\n\t\t<\/div>\n\t\t\n\n\n<section class=\"wp-block-cg-blocks-group undefined section section--article-content\"><div class=\"article-main-content\"><div class=\"container\"><div class=\"row\"><div class=\"col-12 col-md-1\"><nav class=\"article-social\"><ul class=\"social-nav\"><li class=\"ip-order-fb\"><a href=\"https:\/\/www.facebook.com\/sharer\/sharer.php?u=https:\/\/www.capgemini.com\/es-es\/?post_type=press-release&amp;p=531861\" target=\"_blank\" rel=\"noopener noreferrer\" title=\"abrir en una nueva ventana\"><i aria-hidden=\"true\" class=\"icon-fb\"><\/i><span class=\"sr-only\">Facebook<\/span><\/a><\/li><li class=\"ip-order-tw\"><a href=\"https:\/\/twitter.com\/intent\/tweet?url=https:\/\/www.capgemini.com\/es-es\/?post_type=press-release&amp;p=531861&amp;text=\" target=\"_blank\" rel=\"noopener noreferrer\" title=\"abrir en una nueva ventana\"><i aria-hidden=\"true\" class=\"icon-tw\"><\/i><span class=\"sr-only\">Twitter<\/span><\/a><\/li><li class=\"ip-order-li\"><a href=\"https:\/\/www.linkedin.com\/sharing\/share-offsite\/?url=https:\/\/www.capgemini.com\/es-es\/?post_type=press-release&amp;p=531861&amp;text=\" target=\"_blank\" rel=\"noopener noreferrer\" title=\"abrir en una nueva ventana\"><i aria-hidden=\"true\" class=\"icon-li\"><\/i><span class=\"sr-only\">Linkedin<\/span><\/a><\/li><\/ul><\/nav><\/div><div class=\"col-12 col-md-11 col-lg-10\"><div class=\"article-text article-quote-text\">\n<p><strong>Madrid, 12 de febrero de 2021 \u2013 <\/strong><a href=\"http:\/\/www.capgemini.com\/\"><strong>Capgemini<\/strong><\/a><strong> se al\u00eda con <\/strong><a href=\"http:\/\/verkor.com\/\"><strong>Verkor<\/strong><\/a><strong>,<\/strong><strong> la empresa industrial francesa con la misi\u00f3n de acelerar la capacidad de producci\u00f3n de bater\u00edas bajas en carbono en el sur de Europa mediante la creaci\u00f3n de una primera gigaf\u00e1brica de 16&nbsp;GWh.<\/strong><\/p>\n\n\n\n<p>Capgemini ayudar\u00e1 a Verkor a alcanzar la excelencia en la fabricaci\u00f3n de bater\u00edas bajas en carbono, aprovechando todo el potencial de la tecnolog\u00eda digital y de datos.<\/p>\n\n\n\n<p>Benoit Lemaignan, director general de Verkor, declara: \u00ab<em>Estamos encantados de atraer a socios tan prestigiosos de la cadena de valor para ayudar a hacer realidad nuestra visi\u00f3n de una cadena de suministro de bater\u00edas competitiva y sostenible en Europa.<\/em> <em>La clave de nuestro \u00e9xito es unir lo mejor en talento, recursos y experiencia de todo el mundo para que podamos trabajar de forma \u00e1gil y r\u00e1pida y llevar as\u00ed las bater\u00edas de c\u00e9lulas bajas en carbono fabricadas localmente al mercado para 2023.<\/em><\/p>\n\n\n\n<p><em>Las capacidades l\u00edderes del mercado de Capgemini en ingenier\u00eda y habilidades digitales nos permitir\u00e1n perfeccionar nuestro proceso de fabricaci\u00f3n para reducir el desperdicio y mejorar el rendimiento ambiental y econ\u00f3mico de nuestro modelo comercial<\/em>\u00bb.<\/p>\n\n\n\n<p>Roshan Gya, director general de la regi\u00f3n de Europa central y del sur de Capgemini Invent, dice: \u00ab<em>Desarrollar una cadena de suministro de bater\u00edas resistente y sostenible en Europa es fundamental para la transici\u00f3n energ\u00e9tica y para el futuro de nuestra industria automotriz. La tecnolog\u00eda digital desempe\u00f1ar\u00e1 un papel fundamental para garantizar la competitividad de las gigaf\u00e1bricas europeas.<\/em><\/p>\n\n\n\n<p><em>Estamos encantados de aplicar nuestro saber hacer en el \u00e1mbito digital y contribuir, de la mano de Verkor, a la creaci\u00f3n de una gigaf\u00e1brica moderna, conectada y altamente eficiente en Francia<\/em>\u00bb.<\/p>\n\n\n\n<p>Capgemini se une a <a href=\"https:\/\/www.innoenergy.com\/news-events\/verkor-europe-s-new-battery-cell-producer-begins-its-industrial-journey-backed-by-eit-innoenergy-schneider-electric-and-the-groupe-idec\/\">Schneider Electric, EIT InnoEnergy y GROUPE IDEC, que anunciaron su colaboraci\u00f3n con Verkor en julio de 2020<\/a>.<\/p>\n\n\n\n<p><strong>Sobre Capgemini<\/strong><\/p>\n\n\n\n<p>Capgemini es un l\u00edder mundial en consultor\u00eda, transformaci\u00f3n digital, tecnolog\u00eda y servicios de ingenier\u00eda. El Grupo est\u00e1 a la vanguardia de la innovaci\u00f3n para abordar todas las oportunidades de los clientes en el mundo en constante evoluci\u00f3n de la nube y las plataformas digitales. Bas\u00e1ndose en su s\u00f3lida herencia de 50 a\u00f1os y su profunda experiencia en la industria, Capgemini permite a las organizaciones realizar sus ambiciones empresariales a trav\u00e9s de una serie de servicios que van desde la estrategia hasta las operaciones. Una empresa responsable y multicultural compuesta por 265&nbsp;000 personas en casi 50 pa\u00edses; el objetivo de Capgemini es desencadenar el potencial de la energ\u00eda humana a trav\u00e9s de la tecnolog\u00eda para un futuro inclusivo y sostenible. Junto con Altran, el Grupo declar\u00f3 unos ingresos globales combinados de 17&nbsp;000&nbsp;millones&nbsp;de&nbsp;euros&nbsp;en&nbsp;2019.<br>Vis\u00edtenos en <a href=\"https:\/\/www.capgemini.com\/es-es\/\">https:\/\/www.capgemini.com\/es-es\/<\/a><\/p>\n\n\n\n<p><strong>Acerca de Verkor<\/strong><\/p>\n\n\n\n<p>Verkor, una empresa industrial francesa, impulsar\u00e1 la producci\u00f3n de bater\u00edas en Francia con el apoyo de EIT InnoEnergy, Schneider Electric y GROUPE IDEC. La nueva compa\u00f1\u00eda intensificar\u00e1 la producci\u00f3n de bater\u00edas bajas en carbono en el sur de Europa para satisfacer la creciente demanda de veh\u00edculos el\u00e9ctricos y almacenamiento estacionario.<\/p>\n\n\n<div class=\"wp-block-cg-blocks-cg-block-related-content\"><section class=\"relatedContentBlock\"><div class=\"container\"><div class=\"row\"><div class=\"content-title col-12 col-md-8\"><h2 class=\"related-content-heading\">Related News<\/h2><\/div><\/div><div class=\"row relatedContent\"><div class=\"col-lg-4 col-md-6 col-xs-12\">\n\t\t\t\t\t\t\t<div class=\"box\">\n\t\t\t\t\t\t\t\t<a aria-label=\"Saber m\u00e1s sobre Capgemini gana dos proyectos del CTTI de la Generalitat de Catalunya para impulsar su digitalizaci\u00f3n y explorar casos de uso innovadores de metaverso e IA\" href=\"https:\/\/www.capgemini.com\/es-es\/noticias\/notas-de-prensa\/capgemini-gana-dos-proyectos-del-ctti-de-la-generalitat-de-catalunya-para-impulsar-su-digitalizacion-y-explorar-casos-de-uso-innovadores-de-metaverso-e-ia\/\" class=\"anchorWrapper\">\n\t\t\t\t\t\t\t\t\t<span class=\"box-tag\"><span>Contract Win\/ Clients<\/span><\/span>\n\t\t\t\t\t\t\t\t\t<div class=\"box-title\"><h3 class=\"box-subtitle\">Capgemini gana dos proyectos del CTTI de la Generalitat de Catalunya para impulsar su digitalizaci\u00f3n y explorar casos de uso innovadores de metaverso e IA<\/h3><\/div>\n\t\t\t\t\t\t\t\t\t<div class=\"box-date\">\n\t\t\t\t\t\t\t\t\t\t<span>May 31, 2023<\/span>\n\t\t\t\t\t\t\t\t\t<\/div>\n\t\t\t\t\t\t\t\t\t<div class=\"box-bottom\">\n\t\t\t\t\t\t\t\t\t\t&lt;a class=&quot;link-download&quot; href=&quot;https:\/\/www.capgemini.com\/es-es\/wp-content\/uploads\/sites\/16\/2024\/09\/NP_Capgemini-gana-dos-contratos-del-CTTI_VF.pdf&quot; aria-label=&quot;Download Press Release&quot; target=&quot;_blank&quot;  type=&quot;download&quot; title=&quot;Opens in a new window&quot;&gt;\n\t\t\t\t\t\t\t&lt;span&gt;Descargar nota de prensa&lt;\/span&gt;\n\t\t\t\t\t\t\t&lt;span&gt;108 KB PDF&lt;\/span&gt;\n\t\t\t\t\t\t&lt;\/a&gt;\n\t\t\t\t\t\t\t\t\t\t<a class=\"more\" aria-label=\"Saber m\u00e1s sobre Capgemini gana dos proyectos del CTTI de la Generalitat de Catalunya para impulsar su digitalizaci\u00f3n y explorar casos de uso innovadores de metaverso e IA\" href=\"https:\/\/www.capgemini.com\/es-es\/noticias\/notas-de-prensa\/capgemini-gana-dos-proyectos-del-ctti-de-la-generalitat-de-catalunya-para-impulsar-su-digitalizacion-y-explorar-casos-de-uso-innovadores-de-metaverso-e-ia\/\">Saber m\u00e1s sobre<\/a>\n\t\t\t\t\t\t\t\t\t<\/div>\n\t\t\t\t\t\t\t\t<\/a>\n\t\t\t\t\t\t\t<\/div>\n\t\t\t\t\t\t<\/div><div class=\"col-lg-4 col-md-6 col-xs-12\">\n\t\t\t\t\t\t\t<div class=\"box\">\n\t\t\t\t\t\t\t\t<a aria-label=\"Saber m\u00e1s sobre El proyecto MAES en Espa\u00f1a: un consorcio liderado por Capgemini \u00a0para incrementar la eficiencia energ\u00e9tica y la seguridad en el sector ferroviario y de transporte vertical\" href=\"https:\/\/www.capgemini.com\/es-es\/noticias\/notas-de-prensa\/el-proyecto-maes-en-espana-un-consorcio-liderado-por-capgemini-para-incrementar-la-eficiencia-energetica-y-la-seguridad-en-el-sector-ferroviario-y-de-transporte-vertical\/\" class=\"anchorWrapper\">\n\t\t\t\t\t\t\t\t\t<span class=\"box-tag\"><span>Contract Win\/ Clients<\/span><\/span>\n\t\t\t\t\t\t\t\t\t<div class=\"box-title\"><h3 class=\"box-subtitle\">El proyecto MAES en Espa\u00f1a: un consorcio liderado por Capgemini \u00a0para incrementar la eficiencia energ\u00e9tica y la seguridad en el sector ferroviario y de transporte vertical<\/h3><\/div>\n\t\t\t\t\t\t\t\t\t<div class=\"box-date\">\n\t\t\t\t\t\t\t\t\t\t<span>Mar 29, 2023<\/span>\n\t\t\t\t\t\t\t\t\t<\/div>\n\t\t\t\t\t\t\t\t\t<div class=\"box-bottom\">\n\t\t\t\t\t\t\t\t\t\t&lt;a class=&quot;link-download&quot; href=&quot;https:\/\/www.capgemini.com\/es-es\/wp-content\/uploads\/sites\/16\/2024\/09\/Proyecto-MAES-en-Espana.pdf&quot; aria-label=&quot;Download Press Release&quot; target=&quot;_blank&quot;  type=&quot;download&quot; title=&quot;Opens in a new window&quot;&gt;\n\t\t\t\t\t\t\t&lt;span&gt;Descargar nota de prensa&lt;\/span&gt;\n\t\t\t\t\t\t\t&lt;span&gt;130 KB PDF&lt;\/span&gt;\n\t\t\t\t\t\t&lt;\/a&gt;\n\t\t\t\t\t\t\t\t\t\t<a class=\"more\" aria-label=\"Saber m\u00e1s sobre El proyecto MAES en Espa\u00f1a: un consorcio liderado por Capgemini \u00a0para incrementar la eficiencia energ\u00e9tica y la seguridad en el sector ferroviario y de transporte vertical\" href=\"https:\/\/www.capgemini.com\/es-es\/noticias\/notas-de-prensa\/el-proyecto-maes-en-espana-un-consorcio-liderado-por-capgemini-para-incrementar-la-eficiencia-energetica-y-la-seguridad-en-el-sector-ferroviario-y-de-transporte-vertical\/\">Saber m\u00e1s sobre<\/a>\n\t\t\t\t\t\t\t\t\t<\/div>\n\t\t\t\t\t\t\t\t<\/a>\n\t\t\t\t\t\t\t<\/div>\n\t\t\t\t\t\t<\/div><div class=\"col-lg-4 col-md-6 col-xs-12\">\n\t\t\t\t\t\t\t<div class=\"box\">\n\t\t\t\t\t\t\t\t<a aria-label=\"Saber m\u00e1s sobre Wallbox renueva con Capgemini en Espa\u00f1a para mejorar la experiencia de usuario final de su plataforma digital\" href=\"https:\/\/www.capgemini.com\/es-es\/noticias\/notas-de-prensa\/wallbox-renueva-con-capgemini-en-espana-para-mejorar-la-experiencia-de-usuario-final-de-su-plataforma-digital\/\" class=\"anchorWrapper\">\n\t\t\t\t\t\t\t\t\t<span class=\"box-tag\"><span>Contract Win\/ Clients<\/span><\/span>\n\t\t\t\t\t\t\t\t\t<div class=\"box-title\"><h3 class=\"box-subtitle\">Wallbox renueva con Capgemini en Espa\u00f1a para mejorar la experiencia de usuario final de su plataforma digital<\/h3><\/div>\n\t\t\t\t\t\t\t\t\t<div class=\"box-date\">\n\t\t\t\t\t\t\t\t\t\t<span>Feb 21, 2023<\/span>\n\t\t\t\t\t\t\t\t\t<\/div>\n\t\t\t\t\t\t\t\t\t<div class=\"box-bottom\">\n\t\t\t\t\t\t\t\t\t\t&lt;a class=&quot;link-download&quot; href=&quot;https:\/\/www.capgemini.com\/es-es\/wp-content\/uploads\/sites\/16\/2024\/09\/NP-Wallbox-renueva-con-Capgemini-en-Espana-para-mejorar-la-experiencia-de-usuario-final-de-su-plataforma-digital_VF-1.pdf&quot; aria-label=&quot;Download Press Release&quot; target=&quot;_blank&quot;  type=&quot;download&quot; title=&quot;Opens in a new window&quot;&gt;\n\t\t\t\t\t\t\t&lt;span&gt;Descargar nota de prensa&lt;\/span&gt;\n\t\t\t\t\t\t\t&lt;span&gt;109 KB PDF&lt;\/span&gt;\n\t\t\t\t\t\t&lt;\/a&gt;\n\t\t\t\t\t\t\t\t\t\t<a class=\"more\" aria-label=\"Saber m\u00e1s sobre Wallbox renueva con Capgemini en Espa\u00f1a para mejorar la experiencia de usuario final de su plataforma digital\" href=\"https:\/\/www.capgemini.com\/es-es\/noticias\/notas-de-prensa\/wallbox-renueva-con-capgemini-en-espana-para-mejorar-la-experiencia-de-usuario-final-de-su-plataforma-digital\/\">Saber m\u00e1s sobre<\/a>\n\t\t\t\t\t\t\t\t\t<\/div>\n\t\t\t\t\t\t\t\t<\/a>\n\t\t\t\t\t\t\t<\/div>\n\t\t\t\t\t\t<\/div><\/div><\/div><\/section><\/div><\/div><\/div><\/div><\/div><\/div><\/section>\n","protected":false},"excerpt":{"rendered":"","protected":false},"author":336,"featured_media":0,"template":"","meta":{"cg_dt_proposed_to":[],"cg_seo_hreflang_relations":"[]","cg_seo_canonical_relation":"","cg_seo_hreflang_x_default_relation":"","cg_dt_approved_content":true,"cg_dt_mandatory_content":false,"cg_dt_notes":"","cg_dg_source_changed":false,"cg_dt_link_disabled":false,"footnotes":"","related_resource_url":"https:\/\/www.capgemini.com\/es-es\/wp-content\/uploads\/sites\/16\/2022\/12\/NP_Verkor-venture.pdf","related_resource_id":531862,"related_resource_size":"84 KB","related_resource_type":"pdf","cg_author":0,"featured_focal_points":""},"tags":[],"press-release-type":[37],"brand":[30],"class_list":["post-531861","press-release","type-press-release","status-publish","hentry","press-release-type-contract-win-clients","brand-capgemini"],"yoast_head":"<!-- This site is optimized with the Yoast SEO Premium plugin v22.8 (Yoast SEO v22.8) - https:\/\/yoast.com\/wordpress\/plugins\/seo\/ -->\n<title>Capgemini a\u00fana fuerzas con Verkor para reforzar la cadena de valor europea de las bater\u00edas bajas en carbono - Capgemini Spain<\/title>\n<meta name=\"robots\" content=\"index, follow, max-snippet:-1, max-image-preview:large, max-video-preview:-1\" \/>\n<link rel=\"canonical\" href=\"https:\/\/www.capgemini.com\/es-es\/noticias\/notas-de-prensa\/capgemini-auna-fuerzas-con-verkor-para-reforzar-la-cadena-de-valor-europea-de-las-baterias-bajas-en-carbono\/\" \/>\n<meta property=\"og:locale\" content=\"es_ES\" \/>\n<meta property=\"og:type\" content=\"article\" \/>\n<meta property=\"og:title\" content=\"Capgemini a\u00fana fuerzas con Verkor para reforzar la cadena de valor europea de las bater\u00edas bajas en carbono\" \/>\n<meta property=\"og:url\" content=\"https:\/\/www.capgemini.com\/es-es\/noticias\/notas-de-prensa\/capgemini-auna-fuerzas-con-verkor-para-reforzar-la-cadena-de-valor-europea-de-las-baterias-bajas-en-carbono\/\" \/>\n<meta property=\"og:site_name\" content=\"Capgemini Spain\" \/>\n<meta property=\"article:modified_time\" content=\"2025-03-12T08:44:46+00:00\" \/>\n<meta property=\"og:image\" content=\"https:\/\/www.capgemini.com\/es-es\/wp-content\/uploads\/sites\/16\/2025\/10\/New-Web-preview-global.jpg\" \/>\n\t<meta property=\"og:image:width\" content=\"1200\" \/>\n\t<meta property=\"og:image:height\" content=\"627\" \/>\n\t<meta property=\"og:image:type\" content=\"image\/jpeg\" \/>\n<meta name=\"twitter:card\" content=\"summary_large_image\" \/>\n<script type=\"application\/ld+json\" class=\"yoast-schema-graph\">{\"@context\":\"https:\/\/schema.org\",\"@graph\":[{\"@type\":\"WebPage\",\"@id\":\"https:\/\/www.capgemini.com\/es-es\/noticias\/notas-de-prensa\/capgemini-auna-fuerzas-con-verkor-para-reforzar-la-cadena-de-valor-europea-de-las-baterias-bajas-en-carbono\/\",\"url\":\"https:\/\/www.capgemini.com\/es-es\/noticias\/notas-de-prensa\/capgemini-auna-fuerzas-con-verkor-para-reforzar-la-cadena-de-valor-europea-de-las-baterias-bajas-en-carbono\/\",\"name\":\"Capgemini a\u00fana fuerzas con Verkor para reforzar la cadena de valor europea de las bater\u00edas bajas en carbono - Capgemini Spain\",\"isPartOf\":{\"@id\":\"https:\/\/www.capgemini.com\/es-es\/#website\"},\"datePublished\":\"2021-02-04T12:42:00+00:00\",\"dateModified\":\"2025-03-12T08:44:46+00:00\",\"breadcrumb\":{\"@id\":\"https:\/\/www.capgemini.com\/es-es\/noticias\/notas-de-prensa\/capgemini-auna-fuerzas-con-verkor-para-reforzar-la-cadena-de-valor-europea-de-las-baterias-bajas-en-carbono\/#breadcrumb\"},\"inLanguage\":\"es-ES\",\"potentialAction\":[{\"@type\":\"ReadAction\",\"target\":[\"https:\/\/www.capgemini.com\/es-es\/noticias\/notas-de-prensa\/capgemini-auna-fuerzas-con-verkor-para-reforzar-la-cadena-de-valor-europea-de-las-baterias-bajas-en-carbono\/\"]}]},{\"@type\":\"BreadcrumbList\",\"@id\":\"https:\/\/www.capgemini.com\/es-es\/noticias\/notas-de-prensa\/capgemini-auna-fuerzas-con-verkor-para-reforzar-la-cadena-de-valor-europea-de-las-baterias-bajas-en-carbono\/#breadcrumb\",\"itemListElement\":[{\"@type\":\"ListItem\",\"position\":1,\"name\":\"Home\",\"item\":\"https:\/\/www.capgemini.com\/es-es\/\"},{\"@type\":\"ListItem\",\"position\":2,\"name\":\"Press Releases\",\"item\":\"https:\/\/www.capgemini.com\/es-es\/news\/\"},{\"@type\":\"ListItem\",\"position\":3,\"name\":\"Capgemini a\u00fana fuerzas con Verkor para reforzar la cadena de valor europea de las bater\u00edas bajas en carbono\"}]},{\"@type\":\"WebSite\",\"@id\":\"https:\/\/www.capgemini.com\/es-es\/#website\",\"url\":\"https:\/\/www.capgemini.com\/es-es\/\",\"name\":\"Capgemini Espa\u00f1a\",\"description\":\"Capgemini\",\"potentialAction\":[{\"@type\":\"SearchAction\",\"target\":{\"@type\":\"EntryPoint\",\"urlTemplate\":\"https:\/\/www.capgemini.com\/es-es\/?s={search_term_string}\"},\"query-input\":\"required name=search_term_string\"}],\"inLanguage\":\"es-ES\"}]}<\/script>\n<!-- \/ Yoast SEO Premium plugin. -->","yoast_head_json":{"title":"Capgemini a\u00fana fuerzas con Verkor para reforzar la cadena de valor europea de las bater\u00edas bajas en carbono - Capgemini Spain","robots":{"index":"index","follow":"follow","max-snippet":"max-snippet:-1","max-image-preview":"max-image-preview:large","max-video-preview":"max-video-preview:-1"},"canonical":"https:\/\/www.capgemini.com\/es-es\/noticias\/notas-de-prensa\/capgemini-auna-fuerzas-con-verkor-para-reforzar-la-cadena-de-valor-europea-de-las-baterias-bajas-en-carbono\/","og_locale":"es_ES","og_type":"article","og_title":"Capgemini a\u00fana fuerzas con Verkor para reforzar la cadena de valor europea de las bater\u00edas bajas en carbono","og_url":"https:\/\/www.capgemini.com\/es-es\/noticias\/notas-de-prensa\/capgemini-auna-fuerzas-con-verkor-para-reforzar-la-cadena-de-valor-europea-de-las-baterias-bajas-en-carbono\/","og_site_name":"Capgemini Spain","article_modified_time":"2025-03-12T08:44:46+00:00","og_image":[{"width":1200,"height":627,"url":"https:\/\/www.capgemini.com\/es-es\/wp-content\/uploads\/sites\/16\/2025\/10\/New-Web-preview-global.jpg","type":"image\/jpeg"}],"twitter_card":"summary_large_image","schema":{"@context":"https:\/\/schema.org","@graph":[{"@type":"WebPage","@id":"https:\/\/www.capgemini.com\/es-es\/noticias\/notas-de-prensa\/capgemini-auna-fuerzas-con-verkor-para-reforzar-la-cadena-de-valor-europea-de-las-baterias-bajas-en-carbono\/","url":"https:\/\/www.capgemini.com\/es-es\/noticias\/notas-de-prensa\/capgemini-auna-fuerzas-con-verkor-para-reforzar-la-cadena-de-valor-europea-de-las-baterias-bajas-en-carbono\/","name":"Capgemini a\u00fana fuerzas con Verkor para reforzar la cadena de valor europea de las bater\u00edas bajas en carbono - Capgemini Spain","isPartOf":{"@id":"https:\/\/www.capgemini.com\/es-es\/#website"},"datePublished":"2021-02-04T12:42:00+00:00","dateModified":"2025-03-12T08:44:46+00:00","breadcrumb":{"@id":"https:\/\/www.capgemini.com\/es-es\/noticias\/notas-de-prensa\/capgemini-auna-fuerzas-con-verkor-para-reforzar-la-cadena-de-valor-europea-de-las-baterias-bajas-en-carbono\/#breadcrumb"},"inLanguage":"es-ES","potentialAction":[{"@type":"ReadAction","target":["https:\/\/www.capgemini.com\/es-es\/noticias\/notas-de-prensa\/capgemini-auna-fuerzas-con-verkor-para-reforzar-la-cadena-de-valor-europea-de-las-baterias-bajas-en-carbono\/"]}]},{"@type":"BreadcrumbList","@id":"https:\/\/www.capgemini.com\/es-es\/noticias\/notas-de-prensa\/capgemini-auna-fuerzas-con-verkor-para-reforzar-la-cadena-de-valor-europea-de-las-baterias-bajas-en-carbono\/#breadcrumb","itemListElement":[{"@type":"ListItem","position":1,"name":"Home","item":"https:\/\/www.capgemini.com\/es-es\/"},{"@type":"ListItem","position":2,"name":"Press Releases","item":"https:\/\/www.capgemini.com\/es-es\/news\/"},{"@type":"ListItem","position":3,"name":"Capgemini a\u00fana fuerzas con Verkor para reforzar la cadena de valor europea de las bater\u00edas bajas en carbono"}]},{"@type":"WebSite","@id":"https:\/\/www.capgemini.com\/es-es\/#website","url":"https:\/\/www.capgemini.com\/es-es\/","name":"Capgemini Espa\u00f1a","description":"Capgemini","potentialAction":[{"@type":"SearchAction","target":{"@type":"EntryPoint","urlTemplate":"https:\/\/www.capgemini.com\/es-es\/?s={search_term_string}"},"query-input":"required name=search_term_string"}],"inLanguage":"es-ES"}]}},"parsely":{"version":"1.1.0","canonical_url":"https:\/\/capgemini.com\/es-es\/noticias\/notas-de-prensa\/capgemini-auna-fuerzas-con-verkor-para-reforzar-la-cadena-de-valor-europea-de-las-baterias-bajas-en-carbono\/","smart_links":{"inbound":0,"outbound":0},"traffic_boost_suggestions_count":0,"meta":{"@context":"https:\/\/schema.org","@type":"NewsArticle","headline":"Capgemini a\u00fana fuerzas con Verkor para reforzar la cadena de valor europea de las bater\u00edas bajas en carbono","url":"https:\/\/www.capgemini.com\/es-es\/noticias\/notas-de-prensa\/capgemini-auna-fuerzas-con-verkor-para-reforzar-la-cadena-de-valor-europea-de-las-baterias-bajas-en-carbono\/","mainEntityOfPage":{"@type":"WebPage","@id":"https:\/\/www.capgemini.com\/es-es\/noticias\/notas-de-prensa\/capgemini-auna-fuerzas-con-verkor-para-reforzar-la-cadena-de-valor-europea-de-las-baterias-bajas-en-carbono\/"},"thumbnailUrl":"","image":{"@type":"ImageObject","url":""},"articleSection":"Uncategorized","author":[],"creator":[],"publisher":{"@type":"Organization","name":"Capgemini Spain","logo":""},"keywords":[],"dateCreated":"2021-02-04T12:42:00Z","datePublished":"2021-02-04T12:42:00Z","dateModified":"2025-03-12T08:44:46Z"},"rendered":"<meta name=\"parsely-title\" content=\"Capgemini a\u00fana fuerzas con Verkor para reforzar la cadena de valor europea de las bater\u00edas bajas en carbono\" \/>\n<meta name=\"parsely-link\" content=\"https:\/\/www.capgemini.com\/es-es\/noticias\/notas-de-prensa\/capgemini-auna-fuerzas-con-verkor-para-reforzar-la-cadena-de-valor-europea-de-las-baterias-bajas-en-carbono\/\" \/>\n<meta name=\"parsely-type\" content=\"post\" \/>\n<meta name=\"parsely-pub-date\" content=\"2021-02-04T12:42:00Z\" \/>\n<meta name=\"parsely-section\" content=\"Uncategorized\" \/>","tracker_url":"https:\/\/cdn.parsely.com\/keys\/capgemini.com\/p.js"},"archive_status":false,"featured_image_src":"https:\/\/www.capgemini.com\/es-es\/wp-content\/themes\/capgemini2025\/assets\/images\/mockup.png","featured_image_alt":false,"jetpack_sharing_enabled":true,"distributor_meta":false,"distributor_terms":false,"distributor_media":false,"distributor_original_site_name":"Capgemini Spain","distributor_original_site_url":"https:\/\/www.capgemini.com\/es-es","push-errors":false,"tag_names":[],"_links":{"self":[{"href":"https:\/\/www.capgemini.com\/es-es\/wp-json\/wp\/v2\/press-release\/531861","targetHints":{"allow":["GET"]}}],"collection":[{"href":"https:\/\/www.capgemini.com\/es-es\/wp-json\/wp\/v2\/press-release"}],"about":[{"href":"https:\/\/www.capgemini.com\/es-es\/wp-json\/wp\/v2\/types\/press-release"}],"author":[{"embeddable":true,"href":"https:\/\/www.capgemini.com\/es-es\/wp-json\/wp\/v2\/users\/336"}],"version-history":[{"count":2,"href":"https:\/\/www.capgemini.com\/es-es\/wp-json\/wp\/v2\/press-release\/531861\/revisions"}],"predecessor-version":[{"id":568521,"href":"https:\/\/www.capgemini.com\/es-es\/wp-json\/wp\/v2\/press-release\/531861\/revisions\/568521"}],"wp:attachment":[{"href":"https:\/\/www.capgemini.com\/es-es\/wp-json\/wp\/v2\/media?parent=531861"}],"wp:term":[{"taxonomy":"post_tag","embeddable":true,"href":"https:\/\/www.capgemini.com\/es-es\/wp-json\/wp\/v2\/tags?post=531861"},{"taxonomy":"press-release-type","embeddable":true,"href":"https:\/\/www.capgemini.com\/es-es\/wp-json\/wp\/v2\/press-release-type?post=531861"},{"taxonomy":"brand","embeddable":true,"href":"https:\/\/www.capgemini.com\/es-es\/wp-json\/wp\/v2\/brand?post=531861"}],"curies":[{"name":"wp","href":"https:\/\/api.w.org\/{rel}","templated":true}]}}